{"id":185810,"date":"2021-12-15T08:00:22","date_gmt":"2021-12-15T07:00:22","guid":{"rendered":"https:\/\/dicodusport.fr\/blog\/?p=185810"},"modified":"2021-12-15T07:46:27","modified_gmt":"2021-12-15T06:46:27","slug":"15-decembre-2019-alexis-pinturault-met-fin-a-cinq-ans-dattente-en-slalom","status":"publish","type":"post","link":"https:\/\/dicodusport.fr\/blog\/15-decembre-2019-alexis-pinturault-met-fin-a-cinq-ans-dattente-en-slalom\/","title":{"rendered":"15 d\u00e9cembre 2019 : Alexis Pinturault met fin \u00e0 cinq ans d\u2019attente en slalom"},"content":{"rendered":"<p style=\"text-align: justify;\"><em><strong><a href=\"https:\/\/dicodusport.fr\/definition-sport\/ski-alpin\/\">SKI ALPIN<\/a> &#8211; Les victoires en Coupe du monde, Alexis Pinturault conna\u00eet bien. Apr\u00e8s tout, il en a d\u00e9j\u00e0 24 \u00e0 son actif. Seulement voil\u00e0, en slalom, cela fait un bon moment que le Savoyard ne s\u2019est pas impos\u00e9. Trop longtemps.<\/strong><\/em><\/p>\n<h2 style=\"text-align: justify;\">\u00c7a s&rsquo;est pass\u00e9 le 15 d\u00e9cembre 2019<\/h2>\n<p style=\"text-align: justify;\">C\u2019est enfin le moment de mettre un terme \u00e0 cette longue attente pour <strong>Alexis Pinturault<\/strong>. Apr\u00e8s cinq ann\u00e9es sans victoire sur un slalom -le dernier remontant \u00e0 Wengen en 2014- le Savoyard est finalement mont\u00e9 sur la premi\u00e8re marche du podium dans cette discipline. En t\u00eate apr\u00e8s la premi\u00e8re manche avec une avance cons\u00e9quente de 0.88 sur son plus proche poursuivant, il suffisait presque au Fran\u00e7ais de \u00ab juste \u00bb franchir l\u2019arriv\u00e9e. Oui, \u00e9videmment, il est arriv\u00e9 en bas, mais de plus, il a augment\u00e9 l\u2019\u00e9cart le s\u00e9parant d\u2019<strong>Andr\u00e9 Myhrer<\/strong> \u00e0 1.44. Il peut savourer, surtout qu\u2019il remporte ce slalom \u00e0 domicile, ce dernier ayant lieu \u00e0 Val d\u2019Is\u00e8re. Sur ses 25 succ\u00e8s en Coupe du monde, c\u2019est son troisi\u00e8me en slalom, le second sur cette m\u00eame piste.<\/p>\n<p><span class=\"zabxoEYsZSeqwvFu3Pl7DgB6cXhRJiCAKrm29IG4WT580tHnyjkMQNd\"><iframe loading=\"lazy\" title=\"Alexis Pinturault | Val d&#039;Is\u00e8re | Men&#039;s Slalom | FIS Alpine\" width=\"740\" height=\"416\" src=\"https:\/\/www.youtube.com\/embed\/lWoNwA3gMm8?feature=oembed\" frameborder=\"0\" allow=\"accelerometer; autoplay; clipboard-write; encrypted-media; gyroscope; picture-in-picture; web-share\" allowfullscreen><\/iframe><\/span><\/p>\n<p style=\"text-align: justify;\"><strong>Info\u00a0<\/strong>: Avec cette victoire, <strong>Alexis Pinturault<\/strong> \u00e9tait provisoirement en t\u00eate du classement g\u00e9n\u00e9ral. Le skieur de Courchevel ne voulait pas s\u2019enflammer et il avait malheureusement raison, la fin de saison et les annulations ayant eu raison de lui pour le gros globe. Prenant alors la seconde place, il allait se rattraper <a href=\"https:\/\/dicodusport.fr\/blog\/slalom-geant-lenzerheide-alexis-punturault-s-impose-et-s-adjuge-le-gros-globe\/\">l\u2019ann\u00e9e suivante<\/a>.<\/p>\n","protected":false},"excerpt":{"rendered":"<p>Le 15 d\u00e9cembre 2019, Alexis Pinturault s&rsquo;imposait sur le slalom de Val d&rsquo;Is\u00e8re, cinq ans apr\u00e8s sa derni\u00e8re victoire dans cette discipline.<\/p>\n","protected":false},"author":18,"featured_media":185831,"comment_status":"open","ping_status":"closed","sticky":false,"template":"","format":"standard","meta":{"_acf_changed":false,"_daextam_enable_autolinks":"","footnotes":""},"categories":[8,9217],"tags":[2806,8481,2233,3007,9368],"class_list":["post-185810","post","type-post","status-publish","format-standard","has-post-thumbnail","hentry","category-histoire","category-ski","tag-alexis-pinturault","tag-histoire","tag-ski-alpin","tag-slalom","tag-val-disere"],"acf":[],"yoast_head":"<!-- This site is optimized with the Yoast SEO Premium plugin v26.7 (Yoast SEO v26.7) - https:\/\/yoast.com\/wordpress\/plugins\/seo\/ -->\n<title>15 d\u00e9cembre 2019 : Alexis Pinturault met fin \u00e0 cinq ans d\u2019attente en slalom<\/title>\n<meta name=\"description\" content=\"Le 15 d\u00e9cembre 2019, Alexis Pinturault s&#039;imposait sur le slalom de Val d&#039;Is\u00e8re, cinq ans apr\u00e8s sa derni\u00e8re victoire dans cette discipline.\" \/>\n<meta name=\"robots\" content=\"index, follow, max-snippet:-1, max-image-preview:large, max-video-preview:-1\" \/>\n<link rel=\"canonical\" href=\"https:\/\/dicodusport.fr\/blog\/15-decembre-2019-alexis-pinturault-met-fin-a-cinq-ans-dattente-en-slalom\/\" \/>\n<meta property=\"og:locale\" content=\"fr_FR\" \/>\n<meta property=\"og:type\" content=\"article\" \/>\n<meta property=\"og:title\" content=\"15 d\u00e9cembre 2019 : Alexis Pinturault met fin \u00e0 cinq ans d\u2019attente en slalom\" \/>\n<meta property=\"og:description\" content=\"Le 15 d\u00e9cembre 2019, Alexis Pinturault s&#039;imposait sur le slalom de Val d&#039;Is\u00e8re, cinq ans apr\u00e8s sa derni\u00e8re victoire dans cette discipline.\" \/>\n<meta property=\"og:url\" content=\"https:\/\/dicodusport.fr\/blog\/15-decembre-2019-alexis-pinturault-met-fin-a-cinq-ans-dattente-en-slalom\/\" \/>\n<meta property=\"og:site_name\" content=\"Dicodusport\" \/>\n<meta property=\"article:publisher\" content=\"https:\/\/www.facebook.com\/dicodusport\" \/>\n<meta property=\"article:author\" content=\"https:\/\/www.facebook.com\/soocube\" \/>\n<meta property=\"article:published_time\" content=\"2021-12-15T07:00:22+00:00\" \/>\n<meta property=\"og:image\" content=\"https:\/\/dicodusport.fr\/blog\/wp-content\/uploads\/2021\/12\/15-decembre-2019-Alexis-Pinturault-met-fin-a-cinq-ans-dattente-en-slalom.png\" \/>\n\t<meta property=\"og:image:width\" content=\"800\" \/>\n\t<meta property=\"og:image:height\" content=\"445\" \/>\n\t<meta property=\"og:image:type\" content=\"image\/png\" \/>\n<meta name=\"author\" content=\"Sophie Clapier\" \/>\n<meta name=\"twitter:card\" content=\"summary_large_image\" \/>\n<meta name=\"twitter:title\" content=\"15 d\u00e9cembre 2019 : Alexis Pinturault met fin \u00e0 cinq ans d\u2019attente en slalom\" \/>\n<meta name=\"twitter:creator\" content=\"@https:\/\/twitter.com\/soocube\" \/>\n<meta name=\"twitter:site\" content=\"@dicodusport\" \/>\n<script type=\"application\/ld+json\" class=\"yoast-schema-graph\">{\"@context\":\"https:\/\/schema.org\",\"@graph\":[{\"@type\":\"NewsArticle\",\"@id\":\"https:\/\/dicodusport.fr\/blog\/15-decembre-2019-alexis-pinturault-met-fin-a-cinq-ans-dattente-en-slalom\/#article\",\"isPartOf\":{\"@id\":\"https:\/\/dicodusport.fr\/blog\/15-decembre-2019-alexis-pinturault-met-fin-a-cinq-ans-dattente-en-slalom\/\"},\"author\":{\"name\":\"Sophie Clapier\",\"@id\":\"https:\/\/dicodusport.fr\/blog\/#\/schema\/person\/416c975648aca9da8839bdfe333a21c9\"},\"headline\":\"15 d\u00e9cembre 2019 : Alexis Pinturault met fin \u00e0 cinq ans d\u2019attente en slalom\",\"datePublished\":\"2021-12-15T07:00:22+00:00\",\"mainEntityOfPage\":{\"@id\":\"https:\/\/dicodusport.fr\/blog\/15-decembre-2019-alexis-pinturault-met-fin-a-cinq-ans-dattente-en-slalom\/\"},\"wordCount\":268,\"commentCount\":0,\"publisher\":{\"@id\":\"https:\/\/dicodusport.fr\/blog\/#organization\"},\"image\":{\"@id\":\"https:\/\/dicodusport.fr\/blog\/15-decembre-2019-alexis-pinturault-met-fin-a-cinq-ans-dattente-en-slalom\/#primaryimage\"},\"thumbnailUrl\":\"https:\/\/dicodusport.fr\/blog\/wp-content\/uploads\/2021\/12\/15-decembre-2019-Alexis-Pinturault-met-fin-a-cinq-ans-dattente-en-slalom.png\",\"keywords\":[\"Alexis Pinturault\",\"histoire\",\"Ski alpin\",\"slalom\",\"Val d'Is\u00e8re\"],\"articleSection\":[\"Histoire\",\"Ski\"],\"inLanguage\":\"fr-FR\",\"potentialAction\":[{\"@type\":\"CommentAction\",\"name\":\"Comment\",\"target\":[\"https:\/\/dicodusport.fr\/blog\/15-decembre-2019-alexis-pinturault-met-fin-a-cinq-ans-dattente-en-slalom\/#respond\"]}],\"copyrightYear\":\"2021\",\"copyrightHolder\":{\"@id\":\"https:\/\/dicodusport.fr\/blog\/#organization\"}},{\"@type\":\"WebPage\",\"@id\":\"https:\/\/dicodusport.fr\/blog\/15-decembre-2019-alexis-pinturault-met-fin-a-cinq-ans-dattente-en-slalom\/\",\"url\":\"https:\/\/dicodusport.fr\/blog\/15-decembre-2019-alexis-pinturault-met-fin-a-cinq-ans-dattente-en-slalom\/\",\"name\":\"15 d\u00e9cembre 2019 : Alexis Pinturault met fin \u00e0 cinq ans d\u2019attente en slalom\",\"isPartOf\":{\"@id\":\"https:\/\/dicodusport.fr\/blog\/#website\"},\"primaryImageOfPage\":{\"@id\":\"https:\/\/dicodusport.fr\/blog\/15-decembre-2019-alexis-pinturault-met-fin-a-cinq-ans-dattente-en-slalom\/#primaryimage\"},\"image\":{\"@id\":\"https:\/\/dicodusport.fr\/blog\/15-decembre-2019-alexis-pinturault-met-fin-a-cinq-ans-dattente-en-slalom\/#primaryimage\"},\"thumbnailUrl\":\"https:\/\/dicodusport.fr\/blog\/wp-content\/uploads\/2021\/12\/15-decembre-2019-Alexis-Pinturault-met-fin-a-cinq-ans-dattente-en-slalom.png\",\"datePublished\":\"2021-12-15T07:00:22+00:00\",\"description\":\"Le 15 d\u00e9cembre 2019, Alexis Pinturault s'imposait sur le slalom de Val d'Is\u00e8re, cinq ans apr\u00e8s sa derni\u00e8re victoire dans cette discipline.\",\"breadcrumb\":{\"@id\":\"https:\/\/dicodusport.fr\/blog\/15-decembre-2019-alexis-pinturault-met-fin-a-cinq-ans-dattente-en-slalom\/#breadcrumb\"},\"inLanguage\":\"fr-FR\",\"potentialAction\":[{\"@type\":\"ReadAction\",\"target\":[\"https:\/\/dicodusport.fr\/blog\/15-decembre-2019-alexis-pinturault-met-fin-a-cinq-ans-dattente-en-slalom\/\"]}]},{\"@type\":\"ImageObject\",\"inLanguage\":\"fr-FR\",\"@id\":\"https:\/\/dicodusport.fr\/blog\/15-decembre-2019-alexis-pinturault-met-fin-a-cinq-ans-dattente-en-slalom\/#primaryimage\",\"url\":\"https:\/\/dicodusport.fr\/blog\/wp-content\/uploads\/2021\/12\/15-decembre-2019-Alexis-Pinturault-met-fin-a-cinq-ans-dattente-en-slalom.png\",\"contentUrl\":\"https:\/\/dicodusport.fr\/blog\/wp-content\/uploads\/2021\/12\/15-decembre-2019-Alexis-Pinturault-met-fin-a-cinq-ans-dattente-en-slalom.png\",\"width\":800,\"height\":445,\"caption\":\"15 d\u00e9cembre 2019 Alexis Pinturault met fin \u00e0 cinq ans d\u2019attente en slalom\"},{\"@type\":\"BreadcrumbList\",\"@id\":\"https:\/\/dicodusport.fr\/blog\/15-decembre-2019-alexis-pinturault-met-fin-a-cinq-ans-dattente-en-slalom\/#breadcrumb\",\"itemListElement\":[{\"@type\":\"ListItem\",\"position\":1,\"name\":\"Accueil\",\"item\":\"https:\/\/dicodusport.fr\/blog\/\"},{\"@type\":\"ListItem\",\"position\":2,\"name\":\"15 d\u00e9cembre 2019 : Alexis Pinturault met fin \u00e0 cinq ans d\u2019attente en slalom\"}]},{\"@type\":\"WebSite\",\"@id\":\"https:\/\/dicodusport.fr\/blog\/#website\",\"url\":\"https:\/\/dicodusport.fr\/blog\/\",\"name\":\"Dicodusport\",\"description\":\"L&#039;encyclop\u00e9die de l&#039;actualit\u00e9 sportive\",\"publisher\":{\"@id\":\"https:\/\/dicodusport.fr\/blog\/#organization\"},\"potentialAction\":[{\"@type\":\"SearchAction\",\"target\":{\"@type\":\"EntryPoint\",\"urlTemplate\":\"https:\/\/dicodusport.fr\/blog\/?s={search_term_string}\"},\"query-input\":{\"@type\":\"PropertyValueSpecification\",\"valueRequired\":true,\"valueName\":\"search_term_string\"}}],\"inLanguage\":\"fr-FR\"},{\"@type\":\"NewsMediaOrganization\",\"@id\":\"https:\/\/dicodusport.fr\/blog\/#organization\",\"name\":\"Dicodusport\",\"url\":\"https:\/\/dicodusport.fr\/blog\/\",\"logo\":{\"@type\":\"ImageObject\",\"inLanguage\":\"fr-FR\",\"@id\":\"https:\/\/dicodusport.fr\/blog\/#\/schema\/logo\/image\/\",\"url\":\"https:\/\/dicodusport.fr\/blog\/wp-content\/uploads\/2020\/06\/cropped-LOGO-DICODUSPORT-2020-SANS-FOND-SANS-TEXTE.png\",\"contentUrl\":\"https:\/\/dicodusport.fr\/blog\/wp-content\/uploads\/2020\/06\/cropped-LOGO-DICODUSPORT-2020-SANS-FOND-SANS-TEXTE.png\",\"width\":512,\"height\":512,\"caption\":\"Dicodusport\"},\"image\":{\"@id\":\"https:\/\/dicodusport.fr\/blog\/#\/schema\/logo\/image\/\"},\"sameAs\":[\"https:\/\/www.facebook.com\/dicodusport\",\"https:\/\/x.com\/dicodusport\",\"https:\/\/www.instagram.com\/dicodusport\/\",\"https:\/\/www.youtube.com\/channel\/UC7V2KZ5sd3htJivAbA4ZG3w\"],\"description\":\"Dicodusport est l'encyclop\u00e9die de l'actualit\u00e9 sportive.\",\"email\":\"bonjour@dicodusport.fr\",\"legalName\":\"DICODUSPORT\",\"foundingDate\":\"2018-01-14\",\"vatID\":\"FR71834470973\",\"taxID\":\"83447097300043\",\"numberOfEmployees\":{\"@type\":\"QuantitativeValue\",\"minValue\":\"1\",\"maxValue\":\"10\"}},{\"@type\":\"Person\",\"@id\":\"https:\/\/dicodusport.fr\/blog\/#\/schema\/person\/416c975648aca9da8839bdfe333a21c9\",\"name\":\"Sophie Clapier\",\"image\":{\"@type\":\"ImageObject\",\"inLanguage\":\"fr-FR\",\"@id\":\"https:\/\/dicodusport.fr\/blog\/#\/schema\/person\/image\/\",\"url\":\"https:\/\/dicodusport.fr\/blog\/wp-content\/uploads\/2021\/05\/Sophie-Clapier-150x150.jpg\",\"contentUrl\":\"https:\/\/dicodusport.fr\/blog\/wp-content\/uploads\/2021\/05\/Sophie-Clapier-150x150.jpg\",\"caption\":\"Sophie Clapier\"},\"description\":\"Journaliste\/r\u00e9dactrice depuis janvier 2016 - Passionn\u00e9e de sport depuis toujours, j\u2019en ai pratiqu\u00e9 quelques-uns. Judo, football, handball ou encore tennis, je n\u2019ai jamais pu me mettre d\u2019accord sur un en particulier. Mais \u00e7a, c\u2019\u00e9tait avant de d\u00e9couvrir le basket, devenu mon sport de pr\u00e9dilection. Les actions NBA, le All-Star Week-end, la fureur des Game 7 pendant les playoffs ou mieux, lors des Finals, this is why we play. Team Spurs T.P, je m\u2019accroche encore \u00e0 Gregg Popovich (don\u2019t leave !). Team chef Curry, je souhaite qu\u2019il finisse aux Warriors (staaaay !). Non, il n\u2019y a pas qu\u2019eux, des petits nouveaux -et des petites nouvelles \u00e9videmment- arrivent chaque jour dans toutes les disciplines et cr\u00e9ent de nouveaux exploits. Alors pour les grands \u00e9v\u00e9nements et comp\u00e9titions internationales, vive les pulsations 240\/minutes et le d\u00e9fibrillateur pas loin, et allez les Bleu(e)s ! C\u2019est s\u00fbr, j\u2019aurai plus vu ma vie sur un terrain de sport, mais \u00e0 d\u00e9faut d\u2019en faire en haut niveau, je le partage avec vous.\",\"sameAs\":[\"https:\/\/www.facebook.com\/soocube\",\"https:\/\/x.com\/https:\/\/twitter.com\/soocube\",\"admin\"],\"url\":\"https:\/\/dicodusport.fr\/blog\/author\/sophie\/\"}]}<\/script>\n<!-- \/ Yoast SEO Premium plugin. -->","yoast_head_json":{"title":"15 d\u00e9cembre 2019 : Alexis Pinturault met fin \u00e0 cinq ans d\u2019attente en slalom","description":"Le 15 d\u00e9cembre 2019, Alexis Pinturault s'imposait sur le slalom de Val d'Is\u00e8re, cinq ans apr\u00e8s sa derni\u00e8re victoire dans cette discipline.","robots":{"index":"index","follow":"follow","max-snippet":"max-snippet:-1","max-image-preview":"max-image-preview:large","max-video-preview":"max-video-preview:-1"},"canonical":"https:\/\/dicodusport.fr\/blog\/15-decembre-2019-alexis-pinturault-met-fin-a-cinq-ans-dattente-en-slalom\/","og_locale":"fr_FR","og_type":"article","og_title":"15 d\u00e9cembre 2019 : Alexis Pinturault met fin \u00e0 cinq ans d\u2019attente en slalom","og_description":"Le 15 d\u00e9cembre 2019, Alexis Pinturault s'imposait sur le slalom de Val d'Is\u00e8re, cinq ans apr\u00e8s sa derni\u00e8re victoire dans cette discipline.","og_url":"https:\/\/dicodusport.fr\/blog\/15-decembre-2019-alexis-pinturault-met-fin-a-cinq-ans-dattente-en-slalom\/","og_site_name":"Dicodusport","article_publisher":"https:\/\/www.facebook.com\/dicodusport","article_author":"https:\/\/www.facebook.com\/soocube","article_published_time":"2021-12-15T07:00:22+00:00","og_image":[{"width":800,"height":445,"url":"https:\/\/dicodusport.fr\/blog\/wp-content\/uploads\/2021\/12\/15-decembre-2019-Alexis-Pinturault-met-fin-a-cinq-ans-dattente-en-slalom.png","type":"image\/png"}],"author":"Sophie Clapier","twitter_card":"summary_large_image","twitter_title":"15 d\u00e9cembre 2019 : Alexis Pinturault met fin \u00e0 cinq ans d\u2019attente en slalom","twitter_creator":"@https:\/\/twitter.com\/soocube","twitter_site":"@dicodusport","schema":{"@context":"https:\/\/schema.org","@graph":[{"@type":"NewsArticle","@id":"https:\/\/dicodusport.fr\/blog\/15-decembre-2019-alexis-pinturault-met-fin-a-cinq-ans-dattente-en-slalom\/#article","isPartOf":{"@id":"https:\/\/dicodusport.fr\/blog\/15-decembre-2019-alexis-pinturault-met-fin-a-cinq-ans-dattente-en-slalom\/"},"author":{"name":"Sophie Clapier","@id":"https:\/\/dicodusport.fr\/blog\/#\/schema\/person\/416c975648aca9da8839bdfe333a21c9"},"headline":"15 d\u00e9cembre 2019 : Alexis Pinturault met fin \u00e0 cinq ans d\u2019attente en slalom","datePublished":"2021-12-15T07:00:22+00:00","mainEntityOfPage":{"@id":"https:\/\/dicodusport.fr\/blog\/15-decembre-2019-alexis-pinturault-met-fin-a-cinq-ans-dattente-en-slalom\/"},"wordCount":268,"commentCount":0,"publisher":{"@id":"https:\/\/dicodusport.fr\/blog\/#organization"},"image":{"@id":"https:\/\/dicodusport.fr\/blog\/15-decembre-2019-alexis-pinturault-met-fin-a-cinq-ans-dattente-en-slalom\/#primaryimage"},"thumbnailUrl":"https:\/\/dicodusport.fr\/blog\/wp-content\/uploads\/2021\/12\/15-decembre-2019-Alexis-Pinturault-met-fin-a-cinq-ans-dattente-en-slalom.png","keywords":["Alexis Pinturault","histoire","Ski alpin","slalom","Val d'Is\u00e8re"],"articleSection":["Histoire","Ski"],"inLanguage":"fr-FR","potentialAction":[{"@type":"CommentAction","name":"Comment","target":["https:\/\/dicodusport.fr\/blog\/15-decembre-2019-alexis-pinturault-met-fin-a-cinq-ans-dattente-en-slalom\/#respond"]}],"copyrightYear":"2021","copyrightHolder":{"@id":"https:\/\/dicodusport.fr\/blog\/#organization"}},{"@type":"WebPage","@id":"https:\/\/dicodusport.fr\/blog\/15-decembre-2019-alexis-pinturault-met-fin-a-cinq-ans-dattente-en-slalom\/","url":"https:\/\/dicodusport.fr\/blog\/15-decembre-2019-alexis-pinturault-met-fin-a-cinq-ans-dattente-en-slalom\/","name":"15 d\u00e9cembre 2019 : Alexis Pinturault met fin \u00e0 cinq ans d\u2019attente en slalom","isPartOf":{"@id":"https:\/\/dicodusport.fr\/blog\/#website"},"primaryImageOfPage":{"@id":"https:\/\/dicodusport.fr\/blog\/15-decembre-2019-alexis-pinturault-met-fin-a-cinq-ans-dattente-en-slalom\/#primaryimage"},"image":{"@id":"https:\/\/dicodusport.fr\/blog\/15-decembre-2019-alexis-pinturault-met-fin-a-cinq-ans-dattente-en-slalom\/#primaryimage"},"thumbnailUrl":"https:\/\/dicodusport.fr\/blog\/wp-content\/uploads\/2021\/12\/15-decembre-2019-Alexis-Pinturault-met-fin-a-cinq-ans-dattente-en-slalom.png","datePublished":"2021-12-15T07:00:22+00:00","description":"Le 15 d\u00e9cembre 2019, Alexis Pinturault s'imposait sur le slalom de Val d'Is\u00e8re, cinq ans apr\u00e8s sa derni\u00e8re victoire dans cette discipline.","breadcrumb":{"@id":"https:\/\/dicodusport.fr\/blog\/15-decembre-2019-alexis-pinturault-met-fin-a-cinq-ans-dattente-en-slalom\/#breadcrumb"},"inLanguage":"fr-FR","potentialAction":[{"@type":"ReadAction","target":["https:\/\/dicodusport.fr\/blog\/15-decembre-2019-alexis-pinturault-met-fin-a-cinq-ans-dattente-en-slalom\/"]}]},{"@type":"ImageObject","inLanguage":"fr-FR","@id":"https:\/\/dicodusport.fr\/blog\/15-decembre-2019-alexis-pinturault-met-fin-a-cinq-ans-dattente-en-slalom\/#primaryimage","url":"https:\/\/dicodusport.fr\/blog\/wp-content\/uploads\/2021\/12\/15-decembre-2019-Alexis-Pinturault-met-fin-a-cinq-ans-dattente-en-slalom.png","contentUrl":"https:\/\/dicodusport.fr\/blog\/wp-content\/uploads\/2021\/12\/15-decembre-2019-Alexis-Pinturault-met-fin-a-cinq-ans-dattente-en-slalom.png","width":800,"height":445,"caption":"15 d\u00e9cembre 2019 Alexis Pinturault met fin \u00e0 cinq ans d\u2019attente en slalom"},{"@type":"BreadcrumbList","@id":"https:\/\/dicodusport.fr\/blog\/15-decembre-2019-alexis-pinturault-met-fin-a-cinq-ans-dattente-en-slalom\/#breadcrumb","itemListElement":[{"@type":"ListItem","position":1,"name":"Accueil","item":"https:\/\/dicodusport.fr\/blog\/"},{"@type":"ListItem","position":2,"name":"15 d\u00e9cembre 2019 : Alexis Pinturault met fin \u00e0 cinq ans d\u2019attente en slalom"}]},{"@type":"WebSite","@id":"https:\/\/dicodusport.fr\/blog\/#website","url":"https:\/\/dicodusport.fr\/blog\/","name":"Dicodusport","description":"L&#039;encyclop\u00e9die de l&#039;actualit\u00e9 sportive","publisher":{"@id":"https:\/\/dicodusport.fr\/blog\/#organization"},"potentialAction":[{"@type":"SearchAction","target":{"@type":"EntryPoint","urlTemplate":"https:\/\/dicodusport.fr\/blog\/?s={search_term_string}"},"query-input":{"@type":"PropertyValueSpecification","valueRequired":true,"valueName":"search_term_string"}}],"inLanguage":"fr-FR"},{"@type":"NewsMediaOrganization","@id":"https:\/\/dicodusport.fr\/blog\/#organization","name":"Dicodusport","url":"https:\/\/dicodusport.fr\/blog\/","logo":{"@type":"ImageObject","inLanguage":"fr-FR","@id":"https:\/\/dicodusport.fr\/blog\/#\/schema\/logo\/image\/","url":"https:\/\/dicodusport.fr\/blog\/wp-content\/uploads\/2020\/06\/cropped-LOGO-DICODUSPORT-2020-SANS-FOND-SANS-TEXTE.png","contentUrl":"https:\/\/dicodusport.fr\/blog\/wp-content\/uploads\/2020\/06\/cropped-LOGO-DICODUSPORT-2020-SANS-FOND-SANS-TEXTE.png","width":512,"height":512,"caption":"Dicodusport"},"image":{"@id":"https:\/\/dicodusport.fr\/blog\/#\/schema\/logo\/image\/"},"sameAs":["https:\/\/www.facebook.com\/dicodusport","https:\/\/x.com\/dicodusport","https:\/\/www.instagram.com\/dicodusport\/","https:\/\/www.youtube.com\/channel\/UC7V2KZ5sd3htJivAbA4ZG3w"],"description":"Dicodusport est l'encyclop\u00e9die de l'actualit\u00e9 sportive.","email":"bonjour@dicodusport.fr","legalName":"DICODUSPORT","foundingDate":"2018-01-14","vatID":"FR71834470973","taxID":"83447097300043","numberOfEmployees":{"@type":"QuantitativeValue","minValue":"1","maxValue":"10"}},{"@type":"Person","@id":"https:\/\/dicodusport.fr\/blog\/#\/schema\/person\/416c975648aca9da8839bdfe333a21c9","name":"Sophie Clapier","image":{"@type":"ImageObject","inLanguage":"fr-FR","@id":"https:\/\/dicodusport.fr\/blog\/#\/schema\/person\/image\/","url":"https:\/\/dicodusport.fr\/blog\/wp-content\/uploads\/2021\/05\/Sophie-Clapier-150x150.jpg","contentUrl":"https:\/\/dicodusport.fr\/blog\/wp-content\/uploads\/2021\/05\/Sophie-Clapier-150x150.jpg","caption":"Sophie Clapier"},"description":"Journaliste\/r\u00e9dactrice depuis janvier 2016 - Passionn\u00e9e de sport depuis toujours, j\u2019en ai pratiqu\u00e9 quelques-uns. Judo, football, handball ou encore tennis, je n\u2019ai jamais pu me mettre d\u2019accord sur un en particulier. Mais \u00e7a, c\u2019\u00e9tait avant de d\u00e9couvrir le basket, devenu mon sport de pr\u00e9dilection. Les actions NBA, le All-Star Week-end, la fureur des Game 7 pendant les playoffs ou mieux, lors des Finals, this is why we play. Team Spurs T.P, je m\u2019accroche encore \u00e0 Gregg Popovich (don\u2019t leave !). Team chef Curry, je souhaite qu\u2019il finisse aux Warriors (staaaay !). Non, il n\u2019y a pas qu\u2019eux, des petits nouveaux -et des petites nouvelles \u00e9videmment- arrivent chaque jour dans toutes les disciplines et cr\u00e9ent de nouveaux exploits. Alors pour les grands \u00e9v\u00e9nements et comp\u00e9titions internationales, vive les pulsations 240\/minutes et le d\u00e9fibrillateur pas loin, et allez les Bleu(e)s ! C\u2019est s\u00fbr, j\u2019aurai plus vu ma vie sur un terrain de sport, mais \u00e0 d\u00e9faut d\u2019en faire en haut niveau, je le partage avec vous.","sameAs":["https:\/\/www.facebook.com\/soocube","https:\/\/x.com\/https:\/\/twitter.com\/soocube","admin"],"url":"https:\/\/dicodusport.fr\/blog\/author\/sophie\/"}]}},"_links":{"self":[{"href":"https:\/\/dicodusport.fr\/blog\/wp-json\/wp\/v2\/posts\/185810","targetHints":{"allow":["GET"]}}],"collection":[{"href":"https:\/\/dicodusport.fr\/blog\/wp-json\/wp\/v2\/posts"}],"about":[{"href":"https:\/\/dicodusport.fr\/blog\/wp-json\/wp\/v2\/types\/post"}],"author":[{"embeddable":true,"href":"https:\/\/dicodusport.fr\/blog\/wp-json\/wp\/v2\/users\/18"}],"replies":[{"embeddable":true,"href":"https:\/\/dicodusport.fr\/blog\/wp-json\/wp\/v2\/comments?post=185810"}],"version-history":[{"count":0,"href":"https:\/\/dicodusport.fr\/blog\/wp-json\/wp\/v2\/posts\/185810\/revisions"}],"wp:featuredmedia":[{"embeddable":true,"href":"https:\/\/dicodusport.fr\/blog\/wp-json\/wp\/v2\/media\/185831"}],"wp:attachment":[{"href":"https:\/\/dicodusport.fr\/blog\/wp-json\/wp\/v2\/media?parent=185810"}],"wp:term":[{"taxonomy":"category","embeddable":true,"href":"https:\/\/dicodusport.fr\/blog\/wp-json\/wp\/v2\/categories?post=185810"},{"taxonomy":"post_tag","embeddable":true,"href":"https:\/\/dicodusport.fr\/blog\/wp-json\/wp\/v2\/tags?post=185810"}],"curies":[{"name":"wp","href":"https:\/\/api.w.org\/{rel}","templated":true}]}}