{"id":185891,"date":"2021-12-15T15:54:46","date_gmt":"2021-12-15T14:54:46","guid":{"rendered":"https:\/\/dicodusport.fr\/blog\/?p=185891&#038;preview=true&#038;preview_id=185891"},"modified":"2021-12-15T15:54:46","modified_gmt":"2021-12-15T14:54:46","slug":"jean-michel-aulas-juninho-n-etait-pas-heureux-ca-se-sent","status":"publish","type":"post","link":"https:\/\/dicodusport.fr\/blog\/jean-michel-aulas-juninho-n-etait-pas-heureux-ca-se-sent\/","title":{"rendered":"Jean-Michel Aulas : \u00ab\u00a0Juninho n&rsquo;\u00e9tait pas heureux, \u00e7a se sent\u00a0\u00bb"},"content":{"rendered":"<p style=\"text-align: justify;\"><em><strong>FOOTBALL &#8211; Quelques jours apr\u00e8s <a href=\"https:\/\/dicodusport.fr\/blog\/juninho-devrait-quitter-lol-des-le-mois-de-janvier\/\">l&rsquo;annonce du d\u00e9part de Juninho d\u00e8s cet hiver<\/a>, Jean-Michel Aulas, le pr\u00e9sident de l&rsquo;OL, a r\u00e9agi dans les colonnes de L&rsquo;\u00c9quipe.\u00a0<\/strong><\/em><\/p>\n<p style=\"text-align: justify;\">L&rsquo;homme fort de l&rsquo;Olympique Lyonnais, <strong>Jean-Michel Aulas<\/strong>, a reconnu que la mission de <strong>Juninho<\/strong> en tant que directeur sportif du club n&rsquo;avait pas fonctionn\u00e9. <strong>Jean-Michel Aulas<\/strong> a expliqu\u00e9 les raisons du d\u00e9part du Br\u00e9silien.<\/p>\n<blockquote>\n<p style=\"text-align: justify;\">Juni \u00e9tait fatigu\u00e9, vous l&rsquo;avez vu. C&rsquo;est vrai qu&rsquo;il n&rsquo;a pas eu que des succ\u00e8s. Il n&rsquo;\u00e9tait pas heureux, \u00e7a se sent. Si j&rsquo;avais pu le retenir, je l&rsquo;aurais retenu, mais il avait du mal \u00e0 assumer cette fonction dans une organisation importante. Et tous les grands clubs ont une organisation avec plusieurs responsables.<\/p>\n<p style=\"text-align: justify;\">Un entra\u00eeneur, un directeur g\u00e9n\u00e9ral, un directeur du foot, un directeur sportif, un pr\u00e9sident&#8230; et parfois tous ces gens en m\u00eame temps. \u00c7a n&rsquo;a pas fonctionn\u00e9. Ce n&rsquo;est pas pour cela que Juni n&rsquo;est pas quelqu&rsquo;un de bien. C&rsquo;est quelqu&rsquo;un de tr\u00e8s bien. Et on va tout faire pour qu&rsquo;il reste proche de l&rsquo;OL.<\/p>\n<\/blockquote>\n<p style=\"text-align: justify;\">L&rsquo;<strong>OL<\/strong> r\u00e9fl\u00e9chit \u00e0 remplacer, ou non, Juninho dans son organigramme. La d\u00e9cision n&rsquo;a pas encore \u00e9t\u00e9 arr\u00eat\u00e9e selon le pr\u00e9sident du club rhodanien.<\/p>\n<blockquote class=\"twitter-tweet\">\n<p dir=\"ltr\" lang=\"fr\">Jean-Michel Aulas (OL) dresse le bilan du mandat de Juninho comme directeur sportif : \u00ab \u00c7a n&rsquo;a pas fonctionn\u00e9 \u00bb <a href=\"https:\/\/t.co\/MvXQKFGMy4\">https:\/\/t.co\/MvXQKFGMy4<\/a> <a href=\"https:\/\/t.co\/7D1jxUFMuV\">pic.twitter.com\/7D1jxUFMuV<\/a><\/p>\n<p>\u2014 L&rsquo;\u00c9QUIPE (@lequipe) <a href=\"https:\/\/twitter.com\/lequipe\/status\/1470877278913503234?ref_src=twsrc%5Etfw\">December 14, 2021<\/a><\/p><\/blockquote>\n<p><script async src=\"https:\/\/platform.twitter.com\/widgets.js\" charset=\"utf-8\"><\/script><\/p>\n","protected":false},"excerpt":{"rendered":"<p>FOOTBALL &#8211; Quelques jours apr\u00e8s l&rsquo;annonce du d\u00e9part de Juninho d\u00e8s cet hiver, Jean-Michel Aulas, le pr\u00e9sident de l&rsquo;OL, a r\u00e9agi dans les colonnes de L&rsquo;\u00c9quipe.\u00a0<\/p>\n","protected":false},"author":1,"featured_media":185892,"comment_status":"open","ping_status":"closed","sticky":false,"template":"","format":"standard","meta":{"_acf_changed":false,"_daextam_enable_autolinks":"","footnotes":""},"categories":[47045],"tags":[2845,1457,449,1145],"class_list":["post-185891","post","type-post","status-publish","format-standard","has-post-thumbnail","hentry","category-ligue-1","tag-jean-michel-aulas","tag-juninho","tag-lyon","tag-ol"],"acf":[],"yoast_head":"<!-- This site is optimized with the Yoast SEO Premium plugin v26.7 (Yoast SEO v26.7) - https:\/\/yoast.com\/wordpress\/plugins\/seo\/ -->\n<title>Jean-Michel Aulas : &quot;Juninho n&#039;\u00e9tait pas heureux, \u00e7a se sent&quot;<\/title>\n<meta name=\"description\" content=\"FOOTBALL - Quelques jours apr\u00e8s l&#039;annonce du d\u00e9part de Juninho d\u00e8s cet hiver, Jean-Michel Aulas a r\u00e9agi dans les colonnes de L&#039;\u00c9quipe.\u00a0\" \/>\n<meta name=\"robots\" content=\"index, follow, max-snippet:-1, max-image-preview:large, max-video-preview:-1\" \/>\n<link rel=\"canonical\" href=\"https:\/\/dicodusport.fr\/blog\/jean-michel-aulas-juninho-n-etait-pas-heureux-ca-se-sent\/\" \/>\n<meta property=\"og:locale\" content=\"fr_FR\" \/>\n<meta property=\"og:type\" content=\"article\" \/>\n<meta property=\"og:title\" content=\"Jean-Michel Aulas : &quot;Juninho n&#039;\u00e9tait pas heureux, \u00e7a se sent&quot;\" \/>\n<meta property=\"og:description\" content=\"FOOTBALL - Quelques jours apr\u00e8s l&#039;annonce du d\u00e9part de Juninho d\u00e8s cet hiver, Jean-Michel Aulas a r\u00e9agi dans les colonnes de L&#039;\u00c9quipe.\u00a0\" \/>\n<meta property=\"og:url\" content=\"https:\/\/dicodusport.fr\/blog\/jean-michel-aulas-juninho-n-etait-pas-heureux-ca-se-sent\/\" \/>\n<meta property=\"og:site_name\" content=\"Dicodusport\" \/>\n<meta property=\"article:publisher\" content=\"https:\/\/www.facebook.com\/dicodusport\" \/>\n<meta property=\"article:author\" content=\"https:\/\/www.facebook.com\/dicodusport\" \/>\n<meta property=\"article:published_time\" content=\"2021-12-15T14:54:46+00:00\" \/>\n<meta property=\"og:image\" content=\"https:\/\/dicodusport.fr\/blog\/wp-content\/uploads\/2021\/12\/Jean-Michel-Aulas-Juninho-ne\u0301tait-pas-heureux-c\u0327a-se-sent.png\" \/>\n\t<meta property=\"og:image:width\" content=\"800\" \/>\n\t<meta property=\"og:image:height\" content=\"445\" \/>\n\t<meta property=\"og:image:type\" content=\"image\/png\" \/>\n<meta name=\"author\" content=\"Nicolas Jacquemard\" \/>\n<meta name=\"twitter:card\" content=\"summary_large_image\" \/>\n<meta name=\"twitter:title\" content=\"Jean-Michel Aulas : &quot;Juninho n&#039;\u00e9tait pas heureux, \u00e7a se sent&quot;\" \/>\n<meta name=\"twitter:creator\" content=\"@https:\/\/twitter.com\/Nico_Jacquemard\" \/>\n<meta name=\"twitter:site\" content=\"@dicodusport\" \/>\n<script type=\"application\/ld+json\" class=\"yoast-schema-graph\">{\"@context\":\"https:\/\/schema.org\",\"@graph\":[{\"@type\":\"NewsArticle\",\"@id\":\"https:\/\/dicodusport.fr\/blog\/jean-michel-aulas-juninho-n-etait-pas-heureux-ca-se-sent\/#article\",\"isPartOf\":{\"@id\":\"https:\/\/dicodusport.fr\/blog\/jean-michel-aulas-juninho-n-etait-pas-heureux-ca-se-sent\/\"},\"author\":{\"name\":\"Nicolas Jacquemard\",\"@id\":\"https:\/\/dicodusport.fr\/blog\/#\/schema\/person\/55dcb50ad410894e431ed812bbb70191\"},\"headline\":\"Jean-Michel Aulas : \u00ab\u00a0Juninho n&rsquo;\u00e9tait pas heureux, \u00e7a se sent\u00a0\u00bb\",\"datePublished\":\"2021-12-15T14:54:46+00:00\",\"mainEntityOfPage\":{\"@id\":\"https:\/\/dicodusport.fr\/blog\/jean-michel-aulas-juninho-n-etait-pas-heureux-ca-se-sent\/\"},\"wordCount\":273,\"commentCount\":0,\"publisher\":{\"@id\":\"https:\/\/dicodusport.fr\/blog\/#organization\"},\"image\":{\"@id\":\"https:\/\/dicodusport.fr\/blog\/jean-michel-aulas-juninho-n-etait-pas-heureux-ca-se-sent\/#primaryimage\"},\"thumbnailUrl\":\"https:\/\/dicodusport.fr\/blog\/wp-content\/uploads\/2021\/12\/Jean-Michel-Aulas-Juninho-ne\u0301tait-pas-heureux-c\u0327a-se-sent.png\",\"keywords\":[\"Jean-Michel Aulas\",\"juninho\",\"Lyon\",\"OL\"],\"articleSection\":[\"Ligue 1\"],\"inLanguage\":\"fr-FR\",\"potentialAction\":[{\"@type\":\"CommentAction\",\"name\":\"Comment\",\"target\":[\"https:\/\/dicodusport.fr\/blog\/jean-michel-aulas-juninho-n-etait-pas-heureux-ca-se-sent\/#respond\"]}],\"copyrightYear\":\"2021\",\"copyrightHolder\":{\"@id\":\"https:\/\/dicodusport.fr\/blog\/#organization\"}},{\"@type\":\"WebPage\",\"@id\":\"https:\/\/dicodusport.fr\/blog\/jean-michel-aulas-juninho-n-etait-pas-heureux-ca-se-sent\/\",\"url\":\"https:\/\/dicodusport.fr\/blog\/jean-michel-aulas-juninho-n-etait-pas-heureux-ca-se-sent\/\",\"name\":\"Jean-Michel Aulas : \\\"Juninho n'\u00e9tait pas heureux, \u00e7a se sent\\\"\",\"isPartOf\":{\"@id\":\"https:\/\/dicodusport.fr\/blog\/#website\"},\"primaryImageOfPage\":{\"@id\":\"https:\/\/dicodusport.fr\/blog\/jean-michel-aulas-juninho-n-etait-pas-heureux-ca-se-sent\/#primaryimage\"},\"image\":{\"@id\":\"https:\/\/dicodusport.fr\/blog\/jean-michel-aulas-juninho-n-etait-pas-heureux-ca-se-sent\/#primaryimage\"},\"thumbnailUrl\":\"https:\/\/dicodusport.fr\/blog\/wp-content\/uploads\/2021\/12\/Jean-Michel-Aulas-Juninho-ne\u0301tait-pas-heureux-c\u0327a-se-sent.png\",\"datePublished\":\"2021-12-15T14:54:46+00:00\",\"description\":\"FOOTBALL - Quelques jours apr\u00e8s l'annonce du d\u00e9part de Juninho d\u00e8s cet hiver, Jean-Michel Aulas a r\u00e9agi dans les colonnes de L'\u00c9quipe.\u00a0\",\"breadcrumb\":{\"@id\":\"https:\/\/dicodusport.fr\/blog\/jean-michel-aulas-juninho-n-etait-pas-heureux-ca-se-sent\/#breadcrumb\"},\"inLanguage\":\"fr-FR\",\"potentialAction\":[{\"@type\":\"ReadAction\",\"target\":[\"https:\/\/dicodusport.fr\/blog\/jean-michel-aulas-juninho-n-etait-pas-heureux-ca-se-sent\/\"]}]},{\"@type\":\"ImageObject\",\"inLanguage\":\"fr-FR\",\"@id\":\"https:\/\/dicodusport.fr\/blog\/jean-michel-aulas-juninho-n-etait-pas-heureux-ca-se-sent\/#primaryimage\",\"url\":\"https:\/\/dicodusport.fr\/blog\/wp-content\/uploads\/2021\/12\/Jean-Michel-Aulas-Juninho-ne\u0301tait-pas-heureux-c\u0327a-se-sent.png\",\"contentUrl\":\"https:\/\/dicodusport.fr\/blog\/wp-content\/uploads\/2021\/12\/Jean-Michel-Aulas-Juninho-ne\u0301tait-pas-heureux-c\u0327a-se-sent.png\",\"width\":800,\"height\":445},{\"@type\":\"BreadcrumbList\",\"@id\":\"https:\/\/dicodusport.fr\/blog\/jean-michel-aulas-juninho-n-etait-pas-heureux-ca-se-sent\/#breadcrumb\",\"itemListElement\":[{\"@type\":\"ListItem\",\"position\":1,\"name\":\"Accueil\",\"item\":\"https:\/\/dicodusport.fr\/blog\/\"},{\"@type\":\"ListItem\",\"position\":2,\"name\":\"Jean-Michel Aulas : \u00ab\u00a0Juninho n&rsquo;\u00e9tait pas heureux, \u00e7a se sent\u00a0\u00bb\"}]},{\"@type\":\"WebSite\",\"@id\":\"https:\/\/dicodusport.fr\/blog\/#website\",\"url\":\"https:\/\/dicodusport.fr\/blog\/\",\"name\":\"Dicodusport\",\"description\":\"L&#039;encyclop\u00e9die de l&#039;actualit\u00e9 sportive\",\"publisher\":{\"@id\":\"https:\/\/dicodusport.fr\/blog\/#organization\"},\"potentialAction\":[{\"@type\":\"SearchAction\",\"target\":{\"@type\":\"EntryPoint\",\"urlTemplate\":\"https:\/\/dicodusport.fr\/blog\/?s={search_term_string}\"},\"query-input\":{\"@type\":\"PropertyValueSpecification\",\"valueRequired\":true,\"valueName\":\"search_term_string\"}}],\"inLanguage\":\"fr-FR\"},{\"@type\":\"NewsMediaOrganization\",\"@id\":\"https:\/\/dicodusport.fr\/blog\/#organization\",\"name\":\"Dicodusport\",\"url\":\"https:\/\/dicodusport.fr\/blog\/\",\"logo\":{\"@type\":\"ImageObject\",\"inLanguage\":\"fr-FR\",\"@id\":\"https:\/\/dicodusport.fr\/blog\/#\/schema\/logo\/image\/\",\"url\":\"https:\/\/dicodusport.fr\/blog\/wp-content\/uploads\/2020\/06\/cropped-LOGO-DICODUSPORT-2020-SANS-FOND-SANS-TEXTE.png\",\"contentUrl\":\"https:\/\/dicodusport.fr\/blog\/wp-content\/uploads\/2020\/06\/cropped-LOGO-DICODUSPORT-2020-SANS-FOND-SANS-TEXTE.png\",\"width\":512,\"height\":512,\"caption\":\"Dicodusport\"},\"image\":{\"@id\":\"https:\/\/dicodusport.fr\/blog\/#\/schema\/logo\/image\/\"},\"sameAs\":[\"https:\/\/www.facebook.com\/dicodusport\",\"https:\/\/x.com\/dicodusport\",\"https:\/\/www.instagram.com\/dicodusport\/\",\"https:\/\/www.youtube.com\/channel\/UC7V2KZ5sd3htJivAbA4ZG3w\"],\"description\":\"Dicodusport est l'encyclop\u00e9die de l'actualit\u00e9 sportive.\",\"email\":\"bonjour@dicodusport.fr\",\"legalName\":\"DICODUSPORT\",\"foundingDate\":\"2018-01-14\",\"vatID\":\"FR71834470973\",\"taxID\":\"83447097300043\",\"numberOfEmployees\":{\"@type\":\"QuantitativeValue\",\"minValue\":\"1\",\"maxValue\":\"10\"}},{\"@type\":\"Person\",\"@id\":\"https:\/\/dicodusport.fr\/blog\/#\/schema\/person\/55dcb50ad410894e431ed812bbb70191\",\"name\":\"Nicolas Jacquemard\",\"image\":{\"@type\":\"ImageObject\",\"inLanguage\":\"fr-FR\",\"@id\":\"https:\/\/dicodusport.fr\/blog\/#\/schema\/person\/image\/\",\"url\":\"https:\/\/dicodusport.fr\/blog\/wp-content\/uploads\/2021\/05\/Nicolas-Jacquemard-150x150.jpeg\",\"contentUrl\":\"https:\/\/dicodusport.fr\/blog\/wp-content\/uploads\/2021\/05\/Nicolas-Jacquemard-150x150.jpeg\",\"caption\":\"Nicolas Jacquemard\"},\"description\":\"Passionn\u00e9 de sport et entrepreneur depuis mes 18 ans, la cr\u00e9ation de Dicodusport m'a sembl\u00e9 \u00e9vidente pour participer \u00e0 la m\u00e9diatisation d'un plus grand nombre de sports. Le chemin est long mais avec une \u00e9quipe des plus motiv\u00e9es et les Jeux Olympiques de Paris 2024 en point de mire, nous y arriverons ! Journaliste dans le monde du sport depuis plus de 5 ans, je traite aussi bien de football, de rugby, de biathlon que de cyclisme.\",\"sameAs\":[\"https:\/\/www.facebook.com\/dicodusport\",\"https:\/\/x.com\/https:\/\/twitter.com\/Nico_Jacquemard\"],\"url\":\"https:\/\/dicodusport.fr\/blog\/author\/dicodusport\/\"}]}<\/script>\n<!-- \/ Yoast SEO Premium plugin. -->","yoast_head_json":{"title":"Jean-Michel Aulas : \"Juninho n'\u00e9tait pas heureux, \u00e7a se sent\"","description":"FOOTBALL - Quelques jours apr\u00e8s l'annonce du d\u00e9part de Juninho d\u00e8s cet hiver, Jean-Michel Aulas a r\u00e9agi dans les colonnes de L'\u00c9quipe.\u00a0","robots":{"index":"index","follow":"follow","max-snippet":"max-snippet:-1","max-image-preview":"max-image-preview:large","max-video-preview":"max-video-preview:-1"},"canonical":"https:\/\/dicodusport.fr\/blog\/jean-michel-aulas-juninho-n-etait-pas-heureux-ca-se-sent\/","og_locale":"fr_FR","og_type":"article","og_title":"Jean-Michel Aulas : \"Juninho n'\u00e9tait pas heureux, \u00e7a se sent\"","og_description":"FOOTBALL - Quelques jours apr\u00e8s l'annonce du d\u00e9part de Juninho d\u00e8s cet hiver, Jean-Michel Aulas a r\u00e9agi dans les colonnes de L'\u00c9quipe.\u00a0","og_url":"https:\/\/dicodusport.fr\/blog\/jean-michel-aulas-juninho-n-etait-pas-heureux-ca-se-sent\/","og_site_name":"Dicodusport","article_publisher":"https:\/\/www.facebook.com\/dicodusport","article_author":"https:\/\/www.facebook.com\/dicodusport","article_published_time":"2021-12-15T14:54:46+00:00","og_image":[{"width":800,"height":445,"url":"https:\/\/dicodusport.fr\/blog\/wp-content\/uploads\/2021\/12\/Jean-Michel-Aulas-Juninho-ne\u0301tait-pas-heureux-c\u0327a-se-sent.png","type":"image\/png"}],"author":"Nicolas Jacquemard","twitter_card":"summary_large_image","twitter_title":"Jean-Michel Aulas : \"Juninho n'\u00e9tait pas heureux, \u00e7a se sent\"","twitter_creator":"@https:\/\/twitter.com\/Nico_Jacquemard","twitter_site":"@dicodusport","schema":{"@context":"https:\/\/schema.org","@graph":[{"@type":"NewsArticle","@id":"https:\/\/dicodusport.fr\/blog\/jean-michel-aulas-juninho-n-etait-pas-heureux-ca-se-sent\/#article","isPartOf":{"@id":"https:\/\/dicodusport.fr\/blog\/jean-michel-aulas-juninho-n-etait-pas-heureux-ca-se-sent\/"},"author":{"name":"Nicolas Jacquemard","@id":"https:\/\/dicodusport.fr\/blog\/#\/schema\/person\/55dcb50ad410894e431ed812bbb70191"},"headline":"Jean-Michel Aulas : \u00ab\u00a0Juninho n&rsquo;\u00e9tait pas heureux, \u00e7a se sent\u00a0\u00bb","datePublished":"2021-12-15T14:54:46+00:00","mainEntityOfPage":{"@id":"https:\/\/dicodusport.fr\/blog\/jean-michel-aulas-juninho-n-etait-pas-heureux-ca-se-sent\/"},"wordCount":273,"commentCount":0,"publisher":{"@id":"https:\/\/dicodusport.fr\/blog\/#organization"},"image":{"@id":"https:\/\/dicodusport.fr\/blog\/jean-michel-aulas-juninho-n-etait-pas-heureux-ca-se-sent\/#primaryimage"},"thumbnailUrl":"https:\/\/dicodusport.fr\/blog\/wp-content\/uploads\/2021\/12\/Jean-Michel-Aulas-Juninho-ne\u0301tait-pas-heureux-c\u0327a-se-sent.png","keywords":["Jean-Michel Aulas","juninho","Lyon","OL"],"articleSection":["Ligue 1"],"inLanguage":"fr-FR","potentialAction":[{"@type":"CommentAction","name":"Comment","target":["https:\/\/dicodusport.fr\/blog\/jean-michel-aulas-juninho-n-etait-pas-heureux-ca-se-sent\/#respond"]}],"copyrightYear":"2021","copyrightHolder":{"@id":"https:\/\/dicodusport.fr\/blog\/#organization"}},{"@type":"WebPage","@id":"https:\/\/dicodusport.fr\/blog\/jean-michel-aulas-juninho-n-etait-pas-heureux-ca-se-sent\/","url":"https:\/\/dicodusport.fr\/blog\/jean-michel-aulas-juninho-n-etait-pas-heureux-ca-se-sent\/","name":"Jean-Michel Aulas : \"Juninho n'\u00e9tait pas heureux, \u00e7a se sent\"","isPartOf":{"@id":"https:\/\/dicodusport.fr\/blog\/#website"},"primaryImageOfPage":{"@id":"https:\/\/dicodusport.fr\/blog\/jean-michel-aulas-juninho-n-etait-pas-heureux-ca-se-sent\/#primaryimage"},"image":{"@id":"https:\/\/dicodusport.fr\/blog\/jean-michel-aulas-juninho-n-etait-pas-heureux-ca-se-sent\/#primaryimage"},"thumbnailUrl":"https:\/\/dicodusport.fr\/blog\/wp-content\/uploads\/2021\/12\/Jean-Michel-Aulas-Juninho-ne\u0301tait-pas-heureux-c\u0327a-se-sent.png","datePublished":"2021-12-15T14:54:46+00:00","description":"FOOTBALL - Quelques jours apr\u00e8s l'annonce du d\u00e9part de Juninho d\u00e8s cet hiver, Jean-Michel Aulas a r\u00e9agi dans les colonnes de L'\u00c9quipe.\u00a0","breadcrumb":{"@id":"https:\/\/dicodusport.fr\/blog\/jean-michel-aulas-juninho-n-etait-pas-heureux-ca-se-sent\/#breadcrumb"},"inLanguage":"fr-FR","potentialAction":[{"@type":"ReadAction","target":["https:\/\/dicodusport.fr\/blog\/jean-michel-aulas-juninho-n-etait-pas-heureux-ca-se-sent\/"]}]},{"@type":"ImageObject","inLanguage":"fr-FR","@id":"https:\/\/dicodusport.fr\/blog\/jean-michel-aulas-juninho-n-etait-pas-heureux-ca-se-sent\/#primaryimage","url":"https:\/\/dicodusport.fr\/blog\/wp-content\/uploads\/2021\/12\/Jean-Michel-Aulas-Juninho-ne\u0301tait-pas-heureux-c\u0327a-se-sent.png","contentUrl":"https:\/\/dicodusport.fr\/blog\/wp-content\/uploads\/2021\/12\/Jean-Michel-Aulas-Juninho-ne\u0301tait-pas-heureux-c\u0327a-se-sent.png","width":800,"height":445},{"@type":"BreadcrumbList","@id":"https:\/\/dicodusport.fr\/blog\/jean-michel-aulas-juninho-n-etait-pas-heureux-ca-se-sent\/#breadcrumb","itemListElement":[{"@type":"ListItem","position":1,"name":"Accueil","item":"https:\/\/dicodusport.fr\/blog\/"},{"@type":"ListItem","position":2,"name":"Jean-Michel Aulas : \u00ab\u00a0Juninho n&rsquo;\u00e9tait pas heureux, \u00e7a se sent\u00a0\u00bb"}]},{"@type":"WebSite","@id":"https:\/\/dicodusport.fr\/blog\/#website","url":"https:\/\/dicodusport.fr\/blog\/","name":"Dicodusport","description":"L&#039;encyclop\u00e9die de l&#039;actualit\u00e9 sportive","publisher":{"@id":"https:\/\/dicodusport.fr\/blog\/#organization"},"potentialAction":[{"@type":"SearchAction","target":{"@type":"EntryPoint","urlTemplate":"https:\/\/dicodusport.fr\/blog\/?s={search_term_string}"},"query-input":{"@type":"PropertyValueSpecification","valueRequired":true,"valueName":"search_term_string"}}],"inLanguage":"fr-FR"},{"@type":"NewsMediaOrganization","@id":"https:\/\/dicodusport.fr\/blog\/#organization","name":"Dicodusport","url":"https:\/\/dicodusport.fr\/blog\/","logo":{"@type":"ImageObject","inLanguage":"fr-FR","@id":"https:\/\/dicodusport.fr\/blog\/#\/schema\/logo\/image\/","url":"https:\/\/dicodusport.fr\/blog\/wp-content\/uploads\/2020\/06\/cropped-LOGO-DICODUSPORT-2020-SANS-FOND-SANS-TEXTE.png","contentUrl":"https:\/\/dicodusport.fr\/blog\/wp-content\/uploads\/2020\/06\/cropped-LOGO-DICODUSPORT-2020-SANS-FOND-SANS-TEXTE.png","width":512,"height":512,"caption":"Dicodusport"},"image":{"@id":"https:\/\/dicodusport.fr\/blog\/#\/schema\/logo\/image\/"},"sameAs":["https:\/\/www.facebook.com\/dicodusport","https:\/\/x.com\/dicodusport","https:\/\/www.instagram.com\/dicodusport\/","https:\/\/www.youtube.com\/channel\/UC7V2KZ5sd3htJivAbA4ZG3w"],"description":"Dicodusport est l'encyclop\u00e9die de l'actualit\u00e9 sportive.","email":"bonjour@dicodusport.fr","legalName":"DICODUSPORT","foundingDate":"2018-01-14","vatID":"FR71834470973","taxID":"83447097300043","numberOfEmployees":{"@type":"QuantitativeValue","minValue":"1","maxValue":"10"}},{"@type":"Person","@id":"https:\/\/dicodusport.fr\/blog\/#\/schema\/person\/55dcb50ad410894e431ed812bbb70191","name":"Nicolas Jacquemard","image":{"@type":"ImageObject","inLanguage":"fr-FR","@id":"https:\/\/dicodusport.fr\/blog\/#\/schema\/person\/image\/","url":"https:\/\/dicodusport.fr\/blog\/wp-content\/uploads\/2021\/05\/Nicolas-Jacquemard-150x150.jpeg","contentUrl":"https:\/\/dicodusport.fr\/blog\/wp-content\/uploads\/2021\/05\/Nicolas-Jacquemard-150x150.jpeg","caption":"Nicolas Jacquemard"},"description":"Passionn\u00e9 de sport et entrepreneur depuis mes 18 ans, la cr\u00e9ation de Dicodusport m'a sembl\u00e9 \u00e9vidente pour participer \u00e0 la m\u00e9diatisation d'un plus grand nombre de sports. Le chemin est long mais avec une \u00e9quipe des plus motiv\u00e9es et les Jeux Olympiques de Paris 2024 en point de mire, nous y arriverons ! Journaliste dans le monde du sport depuis plus de 5 ans, je traite aussi bien de football, de rugby, de biathlon que de cyclisme.","sameAs":["https:\/\/www.facebook.com\/dicodusport","https:\/\/x.com\/https:\/\/twitter.com\/Nico_Jacquemard"],"url":"https:\/\/dicodusport.fr\/blog\/author\/dicodusport\/"}]}},"_links":{"self":[{"href":"https:\/\/dicodusport.fr\/blog\/wp-json\/wp\/v2\/posts\/185891","targetHints":{"allow":["GET"]}}],"collection":[{"href":"https:\/\/dicodusport.fr\/blog\/wp-json\/wp\/v2\/posts"}],"about":[{"href":"https:\/\/dicodusport.fr\/blog\/wp-json\/wp\/v2\/types\/post"}],"author":[{"embeddable":true,"href":"https:\/\/dicodusport.fr\/blog\/wp-json\/wp\/v2\/users\/1"}],"replies":[{"embeddable":true,"href":"https:\/\/dicodusport.fr\/blog\/wp-json\/wp\/v2\/comments?post=185891"}],"version-history":[{"count":0,"href":"https:\/\/dicodusport.fr\/blog\/wp-json\/wp\/v2\/posts\/185891\/revisions"}],"wp:featuredmedia":[{"embeddable":true,"href":"https:\/\/dicodusport.fr\/blog\/wp-json\/wp\/v2\/media\/185892"}],"wp:attachment":[{"href":"https:\/\/dicodusport.fr\/blog\/wp-json\/wp\/v2\/media?parent=185891"}],"wp:term":[{"taxonomy":"category","embeddable":true,"href":"https:\/\/dicodusport.fr\/blog\/wp-json\/wp\/v2\/categories?post=185891"},{"taxonomy":"post_tag","embeddable":true,"href":"https:\/\/dicodusport.fr\/blog\/wp-json\/wp\/v2\/tags?post=185891"}],"curies":[{"name":"wp","href":"https:\/\/api.w.org\/{rel}","templated":true}]}}