{"id":186001,"date":"2021-12-16T11:05:20","date_gmt":"2021-12-16T10:05:20","guid":{"rendered":"https:\/\/dicodusport.fr\/blog\/?p=186001&#038;preview=true&#038;preview_id=186001"},"modified":"2021-12-16T22:14:47","modified_gmt":"2021-12-16T21:14:47","slug":"losc-4-joueurs-cadres-pourraient-partir-cet-hiver","status":"publish","type":"post","link":"https:\/\/dicodusport.fr\/blog\/losc-4-joueurs-cadres-pourraient-partir-cet-hiver\/","title":{"rendered":"LOSC : 4 joueurs cadres pourraient partir cet hiver"},"content":{"rendered":"<p style=\"text-align: justify;\"><strong><em>FOOTBALL &#8211; LIGUE 1 &#8211; <a href=\"https:\/\/dicodusport.fr\/blog\/8emes-de-finale-ligue-des-champions-le-tirage-au-sort-complet\/\">Qualifi\u00e9 en huiti\u00e8mes de finale de la Ligue des Champions<\/a> mais seulement 11\u00e8me de Ligue 1, le LOSC pourrait perdre plusieurs joueurs cet hiver.\u00a0<\/em><\/strong><\/p>\n<p style=\"text-align: justify;\">Lille affrontera Chelsea, le vainqueur sortant, en huiti\u00e8mes finale de la Ligue des champions. Mais avant cela, les Dogues vont devoir livrer une autre bataille sur le march\u00e9 des transferts, car plusieurs cadres sont courtis\u00e9s, comme le confirme <em>L&rsquo;\u00c9quipe<\/em>. Le dossier le plus chaud est celui de <strong>Jonathan Ikon\u00e9<\/strong> puisque comme l&rsquo;a reconnu Olivier L\u00e9tang, la Fiorentina insiste pour le joueur qui est sa priorit\u00e9. En cas de d\u00e9part, <strong>Ludovic Blas<\/strong> (Nantes) pourrait \u00eatre recrut\u00e9.<\/p>\n<h2 style=\"text-align: justify;\">Sanches, Botman et Yazici sur le d\u00e9part ?<\/h2>\n<p style=\"text-align: justify;\">De son c\u00f4t\u00e9,<strong> Renato Sanches<\/strong> a un bon de sortie. Le milieu portugais ne devrait plus \u00eatre \u00e0 Lille s&rsquo;il n&rsquo;avait pas \u00e9t\u00e9 bless\u00e9, et le LOSC le laissera partir si un grand club transmet une offre au prix. Ensuite, <strong>Steve Botman<\/strong> avait \u00e9t\u00e9 tr\u00e8s courtis\u00e9 cet \u00e9t\u00e9, mais Lille avait tenu bon. Le club nordiste veut garder son d\u00e9fenseur mais si Newcastle, qui vient d&rsquo;\u00eatre rachet\u00e9 par un fonds saoudien, transmet une offre proche de 50 millions d&rsquo;euros, ce que la presse anglaise laisse entendre, le LOSC devra plier.<\/p>\n<p style=\"text-align: justify;\">Enfin, <strong>Yusuf Yazici<\/strong> pourrait lui \u00eatre pr\u00eat\u00e9. Le Turc joue peu et n&rsquo;entre pas vraiment dans les plans de Jocelyn Gourvennec. Lille ne voudrait pas le vendre de suite, car le montant de son transfert serait dur \u00e0 avoir en contrepartie \u00e0 date.<\/p>\n<blockquote class=\"twitter-tweet\">\n<p dir=\"ltr\" lang=\"fr\">Les quatre dossiers chauds du mercato lillois<br \/>\nDe Jonathan Ikon\u00e9, le favori \u00e0 un d\u00e9part, \u00e0 Yusuf Yazici, en passant par Renato Sanches et Sven Botman, quatre joueurs de Lille pourraient animer le march\u00e9 des transferts hivernal <a href=\"https:\/\/t.co\/i0oI7n65FT\">https:\/\/t.co\/i0oI7n65FT<\/a> <a href=\"https:\/\/t.co\/RlkS54VlYa\">pic.twitter.com\/RlkS54VlYa<\/a><\/p>\n<p>\u2014 L&rsquo;\u00c9QUIPE (@lequipe) <a href=\"https:\/\/twitter.com\/lequipe\/status\/1471200951168118789?ref_src=twsrc%5Etfw\">December 15, 2021<\/a><\/p><\/blockquote>\n<p style=\"text-align: justify;\"><script async src=\"https:\/\/platform.twitter.com\/widgets.js\" charset=\"utf-8\"><\/script><\/p>\n","protected":false},"excerpt":{"rendered":"<p>FOOTBALL &#8211; LIGUE 1 &#8211; Qualifi\u00e9 en huiti\u00e8me de finale de la Ligue des Champions mais seulement 11\u00e8me de Ligue 1, le LOSC pourrait perdre plusieurs joueurs cet hiver.\u00a0<\/p>\n","protected":false},"author":1,"featured_media":186002,"comment_status":"open","ping_status":"closed","sticky":false,"template":"","format":"standard","meta":{"_acf_changed":false,"_daextam_enable_autolinks":"","footnotes":""},"categories":[47045],"tags":[1554,451,2391],"class_list":["post-186001","post","type-post","status-publish","format-standard","has-post-thumbnail","hentry","category-ligue-1","tag-ligue-1","tag-lille","tag-losc"],"acf":[],"yoast_head":"<!-- This site is optimized with the Yoast SEO Premium plugin v26.7 (Yoast SEO v26.7) - https:\/\/yoast.com\/wordpress\/plugins\/seo\/ -->\n<title>LOSC : 4 joueurs cadres pourraient partir cet hiver<\/title>\n<meta name=\"description\" content=\"FOOTBALL - LIGUE 1 - Qualifi\u00e9 en huiti\u00e8me de finale de la Ligue des Champions, le LOSC pourrait perdre plusieurs joueurs cet hiver.\u00a0\" \/>\n<meta name=\"robots\" content=\"index, follow, max-snippet:-1, max-image-preview:large, max-video-preview:-1\" \/>\n<link rel=\"canonical\" href=\"https:\/\/dicodusport.fr\/blog\/losc-4-joueurs-cadres-pourraient-partir-cet-hiver\/\" \/>\n<meta property=\"og:locale\" content=\"fr_FR\" \/>\n<meta property=\"og:type\" content=\"article\" \/>\n<meta property=\"og:title\" content=\"LOSC : 4 joueurs cadres pourraient partir cet hiver\" \/>\n<meta property=\"og:description\" content=\"FOOTBALL - LIGUE 1 - Qualifi\u00e9 en huiti\u00e8me de finale de la Ligue des Champions, le LOSC pourrait perdre plusieurs joueurs cet hiver.\u00a0\" \/>\n<meta property=\"og:url\" content=\"https:\/\/dicodusport.fr\/blog\/losc-4-joueurs-cadres-pourraient-partir-cet-hiver\/\" \/>\n<meta property=\"og:site_name\" content=\"Dicodusport\" \/>\n<meta property=\"article:publisher\" content=\"https:\/\/www.facebook.com\/dicodusport\" \/>\n<meta property=\"article:author\" content=\"https:\/\/www.facebook.com\/dicodusport\" \/>\n<meta property=\"article:published_time\" content=\"2021-12-16T10:05:20+00:00\" \/>\n<meta property=\"article:modified_time\" content=\"2021-12-16T21:14:47+00:00\" \/>\n<meta property=\"og:image\" content=\"https:\/\/dicodusport.fr\/blog\/wp-content\/uploads\/2021\/12\/LOSC-4-joueurs-cadres-pourraient-partir-cet-hiver.png\" \/>\n\t<meta property=\"og:image:width\" content=\"800\" \/>\n\t<meta property=\"og:image:height\" content=\"445\" \/>\n\t<meta property=\"og:image:type\" content=\"image\/png\" \/>\n<meta name=\"author\" content=\"Nicolas Jacquemard\" \/>\n<meta name=\"twitter:card\" content=\"summary_large_image\" \/>\n<meta name=\"twitter:title\" content=\"LOSC : 4 joueurs cadres pourraient partir cet hiver\" \/>\n<meta name=\"twitter:creator\" content=\"@https:\/\/twitter.com\/Nico_Jacquemard\" \/>\n<meta name=\"twitter:site\" content=\"@dicodusport\" \/>\n<script type=\"application\/ld+json\" class=\"yoast-schema-graph\">{\"@context\":\"https:\/\/schema.org\",\"@graph\":[{\"@type\":\"NewsArticle\",\"@id\":\"https:\/\/dicodusport.fr\/blog\/losc-4-joueurs-cadres-pourraient-partir-cet-hiver\/#article\",\"isPartOf\":{\"@id\":\"https:\/\/dicodusport.fr\/blog\/losc-4-joueurs-cadres-pourraient-partir-cet-hiver\/\"},\"author\":{\"name\":\"Nicolas Jacquemard\",\"@id\":\"https:\/\/dicodusport.fr\/blog\/#\/schema\/person\/55dcb50ad410894e431ed812bbb70191\"},\"headline\":\"LOSC : 4 joueurs cadres pourraient partir cet hiver\",\"datePublished\":\"2021-12-16T10:05:20+00:00\",\"dateModified\":\"2021-12-16T21:14:47+00:00\",\"mainEntityOfPage\":{\"@id\":\"https:\/\/dicodusport.fr\/blog\/losc-4-joueurs-cadres-pourraient-partir-cet-hiver\/\"},\"wordCount\":314,\"commentCount\":0,\"publisher\":{\"@id\":\"https:\/\/dicodusport.fr\/blog\/#organization\"},\"image\":{\"@id\":\"https:\/\/dicodusport.fr\/blog\/losc-4-joueurs-cadres-pourraient-partir-cet-hiver\/#primaryimage\"},\"thumbnailUrl\":\"https:\/\/dicodusport.fr\/blog\/wp-content\/uploads\/2021\/12\/LOSC-4-joueurs-cadres-pourraient-partir-cet-hiver.png\",\"keywords\":[\"Ligue 1\",\"Lille\",\"LOSC\"],\"articleSection\":[\"Ligue 1\"],\"inLanguage\":\"fr-FR\",\"potentialAction\":[{\"@type\":\"CommentAction\",\"name\":\"Comment\",\"target\":[\"https:\/\/dicodusport.fr\/blog\/losc-4-joueurs-cadres-pourraient-partir-cet-hiver\/#respond\"]}],\"copyrightYear\":\"2021\",\"copyrightHolder\":{\"@id\":\"https:\/\/dicodusport.fr\/blog\/#organization\"}},{\"@type\":\"WebPage\",\"@id\":\"https:\/\/dicodusport.fr\/blog\/losc-4-joueurs-cadres-pourraient-partir-cet-hiver\/\",\"url\":\"https:\/\/dicodusport.fr\/blog\/losc-4-joueurs-cadres-pourraient-partir-cet-hiver\/\",\"name\":\"LOSC : 4 joueurs cadres pourraient partir cet hiver\",\"isPartOf\":{\"@id\":\"https:\/\/dicodusport.fr\/blog\/#website\"},\"primaryImageOfPage\":{\"@id\":\"https:\/\/dicodusport.fr\/blog\/losc-4-joueurs-cadres-pourraient-partir-cet-hiver\/#primaryimage\"},\"image\":{\"@id\":\"https:\/\/dicodusport.fr\/blog\/losc-4-joueurs-cadres-pourraient-partir-cet-hiver\/#primaryimage\"},\"thumbnailUrl\":\"https:\/\/dicodusport.fr\/blog\/wp-content\/uploads\/2021\/12\/LOSC-4-joueurs-cadres-pourraient-partir-cet-hiver.png\",\"datePublished\":\"2021-12-16T10:05:20+00:00\",\"dateModified\":\"2021-12-16T21:14:47+00:00\",\"description\":\"FOOTBALL - LIGUE 1 - Qualifi\u00e9 en huiti\u00e8me de finale de la Ligue des Champions, le LOSC pourrait perdre plusieurs joueurs cet hiver.\u00a0\",\"breadcrumb\":{\"@id\":\"https:\/\/dicodusport.fr\/blog\/losc-4-joueurs-cadres-pourraient-partir-cet-hiver\/#breadcrumb\"},\"inLanguage\":\"fr-FR\",\"potentialAction\":[{\"@type\":\"ReadAction\",\"target\":[\"https:\/\/dicodusport.fr\/blog\/losc-4-joueurs-cadres-pourraient-partir-cet-hiver\/\"]}]},{\"@type\":\"ImageObject\",\"inLanguage\":\"fr-FR\",\"@id\":\"https:\/\/dicodusport.fr\/blog\/losc-4-joueurs-cadres-pourraient-partir-cet-hiver\/#primaryimage\",\"url\":\"https:\/\/dicodusport.fr\/blog\/wp-content\/uploads\/2021\/12\/LOSC-4-joueurs-cadres-pourraient-partir-cet-hiver.png\",\"contentUrl\":\"https:\/\/dicodusport.fr\/blog\/wp-content\/uploads\/2021\/12\/LOSC-4-joueurs-cadres-pourraient-partir-cet-hiver.png\",\"width\":800,\"height\":445},{\"@type\":\"BreadcrumbList\",\"@id\":\"https:\/\/dicodusport.fr\/blog\/losc-4-joueurs-cadres-pourraient-partir-cet-hiver\/#breadcrumb\",\"itemListElement\":[{\"@type\":\"ListItem\",\"position\":1,\"name\":\"Accueil\",\"item\":\"https:\/\/dicodusport.fr\/blog\/\"},{\"@type\":\"ListItem\",\"position\":2,\"name\":\"LOSC : 4 joueurs cadres pourraient partir cet hiver\"}]},{\"@type\":\"WebSite\",\"@id\":\"https:\/\/dicodusport.fr\/blog\/#website\",\"url\":\"https:\/\/dicodusport.fr\/blog\/\",\"name\":\"Dicodusport\",\"description\":\"L&#039;encyclop\u00e9die de l&#039;actualit\u00e9 sportive\",\"publisher\":{\"@id\":\"https:\/\/dicodusport.fr\/blog\/#organization\"},\"potentialAction\":[{\"@type\":\"SearchAction\",\"target\":{\"@type\":\"EntryPoint\",\"urlTemplate\":\"https:\/\/dicodusport.fr\/blog\/?s={search_term_string}\"},\"query-input\":{\"@type\":\"PropertyValueSpecification\",\"valueRequired\":true,\"valueName\":\"search_term_string\"}}],\"inLanguage\":\"fr-FR\"},{\"@type\":\"NewsMediaOrganization\",\"@id\":\"https:\/\/dicodusport.fr\/blog\/#organization\",\"name\":\"Dicodusport\",\"url\":\"https:\/\/dicodusport.fr\/blog\/\",\"logo\":{\"@type\":\"ImageObject\",\"inLanguage\":\"fr-FR\",\"@id\":\"https:\/\/dicodusport.fr\/blog\/#\/schema\/logo\/image\/\",\"url\":\"https:\/\/dicodusport.fr\/blog\/wp-content\/uploads\/2020\/06\/cropped-LOGO-DICODUSPORT-2020-SANS-FOND-SANS-TEXTE.png\",\"contentUrl\":\"https:\/\/dicodusport.fr\/blog\/wp-content\/uploads\/2020\/06\/cropped-LOGO-DICODUSPORT-2020-SANS-FOND-SANS-TEXTE.png\",\"width\":512,\"height\":512,\"caption\":\"Dicodusport\"},\"image\":{\"@id\":\"https:\/\/dicodusport.fr\/blog\/#\/schema\/logo\/image\/\"},\"sameAs\":[\"https:\/\/www.facebook.com\/dicodusport\",\"https:\/\/x.com\/dicodusport\",\"https:\/\/www.instagram.com\/dicodusport\/\",\"https:\/\/www.youtube.com\/channel\/UC7V2KZ5sd3htJivAbA4ZG3w\"],\"description\":\"Dicodusport est l'encyclop\u00e9die de l'actualit\u00e9 sportive.\",\"email\":\"bonjour@dicodusport.fr\",\"legalName\":\"DICODUSPORT\",\"foundingDate\":\"2018-01-14\",\"vatID\":\"FR71834470973\",\"taxID\":\"83447097300043\",\"numberOfEmployees\":{\"@type\":\"QuantitativeValue\",\"minValue\":\"1\",\"maxValue\":\"10\"}},{\"@type\":\"Person\",\"@id\":\"https:\/\/dicodusport.fr\/blog\/#\/schema\/person\/55dcb50ad410894e431ed812bbb70191\",\"name\":\"Nicolas Jacquemard\",\"image\":{\"@type\":\"ImageObject\",\"inLanguage\":\"fr-FR\",\"@id\":\"https:\/\/dicodusport.fr\/blog\/#\/schema\/person\/image\/\",\"url\":\"https:\/\/dicodusport.fr\/blog\/wp-content\/uploads\/2021\/05\/Nicolas-Jacquemard-150x150.jpeg\",\"contentUrl\":\"https:\/\/dicodusport.fr\/blog\/wp-content\/uploads\/2021\/05\/Nicolas-Jacquemard-150x150.jpeg\",\"caption\":\"Nicolas Jacquemard\"},\"description\":\"Passionn\u00e9 de sport et entrepreneur depuis mes 18 ans, la cr\u00e9ation de Dicodusport m'a sembl\u00e9 \u00e9vidente pour participer \u00e0 la m\u00e9diatisation d'un plus grand nombre de sports. Le chemin est long mais avec une \u00e9quipe des plus motiv\u00e9es et les Jeux Olympiques de Paris 2024 en point de mire, nous y arriverons ! Journaliste dans le monde du sport depuis plus de 5 ans, je traite aussi bien de football, de rugby, de biathlon que de cyclisme.\",\"sameAs\":[\"https:\/\/www.facebook.com\/dicodusport\",\"https:\/\/x.com\/https:\/\/twitter.com\/Nico_Jacquemard\"],\"url\":\"https:\/\/dicodusport.fr\/blog\/author\/dicodusport\/\"}]}<\/script>\n<!-- \/ Yoast SEO Premium plugin. -->","yoast_head_json":{"title":"LOSC : 4 joueurs cadres pourraient partir cet hiver","description":"FOOTBALL - LIGUE 1 - Qualifi\u00e9 en huiti\u00e8me de finale de la Ligue des Champions, le LOSC pourrait perdre plusieurs joueurs cet hiver.\u00a0","robots":{"index":"index","follow":"follow","max-snippet":"max-snippet:-1","max-image-preview":"max-image-preview:large","max-video-preview":"max-video-preview:-1"},"canonical":"https:\/\/dicodusport.fr\/blog\/losc-4-joueurs-cadres-pourraient-partir-cet-hiver\/","og_locale":"fr_FR","og_type":"article","og_title":"LOSC : 4 joueurs cadres pourraient partir cet hiver","og_description":"FOOTBALL - LIGUE 1 - Qualifi\u00e9 en huiti\u00e8me de finale de la Ligue des Champions, le LOSC pourrait perdre plusieurs joueurs cet hiver.\u00a0","og_url":"https:\/\/dicodusport.fr\/blog\/losc-4-joueurs-cadres-pourraient-partir-cet-hiver\/","og_site_name":"Dicodusport","article_publisher":"https:\/\/www.facebook.com\/dicodusport","article_author":"https:\/\/www.facebook.com\/dicodusport","article_published_time":"2021-12-16T10:05:20+00:00","article_modified_time":"2021-12-16T21:14:47+00:00","og_image":[{"width":800,"height":445,"url":"https:\/\/dicodusport.fr\/blog\/wp-content\/uploads\/2021\/12\/LOSC-4-joueurs-cadres-pourraient-partir-cet-hiver.png","type":"image\/png"}],"author":"Nicolas Jacquemard","twitter_card":"summary_large_image","twitter_title":"LOSC : 4 joueurs cadres pourraient partir cet hiver","twitter_creator":"@https:\/\/twitter.com\/Nico_Jacquemard","twitter_site":"@dicodusport","schema":{"@context":"https:\/\/schema.org","@graph":[{"@type":"NewsArticle","@id":"https:\/\/dicodusport.fr\/blog\/losc-4-joueurs-cadres-pourraient-partir-cet-hiver\/#article","isPartOf":{"@id":"https:\/\/dicodusport.fr\/blog\/losc-4-joueurs-cadres-pourraient-partir-cet-hiver\/"},"author":{"name":"Nicolas Jacquemard","@id":"https:\/\/dicodusport.fr\/blog\/#\/schema\/person\/55dcb50ad410894e431ed812bbb70191"},"headline":"LOSC : 4 joueurs cadres pourraient partir cet hiver","datePublished":"2021-12-16T10:05:20+00:00","dateModified":"2021-12-16T21:14:47+00:00","mainEntityOfPage":{"@id":"https:\/\/dicodusport.fr\/blog\/losc-4-joueurs-cadres-pourraient-partir-cet-hiver\/"},"wordCount":314,"commentCount":0,"publisher":{"@id":"https:\/\/dicodusport.fr\/blog\/#organization"},"image":{"@id":"https:\/\/dicodusport.fr\/blog\/losc-4-joueurs-cadres-pourraient-partir-cet-hiver\/#primaryimage"},"thumbnailUrl":"https:\/\/dicodusport.fr\/blog\/wp-content\/uploads\/2021\/12\/LOSC-4-joueurs-cadres-pourraient-partir-cet-hiver.png","keywords":["Ligue 1","Lille","LOSC"],"articleSection":["Ligue 1"],"inLanguage":"fr-FR","potentialAction":[{"@type":"CommentAction","name":"Comment","target":["https:\/\/dicodusport.fr\/blog\/losc-4-joueurs-cadres-pourraient-partir-cet-hiver\/#respond"]}],"copyrightYear":"2021","copyrightHolder":{"@id":"https:\/\/dicodusport.fr\/blog\/#organization"}},{"@type":"WebPage","@id":"https:\/\/dicodusport.fr\/blog\/losc-4-joueurs-cadres-pourraient-partir-cet-hiver\/","url":"https:\/\/dicodusport.fr\/blog\/losc-4-joueurs-cadres-pourraient-partir-cet-hiver\/","name":"LOSC : 4 joueurs cadres pourraient partir cet hiver","isPartOf":{"@id":"https:\/\/dicodusport.fr\/blog\/#website"},"primaryImageOfPage":{"@id":"https:\/\/dicodusport.fr\/blog\/losc-4-joueurs-cadres-pourraient-partir-cet-hiver\/#primaryimage"},"image":{"@id":"https:\/\/dicodusport.fr\/blog\/losc-4-joueurs-cadres-pourraient-partir-cet-hiver\/#primaryimage"},"thumbnailUrl":"https:\/\/dicodusport.fr\/blog\/wp-content\/uploads\/2021\/12\/LOSC-4-joueurs-cadres-pourraient-partir-cet-hiver.png","datePublished":"2021-12-16T10:05:20+00:00","dateModified":"2021-12-16T21:14:47+00:00","description":"FOOTBALL - LIGUE 1 - Qualifi\u00e9 en huiti\u00e8me de finale de la Ligue des Champions, le LOSC pourrait perdre plusieurs joueurs cet hiver.\u00a0","breadcrumb":{"@id":"https:\/\/dicodusport.fr\/blog\/losc-4-joueurs-cadres-pourraient-partir-cet-hiver\/#breadcrumb"},"inLanguage":"fr-FR","potentialAction":[{"@type":"ReadAction","target":["https:\/\/dicodusport.fr\/blog\/losc-4-joueurs-cadres-pourraient-partir-cet-hiver\/"]}]},{"@type":"ImageObject","inLanguage":"fr-FR","@id":"https:\/\/dicodusport.fr\/blog\/losc-4-joueurs-cadres-pourraient-partir-cet-hiver\/#primaryimage","url":"https:\/\/dicodusport.fr\/blog\/wp-content\/uploads\/2021\/12\/LOSC-4-joueurs-cadres-pourraient-partir-cet-hiver.png","contentUrl":"https:\/\/dicodusport.fr\/blog\/wp-content\/uploads\/2021\/12\/LOSC-4-joueurs-cadres-pourraient-partir-cet-hiver.png","width":800,"height":445},{"@type":"BreadcrumbList","@id":"https:\/\/dicodusport.fr\/blog\/losc-4-joueurs-cadres-pourraient-partir-cet-hiver\/#breadcrumb","itemListElement":[{"@type":"ListItem","position":1,"name":"Accueil","item":"https:\/\/dicodusport.fr\/blog\/"},{"@type":"ListItem","position":2,"name":"LOSC : 4 joueurs cadres pourraient partir cet hiver"}]},{"@type":"WebSite","@id":"https:\/\/dicodusport.fr\/blog\/#website","url":"https:\/\/dicodusport.fr\/blog\/","name":"Dicodusport","description":"L&#039;encyclop\u00e9die de l&#039;actualit\u00e9 sportive","publisher":{"@id":"https:\/\/dicodusport.fr\/blog\/#organization"},"potentialAction":[{"@type":"SearchAction","target":{"@type":"EntryPoint","urlTemplate":"https:\/\/dicodusport.fr\/blog\/?s={search_term_string}"},"query-input":{"@type":"PropertyValueSpecification","valueRequired":true,"valueName":"search_term_string"}}],"inLanguage":"fr-FR"},{"@type":"NewsMediaOrganization","@id":"https:\/\/dicodusport.fr\/blog\/#organization","name":"Dicodusport","url":"https:\/\/dicodusport.fr\/blog\/","logo":{"@type":"ImageObject","inLanguage":"fr-FR","@id":"https:\/\/dicodusport.fr\/blog\/#\/schema\/logo\/image\/","url":"https:\/\/dicodusport.fr\/blog\/wp-content\/uploads\/2020\/06\/cropped-LOGO-DICODUSPORT-2020-SANS-FOND-SANS-TEXTE.png","contentUrl":"https:\/\/dicodusport.fr\/blog\/wp-content\/uploads\/2020\/06\/cropped-LOGO-DICODUSPORT-2020-SANS-FOND-SANS-TEXTE.png","width":512,"height":512,"caption":"Dicodusport"},"image":{"@id":"https:\/\/dicodusport.fr\/blog\/#\/schema\/logo\/image\/"},"sameAs":["https:\/\/www.facebook.com\/dicodusport","https:\/\/x.com\/dicodusport","https:\/\/www.instagram.com\/dicodusport\/","https:\/\/www.youtube.com\/channel\/UC7V2KZ5sd3htJivAbA4ZG3w"],"description":"Dicodusport est l'encyclop\u00e9die de l'actualit\u00e9 sportive.","email":"bonjour@dicodusport.fr","legalName":"DICODUSPORT","foundingDate":"2018-01-14","vatID":"FR71834470973","taxID":"83447097300043","numberOfEmployees":{"@type":"QuantitativeValue","minValue":"1","maxValue":"10"}},{"@type":"Person","@id":"https:\/\/dicodusport.fr\/blog\/#\/schema\/person\/55dcb50ad410894e431ed812bbb70191","name":"Nicolas Jacquemard","image":{"@type":"ImageObject","inLanguage":"fr-FR","@id":"https:\/\/dicodusport.fr\/blog\/#\/schema\/person\/image\/","url":"https:\/\/dicodusport.fr\/blog\/wp-content\/uploads\/2021\/05\/Nicolas-Jacquemard-150x150.jpeg","contentUrl":"https:\/\/dicodusport.fr\/blog\/wp-content\/uploads\/2021\/05\/Nicolas-Jacquemard-150x150.jpeg","caption":"Nicolas Jacquemard"},"description":"Passionn\u00e9 de sport et entrepreneur depuis mes 18 ans, la cr\u00e9ation de Dicodusport m'a sembl\u00e9 \u00e9vidente pour participer \u00e0 la m\u00e9diatisation d'un plus grand nombre de sports. Le chemin est long mais avec une \u00e9quipe des plus motiv\u00e9es et les Jeux Olympiques de Paris 2024 en point de mire, nous y arriverons ! Journaliste dans le monde du sport depuis plus de 5 ans, je traite aussi bien de football, de rugby, de biathlon que de cyclisme.","sameAs":["https:\/\/www.facebook.com\/dicodusport","https:\/\/x.com\/https:\/\/twitter.com\/Nico_Jacquemard"],"url":"https:\/\/dicodusport.fr\/blog\/author\/dicodusport\/"}]}},"_links":{"self":[{"href":"https:\/\/dicodusport.fr\/blog\/wp-json\/wp\/v2\/posts\/186001","targetHints":{"allow":["GET"]}}],"collection":[{"href":"https:\/\/dicodusport.fr\/blog\/wp-json\/wp\/v2\/posts"}],"about":[{"href":"https:\/\/dicodusport.fr\/blog\/wp-json\/wp\/v2\/types\/post"}],"author":[{"embeddable":true,"href":"https:\/\/dicodusport.fr\/blog\/wp-json\/wp\/v2\/users\/1"}],"replies":[{"embeddable":true,"href":"https:\/\/dicodusport.fr\/blog\/wp-json\/wp\/v2\/comments?post=186001"}],"version-history":[{"count":0,"href":"https:\/\/dicodusport.fr\/blog\/wp-json\/wp\/v2\/posts\/186001\/revisions"}],"wp:featuredmedia":[{"embeddable":true,"href":"https:\/\/dicodusport.fr\/blog\/wp-json\/wp\/v2\/media\/186002"}],"wp:attachment":[{"href":"https:\/\/dicodusport.fr\/blog\/wp-json\/wp\/v2\/media?parent=186001"}],"wp:term":[{"taxonomy":"category","embeddable":true,"href":"https:\/\/dicodusport.fr\/blog\/wp-json\/wp\/v2\/categories?post=186001"},{"taxonomy":"post_tag","embeddable":true,"href":"https:\/\/dicodusport.fr\/blog\/wp-json\/wp\/v2\/tags?post=186001"}],"curies":[{"name":"wp","href":"https:\/\/api.w.org\/{rel}","templated":true}]}}