{"id":186023,"date":"2021-12-16T13:58:00","date_gmt":"2021-12-16T12:58:00","guid":{"rendered":"https:\/\/dicodusport.fr\/blog\/?p=186023&#038;preview=true&#038;preview_id=186023"},"modified":"2021-12-16T13:58:00","modified_gmt":"2021-12-16T12:58:00","slug":"serie-a-la-salernitana-de-franck-ribery-risque-l-exclusion","status":"publish","type":"post","link":"https:\/\/dicodusport.fr\/blog\/serie-a-la-salernitana-de-franck-ribery-risque-l-exclusion\/","title":{"rendered":"Serie A : La Salernitana de Franck Rib\u00e9ry risque l&rsquo;exclusion"},"content":{"rendered":"<p style=\"text-align: justify;\"><strong><em>FOOTBALL &#8211; Derni\u00e8re de Serie A, la Salernitana ne pourrait m\u00eame pas finir la saison \u00e0 cause de sa vente qui est toujours en stand-by.<\/em><\/strong><\/p>\n<p style=\"text-align: justify;\">Pour la faire courte, <strong>Claudio Lotito<\/strong> est propri\u00e9taire de la <strong>Lazio Rome<\/strong> et de la <strong>Salernitana<\/strong>. Sauf qu&rsquo;en Italie, il est impossible que deux \u00e9quipes soient en Serie A avec le m\u00eame patron. La F\u00e9d\u00e9ration Italienne a donc accept\u00e9 que la <strong>Salernitana<\/strong> monte mais \u00e0 la condition que Claudio Lotito ait vendu ses parts dans le club au plus tard le 31 d\u00e9cembre 2021, soit dans 15 jours. Ainsi, des administrateurs ind\u00e9pendants ont \u00e9t\u00e9 nomm\u00e9s pour mener \u00e0 bien l&rsquo;op\u00e9ration mais \u00e0 date, aucune offre n&rsquo;est convenable, comme ils l&rsquo;ont expliqu\u00e9 dans un communiqu\u00e9.<\/p>\n<blockquote>\n<p style=\"text-align: justify;\">A ce jour, aucune des offres re\u00e7ues pour l&rsquo;acquisition de la Salernitana n&rsquo;est acceptable&#8230;soit parce qu&rsquo;il manque certaines des conditions, soit parce que le sujet offrant n&rsquo;a pas d\u00e9montr\u00e9 l&rsquo;existence des exigences \u00e9conomiques n\u00e9cessaires pour mener \u00e0 bien l&rsquo;op\u00e9ration.<\/p>\n<\/blockquote>\n<p style=\"text-align: justify;\">Si aucune solution n&rsquo;est trouv\u00e9e d&rsquo;ici au 31 d\u00e9cembre, la <strong>Salernitana<\/strong> pourrait \u00eatre exclue, et le championnat italien se terminerait avec seulement 19 \u00e9quipes.<\/p>\n<blockquote class=\"twitter-tweet\">\n<p dir=\"ltr\" lang=\"it\">Salernitana, rischio esclusione dal campionato il 31 dicembre &#8211; La Gazzetta dello Sport <a href=\"https:\/\/t.co\/Toq7NFvxPr\">https:\/\/t.co\/Toq7NFvxPr<\/a><\/p>\n<p>\u2014 MILANebasta (@Milan_eBasta) <a href=\"https:\/\/twitter.com\/Milan_eBasta\/status\/1471452377253355522?ref_src=twsrc%5Etfw\">December 16, 2021<\/a><\/p><\/blockquote>\n<p><script async src=\"https:\/\/platform.twitter.com\/widgets.js\" charset=\"utf-8\"><\/script><\/p>\n","protected":false},"excerpt":{"rendered":"<p>FOOTBALL &#8211; Derni\u00e8re de Serie A, la Salernitana ne pourrait m\u00eame pas finir la saison \u00e0 cause de sa vente qui est toujours en stand-by.<\/p>\n","protected":false},"author":1,"featured_media":186025,"comment_status":"open","ping_status":"closed","sticky":false,"template":"","format":"standard","meta":{"_acf_changed":false,"_daextam_enable_autolinks":"","footnotes":""},"categories":[2301],"tags":[75,4613],"class_list":["post-186023","post","type-post","status-publish","format-standard","has-post-thumbnail","hentry","category-football","tag-football","tag-serie-a"],"acf":[],"yoast_head":"<!-- This site is optimized with the Yoast SEO Premium plugin v26.7 (Yoast SEO v26.7) - https:\/\/yoast.com\/wordpress\/plugins\/seo\/ -->\n<title>Serie A : La Salernitana de Franck Rib\u00e9ry risque l&#039;exclusion<\/title>\n<meta name=\"description\" content=\"FOOTBALL - Derni\u00e8re de Serie A, la Salernitana ne pourrait m\u00eame pas finir la saison \u00e0 cause de sa vente qui est toujours en stand-by.\" \/>\n<meta name=\"robots\" content=\"index, follow, max-snippet:-1, max-image-preview:large, max-video-preview:-1\" \/>\n<link rel=\"canonical\" href=\"https:\/\/dicodusport.fr\/blog\/serie-a-la-salernitana-de-franck-ribery-risque-l-exclusion\/\" \/>\n<meta property=\"og:locale\" content=\"fr_FR\" \/>\n<meta property=\"og:type\" content=\"article\" \/>\n<meta property=\"og:title\" content=\"Serie A : La Salernitana de Franck Rib\u00e9ry risque l&#039;exclusion\" \/>\n<meta property=\"og:description\" content=\"FOOTBALL - Derni\u00e8re de Serie A, la Salernitana ne pourrait m\u00eame pas finir la saison \u00e0 cause de sa vente qui est toujours en stand-by.\" \/>\n<meta property=\"og:url\" content=\"https:\/\/dicodusport.fr\/blog\/serie-a-la-salernitana-de-franck-ribery-risque-l-exclusion\/\" \/>\n<meta property=\"og:site_name\" content=\"Dicodusport\" \/>\n<meta property=\"article:publisher\" content=\"https:\/\/www.facebook.com\/dicodusport\" \/>\n<meta property=\"article:author\" content=\"https:\/\/www.facebook.com\/dicodusport\" \/>\n<meta property=\"article:published_time\" content=\"2021-12-16T12:58:00+00:00\" \/>\n<meta property=\"og:image\" content=\"https:\/\/dicodusport.fr\/blog\/wp-content\/uploads\/2021\/12\/Serie-A-La-Salernitana-de-Franck-Ribe\u0301ry-risque-lexclusion.png\" \/>\n\t<meta property=\"og:image:width\" content=\"800\" \/>\n\t<meta property=\"og:image:height\" content=\"445\" \/>\n\t<meta property=\"og:image:type\" content=\"image\/png\" \/>\n<meta name=\"author\" content=\"Nicolas Jacquemard\" \/>\n<meta name=\"twitter:card\" content=\"summary_large_image\" \/>\n<meta name=\"twitter:title\" content=\"Serie A : La Salernitana de Franck Rib\u00e9ry risque l&#039;exclusion\" \/>\n<meta name=\"twitter:creator\" content=\"@https:\/\/twitter.com\/Nico_Jacquemard\" \/>\n<meta name=\"twitter:site\" content=\"@dicodusport\" \/>\n<script type=\"application\/ld+json\" class=\"yoast-schema-graph\">{\"@context\":\"https:\/\/schema.org\",\"@graph\":[{\"@type\":\"NewsArticle\",\"@id\":\"https:\/\/dicodusport.fr\/blog\/serie-a-la-salernitana-de-franck-ribery-risque-l-exclusion\/#article\",\"isPartOf\":{\"@id\":\"https:\/\/dicodusport.fr\/blog\/serie-a-la-salernitana-de-franck-ribery-risque-l-exclusion\/\"},\"author\":{\"name\":\"Nicolas Jacquemard\",\"@id\":\"https:\/\/dicodusport.fr\/blog\/#\/schema\/person\/55dcb50ad410894e431ed812bbb70191\"},\"headline\":\"Serie A : La Salernitana de Franck Rib\u00e9ry risque l&rsquo;exclusion\",\"datePublished\":\"2021-12-16T12:58:00+00:00\",\"mainEntityOfPage\":{\"@id\":\"https:\/\/dicodusport.fr\/blog\/serie-a-la-salernitana-de-franck-ribery-risque-l-exclusion\/\"},\"wordCount\":233,\"commentCount\":0,\"publisher\":{\"@id\":\"https:\/\/dicodusport.fr\/blog\/#organization\"},\"image\":{\"@id\":\"https:\/\/dicodusport.fr\/blog\/serie-a-la-salernitana-de-franck-ribery-risque-l-exclusion\/#primaryimage\"},\"thumbnailUrl\":\"https:\/\/dicodusport.fr\/blog\/wp-content\/uploads\/2021\/12\/Serie-A-La-Salernitana-de-Franck-Ribe\u0301ry-risque-lexclusion.png\",\"keywords\":[\"Football\",\"Serie A\"],\"articleSection\":[\"Football\"],\"inLanguage\":\"fr-FR\",\"potentialAction\":[{\"@type\":\"CommentAction\",\"name\":\"Comment\",\"target\":[\"https:\/\/dicodusport.fr\/blog\/serie-a-la-salernitana-de-franck-ribery-risque-l-exclusion\/#respond\"]}],\"copyrightYear\":\"2021\",\"copyrightHolder\":{\"@id\":\"https:\/\/dicodusport.fr\/blog\/#organization\"}},{\"@type\":\"WebPage\",\"@id\":\"https:\/\/dicodusport.fr\/blog\/serie-a-la-salernitana-de-franck-ribery-risque-l-exclusion\/\",\"url\":\"https:\/\/dicodusport.fr\/blog\/serie-a-la-salernitana-de-franck-ribery-risque-l-exclusion\/\",\"name\":\"Serie A : La Salernitana de Franck Rib\u00e9ry risque l'exclusion\",\"isPartOf\":{\"@id\":\"https:\/\/dicodusport.fr\/blog\/#website\"},\"primaryImageOfPage\":{\"@id\":\"https:\/\/dicodusport.fr\/blog\/serie-a-la-salernitana-de-franck-ribery-risque-l-exclusion\/#primaryimage\"},\"image\":{\"@id\":\"https:\/\/dicodusport.fr\/blog\/serie-a-la-salernitana-de-franck-ribery-risque-l-exclusion\/#primaryimage\"},\"thumbnailUrl\":\"https:\/\/dicodusport.fr\/blog\/wp-content\/uploads\/2021\/12\/Serie-A-La-Salernitana-de-Franck-Ribe\u0301ry-risque-lexclusion.png\",\"datePublished\":\"2021-12-16T12:58:00+00:00\",\"description\":\"FOOTBALL - Derni\u00e8re de Serie A, la Salernitana ne pourrait m\u00eame pas finir la saison \u00e0 cause de sa vente qui est toujours en stand-by.\",\"breadcrumb\":{\"@id\":\"https:\/\/dicodusport.fr\/blog\/serie-a-la-salernitana-de-franck-ribery-risque-l-exclusion\/#breadcrumb\"},\"inLanguage\":\"fr-FR\",\"potentialAction\":[{\"@type\":\"ReadAction\",\"target\":[\"https:\/\/dicodusport.fr\/blog\/serie-a-la-salernitana-de-franck-ribery-risque-l-exclusion\/\"]}]},{\"@type\":\"ImageObject\",\"inLanguage\":\"fr-FR\",\"@id\":\"https:\/\/dicodusport.fr\/blog\/serie-a-la-salernitana-de-franck-ribery-risque-l-exclusion\/#primaryimage\",\"url\":\"https:\/\/dicodusport.fr\/blog\/wp-content\/uploads\/2021\/12\/Serie-A-La-Salernitana-de-Franck-Ribe\u0301ry-risque-lexclusion.png\",\"contentUrl\":\"https:\/\/dicodusport.fr\/blog\/wp-content\/uploads\/2021\/12\/Serie-A-La-Salernitana-de-Franck-Ribe\u0301ry-risque-lexclusion.png\",\"width\":800,\"height\":445},{\"@type\":\"BreadcrumbList\",\"@id\":\"https:\/\/dicodusport.fr\/blog\/serie-a-la-salernitana-de-franck-ribery-risque-l-exclusion\/#breadcrumb\",\"itemListElement\":[{\"@type\":\"ListItem\",\"position\":1,\"name\":\"Accueil\",\"item\":\"https:\/\/dicodusport.fr\/blog\/\"},{\"@type\":\"ListItem\",\"position\":2,\"name\":\"Serie A : La Salernitana de Franck Rib\u00e9ry risque l&rsquo;exclusion\"}]},{\"@type\":\"WebSite\",\"@id\":\"https:\/\/dicodusport.fr\/blog\/#website\",\"url\":\"https:\/\/dicodusport.fr\/blog\/\",\"name\":\"Dicodusport\",\"description\":\"L&#039;encyclop\u00e9die de l&#039;actualit\u00e9 sportive\",\"publisher\":{\"@id\":\"https:\/\/dicodusport.fr\/blog\/#organization\"},\"potentialAction\":[{\"@type\":\"SearchAction\",\"target\":{\"@type\":\"EntryPoint\",\"urlTemplate\":\"https:\/\/dicodusport.fr\/blog\/?s={search_term_string}\"},\"query-input\":{\"@type\":\"PropertyValueSpecification\",\"valueRequired\":true,\"valueName\":\"search_term_string\"}}],\"inLanguage\":\"fr-FR\"},{\"@type\":\"NewsMediaOrganization\",\"@id\":\"https:\/\/dicodusport.fr\/blog\/#organization\",\"name\":\"Dicodusport\",\"url\":\"https:\/\/dicodusport.fr\/blog\/\",\"logo\":{\"@type\":\"ImageObject\",\"inLanguage\":\"fr-FR\",\"@id\":\"https:\/\/dicodusport.fr\/blog\/#\/schema\/logo\/image\/\",\"url\":\"https:\/\/dicodusport.fr\/blog\/wp-content\/uploads\/2020\/06\/cropped-LOGO-DICODUSPORT-2020-SANS-FOND-SANS-TEXTE.png\",\"contentUrl\":\"https:\/\/dicodusport.fr\/blog\/wp-content\/uploads\/2020\/06\/cropped-LOGO-DICODUSPORT-2020-SANS-FOND-SANS-TEXTE.png\",\"width\":512,\"height\":512,\"caption\":\"Dicodusport\"},\"image\":{\"@id\":\"https:\/\/dicodusport.fr\/blog\/#\/schema\/logo\/image\/\"},\"sameAs\":[\"https:\/\/www.facebook.com\/dicodusport\",\"https:\/\/x.com\/dicodusport\",\"https:\/\/www.instagram.com\/dicodusport\/\",\"https:\/\/www.youtube.com\/channel\/UC7V2KZ5sd3htJivAbA4ZG3w\"],\"description\":\"Dicodusport est l'encyclop\u00e9die de l'actualit\u00e9 sportive.\",\"email\":\"bonjour@dicodusport.fr\",\"legalName\":\"DICODUSPORT\",\"foundingDate\":\"2018-01-14\",\"vatID\":\"FR71834470973\",\"taxID\":\"83447097300043\",\"numberOfEmployees\":{\"@type\":\"QuantitativeValue\",\"minValue\":\"1\",\"maxValue\":\"10\"}},{\"@type\":\"Person\",\"@id\":\"https:\/\/dicodusport.fr\/blog\/#\/schema\/person\/55dcb50ad410894e431ed812bbb70191\",\"name\":\"Nicolas Jacquemard\",\"image\":{\"@type\":\"ImageObject\",\"inLanguage\":\"fr-FR\",\"@id\":\"https:\/\/dicodusport.fr\/blog\/#\/schema\/person\/image\/\",\"url\":\"https:\/\/dicodusport.fr\/blog\/wp-content\/uploads\/2021\/05\/Nicolas-Jacquemard-150x150.jpeg\",\"contentUrl\":\"https:\/\/dicodusport.fr\/blog\/wp-content\/uploads\/2021\/05\/Nicolas-Jacquemard-150x150.jpeg\",\"caption\":\"Nicolas Jacquemard\"},\"description\":\"Passionn\u00e9 de sport et entrepreneur depuis mes 18 ans, la cr\u00e9ation de Dicodusport m'a sembl\u00e9 \u00e9vidente pour participer \u00e0 la m\u00e9diatisation d'un plus grand nombre de sports. Le chemin est long mais avec une \u00e9quipe des plus motiv\u00e9es et les Jeux Olympiques de Paris 2024 en point de mire, nous y arriverons ! Journaliste dans le monde du sport depuis plus de 5 ans, je traite aussi bien de football, de rugby, de biathlon que de cyclisme.\",\"sameAs\":[\"https:\/\/www.facebook.com\/dicodusport\",\"https:\/\/x.com\/https:\/\/twitter.com\/Nico_Jacquemard\"],\"url\":\"https:\/\/dicodusport.fr\/blog\/author\/dicodusport\/\"}]}<\/script>\n<!-- \/ Yoast SEO Premium plugin. -->","yoast_head_json":{"title":"Serie A : La Salernitana de Franck Rib\u00e9ry risque l'exclusion","description":"FOOTBALL - Derni\u00e8re de Serie A, la Salernitana ne pourrait m\u00eame pas finir la saison \u00e0 cause de sa vente qui est toujours en stand-by.","robots":{"index":"index","follow":"follow","max-snippet":"max-snippet:-1","max-image-preview":"max-image-preview:large","max-video-preview":"max-video-preview:-1"},"canonical":"https:\/\/dicodusport.fr\/blog\/serie-a-la-salernitana-de-franck-ribery-risque-l-exclusion\/","og_locale":"fr_FR","og_type":"article","og_title":"Serie A : La Salernitana de Franck Rib\u00e9ry risque l'exclusion","og_description":"FOOTBALL - Derni\u00e8re de Serie A, la Salernitana ne pourrait m\u00eame pas finir la saison \u00e0 cause de sa vente qui est toujours en stand-by.","og_url":"https:\/\/dicodusport.fr\/blog\/serie-a-la-salernitana-de-franck-ribery-risque-l-exclusion\/","og_site_name":"Dicodusport","article_publisher":"https:\/\/www.facebook.com\/dicodusport","article_author":"https:\/\/www.facebook.com\/dicodusport","article_published_time":"2021-12-16T12:58:00+00:00","og_image":[{"width":800,"height":445,"url":"https:\/\/dicodusport.fr\/blog\/wp-content\/uploads\/2021\/12\/Serie-A-La-Salernitana-de-Franck-Ribe\u0301ry-risque-lexclusion.png","type":"image\/png"}],"author":"Nicolas Jacquemard","twitter_card":"summary_large_image","twitter_title":"Serie A : La Salernitana de Franck Rib\u00e9ry risque l'exclusion","twitter_creator":"@https:\/\/twitter.com\/Nico_Jacquemard","twitter_site":"@dicodusport","schema":{"@context":"https:\/\/schema.org","@graph":[{"@type":"NewsArticle","@id":"https:\/\/dicodusport.fr\/blog\/serie-a-la-salernitana-de-franck-ribery-risque-l-exclusion\/#article","isPartOf":{"@id":"https:\/\/dicodusport.fr\/blog\/serie-a-la-salernitana-de-franck-ribery-risque-l-exclusion\/"},"author":{"name":"Nicolas Jacquemard","@id":"https:\/\/dicodusport.fr\/blog\/#\/schema\/person\/55dcb50ad410894e431ed812bbb70191"},"headline":"Serie A : La Salernitana de Franck Rib\u00e9ry risque l&rsquo;exclusion","datePublished":"2021-12-16T12:58:00+00:00","mainEntityOfPage":{"@id":"https:\/\/dicodusport.fr\/blog\/serie-a-la-salernitana-de-franck-ribery-risque-l-exclusion\/"},"wordCount":233,"commentCount":0,"publisher":{"@id":"https:\/\/dicodusport.fr\/blog\/#organization"},"image":{"@id":"https:\/\/dicodusport.fr\/blog\/serie-a-la-salernitana-de-franck-ribery-risque-l-exclusion\/#primaryimage"},"thumbnailUrl":"https:\/\/dicodusport.fr\/blog\/wp-content\/uploads\/2021\/12\/Serie-A-La-Salernitana-de-Franck-Ribe\u0301ry-risque-lexclusion.png","keywords":["Football","Serie A"],"articleSection":["Football"],"inLanguage":"fr-FR","potentialAction":[{"@type":"CommentAction","name":"Comment","target":["https:\/\/dicodusport.fr\/blog\/serie-a-la-salernitana-de-franck-ribery-risque-l-exclusion\/#respond"]}],"copyrightYear":"2021","copyrightHolder":{"@id":"https:\/\/dicodusport.fr\/blog\/#organization"}},{"@type":"WebPage","@id":"https:\/\/dicodusport.fr\/blog\/serie-a-la-salernitana-de-franck-ribery-risque-l-exclusion\/","url":"https:\/\/dicodusport.fr\/blog\/serie-a-la-salernitana-de-franck-ribery-risque-l-exclusion\/","name":"Serie A : La Salernitana de Franck Rib\u00e9ry risque l'exclusion","isPartOf":{"@id":"https:\/\/dicodusport.fr\/blog\/#website"},"primaryImageOfPage":{"@id":"https:\/\/dicodusport.fr\/blog\/serie-a-la-salernitana-de-franck-ribery-risque-l-exclusion\/#primaryimage"},"image":{"@id":"https:\/\/dicodusport.fr\/blog\/serie-a-la-salernitana-de-franck-ribery-risque-l-exclusion\/#primaryimage"},"thumbnailUrl":"https:\/\/dicodusport.fr\/blog\/wp-content\/uploads\/2021\/12\/Serie-A-La-Salernitana-de-Franck-Ribe\u0301ry-risque-lexclusion.png","datePublished":"2021-12-16T12:58:00+00:00","description":"FOOTBALL - Derni\u00e8re de Serie A, la Salernitana ne pourrait m\u00eame pas finir la saison \u00e0 cause de sa vente qui est toujours en stand-by.","breadcrumb":{"@id":"https:\/\/dicodusport.fr\/blog\/serie-a-la-salernitana-de-franck-ribery-risque-l-exclusion\/#breadcrumb"},"inLanguage":"fr-FR","potentialAction":[{"@type":"ReadAction","target":["https:\/\/dicodusport.fr\/blog\/serie-a-la-salernitana-de-franck-ribery-risque-l-exclusion\/"]}]},{"@type":"ImageObject","inLanguage":"fr-FR","@id":"https:\/\/dicodusport.fr\/blog\/serie-a-la-salernitana-de-franck-ribery-risque-l-exclusion\/#primaryimage","url":"https:\/\/dicodusport.fr\/blog\/wp-content\/uploads\/2021\/12\/Serie-A-La-Salernitana-de-Franck-Ribe\u0301ry-risque-lexclusion.png","contentUrl":"https:\/\/dicodusport.fr\/blog\/wp-content\/uploads\/2021\/12\/Serie-A-La-Salernitana-de-Franck-Ribe\u0301ry-risque-lexclusion.png","width":800,"height":445},{"@type":"BreadcrumbList","@id":"https:\/\/dicodusport.fr\/blog\/serie-a-la-salernitana-de-franck-ribery-risque-l-exclusion\/#breadcrumb","itemListElement":[{"@type":"ListItem","position":1,"name":"Accueil","item":"https:\/\/dicodusport.fr\/blog\/"},{"@type":"ListItem","position":2,"name":"Serie A : La Salernitana de Franck Rib\u00e9ry risque l&rsquo;exclusion"}]},{"@type":"WebSite","@id":"https:\/\/dicodusport.fr\/blog\/#website","url":"https:\/\/dicodusport.fr\/blog\/","name":"Dicodusport","description":"L&#039;encyclop\u00e9die de l&#039;actualit\u00e9 sportive","publisher":{"@id":"https:\/\/dicodusport.fr\/blog\/#organization"},"potentialAction":[{"@type":"SearchAction","target":{"@type":"EntryPoint","urlTemplate":"https:\/\/dicodusport.fr\/blog\/?s={search_term_string}"},"query-input":{"@type":"PropertyValueSpecification","valueRequired":true,"valueName":"search_term_string"}}],"inLanguage":"fr-FR"},{"@type":"NewsMediaOrganization","@id":"https:\/\/dicodusport.fr\/blog\/#organization","name":"Dicodusport","url":"https:\/\/dicodusport.fr\/blog\/","logo":{"@type":"ImageObject","inLanguage":"fr-FR","@id":"https:\/\/dicodusport.fr\/blog\/#\/schema\/logo\/image\/","url":"https:\/\/dicodusport.fr\/blog\/wp-content\/uploads\/2020\/06\/cropped-LOGO-DICODUSPORT-2020-SANS-FOND-SANS-TEXTE.png","contentUrl":"https:\/\/dicodusport.fr\/blog\/wp-content\/uploads\/2020\/06\/cropped-LOGO-DICODUSPORT-2020-SANS-FOND-SANS-TEXTE.png","width":512,"height":512,"caption":"Dicodusport"},"image":{"@id":"https:\/\/dicodusport.fr\/blog\/#\/schema\/logo\/image\/"},"sameAs":["https:\/\/www.facebook.com\/dicodusport","https:\/\/x.com\/dicodusport","https:\/\/www.instagram.com\/dicodusport\/","https:\/\/www.youtube.com\/channel\/UC7V2KZ5sd3htJivAbA4ZG3w"],"description":"Dicodusport est l'encyclop\u00e9die de l'actualit\u00e9 sportive.","email":"bonjour@dicodusport.fr","legalName":"DICODUSPORT","foundingDate":"2018-01-14","vatID":"FR71834470973","taxID":"83447097300043","numberOfEmployees":{"@type":"QuantitativeValue","minValue":"1","maxValue":"10"}},{"@type":"Person","@id":"https:\/\/dicodusport.fr\/blog\/#\/schema\/person\/55dcb50ad410894e431ed812bbb70191","name":"Nicolas Jacquemard","image":{"@type":"ImageObject","inLanguage":"fr-FR","@id":"https:\/\/dicodusport.fr\/blog\/#\/schema\/person\/image\/","url":"https:\/\/dicodusport.fr\/blog\/wp-content\/uploads\/2021\/05\/Nicolas-Jacquemard-150x150.jpeg","contentUrl":"https:\/\/dicodusport.fr\/blog\/wp-content\/uploads\/2021\/05\/Nicolas-Jacquemard-150x150.jpeg","caption":"Nicolas Jacquemard"},"description":"Passionn\u00e9 de sport et entrepreneur depuis mes 18 ans, la cr\u00e9ation de Dicodusport m'a sembl\u00e9 \u00e9vidente pour participer \u00e0 la m\u00e9diatisation d'un plus grand nombre de sports. Le chemin est long mais avec une \u00e9quipe des plus motiv\u00e9es et les Jeux Olympiques de Paris 2024 en point de mire, nous y arriverons ! Journaliste dans le monde du sport depuis plus de 5 ans, je traite aussi bien de football, de rugby, de biathlon que de cyclisme.","sameAs":["https:\/\/www.facebook.com\/dicodusport","https:\/\/x.com\/https:\/\/twitter.com\/Nico_Jacquemard"],"url":"https:\/\/dicodusport.fr\/blog\/author\/dicodusport\/"}]}},"_links":{"self":[{"href":"https:\/\/dicodusport.fr\/blog\/wp-json\/wp\/v2\/posts\/186023","targetHints":{"allow":["GET"]}}],"collection":[{"href":"https:\/\/dicodusport.fr\/blog\/wp-json\/wp\/v2\/posts"}],"about":[{"href":"https:\/\/dicodusport.fr\/blog\/wp-json\/wp\/v2\/types\/post"}],"author":[{"embeddable":true,"href":"https:\/\/dicodusport.fr\/blog\/wp-json\/wp\/v2\/users\/1"}],"replies":[{"embeddable":true,"href":"https:\/\/dicodusport.fr\/blog\/wp-json\/wp\/v2\/comments?post=186023"}],"version-history":[{"count":0,"href":"https:\/\/dicodusport.fr\/blog\/wp-json\/wp\/v2\/posts\/186023\/revisions"}],"wp:featuredmedia":[{"embeddable":true,"href":"https:\/\/dicodusport.fr\/blog\/wp-json\/wp\/v2\/media\/186025"}],"wp:attachment":[{"href":"https:\/\/dicodusport.fr\/blog\/wp-json\/wp\/v2\/media?parent=186023"}],"wp:term":[{"taxonomy":"category","embeddable":true,"href":"https:\/\/dicodusport.fr\/blog\/wp-json\/wp\/v2\/categories?post=186023"},{"taxonomy":"post_tag","embeddable":true,"href":"https:\/\/dicodusport.fr\/blog\/wp-json\/wp\/v2\/tags?post=186023"}],"curies":[{"name":"wp","href":"https:\/\/api.w.org\/{rel}","templated":true}]}}