{"id":186670,"date":"2021-12-19T14:06:43","date_gmt":"2021-12-19T13:06:43","guid":{"rendered":"https:\/\/dicodusport.fr\/blog\/?p=186670"},"modified":"2021-12-19T17:22:36","modified_gmt":"2021-12-19T16:22:36","slug":"coupe-du-monde-de-skicross-bastien-midol-sur-le-podium-a-innichen","status":"publish","type":"post","link":"https:\/\/dicodusport.fr\/blog\/coupe-du-monde-de-skicross-bastien-midol-sur-le-podium-a-innichen\/","title":{"rendered":"Coupe du monde de skicross : Bastien Midol sur le podium \u00e0 Innichen"},"content":{"rendered":"<p style=\"text-align: justify;\"><em><strong>COUPE DU MONDE DE SKICROSS 2021-2022 &#8211; Pour cette cinqui\u00e8me \u00e9tape de Coupe du monde de skicross \u00e0 Innichen (Italie), les Fran\u00e7ais ont \u00e9t\u00e9 \u00e0 la peine. Entre sorties de piste, chute et blessure, Bastien Midol signe n\u00e9anmoins une belle 2\u00e8me place, son troisi\u00e8me podium de la saison.<\/strong><\/em><\/p>\n<p style=\"text-align: justify;\">Ils \u00e9taient 6 Fran\u00e7ais qualifi\u00e9s en phase finale \u00e0 d\u00e9fendre leurs chances sur la piste italienne. Malheureusement, ils n&rsquo;\u00e9taient plus que 3 apr\u00e8s les 1\/8\u00e8mes de finale, apr\u00e8s les \u00e9liminations de <strong>Fran\u00e7ois Place<\/strong>, <strong>Youri Duplessis Kergomard<\/strong> et <strong>Jean-Fr\u00e9d\u00e9ric Chapuis<\/strong>. Et les d\u00e9ceptions ont continu\u00e9 tour apr\u00e8s tour, puisque sur les trois quarts de finaliste, seul <strong>Bastien Midol<\/strong> s&rsquo;est qualifi\u00e9 en demies puisque son fr\u00e8re <strong>Jonathan Midol<\/strong> et le leader du classement g\u00e9n\u00e9ral <strong>Terence Tchiknavorian<\/strong> ont \u00e9t\u00e9 \u00e9limin\u00e9s dans le m\u00eame run. Malgr\u00e9 tout, <strong>Bastien Midol<\/strong> parvient \u00e0 atteindre la finale o\u00f9 il terminera \u00e0 la deuxi\u00e8me place derri\u00e8re <strong>Rayan Regez<\/strong>, signant son 18\u00e8me podium en carri\u00e8re.<\/p>\n<blockquote class=\"twitter-tweet\">\n<p dir=\"ltr\" lang=\"fr\">PODIUM &#x1f1eb;&#x1f1f7;&#x1f1eb;&#x1f1f7;<\/p>\n<p>Bastien Midol 2e du Ski cross d\u2019Innichen !&#x1f948;&#x1f4aa;&#x1f3fc;<br \/>\nSon 3e podium cet hiver !&#x1f44f;&#x1f3fc;<\/p>\n<p>\u00c0 la suite d\u2019une chute en demi-finale, <a href=\"https:\/\/twitter.com\/MarielleBerger?ref_src=twsrc%5Etfw\">@MarielleBerger<\/a> n\u2019a pu d\u00e9fendre ses chances en finale. Elle termine 4e.<\/p>\n<p>&#x1f4f8; FFS <a href=\"https:\/\/t.co\/K6jVGgAlZc\">pic.twitter.com\/K6jVGgAlZc<\/a><\/p>\n<p>\u2014 FFS &#8211; F\u00e9d\u00e9ration Fran\u00e7aise de Ski (@FedFranceSki) <a href=\"https:\/\/twitter.com\/FedFranceSki\/status\/1472551489021353991?ref_src=twsrc%5Etfw\">December 19, 2021<\/a><\/p><\/blockquote>\n<p><script async src=\"https:\/\/platform.twitter.com\/widgets.js\" charset=\"utf-8\"><\/script><\/p>\n<p style=\"text-align: justify;\">Chez les femmes, <strong>Aliz\u00e9e Baron<\/strong> s&rsquo;arr\u00eate d\u00e8s les quarts et <strong>Marielle Berger-Sabbatel<\/strong>, auteure de deux podiums cette saison, passait en demi-finale en terminant deuxi\u00e8me de son run. En t\u00eate de sa demie, cette derni\u00e8re sera victime d&rsquo;une tr\u00e8s grosse chute sur un saut apr\u00e8s un contact avec une concurrente. Qualifi\u00e9e en grande finale apr\u00e8s d\u00e9classement, <strong>Marielle Berger-Sabbatel\u00a0<\/strong>n&rsquo;a pas pris le d\u00e9part de la finale. Au final <strong>Sandra Naeslund<\/strong> signe sa 4\u00e8me victoire de la saison et accroit son avance au classement g\u00e9n\u00e9ral, devant <strong>Fanny Smith<\/strong> et <strong>Brittany Phelan<\/strong>.<\/p>\n","protected":false},"excerpt":{"rendered":"<p>COUPE DU MONDE DE SKICROSS 2021-2022 &#8211; Pour cette cinqui\u00e8me \u00e9tape de Coupe du monde de skicross \u00e0 Innichen (Italie), les Fran\u00e7ais ont \u00e9t\u00e9 \u00e0 la peine. Entre sorties de piste, chute et blessure, Bastien Midol signe n\u00e9anmoins une belle 2\u00e8me place, son troisi\u00e8me podium de la saison.<\/p>\n","protected":false},"author":43,"featured_media":186731,"comment_status":"open","ping_status":"closed","sticky":false,"template":"","format":"standard","meta":{"_acf_changed":false,"_daextam_enable_autolinks":"","footnotes":""},"categories":[9217],"tags":[9411,2687,2947],"class_list":["post-186670","post","type-post","status-publish","format-standard","has-post-thumbnail","hentry","category-ski","tag-bastien-midol","tag-ski-freestyle","tag-skicross"],"acf":[],"yoast_head":"<!-- This site is optimized with the Yoast SEO Premium plugin v26.7 (Yoast SEO v26.7) - https:\/\/yoast.com\/wordpress\/plugins\/seo\/ -->\n<title>Coupe du monde de skicross : Bastien Midol sur le podium \u00e0 Innichen<\/title>\n<meta name=\"description\" content=\"Encore un podium pour l&#039;\u00e9quipe de France de skicross : Bastien Midol se classe 2eme \u00e0 Innichen pour son troisi\u00e8me podium cette saison.\" \/>\n<meta name=\"robots\" content=\"index, follow, max-snippet:-1, max-image-preview:large, max-video-preview:-1\" \/>\n<link rel=\"canonical\" href=\"https:\/\/dicodusport.fr\/blog\/coupe-du-monde-de-skicross-bastien-midol-sur-le-podium-a-innichen\/\" \/>\n<meta property=\"og:locale\" content=\"fr_FR\" \/>\n<meta property=\"og:type\" content=\"article\" \/>\n<meta property=\"og:title\" content=\"Coupe du monde de skicross : Bastien Midol sur le podium \u00e0 Innichen\" \/>\n<meta property=\"og:description\" content=\"Encore un podium pour l&#039;\u00e9quipe de France de skicross : Bastien Midol se classe 2eme \u00e0 Innichen pour son troisi\u00e8me podium cette saison.\" \/>\n<meta property=\"og:url\" content=\"https:\/\/dicodusport.fr\/blog\/coupe-du-monde-de-skicross-bastien-midol-sur-le-podium-a-innichen\/\" \/>\n<meta property=\"og:site_name\" content=\"Dicodusport\" \/>\n<meta property=\"article:publisher\" content=\"https:\/\/www.facebook.com\/dicodusport\" \/>\n<meta property=\"article:author\" content=\"https:\/\/www.facebook.com\/Max.Bld2\/\" \/>\n<meta property=\"article:published_time\" content=\"2021-12-19T13:06:43+00:00\" \/>\n<meta property=\"article:modified_time\" content=\"2021-12-19T16:22:36+00:00\" \/>\n<meta property=\"og:image\" content=\"https:\/\/dicodusport.fr\/blog\/wp-content\/uploads\/2021\/12\/Coupe-du-monde-de-skicross-Bastien-Midol-sur-le-podium-a-Innichen.png\" \/>\n\t<meta property=\"og:image:width\" content=\"800\" \/>\n\t<meta property=\"og:image:height\" content=\"445\" \/>\n\t<meta property=\"og:image:type\" content=\"image\/png\" \/>\n<meta name=\"author\" content=\"Maxime Boulard\" \/>\n<meta name=\"twitter:card\" content=\"summary_large_image\" \/>\n<meta name=\"twitter:title\" content=\"Coupe du monde de skicross : Bastien Midol sur le podium \u00e0 Innichen\" \/>\n<meta name=\"twitter:creator\" content=\"@https:\/\/twitter.com\/MaximeB_2\" \/>\n<meta name=\"twitter:site\" content=\"@dicodusport\" \/>\n<script type=\"application\/ld+json\" class=\"yoast-schema-graph\">{\"@context\":\"https:\/\/schema.org\",\"@graph\":[{\"@type\":\"NewsArticle\",\"@id\":\"https:\/\/dicodusport.fr\/blog\/coupe-du-monde-de-skicross-bastien-midol-sur-le-podium-a-innichen\/#article\",\"isPartOf\":{\"@id\":\"https:\/\/dicodusport.fr\/blog\/coupe-du-monde-de-skicross-bastien-midol-sur-le-podium-a-innichen\/\"},\"author\":{\"name\":\"Maxime Boulard\",\"@id\":\"https:\/\/dicodusport.fr\/blog\/#\/schema\/person\/5aab10ee856e86ac63e9819a9da34784\"},\"headline\":\"Coupe du monde de skicross : Bastien Midol sur le podium \u00e0 Innichen\",\"datePublished\":\"2021-12-19T13:06:43+00:00\",\"dateModified\":\"2021-12-19T16:22:36+00:00\",\"mainEntityOfPage\":{\"@id\":\"https:\/\/dicodusport.fr\/blog\/coupe-du-monde-de-skicross-bastien-midol-sur-le-podium-a-innichen\/\"},\"wordCount\":368,\"commentCount\":0,\"publisher\":{\"@id\":\"https:\/\/dicodusport.fr\/blog\/#organization\"},\"image\":{\"@id\":\"https:\/\/dicodusport.fr\/blog\/coupe-du-monde-de-skicross-bastien-midol-sur-le-podium-a-innichen\/#primaryimage\"},\"thumbnailUrl\":\"https:\/\/dicodusport.fr\/blog\/wp-content\/uploads\/2021\/12\/Coupe-du-monde-de-skicross-Bastien-Midol-sur-le-podium-a-Innichen.png\",\"keywords\":[\"Bastien Midol\",\"ski freestyle\",\"skicross\"],\"articleSection\":[\"Ski\"],\"inLanguage\":\"fr-FR\",\"potentialAction\":[{\"@type\":\"CommentAction\",\"name\":\"Comment\",\"target\":[\"https:\/\/dicodusport.fr\/blog\/coupe-du-monde-de-skicross-bastien-midol-sur-le-podium-a-innichen\/#respond\"]}],\"copyrightYear\":\"2021\",\"copyrightHolder\":{\"@id\":\"https:\/\/dicodusport.fr\/blog\/#organization\"}},{\"@type\":\"WebPage\",\"@id\":\"https:\/\/dicodusport.fr\/blog\/coupe-du-monde-de-skicross-bastien-midol-sur-le-podium-a-innichen\/\",\"url\":\"https:\/\/dicodusport.fr\/blog\/coupe-du-monde-de-skicross-bastien-midol-sur-le-podium-a-innichen\/\",\"name\":\"Coupe du monde de skicross : Bastien Midol sur le podium \u00e0 Innichen\",\"isPartOf\":{\"@id\":\"https:\/\/dicodusport.fr\/blog\/#website\"},\"primaryImageOfPage\":{\"@id\":\"https:\/\/dicodusport.fr\/blog\/coupe-du-monde-de-skicross-bastien-midol-sur-le-podium-a-innichen\/#primaryimage\"},\"image\":{\"@id\":\"https:\/\/dicodusport.fr\/blog\/coupe-du-monde-de-skicross-bastien-midol-sur-le-podium-a-innichen\/#primaryimage\"},\"thumbnailUrl\":\"https:\/\/dicodusport.fr\/blog\/wp-content\/uploads\/2021\/12\/Coupe-du-monde-de-skicross-Bastien-Midol-sur-le-podium-a-Innichen.png\",\"datePublished\":\"2021-12-19T13:06:43+00:00\",\"dateModified\":\"2021-12-19T16:22:36+00:00\",\"description\":\"Encore un podium pour l'\u00e9quipe de France de skicross : Bastien Midol se classe 2eme \u00e0 Innichen pour son troisi\u00e8me podium cette saison.\",\"breadcrumb\":{\"@id\":\"https:\/\/dicodusport.fr\/blog\/coupe-du-monde-de-skicross-bastien-midol-sur-le-podium-a-innichen\/#breadcrumb\"},\"inLanguage\":\"fr-FR\",\"potentialAction\":[{\"@type\":\"ReadAction\",\"target\":[\"https:\/\/dicodusport.fr\/blog\/coupe-du-monde-de-skicross-bastien-midol-sur-le-podium-a-innichen\/\"]}]},{\"@type\":\"ImageObject\",\"inLanguage\":\"fr-FR\",\"@id\":\"https:\/\/dicodusport.fr\/blog\/coupe-du-monde-de-skicross-bastien-midol-sur-le-podium-a-innichen\/#primaryimage\",\"url\":\"https:\/\/dicodusport.fr\/blog\/wp-content\/uploads\/2021\/12\/Coupe-du-monde-de-skicross-Bastien-Midol-sur-le-podium-a-Innichen.png\",\"contentUrl\":\"https:\/\/dicodusport.fr\/blog\/wp-content\/uploads\/2021\/12\/Coupe-du-monde-de-skicross-Bastien-Midol-sur-le-podium-a-Innichen.png\",\"width\":800,\"height\":445,\"caption\":\"Coupe du monde de skicross Bastien Midol sur le podium \u00e0 Innichen\"},{\"@type\":\"BreadcrumbList\",\"@id\":\"https:\/\/dicodusport.fr\/blog\/coupe-du-monde-de-skicross-bastien-midol-sur-le-podium-a-innichen\/#breadcrumb\",\"itemListElement\":[{\"@type\":\"ListItem\",\"position\":1,\"name\":\"Accueil\",\"item\":\"https:\/\/dicodusport.fr\/blog\/\"},{\"@type\":\"ListItem\",\"position\":2,\"name\":\"Coupe du monde de skicross : Bastien Midol sur le podium \u00e0 Innichen\"}]},{\"@type\":\"WebSite\",\"@id\":\"https:\/\/dicodusport.fr\/blog\/#website\",\"url\":\"https:\/\/dicodusport.fr\/blog\/\",\"name\":\"Dicodusport\",\"description\":\"L&#039;encyclop\u00e9die de l&#039;actualit\u00e9 sportive\",\"publisher\":{\"@id\":\"https:\/\/dicodusport.fr\/blog\/#organization\"},\"potentialAction\":[{\"@type\":\"SearchAction\",\"target\":{\"@type\":\"EntryPoint\",\"urlTemplate\":\"https:\/\/dicodusport.fr\/blog\/?s={search_term_string}\"},\"query-input\":{\"@type\":\"PropertyValueSpecification\",\"valueRequired\":true,\"valueName\":\"search_term_string\"}}],\"inLanguage\":\"fr-FR\"},{\"@type\":\"NewsMediaOrganization\",\"@id\":\"https:\/\/dicodusport.fr\/blog\/#organization\",\"name\":\"Dicodusport\",\"url\":\"https:\/\/dicodusport.fr\/blog\/\",\"logo\":{\"@type\":\"ImageObject\",\"inLanguage\":\"fr-FR\",\"@id\":\"https:\/\/dicodusport.fr\/blog\/#\/schema\/logo\/image\/\",\"url\":\"https:\/\/dicodusport.fr\/blog\/wp-content\/uploads\/2020\/06\/cropped-LOGO-DICODUSPORT-2020-SANS-FOND-SANS-TEXTE.png\",\"contentUrl\":\"https:\/\/dicodusport.fr\/blog\/wp-content\/uploads\/2020\/06\/cropped-LOGO-DICODUSPORT-2020-SANS-FOND-SANS-TEXTE.png\",\"width\":512,\"height\":512,\"caption\":\"Dicodusport\"},\"image\":{\"@id\":\"https:\/\/dicodusport.fr\/blog\/#\/schema\/logo\/image\/\"},\"sameAs\":[\"https:\/\/www.facebook.com\/dicodusport\",\"https:\/\/x.com\/dicodusport\",\"https:\/\/www.instagram.com\/dicodusport\/\",\"https:\/\/www.youtube.com\/channel\/UC7V2KZ5sd3htJivAbA4ZG3w\"],\"description\":\"Dicodusport est l'encyclop\u00e9die de l'actualit\u00e9 sportive.\",\"email\":\"bonjour@dicodusport.fr\",\"legalName\":\"DICODUSPORT\",\"foundingDate\":\"2018-01-14\",\"vatID\":\"FR71834470973\",\"taxID\":\"83447097300043\",\"numberOfEmployees\":{\"@type\":\"QuantitativeValue\",\"minValue\":\"1\",\"maxValue\":\"10\"}},{\"@type\":\"Person\",\"@id\":\"https:\/\/dicodusport.fr\/blog\/#\/schema\/person\/5aab10ee856e86ac63e9819a9da34784\",\"name\":\"Maxime Boulard\",\"image\":{\"@type\":\"ImageObject\",\"inLanguage\":\"fr-FR\",\"@id\":\"https:\/\/dicodusport.fr\/blog\/#\/schema\/person\/image\/\",\"url\":\"https:\/\/dicodusport.fr\/blog\/wp-content\/uploads\/2021\/05\/Maxime-Boulard-150x150.jpg\",\"contentUrl\":\"https:\/\/dicodusport.fr\/blog\/wp-content\/uploads\/2021\/05\/Maxime-Boulard-150x150.jpg\",\"caption\":\"Maxime Boulard\"},\"description\":\"Journaliste\/r\u00e9dacteur depuis octobre 2020 - Si mon plus vieux souvenir de sport aurait pu m'en d\u00e9go\u00fbter, la finale de la Coupe du monde 2006 a \u00e9t\u00e9 tout le contraire. V\u00e9ritable d\u00e9clencheur d'une passion qui aujourd'hui ne fait que grandir avec le temps, mon leitmotiv est la France qui brille ! Je relate les exploits pass\u00e9s et pr\u00e9sents du sport bleu-blanc-rouge sans m\u00e9nagement depuis octobre 2020. Sport valide ou handisport, aucune diff\u00e9rence, il n'y a que du sport et plusieurs fa\u00e7ons de le pratiquer.\",\"sameAs\":[\"https:\/\/www.facebook.com\/Max.Bld2\/\",\"https:\/\/x.com\/https:\/\/twitter.com\/MaximeB_2\"],\"url\":\"https:\/\/dicodusport.fr\/blog\/author\/maxime-b\/\"}]}<\/script>\n<!-- \/ Yoast SEO Premium plugin. -->","yoast_head_json":{"title":"Coupe du monde de skicross : Bastien Midol sur le podium \u00e0 Innichen","description":"Encore un podium pour l'\u00e9quipe de France de skicross : Bastien Midol se classe 2eme \u00e0 Innichen pour son troisi\u00e8me podium cette saison.","robots":{"index":"index","follow":"follow","max-snippet":"max-snippet:-1","max-image-preview":"max-image-preview:large","max-video-preview":"max-video-preview:-1"},"canonical":"https:\/\/dicodusport.fr\/blog\/coupe-du-monde-de-skicross-bastien-midol-sur-le-podium-a-innichen\/","og_locale":"fr_FR","og_type":"article","og_title":"Coupe du monde de skicross : Bastien Midol sur le podium \u00e0 Innichen","og_description":"Encore un podium pour l'\u00e9quipe de France de skicross : Bastien Midol se classe 2eme \u00e0 Innichen pour son troisi\u00e8me podium cette saison.","og_url":"https:\/\/dicodusport.fr\/blog\/coupe-du-monde-de-skicross-bastien-midol-sur-le-podium-a-innichen\/","og_site_name":"Dicodusport","article_publisher":"https:\/\/www.facebook.com\/dicodusport","article_author":"https:\/\/www.facebook.com\/Max.Bld2\/","article_published_time":"2021-12-19T13:06:43+00:00","article_modified_time":"2021-12-19T16:22:36+00:00","og_image":[{"width":800,"height":445,"url":"https:\/\/dicodusport.fr\/blog\/wp-content\/uploads\/2021\/12\/Coupe-du-monde-de-skicross-Bastien-Midol-sur-le-podium-a-Innichen.png","type":"image\/png"}],"author":"Maxime Boulard","twitter_card":"summary_large_image","twitter_title":"Coupe du monde de skicross : Bastien Midol sur le podium \u00e0 Innichen","twitter_creator":"@https:\/\/twitter.com\/MaximeB_2","twitter_site":"@dicodusport","schema":{"@context":"https:\/\/schema.org","@graph":[{"@type":"NewsArticle","@id":"https:\/\/dicodusport.fr\/blog\/coupe-du-monde-de-skicross-bastien-midol-sur-le-podium-a-innichen\/#article","isPartOf":{"@id":"https:\/\/dicodusport.fr\/blog\/coupe-du-monde-de-skicross-bastien-midol-sur-le-podium-a-innichen\/"},"author":{"name":"Maxime Boulard","@id":"https:\/\/dicodusport.fr\/blog\/#\/schema\/person\/5aab10ee856e86ac63e9819a9da34784"},"headline":"Coupe du monde de skicross : Bastien Midol sur le podium \u00e0 Innichen","datePublished":"2021-12-19T13:06:43+00:00","dateModified":"2021-12-19T16:22:36+00:00","mainEntityOfPage":{"@id":"https:\/\/dicodusport.fr\/blog\/coupe-du-monde-de-skicross-bastien-midol-sur-le-podium-a-innichen\/"},"wordCount":368,"commentCount":0,"publisher":{"@id":"https:\/\/dicodusport.fr\/blog\/#organization"},"image":{"@id":"https:\/\/dicodusport.fr\/blog\/coupe-du-monde-de-skicross-bastien-midol-sur-le-podium-a-innichen\/#primaryimage"},"thumbnailUrl":"https:\/\/dicodusport.fr\/blog\/wp-content\/uploads\/2021\/12\/Coupe-du-monde-de-skicross-Bastien-Midol-sur-le-podium-a-Innichen.png","keywords":["Bastien Midol","ski freestyle","skicross"],"articleSection":["Ski"],"inLanguage":"fr-FR","potentialAction":[{"@type":"CommentAction","name":"Comment","target":["https:\/\/dicodusport.fr\/blog\/coupe-du-monde-de-skicross-bastien-midol-sur-le-podium-a-innichen\/#respond"]}],"copyrightYear":"2021","copyrightHolder":{"@id":"https:\/\/dicodusport.fr\/blog\/#organization"}},{"@type":"WebPage","@id":"https:\/\/dicodusport.fr\/blog\/coupe-du-monde-de-skicross-bastien-midol-sur-le-podium-a-innichen\/","url":"https:\/\/dicodusport.fr\/blog\/coupe-du-monde-de-skicross-bastien-midol-sur-le-podium-a-innichen\/","name":"Coupe du monde de skicross : Bastien Midol sur le podium \u00e0 Innichen","isPartOf":{"@id":"https:\/\/dicodusport.fr\/blog\/#website"},"primaryImageOfPage":{"@id":"https:\/\/dicodusport.fr\/blog\/coupe-du-monde-de-skicross-bastien-midol-sur-le-podium-a-innichen\/#primaryimage"},"image":{"@id":"https:\/\/dicodusport.fr\/blog\/coupe-du-monde-de-skicross-bastien-midol-sur-le-podium-a-innichen\/#primaryimage"},"thumbnailUrl":"https:\/\/dicodusport.fr\/blog\/wp-content\/uploads\/2021\/12\/Coupe-du-monde-de-skicross-Bastien-Midol-sur-le-podium-a-Innichen.png","datePublished":"2021-12-19T13:06:43+00:00","dateModified":"2021-12-19T16:22:36+00:00","description":"Encore un podium pour l'\u00e9quipe de France de skicross : Bastien Midol se classe 2eme \u00e0 Innichen pour son troisi\u00e8me podium cette saison.","breadcrumb":{"@id":"https:\/\/dicodusport.fr\/blog\/coupe-du-monde-de-skicross-bastien-midol-sur-le-podium-a-innichen\/#breadcrumb"},"inLanguage":"fr-FR","potentialAction":[{"@type":"ReadAction","target":["https:\/\/dicodusport.fr\/blog\/coupe-du-monde-de-skicross-bastien-midol-sur-le-podium-a-innichen\/"]}]},{"@type":"ImageObject","inLanguage":"fr-FR","@id":"https:\/\/dicodusport.fr\/blog\/coupe-du-monde-de-skicross-bastien-midol-sur-le-podium-a-innichen\/#primaryimage","url":"https:\/\/dicodusport.fr\/blog\/wp-content\/uploads\/2021\/12\/Coupe-du-monde-de-skicross-Bastien-Midol-sur-le-podium-a-Innichen.png","contentUrl":"https:\/\/dicodusport.fr\/blog\/wp-content\/uploads\/2021\/12\/Coupe-du-monde-de-skicross-Bastien-Midol-sur-le-podium-a-Innichen.png","width":800,"height":445,"caption":"Coupe du monde de skicross Bastien Midol sur le podium \u00e0 Innichen"},{"@type":"BreadcrumbList","@id":"https:\/\/dicodusport.fr\/blog\/coupe-du-monde-de-skicross-bastien-midol-sur-le-podium-a-innichen\/#breadcrumb","itemListElement":[{"@type":"ListItem","position":1,"name":"Accueil","item":"https:\/\/dicodusport.fr\/blog\/"},{"@type":"ListItem","position":2,"name":"Coupe du monde de skicross : Bastien Midol sur le podium \u00e0 Innichen"}]},{"@type":"WebSite","@id":"https:\/\/dicodusport.fr\/blog\/#website","url":"https:\/\/dicodusport.fr\/blog\/","name":"Dicodusport","description":"L&#039;encyclop\u00e9die de l&#039;actualit\u00e9 sportive","publisher":{"@id":"https:\/\/dicodusport.fr\/blog\/#organization"},"potentialAction":[{"@type":"SearchAction","target":{"@type":"EntryPoint","urlTemplate":"https:\/\/dicodusport.fr\/blog\/?s={search_term_string}"},"query-input":{"@type":"PropertyValueSpecification","valueRequired":true,"valueName":"search_term_string"}}],"inLanguage":"fr-FR"},{"@type":"NewsMediaOrganization","@id":"https:\/\/dicodusport.fr\/blog\/#organization","name":"Dicodusport","url":"https:\/\/dicodusport.fr\/blog\/","logo":{"@type":"ImageObject","inLanguage":"fr-FR","@id":"https:\/\/dicodusport.fr\/blog\/#\/schema\/logo\/image\/","url":"https:\/\/dicodusport.fr\/blog\/wp-content\/uploads\/2020\/06\/cropped-LOGO-DICODUSPORT-2020-SANS-FOND-SANS-TEXTE.png","contentUrl":"https:\/\/dicodusport.fr\/blog\/wp-content\/uploads\/2020\/06\/cropped-LOGO-DICODUSPORT-2020-SANS-FOND-SANS-TEXTE.png","width":512,"height":512,"caption":"Dicodusport"},"image":{"@id":"https:\/\/dicodusport.fr\/blog\/#\/schema\/logo\/image\/"},"sameAs":["https:\/\/www.facebook.com\/dicodusport","https:\/\/x.com\/dicodusport","https:\/\/www.instagram.com\/dicodusport\/","https:\/\/www.youtube.com\/channel\/UC7V2KZ5sd3htJivAbA4ZG3w"],"description":"Dicodusport est l'encyclop\u00e9die de l'actualit\u00e9 sportive.","email":"bonjour@dicodusport.fr","legalName":"DICODUSPORT","foundingDate":"2018-01-14","vatID":"FR71834470973","taxID":"83447097300043","numberOfEmployees":{"@type":"QuantitativeValue","minValue":"1","maxValue":"10"}},{"@type":"Person","@id":"https:\/\/dicodusport.fr\/blog\/#\/schema\/person\/5aab10ee856e86ac63e9819a9da34784","name":"Maxime Boulard","image":{"@type":"ImageObject","inLanguage":"fr-FR","@id":"https:\/\/dicodusport.fr\/blog\/#\/schema\/person\/image\/","url":"https:\/\/dicodusport.fr\/blog\/wp-content\/uploads\/2021\/05\/Maxime-Boulard-150x150.jpg","contentUrl":"https:\/\/dicodusport.fr\/blog\/wp-content\/uploads\/2021\/05\/Maxime-Boulard-150x150.jpg","caption":"Maxime Boulard"},"description":"Journaliste\/r\u00e9dacteur depuis octobre 2020 - Si mon plus vieux souvenir de sport aurait pu m'en d\u00e9go\u00fbter, la finale de la Coupe du monde 2006 a \u00e9t\u00e9 tout le contraire. V\u00e9ritable d\u00e9clencheur d'une passion qui aujourd'hui ne fait que grandir avec le temps, mon leitmotiv est la France qui brille ! Je relate les exploits pass\u00e9s et pr\u00e9sents du sport bleu-blanc-rouge sans m\u00e9nagement depuis octobre 2020. Sport valide ou handisport, aucune diff\u00e9rence, il n'y a que du sport et plusieurs fa\u00e7ons de le pratiquer.","sameAs":["https:\/\/www.facebook.com\/Max.Bld2\/","https:\/\/x.com\/https:\/\/twitter.com\/MaximeB_2"],"url":"https:\/\/dicodusport.fr\/blog\/author\/maxime-b\/"}]}},"_links":{"self":[{"href":"https:\/\/dicodusport.fr\/blog\/wp-json\/wp\/v2\/posts\/186670","targetHints":{"allow":["GET"]}}],"collection":[{"href":"https:\/\/dicodusport.fr\/blog\/wp-json\/wp\/v2\/posts"}],"about":[{"href":"https:\/\/dicodusport.fr\/blog\/wp-json\/wp\/v2\/types\/post"}],"author":[{"embeddable":true,"href":"https:\/\/dicodusport.fr\/blog\/wp-json\/wp\/v2\/users\/43"}],"replies":[{"embeddable":true,"href":"https:\/\/dicodusport.fr\/blog\/wp-json\/wp\/v2\/comments?post=186670"}],"version-history":[{"count":0,"href":"https:\/\/dicodusport.fr\/blog\/wp-json\/wp\/v2\/posts\/186670\/revisions"}],"wp:featuredmedia":[{"embeddable":true,"href":"https:\/\/dicodusport.fr\/blog\/wp-json\/wp\/v2\/media\/186731"}],"wp:attachment":[{"href":"https:\/\/dicodusport.fr\/blog\/wp-json\/wp\/v2\/media?parent=186670"}],"wp:term":[{"taxonomy":"category","embeddable":true,"href":"https:\/\/dicodusport.fr\/blog\/wp-json\/wp\/v2\/categories?post=186670"},{"taxonomy":"post_tag","embeddable":true,"href":"https:\/\/dicodusport.fr\/blog\/wp-json\/wp\/v2\/tags?post=186670"}],"curies":[{"name":"wp","href":"https:\/\/api.w.org\/{rel}","templated":true}]}}