{"id":186923,"date":"2021-12-20T13:25:47","date_gmt":"2021-12-20T12:25:47","guid":{"rendered":"https:\/\/dicodusport.fr\/blog\/?p=186923&#038;preview=true&#038;preview_id=186923"},"modified":"2025-11-20T18:28:18","modified_gmt":"2025-11-20T17:28:18","slug":"equipe-francaise-2021-mahut-herbert-12eme-la-paire-d-as","status":"publish","type":"post","link":"https:\/\/dicodusport.fr\/blog\/equipe-francaise-2021-mahut-herbert-12eme-la-paire-d-as\/","title":{"rendered":"\u00c9quipe fran\u00e7aise 2021 : Mahut-Herbert (12\u00e8me), la paire d&rsquo;as"},"content":{"rendered":"<p style=\"text-align: justify;\"><strong><em>MULTISPORTS &#8211; C&rsquo;est l&rsquo;heure de commencer \u00e0 d\u00e9voiler votre top 12 des \u00e9quipes fran\u00e7aises de l&rsquo;ann\u00e9e 2021 ! Jusqu&rsquo;au 31 d\u00e9cembre, nous allons d\u00e9rouler votre classement, jusqu&rsquo;\u00e0 ce que le nom de L&rsquo;\u00c9quipe fran\u00e7aise 2021 soit d\u00e9voil\u00e9. Douzi\u00e8me, on retrouve la paire Nicolas Mahut &#8211; Pierre-Hugues Herbert.<\/em><\/strong><\/p>\n<p style=\"text-align: justify;\">Une fois de plus, <strong>Nicolas Mahut<\/strong> &#8211; <strong>Pierre-Hugues Herbert<\/strong> ont r\u00e9alis\u00e9 une saison de qualit\u00e9, ensemble. Vainqueurs de 4 titres en 2021, <strong>les Fran\u00e7ais en ont profit\u00e9 pour s&rsquo;offrir un cinqui\u00e8me titre en Grand Chelem<\/strong>, et pas n&rsquo;importe o\u00f9. En effet, c&rsquo;est \u00e0 Roland-Garros que les deux comp\u00e8res ont apport\u00e9 un peu de lumi\u00e8re au tennis fran\u00e7ais, en s&rsquo;adjugeant un deuxi\u00e8me sacre Porte d&rsquo;Auteuil. En finale, ils sont venus \u00e0 bout des Kazakhs Golubev et Bublik, en s&rsquo;imposant 4-6, 7-6, 6-4, alors que leurs adversaires servaient pour le match dans le second set. Leur sp\u00e9ciale !<\/p>\n<p><span class=\"6BzA0lZGcpjV9qr4sIXJNknLgY71duhvFfyCeboM\"><\/p>\n<blockquote class=\"wp-embedded-content\" data-secret=\"wnqcR2iYeF\"><p><a href=\"https:\/\/dicodusport.fr\/blog\/roland-garros-mahut-et-herbert-sacres-pour-la-deuxieme-fois\/\">Roland-Garros : Nicolas Mahut et Pierre-Hugues Herbert sacr\u00e9s pour la deuxi\u00e8me fois !<\/a><\/p><\/blockquote>\n<p><iframe loading=\"lazy\" class=\"wp-embedded-content\" sandbox=\"allow-scripts\" security=\"restricted\" style=\"position: absolute; clip: rect(1px, 1px, 1px, 1px);\" title=\"\u00ab\u00a0Roland-Garros : Nicolas Mahut et Pierre-Hugues Herbert sacr\u00e9s pour la deuxi\u00e8me fois !\u00a0\u00bb &#8212; Dicodusport\" src=\"https:\/\/dicodusport.fr\/blog\/roland-garros-mahut-et-herbert-sacres-pour-la-deuxieme-fois\/embed\/#?secret=wnqcR2iYeF\" data-secret=\"wnqcR2iYeF\" width=\"600\" height=\"338\" frameborder=\"0\" marginwidth=\"0\" marginheight=\"0\" scrolling=\"no\"><\/iframe><\/span><\/p>\n<h2 style=\"text-align: justify;\">Un Masters en plus, mais des JO manqu\u00e9s<\/h2>\n<p style=\"text-align: justify;\">Cinq mois plus tard, c&rsquo;est \u00e0 Turin que le duo tricolore a fait parler la poudre. <a href=\"https:\/\/dicodusport.fr\/blog\/finales-atp-paire-herbert-mahut-sacree-a-turin\/\"><strong>Les Bleus sont all\u00e9s chercher un deuxi\u00e8me titre au Masters<\/strong><\/a>, en dominant en finale la paire Ram\/Salisbury, 6-4, 7-6. Un succ\u00e8s qui leur a permis de conforter leur statut de paire de double majeure du circuit.<\/p>\n<p style=\"text-align: justify;\">Malheureusement, 2021 est synonyme de couac pour la paire fran\u00e7ais, et pas des moindres. D\u00e9j\u00e0 \u00e9limin\u00e9s au premier tour des JO de Rio en 2016, <strong>Mahut<\/strong> et <strong>Herbert<\/strong> ont encore une fois \u00e9chou\u00e9 d\u00e8s leur entr\u00e9e en lice \u00e0 Tokyo, face aux deux Britanniques Andy Murray er Joe Salisbury en deux sets secs (6-3, 6-2) et 75 minutes de jeu. Pour le moment, le Graal se refuse \u00e0 eux. Parviendront-ils \u00e0 conjurer le sort en 2024, \u00e0 domicile ? On ne demande que \u00e7a, pour un tandem qui porte sur ses \u00e9paules le tennis tricolore en termes de grands r\u00e9sultats.<\/p>\n<div id=\"attachment_186961\" style=\"width: 750px\" class=\"wp-caption aligncenter\"><img loading=\"lazy\" decoding=\"async\" aria-describedby=\"caption-attachment-186961\" class=\"size-large wp-image-186961\" src=\"https:\/\/dicodusport.fr\/blog\/wp-content\/uploads\/2021\/12\/La-paire-Mahut-Herbert-12eme-de-votre-classement-de-LEquipe-francaise-de-lannee-2021-1024x1024.png\" alt=\"La paire Mahut - Herbert, 12\u00e8me de votre classement de L'\u00c9quipe fran\u00e7aise de l'ann\u00e9e 2021\" width=\"740\" height=\"740\" srcset=\"https:\/\/dicodusport.fr\/blog\/wp-content\/uploads\/2021\/12\/La-paire-Mahut-Herbert-12eme-de-votre-classement-de-LEquipe-francaise-de-lannee-2021-1024x1024.png 1024w, https:\/\/dicodusport.fr\/blog\/wp-content\/uploads\/2021\/12\/La-paire-Mahut-Herbert-12eme-de-votre-classement-de-LEquipe-francaise-de-lannee-2021-300x300.png 300w, https:\/\/dicodusport.fr\/blog\/wp-content\/uploads\/2021\/12\/La-paire-Mahut-Herbert-12eme-de-votre-classement-de-LEquipe-francaise-de-lannee-2021-150x150.png 150w, https:\/\/dicodusport.fr\/blog\/wp-content\/uploads\/2021\/12\/La-paire-Mahut-Herbert-12eme-de-votre-classement-de-LEquipe-francaise-de-lannee-2021-768x768.png 768w, https:\/\/dicodusport.fr\/blog\/wp-content\/uploads\/2021\/12\/La-paire-Mahut-Herbert-12eme-de-votre-classement-de-LEquipe-francaise-de-lannee-2021-80x80.png 80w, https:\/\/dicodusport.fr\/blog\/wp-content\/uploads\/2021\/12\/La-paire-Mahut-Herbert-12eme-de-votre-classement-de-LEquipe-francaise-de-lannee-2021.png 1200w\" sizes=\"auto, (max-width: 740px) 100vw, 740px\" \/><p id=\"caption-attachment-186961\" class=\"wp-caption-text\">La paire Mahut &#8211; Herbert, 12\u00e8me de votre classement de L&rsquo;\u00c9quipe fran\u00e7aise de l&rsquo;ann\u00e9e 2021<\/p><\/div>\n","protected":false},"excerpt":{"rendered":"<p>MULTISPORTS &#8211; C&rsquo;est l&rsquo;heure de commencer \u00e0 d\u00e9voiler votre top 12 des \u00e9quipes fran\u00e7aises de l&rsquo;ann\u00e9e 2021 ! Jusqu&rsquo;au 31 d\u00e9cembre, nous allons d\u00e9rouler votre classement, jusqu&rsquo;\u00e0 ce que le nom de L&rsquo;\u00c9quipe fran\u00e7aise 2021 soit d\u00e9voil\u00e9. Douzi\u00e8me, on retrouve la paire Nicolas Mahut &#8211; Pierre-Hugues Herbert.<\/p>\n","protected":false},"author":4,"featured_media":186954,"comment_status":"open","ping_status":"closed","sticky":false,"template":"","format":"standard","meta":{"_acf_changed":false,"_daextam_enable_autolinks":"","footnotes":""},"categories":[2316,2302],"tags":[2541,4200,20621,136],"class_list":["post-186923","post","type-post","status-publish","format-standard","has-post-thumbnail","hentry","category-tous-les-sports","category-tennis","tag-nicolas-mahut","tag-pierre-hugues-herbert","tag-recompenses-tricolores","tag-tennis"],"acf":[],"yoast_head":"<!-- This site is optimized with the Yoast SEO Premium plugin v26.7 (Yoast SEO v26.7) - https:\/\/yoast.com\/wordpress\/plugins\/seo\/ -->\n<title>\u00c9quipe fran\u00e7aise 2021 : Mahut-Herbert (12\u00e8me), la paire d&#039;as<\/title>\n<meta name=\"description\" content=\"MULTISPORTS - C&#039;est l&#039;heure de commencer \u00e0 d\u00e9voiler votre top 12 des \u00e9quipes fran\u00e7aises de l&#039;ann\u00e9e 2021 ! Nicolas Mahut - Pierre-Hugues Herbert sont douzi\u00e8mes.\" \/>\n<meta name=\"robots\" content=\"index, follow, max-snippet:-1, max-image-preview:large, max-video-preview:-1\" \/>\n<link rel=\"canonical\" href=\"https:\/\/dicodusport.fr\/blog\/equipe-francaise-2021-mahut-herbert-12eme-la-paire-d-as\/\" \/>\n<meta property=\"og:locale\" content=\"fr_FR\" \/>\n<meta property=\"og:type\" content=\"article\" \/>\n<meta property=\"og:title\" content=\"\u00c9quipe fran\u00e7aise 2021 : Mahut-Herbert (12\u00e8me), la paire d&#039;as\" \/>\n<meta property=\"og:description\" content=\"MULTISPORTS - C&#039;est l&#039;heure de commencer \u00e0 d\u00e9voiler votre top 12 des \u00e9quipes fran\u00e7aises de l&#039;ann\u00e9e 2021 ! Nicolas Mahut - Pierre-Hugues Herbert sont douzi\u00e8mes.\" \/>\n<meta property=\"og:url\" content=\"https:\/\/dicodusport.fr\/blog\/equipe-francaise-2021-mahut-herbert-12eme-la-paire-d-as\/\" \/>\n<meta property=\"og:site_name\" content=\"Dicodusport\" \/>\n<meta property=\"article:publisher\" content=\"https:\/\/www.facebook.com\/dicodusport\" \/>\n<meta property=\"article:author\" content=\"https:\/\/www.facebook.com\/florent.ostermann\" \/>\n<meta property=\"article:published_time\" content=\"2021-12-20T12:25:47+00:00\" \/>\n<meta property=\"article:modified_time\" content=\"2025-11-20T17:28:18+00:00\" \/>\n<meta property=\"og:image\" content=\"https:\/\/dicodusport.fr\/blog\/wp-content\/uploads\/2021\/12\/LEquipe-francaise-2021-Mahut-Herbert-12eme-la-paire-das.png\" \/>\n\t<meta property=\"og:image:width\" content=\"800\" \/>\n\t<meta property=\"og:image:height\" content=\"445\" \/>\n\t<meta property=\"og:image:type\" content=\"image\/png\" \/>\n<meta name=\"author\" content=\"Flo Ostermann\" \/>\n<meta name=\"twitter:card\" content=\"summary_large_image\" \/>\n<meta name=\"twitter:title\" content=\"\u00c9quipe fran\u00e7aise 2021 : Mahut-Herbert (12\u00e8me), la paire d&#039;as\" \/>\n<meta name=\"twitter:creator\" content=\"@https:\/\/twitter.com\/FlOstermann\" \/>\n<meta name=\"twitter:site\" content=\"@dicodusport\" \/>\n<script type=\"application\/ld+json\" class=\"yoast-schema-graph\">{\"@context\":\"https:\/\/schema.org\",\"@graph\":[{\"@type\":\"NewsArticle\",\"@id\":\"https:\/\/dicodusport.fr\/blog\/equipe-francaise-2021-mahut-herbert-12eme-la-paire-d-as\/#article\",\"isPartOf\":{\"@id\":\"https:\/\/dicodusport.fr\/blog\/equipe-francaise-2021-mahut-herbert-12eme-la-paire-d-as\/\"},\"author\":{\"name\":\"Flo Ostermann\",\"@id\":\"https:\/\/dicodusport.fr\/blog\/#\/schema\/person\/cb02af4c173ce4a653b55e9baf388d4a\"},\"headline\":\"\u00c9quipe fran\u00e7aise 2021 : Mahut-Herbert (12\u00e8me), la paire d&rsquo;as\",\"datePublished\":\"2021-12-20T12:25:47+00:00\",\"dateModified\":\"2025-11-20T17:28:18+00:00\",\"mainEntityOfPage\":{\"@id\":\"https:\/\/dicodusport.fr\/blog\/equipe-francaise-2021-mahut-herbert-12eme-la-paire-d-as\/\"},\"wordCount\":362,\"commentCount\":0,\"publisher\":{\"@id\":\"https:\/\/dicodusport.fr\/blog\/#organization\"},\"image\":{\"@id\":\"https:\/\/dicodusport.fr\/blog\/equipe-francaise-2021-mahut-herbert-12eme-la-paire-d-as\/#primaryimage\"},\"thumbnailUrl\":\"https:\/\/dicodusport.fr\/blog\/wp-content\/uploads\/2021\/12\/LEquipe-francaise-2021-Mahut-Herbert-12eme-la-paire-das.png\",\"keywords\":[\"Nicolas Mahut\",\"Pierre-Hugues Herbert\",\"R\u00e9compenses tricolores\",\"Tennis\"],\"articleSection\":[\"Sports\",\"Tennis\"],\"inLanguage\":\"fr-FR\",\"potentialAction\":[{\"@type\":\"CommentAction\",\"name\":\"Comment\",\"target\":[\"https:\/\/dicodusport.fr\/blog\/equipe-francaise-2021-mahut-herbert-12eme-la-paire-d-as\/#respond\"]}],\"copyrightYear\":\"2021\",\"copyrightHolder\":{\"@id\":\"https:\/\/dicodusport.fr\/blog\/#organization\"}},{\"@type\":\"WebPage\",\"@id\":\"https:\/\/dicodusport.fr\/blog\/equipe-francaise-2021-mahut-herbert-12eme-la-paire-d-as\/\",\"url\":\"https:\/\/dicodusport.fr\/blog\/equipe-francaise-2021-mahut-herbert-12eme-la-paire-d-as\/\",\"name\":\"\u00c9quipe fran\u00e7aise 2021 : Mahut-Herbert (12\u00e8me), la paire d'as\",\"isPartOf\":{\"@id\":\"https:\/\/dicodusport.fr\/blog\/#website\"},\"primaryImageOfPage\":{\"@id\":\"https:\/\/dicodusport.fr\/blog\/equipe-francaise-2021-mahut-herbert-12eme-la-paire-d-as\/#primaryimage\"},\"image\":{\"@id\":\"https:\/\/dicodusport.fr\/blog\/equipe-francaise-2021-mahut-herbert-12eme-la-paire-d-as\/#primaryimage\"},\"thumbnailUrl\":\"https:\/\/dicodusport.fr\/blog\/wp-content\/uploads\/2021\/12\/LEquipe-francaise-2021-Mahut-Herbert-12eme-la-paire-das.png\",\"datePublished\":\"2021-12-20T12:25:47+00:00\",\"dateModified\":\"2025-11-20T17:28:18+00:00\",\"description\":\"MULTISPORTS - C'est l'heure de commencer \u00e0 d\u00e9voiler votre top 12 des \u00e9quipes fran\u00e7aises de l'ann\u00e9e 2021 ! Nicolas Mahut - Pierre-Hugues Herbert sont douzi\u00e8mes.\",\"breadcrumb\":{\"@id\":\"https:\/\/dicodusport.fr\/blog\/equipe-francaise-2021-mahut-herbert-12eme-la-paire-d-as\/#breadcrumb\"},\"inLanguage\":\"fr-FR\",\"potentialAction\":[{\"@type\":\"ReadAction\",\"target\":[\"https:\/\/dicodusport.fr\/blog\/equipe-francaise-2021-mahut-herbert-12eme-la-paire-d-as\/\"]}]},{\"@type\":\"ImageObject\",\"inLanguage\":\"fr-FR\",\"@id\":\"https:\/\/dicodusport.fr\/blog\/equipe-francaise-2021-mahut-herbert-12eme-la-paire-d-as\/#primaryimage\",\"url\":\"https:\/\/dicodusport.fr\/blog\/wp-content\/uploads\/2021\/12\/LEquipe-francaise-2021-Mahut-Herbert-12eme-la-paire-das.png\",\"contentUrl\":\"https:\/\/dicodusport.fr\/blog\/wp-content\/uploads\/2021\/12\/LEquipe-francaise-2021-Mahut-Herbert-12eme-la-paire-das.png\",\"width\":800,\"height\":445,\"caption\":\"L'\u00c9quipe fran\u00e7aise 2021 - Mahut-Herbert (12\u00e8me), la paire d'as\"},{\"@type\":\"BreadcrumbList\",\"@id\":\"https:\/\/dicodusport.fr\/blog\/equipe-francaise-2021-mahut-herbert-12eme-la-paire-d-as\/#breadcrumb\",\"itemListElement\":[{\"@type\":\"ListItem\",\"position\":1,\"name\":\"Accueil\",\"item\":\"https:\/\/dicodusport.fr\/blog\/\"},{\"@type\":\"ListItem\",\"position\":2,\"name\":\"\u00c9quipe fran\u00e7aise 2021 : Mahut-Herbert (12\u00e8me), la paire d&rsquo;as\"}]},{\"@type\":\"WebSite\",\"@id\":\"https:\/\/dicodusport.fr\/blog\/#website\",\"url\":\"https:\/\/dicodusport.fr\/blog\/\",\"name\":\"Dicodusport\",\"description\":\"L&#039;encyclop\u00e9die de l&#039;actualit\u00e9 sportive\",\"publisher\":{\"@id\":\"https:\/\/dicodusport.fr\/blog\/#organization\"},\"potentialAction\":[{\"@type\":\"SearchAction\",\"target\":{\"@type\":\"EntryPoint\",\"urlTemplate\":\"https:\/\/dicodusport.fr\/blog\/?s={search_term_string}\"},\"query-input\":{\"@type\":\"PropertyValueSpecification\",\"valueRequired\":true,\"valueName\":\"search_term_string\"}}],\"inLanguage\":\"fr-FR\"},{\"@type\":\"NewsMediaOrganization\",\"@id\":\"https:\/\/dicodusport.fr\/blog\/#organization\",\"name\":\"Dicodusport\",\"url\":\"https:\/\/dicodusport.fr\/blog\/\",\"logo\":{\"@type\":\"ImageObject\",\"inLanguage\":\"fr-FR\",\"@id\":\"https:\/\/dicodusport.fr\/blog\/#\/schema\/logo\/image\/\",\"url\":\"https:\/\/dicodusport.fr\/blog\/wp-content\/uploads\/2020\/06\/cropped-LOGO-DICODUSPORT-2020-SANS-FOND-SANS-TEXTE.png\",\"contentUrl\":\"https:\/\/dicodusport.fr\/blog\/wp-content\/uploads\/2020\/06\/cropped-LOGO-DICODUSPORT-2020-SANS-FOND-SANS-TEXTE.png\",\"width\":512,\"height\":512,\"caption\":\"Dicodusport\"},\"image\":{\"@id\":\"https:\/\/dicodusport.fr\/blog\/#\/schema\/logo\/image\/\"},\"sameAs\":[\"https:\/\/www.facebook.com\/dicodusport\",\"https:\/\/x.com\/dicodusport\",\"https:\/\/www.instagram.com\/dicodusport\/\",\"https:\/\/www.youtube.com\/channel\/UC7V2KZ5sd3htJivAbA4ZG3w\"],\"description\":\"Dicodusport est l'encyclop\u00e9die de l'actualit\u00e9 sportive.\",\"email\":\"bonjour@dicodusport.fr\",\"legalName\":\"DICODUSPORT\",\"foundingDate\":\"2018-01-14\",\"vatID\":\"FR71834470973\",\"taxID\":\"83447097300043\",\"numberOfEmployees\":{\"@type\":\"QuantitativeValue\",\"minValue\":\"1\",\"maxValue\":\"10\"}},{\"@type\":\"Person\",\"@id\":\"https:\/\/dicodusport.fr\/blog\/#\/schema\/person\/cb02af4c173ce4a653b55e9baf388d4a\",\"name\":\"Flo Ostermann\",\"image\":{\"@type\":\"ImageObject\",\"inLanguage\":\"fr-FR\",\"@id\":\"https:\/\/dicodusport.fr\/blog\/#\/schema\/person\/image\/\",\"url\":\"https:\/\/dicodusport.fr\/blog\/wp-content\/uploads\/2021\/05\/Flo-Ostermann-150x150.jpg\",\"contentUrl\":\"https:\/\/dicodusport.fr\/blog\/wp-content\/uploads\/2021\/05\/Flo-Ostermann-150x150.jpg\",\"caption\":\"Flo Ostermann\"},\"description\":\"Journaliste\/R\u00e9dacteur depuis septembre 2015 - Mes premiers souvenirs dans le sport ? Les envol\u00e9es du Stade Toulousain et les duels Villeneuve-Schumacher et H\u00e4kkinen-Schumacher \u00e0 la fin des ann\u00e9es 90, la Coupe du monde de football en 1998, l\u2019exploit du XV de France face aux All Blacks en 1999, mais aussi Richard C\u0153ur de Lion qui vole sur les montagnes du Tour de France. Bien parti pour devenir professeur d\u2019EPS, les \u00e9v\u00e9nements de la vie (et la flemme d\u2019animer des s\u00e9ances de 3x500 m\u00e8tres toute ma vie) m\u2019ont conduit \u00e0 revoir mes plans. Me voil\u00e0 depuis fin 2017 sur Dicodusport, m\u00e9dia gr\u00e2ce (et pour) lequel je partage ma passion : le sport dans tous ses \u00e9tats. Le tout accompagn\u00e9 par les fous furieux et folles furieuses cit\u00e9s sur cette page !\",\"sameAs\":[\"https:\/\/www.facebook.com\/florent.ostermann\",\"https:\/\/x.com\/https:\/\/twitter.com\/FlOstermann\",\"admin\"],\"url\":\"https:\/\/dicodusport.fr\/blog\/author\/flo\/\"}]}<\/script>\n<!-- \/ Yoast SEO Premium plugin. -->","yoast_head_json":{"title":"\u00c9quipe fran\u00e7aise 2021 : Mahut-Herbert (12\u00e8me), la paire d'as","description":"MULTISPORTS - C'est l'heure de commencer \u00e0 d\u00e9voiler votre top 12 des \u00e9quipes fran\u00e7aises de l'ann\u00e9e 2021 ! Nicolas Mahut - Pierre-Hugues Herbert sont douzi\u00e8mes.","robots":{"index":"index","follow":"follow","max-snippet":"max-snippet:-1","max-image-preview":"max-image-preview:large","max-video-preview":"max-video-preview:-1"},"canonical":"https:\/\/dicodusport.fr\/blog\/equipe-francaise-2021-mahut-herbert-12eme-la-paire-d-as\/","og_locale":"fr_FR","og_type":"article","og_title":"\u00c9quipe fran\u00e7aise 2021 : Mahut-Herbert (12\u00e8me), la paire d'as","og_description":"MULTISPORTS - C'est l'heure de commencer \u00e0 d\u00e9voiler votre top 12 des \u00e9quipes fran\u00e7aises de l'ann\u00e9e 2021 ! Nicolas Mahut - Pierre-Hugues Herbert sont douzi\u00e8mes.","og_url":"https:\/\/dicodusport.fr\/blog\/equipe-francaise-2021-mahut-herbert-12eme-la-paire-d-as\/","og_site_name":"Dicodusport","article_publisher":"https:\/\/www.facebook.com\/dicodusport","article_author":"https:\/\/www.facebook.com\/florent.ostermann","article_published_time":"2021-12-20T12:25:47+00:00","article_modified_time":"2025-11-20T17:28:18+00:00","og_image":[{"width":800,"height":445,"url":"https:\/\/dicodusport.fr\/blog\/wp-content\/uploads\/2021\/12\/LEquipe-francaise-2021-Mahut-Herbert-12eme-la-paire-das.png","type":"image\/png"}],"author":"Flo Ostermann","twitter_card":"summary_large_image","twitter_title":"\u00c9quipe fran\u00e7aise 2021 : Mahut-Herbert (12\u00e8me), la paire d'as","twitter_creator":"@https:\/\/twitter.com\/FlOstermann","twitter_site":"@dicodusport","schema":{"@context":"https:\/\/schema.org","@graph":[{"@type":"NewsArticle","@id":"https:\/\/dicodusport.fr\/blog\/equipe-francaise-2021-mahut-herbert-12eme-la-paire-d-as\/#article","isPartOf":{"@id":"https:\/\/dicodusport.fr\/blog\/equipe-francaise-2021-mahut-herbert-12eme-la-paire-d-as\/"},"author":{"name":"Flo Ostermann","@id":"https:\/\/dicodusport.fr\/blog\/#\/schema\/person\/cb02af4c173ce4a653b55e9baf388d4a"},"headline":"\u00c9quipe fran\u00e7aise 2021 : Mahut-Herbert (12\u00e8me), la paire d&rsquo;as","datePublished":"2021-12-20T12:25:47+00:00","dateModified":"2025-11-20T17:28:18+00:00","mainEntityOfPage":{"@id":"https:\/\/dicodusport.fr\/blog\/equipe-francaise-2021-mahut-herbert-12eme-la-paire-d-as\/"},"wordCount":362,"commentCount":0,"publisher":{"@id":"https:\/\/dicodusport.fr\/blog\/#organization"},"image":{"@id":"https:\/\/dicodusport.fr\/blog\/equipe-francaise-2021-mahut-herbert-12eme-la-paire-d-as\/#primaryimage"},"thumbnailUrl":"https:\/\/dicodusport.fr\/blog\/wp-content\/uploads\/2021\/12\/LEquipe-francaise-2021-Mahut-Herbert-12eme-la-paire-das.png","keywords":["Nicolas Mahut","Pierre-Hugues Herbert","R\u00e9compenses tricolores","Tennis"],"articleSection":["Sports","Tennis"],"inLanguage":"fr-FR","potentialAction":[{"@type":"CommentAction","name":"Comment","target":["https:\/\/dicodusport.fr\/blog\/equipe-francaise-2021-mahut-herbert-12eme-la-paire-d-as\/#respond"]}],"copyrightYear":"2021","copyrightHolder":{"@id":"https:\/\/dicodusport.fr\/blog\/#organization"}},{"@type":"WebPage","@id":"https:\/\/dicodusport.fr\/blog\/equipe-francaise-2021-mahut-herbert-12eme-la-paire-d-as\/","url":"https:\/\/dicodusport.fr\/blog\/equipe-francaise-2021-mahut-herbert-12eme-la-paire-d-as\/","name":"\u00c9quipe fran\u00e7aise 2021 : Mahut-Herbert (12\u00e8me), la paire d'as","isPartOf":{"@id":"https:\/\/dicodusport.fr\/blog\/#website"},"primaryImageOfPage":{"@id":"https:\/\/dicodusport.fr\/blog\/equipe-francaise-2021-mahut-herbert-12eme-la-paire-d-as\/#primaryimage"},"image":{"@id":"https:\/\/dicodusport.fr\/blog\/equipe-francaise-2021-mahut-herbert-12eme-la-paire-d-as\/#primaryimage"},"thumbnailUrl":"https:\/\/dicodusport.fr\/blog\/wp-content\/uploads\/2021\/12\/LEquipe-francaise-2021-Mahut-Herbert-12eme-la-paire-das.png","datePublished":"2021-12-20T12:25:47+00:00","dateModified":"2025-11-20T17:28:18+00:00","description":"MULTISPORTS - C'est l'heure de commencer \u00e0 d\u00e9voiler votre top 12 des \u00e9quipes fran\u00e7aises de l'ann\u00e9e 2021 ! Nicolas Mahut - Pierre-Hugues Herbert sont douzi\u00e8mes.","breadcrumb":{"@id":"https:\/\/dicodusport.fr\/blog\/equipe-francaise-2021-mahut-herbert-12eme-la-paire-d-as\/#breadcrumb"},"inLanguage":"fr-FR","potentialAction":[{"@type":"ReadAction","target":["https:\/\/dicodusport.fr\/blog\/equipe-francaise-2021-mahut-herbert-12eme-la-paire-d-as\/"]}]},{"@type":"ImageObject","inLanguage":"fr-FR","@id":"https:\/\/dicodusport.fr\/blog\/equipe-francaise-2021-mahut-herbert-12eme-la-paire-d-as\/#primaryimage","url":"https:\/\/dicodusport.fr\/blog\/wp-content\/uploads\/2021\/12\/LEquipe-francaise-2021-Mahut-Herbert-12eme-la-paire-das.png","contentUrl":"https:\/\/dicodusport.fr\/blog\/wp-content\/uploads\/2021\/12\/LEquipe-francaise-2021-Mahut-Herbert-12eme-la-paire-das.png","width":800,"height":445,"caption":"L'\u00c9quipe fran\u00e7aise 2021 - Mahut-Herbert (12\u00e8me), la paire d'as"},{"@type":"BreadcrumbList","@id":"https:\/\/dicodusport.fr\/blog\/equipe-francaise-2021-mahut-herbert-12eme-la-paire-d-as\/#breadcrumb","itemListElement":[{"@type":"ListItem","position":1,"name":"Accueil","item":"https:\/\/dicodusport.fr\/blog\/"},{"@type":"ListItem","position":2,"name":"\u00c9quipe fran\u00e7aise 2021 : Mahut-Herbert (12\u00e8me), la paire d&rsquo;as"}]},{"@type":"WebSite","@id":"https:\/\/dicodusport.fr\/blog\/#website","url":"https:\/\/dicodusport.fr\/blog\/","name":"Dicodusport","description":"L&#039;encyclop\u00e9die de l&#039;actualit\u00e9 sportive","publisher":{"@id":"https:\/\/dicodusport.fr\/blog\/#organization"},"potentialAction":[{"@type":"SearchAction","target":{"@type":"EntryPoint","urlTemplate":"https:\/\/dicodusport.fr\/blog\/?s={search_term_string}"},"query-input":{"@type":"PropertyValueSpecification","valueRequired":true,"valueName":"search_term_string"}}],"inLanguage":"fr-FR"},{"@type":"NewsMediaOrganization","@id":"https:\/\/dicodusport.fr\/blog\/#organization","name":"Dicodusport","url":"https:\/\/dicodusport.fr\/blog\/","logo":{"@type":"ImageObject","inLanguage":"fr-FR","@id":"https:\/\/dicodusport.fr\/blog\/#\/schema\/logo\/image\/","url":"https:\/\/dicodusport.fr\/blog\/wp-content\/uploads\/2020\/06\/cropped-LOGO-DICODUSPORT-2020-SANS-FOND-SANS-TEXTE.png","contentUrl":"https:\/\/dicodusport.fr\/blog\/wp-content\/uploads\/2020\/06\/cropped-LOGO-DICODUSPORT-2020-SANS-FOND-SANS-TEXTE.png","width":512,"height":512,"caption":"Dicodusport"},"image":{"@id":"https:\/\/dicodusport.fr\/blog\/#\/schema\/logo\/image\/"},"sameAs":["https:\/\/www.facebook.com\/dicodusport","https:\/\/x.com\/dicodusport","https:\/\/www.instagram.com\/dicodusport\/","https:\/\/www.youtube.com\/channel\/UC7V2KZ5sd3htJivAbA4ZG3w"],"description":"Dicodusport est l'encyclop\u00e9die de l'actualit\u00e9 sportive.","email":"bonjour@dicodusport.fr","legalName":"DICODUSPORT","foundingDate":"2018-01-14","vatID":"FR71834470973","taxID":"83447097300043","numberOfEmployees":{"@type":"QuantitativeValue","minValue":"1","maxValue":"10"}},{"@type":"Person","@id":"https:\/\/dicodusport.fr\/blog\/#\/schema\/person\/cb02af4c173ce4a653b55e9baf388d4a","name":"Flo Ostermann","image":{"@type":"ImageObject","inLanguage":"fr-FR","@id":"https:\/\/dicodusport.fr\/blog\/#\/schema\/person\/image\/","url":"https:\/\/dicodusport.fr\/blog\/wp-content\/uploads\/2021\/05\/Flo-Ostermann-150x150.jpg","contentUrl":"https:\/\/dicodusport.fr\/blog\/wp-content\/uploads\/2021\/05\/Flo-Ostermann-150x150.jpg","caption":"Flo Ostermann"},"description":"Journaliste\/R\u00e9dacteur depuis septembre 2015 - Mes premiers souvenirs dans le sport ? Les envol\u00e9es du Stade Toulousain et les duels Villeneuve-Schumacher et H\u00e4kkinen-Schumacher \u00e0 la fin des ann\u00e9es 90, la Coupe du monde de football en 1998, l\u2019exploit du XV de France face aux All Blacks en 1999, mais aussi Richard C\u0153ur de Lion qui vole sur les montagnes du Tour de France. Bien parti pour devenir professeur d\u2019EPS, les \u00e9v\u00e9nements de la vie (et la flemme d\u2019animer des s\u00e9ances de 3x500 m\u00e8tres toute ma vie) m\u2019ont conduit \u00e0 revoir mes plans. Me voil\u00e0 depuis fin 2017 sur Dicodusport, m\u00e9dia gr\u00e2ce (et pour) lequel je partage ma passion : le sport dans tous ses \u00e9tats. Le tout accompagn\u00e9 par les fous furieux et folles furieuses cit\u00e9s sur cette page !","sameAs":["https:\/\/www.facebook.com\/florent.ostermann","https:\/\/x.com\/https:\/\/twitter.com\/FlOstermann","admin"],"url":"https:\/\/dicodusport.fr\/blog\/author\/flo\/"}]}},"_links":{"self":[{"href":"https:\/\/dicodusport.fr\/blog\/wp-json\/wp\/v2\/posts\/186923","targetHints":{"allow":["GET"]}}],"collection":[{"href":"https:\/\/dicodusport.fr\/blog\/wp-json\/wp\/v2\/posts"}],"about":[{"href":"https:\/\/dicodusport.fr\/blog\/wp-json\/wp\/v2\/types\/post"}],"author":[{"embeddable":true,"href":"https:\/\/dicodusport.fr\/blog\/wp-json\/wp\/v2\/users\/4"}],"replies":[{"embeddable":true,"href":"https:\/\/dicodusport.fr\/blog\/wp-json\/wp\/v2\/comments?post=186923"}],"version-history":[{"count":1,"href":"https:\/\/dicodusport.fr\/blog\/wp-json\/wp\/v2\/posts\/186923\/revisions"}],"predecessor-version":[{"id":626884,"href":"https:\/\/dicodusport.fr\/blog\/wp-json\/wp\/v2\/posts\/186923\/revisions\/626884"}],"wp:featuredmedia":[{"embeddable":true,"href":"https:\/\/dicodusport.fr\/blog\/wp-json\/wp\/v2\/media\/186954"}],"wp:attachment":[{"href":"https:\/\/dicodusport.fr\/blog\/wp-json\/wp\/v2\/media?parent=186923"}],"wp:term":[{"taxonomy":"category","embeddable":true,"href":"https:\/\/dicodusport.fr\/blog\/wp-json\/wp\/v2\/categories?post=186923"},{"taxonomy":"post_tag","embeddable":true,"href":"https:\/\/dicodusport.fr\/blog\/wp-json\/wp\/v2\/tags?post=186923"}],"curies":[{"name":"wp","href":"https:\/\/api.w.org\/{rel}","templated":true}]}}