{"id":186949,"date":"2021-12-20T13:19:31","date_gmt":"2021-12-20T12:19:31","guid":{"rendered":"https:\/\/dicodusport.fr\/blog\/?p=186949"},"modified":"2021-12-20T15:35:10","modified_gmt":"2021-12-20T14:35:10","slug":"skicross-bastien-midol-vainqueur-a-innichen-et-nouveau-leader-du-general","status":"publish","type":"post","link":"https:\/\/dicodusport.fr\/blog\/skicross-bastien-midol-vainqueur-a-innichen-et-nouveau-leader-du-general\/","title":{"rendered":"Skicross : Bastien Midol vainqueur \u00e0 Innichen et nouveau leader du g\u00e9n\u00e9ral"},"content":{"rendered":"<p style=\"text-align: justify;\"><strong><em>COUPE DU MONDE DE SKICROSS 2021-2022 &#8211; Cette manche aurait pu \u00eatre catastrophique pour les Fran\u00e7ais, mais c&rsquo;\u00e9tait sans compter sur Bastien Midol, l&rsquo;homme en forme c\u00f4t\u00e9 Bleus. <a href=\"https:\/\/dicodusport.fr\/blog\/coupe-du-monde-de-skicross-bastien-midol-sur-le-podium-a-innichen\/\">Deuxi\u00e8me hier<\/a> et victorieux ce lundi, il prend par la m\u00eame occasion la t\u00eate du classement de skicross \u00e0 Terence Tchiknavorian.<\/em><\/strong><\/p>\n<h2 style=\"text-align: justify;\">Bastien Midol, l&rsquo;\u00e9claircie bleue<\/h2>\n<p style=\"text-align: justify;\">Ils \u00e9taient 7 Tricolores au d\u00e9part de cette deuxi\u00e8me manche \u00e0 Innichen (Italie), et seul <strong>Bastien Midol<\/strong> est parvenu \u00e0 s&rsquo;extraire des huit\u00e8mes de finale. D\u00e9j\u00e0 deuxi\u00e8me hier, le skieur du Grand Bornand, a ensuite remport\u00e9 son quart puis sa demie pour se hisser en finale une deuxi\u00e8me fois de suite. Oppos\u00e9 \u00e0 trois Suisses, <strong>Ryan Regez<\/strong>, <strong>Tobias Baur<\/strong> et <strong>Romain Detraz<\/strong>, le Fran\u00e7ais l&rsquo;a emport\u00e9 au nez et \u00e0 la barbe du vainqueur d&rsquo;hier, <strong>Rayan Regez<\/strong> ! Deuxi\u00e8me tout le long de la course, il a fini par d\u00e9passer le Suisse dans le dernier virage pour s&rsquo;imposer avec 6 centi\u00e8mes d&rsquo;avance. Et il fait coup double puisqu&rsquo;il devient le nouveau leader du classement g\u00e9n\u00e9ral de la Coupe du monde de skicross. <strong>Bastien Midol<\/strong> s&rsquo;impose comme le leader de la d\u00e9l\u00e9gation fran\u00e7aise \u00e0 moins de deux mois des Jeux Olympiques.<\/p>\n<p style=\"text-align: justify;\">Apr\u00e8s sa grosse chute hier, <strong>Marielle Berger-Sabbatel<\/strong> n&rsquo;a pas pris le d\u00e9part. <strong>Aliz\u00e9e Baron<\/strong>, pourtant bien partie, s&rsquo;est fait sortir d\u00e8s les quarts de finale. Seule <strong>Jade Grillet-Aubert<\/strong> a pass\u00e9 le premier tour avant de s&rsquo;incliner en demi-finale. En petite finale, elle termine 4\u00e8me pour prendre la 8\u00e8me place de cette \u00e9tape de Coupe du monde. Comme hier, la Su\u00e9doise <strong>Sandra Naeslund<\/strong> s&rsquo;impose pour la 5\u00e8me fois cet hiver, <strong>Fanny Smith<\/strong> termine deuxi\u00e8me et <strong>Marielle Thompson<\/strong> troisi\u00e8me.<\/p>\n<blockquote class=\"twitter-tweet\">\n<p dir=\"ltr\" lang=\"fr\">ENORME Bastien Midol ! &#x1f1eb;&#x1f1f7;&#x1f680;<br \/>\nD\u00e9j\u00e0 2e hier, notre tricolore s&rsquo;impose aujourd&rsquo;hui devant 3 suisses sur la grande finale d&rsquo;Innichen. C&rsquo;est sa 5e victoire en Coupe du Monde. &#x1f3c6;<br \/>\nBRAVO &#x1f535;&#x26aa;&#x1f534;<\/p>\n<p>&#x1f4f8; FIS Freestyle <a href=\"https:\/\/t.co\/5Rkinrfy6J\">pic.twitter.com\/5Rkinrfy6J<\/a><\/p>\n<p>\u2014 FFS &#8211; F\u00e9d\u00e9ration Fran\u00e7aise de Ski (@FedFranceSki) <a href=\"https:\/\/twitter.com\/FedFranceSki\/status\/1472899859762098176?ref_src=twsrc%5Etfw\">December 20, 2021<\/a><\/p><\/blockquote>\n<p><script async src=\"https:\/\/platform.twitter.com\/widgets.js\" charset=\"utf-8\"><\/script><\/p>\n","protected":false},"excerpt":{"rendered":"<p>COUPE DU MONDE DE SKICROSS 2021-2022 &#8211; Cette manche aurait pu \u00eatre catastrophique pour les Fran\u00e7ais, mais c&rsquo;\u00e9tait sans compter sur Bastien Midol, l&rsquo;homme en forme c\u00f4t\u00e9 Bleus. Deuxi\u00e8me hier et victorieux ce lundi, il prend par la m\u00eame occasion la t\u00eate du classement de skicross \u00e0 Terence Tchiknavorian.<\/p>\n","protected":false},"author":43,"featured_media":186957,"comment_status":"open","ping_status":"closed","sticky":false,"template":"","format":"standard","meta":{"_acf_changed":false,"_daextam_enable_autolinks":"","footnotes":""},"categories":[9217],"tags":[9411,2947,24],"class_list":["post-186949","post","type-post","status-publish","format-standard","has-post-thumbnail","hentry","category-ski","tag-bastien-midol","tag-skicross","tag-sport"],"acf":[],"yoast_head":"<!-- This site is optimized with the Yoast SEO Premium plugin v26.7 (Yoast SEO v26.7) - https:\/\/yoast.com\/wordpress\/plugins\/seo\/ -->\n<title>Skicross : Bastien Midol vainqueur \u00e0 Innichen et nouveau leader du g\u00e9n\u00e9ral<\/title>\n<meta name=\"description\" content=\"Deuxi\u00e8me hier, Bastien Midol l&#039;emporte ce lundi \u00e0 Innichen et devient le nouveau leader du classement de la Coupe du monde de skicross.\" \/>\n<meta name=\"robots\" content=\"index, follow, max-snippet:-1, max-image-preview:large, max-video-preview:-1\" \/>\n<link rel=\"canonical\" href=\"https:\/\/dicodusport.fr\/blog\/skicross-bastien-midol-vainqueur-a-innichen-et-nouveau-leader-du-general\/\" \/>\n<meta property=\"og:locale\" content=\"fr_FR\" \/>\n<meta property=\"og:type\" content=\"article\" \/>\n<meta property=\"og:title\" content=\"Skicross : Bastien Midol vainqueur \u00e0 Innichen et nouveau leader du g\u00e9n\u00e9ral\" \/>\n<meta property=\"og:description\" content=\"Deuxi\u00e8me hier, Bastien Midol l&#039;emporte ce lundi \u00e0 Innichen et devient le nouveau leader du classement de la Coupe du monde de skicross.\" \/>\n<meta property=\"og:url\" content=\"https:\/\/dicodusport.fr\/blog\/skicross-bastien-midol-vainqueur-a-innichen-et-nouveau-leader-du-general\/\" \/>\n<meta property=\"og:site_name\" content=\"Dicodusport\" \/>\n<meta property=\"article:publisher\" content=\"https:\/\/www.facebook.com\/dicodusport\" \/>\n<meta property=\"article:author\" content=\"https:\/\/www.facebook.com\/Max.Bld2\/\" \/>\n<meta property=\"article:published_time\" content=\"2021-12-20T12:19:31+00:00\" \/>\n<meta property=\"article:modified_time\" content=\"2021-12-20T14:35:10+00:00\" \/>\n<meta property=\"og:image\" content=\"https:\/\/dicodusport.fr\/blog\/wp-content\/uploads\/2021\/12\/Skicross-Bastien-Midol-vainqueur-a-Innichen-et-nouveau-leader-du-general.png\" \/>\n\t<meta property=\"og:image:width\" content=\"800\" \/>\n\t<meta property=\"og:image:height\" content=\"445\" \/>\n\t<meta property=\"og:image:type\" content=\"image\/png\" \/>\n<meta name=\"author\" content=\"Maxime Boulard\" \/>\n<meta name=\"twitter:card\" content=\"summary_large_image\" \/>\n<meta name=\"twitter:title\" content=\"Skicross : Bastien Midol vainqueur \u00e0 Innichen et nouveau leader du g\u00e9n\u00e9ral\" \/>\n<meta name=\"twitter:creator\" content=\"@https:\/\/twitter.com\/MaximeB_2\" \/>\n<meta name=\"twitter:site\" content=\"@dicodusport\" \/>\n<script type=\"application\/ld+json\" class=\"yoast-schema-graph\">{\"@context\":\"https:\/\/schema.org\",\"@graph\":[{\"@type\":\"NewsArticle\",\"@id\":\"https:\/\/dicodusport.fr\/blog\/skicross-bastien-midol-vainqueur-a-innichen-et-nouveau-leader-du-general\/#article\",\"isPartOf\":{\"@id\":\"https:\/\/dicodusport.fr\/blog\/skicross-bastien-midol-vainqueur-a-innichen-et-nouveau-leader-du-general\/\"},\"author\":{\"name\":\"Maxime Boulard\",\"@id\":\"https:\/\/dicodusport.fr\/blog\/#\/schema\/person\/5aab10ee856e86ac63e9819a9da34784\"},\"headline\":\"Skicross : Bastien Midol vainqueur \u00e0 Innichen et nouveau leader du g\u00e9n\u00e9ral\",\"datePublished\":\"2021-12-20T12:19:31+00:00\",\"dateModified\":\"2021-12-20T14:35:10+00:00\",\"mainEntityOfPage\":{\"@id\":\"https:\/\/dicodusport.fr\/blog\/skicross-bastien-midol-vainqueur-a-innichen-et-nouveau-leader-du-general\/\"},\"wordCount\":383,\"commentCount\":0,\"publisher\":{\"@id\":\"https:\/\/dicodusport.fr\/blog\/#organization\"},\"image\":{\"@id\":\"https:\/\/dicodusport.fr\/blog\/skicross-bastien-midol-vainqueur-a-innichen-et-nouveau-leader-du-general\/#primaryimage\"},\"thumbnailUrl\":\"https:\/\/dicodusport.fr\/blog\/wp-content\/uploads\/2021\/12\/Skicross-Bastien-Midol-vainqueur-a-Innichen-et-nouveau-leader-du-general.png\",\"keywords\":[\"Bastien Midol\",\"skicross\",\"sport\"],\"articleSection\":[\"Ski\"],\"inLanguage\":\"fr-FR\",\"potentialAction\":[{\"@type\":\"CommentAction\",\"name\":\"Comment\",\"target\":[\"https:\/\/dicodusport.fr\/blog\/skicross-bastien-midol-vainqueur-a-innichen-et-nouveau-leader-du-general\/#respond\"]}],\"copyrightYear\":\"2021\",\"copyrightHolder\":{\"@id\":\"https:\/\/dicodusport.fr\/blog\/#organization\"}},{\"@type\":\"WebPage\",\"@id\":\"https:\/\/dicodusport.fr\/blog\/skicross-bastien-midol-vainqueur-a-innichen-et-nouveau-leader-du-general\/\",\"url\":\"https:\/\/dicodusport.fr\/blog\/skicross-bastien-midol-vainqueur-a-innichen-et-nouveau-leader-du-general\/\",\"name\":\"Skicross : Bastien Midol vainqueur \u00e0 Innichen et nouveau leader du g\u00e9n\u00e9ral\",\"isPartOf\":{\"@id\":\"https:\/\/dicodusport.fr\/blog\/#website\"},\"primaryImageOfPage\":{\"@id\":\"https:\/\/dicodusport.fr\/blog\/skicross-bastien-midol-vainqueur-a-innichen-et-nouveau-leader-du-general\/#primaryimage\"},\"image\":{\"@id\":\"https:\/\/dicodusport.fr\/blog\/skicross-bastien-midol-vainqueur-a-innichen-et-nouveau-leader-du-general\/#primaryimage\"},\"thumbnailUrl\":\"https:\/\/dicodusport.fr\/blog\/wp-content\/uploads\/2021\/12\/Skicross-Bastien-Midol-vainqueur-a-Innichen-et-nouveau-leader-du-general.png\",\"datePublished\":\"2021-12-20T12:19:31+00:00\",\"dateModified\":\"2021-12-20T14:35:10+00:00\",\"description\":\"Deuxi\u00e8me hier, Bastien Midol l'emporte ce lundi \u00e0 Innichen et devient le nouveau leader du classement de la Coupe du monde de skicross.\",\"breadcrumb\":{\"@id\":\"https:\/\/dicodusport.fr\/blog\/skicross-bastien-midol-vainqueur-a-innichen-et-nouveau-leader-du-general\/#breadcrumb\"},\"inLanguage\":\"fr-FR\",\"potentialAction\":[{\"@type\":\"ReadAction\",\"target\":[\"https:\/\/dicodusport.fr\/blog\/skicross-bastien-midol-vainqueur-a-innichen-et-nouveau-leader-du-general\/\"]}]},{\"@type\":\"ImageObject\",\"inLanguage\":\"fr-FR\",\"@id\":\"https:\/\/dicodusport.fr\/blog\/skicross-bastien-midol-vainqueur-a-innichen-et-nouveau-leader-du-general\/#primaryimage\",\"url\":\"https:\/\/dicodusport.fr\/blog\/wp-content\/uploads\/2021\/12\/Skicross-Bastien-Midol-vainqueur-a-Innichen-et-nouveau-leader-du-general.png\",\"contentUrl\":\"https:\/\/dicodusport.fr\/blog\/wp-content\/uploads\/2021\/12\/Skicross-Bastien-Midol-vainqueur-a-Innichen-et-nouveau-leader-du-general.png\",\"width\":800,\"height\":445,\"caption\":\"Skicross Bastien Midol vainqueur \u00e0 Innichen et nouveau leader du g\u00e9n\u00e9ral\"},{\"@type\":\"BreadcrumbList\",\"@id\":\"https:\/\/dicodusport.fr\/blog\/skicross-bastien-midol-vainqueur-a-innichen-et-nouveau-leader-du-general\/#breadcrumb\",\"itemListElement\":[{\"@type\":\"ListItem\",\"position\":1,\"name\":\"Accueil\",\"item\":\"https:\/\/dicodusport.fr\/blog\/\"},{\"@type\":\"ListItem\",\"position\":2,\"name\":\"Skicross : Bastien Midol vainqueur \u00e0 Innichen et nouveau leader du g\u00e9n\u00e9ral\"}]},{\"@type\":\"WebSite\",\"@id\":\"https:\/\/dicodusport.fr\/blog\/#website\",\"url\":\"https:\/\/dicodusport.fr\/blog\/\",\"name\":\"Dicodusport\",\"description\":\"L&#039;encyclop\u00e9die de l&#039;actualit\u00e9 sportive\",\"publisher\":{\"@id\":\"https:\/\/dicodusport.fr\/blog\/#organization\"},\"potentialAction\":[{\"@type\":\"SearchAction\",\"target\":{\"@type\":\"EntryPoint\",\"urlTemplate\":\"https:\/\/dicodusport.fr\/blog\/?s={search_term_string}\"},\"query-input\":{\"@type\":\"PropertyValueSpecification\",\"valueRequired\":true,\"valueName\":\"search_term_string\"}}],\"inLanguage\":\"fr-FR\"},{\"@type\":\"NewsMediaOrganization\",\"@id\":\"https:\/\/dicodusport.fr\/blog\/#organization\",\"name\":\"Dicodusport\",\"url\":\"https:\/\/dicodusport.fr\/blog\/\",\"logo\":{\"@type\":\"ImageObject\",\"inLanguage\":\"fr-FR\",\"@id\":\"https:\/\/dicodusport.fr\/blog\/#\/schema\/logo\/image\/\",\"url\":\"https:\/\/dicodusport.fr\/blog\/wp-content\/uploads\/2020\/06\/cropped-LOGO-DICODUSPORT-2020-SANS-FOND-SANS-TEXTE.png\",\"contentUrl\":\"https:\/\/dicodusport.fr\/blog\/wp-content\/uploads\/2020\/06\/cropped-LOGO-DICODUSPORT-2020-SANS-FOND-SANS-TEXTE.png\",\"width\":512,\"height\":512,\"caption\":\"Dicodusport\"},\"image\":{\"@id\":\"https:\/\/dicodusport.fr\/blog\/#\/schema\/logo\/image\/\"},\"sameAs\":[\"https:\/\/www.facebook.com\/dicodusport\",\"https:\/\/x.com\/dicodusport\",\"https:\/\/www.instagram.com\/dicodusport\/\",\"https:\/\/www.youtube.com\/channel\/UC7V2KZ5sd3htJivAbA4ZG3w\"],\"description\":\"Dicodusport est l'encyclop\u00e9die de l'actualit\u00e9 sportive.\",\"email\":\"bonjour@dicodusport.fr\",\"legalName\":\"DICODUSPORT\",\"foundingDate\":\"2018-01-14\",\"vatID\":\"FR71834470973\",\"taxID\":\"83447097300043\",\"numberOfEmployees\":{\"@type\":\"QuantitativeValue\",\"minValue\":\"1\",\"maxValue\":\"10\"}},{\"@type\":\"Person\",\"@id\":\"https:\/\/dicodusport.fr\/blog\/#\/schema\/person\/5aab10ee856e86ac63e9819a9da34784\",\"name\":\"Maxime Boulard\",\"image\":{\"@type\":\"ImageObject\",\"inLanguage\":\"fr-FR\",\"@id\":\"https:\/\/dicodusport.fr\/blog\/#\/schema\/person\/image\/\",\"url\":\"https:\/\/dicodusport.fr\/blog\/wp-content\/uploads\/2021\/05\/Maxime-Boulard-150x150.jpg\",\"contentUrl\":\"https:\/\/dicodusport.fr\/blog\/wp-content\/uploads\/2021\/05\/Maxime-Boulard-150x150.jpg\",\"caption\":\"Maxime Boulard\"},\"description\":\"Journaliste\/r\u00e9dacteur depuis octobre 2020 - Si mon plus vieux souvenir de sport aurait pu m'en d\u00e9go\u00fbter, la finale de la Coupe du monde 2006 a \u00e9t\u00e9 tout le contraire. V\u00e9ritable d\u00e9clencheur d'une passion qui aujourd'hui ne fait que grandir avec le temps, mon leitmotiv est la France qui brille ! Je relate les exploits pass\u00e9s et pr\u00e9sents du sport bleu-blanc-rouge sans m\u00e9nagement depuis octobre 2020. Sport valide ou handisport, aucune diff\u00e9rence, il n'y a que du sport et plusieurs fa\u00e7ons de le pratiquer.\",\"sameAs\":[\"https:\/\/www.facebook.com\/Max.Bld2\/\",\"https:\/\/x.com\/https:\/\/twitter.com\/MaximeB_2\"],\"url\":\"https:\/\/dicodusport.fr\/blog\/author\/maxime-b\/\"}]}<\/script>\n<!-- \/ Yoast SEO Premium plugin. -->","yoast_head_json":{"title":"Skicross : Bastien Midol vainqueur \u00e0 Innichen et nouveau leader du g\u00e9n\u00e9ral","description":"Deuxi\u00e8me hier, Bastien Midol l'emporte ce lundi \u00e0 Innichen et devient le nouveau leader du classement de la Coupe du monde de skicross.","robots":{"index":"index","follow":"follow","max-snippet":"max-snippet:-1","max-image-preview":"max-image-preview:large","max-video-preview":"max-video-preview:-1"},"canonical":"https:\/\/dicodusport.fr\/blog\/skicross-bastien-midol-vainqueur-a-innichen-et-nouveau-leader-du-general\/","og_locale":"fr_FR","og_type":"article","og_title":"Skicross : Bastien Midol vainqueur \u00e0 Innichen et nouveau leader du g\u00e9n\u00e9ral","og_description":"Deuxi\u00e8me hier, Bastien Midol l'emporte ce lundi \u00e0 Innichen et devient le nouveau leader du classement de la Coupe du monde de skicross.","og_url":"https:\/\/dicodusport.fr\/blog\/skicross-bastien-midol-vainqueur-a-innichen-et-nouveau-leader-du-general\/","og_site_name":"Dicodusport","article_publisher":"https:\/\/www.facebook.com\/dicodusport","article_author":"https:\/\/www.facebook.com\/Max.Bld2\/","article_published_time":"2021-12-20T12:19:31+00:00","article_modified_time":"2021-12-20T14:35:10+00:00","og_image":[{"width":800,"height":445,"url":"https:\/\/dicodusport.fr\/blog\/wp-content\/uploads\/2021\/12\/Skicross-Bastien-Midol-vainqueur-a-Innichen-et-nouveau-leader-du-general.png","type":"image\/png"}],"author":"Maxime Boulard","twitter_card":"summary_large_image","twitter_title":"Skicross : Bastien Midol vainqueur \u00e0 Innichen et nouveau leader du g\u00e9n\u00e9ral","twitter_creator":"@https:\/\/twitter.com\/MaximeB_2","twitter_site":"@dicodusport","schema":{"@context":"https:\/\/schema.org","@graph":[{"@type":"NewsArticle","@id":"https:\/\/dicodusport.fr\/blog\/skicross-bastien-midol-vainqueur-a-innichen-et-nouveau-leader-du-general\/#article","isPartOf":{"@id":"https:\/\/dicodusport.fr\/blog\/skicross-bastien-midol-vainqueur-a-innichen-et-nouveau-leader-du-general\/"},"author":{"name":"Maxime Boulard","@id":"https:\/\/dicodusport.fr\/blog\/#\/schema\/person\/5aab10ee856e86ac63e9819a9da34784"},"headline":"Skicross : Bastien Midol vainqueur \u00e0 Innichen et nouveau leader du g\u00e9n\u00e9ral","datePublished":"2021-12-20T12:19:31+00:00","dateModified":"2021-12-20T14:35:10+00:00","mainEntityOfPage":{"@id":"https:\/\/dicodusport.fr\/blog\/skicross-bastien-midol-vainqueur-a-innichen-et-nouveau-leader-du-general\/"},"wordCount":383,"commentCount":0,"publisher":{"@id":"https:\/\/dicodusport.fr\/blog\/#organization"},"image":{"@id":"https:\/\/dicodusport.fr\/blog\/skicross-bastien-midol-vainqueur-a-innichen-et-nouveau-leader-du-general\/#primaryimage"},"thumbnailUrl":"https:\/\/dicodusport.fr\/blog\/wp-content\/uploads\/2021\/12\/Skicross-Bastien-Midol-vainqueur-a-Innichen-et-nouveau-leader-du-general.png","keywords":["Bastien Midol","skicross","sport"],"articleSection":["Ski"],"inLanguage":"fr-FR","potentialAction":[{"@type":"CommentAction","name":"Comment","target":["https:\/\/dicodusport.fr\/blog\/skicross-bastien-midol-vainqueur-a-innichen-et-nouveau-leader-du-general\/#respond"]}],"copyrightYear":"2021","copyrightHolder":{"@id":"https:\/\/dicodusport.fr\/blog\/#organization"}},{"@type":"WebPage","@id":"https:\/\/dicodusport.fr\/blog\/skicross-bastien-midol-vainqueur-a-innichen-et-nouveau-leader-du-general\/","url":"https:\/\/dicodusport.fr\/blog\/skicross-bastien-midol-vainqueur-a-innichen-et-nouveau-leader-du-general\/","name":"Skicross : Bastien Midol vainqueur \u00e0 Innichen et nouveau leader du g\u00e9n\u00e9ral","isPartOf":{"@id":"https:\/\/dicodusport.fr\/blog\/#website"},"primaryImageOfPage":{"@id":"https:\/\/dicodusport.fr\/blog\/skicross-bastien-midol-vainqueur-a-innichen-et-nouveau-leader-du-general\/#primaryimage"},"image":{"@id":"https:\/\/dicodusport.fr\/blog\/skicross-bastien-midol-vainqueur-a-innichen-et-nouveau-leader-du-general\/#primaryimage"},"thumbnailUrl":"https:\/\/dicodusport.fr\/blog\/wp-content\/uploads\/2021\/12\/Skicross-Bastien-Midol-vainqueur-a-Innichen-et-nouveau-leader-du-general.png","datePublished":"2021-12-20T12:19:31+00:00","dateModified":"2021-12-20T14:35:10+00:00","description":"Deuxi\u00e8me hier, Bastien Midol l'emporte ce lundi \u00e0 Innichen et devient le nouveau leader du classement de la Coupe du monde de skicross.","breadcrumb":{"@id":"https:\/\/dicodusport.fr\/blog\/skicross-bastien-midol-vainqueur-a-innichen-et-nouveau-leader-du-general\/#breadcrumb"},"inLanguage":"fr-FR","potentialAction":[{"@type":"ReadAction","target":["https:\/\/dicodusport.fr\/blog\/skicross-bastien-midol-vainqueur-a-innichen-et-nouveau-leader-du-general\/"]}]},{"@type":"ImageObject","inLanguage":"fr-FR","@id":"https:\/\/dicodusport.fr\/blog\/skicross-bastien-midol-vainqueur-a-innichen-et-nouveau-leader-du-general\/#primaryimage","url":"https:\/\/dicodusport.fr\/blog\/wp-content\/uploads\/2021\/12\/Skicross-Bastien-Midol-vainqueur-a-Innichen-et-nouveau-leader-du-general.png","contentUrl":"https:\/\/dicodusport.fr\/blog\/wp-content\/uploads\/2021\/12\/Skicross-Bastien-Midol-vainqueur-a-Innichen-et-nouveau-leader-du-general.png","width":800,"height":445,"caption":"Skicross Bastien Midol vainqueur \u00e0 Innichen et nouveau leader du g\u00e9n\u00e9ral"},{"@type":"BreadcrumbList","@id":"https:\/\/dicodusport.fr\/blog\/skicross-bastien-midol-vainqueur-a-innichen-et-nouveau-leader-du-general\/#breadcrumb","itemListElement":[{"@type":"ListItem","position":1,"name":"Accueil","item":"https:\/\/dicodusport.fr\/blog\/"},{"@type":"ListItem","position":2,"name":"Skicross : Bastien Midol vainqueur \u00e0 Innichen et nouveau leader du g\u00e9n\u00e9ral"}]},{"@type":"WebSite","@id":"https:\/\/dicodusport.fr\/blog\/#website","url":"https:\/\/dicodusport.fr\/blog\/","name":"Dicodusport","description":"L&#039;encyclop\u00e9die de l&#039;actualit\u00e9 sportive","publisher":{"@id":"https:\/\/dicodusport.fr\/blog\/#organization"},"potentialAction":[{"@type":"SearchAction","target":{"@type":"EntryPoint","urlTemplate":"https:\/\/dicodusport.fr\/blog\/?s={search_term_string}"},"query-input":{"@type":"PropertyValueSpecification","valueRequired":true,"valueName":"search_term_string"}}],"inLanguage":"fr-FR"},{"@type":"NewsMediaOrganization","@id":"https:\/\/dicodusport.fr\/blog\/#organization","name":"Dicodusport","url":"https:\/\/dicodusport.fr\/blog\/","logo":{"@type":"ImageObject","inLanguage":"fr-FR","@id":"https:\/\/dicodusport.fr\/blog\/#\/schema\/logo\/image\/","url":"https:\/\/dicodusport.fr\/blog\/wp-content\/uploads\/2020\/06\/cropped-LOGO-DICODUSPORT-2020-SANS-FOND-SANS-TEXTE.png","contentUrl":"https:\/\/dicodusport.fr\/blog\/wp-content\/uploads\/2020\/06\/cropped-LOGO-DICODUSPORT-2020-SANS-FOND-SANS-TEXTE.png","width":512,"height":512,"caption":"Dicodusport"},"image":{"@id":"https:\/\/dicodusport.fr\/blog\/#\/schema\/logo\/image\/"},"sameAs":["https:\/\/www.facebook.com\/dicodusport","https:\/\/x.com\/dicodusport","https:\/\/www.instagram.com\/dicodusport\/","https:\/\/www.youtube.com\/channel\/UC7V2KZ5sd3htJivAbA4ZG3w"],"description":"Dicodusport est l'encyclop\u00e9die de l'actualit\u00e9 sportive.","email":"bonjour@dicodusport.fr","legalName":"DICODUSPORT","foundingDate":"2018-01-14","vatID":"FR71834470973","taxID":"83447097300043","numberOfEmployees":{"@type":"QuantitativeValue","minValue":"1","maxValue":"10"}},{"@type":"Person","@id":"https:\/\/dicodusport.fr\/blog\/#\/schema\/person\/5aab10ee856e86ac63e9819a9da34784","name":"Maxime Boulard","image":{"@type":"ImageObject","inLanguage":"fr-FR","@id":"https:\/\/dicodusport.fr\/blog\/#\/schema\/person\/image\/","url":"https:\/\/dicodusport.fr\/blog\/wp-content\/uploads\/2021\/05\/Maxime-Boulard-150x150.jpg","contentUrl":"https:\/\/dicodusport.fr\/blog\/wp-content\/uploads\/2021\/05\/Maxime-Boulard-150x150.jpg","caption":"Maxime Boulard"},"description":"Journaliste\/r\u00e9dacteur depuis octobre 2020 - Si mon plus vieux souvenir de sport aurait pu m'en d\u00e9go\u00fbter, la finale de la Coupe du monde 2006 a \u00e9t\u00e9 tout le contraire. V\u00e9ritable d\u00e9clencheur d'une passion qui aujourd'hui ne fait que grandir avec le temps, mon leitmotiv est la France qui brille ! Je relate les exploits pass\u00e9s et pr\u00e9sents du sport bleu-blanc-rouge sans m\u00e9nagement depuis octobre 2020. Sport valide ou handisport, aucune diff\u00e9rence, il n'y a que du sport et plusieurs fa\u00e7ons de le pratiquer.","sameAs":["https:\/\/www.facebook.com\/Max.Bld2\/","https:\/\/x.com\/https:\/\/twitter.com\/MaximeB_2"],"url":"https:\/\/dicodusport.fr\/blog\/author\/maxime-b\/"}]}},"_links":{"self":[{"href":"https:\/\/dicodusport.fr\/blog\/wp-json\/wp\/v2\/posts\/186949","targetHints":{"allow":["GET"]}}],"collection":[{"href":"https:\/\/dicodusport.fr\/blog\/wp-json\/wp\/v2\/posts"}],"about":[{"href":"https:\/\/dicodusport.fr\/blog\/wp-json\/wp\/v2\/types\/post"}],"author":[{"embeddable":true,"href":"https:\/\/dicodusport.fr\/blog\/wp-json\/wp\/v2\/users\/43"}],"replies":[{"embeddable":true,"href":"https:\/\/dicodusport.fr\/blog\/wp-json\/wp\/v2\/comments?post=186949"}],"version-history":[{"count":0,"href":"https:\/\/dicodusport.fr\/blog\/wp-json\/wp\/v2\/posts\/186949\/revisions"}],"wp:featuredmedia":[{"embeddable":true,"href":"https:\/\/dicodusport.fr\/blog\/wp-json\/wp\/v2\/media\/186957"}],"wp:attachment":[{"href":"https:\/\/dicodusport.fr\/blog\/wp-json\/wp\/v2\/media?parent=186949"}],"wp:term":[{"taxonomy":"category","embeddable":true,"href":"https:\/\/dicodusport.fr\/blog\/wp-json\/wp\/v2\/categories?post=186949"},{"taxonomy":"post_tag","embeddable":true,"href":"https:\/\/dicodusport.fr\/blog\/wp-json\/wp\/v2\/tags?post=186949"}],"curies":[{"name":"wp","href":"https:\/\/api.w.org\/{rel}","templated":true}]}}