{"id":18709,"date":"2018-05-21T21:14:57","date_gmt":"2018-05-21T19:14:57","guid":{"rendered":"http:\/\/dicodusport.fr\/blog\/?p=18709"},"modified":"2018-05-21T21:18:38","modified_gmt":"2018-05-21T19:18:38","slug":"internationaux-de-strasbourg-parmentier-derniere-rescapee","status":"publish","type":"post","link":"https:\/\/dicodusport.fr\/blog\/internationaux-de-strasbourg-parmentier-derniere-rescapee\/","title":{"rendered":"Internationaux de Strasbourg : Parmentier derni\u00e8re rescap\u00e9e"},"content":{"rendered":"<p style=\"text-align: justify;\"><strong><em>Apr\u00e8s une premi\u00e8re journ\u00e9e pluvieuse, on a pu assister ce lundi, \u00e0 une journ\u00e9e sous le soleil aux Internationaux de Strasbourg. Au programme du jour notamment : Pauline Parmentier, Samantha Stosur (double tenante du titre) ou encore la t\u00eate de s\u00e9rie num\u00e9ro 1 du tournoi, Ashleigh Barty ainsi que la t\u00eate de s\u00e9rie num\u00e9ro 2, Daria Gavrilova.<\/em><\/strong><\/p>\n<h5>Pauline Parmentier en patronne des Bleues<\/h5>\n<p style=\"text-align: justify;\">Alors qu&rsquo;on restait sur une mauvaise note hier soir du c\u00f4t\u00e9 des Tricolores, avec l&rsquo;\u00e9limination d&rsquo;Amandine Hesse, Pauline Parmentier a su se sortir du pi\u00e8ge de Wang en deux manches (6-4, 7-6). Vainqueur du seul duel entre les deux joueuses, la Chinoise a toutefois bien emb\u00eat\u00e9 la Fran\u00e7aise lors de la seconde manche en obtenant notamment une balle de set. Au prochain tour, elle affrontera Ashleigh Barty, victorieuse de la Tha\u00eflandaise Luksika Kumkhum en deux sets (6-4, 6-4). Pauline Parmentier sera la derni\u00e8re fran\u00e7aise en lice puisque Chlo\u00e9 Paquet et Fiona Ferro n&rsquo;ont pas pu s&rsquo;imposer. La premi\u00e8re s&rsquo;incline face \u00e0 Cibulkova en deux manches (6-4, 6-2) et la seconde a subi la loi de Timea Babos \u00e9galement en deux manches (6-4, 6-0).<\/p>\n<h5>Des r\u00e9sultats logiques et une double bulle<\/h5>\n<p style=\"text-align: justify;\">Dans les autres matchs de ce lundi, la t\u00eate de s\u00e9rie num\u00e9ro 8, Su-Wei Hsieh a souffert pour venir \u00e0 bout de la qualifi\u00e9e estonienne, Kaia Kanepi (2-6, 7-5, 6-2). Si le premier set a \u00e9t\u00e9 le plus long en terme de temps, les deux autres n&rsquo;ont pas \u00e9t\u00e9 moins accroch\u00e9s avec notamment sept breaks. Daria Gavrilova, t\u00eate de s\u00e9rie num\u00e9ro deux du tournoi, a d\u00fb \u00e9galement batailler pour venir \u00e0 bout d&rsquo;une accrocheuse Brady (7-6, 7-6). Aucun souci en revanche pour la double tenante du titre Samantha Stosur, qui s&rsquo;est d\u00e9barrass\u00e9e de l&rsquo;Am\u00e9ricaine Sofia Kenin en deux manches (6-3, 6-2). La grosse performance du jour revient \u00e0 Anastasia Pavlyuchenkova qui inflige une double bulle \u00e0 l&rsquo;Allemande Tatjana Maria.<\/p>\n<p>&nbsp;<\/p>\n<h4 style=\"text-align: center;\">Court Patrice Dominguez<\/h4>\n<p style=\"text-align: center;\"><strong>Stosur<\/strong> &#8211; Kenin (6-3, 6-2)<\/p>\n<p style=\"text-align: center;\"><strong>Parmentier<\/strong> &#8211; Wang (6-4, 7-6)<\/p>\n<p style=\"text-align: center;\"><strong>Barty<\/strong> &#8211; Kumkhum (6-4, 6-4)<\/p>\n<p style=\"text-align: center;\"><strong>Cibulkova<\/strong> &#8211; Paquet (6-4, 6-2)<\/p>\n<h4 style=\"text-align: center;\">Court 1<\/h4>\n<p style=\"text-align: center;\"><strong>Hsieh<\/strong> &#8211; Kanepi (2-6, 7-5, 6-2)<\/p>\n<p style=\"text-align: center;\"><strong>Safarova<\/strong> &#8211; Melnikova (6-2, 4-6, 6-3)<\/p>\n<p style=\"text-align: center;\"><strong>Gavrilova<\/strong> &#8211; Brady (6-4, 6-4)<\/p>\n<p style=\"text-align: center;\"><strong>Pavlyuchenkova<\/strong> &#8211; Maria (6-0, 6-0)<\/p>\n<p style=\"text-align: center;\"><strong>Babos<\/strong> &#8211; Ferro (6-4, 6-0)<\/p>\n<p><strong><em>Tristan Mieger<br \/>\n<a href=\"https:\/\/twitter.com\/llodra67?lang=fr\" target=\"_blank\" rel=\"noopener\"><img loading=\"lazy\" decoding=\"async\" class=\"alignnone wp-image-2908 size-full\" src=\"http:\/\/dicodusport.fr\/blog\/wp-content\/uploads\/2017\/07\/logo-twitter-e1516110106986.png\" alt=\"\" width=\"39\" height=\"39\" \/><\/a><\/em><\/strong><\/p>\n<p>&nbsp;<\/p>\n","protected":false},"excerpt":{"rendered":"<p>Apr\u00e8s une premi\u00e8re journ\u00e9e pluvieuse, on a pu assister ce lundi, \u00e0 une journ\u00e9e sous le soleil aux Internationaux de Strasbourg. Au programme du jour notamment : Pauline Parmentier, Samantha Stosur (double tenante du titre) ou encore la t\u00eate de s\u00e9rie num\u00e9ro 1 du tournoi, Ashleigh Barty ainsi que la t\u00eate de s\u00e9rie num\u00e9ro 2, Daria Gavrilova.<\/p>\n","protected":false},"author":6,"featured_media":18738,"comment_status":"open","ping_status":"closed","sticky":false,"template":"","format":"standard","meta":{"_acf_changed":false,"_daextam_enable_autolinks":"","footnotes":""},"categories":[2,2302],"tags":[4537,3759,136,137],"class_list":["post-18709","post","type-post","status-publish","format-standard","has-post-thumbnail","hentry","category-actualites","category-tennis","tag-internationaux-de-strasbourg","tag-pauline-parmentier","tag-tennis","tag-wta"],"acf":[],"yoast_head":"<!-- This site is optimized with the Yoast SEO Premium plugin v26.7 (Yoast SEO v26.7) - https:\/\/yoast.com\/wordpress\/plugins\/seo\/ -->\n<title>Internationaux de Strasbourg : Parmentier derni\u00e8re rescap\u00e9e<\/title>\n<meta name=\"description\" content=\"Apr\u00e8s une premi\u00e8re journ\u00e9e pluvieuse, on a pu assister ce lundi, \u00e0 une journ\u00e9e sous le soleil aux Internationaux de Strasbourg. Au programme du jour notamment : Pauline Parmentier, Samantha Stosur (double tenante du titre) ou encore la t\u00eate de s\u00e9rie num\u00e9ro 1 du tournoi, Ashleigh Barty.\" \/>\n<meta name=\"robots\" content=\"index, follow, max-snippet:-1, max-image-preview:large, max-video-preview:-1\" \/>\n<link rel=\"canonical\" href=\"https:\/\/dicodusport.fr\/blog\/internationaux-de-strasbourg-parmentier-derniere-rescapee\/\" \/>\n<meta property=\"og:locale\" content=\"fr_FR\" \/>\n<meta property=\"og:type\" content=\"article\" \/>\n<meta property=\"og:title\" content=\"Internationaux de Strasbourg : Parmentier derni\u00e8re rescap\u00e9e\" \/>\n<meta property=\"og:description\" content=\"Apr\u00e8s une premi\u00e8re journ\u00e9e pluvieuse, on a pu assister ce lundi, \u00e0 une journ\u00e9e sous le soleil aux Internationaux de Strasbourg. Au programme du jour notamment : Pauline Parmentier, Samantha Stosur (double tenante du titre) ou encore la t\u00eate de s\u00e9rie num\u00e9ro 1 du tournoi, Ashleigh Barty.\" \/>\n<meta property=\"og:url\" content=\"https:\/\/dicodusport.fr\/blog\/internationaux-de-strasbourg-parmentier-derniere-rescapee\/\" \/>\n<meta property=\"og:site_name\" content=\"Dicodusport\" \/>\n<meta property=\"article:publisher\" content=\"https:\/\/www.facebook.com\/dicodusport\" \/>\n<meta property=\"article:published_time\" content=\"2018-05-21T19:14:57+00:00\" \/>\n<meta property=\"article:modified_time\" content=\"2018-05-21T19:18:38+00:00\" \/>\n<meta property=\"og:image\" content=\"https:\/\/dicodusport.fr\/blog\/wp-content\/uploads\/2018\/05\/Pauline-Parmentier-Internationaux-de-Strasbourg.png\" \/>\n\t<meta property=\"og:image:width\" content=\"800\" \/>\n\t<meta property=\"og:image:height\" content=\"445\" \/>\n\t<meta property=\"og:image:type\" content=\"image\/png\" \/>\n<meta name=\"author\" content=\"Tristan\" \/>\n<meta name=\"twitter:card\" content=\"summary_large_image\" \/>\n<meta name=\"twitter:creator\" content=\"@dicodusport\" \/>\n<meta name=\"twitter:site\" content=\"@dicodusport\" \/>\n<script type=\"application\/ld+json\" class=\"yoast-schema-graph\">{\"@context\":\"https:\/\/schema.org\",\"@graph\":[{\"@type\":\"NewsArticle\",\"@id\":\"https:\/\/dicodusport.fr\/blog\/internationaux-de-strasbourg-parmentier-derniere-rescapee\/#article\",\"isPartOf\":{\"@id\":\"https:\/\/dicodusport.fr\/blog\/internationaux-de-strasbourg-parmentier-derniere-rescapee\/\"},\"author\":{\"name\":\"Tristan\",\"@id\":\"https:\/\/dicodusport.fr\/blog\/#\/schema\/person\/70c332124679336c1a1a6ec090e8a904\"},\"headline\":\"Internationaux de Strasbourg : Parmentier derni\u00e8re rescap\u00e9e\",\"datePublished\":\"2018-05-21T19:14:57+00:00\",\"dateModified\":\"2018-05-21T19:18:38+00:00\",\"mainEntityOfPage\":{\"@id\":\"https:\/\/dicodusport.fr\/blog\/internationaux-de-strasbourg-parmentier-derniere-rescapee\/\"},\"wordCount\":406,\"commentCount\":0,\"publisher\":{\"@id\":\"https:\/\/dicodusport.fr\/blog\/#organization\"},\"image\":{\"@id\":\"https:\/\/dicodusport.fr\/blog\/internationaux-de-strasbourg-parmentier-derniere-rescapee\/#primaryimage\"},\"thumbnailUrl\":\"https:\/\/dicodusport.fr\/blog\/wp-content\/uploads\/2018\/05\/Pauline-Parmentier-Internationaux-de-Strasbourg.png\",\"keywords\":[\"internationaux de strasbourg\",\"Pauline Parmentier\",\"Tennis\",\"wta\"],\"articleSection\":[\"Actualit\u00e9s\",\"Tennis\"],\"inLanguage\":\"fr-FR\",\"potentialAction\":[{\"@type\":\"CommentAction\",\"name\":\"Comment\",\"target\":[\"https:\/\/dicodusport.fr\/blog\/internationaux-de-strasbourg-parmentier-derniere-rescapee\/#respond\"]}],\"copyrightYear\":\"2018\",\"copyrightHolder\":{\"@id\":\"https:\/\/dicodusport.fr\/blog\/#organization\"}},{\"@type\":\"WebPage\",\"@id\":\"https:\/\/dicodusport.fr\/blog\/internationaux-de-strasbourg-parmentier-derniere-rescapee\/\",\"url\":\"https:\/\/dicodusport.fr\/blog\/internationaux-de-strasbourg-parmentier-derniere-rescapee\/\",\"name\":\"Internationaux de Strasbourg : Parmentier derni\u00e8re rescap\u00e9e\",\"isPartOf\":{\"@id\":\"https:\/\/dicodusport.fr\/blog\/#website\"},\"primaryImageOfPage\":{\"@id\":\"https:\/\/dicodusport.fr\/blog\/internationaux-de-strasbourg-parmentier-derniere-rescapee\/#primaryimage\"},\"image\":{\"@id\":\"https:\/\/dicodusport.fr\/blog\/internationaux-de-strasbourg-parmentier-derniere-rescapee\/#primaryimage\"},\"thumbnailUrl\":\"https:\/\/dicodusport.fr\/blog\/wp-content\/uploads\/2018\/05\/Pauline-Parmentier-Internationaux-de-Strasbourg.png\",\"datePublished\":\"2018-05-21T19:14:57+00:00\",\"dateModified\":\"2018-05-21T19:18:38+00:00\",\"description\":\"Apr\u00e8s une premi\u00e8re journ\u00e9e pluvieuse, on a pu assister ce lundi, \u00e0 une journ\u00e9e sous le soleil aux Internationaux de Strasbourg. Au programme du jour notamment : Pauline Parmentier, Samantha Stosur (double tenante du titre) ou encore la t\u00eate de s\u00e9rie num\u00e9ro 1 du tournoi, Ashleigh Barty.\",\"breadcrumb\":{\"@id\":\"https:\/\/dicodusport.fr\/blog\/internationaux-de-strasbourg-parmentier-derniere-rescapee\/#breadcrumb\"},\"inLanguage\":\"fr-FR\",\"potentialAction\":[{\"@type\":\"ReadAction\",\"target\":[\"https:\/\/dicodusport.fr\/blog\/internationaux-de-strasbourg-parmentier-derniere-rescapee\/\"]}]},{\"@type\":\"ImageObject\",\"inLanguage\":\"fr-FR\",\"@id\":\"https:\/\/dicodusport.fr\/blog\/internationaux-de-strasbourg-parmentier-derniere-rescapee\/#primaryimage\",\"url\":\"https:\/\/dicodusport.fr\/blog\/wp-content\/uploads\/2018\/05\/Pauline-Parmentier-Internationaux-de-Strasbourg.png\",\"contentUrl\":\"https:\/\/dicodusport.fr\/blog\/wp-content\/uploads\/2018\/05\/Pauline-Parmentier-Internationaux-de-Strasbourg.png\",\"width\":800,\"height\":445},{\"@type\":\"BreadcrumbList\",\"@id\":\"https:\/\/dicodusport.fr\/blog\/internationaux-de-strasbourg-parmentier-derniere-rescapee\/#breadcrumb\",\"itemListElement\":[{\"@type\":\"ListItem\",\"position\":1,\"name\":\"Accueil\",\"item\":\"https:\/\/dicodusport.fr\/blog\/\"},{\"@type\":\"ListItem\",\"position\":2,\"name\":\"Internationaux de Strasbourg : Parmentier derni\u00e8re rescap\u00e9e\"}]},{\"@type\":\"WebSite\",\"@id\":\"https:\/\/dicodusport.fr\/blog\/#website\",\"url\":\"https:\/\/dicodusport.fr\/blog\/\",\"name\":\"Dicodusport\",\"description\":\"L&#039;encyclop\u00e9die de l&#039;actualit\u00e9 sportive\",\"publisher\":{\"@id\":\"https:\/\/dicodusport.fr\/blog\/#organization\"},\"potentialAction\":[{\"@type\":\"SearchAction\",\"target\":{\"@type\":\"EntryPoint\",\"urlTemplate\":\"https:\/\/dicodusport.fr\/blog\/?s={search_term_string}\"},\"query-input\":{\"@type\":\"PropertyValueSpecification\",\"valueRequired\":true,\"valueName\":\"search_term_string\"}}],\"inLanguage\":\"fr-FR\"},{\"@type\":\"NewsMediaOrganization\",\"@id\":\"https:\/\/dicodusport.fr\/blog\/#organization\",\"name\":\"Dicodusport\",\"url\":\"https:\/\/dicodusport.fr\/blog\/\",\"logo\":{\"@type\":\"ImageObject\",\"inLanguage\":\"fr-FR\",\"@id\":\"https:\/\/dicodusport.fr\/blog\/#\/schema\/logo\/image\/\",\"url\":\"https:\/\/dicodusport.fr\/blog\/wp-content\/uploads\/2020\/06\/cropped-LOGO-DICODUSPORT-2020-SANS-FOND-SANS-TEXTE.png\",\"contentUrl\":\"https:\/\/dicodusport.fr\/blog\/wp-content\/uploads\/2020\/06\/cropped-LOGO-DICODUSPORT-2020-SANS-FOND-SANS-TEXTE.png\",\"width\":512,\"height\":512,\"caption\":\"Dicodusport\"},\"image\":{\"@id\":\"https:\/\/dicodusport.fr\/blog\/#\/schema\/logo\/image\/\"},\"sameAs\":[\"https:\/\/www.facebook.com\/dicodusport\",\"https:\/\/x.com\/dicodusport\",\"https:\/\/www.instagram.com\/dicodusport\/\",\"https:\/\/www.youtube.com\/channel\/UC7V2KZ5sd3htJivAbA4ZG3w\"],\"description\":\"Dicodusport est l'encyclop\u00e9die de l'actualit\u00e9 sportive.\",\"email\":\"bonjour@dicodusport.fr\",\"legalName\":\"DICODUSPORT\",\"foundingDate\":\"2018-01-14\",\"vatID\":\"FR71834470973\",\"taxID\":\"83447097300043\",\"numberOfEmployees\":{\"@type\":\"QuantitativeValue\",\"minValue\":\"1\",\"maxValue\":\"10\"}},{\"@type\":\"Person\",\"@id\":\"https:\/\/dicodusport.fr\/blog\/#\/schema\/person\/70c332124679336c1a1a6ec090e8a904\",\"name\":\"Tristan\",\"image\":{\"@type\":\"ImageObject\",\"inLanguage\":\"fr-FR\",\"@id\":\"https:\/\/dicodusport.fr\/blog\/#\/schema\/person\/image\/\",\"url\":\"https:\/\/dicodusport.fr\/blog\/wp-content\/uploads\/2018\/06\/User-blue-icon-150x150.png\",\"contentUrl\":\"https:\/\/dicodusport.fr\/blog\/wp-content\/uploads\/2018\/06\/User-blue-icon-150x150.png\",\"caption\":\"Tristan\"},\"url\":\"https:\/\/dicodusport.fr\/blog\/author\/tristan\/\"}]}<\/script>\n<!-- \/ Yoast SEO Premium plugin. -->","yoast_head_json":{"title":"Internationaux de Strasbourg : Parmentier derni\u00e8re rescap\u00e9e","description":"Apr\u00e8s une premi\u00e8re journ\u00e9e pluvieuse, on a pu assister ce lundi, \u00e0 une journ\u00e9e sous le soleil aux Internationaux de Strasbourg. Au programme du jour notamment : Pauline Parmentier, Samantha Stosur (double tenante du titre) ou encore la t\u00eate de s\u00e9rie num\u00e9ro 1 du tournoi, Ashleigh Barty.","robots":{"index":"index","follow":"follow","max-snippet":"max-snippet:-1","max-image-preview":"max-image-preview:large","max-video-preview":"max-video-preview:-1"},"canonical":"https:\/\/dicodusport.fr\/blog\/internationaux-de-strasbourg-parmentier-derniere-rescapee\/","og_locale":"fr_FR","og_type":"article","og_title":"Internationaux de Strasbourg : Parmentier derni\u00e8re rescap\u00e9e","og_description":"Apr\u00e8s une premi\u00e8re journ\u00e9e pluvieuse, on a pu assister ce lundi, \u00e0 une journ\u00e9e sous le soleil aux Internationaux de Strasbourg. Au programme du jour notamment : Pauline Parmentier, Samantha Stosur (double tenante du titre) ou encore la t\u00eate de s\u00e9rie num\u00e9ro 1 du tournoi, Ashleigh Barty.","og_url":"https:\/\/dicodusport.fr\/blog\/internationaux-de-strasbourg-parmentier-derniere-rescapee\/","og_site_name":"Dicodusport","article_publisher":"https:\/\/www.facebook.com\/dicodusport","article_published_time":"2018-05-21T19:14:57+00:00","article_modified_time":"2018-05-21T19:18:38+00:00","og_image":[{"width":800,"height":445,"url":"https:\/\/dicodusport.fr\/blog\/wp-content\/uploads\/2018\/05\/Pauline-Parmentier-Internationaux-de-Strasbourg.png","type":"image\/png"}],"author":"Tristan","twitter_card":"summary_large_image","twitter_creator":"@dicodusport","twitter_site":"@dicodusport","schema":{"@context":"https:\/\/schema.org","@graph":[{"@type":"NewsArticle","@id":"https:\/\/dicodusport.fr\/blog\/internationaux-de-strasbourg-parmentier-derniere-rescapee\/#article","isPartOf":{"@id":"https:\/\/dicodusport.fr\/blog\/internationaux-de-strasbourg-parmentier-derniere-rescapee\/"},"author":{"name":"Tristan","@id":"https:\/\/dicodusport.fr\/blog\/#\/schema\/person\/70c332124679336c1a1a6ec090e8a904"},"headline":"Internationaux de Strasbourg : Parmentier derni\u00e8re rescap\u00e9e","datePublished":"2018-05-21T19:14:57+00:00","dateModified":"2018-05-21T19:18:38+00:00","mainEntityOfPage":{"@id":"https:\/\/dicodusport.fr\/blog\/internationaux-de-strasbourg-parmentier-derniere-rescapee\/"},"wordCount":406,"commentCount":0,"publisher":{"@id":"https:\/\/dicodusport.fr\/blog\/#organization"},"image":{"@id":"https:\/\/dicodusport.fr\/blog\/internationaux-de-strasbourg-parmentier-derniere-rescapee\/#primaryimage"},"thumbnailUrl":"https:\/\/dicodusport.fr\/blog\/wp-content\/uploads\/2018\/05\/Pauline-Parmentier-Internationaux-de-Strasbourg.png","keywords":["internationaux de strasbourg","Pauline Parmentier","Tennis","wta"],"articleSection":["Actualit\u00e9s","Tennis"],"inLanguage":"fr-FR","potentialAction":[{"@type":"CommentAction","name":"Comment","target":["https:\/\/dicodusport.fr\/blog\/internationaux-de-strasbourg-parmentier-derniere-rescapee\/#respond"]}],"copyrightYear":"2018","copyrightHolder":{"@id":"https:\/\/dicodusport.fr\/blog\/#organization"}},{"@type":"WebPage","@id":"https:\/\/dicodusport.fr\/blog\/internationaux-de-strasbourg-parmentier-derniere-rescapee\/","url":"https:\/\/dicodusport.fr\/blog\/internationaux-de-strasbourg-parmentier-derniere-rescapee\/","name":"Internationaux de Strasbourg : Parmentier derni\u00e8re rescap\u00e9e","isPartOf":{"@id":"https:\/\/dicodusport.fr\/blog\/#website"},"primaryImageOfPage":{"@id":"https:\/\/dicodusport.fr\/blog\/internationaux-de-strasbourg-parmentier-derniere-rescapee\/#primaryimage"},"image":{"@id":"https:\/\/dicodusport.fr\/blog\/internationaux-de-strasbourg-parmentier-derniere-rescapee\/#primaryimage"},"thumbnailUrl":"https:\/\/dicodusport.fr\/blog\/wp-content\/uploads\/2018\/05\/Pauline-Parmentier-Internationaux-de-Strasbourg.png","datePublished":"2018-05-21T19:14:57+00:00","dateModified":"2018-05-21T19:18:38+00:00","description":"Apr\u00e8s une premi\u00e8re journ\u00e9e pluvieuse, on a pu assister ce lundi, \u00e0 une journ\u00e9e sous le soleil aux Internationaux de Strasbourg. Au programme du jour notamment : Pauline Parmentier, Samantha Stosur (double tenante du titre) ou encore la t\u00eate de s\u00e9rie num\u00e9ro 1 du tournoi, Ashleigh Barty.","breadcrumb":{"@id":"https:\/\/dicodusport.fr\/blog\/internationaux-de-strasbourg-parmentier-derniere-rescapee\/#breadcrumb"},"inLanguage":"fr-FR","potentialAction":[{"@type":"ReadAction","target":["https:\/\/dicodusport.fr\/blog\/internationaux-de-strasbourg-parmentier-derniere-rescapee\/"]}]},{"@type":"ImageObject","inLanguage":"fr-FR","@id":"https:\/\/dicodusport.fr\/blog\/internationaux-de-strasbourg-parmentier-derniere-rescapee\/#primaryimage","url":"https:\/\/dicodusport.fr\/blog\/wp-content\/uploads\/2018\/05\/Pauline-Parmentier-Internationaux-de-Strasbourg.png","contentUrl":"https:\/\/dicodusport.fr\/blog\/wp-content\/uploads\/2018\/05\/Pauline-Parmentier-Internationaux-de-Strasbourg.png","width":800,"height":445},{"@type":"BreadcrumbList","@id":"https:\/\/dicodusport.fr\/blog\/internationaux-de-strasbourg-parmentier-derniere-rescapee\/#breadcrumb","itemListElement":[{"@type":"ListItem","position":1,"name":"Accueil","item":"https:\/\/dicodusport.fr\/blog\/"},{"@type":"ListItem","position":2,"name":"Internationaux de Strasbourg : Parmentier derni\u00e8re rescap\u00e9e"}]},{"@type":"WebSite","@id":"https:\/\/dicodusport.fr\/blog\/#website","url":"https:\/\/dicodusport.fr\/blog\/","name":"Dicodusport","description":"L&#039;encyclop\u00e9die de l&#039;actualit\u00e9 sportive","publisher":{"@id":"https:\/\/dicodusport.fr\/blog\/#organization"},"potentialAction":[{"@type":"SearchAction","target":{"@type":"EntryPoint","urlTemplate":"https:\/\/dicodusport.fr\/blog\/?s={search_term_string}"},"query-input":{"@type":"PropertyValueSpecification","valueRequired":true,"valueName":"search_term_string"}}],"inLanguage":"fr-FR"},{"@type":"NewsMediaOrganization","@id":"https:\/\/dicodusport.fr\/blog\/#organization","name":"Dicodusport","url":"https:\/\/dicodusport.fr\/blog\/","logo":{"@type":"ImageObject","inLanguage":"fr-FR","@id":"https:\/\/dicodusport.fr\/blog\/#\/schema\/logo\/image\/","url":"https:\/\/dicodusport.fr\/blog\/wp-content\/uploads\/2020\/06\/cropped-LOGO-DICODUSPORT-2020-SANS-FOND-SANS-TEXTE.png","contentUrl":"https:\/\/dicodusport.fr\/blog\/wp-content\/uploads\/2020\/06\/cropped-LOGO-DICODUSPORT-2020-SANS-FOND-SANS-TEXTE.png","width":512,"height":512,"caption":"Dicodusport"},"image":{"@id":"https:\/\/dicodusport.fr\/blog\/#\/schema\/logo\/image\/"},"sameAs":["https:\/\/www.facebook.com\/dicodusport","https:\/\/x.com\/dicodusport","https:\/\/www.instagram.com\/dicodusport\/","https:\/\/www.youtube.com\/channel\/UC7V2KZ5sd3htJivAbA4ZG3w"],"description":"Dicodusport est l'encyclop\u00e9die de l'actualit\u00e9 sportive.","email":"bonjour@dicodusport.fr","legalName":"DICODUSPORT","foundingDate":"2018-01-14","vatID":"FR71834470973","taxID":"83447097300043","numberOfEmployees":{"@type":"QuantitativeValue","minValue":"1","maxValue":"10"}},{"@type":"Person","@id":"https:\/\/dicodusport.fr\/blog\/#\/schema\/person\/70c332124679336c1a1a6ec090e8a904","name":"Tristan","image":{"@type":"ImageObject","inLanguage":"fr-FR","@id":"https:\/\/dicodusport.fr\/blog\/#\/schema\/person\/image\/","url":"https:\/\/dicodusport.fr\/blog\/wp-content\/uploads\/2018\/06\/User-blue-icon-150x150.png","contentUrl":"https:\/\/dicodusport.fr\/blog\/wp-content\/uploads\/2018\/06\/User-blue-icon-150x150.png","caption":"Tristan"},"url":"https:\/\/dicodusport.fr\/blog\/author\/tristan\/"}]}},"_links":{"self":[{"href":"https:\/\/dicodusport.fr\/blog\/wp-json\/wp\/v2\/posts\/18709","targetHints":{"allow":["GET"]}}],"collection":[{"href":"https:\/\/dicodusport.fr\/blog\/wp-json\/wp\/v2\/posts"}],"about":[{"href":"https:\/\/dicodusport.fr\/blog\/wp-json\/wp\/v2\/types\/post"}],"author":[{"embeddable":true,"href":"https:\/\/dicodusport.fr\/blog\/wp-json\/wp\/v2\/users\/6"}],"replies":[{"embeddable":true,"href":"https:\/\/dicodusport.fr\/blog\/wp-json\/wp\/v2\/comments?post=18709"}],"version-history":[{"count":0,"href":"https:\/\/dicodusport.fr\/blog\/wp-json\/wp\/v2\/posts\/18709\/revisions"}],"wp:featuredmedia":[{"embeddable":true,"href":"https:\/\/dicodusport.fr\/blog\/wp-json\/wp\/v2\/media\/18738"}],"wp:attachment":[{"href":"https:\/\/dicodusport.fr\/blog\/wp-json\/wp\/v2\/media?parent=18709"}],"wp:term":[{"taxonomy":"category","embeddable":true,"href":"https:\/\/dicodusport.fr\/blog\/wp-json\/wp\/v2\/categories?post=18709"},{"taxonomy":"post_tag","embeddable":true,"href":"https:\/\/dicodusport.fr\/blog\/wp-json\/wp\/v2\/tags?post=18709"}],"curies":[{"name":"wp","href":"https:\/\/api.w.org\/{rel}","templated":true}]}}