{"id":187128,"date":"2021-12-21T14:43:06","date_gmt":"2021-12-21T13:43:06","guid":{"rendered":"https:\/\/dicodusport.fr\/blog\/?p=187128&#038;preview=true&#038;preview_id=187128"},"modified":"2021-12-21T16:33:45","modified_gmt":"2021-12-21T15:33:45","slug":"wrc-sebastien-loeb-sera-bien-au-depart-du-rallye-de-monte-carlo-2022","status":"publish","type":"post","link":"https:\/\/dicodusport.fr\/blog\/wrc-sebastien-loeb-sera-bien-au-depart-du-rallye-de-monte-carlo-2022\/","title":{"rendered":"WRC : S\u00e9bastien Loeb sera bien au d\u00e9part du rallye de Monte-Carlo 2022"},"content":{"rendered":"<p style=\"text-align: justify;\"><strong><em>WRC &#8211; <a href=\"https:\/\/dicodusport.fr\/blog\/sebastien-loeb-proche-dun-retour-en-wrc-avec-ford\/\">Comme annonc\u00e9 il y a plusieurs semaines<\/a>, S\u00e9bastien Loeb sera bien au d\u00e9part du rallye de Monte-Carlo 2022 avec M-Sport.\u00a0<\/em><\/strong><\/p>\n<p style=\"text-align: justify;\">Nonuple champion du monde, <strong>S\u00e9bastien Loeb<\/strong> n&rsquo;a toujours pas d\u00e9finitivement tourn\u00e9 la page du <strong>WRC<\/strong>. L&rsquo;Alsacien sera en effet au d\u00e9part du <strong>rallye de Monte-Carlo<\/strong> dans quelques jours, au volant d&rsquo;une <strong>Puma Rally1<\/strong>. Sur le site de sa nouvelle \u00e9quipe, S\u00e9bastien Loeb s&rsquo;est expliqu\u00e9.<\/p>\n<blockquote>\n<p style=\"text-align: justify;\">C&rsquo;est agr\u00e9able de travailler avec M-Sport, c&rsquo;est une \u00e9quipe tr\u00e8s professionnelle et qui sait comment construire de bonnes voitures. Je suis heureux de travailler avec M-Sport maintenant, depuis le d\u00e9but de ma carri\u00e8re je me battais contre Ford mais j&rsquo;ai toujours connu Malcolm comme quelqu&rsquo;un de tr\u00e8s impliqu\u00e9 dans l&rsquo;\u00e9quipe et passionn\u00e9 par le rallye, nous avons toujours eu de bonnes relations. Je suis vraiment excit\u00e9 pour Monte-Carlo, c&rsquo;est vraiment un d\u00e9fi passionnant.<\/p>\n<p style=\"text-align: justify;\">Ce fut un plaisir de d\u00e9couvrir la nouvelle technologie trouv\u00e9e dans les voitures Puma Rally1, je pense qu&rsquo;elle est assez similaire aux voitures 2017, mais avec un syst\u00e8me hybride ajout\u00e9. Cela la rend un peu plus difficile \u00e0 utiliser et c&rsquo;est excitant d&rsquo;avoir quelque chose de nouveau \u00e0 g\u00e9rer dans la voiture. Lorsque j&rsquo;ai test\u00e9 la voiture, j&rsquo;ai \u00e9t\u00e9 vraiment impressionn\u00e9 par son \u00e9quilibre et sa puissance avec l&rsquo;hybride, je l&rsquo;ai vraiment appr\u00e9ci\u00e9.<\/p>\n<\/blockquote>\n<p style=\"text-align: justify;\">Pour le moment, seul le rallye de Monte-Carlo est pr\u00e9vu dans son programme, mais le pilote fran\u00e7ais pourrait \u00eatre au d\u00e9part d&rsquo;autres \u00e9preuves en 2022 quand l&rsquo;occasion se pr\u00e9sentera. Daniel Elena ayant annonc\u00e9 sa retraite, c&rsquo;est <strong>Isabelle Galmiche<\/strong> qui sera la nouvelle co-pilote de S\u00e9bastien Loeb.<\/p>\n<blockquote class=\"twitter-tweet\">\n<p dir=\"ltr\" lang=\"en\">Hear from the &#x1f410; himself, <a href=\"https:\/\/twitter.com\/SebastienLoeb?ref_src=twsrc%5Etfw\">@SebastienLoeb<\/a> on why he decided to join M-Sport and how it happened!<a href=\"https:\/\/twitter.com\/hashtag\/MSPORTERS?src=hash&amp;ref_src=twsrc%5Etfw\">#MSPORTERS<\/a> <a href=\"https:\/\/twitter.com\/hashtag\/Ford?src=hash&amp;ref_src=twsrc%5Etfw\">#Ford<\/a> <a href=\"https:\/\/twitter.com\/hashtag\/FordRally?src=hash&amp;ref_src=twsrc%5Etfw\">#FordRally<\/a> <a href=\"https:\/\/twitter.com\/hashtag\/FordPerformance?src=hash&amp;ref_src=twsrc%5Etfw\">#FordPerformance<\/a> <a href=\"https:\/\/twitter.com\/hashtag\/Rally?src=hash&amp;ref_src=twsrc%5Etfw\">#Rally<\/a> <a href=\"https:\/\/twitter.com\/hashtag\/Rally1?src=hash&amp;ref_src=twsrc%5Etfw\">#Rally1<\/a> <a href=\"https:\/\/twitter.com\/hashtag\/WRC?src=hash&amp;ref_src=twsrc%5Etfw\">#WRC<\/a> <a href=\"https:\/\/twitter.com\/hashtag\/Loeb?src=hash&amp;ref_src=twsrc%5Etfw\">#Loeb<\/a><\/p>\n<p>\u2014 M-Sport (@MSportLtd) <a href=\"https:\/\/twitter.com\/MSportLtd\/status\/1473267003771154435?ref_src=twsrc%5Etfw\">December 21, 2021<\/a><\/p><\/blockquote>\n<p style=\"text-align: justify;\"><script async src=\"https:\/\/platform.twitter.com\/widgets.js\" charset=\"utf-8\"><\/script><\/p>\n","protected":false},"excerpt":{"rendered":"<p>WRC &#8211; Comme annonc\u00e9 il y a plusieurs semaines, S\u00e9bastien Loeb sera bien au d\u00e9part du rallye de Monte-Carlo 2022 avec M-Sport.<\/p>\n","protected":false},"author":1,"featured_media":187129,"comment_status":"open","ping_status":"closed","sticky":false,"template":"","format":"standard","meta":{"_acf_changed":false,"_daextam_enable_autolinks":"","footnotes":""},"categories":[47088],"tags":[3858,3282,2235],"class_list":["post-187128","post","type-post","status-publish","format-standard","has-post-thumbnail","hentry","category-rallye-wrc","tag-rallye","tag-sebastien-loeb","tag-wrc"],"acf":[],"yoast_head":"<!-- This site is optimized with the Yoast SEO Premium plugin v26.7 (Yoast SEO v26.7) - https:\/\/yoast.com\/wordpress\/plugins\/seo\/ -->\n<title>WRC : S\u00e9bastien Loeb sera bien au d\u00e9part du rallye de Monte-Carlo 2022<\/title>\n<meta name=\"description\" content=\"WRC - Comme annonc\u00e9 il y a plusieurs semaines, S\u00e9bastien Loeb sera bien au d\u00e9part du rallye de Monte-Carlo 2022 avec M-Sport.\" \/>\n<meta name=\"robots\" content=\"index, follow, max-snippet:-1, max-image-preview:large, max-video-preview:-1\" \/>\n<link rel=\"canonical\" href=\"https:\/\/dicodusport.fr\/blog\/wrc-sebastien-loeb-sera-bien-au-depart-du-rallye-de-monte-carlo-2022\/\" \/>\n<meta property=\"og:locale\" content=\"fr_FR\" \/>\n<meta property=\"og:type\" content=\"article\" \/>\n<meta property=\"og:title\" content=\"WRC : S\u00e9bastien Loeb sera bien au d\u00e9part du rallye de Monte-Carlo 2022\" \/>\n<meta property=\"og:description\" content=\"WRC - Comme annonc\u00e9 il y a plusieurs semaines, S\u00e9bastien Loeb sera bien au d\u00e9part du rallye de Monte-Carlo 2022 avec M-Sport.\" \/>\n<meta property=\"og:url\" content=\"https:\/\/dicodusport.fr\/blog\/wrc-sebastien-loeb-sera-bien-au-depart-du-rallye-de-monte-carlo-2022\/\" \/>\n<meta property=\"og:site_name\" content=\"Dicodusport\" \/>\n<meta property=\"article:publisher\" content=\"https:\/\/www.facebook.com\/dicodusport\" \/>\n<meta property=\"article:author\" content=\"https:\/\/www.facebook.com\/dicodusport\" \/>\n<meta property=\"article:published_time\" content=\"2021-12-21T13:43:06+00:00\" \/>\n<meta property=\"article:modified_time\" content=\"2021-12-21T15:33:45+00:00\" \/>\n<meta property=\"og:image\" content=\"https:\/\/dicodusport.fr\/blog\/wp-content\/uploads\/2021\/12\/WRC-Se\u0301bastien-Loeb-sera-bien-au-de\u0301part-du-rallye-de-Monte-Carlo.png\" \/>\n\t<meta property=\"og:image:width\" content=\"800\" \/>\n\t<meta property=\"og:image:height\" content=\"445\" \/>\n\t<meta property=\"og:image:type\" content=\"image\/png\" \/>\n<meta name=\"author\" content=\"Nicolas Jacquemard\" \/>\n<meta name=\"twitter:card\" content=\"summary_large_image\" \/>\n<meta name=\"twitter:title\" content=\"WRC : S\u00e9bastien Loeb sera bien au d\u00e9part du rallye de Monte-Carlo 2022\" \/>\n<meta name=\"twitter:creator\" content=\"@https:\/\/twitter.com\/Nico_Jacquemard\" \/>\n<meta name=\"twitter:site\" content=\"@dicodusport\" \/>\n<script type=\"application\/ld+json\" class=\"yoast-schema-graph\">{\"@context\":\"https:\/\/schema.org\",\"@graph\":[{\"@type\":\"NewsArticle\",\"@id\":\"https:\/\/dicodusport.fr\/blog\/wrc-sebastien-loeb-sera-bien-au-depart-du-rallye-de-monte-carlo-2022\/#article\",\"isPartOf\":{\"@id\":\"https:\/\/dicodusport.fr\/blog\/wrc-sebastien-loeb-sera-bien-au-depart-du-rallye-de-monte-carlo-2022\/\"},\"author\":{\"name\":\"Nicolas Jacquemard\",\"@id\":\"https:\/\/dicodusport.fr\/blog\/#\/schema\/person\/55dcb50ad410894e431ed812bbb70191\"},\"headline\":\"WRC : S\u00e9bastien Loeb sera bien au d\u00e9part du rallye de Monte-Carlo 2022\",\"datePublished\":\"2021-12-21T13:43:06+00:00\",\"dateModified\":\"2021-12-21T15:33:45+00:00\",\"mainEntityOfPage\":{\"@id\":\"https:\/\/dicodusport.fr\/blog\/wrc-sebastien-loeb-sera-bien-au-depart-du-rallye-de-monte-carlo-2022\/\"},\"wordCount\":337,\"commentCount\":0,\"publisher\":{\"@id\":\"https:\/\/dicodusport.fr\/blog\/#organization\"},\"image\":{\"@id\":\"https:\/\/dicodusport.fr\/blog\/wrc-sebastien-loeb-sera-bien-au-depart-du-rallye-de-monte-carlo-2022\/#primaryimage\"},\"thumbnailUrl\":\"https:\/\/dicodusport.fr\/blog\/wp-content\/uploads\/2021\/12\/WRC-Se\u0301bastien-Loeb-sera-bien-au-de\u0301part-du-rallye-de-Monte-Carlo.png\",\"keywords\":[\"Rallye\",\"s\u00e9bastien loeb\",\"WRC\"],\"articleSection\":[\"Rallye WRC\"],\"inLanguage\":\"fr-FR\",\"potentialAction\":[{\"@type\":\"CommentAction\",\"name\":\"Comment\",\"target\":[\"https:\/\/dicodusport.fr\/blog\/wrc-sebastien-loeb-sera-bien-au-depart-du-rallye-de-monte-carlo-2022\/#respond\"]}],\"copyrightYear\":\"2021\",\"copyrightHolder\":{\"@id\":\"https:\/\/dicodusport.fr\/blog\/#organization\"}},{\"@type\":\"WebPage\",\"@id\":\"https:\/\/dicodusport.fr\/blog\/wrc-sebastien-loeb-sera-bien-au-depart-du-rallye-de-monte-carlo-2022\/\",\"url\":\"https:\/\/dicodusport.fr\/blog\/wrc-sebastien-loeb-sera-bien-au-depart-du-rallye-de-monte-carlo-2022\/\",\"name\":\"WRC : S\u00e9bastien Loeb sera bien au d\u00e9part du rallye de Monte-Carlo 2022\",\"isPartOf\":{\"@id\":\"https:\/\/dicodusport.fr\/blog\/#website\"},\"primaryImageOfPage\":{\"@id\":\"https:\/\/dicodusport.fr\/blog\/wrc-sebastien-loeb-sera-bien-au-depart-du-rallye-de-monte-carlo-2022\/#primaryimage\"},\"image\":{\"@id\":\"https:\/\/dicodusport.fr\/blog\/wrc-sebastien-loeb-sera-bien-au-depart-du-rallye-de-monte-carlo-2022\/#primaryimage\"},\"thumbnailUrl\":\"https:\/\/dicodusport.fr\/blog\/wp-content\/uploads\/2021\/12\/WRC-Se\u0301bastien-Loeb-sera-bien-au-de\u0301part-du-rallye-de-Monte-Carlo.png\",\"datePublished\":\"2021-12-21T13:43:06+00:00\",\"dateModified\":\"2021-12-21T15:33:45+00:00\",\"description\":\"WRC - Comme annonc\u00e9 il y a plusieurs semaines, S\u00e9bastien Loeb sera bien au d\u00e9part du rallye de Monte-Carlo 2022 avec M-Sport.\",\"breadcrumb\":{\"@id\":\"https:\/\/dicodusport.fr\/blog\/wrc-sebastien-loeb-sera-bien-au-depart-du-rallye-de-monte-carlo-2022\/#breadcrumb\"},\"inLanguage\":\"fr-FR\",\"potentialAction\":[{\"@type\":\"ReadAction\",\"target\":[\"https:\/\/dicodusport.fr\/blog\/wrc-sebastien-loeb-sera-bien-au-depart-du-rallye-de-monte-carlo-2022\/\"]}]},{\"@type\":\"ImageObject\",\"inLanguage\":\"fr-FR\",\"@id\":\"https:\/\/dicodusport.fr\/blog\/wrc-sebastien-loeb-sera-bien-au-depart-du-rallye-de-monte-carlo-2022\/#primaryimage\",\"url\":\"https:\/\/dicodusport.fr\/blog\/wp-content\/uploads\/2021\/12\/WRC-Se\u0301bastien-Loeb-sera-bien-au-de\u0301part-du-rallye-de-Monte-Carlo.png\",\"contentUrl\":\"https:\/\/dicodusport.fr\/blog\/wp-content\/uploads\/2021\/12\/WRC-Se\u0301bastien-Loeb-sera-bien-au-de\u0301part-du-rallye-de-Monte-Carlo.png\",\"width\":800,\"height\":445},{\"@type\":\"BreadcrumbList\",\"@id\":\"https:\/\/dicodusport.fr\/blog\/wrc-sebastien-loeb-sera-bien-au-depart-du-rallye-de-monte-carlo-2022\/#breadcrumb\",\"itemListElement\":[{\"@type\":\"ListItem\",\"position\":1,\"name\":\"Accueil\",\"item\":\"https:\/\/dicodusport.fr\/blog\/\"},{\"@type\":\"ListItem\",\"position\":2,\"name\":\"WRC : S\u00e9bastien Loeb sera bien au d\u00e9part du rallye de Monte-Carlo 2022\"}]},{\"@type\":\"WebSite\",\"@id\":\"https:\/\/dicodusport.fr\/blog\/#website\",\"url\":\"https:\/\/dicodusport.fr\/blog\/\",\"name\":\"Dicodusport\",\"description\":\"L&#039;encyclop\u00e9die de l&#039;actualit\u00e9 sportive\",\"publisher\":{\"@id\":\"https:\/\/dicodusport.fr\/blog\/#organization\"},\"potentialAction\":[{\"@type\":\"SearchAction\",\"target\":{\"@type\":\"EntryPoint\",\"urlTemplate\":\"https:\/\/dicodusport.fr\/blog\/?s={search_term_string}\"},\"query-input\":{\"@type\":\"PropertyValueSpecification\",\"valueRequired\":true,\"valueName\":\"search_term_string\"}}],\"inLanguage\":\"fr-FR\"},{\"@type\":\"NewsMediaOrganization\",\"@id\":\"https:\/\/dicodusport.fr\/blog\/#organization\",\"name\":\"Dicodusport\",\"url\":\"https:\/\/dicodusport.fr\/blog\/\",\"logo\":{\"@type\":\"ImageObject\",\"inLanguage\":\"fr-FR\",\"@id\":\"https:\/\/dicodusport.fr\/blog\/#\/schema\/logo\/image\/\",\"url\":\"https:\/\/dicodusport.fr\/blog\/wp-content\/uploads\/2020\/06\/cropped-LOGO-DICODUSPORT-2020-SANS-FOND-SANS-TEXTE.png\",\"contentUrl\":\"https:\/\/dicodusport.fr\/blog\/wp-content\/uploads\/2020\/06\/cropped-LOGO-DICODUSPORT-2020-SANS-FOND-SANS-TEXTE.png\",\"width\":512,\"height\":512,\"caption\":\"Dicodusport\"},\"image\":{\"@id\":\"https:\/\/dicodusport.fr\/blog\/#\/schema\/logo\/image\/\"},\"sameAs\":[\"https:\/\/www.facebook.com\/dicodusport\",\"https:\/\/x.com\/dicodusport\",\"https:\/\/www.instagram.com\/dicodusport\/\",\"https:\/\/www.youtube.com\/channel\/UC7V2KZ5sd3htJivAbA4ZG3w\"],\"description\":\"Dicodusport est l'encyclop\u00e9die de l'actualit\u00e9 sportive.\",\"email\":\"bonjour@dicodusport.fr\",\"legalName\":\"DICODUSPORT\",\"foundingDate\":\"2018-01-14\",\"vatID\":\"FR71834470973\",\"taxID\":\"83447097300043\",\"numberOfEmployees\":{\"@type\":\"QuantitativeValue\",\"minValue\":\"1\",\"maxValue\":\"10\"}},{\"@type\":\"Person\",\"@id\":\"https:\/\/dicodusport.fr\/blog\/#\/schema\/person\/55dcb50ad410894e431ed812bbb70191\",\"name\":\"Nicolas Jacquemard\",\"image\":{\"@type\":\"ImageObject\",\"inLanguage\":\"fr-FR\",\"@id\":\"https:\/\/dicodusport.fr\/blog\/#\/schema\/person\/image\/\",\"url\":\"https:\/\/dicodusport.fr\/blog\/wp-content\/uploads\/2021\/05\/Nicolas-Jacquemard-150x150.jpeg\",\"contentUrl\":\"https:\/\/dicodusport.fr\/blog\/wp-content\/uploads\/2021\/05\/Nicolas-Jacquemard-150x150.jpeg\",\"caption\":\"Nicolas Jacquemard\"},\"description\":\"Passionn\u00e9 de sport et entrepreneur depuis mes 18 ans, la cr\u00e9ation de Dicodusport m'a sembl\u00e9 \u00e9vidente pour participer \u00e0 la m\u00e9diatisation d'un plus grand nombre de sports. Le chemin est long mais avec une \u00e9quipe des plus motiv\u00e9es et les Jeux Olympiques de Paris 2024 en point de mire, nous y arriverons ! Journaliste dans le monde du sport depuis plus de 5 ans, je traite aussi bien de football, de rugby, de biathlon que de cyclisme.\",\"sameAs\":[\"https:\/\/www.facebook.com\/dicodusport\",\"https:\/\/x.com\/https:\/\/twitter.com\/Nico_Jacquemard\"],\"url\":\"https:\/\/dicodusport.fr\/blog\/author\/dicodusport\/\"}]}<\/script>\n<!-- \/ Yoast SEO Premium plugin. -->","yoast_head_json":{"title":"WRC : S\u00e9bastien Loeb sera bien au d\u00e9part du rallye de Monte-Carlo 2022","description":"WRC - Comme annonc\u00e9 il y a plusieurs semaines, S\u00e9bastien Loeb sera bien au d\u00e9part du rallye de Monte-Carlo 2022 avec M-Sport.","robots":{"index":"index","follow":"follow","max-snippet":"max-snippet:-1","max-image-preview":"max-image-preview:large","max-video-preview":"max-video-preview:-1"},"canonical":"https:\/\/dicodusport.fr\/blog\/wrc-sebastien-loeb-sera-bien-au-depart-du-rallye-de-monte-carlo-2022\/","og_locale":"fr_FR","og_type":"article","og_title":"WRC : S\u00e9bastien Loeb sera bien au d\u00e9part du rallye de Monte-Carlo 2022","og_description":"WRC - Comme annonc\u00e9 il y a plusieurs semaines, S\u00e9bastien Loeb sera bien au d\u00e9part du rallye de Monte-Carlo 2022 avec M-Sport.","og_url":"https:\/\/dicodusport.fr\/blog\/wrc-sebastien-loeb-sera-bien-au-depart-du-rallye-de-monte-carlo-2022\/","og_site_name":"Dicodusport","article_publisher":"https:\/\/www.facebook.com\/dicodusport","article_author":"https:\/\/www.facebook.com\/dicodusport","article_published_time":"2021-12-21T13:43:06+00:00","article_modified_time":"2021-12-21T15:33:45+00:00","og_image":[{"width":800,"height":445,"url":"https:\/\/dicodusport.fr\/blog\/wp-content\/uploads\/2021\/12\/WRC-Se\u0301bastien-Loeb-sera-bien-au-de\u0301part-du-rallye-de-Monte-Carlo.png","type":"image\/png"}],"author":"Nicolas Jacquemard","twitter_card":"summary_large_image","twitter_title":"WRC : S\u00e9bastien Loeb sera bien au d\u00e9part du rallye de Monte-Carlo 2022","twitter_creator":"@https:\/\/twitter.com\/Nico_Jacquemard","twitter_site":"@dicodusport","schema":{"@context":"https:\/\/schema.org","@graph":[{"@type":"NewsArticle","@id":"https:\/\/dicodusport.fr\/blog\/wrc-sebastien-loeb-sera-bien-au-depart-du-rallye-de-monte-carlo-2022\/#article","isPartOf":{"@id":"https:\/\/dicodusport.fr\/blog\/wrc-sebastien-loeb-sera-bien-au-depart-du-rallye-de-monte-carlo-2022\/"},"author":{"name":"Nicolas Jacquemard","@id":"https:\/\/dicodusport.fr\/blog\/#\/schema\/person\/55dcb50ad410894e431ed812bbb70191"},"headline":"WRC : S\u00e9bastien Loeb sera bien au d\u00e9part du rallye de Monte-Carlo 2022","datePublished":"2021-12-21T13:43:06+00:00","dateModified":"2021-12-21T15:33:45+00:00","mainEntityOfPage":{"@id":"https:\/\/dicodusport.fr\/blog\/wrc-sebastien-loeb-sera-bien-au-depart-du-rallye-de-monte-carlo-2022\/"},"wordCount":337,"commentCount":0,"publisher":{"@id":"https:\/\/dicodusport.fr\/blog\/#organization"},"image":{"@id":"https:\/\/dicodusport.fr\/blog\/wrc-sebastien-loeb-sera-bien-au-depart-du-rallye-de-monte-carlo-2022\/#primaryimage"},"thumbnailUrl":"https:\/\/dicodusport.fr\/blog\/wp-content\/uploads\/2021\/12\/WRC-Se\u0301bastien-Loeb-sera-bien-au-de\u0301part-du-rallye-de-Monte-Carlo.png","keywords":["Rallye","s\u00e9bastien loeb","WRC"],"articleSection":["Rallye WRC"],"inLanguage":"fr-FR","potentialAction":[{"@type":"CommentAction","name":"Comment","target":["https:\/\/dicodusport.fr\/blog\/wrc-sebastien-loeb-sera-bien-au-depart-du-rallye-de-monte-carlo-2022\/#respond"]}],"copyrightYear":"2021","copyrightHolder":{"@id":"https:\/\/dicodusport.fr\/blog\/#organization"}},{"@type":"WebPage","@id":"https:\/\/dicodusport.fr\/blog\/wrc-sebastien-loeb-sera-bien-au-depart-du-rallye-de-monte-carlo-2022\/","url":"https:\/\/dicodusport.fr\/blog\/wrc-sebastien-loeb-sera-bien-au-depart-du-rallye-de-monte-carlo-2022\/","name":"WRC : S\u00e9bastien Loeb sera bien au d\u00e9part du rallye de Monte-Carlo 2022","isPartOf":{"@id":"https:\/\/dicodusport.fr\/blog\/#website"},"primaryImageOfPage":{"@id":"https:\/\/dicodusport.fr\/blog\/wrc-sebastien-loeb-sera-bien-au-depart-du-rallye-de-monte-carlo-2022\/#primaryimage"},"image":{"@id":"https:\/\/dicodusport.fr\/blog\/wrc-sebastien-loeb-sera-bien-au-depart-du-rallye-de-monte-carlo-2022\/#primaryimage"},"thumbnailUrl":"https:\/\/dicodusport.fr\/blog\/wp-content\/uploads\/2021\/12\/WRC-Se\u0301bastien-Loeb-sera-bien-au-de\u0301part-du-rallye-de-Monte-Carlo.png","datePublished":"2021-12-21T13:43:06+00:00","dateModified":"2021-12-21T15:33:45+00:00","description":"WRC - Comme annonc\u00e9 il y a plusieurs semaines, S\u00e9bastien Loeb sera bien au d\u00e9part du rallye de Monte-Carlo 2022 avec M-Sport.","breadcrumb":{"@id":"https:\/\/dicodusport.fr\/blog\/wrc-sebastien-loeb-sera-bien-au-depart-du-rallye-de-monte-carlo-2022\/#breadcrumb"},"inLanguage":"fr-FR","potentialAction":[{"@type":"ReadAction","target":["https:\/\/dicodusport.fr\/blog\/wrc-sebastien-loeb-sera-bien-au-depart-du-rallye-de-monte-carlo-2022\/"]}]},{"@type":"ImageObject","inLanguage":"fr-FR","@id":"https:\/\/dicodusport.fr\/blog\/wrc-sebastien-loeb-sera-bien-au-depart-du-rallye-de-monte-carlo-2022\/#primaryimage","url":"https:\/\/dicodusport.fr\/blog\/wp-content\/uploads\/2021\/12\/WRC-Se\u0301bastien-Loeb-sera-bien-au-de\u0301part-du-rallye-de-Monte-Carlo.png","contentUrl":"https:\/\/dicodusport.fr\/blog\/wp-content\/uploads\/2021\/12\/WRC-Se\u0301bastien-Loeb-sera-bien-au-de\u0301part-du-rallye-de-Monte-Carlo.png","width":800,"height":445},{"@type":"BreadcrumbList","@id":"https:\/\/dicodusport.fr\/blog\/wrc-sebastien-loeb-sera-bien-au-depart-du-rallye-de-monte-carlo-2022\/#breadcrumb","itemListElement":[{"@type":"ListItem","position":1,"name":"Accueil","item":"https:\/\/dicodusport.fr\/blog\/"},{"@type":"ListItem","position":2,"name":"WRC : S\u00e9bastien Loeb sera bien au d\u00e9part du rallye de Monte-Carlo 2022"}]},{"@type":"WebSite","@id":"https:\/\/dicodusport.fr\/blog\/#website","url":"https:\/\/dicodusport.fr\/blog\/","name":"Dicodusport","description":"L&#039;encyclop\u00e9die de l&#039;actualit\u00e9 sportive","publisher":{"@id":"https:\/\/dicodusport.fr\/blog\/#organization"},"potentialAction":[{"@type":"SearchAction","target":{"@type":"EntryPoint","urlTemplate":"https:\/\/dicodusport.fr\/blog\/?s={search_term_string}"},"query-input":{"@type":"PropertyValueSpecification","valueRequired":true,"valueName":"search_term_string"}}],"inLanguage":"fr-FR"},{"@type":"NewsMediaOrganization","@id":"https:\/\/dicodusport.fr\/blog\/#organization","name":"Dicodusport","url":"https:\/\/dicodusport.fr\/blog\/","logo":{"@type":"ImageObject","inLanguage":"fr-FR","@id":"https:\/\/dicodusport.fr\/blog\/#\/schema\/logo\/image\/","url":"https:\/\/dicodusport.fr\/blog\/wp-content\/uploads\/2020\/06\/cropped-LOGO-DICODUSPORT-2020-SANS-FOND-SANS-TEXTE.png","contentUrl":"https:\/\/dicodusport.fr\/blog\/wp-content\/uploads\/2020\/06\/cropped-LOGO-DICODUSPORT-2020-SANS-FOND-SANS-TEXTE.png","width":512,"height":512,"caption":"Dicodusport"},"image":{"@id":"https:\/\/dicodusport.fr\/blog\/#\/schema\/logo\/image\/"},"sameAs":["https:\/\/www.facebook.com\/dicodusport","https:\/\/x.com\/dicodusport","https:\/\/www.instagram.com\/dicodusport\/","https:\/\/www.youtube.com\/channel\/UC7V2KZ5sd3htJivAbA4ZG3w"],"description":"Dicodusport est l'encyclop\u00e9die de l'actualit\u00e9 sportive.","email":"bonjour@dicodusport.fr","legalName":"DICODUSPORT","foundingDate":"2018-01-14","vatID":"FR71834470973","taxID":"83447097300043","numberOfEmployees":{"@type":"QuantitativeValue","minValue":"1","maxValue":"10"}},{"@type":"Person","@id":"https:\/\/dicodusport.fr\/blog\/#\/schema\/person\/55dcb50ad410894e431ed812bbb70191","name":"Nicolas Jacquemard","image":{"@type":"ImageObject","inLanguage":"fr-FR","@id":"https:\/\/dicodusport.fr\/blog\/#\/schema\/person\/image\/","url":"https:\/\/dicodusport.fr\/blog\/wp-content\/uploads\/2021\/05\/Nicolas-Jacquemard-150x150.jpeg","contentUrl":"https:\/\/dicodusport.fr\/blog\/wp-content\/uploads\/2021\/05\/Nicolas-Jacquemard-150x150.jpeg","caption":"Nicolas Jacquemard"},"description":"Passionn\u00e9 de sport et entrepreneur depuis mes 18 ans, la cr\u00e9ation de Dicodusport m'a sembl\u00e9 \u00e9vidente pour participer \u00e0 la m\u00e9diatisation d'un plus grand nombre de sports. Le chemin est long mais avec une \u00e9quipe des plus motiv\u00e9es et les Jeux Olympiques de Paris 2024 en point de mire, nous y arriverons ! Journaliste dans le monde du sport depuis plus de 5 ans, je traite aussi bien de football, de rugby, de biathlon que de cyclisme.","sameAs":["https:\/\/www.facebook.com\/dicodusport","https:\/\/x.com\/https:\/\/twitter.com\/Nico_Jacquemard"],"url":"https:\/\/dicodusport.fr\/blog\/author\/dicodusport\/"}]}},"_links":{"self":[{"href":"https:\/\/dicodusport.fr\/blog\/wp-json\/wp\/v2\/posts\/187128","targetHints":{"allow":["GET"]}}],"collection":[{"href":"https:\/\/dicodusport.fr\/blog\/wp-json\/wp\/v2\/posts"}],"about":[{"href":"https:\/\/dicodusport.fr\/blog\/wp-json\/wp\/v2\/types\/post"}],"author":[{"embeddable":true,"href":"https:\/\/dicodusport.fr\/blog\/wp-json\/wp\/v2\/users\/1"}],"replies":[{"embeddable":true,"href":"https:\/\/dicodusport.fr\/blog\/wp-json\/wp\/v2\/comments?post=187128"}],"version-history":[{"count":0,"href":"https:\/\/dicodusport.fr\/blog\/wp-json\/wp\/v2\/posts\/187128\/revisions"}],"wp:featuredmedia":[{"embeddable":true,"href":"https:\/\/dicodusport.fr\/blog\/wp-json\/wp\/v2\/media\/187129"}],"wp:attachment":[{"href":"https:\/\/dicodusport.fr\/blog\/wp-json\/wp\/v2\/media?parent=187128"}],"wp:term":[{"taxonomy":"category","embeddable":true,"href":"https:\/\/dicodusport.fr\/blog\/wp-json\/wp\/v2\/categories?post=187128"},{"taxonomy":"post_tag","embeddable":true,"href":"https:\/\/dicodusport.fr\/blog\/wp-json\/wp\/v2\/tags?post=187128"}],"curies":[{"name":"wp","href":"https:\/\/api.w.org\/{rel}","templated":true}]}}