{"id":187228,"date":"2021-12-22T14:04:43","date_gmt":"2021-12-22T13:04:43","guid":{"rendered":"https:\/\/dicodusport.fr\/blog\/?p=187228&#038;preview=true&#038;preview_id=187228"},"modified":"2021-12-22T14:10:45","modified_gmt":"2021-12-22T13:10:45","slug":"geant-de-courchevel-victoire-de-sara-hector-tessa-worley-au-pied-du-podium","status":"publish","type":"post","link":"https:\/\/dicodusport.fr\/blog\/geant-de-courchevel-victoire-de-sara-hector-tessa-worley-au-pied-du-podium\/","title":{"rendered":"G\u00e9ant de Courchevel : Victoire de Sara Hector, Tessa Worley au pied du podium"},"content":{"rendered":"<p style=\"text-align: justify;\"><strong><em>COUPE DU MONDE DE SKI ALPIN 2021\/2022 &#8211; Pour le second g\u00e9ant de Courchevel, c&rsquo;est Sara Hector, deuxi\u00e8me hier, qui s&rsquo;impose dans la station fran\u00e7aise. La Su\u00e9doise devance Mikaela Shiffrin et Marta Bassino, alors que Tessa Worley, deuxi\u00e8me de la premi\u00e8re manche, termine finalement quatri\u00e8me.<\/em><\/strong><\/p>\n<h2>Hector et Worley sur leur lanc\u00e9e<\/h2>\n<p style=\"text-align: justify;\"><a href=\"https:\/\/dicodusport.fr\/blog\/geant-de-courchevel-mikaela-shiffrin-simpose-facilement\/\">Contrairement \u00e0 la veille<\/a>, o\u00f9 <strong>Mikaela Shiffrin<\/strong> avait assomm\u00e9 l&rsquo;\u00e9preuve d&rsquo;entr\u00e9e de jeu, la premi\u00e8re manche a \u00e9t\u00e9 bien plus serr\u00e9e. Deuxi\u00e8me hier, Sara Hector a pris l&rsquo;avantage gr\u00e2ce \u00e0 un parcours bien cisel\u00e9, sur une piste o\u00f9 elle a connu la r\u00e9ussite par le pass\u00e9. Elle coupe la ligne en 1.06,71, soit 11 centi\u00e8mes seulement devant <strong>Tessa Worley<\/strong>. Apr\u00e8s une deuxi\u00e8me manche r\u00e9ussie la veille, menant \u00e0 une cinqui\u00e8me place finale, la Fran\u00e7aise a offert de l&rsquo;engagement dans ce g\u00e9ant pour se positionner id\u00e9alement.<\/p>\n<p style=\"text-align: justify;\">Moins \u00e0 l&rsquo;aise qu&rsquo;hier, <strong>Mikaela Shiffrin<\/strong> a assur\u00e9 l&rsquo;essentiel en terminant 3\u00e8me \u00e0 34 centi\u00e8mes, juste devant <strong>Sara Bassino<\/strong>. L&rsquo;Italienne sauve l&rsquo;honneur des Transalpines, puisque <strong>Federica Brignone<\/strong> ne termine que 7\u00e8me, alors que <strong>Sofia Goggia <\/strong>et <strong>Elena Curtoni<\/strong> n&rsquo;ont pas vu l&rsquo;arriv\u00e9e \u00e0 cause d&rsquo;une sortie de piste. La championne du monde 2019, <strong>Petra Vlhova<\/strong>, se place en cinqui\u00e8me position alors que la vice-championne olympique de la sp\u00e9cialit\u00e9,<strong> Ragnhild Mowinckel<\/strong>, est en retrait \u00e0 la 11\u00e8me place.<\/p>\n<p style=\"text-align: justify;\">Concernant les autres Fran\u00e7aises engag\u00e9es, seule <strong>Coralie Frasse Sombet<\/strong> s&rsquo;est qualifi\u00e9e comme la veille en seconde manche. En progr\u00e8s, l&rsquo;Is\u00e9roise termine 16\u00e8me avec de s\u00e9rieuses chances d&rsquo;am\u00e9liorer sa 17\u00e8me place finale du mardi. Bien partie, <strong>Clara Direz<\/strong> \u00e9choue malheureusement \u00e0 4 places de la qualification (34\u00e8me), alors que <strong>Camille Cerutti<\/strong> a termin\u00e9 en fin de classement. Enfin, <strong>Doriane Escande<\/strong> a vu ses chances s&rsquo;envoler \u00e0 cause d&rsquo;une sortie de piste.<\/p>\n<blockquote class=\"twitter-tweet\">\n<p dir=\"ltr\" lang=\"fr\">Sara Hector bien install\u00e9e au premier rang provisoire en ce d\u00e9but de premi\u00e8re manche. Classement tr\u00e8s compact avec la favorite locale Tessa Worley (+0.11), Mikaela Shiffrin (+0.34) et Marta Bassino (+0.39) qui suivent derri\u00e8re. Encore des conditions optimales ajd \u00e0 Courchevel.<\/p>\n<p>\u2014 Nicholas Richard (@NichoRichard) <a href=\"https:\/\/twitter.com\/NichoRichard\/status\/1473586817593135108?ref_src=twsrc%5Etfw\">December 22, 2021<\/a><\/p><\/blockquote>\n<p><script async src=\"https:\/\/platform.twitter.com\/widgets.js\" charset=\"utf-8\"><\/script><\/p>\n<h2>Sara Hector rel\u00e8ve le d\u00e9fi de Shiffrin<\/h2>\n<p style=\"text-align: justify;\">A 13h00, la seconde manche de ce g\u00e9ant d\u00e9bute sous un magnifique soleil \u00e0 Courchevel. Parmi les premi\u00e8res concurrentes, c&rsquo;est l&rsquo;Am\u00e9ricaine <strong>Paula Moltzan<\/strong> qui se met en \u00e9vidence comme la veille, alors qu&rsquo;<strong>Ana Bucik<\/strong> continue de d\u00e9cevoir en sortant de piste. Les filles suivantes viennent se casser les dents sur le chrono de <strong>Moltzan<\/strong>, qui gagnera plus d&rsquo;une dizaine de places. La Fran\u00e7aise <strong>Coralie Frasse Sombet<\/strong> ne fait pas exception, puisque largement secou\u00e9e durant son parcours, et recule au classement, puisqu&rsquo;elle terminera finalement 21\u00e8me.<\/p>\n<p style=\"text-align: justify;\">Il faut finalement le passage de<strong> Camille Rast<\/strong>, 14\u00e8me de la premi\u00e8re manche, pour mettre fin \u00e0 la domination de l&rsquo;Am\u00e9ricaine. Mais la concurrente suivante, l&rsquo;Autrichienne <strong>Katharina Truppe<\/strong>, frappe un grand coup et prend la t\u00eate avec 90 centi\u00e8mes d&rsquo;avance sur la Suissesse. Pourtant, elle est imm\u00e9diatement expuls\u00e9e de la t\u00eate par sa compatriote <strong>Stephanie Brunner<\/strong>, qui prend une demi-seconde \u00e0 l&rsquo;arriv\u00e9e.<\/p>\n<h2 style=\"text-align: justify;\"><strong>Les regrets de Worley<\/strong><\/h2>\n<p style=\"text-align: justify;\">La piste n&rsquo;est que peu ab\u00eem\u00e9e par les passages successifs et les concurrentes en profitent pour confirmer leur bonne premi\u00e8re manche, notamment <strong>Mowinckel<\/strong> et <strong>Maryna Gasienica, <\/strong>qui r\u00e9alise une belle op\u00e9ration. Les grandes favorites s&rsquo;\u00e9lancent alors, mais <strong>Brignone<\/strong> sort de la piste.<strong> Petra Vlhova<\/strong> prend la t\u00eate, avant d&rsquo;\u00eatre devanc\u00e9e par <strong>Marta Bassino<\/strong>, qui s&rsquo;installe en haut de classement avant le passe des trois derni\u00e8res candidates.<\/p>\n<p style=\"text-align: justify;\">La reine<strong> Mikaela Shiffrin<\/strong> s&rsquo;\u00e9lance alors, et voltige sur la piste de Courchevel pour prendre la t\u00eate avec 25 centi\u00e8mes d&rsquo;avance. Tout le monde a alors les yeux de Chim\u00e8ne pour <strong>Tessa Worley<\/strong>, mais la Fran\u00e7aise semble sur la retenue et se classe au troisi\u00e8me rang provisoire. Derni\u00e8re \u00e0 s&rsquo;\u00e9lancer, <strong>Sara Hector<\/strong> donne tout ce qu&rsquo;elle a, et malgr\u00e9 une petite faute, conserve 35 centi\u00e8mes d&rsquo;avance pour d\u00e9crocher son deuxi\u00e8me succ\u00e8s en Coupe du monde, le premier depuis 2015, boutant ainsi <strong>Tessa Worley<\/strong> hors du podium.<\/p>\n<blockquote class=\"twitter-tweet\">\n<p dir=\"ltr\" lang=\"fr\">\u00c9norme Sara Hector qui remporte le G\u00e9ant de Courchevel<br \/>\nMikaela Shiffrin et Marta Bassino compl\u00e8tent le podium<br \/>\nTessa Worley 4e <a href=\"https:\/\/t.co\/1AV4V9EE33\">pic.twitter.com\/1AV4V9EE33<\/a><\/p>\n<p>\u2014 Top Ski News (@Top_Ski_News) <a href=\"https:\/\/twitter.com\/Top_Ski_News\/status\/1473638293510176772?ref_src=twsrc%5Etfw\">December 22, 2021<\/a><\/p><\/blockquote>\n<p><script async src=\"https:\/\/platform.twitter.com\/widgets.js\" charset=\"utf-8\"><\/script><\/p>\n<p style=\"text-align: justify;\">Succ\u00e8s m\u00e9rit\u00e9 pour <strong>Sara Hector<\/strong> qui confirme sa bonne forme en remportant le deuxi\u00e8me g\u00e9ant de Courchevel. <strong>Mikaela Shiffrin<\/strong>, deuxi\u00e8me, en profite pour accentuer son avance en t\u00eate du classement g\u00e9n\u00e9ral de la Coupe du monde. Quatri\u00e8me,<strong> Tessa Worley<\/strong> pourra \u00eatre d\u00e9\u00e7ue, mais avec deux top 5 en deux jours, la Fran\u00e7aise confirme son retour en force dans cette saison olympique.<\/p>\n<h2 style=\"text-align: justify;\"><strong>\u00c0 lire aussi<\/strong><\/h2>\n<ul>\n<li style=\"text-align: justify;\"><a href=\"https:\/\/dicodusport.fr\/blog\/geant-femmes-de-courchevel-2-le-classement\/\"><strong>Le classement du deuxi\u00e8me g\u00e9ant de Courchevel<\/strong><\/a><\/li>\n<li style=\"text-align: justify;\"><a href=\"https:\/\/dicodusport.fr\/blog\/ski-alpin-coupe-du-monde-2021-2022-classement-general-femmes\/\"><strong>Le classement g\u00e9n\u00e9ral de la Coupe du monde<\/strong><\/a><\/li>\n<\/ul>\n","protected":false},"excerpt":{"rendered":"<p>COUPE DU MONDE DE SKI ALPIN 2021\/2022 &#8211; Pour le second g\u00e9ant de Courchevel, c&rsquo;est Sara Hector, deuxi\u00e8me hier, qui s&rsquo;impose dans la station fran\u00e7aise. La Su\u00e9doise devance Mikaela Shiffrin et Marta Bassino, alors que Tessa Worley, deuxi\u00e8me de la premi\u00e8re manche, termine finalement quatri\u00e8me.<\/p>\n","protected":false},"author":59,"featured_media":187276,"comment_status":"open","ping_status":"closed","sticky":false,"template":"","format":"standard","meta":{"_acf_changed":false,"_daextam_enable_autolinks":"","footnotes":""},"categories":[47084],"tags":[12586,24],"class_list":["post-187228","post","type-post","status-publish","format-standard","has-post-thumbnail","hentry","category-coupe-du-monde-ski-alpin","tag-coupe-du-monde-de-ski-alpin","tag-sport"],"acf":[],"yoast_head":"<!-- This site is optimized with the Yoast SEO Premium plugin v26.7 (Yoast SEO v26.7) - https:\/\/yoast.com\/wordpress\/plugins\/seo\/ -->\n<title>G\u00e9ant de Courchevel : Victoire de Sara Hector, Tessa Worley au pied du podium<\/title>\n<meta name=\"description\" content=\"COUPE DU MONDE DE SKI ALPIN 2021\/2022 - Pour le second g\u00e9ant de Courchevel, c&#039;est Sara Hector, deuxi\u00e8me hier, qui s&#039;impose dans la station fran\u00e7aise.\" \/>\n<meta name=\"robots\" content=\"index, follow, max-snippet:-1, max-image-preview:large, max-video-preview:-1\" \/>\n<link rel=\"canonical\" href=\"https:\/\/dicodusport.fr\/blog\/geant-de-courchevel-victoire-de-sara-hector-tessa-worley-au-pied-du-podium\/\" \/>\n<meta property=\"og:locale\" content=\"fr_FR\" \/>\n<meta property=\"og:type\" content=\"article\" \/>\n<meta property=\"og:title\" content=\"G\u00e9ant de Courchevel : Victoire de Sara Hector, Tessa Worley au pied du podium\" \/>\n<meta property=\"og:description\" content=\"COUPE DU MONDE DE SKI ALPIN 2021\/2022 - Pour le second g\u00e9ant de Courchevel, c&#039;est Sara Hector, deuxi\u00e8me hier, qui s&#039;impose dans la station fran\u00e7aise.\" \/>\n<meta property=\"og:url\" content=\"https:\/\/dicodusport.fr\/blog\/geant-de-courchevel-victoire-de-sara-hector-tessa-worley-au-pied-du-podium\/\" \/>\n<meta property=\"og:site_name\" content=\"Dicodusport\" \/>\n<meta property=\"article:publisher\" content=\"https:\/\/www.facebook.com\/dicodusport\" \/>\n<meta property=\"article:author\" content=\"https:\/\/www.facebook.com\/sebastien.gente\/\" \/>\n<meta property=\"article:published_time\" content=\"2021-12-22T13:04:43+00:00\" \/>\n<meta property=\"article:modified_time\" content=\"2021-12-22T13:10:45+00:00\" \/>\n<meta property=\"og:image\" content=\"https:\/\/dicodusport.fr\/blog\/wp-content\/uploads\/2021\/12\/Geant-de-Courchevel-Victoire-de-Sara-Hector-Tessa-Worley-au-pied-du-podium.png\" \/>\n\t<meta property=\"og:image:width\" content=\"800\" \/>\n\t<meta property=\"og:image:height\" content=\"445\" \/>\n\t<meta property=\"og:image:type\" content=\"image\/png\" \/>\n<meta name=\"author\" content=\"S\u00e9bastien Gente\" \/>\n<meta name=\"twitter:card\" content=\"summary_large_image\" \/>\n<meta name=\"twitter:title\" content=\"G\u00e9ant de Courchevel : Victoire de Sara Hector, Tessa Worley au pied du podium\" \/>\n<meta name=\"twitter:creator\" content=\"@https:\/\/twitter.com\/globulo24\" \/>\n<meta name=\"twitter:site\" content=\"@dicodusport\" \/>\n<script type=\"application\/ld+json\" class=\"yoast-schema-graph\">{\"@context\":\"https:\/\/schema.org\",\"@graph\":[{\"@type\":\"NewsArticle\",\"@id\":\"https:\/\/dicodusport.fr\/blog\/geant-de-courchevel-victoire-de-sara-hector-tessa-worley-au-pied-du-podium\/#article\",\"isPartOf\":{\"@id\":\"https:\/\/dicodusport.fr\/blog\/geant-de-courchevel-victoire-de-sara-hector-tessa-worley-au-pied-du-podium\/\"},\"author\":{\"name\":\"S\u00e9bastien Gente\",\"@id\":\"https:\/\/dicodusport.fr\/blog\/#\/schema\/person\/627966a6cde45dbd8c5e36ac85d783da\"},\"headline\":\"G\u00e9ant de Courchevel : Victoire de Sara Hector, Tessa Worley au pied du podium\",\"datePublished\":\"2021-12-22T13:04:43+00:00\",\"dateModified\":\"2021-12-22T13:10:45+00:00\",\"mainEntityOfPage\":{\"@id\":\"https:\/\/dicodusport.fr\/blog\/geant-de-courchevel-victoire-de-sara-hector-tessa-worley-au-pied-du-podium\/\"},\"wordCount\":861,\"commentCount\":0,\"publisher\":{\"@id\":\"https:\/\/dicodusport.fr\/blog\/#organization\"},\"image\":{\"@id\":\"https:\/\/dicodusport.fr\/blog\/geant-de-courchevel-victoire-de-sara-hector-tessa-worley-au-pied-du-podium\/#primaryimage\"},\"thumbnailUrl\":\"https:\/\/dicodusport.fr\/blog\/wp-content\/uploads\/2021\/12\/Geant-de-Courchevel-Victoire-de-Sara-Hector-Tessa-Worley-au-pied-du-podium.png\",\"keywords\":[\"Coupe du monde de ski alpin\",\"sport\"],\"articleSection\":[\"Coupe du monde de ski alpin\"],\"inLanguage\":\"fr-FR\",\"potentialAction\":[{\"@type\":\"CommentAction\",\"name\":\"Comment\",\"target\":[\"https:\/\/dicodusport.fr\/blog\/geant-de-courchevel-victoire-de-sara-hector-tessa-worley-au-pied-du-podium\/#respond\"]}],\"copyrightYear\":\"2021\",\"copyrightHolder\":{\"@id\":\"https:\/\/dicodusport.fr\/blog\/#organization\"}},{\"@type\":\"WebPage\",\"@id\":\"https:\/\/dicodusport.fr\/blog\/geant-de-courchevel-victoire-de-sara-hector-tessa-worley-au-pied-du-podium\/\",\"url\":\"https:\/\/dicodusport.fr\/blog\/geant-de-courchevel-victoire-de-sara-hector-tessa-worley-au-pied-du-podium\/\",\"name\":\"G\u00e9ant de Courchevel : Victoire de Sara Hector, Tessa Worley au pied du podium\",\"isPartOf\":{\"@id\":\"https:\/\/dicodusport.fr\/blog\/#website\"},\"primaryImageOfPage\":{\"@id\":\"https:\/\/dicodusport.fr\/blog\/geant-de-courchevel-victoire-de-sara-hector-tessa-worley-au-pied-du-podium\/#primaryimage\"},\"image\":{\"@id\":\"https:\/\/dicodusport.fr\/blog\/geant-de-courchevel-victoire-de-sara-hector-tessa-worley-au-pied-du-podium\/#primaryimage\"},\"thumbnailUrl\":\"https:\/\/dicodusport.fr\/blog\/wp-content\/uploads\/2021\/12\/Geant-de-Courchevel-Victoire-de-Sara-Hector-Tessa-Worley-au-pied-du-podium.png\",\"datePublished\":\"2021-12-22T13:04:43+00:00\",\"dateModified\":\"2021-12-22T13:10:45+00:00\",\"description\":\"COUPE DU MONDE DE SKI ALPIN 2021\/2022 - Pour le second g\u00e9ant de Courchevel, c'est Sara Hector, deuxi\u00e8me hier, qui s'impose dans la station fran\u00e7aise.\",\"breadcrumb\":{\"@id\":\"https:\/\/dicodusport.fr\/blog\/geant-de-courchevel-victoire-de-sara-hector-tessa-worley-au-pied-du-podium\/#breadcrumb\"},\"inLanguage\":\"fr-FR\",\"potentialAction\":[{\"@type\":\"ReadAction\",\"target\":[\"https:\/\/dicodusport.fr\/blog\/geant-de-courchevel-victoire-de-sara-hector-tessa-worley-au-pied-du-podium\/\"]}]},{\"@type\":\"ImageObject\",\"inLanguage\":\"fr-FR\",\"@id\":\"https:\/\/dicodusport.fr\/blog\/geant-de-courchevel-victoire-de-sara-hector-tessa-worley-au-pied-du-podium\/#primaryimage\",\"url\":\"https:\/\/dicodusport.fr\/blog\/wp-content\/uploads\/2021\/12\/Geant-de-Courchevel-Victoire-de-Sara-Hector-Tessa-Worley-au-pied-du-podium.png\",\"contentUrl\":\"https:\/\/dicodusport.fr\/blog\/wp-content\/uploads\/2021\/12\/Geant-de-Courchevel-Victoire-de-Sara-Hector-Tessa-Worley-au-pied-du-podium.png\",\"width\":800,\"height\":445,\"caption\":\"G\u00e9ant de Courchevel Victoire de Sara Hector, Tessa Worley au pied du podium\"},{\"@type\":\"BreadcrumbList\",\"@id\":\"https:\/\/dicodusport.fr\/blog\/geant-de-courchevel-victoire-de-sara-hector-tessa-worley-au-pied-du-podium\/#breadcrumb\",\"itemListElement\":[{\"@type\":\"ListItem\",\"position\":1,\"name\":\"Accueil\",\"item\":\"https:\/\/dicodusport.fr\/blog\/\"},{\"@type\":\"ListItem\",\"position\":2,\"name\":\"G\u00e9ant de Courchevel : Victoire de Sara Hector, Tessa Worley au pied du podium\"}]},{\"@type\":\"WebSite\",\"@id\":\"https:\/\/dicodusport.fr\/blog\/#website\",\"url\":\"https:\/\/dicodusport.fr\/blog\/\",\"name\":\"Dicodusport\",\"description\":\"L&#039;encyclop\u00e9die de l&#039;actualit\u00e9 sportive\",\"publisher\":{\"@id\":\"https:\/\/dicodusport.fr\/blog\/#organization\"},\"potentialAction\":[{\"@type\":\"SearchAction\",\"target\":{\"@type\":\"EntryPoint\",\"urlTemplate\":\"https:\/\/dicodusport.fr\/blog\/?s={search_term_string}\"},\"query-input\":{\"@type\":\"PropertyValueSpecification\",\"valueRequired\":true,\"valueName\":\"search_term_string\"}}],\"inLanguage\":\"fr-FR\"},{\"@type\":\"NewsMediaOrganization\",\"@id\":\"https:\/\/dicodusport.fr\/blog\/#organization\",\"name\":\"Dicodusport\",\"url\":\"https:\/\/dicodusport.fr\/blog\/\",\"logo\":{\"@type\":\"ImageObject\",\"inLanguage\":\"fr-FR\",\"@id\":\"https:\/\/dicodusport.fr\/blog\/#\/schema\/logo\/image\/\",\"url\":\"https:\/\/dicodusport.fr\/blog\/wp-content\/uploads\/2020\/06\/cropped-LOGO-DICODUSPORT-2020-SANS-FOND-SANS-TEXTE.png\",\"contentUrl\":\"https:\/\/dicodusport.fr\/blog\/wp-content\/uploads\/2020\/06\/cropped-LOGO-DICODUSPORT-2020-SANS-FOND-SANS-TEXTE.png\",\"width\":512,\"height\":512,\"caption\":\"Dicodusport\"},\"image\":{\"@id\":\"https:\/\/dicodusport.fr\/blog\/#\/schema\/logo\/image\/\"},\"sameAs\":[\"https:\/\/www.facebook.com\/dicodusport\",\"https:\/\/x.com\/dicodusport\",\"https:\/\/www.instagram.com\/dicodusport\/\",\"https:\/\/www.youtube.com\/channel\/UC7V2KZ5sd3htJivAbA4ZG3w\"],\"description\":\"Dicodusport est l'encyclop\u00e9die de l'actualit\u00e9 sportive.\",\"email\":\"bonjour@dicodusport.fr\",\"legalName\":\"DICODUSPORT\",\"foundingDate\":\"2018-01-14\",\"vatID\":\"FR71834470973\",\"taxID\":\"83447097300043\",\"numberOfEmployees\":{\"@type\":\"QuantitativeValue\",\"minValue\":\"1\",\"maxValue\":\"10\"}},{\"@type\":\"Person\",\"@id\":\"https:\/\/dicodusport.fr\/blog\/#\/schema\/person\/627966a6cde45dbd8c5e36ac85d783da\",\"name\":\"S\u00e9bastien Gente\",\"image\":{\"@type\":\"ImageObject\",\"inLanguage\":\"fr-FR\",\"@id\":\"https:\/\/dicodusport.fr\/blog\/#\/schema\/person\/image\/\",\"url\":\"https:\/\/dicodusport.fr\/blog\/wp-content\/uploads\/2021\/09\/1510990_10205810251400683_4124423575079401707_n-150x150.jpg\",\"contentUrl\":\"https:\/\/dicodusport.fr\/blog\/wp-content\/uploads\/2021\/09\/1510990_10205810251400683_4124423575079401707_n-150x150.jpg\",\"caption\":\"S\u00e9bastien Gente\"},\"description\":\"John Stockton, Gianni Bugno, Zinedine Zidane, Steffi Graf, Frode Andresen, St\u00e9phane Stoecklin, Davis Kamoga, Primoz Peterka, Werner Schlager et Aur\u00e9lien Rougerie. Point commun entre ces sportifs? Ils m'ont fait r\u00eaver et ont berc\u00e9 mon adolescence. Je suis un fondu de sports et j'essaie de retranscrire ma passion \u00e0 travers mes articles. Originaire du P\u00e9rigord, ma passion pour les Girondins, les Jaunards et les Jazzmen transpire dans mes \u00e9crits. \u00c0 Dicodusport depuis 2021, je d\u00e9niche les sports m\u00e9connus dans lesquels la France brille, et il y en a !\",\"sameAs\":[\"https:\/\/www.facebook.com\/sebastien.gente\/\",\"https:\/\/www.instagram.com\/sebgente\/\",\"https:\/\/www.linkedin.com\/in\/sbastien-gente-a29583169\/\",\"https:\/\/x.com\/https:\/\/twitter.com\/globulo24\",\"SebastienGente\"],\"worksFor\":\"S\u00e9bastien GENTE\",\"url\":\"https:\/\/dicodusport.fr\/blog\/author\/sebastiengente\/\"}]}<\/script>\n<!-- \/ Yoast SEO Premium plugin. -->","yoast_head_json":{"title":"G\u00e9ant de Courchevel : Victoire de Sara Hector, Tessa Worley au pied du podium","description":"COUPE DU MONDE DE SKI ALPIN 2021\/2022 - Pour le second g\u00e9ant de Courchevel, c'est Sara Hector, deuxi\u00e8me hier, qui s'impose dans la station fran\u00e7aise.","robots":{"index":"index","follow":"follow","max-snippet":"max-snippet:-1","max-image-preview":"max-image-preview:large","max-video-preview":"max-video-preview:-1"},"canonical":"https:\/\/dicodusport.fr\/blog\/geant-de-courchevel-victoire-de-sara-hector-tessa-worley-au-pied-du-podium\/","og_locale":"fr_FR","og_type":"article","og_title":"G\u00e9ant de Courchevel : Victoire de Sara Hector, Tessa Worley au pied du podium","og_description":"COUPE DU MONDE DE SKI ALPIN 2021\/2022 - Pour le second g\u00e9ant de Courchevel, c'est Sara Hector, deuxi\u00e8me hier, qui s'impose dans la station fran\u00e7aise.","og_url":"https:\/\/dicodusport.fr\/blog\/geant-de-courchevel-victoire-de-sara-hector-tessa-worley-au-pied-du-podium\/","og_site_name":"Dicodusport","article_publisher":"https:\/\/www.facebook.com\/dicodusport","article_author":"https:\/\/www.facebook.com\/sebastien.gente\/","article_published_time":"2021-12-22T13:04:43+00:00","article_modified_time":"2021-12-22T13:10:45+00:00","og_image":[{"width":800,"height":445,"url":"https:\/\/dicodusport.fr\/blog\/wp-content\/uploads\/2021\/12\/Geant-de-Courchevel-Victoire-de-Sara-Hector-Tessa-Worley-au-pied-du-podium.png","type":"image\/png"}],"author":"S\u00e9bastien Gente","twitter_card":"summary_large_image","twitter_title":"G\u00e9ant de Courchevel : Victoire de Sara Hector, Tessa Worley au pied du podium","twitter_creator":"@https:\/\/twitter.com\/globulo24","twitter_site":"@dicodusport","schema":{"@context":"https:\/\/schema.org","@graph":[{"@type":"NewsArticle","@id":"https:\/\/dicodusport.fr\/blog\/geant-de-courchevel-victoire-de-sara-hector-tessa-worley-au-pied-du-podium\/#article","isPartOf":{"@id":"https:\/\/dicodusport.fr\/blog\/geant-de-courchevel-victoire-de-sara-hector-tessa-worley-au-pied-du-podium\/"},"author":{"name":"S\u00e9bastien Gente","@id":"https:\/\/dicodusport.fr\/blog\/#\/schema\/person\/627966a6cde45dbd8c5e36ac85d783da"},"headline":"G\u00e9ant de Courchevel : Victoire de Sara Hector, Tessa Worley au pied du podium","datePublished":"2021-12-22T13:04:43+00:00","dateModified":"2021-12-22T13:10:45+00:00","mainEntityOfPage":{"@id":"https:\/\/dicodusport.fr\/blog\/geant-de-courchevel-victoire-de-sara-hector-tessa-worley-au-pied-du-podium\/"},"wordCount":861,"commentCount":0,"publisher":{"@id":"https:\/\/dicodusport.fr\/blog\/#organization"},"image":{"@id":"https:\/\/dicodusport.fr\/blog\/geant-de-courchevel-victoire-de-sara-hector-tessa-worley-au-pied-du-podium\/#primaryimage"},"thumbnailUrl":"https:\/\/dicodusport.fr\/blog\/wp-content\/uploads\/2021\/12\/Geant-de-Courchevel-Victoire-de-Sara-Hector-Tessa-Worley-au-pied-du-podium.png","keywords":["Coupe du monde de ski alpin","sport"],"articleSection":["Coupe du monde de ski alpin"],"inLanguage":"fr-FR","potentialAction":[{"@type":"CommentAction","name":"Comment","target":["https:\/\/dicodusport.fr\/blog\/geant-de-courchevel-victoire-de-sara-hector-tessa-worley-au-pied-du-podium\/#respond"]}],"copyrightYear":"2021","copyrightHolder":{"@id":"https:\/\/dicodusport.fr\/blog\/#organization"}},{"@type":"WebPage","@id":"https:\/\/dicodusport.fr\/blog\/geant-de-courchevel-victoire-de-sara-hector-tessa-worley-au-pied-du-podium\/","url":"https:\/\/dicodusport.fr\/blog\/geant-de-courchevel-victoire-de-sara-hector-tessa-worley-au-pied-du-podium\/","name":"G\u00e9ant de Courchevel : Victoire de Sara Hector, Tessa Worley au pied du podium","isPartOf":{"@id":"https:\/\/dicodusport.fr\/blog\/#website"},"primaryImageOfPage":{"@id":"https:\/\/dicodusport.fr\/blog\/geant-de-courchevel-victoire-de-sara-hector-tessa-worley-au-pied-du-podium\/#primaryimage"},"image":{"@id":"https:\/\/dicodusport.fr\/blog\/geant-de-courchevel-victoire-de-sara-hector-tessa-worley-au-pied-du-podium\/#primaryimage"},"thumbnailUrl":"https:\/\/dicodusport.fr\/blog\/wp-content\/uploads\/2021\/12\/Geant-de-Courchevel-Victoire-de-Sara-Hector-Tessa-Worley-au-pied-du-podium.png","datePublished":"2021-12-22T13:04:43+00:00","dateModified":"2021-12-22T13:10:45+00:00","description":"COUPE DU MONDE DE SKI ALPIN 2021\/2022 - Pour le second g\u00e9ant de Courchevel, c'est Sara Hector, deuxi\u00e8me hier, qui s'impose dans la station fran\u00e7aise.","breadcrumb":{"@id":"https:\/\/dicodusport.fr\/blog\/geant-de-courchevel-victoire-de-sara-hector-tessa-worley-au-pied-du-podium\/#breadcrumb"},"inLanguage":"fr-FR","potentialAction":[{"@type":"ReadAction","target":["https:\/\/dicodusport.fr\/blog\/geant-de-courchevel-victoire-de-sara-hector-tessa-worley-au-pied-du-podium\/"]}]},{"@type":"ImageObject","inLanguage":"fr-FR","@id":"https:\/\/dicodusport.fr\/blog\/geant-de-courchevel-victoire-de-sara-hector-tessa-worley-au-pied-du-podium\/#primaryimage","url":"https:\/\/dicodusport.fr\/blog\/wp-content\/uploads\/2021\/12\/Geant-de-Courchevel-Victoire-de-Sara-Hector-Tessa-Worley-au-pied-du-podium.png","contentUrl":"https:\/\/dicodusport.fr\/blog\/wp-content\/uploads\/2021\/12\/Geant-de-Courchevel-Victoire-de-Sara-Hector-Tessa-Worley-au-pied-du-podium.png","width":800,"height":445,"caption":"G\u00e9ant de Courchevel Victoire de Sara Hector, Tessa Worley au pied du podium"},{"@type":"BreadcrumbList","@id":"https:\/\/dicodusport.fr\/blog\/geant-de-courchevel-victoire-de-sara-hector-tessa-worley-au-pied-du-podium\/#breadcrumb","itemListElement":[{"@type":"ListItem","position":1,"name":"Accueil","item":"https:\/\/dicodusport.fr\/blog\/"},{"@type":"ListItem","position":2,"name":"G\u00e9ant de Courchevel : Victoire de Sara Hector, Tessa Worley au pied du podium"}]},{"@type":"WebSite","@id":"https:\/\/dicodusport.fr\/blog\/#website","url":"https:\/\/dicodusport.fr\/blog\/","name":"Dicodusport","description":"L&#039;encyclop\u00e9die de l&#039;actualit\u00e9 sportive","publisher":{"@id":"https:\/\/dicodusport.fr\/blog\/#organization"},"potentialAction":[{"@type":"SearchAction","target":{"@type":"EntryPoint","urlTemplate":"https:\/\/dicodusport.fr\/blog\/?s={search_term_string}"},"query-input":{"@type":"PropertyValueSpecification","valueRequired":true,"valueName":"search_term_string"}}],"inLanguage":"fr-FR"},{"@type":"NewsMediaOrganization","@id":"https:\/\/dicodusport.fr\/blog\/#organization","name":"Dicodusport","url":"https:\/\/dicodusport.fr\/blog\/","logo":{"@type":"ImageObject","inLanguage":"fr-FR","@id":"https:\/\/dicodusport.fr\/blog\/#\/schema\/logo\/image\/","url":"https:\/\/dicodusport.fr\/blog\/wp-content\/uploads\/2020\/06\/cropped-LOGO-DICODUSPORT-2020-SANS-FOND-SANS-TEXTE.png","contentUrl":"https:\/\/dicodusport.fr\/blog\/wp-content\/uploads\/2020\/06\/cropped-LOGO-DICODUSPORT-2020-SANS-FOND-SANS-TEXTE.png","width":512,"height":512,"caption":"Dicodusport"},"image":{"@id":"https:\/\/dicodusport.fr\/blog\/#\/schema\/logo\/image\/"},"sameAs":["https:\/\/www.facebook.com\/dicodusport","https:\/\/x.com\/dicodusport","https:\/\/www.instagram.com\/dicodusport\/","https:\/\/www.youtube.com\/channel\/UC7V2KZ5sd3htJivAbA4ZG3w"],"description":"Dicodusport est l'encyclop\u00e9die de l'actualit\u00e9 sportive.","email":"bonjour@dicodusport.fr","legalName":"DICODUSPORT","foundingDate":"2018-01-14","vatID":"FR71834470973","taxID":"83447097300043","numberOfEmployees":{"@type":"QuantitativeValue","minValue":"1","maxValue":"10"}},{"@type":"Person","@id":"https:\/\/dicodusport.fr\/blog\/#\/schema\/person\/627966a6cde45dbd8c5e36ac85d783da","name":"S\u00e9bastien Gente","image":{"@type":"ImageObject","inLanguage":"fr-FR","@id":"https:\/\/dicodusport.fr\/blog\/#\/schema\/person\/image\/","url":"https:\/\/dicodusport.fr\/blog\/wp-content\/uploads\/2021\/09\/1510990_10205810251400683_4124423575079401707_n-150x150.jpg","contentUrl":"https:\/\/dicodusport.fr\/blog\/wp-content\/uploads\/2021\/09\/1510990_10205810251400683_4124423575079401707_n-150x150.jpg","caption":"S\u00e9bastien Gente"},"description":"John Stockton, Gianni Bugno, Zinedine Zidane, Steffi Graf, Frode Andresen, St\u00e9phane Stoecklin, Davis Kamoga, Primoz Peterka, Werner Schlager et Aur\u00e9lien Rougerie. Point commun entre ces sportifs? Ils m'ont fait r\u00eaver et ont berc\u00e9 mon adolescence. Je suis un fondu de sports et j'essaie de retranscrire ma passion \u00e0 travers mes articles. Originaire du P\u00e9rigord, ma passion pour les Girondins, les Jaunards et les Jazzmen transpire dans mes \u00e9crits. \u00c0 Dicodusport depuis 2021, je d\u00e9niche les sports m\u00e9connus dans lesquels la France brille, et il y en a !","sameAs":["https:\/\/www.facebook.com\/sebastien.gente\/","https:\/\/www.instagram.com\/sebgente\/","https:\/\/www.linkedin.com\/in\/sbastien-gente-a29583169\/","https:\/\/x.com\/https:\/\/twitter.com\/globulo24","SebastienGente"],"worksFor":"S\u00e9bastien GENTE","url":"https:\/\/dicodusport.fr\/blog\/author\/sebastiengente\/"}]}},"_links":{"self":[{"href":"https:\/\/dicodusport.fr\/blog\/wp-json\/wp\/v2\/posts\/187228","targetHints":{"allow":["GET"]}}],"collection":[{"href":"https:\/\/dicodusport.fr\/blog\/wp-json\/wp\/v2\/posts"}],"about":[{"href":"https:\/\/dicodusport.fr\/blog\/wp-json\/wp\/v2\/types\/post"}],"author":[{"embeddable":true,"href":"https:\/\/dicodusport.fr\/blog\/wp-json\/wp\/v2\/users\/59"}],"replies":[{"embeddable":true,"href":"https:\/\/dicodusport.fr\/blog\/wp-json\/wp\/v2\/comments?post=187228"}],"version-history":[{"count":0,"href":"https:\/\/dicodusport.fr\/blog\/wp-json\/wp\/v2\/posts\/187228\/revisions"}],"wp:featuredmedia":[{"embeddable":true,"href":"https:\/\/dicodusport.fr\/blog\/wp-json\/wp\/v2\/media\/187276"}],"wp:attachment":[{"href":"https:\/\/dicodusport.fr\/blog\/wp-json\/wp\/v2\/media?parent=187228"}],"wp:term":[{"taxonomy":"category","embeddable":true,"href":"https:\/\/dicodusport.fr\/blog\/wp-json\/wp\/v2\/categories?post=187228"},{"taxonomy":"post_tag","embeddable":true,"href":"https:\/\/dicodusport.fr\/blog\/wp-json\/wp\/v2\/tags?post=187228"}],"curies":[{"name":"wp","href":"https:\/\/api.w.org\/{rel}","templated":true}]}}