{"id":187250,"date":"2021-12-22T12:18:43","date_gmt":"2021-12-22T11:18:43","guid":{"rendered":"https:\/\/dicodusport.fr\/blog\/?p=187250&#038;preview=true&#038;preview_id=187250"},"modified":"2021-12-22T12:18:43","modified_gmt":"2021-12-22T11:18:43","slug":"jumbo-visma-blinde-primoz-roglic","status":"publish","type":"post","link":"https:\/\/dicodusport.fr\/blog\/jumbo-visma-blinde-primoz-roglic\/","title":{"rendered":"Jumbo Visma blinde Primoz Roglic"},"content":{"rendered":"<p style=\"text-align: justify;\"><strong><em>CYCLISME &#8211; Sous contrat jusqu&rsquo;en 2023 avec la Team Jumbo Visma, Primoz Roglic vient de prolonger pour deux ann\u00e9es suppl\u00e9mentaires.\u00a0<\/em><\/strong><\/p>\n<p style=\"text-align: justify;\">Sans grande surprise, le triple vainqueur du Tour d&rsquo;Espagne en titre, <strong>Primoz Roglic<\/strong>, prolonge son aventure avec Jumbo Visma, \u00e9quipe qu&rsquo;il a rejoint en 2016. D\u00e9j\u00e0 engag\u00e9 pour les deux prochaines saisons, le coureur slov\u00e8ne de 32 ans a renouvel\u00e9 son bail jusqu&rsquo;\u00e0 la fin 2025 avec la formation n\u00e9erlandaise.<\/p>\n<p style=\"text-align: justify;\">Au moment de prolonger son contrat, <strong>Primoz Roglic<\/strong> s&rsquo;est expliqu\u00e9 sur le site officiel de la structure batave.<\/p>\n<blockquote>\n<p style=\"text-align: justify;\">Mes objectifs sont ind\u00e9pendants des r\u00e9sultats. Je veux continuer \u00e0 me d\u00e9velopper dans des domaines sp\u00e9cifiques. \u00c0 la fois physiquement et mentalement, en tant que leader d&rsquo;\u00e9quipe et en tant que personne. Je suis au bon endroit pour \u00e7a. Nous verrons sur quoi nous allons nous concentrer dans les ann\u00e9es \u00e0 venir.<\/p>\n<\/blockquote>\n<blockquote class=\"twitter-tweet\">\n<p dir=\"ltr\" lang=\"en\">2016 &#x23ed;&#xfe0f; 2\u03380\u03382\u03383\u0338 &#x23ed;&#xfe0f; 2025<a href=\"https:\/\/twitter.com\/rogla?ref_src=twsrc%5Etfw\">@rogla<\/a> extends with our team!&#x1f91d;<\/p>\n<p>&#x1f5e3;&#xfe0f; \u201cI want to keep developing myself in specific areas. I\u2019m in the right place for that.\u00a0\u00bb<a href=\"https:\/\/twitter.com\/hashtag\/PRIMOZ2025?src=hash&amp;ref_src=twsrc%5Etfw\">#PRIMOZ2025<\/a><\/p>\n<p>\u2014 Team Jumbo-Visma cycling (@JumboVismaRoad) <a href=\"https:\/\/twitter.com\/JumboVismaRoad\/status\/1473595231656452096?ref_src=twsrc%5Etfw\">December 22, 2021<\/a><\/p><\/blockquote>\n<p><script async src=\"https:\/\/platform.twitter.com\/widgets.js\" charset=\"utf-8\"><\/script><\/p>\n","protected":false},"excerpt":{"rendered":"<p>CYCLISME &#8211; Sous contrat jusqu&rsquo;en 2023 avec la Team Jumbo Visma, Primoz Roglic vient de prolonger pour deux ann\u00e9es suppl\u00e9mentaires.\u00a0<\/p>\n","protected":false},"author":1,"featured_media":187254,"comment_status":"open","ping_status":"closed","sticky":false,"template":"","format":"standard","meta":{"_acf_changed":false,"_daextam_enable_autolinks":"","footnotes":""},"categories":[2307],"tags":[574,8551,7855],"class_list":["post-187250","post","type-post","status-publish","format-standard","has-post-thumbnail","hentry","category-cyclisme","tag-cyclisme","tag-jumbo-visma","tag-primoz-roglic"],"acf":[],"yoast_head":"<!-- This site is optimized with the Yoast SEO Premium plugin v26.7 (Yoast SEO v26.7) - https:\/\/yoast.com\/wordpress\/plugins\/seo\/ -->\n<title>Jumbo Visma blinde Primoz Roglic<\/title>\n<meta name=\"description\" content=\"CYCLISME - Sous contrat jusqu&#039;en 2023 avec la Team Jumbo Visma, Primoz Roglic vient de prolonger pour deux ann\u00e9es suppl\u00e9mentaires.\u00a0\" \/>\n<meta name=\"robots\" content=\"index, follow, max-snippet:-1, max-image-preview:large, max-video-preview:-1\" \/>\n<link rel=\"canonical\" href=\"https:\/\/dicodusport.fr\/blog\/jumbo-visma-blinde-primoz-roglic\/\" \/>\n<meta property=\"og:locale\" content=\"fr_FR\" \/>\n<meta property=\"og:type\" content=\"article\" \/>\n<meta property=\"og:title\" content=\"Jumbo Visma blinde Primoz Roglic\" \/>\n<meta property=\"og:description\" content=\"CYCLISME - Sous contrat jusqu&#039;en 2023 avec la Team Jumbo Visma, Primoz Roglic vient de prolonger pour deux ann\u00e9es suppl\u00e9mentaires.\u00a0\" \/>\n<meta property=\"og:url\" content=\"https:\/\/dicodusport.fr\/blog\/jumbo-visma-blinde-primoz-roglic\/\" \/>\n<meta property=\"og:site_name\" content=\"Dicodusport\" \/>\n<meta property=\"article:publisher\" content=\"https:\/\/www.facebook.com\/dicodusport\" \/>\n<meta property=\"article:author\" content=\"https:\/\/www.facebook.com\/dicodusport\" \/>\n<meta property=\"article:published_time\" content=\"2021-12-22T11:18:43+00:00\" \/>\n<meta property=\"og:image\" content=\"https:\/\/dicodusport.fr\/blog\/wp-content\/uploads\/2021\/12\/Jumbo-Visma-blinde-Primoz-Roglic.png\" \/>\n\t<meta property=\"og:image:width\" content=\"800\" \/>\n\t<meta property=\"og:image:height\" content=\"445\" \/>\n\t<meta property=\"og:image:type\" content=\"image\/png\" \/>\n<meta name=\"author\" content=\"Nicolas Jacquemard\" \/>\n<meta name=\"twitter:card\" content=\"summary_large_image\" \/>\n<meta name=\"twitter:title\" content=\"Jumbo Visma blinde Primoz Roglic\" \/>\n<meta name=\"twitter:creator\" content=\"@https:\/\/twitter.com\/Nico_Jacquemard\" \/>\n<meta name=\"twitter:site\" content=\"@dicodusport\" \/>\n<script type=\"application\/ld+json\" class=\"yoast-schema-graph\">{\"@context\":\"https:\/\/schema.org\",\"@graph\":[{\"@type\":\"NewsArticle\",\"@id\":\"https:\/\/dicodusport.fr\/blog\/jumbo-visma-blinde-primoz-roglic\/#article\",\"isPartOf\":{\"@id\":\"https:\/\/dicodusport.fr\/blog\/jumbo-visma-blinde-primoz-roglic\/\"},\"author\":{\"name\":\"Nicolas Jacquemard\",\"@id\":\"https:\/\/dicodusport.fr\/blog\/#\/schema\/person\/55dcb50ad410894e431ed812bbb70191\"},\"headline\":\"Jumbo Visma blinde Primoz Roglic\",\"datePublished\":\"2021-12-22T11:18:43+00:00\",\"mainEntityOfPage\":{\"@id\":\"https:\/\/dicodusport.fr\/blog\/jumbo-visma-blinde-primoz-roglic\/\"},\"wordCount\":197,\"commentCount\":0,\"publisher\":{\"@id\":\"https:\/\/dicodusport.fr\/blog\/#organization\"},\"image\":{\"@id\":\"https:\/\/dicodusport.fr\/blog\/jumbo-visma-blinde-primoz-roglic\/#primaryimage\"},\"thumbnailUrl\":\"https:\/\/dicodusport.fr\/blog\/wp-content\/uploads\/2021\/12\/Jumbo-Visma-blinde-Primoz-Roglic.png\",\"keywords\":[\"Cyclisme\",\"Jumbo-Visma\",\"Primoz Roglic\"],\"articleSection\":[\"Cyclisme\"],\"inLanguage\":\"fr-FR\",\"potentialAction\":[{\"@type\":\"CommentAction\",\"name\":\"Comment\",\"target\":[\"https:\/\/dicodusport.fr\/blog\/jumbo-visma-blinde-primoz-roglic\/#respond\"]}],\"copyrightYear\":\"2021\",\"copyrightHolder\":{\"@id\":\"https:\/\/dicodusport.fr\/blog\/#organization\"}},{\"@type\":\"WebPage\",\"@id\":\"https:\/\/dicodusport.fr\/blog\/jumbo-visma-blinde-primoz-roglic\/\",\"url\":\"https:\/\/dicodusport.fr\/blog\/jumbo-visma-blinde-primoz-roglic\/\",\"name\":\"Jumbo Visma blinde Primoz Roglic\",\"isPartOf\":{\"@id\":\"https:\/\/dicodusport.fr\/blog\/#website\"},\"primaryImageOfPage\":{\"@id\":\"https:\/\/dicodusport.fr\/blog\/jumbo-visma-blinde-primoz-roglic\/#primaryimage\"},\"image\":{\"@id\":\"https:\/\/dicodusport.fr\/blog\/jumbo-visma-blinde-primoz-roglic\/#primaryimage\"},\"thumbnailUrl\":\"https:\/\/dicodusport.fr\/blog\/wp-content\/uploads\/2021\/12\/Jumbo-Visma-blinde-Primoz-Roglic.png\",\"datePublished\":\"2021-12-22T11:18:43+00:00\",\"description\":\"CYCLISME - Sous contrat jusqu'en 2023 avec la Team Jumbo Visma, Primoz Roglic vient de prolonger pour deux ann\u00e9es suppl\u00e9mentaires.\u00a0\",\"breadcrumb\":{\"@id\":\"https:\/\/dicodusport.fr\/blog\/jumbo-visma-blinde-primoz-roglic\/#breadcrumb\"},\"inLanguage\":\"fr-FR\",\"potentialAction\":[{\"@type\":\"ReadAction\",\"target\":[\"https:\/\/dicodusport.fr\/blog\/jumbo-visma-blinde-primoz-roglic\/\"]}]},{\"@type\":\"ImageObject\",\"inLanguage\":\"fr-FR\",\"@id\":\"https:\/\/dicodusport.fr\/blog\/jumbo-visma-blinde-primoz-roglic\/#primaryimage\",\"url\":\"https:\/\/dicodusport.fr\/blog\/wp-content\/uploads\/2021\/12\/Jumbo-Visma-blinde-Primoz-Roglic.png\",\"contentUrl\":\"https:\/\/dicodusport.fr\/blog\/wp-content\/uploads\/2021\/12\/Jumbo-Visma-blinde-Primoz-Roglic.png\",\"width\":800,\"height\":445,\"caption\":\"Jumbo Visma blinde Primoz Roglic\"},{\"@type\":\"BreadcrumbList\",\"@id\":\"https:\/\/dicodusport.fr\/blog\/jumbo-visma-blinde-primoz-roglic\/#breadcrumb\",\"itemListElement\":[{\"@type\":\"ListItem\",\"position\":1,\"name\":\"Accueil\",\"item\":\"https:\/\/dicodusport.fr\/blog\/\"},{\"@type\":\"ListItem\",\"position\":2,\"name\":\"Jumbo Visma blinde Primoz Roglic\"}]},{\"@type\":\"WebSite\",\"@id\":\"https:\/\/dicodusport.fr\/blog\/#website\",\"url\":\"https:\/\/dicodusport.fr\/blog\/\",\"name\":\"Dicodusport\",\"description\":\"L&#039;encyclop\u00e9die de l&#039;actualit\u00e9 sportive\",\"publisher\":{\"@id\":\"https:\/\/dicodusport.fr\/blog\/#organization\"},\"potentialAction\":[{\"@type\":\"SearchAction\",\"target\":{\"@type\":\"EntryPoint\",\"urlTemplate\":\"https:\/\/dicodusport.fr\/blog\/?s={search_term_string}\"},\"query-input\":{\"@type\":\"PropertyValueSpecification\",\"valueRequired\":true,\"valueName\":\"search_term_string\"}}],\"inLanguage\":\"fr-FR\"},{\"@type\":\"NewsMediaOrganization\",\"@id\":\"https:\/\/dicodusport.fr\/blog\/#organization\",\"name\":\"Dicodusport\",\"url\":\"https:\/\/dicodusport.fr\/blog\/\",\"logo\":{\"@type\":\"ImageObject\",\"inLanguage\":\"fr-FR\",\"@id\":\"https:\/\/dicodusport.fr\/blog\/#\/schema\/logo\/image\/\",\"url\":\"https:\/\/dicodusport.fr\/blog\/wp-content\/uploads\/2020\/06\/cropped-LOGO-DICODUSPORT-2020-SANS-FOND-SANS-TEXTE.png\",\"contentUrl\":\"https:\/\/dicodusport.fr\/blog\/wp-content\/uploads\/2020\/06\/cropped-LOGO-DICODUSPORT-2020-SANS-FOND-SANS-TEXTE.png\",\"width\":512,\"height\":512,\"caption\":\"Dicodusport\"},\"image\":{\"@id\":\"https:\/\/dicodusport.fr\/blog\/#\/schema\/logo\/image\/\"},\"sameAs\":[\"https:\/\/www.facebook.com\/dicodusport\",\"https:\/\/x.com\/dicodusport\",\"https:\/\/www.instagram.com\/dicodusport\/\",\"https:\/\/www.youtube.com\/channel\/UC7V2KZ5sd3htJivAbA4ZG3w\"],\"description\":\"Dicodusport est l'encyclop\u00e9die de l'actualit\u00e9 sportive.\",\"email\":\"bonjour@dicodusport.fr\",\"legalName\":\"DICODUSPORT\",\"foundingDate\":\"2018-01-14\",\"vatID\":\"FR71834470973\",\"taxID\":\"83447097300043\",\"numberOfEmployees\":{\"@type\":\"QuantitativeValue\",\"minValue\":\"1\",\"maxValue\":\"10\"}},{\"@type\":\"Person\",\"@id\":\"https:\/\/dicodusport.fr\/blog\/#\/schema\/person\/55dcb50ad410894e431ed812bbb70191\",\"name\":\"Nicolas Jacquemard\",\"image\":{\"@type\":\"ImageObject\",\"inLanguage\":\"fr-FR\",\"@id\":\"https:\/\/dicodusport.fr\/blog\/#\/schema\/person\/image\/\",\"url\":\"https:\/\/dicodusport.fr\/blog\/wp-content\/uploads\/2021\/05\/Nicolas-Jacquemard-150x150.jpeg\",\"contentUrl\":\"https:\/\/dicodusport.fr\/blog\/wp-content\/uploads\/2021\/05\/Nicolas-Jacquemard-150x150.jpeg\",\"caption\":\"Nicolas Jacquemard\"},\"description\":\"Passionn\u00e9 de sport et entrepreneur depuis mes 18 ans, la cr\u00e9ation de Dicodusport m'a sembl\u00e9 \u00e9vidente pour participer \u00e0 la m\u00e9diatisation d'un plus grand nombre de sports. Le chemin est long mais avec une \u00e9quipe des plus motiv\u00e9es et les Jeux Olympiques de Paris 2024 en point de mire, nous y arriverons ! Journaliste dans le monde du sport depuis plus de 5 ans, je traite aussi bien de football, de rugby, de biathlon que de cyclisme.\",\"sameAs\":[\"https:\/\/www.facebook.com\/dicodusport\",\"https:\/\/x.com\/https:\/\/twitter.com\/Nico_Jacquemard\"],\"url\":\"https:\/\/dicodusport.fr\/blog\/author\/dicodusport\/\"}]}<\/script>\n<!-- \/ Yoast SEO Premium plugin. -->","yoast_head_json":{"title":"Jumbo Visma blinde Primoz Roglic","description":"CYCLISME - Sous contrat jusqu'en 2023 avec la Team Jumbo Visma, Primoz Roglic vient de prolonger pour deux ann\u00e9es suppl\u00e9mentaires.\u00a0","robots":{"index":"index","follow":"follow","max-snippet":"max-snippet:-1","max-image-preview":"max-image-preview:large","max-video-preview":"max-video-preview:-1"},"canonical":"https:\/\/dicodusport.fr\/blog\/jumbo-visma-blinde-primoz-roglic\/","og_locale":"fr_FR","og_type":"article","og_title":"Jumbo Visma blinde Primoz Roglic","og_description":"CYCLISME - Sous contrat jusqu'en 2023 avec la Team Jumbo Visma, Primoz Roglic vient de prolonger pour deux ann\u00e9es suppl\u00e9mentaires.\u00a0","og_url":"https:\/\/dicodusport.fr\/blog\/jumbo-visma-blinde-primoz-roglic\/","og_site_name":"Dicodusport","article_publisher":"https:\/\/www.facebook.com\/dicodusport","article_author":"https:\/\/www.facebook.com\/dicodusport","article_published_time":"2021-12-22T11:18:43+00:00","og_image":[{"width":800,"height":445,"url":"https:\/\/dicodusport.fr\/blog\/wp-content\/uploads\/2021\/12\/Jumbo-Visma-blinde-Primoz-Roglic.png","type":"image\/png"}],"author":"Nicolas Jacquemard","twitter_card":"summary_large_image","twitter_title":"Jumbo Visma blinde Primoz Roglic","twitter_creator":"@https:\/\/twitter.com\/Nico_Jacquemard","twitter_site":"@dicodusport","schema":{"@context":"https:\/\/schema.org","@graph":[{"@type":"NewsArticle","@id":"https:\/\/dicodusport.fr\/blog\/jumbo-visma-blinde-primoz-roglic\/#article","isPartOf":{"@id":"https:\/\/dicodusport.fr\/blog\/jumbo-visma-blinde-primoz-roglic\/"},"author":{"name":"Nicolas Jacquemard","@id":"https:\/\/dicodusport.fr\/blog\/#\/schema\/person\/55dcb50ad410894e431ed812bbb70191"},"headline":"Jumbo Visma blinde Primoz Roglic","datePublished":"2021-12-22T11:18:43+00:00","mainEntityOfPage":{"@id":"https:\/\/dicodusport.fr\/blog\/jumbo-visma-blinde-primoz-roglic\/"},"wordCount":197,"commentCount":0,"publisher":{"@id":"https:\/\/dicodusport.fr\/blog\/#organization"},"image":{"@id":"https:\/\/dicodusport.fr\/blog\/jumbo-visma-blinde-primoz-roglic\/#primaryimage"},"thumbnailUrl":"https:\/\/dicodusport.fr\/blog\/wp-content\/uploads\/2021\/12\/Jumbo-Visma-blinde-Primoz-Roglic.png","keywords":["Cyclisme","Jumbo-Visma","Primoz Roglic"],"articleSection":["Cyclisme"],"inLanguage":"fr-FR","potentialAction":[{"@type":"CommentAction","name":"Comment","target":["https:\/\/dicodusport.fr\/blog\/jumbo-visma-blinde-primoz-roglic\/#respond"]}],"copyrightYear":"2021","copyrightHolder":{"@id":"https:\/\/dicodusport.fr\/blog\/#organization"}},{"@type":"WebPage","@id":"https:\/\/dicodusport.fr\/blog\/jumbo-visma-blinde-primoz-roglic\/","url":"https:\/\/dicodusport.fr\/blog\/jumbo-visma-blinde-primoz-roglic\/","name":"Jumbo Visma blinde Primoz Roglic","isPartOf":{"@id":"https:\/\/dicodusport.fr\/blog\/#website"},"primaryImageOfPage":{"@id":"https:\/\/dicodusport.fr\/blog\/jumbo-visma-blinde-primoz-roglic\/#primaryimage"},"image":{"@id":"https:\/\/dicodusport.fr\/blog\/jumbo-visma-blinde-primoz-roglic\/#primaryimage"},"thumbnailUrl":"https:\/\/dicodusport.fr\/blog\/wp-content\/uploads\/2021\/12\/Jumbo-Visma-blinde-Primoz-Roglic.png","datePublished":"2021-12-22T11:18:43+00:00","description":"CYCLISME - Sous contrat jusqu'en 2023 avec la Team Jumbo Visma, Primoz Roglic vient de prolonger pour deux ann\u00e9es suppl\u00e9mentaires.\u00a0","breadcrumb":{"@id":"https:\/\/dicodusport.fr\/blog\/jumbo-visma-blinde-primoz-roglic\/#breadcrumb"},"inLanguage":"fr-FR","potentialAction":[{"@type":"ReadAction","target":["https:\/\/dicodusport.fr\/blog\/jumbo-visma-blinde-primoz-roglic\/"]}]},{"@type":"ImageObject","inLanguage":"fr-FR","@id":"https:\/\/dicodusport.fr\/blog\/jumbo-visma-blinde-primoz-roglic\/#primaryimage","url":"https:\/\/dicodusport.fr\/blog\/wp-content\/uploads\/2021\/12\/Jumbo-Visma-blinde-Primoz-Roglic.png","contentUrl":"https:\/\/dicodusport.fr\/blog\/wp-content\/uploads\/2021\/12\/Jumbo-Visma-blinde-Primoz-Roglic.png","width":800,"height":445,"caption":"Jumbo Visma blinde Primoz Roglic"},{"@type":"BreadcrumbList","@id":"https:\/\/dicodusport.fr\/blog\/jumbo-visma-blinde-primoz-roglic\/#breadcrumb","itemListElement":[{"@type":"ListItem","position":1,"name":"Accueil","item":"https:\/\/dicodusport.fr\/blog\/"},{"@type":"ListItem","position":2,"name":"Jumbo Visma blinde Primoz Roglic"}]},{"@type":"WebSite","@id":"https:\/\/dicodusport.fr\/blog\/#website","url":"https:\/\/dicodusport.fr\/blog\/","name":"Dicodusport","description":"L&#039;encyclop\u00e9die de l&#039;actualit\u00e9 sportive","publisher":{"@id":"https:\/\/dicodusport.fr\/blog\/#organization"},"potentialAction":[{"@type":"SearchAction","target":{"@type":"EntryPoint","urlTemplate":"https:\/\/dicodusport.fr\/blog\/?s={search_term_string}"},"query-input":{"@type":"PropertyValueSpecification","valueRequired":true,"valueName":"search_term_string"}}],"inLanguage":"fr-FR"},{"@type":"NewsMediaOrganization","@id":"https:\/\/dicodusport.fr\/blog\/#organization","name":"Dicodusport","url":"https:\/\/dicodusport.fr\/blog\/","logo":{"@type":"ImageObject","inLanguage":"fr-FR","@id":"https:\/\/dicodusport.fr\/blog\/#\/schema\/logo\/image\/","url":"https:\/\/dicodusport.fr\/blog\/wp-content\/uploads\/2020\/06\/cropped-LOGO-DICODUSPORT-2020-SANS-FOND-SANS-TEXTE.png","contentUrl":"https:\/\/dicodusport.fr\/blog\/wp-content\/uploads\/2020\/06\/cropped-LOGO-DICODUSPORT-2020-SANS-FOND-SANS-TEXTE.png","width":512,"height":512,"caption":"Dicodusport"},"image":{"@id":"https:\/\/dicodusport.fr\/blog\/#\/schema\/logo\/image\/"},"sameAs":["https:\/\/www.facebook.com\/dicodusport","https:\/\/x.com\/dicodusport","https:\/\/www.instagram.com\/dicodusport\/","https:\/\/www.youtube.com\/channel\/UC7V2KZ5sd3htJivAbA4ZG3w"],"description":"Dicodusport est l'encyclop\u00e9die de l'actualit\u00e9 sportive.","email":"bonjour@dicodusport.fr","legalName":"DICODUSPORT","foundingDate":"2018-01-14","vatID":"FR71834470973","taxID":"83447097300043","numberOfEmployees":{"@type":"QuantitativeValue","minValue":"1","maxValue":"10"}},{"@type":"Person","@id":"https:\/\/dicodusport.fr\/blog\/#\/schema\/person\/55dcb50ad410894e431ed812bbb70191","name":"Nicolas Jacquemard","image":{"@type":"ImageObject","inLanguage":"fr-FR","@id":"https:\/\/dicodusport.fr\/blog\/#\/schema\/person\/image\/","url":"https:\/\/dicodusport.fr\/blog\/wp-content\/uploads\/2021\/05\/Nicolas-Jacquemard-150x150.jpeg","contentUrl":"https:\/\/dicodusport.fr\/blog\/wp-content\/uploads\/2021\/05\/Nicolas-Jacquemard-150x150.jpeg","caption":"Nicolas Jacquemard"},"description":"Passionn\u00e9 de sport et entrepreneur depuis mes 18 ans, la cr\u00e9ation de Dicodusport m'a sembl\u00e9 \u00e9vidente pour participer \u00e0 la m\u00e9diatisation d'un plus grand nombre de sports. Le chemin est long mais avec une \u00e9quipe des plus motiv\u00e9es et les Jeux Olympiques de Paris 2024 en point de mire, nous y arriverons ! Journaliste dans le monde du sport depuis plus de 5 ans, je traite aussi bien de football, de rugby, de biathlon que de cyclisme.","sameAs":["https:\/\/www.facebook.com\/dicodusport","https:\/\/x.com\/https:\/\/twitter.com\/Nico_Jacquemard"],"url":"https:\/\/dicodusport.fr\/blog\/author\/dicodusport\/"}]}},"_links":{"self":[{"href":"https:\/\/dicodusport.fr\/blog\/wp-json\/wp\/v2\/posts\/187250","targetHints":{"allow":["GET"]}}],"collection":[{"href":"https:\/\/dicodusport.fr\/blog\/wp-json\/wp\/v2\/posts"}],"about":[{"href":"https:\/\/dicodusport.fr\/blog\/wp-json\/wp\/v2\/types\/post"}],"author":[{"embeddable":true,"href":"https:\/\/dicodusport.fr\/blog\/wp-json\/wp\/v2\/users\/1"}],"replies":[{"embeddable":true,"href":"https:\/\/dicodusport.fr\/blog\/wp-json\/wp\/v2\/comments?post=187250"}],"version-history":[{"count":0,"href":"https:\/\/dicodusport.fr\/blog\/wp-json\/wp\/v2\/posts\/187250\/revisions"}],"wp:featuredmedia":[{"embeddable":true,"href":"https:\/\/dicodusport.fr\/blog\/wp-json\/wp\/v2\/media\/187254"}],"wp:attachment":[{"href":"https:\/\/dicodusport.fr\/blog\/wp-json\/wp\/v2\/media?parent=187250"}],"wp:term":[{"taxonomy":"category","embeddable":true,"href":"https:\/\/dicodusport.fr\/blog\/wp-json\/wp\/v2\/categories?post=187250"},{"taxonomy":"post_tag","embeddable":true,"href":"https:\/\/dicodusport.fr\/blog\/wp-json\/wp\/v2\/tags?post=187250"}],"curies":[{"name":"wp","href":"https:\/\/api.w.org\/{rel}","templated":true}]}}