{"id":18743,"date":"2018-05-22T14:10:55","date_gmt":"2018-05-22T12:10:55","guid":{"rendered":"http:\/\/dicodusport.fr\/blog\/?p=18743"},"modified":"2025-09-16T09:15:21","modified_gmt":"2025-09-16T07:15:21","slug":"le-11-du-real-madrid-un-travail-de-tres-longue-haleine","status":"publish","type":"post","link":"https:\/\/dicodusport.fr\/blog\/le-11-du-real-madrid-un-travail-de-tres-longue-haleine\/","title":{"rendered":"Le 11 du Real Madrid : un travail de (tr\u00e8s) longue haleine"},"content":{"rendered":"<p style=\"text-align: justify;\"><em><strong>A Kiev samedi, le Real Madrid va disputer la finale de la Ligue des Champions pour la quatri\u00e8me fois en cinq ans. Vainqueur des trois premi\u00e8res finales, comment ce club a construit une \u00e9quipe capable de briller dans la comp\u00e9tition la plus relev\u00e9e\u00a0?<\/strong><\/em><\/p>\n<h4 style=\"text-align: justify;\">Keylor Navas, le fantasque sauveur<\/h4>\n<p style=\"text-align: justify;\"><strong>Arriv\u00e9 en 2014<\/strong>, il est l&rsquo;un des rares du 11 de d\u00e9part \u00e0 ne pas avoir \u00e9t\u00e9 de la premi\u00e8re finale contre l&rsquo;Atl\u00e9tico. C&rsquo;est suite \u00e0 une tr\u00e8s belle Coupe du monde 2015 qu&rsquo;il rejoint la Maison Blanche. De nombreux noms dans les m\u00e9dias comme celui de David De Gea sont revenus avec insistance pour en faire son rempla\u00e7ant, mais c&rsquo;est sur le terrain que le portier\u00a0costaricien a gagn\u00e9 sa place. Performant toute la saison et d\u00e9cisif en demi-finale, il est devenu l&rsquo;un des meilleurs \u00e0 son poste.<\/p>\n<h4 style=\"text-align: justify;\">Daniel Carjaval, le poumon<\/h4>\n<p style=\"text-align: justify;\"><strong>Form\u00e9 au club<\/strong>, il s&rsquo;est exil\u00e9 une saison en Allemagne pour revenir plus aguerri en 2013. Son profil correspond \u00e0 merveille \u00e0 la philosophie de jeu de Zin\u00e9dine Zidane et du Real Madrid, un lat\u00e9ral qui court beaucoup, tr\u00e8s actif offensivement,\u00a0tout en multipliant\u00a0les efforts pour \u00eatre fid\u00e8le \u00e0 son poste de d\u00e9fenseur. Sa fragilit\u00e9 physique et ses probl\u00e8mes au coeur, qui l&rsquo;ont contraint \u00e0 ne jouer que 65 matchs de Liga en\u00a0trois saisons, ont l&rsquo;air\u00a0derri\u00e8re lui une fois qu&rsquo;il est sur le terrain.<\/p>\n<h4 style=\"text-align: justify;\">Marcelo, le joyau<\/h4>\n<p style=\"text-align: justify;\"><strong>A son arriv\u00e9e au club en 2007<\/strong>, le jeune lat\u00e9ral br\u00e9silien a \u00e9t\u00e9 souvent critiqu\u00e9 pour ses lacunes d\u00e9fensives et ses difficult\u00e9s \u00e0 peser sur le jeu de son \u00e9quipe. Apr\u00e8s quelques ann\u00e9es d&rsquo;adaptation, le\u00a0joueur de 30 ans est devenu le meilleur \u00e0 son poste. Si son jeu tourn\u00e9 vers l&rsquo;offensif peut ouvrir certaines br\u00e8ches, sa qualit\u00e9 technique, son volume de jeu et sa facult\u00e9 \u00e0 \u00eatre d\u00e9cisif font de lui un maillon essentiel du dispositif madril\u00e8ne et un des tous meilleurs joueurs au monde. S&rsquo;il n&rsquo;\u00e9tait pas lat\u00e9ral gauche, il pourrait r\u00eaver \u00e0 un top 5 voire mieux au Ballon d&rsquo;or.<\/p>\n<h4 style=\"text-align: justify;\">Sergio Ramos, le monstre<\/h4>\n<p style=\"text-align: justify;\">Form\u00e9 au FC S\u00e9ville, <strong>il signe au Real Madrid en 2005<\/strong> \u00e0 l&rsquo;\u00e2ge de 19 ans. A son arriv\u00e9e, il est capable d&rsquo;\u00e9voluer comme lat\u00e9ral droit ou d\u00e9fenseur central, mais c&rsquo;est bien dans l&rsquo;axe qu&rsquo;il va se fixer. Aujourd&rsquo;hui, quel entra\u00eeneur ne r\u00eave pas d&rsquo;avoir Sergio Ramos dans sa charni\u00e8re centrale ? Absent lors du match retour contre la Juventus, le Real est pass\u00e9 tout proche de la correctionnelle. Un seul \u00eatre vous manque et tout est d\u00e9peupl\u00e9. Aussi performant d\u00e9fensivement, son r\u00f4le premier, qu&rsquo;offensivement quand il faut placer sa t\u00eate sur corner, il est le meilleur au monde \u00e0 son poste.<\/p>\n<h4 style=\"text-align: justify;\">Rapha\u00ebl Varane, l&rsquo;esth\u00e8te<\/h4>\n<p style=\"text-align: justify;\">Quand le tr\u00e8s jeune fran\u00e7ais <strong>s&rsquo;engage avec le Real Madrid en 2011<\/strong>, certains pensent qu&rsquo;il va se \u00ab\u00a0cramer\u00a0\u00bb et qu&rsquo;il est trop jeune pour un tel club. Apr\u00e8s avoir pass\u00e9 quelques ann\u00e9es dans l&rsquo;ombre de la charni\u00e8re Ramos-Pepe, il est devenu indiscutable dans l&rsquo;axe de la d\u00e9fense. Sa rapidit\u00e9 et sa taille en font le parfait pendant au monstre qui l&rsquo;accompagne et \u00e0 seulement 25 ans, il peut remporter samedi sa quatri\u00e8me Ligue des Champions.<\/p>\n<h4 style=\"text-align: justify;\">Casemiro, le tank<\/h4>\n<p style=\"text-align: justify;\">Le Br\u00e9silien <strong>d\u00e9barque en 2013 dans la capitale espagnole<\/strong> en provenance du Br\u00e9sil.\u00a0Parti une saison \u00e9toffer son\u00a0jeu \u00e0 Porto\u00a0en 2014-2015, l&rsquo;ann\u00e9e o\u00f9 le Real ne participe pas \u00e0 la finale de la Coupe aux grandes oreilles, il est revenu transfigur\u00e9 au Real Madrid. Celui qui a le profil parfait de la sentinelle moderne, dur au contact et \u00e0 l&rsquo;aise techniquement, est un pion indispensable dans le trident du milieu de terrain de Zin\u00e9dine Zidane.<\/p>\n<h4 style=\"text-align: justify;\">Toni Kroos, la qualit\u00e9 allemande<\/h4>\n<p style=\"text-align: justify;\">Avec Keylor Navas, c&rsquo;est le seul \u00e0 \u00eatre <strong>arriv\u00e9 au Real Madrid juste apr\u00e8s le sacre de 2014, <\/strong>apr\u00e8s une Coupe du monde remport\u00e9e avec l&rsquo;Allemagne. Son sens du placement, sa finesse technique et sa qualit\u00e9 de passe font de lui un milieu relayeur exceptionnel. Pas avare d&rsquo;efforts, l&rsquo;Allemand de 28 ans poss\u00e8de d\u00e9j\u00e0 un palmar\u00e8s \u00e9norme et compte bien compl\u00e9ter sa collection samedi.<\/p>\n<h4 style=\"text-align: justify;\">Luka Modric, le petit Mozart<\/h4>\n<p style=\"text-align: justify;\"><strong>S&rsquo;il rejoint le Real Madrid \u00e0 l&rsquo;\u00e9t\u00e9 2012<\/strong> contre un ch\u00e8que de 35 millions d&rsquo;euros, c&rsquo;est \u00e0 l&rsquo;arriv\u00e9e de Carlo Ancelotti qu&rsquo;il devient une pi\u00e8ce majeure de la Maison Blanche. Sa finesse technique, sa capacit\u00e9 \u00e0 se d\u00e9placer entre les lignes et sa facult\u00e9 \u00e0 jouer constamment vers l&rsquo;avant font du Croate l&rsquo;un des tous meilleurs milieux relayeurs de la plan\u00e8te football. Au Real Madrid, il a aussi d\u00e9velopp\u00e9 sa facult\u00e9 \u00e0 d\u00e9fendre, chose qui n&rsquo;\u00e9tait pas une de ses qualit\u00e9s \u00e0 son arriv\u00e9e.<\/p>\n<h4 style=\"text-align: justify;\">Isco, le g\u00e9nie espagnol<\/h4>\n<p style=\"text-align: justify;\">A seulement 21 ans, Isco, prodige espagnol annonc\u00e9, <strong>signe au Real Madrid pendant l&rsquo;\u00e9t\u00e9 2013<\/strong>. Beaucoup d&rsquo;attentes sont plac\u00e9es sur la p\u00e9pite form\u00e9e \u00e0 Valence qui peine \u00e0 trouver sa place dans une formation qui \u00e9volue sans num\u00e9ro 10 et o\u00f9 les couloirs sont d\u00e9j\u00e0 bien occup\u00e9s. Il aura fallu qu&rsquo;il prenne son mal en patience et qu&rsquo;il travaille dur \u00e0 l&rsquo;entrainement pour \u00e9toffer son jeu et \u00eatre une possibilit\u00e9 pour ses coachs, soit comme relayeur soit sur une aile. Incontournable en s\u00e9lection espagnole, son influence sur le jeu et ses\u00a0statistiques se sont envol\u00e9es avec le Real Madrid depuis\u00a0deux ans.<\/p>\n<h4 style=\"text-align: justify;\">Cristiano Ronaldo, hors norme<\/h4>\n<p style=\"text-align: justify;\">Par o\u00f9 pouvons-nous commencer\u00a0pour le joueur portugais qui \u00e0 <strong>rejoint Madrid en 2009<\/strong> contre un peu moins de 100 millions d&rsquo;euros. D\u00e9j\u00e0 tr\u00e8s bon lors de ses trois derni\u00e8res saisons avec Manchester United, il va\u00a0entrer dans une\u00a0autre dimension au Real. 450 buts et 120 passes d\u00e9cisives en 437 matchs avec les Merengue, ajoutez \u00e0 cela\u00a0deux titres de champion d&rsquo;Espagne et\u00a0trois Ligues des Champions et plus aucun superlatif ne convient pour qualifier l&rsquo;oeuvre du Portugais en Espagne.\u00a0Son retourn\u00e9\u00a0contre la Juventus rappelle, \u00e0 ceux qui osaient encore en douter, \u00e0 quel point Cristiano Ronaldo est hors norme.<\/p>\n<h4 style=\"text-align: justify;\">Karim Benzema, le fid\u00e8le lieutenant<\/h4>\n<p style=\"text-align: justify;\">S&rsquo;il n&rsquo;est pas le grand buteur que certains attendent ou esp\u00e8rent, il est le lieutenant parfait de Cristiano Ronaldo. <strong>Arriv\u00e9 en 2009 \u00e0 Madrid<\/strong>, tout n&rsquo;a pas \u00e9t\u00e9 simple pour le Fran\u00e7ais \u00e0 cause des m\u00e9dias, de Mourinho ou m\u00eame du public de Bernabeu, mais il est toujours l\u00e0. Si on peut lui reprocher son manque d&rsquo;efficacit\u00e9 devant le but, il est certainement l&rsquo;attaquant de pointe le plus fin techniquement et le plus juste pour combiner avec ses co\u00e9quipiers. La Ligue des Champions est une comp\u00e9tition qui lui r\u00e9ussit si bien :\u00a055 buts et 24 passes d\u00e9cisives en 103 matchs et peut-\u00eatre un 4\u00e8me troph\u00e9e.<\/p>\n<p style=\"text-align: justify;\"><em><strong>M\u00eame si le Real Madrid\u00a0a l&rsquo;image d&rsquo;une Cash Machine qui d\u00e9pense \u00e0 tort et \u00e0 travers pour renforcer son \u00e9quipe, ce 11 de d\u00e9part nous prouve tout l&rsquo;inverse. C&rsquo;est vrai, que quand il\u00a0\u00e9tait n\u00e9cessaire, le Real Madrid a sorti les grands moyens pour s&rsquo;attacher les services de certains joueurs mais la politique de la maison\u00a0vise d\u00e9sormais \u00e0 stabiliser\u00a0l&rsquo;\u00e9quipe. Les 11 probables titulaires de samedi sont au club depuis au moins 4 ans et la moyenne de l&rsquo;\u00e9quipe est de plus 7 ans au club.\u00a0Trois\u00a0Ligues des Champions et peut-\u00eatre 4 en 5 ans, la stabilit\u00e9 est l&rsquo;une des cl\u00e9s du succ\u00e8s madril\u00e8ne, et si cela pouvait donner des id\u00e9es \u00e0 d&rsquo;autres&#8230;<\/strong><\/em><\/p>\n<p style=\"text-align: justify;\"><strong><em>Nicolas Jacquemard<\/em><\/strong><br \/>\n<a style=\"color: #000000;\" href=\"https:\/\/twitter.com\/Nico_Jacquemard\" target=\"_blank\" rel=\"noopener noreferrer\"><img loading=\"lazy\" decoding=\"async\" class=\"alignnone wp-image-2908\" src=\"http:\/\/dicodusport.fr\/blog\/wp-content\/uploads\/2017\/07\/logo-twitter-150x150.png\" alt=\"\" width=\"39\" height=\"39\" \/><\/a><a style=\"color: #000000;\" href=\"https:\/\/www.facebook.com\/dicodusport\/\" target=\"_blank\" rel=\"noopener noreferrer\"><img loading=\"lazy\" decoding=\"async\" class=\"alignnone wp-image-2909\" src=\"http:\/\/dicodusport.fr\/blog\/wp-content\/uploads\/2017\/07\/logo-facebook-150x150.png\" alt=\"\" width=\"40\" height=\"40\" \/><\/a><\/p>\n","protected":false},"excerpt":{"rendered":"<p>A Kiev samedi, le Real Madrid va disputer la finale de la Ligue des Champions pour la quatri\u00e8me fois en cinq ans. Vainqueur des trois premi\u00e8res finales, comment ce club a construit une \u00e9quipe capable de briller dans la comp\u00e9tition la plus relev\u00e9e ?<\/p>\n","protected":false},"author":1,"featured_media":18757,"comment_status":"open","ping_status":"closed","sticky":false,"template":"","format":"standard","meta":{"_acf_changed":false,"_daextam_enable_autolinks":"","footnotes":""},"categories":[2301,47250],"tags":[386,75,4727,419,370,2350,3073,521],"class_list":["post-18743","post","type-post","status-publish","format-standard","has-post-thumbnail","hentry","category-football","category-ligue-des-champions-de-football","tag-cristiano-ronaldo","tag-football","tag-karim-benzema","tag-ligue-des-champions","tag-luka-modric","tag-madrid","tag-real","tag-real-madrid"],"acf":[],"yoast_head":"<!-- This site is optimized with the Yoast SEO Premium plugin v26.7 (Yoast SEO v26.7) - https:\/\/yoast.com\/wordpress\/plugins\/seo\/ -->\n<title>Le 11 du Real Madrid : un travail de (tr\u00e8s) longue haleine<\/title>\n<meta name=\"description\" content=\"A Kiev samedi, le Real Madrid va disputer la finale de la Ligue des Champions pour la quatri\u00e8me fois en cinq ans. Vainqueur des trois premi\u00e8res finales, comment ce club a construit une \u00e9quipe capable de briller dans la comp\u00e9tition la plus relev\u00e9e ?\" \/>\n<meta name=\"robots\" content=\"index, follow, max-snippet:-1, max-image-preview:large, max-video-preview:-1\" \/>\n<link rel=\"canonical\" href=\"https:\/\/dicodusport.fr\/blog\/le-11-du-real-madrid-un-travail-de-tres-longue-haleine\/\" \/>\n<meta property=\"og:locale\" content=\"fr_FR\" \/>\n<meta property=\"og:type\" content=\"article\" \/>\n<meta property=\"og:title\" content=\"Le 11 du Real Madrid : un travail de (tr\u00e8s) longue haleine\" \/>\n<meta property=\"og:description\" content=\"A Kiev samedi, le Real Madrid va disputer la finale de la Ligue des Champions pour la quatri\u00e8me fois en cinq ans. Vainqueur des trois premi\u00e8res finales, comment ce club a construit une \u00e9quipe capable de briller dans la comp\u00e9tition la plus relev\u00e9e ?\" \/>\n<meta property=\"og:url\" content=\"https:\/\/dicodusport.fr\/blog\/le-11-du-real-madrid-un-travail-de-tres-longue-haleine\/\" \/>\n<meta property=\"og:site_name\" content=\"Dicodusport\" \/>\n<meta property=\"article:publisher\" content=\"https:\/\/www.facebook.com\/dicodusport\" \/>\n<meta property=\"article:author\" content=\"https:\/\/www.facebook.com\/dicodusport\" \/>\n<meta property=\"article:published_time\" content=\"2018-05-22T12:10:55+00:00\" \/>\n<meta property=\"article:modified_time\" content=\"2025-09-16T07:15:21+00:00\" \/>\n<meta property=\"og:image\" content=\"https:\/\/dicodusport.fr\/blog\/wp-content\/uploads\/2018\/05\/Real-Madrid-Ligue-des-champions.png\" \/>\n\t<meta property=\"og:image:width\" content=\"800\" \/>\n\t<meta property=\"og:image:height\" content=\"445\" \/>\n\t<meta property=\"og:image:type\" content=\"image\/png\" \/>\n<meta name=\"author\" content=\"Nicolas Jacquemard\" \/>\n<meta name=\"twitter:card\" content=\"summary_large_image\" \/>\n<meta name=\"twitter:creator\" content=\"@https:\/\/twitter.com\/Nico_Jacquemard\" \/>\n<meta name=\"twitter:site\" content=\"@dicodusport\" \/>\n<script type=\"application\/ld+json\" class=\"yoast-schema-graph\">{\"@context\":\"https:\/\/schema.org\",\"@graph\":[{\"@type\":\"NewsArticle\",\"@id\":\"https:\/\/dicodusport.fr\/blog\/le-11-du-real-madrid-un-travail-de-tres-longue-haleine\/#article\",\"isPartOf\":{\"@id\":\"https:\/\/dicodusport.fr\/blog\/le-11-du-real-madrid-un-travail-de-tres-longue-haleine\/\"},\"author\":{\"name\":\"Nicolas Jacquemard\",\"@id\":\"https:\/\/dicodusport.fr\/blog\/#\/schema\/person\/55dcb50ad410894e431ed812bbb70191\"},\"headline\":\"Le 11 du Real Madrid : un travail de (tr\u00e8s) longue haleine\",\"datePublished\":\"2018-05-22T12:10:55+00:00\",\"dateModified\":\"2025-09-16T07:15:21+00:00\",\"mainEntityOfPage\":{\"@id\":\"https:\/\/dicodusport.fr\/blog\/le-11-du-real-madrid-un-travail-de-tres-longue-haleine\/\"},\"wordCount\":1306,\"commentCount\":0,\"publisher\":{\"@id\":\"https:\/\/dicodusport.fr\/blog\/#organization\"},\"image\":{\"@id\":\"https:\/\/dicodusport.fr\/blog\/le-11-du-real-madrid-un-travail-de-tres-longue-haleine\/#primaryimage\"},\"thumbnailUrl\":\"https:\/\/dicodusport.fr\/blog\/wp-content\/uploads\/2018\/05\/Real-Madrid-Ligue-des-champions.png\",\"keywords\":[\"Cristiano Ronaldo\",\"Football\",\"Karim Benzema\",\"Ligue des champions\",\"Luka Modric\",\"madrid\",\"real\",\"Real Madrid\"],\"articleSection\":[\"Football\",\"Ligue des Champions de football\"],\"inLanguage\":\"fr-FR\",\"potentialAction\":[{\"@type\":\"CommentAction\",\"name\":\"Comment\",\"target\":[\"https:\/\/dicodusport.fr\/blog\/le-11-du-real-madrid-un-travail-de-tres-longue-haleine\/#respond\"]}],\"copyrightYear\":\"2018\",\"copyrightHolder\":{\"@id\":\"https:\/\/dicodusport.fr\/blog\/#organization\"}},{\"@type\":\"WebPage\",\"@id\":\"https:\/\/dicodusport.fr\/blog\/le-11-du-real-madrid-un-travail-de-tres-longue-haleine\/\",\"url\":\"https:\/\/dicodusport.fr\/blog\/le-11-du-real-madrid-un-travail-de-tres-longue-haleine\/\",\"name\":\"Le 11 du Real Madrid : un travail de (tr\u00e8s) longue haleine\",\"isPartOf\":{\"@id\":\"https:\/\/dicodusport.fr\/blog\/#website\"},\"primaryImageOfPage\":{\"@id\":\"https:\/\/dicodusport.fr\/blog\/le-11-du-real-madrid-un-travail-de-tres-longue-haleine\/#primaryimage\"},\"image\":{\"@id\":\"https:\/\/dicodusport.fr\/blog\/le-11-du-real-madrid-un-travail-de-tres-longue-haleine\/#primaryimage\"},\"thumbnailUrl\":\"https:\/\/dicodusport.fr\/blog\/wp-content\/uploads\/2018\/05\/Real-Madrid-Ligue-des-champions.png\",\"datePublished\":\"2018-05-22T12:10:55+00:00\",\"dateModified\":\"2025-09-16T07:15:21+00:00\",\"description\":\"A Kiev samedi, le Real Madrid va disputer la finale de la Ligue des Champions pour la quatri\u00e8me fois en cinq ans. Vainqueur des trois premi\u00e8res finales, comment ce club a construit une \u00e9quipe capable de briller dans la comp\u00e9tition la plus relev\u00e9e ?\",\"breadcrumb\":{\"@id\":\"https:\/\/dicodusport.fr\/blog\/le-11-du-real-madrid-un-travail-de-tres-longue-haleine\/#breadcrumb\"},\"inLanguage\":\"fr-FR\",\"potentialAction\":[{\"@type\":\"ReadAction\",\"target\":[\"https:\/\/dicodusport.fr\/blog\/le-11-du-real-madrid-un-travail-de-tres-longue-haleine\/\"]}]},{\"@type\":\"ImageObject\",\"inLanguage\":\"fr-FR\",\"@id\":\"https:\/\/dicodusport.fr\/blog\/le-11-du-real-madrid-un-travail-de-tres-longue-haleine\/#primaryimage\",\"url\":\"https:\/\/dicodusport.fr\/blog\/wp-content\/uploads\/2018\/05\/Real-Madrid-Ligue-des-champions.png\",\"contentUrl\":\"https:\/\/dicodusport.fr\/blog\/wp-content\/uploads\/2018\/05\/Real-Madrid-Ligue-des-champions.png\",\"width\":800,\"height\":445},{\"@type\":\"BreadcrumbList\",\"@id\":\"https:\/\/dicodusport.fr\/blog\/le-11-du-real-madrid-un-travail-de-tres-longue-haleine\/#breadcrumb\",\"itemListElement\":[{\"@type\":\"ListItem\",\"position\":1,\"name\":\"Accueil\",\"item\":\"https:\/\/dicodusport.fr\/blog\/\"},{\"@type\":\"ListItem\",\"position\":2,\"name\":\"Le 11 du Real Madrid : un travail de (tr\u00e8s) longue haleine\"}]},{\"@type\":\"WebSite\",\"@id\":\"https:\/\/dicodusport.fr\/blog\/#website\",\"url\":\"https:\/\/dicodusport.fr\/blog\/\",\"name\":\"Dicodusport\",\"description\":\"L&#039;encyclop\u00e9die de l&#039;actualit\u00e9 sportive\",\"publisher\":{\"@id\":\"https:\/\/dicodusport.fr\/blog\/#organization\"},\"potentialAction\":[{\"@type\":\"SearchAction\",\"target\":{\"@type\":\"EntryPoint\",\"urlTemplate\":\"https:\/\/dicodusport.fr\/blog\/?s={search_term_string}\"},\"query-input\":{\"@type\":\"PropertyValueSpecification\",\"valueRequired\":true,\"valueName\":\"search_term_string\"}}],\"inLanguage\":\"fr-FR\"},{\"@type\":\"NewsMediaOrganization\",\"@id\":\"https:\/\/dicodusport.fr\/blog\/#organization\",\"name\":\"Dicodusport\",\"url\":\"https:\/\/dicodusport.fr\/blog\/\",\"logo\":{\"@type\":\"ImageObject\",\"inLanguage\":\"fr-FR\",\"@id\":\"https:\/\/dicodusport.fr\/blog\/#\/schema\/logo\/image\/\",\"url\":\"https:\/\/dicodusport.fr\/blog\/wp-content\/uploads\/2020\/06\/cropped-LOGO-DICODUSPORT-2020-SANS-FOND-SANS-TEXTE.png\",\"contentUrl\":\"https:\/\/dicodusport.fr\/blog\/wp-content\/uploads\/2020\/06\/cropped-LOGO-DICODUSPORT-2020-SANS-FOND-SANS-TEXTE.png\",\"width\":512,\"height\":512,\"caption\":\"Dicodusport\"},\"image\":{\"@id\":\"https:\/\/dicodusport.fr\/blog\/#\/schema\/logo\/image\/\"},\"sameAs\":[\"https:\/\/www.facebook.com\/dicodusport\",\"https:\/\/x.com\/dicodusport\",\"https:\/\/www.instagram.com\/dicodusport\/\",\"https:\/\/www.youtube.com\/channel\/UC7V2KZ5sd3htJivAbA4ZG3w\"],\"description\":\"Dicodusport est l'encyclop\u00e9die de l'actualit\u00e9 sportive.\",\"email\":\"bonjour@dicodusport.fr\",\"legalName\":\"DICODUSPORT\",\"foundingDate\":\"2018-01-14\",\"vatID\":\"FR71834470973\",\"taxID\":\"83447097300043\",\"numberOfEmployees\":{\"@type\":\"QuantitativeValue\",\"minValue\":\"1\",\"maxValue\":\"10\"}},{\"@type\":\"Person\",\"@id\":\"https:\/\/dicodusport.fr\/blog\/#\/schema\/person\/55dcb50ad410894e431ed812bbb70191\",\"name\":\"Nicolas Jacquemard\",\"image\":{\"@type\":\"ImageObject\",\"inLanguage\":\"fr-FR\",\"@id\":\"https:\/\/dicodusport.fr\/blog\/#\/schema\/person\/image\/\",\"url\":\"https:\/\/dicodusport.fr\/blog\/wp-content\/uploads\/2021\/05\/Nicolas-Jacquemard-150x150.jpeg\",\"contentUrl\":\"https:\/\/dicodusport.fr\/blog\/wp-content\/uploads\/2021\/05\/Nicolas-Jacquemard-150x150.jpeg\",\"caption\":\"Nicolas Jacquemard\"},\"description\":\"Passionn\u00e9 de sport et entrepreneur depuis mes 18 ans, la cr\u00e9ation de Dicodusport m'a sembl\u00e9 \u00e9vidente pour participer \u00e0 la m\u00e9diatisation d'un plus grand nombre de sports. Le chemin est long mais avec une \u00e9quipe des plus motiv\u00e9es et les Jeux Olympiques de Paris 2024 en point de mire, nous y arriverons ! Journaliste dans le monde du sport depuis plus de 5 ans, je traite aussi bien de football, de rugby, de biathlon que de cyclisme.\",\"sameAs\":[\"https:\/\/www.facebook.com\/dicodusport\",\"https:\/\/x.com\/https:\/\/twitter.com\/Nico_Jacquemard\"],\"url\":\"https:\/\/dicodusport.fr\/blog\/author\/dicodusport\/\"}]}<\/script>\n<!-- \/ Yoast SEO Premium plugin. -->","yoast_head_json":{"title":"Le 11 du Real Madrid : un travail de (tr\u00e8s) longue haleine","description":"A Kiev samedi, le Real Madrid va disputer la finale de la Ligue des Champions pour la quatri\u00e8me fois en cinq ans. Vainqueur des trois premi\u00e8res finales, comment ce club a construit une \u00e9quipe capable de briller dans la comp\u00e9tition la plus relev\u00e9e ?","robots":{"index":"index","follow":"follow","max-snippet":"max-snippet:-1","max-image-preview":"max-image-preview:large","max-video-preview":"max-video-preview:-1"},"canonical":"https:\/\/dicodusport.fr\/blog\/le-11-du-real-madrid-un-travail-de-tres-longue-haleine\/","og_locale":"fr_FR","og_type":"article","og_title":"Le 11 du Real Madrid : un travail de (tr\u00e8s) longue haleine","og_description":"A Kiev samedi, le Real Madrid va disputer la finale de la Ligue des Champions pour la quatri\u00e8me fois en cinq ans. Vainqueur des trois premi\u00e8res finales, comment ce club a construit une \u00e9quipe capable de briller dans la comp\u00e9tition la plus relev\u00e9e ?","og_url":"https:\/\/dicodusport.fr\/blog\/le-11-du-real-madrid-un-travail-de-tres-longue-haleine\/","og_site_name":"Dicodusport","article_publisher":"https:\/\/www.facebook.com\/dicodusport","article_author":"https:\/\/www.facebook.com\/dicodusport","article_published_time":"2018-05-22T12:10:55+00:00","article_modified_time":"2025-09-16T07:15:21+00:00","og_image":[{"width":800,"height":445,"url":"https:\/\/dicodusport.fr\/blog\/wp-content\/uploads\/2018\/05\/Real-Madrid-Ligue-des-champions.png","type":"image\/png"}],"author":"Nicolas Jacquemard","twitter_card":"summary_large_image","twitter_creator":"@https:\/\/twitter.com\/Nico_Jacquemard","twitter_site":"@dicodusport","schema":{"@context":"https:\/\/schema.org","@graph":[{"@type":"NewsArticle","@id":"https:\/\/dicodusport.fr\/blog\/le-11-du-real-madrid-un-travail-de-tres-longue-haleine\/#article","isPartOf":{"@id":"https:\/\/dicodusport.fr\/blog\/le-11-du-real-madrid-un-travail-de-tres-longue-haleine\/"},"author":{"name":"Nicolas Jacquemard","@id":"https:\/\/dicodusport.fr\/blog\/#\/schema\/person\/55dcb50ad410894e431ed812bbb70191"},"headline":"Le 11 du Real Madrid : un travail de (tr\u00e8s) longue haleine","datePublished":"2018-05-22T12:10:55+00:00","dateModified":"2025-09-16T07:15:21+00:00","mainEntityOfPage":{"@id":"https:\/\/dicodusport.fr\/blog\/le-11-du-real-madrid-un-travail-de-tres-longue-haleine\/"},"wordCount":1306,"commentCount":0,"publisher":{"@id":"https:\/\/dicodusport.fr\/blog\/#organization"},"image":{"@id":"https:\/\/dicodusport.fr\/blog\/le-11-du-real-madrid-un-travail-de-tres-longue-haleine\/#primaryimage"},"thumbnailUrl":"https:\/\/dicodusport.fr\/blog\/wp-content\/uploads\/2018\/05\/Real-Madrid-Ligue-des-champions.png","keywords":["Cristiano Ronaldo","Football","Karim Benzema","Ligue des champions","Luka Modric","madrid","real","Real Madrid"],"articleSection":["Football","Ligue des Champions de football"],"inLanguage":"fr-FR","potentialAction":[{"@type":"CommentAction","name":"Comment","target":["https:\/\/dicodusport.fr\/blog\/le-11-du-real-madrid-un-travail-de-tres-longue-haleine\/#respond"]}],"copyrightYear":"2018","copyrightHolder":{"@id":"https:\/\/dicodusport.fr\/blog\/#organization"}},{"@type":"WebPage","@id":"https:\/\/dicodusport.fr\/blog\/le-11-du-real-madrid-un-travail-de-tres-longue-haleine\/","url":"https:\/\/dicodusport.fr\/blog\/le-11-du-real-madrid-un-travail-de-tres-longue-haleine\/","name":"Le 11 du Real Madrid : un travail de (tr\u00e8s) longue haleine","isPartOf":{"@id":"https:\/\/dicodusport.fr\/blog\/#website"},"primaryImageOfPage":{"@id":"https:\/\/dicodusport.fr\/blog\/le-11-du-real-madrid-un-travail-de-tres-longue-haleine\/#primaryimage"},"image":{"@id":"https:\/\/dicodusport.fr\/blog\/le-11-du-real-madrid-un-travail-de-tres-longue-haleine\/#primaryimage"},"thumbnailUrl":"https:\/\/dicodusport.fr\/blog\/wp-content\/uploads\/2018\/05\/Real-Madrid-Ligue-des-champions.png","datePublished":"2018-05-22T12:10:55+00:00","dateModified":"2025-09-16T07:15:21+00:00","description":"A Kiev samedi, le Real Madrid va disputer la finale de la Ligue des Champions pour la quatri\u00e8me fois en cinq ans. Vainqueur des trois premi\u00e8res finales, comment ce club a construit une \u00e9quipe capable de briller dans la comp\u00e9tition la plus relev\u00e9e ?","breadcrumb":{"@id":"https:\/\/dicodusport.fr\/blog\/le-11-du-real-madrid-un-travail-de-tres-longue-haleine\/#breadcrumb"},"inLanguage":"fr-FR","potentialAction":[{"@type":"ReadAction","target":["https:\/\/dicodusport.fr\/blog\/le-11-du-real-madrid-un-travail-de-tres-longue-haleine\/"]}]},{"@type":"ImageObject","inLanguage":"fr-FR","@id":"https:\/\/dicodusport.fr\/blog\/le-11-du-real-madrid-un-travail-de-tres-longue-haleine\/#primaryimage","url":"https:\/\/dicodusport.fr\/blog\/wp-content\/uploads\/2018\/05\/Real-Madrid-Ligue-des-champions.png","contentUrl":"https:\/\/dicodusport.fr\/blog\/wp-content\/uploads\/2018\/05\/Real-Madrid-Ligue-des-champions.png","width":800,"height":445},{"@type":"BreadcrumbList","@id":"https:\/\/dicodusport.fr\/blog\/le-11-du-real-madrid-un-travail-de-tres-longue-haleine\/#breadcrumb","itemListElement":[{"@type":"ListItem","position":1,"name":"Accueil","item":"https:\/\/dicodusport.fr\/blog\/"},{"@type":"ListItem","position":2,"name":"Le 11 du Real Madrid : un travail de (tr\u00e8s) longue haleine"}]},{"@type":"WebSite","@id":"https:\/\/dicodusport.fr\/blog\/#website","url":"https:\/\/dicodusport.fr\/blog\/","name":"Dicodusport","description":"L&#039;encyclop\u00e9die de l&#039;actualit\u00e9 sportive","publisher":{"@id":"https:\/\/dicodusport.fr\/blog\/#organization"},"potentialAction":[{"@type":"SearchAction","target":{"@type":"EntryPoint","urlTemplate":"https:\/\/dicodusport.fr\/blog\/?s={search_term_string}"},"query-input":{"@type":"PropertyValueSpecification","valueRequired":true,"valueName":"search_term_string"}}],"inLanguage":"fr-FR"},{"@type":"NewsMediaOrganization","@id":"https:\/\/dicodusport.fr\/blog\/#organization","name":"Dicodusport","url":"https:\/\/dicodusport.fr\/blog\/","logo":{"@type":"ImageObject","inLanguage":"fr-FR","@id":"https:\/\/dicodusport.fr\/blog\/#\/schema\/logo\/image\/","url":"https:\/\/dicodusport.fr\/blog\/wp-content\/uploads\/2020\/06\/cropped-LOGO-DICODUSPORT-2020-SANS-FOND-SANS-TEXTE.png","contentUrl":"https:\/\/dicodusport.fr\/blog\/wp-content\/uploads\/2020\/06\/cropped-LOGO-DICODUSPORT-2020-SANS-FOND-SANS-TEXTE.png","width":512,"height":512,"caption":"Dicodusport"},"image":{"@id":"https:\/\/dicodusport.fr\/blog\/#\/schema\/logo\/image\/"},"sameAs":["https:\/\/www.facebook.com\/dicodusport","https:\/\/x.com\/dicodusport","https:\/\/www.instagram.com\/dicodusport\/","https:\/\/www.youtube.com\/channel\/UC7V2KZ5sd3htJivAbA4ZG3w"],"description":"Dicodusport est l'encyclop\u00e9die de l'actualit\u00e9 sportive.","email":"bonjour@dicodusport.fr","legalName":"DICODUSPORT","foundingDate":"2018-01-14","vatID":"FR71834470973","taxID":"83447097300043","numberOfEmployees":{"@type":"QuantitativeValue","minValue":"1","maxValue":"10"}},{"@type":"Person","@id":"https:\/\/dicodusport.fr\/blog\/#\/schema\/person\/55dcb50ad410894e431ed812bbb70191","name":"Nicolas Jacquemard","image":{"@type":"ImageObject","inLanguage":"fr-FR","@id":"https:\/\/dicodusport.fr\/blog\/#\/schema\/person\/image\/","url":"https:\/\/dicodusport.fr\/blog\/wp-content\/uploads\/2021\/05\/Nicolas-Jacquemard-150x150.jpeg","contentUrl":"https:\/\/dicodusport.fr\/blog\/wp-content\/uploads\/2021\/05\/Nicolas-Jacquemard-150x150.jpeg","caption":"Nicolas Jacquemard"},"description":"Passionn\u00e9 de sport et entrepreneur depuis mes 18 ans, la cr\u00e9ation de Dicodusport m'a sembl\u00e9 \u00e9vidente pour participer \u00e0 la m\u00e9diatisation d'un plus grand nombre de sports. Le chemin est long mais avec une \u00e9quipe des plus motiv\u00e9es et les Jeux Olympiques de Paris 2024 en point de mire, nous y arriverons ! Journaliste dans le monde du sport depuis plus de 5 ans, je traite aussi bien de football, de rugby, de biathlon que de cyclisme.","sameAs":["https:\/\/www.facebook.com\/dicodusport","https:\/\/x.com\/https:\/\/twitter.com\/Nico_Jacquemard"],"url":"https:\/\/dicodusport.fr\/blog\/author\/dicodusport\/"}]}},"_links":{"self":[{"href":"https:\/\/dicodusport.fr\/blog\/wp-json\/wp\/v2\/posts\/18743","targetHints":{"allow":["GET"]}}],"collection":[{"href":"https:\/\/dicodusport.fr\/blog\/wp-json\/wp\/v2\/posts"}],"about":[{"href":"https:\/\/dicodusport.fr\/blog\/wp-json\/wp\/v2\/types\/post"}],"author":[{"embeddable":true,"href":"https:\/\/dicodusport.fr\/blog\/wp-json\/wp\/v2\/users\/1"}],"replies":[{"embeddable":true,"href":"https:\/\/dicodusport.fr\/blog\/wp-json\/wp\/v2\/comments?post=18743"}],"version-history":[{"count":1,"href":"https:\/\/dicodusport.fr\/blog\/wp-json\/wp\/v2\/posts\/18743\/revisions"}],"predecessor-version":[{"id":611815,"href":"https:\/\/dicodusport.fr\/blog\/wp-json\/wp\/v2\/posts\/18743\/revisions\/611815"}],"wp:featuredmedia":[{"embeddable":true,"href":"https:\/\/dicodusport.fr\/blog\/wp-json\/wp\/v2\/media\/18757"}],"wp:attachment":[{"href":"https:\/\/dicodusport.fr\/blog\/wp-json\/wp\/v2\/media?parent=18743"}],"wp:term":[{"taxonomy":"category","embeddable":true,"href":"https:\/\/dicodusport.fr\/blog\/wp-json\/wp\/v2\/categories?post=18743"},{"taxonomy":"post_tag","embeddable":true,"href":"https:\/\/dicodusport.fr\/blog\/wp-json\/wp\/v2\/tags?post=18743"}],"curies":[{"name":"wp","href":"https:\/\/api.w.org\/{rel}","templated":true}]}}