{"id":187512,"date":"2021-12-29T10:00:31","date_gmt":"2021-12-29T09:00:31","guid":{"rendered":"https:\/\/dicodusport.fr\/blog\/?p=187512"},"modified":"2025-11-20T18:26:50","modified_gmt":"2025-11-20T17:26:50","slug":"champion-des-champions-francais-steven-da-costa-3eme-l-abonne-a-l-or","status":"publish","type":"post","link":"https:\/\/dicodusport.fr\/blog\/champion-des-champions-francais-steven-da-costa-3eme-l-abonne-a-l-or\/","title":{"rendered":"Champion des Champions fran\u00e7ais : Steven Da Costa (3\u00e8me), l&rsquo;abonn\u00e9 \u00e0 l&rsquo;or"},"content":{"rendered":"<p style=\"text-align: justify;\"><strong><em>MULTISPORTS \u2013 On continue de d\u00e9rouler votre classement du Champion des Champions fran\u00e7ais 2021 ! Sur la troisi\u00e8me marche du podium, on retrouve Steven Da Costa.<\/em><\/strong><\/p>\n<p style=\"text-align: justify;\">Champion du monde en 2018, multi champion d&rsquo;Europe, vainqueur des Jeux Mondiaux, <strong>Steven Da Costa<\/strong> avait d\u00e9j\u00e0 un palmar\u00e8s bien garni avant de d\u00e9buter l&rsquo;ann\u00e9e. Premi\u00e8re grande comp\u00e9tition de l&rsquo;ann\u00e9e, les championnats d&rsquo;Europe se d\u00e9roulaient en mai dernier, \u00e0 Porec, en Croatie. Champion en titre dans la cat\u00e9gorie des moins de 67 kg, le karat\u00e9ka fran\u00e7ais s&rsquo;incline avant de rejoindre la finale et doit se contenter de la m\u00e9daille de bronze. Bien que le Fran\u00e7ais c\u00e8de sa couronne continentale, il reste n\u00e9anmoins le grand favori de sa cat\u00e9gorie pour la premi\u00e8re apparition du karat\u00e9 aux Jeux Olympiques.<\/p>\n<h2 style=\"text-align: justify;\">\u00c0 l&rsquo;or au rendez-vous<\/h2>\n<p style=\"text-align: justify;\">Contre toute attente, <strong>Steven Da Costa<\/strong> ne termine que second de la phase de groupe. Une deuxi\u00e8me place synonyme de qualification en demi-finales, et d&rsquo;au minimum, la m\u00e9daille de bronze. Num\u00e9ro 1 mondial de la cat\u00e9gorie inf\u00e9rieure, le Kazakhstanais <strong>Darkhan Assadilov\u00a0<\/strong>aura donn\u00e9 du fil \u00e0 retordre \u00e0 notre Fran\u00e7ais. Au contact tout le combat, il s&rsquo;incline finalement 2-5 et laisse filer Da Costa en finale des Jeux. Deuxi\u00e8me de son groupe comme lui, le Turc <strong>Eray Samdan\u00a0<\/strong>n&rsquo;aura pas exist\u00e9 dans cette finale olympique. Sup\u00e9rieur, <strong>Steven Da Costa\u00a0<\/strong>inflige un 5-0 \u00e0 son adversaire et devient non seulement le premier karat\u00e9ka fran\u00e7ais m\u00e9daill\u00e9 aux JO, mais surtout le premier champion olympique dans cette discipline.<\/p>\n<p><span class=\"cAPuIjoZgy0UHSvQE2a4XzDbKC3iMlpkNxGs6WRFJd\"><\/p>\n<blockquote class=\"wp-embedded-content\" data-secret=\"0Jqj0iEWmv\"><p><a href=\"https:\/\/dicodusport.fr\/blog\/jo-tokyo-2020-karate-steven-da-costa-champion-olympique-en-moins-de-67-kg\/\">JO Tokyo 2020 &#8211; Karat\u00e9 : Steven Da Costa champion olympique en moins de 67 kg<\/a><\/p><\/blockquote>\n<p><iframe loading=\"lazy\" class=\"wp-embedded-content\" sandbox=\"allow-scripts\" security=\"restricted\" style=\"position: absolute; clip: rect(1px, 1px, 1px, 1px);\" title=\"\u00ab\u00a0JO Tokyo 2020 &#8211; Karat\u00e9 : Steven Da Costa champion olympique en moins de 67 kg\u00a0\u00bb &#8212; Dicodusport\" src=\"https:\/\/dicodusport.fr\/blog\/jo-tokyo-2020-karate-steven-da-costa-champion-olympique-en-moins-de-67-kg\/embed\/#?secret=0Jqj0iEWmv\" data-secret=\"0Jqj0iEWmv\" width=\"600\" height=\"338\" frameborder=\"0\" marginwidth=\"0\" marginheight=\"0\" scrolling=\"no\"><\/iframe><\/span><\/p>\n<p style=\"text-align: justify;\">Pour terminer l&rsquo;ann\u00e9e en beaut\u00e9, en novembre dernier avaient lieu les Championnats du monde \u00e0 Duba\u00ef. Champion en titre, <strong>Steven Da Costa<\/strong> aura encore une fois \u00e9cras\u00e9 la concurrence. Battant entre autres le champion d&rsquo;Europe en titre en quarts de finale, <a href=\"https:\/\/dicodusport.fr\/blog\/mondiaux-de-karate-steven-da-costa-remporte-un-deuxieme-titre-mondial-consecutif\/\">il s&rsquo;offre une seconde couronne mondiale cons\u00e9cutive<\/a> en surclassant le Nord-Mac\u00e9donien <strong>Emil Pavlov<\/strong> 8-0 avant m\u00eame la fin du temps r\u00e9glementaire. Une ann\u00e9e en or !<\/p>\n<div id=\"attachment_188008\" style=\"width: 750px\" class=\"wp-caption aligncenter\"><img loading=\"lazy\" decoding=\"async\" aria-describedby=\"caption-attachment-188008\" class=\"size-large wp-image-188008\" src=\"https:\/\/dicodusport.fr\/blog\/wp-content\/uploads\/2021\/12\/Steven-Da-Costa-3eme-de-votre-classement-du-Champion-des-Champions-francais-2021-1024x1024.png\" alt=\"Steven Da Costa, 3\u00e8me de votre classement du Champion des Champions fran\u00e7ais 2021\" width=\"740\" height=\"740\" srcset=\"https:\/\/dicodusport.fr\/blog\/wp-content\/uploads\/2021\/12\/Steven-Da-Costa-3eme-de-votre-classement-du-Champion-des-Champions-francais-2021-1024x1024.png 1024w, https:\/\/dicodusport.fr\/blog\/wp-content\/uploads\/2021\/12\/Steven-Da-Costa-3eme-de-votre-classement-du-Champion-des-Champions-francais-2021-300x300.png 300w, https:\/\/dicodusport.fr\/blog\/wp-content\/uploads\/2021\/12\/Steven-Da-Costa-3eme-de-votre-classement-du-Champion-des-Champions-francais-2021-150x150.png 150w, https:\/\/dicodusport.fr\/blog\/wp-content\/uploads\/2021\/12\/Steven-Da-Costa-3eme-de-votre-classement-du-Champion-des-Champions-francais-2021-768x768.png 768w, https:\/\/dicodusport.fr\/blog\/wp-content\/uploads\/2021\/12\/Steven-Da-Costa-3eme-de-votre-classement-du-Champion-des-Champions-francais-2021-80x80.png 80w, https:\/\/dicodusport.fr\/blog\/wp-content\/uploads\/2021\/12\/Steven-Da-Costa-3eme-de-votre-classement-du-Champion-des-Champions-francais-2021.png 1200w\" sizes=\"auto, (max-width: 740px) 100vw, 740px\" \/><p id=\"caption-attachment-188008\" class=\"wp-caption-text\">Steven Da Costa, 3\u00e8me de votre classement du Champion des Champions fran\u00e7ais 2021<\/p><\/div>\n<h2 style=\"text-align: justify;\"><strong>Le classements des sportifs d\u00e9j\u00e0 d\u00e9voil\u00e9s<\/strong><\/h2>\n<ul>\n<li style=\"text-align: justify;\"><a href=\"https:\/\/dicodusport.fr\/blog\/champion-des-champions-francais-antoine-dupont-4eme-le-taulier\/\"><strong>Antoine Dupont (4\u00e8me), le taulier<\/strong><\/a><\/li>\n<li style=\"text-align: justify;\"><a href=\"https:\/\/dicodusport.fr\/blog\/champion-des-champions-francais-alexis-pinturault-5eme-le-graal-tant-attendu\/\"><strong>Alexis Pinturault (5\u00e8me), le Graal tant attendu<\/strong><\/a><\/li>\n<li style=\"text-align: justify;\"><a href=\"https:\/\/dicodusport.fr\/blog\/champion-des-champions-francais-karim-benzema-6eme-le-magicien\/\"><strong>Karim Benzema (6\u00e8me), le magicien<\/strong><\/a><\/li>\n<li style=\"text-align: justify;\"><a href=\"https:\/\/dicodusport.fr\/blog\/champion-des-champions-francais-alexis-hanquinquant-7eme-l-invincible\/\"><strong>Alexis Hanquinquant (7\u00e8me), l&rsquo;invincible<\/strong><\/a><\/li>\n<li style=\"text-align: justify;\"><a href=\"https:\/\/dicodusport.fr\/blog\/champion-des-champions-francais-jean-quiquampoix-8eme-en-plein-dans-le-mille\/\"><strong>Jean Quiquampoix (8\u00e8me), en plein dans le mille<\/strong><\/a><\/li>\n<li><strong><a href=\"https:\/\/dicodusport.fr\/blog\/champion-des-champions-francais-alexandre-leaute-9eme-la-grande-promesse\/\">Alexandre L\u00e9aut\u00e9 (9\u00e8me), la grande promesse<\/a><\/strong><\/li>\n<li class=\"mvp-post-title left entry-title\"><a href=\"https:\/\/dicodusport.fr\/blog\/champion-des-champions-francais-benjamin-thomas-10eme-point-sur-les-i\/\"><strong>Benjamin Thomas (10\u00e8me), les points sur les i<\/strong><\/a><\/li>\n<\/ul>\n","protected":false},"excerpt":{"rendered":"<p>MULTISPORTS \u2013 On continue de d\u00e9rouler votre classement du Champion des Champions fran\u00e7ais 2021 ! Sur la troisi\u00e8me marche du podium, on retrouve Steven Da Costa.<\/p>\n","protected":false},"author":43,"featured_media":188007,"comment_status":"open","ping_status":"closed","sticky":false,"template":"","format":"standard","meta":{"_acf_changed":false,"_daextam_enable_autolinks":"","footnotes":""},"categories":[9969,2316],"tags":[537,20621,6651],"class_list":["post-187512","post","type-post","status-publish","format-standard","has-post-thumbnail","hentry","category-karate","category-tous-les-sports","tag-karate","tag-recompenses-tricolores","tag-steven-da-costa"],"acf":[],"yoast_head":"<!-- This site is optimized with the Yoast SEO Premium plugin v26.7 (Yoast SEO v26.7) - https:\/\/yoast.com\/wordpress\/plugins\/seo\/ -->\n<title>Champion des Champions fran\u00e7ais : Steven Da Costa (3\u00e8me), l&#039;abonn\u00e9 \u00e0 l&#039;or<\/title>\n<meta name=\"description\" content=\"MULTISPORTS \u2013 On continue de d\u00e9rouler votre classement du Champion des Champions fran\u00e7ais 2021 ! Steven Da Costa est 3\u00e8me !\" \/>\n<meta name=\"robots\" content=\"index, follow, max-snippet:-1, max-image-preview:large, max-video-preview:-1\" \/>\n<link rel=\"canonical\" href=\"https:\/\/dicodusport.fr\/blog\/champion-des-champions-francais-steven-da-costa-3eme-l-abonne-a-l-or\/\" \/>\n<meta property=\"og:locale\" content=\"fr_FR\" \/>\n<meta property=\"og:type\" content=\"article\" \/>\n<meta property=\"og:title\" content=\"Champion des Champions fran\u00e7ais : Steven Da Costa (3\u00e8me), l&#039;abonn\u00e9 \u00e0 l&#039;or\" \/>\n<meta property=\"og:description\" content=\"MULTISPORTS \u2013 On continue de d\u00e9rouler votre classement du Champion des Champions fran\u00e7ais 2021 ! Steven Da Costa est 3\u00e8me !\" \/>\n<meta property=\"og:url\" content=\"https:\/\/dicodusport.fr\/blog\/champion-des-champions-francais-steven-da-costa-3eme-l-abonne-a-l-or\/\" \/>\n<meta property=\"og:site_name\" content=\"Dicodusport\" \/>\n<meta property=\"article:publisher\" content=\"https:\/\/www.facebook.com\/dicodusport\" \/>\n<meta property=\"article:author\" content=\"https:\/\/www.facebook.com\/Max.Bld2\/\" \/>\n<meta property=\"article:published_time\" content=\"2021-12-29T09:00:31+00:00\" \/>\n<meta property=\"article:modified_time\" content=\"2025-11-20T17:26:50+00:00\" \/>\n<meta property=\"og:image\" content=\"https:\/\/dicodusport.fr\/blog\/wp-content\/uploads\/2021\/12\/Champion-des-Champions-francais-Steven-Da-Costa-3eme-labonne-a-lor.png\" \/>\n\t<meta property=\"og:image:width\" content=\"800\" \/>\n\t<meta property=\"og:image:height\" content=\"445\" \/>\n\t<meta property=\"og:image:type\" content=\"image\/png\" \/>\n<meta name=\"author\" content=\"Maxime Boulard\" \/>\n<meta name=\"twitter:card\" content=\"summary_large_image\" \/>\n<meta name=\"twitter:title\" content=\"Champion des Champions fran\u00e7ais : Steven Da Costa (3\u00e8me), l&#039;abonn\u00e9 \u00e0 l&#039;or\" \/>\n<meta name=\"twitter:creator\" content=\"@https:\/\/twitter.com\/MaximeB_2\" \/>\n<meta name=\"twitter:site\" content=\"@dicodusport\" \/>\n<script type=\"application\/ld+json\" class=\"yoast-schema-graph\">{\"@context\":\"https:\/\/schema.org\",\"@graph\":[{\"@type\":\"NewsArticle\",\"@id\":\"https:\/\/dicodusport.fr\/blog\/champion-des-champions-francais-steven-da-costa-3eme-l-abonne-a-l-or\/#article\",\"isPartOf\":{\"@id\":\"https:\/\/dicodusport.fr\/blog\/champion-des-champions-francais-steven-da-costa-3eme-l-abonne-a-l-or\/\"},\"author\":{\"name\":\"Maxime Boulard\",\"@id\":\"https:\/\/dicodusport.fr\/blog\/#\/schema\/person\/5aab10ee856e86ac63e9819a9da34784\"},\"headline\":\"Champion des Champions fran\u00e7ais : Steven Da Costa (3\u00e8me), l&rsquo;abonn\u00e9 \u00e0 l&rsquo;or\",\"datePublished\":\"2021-12-29T09:00:31+00:00\",\"dateModified\":\"2025-11-20T17:26:50+00:00\",\"mainEntityOfPage\":{\"@id\":\"https:\/\/dicodusport.fr\/blog\/champion-des-champions-francais-steven-da-costa-3eme-l-abonne-a-l-or\/\"},\"wordCount\":441,\"commentCount\":0,\"publisher\":{\"@id\":\"https:\/\/dicodusport.fr\/blog\/#organization\"},\"image\":{\"@id\":\"https:\/\/dicodusport.fr\/blog\/champion-des-champions-francais-steven-da-costa-3eme-l-abonne-a-l-or\/#primaryimage\"},\"thumbnailUrl\":\"https:\/\/dicodusport.fr\/blog\/wp-content\/uploads\/2021\/12\/Champion-des-Champions-francais-Steven-Da-Costa-3eme-labonne-a-lor.png\",\"keywords\":[\"Karat\u00e9\",\"R\u00e9compenses tricolores\",\"Steven Da Costa\"],\"articleSection\":[\"Karat\u00e9\",\"Sports\"],\"inLanguage\":\"fr-FR\",\"potentialAction\":[{\"@type\":\"CommentAction\",\"name\":\"Comment\",\"target\":[\"https:\/\/dicodusport.fr\/blog\/champion-des-champions-francais-steven-da-costa-3eme-l-abonne-a-l-or\/#respond\"]}],\"copyrightYear\":\"2021\",\"copyrightHolder\":{\"@id\":\"https:\/\/dicodusport.fr\/blog\/#organization\"}},{\"@type\":\"WebPage\",\"@id\":\"https:\/\/dicodusport.fr\/blog\/champion-des-champions-francais-steven-da-costa-3eme-l-abonne-a-l-or\/\",\"url\":\"https:\/\/dicodusport.fr\/blog\/champion-des-champions-francais-steven-da-costa-3eme-l-abonne-a-l-or\/\",\"name\":\"Champion des Champions fran\u00e7ais : Steven Da Costa (3\u00e8me), l'abonn\u00e9 \u00e0 l'or\",\"isPartOf\":{\"@id\":\"https:\/\/dicodusport.fr\/blog\/#website\"},\"primaryImageOfPage\":{\"@id\":\"https:\/\/dicodusport.fr\/blog\/champion-des-champions-francais-steven-da-costa-3eme-l-abonne-a-l-or\/#primaryimage\"},\"image\":{\"@id\":\"https:\/\/dicodusport.fr\/blog\/champion-des-champions-francais-steven-da-costa-3eme-l-abonne-a-l-or\/#primaryimage\"},\"thumbnailUrl\":\"https:\/\/dicodusport.fr\/blog\/wp-content\/uploads\/2021\/12\/Champion-des-Champions-francais-Steven-Da-Costa-3eme-labonne-a-lor.png\",\"datePublished\":\"2021-12-29T09:00:31+00:00\",\"dateModified\":\"2025-11-20T17:26:50+00:00\",\"description\":\"MULTISPORTS \u2013 On continue de d\u00e9rouler votre classement du Champion des Champions fran\u00e7ais 2021 ! Steven Da Costa est 3\u00e8me !\",\"breadcrumb\":{\"@id\":\"https:\/\/dicodusport.fr\/blog\/champion-des-champions-francais-steven-da-costa-3eme-l-abonne-a-l-or\/#breadcrumb\"},\"inLanguage\":\"fr-FR\",\"potentialAction\":[{\"@type\":\"ReadAction\",\"target\":[\"https:\/\/dicodusport.fr\/blog\/champion-des-champions-francais-steven-da-costa-3eme-l-abonne-a-l-or\/\"]}]},{\"@type\":\"ImageObject\",\"inLanguage\":\"fr-FR\",\"@id\":\"https:\/\/dicodusport.fr\/blog\/champion-des-champions-francais-steven-da-costa-3eme-l-abonne-a-l-or\/#primaryimage\",\"url\":\"https:\/\/dicodusport.fr\/blog\/wp-content\/uploads\/2021\/12\/Champion-des-Champions-francais-Steven-Da-Costa-3eme-labonne-a-lor.png\",\"contentUrl\":\"https:\/\/dicodusport.fr\/blog\/wp-content\/uploads\/2021\/12\/Champion-des-Champions-francais-Steven-Da-Costa-3eme-labonne-a-lor.png\",\"width\":800,\"height\":445,\"caption\":\"Champion des Champions fran\u00e7ais - Steven Da Costa (3\u00e8me), l'abonn\u00e9 \u00e0 l'or\"},{\"@type\":\"BreadcrumbList\",\"@id\":\"https:\/\/dicodusport.fr\/blog\/champion-des-champions-francais-steven-da-costa-3eme-l-abonne-a-l-or\/#breadcrumb\",\"itemListElement\":[{\"@type\":\"ListItem\",\"position\":1,\"name\":\"Accueil\",\"item\":\"https:\/\/dicodusport.fr\/blog\/\"},{\"@type\":\"ListItem\",\"position\":2,\"name\":\"Champion des Champions fran\u00e7ais : Steven Da Costa (3\u00e8me), l&rsquo;abonn\u00e9 \u00e0 l&rsquo;or\"}]},{\"@type\":\"WebSite\",\"@id\":\"https:\/\/dicodusport.fr\/blog\/#website\",\"url\":\"https:\/\/dicodusport.fr\/blog\/\",\"name\":\"Dicodusport\",\"description\":\"L&#039;encyclop\u00e9die de l&#039;actualit\u00e9 sportive\",\"publisher\":{\"@id\":\"https:\/\/dicodusport.fr\/blog\/#organization\"},\"potentialAction\":[{\"@type\":\"SearchAction\",\"target\":{\"@type\":\"EntryPoint\",\"urlTemplate\":\"https:\/\/dicodusport.fr\/blog\/?s={search_term_string}\"},\"query-input\":{\"@type\":\"PropertyValueSpecification\",\"valueRequired\":true,\"valueName\":\"search_term_string\"}}],\"inLanguage\":\"fr-FR\"},{\"@type\":\"NewsMediaOrganization\",\"@id\":\"https:\/\/dicodusport.fr\/blog\/#organization\",\"name\":\"Dicodusport\",\"url\":\"https:\/\/dicodusport.fr\/blog\/\",\"logo\":{\"@type\":\"ImageObject\",\"inLanguage\":\"fr-FR\",\"@id\":\"https:\/\/dicodusport.fr\/blog\/#\/schema\/logo\/image\/\",\"url\":\"https:\/\/dicodusport.fr\/blog\/wp-content\/uploads\/2020\/06\/cropped-LOGO-DICODUSPORT-2020-SANS-FOND-SANS-TEXTE.png\",\"contentUrl\":\"https:\/\/dicodusport.fr\/blog\/wp-content\/uploads\/2020\/06\/cropped-LOGO-DICODUSPORT-2020-SANS-FOND-SANS-TEXTE.png\",\"width\":512,\"height\":512,\"caption\":\"Dicodusport\"},\"image\":{\"@id\":\"https:\/\/dicodusport.fr\/blog\/#\/schema\/logo\/image\/\"},\"sameAs\":[\"https:\/\/www.facebook.com\/dicodusport\",\"https:\/\/x.com\/dicodusport\",\"https:\/\/www.instagram.com\/dicodusport\/\",\"https:\/\/www.youtube.com\/channel\/UC7V2KZ5sd3htJivAbA4ZG3w\"],\"description\":\"Dicodusport est l'encyclop\u00e9die de l'actualit\u00e9 sportive.\",\"email\":\"bonjour@dicodusport.fr\",\"legalName\":\"DICODUSPORT\",\"foundingDate\":\"2018-01-14\",\"vatID\":\"FR71834470973\",\"taxID\":\"83447097300043\",\"numberOfEmployees\":{\"@type\":\"QuantitativeValue\",\"minValue\":\"1\",\"maxValue\":\"10\"}},{\"@type\":\"Person\",\"@id\":\"https:\/\/dicodusport.fr\/blog\/#\/schema\/person\/5aab10ee856e86ac63e9819a9da34784\",\"name\":\"Maxime Boulard\",\"image\":{\"@type\":\"ImageObject\",\"inLanguage\":\"fr-FR\",\"@id\":\"https:\/\/dicodusport.fr\/blog\/#\/schema\/person\/image\/\",\"url\":\"https:\/\/dicodusport.fr\/blog\/wp-content\/uploads\/2021\/05\/Maxime-Boulard-150x150.jpg\",\"contentUrl\":\"https:\/\/dicodusport.fr\/blog\/wp-content\/uploads\/2021\/05\/Maxime-Boulard-150x150.jpg\",\"caption\":\"Maxime Boulard\"},\"description\":\"Journaliste\/r\u00e9dacteur depuis octobre 2020 - Si mon plus vieux souvenir de sport aurait pu m'en d\u00e9go\u00fbter, la finale de la Coupe du monde 2006 a \u00e9t\u00e9 tout le contraire. V\u00e9ritable d\u00e9clencheur d'une passion qui aujourd'hui ne fait que grandir avec le temps, mon leitmotiv est la France qui brille ! Je relate les exploits pass\u00e9s et pr\u00e9sents du sport bleu-blanc-rouge sans m\u00e9nagement depuis octobre 2020. Sport valide ou handisport, aucune diff\u00e9rence, il n'y a que du sport et plusieurs fa\u00e7ons de le pratiquer.\",\"sameAs\":[\"https:\/\/www.facebook.com\/Max.Bld2\/\",\"https:\/\/x.com\/https:\/\/twitter.com\/MaximeB_2\"],\"url\":\"https:\/\/dicodusport.fr\/blog\/author\/maxime-b\/\"}]}<\/script>\n<!-- \/ Yoast SEO Premium plugin. -->","yoast_head_json":{"title":"Champion des Champions fran\u00e7ais : Steven Da Costa (3\u00e8me), l'abonn\u00e9 \u00e0 l'or","description":"MULTISPORTS \u2013 On continue de d\u00e9rouler votre classement du Champion des Champions fran\u00e7ais 2021 ! Steven Da Costa est 3\u00e8me !","robots":{"index":"index","follow":"follow","max-snippet":"max-snippet:-1","max-image-preview":"max-image-preview:large","max-video-preview":"max-video-preview:-1"},"canonical":"https:\/\/dicodusport.fr\/blog\/champion-des-champions-francais-steven-da-costa-3eme-l-abonne-a-l-or\/","og_locale":"fr_FR","og_type":"article","og_title":"Champion des Champions fran\u00e7ais : Steven Da Costa (3\u00e8me), l'abonn\u00e9 \u00e0 l'or","og_description":"MULTISPORTS \u2013 On continue de d\u00e9rouler votre classement du Champion des Champions fran\u00e7ais 2021 ! Steven Da Costa est 3\u00e8me !","og_url":"https:\/\/dicodusport.fr\/blog\/champion-des-champions-francais-steven-da-costa-3eme-l-abonne-a-l-or\/","og_site_name":"Dicodusport","article_publisher":"https:\/\/www.facebook.com\/dicodusport","article_author":"https:\/\/www.facebook.com\/Max.Bld2\/","article_published_time":"2021-12-29T09:00:31+00:00","article_modified_time":"2025-11-20T17:26:50+00:00","og_image":[{"width":800,"height":445,"url":"https:\/\/dicodusport.fr\/blog\/wp-content\/uploads\/2021\/12\/Champion-des-Champions-francais-Steven-Da-Costa-3eme-labonne-a-lor.png","type":"image\/png"}],"author":"Maxime Boulard","twitter_card":"summary_large_image","twitter_title":"Champion des Champions fran\u00e7ais : Steven Da Costa (3\u00e8me), l'abonn\u00e9 \u00e0 l'or","twitter_creator":"@https:\/\/twitter.com\/MaximeB_2","twitter_site":"@dicodusport","schema":{"@context":"https:\/\/schema.org","@graph":[{"@type":"NewsArticle","@id":"https:\/\/dicodusport.fr\/blog\/champion-des-champions-francais-steven-da-costa-3eme-l-abonne-a-l-or\/#article","isPartOf":{"@id":"https:\/\/dicodusport.fr\/blog\/champion-des-champions-francais-steven-da-costa-3eme-l-abonne-a-l-or\/"},"author":{"name":"Maxime Boulard","@id":"https:\/\/dicodusport.fr\/blog\/#\/schema\/person\/5aab10ee856e86ac63e9819a9da34784"},"headline":"Champion des Champions fran\u00e7ais : Steven Da Costa (3\u00e8me), l&rsquo;abonn\u00e9 \u00e0 l&rsquo;or","datePublished":"2021-12-29T09:00:31+00:00","dateModified":"2025-11-20T17:26:50+00:00","mainEntityOfPage":{"@id":"https:\/\/dicodusport.fr\/blog\/champion-des-champions-francais-steven-da-costa-3eme-l-abonne-a-l-or\/"},"wordCount":441,"commentCount":0,"publisher":{"@id":"https:\/\/dicodusport.fr\/blog\/#organization"},"image":{"@id":"https:\/\/dicodusport.fr\/blog\/champion-des-champions-francais-steven-da-costa-3eme-l-abonne-a-l-or\/#primaryimage"},"thumbnailUrl":"https:\/\/dicodusport.fr\/blog\/wp-content\/uploads\/2021\/12\/Champion-des-Champions-francais-Steven-Da-Costa-3eme-labonne-a-lor.png","keywords":["Karat\u00e9","R\u00e9compenses tricolores","Steven Da Costa"],"articleSection":["Karat\u00e9","Sports"],"inLanguage":"fr-FR","potentialAction":[{"@type":"CommentAction","name":"Comment","target":["https:\/\/dicodusport.fr\/blog\/champion-des-champions-francais-steven-da-costa-3eme-l-abonne-a-l-or\/#respond"]}],"copyrightYear":"2021","copyrightHolder":{"@id":"https:\/\/dicodusport.fr\/blog\/#organization"}},{"@type":"WebPage","@id":"https:\/\/dicodusport.fr\/blog\/champion-des-champions-francais-steven-da-costa-3eme-l-abonne-a-l-or\/","url":"https:\/\/dicodusport.fr\/blog\/champion-des-champions-francais-steven-da-costa-3eme-l-abonne-a-l-or\/","name":"Champion des Champions fran\u00e7ais : Steven Da Costa (3\u00e8me), l'abonn\u00e9 \u00e0 l'or","isPartOf":{"@id":"https:\/\/dicodusport.fr\/blog\/#website"},"primaryImageOfPage":{"@id":"https:\/\/dicodusport.fr\/blog\/champion-des-champions-francais-steven-da-costa-3eme-l-abonne-a-l-or\/#primaryimage"},"image":{"@id":"https:\/\/dicodusport.fr\/blog\/champion-des-champions-francais-steven-da-costa-3eme-l-abonne-a-l-or\/#primaryimage"},"thumbnailUrl":"https:\/\/dicodusport.fr\/blog\/wp-content\/uploads\/2021\/12\/Champion-des-Champions-francais-Steven-Da-Costa-3eme-labonne-a-lor.png","datePublished":"2021-12-29T09:00:31+00:00","dateModified":"2025-11-20T17:26:50+00:00","description":"MULTISPORTS \u2013 On continue de d\u00e9rouler votre classement du Champion des Champions fran\u00e7ais 2021 ! Steven Da Costa est 3\u00e8me !","breadcrumb":{"@id":"https:\/\/dicodusport.fr\/blog\/champion-des-champions-francais-steven-da-costa-3eme-l-abonne-a-l-or\/#breadcrumb"},"inLanguage":"fr-FR","potentialAction":[{"@type":"ReadAction","target":["https:\/\/dicodusport.fr\/blog\/champion-des-champions-francais-steven-da-costa-3eme-l-abonne-a-l-or\/"]}]},{"@type":"ImageObject","inLanguage":"fr-FR","@id":"https:\/\/dicodusport.fr\/blog\/champion-des-champions-francais-steven-da-costa-3eme-l-abonne-a-l-or\/#primaryimage","url":"https:\/\/dicodusport.fr\/blog\/wp-content\/uploads\/2021\/12\/Champion-des-Champions-francais-Steven-Da-Costa-3eme-labonne-a-lor.png","contentUrl":"https:\/\/dicodusport.fr\/blog\/wp-content\/uploads\/2021\/12\/Champion-des-Champions-francais-Steven-Da-Costa-3eme-labonne-a-lor.png","width":800,"height":445,"caption":"Champion des Champions fran\u00e7ais - Steven Da Costa (3\u00e8me), l'abonn\u00e9 \u00e0 l'or"},{"@type":"BreadcrumbList","@id":"https:\/\/dicodusport.fr\/blog\/champion-des-champions-francais-steven-da-costa-3eme-l-abonne-a-l-or\/#breadcrumb","itemListElement":[{"@type":"ListItem","position":1,"name":"Accueil","item":"https:\/\/dicodusport.fr\/blog\/"},{"@type":"ListItem","position":2,"name":"Champion des Champions fran\u00e7ais : Steven Da Costa (3\u00e8me), l&rsquo;abonn\u00e9 \u00e0 l&rsquo;or"}]},{"@type":"WebSite","@id":"https:\/\/dicodusport.fr\/blog\/#website","url":"https:\/\/dicodusport.fr\/blog\/","name":"Dicodusport","description":"L&#039;encyclop\u00e9die de l&#039;actualit\u00e9 sportive","publisher":{"@id":"https:\/\/dicodusport.fr\/blog\/#organization"},"potentialAction":[{"@type":"SearchAction","target":{"@type":"EntryPoint","urlTemplate":"https:\/\/dicodusport.fr\/blog\/?s={search_term_string}"},"query-input":{"@type":"PropertyValueSpecification","valueRequired":true,"valueName":"search_term_string"}}],"inLanguage":"fr-FR"},{"@type":"NewsMediaOrganization","@id":"https:\/\/dicodusport.fr\/blog\/#organization","name":"Dicodusport","url":"https:\/\/dicodusport.fr\/blog\/","logo":{"@type":"ImageObject","inLanguage":"fr-FR","@id":"https:\/\/dicodusport.fr\/blog\/#\/schema\/logo\/image\/","url":"https:\/\/dicodusport.fr\/blog\/wp-content\/uploads\/2020\/06\/cropped-LOGO-DICODUSPORT-2020-SANS-FOND-SANS-TEXTE.png","contentUrl":"https:\/\/dicodusport.fr\/blog\/wp-content\/uploads\/2020\/06\/cropped-LOGO-DICODUSPORT-2020-SANS-FOND-SANS-TEXTE.png","width":512,"height":512,"caption":"Dicodusport"},"image":{"@id":"https:\/\/dicodusport.fr\/blog\/#\/schema\/logo\/image\/"},"sameAs":["https:\/\/www.facebook.com\/dicodusport","https:\/\/x.com\/dicodusport","https:\/\/www.instagram.com\/dicodusport\/","https:\/\/www.youtube.com\/channel\/UC7V2KZ5sd3htJivAbA4ZG3w"],"description":"Dicodusport est l'encyclop\u00e9die de l'actualit\u00e9 sportive.","email":"bonjour@dicodusport.fr","legalName":"DICODUSPORT","foundingDate":"2018-01-14","vatID":"FR71834470973","taxID":"83447097300043","numberOfEmployees":{"@type":"QuantitativeValue","minValue":"1","maxValue":"10"}},{"@type":"Person","@id":"https:\/\/dicodusport.fr\/blog\/#\/schema\/person\/5aab10ee856e86ac63e9819a9da34784","name":"Maxime Boulard","image":{"@type":"ImageObject","inLanguage":"fr-FR","@id":"https:\/\/dicodusport.fr\/blog\/#\/schema\/person\/image\/","url":"https:\/\/dicodusport.fr\/blog\/wp-content\/uploads\/2021\/05\/Maxime-Boulard-150x150.jpg","contentUrl":"https:\/\/dicodusport.fr\/blog\/wp-content\/uploads\/2021\/05\/Maxime-Boulard-150x150.jpg","caption":"Maxime Boulard"},"description":"Journaliste\/r\u00e9dacteur depuis octobre 2020 - Si mon plus vieux souvenir de sport aurait pu m'en d\u00e9go\u00fbter, la finale de la Coupe du monde 2006 a \u00e9t\u00e9 tout le contraire. V\u00e9ritable d\u00e9clencheur d'une passion qui aujourd'hui ne fait que grandir avec le temps, mon leitmotiv est la France qui brille ! Je relate les exploits pass\u00e9s et pr\u00e9sents du sport bleu-blanc-rouge sans m\u00e9nagement depuis octobre 2020. Sport valide ou handisport, aucune diff\u00e9rence, il n'y a que du sport et plusieurs fa\u00e7ons de le pratiquer.","sameAs":["https:\/\/www.facebook.com\/Max.Bld2\/","https:\/\/x.com\/https:\/\/twitter.com\/MaximeB_2"],"url":"https:\/\/dicodusport.fr\/blog\/author\/maxime-b\/"}]}},"_links":{"self":[{"href":"https:\/\/dicodusport.fr\/blog\/wp-json\/wp\/v2\/posts\/187512","targetHints":{"allow":["GET"]}}],"collection":[{"href":"https:\/\/dicodusport.fr\/blog\/wp-json\/wp\/v2\/posts"}],"about":[{"href":"https:\/\/dicodusport.fr\/blog\/wp-json\/wp\/v2\/types\/post"}],"author":[{"embeddable":true,"href":"https:\/\/dicodusport.fr\/blog\/wp-json\/wp\/v2\/users\/43"}],"replies":[{"embeddable":true,"href":"https:\/\/dicodusport.fr\/blog\/wp-json\/wp\/v2\/comments?post=187512"}],"version-history":[{"count":1,"href":"https:\/\/dicodusport.fr\/blog\/wp-json\/wp\/v2\/posts\/187512\/revisions"}],"predecessor-version":[{"id":626842,"href":"https:\/\/dicodusport.fr\/blog\/wp-json\/wp\/v2\/posts\/187512\/revisions\/626842"}],"wp:featuredmedia":[{"embeddable":true,"href":"https:\/\/dicodusport.fr\/blog\/wp-json\/wp\/v2\/media\/188007"}],"wp:attachment":[{"href":"https:\/\/dicodusport.fr\/blog\/wp-json\/wp\/v2\/media?parent=187512"}],"wp:term":[{"taxonomy":"category","embeddable":true,"href":"https:\/\/dicodusport.fr\/blog\/wp-json\/wp\/v2\/categories?post=187512"},{"taxonomy":"post_tag","embeddable":true,"href":"https:\/\/dicodusport.fr\/blog\/wp-json\/wp\/v2\/tags?post=187512"}],"curies":[{"name":"wp","href":"https:\/\/api.w.org\/{rel}","templated":true}]}}