{"id":187531,"date":"2021-12-24T18:02:57","date_gmt":"2021-12-24T17:02:57","guid":{"rendered":"https:\/\/dicodusport.fr\/blog\/?p=187531&#038;preview=true&#038;preview_id=187531"},"modified":"2025-11-20T18:28:10","modified_gmt":"2025-11-20T17:28:10","slug":"championne-des-championnes-francaises-tess-ledeux-8eme-acrobate-des-neiges","status":"publish","type":"post","link":"https:\/\/dicodusport.fr\/blog\/championne-des-championnes-francaises-tess-ledeux-8eme-acrobate-des-neiges\/","title":{"rendered":"Championne des Championnes fran\u00e7aises : Tess Ledeux (8\u00e8me), l&rsquo;acrobate des neiges"},"content":{"rendered":"<p style=\"text-align: justify;\"><strong><em>MULTISPORTS \u2013 On continue de d\u00e9rouler votre classement de la Championne des Championnes fran\u00e7aises 2021 ! Vous avez class\u00e9 Tess Ledeux \u00e0 la 8\u00e8me place.<\/em><\/strong><\/p>\n<p style=\"text-align: justify;\">\u00c0 20 ans, <strong>Tess Ledeux<\/strong> a frapp\u00e9 un grand coup la saison pass\u00e9e. Victorieuse de quatre Coupes du monde avant l&rsquo;exercice 2021-2022, elle termine l&rsquo;ann\u00e9e 2021 avec autant de succ\u00e8s en plus. Mais surtout, au terme de la saison pass\u00e9e, la skieuse de La Plagne a d\u00e9croch\u00e9 le gros globe de ski freestyle et le petit globe du slopestyle. Laur\u00e9ate \u00e0 Stubaital, Aspen et Silvaplana dans cette sp\u00e9cialit\u00e9, elle a aussi marqu\u00e9 les esprits en tout d\u00e9but de cette saison 2021-2022, en s&rsquo;imposant en big air \u00e0 Chur.<\/p>\n<p><span class=\"hsxia\"><\/p>\n<blockquote class=\"wp-embedded-content\" data-secret=\"0J5D6KUsaw\"><p><a href=\"https:\/\/dicodusport.fr\/blog\/gros-globe-en-freeski-et-petit-globe-slopestyle-pour-tess-ledeux\/\">Gros globe en freeski et petit globe du slopestyle pour Tess Ledeux<\/a><\/p><\/blockquote>\n<p><iframe loading=\"lazy\" class=\"wp-embedded-content\" sandbox=\"allow-scripts\" security=\"restricted\" style=\"position: absolute; clip: rect(1px, 1px, 1px, 1px);\" title=\"\u00ab\u00a0Gros globe en freeski et petit globe du slopestyle pour Tess Ledeux\u00a0\u00bb &#8212; Dicodusport\" src=\"https:\/\/dicodusport.fr\/blog\/gros-globe-en-freeski-et-petit-globe-slopestyle-pour-tess-ledeux\/embed\/#?secret=0J5D6KUsaw\" data-secret=\"0J5D6KUsaw\" width=\"600\" height=\"338\" frameborder=\"0\" marginwidth=\"0\" marginheight=\"0\" scrolling=\"no\"><\/iframe><\/span><\/p>\n<p style=\"text-align: justify;\">Except\u00e9s des Mondiaux d&rsquo;Aspen mitig\u00e9s (4\u00e8me en slopestyle et 7e en big air), la Fran\u00e7aise a donc marqu\u00e9 2021 de son empreinte. Alors que les JO de P\u00e9kin approchent, elle sera sans aucun doute l&rsquo;une des plus belles chances de m\u00e9daille pour la d\u00e9l\u00e9gation tricolore.<\/p>\n<div id=\"attachment_187540\" style=\"width: 750px\" class=\"wp-caption aligncenter\"><img loading=\"lazy\" decoding=\"async\" aria-describedby=\"caption-attachment-187540\" class=\"size-large wp-image-187540\" src=\"https:\/\/dicodusport.fr\/blog\/wp-content\/uploads\/2021\/12\/Tess-Ledeux-8eme-de-votre-classement-de-la-Championne-des-Championnes-francaises-2021-1024x1024.png\" alt=\"Tess Ledeux, 8\u00e8me de votre classement de la Championne des Championnes fran\u00e7aises 2021\" width=\"740\" height=\"740\" srcset=\"https:\/\/dicodusport.fr\/blog\/wp-content\/uploads\/2021\/12\/Tess-Ledeux-8eme-de-votre-classement-de-la-Championne-des-Championnes-francaises-2021-1024x1024.png 1024w, https:\/\/dicodusport.fr\/blog\/wp-content\/uploads\/2021\/12\/Tess-Ledeux-8eme-de-votre-classement-de-la-Championne-des-Championnes-francaises-2021-300x300.png 300w, https:\/\/dicodusport.fr\/blog\/wp-content\/uploads\/2021\/12\/Tess-Ledeux-8eme-de-votre-classement-de-la-Championne-des-Championnes-francaises-2021-150x150.png 150w, https:\/\/dicodusport.fr\/blog\/wp-content\/uploads\/2021\/12\/Tess-Ledeux-8eme-de-votre-classement-de-la-Championne-des-Championnes-francaises-2021-768x768.png 768w, https:\/\/dicodusport.fr\/blog\/wp-content\/uploads\/2021\/12\/Tess-Ledeux-8eme-de-votre-classement-de-la-Championne-des-Championnes-francaises-2021-80x80.png 80w, https:\/\/dicodusport.fr\/blog\/wp-content\/uploads\/2021\/12\/Tess-Ledeux-8eme-de-votre-classement-de-la-Championne-des-Championnes-francaises-2021.png 1200w\" sizes=\"auto, (max-width: 740px) 100vw, 740px\" \/><p id=\"caption-attachment-187540\" class=\"wp-caption-text\">Tess Ledeux, 8\u00e8me de votre classement de la Championne des Championnes fran\u00e7aises 2021<\/p><\/div>\n<h2 style=\"text-align: justify;\"><strong>\u00c0 lire aussi<\/strong><\/h2>\n<ul>\n<li style=\"text-align: justify;\"><a href=\"https:\/\/dicodusport.fr\/blog\/championne-des-championnes-francaises-mandy-francois-elie-9eme-toujours-au-rendez-vous\/\"><strong>Mandy Fran\u00e7ois-\u00c9lie (9\u00e8me), toujours au rendez-vous<\/strong><\/a><\/li>\n<li class=\"mvp-post-title left entry-title\" style=\"text-align: justify;\"><a href=\"https:\/\/dicodusport.fr\/blog\/championne-des-championnes-francaises-madeleine-malonga-10eme-la-confirmation\/\"><strong>Madeleine Malonga (10\u00e8me), la confirmation<\/strong><\/a><\/li>\n<\/ul>\n","protected":false},"excerpt":{"rendered":"<p>MULTISPORTS \u2013 On continue de d\u00e9rouler votre classement de la Championne des Championnes fran\u00e7aises 2021 ! Vous avez class\u00e9 Tess Ledeux \u00e0 la 8\u00e8me place.<\/p>\n","protected":false},"author":4,"featured_media":187539,"comment_status":"open","ping_status":"closed","sticky":false,"template":"","format":"standard","meta":{"_acf_changed":false,"_daextam_enable_autolinks":"","footnotes":""},"categories":[9217,2316],"tags":[20621,2688,7183],"class_list":["post-187531","post","type-post","status-publish","format-standard","has-post-thumbnail","hentry","category-ski","category-tous-les-sports","tag-recompenses-tricolores","tag-ski-acrobatique","tag-tess-ledeux"],"acf":[],"yoast_head":"<!-- This site is optimized with the Yoast SEO Premium plugin v26.7 (Yoast SEO v26.7) - https:\/\/yoast.com\/wordpress\/plugins\/seo\/ -->\n<title>Championne des Championnes fran\u00e7aises : Tess Ledeux (8\u00e8me), l&#039;acrobate des neiges<\/title>\n<meta name=\"description\" content=\"MULTISPORTS \u2013 On continue de d\u00e9rouler votre classement de la Championne des Championnes fran\u00e7aises 2021 ! Tess Ledeux est \u00e0 la 8\u00e8me place.\" \/>\n<meta name=\"robots\" content=\"index, follow, max-snippet:-1, max-image-preview:large, max-video-preview:-1\" \/>\n<link rel=\"canonical\" href=\"https:\/\/dicodusport.fr\/blog\/championne-des-championnes-francaises-tess-ledeux-8eme-acrobate-des-neiges\/\" \/>\n<meta property=\"og:locale\" content=\"fr_FR\" \/>\n<meta property=\"og:type\" content=\"article\" \/>\n<meta property=\"og:title\" content=\"Championne des Championnes fran\u00e7aises : Tess Ledeux (8\u00e8me), l&#039;acrobate des neiges\" \/>\n<meta property=\"og:description\" content=\"MULTISPORTS \u2013 On continue de d\u00e9rouler votre classement de la Championne des Championnes fran\u00e7aises 2021 ! Tess Ledeux est \u00e0 la 8\u00e8me place.\" \/>\n<meta property=\"og:url\" content=\"https:\/\/dicodusport.fr\/blog\/championne-des-championnes-francaises-tess-ledeux-8eme-acrobate-des-neiges\/\" \/>\n<meta property=\"og:site_name\" content=\"Dicodusport\" \/>\n<meta property=\"article:publisher\" content=\"https:\/\/www.facebook.com\/dicodusport\" \/>\n<meta property=\"article:author\" content=\"https:\/\/www.facebook.com\/florent.ostermann\" \/>\n<meta property=\"article:published_time\" content=\"2021-12-24T17:02:57+00:00\" \/>\n<meta property=\"article:modified_time\" content=\"2025-11-20T17:28:10+00:00\" \/>\n<meta property=\"og:image\" content=\"https:\/\/dicodusport.fr\/blog\/wp-content\/uploads\/2021\/12\/Championne-des-Championnes-francaises-Tess-Ledeux-8eme-lacrobate-des-neiges.png\" \/>\n\t<meta property=\"og:image:width\" content=\"800\" \/>\n\t<meta property=\"og:image:height\" content=\"445\" \/>\n\t<meta property=\"og:image:type\" content=\"image\/png\" \/>\n<meta name=\"author\" content=\"Flo Ostermann\" \/>\n<meta name=\"twitter:card\" content=\"summary_large_image\" \/>\n<meta name=\"twitter:title\" content=\"Championne des Championnes fran\u00e7aises : Tess Ledeux (8\u00e8me), l&#039;acrobate des neiges\" \/>\n<meta name=\"twitter:creator\" content=\"@https:\/\/twitter.com\/FlOstermann\" \/>\n<meta name=\"twitter:site\" content=\"@dicodusport\" \/>\n<script type=\"application\/ld+json\" class=\"yoast-schema-graph\">{\"@context\":\"https:\/\/schema.org\",\"@graph\":[{\"@type\":\"NewsArticle\",\"@id\":\"https:\/\/dicodusport.fr\/blog\/championne-des-championnes-francaises-tess-ledeux-8eme-acrobate-des-neiges\/#article\",\"isPartOf\":{\"@id\":\"https:\/\/dicodusport.fr\/blog\/championne-des-championnes-francaises-tess-ledeux-8eme-acrobate-des-neiges\/\"},\"author\":{\"name\":\"Flo Ostermann\",\"@id\":\"https:\/\/dicodusport.fr\/blog\/#\/schema\/person\/cb02af4c173ce4a653b55e9baf388d4a\"},\"headline\":\"Championne des Championnes fran\u00e7aises : Tess Ledeux (8\u00e8me), l&rsquo;acrobate des neiges\",\"datePublished\":\"2021-12-24T17:02:57+00:00\",\"dateModified\":\"2025-11-20T17:28:10+00:00\",\"mainEntityOfPage\":{\"@id\":\"https:\/\/dicodusport.fr\/blog\/championne-des-championnes-francaises-tess-ledeux-8eme-acrobate-des-neiges\/\"},\"wordCount\":224,\"commentCount\":0,\"publisher\":{\"@id\":\"https:\/\/dicodusport.fr\/blog\/#organization\"},\"image\":{\"@id\":\"https:\/\/dicodusport.fr\/blog\/championne-des-championnes-francaises-tess-ledeux-8eme-acrobate-des-neiges\/#primaryimage\"},\"thumbnailUrl\":\"https:\/\/dicodusport.fr\/blog\/wp-content\/uploads\/2021\/12\/Championne-des-Championnes-francaises-Tess-Ledeux-8eme-lacrobate-des-neiges.png\",\"keywords\":[\"R\u00e9compenses tricolores\",\"ski acrobatique\",\"Tess Ledeux\"],\"articleSection\":[\"Ski\",\"Sports\"],\"inLanguage\":\"fr-FR\",\"potentialAction\":[{\"@type\":\"CommentAction\",\"name\":\"Comment\",\"target\":[\"https:\/\/dicodusport.fr\/blog\/championne-des-championnes-francaises-tess-ledeux-8eme-acrobate-des-neiges\/#respond\"]}],\"copyrightYear\":\"2021\",\"copyrightHolder\":{\"@id\":\"https:\/\/dicodusport.fr\/blog\/#organization\"}},{\"@type\":\"WebPage\",\"@id\":\"https:\/\/dicodusport.fr\/blog\/championne-des-championnes-francaises-tess-ledeux-8eme-acrobate-des-neiges\/\",\"url\":\"https:\/\/dicodusport.fr\/blog\/championne-des-championnes-francaises-tess-ledeux-8eme-acrobate-des-neiges\/\",\"name\":\"Championne des Championnes fran\u00e7aises : Tess Ledeux (8\u00e8me), l'acrobate des neiges\",\"isPartOf\":{\"@id\":\"https:\/\/dicodusport.fr\/blog\/#website\"},\"primaryImageOfPage\":{\"@id\":\"https:\/\/dicodusport.fr\/blog\/championne-des-championnes-francaises-tess-ledeux-8eme-acrobate-des-neiges\/#primaryimage\"},\"image\":{\"@id\":\"https:\/\/dicodusport.fr\/blog\/championne-des-championnes-francaises-tess-ledeux-8eme-acrobate-des-neiges\/#primaryimage\"},\"thumbnailUrl\":\"https:\/\/dicodusport.fr\/blog\/wp-content\/uploads\/2021\/12\/Championne-des-Championnes-francaises-Tess-Ledeux-8eme-lacrobate-des-neiges.png\",\"datePublished\":\"2021-12-24T17:02:57+00:00\",\"dateModified\":\"2025-11-20T17:28:10+00:00\",\"description\":\"MULTISPORTS \u2013 On continue de d\u00e9rouler votre classement de la Championne des Championnes fran\u00e7aises 2021 ! Tess Ledeux est \u00e0 la 8\u00e8me place.\",\"breadcrumb\":{\"@id\":\"https:\/\/dicodusport.fr\/blog\/championne-des-championnes-francaises-tess-ledeux-8eme-acrobate-des-neiges\/#breadcrumb\"},\"inLanguage\":\"fr-FR\",\"potentialAction\":[{\"@type\":\"ReadAction\",\"target\":[\"https:\/\/dicodusport.fr\/blog\/championne-des-championnes-francaises-tess-ledeux-8eme-acrobate-des-neiges\/\"]}]},{\"@type\":\"ImageObject\",\"inLanguage\":\"fr-FR\",\"@id\":\"https:\/\/dicodusport.fr\/blog\/championne-des-championnes-francaises-tess-ledeux-8eme-acrobate-des-neiges\/#primaryimage\",\"url\":\"https:\/\/dicodusport.fr\/blog\/wp-content\/uploads\/2021\/12\/Championne-des-Championnes-francaises-Tess-Ledeux-8eme-lacrobate-des-neiges.png\",\"contentUrl\":\"https:\/\/dicodusport.fr\/blog\/wp-content\/uploads\/2021\/12\/Championne-des-Championnes-francaises-Tess-Ledeux-8eme-lacrobate-des-neiges.png\",\"width\":800,\"height\":445,\"caption\":\"Championne des Championnes fran\u00e7aises - Tess Ledeux (8\u00e8me), l'acrobate des neiges\"},{\"@type\":\"BreadcrumbList\",\"@id\":\"https:\/\/dicodusport.fr\/blog\/championne-des-championnes-francaises-tess-ledeux-8eme-acrobate-des-neiges\/#breadcrumb\",\"itemListElement\":[{\"@type\":\"ListItem\",\"position\":1,\"name\":\"Accueil\",\"item\":\"https:\/\/dicodusport.fr\/blog\/\"},{\"@type\":\"ListItem\",\"position\":2,\"name\":\"Championne des Championnes fran\u00e7aises : Tess Ledeux (8\u00e8me), l&rsquo;acrobate des neiges\"}]},{\"@type\":\"WebSite\",\"@id\":\"https:\/\/dicodusport.fr\/blog\/#website\",\"url\":\"https:\/\/dicodusport.fr\/blog\/\",\"name\":\"Dicodusport\",\"description\":\"L&#039;encyclop\u00e9die de l&#039;actualit\u00e9 sportive\",\"publisher\":{\"@id\":\"https:\/\/dicodusport.fr\/blog\/#organization\"},\"potentialAction\":[{\"@type\":\"SearchAction\",\"target\":{\"@type\":\"EntryPoint\",\"urlTemplate\":\"https:\/\/dicodusport.fr\/blog\/?s={search_term_string}\"},\"query-input\":{\"@type\":\"PropertyValueSpecification\",\"valueRequired\":true,\"valueName\":\"search_term_string\"}}],\"inLanguage\":\"fr-FR\"},{\"@type\":\"NewsMediaOrganization\",\"@id\":\"https:\/\/dicodusport.fr\/blog\/#organization\",\"name\":\"Dicodusport\",\"url\":\"https:\/\/dicodusport.fr\/blog\/\",\"logo\":{\"@type\":\"ImageObject\",\"inLanguage\":\"fr-FR\",\"@id\":\"https:\/\/dicodusport.fr\/blog\/#\/schema\/logo\/image\/\",\"url\":\"https:\/\/dicodusport.fr\/blog\/wp-content\/uploads\/2020\/06\/cropped-LOGO-DICODUSPORT-2020-SANS-FOND-SANS-TEXTE.png\",\"contentUrl\":\"https:\/\/dicodusport.fr\/blog\/wp-content\/uploads\/2020\/06\/cropped-LOGO-DICODUSPORT-2020-SANS-FOND-SANS-TEXTE.png\",\"width\":512,\"height\":512,\"caption\":\"Dicodusport\"},\"image\":{\"@id\":\"https:\/\/dicodusport.fr\/blog\/#\/schema\/logo\/image\/\"},\"sameAs\":[\"https:\/\/www.facebook.com\/dicodusport\",\"https:\/\/x.com\/dicodusport\",\"https:\/\/www.instagram.com\/dicodusport\/\",\"https:\/\/www.youtube.com\/channel\/UC7V2KZ5sd3htJivAbA4ZG3w\"],\"description\":\"Dicodusport est l'encyclop\u00e9die de l'actualit\u00e9 sportive.\",\"email\":\"bonjour@dicodusport.fr\",\"legalName\":\"DICODUSPORT\",\"foundingDate\":\"2018-01-14\",\"vatID\":\"FR71834470973\",\"taxID\":\"83447097300043\",\"numberOfEmployees\":{\"@type\":\"QuantitativeValue\",\"minValue\":\"1\",\"maxValue\":\"10\"}},{\"@type\":\"Person\",\"@id\":\"https:\/\/dicodusport.fr\/blog\/#\/schema\/person\/cb02af4c173ce4a653b55e9baf388d4a\",\"name\":\"Flo Ostermann\",\"image\":{\"@type\":\"ImageObject\",\"inLanguage\":\"fr-FR\",\"@id\":\"https:\/\/dicodusport.fr\/blog\/#\/schema\/person\/image\/\",\"url\":\"https:\/\/dicodusport.fr\/blog\/wp-content\/uploads\/2021\/05\/Flo-Ostermann-150x150.jpg\",\"contentUrl\":\"https:\/\/dicodusport.fr\/blog\/wp-content\/uploads\/2021\/05\/Flo-Ostermann-150x150.jpg\",\"caption\":\"Flo Ostermann\"},\"description\":\"Journaliste\/R\u00e9dacteur depuis septembre 2015 - Mes premiers souvenirs dans le sport ? Les envol\u00e9es du Stade Toulousain et les duels Villeneuve-Schumacher et H\u00e4kkinen-Schumacher \u00e0 la fin des ann\u00e9es 90, la Coupe du monde de football en 1998, l\u2019exploit du XV de France face aux All Blacks en 1999, mais aussi Richard C\u0153ur de Lion qui vole sur les montagnes du Tour de France. Bien parti pour devenir professeur d\u2019EPS, les \u00e9v\u00e9nements de la vie (et la flemme d\u2019animer des s\u00e9ances de 3x500 m\u00e8tres toute ma vie) m\u2019ont conduit \u00e0 revoir mes plans. Me voil\u00e0 depuis fin 2017 sur Dicodusport, m\u00e9dia gr\u00e2ce (et pour) lequel je partage ma passion : le sport dans tous ses \u00e9tats. Le tout accompagn\u00e9 par les fous furieux et folles furieuses cit\u00e9s sur cette page !\",\"sameAs\":[\"https:\/\/www.facebook.com\/florent.ostermann\",\"https:\/\/x.com\/https:\/\/twitter.com\/FlOstermann\",\"admin\"],\"url\":\"https:\/\/dicodusport.fr\/blog\/author\/flo\/\"}]}<\/script>\n<!-- \/ Yoast SEO Premium plugin. -->","yoast_head_json":{"title":"Championne des Championnes fran\u00e7aises : Tess Ledeux (8\u00e8me), l'acrobate des neiges","description":"MULTISPORTS \u2013 On continue de d\u00e9rouler votre classement de la Championne des Championnes fran\u00e7aises 2021 ! Tess Ledeux est \u00e0 la 8\u00e8me place.","robots":{"index":"index","follow":"follow","max-snippet":"max-snippet:-1","max-image-preview":"max-image-preview:large","max-video-preview":"max-video-preview:-1"},"canonical":"https:\/\/dicodusport.fr\/blog\/championne-des-championnes-francaises-tess-ledeux-8eme-acrobate-des-neiges\/","og_locale":"fr_FR","og_type":"article","og_title":"Championne des Championnes fran\u00e7aises : Tess Ledeux (8\u00e8me), l'acrobate des neiges","og_description":"MULTISPORTS \u2013 On continue de d\u00e9rouler votre classement de la Championne des Championnes fran\u00e7aises 2021 ! Tess Ledeux est \u00e0 la 8\u00e8me place.","og_url":"https:\/\/dicodusport.fr\/blog\/championne-des-championnes-francaises-tess-ledeux-8eme-acrobate-des-neiges\/","og_site_name":"Dicodusport","article_publisher":"https:\/\/www.facebook.com\/dicodusport","article_author":"https:\/\/www.facebook.com\/florent.ostermann","article_published_time":"2021-12-24T17:02:57+00:00","article_modified_time":"2025-11-20T17:28:10+00:00","og_image":[{"width":800,"height":445,"url":"https:\/\/dicodusport.fr\/blog\/wp-content\/uploads\/2021\/12\/Championne-des-Championnes-francaises-Tess-Ledeux-8eme-lacrobate-des-neiges.png","type":"image\/png"}],"author":"Flo Ostermann","twitter_card":"summary_large_image","twitter_title":"Championne des Championnes fran\u00e7aises : Tess Ledeux (8\u00e8me), l'acrobate des neiges","twitter_creator":"@https:\/\/twitter.com\/FlOstermann","twitter_site":"@dicodusport","schema":{"@context":"https:\/\/schema.org","@graph":[{"@type":"NewsArticle","@id":"https:\/\/dicodusport.fr\/blog\/championne-des-championnes-francaises-tess-ledeux-8eme-acrobate-des-neiges\/#article","isPartOf":{"@id":"https:\/\/dicodusport.fr\/blog\/championne-des-championnes-francaises-tess-ledeux-8eme-acrobate-des-neiges\/"},"author":{"name":"Flo Ostermann","@id":"https:\/\/dicodusport.fr\/blog\/#\/schema\/person\/cb02af4c173ce4a653b55e9baf388d4a"},"headline":"Championne des Championnes fran\u00e7aises : Tess Ledeux (8\u00e8me), l&rsquo;acrobate des neiges","datePublished":"2021-12-24T17:02:57+00:00","dateModified":"2025-11-20T17:28:10+00:00","mainEntityOfPage":{"@id":"https:\/\/dicodusport.fr\/blog\/championne-des-championnes-francaises-tess-ledeux-8eme-acrobate-des-neiges\/"},"wordCount":224,"commentCount":0,"publisher":{"@id":"https:\/\/dicodusport.fr\/blog\/#organization"},"image":{"@id":"https:\/\/dicodusport.fr\/blog\/championne-des-championnes-francaises-tess-ledeux-8eme-acrobate-des-neiges\/#primaryimage"},"thumbnailUrl":"https:\/\/dicodusport.fr\/blog\/wp-content\/uploads\/2021\/12\/Championne-des-Championnes-francaises-Tess-Ledeux-8eme-lacrobate-des-neiges.png","keywords":["R\u00e9compenses tricolores","ski acrobatique","Tess Ledeux"],"articleSection":["Ski","Sports"],"inLanguage":"fr-FR","potentialAction":[{"@type":"CommentAction","name":"Comment","target":["https:\/\/dicodusport.fr\/blog\/championne-des-championnes-francaises-tess-ledeux-8eme-acrobate-des-neiges\/#respond"]}],"copyrightYear":"2021","copyrightHolder":{"@id":"https:\/\/dicodusport.fr\/blog\/#organization"}},{"@type":"WebPage","@id":"https:\/\/dicodusport.fr\/blog\/championne-des-championnes-francaises-tess-ledeux-8eme-acrobate-des-neiges\/","url":"https:\/\/dicodusport.fr\/blog\/championne-des-championnes-francaises-tess-ledeux-8eme-acrobate-des-neiges\/","name":"Championne des Championnes fran\u00e7aises : Tess Ledeux (8\u00e8me), l'acrobate des neiges","isPartOf":{"@id":"https:\/\/dicodusport.fr\/blog\/#website"},"primaryImageOfPage":{"@id":"https:\/\/dicodusport.fr\/blog\/championne-des-championnes-francaises-tess-ledeux-8eme-acrobate-des-neiges\/#primaryimage"},"image":{"@id":"https:\/\/dicodusport.fr\/blog\/championne-des-championnes-francaises-tess-ledeux-8eme-acrobate-des-neiges\/#primaryimage"},"thumbnailUrl":"https:\/\/dicodusport.fr\/blog\/wp-content\/uploads\/2021\/12\/Championne-des-Championnes-francaises-Tess-Ledeux-8eme-lacrobate-des-neiges.png","datePublished":"2021-12-24T17:02:57+00:00","dateModified":"2025-11-20T17:28:10+00:00","description":"MULTISPORTS \u2013 On continue de d\u00e9rouler votre classement de la Championne des Championnes fran\u00e7aises 2021 ! Tess Ledeux est \u00e0 la 8\u00e8me place.","breadcrumb":{"@id":"https:\/\/dicodusport.fr\/blog\/championne-des-championnes-francaises-tess-ledeux-8eme-acrobate-des-neiges\/#breadcrumb"},"inLanguage":"fr-FR","potentialAction":[{"@type":"ReadAction","target":["https:\/\/dicodusport.fr\/blog\/championne-des-championnes-francaises-tess-ledeux-8eme-acrobate-des-neiges\/"]}]},{"@type":"ImageObject","inLanguage":"fr-FR","@id":"https:\/\/dicodusport.fr\/blog\/championne-des-championnes-francaises-tess-ledeux-8eme-acrobate-des-neiges\/#primaryimage","url":"https:\/\/dicodusport.fr\/blog\/wp-content\/uploads\/2021\/12\/Championne-des-Championnes-francaises-Tess-Ledeux-8eme-lacrobate-des-neiges.png","contentUrl":"https:\/\/dicodusport.fr\/blog\/wp-content\/uploads\/2021\/12\/Championne-des-Championnes-francaises-Tess-Ledeux-8eme-lacrobate-des-neiges.png","width":800,"height":445,"caption":"Championne des Championnes fran\u00e7aises - Tess Ledeux (8\u00e8me), l'acrobate des neiges"},{"@type":"BreadcrumbList","@id":"https:\/\/dicodusport.fr\/blog\/championne-des-championnes-francaises-tess-ledeux-8eme-acrobate-des-neiges\/#breadcrumb","itemListElement":[{"@type":"ListItem","position":1,"name":"Accueil","item":"https:\/\/dicodusport.fr\/blog\/"},{"@type":"ListItem","position":2,"name":"Championne des Championnes fran\u00e7aises : Tess Ledeux (8\u00e8me), l&rsquo;acrobate des neiges"}]},{"@type":"WebSite","@id":"https:\/\/dicodusport.fr\/blog\/#website","url":"https:\/\/dicodusport.fr\/blog\/","name":"Dicodusport","description":"L&#039;encyclop\u00e9die de l&#039;actualit\u00e9 sportive","publisher":{"@id":"https:\/\/dicodusport.fr\/blog\/#organization"},"potentialAction":[{"@type":"SearchAction","target":{"@type":"EntryPoint","urlTemplate":"https:\/\/dicodusport.fr\/blog\/?s={search_term_string}"},"query-input":{"@type":"PropertyValueSpecification","valueRequired":true,"valueName":"search_term_string"}}],"inLanguage":"fr-FR"},{"@type":"NewsMediaOrganization","@id":"https:\/\/dicodusport.fr\/blog\/#organization","name":"Dicodusport","url":"https:\/\/dicodusport.fr\/blog\/","logo":{"@type":"ImageObject","inLanguage":"fr-FR","@id":"https:\/\/dicodusport.fr\/blog\/#\/schema\/logo\/image\/","url":"https:\/\/dicodusport.fr\/blog\/wp-content\/uploads\/2020\/06\/cropped-LOGO-DICODUSPORT-2020-SANS-FOND-SANS-TEXTE.png","contentUrl":"https:\/\/dicodusport.fr\/blog\/wp-content\/uploads\/2020\/06\/cropped-LOGO-DICODUSPORT-2020-SANS-FOND-SANS-TEXTE.png","width":512,"height":512,"caption":"Dicodusport"},"image":{"@id":"https:\/\/dicodusport.fr\/blog\/#\/schema\/logo\/image\/"},"sameAs":["https:\/\/www.facebook.com\/dicodusport","https:\/\/x.com\/dicodusport","https:\/\/www.instagram.com\/dicodusport\/","https:\/\/www.youtube.com\/channel\/UC7V2KZ5sd3htJivAbA4ZG3w"],"description":"Dicodusport est l'encyclop\u00e9die de l'actualit\u00e9 sportive.","email":"bonjour@dicodusport.fr","legalName":"DICODUSPORT","foundingDate":"2018-01-14","vatID":"FR71834470973","taxID":"83447097300043","numberOfEmployees":{"@type":"QuantitativeValue","minValue":"1","maxValue":"10"}},{"@type":"Person","@id":"https:\/\/dicodusport.fr\/blog\/#\/schema\/person\/cb02af4c173ce4a653b55e9baf388d4a","name":"Flo Ostermann","image":{"@type":"ImageObject","inLanguage":"fr-FR","@id":"https:\/\/dicodusport.fr\/blog\/#\/schema\/person\/image\/","url":"https:\/\/dicodusport.fr\/blog\/wp-content\/uploads\/2021\/05\/Flo-Ostermann-150x150.jpg","contentUrl":"https:\/\/dicodusport.fr\/blog\/wp-content\/uploads\/2021\/05\/Flo-Ostermann-150x150.jpg","caption":"Flo Ostermann"},"description":"Journaliste\/R\u00e9dacteur depuis septembre 2015 - Mes premiers souvenirs dans le sport ? Les envol\u00e9es du Stade Toulousain et les duels Villeneuve-Schumacher et H\u00e4kkinen-Schumacher \u00e0 la fin des ann\u00e9es 90, la Coupe du monde de football en 1998, l\u2019exploit du XV de France face aux All Blacks en 1999, mais aussi Richard C\u0153ur de Lion qui vole sur les montagnes du Tour de France. Bien parti pour devenir professeur d\u2019EPS, les \u00e9v\u00e9nements de la vie (et la flemme d\u2019animer des s\u00e9ances de 3x500 m\u00e8tres toute ma vie) m\u2019ont conduit \u00e0 revoir mes plans. Me voil\u00e0 depuis fin 2017 sur Dicodusport, m\u00e9dia gr\u00e2ce (et pour) lequel je partage ma passion : le sport dans tous ses \u00e9tats. Le tout accompagn\u00e9 par les fous furieux et folles furieuses cit\u00e9s sur cette page !","sameAs":["https:\/\/www.facebook.com\/florent.ostermann","https:\/\/x.com\/https:\/\/twitter.com\/FlOstermann","admin"],"url":"https:\/\/dicodusport.fr\/blog\/author\/flo\/"}]}},"_links":{"self":[{"href":"https:\/\/dicodusport.fr\/blog\/wp-json\/wp\/v2\/posts\/187531","targetHints":{"allow":["GET"]}}],"collection":[{"href":"https:\/\/dicodusport.fr\/blog\/wp-json\/wp\/v2\/posts"}],"about":[{"href":"https:\/\/dicodusport.fr\/blog\/wp-json\/wp\/v2\/types\/post"}],"author":[{"embeddable":true,"href":"https:\/\/dicodusport.fr\/blog\/wp-json\/wp\/v2\/users\/4"}],"replies":[{"embeddable":true,"href":"https:\/\/dicodusport.fr\/blog\/wp-json\/wp\/v2\/comments?post=187531"}],"version-history":[{"count":1,"href":"https:\/\/dicodusport.fr\/blog\/wp-json\/wp\/v2\/posts\/187531\/revisions"}],"predecessor-version":[{"id":626874,"href":"https:\/\/dicodusport.fr\/blog\/wp-json\/wp\/v2\/posts\/187531\/revisions\/626874"}],"wp:featuredmedia":[{"embeddable":true,"href":"https:\/\/dicodusport.fr\/blog\/wp-json\/wp\/v2\/media\/187539"}],"wp:attachment":[{"href":"https:\/\/dicodusport.fr\/blog\/wp-json\/wp\/v2\/media?parent=187531"}],"wp:term":[{"taxonomy":"category","embeddable":true,"href":"https:\/\/dicodusport.fr\/blog\/wp-json\/wp\/v2\/categories?post=187531"},{"taxonomy":"post_tag","embeddable":true,"href":"https:\/\/dicodusport.fr\/blog\/wp-json\/wp\/v2\/tags?post=187531"}],"curies":[{"name":"wp","href":"https:\/\/api.w.org\/{rel}","templated":true}]}}