{"id":187650,"date":"2021-12-26T13:19:27","date_gmt":"2021-12-26T12:19:27","guid":{"rendered":"https:\/\/dicodusport.fr\/blog\/?p=187650&#038;preview=true&#038;preview_id=187650"},"modified":"2025-11-20T18:28:05","modified_gmt":"2025-11-20T17:28:05","slug":"champion-des-champions-francais-karim-benzema-6eme-le-magicien","status":"publish","type":"post","link":"https:\/\/dicodusport.fr\/blog\/champion-des-champions-francais-karim-benzema-6eme-le-magicien\/","title":{"rendered":"Champion des Champions fran\u00e7ais : Karim Benzema (6\u00e8me), le magicien"},"content":{"rendered":"<p style=\"text-align: justify;\"><strong><em>MULTISPORTS \u2013 On continue de d\u00e9rouler votre classement du Champion des Champions fran\u00e7ais 2021 ! De retour au premier plan avec les Bleus et \u00e9tincelant avec le Real Madrid, Karim Benzema occupe la 6\u00e8me place du classement.<\/em><\/strong><\/p>\n<p style=\"text-align: justify;\">On le disait mort pour l&rsquo;\u00e9quipe de France. Evinc\u00e9 des Bleus depuis 2015, <strong>Karim Benzema<\/strong> a fait son retour en s\u00e9lection \u00e0 l&rsquo;occasion de l&rsquo;Euro, \u00e0 l&rsquo;\u00e9t\u00e9. Les pol\u00e9miques autour de l&rsquo;un des meilleurs attaquants du monde semblent d\u00e9sormais bien loin, et Didier Deschamps a pass\u00e9 l&rsquo;\u00e9ponge. Il \u00e9tait, en effet, devenu difficile de se passer du Madril\u00e8ne, tant il illumine le jeu de la Maison Blanche depuis de longs mois. Et DD ne s&rsquo;y est pas tromp\u00e9. Malgr\u00e9 un \u00e9chec en 8\u00e8mes de finale de l&rsquo;Euro, les Bleus sortent de la comp\u00e9tition avec une certitude : KB (1)9 peut apporter beaucoup au groupe France, l&rsquo;ancien Lyonnais terminant meilleur buteur de l&rsquo;\u00e9quipe de France (4 buts). Au final, sous le maillot frapp\u00e9 du coq, Benzema termine l&rsquo;ann\u00e9e avec 9 buts en 12 matchs. Tr\u00e8s complice avec <strong>Kylian Mbapp\u00e9<\/strong> sur le terrain, le joueur de 34 ans a conquis tout le monde.<\/p>\n<p>https:\/\/www.youtube.com\/watch?v=sWhjX7HHY_M<\/p>\n<p style=\"text-align: justify;\"><span style=\"text-align: justify;\">Et son retour en bleu, il le doit en grande partie \u00e0 sa forme \u00e9tincelante avec le Real Madrid. En 2021, <\/span><strong style=\"text-align: justify;\">Karim Benzema<\/strong><span style=\"text-align: justify;\"> a battu de nombreux records. P\u00eale-m\u00eale, il est devenu le meilleur buteur fran\u00e7ais en club (365 buts), effa\u00e7ant des tablettes un certain Thierry Henry. Aussi, il n&rsquo;est plus qu&rsquo;\u00e0 10 buts d&rsquo;un certain&#8230; Thierry Henry, au nombre de r\u00e9alisations en carri\u00e8re (411 buts). Bref, en 2022, <\/span><strong style=\"text-align: justify;\">Karim Benzema<\/strong><span style=\"text-align: justify;\">, seulement 4\u00e8me du Ballon d&rsquo;Or, a march\u00e9 sur l&rsquo;eau, et pourrait \u00e0 nouveau marquer le monde du football. Et battre la marque de ses 47 buts inscrits en 2021.<\/span><\/p>\n<div id=\"attachment_187659\" style=\"width: 750px\" class=\"wp-caption aligncenter\"><img loading=\"lazy\" decoding=\"async\" aria-describedby=\"caption-attachment-187659\" class=\"size-large wp-image-187659\" src=\"https:\/\/dicodusport.fr\/blog\/wp-content\/uploads\/2021\/12\/Karim-Benzema-6eme-de-votre-classement-du-Champion-des-Champions-francais-2021-1024x1024.png\" alt=\"Karim Benzema, 6\u00e8me de votre classement du Champion des Champions fran\u00e7ais 2021\" width=\"740\" height=\"740\" srcset=\"https:\/\/dicodusport.fr\/blog\/wp-content\/uploads\/2021\/12\/Karim-Benzema-6eme-de-votre-classement-du-Champion-des-Champions-francais-2021-1024x1024.png 1024w, https:\/\/dicodusport.fr\/blog\/wp-content\/uploads\/2021\/12\/Karim-Benzema-6eme-de-votre-classement-du-Champion-des-Champions-francais-2021-300x300.png 300w, https:\/\/dicodusport.fr\/blog\/wp-content\/uploads\/2021\/12\/Karim-Benzema-6eme-de-votre-classement-du-Champion-des-Champions-francais-2021-150x150.png 150w, https:\/\/dicodusport.fr\/blog\/wp-content\/uploads\/2021\/12\/Karim-Benzema-6eme-de-votre-classement-du-Champion-des-Champions-francais-2021-768x768.png 768w, https:\/\/dicodusport.fr\/blog\/wp-content\/uploads\/2021\/12\/Karim-Benzema-6eme-de-votre-classement-du-Champion-des-Champions-francais-2021-80x80.png 80w, https:\/\/dicodusport.fr\/blog\/wp-content\/uploads\/2021\/12\/Karim-Benzema-6eme-de-votre-classement-du-Champion-des-Champions-francais-2021.png 1200w\" sizes=\"auto, (max-width: 740px) 100vw, 740px\" \/><p id=\"caption-attachment-187659\" class=\"wp-caption-text\">Karim Benzema, 6\u00e8me de votre classement du Champion des Champions fran\u00e7ais 2021<\/p><\/div>\n<h2 style=\"text-align: justify;\"><strong>Le classements des athl\u00e8tes d\u00e9j\u00e0 d\u00e9voil\u00e9s<\/strong><\/h2>\n<ul>\n<li style=\"text-align: justify;\"><a href=\"https:\/\/dicodusport.fr\/blog\/champion-des-champions-francais-alexis-hanquinquant-7eme-l-invincible\/\"><strong>Alexis Hanquinquant (7\u00e8me), l&rsquo;invincible<\/strong><\/a><\/li>\n<li style=\"text-align: justify;\"><a href=\"https:\/\/dicodusport.fr\/blog\/champion-des-champions-francais-jean-quiquampoix-8eme-en-plein-dans-le-mille\/\"><strong>Jean Quiquampoix (8\u00e8me), en plein dans le mille<\/strong><\/a><\/li>\n<li><strong><a href=\"https:\/\/dicodusport.fr\/blog\/champion-des-champions-francais-alexandre-leaute-9eme-la-grande-promesse\/\">Alexandre L\u00e9aut\u00e9 (9\u00e8me), la grande promesse<\/a><\/strong><\/li>\n<li class=\"mvp-post-title left entry-title\"><a href=\"https:\/\/dicodusport.fr\/blog\/champion-des-champions-francais-benjamin-thomas-10eme-point-sur-les-i\/\"><strong>Benjamin Thomas (10\u00e8me), les points sur les i<\/strong><\/a><\/li>\n<\/ul>\n","protected":false},"excerpt":{"rendered":"<p>MULTISPORTS \u2013 On continue de d\u00e9rouler votre classement du Champion des Champions fran\u00e7ais 2021 ! De retour au premier plan avec les Bleus et \u00e9tincelant avec le Real Madrid, Karim Benzema occupe la 6\u00e8me place du classement.<\/p>\n","protected":false},"author":4,"featured_media":187660,"comment_status":"open","ping_status":"closed","sticky":false,"template":"","format":"standard","meta":{"_acf_changed":false,"_daextam_enable_autolinks":"","footnotes":""},"categories":[2301,2316],"tags":[75,4727,20621],"class_list":["post-187650","post","type-post","status-publish","format-standard","has-post-thumbnail","hentry","category-football","category-tous-les-sports","tag-football","tag-karim-benzema","tag-recompenses-tricolores"],"acf":[],"yoast_head":"<!-- This site is optimized with the Yoast SEO Premium plugin v26.7 (Yoast SEO v26.7) - https:\/\/yoast.com\/wordpress\/plugins\/seo\/ -->\n<title>Champion des Champions fran\u00e7ais : Karim Benzema (6\u00e8me), le magicien<\/title>\n<meta name=\"description\" content=\"MULTISPORTS \u2013 On continue de d\u00e9rouler votre classement du Champion des Champions fran\u00e7ais 2021 ! Karim Benzema est 6\u00e8me.\" \/>\n<meta name=\"robots\" content=\"index, follow, max-snippet:-1, max-image-preview:large, max-video-preview:-1\" \/>\n<link rel=\"canonical\" href=\"https:\/\/dicodusport.fr\/blog\/champion-des-champions-francais-karim-benzema-6eme-le-magicien\/\" \/>\n<meta property=\"og:locale\" content=\"fr_FR\" \/>\n<meta property=\"og:type\" content=\"article\" \/>\n<meta property=\"og:title\" content=\"Champion des Champions fran\u00e7ais : Karim Benzema (6\u00e8me), le magicien\" \/>\n<meta property=\"og:description\" content=\"MULTISPORTS \u2013 On continue de d\u00e9rouler votre classement du Champion des Champions fran\u00e7ais 2021 ! Karim Benzema est 6\u00e8me.\" \/>\n<meta property=\"og:url\" content=\"https:\/\/dicodusport.fr\/blog\/champion-des-champions-francais-karim-benzema-6eme-le-magicien\/\" \/>\n<meta property=\"og:site_name\" content=\"Dicodusport\" \/>\n<meta property=\"article:publisher\" content=\"https:\/\/www.facebook.com\/dicodusport\" \/>\n<meta property=\"article:author\" content=\"https:\/\/www.facebook.com\/florent.ostermann\" \/>\n<meta property=\"article:published_time\" content=\"2021-12-26T12:19:27+00:00\" \/>\n<meta property=\"article:modified_time\" content=\"2025-11-20T17:28:05+00:00\" \/>\n<meta property=\"og:image\" content=\"https:\/\/dicodusport.fr\/blog\/wp-content\/uploads\/2021\/12\/Champion-des-Champions-francais-Karim-Benzema-6eme-le-magicien.png\" \/>\n\t<meta property=\"og:image:width\" content=\"800\" \/>\n\t<meta property=\"og:image:height\" content=\"445\" \/>\n\t<meta property=\"og:image:type\" content=\"image\/png\" \/>\n<meta name=\"author\" content=\"Flo Ostermann\" \/>\n<meta name=\"twitter:card\" content=\"summary_large_image\" \/>\n<meta name=\"twitter:title\" content=\"Champion des Champions fran\u00e7ais : Karim Benzema (6\u00e8me), le magicien\" \/>\n<meta name=\"twitter:creator\" content=\"@https:\/\/twitter.com\/FlOstermann\" \/>\n<meta name=\"twitter:site\" content=\"@dicodusport\" \/>\n<script type=\"application\/ld+json\" class=\"yoast-schema-graph\">{\"@context\":\"https:\/\/schema.org\",\"@graph\":[{\"@type\":\"NewsArticle\",\"@id\":\"https:\/\/dicodusport.fr\/blog\/champion-des-champions-francais-karim-benzema-6eme-le-magicien\/#article\",\"isPartOf\":{\"@id\":\"https:\/\/dicodusport.fr\/blog\/champion-des-champions-francais-karim-benzema-6eme-le-magicien\/\"},\"author\":{\"name\":\"Flo Ostermann\",\"@id\":\"https:\/\/dicodusport.fr\/blog\/#\/schema\/person\/cb02af4c173ce4a653b55e9baf388d4a\"},\"headline\":\"Champion des Champions fran\u00e7ais : Karim Benzema (6\u00e8me), le magicien\",\"datePublished\":\"2021-12-26T12:19:27+00:00\",\"dateModified\":\"2025-11-20T17:28:05+00:00\",\"mainEntityOfPage\":{\"@id\":\"https:\/\/dicodusport.fr\/blog\/champion-des-champions-francais-karim-benzema-6eme-le-magicien\/\"},\"wordCount\":373,\"commentCount\":0,\"publisher\":{\"@id\":\"https:\/\/dicodusport.fr\/blog\/#organization\"},\"image\":{\"@id\":\"https:\/\/dicodusport.fr\/blog\/champion-des-champions-francais-karim-benzema-6eme-le-magicien\/#primaryimage\"},\"thumbnailUrl\":\"https:\/\/dicodusport.fr\/blog\/wp-content\/uploads\/2021\/12\/Champion-des-Champions-francais-Karim-Benzema-6eme-le-magicien.png\",\"keywords\":[\"Football\",\"Karim Benzema\",\"R\u00e9compenses tricolores\"],\"articleSection\":[\"Football\",\"Sports\"],\"inLanguage\":\"fr-FR\",\"potentialAction\":[{\"@type\":\"CommentAction\",\"name\":\"Comment\",\"target\":[\"https:\/\/dicodusport.fr\/blog\/champion-des-champions-francais-karim-benzema-6eme-le-magicien\/#respond\"]}],\"copyrightYear\":\"2021\",\"copyrightHolder\":{\"@id\":\"https:\/\/dicodusport.fr\/blog\/#organization\"}},{\"@type\":\"WebPage\",\"@id\":\"https:\/\/dicodusport.fr\/blog\/champion-des-champions-francais-karim-benzema-6eme-le-magicien\/\",\"url\":\"https:\/\/dicodusport.fr\/blog\/champion-des-champions-francais-karim-benzema-6eme-le-magicien\/\",\"name\":\"Champion des Champions fran\u00e7ais : Karim Benzema (6\u00e8me), le magicien\",\"isPartOf\":{\"@id\":\"https:\/\/dicodusport.fr\/blog\/#website\"},\"primaryImageOfPage\":{\"@id\":\"https:\/\/dicodusport.fr\/blog\/champion-des-champions-francais-karim-benzema-6eme-le-magicien\/#primaryimage\"},\"image\":{\"@id\":\"https:\/\/dicodusport.fr\/blog\/champion-des-champions-francais-karim-benzema-6eme-le-magicien\/#primaryimage\"},\"thumbnailUrl\":\"https:\/\/dicodusport.fr\/blog\/wp-content\/uploads\/2021\/12\/Champion-des-Champions-francais-Karim-Benzema-6eme-le-magicien.png\",\"datePublished\":\"2021-12-26T12:19:27+00:00\",\"dateModified\":\"2025-11-20T17:28:05+00:00\",\"description\":\"MULTISPORTS \u2013 On continue de d\u00e9rouler votre classement du Champion des Champions fran\u00e7ais 2021 ! Karim Benzema est 6\u00e8me.\",\"breadcrumb\":{\"@id\":\"https:\/\/dicodusport.fr\/blog\/champion-des-champions-francais-karim-benzema-6eme-le-magicien\/#breadcrumb\"},\"inLanguage\":\"fr-FR\",\"potentialAction\":[{\"@type\":\"ReadAction\",\"target\":[\"https:\/\/dicodusport.fr\/blog\/champion-des-champions-francais-karim-benzema-6eme-le-magicien\/\"]}]},{\"@type\":\"ImageObject\",\"inLanguage\":\"fr-FR\",\"@id\":\"https:\/\/dicodusport.fr\/blog\/champion-des-champions-francais-karim-benzema-6eme-le-magicien\/#primaryimage\",\"url\":\"https:\/\/dicodusport.fr\/blog\/wp-content\/uploads\/2021\/12\/Champion-des-Champions-francais-Karim-Benzema-6eme-le-magicien.png\",\"contentUrl\":\"https:\/\/dicodusport.fr\/blog\/wp-content\/uploads\/2021\/12\/Champion-des-Champions-francais-Karim-Benzema-6eme-le-magicien.png\",\"width\":800,\"height\":445,\"caption\":\"Champion des Champions fran\u00e7ais - Karim Benzema (6\u00e8me), le magicien\"},{\"@type\":\"BreadcrumbList\",\"@id\":\"https:\/\/dicodusport.fr\/blog\/champion-des-champions-francais-karim-benzema-6eme-le-magicien\/#breadcrumb\",\"itemListElement\":[{\"@type\":\"ListItem\",\"position\":1,\"name\":\"Accueil\",\"item\":\"https:\/\/dicodusport.fr\/blog\/\"},{\"@type\":\"ListItem\",\"position\":2,\"name\":\"Champion des Champions fran\u00e7ais : Karim Benzema (6\u00e8me), le magicien\"}]},{\"@type\":\"WebSite\",\"@id\":\"https:\/\/dicodusport.fr\/blog\/#website\",\"url\":\"https:\/\/dicodusport.fr\/blog\/\",\"name\":\"Dicodusport\",\"description\":\"L&#039;encyclop\u00e9die de l&#039;actualit\u00e9 sportive\",\"publisher\":{\"@id\":\"https:\/\/dicodusport.fr\/blog\/#organization\"},\"potentialAction\":[{\"@type\":\"SearchAction\",\"target\":{\"@type\":\"EntryPoint\",\"urlTemplate\":\"https:\/\/dicodusport.fr\/blog\/?s={search_term_string}\"},\"query-input\":{\"@type\":\"PropertyValueSpecification\",\"valueRequired\":true,\"valueName\":\"search_term_string\"}}],\"inLanguage\":\"fr-FR\"},{\"@type\":\"NewsMediaOrganization\",\"@id\":\"https:\/\/dicodusport.fr\/blog\/#organization\",\"name\":\"Dicodusport\",\"url\":\"https:\/\/dicodusport.fr\/blog\/\",\"logo\":{\"@type\":\"ImageObject\",\"inLanguage\":\"fr-FR\",\"@id\":\"https:\/\/dicodusport.fr\/blog\/#\/schema\/logo\/image\/\",\"url\":\"https:\/\/dicodusport.fr\/blog\/wp-content\/uploads\/2020\/06\/cropped-LOGO-DICODUSPORT-2020-SANS-FOND-SANS-TEXTE.png\",\"contentUrl\":\"https:\/\/dicodusport.fr\/blog\/wp-content\/uploads\/2020\/06\/cropped-LOGO-DICODUSPORT-2020-SANS-FOND-SANS-TEXTE.png\",\"width\":512,\"height\":512,\"caption\":\"Dicodusport\"},\"image\":{\"@id\":\"https:\/\/dicodusport.fr\/blog\/#\/schema\/logo\/image\/\"},\"sameAs\":[\"https:\/\/www.facebook.com\/dicodusport\",\"https:\/\/x.com\/dicodusport\",\"https:\/\/www.instagram.com\/dicodusport\/\",\"https:\/\/www.youtube.com\/channel\/UC7V2KZ5sd3htJivAbA4ZG3w\"],\"description\":\"Dicodusport est l'encyclop\u00e9die de l'actualit\u00e9 sportive.\",\"email\":\"bonjour@dicodusport.fr\",\"legalName\":\"DICODUSPORT\",\"foundingDate\":\"2018-01-14\",\"vatID\":\"FR71834470973\",\"taxID\":\"83447097300043\",\"numberOfEmployees\":{\"@type\":\"QuantitativeValue\",\"minValue\":\"1\",\"maxValue\":\"10\"}},{\"@type\":\"Person\",\"@id\":\"https:\/\/dicodusport.fr\/blog\/#\/schema\/person\/cb02af4c173ce4a653b55e9baf388d4a\",\"name\":\"Flo Ostermann\",\"image\":{\"@type\":\"ImageObject\",\"inLanguage\":\"fr-FR\",\"@id\":\"https:\/\/dicodusport.fr\/blog\/#\/schema\/person\/image\/\",\"url\":\"https:\/\/dicodusport.fr\/blog\/wp-content\/uploads\/2021\/05\/Flo-Ostermann-150x150.jpg\",\"contentUrl\":\"https:\/\/dicodusport.fr\/blog\/wp-content\/uploads\/2021\/05\/Flo-Ostermann-150x150.jpg\",\"caption\":\"Flo Ostermann\"},\"description\":\"Journaliste\/R\u00e9dacteur depuis septembre 2015 - Mes premiers souvenirs dans le sport ? Les envol\u00e9es du Stade Toulousain et les duels Villeneuve-Schumacher et H\u00e4kkinen-Schumacher \u00e0 la fin des ann\u00e9es 90, la Coupe du monde de football en 1998, l\u2019exploit du XV de France face aux All Blacks en 1999, mais aussi Richard C\u0153ur de Lion qui vole sur les montagnes du Tour de France. Bien parti pour devenir professeur d\u2019EPS, les \u00e9v\u00e9nements de la vie (et la flemme d\u2019animer des s\u00e9ances de 3x500 m\u00e8tres toute ma vie) m\u2019ont conduit \u00e0 revoir mes plans. Me voil\u00e0 depuis fin 2017 sur Dicodusport, m\u00e9dia gr\u00e2ce (et pour) lequel je partage ma passion : le sport dans tous ses \u00e9tats. Le tout accompagn\u00e9 par les fous furieux et folles furieuses cit\u00e9s sur cette page !\",\"sameAs\":[\"https:\/\/www.facebook.com\/florent.ostermann\",\"https:\/\/x.com\/https:\/\/twitter.com\/FlOstermann\",\"admin\"],\"url\":\"https:\/\/dicodusport.fr\/blog\/author\/flo\/\"}]}<\/script>\n<!-- \/ Yoast SEO Premium plugin. -->","yoast_head_json":{"title":"Champion des Champions fran\u00e7ais : Karim Benzema (6\u00e8me), le magicien","description":"MULTISPORTS \u2013 On continue de d\u00e9rouler votre classement du Champion des Champions fran\u00e7ais 2021 ! Karim Benzema est 6\u00e8me.","robots":{"index":"index","follow":"follow","max-snippet":"max-snippet:-1","max-image-preview":"max-image-preview:large","max-video-preview":"max-video-preview:-1"},"canonical":"https:\/\/dicodusport.fr\/blog\/champion-des-champions-francais-karim-benzema-6eme-le-magicien\/","og_locale":"fr_FR","og_type":"article","og_title":"Champion des Champions fran\u00e7ais : Karim Benzema (6\u00e8me), le magicien","og_description":"MULTISPORTS \u2013 On continue de d\u00e9rouler votre classement du Champion des Champions fran\u00e7ais 2021 ! Karim Benzema est 6\u00e8me.","og_url":"https:\/\/dicodusport.fr\/blog\/champion-des-champions-francais-karim-benzema-6eme-le-magicien\/","og_site_name":"Dicodusport","article_publisher":"https:\/\/www.facebook.com\/dicodusport","article_author":"https:\/\/www.facebook.com\/florent.ostermann","article_published_time":"2021-12-26T12:19:27+00:00","article_modified_time":"2025-11-20T17:28:05+00:00","og_image":[{"width":800,"height":445,"url":"https:\/\/dicodusport.fr\/blog\/wp-content\/uploads\/2021\/12\/Champion-des-Champions-francais-Karim-Benzema-6eme-le-magicien.png","type":"image\/png"}],"author":"Flo Ostermann","twitter_card":"summary_large_image","twitter_title":"Champion des Champions fran\u00e7ais : Karim Benzema (6\u00e8me), le magicien","twitter_creator":"@https:\/\/twitter.com\/FlOstermann","twitter_site":"@dicodusport","schema":{"@context":"https:\/\/schema.org","@graph":[{"@type":"NewsArticle","@id":"https:\/\/dicodusport.fr\/blog\/champion-des-champions-francais-karim-benzema-6eme-le-magicien\/#article","isPartOf":{"@id":"https:\/\/dicodusport.fr\/blog\/champion-des-champions-francais-karim-benzema-6eme-le-magicien\/"},"author":{"name":"Flo Ostermann","@id":"https:\/\/dicodusport.fr\/blog\/#\/schema\/person\/cb02af4c173ce4a653b55e9baf388d4a"},"headline":"Champion des Champions fran\u00e7ais : Karim Benzema (6\u00e8me), le magicien","datePublished":"2021-12-26T12:19:27+00:00","dateModified":"2025-11-20T17:28:05+00:00","mainEntityOfPage":{"@id":"https:\/\/dicodusport.fr\/blog\/champion-des-champions-francais-karim-benzema-6eme-le-magicien\/"},"wordCount":373,"commentCount":0,"publisher":{"@id":"https:\/\/dicodusport.fr\/blog\/#organization"},"image":{"@id":"https:\/\/dicodusport.fr\/blog\/champion-des-champions-francais-karim-benzema-6eme-le-magicien\/#primaryimage"},"thumbnailUrl":"https:\/\/dicodusport.fr\/blog\/wp-content\/uploads\/2021\/12\/Champion-des-Champions-francais-Karim-Benzema-6eme-le-magicien.png","keywords":["Football","Karim Benzema","R\u00e9compenses tricolores"],"articleSection":["Football","Sports"],"inLanguage":"fr-FR","potentialAction":[{"@type":"CommentAction","name":"Comment","target":["https:\/\/dicodusport.fr\/blog\/champion-des-champions-francais-karim-benzema-6eme-le-magicien\/#respond"]}],"copyrightYear":"2021","copyrightHolder":{"@id":"https:\/\/dicodusport.fr\/blog\/#organization"}},{"@type":"WebPage","@id":"https:\/\/dicodusport.fr\/blog\/champion-des-champions-francais-karim-benzema-6eme-le-magicien\/","url":"https:\/\/dicodusport.fr\/blog\/champion-des-champions-francais-karim-benzema-6eme-le-magicien\/","name":"Champion des Champions fran\u00e7ais : Karim Benzema (6\u00e8me), le magicien","isPartOf":{"@id":"https:\/\/dicodusport.fr\/blog\/#website"},"primaryImageOfPage":{"@id":"https:\/\/dicodusport.fr\/blog\/champion-des-champions-francais-karim-benzema-6eme-le-magicien\/#primaryimage"},"image":{"@id":"https:\/\/dicodusport.fr\/blog\/champion-des-champions-francais-karim-benzema-6eme-le-magicien\/#primaryimage"},"thumbnailUrl":"https:\/\/dicodusport.fr\/blog\/wp-content\/uploads\/2021\/12\/Champion-des-Champions-francais-Karim-Benzema-6eme-le-magicien.png","datePublished":"2021-12-26T12:19:27+00:00","dateModified":"2025-11-20T17:28:05+00:00","description":"MULTISPORTS \u2013 On continue de d\u00e9rouler votre classement du Champion des Champions fran\u00e7ais 2021 ! Karim Benzema est 6\u00e8me.","breadcrumb":{"@id":"https:\/\/dicodusport.fr\/blog\/champion-des-champions-francais-karim-benzema-6eme-le-magicien\/#breadcrumb"},"inLanguage":"fr-FR","potentialAction":[{"@type":"ReadAction","target":["https:\/\/dicodusport.fr\/blog\/champion-des-champions-francais-karim-benzema-6eme-le-magicien\/"]}]},{"@type":"ImageObject","inLanguage":"fr-FR","@id":"https:\/\/dicodusport.fr\/blog\/champion-des-champions-francais-karim-benzema-6eme-le-magicien\/#primaryimage","url":"https:\/\/dicodusport.fr\/blog\/wp-content\/uploads\/2021\/12\/Champion-des-Champions-francais-Karim-Benzema-6eme-le-magicien.png","contentUrl":"https:\/\/dicodusport.fr\/blog\/wp-content\/uploads\/2021\/12\/Champion-des-Champions-francais-Karim-Benzema-6eme-le-magicien.png","width":800,"height":445,"caption":"Champion des Champions fran\u00e7ais - Karim Benzema (6\u00e8me), le magicien"},{"@type":"BreadcrumbList","@id":"https:\/\/dicodusport.fr\/blog\/champion-des-champions-francais-karim-benzema-6eme-le-magicien\/#breadcrumb","itemListElement":[{"@type":"ListItem","position":1,"name":"Accueil","item":"https:\/\/dicodusport.fr\/blog\/"},{"@type":"ListItem","position":2,"name":"Champion des Champions fran\u00e7ais : Karim Benzema (6\u00e8me), le magicien"}]},{"@type":"WebSite","@id":"https:\/\/dicodusport.fr\/blog\/#website","url":"https:\/\/dicodusport.fr\/blog\/","name":"Dicodusport","description":"L&#039;encyclop\u00e9die de l&#039;actualit\u00e9 sportive","publisher":{"@id":"https:\/\/dicodusport.fr\/blog\/#organization"},"potentialAction":[{"@type":"SearchAction","target":{"@type":"EntryPoint","urlTemplate":"https:\/\/dicodusport.fr\/blog\/?s={search_term_string}"},"query-input":{"@type":"PropertyValueSpecification","valueRequired":true,"valueName":"search_term_string"}}],"inLanguage":"fr-FR"},{"@type":"NewsMediaOrganization","@id":"https:\/\/dicodusport.fr\/blog\/#organization","name":"Dicodusport","url":"https:\/\/dicodusport.fr\/blog\/","logo":{"@type":"ImageObject","inLanguage":"fr-FR","@id":"https:\/\/dicodusport.fr\/blog\/#\/schema\/logo\/image\/","url":"https:\/\/dicodusport.fr\/blog\/wp-content\/uploads\/2020\/06\/cropped-LOGO-DICODUSPORT-2020-SANS-FOND-SANS-TEXTE.png","contentUrl":"https:\/\/dicodusport.fr\/blog\/wp-content\/uploads\/2020\/06\/cropped-LOGO-DICODUSPORT-2020-SANS-FOND-SANS-TEXTE.png","width":512,"height":512,"caption":"Dicodusport"},"image":{"@id":"https:\/\/dicodusport.fr\/blog\/#\/schema\/logo\/image\/"},"sameAs":["https:\/\/www.facebook.com\/dicodusport","https:\/\/x.com\/dicodusport","https:\/\/www.instagram.com\/dicodusport\/","https:\/\/www.youtube.com\/channel\/UC7V2KZ5sd3htJivAbA4ZG3w"],"description":"Dicodusport est l'encyclop\u00e9die de l'actualit\u00e9 sportive.","email":"bonjour@dicodusport.fr","legalName":"DICODUSPORT","foundingDate":"2018-01-14","vatID":"FR71834470973","taxID":"83447097300043","numberOfEmployees":{"@type":"QuantitativeValue","minValue":"1","maxValue":"10"}},{"@type":"Person","@id":"https:\/\/dicodusport.fr\/blog\/#\/schema\/person\/cb02af4c173ce4a653b55e9baf388d4a","name":"Flo Ostermann","image":{"@type":"ImageObject","inLanguage":"fr-FR","@id":"https:\/\/dicodusport.fr\/blog\/#\/schema\/person\/image\/","url":"https:\/\/dicodusport.fr\/blog\/wp-content\/uploads\/2021\/05\/Flo-Ostermann-150x150.jpg","contentUrl":"https:\/\/dicodusport.fr\/blog\/wp-content\/uploads\/2021\/05\/Flo-Ostermann-150x150.jpg","caption":"Flo Ostermann"},"description":"Journaliste\/R\u00e9dacteur depuis septembre 2015 - Mes premiers souvenirs dans le sport ? Les envol\u00e9es du Stade Toulousain et les duels Villeneuve-Schumacher et H\u00e4kkinen-Schumacher \u00e0 la fin des ann\u00e9es 90, la Coupe du monde de football en 1998, l\u2019exploit du XV de France face aux All Blacks en 1999, mais aussi Richard C\u0153ur de Lion qui vole sur les montagnes du Tour de France. Bien parti pour devenir professeur d\u2019EPS, les \u00e9v\u00e9nements de la vie (et la flemme d\u2019animer des s\u00e9ances de 3x500 m\u00e8tres toute ma vie) m\u2019ont conduit \u00e0 revoir mes plans. Me voil\u00e0 depuis fin 2017 sur Dicodusport, m\u00e9dia gr\u00e2ce (et pour) lequel je partage ma passion : le sport dans tous ses \u00e9tats. Le tout accompagn\u00e9 par les fous furieux et folles furieuses cit\u00e9s sur cette page !","sameAs":["https:\/\/www.facebook.com\/florent.ostermann","https:\/\/x.com\/https:\/\/twitter.com\/FlOstermann","admin"],"url":"https:\/\/dicodusport.fr\/blog\/author\/flo\/"}]}},"_links":{"self":[{"href":"https:\/\/dicodusport.fr\/blog\/wp-json\/wp\/v2\/posts\/187650","targetHints":{"allow":["GET"]}}],"collection":[{"href":"https:\/\/dicodusport.fr\/blog\/wp-json\/wp\/v2\/posts"}],"about":[{"href":"https:\/\/dicodusport.fr\/blog\/wp-json\/wp\/v2\/types\/post"}],"author":[{"embeddable":true,"href":"https:\/\/dicodusport.fr\/blog\/wp-json\/wp\/v2\/users\/4"}],"replies":[{"embeddable":true,"href":"https:\/\/dicodusport.fr\/blog\/wp-json\/wp\/v2\/comments?post=187650"}],"version-history":[{"count":1,"href":"https:\/\/dicodusport.fr\/blog\/wp-json\/wp\/v2\/posts\/187650\/revisions"}],"predecessor-version":[{"id":626870,"href":"https:\/\/dicodusport.fr\/blog\/wp-json\/wp\/v2\/posts\/187650\/revisions\/626870"}],"wp:featuredmedia":[{"embeddable":true,"href":"https:\/\/dicodusport.fr\/blog\/wp-json\/wp\/v2\/media\/187660"}],"wp:attachment":[{"href":"https:\/\/dicodusport.fr\/blog\/wp-json\/wp\/v2\/media?parent=187650"}],"wp:term":[{"taxonomy":"category","embeddable":true,"href":"https:\/\/dicodusport.fr\/blog\/wp-json\/wp\/v2\/categories?post=187650"},{"taxonomy":"post_tag","embeddable":true,"href":"https:\/\/dicodusport.fr\/blog\/wp-json\/wp\/v2\/tags?post=187650"}],"curies":[{"name":"wp","href":"https:\/\/api.w.org\/{rel}","templated":true}]}}