{"id":188069,"date":"2021-12-30T08:00:39","date_gmt":"2021-12-30T07:00:39","guid":{"rendered":"https:\/\/dicodusport.fr\/blog\/?p=188069"},"modified":"2021-12-30T08:12:33","modified_gmt":"2021-12-30T07:12:33","slug":"30-decembre-1957-caen-nantes-un-reveil-pas-comme-les-autres","status":"publish","type":"post","link":"https:\/\/dicodusport.fr\/blog\/30-decembre-1957-caen-nantes-un-reveil-pas-comme-les-autres\/","title":{"rendered":"30 d\u00e9cembre 1957 : Caen \u2013 Nantes, un r\u00e9veil pas comme les autres"},"content":{"rendered":"<p style=\"text-align: justify;\"><em><strong><a href=\"https:\/\/dicodusport.fr\/definition-sport\/football\/\">FOOTBALL<\/a> &#8211; Pas \u00e9vident d\u2019ouvrir les yeux pour Caennais et Nantais en ce 30 d\u00e9cembre 1957. La veille, les footballeurs des deux \u00e9quipes se sont quitt\u00e9s sur un match nul. Seulement voil\u00e0, c\u2019\u00e9tait la troisi\u00e8me fois qu\u2019ils se rencontraient pour se d\u00e9partager.<\/strong> <\/em><\/p>\n<h2>\u00c7a s&rsquo;est pass\u00e9 le 30 d\u00e9cembre 1957<\/h2>\n<p style=\"text-align: justify;\">Quand \u00e7a ne veut pas \u2026 \u00c7a pique un peu les yeux en cette fin d\u2019ann\u00e9e 1957. La <strong>Coupe de France<\/strong> bat son plein, mais deux \u00e9quipes semblent d\u00e9termin\u00e9es \u00e0 ne pas vouloir perdre, ou gagner on ne sait plus. Tout a commenc\u00e9 le 15 d\u00e9cembre, <strong>Caen<\/strong> et <strong>Nantes<\/strong> s\u2019affrontent pour acc\u00e9der aux 32<sup>\u00e8mes<\/sup> de finale. Jusque-l\u00e0, tout va bien. Un 0-0 plus tard apr\u00e8s prolongations -les tirs au but n\u2019\u00e9taient pas d\u2019actualit\u00e9- et le match \u00e9tait reprogramm\u00e9 pour la semaine suivante. La semaine suivante donc, rebelote, 120 minutes et toujours pas un but d\u2019inscrit. On prend les m\u00eames et on recommence le 29 d\u00e9cembre 1957. Voil\u00e0 d\u00e9j\u00e0 4 heures de jeu dans les pattes des joueurs, et les pauvres n\u2019en ont pas termin\u00e9 avec leur marathon.<\/p>\n<p style=\"text-align: justify;\">Effectivement au lendemain de ces troisi\u00e8mes retrouvailles, le score est toujours vierge. Rendez-vous en janvier pour les deux clubs. Comme un jour sans fin, la quatri\u00e8me rencontre voit ENFIN l\u2019ouverture du score, pour les <strong>Nantais<\/strong>. Malheureusement c\u2019\u00e9tait trop beau pour \u00eatre vrai, le match est arr\u00eat\u00e9 en raison des conditions m\u00e9t\u00e9orologiques. On n\u2019est plus \u00e0 \u00e7a pr\u00e8s, organisons un cinqui\u00e8me duel. Merci, c\u2019est bien gentil, mais nous voil\u00e0 rendus au 12 janvier 1958. Finalement, apr\u00e8s un total de 7 heures et 49 minutes, <strong>Nantes<\/strong> a remport\u00e9 cette loooongue confrontation 1-0 \u2026 pour perdre au tour suivant. Quand \u00e7a ne veut pas \u2026<\/p>\n<p style=\"text-align: justify;\"><strong>Info\u00a0<\/strong>: Il a fallu attendre 1968 pour voir les r\u00e8gles \u00e9voluer. Si au terme de trois rencontres, le score \u00e9tait toujours nul entre les deux \u00e9quipes, la victoire se jouait alors \u00e0 pile ou face. Oui, oui, \u00e0 pile ou face. Les tirs au but, eux, ne sont arriv\u00e9s qu\u2019en 1970.<\/p>\n","protected":false},"excerpt":{"rendered":"<p>Le 30 d\u00e9cembre 1957, apr\u00e8s trois rencontres entre Caen et Nantes, la Coupe de France ne trouvait toujours pas son qualifi\u00e9 pour les 32\u00e8mes.<\/p>\n","protected":false},"author":18,"featured_media":188143,"comment_status":"open","ping_status":"closed","sticky":false,"template":"","format":"standard","meta":{"_acf_changed":false,"_daextam_enable_autolinks":"","footnotes":""},"categories":[2301,8],"tags":[1236,2870,75,8481,1272],"class_list":["post-188069","post","type-post","status-publish","format-standard","has-post-thumbnail","hentry","category-football","category-histoire","tag-caen","tag-coupe-de-france","tag-football","tag-histoire","tag-nantes"],"acf":[],"yoast_head":"<!-- This site is optimized with the Yoast SEO Premium plugin v26.7 (Yoast SEO v26.7) - https:\/\/yoast.com\/wordpress\/plugins\/seo\/ -->\n<title>30 d\u00e9cembre 1957 : Caen \u2013 Nantes, un r\u00e9veil pas comme les autres<\/title>\n<meta name=\"description\" content=\"Le 30 d\u00e9cembre 1957, apr\u00e8s trois rencontres entre Caen et Nantes, la Coupe de France ne trouvait toujours pas son qualifi\u00e9 pour les 32\u00e8mes.\" \/>\n<meta name=\"robots\" content=\"index, follow, max-snippet:-1, max-image-preview:large, max-video-preview:-1\" \/>\n<link rel=\"canonical\" href=\"https:\/\/dicodusport.fr\/blog\/30-decembre-1957-caen-nantes-un-reveil-pas-comme-les-autres\/\" \/>\n<meta property=\"og:locale\" content=\"fr_FR\" \/>\n<meta property=\"og:type\" content=\"article\" \/>\n<meta property=\"og:title\" content=\"30 d\u00e9cembre 1957 : Caen \u2013 Nantes, un r\u00e9veil pas comme les autres\" \/>\n<meta property=\"og:description\" content=\"Le 30 d\u00e9cembre 1957, apr\u00e8s trois rencontres entre Caen et Nantes, la Coupe de France ne trouvait toujours pas son qualifi\u00e9 pour les 32\u00e8mes.\" \/>\n<meta property=\"og:url\" content=\"https:\/\/dicodusport.fr\/blog\/30-decembre-1957-caen-nantes-un-reveil-pas-comme-les-autres\/\" \/>\n<meta property=\"og:site_name\" content=\"Dicodusport\" \/>\n<meta property=\"article:publisher\" content=\"https:\/\/www.facebook.com\/dicodusport\" \/>\n<meta property=\"article:author\" content=\"https:\/\/www.facebook.com\/soocube\" \/>\n<meta property=\"article:published_time\" content=\"2021-12-30T07:00:39+00:00\" \/>\n<meta property=\"article:modified_time\" content=\"2021-12-30T07:12:33+00:00\" \/>\n<meta property=\"og:image\" content=\"https:\/\/dicodusport.fr\/blog\/wp-content\/uploads\/2021\/12\/30-decembre-1957-Caen-\u2013-Nantes-un-reveil-pas-comme-les-autres.png\" \/>\n\t<meta property=\"og:image:width\" content=\"800\" \/>\n\t<meta property=\"og:image:height\" content=\"445\" \/>\n\t<meta property=\"og:image:type\" content=\"image\/png\" \/>\n<meta name=\"author\" content=\"Sophie Clapier\" \/>\n<meta name=\"twitter:card\" content=\"summary_large_image\" \/>\n<meta name=\"twitter:title\" content=\"30 d\u00e9cembre 1957 : Caen \u2013 Nantes, un r\u00e9veil pas comme les autres\" \/>\n<meta name=\"twitter:creator\" content=\"@https:\/\/twitter.com\/soocube\" \/>\n<meta name=\"twitter:site\" content=\"@dicodusport\" \/>\n<script type=\"application\/ld+json\" class=\"yoast-schema-graph\">{\"@context\":\"https:\/\/schema.org\",\"@graph\":[{\"@type\":\"NewsArticle\",\"@id\":\"https:\/\/dicodusport.fr\/blog\/30-decembre-1957-caen-nantes-un-reveil-pas-comme-les-autres\/#article\",\"isPartOf\":{\"@id\":\"https:\/\/dicodusport.fr\/blog\/30-decembre-1957-caen-nantes-un-reveil-pas-comme-les-autres\/\"},\"author\":{\"name\":\"Sophie Clapier\",\"@id\":\"https:\/\/dicodusport.fr\/blog\/#\/schema\/person\/416c975648aca9da8839bdfe333a21c9\"},\"headline\":\"30 d\u00e9cembre 1957 : Caen \u2013 Nantes, un r\u00e9veil pas comme les autres\",\"datePublished\":\"2021-12-30T07:00:39+00:00\",\"dateModified\":\"2021-12-30T07:12:33+00:00\",\"mainEntityOfPage\":{\"@id\":\"https:\/\/dicodusport.fr\/blog\/30-decembre-1957-caen-nantes-un-reveil-pas-comme-les-autres\/\"},\"wordCount\":357,\"commentCount\":0,\"publisher\":{\"@id\":\"https:\/\/dicodusport.fr\/blog\/#organization\"},\"image\":{\"@id\":\"https:\/\/dicodusport.fr\/blog\/30-decembre-1957-caen-nantes-un-reveil-pas-comme-les-autres\/#primaryimage\"},\"thumbnailUrl\":\"https:\/\/dicodusport.fr\/blog\/wp-content\/uploads\/2021\/12\/30-decembre-1957-Caen-\u2013-Nantes-un-reveil-pas-comme-les-autres.png\",\"keywords\":[\"caen\",\"Coupe de France\",\"Football\",\"histoire\",\"nantes\"],\"articleSection\":[\"Football\",\"Histoire\"],\"inLanguage\":\"fr-FR\",\"potentialAction\":[{\"@type\":\"CommentAction\",\"name\":\"Comment\",\"target\":[\"https:\/\/dicodusport.fr\/blog\/30-decembre-1957-caen-nantes-un-reveil-pas-comme-les-autres\/#respond\"]}],\"copyrightYear\":\"2021\",\"copyrightHolder\":{\"@id\":\"https:\/\/dicodusport.fr\/blog\/#organization\"}},{\"@type\":\"WebPage\",\"@id\":\"https:\/\/dicodusport.fr\/blog\/30-decembre-1957-caen-nantes-un-reveil-pas-comme-les-autres\/\",\"url\":\"https:\/\/dicodusport.fr\/blog\/30-decembre-1957-caen-nantes-un-reveil-pas-comme-les-autres\/\",\"name\":\"30 d\u00e9cembre 1957 : Caen \u2013 Nantes, un r\u00e9veil pas comme les autres\",\"isPartOf\":{\"@id\":\"https:\/\/dicodusport.fr\/blog\/#website\"},\"primaryImageOfPage\":{\"@id\":\"https:\/\/dicodusport.fr\/blog\/30-decembre-1957-caen-nantes-un-reveil-pas-comme-les-autres\/#primaryimage\"},\"image\":{\"@id\":\"https:\/\/dicodusport.fr\/blog\/30-decembre-1957-caen-nantes-un-reveil-pas-comme-les-autres\/#primaryimage\"},\"thumbnailUrl\":\"https:\/\/dicodusport.fr\/blog\/wp-content\/uploads\/2021\/12\/30-decembre-1957-Caen-\u2013-Nantes-un-reveil-pas-comme-les-autres.png\",\"datePublished\":\"2021-12-30T07:00:39+00:00\",\"dateModified\":\"2021-12-30T07:12:33+00:00\",\"description\":\"Le 30 d\u00e9cembre 1957, apr\u00e8s trois rencontres entre Caen et Nantes, la Coupe de France ne trouvait toujours pas son qualifi\u00e9 pour les 32\u00e8mes.\",\"breadcrumb\":{\"@id\":\"https:\/\/dicodusport.fr\/blog\/30-decembre-1957-caen-nantes-un-reveil-pas-comme-les-autres\/#breadcrumb\"},\"inLanguage\":\"fr-FR\",\"potentialAction\":[{\"@type\":\"ReadAction\",\"target\":[\"https:\/\/dicodusport.fr\/blog\/30-decembre-1957-caen-nantes-un-reveil-pas-comme-les-autres\/\"]}]},{\"@type\":\"ImageObject\",\"inLanguage\":\"fr-FR\",\"@id\":\"https:\/\/dicodusport.fr\/blog\/30-decembre-1957-caen-nantes-un-reveil-pas-comme-les-autres\/#primaryimage\",\"url\":\"https:\/\/dicodusport.fr\/blog\/wp-content\/uploads\/2021\/12\/30-decembre-1957-Caen-\u2013-Nantes-un-reveil-pas-comme-les-autres.png\",\"contentUrl\":\"https:\/\/dicodusport.fr\/blog\/wp-content\/uploads\/2021\/12\/30-decembre-1957-Caen-\u2013-Nantes-un-reveil-pas-comme-les-autres.png\",\"width\":800,\"height\":445,\"caption\":\"30 d\u00e9cembre 1957 Caen \u2013 Nantes, un r\u00e9veil pas comme les autres\"},{\"@type\":\"BreadcrumbList\",\"@id\":\"https:\/\/dicodusport.fr\/blog\/30-decembre-1957-caen-nantes-un-reveil-pas-comme-les-autres\/#breadcrumb\",\"itemListElement\":[{\"@type\":\"ListItem\",\"position\":1,\"name\":\"Accueil\",\"item\":\"https:\/\/dicodusport.fr\/blog\/\"},{\"@type\":\"ListItem\",\"position\":2,\"name\":\"30 d\u00e9cembre 1957 : Caen \u2013 Nantes, un r\u00e9veil pas comme les autres\"}]},{\"@type\":\"WebSite\",\"@id\":\"https:\/\/dicodusport.fr\/blog\/#website\",\"url\":\"https:\/\/dicodusport.fr\/blog\/\",\"name\":\"Dicodusport\",\"description\":\"L&#039;encyclop\u00e9die de l&#039;actualit\u00e9 sportive\",\"publisher\":{\"@id\":\"https:\/\/dicodusport.fr\/blog\/#organization\"},\"potentialAction\":[{\"@type\":\"SearchAction\",\"target\":{\"@type\":\"EntryPoint\",\"urlTemplate\":\"https:\/\/dicodusport.fr\/blog\/?s={search_term_string}\"},\"query-input\":{\"@type\":\"PropertyValueSpecification\",\"valueRequired\":true,\"valueName\":\"search_term_string\"}}],\"inLanguage\":\"fr-FR\"},{\"@type\":\"NewsMediaOrganization\",\"@id\":\"https:\/\/dicodusport.fr\/blog\/#organization\",\"name\":\"Dicodusport\",\"url\":\"https:\/\/dicodusport.fr\/blog\/\",\"logo\":{\"@type\":\"ImageObject\",\"inLanguage\":\"fr-FR\",\"@id\":\"https:\/\/dicodusport.fr\/blog\/#\/schema\/logo\/image\/\",\"url\":\"https:\/\/dicodusport.fr\/blog\/wp-content\/uploads\/2020\/06\/cropped-LOGO-DICODUSPORT-2020-SANS-FOND-SANS-TEXTE.png\",\"contentUrl\":\"https:\/\/dicodusport.fr\/blog\/wp-content\/uploads\/2020\/06\/cropped-LOGO-DICODUSPORT-2020-SANS-FOND-SANS-TEXTE.png\",\"width\":512,\"height\":512,\"caption\":\"Dicodusport\"},\"image\":{\"@id\":\"https:\/\/dicodusport.fr\/blog\/#\/schema\/logo\/image\/\"},\"sameAs\":[\"https:\/\/www.facebook.com\/dicodusport\",\"https:\/\/x.com\/dicodusport\",\"https:\/\/www.instagram.com\/dicodusport\/\",\"https:\/\/www.youtube.com\/channel\/UC7V2KZ5sd3htJivAbA4ZG3w\"],\"description\":\"Dicodusport est l'encyclop\u00e9die de l'actualit\u00e9 sportive.\",\"email\":\"bonjour@dicodusport.fr\",\"legalName\":\"DICODUSPORT\",\"foundingDate\":\"2018-01-14\",\"vatID\":\"FR71834470973\",\"taxID\":\"83447097300043\",\"numberOfEmployees\":{\"@type\":\"QuantitativeValue\",\"minValue\":\"1\",\"maxValue\":\"10\"}},{\"@type\":\"Person\",\"@id\":\"https:\/\/dicodusport.fr\/blog\/#\/schema\/person\/416c975648aca9da8839bdfe333a21c9\",\"name\":\"Sophie Clapier\",\"image\":{\"@type\":\"ImageObject\",\"inLanguage\":\"fr-FR\",\"@id\":\"https:\/\/dicodusport.fr\/blog\/#\/schema\/person\/image\/\",\"url\":\"https:\/\/dicodusport.fr\/blog\/wp-content\/uploads\/2021\/05\/Sophie-Clapier-150x150.jpg\",\"contentUrl\":\"https:\/\/dicodusport.fr\/blog\/wp-content\/uploads\/2021\/05\/Sophie-Clapier-150x150.jpg\",\"caption\":\"Sophie Clapier\"},\"description\":\"Journaliste\/r\u00e9dactrice depuis janvier 2016 - Passionn\u00e9e de sport depuis toujours, j\u2019en ai pratiqu\u00e9 quelques-uns. Judo, football, handball ou encore tennis, je n\u2019ai jamais pu me mettre d\u2019accord sur un en particulier. Mais \u00e7a, c\u2019\u00e9tait avant de d\u00e9couvrir le basket, devenu mon sport de pr\u00e9dilection. Les actions NBA, le All-Star Week-end, la fureur des Game 7 pendant les playoffs ou mieux, lors des Finals, this is why we play. Team Spurs T.P, je m\u2019accroche encore \u00e0 Gregg Popovich (don\u2019t leave !). Team chef Curry, je souhaite qu\u2019il finisse aux Warriors (staaaay !). Non, il n\u2019y a pas qu\u2019eux, des petits nouveaux -et des petites nouvelles \u00e9videmment- arrivent chaque jour dans toutes les disciplines et cr\u00e9ent de nouveaux exploits. Alors pour les grands \u00e9v\u00e9nements et comp\u00e9titions internationales, vive les pulsations 240\/minutes et le d\u00e9fibrillateur pas loin, et allez les Bleu(e)s ! C\u2019est s\u00fbr, j\u2019aurai plus vu ma vie sur un terrain de sport, mais \u00e0 d\u00e9faut d\u2019en faire en haut niveau, je le partage avec vous.\",\"sameAs\":[\"https:\/\/www.facebook.com\/soocube\",\"https:\/\/x.com\/https:\/\/twitter.com\/soocube\",\"admin\"],\"url\":\"https:\/\/dicodusport.fr\/blog\/author\/sophie\/\"}]}<\/script>\n<!-- \/ Yoast SEO Premium plugin. -->","yoast_head_json":{"title":"30 d\u00e9cembre 1957 : Caen \u2013 Nantes, un r\u00e9veil pas comme les autres","description":"Le 30 d\u00e9cembre 1957, apr\u00e8s trois rencontres entre Caen et Nantes, la Coupe de France ne trouvait toujours pas son qualifi\u00e9 pour les 32\u00e8mes.","robots":{"index":"index","follow":"follow","max-snippet":"max-snippet:-1","max-image-preview":"max-image-preview:large","max-video-preview":"max-video-preview:-1"},"canonical":"https:\/\/dicodusport.fr\/blog\/30-decembre-1957-caen-nantes-un-reveil-pas-comme-les-autres\/","og_locale":"fr_FR","og_type":"article","og_title":"30 d\u00e9cembre 1957 : Caen \u2013 Nantes, un r\u00e9veil pas comme les autres","og_description":"Le 30 d\u00e9cembre 1957, apr\u00e8s trois rencontres entre Caen et Nantes, la Coupe de France ne trouvait toujours pas son qualifi\u00e9 pour les 32\u00e8mes.","og_url":"https:\/\/dicodusport.fr\/blog\/30-decembre-1957-caen-nantes-un-reveil-pas-comme-les-autres\/","og_site_name":"Dicodusport","article_publisher":"https:\/\/www.facebook.com\/dicodusport","article_author":"https:\/\/www.facebook.com\/soocube","article_published_time":"2021-12-30T07:00:39+00:00","article_modified_time":"2021-12-30T07:12:33+00:00","og_image":[{"width":800,"height":445,"url":"https:\/\/dicodusport.fr\/blog\/wp-content\/uploads\/2021\/12\/30-decembre-1957-Caen-\u2013-Nantes-un-reveil-pas-comme-les-autres.png","type":"image\/png"}],"author":"Sophie Clapier","twitter_card":"summary_large_image","twitter_title":"30 d\u00e9cembre 1957 : Caen \u2013 Nantes, un r\u00e9veil pas comme les autres","twitter_creator":"@https:\/\/twitter.com\/soocube","twitter_site":"@dicodusport","schema":{"@context":"https:\/\/schema.org","@graph":[{"@type":"NewsArticle","@id":"https:\/\/dicodusport.fr\/blog\/30-decembre-1957-caen-nantes-un-reveil-pas-comme-les-autres\/#article","isPartOf":{"@id":"https:\/\/dicodusport.fr\/blog\/30-decembre-1957-caen-nantes-un-reveil-pas-comme-les-autres\/"},"author":{"name":"Sophie Clapier","@id":"https:\/\/dicodusport.fr\/blog\/#\/schema\/person\/416c975648aca9da8839bdfe333a21c9"},"headline":"30 d\u00e9cembre 1957 : Caen \u2013 Nantes, un r\u00e9veil pas comme les autres","datePublished":"2021-12-30T07:00:39+00:00","dateModified":"2021-12-30T07:12:33+00:00","mainEntityOfPage":{"@id":"https:\/\/dicodusport.fr\/blog\/30-decembre-1957-caen-nantes-un-reveil-pas-comme-les-autres\/"},"wordCount":357,"commentCount":0,"publisher":{"@id":"https:\/\/dicodusport.fr\/blog\/#organization"},"image":{"@id":"https:\/\/dicodusport.fr\/blog\/30-decembre-1957-caen-nantes-un-reveil-pas-comme-les-autres\/#primaryimage"},"thumbnailUrl":"https:\/\/dicodusport.fr\/blog\/wp-content\/uploads\/2021\/12\/30-decembre-1957-Caen-\u2013-Nantes-un-reveil-pas-comme-les-autres.png","keywords":["caen","Coupe de France","Football","histoire","nantes"],"articleSection":["Football","Histoire"],"inLanguage":"fr-FR","potentialAction":[{"@type":"CommentAction","name":"Comment","target":["https:\/\/dicodusport.fr\/blog\/30-decembre-1957-caen-nantes-un-reveil-pas-comme-les-autres\/#respond"]}],"copyrightYear":"2021","copyrightHolder":{"@id":"https:\/\/dicodusport.fr\/blog\/#organization"}},{"@type":"WebPage","@id":"https:\/\/dicodusport.fr\/blog\/30-decembre-1957-caen-nantes-un-reveil-pas-comme-les-autres\/","url":"https:\/\/dicodusport.fr\/blog\/30-decembre-1957-caen-nantes-un-reveil-pas-comme-les-autres\/","name":"30 d\u00e9cembre 1957 : Caen \u2013 Nantes, un r\u00e9veil pas comme les autres","isPartOf":{"@id":"https:\/\/dicodusport.fr\/blog\/#website"},"primaryImageOfPage":{"@id":"https:\/\/dicodusport.fr\/blog\/30-decembre-1957-caen-nantes-un-reveil-pas-comme-les-autres\/#primaryimage"},"image":{"@id":"https:\/\/dicodusport.fr\/blog\/30-decembre-1957-caen-nantes-un-reveil-pas-comme-les-autres\/#primaryimage"},"thumbnailUrl":"https:\/\/dicodusport.fr\/blog\/wp-content\/uploads\/2021\/12\/30-decembre-1957-Caen-\u2013-Nantes-un-reveil-pas-comme-les-autres.png","datePublished":"2021-12-30T07:00:39+00:00","dateModified":"2021-12-30T07:12:33+00:00","description":"Le 30 d\u00e9cembre 1957, apr\u00e8s trois rencontres entre Caen et Nantes, la Coupe de France ne trouvait toujours pas son qualifi\u00e9 pour les 32\u00e8mes.","breadcrumb":{"@id":"https:\/\/dicodusport.fr\/blog\/30-decembre-1957-caen-nantes-un-reveil-pas-comme-les-autres\/#breadcrumb"},"inLanguage":"fr-FR","potentialAction":[{"@type":"ReadAction","target":["https:\/\/dicodusport.fr\/blog\/30-decembre-1957-caen-nantes-un-reveil-pas-comme-les-autres\/"]}]},{"@type":"ImageObject","inLanguage":"fr-FR","@id":"https:\/\/dicodusport.fr\/blog\/30-decembre-1957-caen-nantes-un-reveil-pas-comme-les-autres\/#primaryimage","url":"https:\/\/dicodusport.fr\/blog\/wp-content\/uploads\/2021\/12\/30-decembre-1957-Caen-\u2013-Nantes-un-reveil-pas-comme-les-autres.png","contentUrl":"https:\/\/dicodusport.fr\/blog\/wp-content\/uploads\/2021\/12\/30-decembre-1957-Caen-\u2013-Nantes-un-reveil-pas-comme-les-autres.png","width":800,"height":445,"caption":"30 d\u00e9cembre 1957 Caen \u2013 Nantes, un r\u00e9veil pas comme les autres"},{"@type":"BreadcrumbList","@id":"https:\/\/dicodusport.fr\/blog\/30-decembre-1957-caen-nantes-un-reveil-pas-comme-les-autres\/#breadcrumb","itemListElement":[{"@type":"ListItem","position":1,"name":"Accueil","item":"https:\/\/dicodusport.fr\/blog\/"},{"@type":"ListItem","position":2,"name":"30 d\u00e9cembre 1957 : Caen \u2013 Nantes, un r\u00e9veil pas comme les autres"}]},{"@type":"WebSite","@id":"https:\/\/dicodusport.fr\/blog\/#website","url":"https:\/\/dicodusport.fr\/blog\/","name":"Dicodusport","description":"L&#039;encyclop\u00e9die de l&#039;actualit\u00e9 sportive","publisher":{"@id":"https:\/\/dicodusport.fr\/blog\/#organization"},"potentialAction":[{"@type":"SearchAction","target":{"@type":"EntryPoint","urlTemplate":"https:\/\/dicodusport.fr\/blog\/?s={search_term_string}"},"query-input":{"@type":"PropertyValueSpecification","valueRequired":true,"valueName":"search_term_string"}}],"inLanguage":"fr-FR"},{"@type":"NewsMediaOrganization","@id":"https:\/\/dicodusport.fr\/blog\/#organization","name":"Dicodusport","url":"https:\/\/dicodusport.fr\/blog\/","logo":{"@type":"ImageObject","inLanguage":"fr-FR","@id":"https:\/\/dicodusport.fr\/blog\/#\/schema\/logo\/image\/","url":"https:\/\/dicodusport.fr\/blog\/wp-content\/uploads\/2020\/06\/cropped-LOGO-DICODUSPORT-2020-SANS-FOND-SANS-TEXTE.png","contentUrl":"https:\/\/dicodusport.fr\/blog\/wp-content\/uploads\/2020\/06\/cropped-LOGO-DICODUSPORT-2020-SANS-FOND-SANS-TEXTE.png","width":512,"height":512,"caption":"Dicodusport"},"image":{"@id":"https:\/\/dicodusport.fr\/blog\/#\/schema\/logo\/image\/"},"sameAs":["https:\/\/www.facebook.com\/dicodusport","https:\/\/x.com\/dicodusport","https:\/\/www.instagram.com\/dicodusport\/","https:\/\/www.youtube.com\/channel\/UC7V2KZ5sd3htJivAbA4ZG3w"],"description":"Dicodusport est l'encyclop\u00e9die de l'actualit\u00e9 sportive.","email":"bonjour@dicodusport.fr","legalName":"DICODUSPORT","foundingDate":"2018-01-14","vatID":"FR71834470973","taxID":"83447097300043","numberOfEmployees":{"@type":"QuantitativeValue","minValue":"1","maxValue":"10"}},{"@type":"Person","@id":"https:\/\/dicodusport.fr\/blog\/#\/schema\/person\/416c975648aca9da8839bdfe333a21c9","name":"Sophie Clapier","image":{"@type":"ImageObject","inLanguage":"fr-FR","@id":"https:\/\/dicodusport.fr\/blog\/#\/schema\/person\/image\/","url":"https:\/\/dicodusport.fr\/blog\/wp-content\/uploads\/2021\/05\/Sophie-Clapier-150x150.jpg","contentUrl":"https:\/\/dicodusport.fr\/blog\/wp-content\/uploads\/2021\/05\/Sophie-Clapier-150x150.jpg","caption":"Sophie Clapier"},"description":"Journaliste\/r\u00e9dactrice depuis janvier 2016 - Passionn\u00e9e de sport depuis toujours, j\u2019en ai pratiqu\u00e9 quelques-uns. Judo, football, handball ou encore tennis, je n\u2019ai jamais pu me mettre d\u2019accord sur un en particulier. Mais \u00e7a, c\u2019\u00e9tait avant de d\u00e9couvrir le basket, devenu mon sport de pr\u00e9dilection. Les actions NBA, le All-Star Week-end, la fureur des Game 7 pendant les playoffs ou mieux, lors des Finals, this is why we play. Team Spurs T.P, je m\u2019accroche encore \u00e0 Gregg Popovich (don\u2019t leave !). Team chef Curry, je souhaite qu\u2019il finisse aux Warriors (staaaay !). Non, il n\u2019y a pas qu\u2019eux, des petits nouveaux -et des petites nouvelles \u00e9videmment- arrivent chaque jour dans toutes les disciplines et cr\u00e9ent de nouveaux exploits. Alors pour les grands \u00e9v\u00e9nements et comp\u00e9titions internationales, vive les pulsations 240\/minutes et le d\u00e9fibrillateur pas loin, et allez les Bleu(e)s ! C\u2019est s\u00fbr, j\u2019aurai plus vu ma vie sur un terrain de sport, mais \u00e0 d\u00e9faut d\u2019en faire en haut niveau, je le partage avec vous.","sameAs":["https:\/\/www.facebook.com\/soocube","https:\/\/x.com\/https:\/\/twitter.com\/soocube","admin"],"url":"https:\/\/dicodusport.fr\/blog\/author\/sophie\/"}]}},"_links":{"self":[{"href":"https:\/\/dicodusport.fr\/blog\/wp-json\/wp\/v2\/posts\/188069","targetHints":{"allow":["GET"]}}],"collection":[{"href":"https:\/\/dicodusport.fr\/blog\/wp-json\/wp\/v2\/posts"}],"about":[{"href":"https:\/\/dicodusport.fr\/blog\/wp-json\/wp\/v2\/types\/post"}],"author":[{"embeddable":true,"href":"https:\/\/dicodusport.fr\/blog\/wp-json\/wp\/v2\/users\/18"}],"replies":[{"embeddable":true,"href":"https:\/\/dicodusport.fr\/blog\/wp-json\/wp\/v2\/comments?post=188069"}],"version-history":[{"count":0,"href":"https:\/\/dicodusport.fr\/blog\/wp-json\/wp\/v2\/posts\/188069\/revisions"}],"wp:featuredmedia":[{"embeddable":true,"href":"https:\/\/dicodusport.fr\/blog\/wp-json\/wp\/v2\/media\/188143"}],"wp:attachment":[{"href":"https:\/\/dicodusport.fr\/blog\/wp-json\/wp\/v2\/media?parent=188069"}],"wp:term":[{"taxonomy":"category","embeddable":true,"href":"https:\/\/dicodusport.fr\/blog\/wp-json\/wp\/v2\/categories?post=188069"},{"taxonomy":"post_tag","embeddable":true,"href":"https:\/\/dicodusport.fr\/blog\/wp-json\/wp\/v2\/tags?post=188069"}],"curies":[{"name":"wp","href":"https:\/\/api.w.org\/{rel}","templated":true}]}}