{"id":188150,"date":"2021-12-30T09:49:19","date_gmt":"2021-12-30T08:49:19","guid":{"rendered":"https:\/\/dicodusport.fr\/blog\/?p=188150&#038;preview=true&#038;preview_id=188150"},"modified":"2021-12-30T09:49:19","modified_gmt":"2021-12-30T08:49:19","slug":"ol-xherdan-shaqiri-et-dautres-lyonnais-sur-le-depart-cet-hiver","status":"publish","type":"post","link":"https:\/\/dicodusport.fr\/blog\/ol-xherdan-shaqiri-et-dautres-lyonnais-sur-le-depart-cet-hiver\/","title":{"rendered":"OL : Xherdan Shaqiri et d&rsquo;autres Lyonnais sur le d\u00e9part cet hiver ?"},"content":{"rendered":"<p style=\"text-align: justify;\"><em><b>FOOTBALL &#8211; OL &#8211; Selon nos confr\u00e8res de L&rsquo;\u00c9quipe, l&rsquo;Olympique Lyonnais voudrait d\u00e9j\u00e0 se d\u00e9barrasser de Xherdan Shaqiri d\u00e8s cet hiver.\u00a0<\/b><\/em><\/p>\n<p style=\"text-align: justify;\">Arriv\u00e9 cet \u00e9t\u00e9 en provenance de Liverpool, le Suisse <strong>Xherdan Shaqiri<\/strong> n&rsquo;a jamais convaincu dans le Rh\u00f4ne. Alors qu&rsquo;il pr\u00e9f\u00e8re \u00e9voluer dans l&rsquo;axe, il a \u00e9t\u00e9 align\u00e9 \u00e0 droite sans avoir le volume de jeu n\u00e9cessaire pour ce poste en Ligue 1. Lyon aimerait donc le vendre, mais son salaire de 350 000 euros par mois ne sera pas simple \u00e0 assumer pour une future destination. L&rsquo;OL, qui a aussi perdu gros avec les matchs \u00e0 huis-clos, et qui va encore perdre plusieurs millions avec le retour de la jauge, sera attentif si de belles offres arrivent pour d&rsquo;autres joueurs. On apprend que <strong>Bruno Guimares<\/strong> est suivi pas l&rsquo;AS Rome alors que <strong>Moussa Demb\u00e9l\u00e9<\/strong> revient toujours comme un renfort potentiel des nouveaux propri\u00e9taires de Newcastle.<\/p>\n<p style=\"text-align: justify;\">Dans le sens des arriv\u00e9es, Lyon essaye de finaliser le dossier qui m\u00e8ne \u00e0 <strong>Sardar Azmoun<\/strong>, alors que le joueur sera libre de tout contrat dans 6 mois.<\/p>\n<blockquote class=\"twitter-tweet\">\n<p dir=\"ltr\" lang=\"fr\">Xherdan Shaqiri se retrouve en \u00abune\u00bb de <a href=\"https:\/\/twitter.com\/lequipe?ref_src=twsrc%5Etfw\">@lequipe<\/a> ce matin, mais pas pour les bonnes raisons. Les soldes ont d\u00e9j\u00e0 commenc\u00e9 \u00e0 l&rsquo;<a href=\"https:\/\/twitter.com\/OL?ref_src=twsrc%5Etfw\">@OL<\/a>, selon le quotidien fran\u00e7ais. <a href=\"https:\/\/t.co\/CHTMWNqZI5\">https:\/\/t.co\/CHTMWNqZI5<\/a><\/p>\n<p>\u2014 Ugo Curty (@UgoCurty) <a href=\"https:\/\/twitter.com\/UgoCurty\/status\/1476457242010566658?ref_src=twsrc%5Etfw\">December 30, 2021<\/a><\/p><\/blockquote>\n<p style=\"text-align: justify;\"><script async src=\"https:\/\/platform.twitter.com\/widgets.js\" charset=\"utf-8\"><\/script><\/p>\n","protected":false},"excerpt":{"rendered":"<p>FOOTBALL &#8211; OL &#8211; Selon nos confr\u00e8res de L&rsquo;\u00c9quipe, l&rsquo;Olympique Lyonnais voudrait d\u00e9j\u00e0 se d\u00e9barrasser de Xherdan Shaqiri d\u00e8s cet hiver.\u00a0<\/p>\n","protected":false},"author":1,"featured_media":188151,"comment_status":"open","ping_status":"closed","sticky":false,"template":"","format":"standard","meta":{"_acf_changed":false,"_daextam_enable_autolinks":"","footnotes":""},"categories":[47045],"tags":[1554,449,1145],"class_list":["post-188150","post","type-post","status-publish","format-standard","has-post-thumbnail","hentry","category-ligue-1","tag-ligue-1","tag-lyon","tag-ol"],"acf":[],"yoast_head":"<!-- This site is optimized with the Yoast SEO Premium plugin v26.7 (Yoast SEO v26.7) - https:\/\/yoast.com\/wordpress\/plugins\/seo\/ -->\n<title>OL : Xherdan Shaqiri et d&#039;autres Lyonnais sur le d\u00e9part cet hiver ?<\/title>\n<meta name=\"description\" content=\"FOOTBALL - OL - Selon nos confr\u00e8res de L&#039;\u00c9quipe, l&#039;Olympique Lyonnais voudrait d\u00e9j\u00e0 se d\u00e9barrasser de Xherdan Shaqiri d\u00e8s cet hiver.\u00a0\" \/>\n<meta name=\"robots\" content=\"index, follow, max-snippet:-1, max-image-preview:large, max-video-preview:-1\" \/>\n<link rel=\"canonical\" href=\"https:\/\/dicodusport.fr\/blog\/ol-xherdan-shaqiri-et-dautres-lyonnais-sur-le-depart-cet-hiver\/\" \/>\n<meta property=\"og:locale\" content=\"fr_FR\" \/>\n<meta property=\"og:type\" content=\"article\" \/>\n<meta property=\"og:title\" content=\"OL : Xherdan Shaqiri et d&#039;autres Lyonnais sur le d\u00e9part cet hiver ?\" \/>\n<meta property=\"og:description\" content=\"FOOTBALL - OL - Selon nos confr\u00e8res de L&#039;\u00c9quipe, l&#039;Olympique Lyonnais voudrait d\u00e9j\u00e0 se d\u00e9barrasser de Xherdan Shaqiri d\u00e8s cet hiver.\u00a0\" \/>\n<meta property=\"og:url\" content=\"https:\/\/dicodusport.fr\/blog\/ol-xherdan-shaqiri-et-dautres-lyonnais-sur-le-depart-cet-hiver\/\" \/>\n<meta property=\"og:site_name\" content=\"Dicodusport\" \/>\n<meta property=\"article:publisher\" content=\"https:\/\/www.facebook.com\/dicodusport\" \/>\n<meta property=\"article:author\" content=\"https:\/\/www.facebook.com\/dicodusport\" \/>\n<meta property=\"article:published_time\" content=\"2021-12-30T08:49:19+00:00\" \/>\n<meta property=\"og:image\" content=\"https:\/\/dicodusport.fr\/blog\/wp-content\/uploads\/2021\/12\/OL-Xherdan-Shaqiri-et-dautres-joueurs-sur-le-de\u0301part-cet-hiver-.png\" \/>\n\t<meta property=\"og:image:width\" content=\"800\" \/>\n\t<meta property=\"og:image:height\" content=\"445\" \/>\n\t<meta property=\"og:image:type\" content=\"image\/png\" \/>\n<meta name=\"author\" content=\"Nicolas Jacquemard\" \/>\n<meta name=\"twitter:card\" content=\"summary_large_image\" \/>\n<meta name=\"twitter:title\" content=\"OL : Xherdan Shaqiri et d&#039;autres Lyonnais sur le d\u00e9part cet hiver ?\" \/>\n<meta name=\"twitter:creator\" content=\"@https:\/\/twitter.com\/Nico_Jacquemard\" \/>\n<meta name=\"twitter:site\" content=\"@dicodusport\" \/>\n<script type=\"application\/ld+json\" class=\"yoast-schema-graph\">{\"@context\":\"https:\/\/schema.org\",\"@graph\":[{\"@type\":\"NewsArticle\",\"@id\":\"https:\/\/dicodusport.fr\/blog\/ol-xherdan-shaqiri-et-dautres-lyonnais-sur-le-depart-cet-hiver\/#article\",\"isPartOf\":{\"@id\":\"https:\/\/dicodusport.fr\/blog\/ol-xherdan-shaqiri-et-dautres-lyonnais-sur-le-depart-cet-hiver\/\"},\"author\":{\"name\":\"Nicolas Jacquemard\",\"@id\":\"https:\/\/dicodusport.fr\/blog\/#\/schema\/person\/55dcb50ad410894e431ed812bbb70191\"},\"headline\":\"OL : Xherdan Shaqiri et d&rsquo;autres Lyonnais sur le d\u00e9part cet hiver ?\",\"datePublished\":\"2021-12-30T08:49:19+00:00\",\"mainEntityOfPage\":{\"@id\":\"https:\/\/dicodusport.fr\/blog\/ol-xherdan-shaqiri-et-dautres-lyonnais-sur-le-depart-cet-hiver\/\"},\"wordCount\":236,\"commentCount\":0,\"publisher\":{\"@id\":\"https:\/\/dicodusport.fr\/blog\/#organization\"},\"image\":{\"@id\":\"https:\/\/dicodusport.fr\/blog\/ol-xherdan-shaqiri-et-dautres-lyonnais-sur-le-depart-cet-hiver\/#primaryimage\"},\"thumbnailUrl\":\"https:\/\/dicodusport.fr\/blog\/wp-content\/uploads\/2021\/12\/OL-Xherdan-Shaqiri-et-dautres-joueurs-sur-le-de\u0301part-cet-hiver-.png\",\"keywords\":[\"Ligue 1\",\"Lyon\",\"OL\"],\"articleSection\":[\"Ligue 1\"],\"inLanguage\":\"fr-FR\",\"potentialAction\":[{\"@type\":\"CommentAction\",\"name\":\"Comment\",\"target\":[\"https:\/\/dicodusport.fr\/blog\/ol-xherdan-shaqiri-et-dautres-lyonnais-sur-le-depart-cet-hiver\/#respond\"]}],\"copyrightYear\":\"2021\",\"copyrightHolder\":{\"@id\":\"https:\/\/dicodusport.fr\/blog\/#organization\"}},{\"@type\":\"WebPage\",\"@id\":\"https:\/\/dicodusport.fr\/blog\/ol-xherdan-shaqiri-et-dautres-lyonnais-sur-le-depart-cet-hiver\/\",\"url\":\"https:\/\/dicodusport.fr\/blog\/ol-xherdan-shaqiri-et-dautres-lyonnais-sur-le-depart-cet-hiver\/\",\"name\":\"OL : Xherdan Shaqiri et d'autres Lyonnais sur le d\u00e9part cet hiver ?\",\"isPartOf\":{\"@id\":\"https:\/\/dicodusport.fr\/blog\/#website\"},\"primaryImageOfPage\":{\"@id\":\"https:\/\/dicodusport.fr\/blog\/ol-xherdan-shaqiri-et-dautres-lyonnais-sur-le-depart-cet-hiver\/#primaryimage\"},\"image\":{\"@id\":\"https:\/\/dicodusport.fr\/blog\/ol-xherdan-shaqiri-et-dautres-lyonnais-sur-le-depart-cet-hiver\/#primaryimage\"},\"thumbnailUrl\":\"https:\/\/dicodusport.fr\/blog\/wp-content\/uploads\/2021\/12\/OL-Xherdan-Shaqiri-et-dautres-joueurs-sur-le-de\u0301part-cet-hiver-.png\",\"datePublished\":\"2021-12-30T08:49:19+00:00\",\"description\":\"FOOTBALL - OL - Selon nos confr\u00e8res de L'\u00c9quipe, l'Olympique Lyonnais voudrait d\u00e9j\u00e0 se d\u00e9barrasser de Xherdan Shaqiri d\u00e8s cet hiver.\u00a0\",\"breadcrumb\":{\"@id\":\"https:\/\/dicodusport.fr\/blog\/ol-xherdan-shaqiri-et-dautres-lyonnais-sur-le-depart-cet-hiver\/#breadcrumb\"},\"inLanguage\":\"fr-FR\",\"potentialAction\":[{\"@type\":\"ReadAction\",\"target\":[\"https:\/\/dicodusport.fr\/blog\/ol-xherdan-shaqiri-et-dautres-lyonnais-sur-le-depart-cet-hiver\/\"]}]},{\"@type\":\"ImageObject\",\"inLanguage\":\"fr-FR\",\"@id\":\"https:\/\/dicodusport.fr\/blog\/ol-xherdan-shaqiri-et-dautres-lyonnais-sur-le-depart-cet-hiver\/#primaryimage\",\"url\":\"https:\/\/dicodusport.fr\/blog\/wp-content\/uploads\/2021\/12\/OL-Xherdan-Shaqiri-et-dautres-joueurs-sur-le-de\u0301part-cet-hiver-.png\",\"contentUrl\":\"https:\/\/dicodusport.fr\/blog\/wp-content\/uploads\/2021\/12\/OL-Xherdan-Shaqiri-et-dautres-joueurs-sur-le-de\u0301part-cet-hiver-.png\",\"width\":800,\"height\":445},{\"@type\":\"BreadcrumbList\",\"@id\":\"https:\/\/dicodusport.fr\/blog\/ol-xherdan-shaqiri-et-dautres-lyonnais-sur-le-depart-cet-hiver\/#breadcrumb\",\"itemListElement\":[{\"@type\":\"ListItem\",\"position\":1,\"name\":\"Accueil\",\"item\":\"https:\/\/dicodusport.fr\/blog\/\"},{\"@type\":\"ListItem\",\"position\":2,\"name\":\"OL : Xherdan Shaqiri et d&rsquo;autres Lyonnais sur le d\u00e9part cet hiver ?\"}]},{\"@type\":\"WebSite\",\"@id\":\"https:\/\/dicodusport.fr\/blog\/#website\",\"url\":\"https:\/\/dicodusport.fr\/blog\/\",\"name\":\"Dicodusport\",\"description\":\"L&#039;encyclop\u00e9die de l&#039;actualit\u00e9 sportive\",\"publisher\":{\"@id\":\"https:\/\/dicodusport.fr\/blog\/#organization\"},\"potentialAction\":[{\"@type\":\"SearchAction\",\"target\":{\"@type\":\"EntryPoint\",\"urlTemplate\":\"https:\/\/dicodusport.fr\/blog\/?s={search_term_string}\"},\"query-input\":{\"@type\":\"PropertyValueSpecification\",\"valueRequired\":true,\"valueName\":\"search_term_string\"}}],\"inLanguage\":\"fr-FR\"},{\"@type\":\"NewsMediaOrganization\",\"@id\":\"https:\/\/dicodusport.fr\/blog\/#organization\",\"name\":\"Dicodusport\",\"url\":\"https:\/\/dicodusport.fr\/blog\/\",\"logo\":{\"@type\":\"ImageObject\",\"inLanguage\":\"fr-FR\",\"@id\":\"https:\/\/dicodusport.fr\/blog\/#\/schema\/logo\/image\/\",\"url\":\"https:\/\/dicodusport.fr\/blog\/wp-content\/uploads\/2020\/06\/cropped-LOGO-DICODUSPORT-2020-SANS-FOND-SANS-TEXTE.png\",\"contentUrl\":\"https:\/\/dicodusport.fr\/blog\/wp-content\/uploads\/2020\/06\/cropped-LOGO-DICODUSPORT-2020-SANS-FOND-SANS-TEXTE.png\",\"width\":512,\"height\":512,\"caption\":\"Dicodusport\"},\"image\":{\"@id\":\"https:\/\/dicodusport.fr\/blog\/#\/schema\/logo\/image\/\"},\"sameAs\":[\"https:\/\/www.facebook.com\/dicodusport\",\"https:\/\/x.com\/dicodusport\",\"https:\/\/www.instagram.com\/dicodusport\/\",\"https:\/\/www.youtube.com\/channel\/UC7V2KZ5sd3htJivAbA4ZG3w\"],\"description\":\"Dicodusport est l'encyclop\u00e9die de l'actualit\u00e9 sportive.\",\"email\":\"bonjour@dicodusport.fr\",\"legalName\":\"DICODUSPORT\",\"foundingDate\":\"2018-01-14\",\"vatID\":\"FR71834470973\",\"taxID\":\"83447097300043\",\"numberOfEmployees\":{\"@type\":\"QuantitativeValue\",\"minValue\":\"1\",\"maxValue\":\"10\"}},{\"@type\":\"Person\",\"@id\":\"https:\/\/dicodusport.fr\/blog\/#\/schema\/person\/55dcb50ad410894e431ed812bbb70191\",\"name\":\"Nicolas Jacquemard\",\"image\":{\"@type\":\"ImageObject\",\"inLanguage\":\"fr-FR\",\"@id\":\"https:\/\/dicodusport.fr\/blog\/#\/schema\/person\/image\/\",\"url\":\"https:\/\/dicodusport.fr\/blog\/wp-content\/uploads\/2021\/05\/Nicolas-Jacquemard-150x150.jpeg\",\"contentUrl\":\"https:\/\/dicodusport.fr\/blog\/wp-content\/uploads\/2021\/05\/Nicolas-Jacquemard-150x150.jpeg\",\"caption\":\"Nicolas Jacquemard\"},\"description\":\"Passionn\u00e9 de sport et entrepreneur depuis mes 18 ans, la cr\u00e9ation de Dicodusport m'a sembl\u00e9 \u00e9vidente pour participer \u00e0 la m\u00e9diatisation d'un plus grand nombre de sports. Le chemin est long mais avec une \u00e9quipe des plus motiv\u00e9es et les Jeux Olympiques de Paris 2024 en point de mire, nous y arriverons ! Journaliste dans le monde du sport depuis plus de 5 ans, je traite aussi bien de football, de rugby, de biathlon que de cyclisme.\",\"sameAs\":[\"https:\/\/www.facebook.com\/dicodusport\",\"https:\/\/x.com\/https:\/\/twitter.com\/Nico_Jacquemard\"],\"url\":\"https:\/\/dicodusport.fr\/blog\/author\/dicodusport\/\"}]}<\/script>\n<!-- \/ Yoast SEO Premium plugin. -->","yoast_head_json":{"title":"OL : Xherdan Shaqiri et d'autres Lyonnais sur le d\u00e9part cet hiver ?","description":"FOOTBALL - OL - Selon nos confr\u00e8res de L'\u00c9quipe, l'Olympique Lyonnais voudrait d\u00e9j\u00e0 se d\u00e9barrasser de Xherdan Shaqiri d\u00e8s cet hiver.\u00a0","robots":{"index":"index","follow":"follow","max-snippet":"max-snippet:-1","max-image-preview":"max-image-preview:large","max-video-preview":"max-video-preview:-1"},"canonical":"https:\/\/dicodusport.fr\/blog\/ol-xherdan-shaqiri-et-dautres-lyonnais-sur-le-depart-cet-hiver\/","og_locale":"fr_FR","og_type":"article","og_title":"OL : Xherdan Shaqiri et d'autres Lyonnais sur le d\u00e9part cet hiver ?","og_description":"FOOTBALL - OL - Selon nos confr\u00e8res de L'\u00c9quipe, l'Olympique Lyonnais voudrait d\u00e9j\u00e0 se d\u00e9barrasser de Xherdan Shaqiri d\u00e8s cet hiver.\u00a0","og_url":"https:\/\/dicodusport.fr\/blog\/ol-xherdan-shaqiri-et-dautres-lyonnais-sur-le-depart-cet-hiver\/","og_site_name":"Dicodusport","article_publisher":"https:\/\/www.facebook.com\/dicodusport","article_author":"https:\/\/www.facebook.com\/dicodusport","article_published_time":"2021-12-30T08:49:19+00:00","og_image":[{"width":800,"height":445,"url":"https:\/\/dicodusport.fr\/blog\/wp-content\/uploads\/2021\/12\/OL-Xherdan-Shaqiri-et-dautres-joueurs-sur-le-de\u0301part-cet-hiver-.png","type":"image\/png"}],"author":"Nicolas Jacquemard","twitter_card":"summary_large_image","twitter_title":"OL : Xherdan Shaqiri et d'autres Lyonnais sur le d\u00e9part cet hiver ?","twitter_creator":"@https:\/\/twitter.com\/Nico_Jacquemard","twitter_site":"@dicodusport","schema":{"@context":"https:\/\/schema.org","@graph":[{"@type":"NewsArticle","@id":"https:\/\/dicodusport.fr\/blog\/ol-xherdan-shaqiri-et-dautres-lyonnais-sur-le-depart-cet-hiver\/#article","isPartOf":{"@id":"https:\/\/dicodusport.fr\/blog\/ol-xherdan-shaqiri-et-dautres-lyonnais-sur-le-depart-cet-hiver\/"},"author":{"name":"Nicolas Jacquemard","@id":"https:\/\/dicodusport.fr\/blog\/#\/schema\/person\/55dcb50ad410894e431ed812bbb70191"},"headline":"OL : Xherdan Shaqiri et d&rsquo;autres Lyonnais sur le d\u00e9part cet hiver ?","datePublished":"2021-12-30T08:49:19+00:00","mainEntityOfPage":{"@id":"https:\/\/dicodusport.fr\/blog\/ol-xherdan-shaqiri-et-dautres-lyonnais-sur-le-depart-cet-hiver\/"},"wordCount":236,"commentCount":0,"publisher":{"@id":"https:\/\/dicodusport.fr\/blog\/#organization"},"image":{"@id":"https:\/\/dicodusport.fr\/blog\/ol-xherdan-shaqiri-et-dautres-lyonnais-sur-le-depart-cet-hiver\/#primaryimage"},"thumbnailUrl":"https:\/\/dicodusport.fr\/blog\/wp-content\/uploads\/2021\/12\/OL-Xherdan-Shaqiri-et-dautres-joueurs-sur-le-de\u0301part-cet-hiver-.png","keywords":["Ligue 1","Lyon","OL"],"articleSection":["Ligue 1"],"inLanguage":"fr-FR","potentialAction":[{"@type":"CommentAction","name":"Comment","target":["https:\/\/dicodusport.fr\/blog\/ol-xherdan-shaqiri-et-dautres-lyonnais-sur-le-depart-cet-hiver\/#respond"]}],"copyrightYear":"2021","copyrightHolder":{"@id":"https:\/\/dicodusport.fr\/blog\/#organization"}},{"@type":"WebPage","@id":"https:\/\/dicodusport.fr\/blog\/ol-xherdan-shaqiri-et-dautres-lyonnais-sur-le-depart-cet-hiver\/","url":"https:\/\/dicodusport.fr\/blog\/ol-xherdan-shaqiri-et-dautres-lyonnais-sur-le-depart-cet-hiver\/","name":"OL : Xherdan Shaqiri et d'autres Lyonnais sur le d\u00e9part cet hiver ?","isPartOf":{"@id":"https:\/\/dicodusport.fr\/blog\/#website"},"primaryImageOfPage":{"@id":"https:\/\/dicodusport.fr\/blog\/ol-xherdan-shaqiri-et-dautres-lyonnais-sur-le-depart-cet-hiver\/#primaryimage"},"image":{"@id":"https:\/\/dicodusport.fr\/blog\/ol-xherdan-shaqiri-et-dautres-lyonnais-sur-le-depart-cet-hiver\/#primaryimage"},"thumbnailUrl":"https:\/\/dicodusport.fr\/blog\/wp-content\/uploads\/2021\/12\/OL-Xherdan-Shaqiri-et-dautres-joueurs-sur-le-de\u0301part-cet-hiver-.png","datePublished":"2021-12-30T08:49:19+00:00","description":"FOOTBALL - OL - Selon nos confr\u00e8res de L'\u00c9quipe, l'Olympique Lyonnais voudrait d\u00e9j\u00e0 se d\u00e9barrasser de Xherdan Shaqiri d\u00e8s cet hiver.\u00a0","breadcrumb":{"@id":"https:\/\/dicodusport.fr\/blog\/ol-xherdan-shaqiri-et-dautres-lyonnais-sur-le-depart-cet-hiver\/#breadcrumb"},"inLanguage":"fr-FR","potentialAction":[{"@type":"ReadAction","target":["https:\/\/dicodusport.fr\/blog\/ol-xherdan-shaqiri-et-dautres-lyonnais-sur-le-depart-cet-hiver\/"]}]},{"@type":"ImageObject","inLanguage":"fr-FR","@id":"https:\/\/dicodusport.fr\/blog\/ol-xherdan-shaqiri-et-dautres-lyonnais-sur-le-depart-cet-hiver\/#primaryimage","url":"https:\/\/dicodusport.fr\/blog\/wp-content\/uploads\/2021\/12\/OL-Xherdan-Shaqiri-et-dautres-joueurs-sur-le-de\u0301part-cet-hiver-.png","contentUrl":"https:\/\/dicodusport.fr\/blog\/wp-content\/uploads\/2021\/12\/OL-Xherdan-Shaqiri-et-dautres-joueurs-sur-le-de\u0301part-cet-hiver-.png","width":800,"height":445},{"@type":"BreadcrumbList","@id":"https:\/\/dicodusport.fr\/blog\/ol-xherdan-shaqiri-et-dautres-lyonnais-sur-le-depart-cet-hiver\/#breadcrumb","itemListElement":[{"@type":"ListItem","position":1,"name":"Accueil","item":"https:\/\/dicodusport.fr\/blog\/"},{"@type":"ListItem","position":2,"name":"OL : Xherdan Shaqiri et d&rsquo;autres Lyonnais sur le d\u00e9part cet hiver ?"}]},{"@type":"WebSite","@id":"https:\/\/dicodusport.fr\/blog\/#website","url":"https:\/\/dicodusport.fr\/blog\/","name":"Dicodusport","description":"L&#039;encyclop\u00e9die de l&#039;actualit\u00e9 sportive","publisher":{"@id":"https:\/\/dicodusport.fr\/blog\/#organization"},"potentialAction":[{"@type":"SearchAction","target":{"@type":"EntryPoint","urlTemplate":"https:\/\/dicodusport.fr\/blog\/?s={search_term_string}"},"query-input":{"@type":"PropertyValueSpecification","valueRequired":true,"valueName":"search_term_string"}}],"inLanguage":"fr-FR"},{"@type":"NewsMediaOrganization","@id":"https:\/\/dicodusport.fr\/blog\/#organization","name":"Dicodusport","url":"https:\/\/dicodusport.fr\/blog\/","logo":{"@type":"ImageObject","inLanguage":"fr-FR","@id":"https:\/\/dicodusport.fr\/blog\/#\/schema\/logo\/image\/","url":"https:\/\/dicodusport.fr\/blog\/wp-content\/uploads\/2020\/06\/cropped-LOGO-DICODUSPORT-2020-SANS-FOND-SANS-TEXTE.png","contentUrl":"https:\/\/dicodusport.fr\/blog\/wp-content\/uploads\/2020\/06\/cropped-LOGO-DICODUSPORT-2020-SANS-FOND-SANS-TEXTE.png","width":512,"height":512,"caption":"Dicodusport"},"image":{"@id":"https:\/\/dicodusport.fr\/blog\/#\/schema\/logo\/image\/"},"sameAs":["https:\/\/www.facebook.com\/dicodusport","https:\/\/x.com\/dicodusport","https:\/\/www.instagram.com\/dicodusport\/","https:\/\/www.youtube.com\/channel\/UC7V2KZ5sd3htJivAbA4ZG3w"],"description":"Dicodusport est l'encyclop\u00e9die de l'actualit\u00e9 sportive.","email":"bonjour@dicodusport.fr","legalName":"DICODUSPORT","foundingDate":"2018-01-14","vatID":"FR71834470973","taxID":"83447097300043","numberOfEmployees":{"@type":"QuantitativeValue","minValue":"1","maxValue":"10"}},{"@type":"Person","@id":"https:\/\/dicodusport.fr\/blog\/#\/schema\/person\/55dcb50ad410894e431ed812bbb70191","name":"Nicolas Jacquemard","image":{"@type":"ImageObject","inLanguage":"fr-FR","@id":"https:\/\/dicodusport.fr\/blog\/#\/schema\/person\/image\/","url":"https:\/\/dicodusport.fr\/blog\/wp-content\/uploads\/2021\/05\/Nicolas-Jacquemard-150x150.jpeg","contentUrl":"https:\/\/dicodusport.fr\/blog\/wp-content\/uploads\/2021\/05\/Nicolas-Jacquemard-150x150.jpeg","caption":"Nicolas Jacquemard"},"description":"Passionn\u00e9 de sport et entrepreneur depuis mes 18 ans, la cr\u00e9ation de Dicodusport m'a sembl\u00e9 \u00e9vidente pour participer \u00e0 la m\u00e9diatisation d'un plus grand nombre de sports. Le chemin est long mais avec une \u00e9quipe des plus motiv\u00e9es et les Jeux Olympiques de Paris 2024 en point de mire, nous y arriverons ! Journaliste dans le monde du sport depuis plus de 5 ans, je traite aussi bien de football, de rugby, de biathlon que de cyclisme.","sameAs":["https:\/\/www.facebook.com\/dicodusport","https:\/\/x.com\/https:\/\/twitter.com\/Nico_Jacquemard"],"url":"https:\/\/dicodusport.fr\/blog\/author\/dicodusport\/"}]}},"_links":{"self":[{"href":"https:\/\/dicodusport.fr\/blog\/wp-json\/wp\/v2\/posts\/188150","targetHints":{"allow":["GET"]}}],"collection":[{"href":"https:\/\/dicodusport.fr\/blog\/wp-json\/wp\/v2\/posts"}],"about":[{"href":"https:\/\/dicodusport.fr\/blog\/wp-json\/wp\/v2\/types\/post"}],"author":[{"embeddable":true,"href":"https:\/\/dicodusport.fr\/blog\/wp-json\/wp\/v2\/users\/1"}],"replies":[{"embeddable":true,"href":"https:\/\/dicodusport.fr\/blog\/wp-json\/wp\/v2\/comments?post=188150"}],"version-history":[{"count":0,"href":"https:\/\/dicodusport.fr\/blog\/wp-json\/wp\/v2\/posts\/188150\/revisions"}],"wp:featuredmedia":[{"embeddable":true,"href":"https:\/\/dicodusport.fr\/blog\/wp-json\/wp\/v2\/media\/188151"}],"wp:attachment":[{"href":"https:\/\/dicodusport.fr\/blog\/wp-json\/wp\/v2\/media?parent=188150"}],"wp:term":[{"taxonomy":"category","embeddable":true,"href":"https:\/\/dicodusport.fr\/blog\/wp-json\/wp\/v2\/categories?post=188150"},{"taxonomy":"post_tag","embeddable":true,"href":"https:\/\/dicodusport.fr\/blog\/wp-json\/wp\/v2\/tags?post=188150"}],"curies":[{"name":"wp","href":"https:\/\/api.w.org\/{rel}","templated":true}]}}