{"id":188173,"date":"2021-12-30T12:16:07","date_gmt":"2021-12-30T11:16:07","guid":{"rendered":"https:\/\/dicodusport.fr\/blog\/?p=188173&#038;preview=true&#038;preview_id=188173"},"modified":"2021-12-30T18:10:51","modified_gmt":"2021-12-30T17:10:51","slug":"ousmane-dembele-vers-la-juventus-le-psg-reste-a-l-affut","status":"publish","type":"post","link":"https:\/\/dicodusport.fr\/blog\/ousmane-dembele-vers-la-juventus-le-psg-reste-a-l-affut\/","title":{"rendered":"Ousmane Demb\u00e9l\u00e9 vers la Juventus, le PSG reste \u00e0 l&rsquo;aff\u00fbt"},"content":{"rendered":"<p style=\"text-align: justify;\"><strong><em>MERCATO FOOTBALL &#8211; L&rsquo;avenir d&rsquo;Ousmane Demb\u00e9l\u00e9 ne semble pas \u00eatre au FC Barcelone. En effet, selon Sport, c&rsquo;est la Juventus qui tiendrait d\u00e9sormais la corde.\u00a0<\/em><\/strong><\/p>\n<p style=\"text-align: justify;\">Il y a encore quelques jours, une prolongation au Bar\u00e7a semblait en bonne voie pour <strong>Ousmane Demb\u00e9l\u00e9<\/strong>. Mais les demandes de l&rsquo;agent du joueur, dont un salaire de <strong>40 millions d&rsquo;euros bruts par saison<\/strong>, auraient finalement rebut\u00e9 le club catalan. Plusieurs clubs sont sur le coup mais selon le quotidien espagnol Sport, la Juventus aurait obtenu un accord de principe pour signer <strong>Ousmane Demb\u00e9l\u00e9<\/strong>. Le PSG, Manchester United et Newcastle suivent aussi ce dossier de pr\u00e8s.<\/p>\n<blockquote class=\"twitter-tweet\">\n<p dir=\"ltr\" lang=\"fr\">&#x1f534; Sport annonce un accord de principe entre Ousmane Demb\u00e9l\u00e9 et la Juve. Le quotidien pr\u00e9cise que le joueur et son entourage continuent d&rsquo;\u00eatre attentifs aux autres offres. Sport cite notamment le PSG, MU et Newcastle.<\/p>\n<p>\u2014 RMC Sport (@RMCsport) <a href=\"https:\/\/twitter.com\/RMCsport\/status\/1476499449451057159?ref_src=twsrc%5Etfw\">December 30, 2021<\/a><\/p><\/blockquote>\n<p style=\"text-align: justify;\"><script async src=\"https:\/\/platform.twitter.com\/widgets.js\" charset=\"utf-8\"><\/script><\/p>\n","protected":false},"excerpt":{"rendered":"<p>MERCATO FOOTBALL &#8211; L&rsquo;avenir d&rsquo;Ousmane Demb\u00e9l\u00e9 ne semble pas \u00eatre au FC Barcelone. En effet, selon Sport, c&rsquo;est la Juventus qui tiendrait d\u00e9sormais la corde.\u00a0\u00a0<\/p>\n","protected":false},"author":1,"featured_media":188177,"comment_status":"open","ping_status":"closed","sticky":false,"template":"","format":"standard","meta":{"_acf_changed":false,"_daextam_enable_autolinks":"","footnotes":""},"categories":[2301],"tags":[5184,4203,75,2454,8554],"class_list":["post-188173","post","type-post","status-publish","format-standard","has-post-thumbnail","hentry","category-football","tag-dembele","tag-fc-barcelone","tag-football","tag-juventus","tag-ousmane-dembele"],"acf":[],"yoast_head":"<!-- This site is optimized with the Yoast SEO Premium plugin v26.7 (Yoast SEO v26.7) - https:\/\/yoast.com\/wordpress\/plugins\/seo\/ -->\n<title>Ousmane Demb\u00e9l\u00e9 vers la Juventus, le PSG reste \u00e0 l&#039;aff\u00fbt<\/title>\n<meta name=\"description\" content=\"MERCATO FOOTBALL - L&#039;avenir d&#039;Ousmane Demb\u00e9l\u00e9 ne semble pas \u00eatre au FC Barcelone. Selon Sport, la Juventus tient d\u00e9sormais la corde.\u00a0\" \/>\n<meta name=\"robots\" content=\"index, follow, max-snippet:-1, max-image-preview:large, max-video-preview:-1\" \/>\n<link rel=\"canonical\" href=\"https:\/\/dicodusport.fr\/blog\/ousmane-dembele-vers-la-juventus-le-psg-reste-a-l-affut\/\" \/>\n<meta property=\"og:locale\" content=\"fr_FR\" \/>\n<meta property=\"og:type\" content=\"article\" \/>\n<meta property=\"og:title\" content=\"Ousmane Demb\u00e9l\u00e9 vers la Juventus, le PSG reste \u00e0 l&#039;aff\u00fbt\" \/>\n<meta property=\"og:description\" content=\"MERCATO FOOTBALL - L&#039;avenir d&#039;Ousmane Demb\u00e9l\u00e9 ne semble pas \u00eatre au FC Barcelone. Selon Sport, la Juventus tient d\u00e9sormais la corde.\u00a0\" \/>\n<meta property=\"og:url\" content=\"https:\/\/dicodusport.fr\/blog\/ousmane-dembele-vers-la-juventus-le-psg-reste-a-l-affut\/\" \/>\n<meta property=\"og:site_name\" content=\"Dicodusport\" \/>\n<meta property=\"article:publisher\" content=\"https:\/\/www.facebook.com\/dicodusport\" \/>\n<meta property=\"article:author\" content=\"https:\/\/www.facebook.com\/dicodusport\" \/>\n<meta property=\"article:published_time\" content=\"2021-12-30T11:16:07+00:00\" \/>\n<meta property=\"article:modified_time\" content=\"2021-12-30T17:10:51+00:00\" \/>\n<meta property=\"og:image\" content=\"https:\/\/dicodusport.fr\/blog\/wp-content\/uploads\/2021\/12\/Ousmane-Dembe\u0301le\u0301-vers-la-Juve-le-PSG-reste-a\u0300-laffut.png\" \/>\n\t<meta property=\"og:image:width\" content=\"800\" \/>\n\t<meta property=\"og:image:height\" content=\"445\" \/>\n\t<meta property=\"og:image:type\" content=\"image\/png\" \/>\n<meta name=\"author\" content=\"Nicolas Jacquemard\" \/>\n<meta name=\"twitter:card\" content=\"summary_large_image\" \/>\n<meta name=\"twitter:title\" content=\"Ousmane Demb\u00e9l\u00e9 vers la Juventus, le PSG reste \u00e0 l&#039;aff\u00fbt\" \/>\n<meta name=\"twitter:creator\" content=\"@https:\/\/twitter.com\/Nico_Jacquemard\" \/>\n<meta name=\"twitter:site\" content=\"@dicodusport\" \/>\n<script type=\"application\/ld+json\" class=\"yoast-schema-graph\">{\"@context\":\"https:\/\/schema.org\",\"@graph\":[{\"@type\":\"NewsArticle\",\"@id\":\"https:\/\/dicodusport.fr\/blog\/ousmane-dembele-vers-la-juventus-le-psg-reste-a-l-affut\/#article\",\"isPartOf\":{\"@id\":\"https:\/\/dicodusport.fr\/blog\/ousmane-dembele-vers-la-juventus-le-psg-reste-a-l-affut\/\"},\"author\":{\"name\":\"Nicolas Jacquemard\",\"@id\":\"https:\/\/dicodusport.fr\/blog\/#\/schema\/person\/55dcb50ad410894e431ed812bbb70191\"},\"headline\":\"Ousmane Demb\u00e9l\u00e9 vers la Juventus, le PSG reste \u00e0 l&rsquo;aff\u00fbt\",\"datePublished\":\"2021-12-30T11:16:07+00:00\",\"dateModified\":\"2021-12-30T17:10:51+00:00\",\"mainEntityOfPage\":{\"@id\":\"https:\/\/dicodusport.fr\/blog\/ousmane-dembele-vers-la-juventus-le-psg-reste-a-l-affut\/\"},\"wordCount\":167,\"commentCount\":0,\"publisher\":{\"@id\":\"https:\/\/dicodusport.fr\/blog\/#organization\"},\"image\":{\"@id\":\"https:\/\/dicodusport.fr\/blog\/ousmane-dembele-vers-la-juventus-le-psg-reste-a-l-affut\/#primaryimage\"},\"thumbnailUrl\":\"https:\/\/dicodusport.fr\/blog\/wp-content\/uploads\/2021\/12\/Ousmane-Dembe\u0301le\u0301-vers-la-Juve-le-PSG-reste-a\u0300-laffut.png\",\"keywords\":[\"Demb\u00e9l\u00e9\",\"FC Barcelone\",\"Football\",\"juventus\",\"Ousmane Demb\u00e9l\u00e9\"],\"articleSection\":[\"Football\"],\"inLanguage\":\"fr-FR\",\"potentialAction\":[{\"@type\":\"CommentAction\",\"name\":\"Comment\",\"target\":[\"https:\/\/dicodusport.fr\/blog\/ousmane-dembele-vers-la-juventus-le-psg-reste-a-l-affut\/#respond\"]}],\"copyrightYear\":\"2021\",\"copyrightHolder\":{\"@id\":\"https:\/\/dicodusport.fr\/blog\/#organization\"}},{\"@type\":\"WebPage\",\"@id\":\"https:\/\/dicodusport.fr\/blog\/ousmane-dembele-vers-la-juventus-le-psg-reste-a-l-affut\/\",\"url\":\"https:\/\/dicodusport.fr\/blog\/ousmane-dembele-vers-la-juventus-le-psg-reste-a-l-affut\/\",\"name\":\"Ousmane Demb\u00e9l\u00e9 vers la Juventus, le PSG reste \u00e0 l'aff\u00fbt\",\"isPartOf\":{\"@id\":\"https:\/\/dicodusport.fr\/blog\/#website\"},\"primaryImageOfPage\":{\"@id\":\"https:\/\/dicodusport.fr\/blog\/ousmane-dembele-vers-la-juventus-le-psg-reste-a-l-affut\/#primaryimage\"},\"image\":{\"@id\":\"https:\/\/dicodusport.fr\/blog\/ousmane-dembele-vers-la-juventus-le-psg-reste-a-l-affut\/#primaryimage\"},\"thumbnailUrl\":\"https:\/\/dicodusport.fr\/blog\/wp-content\/uploads\/2021\/12\/Ousmane-Dembe\u0301le\u0301-vers-la-Juve-le-PSG-reste-a\u0300-laffut.png\",\"datePublished\":\"2021-12-30T11:16:07+00:00\",\"dateModified\":\"2021-12-30T17:10:51+00:00\",\"description\":\"MERCATO FOOTBALL - L'avenir d'Ousmane Demb\u00e9l\u00e9 ne semble pas \u00eatre au FC Barcelone. Selon Sport, la Juventus tient d\u00e9sormais la corde.\u00a0\",\"breadcrumb\":{\"@id\":\"https:\/\/dicodusport.fr\/blog\/ousmane-dembele-vers-la-juventus-le-psg-reste-a-l-affut\/#breadcrumb\"},\"inLanguage\":\"fr-FR\",\"potentialAction\":[{\"@type\":\"ReadAction\",\"target\":[\"https:\/\/dicodusport.fr\/blog\/ousmane-dembele-vers-la-juventus-le-psg-reste-a-l-affut\/\"]}]},{\"@type\":\"ImageObject\",\"inLanguage\":\"fr-FR\",\"@id\":\"https:\/\/dicodusport.fr\/blog\/ousmane-dembele-vers-la-juventus-le-psg-reste-a-l-affut\/#primaryimage\",\"url\":\"https:\/\/dicodusport.fr\/blog\/wp-content\/uploads\/2021\/12\/Ousmane-Dembe\u0301le\u0301-vers-la-Juve-le-PSG-reste-a\u0300-laffut.png\",\"contentUrl\":\"https:\/\/dicodusport.fr\/blog\/wp-content\/uploads\/2021\/12\/Ousmane-Dembe\u0301le\u0301-vers-la-Juve-le-PSG-reste-a\u0300-laffut.png\",\"width\":800,\"height\":445},{\"@type\":\"BreadcrumbList\",\"@id\":\"https:\/\/dicodusport.fr\/blog\/ousmane-dembele-vers-la-juventus-le-psg-reste-a-l-affut\/#breadcrumb\",\"itemListElement\":[{\"@type\":\"ListItem\",\"position\":1,\"name\":\"Accueil\",\"item\":\"https:\/\/dicodusport.fr\/blog\/\"},{\"@type\":\"ListItem\",\"position\":2,\"name\":\"Ousmane Demb\u00e9l\u00e9 vers la Juventus, le PSG reste \u00e0 l&rsquo;aff\u00fbt\"}]},{\"@type\":\"WebSite\",\"@id\":\"https:\/\/dicodusport.fr\/blog\/#website\",\"url\":\"https:\/\/dicodusport.fr\/blog\/\",\"name\":\"Dicodusport\",\"description\":\"L&#039;encyclop\u00e9die de l&#039;actualit\u00e9 sportive\",\"publisher\":{\"@id\":\"https:\/\/dicodusport.fr\/blog\/#organization\"},\"potentialAction\":[{\"@type\":\"SearchAction\",\"target\":{\"@type\":\"EntryPoint\",\"urlTemplate\":\"https:\/\/dicodusport.fr\/blog\/?s={search_term_string}\"},\"query-input\":{\"@type\":\"PropertyValueSpecification\",\"valueRequired\":true,\"valueName\":\"search_term_string\"}}],\"inLanguage\":\"fr-FR\"},{\"@type\":\"NewsMediaOrganization\",\"@id\":\"https:\/\/dicodusport.fr\/blog\/#organization\",\"name\":\"Dicodusport\",\"url\":\"https:\/\/dicodusport.fr\/blog\/\",\"logo\":{\"@type\":\"ImageObject\",\"inLanguage\":\"fr-FR\",\"@id\":\"https:\/\/dicodusport.fr\/blog\/#\/schema\/logo\/image\/\",\"url\":\"https:\/\/dicodusport.fr\/blog\/wp-content\/uploads\/2020\/06\/cropped-LOGO-DICODUSPORT-2020-SANS-FOND-SANS-TEXTE.png\",\"contentUrl\":\"https:\/\/dicodusport.fr\/blog\/wp-content\/uploads\/2020\/06\/cropped-LOGO-DICODUSPORT-2020-SANS-FOND-SANS-TEXTE.png\",\"width\":512,\"height\":512,\"caption\":\"Dicodusport\"},\"image\":{\"@id\":\"https:\/\/dicodusport.fr\/blog\/#\/schema\/logo\/image\/\"},\"sameAs\":[\"https:\/\/www.facebook.com\/dicodusport\",\"https:\/\/x.com\/dicodusport\",\"https:\/\/www.instagram.com\/dicodusport\/\",\"https:\/\/www.youtube.com\/channel\/UC7V2KZ5sd3htJivAbA4ZG3w\"],\"description\":\"Dicodusport est l'encyclop\u00e9die de l'actualit\u00e9 sportive.\",\"email\":\"bonjour@dicodusport.fr\",\"legalName\":\"DICODUSPORT\",\"foundingDate\":\"2018-01-14\",\"vatID\":\"FR71834470973\",\"taxID\":\"83447097300043\",\"numberOfEmployees\":{\"@type\":\"QuantitativeValue\",\"minValue\":\"1\",\"maxValue\":\"10\"}},{\"@type\":\"Person\",\"@id\":\"https:\/\/dicodusport.fr\/blog\/#\/schema\/person\/55dcb50ad410894e431ed812bbb70191\",\"name\":\"Nicolas Jacquemard\",\"image\":{\"@type\":\"ImageObject\",\"inLanguage\":\"fr-FR\",\"@id\":\"https:\/\/dicodusport.fr\/blog\/#\/schema\/person\/image\/\",\"url\":\"https:\/\/dicodusport.fr\/blog\/wp-content\/uploads\/2021\/05\/Nicolas-Jacquemard-150x150.jpeg\",\"contentUrl\":\"https:\/\/dicodusport.fr\/blog\/wp-content\/uploads\/2021\/05\/Nicolas-Jacquemard-150x150.jpeg\",\"caption\":\"Nicolas Jacquemard\"},\"description\":\"Passionn\u00e9 de sport et entrepreneur depuis mes 18 ans, la cr\u00e9ation de Dicodusport m'a sembl\u00e9 \u00e9vidente pour participer \u00e0 la m\u00e9diatisation d'un plus grand nombre de sports. Le chemin est long mais avec une \u00e9quipe des plus motiv\u00e9es et les Jeux Olympiques de Paris 2024 en point de mire, nous y arriverons ! Journaliste dans le monde du sport depuis plus de 5 ans, je traite aussi bien de football, de rugby, de biathlon que de cyclisme.\",\"sameAs\":[\"https:\/\/www.facebook.com\/dicodusport\",\"https:\/\/x.com\/https:\/\/twitter.com\/Nico_Jacquemard\"],\"url\":\"https:\/\/dicodusport.fr\/blog\/author\/dicodusport\/\"}]}<\/script>\n<!-- \/ Yoast SEO Premium plugin. -->","yoast_head_json":{"title":"Ousmane Demb\u00e9l\u00e9 vers la Juventus, le PSG reste \u00e0 l'aff\u00fbt","description":"MERCATO FOOTBALL - L'avenir d'Ousmane Demb\u00e9l\u00e9 ne semble pas \u00eatre au FC Barcelone. Selon Sport, la Juventus tient d\u00e9sormais la corde.\u00a0","robots":{"index":"index","follow":"follow","max-snippet":"max-snippet:-1","max-image-preview":"max-image-preview:large","max-video-preview":"max-video-preview:-1"},"canonical":"https:\/\/dicodusport.fr\/blog\/ousmane-dembele-vers-la-juventus-le-psg-reste-a-l-affut\/","og_locale":"fr_FR","og_type":"article","og_title":"Ousmane Demb\u00e9l\u00e9 vers la Juventus, le PSG reste \u00e0 l'aff\u00fbt","og_description":"MERCATO FOOTBALL - L'avenir d'Ousmane Demb\u00e9l\u00e9 ne semble pas \u00eatre au FC Barcelone. Selon Sport, la Juventus tient d\u00e9sormais la corde.\u00a0","og_url":"https:\/\/dicodusport.fr\/blog\/ousmane-dembele-vers-la-juventus-le-psg-reste-a-l-affut\/","og_site_name":"Dicodusport","article_publisher":"https:\/\/www.facebook.com\/dicodusport","article_author":"https:\/\/www.facebook.com\/dicodusport","article_published_time":"2021-12-30T11:16:07+00:00","article_modified_time":"2021-12-30T17:10:51+00:00","og_image":[{"width":800,"height":445,"url":"https:\/\/dicodusport.fr\/blog\/wp-content\/uploads\/2021\/12\/Ousmane-Dembe\u0301le\u0301-vers-la-Juve-le-PSG-reste-a\u0300-laffut.png","type":"image\/png"}],"author":"Nicolas Jacquemard","twitter_card":"summary_large_image","twitter_title":"Ousmane Demb\u00e9l\u00e9 vers la Juventus, le PSG reste \u00e0 l'aff\u00fbt","twitter_creator":"@https:\/\/twitter.com\/Nico_Jacquemard","twitter_site":"@dicodusport","schema":{"@context":"https:\/\/schema.org","@graph":[{"@type":"NewsArticle","@id":"https:\/\/dicodusport.fr\/blog\/ousmane-dembele-vers-la-juventus-le-psg-reste-a-l-affut\/#article","isPartOf":{"@id":"https:\/\/dicodusport.fr\/blog\/ousmane-dembele-vers-la-juventus-le-psg-reste-a-l-affut\/"},"author":{"name":"Nicolas Jacquemard","@id":"https:\/\/dicodusport.fr\/blog\/#\/schema\/person\/55dcb50ad410894e431ed812bbb70191"},"headline":"Ousmane Demb\u00e9l\u00e9 vers la Juventus, le PSG reste \u00e0 l&rsquo;aff\u00fbt","datePublished":"2021-12-30T11:16:07+00:00","dateModified":"2021-12-30T17:10:51+00:00","mainEntityOfPage":{"@id":"https:\/\/dicodusport.fr\/blog\/ousmane-dembele-vers-la-juventus-le-psg-reste-a-l-affut\/"},"wordCount":167,"commentCount":0,"publisher":{"@id":"https:\/\/dicodusport.fr\/blog\/#organization"},"image":{"@id":"https:\/\/dicodusport.fr\/blog\/ousmane-dembele-vers-la-juventus-le-psg-reste-a-l-affut\/#primaryimage"},"thumbnailUrl":"https:\/\/dicodusport.fr\/blog\/wp-content\/uploads\/2021\/12\/Ousmane-Dembe\u0301le\u0301-vers-la-Juve-le-PSG-reste-a\u0300-laffut.png","keywords":["Demb\u00e9l\u00e9","FC Barcelone","Football","juventus","Ousmane Demb\u00e9l\u00e9"],"articleSection":["Football"],"inLanguage":"fr-FR","potentialAction":[{"@type":"CommentAction","name":"Comment","target":["https:\/\/dicodusport.fr\/blog\/ousmane-dembele-vers-la-juventus-le-psg-reste-a-l-affut\/#respond"]}],"copyrightYear":"2021","copyrightHolder":{"@id":"https:\/\/dicodusport.fr\/blog\/#organization"}},{"@type":"WebPage","@id":"https:\/\/dicodusport.fr\/blog\/ousmane-dembele-vers-la-juventus-le-psg-reste-a-l-affut\/","url":"https:\/\/dicodusport.fr\/blog\/ousmane-dembele-vers-la-juventus-le-psg-reste-a-l-affut\/","name":"Ousmane Demb\u00e9l\u00e9 vers la Juventus, le PSG reste \u00e0 l'aff\u00fbt","isPartOf":{"@id":"https:\/\/dicodusport.fr\/blog\/#website"},"primaryImageOfPage":{"@id":"https:\/\/dicodusport.fr\/blog\/ousmane-dembele-vers-la-juventus-le-psg-reste-a-l-affut\/#primaryimage"},"image":{"@id":"https:\/\/dicodusport.fr\/blog\/ousmane-dembele-vers-la-juventus-le-psg-reste-a-l-affut\/#primaryimage"},"thumbnailUrl":"https:\/\/dicodusport.fr\/blog\/wp-content\/uploads\/2021\/12\/Ousmane-Dembe\u0301le\u0301-vers-la-Juve-le-PSG-reste-a\u0300-laffut.png","datePublished":"2021-12-30T11:16:07+00:00","dateModified":"2021-12-30T17:10:51+00:00","description":"MERCATO FOOTBALL - L'avenir d'Ousmane Demb\u00e9l\u00e9 ne semble pas \u00eatre au FC Barcelone. Selon Sport, la Juventus tient d\u00e9sormais la corde.\u00a0","breadcrumb":{"@id":"https:\/\/dicodusport.fr\/blog\/ousmane-dembele-vers-la-juventus-le-psg-reste-a-l-affut\/#breadcrumb"},"inLanguage":"fr-FR","potentialAction":[{"@type":"ReadAction","target":["https:\/\/dicodusport.fr\/blog\/ousmane-dembele-vers-la-juventus-le-psg-reste-a-l-affut\/"]}]},{"@type":"ImageObject","inLanguage":"fr-FR","@id":"https:\/\/dicodusport.fr\/blog\/ousmane-dembele-vers-la-juventus-le-psg-reste-a-l-affut\/#primaryimage","url":"https:\/\/dicodusport.fr\/blog\/wp-content\/uploads\/2021\/12\/Ousmane-Dembe\u0301le\u0301-vers-la-Juve-le-PSG-reste-a\u0300-laffut.png","contentUrl":"https:\/\/dicodusport.fr\/blog\/wp-content\/uploads\/2021\/12\/Ousmane-Dembe\u0301le\u0301-vers-la-Juve-le-PSG-reste-a\u0300-laffut.png","width":800,"height":445},{"@type":"BreadcrumbList","@id":"https:\/\/dicodusport.fr\/blog\/ousmane-dembele-vers-la-juventus-le-psg-reste-a-l-affut\/#breadcrumb","itemListElement":[{"@type":"ListItem","position":1,"name":"Accueil","item":"https:\/\/dicodusport.fr\/blog\/"},{"@type":"ListItem","position":2,"name":"Ousmane Demb\u00e9l\u00e9 vers la Juventus, le PSG reste \u00e0 l&rsquo;aff\u00fbt"}]},{"@type":"WebSite","@id":"https:\/\/dicodusport.fr\/blog\/#website","url":"https:\/\/dicodusport.fr\/blog\/","name":"Dicodusport","description":"L&#039;encyclop\u00e9die de l&#039;actualit\u00e9 sportive","publisher":{"@id":"https:\/\/dicodusport.fr\/blog\/#organization"},"potentialAction":[{"@type":"SearchAction","target":{"@type":"EntryPoint","urlTemplate":"https:\/\/dicodusport.fr\/blog\/?s={search_term_string}"},"query-input":{"@type":"PropertyValueSpecification","valueRequired":true,"valueName":"search_term_string"}}],"inLanguage":"fr-FR"},{"@type":"NewsMediaOrganization","@id":"https:\/\/dicodusport.fr\/blog\/#organization","name":"Dicodusport","url":"https:\/\/dicodusport.fr\/blog\/","logo":{"@type":"ImageObject","inLanguage":"fr-FR","@id":"https:\/\/dicodusport.fr\/blog\/#\/schema\/logo\/image\/","url":"https:\/\/dicodusport.fr\/blog\/wp-content\/uploads\/2020\/06\/cropped-LOGO-DICODUSPORT-2020-SANS-FOND-SANS-TEXTE.png","contentUrl":"https:\/\/dicodusport.fr\/blog\/wp-content\/uploads\/2020\/06\/cropped-LOGO-DICODUSPORT-2020-SANS-FOND-SANS-TEXTE.png","width":512,"height":512,"caption":"Dicodusport"},"image":{"@id":"https:\/\/dicodusport.fr\/blog\/#\/schema\/logo\/image\/"},"sameAs":["https:\/\/www.facebook.com\/dicodusport","https:\/\/x.com\/dicodusport","https:\/\/www.instagram.com\/dicodusport\/","https:\/\/www.youtube.com\/channel\/UC7V2KZ5sd3htJivAbA4ZG3w"],"description":"Dicodusport est l'encyclop\u00e9die de l'actualit\u00e9 sportive.","email":"bonjour@dicodusport.fr","legalName":"DICODUSPORT","foundingDate":"2018-01-14","vatID":"FR71834470973","taxID":"83447097300043","numberOfEmployees":{"@type":"QuantitativeValue","minValue":"1","maxValue":"10"}},{"@type":"Person","@id":"https:\/\/dicodusport.fr\/blog\/#\/schema\/person\/55dcb50ad410894e431ed812bbb70191","name":"Nicolas Jacquemard","image":{"@type":"ImageObject","inLanguage":"fr-FR","@id":"https:\/\/dicodusport.fr\/blog\/#\/schema\/person\/image\/","url":"https:\/\/dicodusport.fr\/blog\/wp-content\/uploads\/2021\/05\/Nicolas-Jacquemard-150x150.jpeg","contentUrl":"https:\/\/dicodusport.fr\/blog\/wp-content\/uploads\/2021\/05\/Nicolas-Jacquemard-150x150.jpeg","caption":"Nicolas Jacquemard"},"description":"Passionn\u00e9 de sport et entrepreneur depuis mes 18 ans, la cr\u00e9ation de Dicodusport m'a sembl\u00e9 \u00e9vidente pour participer \u00e0 la m\u00e9diatisation d'un plus grand nombre de sports. Le chemin est long mais avec une \u00e9quipe des plus motiv\u00e9es et les Jeux Olympiques de Paris 2024 en point de mire, nous y arriverons ! Journaliste dans le monde du sport depuis plus de 5 ans, je traite aussi bien de football, de rugby, de biathlon que de cyclisme.","sameAs":["https:\/\/www.facebook.com\/dicodusport","https:\/\/x.com\/https:\/\/twitter.com\/Nico_Jacquemard"],"url":"https:\/\/dicodusport.fr\/blog\/author\/dicodusport\/"}]}},"_links":{"self":[{"href":"https:\/\/dicodusport.fr\/blog\/wp-json\/wp\/v2\/posts\/188173","targetHints":{"allow":["GET"]}}],"collection":[{"href":"https:\/\/dicodusport.fr\/blog\/wp-json\/wp\/v2\/posts"}],"about":[{"href":"https:\/\/dicodusport.fr\/blog\/wp-json\/wp\/v2\/types\/post"}],"author":[{"embeddable":true,"href":"https:\/\/dicodusport.fr\/blog\/wp-json\/wp\/v2\/users\/1"}],"replies":[{"embeddable":true,"href":"https:\/\/dicodusport.fr\/blog\/wp-json\/wp\/v2\/comments?post=188173"}],"version-history":[{"count":0,"href":"https:\/\/dicodusport.fr\/blog\/wp-json\/wp\/v2\/posts\/188173\/revisions"}],"wp:featuredmedia":[{"embeddable":true,"href":"https:\/\/dicodusport.fr\/blog\/wp-json\/wp\/v2\/media\/188177"}],"wp:attachment":[{"href":"https:\/\/dicodusport.fr\/blog\/wp-json\/wp\/v2\/media?parent=188173"}],"wp:term":[{"taxonomy":"category","embeddable":true,"href":"https:\/\/dicodusport.fr\/blog\/wp-json\/wp\/v2\/categories?post=188173"},{"taxonomy":"post_tag","embeddable":true,"href":"https:\/\/dicodusport.fr\/blog\/wp-json\/wp\/v2\/tags?post=188173"}],"curies":[{"name":"wp","href":"https:\/\/api.w.org\/{rel}","templated":true}]}}