{"id":188185,"date":"2021-12-30T17:00:53","date_gmt":"2021-12-30T16:00:53","guid":{"rendered":"https:\/\/dicodusport.fr\/blog\/?p=188185&#038;preview=true&#038;preview_id=188185"},"modified":"2025-11-20T18:26:45","modified_gmt":"2025-11-20T17:26:45","slug":"championne-des-championnes-francaises-loana-lecomte-2eme-la-pepite","status":"publish","type":"post","link":"https:\/\/dicodusport.fr\/blog\/championne-des-championnes-francaises-loana-lecomte-2eme-la-pepite\/","title":{"rendered":"Championne des Championnes fran\u00e7aises : Loana Lecomte (2\u00e8me), la p\u00e9pite"},"content":{"rendered":"<p style=\"text-align: justify;\"><strong><em>MULTISPORTS \u2013 On continue de d\u00e9rouler votre classement de la Championne des Championnes fran\u00e7aises 2021 ! Deuxi\u00e8me, on retrouve Loana Lecomte, la p\u00e9pite du VTT fran\u00e7ais.<\/em><\/strong><\/p>\n<p style=\"text-align: justify;\">Laur\u00e9ate du classement de la Coupe du monde, avec le gain de 4 manches cons\u00e9cutives en prime (Albstadt<sup id=\"cite_ref-10\" class=\"reference\"><\/sup>, Nove Mesto, Leogang et <a href=\"https:\/\/dicodusport.fr\/blog\/vtt-xco-loana-lecomte-s-impose-en-patronne-aux-gets\/\">Les Gets<\/a>) et une short-track, <strong>Loana Lecomte<\/strong> a \u00e9galement remport\u00e9 les titres de championne de France \u00e9lites et espoirs en VTT Cross-country. \u00c0 22 ans, la native d&rsquo;Annecy a termin\u00e9 l&rsquo;ann\u00e9e 2021 num\u00e9ro une mondiale dans sa discipline. Elle est aussi devenue le deuxi\u00e8me v\u00e9t\u00e9tiste fran\u00e7aise \u00e0 rafler le g\u00e9n\u00e9ral de la Coupe du monde, apr\u00e8s une certaine <strong>Julie Bresset<\/strong>, en 2011.<\/p>\n<p style=\"text-align: justify;\">Sixi\u00e8me pour ses premiers Jeux Olympiques, \u00e0 Tokyo, <strong>Loana Lecomte<\/strong> n&rsquo;a malheureusement pas pu d\u00e9fendre ses titres aux championnats d&rsquo;Europe et du monde. Diminu\u00e9e physiquement, mais aussi mentalement apr\u00e8s un d\u00e9but de saison intense et des JO \u00e0 la sortie desquels elle a subi beaucoup de pression de la part des m\u00e9dias, nul doute qu&rsquo;elle reviendra au premier plan en 2022 !<\/p>\n<p><img loading=\"lazy\" decoding=\"async\" class=\"aligncenter size-large wp-image-188191\" src=\"https:\/\/dicodusport.fr\/blog\/wp-content\/uploads\/2021\/12\/Loana-Lecomte-2eme-de-votre-classement-de-la-Championne-des-Championnes-francaises-2021-1024x1024.png\" alt=\"\" width=\"740\" height=\"740\" srcset=\"https:\/\/dicodusport.fr\/blog\/wp-content\/uploads\/2021\/12\/Loana-Lecomte-2eme-de-votre-classement-de-la-Championne-des-Championnes-francaises-2021-1024x1024.png 1024w, https:\/\/dicodusport.fr\/blog\/wp-content\/uploads\/2021\/12\/Loana-Lecomte-2eme-de-votre-classement-de-la-Championne-des-Championnes-francaises-2021-300x300.png 300w, https:\/\/dicodusport.fr\/blog\/wp-content\/uploads\/2021\/12\/Loana-Lecomte-2eme-de-votre-classement-de-la-Championne-des-Championnes-francaises-2021-150x150.png 150w, https:\/\/dicodusport.fr\/blog\/wp-content\/uploads\/2021\/12\/Loana-Lecomte-2eme-de-votre-classement-de-la-Championne-des-Championnes-francaises-2021-768x768.png 768w, https:\/\/dicodusport.fr\/blog\/wp-content\/uploads\/2021\/12\/Loana-Lecomte-2eme-de-votre-classement-de-la-Championne-des-Championnes-francaises-2021-80x80.png 80w, https:\/\/dicodusport.fr\/blog\/wp-content\/uploads\/2021\/12\/Loana-Lecomte-2eme-de-votre-classement-de-la-Championne-des-Championnes-francaises-2021.png 1200w\" sizes=\"auto, (max-width: 740px) 100vw, 740px\" \/><\/p>\n<h2 style=\"text-align: justify;\"><strong>Le classement des sportives d\u00e9j\u00e0 d\u00e9voil\u00e9es<\/strong><\/h2>\n<ul>\n<li style=\"text-align: justify;\"><a href=\"https:\/\/dicodusport.fr\/blog\/championne-des-championnes-francaises-nelia-barbosa-3eme-la-grande-classe\/\"><strong>N\u00e9lia Barbosa (3\u00e8me), la grande classe<\/strong><\/a><\/li>\n<li><a href=\"https:\/\/dicodusport.fr\/blog\/championne-des-championnes-francaises-perrine-laffont-4eme-la-patronne\/\"><strong>Perrine Laffont (4\u00e8me), la patronne<\/strong><\/a><\/li>\n<li style=\"text-align: justify;\"><a href=\"https:\/\/dicodusport.fr\/blog\/championne-des-championnes-francaises-julia-simon-5eme-une-nouvelle-dimension\/\"><strong>Julia Simon (5\u00e8me), une autre dimension<\/strong><\/a><\/li>\n<li style=\"text-align: justify;\"><a href=\"https:\/\/dicodusport.fr\/blog\/championne-des-championnes-francaises-marie-amelie-le-fur-6eme-toujours-plus-loin\/\"><strong>Marie-Am\u00e9lie Le Fur (6\u00e8me), toujours plus loin<\/strong><\/a><\/li>\n<li style=\"text-align: justify;\"><a href=\"https:\/\/dicodusport.fr\/blog\/championne-des-championnes-francaises-charline-picon-7eme-l-art-de-la-regularite\/\"><strong>Charline Picon (7\u00e8me), l&rsquo;art de la r\u00e9gularit\u00e9<\/strong><\/a><\/li>\n<li style=\"text-align: justify;\"><a href=\"https:\/\/dicodusport.fr\/blog\/championne-des-championnes-francaises-tess-ledeux-8eme-acrobate-des-neiges\/\"><strong>Tess Ledeux (8\u00e8me), l&rsquo;acrobate des neiges<\/strong><\/a><\/li>\n<li style=\"text-align: justify;\"><a href=\"https:\/\/dicodusport.fr\/blog\/championne-des-championnes-francaises-mandy-francois-elie-9eme-toujours-au-rendez-vous\/\"><strong>Mandy Fran\u00e7ois-\u00c9lie (9\u00e8me), toujours au rendez-vous<\/strong><\/a><\/li>\n<li class=\"mvp-post-title left entry-title\" style=\"text-align: justify;\"><a href=\"https:\/\/dicodusport.fr\/blog\/championne-des-championnes-francaises-madeleine-malonga-10eme-la-confirmation\/\"><strong>Madeleine Malonga (10\u00e8me), la confirmation<\/strong><\/a><\/li>\n<\/ul>\n","protected":false},"excerpt":{"rendered":"<p>MULTISPORTS \u2013 On continue de d\u00e9rouler votre classement de la Championne des Championnes fran\u00e7aises 2021 ! Deuxi\u00e8me, on retrouve Loana Lecomte, la p\u00e9pite du VTT fran\u00e7ais.<\/p>\n","protected":false},"author":4,"featured_media":188188,"comment_status":"open","ping_status":"closed","sticky":false,"template":"","format":"standard","meta":{"_acf_changed":false,"_daextam_enable_autolinks":"","footnotes":""},"categories":[2316,10279],"tags":[10994,20621,692],"class_list":["post-188185","post","type-post","status-publish","format-standard","has-post-thumbnail","hentry","category-tous-les-sports","category-vtt","tag-loana-lecomte","tag-recompenses-tricolores","tag-vtt"],"acf":[],"yoast_head":"<!-- This site is optimized with the Yoast SEO Premium plugin v26.7 (Yoast SEO v26.7) - https:\/\/yoast.com\/wordpress\/plugins\/seo\/ -->\n<title>Championne des Championnes fran\u00e7aises : Loana Lecomte (2\u00e8me), la p\u00e9pite<\/title>\n<meta name=\"description\" content=\"MULTISPORTS \u2013 On continue de d\u00e9rouler votre classement de la Championne des Championnes fran\u00e7aises 2021 ! Deuxi\u00e8me, on retrouve Loana Lecomte.\" \/>\n<meta name=\"robots\" content=\"index, follow, max-snippet:-1, max-image-preview:large, max-video-preview:-1\" \/>\n<link rel=\"canonical\" href=\"https:\/\/dicodusport.fr\/blog\/championne-des-championnes-francaises-loana-lecomte-2eme-la-pepite\/\" \/>\n<meta property=\"og:locale\" content=\"fr_FR\" \/>\n<meta property=\"og:type\" content=\"article\" \/>\n<meta property=\"og:title\" content=\"Championne des Championnes fran\u00e7aises : Loana Lecomte (2\u00e8me), la p\u00e9pite\" \/>\n<meta property=\"og:description\" content=\"MULTISPORTS \u2013 On continue de d\u00e9rouler votre classement de la Championne des Championnes fran\u00e7aises 2021 ! Deuxi\u00e8me, on retrouve Loana Lecomte.\" \/>\n<meta property=\"og:url\" content=\"https:\/\/dicodusport.fr\/blog\/championne-des-championnes-francaises-loana-lecomte-2eme-la-pepite\/\" \/>\n<meta property=\"og:site_name\" content=\"Dicodusport\" \/>\n<meta property=\"article:publisher\" content=\"https:\/\/www.facebook.com\/dicodusport\" \/>\n<meta property=\"article:author\" content=\"https:\/\/www.facebook.com\/florent.ostermann\" \/>\n<meta property=\"article:published_time\" content=\"2021-12-30T16:00:53+00:00\" \/>\n<meta property=\"article:modified_time\" content=\"2025-11-20T17:26:45+00:00\" \/>\n<meta property=\"og:image\" content=\"https:\/\/dicodusport.fr\/blog\/wp-content\/uploads\/2021\/12\/Championne-des-Championnes-francaises-Loana-Lecomte-2eme-la-pepite.png\" \/>\n\t<meta property=\"og:image:width\" content=\"800\" \/>\n\t<meta property=\"og:image:height\" content=\"445\" \/>\n\t<meta property=\"og:image:type\" content=\"image\/png\" \/>\n<meta name=\"author\" content=\"Flo Ostermann\" \/>\n<meta name=\"twitter:card\" content=\"summary_large_image\" \/>\n<meta name=\"twitter:title\" content=\"Championne des Championnes fran\u00e7aises : Loana Lecomte (2\u00e8me), la p\u00e9pite\" \/>\n<meta name=\"twitter:creator\" content=\"@https:\/\/twitter.com\/FlOstermann\" \/>\n<meta name=\"twitter:site\" content=\"@dicodusport\" \/>\n<script type=\"application\/ld+json\" class=\"yoast-schema-graph\">{\"@context\":\"https:\/\/schema.org\",\"@graph\":[{\"@type\":\"NewsArticle\",\"@id\":\"https:\/\/dicodusport.fr\/blog\/championne-des-championnes-francaises-loana-lecomte-2eme-la-pepite\/#article\",\"isPartOf\":{\"@id\":\"https:\/\/dicodusport.fr\/blog\/championne-des-championnes-francaises-loana-lecomte-2eme-la-pepite\/\"},\"author\":{\"name\":\"Flo Ostermann\",\"@id\":\"https:\/\/dicodusport.fr\/blog\/#\/schema\/person\/cb02af4c173ce4a653b55e9baf388d4a\"},\"headline\":\"Championne des Championnes fran\u00e7aises : Loana Lecomte (2\u00e8me), la p\u00e9pite\",\"datePublished\":\"2021-12-30T16:00:53+00:00\",\"dateModified\":\"2025-11-20T17:26:45+00:00\",\"mainEntityOfPage\":{\"@id\":\"https:\/\/dicodusport.fr\/blog\/championne-des-championnes-francaises-loana-lecomte-2eme-la-pepite\/\"},\"wordCount\":261,\"commentCount\":0,\"publisher\":{\"@id\":\"https:\/\/dicodusport.fr\/blog\/#organization\"},\"image\":{\"@id\":\"https:\/\/dicodusport.fr\/blog\/championne-des-championnes-francaises-loana-lecomte-2eme-la-pepite\/#primaryimage\"},\"thumbnailUrl\":\"https:\/\/dicodusport.fr\/blog\/wp-content\/uploads\/2021\/12\/Championne-des-Championnes-francaises-Loana-Lecomte-2eme-la-pepite.png\",\"keywords\":[\"Loana Lecomte\",\"R\u00e9compenses tricolores\",\"VTT\"],\"articleSection\":[\"Sports\",\"VTT\"],\"inLanguage\":\"fr-FR\",\"potentialAction\":[{\"@type\":\"CommentAction\",\"name\":\"Comment\",\"target\":[\"https:\/\/dicodusport.fr\/blog\/championne-des-championnes-francaises-loana-lecomte-2eme-la-pepite\/#respond\"]}],\"copyrightYear\":\"2021\",\"copyrightHolder\":{\"@id\":\"https:\/\/dicodusport.fr\/blog\/#organization\"}},{\"@type\":\"WebPage\",\"@id\":\"https:\/\/dicodusport.fr\/blog\/championne-des-championnes-francaises-loana-lecomte-2eme-la-pepite\/\",\"url\":\"https:\/\/dicodusport.fr\/blog\/championne-des-championnes-francaises-loana-lecomte-2eme-la-pepite\/\",\"name\":\"Championne des Championnes fran\u00e7aises : Loana Lecomte (2\u00e8me), la p\u00e9pite\",\"isPartOf\":{\"@id\":\"https:\/\/dicodusport.fr\/blog\/#website\"},\"primaryImageOfPage\":{\"@id\":\"https:\/\/dicodusport.fr\/blog\/championne-des-championnes-francaises-loana-lecomte-2eme-la-pepite\/#primaryimage\"},\"image\":{\"@id\":\"https:\/\/dicodusport.fr\/blog\/championne-des-championnes-francaises-loana-lecomte-2eme-la-pepite\/#primaryimage\"},\"thumbnailUrl\":\"https:\/\/dicodusport.fr\/blog\/wp-content\/uploads\/2021\/12\/Championne-des-Championnes-francaises-Loana-Lecomte-2eme-la-pepite.png\",\"datePublished\":\"2021-12-30T16:00:53+00:00\",\"dateModified\":\"2025-11-20T17:26:45+00:00\",\"description\":\"MULTISPORTS \u2013 On continue de d\u00e9rouler votre classement de la Championne des Championnes fran\u00e7aises 2021 ! Deuxi\u00e8me, on retrouve Loana Lecomte.\",\"breadcrumb\":{\"@id\":\"https:\/\/dicodusport.fr\/blog\/championne-des-championnes-francaises-loana-lecomte-2eme-la-pepite\/#breadcrumb\"},\"inLanguage\":\"fr-FR\",\"potentialAction\":[{\"@type\":\"ReadAction\",\"target\":[\"https:\/\/dicodusport.fr\/blog\/championne-des-championnes-francaises-loana-lecomte-2eme-la-pepite\/\"]}]},{\"@type\":\"ImageObject\",\"inLanguage\":\"fr-FR\",\"@id\":\"https:\/\/dicodusport.fr\/blog\/championne-des-championnes-francaises-loana-lecomte-2eme-la-pepite\/#primaryimage\",\"url\":\"https:\/\/dicodusport.fr\/blog\/wp-content\/uploads\/2021\/12\/Championne-des-Championnes-francaises-Loana-Lecomte-2eme-la-pepite.png\",\"contentUrl\":\"https:\/\/dicodusport.fr\/blog\/wp-content\/uploads\/2021\/12\/Championne-des-Championnes-francaises-Loana-Lecomte-2eme-la-pepite.png\",\"width\":800,\"height\":445,\"caption\":\"Championne des Championnes fran\u00e7aises - Loana Lecomte (2\u00e8me), la p\u00e9pite\"},{\"@type\":\"BreadcrumbList\",\"@id\":\"https:\/\/dicodusport.fr\/blog\/championne-des-championnes-francaises-loana-lecomte-2eme-la-pepite\/#breadcrumb\",\"itemListElement\":[{\"@type\":\"ListItem\",\"position\":1,\"name\":\"Accueil\",\"item\":\"https:\/\/dicodusport.fr\/blog\/\"},{\"@type\":\"ListItem\",\"position\":2,\"name\":\"Championne des Championnes fran\u00e7aises : Loana Lecomte (2\u00e8me), la p\u00e9pite\"}]},{\"@type\":\"WebSite\",\"@id\":\"https:\/\/dicodusport.fr\/blog\/#website\",\"url\":\"https:\/\/dicodusport.fr\/blog\/\",\"name\":\"Dicodusport\",\"description\":\"L&#039;encyclop\u00e9die de l&#039;actualit\u00e9 sportive\",\"publisher\":{\"@id\":\"https:\/\/dicodusport.fr\/blog\/#organization\"},\"potentialAction\":[{\"@type\":\"SearchAction\",\"target\":{\"@type\":\"EntryPoint\",\"urlTemplate\":\"https:\/\/dicodusport.fr\/blog\/?s={search_term_string}\"},\"query-input\":{\"@type\":\"PropertyValueSpecification\",\"valueRequired\":true,\"valueName\":\"search_term_string\"}}],\"inLanguage\":\"fr-FR\"},{\"@type\":\"NewsMediaOrganization\",\"@id\":\"https:\/\/dicodusport.fr\/blog\/#organization\",\"name\":\"Dicodusport\",\"url\":\"https:\/\/dicodusport.fr\/blog\/\",\"logo\":{\"@type\":\"ImageObject\",\"inLanguage\":\"fr-FR\",\"@id\":\"https:\/\/dicodusport.fr\/blog\/#\/schema\/logo\/image\/\",\"url\":\"https:\/\/dicodusport.fr\/blog\/wp-content\/uploads\/2020\/06\/cropped-LOGO-DICODUSPORT-2020-SANS-FOND-SANS-TEXTE.png\",\"contentUrl\":\"https:\/\/dicodusport.fr\/blog\/wp-content\/uploads\/2020\/06\/cropped-LOGO-DICODUSPORT-2020-SANS-FOND-SANS-TEXTE.png\",\"width\":512,\"height\":512,\"caption\":\"Dicodusport\"},\"image\":{\"@id\":\"https:\/\/dicodusport.fr\/blog\/#\/schema\/logo\/image\/\"},\"sameAs\":[\"https:\/\/www.facebook.com\/dicodusport\",\"https:\/\/x.com\/dicodusport\",\"https:\/\/www.instagram.com\/dicodusport\/\",\"https:\/\/www.youtube.com\/channel\/UC7V2KZ5sd3htJivAbA4ZG3w\"],\"description\":\"Dicodusport est l'encyclop\u00e9die de l'actualit\u00e9 sportive.\",\"email\":\"bonjour@dicodusport.fr\",\"legalName\":\"DICODUSPORT\",\"foundingDate\":\"2018-01-14\",\"vatID\":\"FR71834470973\",\"taxID\":\"83447097300043\",\"numberOfEmployees\":{\"@type\":\"QuantitativeValue\",\"minValue\":\"1\",\"maxValue\":\"10\"}},{\"@type\":\"Person\",\"@id\":\"https:\/\/dicodusport.fr\/blog\/#\/schema\/person\/cb02af4c173ce4a653b55e9baf388d4a\",\"name\":\"Flo Ostermann\",\"image\":{\"@type\":\"ImageObject\",\"inLanguage\":\"fr-FR\",\"@id\":\"https:\/\/dicodusport.fr\/blog\/#\/schema\/person\/image\/\",\"url\":\"https:\/\/dicodusport.fr\/blog\/wp-content\/uploads\/2021\/05\/Flo-Ostermann-150x150.jpg\",\"contentUrl\":\"https:\/\/dicodusport.fr\/blog\/wp-content\/uploads\/2021\/05\/Flo-Ostermann-150x150.jpg\",\"caption\":\"Flo Ostermann\"},\"description\":\"Journaliste\/R\u00e9dacteur depuis septembre 2015 - Mes premiers souvenirs dans le sport ? Les envol\u00e9es du Stade Toulousain et les duels Villeneuve-Schumacher et H\u00e4kkinen-Schumacher \u00e0 la fin des ann\u00e9es 90, la Coupe du monde de football en 1998, l\u2019exploit du XV de France face aux All Blacks en 1999, mais aussi Richard C\u0153ur de Lion qui vole sur les montagnes du Tour de France. Bien parti pour devenir professeur d\u2019EPS, les \u00e9v\u00e9nements de la vie (et la flemme d\u2019animer des s\u00e9ances de 3x500 m\u00e8tres toute ma vie) m\u2019ont conduit \u00e0 revoir mes plans. Me voil\u00e0 depuis fin 2017 sur Dicodusport, m\u00e9dia gr\u00e2ce (et pour) lequel je partage ma passion : le sport dans tous ses \u00e9tats. Le tout accompagn\u00e9 par les fous furieux et folles furieuses cit\u00e9s sur cette page !\",\"sameAs\":[\"https:\/\/www.facebook.com\/florent.ostermann\",\"https:\/\/x.com\/https:\/\/twitter.com\/FlOstermann\",\"admin\"],\"url\":\"https:\/\/dicodusport.fr\/blog\/author\/flo\/\"}]}<\/script>\n<!-- \/ Yoast SEO Premium plugin. -->","yoast_head_json":{"title":"Championne des Championnes fran\u00e7aises : Loana Lecomte (2\u00e8me), la p\u00e9pite","description":"MULTISPORTS \u2013 On continue de d\u00e9rouler votre classement de la Championne des Championnes fran\u00e7aises 2021 ! Deuxi\u00e8me, on retrouve Loana Lecomte.","robots":{"index":"index","follow":"follow","max-snippet":"max-snippet:-1","max-image-preview":"max-image-preview:large","max-video-preview":"max-video-preview:-1"},"canonical":"https:\/\/dicodusport.fr\/blog\/championne-des-championnes-francaises-loana-lecomte-2eme-la-pepite\/","og_locale":"fr_FR","og_type":"article","og_title":"Championne des Championnes fran\u00e7aises : Loana Lecomte (2\u00e8me), la p\u00e9pite","og_description":"MULTISPORTS \u2013 On continue de d\u00e9rouler votre classement de la Championne des Championnes fran\u00e7aises 2021 ! Deuxi\u00e8me, on retrouve Loana Lecomte.","og_url":"https:\/\/dicodusport.fr\/blog\/championne-des-championnes-francaises-loana-lecomte-2eme-la-pepite\/","og_site_name":"Dicodusport","article_publisher":"https:\/\/www.facebook.com\/dicodusport","article_author":"https:\/\/www.facebook.com\/florent.ostermann","article_published_time":"2021-12-30T16:00:53+00:00","article_modified_time":"2025-11-20T17:26:45+00:00","og_image":[{"width":800,"height":445,"url":"https:\/\/dicodusport.fr\/blog\/wp-content\/uploads\/2021\/12\/Championne-des-Championnes-francaises-Loana-Lecomte-2eme-la-pepite.png","type":"image\/png"}],"author":"Flo Ostermann","twitter_card":"summary_large_image","twitter_title":"Championne des Championnes fran\u00e7aises : Loana Lecomte (2\u00e8me), la p\u00e9pite","twitter_creator":"@https:\/\/twitter.com\/FlOstermann","twitter_site":"@dicodusport","schema":{"@context":"https:\/\/schema.org","@graph":[{"@type":"NewsArticle","@id":"https:\/\/dicodusport.fr\/blog\/championne-des-championnes-francaises-loana-lecomte-2eme-la-pepite\/#article","isPartOf":{"@id":"https:\/\/dicodusport.fr\/blog\/championne-des-championnes-francaises-loana-lecomte-2eme-la-pepite\/"},"author":{"name":"Flo Ostermann","@id":"https:\/\/dicodusport.fr\/blog\/#\/schema\/person\/cb02af4c173ce4a653b55e9baf388d4a"},"headline":"Championne des Championnes fran\u00e7aises : Loana Lecomte (2\u00e8me), la p\u00e9pite","datePublished":"2021-12-30T16:00:53+00:00","dateModified":"2025-11-20T17:26:45+00:00","mainEntityOfPage":{"@id":"https:\/\/dicodusport.fr\/blog\/championne-des-championnes-francaises-loana-lecomte-2eme-la-pepite\/"},"wordCount":261,"commentCount":0,"publisher":{"@id":"https:\/\/dicodusport.fr\/blog\/#organization"},"image":{"@id":"https:\/\/dicodusport.fr\/blog\/championne-des-championnes-francaises-loana-lecomte-2eme-la-pepite\/#primaryimage"},"thumbnailUrl":"https:\/\/dicodusport.fr\/blog\/wp-content\/uploads\/2021\/12\/Championne-des-Championnes-francaises-Loana-Lecomte-2eme-la-pepite.png","keywords":["Loana Lecomte","R\u00e9compenses tricolores","VTT"],"articleSection":["Sports","VTT"],"inLanguage":"fr-FR","potentialAction":[{"@type":"CommentAction","name":"Comment","target":["https:\/\/dicodusport.fr\/blog\/championne-des-championnes-francaises-loana-lecomte-2eme-la-pepite\/#respond"]}],"copyrightYear":"2021","copyrightHolder":{"@id":"https:\/\/dicodusport.fr\/blog\/#organization"}},{"@type":"WebPage","@id":"https:\/\/dicodusport.fr\/blog\/championne-des-championnes-francaises-loana-lecomte-2eme-la-pepite\/","url":"https:\/\/dicodusport.fr\/blog\/championne-des-championnes-francaises-loana-lecomte-2eme-la-pepite\/","name":"Championne des Championnes fran\u00e7aises : Loana Lecomte (2\u00e8me), la p\u00e9pite","isPartOf":{"@id":"https:\/\/dicodusport.fr\/blog\/#website"},"primaryImageOfPage":{"@id":"https:\/\/dicodusport.fr\/blog\/championne-des-championnes-francaises-loana-lecomte-2eme-la-pepite\/#primaryimage"},"image":{"@id":"https:\/\/dicodusport.fr\/blog\/championne-des-championnes-francaises-loana-lecomte-2eme-la-pepite\/#primaryimage"},"thumbnailUrl":"https:\/\/dicodusport.fr\/blog\/wp-content\/uploads\/2021\/12\/Championne-des-Championnes-francaises-Loana-Lecomte-2eme-la-pepite.png","datePublished":"2021-12-30T16:00:53+00:00","dateModified":"2025-11-20T17:26:45+00:00","description":"MULTISPORTS \u2013 On continue de d\u00e9rouler votre classement de la Championne des Championnes fran\u00e7aises 2021 ! Deuxi\u00e8me, on retrouve Loana Lecomte.","breadcrumb":{"@id":"https:\/\/dicodusport.fr\/blog\/championne-des-championnes-francaises-loana-lecomte-2eme-la-pepite\/#breadcrumb"},"inLanguage":"fr-FR","potentialAction":[{"@type":"ReadAction","target":["https:\/\/dicodusport.fr\/blog\/championne-des-championnes-francaises-loana-lecomte-2eme-la-pepite\/"]}]},{"@type":"ImageObject","inLanguage":"fr-FR","@id":"https:\/\/dicodusport.fr\/blog\/championne-des-championnes-francaises-loana-lecomte-2eme-la-pepite\/#primaryimage","url":"https:\/\/dicodusport.fr\/blog\/wp-content\/uploads\/2021\/12\/Championne-des-Championnes-francaises-Loana-Lecomte-2eme-la-pepite.png","contentUrl":"https:\/\/dicodusport.fr\/blog\/wp-content\/uploads\/2021\/12\/Championne-des-Championnes-francaises-Loana-Lecomte-2eme-la-pepite.png","width":800,"height":445,"caption":"Championne des Championnes fran\u00e7aises - Loana Lecomte (2\u00e8me), la p\u00e9pite"},{"@type":"BreadcrumbList","@id":"https:\/\/dicodusport.fr\/blog\/championne-des-championnes-francaises-loana-lecomte-2eme-la-pepite\/#breadcrumb","itemListElement":[{"@type":"ListItem","position":1,"name":"Accueil","item":"https:\/\/dicodusport.fr\/blog\/"},{"@type":"ListItem","position":2,"name":"Championne des Championnes fran\u00e7aises : Loana Lecomte (2\u00e8me), la p\u00e9pite"}]},{"@type":"WebSite","@id":"https:\/\/dicodusport.fr\/blog\/#website","url":"https:\/\/dicodusport.fr\/blog\/","name":"Dicodusport","description":"L&#039;encyclop\u00e9die de l&#039;actualit\u00e9 sportive","publisher":{"@id":"https:\/\/dicodusport.fr\/blog\/#organization"},"potentialAction":[{"@type":"SearchAction","target":{"@type":"EntryPoint","urlTemplate":"https:\/\/dicodusport.fr\/blog\/?s={search_term_string}"},"query-input":{"@type":"PropertyValueSpecification","valueRequired":true,"valueName":"search_term_string"}}],"inLanguage":"fr-FR"},{"@type":"NewsMediaOrganization","@id":"https:\/\/dicodusport.fr\/blog\/#organization","name":"Dicodusport","url":"https:\/\/dicodusport.fr\/blog\/","logo":{"@type":"ImageObject","inLanguage":"fr-FR","@id":"https:\/\/dicodusport.fr\/blog\/#\/schema\/logo\/image\/","url":"https:\/\/dicodusport.fr\/blog\/wp-content\/uploads\/2020\/06\/cropped-LOGO-DICODUSPORT-2020-SANS-FOND-SANS-TEXTE.png","contentUrl":"https:\/\/dicodusport.fr\/blog\/wp-content\/uploads\/2020\/06\/cropped-LOGO-DICODUSPORT-2020-SANS-FOND-SANS-TEXTE.png","width":512,"height":512,"caption":"Dicodusport"},"image":{"@id":"https:\/\/dicodusport.fr\/blog\/#\/schema\/logo\/image\/"},"sameAs":["https:\/\/www.facebook.com\/dicodusport","https:\/\/x.com\/dicodusport","https:\/\/www.instagram.com\/dicodusport\/","https:\/\/www.youtube.com\/channel\/UC7V2KZ5sd3htJivAbA4ZG3w"],"description":"Dicodusport est l'encyclop\u00e9die de l'actualit\u00e9 sportive.","email":"bonjour@dicodusport.fr","legalName":"DICODUSPORT","foundingDate":"2018-01-14","vatID":"FR71834470973","taxID":"83447097300043","numberOfEmployees":{"@type":"QuantitativeValue","minValue":"1","maxValue":"10"}},{"@type":"Person","@id":"https:\/\/dicodusport.fr\/blog\/#\/schema\/person\/cb02af4c173ce4a653b55e9baf388d4a","name":"Flo Ostermann","image":{"@type":"ImageObject","inLanguage":"fr-FR","@id":"https:\/\/dicodusport.fr\/blog\/#\/schema\/person\/image\/","url":"https:\/\/dicodusport.fr\/blog\/wp-content\/uploads\/2021\/05\/Flo-Ostermann-150x150.jpg","contentUrl":"https:\/\/dicodusport.fr\/blog\/wp-content\/uploads\/2021\/05\/Flo-Ostermann-150x150.jpg","caption":"Flo Ostermann"},"description":"Journaliste\/R\u00e9dacteur depuis septembre 2015 - Mes premiers souvenirs dans le sport ? Les envol\u00e9es du Stade Toulousain et les duels Villeneuve-Schumacher et H\u00e4kkinen-Schumacher \u00e0 la fin des ann\u00e9es 90, la Coupe du monde de football en 1998, l\u2019exploit du XV de France face aux All Blacks en 1999, mais aussi Richard C\u0153ur de Lion qui vole sur les montagnes du Tour de France. Bien parti pour devenir professeur d\u2019EPS, les \u00e9v\u00e9nements de la vie (et la flemme d\u2019animer des s\u00e9ances de 3x500 m\u00e8tres toute ma vie) m\u2019ont conduit \u00e0 revoir mes plans. Me voil\u00e0 depuis fin 2017 sur Dicodusport, m\u00e9dia gr\u00e2ce (et pour) lequel je partage ma passion : le sport dans tous ses \u00e9tats. Le tout accompagn\u00e9 par les fous furieux et folles furieuses cit\u00e9s sur cette page !","sameAs":["https:\/\/www.facebook.com\/florent.ostermann","https:\/\/x.com\/https:\/\/twitter.com\/FlOstermann","admin"],"url":"https:\/\/dicodusport.fr\/blog\/author\/flo\/"}]}},"_links":{"self":[{"href":"https:\/\/dicodusport.fr\/blog\/wp-json\/wp\/v2\/posts\/188185","targetHints":{"allow":["GET"]}}],"collection":[{"href":"https:\/\/dicodusport.fr\/blog\/wp-json\/wp\/v2\/posts"}],"about":[{"href":"https:\/\/dicodusport.fr\/blog\/wp-json\/wp\/v2\/types\/post"}],"author":[{"embeddable":true,"href":"https:\/\/dicodusport.fr\/blog\/wp-json\/wp\/v2\/users\/4"}],"replies":[{"embeddable":true,"href":"https:\/\/dicodusport.fr\/blog\/wp-json\/wp\/v2\/comments?post=188185"}],"version-history":[{"count":1,"href":"https:\/\/dicodusport.fr\/blog\/wp-json\/wp\/v2\/posts\/188185\/revisions"}],"predecessor-version":[{"id":626837,"href":"https:\/\/dicodusport.fr\/blog\/wp-json\/wp\/v2\/posts\/188185\/revisions\/626837"}],"wp:featuredmedia":[{"embeddable":true,"href":"https:\/\/dicodusport.fr\/blog\/wp-json\/wp\/v2\/media\/188188"}],"wp:attachment":[{"href":"https:\/\/dicodusport.fr\/blog\/wp-json\/wp\/v2\/media?parent=188185"}],"wp:term":[{"taxonomy":"category","embeddable":true,"href":"https:\/\/dicodusport.fr\/blog\/wp-json\/wp\/v2\/categories?post=188185"},{"taxonomy":"post_tag","embeddable":true,"href":"https:\/\/dicodusport.fr\/blog\/wp-json\/wp\/v2\/tags?post=188185"}],"curies":[{"name":"wp","href":"https:\/\/api.w.org\/{rel}","templated":true}]}}