{"id":188449,"date":"2022-01-02T14:35:40","date_gmt":"2022-01-02T13:35:40","guid":{"rendered":"https:\/\/dicodusport.fr\/blog\/?p=188449"},"modified":"2022-01-02T17:44:30","modified_gmt":"2022-01-02T16:44:30","slug":"coupe-du-monde-de-hulst-2021-lucinda-brand-assoit-sa-domination","status":"publish","type":"post","link":"https:\/\/dicodusport.fr\/blog\/coupe-du-monde-de-hulst-2021-lucinda-brand-assoit-sa-domination\/","title":{"rendered":"Coupe du monde de Hulst 2022 : Lucinda Brand assoit sa domination"},"content":{"rendered":"<p style=\"text-align: justify;\"><em><strong><a href=\"https:\/\/dicodusport.fr\/blog\/coupe-du-monde-cyclo-cross-2021-2022-calendrier-complet\/\">COUPE DU MONDE DE CYCLO-CROSS 2021-2022<\/a> &#8211;<\/strong> <strong>Lucinda Brand (Baloise Trek Lions)<\/strong> <strong>s&rsquo;est impos\u00e9e sur la 13\u00e8me manche \u00e0 Hulst ce dimanche. Elle a devanc\u00e9 Puck Pieterse (Alpecin Fenix) et Annemarie Worst (777). La championne du monde a accentu\u00e9 son avance en t\u00eate de la Coupe du monde.\u00a0<\/strong> <\/em><\/p>\n<p style=\"text-align: justify;\">D&rsquo;abord, <strong>Marianne Vos<\/strong> (Jumbo Visma) a pris un excellent d\u00e9part devant les jeunes <strong>Fem van Empel <\/strong>(Pauwels Sauzen Bingoal) et <strong>Puck Pieterse<\/strong>. Tandis que Lucinda Brand est partie prudemment sur un parcours assez dur. Dans le d\u00e9vers, <strong>Vos<\/strong> a chut\u00e9 et a permis \u00e0 la n\u00e9erlandaise de 19 ans <strong>Pieterse<\/strong> de prendre les commandes de la course.<\/p>\n<h2 style=\"text-align: justify;\">Les jeunes prennent le pouvoir<\/h2>\n<p style=\"text-align: justify;\">Ensuite, dans le deuxi\u00e8me tour, <strong>Pieterse<\/strong> a fait le trou avec 14 secondes d&rsquo;avance sur <strong>Kata Blanka Vas<\/strong> sur un parcours casse-pattes mais avec peu de boue. <strong>Lucinda Brand<\/strong> (Baloise Trek Lions) est remont\u00e9e \u00e0 la 5e place alors que <strong>Marianne Vos<\/strong> est descendue dans la hi\u00e9rarchie. Partie assez loin sur la grille de d\u00e9part, <strong>Line<\/strong> <strong>Burquier<\/strong> a rattrap\u00e9 de nombreuses concurrentes pour figurer en 20e position avec un retard de pr\u00e8s d&rsquo;une minute.<\/p>\n<p style=\"text-align: justify;\">Un groupe de cinq femmes avec <strong>Vas, Van Empel, Van Anrooij, Brand <\/strong>et <strong>Worst<\/strong>, s&rsquo;est form\u00e9 en chasse 13 secondes derri\u00e8re <strong>Pieterse<\/strong> sur le troisi\u00e8me tour. Devant, <strong>Puck Pieterse<\/strong> \u00e9tait tr\u00e8s propre techniquement en passant notamment les planches sur le v\u00e9lo. Apr\u00e8s un d\u00e9but de course difficile, <strong>Denise Betsema <\/strong>a connu des difficult\u00e9s pour revenir \u00e0 l&rsquo;avant de la course.<\/p>\n<h2 style=\"text-align: justify;\">La technicit\u00e9 de Puck Pieterse face \u00e0 la puissance de Lucinda Brand<\/h2>\n<p style=\"text-align: justify;\">Puis, dans le quatri\u00e8me tour, <strong>Blanka Vas<\/strong> a emmen\u00e9 le groupe de chasse avec <strong>Lucinda Brand <\/strong>mais la championne du monde a commis beaucoup de petites fautes. Le duo est revenu \u00e0 8 secondes de la femme de t\u00eate. <strong>Burquier <\/strong>a continu\u00e9 sa remont\u00e9e en \u00e9tant en 16\u00e8me position en profitant notamment de la chute de la championne de Belgique <strong>Sanne Cant<\/strong>.<\/p>\n<p style=\"text-align: justify;\">Par la suite, dans le cinqui\u00e8me tour, <strong>Brand<\/strong> a fait la jonction sur <strong>Pieterse<\/strong> tout en puissance. Dans la partie technique, <strong>Blanka Vas<\/strong> a \u00e9t\u00e9 mise en difficult\u00e9 par le duo de t\u00eate alors qu&rsquo;elle \u00e9tait proche de revenir. Malheureusement pour <strong>Pieterse<\/strong>, <strong>Brand <\/strong>a port\u00e9 une violente acc\u00e9l\u00e9ration sur la fin du circuit beaucoup plus roulante pour distancer sa jeune compatriote. Du cot\u00e9 des Fran\u00e7aises, <strong>H\u00e9l\u00e8ne Clauzel<\/strong> (A.S. Bike Crossteam) \u00e9tait \u00e0 la lutte pour une nouvelle place dans le Top 10.<\/p>\n<h2 style=\"text-align: justify;\">Les anciennes font la diff\u00e9rence \u00e0 l&rsquo;exp\u00e9rience<\/h2>\n<p style=\"text-align: justify;\">Enfin, dans le dernier tour, <strong>Lucinda Brand<\/strong> (Baloise Trek Lions) a fait la diff\u00e9rence sur le physique pour s&rsquo;imposer pour la sixi\u00e8me fois fois en coupe du monde cet hiver apr\u00e8s ses victoires \u00e0 Fayetteville, T\u00e1bor, Besan\u00e7on, Namur et Dendermonde. Elle a devanc\u00e9 sur la ligne de 5 secondes <strong>Puck Pieterse<\/strong> (Alpecin Fenix). <strong>Annemarie Worst<\/strong> (777) a l\u00e2ch\u00e9 <strong>Kata Blanka Vas<\/strong> pour compl\u00e9ter le podium \u00e0 11 secondes devant la jeune Hongroise. <strong>Fem van Empel<\/strong> (Pauwels Sauzen Bingoal) a fini 5\u00e8me \u00e0 26 secondes devant <strong>Marianne Vos<\/strong> (Jumbo Visma &#8211; 6\u00e8me \u00e0 37 secondes). <strong>H\u00e9l\u00e8ne Clauzel<\/strong> (A.S. Bike Crossteam) a termin\u00e9 11\u00e8me \u00e0 2 minutes et 2 secondes et <strong>Line Burquier<\/strong> s&rsquo;est class\u00e9e 15e \u00e0 2 minutes et 21 secondes.<\/p>\n<blockquote class=\"twitter-tweet\">\n<p dir=\"ltr\" lang=\"en\">Lucinda Brand is victorious in Hulst! &#x1f308; She beats Puck Pieterse &#x1f948; and Annemarie Worst &#x1f949;. &#x1f4fa; Follow the action &#x1f449; <a href=\"https:\/\/t.co\/kgKYZoYism\">https:\/\/t.co\/kgKYZoYism<\/a> <a href=\"https:\/\/twitter.com\/hashtag\/CXWorldCup?src=hash&amp;ref_src=twsrc%5Etfw\">#CXWorldCup<\/a> <a href=\"https:\/\/t.co\/SM41iigMVT\">pic.twitter.com\/SM41iigMVT<\/a><\/p>\n<p>\u2014 UCI Cyclo-cross World Cup (@UCIcyclocrossWC) <a href=\"https:\/\/twitter.com\/UCIcyclocrossWC\/status\/1477635616317792260?ref_src=twsrc%5Etfw\">January 2, 2022<\/a><\/p><\/blockquote>\n<p><script async src=\"https:\/\/platform.twitter.com\/widgets.js\" charset=\"utf-8\"><\/script><\/p>\n<h2 style=\"text-align: justify;\"><strong>\u00c0 lire aussi<\/strong><\/h2>\n<ul>\n<li style=\"text-align: justify;\"><strong><a href=\"https:\/\/dicodusport.fr\/blog\/coupe-du-monde-de-cyclo-cross-2021-2022-classement-general-femmes\/\">Le classement de la course femmes<\/a><br \/>\n<\/strong><\/li>\n<li style=\"text-align: justify;\"><a href=\"https:\/\/dicodusport.fr\/blog\/coupe-du-monde-de-cyclo-cross-2021-2022-classement-general-femmes\/\"><strong>Le classement g\u00e9n\u00e9ral de la Coupe du monde<\/strong><\/a><\/li>\n<li style=\"text-align: justify;\"><a href=\"https:\/\/dicodusport.fr\/blog\/coupe-du-monde-cyclo-cross-2021-2022-calendrier-complet\/\"><strong>Le calendrier complet de la Coupe du monde de cyclo-cross 2021-2022<\/strong><\/a><\/li>\n<\/ul>\n","protected":false},"excerpt":{"rendered":"<p>COUPE DU MONDE DE CYCLO-CROSS 2021-2022 &#8211; Lucinda Brand (Baloise Trek Lions) s&rsquo;est impos\u00e9e sur la 13\u00e8me manche \u00e0 Hulst ce dimanche. Elle a devanc\u00e9 Puck Pieterse (Alpecin Fenix) et Annemarie Worst (777). La championne du monde a accentu\u00e9 son avance en t\u00eate de la Coupe du monde.<\/p>\n","protected":false},"author":48,"featured_media":188499,"comment_status":"open","ping_status":"closed","sticky":false,"template":"","format":"standard","meta":{"_acf_changed":false,"_daextam_enable_autolinks":"","footnotes":""},"categories":[9611],"tags":[20902,13284],"class_list":["post-188449","post","type-post","status-publish","format-standard","has-post-thumbnail","hentry","category-cyclo-cross","tag-coupe-du-monde-de-cyclo-cross","tag-cyclo-cross-hulst"],"acf":[],"yoast_head":"<!-- This site is optimized with the Yoast SEO Premium plugin v26.7 (Yoast SEO v26.7) - https:\/\/yoast.com\/wordpress\/plugins\/seo\/ -->\n<title>Coupe du monde de Hulst 2022 : Lucinda Brand assoit sa domination<\/title>\n<meta name=\"description\" content=\"Lucinda Brand (Baloise Trek Lions) s&#039;est impos\u00e9e sur la 13\u00e8me manche \u00e0 Hulst ce dimanche. Elle a devanc\u00e9 Puck Pieterse et Annemarie Worst.\" \/>\n<meta name=\"robots\" content=\"index, follow, max-snippet:-1, max-image-preview:large, max-video-preview:-1\" \/>\n<link rel=\"canonical\" href=\"https:\/\/dicodusport.fr\/blog\/coupe-du-monde-de-hulst-2021-lucinda-brand-assoit-sa-domination\/\" \/>\n<meta property=\"og:locale\" content=\"fr_FR\" \/>\n<meta property=\"og:type\" content=\"article\" \/>\n<meta property=\"og:title\" content=\"Coupe du monde de Hulst 2022 : Lucinda Brand assoit sa domination\" \/>\n<meta property=\"og:description\" content=\"Lucinda Brand (Baloise Trek Lions) s&#039;est impos\u00e9e sur la 13\u00e8me manche \u00e0 Hulst ce dimanche. Elle a devanc\u00e9 Puck Pieterse et Annemarie Worst.\" \/>\n<meta property=\"og:url\" content=\"https:\/\/dicodusport.fr\/blog\/coupe-du-monde-de-hulst-2021-lucinda-brand-assoit-sa-domination\/\" \/>\n<meta property=\"og:site_name\" content=\"Dicodusport\" \/>\n<meta property=\"article:publisher\" content=\"https:\/\/www.facebook.com\/dicodusport\" \/>\n<meta property=\"article:author\" content=\"https:\/\/www.facebook.com\/groups\/LesRoisDuPeloton\" \/>\n<meta property=\"article:published_time\" content=\"2022-01-02T13:35:40+00:00\" \/>\n<meta property=\"article:modified_time\" content=\"2022-01-02T16:44:30+00:00\" \/>\n<meta property=\"og:image\" content=\"https:\/\/dicodusport.fr\/blog\/wp-content\/uploads\/2022\/01\/Coupe-du-monde-de-Hulst-2021-Lucinda-Brand-assoit-sa-domination.png\" \/>\n\t<meta property=\"og:image:width\" content=\"800\" \/>\n\t<meta property=\"og:image:height\" content=\"445\" \/>\n\t<meta property=\"og:image:type\" content=\"image\/png\" \/>\n<meta name=\"author\" content=\"Emilien Descampiaux\" \/>\n<meta name=\"twitter:card\" content=\"summary_large_image\" \/>\n<meta name=\"twitter:title\" content=\"Coupe du monde de Hulst 2022 : Lucinda Brand assoit sa domination\" \/>\n<meta name=\"twitter:creator\" content=\"@https:\/\/twitter.com\/LRoisDuPeloton\" \/>\n<meta name=\"twitter:site\" content=\"@dicodusport\" \/>\n<script type=\"application\/ld+json\" class=\"yoast-schema-graph\">{\"@context\":\"https:\/\/schema.org\",\"@graph\":[{\"@type\":\"NewsArticle\",\"@id\":\"https:\/\/dicodusport.fr\/blog\/coupe-du-monde-de-hulst-2021-lucinda-brand-assoit-sa-domination\/#article\",\"isPartOf\":{\"@id\":\"https:\/\/dicodusport.fr\/blog\/coupe-du-monde-de-hulst-2021-lucinda-brand-assoit-sa-domination\/\"},\"author\":{\"name\":\"Emilien Descampiaux\",\"@id\":\"https:\/\/dicodusport.fr\/blog\/#\/schema\/person\/6db4bae06b171592211be385b32876a7\"},\"headline\":\"Coupe du monde de Hulst 2022 : Lucinda Brand assoit sa domination\",\"datePublished\":\"2022-01-02T13:35:40+00:00\",\"dateModified\":\"2022-01-02T16:44:30+00:00\",\"mainEntityOfPage\":{\"@id\":\"https:\/\/dicodusport.fr\/blog\/coupe-du-monde-de-hulst-2021-lucinda-brand-assoit-sa-domination\/\"},\"wordCount\":631,\"commentCount\":0,\"publisher\":{\"@id\":\"https:\/\/dicodusport.fr\/blog\/#organization\"},\"image\":{\"@id\":\"https:\/\/dicodusport.fr\/blog\/coupe-du-monde-de-hulst-2021-lucinda-brand-assoit-sa-domination\/#primaryimage\"},\"thumbnailUrl\":\"https:\/\/dicodusport.fr\/blog\/wp-content\/uploads\/2022\/01\/Coupe-du-monde-de-Hulst-2021-Lucinda-Brand-assoit-sa-domination.png\",\"keywords\":[\"Coupe du monde de cyclo-cross\",\"Cyclo-cross Hulst\"],\"articleSection\":[\"Cyclo-cross\"],\"inLanguage\":\"fr-FR\",\"potentialAction\":[{\"@type\":\"CommentAction\",\"name\":\"Comment\",\"target\":[\"https:\/\/dicodusport.fr\/blog\/coupe-du-monde-de-hulst-2021-lucinda-brand-assoit-sa-domination\/#respond\"]}],\"copyrightYear\":\"2022\",\"copyrightHolder\":{\"@id\":\"https:\/\/dicodusport.fr\/blog\/#organization\"}},{\"@type\":\"WebPage\",\"@id\":\"https:\/\/dicodusport.fr\/blog\/coupe-du-monde-de-hulst-2021-lucinda-brand-assoit-sa-domination\/\",\"url\":\"https:\/\/dicodusport.fr\/blog\/coupe-du-monde-de-hulst-2021-lucinda-brand-assoit-sa-domination\/\",\"name\":\"Coupe du monde de Hulst 2022 : Lucinda Brand assoit sa domination\",\"isPartOf\":{\"@id\":\"https:\/\/dicodusport.fr\/blog\/#website\"},\"primaryImageOfPage\":{\"@id\":\"https:\/\/dicodusport.fr\/blog\/coupe-du-monde-de-hulst-2021-lucinda-brand-assoit-sa-domination\/#primaryimage\"},\"image\":{\"@id\":\"https:\/\/dicodusport.fr\/blog\/coupe-du-monde-de-hulst-2021-lucinda-brand-assoit-sa-domination\/#primaryimage\"},\"thumbnailUrl\":\"https:\/\/dicodusport.fr\/blog\/wp-content\/uploads\/2022\/01\/Coupe-du-monde-de-Hulst-2021-Lucinda-Brand-assoit-sa-domination.png\",\"datePublished\":\"2022-01-02T13:35:40+00:00\",\"dateModified\":\"2022-01-02T16:44:30+00:00\",\"description\":\"Lucinda Brand (Baloise Trek Lions) s'est impos\u00e9e sur la 13\u00e8me manche \u00e0 Hulst ce dimanche. Elle a devanc\u00e9 Puck Pieterse et Annemarie Worst.\",\"breadcrumb\":{\"@id\":\"https:\/\/dicodusport.fr\/blog\/coupe-du-monde-de-hulst-2021-lucinda-brand-assoit-sa-domination\/#breadcrumb\"},\"inLanguage\":\"fr-FR\",\"potentialAction\":[{\"@type\":\"ReadAction\",\"target\":[\"https:\/\/dicodusport.fr\/blog\/coupe-du-monde-de-hulst-2021-lucinda-brand-assoit-sa-domination\/\"]}]},{\"@type\":\"ImageObject\",\"inLanguage\":\"fr-FR\",\"@id\":\"https:\/\/dicodusport.fr\/blog\/coupe-du-monde-de-hulst-2021-lucinda-brand-assoit-sa-domination\/#primaryimage\",\"url\":\"https:\/\/dicodusport.fr\/blog\/wp-content\/uploads\/2022\/01\/Coupe-du-monde-de-Hulst-2021-Lucinda-Brand-assoit-sa-domination.png\",\"contentUrl\":\"https:\/\/dicodusport.fr\/blog\/wp-content\/uploads\/2022\/01\/Coupe-du-monde-de-Hulst-2021-Lucinda-Brand-assoit-sa-domination.png\",\"width\":800,\"height\":445},{\"@type\":\"BreadcrumbList\",\"@id\":\"https:\/\/dicodusport.fr\/blog\/coupe-du-monde-de-hulst-2021-lucinda-brand-assoit-sa-domination\/#breadcrumb\",\"itemListElement\":[{\"@type\":\"ListItem\",\"position\":1,\"name\":\"Accueil\",\"item\":\"https:\/\/dicodusport.fr\/blog\/\"},{\"@type\":\"ListItem\",\"position\":2,\"name\":\"Coupe du monde de Hulst 2022 : Lucinda Brand assoit sa domination\"}]},{\"@type\":\"WebSite\",\"@id\":\"https:\/\/dicodusport.fr\/blog\/#website\",\"url\":\"https:\/\/dicodusport.fr\/blog\/\",\"name\":\"Dicodusport\",\"description\":\"L&#039;encyclop\u00e9die de l&#039;actualit\u00e9 sportive\",\"publisher\":{\"@id\":\"https:\/\/dicodusport.fr\/blog\/#organization\"},\"potentialAction\":[{\"@type\":\"SearchAction\",\"target\":{\"@type\":\"EntryPoint\",\"urlTemplate\":\"https:\/\/dicodusport.fr\/blog\/?s={search_term_string}\"},\"query-input\":{\"@type\":\"PropertyValueSpecification\",\"valueRequired\":true,\"valueName\":\"search_term_string\"}}],\"inLanguage\":\"fr-FR\"},{\"@type\":\"NewsMediaOrganization\",\"@id\":\"https:\/\/dicodusport.fr\/blog\/#organization\",\"name\":\"Dicodusport\",\"url\":\"https:\/\/dicodusport.fr\/blog\/\",\"logo\":{\"@type\":\"ImageObject\",\"inLanguage\":\"fr-FR\",\"@id\":\"https:\/\/dicodusport.fr\/blog\/#\/schema\/logo\/image\/\",\"url\":\"https:\/\/dicodusport.fr\/blog\/wp-content\/uploads\/2020\/06\/cropped-LOGO-DICODUSPORT-2020-SANS-FOND-SANS-TEXTE.png\",\"contentUrl\":\"https:\/\/dicodusport.fr\/blog\/wp-content\/uploads\/2020\/06\/cropped-LOGO-DICODUSPORT-2020-SANS-FOND-SANS-TEXTE.png\",\"width\":512,\"height\":512,\"caption\":\"Dicodusport\"},\"image\":{\"@id\":\"https:\/\/dicodusport.fr\/blog\/#\/schema\/logo\/image\/\"},\"sameAs\":[\"https:\/\/www.facebook.com\/dicodusport\",\"https:\/\/x.com\/dicodusport\",\"https:\/\/www.instagram.com\/dicodusport\/\",\"https:\/\/www.youtube.com\/channel\/UC7V2KZ5sd3htJivAbA4ZG3w\"],\"description\":\"Dicodusport est l'encyclop\u00e9die de l'actualit\u00e9 sportive.\",\"email\":\"bonjour@dicodusport.fr\",\"legalName\":\"DICODUSPORT\",\"foundingDate\":\"2018-01-14\",\"vatID\":\"FR71834470973\",\"taxID\":\"83447097300043\",\"numberOfEmployees\":{\"@type\":\"QuantitativeValue\",\"minValue\":\"1\",\"maxValue\":\"10\"}},{\"@type\":\"Person\",\"@id\":\"https:\/\/dicodusport.fr\/blog\/#\/schema\/person\/6db4bae06b171592211be385b32876a7\",\"name\":\"Emilien Descampiaux\",\"image\":{\"@type\":\"ImageObject\",\"inLanguage\":\"fr-FR\",\"@id\":\"https:\/\/dicodusport.fr\/blog\/#\/schema\/person\/image\/\",\"url\":\"https:\/\/dicodusport.fr\/blog\/wp-content\/uploads\/2021\/05\/Emilien-Descampiaux-150x150.jpg\",\"contentUrl\":\"https:\/\/dicodusport.fr\/blog\/wp-content\/uploads\/2021\/05\/Emilien-Descampiaux-150x150.jpg\",\"caption\":\"Emilien Descampiaux\"},\"description\":\"Journaliste\/r\u00e9dacteur depuis 2014 - Fan de la classe de Frank Vandenbroucke, je vis cyclisme (et de ses paysages) depuis plus de 20 ans. Je suis tr\u00e8s impliqu\u00e9 sur mes diff\u00e9rents r\u00e9seaux sociaux pour partager ma passion sur le monde et l'Histoire de la bicyclette avec ma voix sur les images en noir et blanc du succ\u00e8s de Rik Van Steenbergen lors du Ronde sur le V\u00e9lodrome de Gand.\",\"sameAs\":[\"https:\/\/www.facebook.com\/groups\/LesRoisDuPeloton\",\"https:\/\/x.com\/https:\/\/twitter.com\/LRoisDuPeloton\"],\"url\":\"https:\/\/dicodusport.fr\/blog\/author\/emiliend\/\"}]}<\/script>\n<!-- \/ Yoast SEO Premium plugin. -->","yoast_head_json":{"title":"Coupe du monde de Hulst 2022 : Lucinda Brand assoit sa domination","description":"Lucinda Brand (Baloise Trek Lions) s'est impos\u00e9e sur la 13\u00e8me manche \u00e0 Hulst ce dimanche. Elle a devanc\u00e9 Puck Pieterse et Annemarie Worst.","robots":{"index":"index","follow":"follow","max-snippet":"max-snippet:-1","max-image-preview":"max-image-preview:large","max-video-preview":"max-video-preview:-1"},"canonical":"https:\/\/dicodusport.fr\/blog\/coupe-du-monde-de-hulst-2021-lucinda-brand-assoit-sa-domination\/","og_locale":"fr_FR","og_type":"article","og_title":"Coupe du monde de Hulst 2022 : Lucinda Brand assoit sa domination","og_description":"Lucinda Brand (Baloise Trek Lions) s'est impos\u00e9e sur la 13\u00e8me manche \u00e0 Hulst ce dimanche. Elle a devanc\u00e9 Puck Pieterse et Annemarie Worst.","og_url":"https:\/\/dicodusport.fr\/blog\/coupe-du-monde-de-hulst-2021-lucinda-brand-assoit-sa-domination\/","og_site_name":"Dicodusport","article_publisher":"https:\/\/www.facebook.com\/dicodusport","article_author":"https:\/\/www.facebook.com\/groups\/LesRoisDuPeloton","article_published_time":"2022-01-02T13:35:40+00:00","article_modified_time":"2022-01-02T16:44:30+00:00","og_image":[{"width":800,"height":445,"url":"https:\/\/dicodusport.fr\/blog\/wp-content\/uploads\/2022\/01\/Coupe-du-monde-de-Hulst-2021-Lucinda-Brand-assoit-sa-domination.png","type":"image\/png"}],"author":"Emilien Descampiaux","twitter_card":"summary_large_image","twitter_title":"Coupe du monde de Hulst 2022 : Lucinda Brand assoit sa domination","twitter_creator":"@https:\/\/twitter.com\/LRoisDuPeloton","twitter_site":"@dicodusport","schema":{"@context":"https:\/\/schema.org","@graph":[{"@type":"NewsArticle","@id":"https:\/\/dicodusport.fr\/blog\/coupe-du-monde-de-hulst-2021-lucinda-brand-assoit-sa-domination\/#article","isPartOf":{"@id":"https:\/\/dicodusport.fr\/blog\/coupe-du-monde-de-hulst-2021-lucinda-brand-assoit-sa-domination\/"},"author":{"name":"Emilien Descampiaux","@id":"https:\/\/dicodusport.fr\/blog\/#\/schema\/person\/6db4bae06b171592211be385b32876a7"},"headline":"Coupe du monde de Hulst 2022 : Lucinda Brand assoit sa domination","datePublished":"2022-01-02T13:35:40+00:00","dateModified":"2022-01-02T16:44:30+00:00","mainEntityOfPage":{"@id":"https:\/\/dicodusport.fr\/blog\/coupe-du-monde-de-hulst-2021-lucinda-brand-assoit-sa-domination\/"},"wordCount":631,"commentCount":0,"publisher":{"@id":"https:\/\/dicodusport.fr\/blog\/#organization"},"image":{"@id":"https:\/\/dicodusport.fr\/blog\/coupe-du-monde-de-hulst-2021-lucinda-brand-assoit-sa-domination\/#primaryimage"},"thumbnailUrl":"https:\/\/dicodusport.fr\/blog\/wp-content\/uploads\/2022\/01\/Coupe-du-monde-de-Hulst-2021-Lucinda-Brand-assoit-sa-domination.png","keywords":["Coupe du monde de cyclo-cross","Cyclo-cross Hulst"],"articleSection":["Cyclo-cross"],"inLanguage":"fr-FR","potentialAction":[{"@type":"CommentAction","name":"Comment","target":["https:\/\/dicodusport.fr\/blog\/coupe-du-monde-de-hulst-2021-lucinda-brand-assoit-sa-domination\/#respond"]}],"copyrightYear":"2022","copyrightHolder":{"@id":"https:\/\/dicodusport.fr\/blog\/#organization"}},{"@type":"WebPage","@id":"https:\/\/dicodusport.fr\/blog\/coupe-du-monde-de-hulst-2021-lucinda-brand-assoit-sa-domination\/","url":"https:\/\/dicodusport.fr\/blog\/coupe-du-monde-de-hulst-2021-lucinda-brand-assoit-sa-domination\/","name":"Coupe du monde de Hulst 2022 : Lucinda Brand assoit sa domination","isPartOf":{"@id":"https:\/\/dicodusport.fr\/blog\/#website"},"primaryImageOfPage":{"@id":"https:\/\/dicodusport.fr\/blog\/coupe-du-monde-de-hulst-2021-lucinda-brand-assoit-sa-domination\/#primaryimage"},"image":{"@id":"https:\/\/dicodusport.fr\/blog\/coupe-du-monde-de-hulst-2021-lucinda-brand-assoit-sa-domination\/#primaryimage"},"thumbnailUrl":"https:\/\/dicodusport.fr\/blog\/wp-content\/uploads\/2022\/01\/Coupe-du-monde-de-Hulst-2021-Lucinda-Brand-assoit-sa-domination.png","datePublished":"2022-01-02T13:35:40+00:00","dateModified":"2022-01-02T16:44:30+00:00","description":"Lucinda Brand (Baloise Trek Lions) s'est impos\u00e9e sur la 13\u00e8me manche \u00e0 Hulst ce dimanche. Elle a devanc\u00e9 Puck Pieterse et Annemarie Worst.","breadcrumb":{"@id":"https:\/\/dicodusport.fr\/blog\/coupe-du-monde-de-hulst-2021-lucinda-brand-assoit-sa-domination\/#breadcrumb"},"inLanguage":"fr-FR","potentialAction":[{"@type":"ReadAction","target":["https:\/\/dicodusport.fr\/blog\/coupe-du-monde-de-hulst-2021-lucinda-brand-assoit-sa-domination\/"]}]},{"@type":"ImageObject","inLanguage":"fr-FR","@id":"https:\/\/dicodusport.fr\/blog\/coupe-du-monde-de-hulst-2021-lucinda-brand-assoit-sa-domination\/#primaryimage","url":"https:\/\/dicodusport.fr\/blog\/wp-content\/uploads\/2022\/01\/Coupe-du-monde-de-Hulst-2021-Lucinda-Brand-assoit-sa-domination.png","contentUrl":"https:\/\/dicodusport.fr\/blog\/wp-content\/uploads\/2022\/01\/Coupe-du-monde-de-Hulst-2021-Lucinda-Brand-assoit-sa-domination.png","width":800,"height":445},{"@type":"BreadcrumbList","@id":"https:\/\/dicodusport.fr\/blog\/coupe-du-monde-de-hulst-2021-lucinda-brand-assoit-sa-domination\/#breadcrumb","itemListElement":[{"@type":"ListItem","position":1,"name":"Accueil","item":"https:\/\/dicodusport.fr\/blog\/"},{"@type":"ListItem","position":2,"name":"Coupe du monde de Hulst 2022 : Lucinda Brand assoit sa domination"}]},{"@type":"WebSite","@id":"https:\/\/dicodusport.fr\/blog\/#website","url":"https:\/\/dicodusport.fr\/blog\/","name":"Dicodusport","description":"L&#039;encyclop\u00e9die de l&#039;actualit\u00e9 sportive","publisher":{"@id":"https:\/\/dicodusport.fr\/blog\/#organization"},"potentialAction":[{"@type":"SearchAction","target":{"@type":"EntryPoint","urlTemplate":"https:\/\/dicodusport.fr\/blog\/?s={search_term_string}"},"query-input":{"@type":"PropertyValueSpecification","valueRequired":true,"valueName":"search_term_string"}}],"inLanguage":"fr-FR"},{"@type":"NewsMediaOrganization","@id":"https:\/\/dicodusport.fr\/blog\/#organization","name":"Dicodusport","url":"https:\/\/dicodusport.fr\/blog\/","logo":{"@type":"ImageObject","inLanguage":"fr-FR","@id":"https:\/\/dicodusport.fr\/blog\/#\/schema\/logo\/image\/","url":"https:\/\/dicodusport.fr\/blog\/wp-content\/uploads\/2020\/06\/cropped-LOGO-DICODUSPORT-2020-SANS-FOND-SANS-TEXTE.png","contentUrl":"https:\/\/dicodusport.fr\/blog\/wp-content\/uploads\/2020\/06\/cropped-LOGO-DICODUSPORT-2020-SANS-FOND-SANS-TEXTE.png","width":512,"height":512,"caption":"Dicodusport"},"image":{"@id":"https:\/\/dicodusport.fr\/blog\/#\/schema\/logo\/image\/"},"sameAs":["https:\/\/www.facebook.com\/dicodusport","https:\/\/x.com\/dicodusport","https:\/\/www.instagram.com\/dicodusport\/","https:\/\/www.youtube.com\/channel\/UC7V2KZ5sd3htJivAbA4ZG3w"],"description":"Dicodusport est l'encyclop\u00e9die de l'actualit\u00e9 sportive.","email":"bonjour@dicodusport.fr","legalName":"DICODUSPORT","foundingDate":"2018-01-14","vatID":"FR71834470973","taxID":"83447097300043","numberOfEmployees":{"@type":"QuantitativeValue","minValue":"1","maxValue":"10"}},{"@type":"Person","@id":"https:\/\/dicodusport.fr\/blog\/#\/schema\/person\/6db4bae06b171592211be385b32876a7","name":"Emilien Descampiaux","image":{"@type":"ImageObject","inLanguage":"fr-FR","@id":"https:\/\/dicodusport.fr\/blog\/#\/schema\/person\/image\/","url":"https:\/\/dicodusport.fr\/blog\/wp-content\/uploads\/2021\/05\/Emilien-Descampiaux-150x150.jpg","contentUrl":"https:\/\/dicodusport.fr\/blog\/wp-content\/uploads\/2021\/05\/Emilien-Descampiaux-150x150.jpg","caption":"Emilien Descampiaux"},"description":"Journaliste\/r\u00e9dacteur depuis 2014 - Fan de la classe de Frank Vandenbroucke, je vis cyclisme (et de ses paysages) depuis plus de 20 ans. Je suis tr\u00e8s impliqu\u00e9 sur mes diff\u00e9rents r\u00e9seaux sociaux pour partager ma passion sur le monde et l'Histoire de la bicyclette avec ma voix sur les images en noir et blanc du succ\u00e8s de Rik Van Steenbergen lors du Ronde sur le V\u00e9lodrome de Gand.","sameAs":["https:\/\/www.facebook.com\/groups\/LesRoisDuPeloton","https:\/\/x.com\/https:\/\/twitter.com\/LRoisDuPeloton"],"url":"https:\/\/dicodusport.fr\/blog\/author\/emiliend\/"}]}},"_links":{"self":[{"href":"https:\/\/dicodusport.fr\/blog\/wp-json\/wp\/v2\/posts\/188449","targetHints":{"allow":["GET"]}}],"collection":[{"href":"https:\/\/dicodusport.fr\/blog\/wp-json\/wp\/v2\/posts"}],"about":[{"href":"https:\/\/dicodusport.fr\/blog\/wp-json\/wp\/v2\/types\/post"}],"author":[{"embeddable":true,"href":"https:\/\/dicodusport.fr\/blog\/wp-json\/wp\/v2\/users\/48"}],"replies":[{"embeddable":true,"href":"https:\/\/dicodusport.fr\/blog\/wp-json\/wp\/v2\/comments?post=188449"}],"version-history":[{"count":0,"href":"https:\/\/dicodusport.fr\/blog\/wp-json\/wp\/v2\/posts\/188449\/revisions"}],"wp:featuredmedia":[{"embeddable":true,"href":"https:\/\/dicodusport.fr\/blog\/wp-json\/wp\/v2\/media\/188499"}],"wp:attachment":[{"href":"https:\/\/dicodusport.fr\/blog\/wp-json\/wp\/v2\/media?parent=188449"}],"wp:term":[{"taxonomy":"category","embeddable":true,"href":"https:\/\/dicodusport.fr\/blog\/wp-json\/wp\/v2\/categories?post=188449"},{"taxonomy":"post_tag","embeddable":true,"href":"https:\/\/dicodusport.fr\/blog\/wp-json\/wp\/v2\/tags?post=188449"}],"curies":[{"name":"wp","href":"https:\/\/api.w.org\/{rel}","templated":true}]}}