{"id":188843,"date":"2022-01-04T16:35:55","date_gmt":"2022-01-04T15:35:55","guid":{"rendered":"https:\/\/dicodusport.fr\/blog\/?p=188843&#038;preview=true&#038;preview_id=188843"},"modified":"2022-01-04T17:07:38","modified_gmt":"2022-01-04T16:07:38","slug":"om-jordan-amavi-se-rapproche-dun-depart","status":"publish","type":"post","link":"https:\/\/dicodusport.fr\/blog\/om-jordan-amavi-se-rapproche-dun-depart\/","title":{"rendered":"OM : Jordan Amavi se rapproche d&rsquo;un d\u00e9part"},"content":{"rendered":"<p style=\"text-align: justify;\"><strong><em>MERCATO &#8211; Selon nos confr\u00e8res de Foot Mercato, Jordan Amavi pourrait quitter l&rsquo;Olympique de Marseille pour Nice cet hiver.\u00a0<\/em><\/strong><\/p>\n<p style=\"text-align: justify;\">Ind\u00e9sirable \u00e0 <strong>Marseille<\/strong> o\u00f9 Jorge Sampaoli ne compte pas sur lui, <strong>Jordan Amavi<\/strong> pourrait revenir dans son club formateur lors du mercato hivernal. Le lat\u00e9ral gauche a quitt\u00e9 l&rsquo;OGC Nice en 2015 pour l&rsquo;Angleterre et Aston Villa. Form\u00e9 au club, il n&rsquo;a jamais vraiment r\u00e9ussi \u00e0 se faire une place en Premier League et \u00e9tait revenu en France \u00e0 l&rsquo;OM en 2017. Jorge Sampaoli qui joue avec des pistons et trois d\u00e9fenseurs axiaux, ne compte pas sur Jordan Amavi qui est en contact avec <strong>Nice<\/strong> o\u00f9 Christophe Galtier aimerait le recruter. L\u2019op\u00e9ration pourrait se finaliser dans les prochains jours.<\/p>\n<blockquote class=\"twitter-tweet\">\n<p dir=\"ltr\" lang=\"fr\">&#x1f6a8;Info <a href=\"https:\/\/twitter.com\/footmercato?ref_src=twsrc%5Etfw\">@footmercato<\/a> <a href=\"https:\/\/twitter.com\/Stickwic?ref_src=twsrc%5Etfw\">@Stickwic<\/a> : Jordan Amavi &#x1f1eb;&#x1f1f7; \u00e0 <a href=\"https:\/\/twitter.com\/hashtag\/Nice?src=hash&amp;ref_src=twsrc%5Etfw\">#Nice<\/a> \u00e7a avance, comme r\u00e9v\u00e9l\u00e9 il y a quelques jours.<\/p>\n<p>\u2022 Discussions entam\u00e9es entre toutes les parties pour la venue du lat\u00e9ral gauche.<a href=\"https:\/\/t.co\/mPDrkPA0vy\">https:\/\/t.co\/mPDrkPA0vy<\/a><\/p>\n<p>\u2014 Santi Aouna (@Santi_J_FM) <a href=\"https:\/\/twitter.com\/Santi_J_FM\/status\/1478346967809941512?ref_src=twsrc%5Etfw\">January 4, 2022<\/a><\/p><\/blockquote>\n<p style=\"text-align: justify;\"><script async src=\"https:\/\/platform.twitter.com\/widgets.js\" charset=\"utf-8\"><\/script><\/p>\n","protected":false},"excerpt":{"rendered":"<p>Selon nos confr\u00e8res de Foot Mercato, Jordan Amavi pourrait quitter l&rsquo;Olympique de Marseille pour Nice cet hiver.\u00a0<\/p>\n","protected":false},"author":1,"featured_media":188847,"comment_status":"open","ping_status":"closed","sticky":false,"template":"","format":"standard","meta":{"_acf_changed":false,"_daextam_enable_autolinks":"","footnotes":""},"categories":[47045],"tags":[21048,1889],"class_list":["post-188843","post","type-post","status-publish","format-standard","has-post-thumbnail","hentry","category-ligue-1","tag-jordan-amavi","tag-om"],"acf":[],"yoast_head":"<!-- This site is optimized with the Yoast SEO Premium plugin v26.7 (Yoast SEO v26.7) - https:\/\/yoast.com\/wordpress\/plugins\/seo\/ -->\n<title>OM : Jordan Amavi se rapproche d&#039;un d\u00e9part<\/title>\n<meta name=\"description\" content=\"Selon nos confr\u00e8res de Foot Mercato, Jordan Amavi pourrait quitter l&#039;Olympique de Marseille pour Nice cet hiver.\u00a0\" \/>\n<meta name=\"robots\" content=\"index, follow, max-snippet:-1, max-image-preview:large, max-video-preview:-1\" \/>\n<link rel=\"canonical\" href=\"https:\/\/dicodusport.fr\/blog\/om-jordan-amavi-se-rapproche-dun-depart\/\" \/>\n<meta property=\"og:locale\" content=\"fr_FR\" \/>\n<meta property=\"og:type\" content=\"article\" \/>\n<meta property=\"og:title\" content=\"OM : Jordan Amavi se rapproche d&#039;un d\u00e9part\" \/>\n<meta property=\"og:description\" content=\"Selon nos confr\u00e8res de Foot Mercato, Jordan Amavi pourrait quitter l&#039;Olympique de Marseille pour Nice cet hiver.\u00a0\" \/>\n<meta property=\"og:url\" content=\"https:\/\/dicodusport.fr\/blog\/om-jordan-amavi-se-rapproche-dun-depart\/\" \/>\n<meta property=\"og:site_name\" content=\"Dicodusport\" \/>\n<meta property=\"article:publisher\" content=\"https:\/\/www.facebook.com\/dicodusport\" \/>\n<meta property=\"article:author\" content=\"https:\/\/www.facebook.com\/dicodusport\" \/>\n<meta property=\"article:published_time\" content=\"2022-01-04T15:35:55+00:00\" \/>\n<meta property=\"article:modified_time\" content=\"2022-01-04T16:07:38+00:00\" \/>\n<meta property=\"og:image\" content=\"https:\/\/dicodusport.fr\/blog\/wp-content\/uploads\/2022\/01\/OM-Jordan-Amavi-se-rapproche-dun-de\u0301part.png\" \/>\n\t<meta property=\"og:image:width\" content=\"800\" \/>\n\t<meta property=\"og:image:height\" content=\"445\" \/>\n\t<meta property=\"og:image:type\" content=\"image\/png\" \/>\n<meta name=\"author\" content=\"Nicolas Jacquemard\" \/>\n<meta name=\"twitter:card\" content=\"summary_large_image\" \/>\n<meta name=\"twitter:title\" content=\"OM : Jordan Amavi se rapproche d&#039;un d\u00e9part\" \/>\n<meta name=\"twitter:creator\" content=\"@https:\/\/twitter.com\/Nico_Jacquemard\" \/>\n<meta name=\"twitter:site\" content=\"@dicodusport\" \/>\n<script type=\"application\/ld+json\" class=\"yoast-schema-graph\">{\"@context\":\"https:\/\/schema.org\",\"@graph\":[{\"@type\":\"NewsArticle\",\"@id\":\"https:\/\/dicodusport.fr\/blog\/om-jordan-amavi-se-rapproche-dun-depart\/#article\",\"isPartOf\":{\"@id\":\"https:\/\/dicodusport.fr\/blog\/om-jordan-amavi-se-rapproche-dun-depart\/\"},\"author\":{\"name\":\"Nicolas Jacquemard\",\"@id\":\"https:\/\/dicodusport.fr\/blog\/#\/schema\/person\/55dcb50ad410894e431ed812bbb70191\"},\"headline\":\"OM : Jordan Amavi se rapproche d&rsquo;un d\u00e9part\",\"datePublished\":\"2022-01-04T15:35:55+00:00\",\"dateModified\":\"2022-01-04T16:07:38+00:00\",\"mainEntityOfPage\":{\"@id\":\"https:\/\/dicodusport.fr\/blog\/om-jordan-amavi-se-rapproche-dun-depart\/\"},\"wordCount\":185,\"commentCount\":0,\"publisher\":{\"@id\":\"https:\/\/dicodusport.fr\/blog\/#organization\"},\"image\":{\"@id\":\"https:\/\/dicodusport.fr\/blog\/om-jordan-amavi-se-rapproche-dun-depart\/#primaryimage\"},\"thumbnailUrl\":\"https:\/\/dicodusport.fr\/blog\/wp-content\/uploads\/2022\/01\/OM-Jordan-Amavi-se-rapproche-dun-de\u0301part.png\",\"keywords\":[\"Jordan Amavi\",\"OM\"],\"articleSection\":[\"Ligue 1\"],\"inLanguage\":\"fr-FR\",\"potentialAction\":[{\"@type\":\"CommentAction\",\"name\":\"Comment\",\"target\":[\"https:\/\/dicodusport.fr\/blog\/om-jordan-amavi-se-rapproche-dun-depart\/#respond\"]}],\"copyrightYear\":\"2022\",\"copyrightHolder\":{\"@id\":\"https:\/\/dicodusport.fr\/blog\/#organization\"}},{\"@type\":\"WebPage\",\"@id\":\"https:\/\/dicodusport.fr\/blog\/om-jordan-amavi-se-rapproche-dun-depart\/\",\"url\":\"https:\/\/dicodusport.fr\/blog\/om-jordan-amavi-se-rapproche-dun-depart\/\",\"name\":\"OM : Jordan Amavi se rapproche d'un d\u00e9part\",\"isPartOf\":{\"@id\":\"https:\/\/dicodusport.fr\/blog\/#website\"},\"primaryImageOfPage\":{\"@id\":\"https:\/\/dicodusport.fr\/blog\/om-jordan-amavi-se-rapproche-dun-depart\/#primaryimage\"},\"image\":{\"@id\":\"https:\/\/dicodusport.fr\/blog\/om-jordan-amavi-se-rapproche-dun-depart\/#primaryimage\"},\"thumbnailUrl\":\"https:\/\/dicodusport.fr\/blog\/wp-content\/uploads\/2022\/01\/OM-Jordan-Amavi-se-rapproche-dun-de\u0301part.png\",\"datePublished\":\"2022-01-04T15:35:55+00:00\",\"dateModified\":\"2022-01-04T16:07:38+00:00\",\"description\":\"Selon nos confr\u00e8res de Foot Mercato, Jordan Amavi pourrait quitter l'Olympique de Marseille pour Nice cet hiver.\u00a0\",\"breadcrumb\":{\"@id\":\"https:\/\/dicodusport.fr\/blog\/om-jordan-amavi-se-rapproche-dun-depart\/#breadcrumb\"},\"inLanguage\":\"fr-FR\",\"potentialAction\":[{\"@type\":\"ReadAction\",\"target\":[\"https:\/\/dicodusport.fr\/blog\/om-jordan-amavi-se-rapproche-dun-depart\/\"]}]},{\"@type\":\"ImageObject\",\"inLanguage\":\"fr-FR\",\"@id\":\"https:\/\/dicodusport.fr\/blog\/om-jordan-amavi-se-rapproche-dun-depart\/#primaryimage\",\"url\":\"https:\/\/dicodusport.fr\/blog\/wp-content\/uploads\/2022\/01\/OM-Jordan-Amavi-se-rapproche-dun-de\u0301part.png\",\"contentUrl\":\"https:\/\/dicodusport.fr\/blog\/wp-content\/uploads\/2022\/01\/OM-Jordan-Amavi-se-rapproche-dun-de\u0301part.png\",\"width\":800,\"height\":445},{\"@type\":\"BreadcrumbList\",\"@id\":\"https:\/\/dicodusport.fr\/blog\/om-jordan-amavi-se-rapproche-dun-depart\/#breadcrumb\",\"itemListElement\":[{\"@type\":\"ListItem\",\"position\":1,\"name\":\"Accueil\",\"item\":\"https:\/\/dicodusport.fr\/blog\/\"},{\"@type\":\"ListItem\",\"position\":2,\"name\":\"OM : Jordan Amavi se rapproche d&rsquo;un d\u00e9part\"}]},{\"@type\":\"WebSite\",\"@id\":\"https:\/\/dicodusport.fr\/blog\/#website\",\"url\":\"https:\/\/dicodusport.fr\/blog\/\",\"name\":\"Dicodusport\",\"description\":\"L&#039;encyclop\u00e9die de l&#039;actualit\u00e9 sportive\",\"publisher\":{\"@id\":\"https:\/\/dicodusport.fr\/blog\/#organization\"},\"potentialAction\":[{\"@type\":\"SearchAction\",\"target\":{\"@type\":\"EntryPoint\",\"urlTemplate\":\"https:\/\/dicodusport.fr\/blog\/?s={search_term_string}\"},\"query-input\":{\"@type\":\"PropertyValueSpecification\",\"valueRequired\":true,\"valueName\":\"search_term_string\"}}],\"inLanguage\":\"fr-FR\"},{\"@type\":\"NewsMediaOrganization\",\"@id\":\"https:\/\/dicodusport.fr\/blog\/#organization\",\"name\":\"Dicodusport\",\"url\":\"https:\/\/dicodusport.fr\/blog\/\",\"logo\":{\"@type\":\"ImageObject\",\"inLanguage\":\"fr-FR\",\"@id\":\"https:\/\/dicodusport.fr\/blog\/#\/schema\/logo\/image\/\",\"url\":\"https:\/\/dicodusport.fr\/blog\/wp-content\/uploads\/2020\/06\/cropped-LOGO-DICODUSPORT-2020-SANS-FOND-SANS-TEXTE.png\",\"contentUrl\":\"https:\/\/dicodusport.fr\/blog\/wp-content\/uploads\/2020\/06\/cropped-LOGO-DICODUSPORT-2020-SANS-FOND-SANS-TEXTE.png\",\"width\":512,\"height\":512,\"caption\":\"Dicodusport\"},\"image\":{\"@id\":\"https:\/\/dicodusport.fr\/blog\/#\/schema\/logo\/image\/\"},\"sameAs\":[\"https:\/\/www.facebook.com\/dicodusport\",\"https:\/\/x.com\/dicodusport\",\"https:\/\/www.instagram.com\/dicodusport\/\",\"https:\/\/www.youtube.com\/channel\/UC7V2KZ5sd3htJivAbA4ZG3w\"],\"description\":\"Dicodusport est l'encyclop\u00e9die de l'actualit\u00e9 sportive.\",\"email\":\"bonjour@dicodusport.fr\",\"legalName\":\"DICODUSPORT\",\"foundingDate\":\"2018-01-14\",\"vatID\":\"FR71834470973\",\"taxID\":\"83447097300043\",\"numberOfEmployees\":{\"@type\":\"QuantitativeValue\",\"minValue\":\"1\",\"maxValue\":\"10\"}},{\"@type\":\"Person\",\"@id\":\"https:\/\/dicodusport.fr\/blog\/#\/schema\/person\/55dcb50ad410894e431ed812bbb70191\",\"name\":\"Nicolas Jacquemard\",\"image\":{\"@type\":\"ImageObject\",\"inLanguage\":\"fr-FR\",\"@id\":\"https:\/\/dicodusport.fr\/blog\/#\/schema\/person\/image\/\",\"url\":\"https:\/\/dicodusport.fr\/blog\/wp-content\/uploads\/2021\/05\/Nicolas-Jacquemard-150x150.jpeg\",\"contentUrl\":\"https:\/\/dicodusport.fr\/blog\/wp-content\/uploads\/2021\/05\/Nicolas-Jacquemard-150x150.jpeg\",\"caption\":\"Nicolas Jacquemard\"},\"description\":\"Passionn\u00e9 de sport et entrepreneur depuis mes 18 ans, la cr\u00e9ation de Dicodusport m'a sembl\u00e9 \u00e9vidente pour participer \u00e0 la m\u00e9diatisation d'un plus grand nombre de sports. Le chemin est long mais avec une \u00e9quipe des plus motiv\u00e9es et les Jeux Olympiques de Paris 2024 en point de mire, nous y arriverons ! Journaliste dans le monde du sport depuis plus de 5 ans, je traite aussi bien de football, de rugby, de biathlon que de cyclisme.\",\"sameAs\":[\"https:\/\/www.facebook.com\/dicodusport\",\"https:\/\/x.com\/https:\/\/twitter.com\/Nico_Jacquemard\"],\"url\":\"https:\/\/dicodusport.fr\/blog\/author\/dicodusport\/\"}]}<\/script>\n<!-- \/ Yoast SEO Premium plugin. -->","yoast_head_json":{"title":"OM : Jordan Amavi se rapproche d'un d\u00e9part","description":"Selon nos confr\u00e8res de Foot Mercato, Jordan Amavi pourrait quitter l'Olympique de Marseille pour Nice cet hiver.\u00a0","robots":{"index":"index","follow":"follow","max-snippet":"max-snippet:-1","max-image-preview":"max-image-preview:large","max-video-preview":"max-video-preview:-1"},"canonical":"https:\/\/dicodusport.fr\/blog\/om-jordan-amavi-se-rapproche-dun-depart\/","og_locale":"fr_FR","og_type":"article","og_title":"OM : Jordan Amavi se rapproche d'un d\u00e9part","og_description":"Selon nos confr\u00e8res de Foot Mercato, Jordan Amavi pourrait quitter l'Olympique de Marseille pour Nice cet hiver.\u00a0","og_url":"https:\/\/dicodusport.fr\/blog\/om-jordan-amavi-se-rapproche-dun-depart\/","og_site_name":"Dicodusport","article_publisher":"https:\/\/www.facebook.com\/dicodusport","article_author":"https:\/\/www.facebook.com\/dicodusport","article_published_time":"2022-01-04T15:35:55+00:00","article_modified_time":"2022-01-04T16:07:38+00:00","og_image":[{"width":800,"height":445,"url":"https:\/\/dicodusport.fr\/blog\/wp-content\/uploads\/2022\/01\/OM-Jordan-Amavi-se-rapproche-dun-de\u0301part.png","type":"image\/png"}],"author":"Nicolas Jacquemard","twitter_card":"summary_large_image","twitter_title":"OM : Jordan Amavi se rapproche d'un d\u00e9part","twitter_creator":"@https:\/\/twitter.com\/Nico_Jacquemard","twitter_site":"@dicodusport","schema":{"@context":"https:\/\/schema.org","@graph":[{"@type":"NewsArticle","@id":"https:\/\/dicodusport.fr\/blog\/om-jordan-amavi-se-rapproche-dun-depart\/#article","isPartOf":{"@id":"https:\/\/dicodusport.fr\/blog\/om-jordan-amavi-se-rapproche-dun-depart\/"},"author":{"name":"Nicolas Jacquemard","@id":"https:\/\/dicodusport.fr\/blog\/#\/schema\/person\/55dcb50ad410894e431ed812bbb70191"},"headline":"OM : Jordan Amavi se rapproche d&rsquo;un d\u00e9part","datePublished":"2022-01-04T15:35:55+00:00","dateModified":"2022-01-04T16:07:38+00:00","mainEntityOfPage":{"@id":"https:\/\/dicodusport.fr\/blog\/om-jordan-amavi-se-rapproche-dun-depart\/"},"wordCount":185,"commentCount":0,"publisher":{"@id":"https:\/\/dicodusport.fr\/blog\/#organization"},"image":{"@id":"https:\/\/dicodusport.fr\/blog\/om-jordan-amavi-se-rapproche-dun-depart\/#primaryimage"},"thumbnailUrl":"https:\/\/dicodusport.fr\/blog\/wp-content\/uploads\/2022\/01\/OM-Jordan-Amavi-se-rapproche-dun-de\u0301part.png","keywords":["Jordan Amavi","OM"],"articleSection":["Ligue 1"],"inLanguage":"fr-FR","potentialAction":[{"@type":"CommentAction","name":"Comment","target":["https:\/\/dicodusport.fr\/blog\/om-jordan-amavi-se-rapproche-dun-depart\/#respond"]}],"copyrightYear":"2022","copyrightHolder":{"@id":"https:\/\/dicodusport.fr\/blog\/#organization"}},{"@type":"WebPage","@id":"https:\/\/dicodusport.fr\/blog\/om-jordan-amavi-se-rapproche-dun-depart\/","url":"https:\/\/dicodusport.fr\/blog\/om-jordan-amavi-se-rapproche-dun-depart\/","name":"OM : Jordan Amavi se rapproche d'un d\u00e9part","isPartOf":{"@id":"https:\/\/dicodusport.fr\/blog\/#website"},"primaryImageOfPage":{"@id":"https:\/\/dicodusport.fr\/blog\/om-jordan-amavi-se-rapproche-dun-depart\/#primaryimage"},"image":{"@id":"https:\/\/dicodusport.fr\/blog\/om-jordan-amavi-se-rapproche-dun-depart\/#primaryimage"},"thumbnailUrl":"https:\/\/dicodusport.fr\/blog\/wp-content\/uploads\/2022\/01\/OM-Jordan-Amavi-se-rapproche-dun-de\u0301part.png","datePublished":"2022-01-04T15:35:55+00:00","dateModified":"2022-01-04T16:07:38+00:00","description":"Selon nos confr\u00e8res de Foot Mercato, Jordan Amavi pourrait quitter l'Olympique de Marseille pour Nice cet hiver.\u00a0","breadcrumb":{"@id":"https:\/\/dicodusport.fr\/blog\/om-jordan-amavi-se-rapproche-dun-depart\/#breadcrumb"},"inLanguage":"fr-FR","potentialAction":[{"@type":"ReadAction","target":["https:\/\/dicodusport.fr\/blog\/om-jordan-amavi-se-rapproche-dun-depart\/"]}]},{"@type":"ImageObject","inLanguage":"fr-FR","@id":"https:\/\/dicodusport.fr\/blog\/om-jordan-amavi-se-rapproche-dun-depart\/#primaryimage","url":"https:\/\/dicodusport.fr\/blog\/wp-content\/uploads\/2022\/01\/OM-Jordan-Amavi-se-rapproche-dun-de\u0301part.png","contentUrl":"https:\/\/dicodusport.fr\/blog\/wp-content\/uploads\/2022\/01\/OM-Jordan-Amavi-se-rapproche-dun-de\u0301part.png","width":800,"height":445},{"@type":"BreadcrumbList","@id":"https:\/\/dicodusport.fr\/blog\/om-jordan-amavi-se-rapproche-dun-depart\/#breadcrumb","itemListElement":[{"@type":"ListItem","position":1,"name":"Accueil","item":"https:\/\/dicodusport.fr\/blog\/"},{"@type":"ListItem","position":2,"name":"OM : Jordan Amavi se rapproche d&rsquo;un d\u00e9part"}]},{"@type":"WebSite","@id":"https:\/\/dicodusport.fr\/blog\/#website","url":"https:\/\/dicodusport.fr\/blog\/","name":"Dicodusport","description":"L&#039;encyclop\u00e9die de l&#039;actualit\u00e9 sportive","publisher":{"@id":"https:\/\/dicodusport.fr\/blog\/#organization"},"potentialAction":[{"@type":"SearchAction","target":{"@type":"EntryPoint","urlTemplate":"https:\/\/dicodusport.fr\/blog\/?s={search_term_string}"},"query-input":{"@type":"PropertyValueSpecification","valueRequired":true,"valueName":"search_term_string"}}],"inLanguage":"fr-FR"},{"@type":"NewsMediaOrganization","@id":"https:\/\/dicodusport.fr\/blog\/#organization","name":"Dicodusport","url":"https:\/\/dicodusport.fr\/blog\/","logo":{"@type":"ImageObject","inLanguage":"fr-FR","@id":"https:\/\/dicodusport.fr\/blog\/#\/schema\/logo\/image\/","url":"https:\/\/dicodusport.fr\/blog\/wp-content\/uploads\/2020\/06\/cropped-LOGO-DICODUSPORT-2020-SANS-FOND-SANS-TEXTE.png","contentUrl":"https:\/\/dicodusport.fr\/blog\/wp-content\/uploads\/2020\/06\/cropped-LOGO-DICODUSPORT-2020-SANS-FOND-SANS-TEXTE.png","width":512,"height":512,"caption":"Dicodusport"},"image":{"@id":"https:\/\/dicodusport.fr\/blog\/#\/schema\/logo\/image\/"},"sameAs":["https:\/\/www.facebook.com\/dicodusport","https:\/\/x.com\/dicodusport","https:\/\/www.instagram.com\/dicodusport\/","https:\/\/www.youtube.com\/channel\/UC7V2KZ5sd3htJivAbA4ZG3w"],"description":"Dicodusport est l'encyclop\u00e9die de l'actualit\u00e9 sportive.","email":"bonjour@dicodusport.fr","legalName":"DICODUSPORT","foundingDate":"2018-01-14","vatID":"FR71834470973","taxID":"83447097300043","numberOfEmployees":{"@type":"QuantitativeValue","minValue":"1","maxValue":"10"}},{"@type":"Person","@id":"https:\/\/dicodusport.fr\/blog\/#\/schema\/person\/55dcb50ad410894e431ed812bbb70191","name":"Nicolas Jacquemard","image":{"@type":"ImageObject","inLanguage":"fr-FR","@id":"https:\/\/dicodusport.fr\/blog\/#\/schema\/person\/image\/","url":"https:\/\/dicodusport.fr\/blog\/wp-content\/uploads\/2021\/05\/Nicolas-Jacquemard-150x150.jpeg","contentUrl":"https:\/\/dicodusport.fr\/blog\/wp-content\/uploads\/2021\/05\/Nicolas-Jacquemard-150x150.jpeg","caption":"Nicolas Jacquemard"},"description":"Passionn\u00e9 de sport et entrepreneur depuis mes 18 ans, la cr\u00e9ation de Dicodusport m'a sembl\u00e9 \u00e9vidente pour participer \u00e0 la m\u00e9diatisation d'un plus grand nombre de sports. Le chemin est long mais avec une \u00e9quipe des plus motiv\u00e9es et les Jeux Olympiques de Paris 2024 en point de mire, nous y arriverons ! Journaliste dans le monde du sport depuis plus de 5 ans, je traite aussi bien de football, de rugby, de biathlon que de cyclisme.","sameAs":["https:\/\/www.facebook.com\/dicodusport","https:\/\/x.com\/https:\/\/twitter.com\/Nico_Jacquemard"],"url":"https:\/\/dicodusport.fr\/blog\/author\/dicodusport\/"}]}},"_links":{"self":[{"href":"https:\/\/dicodusport.fr\/blog\/wp-json\/wp\/v2\/posts\/188843","targetHints":{"allow":["GET"]}}],"collection":[{"href":"https:\/\/dicodusport.fr\/blog\/wp-json\/wp\/v2\/posts"}],"about":[{"href":"https:\/\/dicodusport.fr\/blog\/wp-json\/wp\/v2\/types\/post"}],"author":[{"embeddable":true,"href":"https:\/\/dicodusport.fr\/blog\/wp-json\/wp\/v2\/users\/1"}],"replies":[{"embeddable":true,"href":"https:\/\/dicodusport.fr\/blog\/wp-json\/wp\/v2\/comments?post=188843"}],"version-history":[{"count":0,"href":"https:\/\/dicodusport.fr\/blog\/wp-json\/wp\/v2\/posts\/188843\/revisions"}],"wp:featuredmedia":[{"embeddable":true,"href":"https:\/\/dicodusport.fr\/blog\/wp-json\/wp\/v2\/media\/188847"}],"wp:attachment":[{"href":"https:\/\/dicodusport.fr\/blog\/wp-json\/wp\/v2\/media?parent=188843"}],"wp:term":[{"taxonomy":"category","embeddable":true,"href":"https:\/\/dicodusport.fr\/blog\/wp-json\/wp\/v2\/categories?post=188843"},{"taxonomy":"post_tag","embeddable":true,"href":"https:\/\/dicodusport.fr\/blog\/wp-json\/wp\/v2\/tags?post=188843"}],"curies":[{"name":"wp","href":"https:\/\/api.w.org\/{rel}","templated":true}]}}