{"id":188859,"date":"2022-01-07T12:02:02","date_gmt":"2022-01-07T11:02:02","guid":{"rendered":"https:\/\/dicodusport.fr\/blog\/?p=188859"},"modified":"2022-01-11T19:04:14","modified_gmt":"2022-01-11T18:04:14","slug":"preview-cyclisme-2022-jumbo-visma-deux-gros-leaders-et-des-jeunes-qui-poussent","status":"publish","type":"post","link":"https:\/\/dicodusport.fr\/blog\/preview-cyclisme-2022-jumbo-visma-deux-gros-leaders-et-des-jeunes-qui-poussent\/","title":{"rendered":"Preview Cyclisme 2022 : Jumbo-Visma, deux gros leaders et des jeunes qui poussent"},"content":{"rendered":"<p style=\"text-align: justify;\"><em><strong>CYCLISME 2022 &#8211; Depuis quelques saisons, la Jumbo-Visma est devenue une des \u00e9quipes majeures et devrait continuer de renforcer sa position en solidifiant son p\u00f4le flandrien, tout en laissant de c\u00f4t\u00e9 le sprint, avec notamment le d\u00e9part de Dylan Groenewegen. Un bilan avec 40 victoires, un Monument et un Grand Tour est clairement dans leur corde pour 2022.<\/strong> <\/em><\/p>\n<h2 style=\"text-align: justify;\">Wout Van Aert et Primoz Roglic : les deux gros leaders<\/h2>\n<p style=\"text-align: justify;\">D&rsquo;abord, la Jumbo-Visma aura deux t\u00eates d&rsquo;affiche. Le triple vainqueur de La Vuelta <strong>Primoz Roglic<\/strong> visera un premier succ\u00e8s sur la Grande Boucle cet \u00e9t\u00e9, tout en dominant les courses d&rsquo;une semaine sur lesquelles il s&rsquo;alignera. Le Slov\u00e8ne visera \u00e9galement les Ardennaises et les courses italiennes de fin de saison. Vainqueur de Milan-San Remo en 2020, <strong>Wout Van Aert<\/strong> visera un nouveau sacre sur un Monument, et <a href=\"https:\/\/dicodusport.fr\/blog\/wout-van-aert-reve-du-maillot-vert-sur-le-prochain-tour-de-france\/\">peut-\u00eatre un maillot vert sur le Tour de France en juillet<\/a>. Assez isol\u00e9 sur les Flandriennes en 2021 avec seulement <strong>Van Hooydonck <\/strong>et<strong> Teunissen<\/strong>, Wout Van Aert a vu cet hiver les arriv\u00e9es de <strong>Tiesj Benoot<\/strong>,<strong> Christophe Laporte <\/strong>et <strong>Tosh van der Sande<\/strong> pour cr\u00e9er une ossature solide autour de lui sur les courses d&rsquo;un jour.<\/p>\n<h2 style=\"text-align: justify;\">Beaucoup de sp\u00e9cialistes pour les courses \u00e0 \u00e9tapes<\/h2>\n<p style=\"text-align: justify;\">Ensuite, <strong>Jonas Vingegaard<\/strong> devrait continuer de prendre du galon apr\u00e8s sa surprenante deuxi\u00e8me place sur le dernier Tour de France. Le Danois de 25 ans devrait avoir \u00e0 nouveau un r\u00f4le de lieutenant sur le Tour et devrait briller sur les courses d&rsquo;une semaine. Au milieu de tous ces leaders, des questions se poseront sur les statuts de <strong>Steven Kruijswijk<\/strong>,<strong> Tobias Foss<\/strong>,<strong> Sepp Kuss <\/strong>et surtout <strong>Tom Dumoulin<\/strong>. Ce dernier sera align\u00e9 sur le Tour d&rsquo;Italie.<\/p>\n<p style=\"text-align: justify;\">Ce dernier a retrouv\u00e9 des sensations en fin de saison apr\u00e8s une petite d\u00e9prime en d\u00e9but d&rsquo;ann\u00e9e 2021. Kuss n&rsquo;a pas les \u00e9paules pour viser un Grand Tour, mais l&rsquo;Am\u00e9ricain peut \u00eatre un franc-tireur pour glaner des bouquets. Neuvi\u00e8me du dernier Giro, Foss peut \u00eatre une solution de rechange sur le Tour d&rsquo;Italie en cas de d\u00e9ception avec Vingegaard. Kruijswijk, 3e du Tour 2019, a perdu de sa superbe l&rsquo;an pass\u00e9 et risque de jouer davantage le r\u00f4le de lieutenant en montagne.<\/p>\n<h2>Des jeunes abeilles pr\u00eates \u00e0 piquer<\/h2>\n<p style=\"text-align: justify;\">Enfin, comme ses concurrentes INEOS et Quick-Step Alpha Vinyl Team, la structure batave suivra de pr\u00e8s les progr\u00e8s de ces jeunes, tels que <strong>Tim van Dijke<\/strong>, <strong>Mick van Dijke<\/strong> (3e du Tour de Croatie), le vainqueur de la Ronde de l&rsquo;Isard <strong>Gijs Leemreize<\/strong>, et les sprinteurs <strong>David Dekker <\/strong>et <strong>Olav Kooij<\/strong>.<\/p>\n<h2 style=\"text-align: justify;\"><strong>Le maillot de la Jumbo-Visma en 2022<\/strong><\/h2>\n<p><span class=\"qcUQMpksBJK7TNv4eShDaRPi9gXxjfbzZyW0t6dAIomFL23l5Or\"><\/p>\n<blockquote class=\"instagram-media\" data-instgrm-captioned data-instgrm-permalink=\"https:\/\/www.instagram.com\/p\/CXyXzV5sZTF\/?utm_source=ig_embed&amp;utm_campaign=loading\" data-instgrm-version=\"14\" style=\" background:#FFF; border:0; border-radius:3px; box-shadow:0 0 1px 0 rgba(0,0,0,0.5),0 1px 10px 0 rgba(0,0,0,0.15); margin: 1px; max-width:658px; min-width:326px; padding:0; width:99.375%; width:-webkit-calc(100% - 2px); width:calc(100% - 2px);\">\n<div style=\"padding:16px;\"> <a href=\"https:\/\/www.instagram.com\/p\/CXyXzV5sZTF\/?utm_source=ig_embed&amp;utm_campaign=loading\" style=\" background:#FFFFFF; line-height:0; padding:0 0; text-align:center; text-decoration:none; width:100%;\" target=\"_blank\"> <\/p>\n<div style=\" display: flex; flex-direction: row; align-items: center;\">\n<div style=\"background-color: #F4F4F4; border-radius: 50%; flex-grow: 0; height: 40px; margin-right: 14px; width: 40px;\"><\/div>\n<div style=\"display: flex; flex-direction: column; flex-grow: 1; justify-content: center;\">\n<div style=\" background-color: #F4F4F4; border-radius: 4px; flex-grow: 0; height: 14px; margin-bottom: 6px; width: 100px;\"><\/div>\n<div style=\" background-color: #F4F4F4; border-radius: 4px; flex-grow: 0; height: 14px; width: 60px;\"><\/div>\n<\/div>\n<\/div>\n<div style=\"padding: 19% 0;\"><\/div>\n<div style=\"display:block; height:50px; margin:0 auto 12px; width:50px;\"><svg width=\"50px\" height=\"50px\" viewBox=\"0 0 60 60\" version=\"1.1\" xmlns=\"https:\/\/www.w3.org\/2000\/svg\" xmlns:xlink=\"https:\/\/www.w3.org\/1999\/xlink\"><g stroke=\"none\" stroke-width=\"1\" fill=\"none\" fill-rule=\"evenodd\"><g transform=\"translate(-511.000000, -20.000000)\" fill=\"#000000\"><g><path d=\"M556.869,30.41 C554.814,30.41 553.148,32.076 553.148,34.131 C553.148,36.186 554.814,37.852 556.869,37.852 C558.924,37.852 560.59,36.186 560.59,34.131 C560.59,32.076 558.924,30.41 556.869,30.41 M541,60.657 C535.114,60.657 530.342,55.887 530.342,50 C530.342,44.114 535.114,39.342 541,39.342 C546.887,39.342 551.658,44.114 551.658,50 C551.658,55.887 546.887,60.657 541,60.657 M541,33.886 C532.1,33.886 524.886,41.1 524.886,50 C524.886,58.899 532.1,66.113 541,66.113 C549.9,66.113 557.115,58.899 557.115,50 C557.115,41.1 549.9,33.886 541,33.886 M565.378,62.101 C565.244,65.022 564.756,66.606 564.346,67.663 C563.803,69.06 563.154,70.057 562.106,71.106 C561.058,72.155 560.06,72.803 558.662,73.347 C557.607,73.757 556.021,74.244 553.102,74.378 C549.944,74.521 548.997,74.552 541,74.552 C533.003,74.552 532.056,74.521 528.898,74.378 C525.979,74.244 524.393,73.757 523.338,73.347 C521.94,72.803 520.942,72.155 519.894,71.106 C518.846,70.057 518.197,69.06 517.654,67.663 C517.244,66.606 516.755,65.022 516.623,62.101 C516.479,58.943 516.448,57.996 516.448,50 C516.448,42.003 516.479,41.056 516.623,37.899 C516.755,34.978 517.244,33.391 517.654,32.338 C518.197,30.938 518.846,29.942 519.894,28.894 C520.942,27.846 521.94,27.196 523.338,26.654 C524.393,26.244 525.979,25.756 528.898,25.623 C532.057,25.479 533.004,25.448 541,25.448 C548.997,25.448 549.943,25.479 553.102,25.623 C556.021,25.756 557.607,26.244 558.662,26.654 C560.06,27.196 561.058,27.846 562.106,28.894 C563.154,29.942 563.803,30.938 564.346,32.338 C564.756,33.391 565.244,34.978 565.378,37.899 C565.522,41.056 565.552,42.003 565.552,50 C565.552,57.996 565.522,58.943 565.378,62.101 M570.82,37.631 C570.674,34.438 570.167,32.258 569.425,30.349 C568.659,28.377 567.633,26.702 565.965,25.035 C564.297,23.368 562.623,22.342 560.652,21.575 C558.743,20.834 556.562,20.326 553.369,20.18 C550.169,20.033 549.148,20 541,20 C532.853,20 531.831,20.033 528.631,20.18 C525.438,20.326 523.257,20.834 521.349,21.575 C519.376,22.342 517.703,23.368 516.035,25.035 C514.368,26.702 513.342,28.377 512.574,30.349 C511.834,32.258 511.326,34.438 511.181,37.631 C511.035,40.831 511,41.851 511,50 C511,58.147 511.035,59.17 511.181,62.369 C511.326,65.562 511.834,67.743 512.574,69.651 C513.342,71.625 514.368,73.296 516.035,74.965 C517.703,76.634 519.376,77.658 521.349,78.425 C523.257,79.167 525.438,79.673 528.631,79.82 C531.831,79.965 532.853,80.001 541,80.001 C549.148,80.001 550.169,79.965 553.369,79.82 C556.562,79.673 558.743,79.167 560.652,78.425 C562.623,77.658 564.297,76.634 565.965,74.965 C567.633,73.296 568.659,71.625 569.425,69.651 C570.167,67.743 570.674,65.562 570.82,62.369 C570.966,59.17 571,58.147 571,50 C571,41.851 570.966,40.831 570.82,37.631\"><\/path><\/g><\/g><\/g><\/svg><\/div>\n<div style=\"padding-top: 8px;\">\n<div style=\" color:#3897f0; font-family:Arial,sans-serif; font-size:14px; font-style:normal; font-weight:550; line-height:18px;\">View this post on Instagram<\/div>\n<\/div>\n<div style=\"padding: 12.5% 0;\"><\/div>\n<div style=\"display: flex; flex-direction: row; margin-bottom: 14px; align-items: center;\">\n<div>\n<div style=\"background-color: #F4F4F4; border-radius: 50%; height: 12.5px; width: 12.5px; transform: translateX(0px) translateY(7px);\"><\/div>\n<div style=\"background-color: #F4F4F4; height: 12.5px; transform: rotate(-45deg) translateX(3px) translateY(1px); width: 12.5px; flex-grow: 0; margin-right: 14px; margin-left: 2px;\"><\/div>\n<div style=\"background-color: #F4F4F4; border-radius: 50%; height: 12.5px; width: 12.5px; transform: translateX(9px) translateY(-18px);\"><\/div>\n<\/div>\n<div style=\"margin-left: 8px;\">\n<div style=\" background-color: #F4F4F4; border-radius: 50%; flex-grow: 0; height: 20px; width: 20px;\"><\/div>\n<div style=\" width: 0; height: 0; border-top: 2px solid transparent; border-left: 6px solid #f4f4f4; border-bottom: 2px solid transparent; transform: translateX(16px) translateY(-4px) rotate(30deg)\"><\/div>\n<\/div>\n<div style=\"margin-left: auto;\">\n<div style=\" width: 0px; border-top: 8px solid #F4F4F4; border-right: 8px solid transparent; transform: translateY(16px);\"><\/div>\n<div style=\" background-color: #F4F4F4; flex-grow: 0; height: 12px; width: 16px; transform: translateY(-4px);\"><\/div>\n<div style=\" width: 0; height: 0; border-top: 8px solid #F4F4F4; border-left: 8px solid transparent; transform: translateY(-4px) translateX(8px);\"><\/div>\n<\/div>\n<\/div>\n<div style=\"display: flex; flex-direction: column; flex-grow: 1; justify-content: center; margin-bottom: 24px;\">\n<div style=\" background-color: #F4F4F4; border-radius: 4px; flex-grow: 0; height: 14px; margin-bottom: 6px; width: 224px;\"><\/div>\n<div style=\" background-color: #F4F4F4; border-radius: 4px; flex-grow: 0; height: 14px; width: 144px;\"><\/div>\n<\/div>\n<p><\/a><\/p>\n<p style=\" color:#c9c8cd; font-family:Arial,sans-serif; font-size:14px; line-height:17px; margin-bottom:0; margin-top:8px; overflow:hidden; padding:8px 0 7px; text-align:center; text-overflow:ellipsis; white-space:nowrap;\"><a href=\"https:\/\/www.instagram.com\/p\/CXyXzV5sZTF\/?utm_source=ig_embed&amp;utm_campaign=loading\" style=\" color:#c9c8cd; font-family:Arial,sans-serif; font-size:14px; font-style:normal; font-weight:normal; line-height:17px; text-decoration:none;\" target=\"_blank\">A post shared by Team Jumbo-Visma cycling (@jumbovisma_road)<\/a><\/p>\n<\/div>\n<\/blockquote>\n<p><script async src=\"\/\/platform.instagram.com\/en_US\/embeds.js\"><\/script><\/span><\/p>\n<h2 style=\"text-align: justify;\"><strong>\u00c0 lire aussi<\/strong><\/h2>\n<ul>\n<li style=\"text-align: justify;\"><a href=\"https:\/\/www.directvelo.com\/equipe\/2358\/jumbo-visma\" target=\"_blank\" rel=\"nofollow noopener\"><strong>L&rsquo;effectif de la Jumbo-Visma en 2022<\/strong><\/a><\/li>\n<li style=\"text-align: justify;\"><a href=\"https:\/\/dicodusport.fr\/blog\/cyclisme-sur-route-les-nouveaux-maillots-des-equipes-en-2022\/\"><strong>Les maillots des \u00e9quipes en 2022<\/strong><\/a><\/li>\n<\/ul>\n","protected":false},"excerpt":{"rendered":"<p>CYCLISME 2022 &#8211; Depuis quelques saisons, la Jumbo-Visma est devenue une des \u00e9quipes majeures et devrait continuer de renforcer sa position en solidifiant son p\u00f4le flandrien, tout en laissant de c\u00f4t\u00e9 le sprint, avec notamment le d\u00e9part Dylan Groenewegen. Un bilan avec 40 victoires, un Monument et un Grand Tour est clairement dans leur corde pour 2022.<\/p>\n","protected":false},"author":48,"featured_media":189395,"comment_status":"open","ping_status":"closed","sticky":false,"template":"","format":"standard","meta":{"_acf_changed":false,"_daextam_enable_autolinks":"","footnotes":""},"categories":[46994],"tags":[8551,7855,8091],"class_list":["post-188859","post","type-post","status-publish","format-standard","has-post-thumbnail","hentry","category-cyclisme-sur-route","tag-jumbo-visma","tag-primoz-roglic","tag-wout-van-aert"],"acf":[],"yoast_head":"<!-- This site is optimized with the Yoast SEO Premium plugin v26.7 (Yoast SEO v26.7) - https:\/\/yoast.com\/wordpress\/plugins\/seo\/ -->\n<title>Preview Cyclisme 2022 : Jumbo-Visma, deux gros leaders et des jeunes qui poussent<\/title>\n<meta name=\"description\" content=\"CYCLISME 2022 - Depuis quelques saisons, la Jumbo-Visma est devenue une des \u00e9quipes majeures du peloton. Notre preview.\" \/>\n<meta name=\"robots\" content=\"index, follow, max-snippet:-1, max-image-preview:large, max-video-preview:-1\" \/>\n<link rel=\"canonical\" href=\"https:\/\/dicodusport.fr\/blog\/preview-cyclisme-2022-jumbo-visma-deux-gros-leaders-et-des-jeunes-qui-poussent\/\" \/>\n<meta property=\"og:locale\" content=\"fr_FR\" \/>\n<meta property=\"og:type\" content=\"article\" \/>\n<meta property=\"og:title\" content=\"Preview Cyclisme 2022 : Jumbo-Visma, deux gros leaders et des jeunes qui poussent\" \/>\n<meta property=\"og:description\" content=\"CYCLISME 2022 - Depuis quelques saisons, la Jumbo-Visma est devenue une des \u00e9quipes majeures du peloton. Notre preview.\" \/>\n<meta property=\"og:url\" content=\"https:\/\/dicodusport.fr\/blog\/preview-cyclisme-2022-jumbo-visma-deux-gros-leaders-et-des-jeunes-qui-poussent\/\" \/>\n<meta property=\"og:site_name\" content=\"Dicodusport\" \/>\n<meta property=\"article:publisher\" content=\"https:\/\/www.facebook.com\/dicodusport\" \/>\n<meta property=\"article:author\" content=\"https:\/\/www.facebook.com\/groups\/LesRoisDuPeloton\" \/>\n<meta property=\"article:published_time\" content=\"2022-01-07T11:02:02+00:00\" \/>\n<meta property=\"article:modified_time\" content=\"2022-01-11T18:04:14+00:00\" \/>\n<meta property=\"og:image\" content=\"https:\/\/dicodusport.fr\/blog\/wp-content\/uploads\/2022\/01\/Preview-Cyclisme-2022-Jumbo-Visma-deux-gros-leaders-et-des-jeunes-qui-poussent.png\" \/>\n\t<meta property=\"og:image:width\" content=\"800\" \/>\n\t<meta property=\"og:image:height\" content=\"445\" \/>\n\t<meta property=\"og:image:type\" content=\"image\/png\" \/>\n<meta name=\"author\" content=\"Emilien Descampiaux\" \/>\n<meta name=\"twitter:card\" content=\"summary_large_image\" \/>\n<meta name=\"twitter:title\" content=\"Preview Cyclisme 2022 : Jumbo-Visma, deux gros leaders et des jeunes qui poussent\" \/>\n<meta name=\"twitter:creator\" content=\"@https:\/\/twitter.com\/LRoisDuPeloton\" \/>\n<meta name=\"twitter:site\" content=\"@dicodusport\" \/>\n<script type=\"application\/ld+json\" class=\"yoast-schema-graph\">{\"@context\":\"https:\/\/schema.org\",\"@graph\":[{\"@type\":\"NewsArticle\",\"@id\":\"https:\/\/dicodusport.fr\/blog\/preview-cyclisme-2022-jumbo-visma-deux-gros-leaders-et-des-jeunes-qui-poussent\/#article\",\"isPartOf\":{\"@id\":\"https:\/\/dicodusport.fr\/blog\/preview-cyclisme-2022-jumbo-visma-deux-gros-leaders-et-des-jeunes-qui-poussent\/\"},\"author\":{\"name\":\"Emilien Descampiaux\",\"@id\":\"https:\/\/dicodusport.fr\/blog\/#\/schema\/person\/6db4bae06b171592211be385b32876a7\"},\"headline\":\"Preview Cyclisme 2022 : Jumbo-Visma, deux gros leaders et des jeunes qui poussent\",\"datePublished\":\"2022-01-07T11:02:02+00:00\",\"dateModified\":\"2022-01-11T18:04:14+00:00\",\"mainEntityOfPage\":{\"@id\":\"https:\/\/dicodusport.fr\/blog\/preview-cyclisme-2022-jumbo-visma-deux-gros-leaders-et-des-jeunes-qui-poussent\/\"},\"wordCount\":477,\"commentCount\":0,\"publisher\":{\"@id\":\"https:\/\/dicodusport.fr\/blog\/#organization\"},\"image\":{\"@id\":\"https:\/\/dicodusport.fr\/blog\/preview-cyclisme-2022-jumbo-visma-deux-gros-leaders-et-des-jeunes-qui-poussent\/#primaryimage\"},\"thumbnailUrl\":\"https:\/\/dicodusport.fr\/blog\/wp-content\/uploads\/2022\/01\/Preview-Cyclisme-2022-Jumbo-Visma-deux-gros-leaders-et-des-jeunes-qui-poussent.png\",\"keywords\":[\"Jumbo-Visma\",\"Primoz Roglic\",\"Wout Van Aert\"],\"articleSection\":[\"Cyclisme sur route\"],\"inLanguage\":\"fr-FR\",\"potentialAction\":[{\"@type\":\"CommentAction\",\"name\":\"Comment\",\"target\":[\"https:\/\/dicodusport.fr\/blog\/preview-cyclisme-2022-jumbo-visma-deux-gros-leaders-et-des-jeunes-qui-poussent\/#respond\"]}],\"copyrightYear\":\"2022\",\"copyrightHolder\":{\"@id\":\"https:\/\/dicodusport.fr\/blog\/#organization\"}},{\"@type\":\"WebPage\",\"@id\":\"https:\/\/dicodusport.fr\/blog\/preview-cyclisme-2022-jumbo-visma-deux-gros-leaders-et-des-jeunes-qui-poussent\/\",\"url\":\"https:\/\/dicodusport.fr\/blog\/preview-cyclisme-2022-jumbo-visma-deux-gros-leaders-et-des-jeunes-qui-poussent\/\",\"name\":\"Preview Cyclisme 2022 : Jumbo-Visma, deux gros leaders et des jeunes qui poussent\",\"isPartOf\":{\"@id\":\"https:\/\/dicodusport.fr\/blog\/#website\"},\"primaryImageOfPage\":{\"@id\":\"https:\/\/dicodusport.fr\/blog\/preview-cyclisme-2022-jumbo-visma-deux-gros-leaders-et-des-jeunes-qui-poussent\/#primaryimage\"},\"image\":{\"@id\":\"https:\/\/dicodusport.fr\/blog\/preview-cyclisme-2022-jumbo-visma-deux-gros-leaders-et-des-jeunes-qui-poussent\/#primaryimage\"},\"thumbnailUrl\":\"https:\/\/dicodusport.fr\/blog\/wp-content\/uploads\/2022\/01\/Preview-Cyclisme-2022-Jumbo-Visma-deux-gros-leaders-et-des-jeunes-qui-poussent.png\",\"datePublished\":\"2022-01-07T11:02:02+00:00\",\"dateModified\":\"2022-01-11T18:04:14+00:00\",\"description\":\"CYCLISME 2022 - Depuis quelques saisons, la Jumbo-Visma est devenue une des \u00e9quipes majeures du peloton. Notre preview.\",\"breadcrumb\":{\"@id\":\"https:\/\/dicodusport.fr\/blog\/preview-cyclisme-2022-jumbo-visma-deux-gros-leaders-et-des-jeunes-qui-poussent\/#breadcrumb\"},\"inLanguage\":\"fr-FR\",\"potentialAction\":[{\"@type\":\"ReadAction\",\"target\":[\"https:\/\/dicodusport.fr\/blog\/preview-cyclisme-2022-jumbo-visma-deux-gros-leaders-et-des-jeunes-qui-poussent\/\"]}]},{\"@type\":\"ImageObject\",\"inLanguage\":\"fr-FR\",\"@id\":\"https:\/\/dicodusport.fr\/blog\/preview-cyclisme-2022-jumbo-visma-deux-gros-leaders-et-des-jeunes-qui-poussent\/#primaryimage\",\"url\":\"https:\/\/dicodusport.fr\/blog\/wp-content\/uploads\/2022\/01\/Preview-Cyclisme-2022-Jumbo-Visma-deux-gros-leaders-et-des-jeunes-qui-poussent.png\",\"contentUrl\":\"https:\/\/dicodusport.fr\/blog\/wp-content\/uploads\/2022\/01\/Preview-Cyclisme-2022-Jumbo-Visma-deux-gros-leaders-et-des-jeunes-qui-poussent.png\",\"width\":800,\"height\":445,\"caption\":\"Preview Cyclisme 2022 Jumbo-Visma, deux gros leaders et des jeunes qui poussent\"},{\"@type\":\"BreadcrumbList\",\"@id\":\"https:\/\/dicodusport.fr\/blog\/preview-cyclisme-2022-jumbo-visma-deux-gros-leaders-et-des-jeunes-qui-poussent\/#breadcrumb\",\"itemListElement\":[{\"@type\":\"ListItem\",\"position\":1,\"name\":\"Accueil\",\"item\":\"https:\/\/dicodusport.fr\/blog\/\"},{\"@type\":\"ListItem\",\"position\":2,\"name\":\"Preview Cyclisme 2022 : Jumbo-Visma, deux gros leaders et des jeunes qui poussent\"}]},{\"@type\":\"WebSite\",\"@id\":\"https:\/\/dicodusport.fr\/blog\/#website\",\"url\":\"https:\/\/dicodusport.fr\/blog\/\",\"name\":\"Dicodusport\",\"description\":\"L&#039;encyclop\u00e9die de l&#039;actualit\u00e9 sportive\",\"publisher\":{\"@id\":\"https:\/\/dicodusport.fr\/blog\/#organization\"},\"potentialAction\":[{\"@type\":\"SearchAction\",\"target\":{\"@type\":\"EntryPoint\",\"urlTemplate\":\"https:\/\/dicodusport.fr\/blog\/?s={search_term_string}\"},\"query-input\":{\"@type\":\"PropertyValueSpecification\",\"valueRequired\":true,\"valueName\":\"search_term_string\"}}],\"inLanguage\":\"fr-FR\"},{\"@type\":\"NewsMediaOrganization\",\"@id\":\"https:\/\/dicodusport.fr\/blog\/#organization\",\"name\":\"Dicodusport\",\"url\":\"https:\/\/dicodusport.fr\/blog\/\",\"logo\":{\"@type\":\"ImageObject\",\"inLanguage\":\"fr-FR\",\"@id\":\"https:\/\/dicodusport.fr\/blog\/#\/schema\/logo\/image\/\",\"url\":\"https:\/\/dicodusport.fr\/blog\/wp-content\/uploads\/2020\/06\/cropped-LOGO-DICODUSPORT-2020-SANS-FOND-SANS-TEXTE.png\",\"contentUrl\":\"https:\/\/dicodusport.fr\/blog\/wp-content\/uploads\/2020\/06\/cropped-LOGO-DICODUSPORT-2020-SANS-FOND-SANS-TEXTE.png\",\"width\":512,\"height\":512,\"caption\":\"Dicodusport\"},\"image\":{\"@id\":\"https:\/\/dicodusport.fr\/blog\/#\/schema\/logo\/image\/\"},\"sameAs\":[\"https:\/\/www.facebook.com\/dicodusport\",\"https:\/\/x.com\/dicodusport\",\"https:\/\/www.instagram.com\/dicodusport\/\",\"https:\/\/www.youtube.com\/channel\/UC7V2KZ5sd3htJivAbA4ZG3w\"],\"description\":\"Dicodusport est l'encyclop\u00e9die de l'actualit\u00e9 sportive.\",\"email\":\"bonjour@dicodusport.fr\",\"legalName\":\"DICODUSPORT\",\"foundingDate\":\"2018-01-14\",\"vatID\":\"FR71834470973\",\"taxID\":\"83447097300043\",\"numberOfEmployees\":{\"@type\":\"QuantitativeValue\",\"minValue\":\"1\",\"maxValue\":\"10\"}},{\"@type\":\"Person\",\"@id\":\"https:\/\/dicodusport.fr\/blog\/#\/schema\/person\/6db4bae06b171592211be385b32876a7\",\"name\":\"Emilien Descampiaux\",\"image\":{\"@type\":\"ImageObject\",\"inLanguage\":\"fr-FR\",\"@id\":\"https:\/\/dicodusport.fr\/blog\/#\/schema\/person\/image\/\",\"url\":\"https:\/\/dicodusport.fr\/blog\/wp-content\/uploads\/2021\/05\/Emilien-Descampiaux-150x150.jpg\",\"contentUrl\":\"https:\/\/dicodusport.fr\/blog\/wp-content\/uploads\/2021\/05\/Emilien-Descampiaux-150x150.jpg\",\"caption\":\"Emilien Descampiaux\"},\"description\":\"Journaliste\/r\u00e9dacteur depuis 2014 - Fan de la classe de Frank Vandenbroucke, je vis cyclisme (et de ses paysages) depuis plus de 20 ans. Je suis tr\u00e8s impliqu\u00e9 sur mes diff\u00e9rents r\u00e9seaux sociaux pour partager ma passion sur le monde et l'Histoire de la bicyclette avec ma voix sur les images en noir et blanc du succ\u00e8s de Rik Van Steenbergen lors du Ronde sur le V\u00e9lodrome de Gand.\",\"sameAs\":[\"https:\/\/www.facebook.com\/groups\/LesRoisDuPeloton\",\"https:\/\/x.com\/https:\/\/twitter.com\/LRoisDuPeloton\"],\"url\":\"https:\/\/dicodusport.fr\/blog\/author\/emiliend\/\"}]}<\/script>\n<!-- \/ Yoast SEO Premium plugin. -->","yoast_head_json":{"title":"Preview Cyclisme 2022 : Jumbo-Visma, deux gros leaders et des jeunes qui poussent","description":"CYCLISME 2022 - Depuis quelques saisons, la Jumbo-Visma est devenue une des \u00e9quipes majeures du peloton. Notre preview.","robots":{"index":"index","follow":"follow","max-snippet":"max-snippet:-1","max-image-preview":"max-image-preview:large","max-video-preview":"max-video-preview:-1"},"canonical":"https:\/\/dicodusport.fr\/blog\/preview-cyclisme-2022-jumbo-visma-deux-gros-leaders-et-des-jeunes-qui-poussent\/","og_locale":"fr_FR","og_type":"article","og_title":"Preview Cyclisme 2022 : Jumbo-Visma, deux gros leaders et des jeunes qui poussent","og_description":"CYCLISME 2022 - Depuis quelques saisons, la Jumbo-Visma est devenue une des \u00e9quipes majeures du peloton. Notre preview.","og_url":"https:\/\/dicodusport.fr\/blog\/preview-cyclisme-2022-jumbo-visma-deux-gros-leaders-et-des-jeunes-qui-poussent\/","og_site_name":"Dicodusport","article_publisher":"https:\/\/www.facebook.com\/dicodusport","article_author":"https:\/\/www.facebook.com\/groups\/LesRoisDuPeloton","article_published_time":"2022-01-07T11:02:02+00:00","article_modified_time":"2022-01-11T18:04:14+00:00","og_image":[{"width":800,"height":445,"url":"https:\/\/dicodusport.fr\/blog\/wp-content\/uploads\/2022\/01\/Preview-Cyclisme-2022-Jumbo-Visma-deux-gros-leaders-et-des-jeunes-qui-poussent.png","type":"image\/png"}],"author":"Emilien Descampiaux","twitter_card":"summary_large_image","twitter_title":"Preview Cyclisme 2022 : Jumbo-Visma, deux gros leaders et des jeunes qui poussent","twitter_creator":"@https:\/\/twitter.com\/LRoisDuPeloton","twitter_site":"@dicodusport","schema":{"@context":"https:\/\/schema.org","@graph":[{"@type":"NewsArticle","@id":"https:\/\/dicodusport.fr\/blog\/preview-cyclisme-2022-jumbo-visma-deux-gros-leaders-et-des-jeunes-qui-poussent\/#article","isPartOf":{"@id":"https:\/\/dicodusport.fr\/blog\/preview-cyclisme-2022-jumbo-visma-deux-gros-leaders-et-des-jeunes-qui-poussent\/"},"author":{"name":"Emilien Descampiaux","@id":"https:\/\/dicodusport.fr\/blog\/#\/schema\/person\/6db4bae06b171592211be385b32876a7"},"headline":"Preview Cyclisme 2022 : Jumbo-Visma, deux gros leaders et des jeunes qui poussent","datePublished":"2022-01-07T11:02:02+00:00","dateModified":"2022-01-11T18:04:14+00:00","mainEntityOfPage":{"@id":"https:\/\/dicodusport.fr\/blog\/preview-cyclisme-2022-jumbo-visma-deux-gros-leaders-et-des-jeunes-qui-poussent\/"},"wordCount":477,"commentCount":0,"publisher":{"@id":"https:\/\/dicodusport.fr\/blog\/#organization"},"image":{"@id":"https:\/\/dicodusport.fr\/blog\/preview-cyclisme-2022-jumbo-visma-deux-gros-leaders-et-des-jeunes-qui-poussent\/#primaryimage"},"thumbnailUrl":"https:\/\/dicodusport.fr\/blog\/wp-content\/uploads\/2022\/01\/Preview-Cyclisme-2022-Jumbo-Visma-deux-gros-leaders-et-des-jeunes-qui-poussent.png","keywords":["Jumbo-Visma","Primoz Roglic","Wout Van Aert"],"articleSection":["Cyclisme sur route"],"inLanguage":"fr-FR","potentialAction":[{"@type":"CommentAction","name":"Comment","target":["https:\/\/dicodusport.fr\/blog\/preview-cyclisme-2022-jumbo-visma-deux-gros-leaders-et-des-jeunes-qui-poussent\/#respond"]}],"copyrightYear":"2022","copyrightHolder":{"@id":"https:\/\/dicodusport.fr\/blog\/#organization"}},{"@type":"WebPage","@id":"https:\/\/dicodusport.fr\/blog\/preview-cyclisme-2022-jumbo-visma-deux-gros-leaders-et-des-jeunes-qui-poussent\/","url":"https:\/\/dicodusport.fr\/blog\/preview-cyclisme-2022-jumbo-visma-deux-gros-leaders-et-des-jeunes-qui-poussent\/","name":"Preview Cyclisme 2022 : Jumbo-Visma, deux gros leaders et des jeunes qui poussent","isPartOf":{"@id":"https:\/\/dicodusport.fr\/blog\/#website"},"primaryImageOfPage":{"@id":"https:\/\/dicodusport.fr\/blog\/preview-cyclisme-2022-jumbo-visma-deux-gros-leaders-et-des-jeunes-qui-poussent\/#primaryimage"},"image":{"@id":"https:\/\/dicodusport.fr\/blog\/preview-cyclisme-2022-jumbo-visma-deux-gros-leaders-et-des-jeunes-qui-poussent\/#primaryimage"},"thumbnailUrl":"https:\/\/dicodusport.fr\/blog\/wp-content\/uploads\/2022\/01\/Preview-Cyclisme-2022-Jumbo-Visma-deux-gros-leaders-et-des-jeunes-qui-poussent.png","datePublished":"2022-01-07T11:02:02+00:00","dateModified":"2022-01-11T18:04:14+00:00","description":"CYCLISME 2022 - Depuis quelques saisons, la Jumbo-Visma est devenue une des \u00e9quipes majeures du peloton. Notre preview.","breadcrumb":{"@id":"https:\/\/dicodusport.fr\/blog\/preview-cyclisme-2022-jumbo-visma-deux-gros-leaders-et-des-jeunes-qui-poussent\/#breadcrumb"},"inLanguage":"fr-FR","potentialAction":[{"@type":"ReadAction","target":["https:\/\/dicodusport.fr\/blog\/preview-cyclisme-2022-jumbo-visma-deux-gros-leaders-et-des-jeunes-qui-poussent\/"]}]},{"@type":"ImageObject","inLanguage":"fr-FR","@id":"https:\/\/dicodusport.fr\/blog\/preview-cyclisme-2022-jumbo-visma-deux-gros-leaders-et-des-jeunes-qui-poussent\/#primaryimage","url":"https:\/\/dicodusport.fr\/blog\/wp-content\/uploads\/2022\/01\/Preview-Cyclisme-2022-Jumbo-Visma-deux-gros-leaders-et-des-jeunes-qui-poussent.png","contentUrl":"https:\/\/dicodusport.fr\/blog\/wp-content\/uploads\/2022\/01\/Preview-Cyclisme-2022-Jumbo-Visma-deux-gros-leaders-et-des-jeunes-qui-poussent.png","width":800,"height":445,"caption":"Preview Cyclisme 2022 Jumbo-Visma, deux gros leaders et des jeunes qui poussent"},{"@type":"BreadcrumbList","@id":"https:\/\/dicodusport.fr\/blog\/preview-cyclisme-2022-jumbo-visma-deux-gros-leaders-et-des-jeunes-qui-poussent\/#breadcrumb","itemListElement":[{"@type":"ListItem","position":1,"name":"Accueil","item":"https:\/\/dicodusport.fr\/blog\/"},{"@type":"ListItem","position":2,"name":"Preview Cyclisme 2022 : Jumbo-Visma, deux gros leaders et des jeunes qui poussent"}]},{"@type":"WebSite","@id":"https:\/\/dicodusport.fr\/blog\/#website","url":"https:\/\/dicodusport.fr\/blog\/","name":"Dicodusport","description":"L&#039;encyclop\u00e9die de l&#039;actualit\u00e9 sportive","publisher":{"@id":"https:\/\/dicodusport.fr\/blog\/#organization"},"potentialAction":[{"@type":"SearchAction","target":{"@type":"EntryPoint","urlTemplate":"https:\/\/dicodusport.fr\/blog\/?s={search_term_string}"},"query-input":{"@type":"PropertyValueSpecification","valueRequired":true,"valueName":"search_term_string"}}],"inLanguage":"fr-FR"},{"@type":"NewsMediaOrganization","@id":"https:\/\/dicodusport.fr\/blog\/#organization","name":"Dicodusport","url":"https:\/\/dicodusport.fr\/blog\/","logo":{"@type":"ImageObject","inLanguage":"fr-FR","@id":"https:\/\/dicodusport.fr\/blog\/#\/schema\/logo\/image\/","url":"https:\/\/dicodusport.fr\/blog\/wp-content\/uploads\/2020\/06\/cropped-LOGO-DICODUSPORT-2020-SANS-FOND-SANS-TEXTE.png","contentUrl":"https:\/\/dicodusport.fr\/blog\/wp-content\/uploads\/2020\/06\/cropped-LOGO-DICODUSPORT-2020-SANS-FOND-SANS-TEXTE.png","width":512,"height":512,"caption":"Dicodusport"},"image":{"@id":"https:\/\/dicodusport.fr\/blog\/#\/schema\/logo\/image\/"},"sameAs":["https:\/\/www.facebook.com\/dicodusport","https:\/\/x.com\/dicodusport","https:\/\/www.instagram.com\/dicodusport\/","https:\/\/www.youtube.com\/channel\/UC7V2KZ5sd3htJivAbA4ZG3w"],"description":"Dicodusport est l'encyclop\u00e9die de l'actualit\u00e9 sportive.","email":"bonjour@dicodusport.fr","legalName":"DICODUSPORT","foundingDate":"2018-01-14","vatID":"FR71834470973","taxID":"83447097300043","numberOfEmployees":{"@type":"QuantitativeValue","minValue":"1","maxValue":"10"}},{"@type":"Person","@id":"https:\/\/dicodusport.fr\/blog\/#\/schema\/person\/6db4bae06b171592211be385b32876a7","name":"Emilien Descampiaux","image":{"@type":"ImageObject","inLanguage":"fr-FR","@id":"https:\/\/dicodusport.fr\/blog\/#\/schema\/person\/image\/","url":"https:\/\/dicodusport.fr\/blog\/wp-content\/uploads\/2021\/05\/Emilien-Descampiaux-150x150.jpg","contentUrl":"https:\/\/dicodusport.fr\/blog\/wp-content\/uploads\/2021\/05\/Emilien-Descampiaux-150x150.jpg","caption":"Emilien Descampiaux"},"description":"Journaliste\/r\u00e9dacteur depuis 2014 - Fan de la classe de Frank Vandenbroucke, je vis cyclisme (et de ses paysages) depuis plus de 20 ans. Je suis tr\u00e8s impliqu\u00e9 sur mes diff\u00e9rents r\u00e9seaux sociaux pour partager ma passion sur le monde et l'Histoire de la bicyclette avec ma voix sur les images en noir et blanc du succ\u00e8s de Rik Van Steenbergen lors du Ronde sur le V\u00e9lodrome de Gand.","sameAs":["https:\/\/www.facebook.com\/groups\/LesRoisDuPeloton","https:\/\/x.com\/https:\/\/twitter.com\/LRoisDuPeloton"],"url":"https:\/\/dicodusport.fr\/blog\/author\/emiliend\/"}]}},"_links":{"self":[{"href":"https:\/\/dicodusport.fr\/blog\/wp-json\/wp\/v2\/posts\/188859","targetHints":{"allow":["GET"]}}],"collection":[{"href":"https:\/\/dicodusport.fr\/blog\/wp-json\/wp\/v2\/posts"}],"about":[{"href":"https:\/\/dicodusport.fr\/blog\/wp-json\/wp\/v2\/types\/post"}],"author":[{"embeddable":true,"href":"https:\/\/dicodusport.fr\/blog\/wp-json\/wp\/v2\/users\/48"}],"replies":[{"embeddable":true,"href":"https:\/\/dicodusport.fr\/blog\/wp-json\/wp\/v2\/comments?post=188859"}],"version-history":[{"count":0,"href":"https:\/\/dicodusport.fr\/blog\/wp-json\/wp\/v2\/posts\/188859\/revisions"}],"wp:featuredmedia":[{"embeddable":true,"href":"https:\/\/dicodusport.fr\/blog\/wp-json\/wp\/v2\/media\/189395"}],"wp:attachment":[{"href":"https:\/\/dicodusport.fr\/blog\/wp-json\/wp\/v2\/media?parent=188859"}],"wp:term":[{"taxonomy":"category","embeddable":true,"href":"https:\/\/dicodusport.fr\/blog\/wp-json\/wp\/v2\/categories?post=188859"},{"taxonomy":"post_tag","embeddable":true,"href":"https:\/\/dicodusport.fr\/blog\/wp-json\/wp\/v2\/tags?post=188859"}],"curies":[{"name":"wp","href":"https:\/\/api.w.org\/{rel}","templated":true}]}}