{"id":189047,"date":"2022-01-05T17:33:20","date_gmt":"2022-01-05T16:33:20","guid":{"rendered":"https:\/\/dicodusport.fr\/blog\/?p=189047&#038;preview=true&#038;preview_id=189047"},"modified":"2022-01-05T19:35:02","modified_gmt":"2022-01-05T18:35:02","slug":"wout-van-aert-egalement-absent-des-mondiaux-de-cyclo-cross","status":"publish","type":"post","link":"https:\/\/dicodusport.fr\/blog\/wout-van-aert-egalement-absent-des-mondiaux-de-cyclo-cross\/","title":{"rendered":"Wout Van Aert \u00e9galement absent des Mondiaux de cyclo-cross"},"content":{"rendered":"<p style=\"text-align: justify;\"><strong><em>CYCLO-CROSS &#8211; <a href=\"https:\/\/dicodusport.fr\/blog\/mathieu-van-der-poel-met-fin-a-sa-saison-cyclo-cross\/\">Apr\u00e8s avoir appris ce matin que Mathieu van der Poel ne participerait pas aux Mondiaux de cyclo-cross<\/a> qui se disputeront \u00e0 Fayetteville (\u00c9tats-Unis), voil\u00e0 un autre cador qui renonce \u00e0 ce championnat du monde. Wout Van Aert, tr\u00e8s en forme ces derni\u00e8res semaines, a \u00e9galement annonc\u00e9 sa non-participation \u00e0 cette \u00e9preuve. <\/em><\/strong><\/p>\n<p style=\"text-align: justify;\">Cet apr\u00e8s-midi, \u00e0 Herentals sur ses terres natales, <strong>Wout Van Aert <\/strong>(Jumbo-Visma)\u00a0<strong>a remport\u00e9 la 5\u00e8me manche du X20 Badmakers Trofee, glanant au passage son huiti\u00e8me succ\u00e8s de la saison en cyclo-cross<\/strong>. Apr\u00e8s la course, le champion belge a \u00e9t\u00e9 interview\u00e9 par la t\u00e9l\u00e9vision belge <em>Sporza<\/em> afin de savoir s&rsquo;il participera aux Championnats du monde de cyclo-cross qui auront lieu aux \u00c9tats-Unis. <strong>Wout Van Aert<\/strong> a r\u00e9pondu d&rsquo;un non ferme en d\u00e9clarant que sa derni\u00e8re course de cyclo-cross de la saison serait les championnats de Belgique qui auront lieu ce dimanche.<\/p>\n<p style=\"text-align: justify;\">En effet, le coureur de la Jumbo-Visma pr\u00e9f\u00e8re pr\u00e9parer les \u00e9preuves sur route, et notamment les fameuses classiques de printemps o\u00f9 il sera attendu dans des \u00e9preuves telles que le Het Nieuwsblad ou encore le Tour des Flandres. Apr\u00e8s <strong>Mathieu van der Poel<\/strong>, c&rsquo;est le deuxi\u00e8me des cadors de cette discipline \u00e0 d\u00e9clarer forfait. Qu&rsquo;en sera-t-il de <strong>Tom Pidcock<\/strong> ?<\/p>\n<blockquote class=\"twitter-tweet\">\n<p dir=\"ltr\" lang=\"fr\"><a href=\"https:\/\/twitter.com\/hashtag\/CXWorlds?src=hash&amp;ref_src=twsrc%5Etfw\">#CXWorlds<\/a> &#x1f6b2; \/ <a href=\"https:\/\/twitter.com\/hashtag\/Fayetteville2022?src=hash&amp;ref_src=twsrc%5Etfw\">#Fayetteville2022<\/a> &#x1f1fa;&#x1f1f8;<br \/>\n&#x1f1e7;&#x1f1ea; Wout van Aert (TJV) ne se rendra pas aux \u00c9tats-Unis pour disputer les championnats du monde de cyclo-cross, trop complexe \u00e0 int\u00e9grer dans son programme de courses.<\/p>\n<p>&#x1f195; Par cons\u00e9quent, on aura un nouveau champion du monde cette saison.<\/p>\n<p>\u2014 Renaud Breban (@RenaudB31) <a href=\"https:\/\/twitter.com\/RenaudB31\/status\/1478760611127382017?ref_src=twsrc%5Etfw\">January 5, 2022<\/a><\/p><\/blockquote>\n<p><script async src=\"https:\/\/platform.twitter.com\/widgets.js\" charset=\"utf-8\"><\/script><\/p>\n","protected":false},"excerpt":{"rendered":"<p>CYCLO-CROSS &#8211; Apr\u00e8s avoir appris ce matin que Mathieu van der Poel ne participerait pas aux Mondiaux de cyclo-cross qui se disputeront \u00e0 Fayetteville (Etats-Unis), voil\u00e0 un autre cador qui renonce \u00e0 ce championnat du monde. Wout Van Aert, tr\u00e8s en forme ces derni\u00e8res semaines, a \u00e9galement annonc\u00e9 sa non-participation \u00e0 cette \u00e9preuve.<\/p>\n","protected":false},"author":42,"featured_media":185490,"comment_status":"open","ping_status":"closed","sticky":false,"template":"","format":"standard","meta":{"_acf_changed":false,"_daextam_enable_autolinks":"","footnotes":""},"categories":[9611],"tags":[6666,8091],"class_list":["post-189047","post","type-post","status-publish","format-standard","has-post-thumbnail","hentry","category-cyclo-cross","tag-cyclo-cross","tag-wout-van-aert"],"acf":[],"yoast_head":"<!-- This site is optimized with the Yoast SEO Premium plugin v26.7 (Yoast SEO v26.7) - https:\/\/yoast.com\/wordpress\/plugins\/seo\/ -->\n<title>Wout Van Aert \u00e9galement absent des Mondiaux de cyclo-cross<\/title>\n<meta name=\"description\" content=\"Apr\u00e8s Mathieu van der Poel, qui a mis un terme \u00e0 sa saison de cyclo-cross, Wout Van Aert ne participera pas aux Mondiaux de cyclo-cross.\" \/>\n<meta name=\"robots\" content=\"index, follow, max-snippet:-1, max-image-preview:large, max-video-preview:-1\" \/>\n<link rel=\"canonical\" href=\"https:\/\/dicodusport.fr\/blog\/wout-van-aert-egalement-absent-des-mondiaux-de-cyclo-cross\/\" \/>\n<meta property=\"og:locale\" content=\"fr_FR\" \/>\n<meta property=\"og:type\" content=\"article\" \/>\n<meta property=\"og:title\" content=\"Wout Van Aert \u00e9galement absent des Mondiaux de cyclo-cross\" \/>\n<meta property=\"og:description\" content=\"Apr\u00e8s Mathieu van der Poel, qui a mis un terme \u00e0 sa saison de cyclo-cross, Wout Van Aert ne participera pas aux Mondiaux de cyclo-cross.\" \/>\n<meta property=\"og:url\" content=\"https:\/\/dicodusport.fr\/blog\/wout-van-aert-egalement-absent-des-mondiaux-de-cyclo-cross\/\" \/>\n<meta property=\"og:site_name\" content=\"Dicodusport\" \/>\n<meta property=\"article:publisher\" content=\"https:\/\/www.facebook.com\/dicodusport\" \/>\n<meta property=\"article:published_time\" content=\"2022-01-05T16:33:20+00:00\" \/>\n<meta property=\"article:modified_time\" content=\"2022-01-05T18:35:02+00:00\" \/>\n<meta property=\"og:image\" content=\"https:\/\/dicodusport.fr\/blog\/wp-content\/uploads\/2021\/12\/Coupe-du-monde-de-Val-di-Sole-2021-Wout-Van-Aert-domine-les-debats.png\" \/>\n\t<meta property=\"og:image:width\" content=\"800\" \/>\n\t<meta property=\"og:image:height\" content=\"445\" \/>\n\t<meta property=\"og:image:type\" content=\"image\/png\" \/>\n<meta name=\"author\" content=\"Nicolas Mezine\" \/>\n<meta name=\"twitter:card\" content=\"summary_large_image\" \/>\n<meta name=\"twitter:title\" content=\"Wout Van Aert \u00e9galement absent des Mondiaux de cyclo-cross\" \/>\n<meta name=\"twitter:creator\" content=\"@https:\/\/twitter.com\/Lbiji13\" \/>\n<meta name=\"twitter:site\" content=\"@dicodusport\" \/>\n<script type=\"application\/ld+json\" class=\"yoast-schema-graph\">{\"@context\":\"https:\/\/schema.org\",\"@graph\":[{\"@type\":\"NewsArticle\",\"@id\":\"https:\/\/dicodusport.fr\/blog\/wout-van-aert-egalement-absent-des-mondiaux-de-cyclo-cross\/#article\",\"isPartOf\":{\"@id\":\"https:\/\/dicodusport.fr\/blog\/wout-van-aert-egalement-absent-des-mondiaux-de-cyclo-cross\/\"},\"author\":{\"name\":\"Nicolas Mezine\",\"@id\":\"https:\/\/dicodusport.fr\/blog\/#\/schema\/person\/99fcf31b3ee0d51fed53ade78139bbbf\"},\"headline\":\"Wout Van Aert \u00e9galement absent des Mondiaux de cyclo-cross\",\"datePublished\":\"2022-01-05T16:33:20+00:00\",\"dateModified\":\"2022-01-05T18:35:02+00:00\",\"mainEntityOfPage\":{\"@id\":\"https:\/\/dicodusport.fr\/blog\/wout-van-aert-egalement-absent-des-mondiaux-de-cyclo-cross\/\"},\"wordCount\":291,\"commentCount\":0,\"publisher\":{\"@id\":\"https:\/\/dicodusport.fr\/blog\/#organization\"},\"image\":{\"@id\":\"https:\/\/dicodusport.fr\/blog\/wout-van-aert-egalement-absent-des-mondiaux-de-cyclo-cross\/#primaryimage\"},\"thumbnailUrl\":\"https:\/\/dicodusport.fr\/blog\/wp-content\/uploads\/2021\/12\/Coupe-du-monde-de-Val-di-Sole-2021-Wout-Van-Aert-domine-les-debats.png\",\"keywords\":[\"Cyclo-cross\",\"Wout Van Aert\"],\"articleSection\":[\"Cyclo-cross\"],\"inLanguage\":\"fr-FR\",\"potentialAction\":[{\"@type\":\"CommentAction\",\"name\":\"Comment\",\"target\":[\"https:\/\/dicodusport.fr\/blog\/wout-van-aert-egalement-absent-des-mondiaux-de-cyclo-cross\/#respond\"]}],\"copyrightYear\":\"2022\",\"copyrightHolder\":{\"@id\":\"https:\/\/dicodusport.fr\/blog\/#organization\"}},{\"@type\":\"WebPage\",\"@id\":\"https:\/\/dicodusport.fr\/blog\/wout-van-aert-egalement-absent-des-mondiaux-de-cyclo-cross\/\",\"url\":\"https:\/\/dicodusport.fr\/blog\/wout-van-aert-egalement-absent-des-mondiaux-de-cyclo-cross\/\",\"name\":\"Wout Van Aert \u00e9galement absent des Mondiaux de cyclo-cross\",\"isPartOf\":{\"@id\":\"https:\/\/dicodusport.fr\/blog\/#website\"},\"primaryImageOfPage\":{\"@id\":\"https:\/\/dicodusport.fr\/blog\/wout-van-aert-egalement-absent-des-mondiaux-de-cyclo-cross\/#primaryimage\"},\"image\":{\"@id\":\"https:\/\/dicodusport.fr\/blog\/wout-van-aert-egalement-absent-des-mondiaux-de-cyclo-cross\/#primaryimage\"},\"thumbnailUrl\":\"https:\/\/dicodusport.fr\/blog\/wp-content\/uploads\/2021\/12\/Coupe-du-monde-de-Val-di-Sole-2021-Wout-Van-Aert-domine-les-debats.png\",\"datePublished\":\"2022-01-05T16:33:20+00:00\",\"dateModified\":\"2022-01-05T18:35:02+00:00\",\"description\":\"Apr\u00e8s Mathieu van der Poel, qui a mis un terme \u00e0 sa saison de cyclo-cross, Wout Van Aert ne participera pas aux Mondiaux de cyclo-cross.\",\"breadcrumb\":{\"@id\":\"https:\/\/dicodusport.fr\/blog\/wout-van-aert-egalement-absent-des-mondiaux-de-cyclo-cross\/#breadcrumb\"},\"inLanguage\":\"fr-FR\",\"potentialAction\":[{\"@type\":\"ReadAction\",\"target\":[\"https:\/\/dicodusport.fr\/blog\/wout-van-aert-egalement-absent-des-mondiaux-de-cyclo-cross\/\"]}]},{\"@type\":\"ImageObject\",\"inLanguage\":\"fr-FR\",\"@id\":\"https:\/\/dicodusport.fr\/blog\/wout-van-aert-egalement-absent-des-mondiaux-de-cyclo-cross\/#primaryimage\",\"url\":\"https:\/\/dicodusport.fr\/blog\/wp-content\/uploads\/2021\/12\/Coupe-du-monde-de-Val-di-Sole-2021-Wout-Van-Aert-domine-les-debats.png\",\"contentUrl\":\"https:\/\/dicodusport.fr\/blog\/wp-content\/uploads\/2021\/12\/Coupe-du-monde-de-Val-di-Sole-2021-Wout-Van-Aert-domine-les-debats.png\",\"width\":800,\"height\":445,\"caption\":\"Coupe du monde de Val di Sole 2021 Wout Van Aert domine les d\u00e9bats\"},{\"@type\":\"BreadcrumbList\",\"@id\":\"https:\/\/dicodusport.fr\/blog\/wout-van-aert-egalement-absent-des-mondiaux-de-cyclo-cross\/#breadcrumb\",\"itemListElement\":[{\"@type\":\"ListItem\",\"position\":1,\"name\":\"Accueil\",\"item\":\"https:\/\/dicodusport.fr\/blog\/\"},{\"@type\":\"ListItem\",\"position\":2,\"name\":\"Wout Van Aert \u00e9galement absent des Mondiaux de cyclo-cross\"}]},{\"@type\":\"WebSite\",\"@id\":\"https:\/\/dicodusport.fr\/blog\/#website\",\"url\":\"https:\/\/dicodusport.fr\/blog\/\",\"name\":\"Dicodusport\",\"description\":\"L&#039;encyclop\u00e9die de l&#039;actualit\u00e9 sportive\",\"publisher\":{\"@id\":\"https:\/\/dicodusport.fr\/blog\/#organization\"},\"potentialAction\":[{\"@type\":\"SearchAction\",\"target\":{\"@type\":\"EntryPoint\",\"urlTemplate\":\"https:\/\/dicodusport.fr\/blog\/?s={search_term_string}\"},\"query-input\":{\"@type\":\"PropertyValueSpecification\",\"valueRequired\":true,\"valueName\":\"search_term_string\"}}],\"inLanguage\":\"fr-FR\"},{\"@type\":\"NewsMediaOrganization\",\"@id\":\"https:\/\/dicodusport.fr\/blog\/#organization\",\"name\":\"Dicodusport\",\"url\":\"https:\/\/dicodusport.fr\/blog\/\",\"logo\":{\"@type\":\"ImageObject\",\"inLanguage\":\"fr-FR\",\"@id\":\"https:\/\/dicodusport.fr\/blog\/#\/schema\/logo\/image\/\",\"url\":\"https:\/\/dicodusport.fr\/blog\/wp-content\/uploads\/2020\/06\/cropped-LOGO-DICODUSPORT-2020-SANS-FOND-SANS-TEXTE.png\",\"contentUrl\":\"https:\/\/dicodusport.fr\/blog\/wp-content\/uploads\/2020\/06\/cropped-LOGO-DICODUSPORT-2020-SANS-FOND-SANS-TEXTE.png\",\"width\":512,\"height\":512,\"caption\":\"Dicodusport\"},\"image\":{\"@id\":\"https:\/\/dicodusport.fr\/blog\/#\/schema\/logo\/image\/\"},\"sameAs\":[\"https:\/\/www.facebook.com\/dicodusport\",\"https:\/\/x.com\/dicodusport\",\"https:\/\/www.instagram.com\/dicodusport\/\",\"https:\/\/www.youtube.com\/channel\/UC7V2KZ5sd3htJivAbA4ZG3w\"],\"description\":\"Dicodusport est l'encyclop\u00e9die de l'actualit\u00e9 sportive.\",\"email\":\"bonjour@dicodusport.fr\",\"legalName\":\"DICODUSPORT\",\"foundingDate\":\"2018-01-14\",\"vatID\":\"FR71834470973\",\"taxID\":\"83447097300043\",\"numberOfEmployees\":{\"@type\":\"QuantitativeValue\",\"minValue\":\"1\",\"maxValue\":\"10\"}},{\"@type\":\"Person\",\"@id\":\"https:\/\/dicodusport.fr\/blog\/#\/schema\/person\/99fcf31b3ee0d51fed53ade78139bbbf\",\"name\":\"Nicolas Mezine\",\"image\":{\"@type\":\"ImageObject\",\"inLanguage\":\"fr-FR\",\"@id\":\"https:\/\/dicodusport.fr\/blog\/#\/schema\/person\/image\/\",\"url\":\"https:\/\/dicodusport.fr\/blog\/wp-content\/uploads\/2021\/09\/IMG_4655-e1631787111223-150x150.jpg\",\"contentUrl\":\"https:\/\/dicodusport.fr\/blog\/wp-content\/uploads\/2021\/09\/IMG_4655-e1631787111223-150x150.jpg\",\"caption\":\"Nicolas Mezine\"},\"description\":\"Passionn\u00e9 de sport, notamment de rugby dans toutes ses variantes (XV, XIII et VII). Fan du RC Toulon et de l'Olympique de Marseille.\",\"sameAs\":[\"https:\/\/www.linkedin.com\/in\/nicolas-mezine-521380160\/\",\"https:\/\/x.com\/https:\/\/twitter.com\/Lbiji13\"],\"url\":\"https:\/\/dicodusport.fr\/blog\/author\/nicolas-m\/\"}]}<\/script>\n<!-- \/ Yoast SEO Premium plugin. -->","yoast_head_json":{"title":"Wout Van Aert \u00e9galement absent des Mondiaux de cyclo-cross","description":"Apr\u00e8s Mathieu van der Poel, qui a mis un terme \u00e0 sa saison de cyclo-cross, Wout Van Aert ne participera pas aux Mondiaux de cyclo-cross.","robots":{"index":"index","follow":"follow","max-snippet":"max-snippet:-1","max-image-preview":"max-image-preview:large","max-video-preview":"max-video-preview:-1"},"canonical":"https:\/\/dicodusport.fr\/blog\/wout-van-aert-egalement-absent-des-mondiaux-de-cyclo-cross\/","og_locale":"fr_FR","og_type":"article","og_title":"Wout Van Aert \u00e9galement absent des Mondiaux de cyclo-cross","og_description":"Apr\u00e8s Mathieu van der Poel, qui a mis un terme \u00e0 sa saison de cyclo-cross, Wout Van Aert ne participera pas aux Mondiaux de cyclo-cross.","og_url":"https:\/\/dicodusport.fr\/blog\/wout-van-aert-egalement-absent-des-mondiaux-de-cyclo-cross\/","og_site_name":"Dicodusport","article_publisher":"https:\/\/www.facebook.com\/dicodusport","article_published_time":"2022-01-05T16:33:20+00:00","article_modified_time":"2022-01-05T18:35:02+00:00","og_image":[{"width":800,"height":445,"url":"https:\/\/dicodusport.fr\/blog\/wp-content\/uploads\/2021\/12\/Coupe-du-monde-de-Val-di-Sole-2021-Wout-Van-Aert-domine-les-debats.png","type":"image\/png"}],"author":"Nicolas Mezine","twitter_card":"summary_large_image","twitter_title":"Wout Van Aert \u00e9galement absent des Mondiaux de cyclo-cross","twitter_creator":"@https:\/\/twitter.com\/Lbiji13","twitter_site":"@dicodusport","schema":{"@context":"https:\/\/schema.org","@graph":[{"@type":"NewsArticle","@id":"https:\/\/dicodusport.fr\/blog\/wout-van-aert-egalement-absent-des-mondiaux-de-cyclo-cross\/#article","isPartOf":{"@id":"https:\/\/dicodusport.fr\/blog\/wout-van-aert-egalement-absent-des-mondiaux-de-cyclo-cross\/"},"author":{"name":"Nicolas Mezine","@id":"https:\/\/dicodusport.fr\/blog\/#\/schema\/person\/99fcf31b3ee0d51fed53ade78139bbbf"},"headline":"Wout Van Aert \u00e9galement absent des Mondiaux de cyclo-cross","datePublished":"2022-01-05T16:33:20+00:00","dateModified":"2022-01-05T18:35:02+00:00","mainEntityOfPage":{"@id":"https:\/\/dicodusport.fr\/blog\/wout-van-aert-egalement-absent-des-mondiaux-de-cyclo-cross\/"},"wordCount":291,"commentCount":0,"publisher":{"@id":"https:\/\/dicodusport.fr\/blog\/#organization"},"image":{"@id":"https:\/\/dicodusport.fr\/blog\/wout-van-aert-egalement-absent-des-mondiaux-de-cyclo-cross\/#primaryimage"},"thumbnailUrl":"https:\/\/dicodusport.fr\/blog\/wp-content\/uploads\/2021\/12\/Coupe-du-monde-de-Val-di-Sole-2021-Wout-Van-Aert-domine-les-debats.png","keywords":["Cyclo-cross","Wout Van Aert"],"articleSection":["Cyclo-cross"],"inLanguage":"fr-FR","potentialAction":[{"@type":"CommentAction","name":"Comment","target":["https:\/\/dicodusport.fr\/blog\/wout-van-aert-egalement-absent-des-mondiaux-de-cyclo-cross\/#respond"]}],"copyrightYear":"2022","copyrightHolder":{"@id":"https:\/\/dicodusport.fr\/blog\/#organization"}},{"@type":"WebPage","@id":"https:\/\/dicodusport.fr\/blog\/wout-van-aert-egalement-absent-des-mondiaux-de-cyclo-cross\/","url":"https:\/\/dicodusport.fr\/blog\/wout-van-aert-egalement-absent-des-mondiaux-de-cyclo-cross\/","name":"Wout Van Aert \u00e9galement absent des Mondiaux de cyclo-cross","isPartOf":{"@id":"https:\/\/dicodusport.fr\/blog\/#website"},"primaryImageOfPage":{"@id":"https:\/\/dicodusport.fr\/blog\/wout-van-aert-egalement-absent-des-mondiaux-de-cyclo-cross\/#primaryimage"},"image":{"@id":"https:\/\/dicodusport.fr\/blog\/wout-van-aert-egalement-absent-des-mondiaux-de-cyclo-cross\/#primaryimage"},"thumbnailUrl":"https:\/\/dicodusport.fr\/blog\/wp-content\/uploads\/2021\/12\/Coupe-du-monde-de-Val-di-Sole-2021-Wout-Van-Aert-domine-les-debats.png","datePublished":"2022-01-05T16:33:20+00:00","dateModified":"2022-01-05T18:35:02+00:00","description":"Apr\u00e8s Mathieu van der Poel, qui a mis un terme \u00e0 sa saison de cyclo-cross, Wout Van Aert ne participera pas aux Mondiaux de cyclo-cross.","breadcrumb":{"@id":"https:\/\/dicodusport.fr\/blog\/wout-van-aert-egalement-absent-des-mondiaux-de-cyclo-cross\/#breadcrumb"},"inLanguage":"fr-FR","potentialAction":[{"@type":"ReadAction","target":["https:\/\/dicodusport.fr\/blog\/wout-van-aert-egalement-absent-des-mondiaux-de-cyclo-cross\/"]}]},{"@type":"ImageObject","inLanguage":"fr-FR","@id":"https:\/\/dicodusport.fr\/blog\/wout-van-aert-egalement-absent-des-mondiaux-de-cyclo-cross\/#primaryimage","url":"https:\/\/dicodusport.fr\/blog\/wp-content\/uploads\/2021\/12\/Coupe-du-monde-de-Val-di-Sole-2021-Wout-Van-Aert-domine-les-debats.png","contentUrl":"https:\/\/dicodusport.fr\/blog\/wp-content\/uploads\/2021\/12\/Coupe-du-monde-de-Val-di-Sole-2021-Wout-Van-Aert-domine-les-debats.png","width":800,"height":445,"caption":"Coupe du monde de Val di Sole 2021 Wout Van Aert domine les d\u00e9bats"},{"@type":"BreadcrumbList","@id":"https:\/\/dicodusport.fr\/blog\/wout-van-aert-egalement-absent-des-mondiaux-de-cyclo-cross\/#breadcrumb","itemListElement":[{"@type":"ListItem","position":1,"name":"Accueil","item":"https:\/\/dicodusport.fr\/blog\/"},{"@type":"ListItem","position":2,"name":"Wout Van Aert \u00e9galement absent des Mondiaux de cyclo-cross"}]},{"@type":"WebSite","@id":"https:\/\/dicodusport.fr\/blog\/#website","url":"https:\/\/dicodusport.fr\/blog\/","name":"Dicodusport","description":"L&#039;encyclop\u00e9die de l&#039;actualit\u00e9 sportive","publisher":{"@id":"https:\/\/dicodusport.fr\/blog\/#organization"},"potentialAction":[{"@type":"SearchAction","target":{"@type":"EntryPoint","urlTemplate":"https:\/\/dicodusport.fr\/blog\/?s={search_term_string}"},"query-input":{"@type":"PropertyValueSpecification","valueRequired":true,"valueName":"search_term_string"}}],"inLanguage":"fr-FR"},{"@type":"NewsMediaOrganization","@id":"https:\/\/dicodusport.fr\/blog\/#organization","name":"Dicodusport","url":"https:\/\/dicodusport.fr\/blog\/","logo":{"@type":"ImageObject","inLanguage":"fr-FR","@id":"https:\/\/dicodusport.fr\/blog\/#\/schema\/logo\/image\/","url":"https:\/\/dicodusport.fr\/blog\/wp-content\/uploads\/2020\/06\/cropped-LOGO-DICODUSPORT-2020-SANS-FOND-SANS-TEXTE.png","contentUrl":"https:\/\/dicodusport.fr\/blog\/wp-content\/uploads\/2020\/06\/cropped-LOGO-DICODUSPORT-2020-SANS-FOND-SANS-TEXTE.png","width":512,"height":512,"caption":"Dicodusport"},"image":{"@id":"https:\/\/dicodusport.fr\/blog\/#\/schema\/logo\/image\/"},"sameAs":["https:\/\/www.facebook.com\/dicodusport","https:\/\/x.com\/dicodusport","https:\/\/www.instagram.com\/dicodusport\/","https:\/\/www.youtube.com\/channel\/UC7V2KZ5sd3htJivAbA4ZG3w"],"description":"Dicodusport est l'encyclop\u00e9die de l'actualit\u00e9 sportive.","email":"bonjour@dicodusport.fr","legalName":"DICODUSPORT","foundingDate":"2018-01-14","vatID":"FR71834470973","taxID":"83447097300043","numberOfEmployees":{"@type":"QuantitativeValue","minValue":"1","maxValue":"10"}},{"@type":"Person","@id":"https:\/\/dicodusport.fr\/blog\/#\/schema\/person\/99fcf31b3ee0d51fed53ade78139bbbf","name":"Nicolas Mezine","image":{"@type":"ImageObject","inLanguage":"fr-FR","@id":"https:\/\/dicodusport.fr\/blog\/#\/schema\/person\/image\/","url":"https:\/\/dicodusport.fr\/blog\/wp-content\/uploads\/2021\/09\/IMG_4655-e1631787111223-150x150.jpg","contentUrl":"https:\/\/dicodusport.fr\/blog\/wp-content\/uploads\/2021\/09\/IMG_4655-e1631787111223-150x150.jpg","caption":"Nicolas Mezine"},"description":"Passionn\u00e9 de sport, notamment de rugby dans toutes ses variantes (XV, XIII et VII). Fan du RC Toulon et de l'Olympique de Marseille.","sameAs":["https:\/\/www.linkedin.com\/in\/nicolas-mezine-521380160\/","https:\/\/x.com\/https:\/\/twitter.com\/Lbiji13"],"url":"https:\/\/dicodusport.fr\/blog\/author\/nicolas-m\/"}]}},"_links":{"self":[{"href":"https:\/\/dicodusport.fr\/blog\/wp-json\/wp\/v2\/posts\/189047","targetHints":{"allow":["GET"]}}],"collection":[{"href":"https:\/\/dicodusport.fr\/blog\/wp-json\/wp\/v2\/posts"}],"about":[{"href":"https:\/\/dicodusport.fr\/blog\/wp-json\/wp\/v2\/types\/post"}],"author":[{"embeddable":true,"href":"https:\/\/dicodusport.fr\/blog\/wp-json\/wp\/v2\/users\/42"}],"replies":[{"embeddable":true,"href":"https:\/\/dicodusport.fr\/blog\/wp-json\/wp\/v2\/comments?post=189047"}],"version-history":[{"count":0,"href":"https:\/\/dicodusport.fr\/blog\/wp-json\/wp\/v2\/posts\/189047\/revisions"}],"wp:featuredmedia":[{"embeddable":true,"href":"https:\/\/dicodusport.fr\/blog\/wp-json\/wp\/v2\/media\/185490"}],"wp:attachment":[{"href":"https:\/\/dicodusport.fr\/blog\/wp-json\/wp\/v2\/media?parent=189047"}],"wp:term":[{"taxonomy":"category","embeddable":true,"href":"https:\/\/dicodusport.fr\/blog\/wp-json\/wp\/v2\/categories?post=189047"},{"taxonomy":"post_tag","embeddable":true,"href":"https:\/\/dicodusport.fr\/blog\/wp-json\/wp\/v2\/tags?post=189047"}],"curies":[{"name":"wp","href":"https:\/\/api.w.org\/{rel}","templated":true}]}}