{"id":189288,"date":"2022-01-06T19:13:07","date_gmt":"2022-01-06T18:13:07","guid":{"rendered":"https:\/\/dicodusport.fr\/blog\/?p=189288&#038;preview=true&#038;preview_id=189288"},"modified":"2022-01-06T20:01:31","modified_gmt":"2022-01-06T19:01:31","slug":"emilien-jacquelin-je-me-rappelle-en-avoir-fait-des-dessins-de-raphael-poiree","status":"publish","type":"post","link":"https:\/\/dicodusport.fr\/blog\/emilien-jacquelin-je-me-rappelle-en-avoir-fait-des-dessins-de-raphael-poiree\/","title":{"rendered":"\u00c9milien Jacquelin : \u00ab\u00a0Je me rappelle en avoir fait des dessins de Rapha\u00ebl Poir\u00e9e\u00a0\u00bb"},"content":{"rendered":"<p style=\"text-align: justify;\"><strong><em>BIATHLON &#8211; \u00c0 la veille de porter le dossard jaune pour la premi\u00e8re fois, \u00c9milien Jacquelin a publi\u00e9 un message sur ses r\u00e9seaux sociaux.\u00a0<\/em><\/strong><\/p>\n<p style=\"text-align: justify;\">Apr\u00e8s Simon Desthieux et Quentin Fillon Maillet, <strong>\u00c9milien Jacquelin<\/strong> sera le troisi\u00e8me Fran\u00e7ais \u00e0 porter le dossard jaune de <strong><a href=\"https:\/\/dicodusport.fr\/blog\/biathlon-coupe-du-monde-2021-2022-classement-general-hommes\/\">leader de la Coupe du monde<\/a><\/strong> sur le sprint d&rsquo;Oberhof vendredi. \u00c0 la veille de la course, le Tricolore a post\u00e9 un message sur ses r\u00e9seaux sociaux.<\/p>\n<blockquote>\n<p style=\"text-align: justify;\">Demain je porterai le dossard jaune de leader de la Coupe du monde. Je me rappelle en avoir fait des dessins de Rapha\u00ebl Poir\u00e9e avec mon fr\u00e8re Cl\u00e9ment Jacquelin. On en r\u00eavait. Puis j\u2019ai grandi en regardant Martin Fourcade. J\u2019en ai r\u00eav\u00e9. Le porter c\u2019est une \u00e9norme fiert\u00e9, mais pas la finalit\u00e9. Alors demain je vais profiter, et essayer de faire honneur \u00e0 ce dossard.<\/p>\n<\/blockquote>\n<p style=\"text-align: justify;\">\u00c9milien Jacquelin partira avec le dossard 40 sur le <strong><a href=\"https:\/\/dicodusport.fr\/blog\/biathlon-oberhof-la-startlist-du-sprint-hommes\/\">sprint d&rsquo;Oberhof<\/a><\/strong> ce vendredi.<\/p>\n<blockquote class=\"twitter-tweet\">\n<p dir=\"ltr\" lang=\"fr\">Le porter c\u2019est une \u00e9norme fiert\u00e9, mais pas la finalit\u00e9.<br \/>\nAlors demain je vais profiter, et essayer de faire honneur \u00e0 ce dossard &#x1f49b; 2\/2<\/p>\n<p>\u2014 Emilien Jacquelin (@EmilienJck) <a href=\"https:\/\/twitter.com\/EmilienJck\/status\/1479144398969573386?ref_src=twsrc%5Etfw\">January 6, 2022<\/a><\/p><\/blockquote>\n<p><script async src=\"https:\/\/platform.twitter.com\/widgets.js\" charset=\"utf-8\"><\/script><\/p>\n","protected":false},"excerpt":{"rendered":"<p>BIATHLON &#8211; \u00c0 la veille de porter le dossard jaune pour la premi\u00e8re fois, \u00c9milien Jacquelin a publi\u00e9 un message sur ses r\u00e9seaux sociaux.\u00a0<\/p>\n","protected":false},"author":1,"featured_media":189294,"comment_status":"open","ping_status":"closed","sticky":false,"template":"","format":"standard","meta":{"_acf_changed":false,"_daextam_enable_autolinks":"","footnotes":""},"categories":[47040],"tags":[2427,2692,2693],"class_list":["post-189288","post","type-post","status-publish","format-standard","has-post-thumbnail","hentry","category-coupe-du-monde-de-biathlon","tag-biathlon","tag-emilien-jacquelin","tag-jacquelin"],"acf":[],"yoast_head":"<!-- This site is optimized with the Yoast SEO Premium plugin v26.7 (Yoast SEO v26.7) - https:\/\/yoast.com\/wordpress\/plugins\/seo\/ -->\n<title>\u00c9milien Jacquelin : &quot;Je me rappelle en avoir fait des dessins de Rapha\u00ebl Poir\u00e9e&quot;<\/title>\n<meta name=\"description\" content=\"BIATHLON - \u00c0 la veille de porter le dossard jaune pour la premi\u00e8re fois, \u00c9milien Jacquelin a publi\u00e9 un message sur ses r\u00e9seaux sociaux.\u00a0\" \/>\n<meta name=\"robots\" content=\"index, follow, max-snippet:-1, max-image-preview:large, max-video-preview:-1\" \/>\n<link rel=\"canonical\" href=\"https:\/\/dicodusport.fr\/blog\/emilien-jacquelin-je-me-rappelle-en-avoir-fait-des-dessins-de-raphael-poiree\/\" \/>\n<meta property=\"og:locale\" content=\"fr_FR\" \/>\n<meta property=\"og:type\" content=\"article\" \/>\n<meta property=\"og:title\" content=\"\u00c9milien Jacquelin : &quot;Je me rappelle en avoir fait des dessins de Rapha\u00ebl Poir\u00e9e&quot;\" \/>\n<meta property=\"og:description\" content=\"BIATHLON - \u00c0 la veille de porter le dossard jaune pour la premi\u00e8re fois, \u00c9milien Jacquelin a publi\u00e9 un message sur ses r\u00e9seaux sociaux.\u00a0\" \/>\n<meta property=\"og:url\" content=\"https:\/\/dicodusport.fr\/blog\/emilien-jacquelin-je-me-rappelle-en-avoir-fait-des-dessins-de-raphael-poiree\/\" \/>\n<meta property=\"og:site_name\" content=\"Dicodusport\" \/>\n<meta property=\"article:publisher\" content=\"https:\/\/www.facebook.com\/dicodusport\" \/>\n<meta property=\"article:author\" content=\"https:\/\/www.facebook.com\/dicodusport\" \/>\n<meta property=\"article:published_time\" content=\"2022-01-06T18:13:07+00:00\" \/>\n<meta property=\"article:modified_time\" content=\"2022-01-06T19:01:31+00:00\" \/>\n<meta property=\"og:image\" content=\"https:\/\/dicodusport.fr\/blog\/wp-content\/uploads\/2022\/01\/E\u0301milien-Jacquelin-Je-me-rappelle-en-avoir-fait-des-dessins-de-Raphael-Poire\u0301e.png\" \/>\n\t<meta property=\"og:image:width\" content=\"800\" \/>\n\t<meta property=\"og:image:height\" content=\"445\" \/>\n\t<meta property=\"og:image:type\" content=\"image\/png\" \/>\n<meta name=\"author\" content=\"Nicolas Jacquemard\" \/>\n<meta name=\"twitter:card\" content=\"summary_large_image\" \/>\n<meta name=\"twitter:title\" content=\"\u00c9milien Jacquelin : &quot;Je me rappelle en avoir fait des dessins de Rapha\u00ebl Poir\u00e9e&quot;\" \/>\n<meta name=\"twitter:creator\" content=\"@https:\/\/twitter.com\/Nico_Jacquemard\" \/>\n<meta name=\"twitter:site\" content=\"@dicodusport\" \/>\n<script type=\"application\/ld+json\" class=\"yoast-schema-graph\">{\"@context\":\"https:\/\/schema.org\",\"@graph\":[{\"@type\":\"NewsArticle\",\"@id\":\"https:\/\/dicodusport.fr\/blog\/emilien-jacquelin-je-me-rappelle-en-avoir-fait-des-dessins-de-raphael-poiree\/#article\",\"isPartOf\":{\"@id\":\"https:\/\/dicodusport.fr\/blog\/emilien-jacquelin-je-me-rappelle-en-avoir-fait-des-dessins-de-raphael-poiree\/\"},\"author\":{\"name\":\"Nicolas Jacquemard\",\"@id\":\"https:\/\/dicodusport.fr\/blog\/#\/schema\/person\/55dcb50ad410894e431ed812bbb70191\"},\"headline\":\"\u00c9milien Jacquelin : \u00ab\u00a0Je me rappelle en avoir fait des dessins de Rapha\u00ebl Poir\u00e9e\u00a0\u00bb\",\"datePublished\":\"2022-01-06T18:13:07+00:00\",\"dateModified\":\"2022-01-06T19:01:31+00:00\",\"mainEntityOfPage\":{\"@id\":\"https:\/\/dicodusport.fr\/blog\/emilien-jacquelin-je-me-rappelle-en-avoir-fait-des-dessins-de-raphael-poiree\/\"},\"wordCount\":205,\"commentCount\":0,\"publisher\":{\"@id\":\"https:\/\/dicodusport.fr\/blog\/#organization\"},\"image\":{\"@id\":\"https:\/\/dicodusport.fr\/blog\/emilien-jacquelin-je-me-rappelle-en-avoir-fait-des-dessins-de-raphael-poiree\/#primaryimage\"},\"thumbnailUrl\":\"https:\/\/dicodusport.fr\/blog\/wp-content\/uploads\/2022\/01\/E\u0301milien-Jacquelin-Je-me-rappelle-en-avoir-fait-des-dessins-de-Raphael-Poire\u0301e.png\",\"keywords\":[\"Biathlon\",\"Emilien Jacquelin\",\"Jacquelin\"],\"articleSection\":[\"Coupe du monde de biathlon\"],\"inLanguage\":\"fr-FR\",\"potentialAction\":[{\"@type\":\"CommentAction\",\"name\":\"Comment\",\"target\":[\"https:\/\/dicodusport.fr\/blog\/emilien-jacquelin-je-me-rappelle-en-avoir-fait-des-dessins-de-raphael-poiree\/#respond\"]}],\"copyrightYear\":\"2022\",\"copyrightHolder\":{\"@id\":\"https:\/\/dicodusport.fr\/blog\/#organization\"}},{\"@type\":\"WebPage\",\"@id\":\"https:\/\/dicodusport.fr\/blog\/emilien-jacquelin-je-me-rappelle-en-avoir-fait-des-dessins-de-raphael-poiree\/\",\"url\":\"https:\/\/dicodusport.fr\/blog\/emilien-jacquelin-je-me-rappelle-en-avoir-fait-des-dessins-de-raphael-poiree\/\",\"name\":\"\u00c9milien Jacquelin : \\\"Je me rappelle en avoir fait des dessins de Rapha\u00ebl Poir\u00e9e\\\"\",\"isPartOf\":{\"@id\":\"https:\/\/dicodusport.fr\/blog\/#website\"},\"primaryImageOfPage\":{\"@id\":\"https:\/\/dicodusport.fr\/blog\/emilien-jacquelin-je-me-rappelle-en-avoir-fait-des-dessins-de-raphael-poiree\/#primaryimage\"},\"image\":{\"@id\":\"https:\/\/dicodusport.fr\/blog\/emilien-jacquelin-je-me-rappelle-en-avoir-fait-des-dessins-de-raphael-poiree\/#primaryimage\"},\"thumbnailUrl\":\"https:\/\/dicodusport.fr\/blog\/wp-content\/uploads\/2022\/01\/E\u0301milien-Jacquelin-Je-me-rappelle-en-avoir-fait-des-dessins-de-Raphael-Poire\u0301e.png\",\"datePublished\":\"2022-01-06T18:13:07+00:00\",\"dateModified\":\"2022-01-06T19:01:31+00:00\",\"description\":\"BIATHLON - \u00c0 la veille de porter le dossard jaune pour la premi\u00e8re fois, \u00c9milien Jacquelin a publi\u00e9 un message sur ses r\u00e9seaux sociaux.\u00a0\",\"breadcrumb\":{\"@id\":\"https:\/\/dicodusport.fr\/blog\/emilien-jacquelin-je-me-rappelle-en-avoir-fait-des-dessins-de-raphael-poiree\/#breadcrumb\"},\"inLanguage\":\"fr-FR\",\"potentialAction\":[{\"@type\":\"ReadAction\",\"target\":[\"https:\/\/dicodusport.fr\/blog\/emilien-jacquelin-je-me-rappelle-en-avoir-fait-des-dessins-de-raphael-poiree\/\"]}]},{\"@type\":\"ImageObject\",\"inLanguage\":\"fr-FR\",\"@id\":\"https:\/\/dicodusport.fr\/blog\/emilien-jacquelin-je-me-rappelle-en-avoir-fait-des-dessins-de-raphael-poiree\/#primaryimage\",\"url\":\"https:\/\/dicodusport.fr\/blog\/wp-content\/uploads\/2022\/01\/E\u0301milien-Jacquelin-Je-me-rappelle-en-avoir-fait-des-dessins-de-Raphael-Poire\u0301e.png\",\"contentUrl\":\"https:\/\/dicodusport.fr\/blog\/wp-content\/uploads\/2022\/01\/E\u0301milien-Jacquelin-Je-me-rappelle-en-avoir-fait-des-dessins-de-Raphael-Poire\u0301e.png\",\"width\":800,\"height\":445},{\"@type\":\"BreadcrumbList\",\"@id\":\"https:\/\/dicodusport.fr\/blog\/emilien-jacquelin-je-me-rappelle-en-avoir-fait-des-dessins-de-raphael-poiree\/#breadcrumb\",\"itemListElement\":[{\"@type\":\"ListItem\",\"position\":1,\"name\":\"Accueil\",\"item\":\"https:\/\/dicodusport.fr\/blog\/\"},{\"@type\":\"ListItem\",\"position\":2,\"name\":\"\u00c9milien Jacquelin : \u00ab\u00a0Je me rappelle en avoir fait des dessins de Rapha\u00ebl Poir\u00e9e\u00a0\u00bb\"}]},{\"@type\":\"WebSite\",\"@id\":\"https:\/\/dicodusport.fr\/blog\/#website\",\"url\":\"https:\/\/dicodusport.fr\/blog\/\",\"name\":\"Dicodusport\",\"description\":\"L&#039;encyclop\u00e9die de l&#039;actualit\u00e9 sportive\",\"publisher\":{\"@id\":\"https:\/\/dicodusport.fr\/blog\/#organization\"},\"potentialAction\":[{\"@type\":\"SearchAction\",\"target\":{\"@type\":\"EntryPoint\",\"urlTemplate\":\"https:\/\/dicodusport.fr\/blog\/?s={search_term_string}\"},\"query-input\":{\"@type\":\"PropertyValueSpecification\",\"valueRequired\":true,\"valueName\":\"search_term_string\"}}],\"inLanguage\":\"fr-FR\"},{\"@type\":\"NewsMediaOrganization\",\"@id\":\"https:\/\/dicodusport.fr\/blog\/#organization\",\"name\":\"Dicodusport\",\"url\":\"https:\/\/dicodusport.fr\/blog\/\",\"logo\":{\"@type\":\"ImageObject\",\"inLanguage\":\"fr-FR\",\"@id\":\"https:\/\/dicodusport.fr\/blog\/#\/schema\/logo\/image\/\",\"url\":\"https:\/\/dicodusport.fr\/blog\/wp-content\/uploads\/2020\/06\/cropped-LOGO-DICODUSPORT-2020-SANS-FOND-SANS-TEXTE.png\",\"contentUrl\":\"https:\/\/dicodusport.fr\/blog\/wp-content\/uploads\/2020\/06\/cropped-LOGO-DICODUSPORT-2020-SANS-FOND-SANS-TEXTE.png\",\"width\":512,\"height\":512,\"caption\":\"Dicodusport\"},\"image\":{\"@id\":\"https:\/\/dicodusport.fr\/blog\/#\/schema\/logo\/image\/\"},\"sameAs\":[\"https:\/\/www.facebook.com\/dicodusport\",\"https:\/\/x.com\/dicodusport\",\"https:\/\/www.instagram.com\/dicodusport\/\",\"https:\/\/www.youtube.com\/channel\/UC7V2KZ5sd3htJivAbA4ZG3w\"],\"description\":\"Dicodusport est l'encyclop\u00e9die de l'actualit\u00e9 sportive.\",\"email\":\"bonjour@dicodusport.fr\",\"legalName\":\"DICODUSPORT\",\"foundingDate\":\"2018-01-14\",\"vatID\":\"FR71834470973\",\"taxID\":\"83447097300043\",\"numberOfEmployees\":{\"@type\":\"QuantitativeValue\",\"minValue\":\"1\",\"maxValue\":\"10\"}},{\"@type\":\"Person\",\"@id\":\"https:\/\/dicodusport.fr\/blog\/#\/schema\/person\/55dcb50ad410894e431ed812bbb70191\",\"name\":\"Nicolas Jacquemard\",\"image\":{\"@type\":\"ImageObject\",\"inLanguage\":\"fr-FR\",\"@id\":\"https:\/\/dicodusport.fr\/blog\/#\/schema\/person\/image\/\",\"url\":\"https:\/\/dicodusport.fr\/blog\/wp-content\/uploads\/2021\/05\/Nicolas-Jacquemard-150x150.jpeg\",\"contentUrl\":\"https:\/\/dicodusport.fr\/blog\/wp-content\/uploads\/2021\/05\/Nicolas-Jacquemard-150x150.jpeg\",\"caption\":\"Nicolas Jacquemard\"},\"description\":\"Passionn\u00e9 de sport et entrepreneur depuis mes 18 ans, la cr\u00e9ation de Dicodusport m'a sembl\u00e9 \u00e9vidente pour participer \u00e0 la m\u00e9diatisation d'un plus grand nombre de sports. Le chemin est long mais avec une \u00e9quipe des plus motiv\u00e9es et les Jeux Olympiques de Paris 2024 en point de mire, nous y arriverons ! Journaliste dans le monde du sport depuis plus de 5 ans, je traite aussi bien de football, de rugby, de biathlon que de cyclisme.\",\"sameAs\":[\"https:\/\/www.facebook.com\/dicodusport\",\"https:\/\/x.com\/https:\/\/twitter.com\/Nico_Jacquemard\"],\"url\":\"https:\/\/dicodusport.fr\/blog\/author\/dicodusport\/\"}]}<\/script>\n<!-- \/ Yoast SEO Premium plugin. -->","yoast_head_json":{"title":"\u00c9milien Jacquelin : \"Je me rappelle en avoir fait des dessins de Rapha\u00ebl Poir\u00e9e\"","description":"BIATHLON - \u00c0 la veille de porter le dossard jaune pour la premi\u00e8re fois, \u00c9milien Jacquelin a publi\u00e9 un message sur ses r\u00e9seaux sociaux.\u00a0","robots":{"index":"index","follow":"follow","max-snippet":"max-snippet:-1","max-image-preview":"max-image-preview:large","max-video-preview":"max-video-preview:-1"},"canonical":"https:\/\/dicodusport.fr\/blog\/emilien-jacquelin-je-me-rappelle-en-avoir-fait-des-dessins-de-raphael-poiree\/","og_locale":"fr_FR","og_type":"article","og_title":"\u00c9milien Jacquelin : \"Je me rappelle en avoir fait des dessins de Rapha\u00ebl Poir\u00e9e\"","og_description":"BIATHLON - \u00c0 la veille de porter le dossard jaune pour la premi\u00e8re fois, \u00c9milien Jacquelin a publi\u00e9 un message sur ses r\u00e9seaux sociaux.\u00a0","og_url":"https:\/\/dicodusport.fr\/blog\/emilien-jacquelin-je-me-rappelle-en-avoir-fait-des-dessins-de-raphael-poiree\/","og_site_name":"Dicodusport","article_publisher":"https:\/\/www.facebook.com\/dicodusport","article_author":"https:\/\/www.facebook.com\/dicodusport","article_published_time":"2022-01-06T18:13:07+00:00","article_modified_time":"2022-01-06T19:01:31+00:00","og_image":[{"width":800,"height":445,"url":"https:\/\/dicodusport.fr\/blog\/wp-content\/uploads\/2022\/01\/E\u0301milien-Jacquelin-Je-me-rappelle-en-avoir-fait-des-dessins-de-Raphael-Poire\u0301e.png","type":"image\/png"}],"author":"Nicolas Jacquemard","twitter_card":"summary_large_image","twitter_title":"\u00c9milien Jacquelin : \"Je me rappelle en avoir fait des dessins de Rapha\u00ebl Poir\u00e9e\"","twitter_creator":"@https:\/\/twitter.com\/Nico_Jacquemard","twitter_site":"@dicodusport","schema":{"@context":"https:\/\/schema.org","@graph":[{"@type":"NewsArticle","@id":"https:\/\/dicodusport.fr\/blog\/emilien-jacquelin-je-me-rappelle-en-avoir-fait-des-dessins-de-raphael-poiree\/#article","isPartOf":{"@id":"https:\/\/dicodusport.fr\/blog\/emilien-jacquelin-je-me-rappelle-en-avoir-fait-des-dessins-de-raphael-poiree\/"},"author":{"name":"Nicolas Jacquemard","@id":"https:\/\/dicodusport.fr\/blog\/#\/schema\/person\/55dcb50ad410894e431ed812bbb70191"},"headline":"\u00c9milien Jacquelin : \u00ab\u00a0Je me rappelle en avoir fait des dessins de Rapha\u00ebl Poir\u00e9e\u00a0\u00bb","datePublished":"2022-01-06T18:13:07+00:00","dateModified":"2022-01-06T19:01:31+00:00","mainEntityOfPage":{"@id":"https:\/\/dicodusport.fr\/blog\/emilien-jacquelin-je-me-rappelle-en-avoir-fait-des-dessins-de-raphael-poiree\/"},"wordCount":205,"commentCount":0,"publisher":{"@id":"https:\/\/dicodusport.fr\/blog\/#organization"},"image":{"@id":"https:\/\/dicodusport.fr\/blog\/emilien-jacquelin-je-me-rappelle-en-avoir-fait-des-dessins-de-raphael-poiree\/#primaryimage"},"thumbnailUrl":"https:\/\/dicodusport.fr\/blog\/wp-content\/uploads\/2022\/01\/E\u0301milien-Jacquelin-Je-me-rappelle-en-avoir-fait-des-dessins-de-Raphael-Poire\u0301e.png","keywords":["Biathlon","Emilien Jacquelin","Jacquelin"],"articleSection":["Coupe du monde de biathlon"],"inLanguage":"fr-FR","potentialAction":[{"@type":"CommentAction","name":"Comment","target":["https:\/\/dicodusport.fr\/blog\/emilien-jacquelin-je-me-rappelle-en-avoir-fait-des-dessins-de-raphael-poiree\/#respond"]}],"copyrightYear":"2022","copyrightHolder":{"@id":"https:\/\/dicodusport.fr\/blog\/#organization"}},{"@type":"WebPage","@id":"https:\/\/dicodusport.fr\/blog\/emilien-jacquelin-je-me-rappelle-en-avoir-fait-des-dessins-de-raphael-poiree\/","url":"https:\/\/dicodusport.fr\/blog\/emilien-jacquelin-je-me-rappelle-en-avoir-fait-des-dessins-de-raphael-poiree\/","name":"\u00c9milien Jacquelin : \"Je me rappelle en avoir fait des dessins de Rapha\u00ebl Poir\u00e9e\"","isPartOf":{"@id":"https:\/\/dicodusport.fr\/blog\/#website"},"primaryImageOfPage":{"@id":"https:\/\/dicodusport.fr\/blog\/emilien-jacquelin-je-me-rappelle-en-avoir-fait-des-dessins-de-raphael-poiree\/#primaryimage"},"image":{"@id":"https:\/\/dicodusport.fr\/blog\/emilien-jacquelin-je-me-rappelle-en-avoir-fait-des-dessins-de-raphael-poiree\/#primaryimage"},"thumbnailUrl":"https:\/\/dicodusport.fr\/blog\/wp-content\/uploads\/2022\/01\/E\u0301milien-Jacquelin-Je-me-rappelle-en-avoir-fait-des-dessins-de-Raphael-Poire\u0301e.png","datePublished":"2022-01-06T18:13:07+00:00","dateModified":"2022-01-06T19:01:31+00:00","description":"BIATHLON - \u00c0 la veille de porter le dossard jaune pour la premi\u00e8re fois, \u00c9milien Jacquelin a publi\u00e9 un message sur ses r\u00e9seaux sociaux.\u00a0","breadcrumb":{"@id":"https:\/\/dicodusport.fr\/blog\/emilien-jacquelin-je-me-rappelle-en-avoir-fait-des-dessins-de-raphael-poiree\/#breadcrumb"},"inLanguage":"fr-FR","potentialAction":[{"@type":"ReadAction","target":["https:\/\/dicodusport.fr\/blog\/emilien-jacquelin-je-me-rappelle-en-avoir-fait-des-dessins-de-raphael-poiree\/"]}]},{"@type":"ImageObject","inLanguage":"fr-FR","@id":"https:\/\/dicodusport.fr\/blog\/emilien-jacquelin-je-me-rappelle-en-avoir-fait-des-dessins-de-raphael-poiree\/#primaryimage","url":"https:\/\/dicodusport.fr\/blog\/wp-content\/uploads\/2022\/01\/E\u0301milien-Jacquelin-Je-me-rappelle-en-avoir-fait-des-dessins-de-Raphael-Poire\u0301e.png","contentUrl":"https:\/\/dicodusport.fr\/blog\/wp-content\/uploads\/2022\/01\/E\u0301milien-Jacquelin-Je-me-rappelle-en-avoir-fait-des-dessins-de-Raphael-Poire\u0301e.png","width":800,"height":445},{"@type":"BreadcrumbList","@id":"https:\/\/dicodusport.fr\/blog\/emilien-jacquelin-je-me-rappelle-en-avoir-fait-des-dessins-de-raphael-poiree\/#breadcrumb","itemListElement":[{"@type":"ListItem","position":1,"name":"Accueil","item":"https:\/\/dicodusport.fr\/blog\/"},{"@type":"ListItem","position":2,"name":"\u00c9milien Jacquelin : \u00ab\u00a0Je me rappelle en avoir fait des dessins de Rapha\u00ebl Poir\u00e9e\u00a0\u00bb"}]},{"@type":"WebSite","@id":"https:\/\/dicodusport.fr\/blog\/#website","url":"https:\/\/dicodusport.fr\/blog\/","name":"Dicodusport","description":"L&#039;encyclop\u00e9die de l&#039;actualit\u00e9 sportive","publisher":{"@id":"https:\/\/dicodusport.fr\/blog\/#organization"},"potentialAction":[{"@type":"SearchAction","target":{"@type":"EntryPoint","urlTemplate":"https:\/\/dicodusport.fr\/blog\/?s={search_term_string}"},"query-input":{"@type":"PropertyValueSpecification","valueRequired":true,"valueName":"search_term_string"}}],"inLanguage":"fr-FR"},{"@type":"NewsMediaOrganization","@id":"https:\/\/dicodusport.fr\/blog\/#organization","name":"Dicodusport","url":"https:\/\/dicodusport.fr\/blog\/","logo":{"@type":"ImageObject","inLanguage":"fr-FR","@id":"https:\/\/dicodusport.fr\/blog\/#\/schema\/logo\/image\/","url":"https:\/\/dicodusport.fr\/blog\/wp-content\/uploads\/2020\/06\/cropped-LOGO-DICODUSPORT-2020-SANS-FOND-SANS-TEXTE.png","contentUrl":"https:\/\/dicodusport.fr\/blog\/wp-content\/uploads\/2020\/06\/cropped-LOGO-DICODUSPORT-2020-SANS-FOND-SANS-TEXTE.png","width":512,"height":512,"caption":"Dicodusport"},"image":{"@id":"https:\/\/dicodusport.fr\/blog\/#\/schema\/logo\/image\/"},"sameAs":["https:\/\/www.facebook.com\/dicodusport","https:\/\/x.com\/dicodusport","https:\/\/www.instagram.com\/dicodusport\/","https:\/\/www.youtube.com\/channel\/UC7V2KZ5sd3htJivAbA4ZG3w"],"description":"Dicodusport est l'encyclop\u00e9die de l'actualit\u00e9 sportive.","email":"bonjour@dicodusport.fr","legalName":"DICODUSPORT","foundingDate":"2018-01-14","vatID":"FR71834470973","taxID":"83447097300043","numberOfEmployees":{"@type":"QuantitativeValue","minValue":"1","maxValue":"10"}},{"@type":"Person","@id":"https:\/\/dicodusport.fr\/blog\/#\/schema\/person\/55dcb50ad410894e431ed812bbb70191","name":"Nicolas Jacquemard","image":{"@type":"ImageObject","inLanguage":"fr-FR","@id":"https:\/\/dicodusport.fr\/blog\/#\/schema\/person\/image\/","url":"https:\/\/dicodusport.fr\/blog\/wp-content\/uploads\/2021\/05\/Nicolas-Jacquemard-150x150.jpeg","contentUrl":"https:\/\/dicodusport.fr\/blog\/wp-content\/uploads\/2021\/05\/Nicolas-Jacquemard-150x150.jpeg","caption":"Nicolas Jacquemard"},"description":"Passionn\u00e9 de sport et entrepreneur depuis mes 18 ans, la cr\u00e9ation de Dicodusport m'a sembl\u00e9 \u00e9vidente pour participer \u00e0 la m\u00e9diatisation d'un plus grand nombre de sports. Le chemin est long mais avec une \u00e9quipe des plus motiv\u00e9es et les Jeux Olympiques de Paris 2024 en point de mire, nous y arriverons ! Journaliste dans le monde du sport depuis plus de 5 ans, je traite aussi bien de football, de rugby, de biathlon que de cyclisme.","sameAs":["https:\/\/www.facebook.com\/dicodusport","https:\/\/x.com\/https:\/\/twitter.com\/Nico_Jacquemard"],"url":"https:\/\/dicodusport.fr\/blog\/author\/dicodusport\/"}]}},"_links":{"self":[{"href":"https:\/\/dicodusport.fr\/blog\/wp-json\/wp\/v2\/posts\/189288","targetHints":{"allow":["GET"]}}],"collection":[{"href":"https:\/\/dicodusport.fr\/blog\/wp-json\/wp\/v2\/posts"}],"about":[{"href":"https:\/\/dicodusport.fr\/blog\/wp-json\/wp\/v2\/types\/post"}],"author":[{"embeddable":true,"href":"https:\/\/dicodusport.fr\/blog\/wp-json\/wp\/v2\/users\/1"}],"replies":[{"embeddable":true,"href":"https:\/\/dicodusport.fr\/blog\/wp-json\/wp\/v2\/comments?post=189288"}],"version-history":[{"count":0,"href":"https:\/\/dicodusport.fr\/blog\/wp-json\/wp\/v2\/posts\/189288\/revisions"}],"wp:featuredmedia":[{"embeddable":true,"href":"https:\/\/dicodusport.fr\/blog\/wp-json\/wp\/v2\/media\/189294"}],"wp:attachment":[{"href":"https:\/\/dicodusport.fr\/blog\/wp-json\/wp\/v2\/media?parent=189288"}],"wp:term":[{"taxonomy":"category","embeddable":true,"href":"https:\/\/dicodusport.fr\/blog\/wp-json\/wp\/v2\/categories?post=189288"},{"taxonomy":"post_tag","embeddable":true,"href":"https:\/\/dicodusport.fr\/blog\/wp-json\/wp\/v2\/tags?post=189288"}],"curies":[{"name":"wp","href":"https:\/\/api.w.org\/{rel}","templated":true}]}}