{"id":18957,"date":"2018-05-25T16:00:41","date_gmt":"2018-05-25T14:00:41","guid":{"rendered":"http:\/\/dicodusport.fr\/blog\/?p=18957"},"modified":"2018-05-25T15:47:59","modified_gmt":"2018-05-25T13:47:59","slug":"roland-garros-alexander-zverev-veut-devenir-le-roi","status":"publish","type":"post","link":"https:\/\/dicodusport.fr\/blog\/roland-garros-alexander-zverev-veut-devenir-le-roi\/","title":{"rendered":"Roland-Garros\u00a0:\u00a0Alexander Zverev veut devenir le roi"},"content":{"rendered":"<p style=\"text-align: justify;\"><em><strong>\u00c0 21 ans, l\u2019Allemand Alexander Zverev explose aux yeux du monde entier. Si son potentiel est existant depuis maintenant quelques temps, il est aujourd\u2019hui \u00e9vident que la t\u00eate de s\u00e9rie N\u00b02 \u00e0 Roland-Garros (avec la non-participation de Federer) est capable de concurrencer les meilleurs.<\/strong><\/em><\/p>\n<h4 style=\"text-align: justify;\">Concurrent principal de Nadal Porte d\u2019Auteuil\u00a0?<\/h4>\n<p style=\"text-align: justify;\">2 titres remport\u00e9s lors des 30 derniers jours sur terre battue, le premier \u00e0 Munich, le second \u00e0 Madrid pour le Masters 1000. Une d\u00e9faite en finale \u00e0 Rome, en ayant fait douter le roi de la terre battue, Rafael Nadal. Alexander Zverev arrive pour la quinzaine parisienne avec le plein confiance et surtout de la r\u00e9gularit\u00e9. Lui qui n\u2019a toujours pas d\u00e9pass\u00e9 les 8<sup>\u00e8mes <\/sup>de finale d\u2019un tournoi du Grand Chelem peut voir Roland-Garros comme un acc\u00e9l\u00e9rateur dans sa jeune mais d\u00e9j\u00e0 bien entam\u00e9e carri\u00e8re. Mais attention, il n\u2019a jamais battu Rafael Nadal sur terre, favori du tournoi parisien. Tous les espoirs sont permis pour celui qui incarne certainement la rel\u00e8ve du \u00ab\u00a0Big Four\u00a0\u00bb que l\u2019on attendait plus. Dominic Thiem, que Zverev a domin\u00e9 \u00e0 Madrid en finale, le consid\u00e8re m\u00eame comme le 3<sup>\u00e8me<\/sup> meilleur joueur du circuit derri\u00e8re Rafa et Federer. En t\u00eate de la Race (classement sur l\u2019ann\u00e9e civile), Zverev a vu son jeu \u00e9voluer et progresser. Nettement plus efficace sur son service et en revers, il est toujours autant performant en fond de court. Sur la finale perdue face \u00e0 Nadal \u00e0 Rome, le Majorquin a sembl\u00e9 souvent en difficult\u00e9 face au longiligne allemand. \u00c0 Roland, le natif d\u2019Hambourg va devoir assumer la pression et son statut de N\u00b03 mondial.<\/p>\n<div id=\"attachment_18959\" style=\"width: 727px\" class=\"wp-caption aligncenter\"><img loading=\"lazy\" decoding=\"async\" aria-describedby=\"caption-attachment-18959\" class=\" wp-image-18959\" src=\"http:\/\/dicodusport.fr\/blog\/wp-content\/uploads\/2018\/05\/Zverev-Terre.jpg\" alt=\"\" width=\"717\" height=\"478\" srcset=\"https:\/\/dicodusport.fr\/blog\/wp-content\/uploads\/2018\/05\/Zverev-Terre.jpg 960w, https:\/\/dicodusport.fr\/blog\/wp-content\/uploads\/2018\/05\/Zverev-Terre-300x200.jpg 300w, https:\/\/dicodusport.fr\/blog\/wp-content\/uploads\/2018\/05\/Zverev-Terre-768x512.jpg 768w\" sizes=\"auto, (max-width: 717px) 100vw, 717px\" \/><p id=\"caption-attachment-18959\" class=\"wp-caption-text\">AFP<\/p><\/div>\n<h4 style=\"text-align: justify;\">Un tableau coriace<\/h4>\n<p style=\"text-align: justify;\">Si tout le monde se projette d\u00e9j\u00e0 sur un potentiel quart contre Dominic Thiem, la route est sem\u00e9e d\u2019emb\u00fbches pour Zverev. Lui qui doit passer ce cap de confiance en Grand Chelem devrait croiser sur son chemin des \u00e9pouvantails sur terre comme Stan Wawrinka d\u00e8s le 3<sup>\u00e8me<\/sup> tour et pourquoi pas Kei Nishikori juste apr\u00e8s. C\u2019est en remportant ce genre de rencontres que l\u2019Allemand montrera aux yeux de tous le cap pass\u00e9, en s\u2019imaginant finaliste et dans l\u2019id\u00e9al en remportant son premier tournoi du Grand Chelem, Roland-Garros.<\/p>\n<div id=\"attachment_18958\" style=\"width: 670px\" class=\"wp-caption aligncenter\"><img loading=\"lazy\" decoding=\"async\" aria-describedby=\"caption-attachment-18958\" class=\"size-full wp-image-18958\" src=\"http:\/\/dicodusport.fr\/blog\/wp-content\/uploads\/2018\/05\/Zverev-thiem.jpeg\" alt=\"\" width=\"660\" height=\"371\" srcset=\"https:\/\/dicodusport.fr\/blog\/wp-content\/uploads\/2018\/05\/Zverev-thiem.jpeg 660w, https:\/\/dicodusport.fr\/blog\/wp-content\/uploads\/2018\/05\/Zverev-thiem-300x169.jpeg 300w\" sizes=\"auto, (max-width: 660px) 100vw, 660px\" \/><p id=\"caption-attachment-18958\" class=\"wp-caption-text\">Dominic Thiem (gauche) et Alexander Zverev (droite) outsiders pour la victoire finale \u00e0 Roland-Garros &#8211; AFP<\/p><\/div>\n<p><em><strong>Romain Delanis<br \/>\n<a href=\"https:\/\/twitter.com\/RDelanis\" target=\"_blank\" rel=\"noopener noreferrer\"><img loading=\"lazy\" decoding=\"async\" class=\"alignnone wp-image-2908\" src=\"http:\/\/dicodusport.fr\/blog\/wp-content\/uploads\/2017\/07\/logo-twitter-150x150.png\" alt=\"\" width=\"39\" height=\"39\" \/><\/a><\/strong><\/em><\/p>\n","protected":false},"excerpt":{"rendered":"<p>\u00c0 21 ans, l\u2019Allemand Alexander Zverev explose aux yeux du monde entier. Si son potentiel est existant depuis maintenant quelques temps, il est aujourd\u2019hui \u00e9videmment que la t\u00eate de s\u00e9rie N\u00b02 \u00e0 Roland-Garros (avec la non-participation de Federer) est capable de concurrencer les meilleurs.<\/p>\n","protected":false},"author":14,"featured_media":18992,"comment_status":"open","ping_status":"closed","sticky":false,"template":"","format":"standard","meta":{"_acf_changed":false,"_daextam_enable_autolinks":"","footnotes":""},"categories":[2,2302],"tags":[4371,3483,4947,429,3223,3923,136],"class_list":["post-18957","post","type-post","status-publish","format-standard","has-post-thumbnail","hentry","category-actualites","category-tennis","tag-alexander-zverev","tag-dominic-thiem","tag-kei-nishikori","tag-paris","tag-rafael-nadal","tag-stan-wawrinka","tag-tennis"],"acf":[],"yoast_head":"<!-- This site is optimized with the Yoast SEO Premium plugin v26.7 (Yoast SEO v26.7) - https:\/\/yoast.com\/wordpress\/plugins\/seo\/ -->\n<title>Roland-Garros\u00a0:\u00a0Alexander Zverev veut devenir le roi<\/title>\n<meta name=\"description\" content=\"\u00c0 21 ans, l\u2019Allemand Alexander Zverev explose aux yeux du monde entier. Si son potentiel est existant depuis maintenant quelques temps, il est aujourd\u2019hui \u00e9videmment que la t\u00eate de s\u00e9rie N\u00b02 \u00e0 Roland-Garros (avec la non-participation de Federer) est capable de concurrencer les meilleurs.\" \/>\n<meta name=\"robots\" content=\"index, follow, max-snippet:-1, max-image-preview:large, max-video-preview:-1\" \/>\n<link rel=\"canonical\" href=\"https:\/\/dicodusport.fr\/blog\/roland-garros-alexander-zverev-veut-devenir-le-roi\/\" \/>\n<meta property=\"og:locale\" content=\"fr_FR\" \/>\n<meta property=\"og:type\" content=\"article\" \/>\n<meta property=\"og:title\" content=\"Roland-Garros\u00a0:\u00a0Alexander Zverev veut devenir le roi\" \/>\n<meta property=\"og:description\" content=\"\u00c0 21 ans, l\u2019Allemand Alexander Zverev explose aux yeux du monde entier. Si son potentiel est existant depuis maintenant quelques temps, il est aujourd\u2019hui \u00e9videmment que la t\u00eate de s\u00e9rie N\u00b02 \u00e0 Roland-Garros (avec la non-participation de Federer) est capable de concurrencer les meilleurs.\" \/>\n<meta property=\"og:url\" content=\"https:\/\/dicodusport.fr\/blog\/roland-garros-alexander-zverev-veut-devenir-le-roi\/\" \/>\n<meta property=\"og:site_name\" content=\"Dicodusport\" \/>\n<meta property=\"article:publisher\" content=\"https:\/\/www.facebook.com\/dicodusport\" \/>\n<meta property=\"article:published_time\" content=\"2018-05-25T14:00:41+00:00\" \/>\n<meta property=\"og:image\" content=\"https:\/\/dicodusport.fr\/blog\/wp-content\/uploads\/2018\/05\/Alexander-Zverev-1.png\" \/>\n\t<meta property=\"og:image:width\" content=\"1200\" \/>\n\t<meta property=\"og:image:height\" content=\"670\" \/>\n\t<meta property=\"og:image:type\" content=\"image\/png\" \/>\n<meta name=\"author\" content=\"Romain Delanis\" \/>\n<meta name=\"twitter:card\" content=\"summary_large_image\" \/>\n<meta name=\"twitter:creator\" content=\"@https:\/\/twitter.com\/RDelanis\" \/>\n<meta name=\"twitter:site\" content=\"@dicodusport\" \/>\n<script type=\"application\/ld+json\" class=\"yoast-schema-graph\">{\"@context\":\"https:\/\/schema.org\",\"@graph\":[{\"@type\":\"NewsArticle\",\"@id\":\"https:\/\/dicodusport.fr\/blog\/roland-garros-alexander-zverev-veut-devenir-le-roi\/#article\",\"isPartOf\":{\"@id\":\"https:\/\/dicodusport.fr\/blog\/roland-garros-alexander-zverev-veut-devenir-le-roi\/\"},\"author\":{\"name\":\"Romain Delanis\",\"@id\":\"https:\/\/dicodusport.fr\/blog\/#\/schema\/person\/8c78730a59f8a1e617f7a19026ebc14a\"},\"headline\":\"Roland-Garros\u00a0:\u00a0Alexander Zverev veut devenir le roi\",\"datePublished\":\"2018-05-25T14:00:41+00:00\",\"mainEntityOfPage\":{\"@id\":\"https:\/\/dicodusport.fr\/blog\/roland-garros-alexander-zverev-veut-devenir-le-roi\/\"},\"wordCount\":417,\"commentCount\":0,\"publisher\":{\"@id\":\"https:\/\/dicodusport.fr\/blog\/#organization\"},\"image\":{\"@id\":\"https:\/\/dicodusport.fr\/blog\/roland-garros-alexander-zverev-veut-devenir-le-roi\/#primaryimage\"},\"thumbnailUrl\":\"https:\/\/dicodusport.fr\/blog\/wp-content\/uploads\/2018\/05\/Alexander-Zverev-1.png\",\"keywords\":[\"Alexander Zverev\",\"Dominic Thiem\",\"Kei Nishikori\",\"Paris\",\"Rafael Nadal\",\"Stan Wawrinka\",\"Tennis\"],\"articleSection\":[\"Actualit\u00e9s\",\"Tennis\"],\"inLanguage\":\"fr-FR\",\"potentialAction\":[{\"@type\":\"CommentAction\",\"name\":\"Comment\",\"target\":[\"https:\/\/dicodusport.fr\/blog\/roland-garros-alexander-zverev-veut-devenir-le-roi\/#respond\"]}],\"copyrightYear\":\"2018\",\"copyrightHolder\":{\"@id\":\"https:\/\/dicodusport.fr\/blog\/#organization\"}},{\"@type\":\"WebPage\",\"@id\":\"https:\/\/dicodusport.fr\/blog\/roland-garros-alexander-zverev-veut-devenir-le-roi\/\",\"url\":\"https:\/\/dicodusport.fr\/blog\/roland-garros-alexander-zverev-veut-devenir-le-roi\/\",\"name\":\"Roland-Garros\u00a0:\u00a0Alexander Zverev veut devenir le roi\",\"isPartOf\":{\"@id\":\"https:\/\/dicodusport.fr\/blog\/#website\"},\"primaryImageOfPage\":{\"@id\":\"https:\/\/dicodusport.fr\/blog\/roland-garros-alexander-zverev-veut-devenir-le-roi\/#primaryimage\"},\"image\":{\"@id\":\"https:\/\/dicodusport.fr\/blog\/roland-garros-alexander-zverev-veut-devenir-le-roi\/#primaryimage\"},\"thumbnailUrl\":\"https:\/\/dicodusport.fr\/blog\/wp-content\/uploads\/2018\/05\/Alexander-Zverev-1.png\",\"datePublished\":\"2018-05-25T14:00:41+00:00\",\"description\":\"\u00c0 21 ans, l\u2019Allemand Alexander Zverev explose aux yeux du monde entier. Si son potentiel est existant depuis maintenant quelques temps, il est aujourd\u2019hui \u00e9videmment que la t\u00eate de s\u00e9rie N\u00b02 \u00e0 Roland-Garros (avec la non-participation de Federer) est capable de concurrencer les meilleurs.\",\"breadcrumb\":{\"@id\":\"https:\/\/dicodusport.fr\/blog\/roland-garros-alexander-zverev-veut-devenir-le-roi\/#breadcrumb\"},\"inLanguage\":\"fr-FR\",\"potentialAction\":[{\"@type\":\"ReadAction\",\"target\":[\"https:\/\/dicodusport.fr\/blog\/roland-garros-alexander-zverev-veut-devenir-le-roi\/\"]}]},{\"@type\":\"ImageObject\",\"inLanguage\":\"fr-FR\",\"@id\":\"https:\/\/dicodusport.fr\/blog\/roland-garros-alexander-zverev-veut-devenir-le-roi\/#primaryimage\",\"url\":\"https:\/\/dicodusport.fr\/blog\/wp-content\/uploads\/2018\/05\/Alexander-Zverev-1.png\",\"contentUrl\":\"https:\/\/dicodusport.fr\/blog\/wp-content\/uploads\/2018\/05\/Alexander-Zverev-1.png\",\"width\":1200,\"height\":670,\"caption\":\"Alexander Zverev\"},{\"@type\":\"BreadcrumbList\",\"@id\":\"https:\/\/dicodusport.fr\/blog\/roland-garros-alexander-zverev-veut-devenir-le-roi\/#breadcrumb\",\"itemListElement\":[{\"@type\":\"ListItem\",\"position\":1,\"name\":\"Accueil\",\"item\":\"https:\/\/dicodusport.fr\/blog\/\"},{\"@type\":\"ListItem\",\"position\":2,\"name\":\"Roland-Garros\u00a0:\u00a0Alexander Zverev veut devenir le roi\"}]},{\"@type\":\"WebSite\",\"@id\":\"https:\/\/dicodusport.fr\/blog\/#website\",\"url\":\"https:\/\/dicodusport.fr\/blog\/\",\"name\":\"Dicodusport\",\"description\":\"L&#039;encyclop\u00e9die de l&#039;actualit\u00e9 sportive\",\"publisher\":{\"@id\":\"https:\/\/dicodusport.fr\/blog\/#organization\"},\"potentialAction\":[{\"@type\":\"SearchAction\",\"target\":{\"@type\":\"EntryPoint\",\"urlTemplate\":\"https:\/\/dicodusport.fr\/blog\/?s={search_term_string}\"},\"query-input\":{\"@type\":\"PropertyValueSpecification\",\"valueRequired\":true,\"valueName\":\"search_term_string\"}}],\"inLanguage\":\"fr-FR\"},{\"@type\":\"NewsMediaOrganization\",\"@id\":\"https:\/\/dicodusport.fr\/blog\/#organization\",\"name\":\"Dicodusport\",\"url\":\"https:\/\/dicodusport.fr\/blog\/\",\"logo\":{\"@type\":\"ImageObject\",\"inLanguage\":\"fr-FR\",\"@id\":\"https:\/\/dicodusport.fr\/blog\/#\/schema\/logo\/image\/\",\"url\":\"https:\/\/dicodusport.fr\/blog\/wp-content\/uploads\/2020\/06\/cropped-LOGO-DICODUSPORT-2020-SANS-FOND-SANS-TEXTE.png\",\"contentUrl\":\"https:\/\/dicodusport.fr\/blog\/wp-content\/uploads\/2020\/06\/cropped-LOGO-DICODUSPORT-2020-SANS-FOND-SANS-TEXTE.png\",\"width\":512,\"height\":512,\"caption\":\"Dicodusport\"},\"image\":{\"@id\":\"https:\/\/dicodusport.fr\/blog\/#\/schema\/logo\/image\/\"},\"sameAs\":[\"https:\/\/www.facebook.com\/dicodusport\",\"https:\/\/x.com\/dicodusport\",\"https:\/\/www.instagram.com\/dicodusport\/\",\"https:\/\/www.youtube.com\/channel\/UC7V2KZ5sd3htJivAbA4ZG3w\"],\"description\":\"Dicodusport est l'encyclop\u00e9die de l'actualit\u00e9 sportive.\",\"email\":\"bonjour@dicodusport.fr\",\"legalName\":\"DICODUSPORT\",\"foundingDate\":\"2018-01-14\",\"vatID\":\"FR71834470973\",\"taxID\":\"83447097300043\",\"numberOfEmployees\":{\"@type\":\"QuantitativeValue\",\"minValue\":\"1\",\"maxValue\":\"10\"}},{\"@type\":\"Person\",\"@id\":\"https:\/\/dicodusport.fr\/blog\/#\/schema\/person\/8c78730a59f8a1e617f7a19026ebc14a\",\"name\":\"Romain Delanis\",\"image\":{\"@type\":\"ImageObject\",\"inLanguage\":\"fr-FR\",\"@id\":\"https:\/\/dicodusport.fr\/blog\/#\/schema\/person\/image\/\",\"url\":\"https:\/\/dicodusport.fr\/blog\/wp-content\/uploads\/2021\/05\/Romain-Delanis-150x150.jpg\",\"contentUrl\":\"https:\/\/dicodusport.fr\/blog\/wp-content\/uploads\/2021\/05\/Romain-Delanis-150x150.jpg\",\"caption\":\"Romain Delanis\"},\"description\":\"Journaliste\/R\u00e9dacteur depuis novembre 2015 - Capable de passer un samedi apr\u00e8s-midi devant la Ligue 2 puis le biathlon sans oublier la finale de l\u2019ATP Rotterdam, j\u2019aime aussi mettre mon r\u00e9veil pour me faire un Pistons\/Bulls qui rappelle de bons souvenirs. Tout cela, j\u2019ai choisi il y a maintenant quelques temps de vous le raconter avec Dicodusport, pour vous faire vivre ma passion parfois inconsid\u00e9r\u00e9e pour le sport en g\u00e9n\u00e9ral (mais surtout le foot faut se l\u2019avouer).\",\"sameAs\":[\"https:\/\/x.com\/https:\/\/twitter.com\/RDelanis\"],\"url\":\"https:\/\/dicodusport.fr\/blog\/author\/romain\/\"}]}<\/script>\n<!-- \/ Yoast SEO Premium plugin. -->","yoast_head_json":{"title":"Roland-Garros\u00a0:\u00a0Alexander Zverev veut devenir le roi","description":"\u00c0 21 ans, l\u2019Allemand Alexander Zverev explose aux yeux du monde entier. Si son potentiel est existant depuis maintenant quelques temps, il est aujourd\u2019hui \u00e9videmment que la t\u00eate de s\u00e9rie N\u00b02 \u00e0 Roland-Garros (avec la non-participation de Federer) est capable de concurrencer les meilleurs.","robots":{"index":"index","follow":"follow","max-snippet":"max-snippet:-1","max-image-preview":"max-image-preview:large","max-video-preview":"max-video-preview:-1"},"canonical":"https:\/\/dicodusport.fr\/blog\/roland-garros-alexander-zverev-veut-devenir-le-roi\/","og_locale":"fr_FR","og_type":"article","og_title":"Roland-Garros\u00a0:\u00a0Alexander Zverev veut devenir le roi","og_description":"\u00c0 21 ans, l\u2019Allemand Alexander Zverev explose aux yeux du monde entier. Si son potentiel est existant depuis maintenant quelques temps, il est aujourd\u2019hui \u00e9videmment que la t\u00eate de s\u00e9rie N\u00b02 \u00e0 Roland-Garros (avec la non-participation de Federer) est capable de concurrencer les meilleurs.","og_url":"https:\/\/dicodusport.fr\/blog\/roland-garros-alexander-zverev-veut-devenir-le-roi\/","og_site_name":"Dicodusport","article_publisher":"https:\/\/www.facebook.com\/dicodusport","article_published_time":"2018-05-25T14:00:41+00:00","og_image":[{"width":1200,"height":670,"url":"https:\/\/dicodusport.fr\/blog\/wp-content\/uploads\/2018\/05\/Alexander-Zverev-1.png","type":"image\/png"}],"author":"Romain Delanis","twitter_card":"summary_large_image","twitter_creator":"@https:\/\/twitter.com\/RDelanis","twitter_site":"@dicodusport","schema":{"@context":"https:\/\/schema.org","@graph":[{"@type":"NewsArticle","@id":"https:\/\/dicodusport.fr\/blog\/roland-garros-alexander-zverev-veut-devenir-le-roi\/#article","isPartOf":{"@id":"https:\/\/dicodusport.fr\/blog\/roland-garros-alexander-zverev-veut-devenir-le-roi\/"},"author":{"name":"Romain Delanis","@id":"https:\/\/dicodusport.fr\/blog\/#\/schema\/person\/8c78730a59f8a1e617f7a19026ebc14a"},"headline":"Roland-Garros\u00a0:\u00a0Alexander Zverev veut devenir le roi","datePublished":"2018-05-25T14:00:41+00:00","mainEntityOfPage":{"@id":"https:\/\/dicodusport.fr\/blog\/roland-garros-alexander-zverev-veut-devenir-le-roi\/"},"wordCount":417,"commentCount":0,"publisher":{"@id":"https:\/\/dicodusport.fr\/blog\/#organization"},"image":{"@id":"https:\/\/dicodusport.fr\/blog\/roland-garros-alexander-zverev-veut-devenir-le-roi\/#primaryimage"},"thumbnailUrl":"https:\/\/dicodusport.fr\/blog\/wp-content\/uploads\/2018\/05\/Alexander-Zverev-1.png","keywords":["Alexander Zverev","Dominic Thiem","Kei Nishikori","Paris","Rafael Nadal","Stan Wawrinka","Tennis"],"articleSection":["Actualit\u00e9s","Tennis"],"inLanguage":"fr-FR","potentialAction":[{"@type":"CommentAction","name":"Comment","target":["https:\/\/dicodusport.fr\/blog\/roland-garros-alexander-zverev-veut-devenir-le-roi\/#respond"]}],"copyrightYear":"2018","copyrightHolder":{"@id":"https:\/\/dicodusport.fr\/blog\/#organization"}},{"@type":"WebPage","@id":"https:\/\/dicodusport.fr\/blog\/roland-garros-alexander-zverev-veut-devenir-le-roi\/","url":"https:\/\/dicodusport.fr\/blog\/roland-garros-alexander-zverev-veut-devenir-le-roi\/","name":"Roland-Garros\u00a0:\u00a0Alexander Zverev veut devenir le roi","isPartOf":{"@id":"https:\/\/dicodusport.fr\/blog\/#website"},"primaryImageOfPage":{"@id":"https:\/\/dicodusport.fr\/blog\/roland-garros-alexander-zverev-veut-devenir-le-roi\/#primaryimage"},"image":{"@id":"https:\/\/dicodusport.fr\/blog\/roland-garros-alexander-zverev-veut-devenir-le-roi\/#primaryimage"},"thumbnailUrl":"https:\/\/dicodusport.fr\/blog\/wp-content\/uploads\/2018\/05\/Alexander-Zverev-1.png","datePublished":"2018-05-25T14:00:41+00:00","description":"\u00c0 21 ans, l\u2019Allemand Alexander Zverev explose aux yeux du monde entier. Si son potentiel est existant depuis maintenant quelques temps, il est aujourd\u2019hui \u00e9videmment que la t\u00eate de s\u00e9rie N\u00b02 \u00e0 Roland-Garros (avec la non-participation de Federer) est capable de concurrencer les meilleurs.","breadcrumb":{"@id":"https:\/\/dicodusport.fr\/blog\/roland-garros-alexander-zverev-veut-devenir-le-roi\/#breadcrumb"},"inLanguage":"fr-FR","potentialAction":[{"@type":"ReadAction","target":["https:\/\/dicodusport.fr\/blog\/roland-garros-alexander-zverev-veut-devenir-le-roi\/"]}]},{"@type":"ImageObject","inLanguage":"fr-FR","@id":"https:\/\/dicodusport.fr\/blog\/roland-garros-alexander-zverev-veut-devenir-le-roi\/#primaryimage","url":"https:\/\/dicodusport.fr\/blog\/wp-content\/uploads\/2018\/05\/Alexander-Zverev-1.png","contentUrl":"https:\/\/dicodusport.fr\/blog\/wp-content\/uploads\/2018\/05\/Alexander-Zverev-1.png","width":1200,"height":670,"caption":"Alexander Zverev"},{"@type":"BreadcrumbList","@id":"https:\/\/dicodusport.fr\/blog\/roland-garros-alexander-zverev-veut-devenir-le-roi\/#breadcrumb","itemListElement":[{"@type":"ListItem","position":1,"name":"Accueil","item":"https:\/\/dicodusport.fr\/blog\/"},{"@type":"ListItem","position":2,"name":"Roland-Garros\u00a0:\u00a0Alexander Zverev veut devenir le roi"}]},{"@type":"WebSite","@id":"https:\/\/dicodusport.fr\/blog\/#website","url":"https:\/\/dicodusport.fr\/blog\/","name":"Dicodusport","description":"L&#039;encyclop\u00e9die de l&#039;actualit\u00e9 sportive","publisher":{"@id":"https:\/\/dicodusport.fr\/blog\/#organization"},"potentialAction":[{"@type":"SearchAction","target":{"@type":"EntryPoint","urlTemplate":"https:\/\/dicodusport.fr\/blog\/?s={search_term_string}"},"query-input":{"@type":"PropertyValueSpecification","valueRequired":true,"valueName":"search_term_string"}}],"inLanguage":"fr-FR"},{"@type":"NewsMediaOrganization","@id":"https:\/\/dicodusport.fr\/blog\/#organization","name":"Dicodusport","url":"https:\/\/dicodusport.fr\/blog\/","logo":{"@type":"ImageObject","inLanguage":"fr-FR","@id":"https:\/\/dicodusport.fr\/blog\/#\/schema\/logo\/image\/","url":"https:\/\/dicodusport.fr\/blog\/wp-content\/uploads\/2020\/06\/cropped-LOGO-DICODUSPORT-2020-SANS-FOND-SANS-TEXTE.png","contentUrl":"https:\/\/dicodusport.fr\/blog\/wp-content\/uploads\/2020\/06\/cropped-LOGO-DICODUSPORT-2020-SANS-FOND-SANS-TEXTE.png","width":512,"height":512,"caption":"Dicodusport"},"image":{"@id":"https:\/\/dicodusport.fr\/blog\/#\/schema\/logo\/image\/"},"sameAs":["https:\/\/www.facebook.com\/dicodusport","https:\/\/x.com\/dicodusport","https:\/\/www.instagram.com\/dicodusport\/","https:\/\/www.youtube.com\/channel\/UC7V2KZ5sd3htJivAbA4ZG3w"],"description":"Dicodusport est l'encyclop\u00e9die de l'actualit\u00e9 sportive.","email":"bonjour@dicodusport.fr","legalName":"DICODUSPORT","foundingDate":"2018-01-14","vatID":"FR71834470973","taxID":"83447097300043","numberOfEmployees":{"@type":"QuantitativeValue","minValue":"1","maxValue":"10"}},{"@type":"Person","@id":"https:\/\/dicodusport.fr\/blog\/#\/schema\/person\/8c78730a59f8a1e617f7a19026ebc14a","name":"Romain Delanis","image":{"@type":"ImageObject","inLanguage":"fr-FR","@id":"https:\/\/dicodusport.fr\/blog\/#\/schema\/person\/image\/","url":"https:\/\/dicodusport.fr\/blog\/wp-content\/uploads\/2021\/05\/Romain-Delanis-150x150.jpg","contentUrl":"https:\/\/dicodusport.fr\/blog\/wp-content\/uploads\/2021\/05\/Romain-Delanis-150x150.jpg","caption":"Romain Delanis"},"description":"Journaliste\/R\u00e9dacteur depuis novembre 2015 - Capable de passer un samedi apr\u00e8s-midi devant la Ligue 2 puis le biathlon sans oublier la finale de l\u2019ATP Rotterdam, j\u2019aime aussi mettre mon r\u00e9veil pour me faire un Pistons\/Bulls qui rappelle de bons souvenirs. Tout cela, j\u2019ai choisi il y a maintenant quelques temps de vous le raconter avec Dicodusport, pour vous faire vivre ma passion parfois inconsid\u00e9r\u00e9e pour le sport en g\u00e9n\u00e9ral (mais surtout le foot faut se l\u2019avouer).","sameAs":["https:\/\/x.com\/https:\/\/twitter.com\/RDelanis"],"url":"https:\/\/dicodusport.fr\/blog\/author\/romain\/"}]}},"_links":{"self":[{"href":"https:\/\/dicodusport.fr\/blog\/wp-json\/wp\/v2\/posts\/18957","targetHints":{"allow":["GET"]}}],"collection":[{"href":"https:\/\/dicodusport.fr\/blog\/wp-json\/wp\/v2\/posts"}],"about":[{"href":"https:\/\/dicodusport.fr\/blog\/wp-json\/wp\/v2\/types\/post"}],"author":[{"embeddable":true,"href":"https:\/\/dicodusport.fr\/blog\/wp-json\/wp\/v2\/users\/14"}],"replies":[{"embeddable":true,"href":"https:\/\/dicodusport.fr\/blog\/wp-json\/wp\/v2\/comments?post=18957"}],"version-history":[{"count":0,"href":"https:\/\/dicodusport.fr\/blog\/wp-json\/wp\/v2\/posts\/18957\/revisions"}],"wp:featuredmedia":[{"embeddable":true,"href":"https:\/\/dicodusport.fr\/blog\/wp-json\/wp\/v2\/media\/18992"}],"wp:attachment":[{"href":"https:\/\/dicodusport.fr\/blog\/wp-json\/wp\/v2\/media?parent=18957"}],"wp:term":[{"taxonomy":"category","embeddable":true,"href":"https:\/\/dicodusport.fr\/blog\/wp-json\/wp\/v2\/categories?post=18957"},{"taxonomy":"post_tag","embeddable":true,"href":"https:\/\/dicodusport.fr\/blog\/wp-json\/wp\/v2\/tags?post=18957"}],"curies":[{"name":"wp","href":"https:\/\/api.w.org\/{rel}","templated":true}]}}