{"id":189677,"date":"2022-01-08T13:51:16","date_gmt":"2022-01-08T12:51:16","guid":{"rendered":"https:\/\/dicodusport.fr\/blog\/?p=189677"},"modified":"2022-01-08T20:23:57","modified_gmt":"2022-01-08T19:23:57","slug":"relais-mixte-oberhof-la-norvege-l-emporte-la-france-troisieme","status":"publish","type":"post","link":"https:\/\/dicodusport.fr\/blog\/relais-mixte-oberhof-la-norvege-l-emporte-la-france-troisieme\/","title":{"rendered":"Relais mixte d&rsquo;Oberhof : La Norv\u00e8ge l&#8217;emporte, la France troisi\u00e8me"},"content":{"rendered":"<p style=\"text-align: justify;\"><strong><em>COUPE DU MONDE DE BIATHLON D&rsquo;OBERHOF &#8211; RELAIS MIXTE &#8211; Pour ce premier relais mixte de la saison, l&rsquo;\u00e9quipe de France alignait une \u00e9quipe tr\u00e8s remani\u00e9e. Laiss\u00e9s au repos, Jacquelin et Fillon Maillet ont vu leurs co\u00e9quipiers prendre la troisi\u00e8me place au bout du suspense. La Norv\u00e8ge, championne du monde en titre, s&rsquo;est impos\u00e9e.<\/em><\/strong><\/p>\n<h2 style=\"text-align: justify;\">Guigonnat se rassure<\/h2>\n<p style=\"text-align: justify;\">Une fois n&rsquo;est pas coutume, ce sont les hommes qui ont d\u00e9but\u00e9 le relais mixte. Pour la France, c&rsquo;est <strong>Antonin Guigonnat<\/strong> qui avait la charge de lancer les Bleus. Apr\u00e8s \u00eatre pass\u00e9 au travers du sprint hier avec un petit 4\/10, il s&rsquo;en est cette fois tr\u00e8s bien sorti avec une seule pioche. Ressorti du dernier tir \u00e0 18 secondes de la Norv\u00e8ge et <strong>Tarjei Boe<\/strong>, il passe le relais \u00e0 <strong>Simon Desthieux<\/strong> en 6\u00e8me position, apr\u00e8s avoir l\u00e9g\u00e8rement craqu\u00e9 sur les skis dans le dernier tour. A noter que d\u00e8s ce premier relais, Sebastian Samuelsson est all\u00e9 tourner par deux fois sur l&rsquo;anneau de p\u00e9nalit\u00e9, mettant la Su\u00e8de hors jeu pour la gagne.<\/p>\n<h2>Desthieux en difficult\u00e9<\/h2>\n<p style=\"text-align: justify;\">Pour <strong>Simon Desthieux<\/strong>, l&rsquo;affaire s&rsquo;est compliqu\u00e9e d\u00e8s le tir couch\u00e9. Auteur de deux pioches, il est ressorti du premier tir \u00e0 plus d&rsquo;une minute de <strong>Johannes Boe<\/strong>. Le petit fr\u00e8re de Tarjei avait d\u00e9cid\u00e9 d&rsquo;acc\u00e9l\u00e9rer et malgr\u00e9 deux pioches, il a permis de donner une belle avance aux Norv\u00e9giennes. Au debout, <strong>Simon Desthieux<\/strong> r\u00e8gle la mire avec un 5\/5 mais perd du temps sur la piste en donnant le relais \u00e0 <strong>Ana\u00efs Bescond<\/strong> \u00e0 plus d&rsquo;une minute et vingt secondes. Passage de relais entre les deux seuls biathl\u00e8tes encore pr\u00e9sents depuis le titre olympique acquis en 2018. La Bi\u00e9lorussie et l&rsquo;Allemagne sont \u00e0 ce moment sur le podium provisoire.<\/p>\n<h2 style=\"text-align: justify;\">Bescond dans le coup<\/h2>\n<p style=\"text-align: justify;\">\u00c0 une trentaine de seconde du podium avant le tir couch\u00e9, la France avait encore une petite chance de monter sur la bo\u00eete. Derri\u00e8re Tandrevold et Alimbekava, c&rsquo;est la Russie de Kazakevich qui s&rsquo;en sort le mieux contre Wierer et Voigt. Pour <strong>Ana\u00efs Bescond<\/strong>, deux pioches suppl\u00e9mentaires viennent freiner la progression des bleus. Ultra solides sur le tir debout, les deux premi\u00e8res gardent largement la t\u00eate de la course avec une pioche chacune. Derri\u00e8re, tout se resserre ! La Russie, l&rsquo;Allemagne, l&rsquo;Italie, la R\u00e9publique Tch\u00e8que et la France se tiennent en une poign\u00e9e de secondes pour la troisi\u00e8me place. Au passage de relais, <strong>Ingrid Tandrevold<\/strong> donne 25 secondes d&rsquo;avance \u00e0 <strong>Marte Olsbu Roeiseland<\/strong> devant Hanna Sola. La France est 7\u00e8me \u00e0 6 secondes du podium.<\/p>\n<h2 style=\"text-align: justify;\">Simon offre le podium<\/h2>\n<p style=\"text-align: justify;\">Tr\u00e8s en forme sur les skis, signant un troisi\u00e8me podium cons\u00e9cutif ce vendredi sur le sprint, <strong>Julia Simon<\/strong> avait fort \u00e0 faire. D\u00e8s le tir couch\u00e9, elle se complique la t\u00e2che en utilisant ses trois pioches. Pendant ce temps-l\u00e0, loin devant, la Bi\u00e9lorussie \u00e9tait revenue sur la Norv\u00e8ge, mais c&rsquo;est bien Roeiseland qui donne la victoire aux Scandinaves gr\u00e2ce \u00e0 un dernier sans-faute. Arriv\u00e9e en troisi\u00e8me place au tir debout, <strong>Julia Simon<\/strong> s&rsquo;est mise en danger avec deux pioches de plus, mais son tir rapide lui permet de ressortir sur le podium provisoire. Loin en d\u00e9but de course, la Su\u00e8de, avec 3 tours de p\u00e9nalit\u00e9, est au pied du podium. Pourtant rapide \u00e0 ski, <strong>Elvira Oeberg<\/strong> n&rsquo;aura rien pu faire contre <strong>Julia Simon<\/strong> qui offre un nouveau podium \u00e0 la France avec 11 pioches.<\/p>\n<blockquote class=\"twitter-tweet\">\n<p dir=\"ltr\" lang=\"fr\">Le podium de ce premier relais mixte<\/p>\n<p>1&#xfe0f;&#x20e3; &#x1f1f3;&#x1f1f4; Norv\u00e8ge<br \/>\n2&#xfe0f;&#x20e3; &#x1f1e7;&#x1f1fe; Bi\u00e9lorussie<br \/>\n3&#xfe0f;&#x20e3; &#x1f1eb;&#x1f1f7; France<\/p>\n<p>Magnifique dernier tour de Julia Simon, en tr\u00e8s grande forme en Allemagne ce week-end <a href=\"https:\/\/twitter.com\/hashtag\/lequipeBIATHLON?src=hash&amp;ref_src=twsrc%5Etfw\">#lequipeBIATHLON<\/a> <a href=\"https:\/\/t.co\/vH0OQiPrkm\">pic.twitter.com\/vH0OQiPrkm<\/a><\/p>\n<p>\u2014 la chaine L&rsquo;\u00c9quipe (@lachainelequipe) <a href=\"https:\/\/twitter.com\/lachainelequipe\/status\/1479797931800772615?ref_src=twsrc%5Etfw\">January 8, 2022<\/a><\/p><\/blockquote>\n<p><script async src=\"https:\/\/platform.twitter.com\/widgets.js\" charset=\"utf-8\"><\/script><\/p>\n<h2 style=\"text-align: justify;\"><strong>\u00c0 lire aussi<\/strong><\/h2>\n<ul>\n<li style=\"text-align: justify;\"><a href=\"https:\/\/dicodusport.fr\/blog\/biathlon-oberhof-2022-classement-relais-mixte\/\"><strong>Le classement du relais mixte d&rsquo;Oberhof<\/strong><\/a><\/li>\n<\/ul>\n","protected":false},"excerpt":{"rendered":"<p>COUPE DU MONDE DE BIATHLON D&rsquo;OBERHOF &#8211; RELAIS MIXTE &#8211; Pour ce premier relais mixte de la saison, l&rsquo;\u00e9quipe de France alignait une \u00e9quipe tr\u00e8s remani\u00e9e. Laiss\u00e9s au repos, Jacquelin et Fillon Maillet ont vu leurs co\u00e9quipiers prendre la troisi\u00e8me place au bout du suspense. La Norv\u00e8ge, championne du monde en titre, s&rsquo;est impos\u00e9e.<\/p>\n","protected":false},"author":43,"featured_media":189718,"comment_status":"open","ping_status":"closed","sticky":false,"template":"","format":"standard","meta":{"_acf_changed":false,"_daextam_enable_autolinks":"","footnotes":""},"categories":[47040],"tags":[2427,13159,13478],"class_list":["post-189677","post","type-post","status-publish","format-standard","has-post-thumbnail","hentry","category-coupe-du-monde-de-biathlon","tag-biathlon","tag-biathlon-oberhof","tag-relais-mixte-oberhof"],"acf":[],"yoast_head":"<!-- This site is optimized with the Yoast SEO Premium plugin v26.7 (Yoast SEO v26.7) - https:\/\/yoast.com\/wordpress\/plugins\/seo\/ -->\n<title>Relais mixte d&#039;Oberhof : La Norv\u00e8ge l&#039;emporte, la France troisi\u00e8me<\/title>\n<meta name=\"description\" content=\"COUPE DU MONDE DE BIATHLON D&#039;OBERHOF - RELAIS MIXTE - La France a pris la troisi\u00e8me place du relais mixte, \u00e0 Oberhof.\" \/>\n<meta name=\"robots\" content=\"index, follow, max-snippet:-1, max-image-preview:large, max-video-preview:-1\" \/>\n<link rel=\"canonical\" href=\"https:\/\/dicodusport.fr\/blog\/relais-mixte-oberhof-la-norvege-l-emporte-la-france-troisieme\/\" \/>\n<meta property=\"og:locale\" content=\"fr_FR\" \/>\n<meta property=\"og:type\" content=\"article\" \/>\n<meta property=\"og:title\" content=\"Relais mixte d&#039;Oberhof : La Norv\u00e8ge l&#039;emporte, la France troisi\u00e8me\" \/>\n<meta property=\"og:description\" content=\"COUPE DU MONDE DE BIATHLON D&#039;OBERHOF - RELAIS MIXTE - La France a pris la troisi\u00e8me place du relais mixte, \u00e0 Oberhof.\" \/>\n<meta property=\"og:url\" content=\"https:\/\/dicodusport.fr\/blog\/relais-mixte-oberhof-la-norvege-l-emporte-la-france-troisieme\/\" \/>\n<meta property=\"og:site_name\" content=\"Dicodusport\" \/>\n<meta property=\"article:publisher\" content=\"https:\/\/www.facebook.com\/dicodusport\" \/>\n<meta property=\"article:author\" content=\"https:\/\/www.facebook.com\/Max.Bld2\/\" \/>\n<meta property=\"article:published_time\" content=\"2022-01-08T12:51:16+00:00\" \/>\n<meta property=\"article:modified_time\" content=\"2022-01-08T19:23:57+00:00\" \/>\n<meta property=\"og:image\" content=\"https:\/\/dicodusport.fr\/blog\/wp-content\/uploads\/2022\/01\/Relais-mixte-dOberhof-La-Norvege-lemporte-la-France-troisieme.png\" \/>\n\t<meta property=\"og:image:width\" content=\"800\" \/>\n\t<meta property=\"og:image:height\" content=\"445\" \/>\n\t<meta property=\"og:image:type\" content=\"image\/png\" \/>\n<meta name=\"author\" content=\"Maxime Boulard\" \/>\n<meta name=\"twitter:card\" content=\"summary_large_image\" \/>\n<meta name=\"twitter:title\" content=\"Relais mixte d&#039;Oberhof : La Norv\u00e8ge l&#039;emporte, la France troisi\u00e8me\" \/>\n<meta name=\"twitter:creator\" content=\"@https:\/\/twitter.com\/MaximeB_2\" \/>\n<meta name=\"twitter:site\" content=\"@dicodusport\" \/>\n<script type=\"application\/ld+json\" class=\"yoast-schema-graph\">{\"@context\":\"https:\/\/schema.org\",\"@graph\":[{\"@type\":\"NewsArticle\",\"@id\":\"https:\/\/dicodusport.fr\/blog\/relais-mixte-oberhof-la-norvege-l-emporte-la-france-troisieme\/#article\",\"isPartOf\":{\"@id\":\"https:\/\/dicodusport.fr\/blog\/relais-mixte-oberhof-la-norvege-l-emporte-la-france-troisieme\/\"},\"author\":{\"name\":\"Maxime Boulard\",\"@id\":\"https:\/\/dicodusport.fr\/blog\/#\/schema\/person\/5aab10ee856e86ac63e9819a9da34784\"},\"headline\":\"Relais mixte d&rsquo;Oberhof : La Norv\u00e8ge l&#8217;emporte, la France troisi\u00e8me\",\"datePublished\":\"2022-01-08T12:51:16+00:00\",\"dateModified\":\"2022-01-08T19:23:57+00:00\",\"mainEntityOfPage\":{\"@id\":\"https:\/\/dicodusport.fr\/blog\/relais-mixte-oberhof-la-norvege-l-emporte-la-france-troisieme\/\"},\"wordCount\":693,\"commentCount\":0,\"publisher\":{\"@id\":\"https:\/\/dicodusport.fr\/blog\/#organization\"},\"image\":{\"@id\":\"https:\/\/dicodusport.fr\/blog\/relais-mixte-oberhof-la-norvege-l-emporte-la-france-troisieme\/#primaryimage\"},\"thumbnailUrl\":\"https:\/\/dicodusport.fr\/blog\/wp-content\/uploads\/2022\/01\/Relais-mixte-dOberhof-La-Norvege-lemporte-la-France-troisieme.png\",\"keywords\":[\"Biathlon\",\"Biathlon Oberhof\",\"Relais mixte Oberhof\"],\"articleSection\":[\"Coupe du monde de biathlon\"],\"inLanguage\":\"fr-FR\",\"potentialAction\":[{\"@type\":\"CommentAction\",\"name\":\"Comment\",\"target\":[\"https:\/\/dicodusport.fr\/blog\/relais-mixte-oberhof-la-norvege-l-emporte-la-france-troisieme\/#respond\"]}],\"copyrightYear\":\"2022\",\"copyrightHolder\":{\"@id\":\"https:\/\/dicodusport.fr\/blog\/#organization\"}},{\"@type\":\"WebPage\",\"@id\":\"https:\/\/dicodusport.fr\/blog\/relais-mixte-oberhof-la-norvege-l-emporte-la-france-troisieme\/\",\"url\":\"https:\/\/dicodusport.fr\/blog\/relais-mixte-oberhof-la-norvege-l-emporte-la-france-troisieme\/\",\"name\":\"Relais mixte d'Oberhof : La Norv\u00e8ge l'emporte, la France troisi\u00e8me\",\"isPartOf\":{\"@id\":\"https:\/\/dicodusport.fr\/blog\/#website\"},\"primaryImageOfPage\":{\"@id\":\"https:\/\/dicodusport.fr\/blog\/relais-mixte-oberhof-la-norvege-l-emporte-la-france-troisieme\/#primaryimage\"},\"image\":{\"@id\":\"https:\/\/dicodusport.fr\/blog\/relais-mixte-oberhof-la-norvege-l-emporte-la-france-troisieme\/#primaryimage\"},\"thumbnailUrl\":\"https:\/\/dicodusport.fr\/blog\/wp-content\/uploads\/2022\/01\/Relais-mixte-dOberhof-La-Norvege-lemporte-la-France-troisieme.png\",\"datePublished\":\"2022-01-08T12:51:16+00:00\",\"dateModified\":\"2022-01-08T19:23:57+00:00\",\"description\":\"COUPE DU MONDE DE BIATHLON D'OBERHOF - RELAIS MIXTE - La France a pris la troisi\u00e8me place du relais mixte, \u00e0 Oberhof.\",\"breadcrumb\":{\"@id\":\"https:\/\/dicodusport.fr\/blog\/relais-mixte-oberhof-la-norvege-l-emporte-la-france-troisieme\/#breadcrumb\"},\"inLanguage\":\"fr-FR\",\"potentialAction\":[{\"@type\":\"ReadAction\",\"target\":[\"https:\/\/dicodusport.fr\/blog\/relais-mixte-oberhof-la-norvege-l-emporte-la-france-troisieme\/\"]}]},{\"@type\":\"ImageObject\",\"inLanguage\":\"fr-FR\",\"@id\":\"https:\/\/dicodusport.fr\/blog\/relais-mixte-oberhof-la-norvege-l-emporte-la-france-troisieme\/#primaryimage\",\"url\":\"https:\/\/dicodusport.fr\/blog\/wp-content\/uploads\/2022\/01\/Relais-mixte-dOberhof-La-Norvege-lemporte-la-France-troisieme.png\",\"contentUrl\":\"https:\/\/dicodusport.fr\/blog\/wp-content\/uploads\/2022\/01\/Relais-mixte-dOberhof-La-Norvege-lemporte-la-France-troisieme.png\",\"width\":800,\"height\":445,\"caption\":\"Relais mixte d'Oberhof La Norv\u00e8ge l'emporte, la France troisi\u00e8me\"},{\"@type\":\"BreadcrumbList\",\"@id\":\"https:\/\/dicodusport.fr\/blog\/relais-mixte-oberhof-la-norvege-l-emporte-la-france-troisieme\/#breadcrumb\",\"itemListElement\":[{\"@type\":\"ListItem\",\"position\":1,\"name\":\"Accueil\",\"item\":\"https:\/\/dicodusport.fr\/blog\/\"},{\"@type\":\"ListItem\",\"position\":2,\"name\":\"Relais mixte d&rsquo;Oberhof : La Norv\u00e8ge l&#8217;emporte, la France troisi\u00e8me\"}]},{\"@type\":\"WebSite\",\"@id\":\"https:\/\/dicodusport.fr\/blog\/#website\",\"url\":\"https:\/\/dicodusport.fr\/blog\/\",\"name\":\"Dicodusport\",\"description\":\"L&#039;encyclop\u00e9die de l&#039;actualit\u00e9 sportive\",\"publisher\":{\"@id\":\"https:\/\/dicodusport.fr\/blog\/#organization\"},\"potentialAction\":[{\"@type\":\"SearchAction\",\"target\":{\"@type\":\"EntryPoint\",\"urlTemplate\":\"https:\/\/dicodusport.fr\/blog\/?s={search_term_string}\"},\"query-input\":{\"@type\":\"PropertyValueSpecification\",\"valueRequired\":true,\"valueName\":\"search_term_string\"}}],\"inLanguage\":\"fr-FR\"},{\"@type\":\"NewsMediaOrganization\",\"@id\":\"https:\/\/dicodusport.fr\/blog\/#organization\",\"name\":\"Dicodusport\",\"url\":\"https:\/\/dicodusport.fr\/blog\/\",\"logo\":{\"@type\":\"ImageObject\",\"inLanguage\":\"fr-FR\",\"@id\":\"https:\/\/dicodusport.fr\/blog\/#\/schema\/logo\/image\/\",\"url\":\"https:\/\/dicodusport.fr\/blog\/wp-content\/uploads\/2020\/06\/cropped-LOGO-DICODUSPORT-2020-SANS-FOND-SANS-TEXTE.png\",\"contentUrl\":\"https:\/\/dicodusport.fr\/blog\/wp-content\/uploads\/2020\/06\/cropped-LOGO-DICODUSPORT-2020-SANS-FOND-SANS-TEXTE.png\",\"width\":512,\"height\":512,\"caption\":\"Dicodusport\"},\"image\":{\"@id\":\"https:\/\/dicodusport.fr\/blog\/#\/schema\/logo\/image\/\"},\"sameAs\":[\"https:\/\/www.facebook.com\/dicodusport\",\"https:\/\/x.com\/dicodusport\",\"https:\/\/www.instagram.com\/dicodusport\/\",\"https:\/\/www.youtube.com\/channel\/UC7V2KZ5sd3htJivAbA4ZG3w\"],\"description\":\"Dicodusport est l'encyclop\u00e9die de l'actualit\u00e9 sportive.\",\"email\":\"bonjour@dicodusport.fr\",\"legalName\":\"DICODUSPORT\",\"foundingDate\":\"2018-01-14\",\"vatID\":\"FR71834470973\",\"taxID\":\"83447097300043\",\"numberOfEmployees\":{\"@type\":\"QuantitativeValue\",\"minValue\":\"1\",\"maxValue\":\"10\"}},{\"@type\":\"Person\",\"@id\":\"https:\/\/dicodusport.fr\/blog\/#\/schema\/person\/5aab10ee856e86ac63e9819a9da34784\",\"name\":\"Maxime Boulard\",\"image\":{\"@type\":\"ImageObject\",\"inLanguage\":\"fr-FR\",\"@id\":\"https:\/\/dicodusport.fr\/blog\/#\/schema\/person\/image\/\",\"url\":\"https:\/\/dicodusport.fr\/blog\/wp-content\/uploads\/2021\/05\/Maxime-Boulard-150x150.jpg\",\"contentUrl\":\"https:\/\/dicodusport.fr\/blog\/wp-content\/uploads\/2021\/05\/Maxime-Boulard-150x150.jpg\",\"caption\":\"Maxime Boulard\"},\"description\":\"Journaliste\/r\u00e9dacteur depuis octobre 2020 - Si mon plus vieux souvenir de sport aurait pu m'en d\u00e9go\u00fbter, la finale de la Coupe du monde 2006 a \u00e9t\u00e9 tout le contraire. V\u00e9ritable d\u00e9clencheur d'une passion qui aujourd'hui ne fait que grandir avec le temps, mon leitmotiv est la France qui brille ! Je relate les exploits pass\u00e9s et pr\u00e9sents du sport bleu-blanc-rouge sans m\u00e9nagement depuis octobre 2020. Sport valide ou handisport, aucune diff\u00e9rence, il n'y a que du sport et plusieurs fa\u00e7ons de le pratiquer.\",\"sameAs\":[\"https:\/\/www.facebook.com\/Max.Bld2\/\",\"https:\/\/x.com\/https:\/\/twitter.com\/MaximeB_2\"],\"url\":\"https:\/\/dicodusport.fr\/blog\/author\/maxime-b\/\"}]}<\/script>\n<!-- \/ Yoast SEO Premium plugin. -->","yoast_head_json":{"title":"Relais mixte d'Oberhof : La Norv\u00e8ge l'emporte, la France troisi\u00e8me","description":"COUPE DU MONDE DE BIATHLON D'OBERHOF - RELAIS MIXTE - La France a pris la troisi\u00e8me place du relais mixte, \u00e0 Oberhof.","robots":{"index":"index","follow":"follow","max-snippet":"max-snippet:-1","max-image-preview":"max-image-preview:large","max-video-preview":"max-video-preview:-1"},"canonical":"https:\/\/dicodusport.fr\/blog\/relais-mixte-oberhof-la-norvege-l-emporte-la-france-troisieme\/","og_locale":"fr_FR","og_type":"article","og_title":"Relais mixte d'Oberhof : La Norv\u00e8ge l'emporte, la France troisi\u00e8me","og_description":"COUPE DU MONDE DE BIATHLON D'OBERHOF - RELAIS MIXTE - La France a pris la troisi\u00e8me place du relais mixte, \u00e0 Oberhof.","og_url":"https:\/\/dicodusport.fr\/blog\/relais-mixte-oberhof-la-norvege-l-emporte-la-france-troisieme\/","og_site_name":"Dicodusport","article_publisher":"https:\/\/www.facebook.com\/dicodusport","article_author":"https:\/\/www.facebook.com\/Max.Bld2\/","article_published_time":"2022-01-08T12:51:16+00:00","article_modified_time":"2022-01-08T19:23:57+00:00","og_image":[{"width":800,"height":445,"url":"https:\/\/dicodusport.fr\/blog\/wp-content\/uploads\/2022\/01\/Relais-mixte-dOberhof-La-Norvege-lemporte-la-France-troisieme.png","type":"image\/png"}],"author":"Maxime Boulard","twitter_card":"summary_large_image","twitter_title":"Relais mixte d'Oberhof : La Norv\u00e8ge l'emporte, la France troisi\u00e8me","twitter_creator":"@https:\/\/twitter.com\/MaximeB_2","twitter_site":"@dicodusport","schema":{"@context":"https:\/\/schema.org","@graph":[{"@type":"NewsArticle","@id":"https:\/\/dicodusport.fr\/blog\/relais-mixte-oberhof-la-norvege-l-emporte-la-france-troisieme\/#article","isPartOf":{"@id":"https:\/\/dicodusport.fr\/blog\/relais-mixte-oberhof-la-norvege-l-emporte-la-france-troisieme\/"},"author":{"name":"Maxime Boulard","@id":"https:\/\/dicodusport.fr\/blog\/#\/schema\/person\/5aab10ee856e86ac63e9819a9da34784"},"headline":"Relais mixte d&rsquo;Oberhof : La Norv\u00e8ge l&#8217;emporte, la France troisi\u00e8me","datePublished":"2022-01-08T12:51:16+00:00","dateModified":"2022-01-08T19:23:57+00:00","mainEntityOfPage":{"@id":"https:\/\/dicodusport.fr\/blog\/relais-mixte-oberhof-la-norvege-l-emporte-la-france-troisieme\/"},"wordCount":693,"commentCount":0,"publisher":{"@id":"https:\/\/dicodusport.fr\/blog\/#organization"},"image":{"@id":"https:\/\/dicodusport.fr\/blog\/relais-mixte-oberhof-la-norvege-l-emporte-la-france-troisieme\/#primaryimage"},"thumbnailUrl":"https:\/\/dicodusport.fr\/blog\/wp-content\/uploads\/2022\/01\/Relais-mixte-dOberhof-La-Norvege-lemporte-la-France-troisieme.png","keywords":["Biathlon","Biathlon Oberhof","Relais mixte Oberhof"],"articleSection":["Coupe du monde de biathlon"],"inLanguage":"fr-FR","potentialAction":[{"@type":"CommentAction","name":"Comment","target":["https:\/\/dicodusport.fr\/blog\/relais-mixte-oberhof-la-norvege-l-emporte-la-france-troisieme\/#respond"]}],"copyrightYear":"2022","copyrightHolder":{"@id":"https:\/\/dicodusport.fr\/blog\/#organization"}},{"@type":"WebPage","@id":"https:\/\/dicodusport.fr\/blog\/relais-mixte-oberhof-la-norvege-l-emporte-la-france-troisieme\/","url":"https:\/\/dicodusport.fr\/blog\/relais-mixte-oberhof-la-norvege-l-emporte-la-france-troisieme\/","name":"Relais mixte d'Oberhof : La Norv\u00e8ge l'emporte, la France troisi\u00e8me","isPartOf":{"@id":"https:\/\/dicodusport.fr\/blog\/#website"},"primaryImageOfPage":{"@id":"https:\/\/dicodusport.fr\/blog\/relais-mixte-oberhof-la-norvege-l-emporte-la-france-troisieme\/#primaryimage"},"image":{"@id":"https:\/\/dicodusport.fr\/blog\/relais-mixte-oberhof-la-norvege-l-emporte-la-france-troisieme\/#primaryimage"},"thumbnailUrl":"https:\/\/dicodusport.fr\/blog\/wp-content\/uploads\/2022\/01\/Relais-mixte-dOberhof-La-Norvege-lemporte-la-France-troisieme.png","datePublished":"2022-01-08T12:51:16+00:00","dateModified":"2022-01-08T19:23:57+00:00","description":"COUPE DU MONDE DE BIATHLON D'OBERHOF - RELAIS MIXTE - La France a pris la troisi\u00e8me place du relais mixte, \u00e0 Oberhof.","breadcrumb":{"@id":"https:\/\/dicodusport.fr\/blog\/relais-mixte-oberhof-la-norvege-l-emporte-la-france-troisieme\/#breadcrumb"},"inLanguage":"fr-FR","potentialAction":[{"@type":"ReadAction","target":["https:\/\/dicodusport.fr\/blog\/relais-mixte-oberhof-la-norvege-l-emporte-la-france-troisieme\/"]}]},{"@type":"ImageObject","inLanguage":"fr-FR","@id":"https:\/\/dicodusport.fr\/blog\/relais-mixte-oberhof-la-norvege-l-emporte-la-france-troisieme\/#primaryimage","url":"https:\/\/dicodusport.fr\/blog\/wp-content\/uploads\/2022\/01\/Relais-mixte-dOberhof-La-Norvege-lemporte-la-France-troisieme.png","contentUrl":"https:\/\/dicodusport.fr\/blog\/wp-content\/uploads\/2022\/01\/Relais-mixte-dOberhof-La-Norvege-lemporte-la-France-troisieme.png","width":800,"height":445,"caption":"Relais mixte d'Oberhof La Norv\u00e8ge l'emporte, la France troisi\u00e8me"},{"@type":"BreadcrumbList","@id":"https:\/\/dicodusport.fr\/blog\/relais-mixte-oberhof-la-norvege-l-emporte-la-france-troisieme\/#breadcrumb","itemListElement":[{"@type":"ListItem","position":1,"name":"Accueil","item":"https:\/\/dicodusport.fr\/blog\/"},{"@type":"ListItem","position":2,"name":"Relais mixte d&rsquo;Oberhof : La Norv\u00e8ge l&#8217;emporte, la France troisi\u00e8me"}]},{"@type":"WebSite","@id":"https:\/\/dicodusport.fr\/blog\/#website","url":"https:\/\/dicodusport.fr\/blog\/","name":"Dicodusport","description":"L&#039;encyclop\u00e9die de l&#039;actualit\u00e9 sportive","publisher":{"@id":"https:\/\/dicodusport.fr\/blog\/#organization"},"potentialAction":[{"@type":"SearchAction","target":{"@type":"EntryPoint","urlTemplate":"https:\/\/dicodusport.fr\/blog\/?s={search_term_string}"},"query-input":{"@type":"PropertyValueSpecification","valueRequired":true,"valueName":"search_term_string"}}],"inLanguage":"fr-FR"},{"@type":"NewsMediaOrganization","@id":"https:\/\/dicodusport.fr\/blog\/#organization","name":"Dicodusport","url":"https:\/\/dicodusport.fr\/blog\/","logo":{"@type":"ImageObject","inLanguage":"fr-FR","@id":"https:\/\/dicodusport.fr\/blog\/#\/schema\/logo\/image\/","url":"https:\/\/dicodusport.fr\/blog\/wp-content\/uploads\/2020\/06\/cropped-LOGO-DICODUSPORT-2020-SANS-FOND-SANS-TEXTE.png","contentUrl":"https:\/\/dicodusport.fr\/blog\/wp-content\/uploads\/2020\/06\/cropped-LOGO-DICODUSPORT-2020-SANS-FOND-SANS-TEXTE.png","width":512,"height":512,"caption":"Dicodusport"},"image":{"@id":"https:\/\/dicodusport.fr\/blog\/#\/schema\/logo\/image\/"},"sameAs":["https:\/\/www.facebook.com\/dicodusport","https:\/\/x.com\/dicodusport","https:\/\/www.instagram.com\/dicodusport\/","https:\/\/www.youtube.com\/channel\/UC7V2KZ5sd3htJivAbA4ZG3w"],"description":"Dicodusport est l'encyclop\u00e9die de l'actualit\u00e9 sportive.","email":"bonjour@dicodusport.fr","legalName":"DICODUSPORT","foundingDate":"2018-01-14","vatID":"FR71834470973","taxID":"83447097300043","numberOfEmployees":{"@type":"QuantitativeValue","minValue":"1","maxValue":"10"}},{"@type":"Person","@id":"https:\/\/dicodusport.fr\/blog\/#\/schema\/person\/5aab10ee856e86ac63e9819a9da34784","name":"Maxime Boulard","image":{"@type":"ImageObject","inLanguage":"fr-FR","@id":"https:\/\/dicodusport.fr\/blog\/#\/schema\/person\/image\/","url":"https:\/\/dicodusport.fr\/blog\/wp-content\/uploads\/2021\/05\/Maxime-Boulard-150x150.jpg","contentUrl":"https:\/\/dicodusport.fr\/blog\/wp-content\/uploads\/2021\/05\/Maxime-Boulard-150x150.jpg","caption":"Maxime Boulard"},"description":"Journaliste\/r\u00e9dacteur depuis octobre 2020 - Si mon plus vieux souvenir de sport aurait pu m'en d\u00e9go\u00fbter, la finale de la Coupe du monde 2006 a \u00e9t\u00e9 tout le contraire. V\u00e9ritable d\u00e9clencheur d'une passion qui aujourd'hui ne fait que grandir avec le temps, mon leitmotiv est la France qui brille ! Je relate les exploits pass\u00e9s et pr\u00e9sents du sport bleu-blanc-rouge sans m\u00e9nagement depuis octobre 2020. Sport valide ou handisport, aucune diff\u00e9rence, il n'y a que du sport et plusieurs fa\u00e7ons de le pratiquer.","sameAs":["https:\/\/www.facebook.com\/Max.Bld2\/","https:\/\/x.com\/https:\/\/twitter.com\/MaximeB_2"],"url":"https:\/\/dicodusport.fr\/blog\/author\/maxime-b\/"}]}},"_links":{"self":[{"href":"https:\/\/dicodusport.fr\/blog\/wp-json\/wp\/v2\/posts\/189677","targetHints":{"allow":["GET"]}}],"collection":[{"href":"https:\/\/dicodusport.fr\/blog\/wp-json\/wp\/v2\/posts"}],"about":[{"href":"https:\/\/dicodusport.fr\/blog\/wp-json\/wp\/v2\/types\/post"}],"author":[{"embeddable":true,"href":"https:\/\/dicodusport.fr\/blog\/wp-json\/wp\/v2\/users\/43"}],"replies":[{"embeddable":true,"href":"https:\/\/dicodusport.fr\/blog\/wp-json\/wp\/v2\/comments?post=189677"}],"version-history":[{"count":0,"href":"https:\/\/dicodusport.fr\/blog\/wp-json\/wp\/v2\/posts\/189677\/revisions"}],"wp:featuredmedia":[{"embeddable":true,"href":"https:\/\/dicodusport.fr\/blog\/wp-json\/wp\/v2\/media\/189718"}],"wp:attachment":[{"href":"https:\/\/dicodusport.fr\/blog\/wp-json\/wp\/v2\/media?parent=189677"}],"wp:term":[{"taxonomy":"category","embeddable":true,"href":"https:\/\/dicodusport.fr\/blog\/wp-json\/wp\/v2\/categories?post=189677"},{"taxonomy":"post_tag","embeddable":true,"href":"https:\/\/dicodusport.fr\/blog\/wp-json\/wp\/v2\/tags?post=189677"}],"curies":[{"name":"wp","href":"https:\/\/api.w.org\/{rel}","templated":true}]}}