{"id":189818,"date":"2022-02-23T18:05:21","date_gmt":"2022-02-23T17:05:21","guid":{"rendered":"https:\/\/dicodusport.fr\/blog\/?p=189818"},"modified":"2022-02-23T18:05:21","modified_gmt":"2022-02-23T17:05:21","slug":"preview-cyclisme-2022-cofidis-effectif-pour-briller-sur-tous-les-terrains","status":"publish","type":"post","link":"https:\/\/dicodusport.fr\/blog\/preview-cyclisme-2022-cofidis-effectif-pour-briller-sur-tous-les-terrains\/","title":{"rendered":"Preview Cyclisme 2022 : Cofidis, un effectif pour briller sur tous les terrains"},"content":{"rendered":"<p style=\"text-align: justify;\"><em><strong>CYCLISME &#8211; Cofidis aborde en 2022 sa deuxi\u00e8me saison au sein du World Tour apr\u00e8s une premi\u00e8re ann\u00e9e plut\u00f4t encourageante. N\u00e9anmoins, l&rsquo;effectif a beaucoup chang\u00e9 pendant l&rsquo;hiver avec les d\u00e9parts d&rsquo;\u00c9lia Viviani et Christophe Laporte notamment. C\u00e9dric Vasseur a pari\u00e9 sur de nombreux coureurs pour les relancer, ou pour les voir \u00e9clore.<\/strong> <\/em><\/p>\n<h2 style=\"text-align: justify;\">Beaucoup de sprinteurs<\/h2>\n<p style=\"text-align: justify;\">D&rsquo;abord, avec le d\u00e9part d&rsquo;<strong>Elia Viviani<\/strong> (5 fois victorieux en 2021) et de <strong>Christophe Laporte<\/strong> (4 victoires l&rsquo;an pass\u00e9), <strong>Bryan Coquard<\/strong> et <strong>Davide Cimolai<\/strong> sont les deux leaders pour les sprints cettesaison. Apr\u00e8s deux saisons plut\u00f4t d\u00e9cevantes, Coquard va relever un autre d\u00e9fi dans le Nord avec l&rsquo;espoir de retrouver \u00e0 de nombreuses reprises le chemin du succ\u00e8s. <a href=\"https:\/\/dicodusport.fr\/blog\/tour-de-la-provence-2022-bryan-coquard-gagne-la-2eme-etape-devant-alaphilippe\/\">Ce dernier a d\u00e9j\u00e0 lev\u00e9 les bras \u00e0 deux reprises depuis le d\u00e9but de la saison<\/a>. Cimolai est un cas bien diff\u00e9rent. L&rsquo;Italien est r\u00e9gulier dans les arriv\u00e9es massives mais doit encore passer ce cap pour lever plus souvent les bras.<\/p>\n<p style=\"text-align: justify;\">Une troisi\u00e8me recrue pourrait se r\u00e9v\u00e9ler en 2022 : <strong>Max Walscheid<\/strong>, un solide sprinteur-rouleur, capable de briller sur Paris-Roubaix. D&rsquo;autres sprinteurs pourront aussi avoir parfois leur chance \u00e0 jouer m\u00eame ils auront un r\u00f4le dans les diff\u00e9rents trains. Lib\u00e9r\u00e9 du travail pour Viviani, <strong>Simone Consonni<\/strong> a une belle petite pointe de vitesse et il est capable de tenir le choc dans des courses un peu vallonn\u00e9es. Le Polonais <strong>Szymon Sajnok<\/strong> n&rsquo;a encore que 24 ans et reste un espoir dans le domaine du cyclisme et a connu une saison 2021 d\u00e9licate. L&rsquo;exp\u00e9rience de <strong>Wesley Kreder<\/strong>, arriv\u00e9 cet hiver, sera \u00e9galement tr\u00e8s importante pour encadrer le groupe sprint.<\/p>\n<p><span class=\"U3XyR9N2MIGhvO8riH8uktFQYcaN2Ve5JHTngbXRfLsLEbpgAdhzQqP6Ox4MDvZsj0jz3I1\"><\/p>\n<blockquote class=\"wp-embedded-content\" data-secret=\"9i7aKW2AIW\"><p><a href=\"https:\/\/dicodusport.fr\/blog\/tour-de-la-provence-2022-bryan-coquard-gagne-la-2eme-etape-devant-alaphilippe\/\">Tour de La Provence 2022 : Bryan Coquard gagne la 2\u00e8me \u00e9tape devant Alaphilippe<\/a><\/p><\/blockquote>\n<p><iframe loading=\"lazy\" class=\"wp-embedded-content\" sandbox=\"allow-scripts\" security=\"restricted\" style=\"position: absolute; clip: rect(1px, 1px, 1px, 1px);\" title=\"\u00ab\u00a0Tour de La Provence 2022 : Bryan Coquard gagne la 2\u00e8me \u00e9tape devant Alaphilippe\u00a0\u00bb &#8212; Dicodusport\" src=\"https:\/\/dicodusport.fr\/blog\/tour-de-la-provence-2022-bryan-coquard-gagne-la-2eme-etape-devant-alaphilippe\/embed\/#?secret=9i7aKW2AIW\" data-secret=\"9i7aKW2AIW\" width=\"600\" height=\"338\" frameborder=\"0\" marginwidth=\"0\" marginheight=\"0\" scrolling=\"no\"><\/iframe><\/span><\/p>\n<h2 style=\"text-align: justify;\">Guillaume Martin, le patron<\/h2>\n<p style=\"text-align: justify;\">Ensuite, <strong>Guillaume Martin<\/strong> sera le patron du p\u00f4le courses par \u00e9tapes. Le Normand est entr\u00e9 dans deux tops 10 dans les Grands Tours avec un temp\u00e9rament offensif : 8e du Tour de France et 9e de La Vuelta. en 2021 Martin doit encore franchir un cap physiquement pour pouvoir s&rsquo;illustrer sur les Ardennaises. Le puncheur <strong>Victor Lafay<\/strong> a agr\u00e9ablement surpris avec un succ\u00e8s d&rsquo;\u00e9tape sur le Giro et en terminant 3e de l&rsquo;Arctic Race of Norway et 4e de la Volta a la Comunitat Valenciana. Le Lyonnais pourrait \u00eatre d&rsquo;un s\u00e9rieux soutien \u00e0 Martin sur les routes du Giro. Excellent gregario sur La Vuelta pour soutenir un Martin \u00e0 bout de force, <strong>R\u00e9my Rochas<\/strong> est mont\u00e9 en niveau au fur et \u00e0 mesure des mois. Le petit grimpeur de La Motte-Servolex a le profil pour les courses d&rsquo;un jour avec des c\u00f4tes \u00e0 forts pourcentages et sera un bon lieutenant pour ses leaders. Plus \u00e2g\u00e9 que les deux gregarios pr\u00e9c\u00e9demment cit\u00e9s, <strong>Anthony Perez<\/strong> (30 ans) a plus un profil de puncheur. Mais, on se souvient de son \u00e9norme relais pour Martin dans le Mercan&rsquo;Tour Classic Alpes-Maritimes. Offensif, il sait montrer et mouiller son maillot pour l&rsquo;\u00e9quipe.<\/p>\n<p style=\"text-align: justify;\">La recrue <strong>Ion Izagirre<\/strong> sera le leader de la formation nordiste sur certaines courses par \u00e9tapes. L&rsquo;an pass\u00e9, le Basque de 32 ans s&rsquo;est class\u00e9 3e de Paris-Nice, 7e du Dauphin\u00e9 et 10e du Tour du Pays Basque. Les fr\u00e8res <strong>Herrada<\/strong> seront l\u00e0 pour encadrer tout ce beau monde avec des libert\u00e9s pour J\u00e9sus, sans oublier <strong>Simon Geschke <\/strong>et <strong>Pierre-Luc P\u00e9richon<\/strong>. Apr\u00e8s plusieurs saisons d\u00e9cevantes, <strong>Rub\u00e9n Fern\u00e1ndez<\/strong> a retrouv\u00e9 des sensations en 2021 et suivra son retour en forme en 2022. Arriv\u00e9 au mercato, le jeune <strong>Alexis Renard<\/strong> va continuer \u00e0 prendre du galon avec son profil de puncheur.<\/p>\n<p style=\"text-align: justify;\">Puis, dans les courses d&rsquo;un jour, <strong>Piet Allegaert<\/strong> sera prot\u00e9g\u00e9 sur les courses en Belgique, entour\u00e9 d&rsquo;<strong>Andre Carvalho<\/strong>, du baroudeur <strong>Jelle Wallays<\/strong> (double laur\u00e9at de Paris-Tours) et <strong>Kenneth Vanbilsen<\/strong>. Du c\u00f4t\u00e9 des jeunes,<strong> <span id=\"page22R_mcid86\" class=\"markedContent\"><span dir=\"ltr\" role=\"presentation\">Hugo Toumire<\/span><\/span><\/strong> et <strong><span id=\"page22R_mcid80\" class=\"markedContent\"><span dir=\"ltr\" role=\"presentation\">Axel <\/span><\/span><span id=\"page22R_mcid81\" class=\"markedContent\"><span dir=\"ltr\" role=\"presentation\">Zingle<\/span><\/span><\/strong> semblent \u00eatre destin\u00e9s aux courses d&rsquo;un jour : <span id=\"page22R_mcid87\" class=\"markedContent\"><span dir=\"ltr\" role=\"presentation\">2\u00e8me Paris-Roubaix Espoirs et 1er Course de la Paix en 2019 pour le premier cit\u00e9, champion de France sur route espoirs en 2020 et laur\u00e9at de nombreuses courses d&rsquo;un jour en France l&rsquo;an pass\u00e9 pour le second<\/span><\/span>.<\/p>\n<h2 style=\"text-align: justify;\">Benjamin Thomas, le rouleur, mais pas que<\/h2>\n<p style=\"text-align: justify;\">Enfin, <strong>Benjamin Thomas<\/strong> est arriv\u00e9 au sein de l&rsquo;effectif de C\u00e9dric Vasseur pour briller sur les diff\u00e9rents contre-la-montres et aller dans les \u00e9chapp\u00e9es. Le pistard a n\u00e9anmoins surpris tout son monde en remportant l&rsquo;\u00c9toile de Bess\u00e8ges d\u00e9but f\u00e9vrier. <strong>Tom Bohli<\/strong> travaillera quant \u00e0 lui pour ses leaders pour les sprints et sur les classiques flandriennes.<\/p>\n<p><span class=\"MeoZaJwUvQc3ri0GyrLlU7zE5uzPD8jXghO2BFlxjXWLbvR1wKCN4eYkS8i0qMgtQYx1s\"><\/p>\n<blockquote class=\"wp-embedded-content\" data-secret=\"S4zeXFTsoR\"><p><a href=\"https:\/\/dicodusport.fr\/blog\/etoile-de-besseges-2022-benjamin-thomas-remporte-general-chrono-ganna\/\">\u00c9toile de Bess\u00e8ges 2022 : Benjamin Thomas remporte le g\u00e9n\u00e9ral, le chrono pour Ganna<\/a><\/p><\/blockquote>\n<p><iframe loading=\"lazy\" class=\"wp-embedded-content\" sandbox=\"allow-scripts\" security=\"restricted\" style=\"position: absolute; clip: rect(1px, 1px, 1px, 1px);\" title=\"\u00ab\u00a0\u00c9toile de Bess\u00e8ges 2022 : Benjamin Thomas remporte le g\u00e9n\u00e9ral, le chrono pour Ganna\u00a0\u00bb &#8212; Dicodusport\" src=\"https:\/\/dicodusport.fr\/blog\/etoile-de-besseges-2022-benjamin-thomas-remporte-general-chrono-ganna\/embed\/#?secret=S4zeXFTsoR\" data-secret=\"S4zeXFTsoR\" width=\"600\" height=\"338\" frameborder=\"0\" marginwidth=\"0\" marginheight=\"0\" scrolling=\"no\"><\/iframe><\/span><\/p>\n","protected":false},"excerpt":{"rendered":"<p>CYCLISME &#8211; Cofidis aborde en 2022 sa deuxi\u00e8me saison au sein du World Tour apr\u00e8s une premi\u00e8re ann\u00e9e plut\u00f4t encourageante. N\u00e9anmoins, l&rsquo;effectif a beaucoup chang\u00e9 pendant l&rsquo;hiver avec les d\u00e9parts d&rsquo;\u00c9lia Viviani et Christophe Laporte notamment. C\u00e9dric Vasseur a pari\u00e9 sur de nombreux coureurs pour les relancer, ou pour les voir \u00e9clore.<\/p>\n","protected":false},"author":48,"featured_media":202596,"comment_status":"open","ping_status":"closed","sticky":false,"template":"","format":"standard","meta":{"_acf_changed":false,"_daextam_enable_autolinks":"","footnotes":""},"categories":[46994],"tags":[3119,1186,5357],"class_list":["post-189818","post","type-post","status-publish","format-standard","has-post-thumbnail","hentry","category-cyclisme-sur-route","tag-actualite-cyclisme","tag-cofidis","tag-guillaume-martin"],"acf":[],"yoast_head":"<!-- This site is optimized with the Yoast SEO Premium plugin v26.7 (Yoast SEO v26.7) - https:\/\/yoast.com\/wordpress\/plugins\/seo\/ -->\n<title>Preview Cyclisme 2022 : Cofidis, un effectif pour briller sur tous les terrains<\/title>\n<meta name=\"description\" content=\"CYCLISME - Cofidis va aborder en 2022 sa deuxi\u00e8me saison au sein du World Tour apr\u00e8s une premi\u00e8re ann\u00e9e plut\u00f4t encourageante. Notre preview.\" \/>\n<meta name=\"robots\" content=\"index, follow, max-snippet:-1, max-image-preview:large, max-video-preview:-1\" \/>\n<link rel=\"canonical\" href=\"https:\/\/dicodusport.fr\/blog\/preview-cyclisme-2022-cofidis-effectif-pour-briller-sur-tous-les-terrains\/\" \/>\n<meta property=\"og:locale\" content=\"fr_FR\" \/>\n<meta property=\"og:type\" content=\"article\" \/>\n<meta property=\"og:title\" content=\"Preview Cyclisme 2022 : Cofidis, un effectif pour briller sur tous les terrains\" \/>\n<meta property=\"og:description\" content=\"CYCLISME - Cofidis va aborder en 2022 sa deuxi\u00e8me saison au sein du World Tour apr\u00e8s une premi\u00e8re ann\u00e9e plut\u00f4t encourageante. Notre preview.\" \/>\n<meta property=\"og:url\" content=\"https:\/\/dicodusport.fr\/blog\/preview-cyclisme-2022-cofidis-effectif-pour-briller-sur-tous-les-terrains\/\" \/>\n<meta property=\"og:site_name\" content=\"Dicodusport\" \/>\n<meta property=\"article:publisher\" content=\"https:\/\/www.facebook.com\/dicodusport\" \/>\n<meta property=\"article:author\" content=\"https:\/\/www.facebook.com\/groups\/LesRoisDuPeloton\" \/>\n<meta property=\"article:published_time\" content=\"2022-02-23T17:05:21+00:00\" \/>\n<meta property=\"og:image\" content=\"https:\/\/dicodusport.fr\/blog\/wp-content\/uploads\/2022\/01\/Preview-Cyclisme-2022-Cofidis-un-effectif-pour-briller-sur-tous-les-terrains.png\" \/>\n\t<meta property=\"og:image:width\" content=\"800\" \/>\n\t<meta property=\"og:image:height\" content=\"445\" \/>\n\t<meta property=\"og:image:type\" content=\"image\/png\" \/>\n<meta name=\"author\" content=\"Emilien Descampiaux\" \/>\n<meta name=\"twitter:card\" content=\"summary_large_image\" \/>\n<meta name=\"twitter:title\" content=\"Preview Cyclisme 2022 : Cofidis, un effectif pour briller sur tous les terrains\" \/>\n<meta name=\"twitter:creator\" content=\"@https:\/\/twitter.com\/LRoisDuPeloton\" \/>\n<meta name=\"twitter:site\" content=\"@dicodusport\" \/>\n<script type=\"application\/ld+json\" class=\"yoast-schema-graph\">{\"@context\":\"https:\/\/schema.org\",\"@graph\":[{\"@type\":\"NewsArticle\",\"@id\":\"https:\/\/dicodusport.fr\/blog\/preview-cyclisme-2022-cofidis-effectif-pour-briller-sur-tous-les-terrains\/#article\",\"isPartOf\":{\"@id\":\"https:\/\/dicodusport.fr\/blog\/preview-cyclisme-2022-cofidis-effectif-pour-briller-sur-tous-les-terrains\/\"},\"author\":{\"name\":\"Emilien Descampiaux\",\"@id\":\"https:\/\/dicodusport.fr\/blog\/#\/schema\/person\/6db4bae06b171592211be385b32876a7\"},\"headline\":\"Preview Cyclisme 2022 : Cofidis, un effectif pour briller sur tous les terrains\",\"datePublished\":\"2022-02-23T17:05:21+00:00\",\"mainEntityOfPage\":{\"@id\":\"https:\/\/dicodusport.fr\/blog\/preview-cyclisme-2022-cofidis-effectif-pour-briller-sur-tous-les-terrains\/\"},\"wordCount\":793,\"commentCount\":0,\"publisher\":{\"@id\":\"https:\/\/dicodusport.fr\/blog\/#organization\"},\"image\":{\"@id\":\"https:\/\/dicodusport.fr\/blog\/preview-cyclisme-2022-cofidis-effectif-pour-briller-sur-tous-les-terrains\/#primaryimage\"},\"thumbnailUrl\":\"https:\/\/dicodusport.fr\/blog\/wp-content\/uploads\/2022\/01\/Preview-Cyclisme-2022-Cofidis-un-effectif-pour-briller-sur-tous-les-terrains.png\",\"keywords\":[\"Actualit\u00e9 Cyclisme\",\"cofidis\",\"Guillaume Martin\"],\"articleSection\":[\"Cyclisme sur route\"],\"inLanguage\":\"fr-FR\",\"potentialAction\":[{\"@type\":\"CommentAction\",\"name\":\"Comment\",\"target\":[\"https:\/\/dicodusport.fr\/blog\/preview-cyclisme-2022-cofidis-effectif-pour-briller-sur-tous-les-terrains\/#respond\"]}],\"copyrightYear\":\"2022\",\"copyrightHolder\":{\"@id\":\"https:\/\/dicodusport.fr\/blog\/#organization\"}},{\"@type\":\"WebPage\",\"@id\":\"https:\/\/dicodusport.fr\/blog\/preview-cyclisme-2022-cofidis-effectif-pour-briller-sur-tous-les-terrains\/\",\"url\":\"https:\/\/dicodusport.fr\/blog\/preview-cyclisme-2022-cofidis-effectif-pour-briller-sur-tous-les-terrains\/\",\"name\":\"Preview Cyclisme 2022 : Cofidis, un effectif pour briller sur tous les terrains\",\"isPartOf\":{\"@id\":\"https:\/\/dicodusport.fr\/blog\/#website\"},\"primaryImageOfPage\":{\"@id\":\"https:\/\/dicodusport.fr\/blog\/preview-cyclisme-2022-cofidis-effectif-pour-briller-sur-tous-les-terrains\/#primaryimage\"},\"image\":{\"@id\":\"https:\/\/dicodusport.fr\/blog\/preview-cyclisme-2022-cofidis-effectif-pour-briller-sur-tous-les-terrains\/#primaryimage\"},\"thumbnailUrl\":\"https:\/\/dicodusport.fr\/blog\/wp-content\/uploads\/2022\/01\/Preview-Cyclisme-2022-Cofidis-un-effectif-pour-briller-sur-tous-les-terrains.png\",\"datePublished\":\"2022-02-23T17:05:21+00:00\",\"description\":\"CYCLISME - Cofidis va aborder en 2022 sa deuxi\u00e8me saison au sein du World Tour apr\u00e8s une premi\u00e8re ann\u00e9e plut\u00f4t encourageante. Notre preview.\",\"breadcrumb\":{\"@id\":\"https:\/\/dicodusport.fr\/blog\/preview-cyclisme-2022-cofidis-effectif-pour-briller-sur-tous-les-terrains\/#breadcrumb\"},\"inLanguage\":\"fr-FR\",\"potentialAction\":[{\"@type\":\"ReadAction\",\"target\":[\"https:\/\/dicodusport.fr\/blog\/preview-cyclisme-2022-cofidis-effectif-pour-briller-sur-tous-les-terrains\/\"]}]},{\"@type\":\"ImageObject\",\"inLanguage\":\"fr-FR\",\"@id\":\"https:\/\/dicodusport.fr\/blog\/preview-cyclisme-2022-cofidis-effectif-pour-briller-sur-tous-les-terrains\/#primaryimage\",\"url\":\"https:\/\/dicodusport.fr\/blog\/wp-content\/uploads\/2022\/01\/Preview-Cyclisme-2022-Cofidis-un-effectif-pour-briller-sur-tous-les-terrains.png\",\"contentUrl\":\"https:\/\/dicodusport.fr\/blog\/wp-content\/uploads\/2022\/01\/Preview-Cyclisme-2022-Cofidis-un-effectif-pour-briller-sur-tous-les-terrains.png\",\"width\":800,\"height\":445,\"caption\":\"Preview Cyclisme 2022 Cofidis, un effectif pour briller sur tous les terrains\"},{\"@type\":\"BreadcrumbList\",\"@id\":\"https:\/\/dicodusport.fr\/blog\/preview-cyclisme-2022-cofidis-effectif-pour-briller-sur-tous-les-terrains\/#breadcrumb\",\"itemListElement\":[{\"@type\":\"ListItem\",\"position\":1,\"name\":\"Accueil\",\"item\":\"https:\/\/dicodusport.fr\/blog\/\"},{\"@type\":\"ListItem\",\"position\":2,\"name\":\"Preview Cyclisme 2022 : Cofidis, un effectif pour briller sur tous les terrains\"}]},{\"@type\":\"WebSite\",\"@id\":\"https:\/\/dicodusport.fr\/blog\/#website\",\"url\":\"https:\/\/dicodusport.fr\/blog\/\",\"name\":\"Dicodusport\",\"description\":\"L&#039;encyclop\u00e9die de l&#039;actualit\u00e9 sportive\",\"publisher\":{\"@id\":\"https:\/\/dicodusport.fr\/blog\/#organization\"},\"potentialAction\":[{\"@type\":\"SearchAction\",\"target\":{\"@type\":\"EntryPoint\",\"urlTemplate\":\"https:\/\/dicodusport.fr\/blog\/?s={search_term_string}\"},\"query-input\":{\"@type\":\"PropertyValueSpecification\",\"valueRequired\":true,\"valueName\":\"search_term_string\"}}],\"inLanguage\":\"fr-FR\"},{\"@type\":\"NewsMediaOrganization\",\"@id\":\"https:\/\/dicodusport.fr\/blog\/#organization\",\"name\":\"Dicodusport\",\"url\":\"https:\/\/dicodusport.fr\/blog\/\",\"logo\":{\"@type\":\"ImageObject\",\"inLanguage\":\"fr-FR\",\"@id\":\"https:\/\/dicodusport.fr\/blog\/#\/schema\/logo\/image\/\",\"url\":\"https:\/\/dicodusport.fr\/blog\/wp-content\/uploads\/2020\/06\/cropped-LOGO-DICODUSPORT-2020-SANS-FOND-SANS-TEXTE.png\",\"contentUrl\":\"https:\/\/dicodusport.fr\/blog\/wp-content\/uploads\/2020\/06\/cropped-LOGO-DICODUSPORT-2020-SANS-FOND-SANS-TEXTE.png\",\"width\":512,\"height\":512,\"caption\":\"Dicodusport\"},\"image\":{\"@id\":\"https:\/\/dicodusport.fr\/blog\/#\/schema\/logo\/image\/\"},\"sameAs\":[\"https:\/\/www.facebook.com\/dicodusport\",\"https:\/\/x.com\/dicodusport\",\"https:\/\/www.instagram.com\/dicodusport\/\",\"https:\/\/www.youtube.com\/channel\/UC7V2KZ5sd3htJivAbA4ZG3w\"],\"description\":\"Dicodusport est l'encyclop\u00e9die de l'actualit\u00e9 sportive.\",\"email\":\"bonjour@dicodusport.fr\",\"legalName\":\"DICODUSPORT\",\"foundingDate\":\"2018-01-14\",\"vatID\":\"FR71834470973\",\"taxID\":\"83447097300043\",\"numberOfEmployees\":{\"@type\":\"QuantitativeValue\",\"minValue\":\"1\",\"maxValue\":\"10\"}},{\"@type\":\"Person\",\"@id\":\"https:\/\/dicodusport.fr\/blog\/#\/schema\/person\/6db4bae06b171592211be385b32876a7\",\"name\":\"Emilien Descampiaux\",\"image\":{\"@type\":\"ImageObject\",\"inLanguage\":\"fr-FR\",\"@id\":\"https:\/\/dicodusport.fr\/blog\/#\/schema\/person\/image\/\",\"url\":\"https:\/\/dicodusport.fr\/blog\/wp-content\/uploads\/2021\/05\/Emilien-Descampiaux-150x150.jpg\",\"contentUrl\":\"https:\/\/dicodusport.fr\/blog\/wp-content\/uploads\/2021\/05\/Emilien-Descampiaux-150x150.jpg\",\"caption\":\"Emilien Descampiaux\"},\"description\":\"Journaliste\/r\u00e9dacteur depuis 2014 - Fan de la classe de Frank Vandenbroucke, je vis cyclisme (et de ses paysages) depuis plus de 20 ans. Je suis tr\u00e8s impliqu\u00e9 sur mes diff\u00e9rents r\u00e9seaux sociaux pour partager ma passion sur le monde et l'Histoire de la bicyclette avec ma voix sur les images en noir et blanc du succ\u00e8s de Rik Van Steenbergen lors du Ronde sur le V\u00e9lodrome de Gand.\",\"sameAs\":[\"https:\/\/www.facebook.com\/groups\/LesRoisDuPeloton\",\"https:\/\/x.com\/https:\/\/twitter.com\/LRoisDuPeloton\"],\"url\":\"https:\/\/dicodusport.fr\/blog\/author\/emiliend\/\"}]}<\/script>\n<!-- \/ Yoast SEO Premium plugin. -->","yoast_head_json":{"title":"Preview Cyclisme 2022 : Cofidis, un effectif pour briller sur tous les terrains","description":"CYCLISME - Cofidis va aborder en 2022 sa deuxi\u00e8me saison au sein du World Tour apr\u00e8s une premi\u00e8re ann\u00e9e plut\u00f4t encourageante. Notre preview.","robots":{"index":"index","follow":"follow","max-snippet":"max-snippet:-1","max-image-preview":"max-image-preview:large","max-video-preview":"max-video-preview:-1"},"canonical":"https:\/\/dicodusport.fr\/blog\/preview-cyclisme-2022-cofidis-effectif-pour-briller-sur-tous-les-terrains\/","og_locale":"fr_FR","og_type":"article","og_title":"Preview Cyclisme 2022 : Cofidis, un effectif pour briller sur tous les terrains","og_description":"CYCLISME - Cofidis va aborder en 2022 sa deuxi\u00e8me saison au sein du World Tour apr\u00e8s une premi\u00e8re ann\u00e9e plut\u00f4t encourageante. Notre preview.","og_url":"https:\/\/dicodusport.fr\/blog\/preview-cyclisme-2022-cofidis-effectif-pour-briller-sur-tous-les-terrains\/","og_site_name":"Dicodusport","article_publisher":"https:\/\/www.facebook.com\/dicodusport","article_author":"https:\/\/www.facebook.com\/groups\/LesRoisDuPeloton","article_published_time":"2022-02-23T17:05:21+00:00","og_image":[{"width":800,"height":445,"url":"https:\/\/dicodusport.fr\/blog\/wp-content\/uploads\/2022\/01\/Preview-Cyclisme-2022-Cofidis-un-effectif-pour-briller-sur-tous-les-terrains.png","type":"image\/png"}],"author":"Emilien Descampiaux","twitter_card":"summary_large_image","twitter_title":"Preview Cyclisme 2022 : Cofidis, un effectif pour briller sur tous les terrains","twitter_creator":"@https:\/\/twitter.com\/LRoisDuPeloton","twitter_site":"@dicodusport","schema":{"@context":"https:\/\/schema.org","@graph":[{"@type":"NewsArticle","@id":"https:\/\/dicodusport.fr\/blog\/preview-cyclisme-2022-cofidis-effectif-pour-briller-sur-tous-les-terrains\/#article","isPartOf":{"@id":"https:\/\/dicodusport.fr\/blog\/preview-cyclisme-2022-cofidis-effectif-pour-briller-sur-tous-les-terrains\/"},"author":{"name":"Emilien Descampiaux","@id":"https:\/\/dicodusport.fr\/blog\/#\/schema\/person\/6db4bae06b171592211be385b32876a7"},"headline":"Preview Cyclisme 2022 : Cofidis, un effectif pour briller sur tous les terrains","datePublished":"2022-02-23T17:05:21+00:00","mainEntityOfPage":{"@id":"https:\/\/dicodusport.fr\/blog\/preview-cyclisme-2022-cofidis-effectif-pour-briller-sur-tous-les-terrains\/"},"wordCount":793,"commentCount":0,"publisher":{"@id":"https:\/\/dicodusport.fr\/blog\/#organization"},"image":{"@id":"https:\/\/dicodusport.fr\/blog\/preview-cyclisme-2022-cofidis-effectif-pour-briller-sur-tous-les-terrains\/#primaryimage"},"thumbnailUrl":"https:\/\/dicodusport.fr\/blog\/wp-content\/uploads\/2022\/01\/Preview-Cyclisme-2022-Cofidis-un-effectif-pour-briller-sur-tous-les-terrains.png","keywords":["Actualit\u00e9 Cyclisme","cofidis","Guillaume Martin"],"articleSection":["Cyclisme sur route"],"inLanguage":"fr-FR","potentialAction":[{"@type":"CommentAction","name":"Comment","target":["https:\/\/dicodusport.fr\/blog\/preview-cyclisme-2022-cofidis-effectif-pour-briller-sur-tous-les-terrains\/#respond"]}],"copyrightYear":"2022","copyrightHolder":{"@id":"https:\/\/dicodusport.fr\/blog\/#organization"}},{"@type":"WebPage","@id":"https:\/\/dicodusport.fr\/blog\/preview-cyclisme-2022-cofidis-effectif-pour-briller-sur-tous-les-terrains\/","url":"https:\/\/dicodusport.fr\/blog\/preview-cyclisme-2022-cofidis-effectif-pour-briller-sur-tous-les-terrains\/","name":"Preview Cyclisme 2022 : Cofidis, un effectif pour briller sur tous les terrains","isPartOf":{"@id":"https:\/\/dicodusport.fr\/blog\/#website"},"primaryImageOfPage":{"@id":"https:\/\/dicodusport.fr\/blog\/preview-cyclisme-2022-cofidis-effectif-pour-briller-sur-tous-les-terrains\/#primaryimage"},"image":{"@id":"https:\/\/dicodusport.fr\/blog\/preview-cyclisme-2022-cofidis-effectif-pour-briller-sur-tous-les-terrains\/#primaryimage"},"thumbnailUrl":"https:\/\/dicodusport.fr\/blog\/wp-content\/uploads\/2022\/01\/Preview-Cyclisme-2022-Cofidis-un-effectif-pour-briller-sur-tous-les-terrains.png","datePublished":"2022-02-23T17:05:21+00:00","description":"CYCLISME - Cofidis va aborder en 2022 sa deuxi\u00e8me saison au sein du World Tour apr\u00e8s une premi\u00e8re ann\u00e9e plut\u00f4t encourageante. Notre preview.","breadcrumb":{"@id":"https:\/\/dicodusport.fr\/blog\/preview-cyclisme-2022-cofidis-effectif-pour-briller-sur-tous-les-terrains\/#breadcrumb"},"inLanguage":"fr-FR","potentialAction":[{"@type":"ReadAction","target":["https:\/\/dicodusport.fr\/blog\/preview-cyclisme-2022-cofidis-effectif-pour-briller-sur-tous-les-terrains\/"]}]},{"@type":"ImageObject","inLanguage":"fr-FR","@id":"https:\/\/dicodusport.fr\/blog\/preview-cyclisme-2022-cofidis-effectif-pour-briller-sur-tous-les-terrains\/#primaryimage","url":"https:\/\/dicodusport.fr\/blog\/wp-content\/uploads\/2022\/01\/Preview-Cyclisme-2022-Cofidis-un-effectif-pour-briller-sur-tous-les-terrains.png","contentUrl":"https:\/\/dicodusport.fr\/blog\/wp-content\/uploads\/2022\/01\/Preview-Cyclisme-2022-Cofidis-un-effectif-pour-briller-sur-tous-les-terrains.png","width":800,"height":445,"caption":"Preview Cyclisme 2022 Cofidis, un effectif pour briller sur tous les terrains"},{"@type":"BreadcrumbList","@id":"https:\/\/dicodusport.fr\/blog\/preview-cyclisme-2022-cofidis-effectif-pour-briller-sur-tous-les-terrains\/#breadcrumb","itemListElement":[{"@type":"ListItem","position":1,"name":"Accueil","item":"https:\/\/dicodusport.fr\/blog\/"},{"@type":"ListItem","position":2,"name":"Preview Cyclisme 2022 : Cofidis, un effectif pour briller sur tous les terrains"}]},{"@type":"WebSite","@id":"https:\/\/dicodusport.fr\/blog\/#website","url":"https:\/\/dicodusport.fr\/blog\/","name":"Dicodusport","description":"L&#039;encyclop\u00e9die de l&#039;actualit\u00e9 sportive","publisher":{"@id":"https:\/\/dicodusport.fr\/blog\/#organization"},"potentialAction":[{"@type":"SearchAction","target":{"@type":"EntryPoint","urlTemplate":"https:\/\/dicodusport.fr\/blog\/?s={search_term_string}"},"query-input":{"@type":"PropertyValueSpecification","valueRequired":true,"valueName":"search_term_string"}}],"inLanguage":"fr-FR"},{"@type":"NewsMediaOrganization","@id":"https:\/\/dicodusport.fr\/blog\/#organization","name":"Dicodusport","url":"https:\/\/dicodusport.fr\/blog\/","logo":{"@type":"ImageObject","inLanguage":"fr-FR","@id":"https:\/\/dicodusport.fr\/blog\/#\/schema\/logo\/image\/","url":"https:\/\/dicodusport.fr\/blog\/wp-content\/uploads\/2020\/06\/cropped-LOGO-DICODUSPORT-2020-SANS-FOND-SANS-TEXTE.png","contentUrl":"https:\/\/dicodusport.fr\/blog\/wp-content\/uploads\/2020\/06\/cropped-LOGO-DICODUSPORT-2020-SANS-FOND-SANS-TEXTE.png","width":512,"height":512,"caption":"Dicodusport"},"image":{"@id":"https:\/\/dicodusport.fr\/blog\/#\/schema\/logo\/image\/"},"sameAs":["https:\/\/www.facebook.com\/dicodusport","https:\/\/x.com\/dicodusport","https:\/\/www.instagram.com\/dicodusport\/","https:\/\/www.youtube.com\/channel\/UC7V2KZ5sd3htJivAbA4ZG3w"],"description":"Dicodusport est l'encyclop\u00e9die de l'actualit\u00e9 sportive.","email":"bonjour@dicodusport.fr","legalName":"DICODUSPORT","foundingDate":"2018-01-14","vatID":"FR71834470973","taxID":"83447097300043","numberOfEmployees":{"@type":"QuantitativeValue","minValue":"1","maxValue":"10"}},{"@type":"Person","@id":"https:\/\/dicodusport.fr\/blog\/#\/schema\/person\/6db4bae06b171592211be385b32876a7","name":"Emilien Descampiaux","image":{"@type":"ImageObject","inLanguage":"fr-FR","@id":"https:\/\/dicodusport.fr\/blog\/#\/schema\/person\/image\/","url":"https:\/\/dicodusport.fr\/blog\/wp-content\/uploads\/2021\/05\/Emilien-Descampiaux-150x150.jpg","contentUrl":"https:\/\/dicodusport.fr\/blog\/wp-content\/uploads\/2021\/05\/Emilien-Descampiaux-150x150.jpg","caption":"Emilien Descampiaux"},"description":"Journaliste\/r\u00e9dacteur depuis 2014 - Fan de la classe de Frank Vandenbroucke, je vis cyclisme (et de ses paysages) depuis plus de 20 ans. Je suis tr\u00e8s impliqu\u00e9 sur mes diff\u00e9rents r\u00e9seaux sociaux pour partager ma passion sur le monde et l'Histoire de la bicyclette avec ma voix sur les images en noir et blanc du succ\u00e8s de Rik Van Steenbergen lors du Ronde sur le V\u00e9lodrome de Gand.","sameAs":["https:\/\/www.facebook.com\/groups\/LesRoisDuPeloton","https:\/\/x.com\/https:\/\/twitter.com\/LRoisDuPeloton"],"url":"https:\/\/dicodusport.fr\/blog\/author\/emiliend\/"}]}},"_links":{"self":[{"href":"https:\/\/dicodusport.fr\/blog\/wp-json\/wp\/v2\/posts\/189818","targetHints":{"allow":["GET"]}}],"collection":[{"href":"https:\/\/dicodusport.fr\/blog\/wp-json\/wp\/v2\/posts"}],"about":[{"href":"https:\/\/dicodusport.fr\/blog\/wp-json\/wp\/v2\/types\/post"}],"author":[{"embeddable":true,"href":"https:\/\/dicodusport.fr\/blog\/wp-json\/wp\/v2\/users\/48"}],"replies":[{"embeddable":true,"href":"https:\/\/dicodusport.fr\/blog\/wp-json\/wp\/v2\/comments?post=189818"}],"version-history":[{"count":0,"href":"https:\/\/dicodusport.fr\/blog\/wp-json\/wp\/v2\/posts\/189818\/revisions"}],"wp:featuredmedia":[{"embeddable":true,"href":"https:\/\/dicodusport.fr\/blog\/wp-json\/wp\/v2\/media\/202596"}],"wp:attachment":[{"href":"https:\/\/dicodusport.fr\/blog\/wp-json\/wp\/v2\/media?parent=189818"}],"wp:term":[{"taxonomy":"category","embeddable":true,"href":"https:\/\/dicodusport.fr\/blog\/wp-json\/wp\/v2\/categories?post=189818"},{"taxonomy":"post_tag","embeddable":true,"href":"https:\/\/dicodusport.fr\/blog\/wp-json\/wp\/v2\/tags?post=189818"}],"curies":[{"name":"wp","href":"https:\/\/api.w.org\/{rel}","templated":true}]}}