{"id":189846,"date":"2022-01-09T08:00:04","date_gmt":"2022-01-09T07:00:04","guid":{"rendered":"https:\/\/dicodusport.fr\/blog\/?p=189846&#038;preview=true&#038;preview_id=189846"},"modified":"2022-01-08T22:49:31","modified_gmt":"2022-01-08T21:49:31","slug":"romain-gregoire-celui-qui-faisait-le-plus-de-bruit-cetait-marc-madiot","status":"publish","type":"post","link":"https:\/\/dicodusport.fr\/blog\/romain-gregoire-celui-qui-faisait-le-plus-de-bruit-cetait-marc-madiot\/","title":{"rendered":"Romain Gr\u00e9goire : \u00ab\u00a0Celui qui faisait le plus de bruit, c\u2019\u00e9tait Marc Madiot\u00a0\u00bb"},"content":{"rendered":"<p style=\"text-align: justify;\"><strong><em>CYCLO-CROSS &#8211; \u00c0 seulement 18 ans, Romain Gr\u00e9goire (Conti Groupama-FDJ) continue d&rsquo;\u00e9toffer son palmar\u00e8s, avec un titre de champion de France espoirs de cyclo-cross.\u00a0<\/em><\/strong><\/p>\n<p style=\"text-align: justify;\">Apr\u00e8s une ann\u00e9e 2021 exceptionnelle avec les titres de champion de France et <a href=\"https:\/\/dicodusport.fr\/blog\/trente-2021-romain-gregoire-champion-europe-juniors-course-en-ligne\/\">d&rsquo;Europe juniors<\/a> sur route mais aussi une deuxi\u00e8me place aux Mondiaux dans cette m\u00eame cat\u00e9gorie, <strong>Romain Gr\u00e9goire<\/strong> a d\u00e9but\u00e9 2022 en fanfare. Le nouveau coureur de la Conti Groupama-FDJ a remport\u00e9 le championnat de France espoirs de cyclo-cross avec 37 secondes d&rsquo;avance sur Joris Delbove et 52 secondes sur Cl\u00e9ment Alleno. \u00c0 l&rsquo;arriv\u00e9e, il est revenu sur sa performance.<\/p>\n<blockquote>\n<p style=\"text-align: justify;\">Je me sentais vraiment en forme cette semaine, j\u2019\u00e9tais s\u00fbr de pouvoir faire un bon truc, j\u2019y croyais. Il y avait du monde pour m\u2019encourager sur le circuit [&#8230;] mais je crois que celui qui faisait le plus de bruit c\u2019\u00e9tait Marc Madiot<\/p>\n<\/blockquote>\n<blockquote class=\"twitter-tweet\">\n<p dir=\"ltr\" lang=\"fr\">&#x1f4ac; Romain Gr\u00e9goire : \u00ab\u00a0Je me sentais vraiment en forme cette semaine, j\u2019\u00e9tais s\u00fbr de pouvoir faire un bon truc, j\u2019y croyais. Il y avait du monde pour m\u2019encourager sur le circuit [&#8230;] mais je crois que celui qui faisait le plus de bruit c\u2019\u00e9tait Marc Madiot\u00a0\u00bb<\/p>\n<p>&#x1f4f8;FFC &#8211; P. Pichon <a href=\"https:\/\/t.co\/ljmBQyAwxn\">pic.twitter.com\/ljmBQyAwxn<\/a><\/p>\n<p>\u2014 La Conti Groupama-FDJ (@groupamafdj_ct) <a href=\"https:\/\/twitter.com\/groupamafdj_ct\/status\/1479875655579979784?ref_src=twsrc%5Etfw\">January 8, 2022<\/a><\/p><\/blockquote>\n<p style=\"text-align: justify;\"><script async src=\"https:\/\/platform.twitter.com\/widgets.js\" charset=\"utf-8\"><\/script><\/p>\n","protected":false},"excerpt":{"rendered":"<p>CYCLO-CROSS &#8211; \u00c0 seulement 18 ans, Romain Gr\u00e9goire (Conti Groupama-FDJ) continue d&rsquo;\u00e9toffer son palmar\u00e8s, avec un titre de champion de France espoirs de cyclo-cross.\u00a0\u00a0<\/p>\n","protected":false},"author":1,"featured_media":189847,"comment_status":"open","ping_status":"closed","sticky":false,"template":"","format":"standard","meta":{"_acf_changed":false,"_daextam_enable_autolinks":"","footnotes":""},"categories":[9611],"tags":[6666,19485],"class_list":["post-189846","post","type-post","status-publish","format-standard","has-post-thumbnail","hentry","category-cyclo-cross","tag-cyclo-cross","tag-romain-gregoire"],"acf":[],"yoast_head":"<!-- This site is optimized with the Yoast SEO Premium plugin v26.7 (Yoast SEO v26.7) - https:\/\/yoast.com\/wordpress\/plugins\/seo\/ -->\n<title>Romain Gr\u00e9goire : &quot;Celui qui faisait le plus de bruit, c\u2019\u00e9tait Marc Madiot&quot;<\/title>\n<meta name=\"description\" content=\"Romain Gr\u00e9goire (Conti Groupama-FDJ) continue d&#039;\u00e9toffer son palmar\u00e8s, avec un titre de champion de France espoirs de cyclo-cross.\u00a0\" \/>\n<meta name=\"robots\" content=\"index, follow, max-snippet:-1, max-image-preview:large, max-video-preview:-1\" \/>\n<link rel=\"canonical\" href=\"https:\/\/dicodusport.fr\/blog\/romain-gregoire-celui-qui-faisait-le-plus-de-bruit-cetait-marc-madiot\/\" \/>\n<meta property=\"og:locale\" content=\"fr_FR\" \/>\n<meta property=\"og:type\" content=\"article\" \/>\n<meta property=\"og:title\" content=\"Romain Gr\u00e9goire : &quot;Celui qui faisait le plus de bruit, c\u2019\u00e9tait Marc Madiot&quot;\" \/>\n<meta property=\"og:description\" content=\"Romain Gr\u00e9goire (Conti Groupama-FDJ) continue d&#039;\u00e9toffer son palmar\u00e8s, avec un titre de champion de France espoirs de cyclo-cross.\u00a0\" \/>\n<meta property=\"og:url\" content=\"https:\/\/dicodusport.fr\/blog\/romain-gregoire-celui-qui-faisait-le-plus-de-bruit-cetait-marc-madiot\/\" \/>\n<meta property=\"og:site_name\" content=\"Dicodusport\" \/>\n<meta property=\"article:publisher\" content=\"https:\/\/www.facebook.com\/dicodusport\" \/>\n<meta property=\"article:author\" content=\"https:\/\/www.facebook.com\/dicodusport\" \/>\n<meta property=\"article:published_time\" content=\"2022-01-09T07:00:04+00:00\" \/>\n<meta property=\"og:image\" content=\"https:\/\/dicodusport.fr\/blog\/wp-content\/uploads\/2022\/01\/Romain-Gre\u0301goire-Celui-qui-faisait-le-plus-de-bruit-ce\u0301tait-Marc-Madiot.png\" \/>\n\t<meta property=\"og:image:width\" content=\"800\" \/>\n\t<meta property=\"og:image:height\" content=\"445\" \/>\n\t<meta property=\"og:image:type\" content=\"image\/png\" \/>\n<meta name=\"author\" content=\"Nicolas Jacquemard\" \/>\n<meta name=\"twitter:card\" content=\"summary_large_image\" \/>\n<meta name=\"twitter:title\" content=\"Romain Gr\u00e9goire : &quot;Celui qui faisait le plus de bruit, c\u2019\u00e9tait Marc Madiot&quot;\" \/>\n<meta name=\"twitter:creator\" content=\"@https:\/\/twitter.com\/Nico_Jacquemard\" \/>\n<meta name=\"twitter:site\" content=\"@dicodusport\" \/>\n<script type=\"application\/ld+json\" class=\"yoast-schema-graph\">{\"@context\":\"https:\/\/schema.org\",\"@graph\":[{\"@type\":\"NewsArticle\",\"@id\":\"https:\/\/dicodusport.fr\/blog\/romain-gregoire-celui-qui-faisait-le-plus-de-bruit-cetait-marc-madiot\/#article\",\"isPartOf\":{\"@id\":\"https:\/\/dicodusport.fr\/blog\/romain-gregoire-celui-qui-faisait-le-plus-de-bruit-cetait-marc-madiot\/\"},\"author\":{\"name\":\"Nicolas Jacquemard\",\"@id\":\"https:\/\/dicodusport.fr\/blog\/#\/schema\/person\/55dcb50ad410894e431ed812bbb70191\"},\"headline\":\"Romain Gr\u00e9goire : \u00ab\u00a0Celui qui faisait le plus de bruit, c\u2019\u00e9tait Marc Madiot\u00a0\u00bb\",\"datePublished\":\"2022-01-09T07:00:04+00:00\",\"mainEntityOfPage\":{\"@id\":\"https:\/\/dicodusport.fr\/blog\/romain-gregoire-celui-qui-faisait-le-plus-de-bruit-cetait-marc-madiot\/\"},\"wordCount\":235,\"commentCount\":0,\"publisher\":{\"@id\":\"https:\/\/dicodusport.fr\/blog\/#organization\"},\"image\":{\"@id\":\"https:\/\/dicodusport.fr\/blog\/romain-gregoire-celui-qui-faisait-le-plus-de-bruit-cetait-marc-madiot\/#primaryimage\"},\"thumbnailUrl\":\"https:\/\/dicodusport.fr\/blog\/wp-content\/uploads\/2022\/01\/Romain-Gre\u0301goire-Celui-qui-faisait-le-plus-de-bruit-ce\u0301tait-Marc-Madiot.png\",\"keywords\":[\"Cyclo-cross\",\"Romain Gr\u00e9goire\"],\"articleSection\":[\"Cyclo-cross\"],\"inLanguage\":\"fr-FR\",\"potentialAction\":[{\"@type\":\"CommentAction\",\"name\":\"Comment\",\"target\":[\"https:\/\/dicodusport.fr\/blog\/romain-gregoire-celui-qui-faisait-le-plus-de-bruit-cetait-marc-madiot\/#respond\"]}],\"copyrightYear\":\"2022\",\"copyrightHolder\":{\"@id\":\"https:\/\/dicodusport.fr\/blog\/#organization\"}},{\"@type\":\"WebPage\",\"@id\":\"https:\/\/dicodusport.fr\/blog\/romain-gregoire-celui-qui-faisait-le-plus-de-bruit-cetait-marc-madiot\/\",\"url\":\"https:\/\/dicodusport.fr\/blog\/romain-gregoire-celui-qui-faisait-le-plus-de-bruit-cetait-marc-madiot\/\",\"name\":\"Romain Gr\u00e9goire : \\\"Celui qui faisait le plus de bruit, c\u2019\u00e9tait Marc Madiot\\\"\",\"isPartOf\":{\"@id\":\"https:\/\/dicodusport.fr\/blog\/#website\"},\"primaryImageOfPage\":{\"@id\":\"https:\/\/dicodusport.fr\/blog\/romain-gregoire-celui-qui-faisait-le-plus-de-bruit-cetait-marc-madiot\/#primaryimage\"},\"image\":{\"@id\":\"https:\/\/dicodusport.fr\/blog\/romain-gregoire-celui-qui-faisait-le-plus-de-bruit-cetait-marc-madiot\/#primaryimage\"},\"thumbnailUrl\":\"https:\/\/dicodusport.fr\/blog\/wp-content\/uploads\/2022\/01\/Romain-Gre\u0301goire-Celui-qui-faisait-le-plus-de-bruit-ce\u0301tait-Marc-Madiot.png\",\"datePublished\":\"2022-01-09T07:00:04+00:00\",\"description\":\"Romain Gr\u00e9goire (Conti Groupama-FDJ) continue d'\u00e9toffer son palmar\u00e8s, avec un titre de champion de France espoirs de cyclo-cross.\u00a0\",\"breadcrumb\":{\"@id\":\"https:\/\/dicodusport.fr\/blog\/romain-gregoire-celui-qui-faisait-le-plus-de-bruit-cetait-marc-madiot\/#breadcrumb\"},\"inLanguage\":\"fr-FR\",\"potentialAction\":[{\"@type\":\"ReadAction\",\"target\":[\"https:\/\/dicodusport.fr\/blog\/romain-gregoire-celui-qui-faisait-le-plus-de-bruit-cetait-marc-madiot\/\"]}]},{\"@type\":\"ImageObject\",\"inLanguage\":\"fr-FR\",\"@id\":\"https:\/\/dicodusport.fr\/blog\/romain-gregoire-celui-qui-faisait-le-plus-de-bruit-cetait-marc-madiot\/#primaryimage\",\"url\":\"https:\/\/dicodusport.fr\/blog\/wp-content\/uploads\/2022\/01\/Romain-Gre\u0301goire-Celui-qui-faisait-le-plus-de-bruit-ce\u0301tait-Marc-Madiot.png\",\"contentUrl\":\"https:\/\/dicodusport.fr\/blog\/wp-content\/uploads\/2022\/01\/Romain-Gre\u0301goire-Celui-qui-faisait-le-plus-de-bruit-ce\u0301tait-Marc-Madiot.png\",\"width\":800,\"height\":445},{\"@type\":\"BreadcrumbList\",\"@id\":\"https:\/\/dicodusport.fr\/blog\/romain-gregoire-celui-qui-faisait-le-plus-de-bruit-cetait-marc-madiot\/#breadcrumb\",\"itemListElement\":[{\"@type\":\"ListItem\",\"position\":1,\"name\":\"Accueil\",\"item\":\"https:\/\/dicodusport.fr\/blog\/\"},{\"@type\":\"ListItem\",\"position\":2,\"name\":\"Romain Gr\u00e9goire : \u00ab\u00a0Celui qui faisait le plus de bruit, c\u2019\u00e9tait Marc Madiot\u00a0\u00bb\"}]},{\"@type\":\"WebSite\",\"@id\":\"https:\/\/dicodusport.fr\/blog\/#website\",\"url\":\"https:\/\/dicodusport.fr\/blog\/\",\"name\":\"Dicodusport\",\"description\":\"L&#039;encyclop\u00e9die de l&#039;actualit\u00e9 sportive\",\"publisher\":{\"@id\":\"https:\/\/dicodusport.fr\/blog\/#organization\"},\"potentialAction\":[{\"@type\":\"SearchAction\",\"target\":{\"@type\":\"EntryPoint\",\"urlTemplate\":\"https:\/\/dicodusport.fr\/blog\/?s={search_term_string}\"},\"query-input\":{\"@type\":\"PropertyValueSpecification\",\"valueRequired\":true,\"valueName\":\"search_term_string\"}}],\"inLanguage\":\"fr-FR\"},{\"@type\":\"NewsMediaOrganization\",\"@id\":\"https:\/\/dicodusport.fr\/blog\/#organization\",\"name\":\"Dicodusport\",\"url\":\"https:\/\/dicodusport.fr\/blog\/\",\"logo\":{\"@type\":\"ImageObject\",\"inLanguage\":\"fr-FR\",\"@id\":\"https:\/\/dicodusport.fr\/blog\/#\/schema\/logo\/image\/\",\"url\":\"https:\/\/dicodusport.fr\/blog\/wp-content\/uploads\/2020\/06\/cropped-LOGO-DICODUSPORT-2020-SANS-FOND-SANS-TEXTE.png\",\"contentUrl\":\"https:\/\/dicodusport.fr\/blog\/wp-content\/uploads\/2020\/06\/cropped-LOGO-DICODUSPORT-2020-SANS-FOND-SANS-TEXTE.png\",\"width\":512,\"height\":512,\"caption\":\"Dicodusport\"},\"image\":{\"@id\":\"https:\/\/dicodusport.fr\/blog\/#\/schema\/logo\/image\/\"},\"sameAs\":[\"https:\/\/www.facebook.com\/dicodusport\",\"https:\/\/x.com\/dicodusport\",\"https:\/\/www.instagram.com\/dicodusport\/\",\"https:\/\/www.youtube.com\/channel\/UC7V2KZ5sd3htJivAbA4ZG3w\"],\"description\":\"Dicodusport est l'encyclop\u00e9die de l'actualit\u00e9 sportive.\",\"email\":\"bonjour@dicodusport.fr\",\"legalName\":\"DICODUSPORT\",\"foundingDate\":\"2018-01-14\",\"vatID\":\"FR71834470973\",\"taxID\":\"83447097300043\",\"numberOfEmployees\":{\"@type\":\"QuantitativeValue\",\"minValue\":\"1\",\"maxValue\":\"10\"}},{\"@type\":\"Person\",\"@id\":\"https:\/\/dicodusport.fr\/blog\/#\/schema\/person\/55dcb50ad410894e431ed812bbb70191\",\"name\":\"Nicolas Jacquemard\",\"image\":{\"@type\":\"ImageObject\",\"inLanguage\":\"fr-FR\",\"@id\":\"https:\/\/dicodusport.fr\/blog\/#\/schema\/person\/image\/\",\"url\":\"https:\/\/dicodusport.fr\/blog\/wp-content\/uploads\/2021\/05\/Nicolas-Jacquemard-150x150.jpeg\",\"contentUrl\":\"https:\/\/dicodusport.fr\/blog\/wp-content\/uploads\/2021\/05\/Nicolas-Jacquemard-150x150.jpeg\",\"caption\":\"Nicolas Jacquemard\"},\"description\":\"Passionn\u00e9 de sport et entrepreneur depuis mes 18 ans, la cr\u00e9ation de Dicodusport m'a sembl\u00e9 \u00e9vidente pour participer \u00e0 la m\u00e9diatisation d'un plus grand nombre de sports. Le chemin est long mais avec une \u00e9quipe des plus motiv\u00e9es et les Jeux Olympiques de Paris 2024 en point de mire, nous y arriverons ! Journaliste dans le monde du sport depuis plus de 5 ans, je traite aussi bien de football, de rugby, de biathlon que de cyclisme.\",\"sameAs\":[\"https:\/\/www.facebook.com\/dicodusport\",\"https:\/\/x.com\/https:\/\/twitter.com\/Nico_Jacquemard\"],\"url\":\"https:\/\/dicodusport.fr\/blog\/author\/dicodusport\/\"}]}<\/script>\n<!-- \/ Yoast SEO Premium plugin. -->","yoast_head_json":{"title":"Romain Gr\u00e9goire : \"Celui qui faisait le plus de bruit, c\u2019\u00e9tait Marc Madiot\"","description":"Romain Gr\u00e9goire (Conti Groupama-FDJ) continue d'\u00e9toffer son palmar\u00e8s, avec un titre de champion de France espoirs de cyclo-cross.\u00a0","robots":{"index":"index","follow":"follow","max-snippet":"max-snippet:-1","max-image-preview":"max-image-preview:large","max-video-preview":"max-video-preview:-1"},"canonical":"https:\/\/dicodusport.fr\/blog\/romain-gregoire-celui-qui-faisait-le-plus-de-bruit-cetait-marc-madiot\/","og_locale":"fr_FR","og_type":"article","og_title":"Romain Gr\u00e9goire : \"Celui qui faisait le plus de bruit, c\u2019\u00e9tait Marc Madiot\"","og_description":"Romain Gr\u00e9goire (Conti Groupama-FDJ) continue d'\u00e9toffer son palmar\u00e8s, avec un titre de champion de France espoirs de cyclo-cross.\u00a0","og_url":"https:\/\/dicodusport.fr\/blog\/romain-gregoire-celui-qui-faisait-le-plus-de-bruit-cetait-marc-madiot\/","og_site_name":"Dicodusport","article_publisher":"https:\/\/www.facebook.com\/dicodusport","article_author":"https:\/\/www.facebook.com\/dicodusport","article_published_time":"2022-01-09T07:00:04+00:00","og_image":[{"width":800,"height":445,"url":"https:\/\/dicodusport.fr\/blog\/wp-content\/uploads\/2022\/01\/Romain-Gre\u0301goire-Celui-qui-faisait-le-plus-de-bruit-ce\u0301tait-Marc-Madiot.png","type":"image\/png"}],"author":"Nicolas Jacquemard","twitter_card":"summary_large_image","twitter_title":"Romain Gr\u00e9goire : \"Celui qui faisait le plus de bruit, c\u2019\u00e9tait Marc Madiot\"","twitter_creator":"@https:\/\/twitter.com\/Nico_Jacquemard","twitter_site":"@dicodusport","schema":{"@context":"https:\/\/schema.org","@graph":[{"@type":"NewsArticle","@id":"https:\/\/dicodusport.fr\/blog\/romain-gregoire-celui-qui-faisait-le-plus-de-bruit-cetait-marc-madiot\/#article","isPartOf":{"@id":"https:\/\/dicodusport.fr\/blog\/romain-gregoire-celui-qui-faisait-le-plus-de-bruit-cetait-marc-madiot\/"},"author":{"name":"Nicolas Jacquemard","@id":"https:\/\/dicodusport.fr\/blog\/#\/schema\/person\/55dcb50ad410894e431ed812bbb70191"},"headline":"Romain Gr\u00e9goire : \u00ab\u00a0Celui qui faisait le plus de bruit, c\u2019\u00e9tait Marc Madiot\u00a0\u00bb","datePublished":"2022-01-09T07:00:04+00:00","mainEntityOfPage":{"@id":"https:\/\/dicodusport.fr\/blog\/romain-gregoire-celui-qui-faisait-le-plus-de-bruit-cetait-marc-madiot\/"},"wordCount":235,"commentCount":0,"publisher":{"@id":"https:\/\/dicodusport.fr\/blog\/#organization"},"image":{"@id":"https:\/\/dicodusport.fr\/blog\/romain-gregoire-celui-qui-faisait-le-plus-de-bruit-cetait-marc-madiot\/#primaryimage"},"thumbnailUrl":"https:\/\/dicodusport.fr\/blog\/wp-content\/uploads\/2022\/01\/Romain-Gre\u0301goire-Celui-qui-faisait-le-plus-de-bruit-ce\u0301tait-Marc-Madiot.png","keywords":["Cyclo-cross","Romain Gr\u00e9goire"],"articleSection":["Cyclo-cross"],"inLanguage":"fr-FR","potentialAction":[{"@type":"CommentAction","name":"Comment","target":["https:\/\/dicodusport.fr\/blog\/romain-gregoire-celui-qui-faisait-le-plus-de-bruit-cetait-marc-madiot\/#respond"]}],"copyrightYear":"2022","copyrightHolder":{"@id":"https:\/\/dicodusport.fr\/blog\/#organization"}},{"@type":"WebPage","@id":"https:\/\/dicodusport.fr\/blog\/romain-gregoire-celui-qui-faisait-le-plus-de-bruit-cetait-marc-madiot\/","url":"https:\/\/dicodusport.fr\/blog\/romain-gregoire-celui-qui-faisait-le-plus-de-bruit-cetait-marc-madiot\/","name":"Romain Gr\u00e9goire : \"Celui qui faisait le plus de bruit, c\u2019\u00e9tait Marc Madiot\"","isPartOf":{"@id":"https:\/\/dicodusport.fr\/blog\/#website"},"primaryImageOfPage":{"@id":"https:\/\/dicodusport.fr\/blog\/romain-gregoire-celui-qui-faisait-le-plus-de-bruit-cetait-marc-madiot\/#primaryimage"},"image":{"@id":"https:\/\/dicodusport.fr\/blog\/romain-gregoire-celui-qui-faisait-le-plus-de-bruit-cetait-marc-madiot\/#primaryimage"},"thumbnailUrl":"https:\/\/dicodusport.fr\/blog\/wp-content\/uploads\/2022\/01\/Romain-Gre\u0301goire-Celui-qui-faisait-le-plus-de-bruit-ce\u0301tait-Marc-Madiot.png","datePublished":"2022-01-09T07:00:04+00:00","description":"Romain Gr\u00e9goire (Conti Groupama-FDJ) continue d'\u00e9toffer son palmar\u00e8s, avec un titre de champion de France espoirs de cyclo-cross.\u00a0","breadcrumb":{"@id":"https:\/\/dicodusport.fr\/blog\/romain-gregoire-celui-qui-faisait-le-plus-de-bruit-cetait-marc-madiot\/#breadcrumb"},"inLanguage":"fr-FR","potentialAction":[{"@type":"ReadAction","target":["https:\/\/dicodusport.fr\/blog\/romain-gregoire-celui-qui-faisait-le-plus-de-bruit-cetait-marc-madiot\/"]}]},{"@type":"ImageObject","inLanguage":"fr-FR","@id":"https:\/\/dicodusport.fr\/blog\/romain-gregoire-celui-qui-faisait-le-plus-de-bruit-cetait-marc-madiot\/#primaryimage","url":"https:\/\/dicodusport.fr\/blog\/wp-content\/uploads\/2022\/01\/Romain-Gre\u0301goire-Celui-qui-faisait-le-plus-de-bruit-ce\u0301tait-Marc-Madiot.png","contentUrl":"https:\/\/dicodusport.fr\/blog\/wp-content\/uploads\/2022\/01\/Romain-Gre\u0301goire-Celui-qui-faisait-le-plus-de-bruit-ce\u0301tait-Marc-Madiot.png","width":800,"height":445},{"@type":"BreadcrumbList","@id":"https:\/\/dicodusport.fr\/blog\/romain-gregoire-celui-qui-faisait-le-plus-de-bruit-cetait-marc-madiot\/#breadcrumb","itemListElement":[{"@type":"ListItem","position":1,"name":"Accueil","item":"https:\/\/dicodusport.fr\/blog\/"},{"@type":"ListItem","position":2,"name":"Romain Gr\u00e9goire : \u00ab\u00a0Celui qui faisait le plus de bruit, c\u2019\u00e9tait Marc Madiot\u00a0\u00bb"}]},{"@type":"WebSite","@id":"https:\/\/dicodusport.fr\/blog\/#website","url":"https:\/\/dicodusport.fr\/blog\/","name":"Dicodusport","description":"L&#039;encyclop\u00e9die de l&#039;actualit\u00e9 sportive","publisher":{"@id":"https:\/\/dicodusport.fr\/blog\/#organization"},"potentialAction":[{"@type":"SearchAction","target":{"@type":"EntryPoint","urlTemplate":"https:\/\/dicodusport.fr\/blog\/?s={search_term_string}"},"query-input":{"@type":"PropertyValueSpecification","valueRequired":true,"valueName":"search_term_string"}}],"inLanguage":"fr-FR"},{"@type":"NewsMediaOrganization","@id":"https:\/\/dicodusport.fr\/blog\/#organization","name":"Dicodusport","url":"https:\/\/dicodusport.fr\/blog\/","logo":{"@type":"ImageObject","inLanguage":"fr-FR","@id":"https:\/\/dicodusport.fr\/blog\/#\/schema\/logo\/image\/","url":"https:\/\/dicodusport.fr\/blog\/wp-content\/uploads\/2020\/06\/cropped-LOGO-DICODUSPORT-2020-SANS-FOND-SANS-TEXTE.png","contentUrl":"https:\/\/dicodusport.fr\/blog\/wp-content\/uploads\/2020\/06\/cropped-LOGO-DICODUSPORT-2020-SANS-FOND-SANS-TEXTE.png","width":512,"height":512,"caption":"Dicodusport"},"image":{"@id":"https:\/\/dicodusport.fr\/blog\/#\/schema\/logo\/image\/"},"sameAs":["https:\/\/www.facebook.com\/dicodusport","https:\/\/x.com\/dicodusport","https:\/\/www.instagram.com\/dicodusport\/","https:\/\/www.youtube.com\/channel\/UC7V2KZ5sd3htJivAbA4ZG3w"],"description":"Dicodusport est l'encyclop\u00e9die de l'actualit\u00e9 sportive.","email":"bonjour@dicodusport.fr","legalName":"DICODUSPORT","foundingDate":"2018-01-14","vatID":"FR71834470973","taxID":"83447097300043","numberOfEmployees":{"@type":"QuantitativeValue","minValue":"1","maxValue":"10"}},{"@type":"Person","@id":"https:\/\/dicodusport.fr\/blog\/#\/schema\/person\/55dcb50ad410894e431ed812bbb70191","name":"Nicolas Jacquemard","image":{"@type":"ImageObject","inLanguage":"fr-FR","@id":"https:\/\/dicodusport.fr\/blog\/#\/schema\/person\/image\/","url":"https:\/\/dicodusport.fr\/blog\/wp-content\/uploads\/2021\/05\/Nicolas-Jacquemard-150x150.jpeg","contentUrl":"https:\/\/dicodusport.fr\/blog\/wp-content\/uploads\/2021\/05\/Nicolas-Jacquemard-150x150.jpeg","caption":"Nicolas Jacquemard"},"description":"Passionn\u00e9 de sport et entrepreneur depuis mes 18 ans, la cr\u00e9ation de Dicodusport m'a sembl\u00e9 \u00e9vidente pour participer \u00e0 la m\u00e9diatisation d'un plus grand nombre de sports. Le chemin est long mais avec une \u00e9quipe des plus motiv\u00e9es et les Jeux Olympiques de Paris 2024 en point de mire, nous y arriverons ! Journaliste dans le monde du sport depuis plus de 5 ans, je traite aussi bien de football, de rugby, de biathlon que de cyclisme.","sameAs":["https:\/\/www.facebook.com\/dicodusport","https:\/\/x.com\/https:\/\/twitter.com\/Nico_Jacquemard"],"url":"https:\/\/dicodusport.fr\/blog\/author\/dicodusport\/"}]}},"_links":{"self":[{"href":"https:\/\/dicodusport.fr\/blog\/wp-json\/wp\/v2\/posts\/189846","targetHints":{"allow":["GET"]}}],"collection":[{"href":"https:\/\/dicodusport.fr\/blog\/wp-json\/wp\/v2\/posts"}],"about":[{"href":"https:\/\/dicodusport.fr\/blog\/wp-json\/wp\/v2\/types\/post"}],"author":[{"embeddable":true,"href":"https:\/\/dicodusport.fr\/blog\/wp-json\/wp\/v2\/users\/1"}],"replies":[{"embeddable":true,"href":"https:\/\/dicodusport.fr\/blog\/wp-json\/wp\/v2\/comments?post=189846"}],"version-history":[{"count":0,"href":"https:\/\/dicodusport.fr\/blog\/wp-json\/wp\/v2\/posts\/189846\/revisions"}],"wp:featuredmedia":[{"embeddable":true,"href":"https:\/\/dicodusport.fr\/blog\/wp-json\/wp\/v2\/media\/189847"}],"wp:attachment":[{"href":"https:\/\/dicodusport.fr\/blog\/wp-json\/wp\/v2\/media?parent=189846"}],"wp:term":[{"taxonomy":"category","embeddable":true,"href":"https:\/\/dicodusport.fr\/blog\/wp-json\/wp\/v2\/categories?post=189846"},{"taxonomy":"post_tag","embeddable":true,"href":"https:\/\/dicodusport.fr\/blog\/wp-json\/wp\/v2\/tags?post=189846"}],"curies":[{"name":"wp","href":"https:\/\/api.w.org\/{rel}","templated":true}]}}