{"id":190018,"date":"2022-01-09T15:26:00","date_gmt":"2022-01-09T14:26:00","guid":{"rendered":"https:\/\/dicodusport.fr\/blog\/?p=190018&#038;preview=true&#038;preview_id=190018"},"modified":"2022-01-09T15:45:50","modified_gmt":"2022-01-09T14:45:50","slug":"poursuite-oberhof-apres-sprint-marte-olsbu-roiseland-fait-le-double","status":"publish","type":"post","link":"https:\/\/dicodusport.fr\/blog\/poursuite-oberhof-apres-sprint-marte-olsbu-roiseland-fait-le-double\/","title":{"rendered":"Poursuite d&rsquo;Oberhof : Apr\u00e8s le sprint, Marte Olsbu Roieseland fait le doubl\u00e9"},"content":{"rendered":"<p style=\"text-align: justify;\"><em><strong><a href=\"https:\/\/dicodusport.fr\/blog\/biathlon-coupe-du-monde-femmes-classement-petit-globe-poursuite\/\">COUPE DU MONDE DE BIATHLON<\/a> &#8211; OBERHOF &#8211; Si le dossard jaune s\u2019amuse \u00e0 changer de propri\u00e9taire chez les hommes, du c\u00f4t\u00e9 des femmes, il semble bien \u00e0 son aise sur les \u00e9paules de Marte Olsbu Roieseland. Gagnante du sprint, la Norv\u00e9gienne a remis \u00e7a sur la poursuite d\u2019Oberhof. Elle conforte ses deux dossards en s\u2019imposant devant Hannah Oeberg et Dzinara Alimbekava. Julia Simon et Ana\u00efs Chevalier-Bouchet terminent au pied du podium.<\/strong><\/em><\/p>\n<h2 style=\"text-align: justify;\">Marte Olsbu Roieseland, reine de la Norv\u00e8ge<\/h2>\n<p style=\"text-align: justify;\">Si <strong>Julia Simon<\/strong> pouvait s\u2019appuyer sur un relais avec <strong>Hanna Sola<\/strong> afin de tenter de rattraper <strong>Marte Olsbu Roieseland<\/strong> au d\u00e9part de la poursuite, c\u2019\u00e9tait sans compter l\u2019arr\u00eat maladie de la Bi\u00e9lorusse, non partante. Changement de plan, la Fran\u00e7aise \u00e9tait donc seule \u00e0 s\u2019\u00e9lancer, sept secondes apr\u00e8s la Norv\u00e9gienne. Cette derni\u00e8re s\u2019installait en t\u00eate pour le premier tir couch\u00e9. Irr\u00e9prochable, elle augmentait son avance sur sa plus proche poursuivante, <strong>Hannah Oeberg<\/strong> (+36.9 secondes). Avec deux fautes, <strong>Simon<\/strong> sortait du top 10 provisoire.<\/p>\n<p style=\"text-align: justify;\">Malgr\u00e9 une faute sur le second tir couch\u00e9, la leader au classement g\u00e9n\u00e9ral et pour le petit globe de la poursuite continuait sa route vers une nouvelle victoire. Une trentaine de secondes plus loin, la Russe <strong>Reztsova<\/strong> pouvait recoller \u00e0 la Norv\u00e9gienne apr\u00e8s une nouvelle erreur sur le premier debout de <strong>Marte Olsbu Roiseland<\/strong>, mais fautive \u00e9galement, la Russe a d\u00fb perdre du temps sur l\u2019anneau, n\u2019inqui\u00e9tant plus <strong>Roieseland<\/strong>. Solide sur les skis malgr\u00e9 ses deux fautes, cette derni\u00e8re n\u2019a pas trembl\u00e9 sur l\u2019ultime tir. C\u2019est sa cinqui\u00e8me victoire cette saison, et c\u2019est elle qui a apport\u00e9 l\u2019int\u00e9gralit\u00e9 des victoires f\u00e9minines norv\u00e9giennes.<\/p>\n<blockquote class=\"twitter-tweet\">\n<p dir=\"ltr\" lang=\"fr\">Pas de podium pour les fran\u00e7aises ce dimanche en poursuite ! Julia Simon termine 4e, Anais Chevalier-Bouchet 5e. Marte Olsbu R\u00f8iseland remporte la poursuite &#x1f1f3;&#x1f1f4;<a href=\"https:\/\/twitter.com\/hashtag\/lequipeBIATHLON?src=hash&amp;ref_src=twsrc%5Etfw\">#lequipeBIATHLON<\/a> <a href=\"https:\/\/t.co\/kg5m3pKcBC\">pic.twitter.com\/kg5m3pKcBC<\/a><\/p>\n<p>\u2014 la chaine L&rsquo;\u00c9quipe (@lachainelequipe) <a href=\"https:\/\/twitter.com\/lachainelequipe\/status\/1480184141320757254?ref_src=twsrc%5Etfw\">January 9, 2022<\/a><\/p><\/blockquote>\n<p><script async src=\"https:\/\/platform.twitter.com\/widgets.js\" charset=\"utf-8\"><\/script><\/p>\n<h2 style=\"text-align: justify;\">Du c\u00f4t\u00e9 des Bleues<\/h2>\n<p style=\"text-align: justify;\">Mal embarqu\u00e9e en d\u00e9but de courses avec deux tirs manqu\u00e9s sur le premier couch\u00e9, <strong>Julia Simon<\/strong> est revenue peu \u00e0 peu dans le jeu et pouvait m\u00eame monter sur le podium apr\u00e8s le troisi\u00e8me tir. Suite aux 4\/5 d\u2019<strong>Hannah Oeberg<\/strong> et <strong>Dzinara Alimbekava<\/strong>, elle pouvait alors prendre la seconde place. Malheureusement une nouvelle faute la positionnait en cinqui\u00e8me position, derri\u00e8re <strong>Ana\u00efs Chevalier-Bouchet<\/strong>. Elle termine finalement juste devant elle.<\/p>\n<p style=\"text-align: justify;\">Sixi\u00e8me du sprint, <strong>Ana\u00efs Chevalier-Bouchet<\/strong> n\u2019est pas sortie du top 10 pour, comme sa compatriote, jouer le podium dans les derniers instants. Mais <strong>Hannah Oeberg<\/strong> et <strong>Alimbekava<\/strong> n\u2019ont laiss\u00e9 aucun espoir aux deux Fran\u00e7aises \u00e0 l\u2019approche de la ligne d\u2019arriv\u00e9e. Elle prend la cinqui\u00e8me place de cette poursuite.<\/p>\n<blockquote class=\"twitter-tweet\">\n<p dir=\"ltr\" lang=\"fr\">Quel tir d&rsquo;Anais Chevalier-Bouchet, le 5\/5 au meilleur des moments, et elles sont 4 pour deux places sur le podium<\/p>\n<p>Suivez la fin de la course &gt; <a href=\"https:\/\/t.co\/kQoD8Hef67\">https:\/\/t.co\/kQoD8Hef67<\/a> <a href=\"https:\/\/twitter.com\/hashtag\/lequipeBIATHLON?src=hash&amp;ref_src=twsrc%5Etfw\">#lequipeBIATHLON<\/a> <a href=\"https:\/\/t.co\/5U2rMx4qJ7\">pic.twitter.com\/5U2rMx4qJ7<\/a><\/p>\n<p>\u2014 la chaine L&rsquo;\u00c9quipe (@lachainelequipe) <a href=\"https:\/\/twitter.com\/lachainelequipe\/status\/1480181942821785601?ref_src=twsrc%5Etfw\">January 9, 2022<\/a><\/p><\/blockquote>\n<p><script async src=\"https:\/\/platform.twitter.com\/widgets.js\" charset=\"utf-8\"><\/script><\/p>\n<p style=\"text-align: justify;\">Pour <strong>Ana\u00efs Bescond<\/strong> qui partait de loin (17<sup>\u00e8me<\/sup>), le d\u00e9but de course a \u00e9t\u00e9 parfait, la Fran\u00e7aise se repla\u00e7ant m\u00eame \u00e0 la cinqui\u00e8me position apr\u00e8s le second tir couch\u00e9 mais le premier debout a eu raison des efforts fournis. Elle est finalement sortie du top 20 final (23\u00e8me). \u00c0 noter la belle 39\u00e8me place de <strong>Paula Botet<\/strong>, qui pour sa premi\u00e8re poursuite d\u00e8s son premier week-end en Coupe du monde, inscrit des points.<\/p>\n<h2 style=\"text-align: justify;\"><strong>\u00c0 lire aussi<\/strong><\/h2>\n<ul>\n<li style=\"text-align: justify;\"><a href=\"https:\/\/dicodusport.fr\/blog\/biathlon-oberhof-le-classement-poursuite-femmes\/\"><strong>Le classement de la poursuite femmes d&rsquo;Oberhof<\/strong><\/a><\/li>\n<li style=\"text-align: justify;\"><a href=\"https:\/\/dicodusport.fr\/blog\/biathlon-coupe-du-monde-2021-2022-classement-general-femmes\/\"><strong>Le classement g\u00e9n\u00e9ral de la Coupe du monde de biathlon<\/strong><\/a><\/li>\n<\/ul>\n","protected":false},"excerpt":{"rendered":"<p>COUPE DU MONDE DE BIATHLON &#8211; OBERHOF &#8211; Si le dossard jaune s\u2019amuse \u00e0 changer de propri\u00e9taire chez les hommes, du c\u00f4t\u00e9 des femmes, il semble bien \u00e0 son aise sur les \u00e9paules de Marte Olsbu Roieseland. Gagnante du sprint, la Norv\u00e9gienne a remis \u00e7a sur la poursuite d\u2019Oberhof. Elle conforte ses deux dossards en s\u2019imposant devant Hannah Oeberg et Dzinara Alimbekava. Julia Simon et Ana\u00efs Chevalier-Bouchet terminent au pied du podium.<\/p>\n","protected":false},"author":18,"featured_media":190048,"comment_status":"open","ping_status":"closed","sticky":false,"template":"","format":"standard","meta":{"_acf_changed":false,"_daextam_enable_autolinks":"","footnotes":""},"categories":[47040],"tags":[2427,2695,3258,6945],"class_list":["post-190018","post","type-post","status-publish","format-standard","has-post-thumbnail","hentry","category-coupe-du-monde-de-biathlon","tag-biathlon","tag-coupe-du-monde-de-biathlon","tag-oberhof","tag-poursuite-femmes"],"acf":[],"yoast_head":"<!-- This site is optimized with the Yoast SEO Premium plugin v26.7 (Yoast SEO v26.7) - https:\/\/yoast.com\/wordpress\/plugins\/seo\/ -->\n<title>Poursuite d&#039;Oberhof : Apr\u00e8s le sprint, Marte Olsbu Roieseland fait le doubl\u00e9<\/title>\n<meta name=\"description\" content=\"COUPE DU MONDE DE BIATHLON - OBERHOF - Marte Olsbu Roeiseland fait le doubl\u00e9, en remportant la poursuite, apr\u00e8s le sprint de vendredi.\" \/>\n<meta name=\"robots\" content=\"index, follow, max-snippet:-1, max-image-preview:large, max-video-preview:-1\" \/>\n<link rel=\"canonical\" href=\"https:\/\/dicodusport.fr\/blog\/poursuite-oberhof-apres-sprint-marte-olsbu-roiseland-fait-le-double\/\" \/>\n<meta property=\"og:locale\" content=\"fr_FR\" \/>\n<meta property=\"og:type\" content=\"article\" \/>\n<meta property=\"og:title\" content=\"Poursuite d&#039;Oberhof : Apr\u00e8s le sprint, Marte Olsbu Roieseland fait le doubl\u00e9\" \/>\n<meta property=\"og:description\" content=\"COUPE DU MONDE DE BIATHLON - OBERHOF - Marte Olsbu Roeiseland fait le doubl\u00e9, en remportant la poursuite, apr\u00e8s le sprint de vendredi.\" \/>\n<meta property=\"og:url\" content=\"https:\/\/dicodusport.fr\/blog\/poursuite-oberhof-apres-sprint-marte-olsbu-roiseland-fait-le-double\/\" \/>\n<meta property=\"og:site_name\" content=\"Dicodusport\" \/>\n<meta property=\"article:publisher\" content=\"https:\/\/www.facebook.com\/dicodusport\" \/>\n<meta property=\"article:author\" content=\"https:\/\/www.facebook.com\/soocube\" \/>\n<meta property=\"article:published_time\" content=\"2022-01-09T14:26:00+00:00\" \/>\n<meta property=\"article:modified_time\" content=\"2022-01-09T14:45:50+00:00\" \/>\n<meta property=\"og:image\" content=\"https:\/\/dicodusport.fr\/blog\/wp-content\/uploads\/2022\/01\/Poursuite-dOberhof-Apres-le-sprint-Marte-Olsbu-Roieseland-fait-le-double.png\" \/>\n\t<meta property=\"og:image:width\" content=\"800\" \/>\n\t<meta property=\"og:image:height\" content=\"445\" \/>\n\t<meta property=\"og:image:type\" content=\"image\/png\" \/>\n<meta name=\"author\" content=\"Sophie Clapier\" \/>\n<meta name=\"twitter:card\" content=\"summary_large_image\" \/>\n<meta name=\"twitter:title\" content=\"Poursuite d&#039;Oberhof : Apr\u00e8s le sprint, Marte Olsbu Roieseland fait le doubl\u00e9\" \/>\n<meta name=\"twitter:creator\" content=\"@https:\/\/twitter.com\/soocube\" \/>\n<meta name=\"twitter:site\" content=\"@dicodusport\" \/>\n<script type=\"application\/ld+json\" class=\"yoast-schema-graph\">{\"@context\":\"https:\/\/schema.org\",\"@graph\":[{\"@type\":\"NewsArticle\",\"@id\":\"https:\/\/dicodusport.fr\/blog\/poursuite-oberhof-apres-sprint-marte-olsbu-roiseland-fait-le-double\/#article\",\"isPartOf\":{\"@id\":\"https:\/\/dicodusport.fr\/blog\/poursuite-oberhof-apres-sprint-marte-olsbu-roiseland-fait-le-double\/\"},\"author\":{\"name\":\"Sophie Clapier\",\"@id\":\"https:\/\/dicodusport.fr\/blog\/#\/schema\/person\/416c975648aca9da8839bdfe333a21c9\"},\"headline\":\"Poursuite d&rsquo;Oberhof : Apr\u00e8s le sprint, Marte Olsbu Roieseland fait le doubl\u00e9\",\"datePublished\":\"2022-01-09T14:26:00+00:00\",\"dateModified\":\"2022-01-09T14:45:50+00:00\",\"mainEntityOfPage\":{\"@id\":\"https:\/\/dicodusport.fr\/blog\/poursuite-oberhof-apres-sprint-marte-olsbu-roiseland-fait-le-double\/\"},\"wordCount\":634,\"commentCount\":0,\"publisher\":{\"@id\":\"https:\/\/dicodusport.fr\/blog\/#organization\"},\"image\":{\"@id\":\"https:\/\/dicodusport.fr\/blog\/poursuite-oberhof-apres-sprint-marte-olsbu-roiseland-fait-le-double\/#primaryimage\"},\"thumbnailUrl\":\"https:\/\/dicodusport.fr\/blog\/wp-content\/uploads\/2022\/01\/Poursuite-dOberhof-Apres-le-sprint-Marte-Olsbu-Roieseland-fait-le-double.png\",\"keywords\":[\"Biathlon\",\"Coupe du monde de Biathlon\",\"Oberhof\",\"Poursuite femmes\"],\"articleSection\":[\"Coupe du monde de biathlon\"],\"inLanguage\":\"fr-FR\",\"potentialAction\":[{\"@type\":\"CommentAction\",\"name\":\"Comment\",\"target\":[\"https:\/\/dicodusport.fr\/blog\/poursuite-oberhof-apres-sprint-marte-olsbu-roiseland-fait-le-double\/#respond\"]}],\"copyrightYear\":\"2022\",\"copyrightHolder\":{\"@id\":\"https:\/\/dicodusport.fr\/blog\/#organization\"}},{\"@type\":\"WebPage\",\"@id\":\"https:\/\/dicodusport.fr\/blog\/poursuite-oberhof-apres-sprint-marte-olsbu-roiseland-fait-le-double\/\",\"url\":\"https:\/\/dicodusport.fr\/blog\/poursuite-oberhof-apres-sprint-marte-olsbu-roiseland-fait-le-double\/\",\"name\":\"Poursuite d'Oberhof : Apr\u00e8s le sprint, Marte Olsbu Roieseland fait le doubl\u00e9\",\"isPartOf\":{\"@id\":\"https:\/\/dicodusport.fr\/blog\/#website\"},\"primaryImageOfPage\":{\"@id\":\"https:\/\/dicodusport.fr\/blog\/poursuite-oberhof-apres-sprint-marte-olsbu-roiseland-fait-le-double\/#primaryimage\"},\"image\":{\"@id\":\"https:\/\/dicodusport.fr\/blog\/poursuite-oberhof-apres-sprint-marte-olsbu-roiseland-fait-le-double\/#primaryimage\"},\"thumbnailUrl\":\"https:\/\/dicodusport.fr\/blog\/wp-content\/uploads\/2022\/01\/Poursuite-dOberhof-Apres-le-sprint-Marte-Olsbu-Roieseland-fait-le-double.png\",\"datePublished\":\"2022-01-09T14:26:00+00:00\",\"dateModified\":\"2022-01-09T14:45:50+00:00\",\"description\":\"COUPE DU MONDE DE BIATHLON - OBERHOF - Marte Olsbu Roeiseland fait le doubl\u00e9, en remportant la poursuite, apr\u00e8s le sprint de vendredi.\",\"breadcrumb\":{\"@id\":\"https:\/\/dicodusport.fr\/blog\/poursuite-oberhof-apres-sprint-marte-olsbu-roiseland-fait-le-double\/#breadcrumb\"},\"inLanguage\":\"fr-FR\",\"potentialAction\":[{\"@type\":\"ReadAction\",\"target\":[\"https:\/\/dicodusport.fr\/blog\/poursuite-oberhof-apres-sprint-marte-olsbu-roiseland-fait-le-double\/\"]}]},{\"@type\":\"ImageObject\",\"inLanguage\":\"fr-FR\",\"@id\":\"https:\/\/dicodusport.fr\/blog\/poursuite-oberhof-apres-sprint-marte-olsbu-roiseland-fait-le-double\/#primaryimage\",\"url\":\"https:\/\/dicodusport.fr\/blog\/wp-content\/uploads\/2022\/01\/Poursuite-dOberhof-Apres-le-sprint-Marte-Olsbu-Roieseland-fait-le-double.png\",\"contentUrl\":\"https:\/\/dicodusport.fr\/blog\/wp-content\/uploads\/2022\/01\/Poursuite-dOberhof-Apres-le-sprint-Marte-Olsbu-Roieseland-fait-le-double.png\",\"width\":800,\"height\":445,\"caption\":\"Poursuite d'Oberhof Apr\u00e8s le sprint, Marte Olsbu Roieseland fait le doubl\u00e9\"},{\"@type\":\"BreadcrumbList\",\"@id\":\"https:\/\/dicodusport.fr\/blog\/poursuite-oberhof-apres-sprint-marte-olsbu-roiseland-fait-le-double\/#breadcrumb\",\"itemListElement\":[{\"@type\":\"ListItem\",\"position\":1,\"name\":\"Accueil\",\"item\":\"https:\/\/dicodusport.fr\/blog\/\"},{\"@type\":\"ListItem\",\"position\":2,\"name\":\"Poursuite d&rsquo;Oberhof : Apr\u00e8s le sprint, Marte Olsbu Roieseland fait le doubl\u00e9\"}]},{\"@type\":\"WebSite\",\"@id\":\"https:\/\/dicodusport.fr\/blog\/#website\",\"url\":\"https:\/\/dicodusport.fr\/blog\/\",\"name\":\"Dicodusport\",\"description\":\"L&#039;encyclop\u00e9die de l&#039;actualit\u00e9 sportive\",\"publisher\":{\"@id\":\"https:\/\/dicodusport.fr\/blog\/#organization\"},\"potentialAction\":[{\"@type\":\"SearchAction\",\"target\":{\"@type\":\"EntryPoint\",\"urlTemplate\":\"https:\/\/dicodusport.fr\/blog\/?s={search_term_string}\"},\"query-input\":{\"@type\":\"PropertyValueSpecification\",\"valueRequired\":true,\"valueName\":\"search_term_string\"}}],\"inLanguage\":\"fr-FR\"},{\"@type\":\"NewsMediaOrganization\",\"@id\":\"https:\/\/dicodusport.fr\/blog\/#organization\",\"name\":\"Dicodusport\",\"url\":\"https:\/\/dicodusport.fr\/blog\/\",\"logo\":{\"@type\":\"ImageObject\",\"inLanguage\":\"fr-FR\",\"@id\":\"https:\/\/dicodusport.fr\/blog\/#\/schema\/logo\/image\/\",\"url\":\"https:\/\/dicodusport.fr\/blog\/wp-content\/uploads\/2020\/06\/cropped-LOGO-DICODUSPORT-2020-SANS-FOND-SANS-TEXTE.png\",\"contentUrl\":\"https:\/\/dicodusport.fr\/blog\/wp-content\/uploads\/2020\/06\/cropped-LOGO-DICODUSPORT-2020-SANS-FOND-SANS-TEXTE.png\",\"width\":512,\"height\":512,\"caption\":\"Dicodusport\"},\"image\":{\"@id\":\"https:\/\/dicodusport.fr\/blog\/#\/schema\/logo\/image\/\"},\"sameAs\":[\"https:\/\/www.facebook.com\/dicodusport\",\"https:\/\/x.com\/dicodusport\",\"https:\/\/www.instagram.com\/dicodusport\/\",\"https:\/\/www.youtube.com\/channel\/UC7V2KZ5sd3htJivAbA4ZG3w\"],\"description\":\"Dicodusport est l'encyclop\u00e9die de l'actualit\u00e9 sportive.\",\"email\":\"bonjour@dicodusport.fr\",\"legalName\":\"DICODUSPORT\",\"foundingDate\":\"2018-01-14\",\"vatID\":\"FR71834470973\",\"taxID\":\"83447097300043\",\"numberOfEmployees\":{\"@type\":\"QuantitativeValue\",\"minValue\":\"1\",\"maxValue\":\"10\"}},{\"@type\":\"Person\",\"@id\":\"https:\/\/dicodusport.fr\/blog\/#\/schema\/person\/416c975648aca9da8839bdfe333a21c9\",\"name\":\"Sophie Clapier\",\"image\":{\"@type\":\"ImageObject\",\"inLanguage\":\"fr-FR\",\"@id\":\"https:\/\/dicodusport.fr\/blog\/#\/schema\/person\/image\/\",\"url\":\"https:\/\/dicodusport.fr\/blog\/wp-content\/uploads\/2021\/05\/Sophie-Clapier-150x150.jpg\",\"contentUrl\":\"https:\/\/dicodusport.fr\/blog\/wp-content\/uploads\/2021\/05\/Sophie-Clapier-150x150.jpg\",\"caption\":\"Sophie Clapier\"},\"description\":\"Journaliste\/r\u00e9dactrice depuis janvier 2016 - Passionn\u00e9e de sport depuis toujours, j\u2019en ai pratiqu\u00e9 quelques-uns. Judo, football, handball ou encore tennis, je n\u2019ai jamais pu me mettre d\u2019accord sur un en particulier. Mais \u00e7a, c\u2019\u00e9tait avant de d\u00e9couvrir le basket, devenu mon sport de pr\u00e9dilection. Les actions NBA, le All-Star Week-end, la fureur des Game 7 pendant les playoffs ou mieux, lors des Finals, this is why we play. Team Spurs T.P, je m\u2019accroche encore \u00e0 Gregg Popovich (don\u2019t leave !). Team chef Curry, je souhaite qu\u2019il finisse aux Warriors (staaaay !). Non, il n\u2019y a pas qu\u2019eux, des petits nouveaux -et des petites nouvelles \u00e9videmment- arrivent chaque jour dans toutes les disciplines et cr\u00e9ent de nouveaux exploits. Alors pour les grands \u00e9v\u00e9nements et comp\u00e9titions internationales, vive les pulsations 240\/minutes et le d\u00e9fibrillateur pas loin, et allez les Bleu(e)s ! C\u2019est s\u00fbr, j\u2019aurai plus vu ma vie sur un terrain de sport, mais \u00e0 d\u00e9faut d\u2019en faire en haut niveau, je le partage avec vous.\",\"sameAs\":[\"https:\/\/www.facebook.com\/soocube\",\"https:\/\/x.com\/https:\/\/twitter.com\/soocube\",\"admin\"],\"url\":\"https:\/\/dicodusport.fr\/blog\/author\/sophie\/\"}]}<\/script>\n<!-- \/ Yoast SEO Premium plugin. -->","yoast_head_json":{"title":"Poursuite d'Oberhof : Apr\u00e8s le sprint, Marte Olsbu Roieseland fait le doubl\u00e9","description":"COUPE DU MONDE DE BIATHLON - OBERHOF - Marte Olsbu Roeiseland fait le doubl\u00e9, en remportant la poursuite, apr\u00e8s le sprint de vendredi.","robots":{"index":"index","follow":"follow","max-snippet":"max-snippet:-1","max-image-preview":"max-image-preview:large","max-video-preview":"max-video-preview:-1"},"canonical":"https:\/\/dicodusport.fr\/blog\/poursuite-oberhof-apres-sprint-marte-olsbu-roiseland-fait-le-double\/","og_locale":"fr_FR","og_type":"article","og_title":"Poursuite d'Oberhof : Apr\u00e8s le sprint, Marte Olsbu Roieseland fait le doubl\u00e9","og_description":"COUPE DU MONDE DE BIATHLON - OBERHOF - Marte Olsbu Roeiseland fait le doubl\u00e9, en remportant la poursuite, apr\u00e8s le sprint de vendredi.","og_url":"https:\/\/dicodusport.fr\/blog\/poursuite-oberhof-apres-sprint-marte-olsbu-roiseland-fait-le-double\/","og_site_name":"Dicodusport","article_publisher":"https:\/\/www.facebook.com\/dicodusport","article_author":"https:\/\/www.facebook.com\/soocube","article_published_time":"2022-01-09T14:26:00+00:00","article_modified_time":"2022-01-09T14:45:50+00:00","og_image":[{"width":800,"height":445,"url":"https:\/\/dicodusport.fr\/blog\/wp-content\/uploads\/2022\/01\/Poursuite-dOberhof-Apres-le-sprint-Marte-Olsbu-Roieseland-fait-le-double.png","type":"image\/png"}],"author":"Sophie Clapier","twitter_card":"summary_large_image","twitter_title":"Poursuite d'Oberhof : Apr\u00e8s le sprint, Marte Olsbu Roieseland fait le doubl\u00e9","twitter_creator":"@https:\/\/twitter.com\/soocube","twitter_site":"@dicodusport","schema":{"@context":"https:\/\/schema.org","@graph":[{"@type":"NewsArticle","@id":"https:\/\/dicodusport.fr\/blog\/poursuite-oberhof-apres-sprint-marte-olsbu-roiseland-fait-le-double\/#article","isPartOf":{"@id":"https:\/\/dicodusport.fr\/blog\/poursuite-oberhof-apres-sprint-marte-olsbu-roiseland-fait-le-double\/"},"author":{"name":"Sophie Clapier","@id":"https:\/\/dicodusport.fr\/blog\/#\/schema\/person\/416c975648aca9da8839bdfe333a21c9"},"headline":"Poursuite d&rsquo;Oberhof : Apr\u00e8s le sprint, Marte Olsbu Roieseland fait le doubl\u00e9","datePublished":"2022-01-09T14:26:00+00:00","dateModified":"2022-01-09T14:45:50+00:00","mainEntityOfPage":{"@id":"https:\/\/dicodusport.fr\/blog\/poursuite-oberhof-apres-sprint-marte-olsbu-roiseland-fait-le-double\/"},"wordCount":634,"commentCount":0,"publisher":{"@id":"https:\/\/dicodusport.fr\/blog\/#organization"},"image":{"@id":"https:\/\/dicodusport.fr\/blog\/poursuite-oberhof-apres-sprint-marte-olsbu-roiseland-fait-le-double\/#primaryimage"},"thumbnailUrl":"https:\/\/dicodusport.fr\/blog\/wp-content\/uploads\/2022\/01\/Poursuite-dOberhof-Apres-le-sprint-Marte-Olsbu-Roieseland-fait-le-double.png","keywords":["Biathlon","Coupe du monde de Biathlon","Oberhof","Poursuite femmes"],"articleSection":["Coupe du monde de biathlon"],"inLanguage":"fr-FR","potentialAction":[{"@type":"CommentAction","name":"Comment","target":["https:\/\/dicodusport.fr\/blog\/poursuite-oberhof-apres-sprint-marte-olsbu-roiseland-fait-le-double\/#respond"]}],"copyrightYear":"2022","copyrightHolder":{"@id":"https:\/\/dicodusport.fr\/blog\/#organization"}},{"@type":"WebPage","@id":"https:\/\/dicodusport.fr\/blog\/poursuite-oberhof-apres-sprint-marte-olsbu-roiseland-fait-le-double\/","url":"https:\/\/dicodusport.fr\/blog\/poursuite-oberhof-apres-sprint-marte-olsbu-roiseland-fait-le-double\/","name":"Poursuite d'Oberhof : Apr\u00e8s le sprint, Marte Olsbu Roieseland fait le doubl\u00e9","isPartOf":{"@id":"https:\/\/dicodusport.fr\/blog\/#website"},"primaryImageOfPage":{"@id":"https:\/\/dicodusport.fr\/blog\/poursuite-oberhof-apres-sprint-marte-olsbu-roiseland-fait-le-double\/#primaryimage"},"image":{"@id":"https:\/\/dicodusport.fr\/blog\/poursuite-oberhof-apres-sprint-marte-olsbu-roiseland-fait-le-double\/#primaryimage"},"thumbnailUrl":"https:\/\/dicodusport.fr\/blog\/wp-content\/uploads\/2022\/01\/Poursuite-dOberhof-Apres-le-sprint-Marte-Olsbu-Roieseland-fait-le-double.png","datePublished":"2022-01-09T14:26:00+00:00","dateModified":"2022-01-09T14:45:50+00:00","description":"COUPE DU MONDE DE BIATHLON - OBERHOF - Marte Olsbu Roeiseland fait le doubl\u00e9, en remportant la poursuite, apr\u00e8s le sprint de vendredi.","breadcrumb":{"@id":"https:\/\/dicodusport.fr\/blog\/poursuite-oberhof-apres-sprint-marte-olsbu-roiseland-fait-le-double\/#breadcrumb"},"inLanguage":"fr-FR","potentialAction":[{"@type":"ReadAction","target":["https:\/\/dicodusport.fr\/blog\/poursuite-oberhof-apres-sprint-marte-olsbu-roiseland-fait-le-double\/"]}]},{"@type":"ImageObject","inLanguage":"fr-FR","@id":"https:\/\/dicodusport.fr\/blog\/poursuite-oberhof-apres-sprint-marte-olsbu-roiseland-fait-le-double\/#primaryimage","url":"https:\/\/dicodusport.fr\/blog\/wp-content\/uploads\/2022\/01\/Poursuite-dOberhof-Apres-le-sprint-Marte-Olsbu-Roieseland-fait-le-double.png","contentUrl":"https:\/\/dicodusport.fr\/blog\/wp-content\/uploads\/2022\/01\/Poursuite-dOberhof-Apres-le-sprint-Marte-Olsbu-Roieseland-fait-le-double.png","width":800,"height":445,"caption":"Poursuite d'Oberhof Apr\u00e8s le sprint, Marte Olsbu Roieseland fait le doubl\u00e9"},{"@type":"BreadcrumbList","@id":"https:\/\/dicodusport.fr\/blog\/poursuite-oberhof-apres-sprint-marte-olsbu-roiseland-fait-le-double\/#breadcrumb","itemListElement":[{"@type":"ListItem","position":1,"name":"Accueil","item":"https:\/\/dicodusport.fr\/blog\/"},{"@type":"ListItem","position":2,"name":"Poursuite d&rsquo;Oberhof : Apr\u00e8s le sprint, Marte Olsbu Roieseland fait le doubl\u00e9"}]},{"@type":"WebSite","@id":"https:\/\/dicodusport.fr\/blog\/#website","url":"https:\/\/dicodusport.fr\/blog\/","name":"Dicodusport","description":"L&#039;encyclop\u00e9die de l&#039;actualit\u00e9 sportive","publisher":{"@id":"https:\/\/dicodusport.fr\/blog\/#organization"},"potentialAction":[{"@type":"SearchAction","target":{"@type":"EntryPoint","urlTemplate":"https:\/\/dicodusport.fr\/blog\/?s={search_term_string}"},"query-input":{"@type":"PropertyValueSpecification","valueRequired":true,"valueName":"search_term_string"}}],"inLanguage":"fr-FR"},{"@type":"NewsMediaOrganization","@id":"https:\/\/dicodusport.fr\/blog\/#organization","name":"Dicodusport","url":"https:\/\/dicodusport.fr\/blog\/","logo":{"@type":"ImageObject","inLanguage":"fr-FR","@id":"https:\/\/dicodusport.fr\/blog\/#\/schema\/logo\/image\/","url":"https:\/\/dicodusport.fr\/blog\/wp-content\/uploads\/2020\/06\/cropped-LOGO-DICODUSPORT-2020-SANS-FOND-SANS-TEXTE.png","contentUrl":"https:\/\/dicodusport.fr\/blog\/wp-content\/uploads\/2020\/06\/cropped-LOGO-DICODUSPORT-2020-SANS-FOND-SANS-TEXTE.png","width":512,"height":512,"caption":"Dicodusport"},"image":{"@id":"https:\/\/dicodusport.fr\/blog\/#\/schema\/logo\/image\/"},"sameAs":["https:\/\/www.facebook.com\/dicodusport","https:\/\/x.com\/dicodusport","https:\/\/www.instagram.com\/dicodusport\/","https:\/\/www.youtube.com\/channel\/UC7V2KZ5sd3htJivAbA4ZG3w"],"description":"Dicodusport est l'encyclop\u00e9die de l'actualit\u00e9 sportive.","email":"bonjour@dicodusport.fr","legalName":"DICODUSPORT","foundingDate":"2018-01-14","vatID":"FR71834470973","taxID":"83447097300043","numberOfEmployees":{"@type":"QuantitativeValue","minValue":"1","maxValue":"10"}},{"@type":"Person","@id":"https:\/\/dicodusport.fr\/blog\/#\/schema\/person\/416c975648aca9da8839bdfe333a21c9","name":"Sophie Clapier","image":{"@type":"ImageObject","inLanguage":"fr-FR","@id":"https:\/\/dicodusport.fr\/blog\/#\/schema\/person\/image\/","url":"https:\/\/dicodusport.fr\/blog\/wp-content\/uploads\/2021\/05\/Sophie-Clapier-150x150.jpg","contentUrl":"https:\/\/dicodusport.fr\/blog\/wp-content\/uploads\/2021\/05\/Sophie-Clapier-150x150.jpg","caption":"Sophie Clapier"},"description":"Journaliste\/r\u00e9dactrice depuis janvier 2016 - Passionn\u00e9e de sport depuis toujours, j\u2019en ai pratiqu\u00e9 quelques-uns. Judo, football, handball ou encore tennis, je n\u2019ai jamais pu me mettre d\u2019accord sur un en particulier. Mais \u00e7a, c\u2019\u00e9tait avant de d\u00e9couvrir le basket, devenu mon sport de pr\u00e9dilection. Les actions NBA, le All-Star Week-end, la fureur des Game 7 pendant les playoffs ou mieux, lors des Finals, this is why we play. Team Spurs T.P, je m\u2019accroche encore \u00e0 Gregg Popovich (don\u2019t leave !). Team chef Curry, je souhaite qu\u2019il finisse aux Warriors (staaaay !). Non, il n\u2019y a pas qu\u2019eux, des petits nouveaux -et des petites nouvelles \u00e9videmment- arrivent chaque jour dans toutes les disciplines et cr\u00e9ent de nouveaux exploits. Alors pour les grands \u00e9v\u00e9nements et comp\u00e9titions internationales, vive les pulsations 240\/minutes et le d\u00e9fibrillateur pas loin, et allez les Bleu(e)s ! C\u2019est s\u00fbr, j\u2019aurai plus vu ma vie sur un terrain de sport, mais \u00e0 d\u00e9faut d\u2019en faire en haut niveau, je le partage avec vous.","sameAs":["https:\/\/www.facebook.com\/soocube","https:\/\/x.com\/https:\/\/twitter.com\/soocube","admin"],"url":"https:\/\/dicodusport.fr\/blog\/author\/sophie\/"}]}},"_links":{"self":[{"href":"https:\/\/dicodusport.fr\/blog\/wp-json\/wp\/v2\/posts\/190018","targetHints":{"allow":["GET"]}}],"collection":[{"href":"https:\/\/dicodusport.fr\/blog\/wp-json\/wp\/v2\/posts"}],"about":[{"href":"https:\/\/dicodusport.fr\/blog\/wp-json\/wp\/v2\/types\/post"}],"author":[{"embeddable":true,"href":"https:\/\/dicodusport.fr\/blog\/wp-json\/wp\/v2\/users\/18"}],"replies":[{"embeddable":true,"href":"https:\/\/dicodusport.fr\/blog\/wp-json\/wp\/v2\/comments?post=190018"}],"version-history":[{"count":0,"href":"https:\/\/dicodusport.fr\/blog\/wp-json\/wp\/v2\/posts\/190018\/revisions"}],"wp:featuredmedia":[{"embeddable":true,"href":"https:\/\/dicodusport.fr\/blog\/wp-json\/wp\/v2\/media\/190048"}],"wp:attachment":[{"href":"https:\/\/dicodusport.fr\/blog\/wp-json\/wp\/v2\/media?parent=190018"}],"wp:term":[{"taxonomy":"category","embeddable":true,"href":"https:\/\/dicodusport.fr\/blog\/wp-json\/wp\/v2\/categories?post=190018"},{"taxonomy":"post_tag","embeddable":true,"href":"https:\/\/dicodusport.fr\/blog\/wp-json\/wp\/v2\/tags?post=190018"}],"curies":[{"name":"wp","href":"https:\/\/api.w.org\/{rel}","templated":true}]}}