{"id":190234,"date":"2022-01-10T11:51:35","date_gmt":"2022-01-10T10:51:35","guid":{"rendered":"https:\/\/dicodusport.fr\/blog\/?p=190234&#038;preview=true&#038;preview_id=190234"},"modified":"2022-01-10T14:23:34","modified_gmt":"2022-01-10T13:23:34","slug":"dakar-2022-mattias-ekstrom-gagne-la-8eme-etape-sebastien-loeb-grignote-encore-au-general","status":"publish","type":"post","link":"https:\/\/dicodusport.fr\/blog\/dakar-2022-mattias-ekstrom-gagne-la-8eme-etape-sebastien-loeb-grignote-encore-au-general\/","title":{"rendered":"Dakar 2022 : Mattias Ekstr\u00f6m gagne la 8\u00e8me \u00e9tape, S\u00e9bastien Loeb grignote encore au g\u00e9n\u00e9ral"},"content":{"rendered":"<p style=\"text-align: justify;\"><strong><em>DAKAR 2022 &#8211; Mattias Ekstr\u00f6m (Audi) a remport\u00e9 la huiti\u00e8me \u00e9tape du Dakar 2022. S\u00e9bastien Loeb (Bahrain Raid Xtreme), lui, reprend encore du temps sur Nasser al-Attiyah (Toyota) au classement g\u00e9n\u00e9ral.\u00a0<\/em><\/strong><\/p>\n<p style=\"text-align: justify;\"><strong>St\u00e9phane Peterhansel<\/strong> (Audi) et <strong>S\u00e9bastien Loeb<\/strong> (Bahrain Raid Xtreme) se sont longtemps \u00e9chang\u00e9s la premi\u00e8re place dans cette huiti\u00e8me \u00e9tape, mais c&rsquo;est finalement le Su\u00e9dois <strong>Mattias Ekstr\u00f6m<\/strong> (Audi) qui a eu le dernier mot. Le pilote Audi s&rsquo;impose avec 49 secondes d&rsquo;avance sur son co\u00e9quipier,<strong> St\u00e9phane Perterhansel<\/strong> qui encha\u00eene une deuxi\u00e8me \u00e9tape aux avant-postes. <strong>Carlos Sainz<\/strong>, le troisi\u00e8me pilote Audi, prend lui la quatri\u00e8me place juste derri\u00e8re S\u00e9bastien Loeb.<\/p>\n<blockquote class=\"twitter-tweet\">\n<p dir=\"ltr\" lang=\"en\">&#x1f3c1; Stage 8&#xfe0f;&#x20e3; &#x1f697;<\/p>\n<p>&#x1f3c5; <a href=\"https:\/\/twitter.com\/mattiasekstroem?ref_src=twsrc%5Etfw\">@mattiasekstroem<\/a> claims his 1st win on the Dakar! &#x1f44f;<a href=\"https:\/\/twitter.com\/hashtag\/Dakar2022?src=hash&amp;ref_src=twsrc%5Etfw\">#Dakar2022<\/a> <a href=\"https:\/\/t.co\/lPNMvTBUuW\">pic.twitter.com\/lPNMvTBUuW<\/a><\/p>\n<p>\u2014 DAKAR RALLY (@dakar) <a href=\"https:\/\/twitter.com\/dakar\/status\/1480493556712321027?ref_src=twsrc%5Etfw\">January 10, 2022<\/a><\/p><\/blockquote>\n<p><script async src=\"https:\/\/platform.twitter.com\/widgets.js\" charset=\"utf-8\"><\/script><\/p>\n<h2 style=\"text-align: justify;\"><strong>Loeb grignote<\/strong><\/h2>\n<p style=\"text-align: justify;\">Le nonuple champion du monde WRC n&rsquo;aura pas gagn\u00e9 de troisi\u00e8me \u00e9tape sur ce Dakar 2022, mais reprend encore sept minutes sur <strong>Nasser al-Attiyah<\/strong> (Toyota) au classement g\u00e9n\u00e9ral. <strong>S\u00e9bastien Loeb<\/strong> aurait pu reprendre encore plus de temps, mais une crevaison en d\u00e9but d&rsquo;\u00e9tape et la perte d&rsquo;une de ses roues de secours ont ralenti sa progression. Le leader du g\u00e9n\u00e9ral limite la casse alors qu&rsquo;il reste encore quatre \u00e9tapes au programme.<\/p>\n<h2 style=\"text-align: justify;\"><strong>\u00c0 lire aussi<\/strong><\/h2>\n<ul>\n<li style=\"text-align: justify;\"><a href=\"https:\/\/dicodusport.fr\/blog\/dakar-2022-autos-classement-8eme-etape\/\"><strong>Le classement de la 8\u00e8me \u00e9tape<\/strong><\/a><\/li>\n<li style=\"text-align: justify;\"><a href=\"https:\/\/dicodusport.fr\/blog\/dakar-2022-autos-le-classement-general\/\"><strong>Le classement g\u00e9n\u00e9ral autos<\/strong><\/a><\/li>\n<\/ul>\n<p style=\"text-align: justify;\">\n","protected":false},"excerpt":{"rendered":"<p>DAKAR 2022 &#8211; Mattias Ekstr\u00f6m (Audi) a remport\u00e9 la huiti\u00e8me \u00e9tape du Dakar 2022. S\u00e9bastien Loeb (Bahrain Raid Xtreme), lui, reprend encore du temps sur Nasser al-Attiyah (Toyota) au classement g\u00e9n\u00e9ral.\u00a0<\/p>\n","protected":false},"author":1,"featured_media":190254,"comment_status":"open","ping_status":"closed","sticky":false,"template":"","format":"standard","meta":{"_acf_changed":false,"_daextam_enable_autolinks":"","footnotes":""},"categories":[9493],"tags":[2736,7001],"class_list":["post-190234","post","type-post","status-publish","format-standard","has-post-thumbnail","hentry","category-dakar","tag-dakar","tag-loeb"],"acf":[],"yoast_head":"<!-- This site is optimized with the Yoast SEO Premium plugin v26.7 (Yoast SEO v26.7) - https:\/\/yoast.com\/wordpress\/plugins\/seo\/ -->\n<title>Dakar 2022 : Mattias Ekstr\u00f6m gagne la 8\u00e8me \u00e9tape, S\u00e9bastien Loeb grignote encore au g\u00e9n\u00e9ral<\/title>\n<meta name=\"description\" content=\"DAKAR 2022 - Mattias Ekstr\u00f6m (Audi) a remport\u00e9 la huiti\u00e8me \u00e9tape du Dakar 2022. S\u00e9bastien Loeb reprend encore du temps sur Nasser al-Attiyah.\" \/>\n<meta name=\"robots\" content=\"index, follow, max-snippet:-1, max-image-preview:large, max-video-preview:-1\" \/>\n<link rel=\"canonical\" href=\"https:\/\/dicodusport.fr\/blog\/dakar-2022-mattias-ekstrom-gagne-la-8eme-etape-sebastien-loeb-grignote-encore-au-general\/\" \/>\n<meta property=\"og:locale\" content=\"fr_FR\" \/>\n<meta property=\"og:type\" content=\"article\" \/>\n<meta property=\"og:title\" content=\"Dakar 2022 : Mattias Ekstr\u00f6m gagne la 8\u00e8me \u00e9tape, S\u00e9bastien Loeb grignote encore au g\u00e9n\u00e9ral\" \/>\n<meta property=\"og:description\" content=\"DAKAR 2022 - Mattias Ekstr\u00f6m (Audi) a remport\u00e9 la huiti\u00e8me \u00e9tape du Dakar 2022. S\u00e9bastien Loeb reprend encore du temps sur Nasser al-Attiyah.\" \/>\n<meta property=\"og:url\" content=\"https:\/\/dicodusport.fr\/blog\/dakar-2022-mattias-ekstrom-gagne-la-8eme-etape-sebastien-loeb-grignote-encore-au-general\/\" \/>\n<meta property=\"og:site_name\" content=\"Dicodusport\" \/>\n<meta property=\"article:publisher\" content=\"https:\/\/www.facebook.com\/dicodusport\" \/>\n<meta property=\"article:author\" content=\"https:\/\/www.facebook.com\/dicodusport\" \/>\n<meta property=\"article:published_time\" content=\"2022-01-10T10:51:35+00:00\" \/>\n<meta property=\"article:modified_time\" content=\"2022-01-10T13:23:34+00:00\" \/>\n<meta property=\"og:image\" content=\"https:\/\/dicodusport.fr\/blog\/wp-content\/uploads\/2022\/01\/Dakar-2022-Mattias-Ekstro\u0308m-gagne-la-8e\u0300me-e\u0301tape-Se\u0301bastien-Loeb-grignote-encore-au-ge\u0301ne\u0301ral.png\" \/>\n\t<meta property=\"og:image:width\" content=\"800\" \/>\n\t<meta property=\"og:image:height\" content=\"445\" \/>\n\t<meta property=\"og:image:type\" content=\"image\/png\" \/>\n<meta name=\"author\" content=\"Nicolas Jacquemard\" \/>\n<meta name=\"twitter:card\" content=\"summary_large_image\" \/>\n<meta name=\"twitter:title\" content=\"Dakar 2022 : Mattias Ekstr\u00f6m gagne la 8\u00e8me \u00e9tape, S\u00e9bastien Loeb grignote encore au g\u00e9n\u00e9ral\" \/>\n<meta name=\"twitter:creator\" content=\"@https:\/\/twitter.com\/Nico_Jacquemard\" \/>\n<meta name=\"twitter:site\" content=\"@dicodusport\" \/>\n<script type=\"application\/ld+json\" class=\"yoast-schema-graph\">{\"@context\":\"https:\/\/schema.org\",\"@graph\":[{\"@type\":\"NewsArticle\",\"@id\":\"https:\/\/dicodusport.fr\/blog\/dakar-2022-mattias-ekstrom-gagne-la-8eme-etape-sebastien-loeb-grignote-encore-au-general\/#article\",\"isPartOf\":{\"@id\":\"https:\/\/dicodusport.fr\/blog\/dakar-2022-mattias-ekstrom-gagne-la-8eme-etape-sebastien-loeb-grignote-encore-au-general\/\"},\"author\":{\"name\":\"Nicolas Jacquemard\",\"@id\":\"https:\/\/dicodusport.fr\/blog\/#\/schema\/person\/55dcb50ad410894e431ed812bbb70191\"},\"headline\":\"Dakar 2022 : Mattias Ekstr\u00f6m gagne la 8\u00e8me \u00e9tape, S\u00e9bastien Loeb grignote encore au g\u00e9n\u00e9ral\",\"datePublished\":\"2022-01-10T10:51:35+00:00\",\"dateModified\":\"2022-01-10T13:23:34+00:00\",\"mainEntityOfPage\":{\"@id\":\"https:\/\/dicodusport.fr\/blog\/dakar-2022-mattias-ekstrom-gagne-la-8eme-etape-sebastien-loeb-grignote-encore-au-general\/\"},\"wordCount\":267,\"commentCount\":0,\"publisher\":{\"@id\":\"https:\/\/dicodusport.fr\/blog\/#organization\"},\"image\":{\"@id\":\"https:\/\/dicodusport.fr\/blog\/dakar-2022-mattias-ekstrom-gagne-la-8eme-etape-sebastien-loeb-grignote-encore-au-general\/#primaryimage\"},\"thumbnailUrl\":\"https:\/\/dicodusport.fr\/blog\/wp-content\/uploads\/2022\/01\/Dakar-2022-Mattias-Ekstro\u0308m-gagne-la-8e\u0300me-e\u0301tape-Se\u0301bastien-Loeb-grignote-encore-au-ge\u0301ne\u0301ral.png\",\"keywords\":[\"dakar\",\"Loeb\"],\"articleSection\":[\"Dakar\"],\"inLanguage\":\"fr-FR\",\"potentialAction\":[{\"@type\":\"CommentAction\",\"name\":\"Comment\",\"target\":[\"https:\/\/dicodusport.fr\/blog\/dakar-2022-mattias-ekstrom-gagne-la-8eme-etape-sebastien-loeb-grignote-encore-au-general\/#respond\"]}],\"copyrightYear\":\"2022\",\"copyrightHolder\":{\"@id\":\"https:\/\/dicodusport.fr\/blog\/#organization\"}},{\"@type\":\"WebPage\",\"@id\":\"https:\/\/dicodusport.fr\/blog\/dakar-2022-mattias-ekstrom-gagne-la-8eme-etape-sebastien-loeb-grignote-encore-au-general\/\",\"url\":\"https:\/\/dicodusport.fr\/blog\/dakar-2022-mattias-ekstrom-gagne-la-8eme-etape-sebastien-loeb-grignote-encore-au-general\/\",\"name\":\"Dakar 2022 : Mattias Ekstr\u00f6m gagne la 8\u00e8me \u00e9tape, S\u00e9bastien Loeb grignote encore au g\u00e9n\u00e9ral\",\"isPartOf\":{\"@id\":\"https:\/\/dicodusport.fr\/blog\/#website\"},\"primaryImageOfPage\":{\"@id\":\"https:\/\/dicodusport.fr\/blog\/dakar-2022-mattias-ekstrom-gagne-la-8eme-etape-sebastien-loeb-grignote-encore-au-general\/#primaryimage\"},\"image\":{\"@id\":\"https:\/\/dicodusport.fr\/blog\/dakar-2022-mattias-ekstrom-gagne-la-8eme-etape-sebastien-loeb-grignote-encore-au-general\/#primaryimage\"},\"thumbnailUrl\":\"https:\/\/dicodusport.fr\/blog\/wp-content\/uploads\/2022\/01\/Dakar-2022-Mattias-Ekstro\u0308m-gagne-la-8e\u0300me-e\u0301tape-Se\u0301bastien-Loeb-grignote-encore-au-ge\u0301ne\u0301ral.png\",\"datePublished\":\"2022-01-10T10:51:35+00:00\",\"dateModified\":\"2022-01-10T13:23:34+00:00\",\"description\":\"DAKAR 2022 - Mattias Ekstr\u00f6m (Audi) a remport\u00e9 la huiti\u00e8me \u00e9tape du Dakar 2022. S\u00e9bastien Loeb reprend encore du temps sur Nasser al-Attiyah.\",\"breadcrumb\":{\"@id\":\"https:\/\/dicodusport.fr\/blog\/dakar-2022-mattias-ekstrom-gagne-la-8eme-etape-sebastien-loeb-grignote-encore-au-general\/#breadcrumb\"},\"inLanguage\":\"fr-FR\",\"potentialAction\":[{\"@type\":\"ReadAction\",\"target\":[\"https:\/\/dicodusport.fr\/blog\/dakar-2022-mattias-ekstrom-gagne-la-8eme-etape-sebastien-loeb-grignote-encore-au-general\/\"]}]},{\"@type\":\"ImageObject\",\"inLanguage\":\"fr-FR\",\"@id\":\"https:\/\/dicodusport.fr\/blog\/dakar-2022-mattias-ekstrom-gagne-la-8eme-etape-sebastien-loeb-grignote-encore-au-general\/#primaryimage\",\"url\":\"https:\/\/dicodusport.fr\/blog\/wp-content\/uploads\/2022\/01\/Dakar-2022-Mattias-Ekstro\u0308m-gagne-la-8e\u0300me-e\u0301tape-Se\u0301bastien-Loeb-grignote-encore-au-ge\u0301ne\u0301ral.png\",\"contentUrl\":\"https:\/\/dicodusport.fr\/blog\/wp-content\/uploads\/2022\/01\/Dakar-2022-Mattias-Ekstro\u0308m-gagne-la-8e\u0300me-e\u0301tape-Se\u0301bastien-Loeb-grignote-encore-au-ge\u0301ne\u0301ral.png\",\"width\":800,\"height\":445},{\"@type\":\"BreadcrumbList\",\"@id\":\"https:\/\/dicodusport.fr\/blog\/dakar-2022-mattias-ekstrom-gagne-la-8eme-etape-sebastien-loeb-grignote-encore-au-general\/#breadcrumb\",\"itemListElement\":[{\"@type\":\"ListItem\",\"position\":1,\"name\":\"Accueil\",\"item\":\"https:\/\/dicodusport.fr\/blog\/\"},{\"@type\":\"ListItem\",\"position\":2,\"name\":\"Dakar 2022 : Mattias Ekstr\u00f6m gagne la 8\u00e8me \u00e9tape, S\u00e9bastien Loeb grignote encore au g\u00e9n\u00e9ral\"}]},{\"@type\":\"WebSite\",\"@id\":\"https:\/\/dicodusport.fr\/blog\/#website\",\"url\":\"https:\/\/dicodusport.fr\/blog\/\",\"name\":\"Dicodusport\",\"description\":\"L&#039;encyclop\u00e9die de l&#039;actualit\u00e9 sportive\",\"publisher\":{\"@id\":\"https:\/\/dicodusport.fr\/blog\/#organization\"},\"potentialAction\":[{\"@type\":\"SearchAction\",\"target\":{\"@type\":\"EntryPoint\",\"urlTemplate\":\"https:\/\/dicodusport.fr\/blog\/?s={search_term_string}\"},\"query-input\":{\"@type\":\"PropertyValueSpecification\",\"valueRequired\":true,\"valueName\":\"search_term_string\"}}],\"inLanguage\":\"fr-FR\"},{\"@type\":\"NewsMediaOrganization\",\"@id\":\"https:\/\/dicodusport.fr\/blog\/#organization\",\"name\":\"Dicodusport\",\"url\":\"https:\/\/dicodusport.fr\/blog\/\",\"logo\":{\"@type\":\"ImageObject\",\"inLanguage\":\"fr-FR\",\"@id\":\"https:\/\/dicodusport.fr\/blog\/#\/schema\/logo\/image\/\",\"url\":\"https:\/\/dicodusport.fr\/blog\/wp-content\/uploads\/2020\/06\/cropped-LOGO-DICODUSPORT-2020-SANS-FOND-SANS-TEXTE.png\",\"contentUrl\":\"https:\/\/dicodusport.fr\/blog\/wp-content\/uploads\/2020\/06\/cropped-LOGO-DICODUSPORT-2020-SANS-FOND-SANS-TEXTE.png\",\"width\":512,\"height\":512,\"caption\":\"Dicodusport\"},\"image\":{\"@id\":\"https:\/\/dicodusport.fr\/blog\/#\/schema\/logo\/image\/\"},\"sameAs\":[\"https:\/\/www.facebook.com\/dicodusport\",\"https:\/\/x.com\/dicodusport\",\"https:\/\/www.instagram.com\/dicodusport\/\",\"https:\/\/www.youtube.com\/channel\/UC7V2KZ5sd3htJivAbA4ZG3w\"],\"description\":\"Dicodusport est l'encyclop\u00e9die de l'actualit\u00e9 sportive.\",\"email\":\"bonjour@dicodusport.fr\",\"legalName\":\"DICODUSPORT\",\"foundingDate\":\"2018-01-14\",\"vatID\":\"FR71834470973\",\"taxID\":\"83447097300043\",\"numberOfEmployees\":{\"@type\":\"QuantitativeValue\",\"minValue\":\"1\",\"maxValue\":\"10\"}},{\"@type\":\"Person\",\"@id\":\"https:\/\/dicodusport.fr\/blog\/#\/schema\/person\/55dcb50ad410894e431ed812bbb70191\",\"name\":\"Nicolas Jacquemard\",\"image\":{\"@type\":\"ImageObject\",\"inLanguage\":\"fr-FR\",\"@id\":\"https:\/\/dicodusport.fr\/blog\/#\/schema\/person\/image\/\",\"url\":\"https:\/\/dicodusport.fr\/blog\/wp-content\/uploads\/2021\/05\/Nicolas-Jacquemard-150x150.jpeg\",\"contentUrl\":\"https:\/\/dicodusport.fr\/blog\/wp-content\/uploads\/2021\/05\/Nicolas-Jacquemard-150x150.jpeg\",\"caption\":\"Nicolas Jacquemard\"},\"description\":\"Passionn\u00e9 de sport et entrepreneur depuis mes 18 ans, la cr\u00e9ation de Dicodusport m'a sembl\u00e9 \u00e9vidente pour participer \u00e0 la m\u00e9diatisation d'un plus grand nombre de sports. Le chemin est long mais avec une \u00e9quipe des plus motiv\u00e9es et les Jeux Olympiques de Paris 2024 en point de mire, nous y arriverons ! Journaliste dans le monde du sport depuis plus de 5 ans, je traite aussi bien de football, de rugby, de biathlon que de cyclisme.\",\"sameAs\":[\"https:\/\/www.facebook.com\/dicodusport\",\"https:\/\/x.com\/https:\/\/twitter.com\/Nico_Jacquemard\"],\"url\":\"https:\/\/dicodusport.fr\/blog\/author\/dicodusport\/\"}]}<\/script>\n<!-- \/ Yoast SEO Premium plugin. -->","yoast_head_json":{"title":"Dakar 2022 : Mattias Ekstr\u00f6m gagne la 8\u00e8me \u00e9tape, S\u00e9bastien Loeb grignote encore au g\u00e9n\u00e9ral","description":"DAKAR 2022 - Mattias Ekstr\u00f6m (Audi) a remport\u00e9 la huiti\u00e8me \u00e9tape du Dakar 2022. S\u00e9bastien Loeb reprend encore du temps sur Nasser al-Attiyah.","robots":{"index":"index","follow":"follow","max-snippet":"max-snippet:-1","max-image-preview":"max-image-preview:large","max-video-preview":"max-video-preview:-1"},"canonical":"https:\/\/dicodusport.fr\/blog\/dakar-2022-mattias-ekstrom-gagne-la-8eme-etape-sebastien-loeb-grignote-encore-au-general\/","og_locale":"fr_FR","og_type":"article","og_title":"Dakar 2022 : Mattias Ekstr\u00f6m gagne la 8\u00e8me \u00e9tape, S\u00e9bastien Loeb grignote encore au g\u00e9n\u00e9ral","og_description":"DAKAR 2022 - Mattias Ekstr\u00f6m (Audi) a remport\u00e9 la huiti\u00e8me \u00e9tape du Dakar 2022. S\u00e9bastien Loeb reprend encore du temps sur Nasser al-Attiyah.","og_url":"https:\/\/dicodusport.fr\/blog\/dakar-2022-mattias-ekstrom-gagne-la-8eme-etape-sebastien-loeb-grignote-encore-au-general\/","og_site_name":"Dicodusport","article_publisher":"https:\/\/www.facebook.com\/dicodusport","article_author":"https:\/\/www.facebook.com\/dicodusport","article_published_time":"2022-01-10T10:51:35+00:00","article_modified_time":"2022-01-10T13:23:34+00:00","og_image":[{"width":800,"height":445,"url":"https:\/\/dicodusport.fr\/blog\/wp-content\/uploads\/2022\/01\/Dakar-2022-Mattias-Ekstro\u0308m-gagne-la-8e\u0300me-e\u0301tape-Se\u0301bastien-Loeb-grignote-encore-au-ge\u0301ne\u0301ral.png","type":"image\/png"}],"author":"Nicolas Jacquemard","twitter_card":"summary_large_image","twitter_title":"Dakar 2022 : Mattias Ekstr\u00f6m gagne la 8\u00e8me \u00e9tape, S\u00e9bastien Loeb grignote encore au g\u00e9n\u00e9ral","twitter_creator":"@https:\/\/twitter.com\/Nico_Jacquemard","twitter_site":"@dicodusport","schema":{"@context":"https:\/\/schema.org","@graph":[{"@type":"NewsArticle","@id":"https:\/\/dicodusport.fr\/blog\/dakar-2022-mattias-ekstrom-gagne-la-8eme-etape-sebastien-loeb-grignote-encore-au-general\/#article","isPartOf":{"@id":"https:\/\/dicodusport.fr\/blog\/dakar-2022-mattias-ekstrom-gagne-la-8eme-etape-sebastien-loeb-grignote-encore-au-general\/"},"author":{"name":"Nicolas Jacquemard","@id":"https:\/\/dicodusport.fr\/blog\/#\/schema\/person\/55dcb50ad410894e431ed812bbb70191"},"headline":"Dakar 2022 : Mattias Ekstr\u00f6m gagne la 8\u00e8me \u00e9tape, S\u00e9bastien Loeb grignote encore au g\u00e9n\u00e9ral","datePublished":"2022-01-10T10:51:35+00:00","dateModified":"2022-01-10T13:23:34+00:00","mainEntityOfPage":{"@id":"https:\/\/dicodusport.fr\/blog\/dakar-2022-mattias-ekstrom-gagne-la-8eme-etape-sebastien-loeb-grignote-encore-au-general\/"},"wordCount":267,"commentCount":0,"publisher":{"@id":"https:\/\/dicodusport.fr\/blog\/#organization"},"image":{"@id":"https:\/\/dicodusport.fr\/blog\/dakar-2022-mattias-ekstrom-gagne-la-8eme-etape-sebastien-loeb-grignote-encore-au-general\/#primaryimage"},"thumbnailUrl":"https:\/\/dicodusport.fr\/blog\/wp-content\/uploads\/2022\/01\/Dakar-2022-Mattias-Ekstro\u0308m-gagne-la-8e\u0300me-e\u0301tape-Se\u0301bastien-Loeb-grignote-encore-au-ge\u0301ne\u0301ral.png","keywords":["dakar","Loeb"],"articleSection":["Dakar"],"inLanguage":"fr-FR","potentialAction":[{"@type":"CommentAction","name":"Comment","target":["https:\/\/dicodusport.fr\/blog\/dakar-2022-mattias-ekstrom-gagne-la-8eme-etape-sebastien-loeb-grignote-encore-au-general\/#respond"]}],"copyrightYear":"2022","copyrightHolder":{"@id":"https:\/\/dicodusport.fr\/blog\/#organization"}},{"@type":"WebPage","@id":"https:\/\/dicodusport.fr\/blog\/dakar-2022-mattias-ekstrom-gagne-la-8eme-etape-sebastien-loeb-grignote-encore-au-general\/","url":"https:\/\/dicodusport.fr\/blog\/dakar-2022-mattias-ekstrom-gagne-la-8eme-etape-sebastien-loeb-grignote-encore-au-general\/","name":"Dakar 2022 : Mattias Ekstr\u00f6m gagne la 8\u00e8me \u00e9tape, S\u00e9bastien Loeb grignote encore au g\u00e9n\u00e9ral","isPartOf":{"@id":"https:\/\/dicodusport.fr\/blog\/#website"},"primaryImageOfPage":{"@id":"https:\/\/dicodusport.fr\/blog\/dakar-2022-mattias-ekstrom-gagne-la-8eme-etape-sebastien-loeb-grignote-encore-au-general\/#primaryimage"},"image":{"@id":"https:\/\/dicodusport.fr\/blog\/dakar-2022-mattias-ekstrom-gagne-la-8eme-etape-sebastien-loeb-grignote-encore-au-general\/#primaryimage"},"thumbnailUrl":"https:\/\/dicodusport.fr\/blog\/wp-content\/uploads\/2022\/01\/Dakar-2022-Mattias-Ekstro\u0308m-gagne-la-8e\u0300me-e\u0301tape-Se\u0301bastien-Loeb-grignote-encore-au-ge\u0301ne\u0301ral.png","datePublished":"2022-01-10T10:51:35+00:00","dateModified":"2022-01-10T13:23:34+00:00","description":"DAKAR 2022 - Mattias Ekstr\u00f6m (Audi) a remport\u00e9 la huiti\u00e8me \u00e9tape du Dakar 2022. S\u00e9bastien Loeb reprend encore du temps sur Nasser al-Attiyah.","breadcrumb":{"@id":"https:\/\/dicodusport.fr\/blog\/dakar-2022-mattias-ekstrom-gagne-la-8eme-etape-sebastien-loeb-grignote-encore-au-general\/#breadcrumb"},"inLanguage":"fr-FR","potentialAction":[{"@type":"ReadAction","target":["https:\/\/dicodusport.fr\/blog\/dakar-2022-mattias-ekstrom-gagne-la-8eme-etape-sebastien-loeb-grignote-encore-au-general\/"]}]},{"@type":"ImageObject","inLanguage":"fr-FR","@id":"https:\/\/dicodusport.fr\/blog\/dakar-2022-mattias-ekstrom-gagne-la-8eme-etape-sebastien-loeb-grignote-encore-au-general\/#primaryimage","url":"https:\/\/dicodusport.fr\/blog\/wp-content\/uploads\/2022\/01\/Dakar-2022-Mattias-Ekstro\u0308m-gagne-la-8e\u0300me-e\u0301tape-Se\u0301bastien-Loeb-grignote-encore-au-ge\u0301ne\u0301ral.png","contentUrl":"https:\/\/dicodusport.fr\/blog\/wp-content\/uploads\/2022\/01\/Dakar-2022-Mattias-Ekstro\u0308m-gagne-la-8e\u0300me-e\u0301tape-Se\u0301bastien-Loeb-grignote-encore-au-ge\u0301ne\u0301ral.png","width":800,"height":445},{"@type":"BreadcrumbList","@id":"https:\/\/dicodusport.fr\/blog\/dakar-2022-mattias-ekstrom-gagne-la-8eme-etape-sebastien-loeb-grignote-encore-au-general\/#breadcrumb","itemListElement":[{"@type":"ListItem","position":1,"name":"Accueil","item":"https:\/\/dicodusport.fr\/blog\/"},{"@type":"ListItem","position":2,"name":"Dakar 2022 : Mattias Ekstr\u00f6m gagne la 8\u00e8me \u00e9tape, S\u00e9bastien Loeb grignote encore au g\u00e9n\u00e9ral"}]},{"@type":"WebSite","@id":"https:\/\/dicodusport.fr\/blog\/#website","url":"https:\/\/dicodusport.fr\/blog\/","name":"Dicodusport","description":"L&#039;encyclop\u00e9die de l&#039;actualit\u00e9 sportive","publisher":{"@id":"https:\/\/dicodusport.fr\/blog\/#organization"},"potentialAction":[{"@type":"SearchAction","target":{"@type":"EntryPoint","urlTemplate":"https:\/\/dicodusport.fr\/blog\/?s={search_term_string}"},"query-input":{"@type":"PropertyValueSpecification","valueRequired":true,"valueName":"search_term_string"}}],"inLanguage":"fr-FR"},{"@type":"NewsMediaOrganization","@id":"https:\/\/dicodusport.fr\/blog\/#organization","name":"Dicodusport","url":"https:\/\/dicodusport.fr\/blog\/","logo":{"@type":"ImageObject","inLanguage":"fr-FR","@id":"https:\/\/dicodusport.fr\/blog\/#\/schema\/logo\/image\/","url":"https:\/\/dicodusport.fr\/blog\/wp-content\/uploads\/2020\/06\/cropped-LOGO-DICODUSPORT-2020-SANS-FOND-SANS-TEXTE.png","contentUrl":"https:\/\/dicodusport.fr\/blog\/wp-content\/uploads\/2020\/06\/cropped-LOGO-DICODUSPORT-2020-SANS-FOND-SANS-TEXTE.png","width":512,"height":512,"caption":"Dicodusport"},"image":{"@id":"https:\/\/dicodusport.fr\/blog\/#\/schema\/logo\/image\/"},"sameAs":["https:\/\/www.facebook.com\/dicodusport","https:\/\/x.com\/dicodusport","https:\/\/www.instagram.com\/dicodusport\/","https:\/\/www.youtube.com\/channel\/UC7V2KZ5sd3htJivAbA4ZG3w"],"description":"Dicodusport est l'encyclop\u00e9die de l'actualit\u00e9 sportive.","email":"bonjour@dicodusport.fr","legalName":"DICODUSPORT","foundingDate":"2018-01-14","vatID":"FR71834470973","taxID":"83447097300043","numberOfEmployees":{"@type":"QuantitativeValue","minValue":"1","maxValue":"10"}},{"@type":"Person","@id":"https:\/\/dicodusport.fr\/blog\/#\/schema\/person\/55dcb50ad410894e431ed812bbb70191","name":"Nicolas Jacquemard","image":{"@type":"ImageObject","inLanguage":"fr-FR","@id":"https:\/\/dicodusport.fr\/blog\/#\/schema\/person\/image\/","url":"https:\/\/dicodusport.fr\/blog\/wp-content\/uploads\/2021\/05\/Nicolas-Jacquemard-150x150.jpeg","contentUrl":"https:\/\/dicodusport.fr\/blog\/wp-content\/uploads\/2021\/05\/Nicolas-Jacquemard-150x150.jpeg","caption":"Nicolas Jacquemard"},"description":"Passionn\u00e9 de sport et entrepreneur depuis mes 18 ans, la cr\u00e9ation de Dicodusport m'a sembl\u00e9 \u00e9vidente pour participer \u00e0 la m\u00e9diatisation d'un plus grand nombre de sports. Le chemin est long mais avec une \u00e9quipe des plus motiv\u00e9es et les Jeux Olympiques de Paris 2024 en point de mire, nous y arriverons ! Journaliste dans le monde du sport depuis plus de 5 ans, je traite aussi bien de football, de rugby, de biathlon que de cyclisme.","sameAs":["https:\/\/www.facebook.com\/dicodusport","https:\/\/x.com\/https:\/\/twitter.com\/Nico_Jacquemard"],"url":"https:\/\/dicodusport.fr\/blog\/author\/dicodusport\/"}]}},"_links":{"self":[{"href":"https:\/\/dicodusport.fr\/blog\/wp-json\/wp\/v2\/posts\/190234","targetHints":{"allow":["GET"]}}],"collection":[{"href":"https:\/\/dicodusport.fr\/blog\/wp-json\/wp\/v2\/posts"}],"about":[{"href":"https:\/\/dicodusport.fr\/blog\/wp-json\/wp\/v2\/types\/post"}],"author":[{"embeddable":true,"href":"https:\/\/dicodusport.fr\/blog\/wp-json\/wp\/v2\/users\/1"}],"replies":[{"embeddable":true,"href":"https:\/\/dicodusport.fr\/blog\/wp-json\/wp\/v2\/comments?post=190234"}],"version-history":[{"count":0,"href":"https:\/\/dicodusport.fr\/blog\/wp-json\/wp\/v2\/posts\/190234\/revisions"}],"wp:featuredmedia":[{"embeddable":true,"href":"https:\/\/dicodusport.fr\/blog\/wp-json\/wp\/v2\/media\/190254"}],"wp:attachment":[{"href":"https:\/\/dicodusport.fr\/blog\/wp-json\/wp\/v2\/media?parent=190234"}],"wp:term":[{"taxonomy":"category","embeddable":true,"href":"https:\/\/dicodusport.fr\/blog\/wp-json\/wp\/v2\/categories?post=190234"},{"taxonomy":"post_tag","embeddable":true,"href":"https:\/\/dicodusport.fr\/blog\/wp-json\/wp\/v2\/tags?post=190234"}],"curies":[{"name":"wp","href":"https:\/\/api.w.org\/{rel}","templated":true}]}}