{"id":190297,"date":"2022-01-10T14:49:19","date_gmt":"2022-01-10T13:49:19","guid":{"rendered":"https:\/\/dicodusport.fr\/blog\/?p=190297&#038;preview=true&#038;preview_id=190297"},"modified":"2022-01-10T16:13:08","modified_gmt":"2022-01-10T15:13:08","slug":"formule-2-theo-pourchaire-continue-avec-art-grand-prix-en-2022","status":"publish","type":"post","link":"https:\/\/dicodusport.fr\/blog\/formule-2-theo-pourchaire-continue-avec-art-grand-prix-en-2022\/","title":{"rendered":"Formule 2 : Th\u00e9o Pourchaire continue avec ART Grand Prix en 2022"},"content":{"rendered":"<p style=\"text-align: justify;\"><em><strong>FORMULE 2 &#8211; <\/strong><strong>Apr\u00e8s une saison prometteuse en Formule 2, le pilote fran\u00e7ais Th\u00e9o Pourchaire a annonc\u00e9 avoir sign\u00e9 un nouveau contrat. Il continuera \u00e0 \u00e9voluer avec l\u2019\u00e9curie tricolore ART Grand Prix pour esp\u00e9rer d\u00e9crocher le titre de la cat\u00e9gorie en 2022.<\/strong><\/em><\/p>\n<p style=\"text-align: justify;\">Ce lundi 10 janvier, l&rsquo;\u00e9curie ART Grand Prix annonce poursuivre l&rsquo;aventure en Formule 2 avec le pilote fran\u00e7ais <strong>Th\u00e9o Pourchaire<\/strong>. L&rsquo;objectif est clair et annonc\u00e9 : le titre.<\/p>\n<blockquote class=\"twitter-tweet\">\n<p dir=\"ltr\" lang=\"en\">Announcement &#x1f6a8;<\/p>\n<p>ART Grand Prix and <a href=\"https:\/\/twitter.com\/TPourchaire?ref_src=twsrc%5Etfw\">@TPourchaire<\/a> continue <a href=\"https:\/\/twitter.com\/Formula2?ref_src=twsrc%5Etfw\">@Formula2<\/a> campaign together.<\/p>\n<p>Find out more here: <a href=\"https:\/\/t.co\/8XdTckngC6\">https:\/\/t.co\/8XdTckngC6<\/a><\/p>\n<p>&#x1f4f8;: Formula Motorsport Ltd <a href=\"https:\/\/t.co\/CJreCIJslf\">pic.twitter.com\/CJreCIJslf<\/a><\/p>\n<p>\u2014 ART Grand Prix (@ARTGP) <a href=\"https:\/\/twitter.com\/ARTGP\/status\/1480509752807464960?ref_src=twsrc%5Etfw\">January 10, 2022<\/a><\/p><\/blockquote>\n<p><script async src=\"https:\/\/platform.twitter.com\/widgets.js\" charset=\"utf-8\"><\/script><\/p>\n<h2 style=\"text-align: justify;\">Un parcours marqu\u00e9 par les records<\/h2>\n<p style=\"text-align: justify;\">En 2020, <strong>Th\u00e9o Pourchaire<\/strong> concourrait dans le cat\u00e9gorie Formule 3 dans laquelle il a termin\u00e9 vice-champion derri\u00e8re Oscar Piastri. Il avait \u00e9galement particip\u00e9 \u00e0 quelques courses en fin de saison de Formule 2 avec l\u2019\u00e9curie HWA Racelab.<\/p>\n<p style=\"text-align: justify;\">Lors de la saison 2021, le Fran\u00e7ais originaire de Grasse a disput\u00e9 cette fois-ci la saison compl\u00e8te de Formule 2 avec l\u2019\u00e9curie tricolore ART Grand Prix. Il a notamment impressionn\u00e9 en r\u00e9alisant la pole position et en remportant la course principale de Monaco ! Le pilote fran\u00e7ais est devenu le plus jeune poleman et vainqueur de la cat\u00e9gorie \u00e0 17 ans, 9 mois et 3 jours.<\/p>\n<p style=\"text-align: justify;\"><iframe loading=\"lazy\" title=\"YouTube video player\" src=\"https:\/\/www.youtube.com\/embed\/oypkrPCMwRo\" width=\"853\" height=\"480\" frameborder=\"0\" allowfullscreen=\"allowfullscreen\"><\/iframe>Pourchaire poursuit ensuite les \u00e9tapes de la saison jusqu\u2019au moment o\u00f9 il est victime d\u2019un malheureux accident en course \u00e0 Baku. Le poignet cass\u00e9, il r\u00e9ussira finalement \u00e0 revenir pour le Grand Prix de Grande-Bretagne, mais frein\u00e9 dans sa course au titre. A Monza, il a remport\u00e9 la premi\u00e8re course sprint et se relan\u00e7ait puisque toujours pr\u00e9tendant au titre d\u2019un point de vue comptable.<\/p>\n<blockquote class=\"twitter-tweet\">\n<p dir=\"ltr\" lang=\"fr\">&#x1f3c1; LA VICTOIRE FRANCAISE !! &#x1f3c1;<\/p>\n<p>&#x1f3c6; Theo Pourchaire s&rsquo;est impos\u00e9 ce matin dans la premi\u00e8re course de F2 du week-end !<\/p>\n<p>Une nouvelle marseillaise \u00e0 Monza apr\u00e8s celle de Pierre Gasly l&rsquo;an dernier !<\/p>\n<p>LE CRACK !! VIVE LA FRANCE !! &#x1f1eb;&#x1f1f7;<a href=\"https:\/\/twitter.com\/hashtag\/F2?src=hash&amp;ref_src=twsrc%5Etfw\">#F2<\/a> <a href=\"https:\/\/twitter.com\/hashtag\/ItalianGP?src=hash&amp;ref_src=twsrc%5Etfw\">#ItalianGP<\/a> &#x1f1ee;&#x1f1f9; <a href=\"https:\/\/t.co\/K9z5FOfgKv\">pic.twitter.com\/K9z5FOfgKv<\/a><\/p>\n<p>\u2014 Off Track (@OffTrack_FR) <a href=\"https:\/\/twitter.com\/OffTrack_FR\/status\/1436613592699318274?ref_src=twsrc%5Etfw\">September 11, 2021<\/a><\/p><\/blockquote>\n<p><script async src=\"https:\/\/platform.twitter.com\/widgets.js\" charset=\"utf-8\"><\/script><\/p>\n<h2 style=\"text-align: justify;\">Une fin de saison 2021 difficile<\/h2>\n<p style=\"text-align: justify;\">Lors de l&rsquo;avant-dernier Grand Prix \u00e0 Jeddah en Arabie Saoudite, c&rsquo;est la stup\u00e9faction au d\u00e9part de la course principale du week-end. Alors deuxi\u00e8me au d\u00e9part, le pilote ART GP a cal\u00e9 sans d\u00e9marrer et le Br\u00e9silien Enzo Fittipaldi n&rsquo;a pu l&rsquo;\u00e9viter en partant en fond de grille. Le choc est violent et impressionnant et a entra\u00een\u00e9 un drapeau rouge \u00e9vident. L&rsquo;attente est tr\u00e8s longue mais finalement, les deux pilotes vont bien. Enzo Fittipaldi a n\u00e9anmoins eu le talon cass\u00e9 et quelques blessures superficielles. Th\u00e9o Pourchaire est quant \u00e0 lui choqu\u00e9, mais il a pu participer au dernier Grand Prix une semaine apr\u00e8s.<\/p>\n<p style=\"text-align: justify;\">Finalement, le Tricolore finira 5<sup>\u00e8me<\/sup> du championnat du monde de Formule 2 en 2021 alors que <strong>Oscar Piastri<\/strong> a domin\u00e9 la saison. Le Fran\u00e7ais et l\u2019Australien faisaient partie des pr\u00e9tendants au si\u00e8ge libre de Alfa Romeo en Formule 1. C\u2019est finalement le Chinois <strong>Guanyu Zhou<\/strong>, troisi\u00e8me de la F2 cette ann\u00e9e, qui a obtenu ce privil\u00e8ge. En 2022, <strong>Oscar Piastri<\/strong> sera pilote de r\u00e9serve de l\u2019\u00e9curie Alpine F1 et <strong>Th\u00e9o Pourchaire <\/strong>retentera sa chance en Formule 2 avec l\u2019\u00e9curie ART Grand Prix. La saison prochain, la F2 changera d\u2019ailleurs de format avec un calendrier bien rempli qui promet de nous offrir des moments passionnants.<\/p>\n<blockquote class=\"twitter-tweet\">\n<p dir=\"ltr\" lang=\"en\">\u2517\u2501\u2513\u2503\u2503\u250f\u2513\u2503\u2517\u2501\u2513\u2503\u2517\u2501\u2513\u2503<br \/>\n\u250f\u2501\u251b\u2503\u2503\u2503\u2503\u2503\u250f\u2501\u251b\u2503\u250f\u2501\u251b\u2503<br \/>\nOUR BIGGEST SEASON EVER!<br \/>\n\u2503\u250f\u2501\u251b\u2503\u2503\u2503\u2503\u2503\u250f\u2501\u251b\u2503\u250f\u2501\u251b<br \/>\n\u2503\u2517\u2501\u2513\u2503\u2517\u251b\u2503\u2503\u2517\u2501\u2513\u2503\u2517\u2501\u2513<br \/>\n\u2517\u2501\u2501\u251b\u2517\u2501\u2501\u251b\u2517\u2501\u2501\u251b\u2517\u2501\u2501\u251b <a href=\"https:\/\/t.co\/xKWT1XW2tE\">pic.twitter.com\/xKWT1XW2tE<\/a><\/p>\n<p>\u2014 Formula 2 (@Formula2) <a href=\"https:\/\/twitter.com\/Formula2\/status\/1477280629108756482?ref_src=twsrc%5Etfw\">January 1, 2022<\/a><\/p><\/blockquote>\n<p><script async src=\"https:\/\/platform.twitter.com\/widgets.js\" charset=\"utf-8\"><\/script><\/p>\n<h2 style=\"text-align: justify;\">A lire aussi<\/h2>\n<ul>\n<li style=\"text-align: justify;\"><strong><a href=\"https:\/\/dicodusport.fr\/blog\/formule-2-theo-pourchaire-s-impose-a-monaco-du-haut-de-ses-17-ans\/\">Th\u00e9o Pourchaire s\u2019impose \u00e0 Monaco du haut de ses 17 ans !<\/a><\/strong><\/li>\n<li style=\"text-align: justify;\"><a href=\"https:\/\/dicodusport.fr\/blog\/formule-2-nouvelle-victoire-de-theo-pourchaire-course-sprint-1-monza\/\"><strong>Nouvelle victoire de Th\u00e9o Pourchaire lors de la course sprint 1 de Monza<\/strong><\/a><\/li>\n<li style=\"text-align: justify;\"><a href=\"https:\/\/dicodusport.fr\/blog\/formule-2-oscar-piastri-sacre-champion-a-abu-dhabi\/\"><strong>Oscar Piastri sacr\u00e9 champion \u00e0 Abu Dhabi<\/strong><\/a><\/li>\n<\/ul>\n","protected":false},"excerpt":{"rendered":"<p>FORMULE 2 &#8211; Apr\u00e8s une saison prometteuse en Formule 2, le pilote fran\u00e7ais Th\u00e9o Pourchaire a annonc\u00e9 avoir sign\u00e9 un nouveau contrat. Il continuera \u00e0 \u00e9voluer avec l\u2019\u00e9curie tricolore ART Grand Prix pour esp\u00e9rer d\u00e9crocher le titre de la cat\u00e9gorie en 2022.<\/p>\n","protected":false},"author":54,"featured_media":165633,"comment_status":"open","ping_status":"closed","sticky":false,"template":"","format":"standard","meta":{"_acf_changed":false,"_daextam_enable_autolinks":"","footnotes":""},"categories":[47086],"tags":[12085,24,11090],"class_list":["post-190297","post","type-post","status-publish","format-standard","has-post-thumbnail","hentry","category-formules-de-promotion","tag-formule-2","tag-sport","tag-theo-pourchaire"],"acf":[],"yoast_head":"<!-- This site is optimized with the Yoast SEO Premium plugin v26.7 (Yoast SEO v26.7) - https:\/\/yoast.com\/wordpress\/plugins\/seo\/ -->\n<title>Formule 2 : Th\u00e9o Pourchaire continue avec ART Grand Prix en 2022 - Dicodusport<\/title>\n<meta name=\"description\" content=\"Le Fran\u00e7ais Th\u00e9o Pourchaire tentera \u00e0 nouveau de d\u00e9crocher le titre de Formule 2 la saison prochaine avec ART Grand Prix.\" \/>\n<meta name=\"robots\" content=\"index, follow, max-snippet:-1, max-image-preview:large, max-video-preview:-1\" \/>\n<link rel=\"canonical\" href=\"https:\/\/dicodusport.fr\/blog\/formule-2-theo-pourchaire-continue-avec-art-grand-prix-en-2022\/\" \/>\n<meta property=\"og:locale\" content=\"fr_FR\" \/>\n<meta property=\"og:type\" content=\"article\" \/>\n<meta property=\"og:title\" content=\"Formule 2 : Th\u00e9o Pourchaire continue avec ART Grand Prix en 2022\" \/>\n<meta property=\"og:description\" content=\"Le Fran\u00e7ais Th\u00e9o Pourchaire tentera \u00e0 nouveau de d\u00e9crocher le titre de Formule 2 la saison prochaine avec ART Grand Prix.\" \/>\n<meta property=\"og:url\" content=\"https:\/\/dicodusport.fr\/blog\/formule-2-theo-pourchaire-continue-avec-art-grand-prix-en-2022\/\" \/>\n<meta property=\"og:site_name\" content=\"Dicodusport\" \/>\n<meta property=\"article:publisher\" content=\"https:\/\/www.facebook.com\/dicodusport\" \/>\n<meta property=\"article:author\" content=\"https:\/\/www.facebook.com\/roxane.lecacher\" \/>\n<meta property=\"article:published_time\" content=\"2022-01-10T13:49:19+00:00\" \/>\n<meta property=\"article:modified_time\" content=\"2022-01-10T15:13:08+00:00\" \/>\n<meta property=\"og:image\" content=\"https:\/\/dicodusport.fr\/blog\/wp-content\/uploads\/2021\/09\/Formule-2-Nouvelle-victoire-de-Theo-Pourchaire-lors-de-la-course-sprint-1-de-Monza.png\" \/>\n\t<meta property=\"og:image:width\" content=\"800\" \/>\n\t<meta property=\"og:image:height\" content=\"445\" \/>\n\t<meta property=\"og:image:type\" content=\"image\/png\" \/>\n<meta name=\"author\" content=\"Roxane Lecacher\" \/>\n<meta name=\"twitter:card\" content=\"summary_large_image\" \/>\n<meta name=\"twitter:title\" content=\"Formule 2 : Th\u00e9o Pourchaire continue avec ART Grand Prix en 2022\" \/>\n<meta name=\"twitter:creator\" content=\"@dicodusport\" \/>\n<meta name=\"twitter:site\" content=\"@dicodusport\" \/>\n<script type=\"application\/ld+json\" class=\"yoast-schema-graph\">{\"@context\":\"https:\/\/schema.org\",\"@graph\":[{\"@type\":\"NewsArticle\",\"@id\":\"https:\/\/dicodusport.fr\/blog\/formule-2-theo-pourchaire-continue-avec-art-grand-prix-en-2022\/#article\",\"isPartOf\":{\"@id\":\"https:\/\/dicodusport.fr\/blog\/formule-2-theo-pourchaire-continue-avec-art-grand-prix-en-2022\/\"},\"author\":{\"name\":\"Roxane Lecacher\",\"@id\":\"https:\/\/dicodusport.fr\/blog\/#\/schema\/person\/819fb2545dd2715bd7c0580d6d4b411a\"},\"headline\":\"Formule 2 : Th\u00e9o Pourchaire continue avec ART Grand Prix en 2022\",\"datePublished\":\"2022-01-10T13:49:19+00:00\",\"dateModified\":\"2022-01-10T15:13:08+00:00\",\"mainEntityOfPage\":{\"@id\":\"https:\/\/dicodusport.fr\/blog\/formule-2-theo-pourchaire-continue-avec-art-grand-prix-en-2022\/\"},\"wordCount\":648,\"commentCount\":0,\"publisher\":{\"@id\":\"https:\/\/dicodusport.fr\/blog\/#organization\"},\"image\":{\"@id\":\"https:\/\/dicodusport.fr\/blog\/formule-2-theo-pourchaire-continue-avec-art-grand-prix-en-2022\/#primaryimage\"},\"thumbnailUrl\":\"https:\/\/dicodusport.fr\/blog\/wp-content\/uploads\/2021\/09\/Formule-2-Nouvelle-victoire-de-Theo-Pourchaire-lors-de-la-course-sprint-1-de-Monza.png\",\"keywords\":[\"Formule 2\",\"sport\",\"Th\u00e9o Pourchaire\"],\"articleSection\":[\"Formules de promotion\"],\"inLanguage\":\"fr-FR\",\"potentialAction\":[{\"@type\":\"CommentAction\",\"name\":\"Comment\",\"target\":[\"https:\/\/dicodusport.fr\/blog\/formule-2-theo-pourchaire-continue-avec-art-grand-prix-en-2022\/#respond\"]}],\"copyrightYear\":\"2022\",\"copyrightHolder\":{\"@id\":\"https:\/\/dicodusport.fr\/blog\/#organization\"}},{\"@type\":\"WebPage\",\"@id\":\"https:\/\/dicodusport.fr\/blog\/formule-2-theo-pourchaire-continue-avec-art-grand-prix-en-2022\/\",\"url\":\"https:\/\/dicodusport.fr\/blog\/formule-2-theo-pourchaire-continue-avec-art-grand-prix-en-2022\/\",\"name\":\"Formule 2 : Th\u00e9o Pourchaire continue avec ART Grand Prix en 2022 - Dicodusport\",\"isPartOf\":{\"@id\":\"https:\/\/dicodusport.fr\/blog\/#website\"},\"primaryImageOfPage\":{\"@id\":\"https:\/\/dicodusport.fr\/blog\/formule-2-theo-pourchaire-continue-avec-art-grand-prix-en-2022\/#primaryimage\"},\"image\":{\"@id\":\"https:\/\/dicodusport.fr\/blog\/formule-2-theo-pourchaire-continue-avec-art-grand-prix-en-2022\/#primaryimage\"},\"thumbnailUrl\":\"https:\/\/dicodusport.fr\/blog\/wp-content\/uploads\/2021\/09\/Formule-2-Nouvelle-victoire-de-Theo-Pourchaire-lors-de-la-course-sprint-1-de-Monza.png\",\"datePublished\":\"2022-01-10T13:49:19+00:00\",\"dateModified\":\"2022-01-10T15:13:08+00:00\",\"description\":\"Le Fran\u00e7ais Th\u00e9o Pourchaire tentera \u00e0 nouveau de d\u00e9crocher le titre de Formule 2 la saison prochaine avec ART Grand Prix.\",\"breadcrumb\":{\"@id\":\"https:\/\/dicodusport.fr\/blog\/formule-2-theo-pourchaire-continue-avec-art-grand-prix-en-2022\/#breadcrumb\"},\"inLanguage\":\"fr-FR\",\"potentialAction\":[{\"@type\":\"ReadAction\",\"target\":[\"https:\/\/dicodusport.fr\/blog\/formule-2-theo-pourchaire-continue-avec-art-grand-prix-en-2022\/\"]}]},{\"@type\":\"ImageObject\",\"inLanguage\":\"fr-FR\",\"@id\":\"https:\/\/dicodusport.fr\/blog\/formule-2-theo-pourchaire-continue-avec-art-grand-prix-en-2022\/#primaryimage\",\"url\":\"https:\/\/dicodusport.fr\/blog\/wp-content\/uploads\/2021\/09\/Formule-2-Nouvelle-victoire-de-Theo-Pourchaire-lors-de-la-course-sprint-1-de-Monza.png\",\"contentUrl\":\"https:\/\/dicodusport.fr\/blog\/wp-content\/uploads\/2021\/09\/Formule-2-Nouvelle-victoire-de-Theo-Pourchaire-lors-de-la-course-sprint-1-de-Monza.png\",\"width\":800,\"height\":445,\"caption\":\"Formule 2 : Nouvelle victoire de Th\u00e9o Pourchaire lors de la course sprint 1 de Monza\"},{\"@type\":\"BreadcrumbList\",\"@id\":\"https:\/\/dicodusport.fr\/blog\/formule-2-theo-pourchaire-continue-avec-art-grand-prix-en-2022\/#breadcrumb\",\"itemListElement\":[{\"@type\":\"ListItem\",\"position\":1,\"name\":\"Accueil\",\"item\":\"https:\/\/dicodusport.fr\/blog\/\"},{\"@type\":\"ListItem\",\"position\":2,\"name\":\"Formule 2 : Th\u00e9o Pourchaire continue avec ART Grand Prix en 2022\"}]},{\"@type\":\"WebSite\",\"@id\":\"https:\/\/dicodusport.fr\/blog\/#website\",\"url\":\"https:\/\/dicodusport.fr\/blog\/\",\"name\":\"Dicodusport\",\"description\":\"L&#039;encyclop\u00e9die de l&#039;actualit\u00e9 sportive\",\"publisher\":{\"@id\":\"https:\/\/dicodusport.fr\/blog\/#organization\"},\"potentialAction\":[{\"@type\":\"SearchAction\",\"target\":{\"@type\":\"EntryPoint\",\"urlTemplate\":\"https:\/\/dicodusport.fr\/blog\/?s={search_term_string}\"},\"query-input\":{\"@type\":\"PropertyValueSpecification\",\"valueRequired\":true,\"valueName\":\"search_term_string\"}}],\"inLanguage\":\"fr-FR\"},{\"@type\":\"NewsMediaOrganization\",\"@id\":\"https:\/\/dicodusport.fr\/blog\/#organization\",\"name\":\"Dicodusport\",\"url\":\"https:\/\/dicodusport.fr\/blog\/\",\"logo\":{\"@type\":\"ImageObject\",\"inLanguage\":\"fr-FR\",\"@id\":\"https:\/\/dicodusport.fr\/blog\/#\/schema\/logo\/image\/\",\"url\":\"https:\/\/dicodusport.fr\/blog\/wp-content\/uploads\/2020\/06\/cropped-LOGO-DICODUSPORT-2020-SANS-FOND-SANS-TEXTE.png\",\"contentUrl\":\"https:\/\/dicodusport.fr\/blog\/wp-content\/uploads\/2020\/06\/cropped-LOGO-DICODUSPORT-2020-SANS-FOND-SANS-TEXTE.png\",\"width\":512,\"height\":512,\"caption\":\"Dicodusport\"},\"image\":{\"@id\":\"https:\/\/dicodusport.fr\/blog\/#\/schema\/logo\/image\/\"},\"sameAs\":[\"https:\/\/www.facebook.com\/dicodusport\",\"https:\/\/x.com\/dicodusport\",\"https:\/\/www.instagram.com\/dicodusport\/\",\"https:\/\/www.youtube.com\/channel\/UC7V2KZ5sd3htJivAbA4ZG3w\"],\"description\":\"Dicodusport est l'encyclop\u00e9die de l'actualit\u00e9 sportive.\",\"email\":\"bonjour@dicodusport.fr\",\"legalName\":\"DICODUSPORT\",\"foundingDate\":\"2018-01-14\",\"vatID\":\"FR71834470973\",\"taxID\":\"83447097300043\",\"numberOfEmployees\":{\"@type\":\"QuantitativeValue\",\"minValue\":\"1\",\"maxValue\":\"10\"}},{\"@type\":\"Person\",\"@id\":\"https:\/\/dicodusport.fr\/blog\/#\/schema\/person\/819fb2545dd2715bd7c0580d6d4b411a\",\"name\":\"Roxane Lecacher\",\"image\":{\"@type\":\"ImageObject\",\"inLanguage\":\"fr-FR\",\"@id\":\"https:\/\/dicodusport.fr\/blog\/#\/schema\/person\/image\/\",\"url\":\"https:\/\/dicodusport.fr\/blog\/wp-content\/uploads\/2021\/05\/Roxane-Lecacher-150x150.jpg\",\"contentUrl\":\"https:\/\/dicodusport.fr\/blog\/wp-content\/uploads\/2021\/05\/Roxane-Lecacher-150x150.jpg\",\"caption\":\"Roxane Lecacher\"},\"description\":\"Journaliste\/r\u00e9dactrice depuis janvier 2021 - N\u00e9e quelques jours avant la premi\u00e8re \u00e9toile des Bleus, je baigne dans une famille tr\u00e8s sportive. Je n\u2019ai eu d\u2019autres choix que de me passionner pour le sujet. Pratiquante de l\u2019athl\u00e9tisme depuis toute petite, j\u2019ai aussi un attrait tout particulier pour la Formule 1, le biathlon et le foot. Pendant les grands \u00e9v\u00e9nements, il est impossible de d\u00e9crocher de ma t\u00e9l\u00e9. C\u2019est \u00e0 travers Dicodusport que j\u2019aime d\u00e9sormais vous transmettre mes \u00e9motions et ma passion.\",\"sameAs\":[\"https:\/\/www.facebook.com\/roxane.lecacher\",\"https:\/\/fr.linkedin.com\/in\/roxane-lecacher-23368313b\"],\"url\":\"https:\/\/dicodusport.fr\/blog\/author\/roxanel\/\"}]}<\/script>\n<!-- \/ Yoast SEO Premium plugin. -->","yoast_head_json":{"title":"Formule 2 : Th\u00e9o Pourchaire continue avec ART Grand Prix en 2022 - Dicodusport","description":"Le Fran\u00e7ais Th\u00e9o Pourchaire tentera \u00e0 nouveau de d\u00e9crocher le titre de Formule 2 la saison prochaine avec ART Grand Prix.","robots":{"index":"index","follow":"follow","max-snippet":"max-snippet:-1","max-image-preview":"max-image-preview:large","max-video-preview":"max-video-preview:-1"},"canonical":"https:\/\/dicodusport.fr\/blog\/formule-2-theo-pourchaire-continue-avec-art-grand-prix-en-2022\/","og_locale":"fr_FR","og_type":"article","og_title":"Formule 2 : Th\u00e9o Pourchaire continue avec ART Grand Prix en 2022","og_description":"Le Fran\u00e7ais Th\u00e9o Pourchaire tentera \u00e0 nouveau de d\u00e9crocher le titre de Formule 2 la saison prochaine avec ART Grand Prix.","og_url":"https:\/\/dicodusport.fr\/blog\/formule-2-theo-pourchaire-continue-avec-art-grand-prix-en-2022\/","og_site_name":"Dicodusport","article_publisher":"https:\/\/www.facebook.com\/dicodusport","article_author":"https:\/\/www.facebook.com\/roxane.lecacher","article_published_time":"2022-01-10T13:49:19+00:00","article_modified_time":"2022-01-10T15:13:08+00:00","og_image":[{"width":800,"height":445,"url":"https:\/\/dicodusport.fr\/blog\/wp-content\/uploads\/2021\/09\/Formule-2-Nouvelle-victoire-de-Theo-Pourchaire-lors-de-la-course-sprint-1-de-Monza.png","type":"image\/png"}],"author":"Roxane Lecacher","twitter_card":"summary_large_image","twitter_title":"Formule 2 : Th\u00e9o Pourchaire continue avec ART Grand Prix en 2022","twitter_creator":"@dicodusport","twitter_site":"@dicodusport","schema":{"@context":"https:\/\/schema.org","@graph":[{"@type":"NewsArticle","@id":"https:\/\/dicodusport.fr\/blog\/formule-2-theo-pourchaire-continue-avec-art-grand-prix-en-2022\/#article","isPartOf":{"@id":"https:\/\/dicodusport.fr\/blog\/formule-2-theo-pourchaire-continue-avec-art-grand-prix-en-2022\/"},"author":{"name":"Roxane Lecacher","@id":"https:\/\/dicodusport.fr\/blog\/#\/schema\/person\/819fb2545dd2715bd7c0580d6d4b411a"},"headline":"Formule 2 : Th\u00e9o Pourchaire continue avec ART Grand Prix en 2022","datePublished":"2022-01-10T13:49:19+00:00","dateModified":"2022-01-10T15:13:08+00:00","mainEntityOfPage":{"@id":"https:\/\/dicodusport.fr\/blog\/formule-2-theo-pourchaire-continue-avec-art-grand-prix-en-2022\/"},"wordCount":648,"commentCount":0,"publisher":{"@id":"https:\/\/dicodusport.fr\/blog\/#organization"},"image":{"@id":"https:\/\/dicodusport.fr\/blog\/formule-2-theo-pourchaire-continue-avec-art-grand-prix-en-2022\/#primaryimage"},"thumbnailUrl":"https:\/\/dicodusport.fr\/blog\/wp-content\/uploads\/2021\/09\/Formule-2-Nouvelle-victoire-de-Theo-Pourchaire-lors-de-la-course-sprint-1-de-Monza.png","keywords":["Formule 2","sport","Th\u00e9o Pourchaire"],"articleSection":["Formules de promotion"],"inLanguage":"fr-FR","potentialAction":[{"@type":"CommentAction","name":"Comment","target":["https:\/\/dicodusport.fr\/blog\/formule-2-theo-pourchaire-continue-avec-art-grand-prix-en-2022\/#respond"]}],"copyrightYear":"2022","copyrightHolder":{"@id":"https:\/\/dicodusport.fr\/blog\/#organization"}},{"@type":"WebPage","@id":"https:\/\/dicodusport.fr\/blog\/formule-2-theo-pourchaire-continue-avec-art-grand-prix-en-2022\/","url":"https:\/\/dicodusport.fr\/blog\/formule-2-theo-pourchaire-continue-avec-art-grand-prix-en-2022\/","name":"Formule 2 : Th\u00e9o Pourchaire continue avec ART Grand Prix en 2022 - Dicodusport","isPartOf":{"@id":"https:\/\/dicodusport.fr\/blog\/#website"},"primaryImageOfPage":{"@id":"https:\/\/dicodusport.fr\/blog\/formule-2-theo-pourchaire-continue-avec-art-grand-prix-en-2022\/#primaryimage"},"image":{"@id":"https:\/\/dicodusport.fr\/blog\/formule-2-theo-pourchaire-continue-avec-art-grand-prix-en-2022\/#primaryimage"},"thumbnailUrl":"https:\/\/dicodusport.fr\/blog\/wp-content\/uploads\/2021\/09\/Formule-2-Nouvelle-victoire-de-Theo-Pourchaire-lors-de-la-course-sprint-1-de-Monza.png","datePublished":"2022-01-10T13:49:19+00:00","dateModified":"2022-01-10T15:13:08+00:00","description":"Le Fran\u00e7ais Th\u00e9o Pourchaire tentera \u00e0 nouveau de d\u00e9crocher le titre de Formule 2 la saison prochaine avec ART Grand Prix.","breadcrumb":{"@id":"https:\/\/dicodusport.fr\/blog\/formule-2-theo-pourchaire-continue-avec-art-grand-prix-en-2022\/#breadcrumb"},"inLanguage":"fr-FR","potentialAction":[{"@type":"ReadAction","target":["https:\/\/dicodusport.fr\/blog\/formule-2-theo-pourchaire-continue-avec-art-grand-prix-en-2022\/"]}]},{"@type":"ImageObject","inLanguage":"fr-FR","@id":"https:\/\/dicodusport.fr\/blog\/formule-2-theo-pourchaire-continue-avec-art-grand-prix-en-2022\/#primaryimage","url":"https:\/\/dicodusport.fr\/blog\/wp-content\/uploads\/2021\/09\/Formule-2-Nouvelle-victoire-de-Theo-Pourchaire-lors-de-la-course-sprint-1-de-Monza.png","contentUrl":"https:\/\/dicodusport.fr\/blog\/wp-content\/uploads\/2021\/09\/Formule-2-Nouvelle-victoire-de-Theo-Pourchaire-lors-de-la-course-sprint-1-de-Monza.png","width":800,"height":445,"caption":"Formule 2 : Nouvelle victoire de Th\u00e9o Pourchaire lors de la course sprint 1 de Monza"},{"@type":"BreadcrumbList","@id":"https:\/\/dicodusport.fr\/blog\/formule-2-theo-pourchaire-continue-avec-art-grand-prix-en-2022\/#breadcrumb","itemListElement":[{"@type":"ListItem","position":1,"name":"Accueil","item":"https:\/\/dicodusport.fr\/blog\/"},{"@type":"ListItem","position":2,"name":"Formule 2 : Th\u00e9o Pourchaire continue avec ART Grand Prix en 2022"}]},{"@type":"WebSite","@id":"https:\/\/dicodusport.fr\/blog\/#website","url":"https:\/\/dicodusport.fr\/blog\/","name":"Dicodusport","description":"L&#039;encyclop\u00e9die de l&#039;actualit\u00e9 sportive","publisher":{"@id":"https:\/\/dicodusport.fr\/blog\/#organization"},"potentialAction":[{"@type":"SearchAction","target":{"@type":"EntryPoint","urlTemplate":"https:\/\/dicodusport.fr\/blog\/?s={search_term_string}"},"query-input":{"@type":"PropertyValueSpecification","valueRequired":true,"valueName":"search_term_string"}}],"inLanguage":"fr-FR"},{"@type":"NewsMediaOrganization","@id":"https:\/\/dicodusport.fr\/blog\/#organization","name":"Dicodusport","url":"https:\/\/dicodusport.fr\/blog\/","logo":{"@type":"ImageObject","inLanguage":"fr-FR","@id":"https:\/\/dicodusport.fr\/blog\/#\/schema\/logo\/image\/","url":"https:\/\/dicodusport.fr\/blog\/wp-content\/uploads\/2020\/06\/cropped-LOGO-DICODUSPORT-2020-SANS-FOND-SANS-TEXTE.png","contentUrl":"https:\/\/dicodusport.fr\/blog\/wp-content\/uploads\/2020\/06\/cropped-LOGO-DICODUSPORT-2020-SANS-FOND-SANS-TEXTE.png","width":512,"height":512,"caption":"Dicodusport"},"image":{"@id":"https:\/\/dicodusport.fr\/blog\/#\/schema\/logo\/image\/"},"sameAs":["https:\/\/www.facebook.com\/dicodusport","https:\/\/x.com\/dicodusport","https:\/\/www.instagram.com\/dicodusport\/","https:\/\/www.youtube.com\/channel\/UC7V2KZ5sd3htJivAbA4ZG3w"],"description":"Dicodusport est l'encyclop\u00e9die de l'actualit\u00e9 sportive.","email":"bonjour@dicodusport.fr","legalName":"DICODUSPORT","foundingDate":"2018-01-14","vatID":"FR71834470973","taxID":"83447097300043","numberOfEmployees":{"@type":"QuantitativeValue","minValue":"1","maxValue":"10"}},{"@type":"Person","@id":"https:\/\/dicodusport.fr\/blog\/#\/schema\/person\/819fb2545dd2715bd7c0580d6d4b411a","name":"Roxane Lecacher","image":{"@type":"ImageObject","inLanguage":"fr-FR","@id":"https:\/\/dicodusport.fr\/blog\/#\/schema\/person\/image\/","url":"https:\/\/dicodusport.fr\/blog\/wp-content\/uploads\/2021\/05\/Roxane-Lecacher-150x150.jpg","contentUrl":"https:\/\/dicodusport.fr\/blog\/wp-content\/uploads\/2021\/05\/Roxane-Lecacher-150x150.jpg","caption":"Roxane Lecacher"},"description":"Journaliste\/r\u00e9dactrice depuis janvier 2021 - N\u00e9e quelques jours avant la premi\u00e8re \u00e9toile des Bleus, je baigne dans une famille tr\u00e8s sportive. Je n\u2019ai eu d\u2019autres choix que de me passionner pour le sujet. Pratiquante de l\u2019athl\u00e9tisme depuis toute petite, j\u2019ai aussi un attrait tout particulier pour la Formule 1, le biathlon et le foot. Pendant les grands \u00e9v\u00e9nements, il est impossible de d\u00e9crocher de ma t\u00e9l\u00e9. C\u2019est \u00e0 travers Dicodusport que j\u2019aime d\u00e9sormais vous transmettre mes \u00e9motions et ma passion.","sameAs":["https:\/\/www.facebook.com\/roxane.lecacher","https:\/\/fr.linkedin.com\/in\/roxane-lecacher-23368313b"],"url":"https:\/\/dicodusport.fr\/blog\/author\/roxanel\/"}]}},"_links":{"self":[{"href":"https:\/\/dicodusport.fr\/blog\/wp-json\/wp\/v2\/posts\/190297","targetHints":{"allow":["GET"]}}],"collection":[{"href":"https:\/\/dicodusport.fr\/blog\/wp-json\/wp\/v2\/posts"}],"about":[{"href":"https:\/\/dicodusport.fr\/blog\/wp-json\/wp\/v2\/types\/post"}],"author":[{"embeddable":true,"href":"https:\/\/dicodusport.fr\/blog\/wp-json\/wp\/v2\/users\/54"}],"replies":[{"embeddable":true,"href":"https:\/\/dicodusport.fr\/blog\/wp-json\/wp\/v2\/comments?post=190297"}],"version-history":[{"count":0,"href":"https:\/\/dicodusport.fr\/blog\/wp-json\/wp\/v2\/posts\/190297\/revisions"}],"wp:featuredmedia":[{"embeddable":true,"href":"https:\/\/dicodusport.fr\/blog\/wp-json\/wp\/v2\/media\/165633"}],"wp:attachment":[{"href":"https:\/\/dicodusport.fr\/blog\/wp-json\/wp\/v2\/media?parent=190297"}],"wp:term":[{"taxonomy":"category","embeddable":true,"href":"https:\/\/dicodusport.fr\/blog\/wp-json\/wp\/v2\/categories?post=190297"},{"taxonomy":"post_tag","embeddable":true,"href":"https:\/\/dicodusport.fr\/blog\/wp-json\/wp\/v2\/tags?post=190297"}],"curies":[{"name":"wp","href":"https:\/\/api.w.org\/{rel}","templated":true}]}}