{"id":190312,"date":"2022-01-12T18:02:47","date_gmt":"2022-01-12T17:02:47","guid":{"rendered":"https:\/\/dicodusport.fr\/blog\/?p=190312"},"modified":"2022-01-14T14:09:06","modified_gmt":"2022-01-14T13:09:06","slug":"coupe-du-monde-de-ski-alpin-ce-quil-faut-savoir-sur-les-courses-de-wengen","status":"publish","type":"post","link":"https:\/\/dicodusport.fr\/blog\/coupe-du-monde-de-ski-alpin-ce-quil-faut-savoir-sur-les-courses-de-wengen\/","title":{"rendered":"Coupe du monde de ski alpin : Ce qu&rsquo;il faut savoir sur les courses de Wengen"},"content":{"rendered":"<p style=\"text-align: justify;\"><em><span class=\"tojvnm2t a6sixzi8 abs2jz4q a8s20v7p t1p8iaqh k5wvi7nf q3lfd5jv pk4s997a bipmatt0 cebpdrjk qowsmv63 owwhemhu dp1hu0rb dhp61c6y iyyx5f41\"><strong><b><i><a href=\"https:\/\/dicodusport.fr\/blog\/actualites\/sports-dhiver\/ski\/coupe-du-monde-ski-alpin-2021-2022\/\">COUPE DU MONDE DE SKI ALPIN 2021-2022<\/a><\/i><\/b> \u2013 <\/strong><\/span><strong>Nous entrons dans une des p\u00e9riodes les plus excitantes de la saison ! Avant de rejoindre Kitzb\u00fchel, place au weekend \u00e0 Wengen. Direction les Alpes bernoises avec une piste sp\u00e9culaire avec 16 kilom\u00e8tres de coussins et de filets de s\u00e9curit\u00e9. Le Lauberhorn proposera la course la plus longue du circuit de la Coupe du monde sur une longueur de 4,455 km pour 2 minutes et demie d&rsquo;effort et sans doute la plus pittoresque depuis 1930.<\/strong> <\/em><\/p>\n<h2 style=\"text-align: justify;\">Une des descentes les plus spectaculaire<\/h2>\n<p style=\"text-align: justify;\">Les skieurs s&rsquo;\u00e9lanceront au pied de l&rsquo;Eiger \u00e0 2 315 m\u00e8tres avec une longue portion de glisse avant un long virage \u00e0 droite pour fr\u00f4ler un filet avant de tourner \u00e0 gauche pour atteindre le <strong>saut Russi<\/strong> o\u00f9 les skieurs d\u00e9colleront sur une vingtaine de m\u00e8tres.<\/p>\n<p style=\"text-align: justify;\">Apr\u00e8s un long schuss avec une toute petite compression et une double porte au pied droit en aveugle, il y a un petit virage \u00e0 droite pour un petit saut avant d&rsquo;atteindre une longue courbe \u00e0 gauche sur trois portes. Par la suite, les skieurs entreront sur une partie technique avec un gauche-droite qui m\u00e8ne \u00e0 la <strong>T\u00eate de chien<\/strong>, un impressionnant saut d&rsquo;une trentaine de m\u00e8tres entre deux rochers.<\/p>\n<p style=\"text-align: justify;\">Puis, ils p\u00e9n\u00e9treront dans la <strong>Minschkante<\/strong> avec un saut apr\u00e8s un double virage \u00e0 droite nomm\u00e9 le Coin de Canadiens avec un petit saut suivi d&rsquo;une petite compression avec l&rsquo;ancien d\u00e9part de la descente du combin\u00e9.<\/p>\n<p style=\"text-align: justify;\">Suivent l&rsquo;<strong>Alpweg<\/strong> et le <strong>Kernen-S<\/strong>, avec une portion de piste \u00e9troite d&rsquo;environ de 3 m\u00e8tres avec un droite-gauche o\u00f9 les skieurs ne doivent pas perdre de vitesse avant d&rsquo;attaquer le long schuss sur la Station d&rsquo;eau pour passer sous les chemins de fer de <strong>Wengernalpbahn<\/strong> pour arriver sur le <strong>Langentrejen<\/strong> par une partie plut\u00f4t plate.<\/p>\n<p style=\"text-align: justify;\">Ensuite, place \u00e0 la partie dite du Super-G o\u00f9 il faut absolument rester haut et ne pas marquer sous la porte afin d&rsquo;attaquer le <strong>Hanneggschuss<\/strong> avec le maximum de vitesse, la partie la plus rapide de la descente autour des 150 km\/h. Les skieurs passeront sur une petite passerelle au-dessus d&rsquo;une petite rivi\u00e8re.<\/p>\n<h2 style=\"text-align: justify;\">Pr\u00e8s de 2 minutes 30 d&rsquo;effort<\/h2>\n<p style=\"text-align: justify;\">Apr\u00e8s une petite partie technique, direction le <strong>Saut du Silberhorn<\/strong>, mais les cuisses commenceront \u00e0 s\u00e9rieusement piquer. Enfin, la course arrivera dans sa portion finale par le <strong>trou des Autrichiens<\/strong>, le <strong>Final-S<\/strong> qui a \u00e9t\u00e9 remani\u00e9 plusieurs reprises avec plusieurs \u00e9largissements o\u00f9 les skieurs longeront une b\u00e2che, le <strong>Schuss final<\/strong> pour une arriv\u00e9e \u00e0 une altitude de 1 287 m\u00e8tres dans la vall\u00e9e de Lauterbrunnen.<\/p>\n<p style=\"text-align: justify;\">Quatre Fran\u00e7ais se sont impos\u00e9s sur la descente de Wengen : <strong>Jean Blanc<\/strong> (1946), <strong>Guy P\u00e9rillat (<\/strong>1961),<strong> Jean-Claude Kill<\/strong>y (1967) et <strong>Henri Duvillard<\/strong> (1970).<\/p>\n<h2 style=\"text-align: justify;\">Programme :<\/h2>\n<p style=\"text-align: justify;\">&#8211; Super-G jeudi (12h30)<br \/>\n&#8211; 2 Descentes vendredi (12h30) et samedi (12h30)<br \/>\n&#8211; Slalom, dimanche (10h15 et 13h30)<\/p>\n<h2 style=\"text-align: justify;\">La s\u00e9lection fran\u00e7aise :<\/h2>\n<p style=\"text-align: justify;\">Nils ALLEGRE \u2013 D,SG<br \/>\nMatthieu BAILET \u2013 D,SG<br \/>\nJohan CLAREY \u2013 D,SG<br \/>\nMathieu FAIVRE \u2013 SG<br \/>\nBlaise GIEZENDANNER \u2013 D,SG<br \/>\nMaxence MUZATON \u2013 D<br \/>\nRoy PICCARD \u2013 SG<br \/>\nNicolas RAFFORT \u2013 D,SG<br \/>\nTh\u00e9o LETITRE \u2013 S<br \/>\nCl\u00e9ment NOEL \u2013 S<br \/>\nAlexis PINTURAULT \u2013 S<br \/>\nPaco RASSAT \u2013 S<\/p>\n<p><span class=\"PlzK7ZCftJF2RsEm3LCOx2ZgBVMdjU1ewQDs5gJHEvp3qbKi6Sq1dThaiIxXIYuDOMwNSAQc\"><\/p>\n<blockquote class=\"wp-embedded-content\" data-secret=\"dwjQ7r1tXB\"><p><a href=\"https:\/\/dicodusport.fr\/blog\/ski-alpin-coupe-du-monde-2021-2022-classement-general-hommes\/\">Ski alpin Coupe du monde 2021\/2022 : Classement g\u00e9n\u00e9ral hommes<\/a><\/p><\/blockquote>\n<p><iframe loading=\"lazy\" class=\"wp-embedded-content\" sandbox=\"allow-scripts\" security=\"restricted\" style=\"position: absolute; clip: rect(1px, 1px, 1px, 1px);\" title=\"\u00ab\u00a0Ski alpin Coupe du monde 2021\/2022 : Classement g\u00e9n\u00e9ral hommes\u00a0\u00bb &#8212; Dicodusport\" src=\"https:\/\/dicodusport.fr\/blog\/ski-alpin-coupe-du-monde-2021-2022-classement-general-hommes\/embed\/#?secret=dwjQ7r1tXB\" data-secret=\"dwjQ7r1tXB\" width=\"600\" height=\"338\" frameborder=\"0\" marginwidth=\"0\" marginheight=\"0\" scrolling=\"no\"><\/iframe><\/span><\/p>\n<p>&nbsp;<\/p>\n","protected":false},"excerpt":{"rendered":"<p>COUPE DU MONDE DE SKI ALPIN 2021-2022 \u2013 Nous entrons dans une des p\u00e9riodes les plus excitantes de la saison ! Avant de rejoindre Kitzb\u00fchel, place au weekend \u00e0 Wengen. Direction les Alpes bernoises avec une piste sp\u00e9culaire avec 16 kilom\u00e8tres de coussins et de filets de s\u00e9curit\u00e9. Le Lauberhorn proposera la course la plus longue du circuit de la Coupe du monde sur une longueur de 4,455 km pour 2 minutes et demi d&rsquo;effort et sans doute la plus pittoresque depuis 1930.<\/p>\n","protected":false},"author":48,"featured_media":190800,"comment_status":"open","ping_status":"closed","sticky":false,"template":"","format":"standard","meta":{"_acf_changed":false,"_daextam_enable_autolinks":"","footnotes":""},"categories":[47084],"tags":[12586,7091],"class_list":["post-190312","post","type-post","status-publish","format-standard","has-post-thumbnail","hentry","category-coupe-du-monde-ski-alpin","tag-coupe-du-monde-de-ski-alpin","tag-wengen"],"acf":[],"yoast_head":"<!-- This site is optimized with the Yoast SEO Premium plugin v26.7 (Yoast SEO v26.7) - https:\/\/yoast.com\/wordpress\/plugins\/seo\/ -->\n<title>Coupe du monde de ski alpin : Ce qu&#039;il faut savoir sur les courses de Wengen<\/title>\n<meta name=\"description\" content=\"COUPE DU MONDE DE SKI ALPIN \u2013 Nous entrons dans une des p\u00e9riodes les plus excitantes de la saison ! Avant Kitzb\u00fchel, place \u00e0 Wengen.\" \/>\n<meta name=\"robots\" content=\"index, follow, max-snippet:-1, max-image-preview:large, max-video-preview:-1\" \/>\n<link rel=\"canonical\" href=\"https:\/\/dicodusport.fr\/blog\/coupe-du-monde-de-ski-alpin-ce-quil-faut-savoir-sur-les-courses-de-wengen\/\" \/>\n<meta property=\"og:locale\" content=\"fr_FR\" \/>\n<meta property=\"og:type\" content=\"article\" \/>\n<meta property=\"og:title\" content=\"Coupe du monde de ski alpin : Ce qu&#039;il faut savoir sur les courses de Wengen\" \/>\n<meta property=\"og:description\" content=\"COUPE DU MONDE DE SKI ALPIN \u2013 Nous entrons dans une des p\u00e9riodes les plus excitantes de la saison ! Avant Kitzb\u00fchel, place \u00e0 Wengen.\" \/>\n<meta property=\"og:url\" content=\"https:\/\/dicodusport.fr\/blog\/coupe-du-monde-de-ski-alpin-ce-quil-faut-savoir-sur-les-courses-de-wengen\/\" \/>\n<meta property=\"og:site_name\" content=\"Dicodusport\" \/>\n<meta property=\"article:publisher\" content=\"https:\/\/www.facebook.com\/dicodusport\" \/>\n<meta property=\"article:author\" content=\"https:\/\/www.facebook.com\/groups\/LesRoisDuPeloton\" \/>\n<meta property=\"article:published_time\" content=\"2022-01-12T17:02:47+00:00\" \/>\n<meta property=\"article:modified_time\" content=\"2022-01-14T13:09:06+00:00\" \/>\n<meta property=\"og:image\" content=\"https:\/\/dicodusport.fr\/blog\/wp-content\/uploads\/2022\/01\/Coupe-du-monde-de-ski-alpin-Ce-quil-faut-savoir-sur-les-courses-de-Wengen.png\" \/>\n\t<meta property=\"og:image:width\" content=\"800\" \/>\n\t<meta property=\"og:image:height\" content=\"445\" \/>\n\t<meta property=\"og:image:type\" content=\"image\/png\" \/>\n<meta name=\"author\" content=\"Emilien Descampiaux\" \/>\n<meta name=\"twitter:card\" content=\"summary_large_image\" \/>\n<meta name=\"twitter:title\" content=\"Coupe du monde de ski alpin : Ce qu&#039;il faut savoir sur les courses de Wengen\" \/>\n<meta name=\"twitter:creator\" content=\"@https:\/\/twitter.com\/LRoisDuPeloton\" \/>\n<meta name=\"twitter:site\" content=\"@dicodusport\" \/>\n<script type=\"application\/ld+json\" class=\"yoast-schema-graph\">{\"@context\":\"https:\/\/schema.org\",\"@graph\":[{\"@type\":\"NewsArticle\",\"@id\":\"https:\/\/dicodusport.fr\/blog\/coupe-du-monde-de-ski-alpin-ce-quil-faut-savoir-sur-les-courses-de-wengen\/#article\",\"isPartOf\":{\"@id\":\"https:\/\/dicodusport.fr\/blog\/coupe-du-monde-de-ski-alpin-ce-quil-faut-savoir-sur-les-courses-de-wengen\/\"},\"author\":{\"name\":\"Emilien Descampiaux\",\"@id\":\"https:\/\/dicodusport.fr\/blog\/#\/schema\/person\/6db4bae06b171592211be385b32876a7\"},\"headline\":\"Coupe du monde de ski alpin : Ce qu&rsquo;il faut savoir sur les courses de Wengen\",\"datePublished\":\"2022-01-12T17:02:47+00:00\",\"dateModified\":\"2022-01-14T13:09:06+00:00\",\"mainEntityOfPage\":{\"@id\":\"https:\/\/dicodusport.fr\/blog\/coupe-du-monde-de-ski-alpin-ce-quil-faut-savoir-sur-les-courses-de-wengen\/\"},\"wordCount\":551,\"commentCount\":0,\"publisher\":{\"@id\":\"https:\/\/dicodusport.fr\/blog\/#organization\"},\"image\":{\"@id\":\"https:\/\/dicodusport.fr\/blog\/coupe-du-monde-de-ski-alpin-ce-quil-faut-savoir-sur-les-courses-de-wengen\/#primaryimage\"},\"thumbnailUrl\":\"https:\/\/dicodusport.fr\/blog\/wp-content\/uploads\/2022\/01\/Coupe-du-monde-de-ski-alpin-Ce-quil-faut-savoir-sur-les-courses-de-Wengen.png\",\"keywords\":[\"Coupe du monde de ski alpin\",\"Wengen\"],\"articleSection\":[\"Coupe du monde de ski alpin\"],\"inLanguage\":\"fr-FR\",\"potentialAction\":[{\"@type\":\"CommentAction\",\"name\":\"Comment\",\"target\":[\"https:\/\/dicodusport.fr\/blog\/coupe-du-monde-de-ski-alpin-ce-quil-faut-savoir-sur-les-courses-de-wengen\/#respond\"]}],\"copyrightYear\":\"2022\",\"copyrightHolder\":{\"@id\":\"https:\/\/dicodusport.fr\/blog\/#organization\"}},{\"@type\":\"WebPage\",\"@id\":\"https:\/\/dicodusport.fr\/blog\/coupe-du-monde-de-ski-alpin-ce-quil-faut-savoir-sur-les-courses-de-wengen\/\",\"url\":\"https:\/\/dicodusport.fr\/blog\/coupe-du-monde-de-ski-alpin-ce-quil-faut-savoir-sur-les-courses-de-wengen\/\",\"name\":\"Coupe du monde de ski alpin : Ce qu'il faut savoir sur les courses de Wengen\",\"isPartOf\":{\"@id\":\"https:\/\/dicodusport.fr\/blog\/#website\"},\"primaryImageOfPage\":{\"@id\":\"https:\/\/dicodusport.fr\/blog\/coupe-du-monde-de-ski-alpin-ce-quil-faut-savoir-sur-les-courses-de-wengen\/#primaryimage\"},\"image\":{\"@id\":\"https:\/\/dicodusport.fr\/blog\/coupe-du-monde-de-ski-alpin-ce-quil-faut-savoir-sur-les-courses-de-wengen\/#primaryimage\"},\"thumbnailUrl\":\"https:\/\/dicodusport.fr\/blog\/wp-content\/uploads\/2022\/01\/Coupe-du-monde-de-ski-alpin-Ce-quil-faut-savoir-sur-les-courses-de-Wengen.png\",\"datePublished\":\"2022-01-12T17:02:47+00:00\",\"dateModified\":\"2022-01-14T13:09:06+00:00\",\"description\":\"COUPE DU MONDE DE SKI ALPIN \u2013 Nous entrons dans une des p\u00e9riodes les plus excitantes de la saison ! Avant Kitzb\u00fchel, place \u00e0 Wengen.\",\"breadcrumb\":{\"@id\":\"https:\/\/dicodusport.fr\/blog\/coupe-du-monde-de-ski-alpin-ce-quil-faut-savoir-sur-les-courses-de-wengen\/#breadcrumb\"},\"inLanguage\":\"fr-FR\",\"potentialAction\":[{\"@type\":\"ReadAction\",\"target\":[\"https:\/\/dicodusport.fr\/blog\/coupe-du-monde-de-ski-alpin-ce-quil-faut-savoir-sur-les-courses-de-wengen\/\"]}]},{\"@type\":\"ImageObject\",\"inLanguage\":\"fr-FR\",\"@id\":\"https:\/\/dicodusport.fr\/blog\/coupe-du-monde-de-ski-alpin-ce-quil-faut-savoir-sur-les-courses-de-wengen\/#primaryimage\",\"url\":\"https:\/\/dicodusport.fr\/blog\/wp-content\/uploads\/2022\/01\/Coupe-du-monde-de-ski-alpin-Ce-quil-faut-savoir-sur-les-courses-de-Wengen.png\",\"contentUrl\":\"https:\/\/dicodusport.fr\/blog\/wp-content\/uploads\/2022\/01\/Coupe-du-monde-de-ski-alpin-Ce-quil-faut-savoir-sur-les-courses-de-Wengen.png\",\"width\":800,\"height\":445,\"caption\":\"Coupe du monde de ski alpin Ce qu'il faut savoir sur les courses de Wengen\"},{\"@type\":\"BreadcrumbList\",\"@id\":\"https:\/\/dicodusport.fr\/blog\/coupe-du-monde-de-ski-alpin-ce-quil-faut-savoir-sur-les-courses-de-wengen\/#breadcrumb\",\"itemListElement\":[{\"@type\":\"ListItem\",\"position\":1,\"name\":\"Accueil\",\"item\":\"https:\/\/dicodusport.fr\/blog\/\"},{\"@type\":\"ListItem\",\"position\":2,\"name\":\"Coupe du monde de ski alpin : Ce qu&rsquo;il faut savoir sur les courses de Wengen\"}]},{\"@type\":\"WebSite\",\"@id\":\"https:\/\/dicodusport.fr\/blog\/#website\",\"url\":\"https:\/\/dicodusport.fr\/blog\/\",\"name\":\"Dicodusport\",\"description\":\"L&#039;encyclop\u00e9die de l&#039;actualit\u00e9 sportive\",\"publisher\":{\"@id\":\"https:\/\/dicodusport.fr\/blog\/#organization\"},\"potentialAction\":[{\"@type\":\"SearchAction\",\"target\":{\"@type\":\"EntryPoint\",\"urlTemplate\":\"https:\/\/dicodusport.fr\/blog\/?s={search_term_string}\"},\"query-input\":{\"@type\":\"PropertyValueSpecification\",\"valueRequired\":true,\"valueName\":\"search_term_string\"}}],\"inLanguage\":\"fr-FR\"},{\"@type\":\"NewsMediaOrganization\",\"@id\":\"https:\/\/dicodusport.fr\/blog\/#organization\",\"name\":\"Dicodusport\",\"url\":\"https:\/\/dicodusport.fr\/blog\/\",\"logo\":{\"@type\":\"ImageObject\",\"inLanguage\":\"fr-FR\",\"@id\":\"https:\/\/dicodusport.fr\/blog\/#\/schema\/logo\/image\/\",\"url\":\"https:\/\/dicodusport.fr\/blog\/wp-content\/uploads\/2020\/06\/cropped-LOGO-DICODUSPORT-2020-SANS-FOND-SANS-TEXTE.png\",\"contentUrl\":\"https:\/\/dicodusport.fr\/blog\/wp-content\/uploads\/2020\/06\/cropped-LOGO-DICODUSPORT-2020-SANS-FOND-SANS-TEXTE.png\",\"width\":512,\"height\":512,\"caption\":\"Dicodusport\"},\"image\":{\"@id\":\"https:\/\/dicodusport.fr\/blog\/#\/schema\/logo\/image\/\"},\"sameAs\":[\"https:\/\/www.facebook.com\/dicodusport\",\"https:\/\/x.com\/dicodusport\",\"https:\/\/www.instagram.com\/dicodusport\/\",\"https:\/\/www.youtube.com\/channel\/UC7V2KZ5sd3htJivAbA4ZG3w\"],\"description\":\"Dicodusport est l'encyclop\u00e9die de l'actualit\u00e9 sportive.\",\"email\":\"bonjour@dicodusport.fr\",\"legalName\":\"DICODUSPORT\",\"foundingDate\":\"2018-01-14\",\"vatID\":\"FR71834470973\",\"taxID\":\"83447097300043\",\"numberOfEmployees\":{\"@type\":\"QuantitativeValue\",\"minValue\":\"1\",\"maxValue\":\"10\"}},{\"@type\":\"Person\",\"@id\":\"https:\/\/dicodusport.fr\/blog\/#\/schema\/person\/6db4bae06b171592211be385b32876a7\",\"name\":\"Emilien Descampiaux\",\"image\":{\"@type\":\"ImageObject\",\"inLanguage\":\"fr-FR\",\"@id\":\"https:\/\/dicodusport.fr\/blog\/#\/schema\/person\/image\/\",\"url\":\"https:\/\/dicodusport.fr\/blog\/wp-content\/uploads\/2021\/05\/Emilien-Descampiaux-150x150.jpg\",\"contentUrl\":\"https:\/\/dicodusport.fr\/blog\/wp-content\/uploads\/2021\/05\/Emilien-Descampiaux-150x150.jpg\",\"caption\":\"Emilien Descampiaux\"},\"description\":\"Journaliste\/r\u00e9dacteur depuis 2014 - Fan de la classe de Frank Vandenbroucke, je vis cyclisme (et de ses paysages) depuis plus de 20 ans. Je suis tr\u00e8s impliqu\u00e9 sur mes diff\u00e9rents r\u00e9seaux sociaux pour partager ma passion sur le monde et l'Histoire de la bicyclette avec ma voix sur les images en noir et blanc du succ\u00e8s de Rik Van Steenbergen lors du Ronde sur le V\u00e9lodrome de Gand.\",\"sameAs\":[\"https:\/\/www.facebook.com\/groups\/LesRoisDuPeloton\",\"https:\/\/x.com\/https:\/\/twitter.com\/LRoisDuPeloton\"],\"url\":\"https:\/\/dicodusport.fr\/blog\/author\/emiliend\/\"}]}<\/script>\n<!-- \/ Yoast SEO Premium plugin. -->","yoast_head_json":{"title":"Coupe du monde de ski alpin : Ce qu'il faut savoir sur les courses de Wengen","description":"COUPE DU MONDE DE SKI ALPIN \u2013 Nous entrons dans une des p\u00e9riodes les plus excitantes de la saison ! Avant Kitzb\u00fchel, place \u00e0 Wengen.","robots":{"index":"index","follow":"follow","max-snippet":"max-snippet:-1","max-image-preview":"max-image-preview:large","max-video-preview":"max-video-preview:-1"},"canonical":"https:\/\/dicodusport.fr\/blog\/coupe-du-monde-de-ski-alpin-ce-quil-faut-savoir-sur-les-courses-de-wengen\/","og_locale":"fr_FR","og_type":"article","og_title":"Coupe du monde de ski alpin : Ce qu'il faut savoir sur les courses de Wengen","og_description":"COUPE DU MONDE DE SKI ALPIN \u2013 Nous entrons dans une des p\u00e9riodes les plus excitantes de la saison ! Avant Kitzb\u00fchel, place \u00e0 Wengen.","og_url":"https:\/\/dicodusport.fr\/blog\/coupe-du-monde-de-ski-alpin-ce-quil-faut-savoir-sur-les-courses-de-wengen\/","og_site_name":"Dicodusport","article_publisher":"https:\/\/www.facebook.com\/dicodusport","article_author":"https:\/\/www.facebook.com\/groups\/LesRoisDuPeloton","article_published_time":"2022-01-12T17:02:47+00:00","article_modified_time":"2022-01-14T13:09:06+00:00","og_image":[{"width":800,"height":445,"url":"https:\/\/dicodusport.fr\/blog\/wp-content\/uploads\/2022\/01\/Coupe-du-monde-de-ski-alpin-Ce-quil-faut-savoir-sur-les-courses-de-Wengen.png","type":"image\/png"}],"author":"Emilien Descampiaux","twitter_card":"summary_large_image","twitter_title":"Coupe du monde de ski alpin : Ce qu'il faut savoir sur les courses de Wengen","twitter_creator":"@https:\/\/twitter.com\/LRoisDuPeloton","twitter_site":"@dicodusport","schema":{"@context":"https:\/\/schema.org","@graph":[{"@type":"NewsArticle","@id":"https:\/\/dicodusport.fr\/blog\/coupe-du-monde-de-ski-alpin-ce-quil-faut-savoir-sur-les-courses-de-wengen\/#article","isPartOf":{"@id":"https:\/\/dicodusport.fr\/blog\/coupe-du-monde-de-ski-alpin-ce-quil-faut-savoir-sur-les-courses-de-wengen\/"},"author":{"name":"Emilien Descampiaux","@id":"https:\/\/dicodusport.fr\/blog\/#\/schema\/person\/6db4bae06b171592211be385b32876a7"},"headline":"Coupe du monde de ski alpin : Ce qu&rsquo;il faut savoir sur les courses de Wengen","datePublished":"2022-01-12T17:02:47+00:00","dateModified":"2022-01-14T13:09:06+00:00","mainEntityOfPage":{"@id":"https:\/\/dicodusport.fr\/blog\/coupe-du-monde-de-ski-alpin-ce-quil-faut-savoir-sur-les-courses-de-wengen\/"},"wordCount":551,"commentCount":0,"publisher":{"@id":"https:\/\/dicodusport.fr\/blog\/#organization"},"image":{"@id":"https:\/\/dicodusport.fr\/blog\/coupe-du-monde-de-ski-alpin-ce-quil-faut-savoir-sur-les-courses-de-wengen\/#primaryimage"},"thumbnailUrl":"https:\/\/dicodusport.fr\/blog\/wp-content\/uploads\/2022\/01\/Coupe-du-monde-de-ski-alpin-Ce-quil-faut-savoir-sur-les-courses-de-Wengen.png","keywords":["Coupe du monde de ski alpin","Wengen"],"articleSection":["Coupe du monde de ski alpin"],"inLanguage":"fr-FR","potentialAction":[{"@type":"CommentAction","name":"Comment","target":["https:\/\/dicodusport.fr\/blog\/coupe-du-monde-de-ski-alpin-ce-quil-faut-savoir-sur-les-courses-de-wengen\/#respond"]}],"copyrightYear":"2022","copyrightHolder":{"@id":"https:\/\/dicodusport.fr\/blog\/#organization"}},{"@type":"WebPage","@id":"https:\/\/dicodusport.fr\/blog\/coupe-du-monde-de-ski-alpin-ce-quil-faut-savoir-sur-les-courses-de-wengen\/","url":"https:\/\/dicodusport.fr\/blog\/coupe-du-monde-de-ski-alpin-ce-quil-faut-savoir-sur-les-courses-de-wengen\/","name":"Coupe du monde de ski alpin : Ce qu'il faut savoir sur les courses de Wengen","isPartOf":{"@id":"https:\/\/dicodusport.fr\/blog\/#website"},"primaryImageOfPage":{"@id":"https:\/\/dicodusport.fr\/blog\/coupe-du-monde-de-ski-alpin-ce-quil-faut-savoir-sur-les-courses-de-wengen\/#primaryimage"},"image":{"@id":"https:\/\/dicodusport.fr\/blog\/coupe-du-monde-de-ski-alpin-ce-quil-faut-savoir-sur-les-courses-de-wengen\/#primaryimage"},"thumbnailUrl":"https:\/\/dicodusport.fr\/blog\/wp-content\/uploads\/2022\/01\/Coupe-du-monde-de-ski-alpin-Ce-quil-faut-savoir-sur-les-courses-de-Wengen.png","datePublished":"2022-01-12T17:02:47+00:00","dateModified":"2022-01-14T13:09:06+00:00","description":"COUPE DU MONDE DE SKI ALPIN \u2013 Nous entrons dans une des p\u00e9riodes les plus excitantes de la saison ! Avant Kitzb\u00fchel, place \u00e0 Wengen.","breadcrumb":{"@id":"https:\/\/dicodusport.fr\/blog\/coupe-du-monde-de-ski-alpin-ce-quil-faut-savoir-sur-les-courses-de-wengen\/#breadcrumb"},"inLanguage":"fr-FR","potentialAction":[{"@type":"ReadAction","target":["https:\/\/dicodusport.fr\/blog\/coupe-du-monde-de-ski-alpin-ce-quil-faut-savoir-sur-les-courses-de-wengen\/"]}]},{"@type":"ImageObject","inLanguage":"fr-FR","@id":"https:\/\/dicodusport.fr\/blog\/coupe-du-monde-de-ski-alpin-ce-quil-faut-savoir-sur-les-courses-de-wengen\/#primaryimage","url":"https:\/\/dicodusport.fr\/blog\/wp-content\/uploads\/2022\/01\/Coupe-du-monde-de-ski-alpin-Ce-quil-faut-savoir-sur-les-courses-de-Wengen.png","contentUrl":"https:\/\/dicodusport.fr\/blog\/wp-content\/uploads\/2022\/01\/Coupe-du-monde-de-ski-alpin-Ce-quil-faut-savoir-sur-les-courses-de-Wengen.png","width":800,"height":445,"caption":"Coupe du monde de ski alpin Ce qu'il faut savoir sur les courses de Wengen"},{"@type":"BreadcrumbList","@id":"https:\/\/dicodusport.fr\/blog\/coupe-du-monde-de-ski-alpin-ce-quil-faut-savoir-sur-les-courses-de-wengen\/#breadcrumb","itemListElement":[{"@type":"ListItem","position":1,"name":"Accueil","item":"https:\/\/dicodusport.fr\/blog\/"},{"@type":"ListItem","position":2,"name":"Coupe du monde de ski alpin : Ce qu&rsquo;il faut savoir sur les courses de Wengen"}]},{"@type":"WebSite","@id":"https:\/\/dicodusport.fr\/blog\/#website","url":"https:\/\/dicodusport.fr\/blog\/","name":"Dicodusport","description":"L&#039;encyclop\u00e9die de l&#039;actualit\u00e9 sportive","publisher":{"@id":"https:\/\/dicodusport.fr\/blog\/#organization"},"potentialAction":[{"@type":"SearchAction","target":{"@type":"EntryPoint","urlTemplate":"https:\/\/dicodusport.fr\/blog\/?s={search_term_string}"},"query-input":{"@type":"PropertyValueSpecification","valueRequired":true,"valueName":"search_term_string"}}],"inLanguage":"fr-FR"},{"@type":"NewsMediaOrganization","@id":"https:\/\/dicodusport.fr\/blog\/#organization","name":"Dicodusport","url":"https:\/\/dicodusport.fr\/blog\/","logo":{"@type":"ImageObject","inLanguage":"fr-FR","@id":"https:\/\/dicodusport.fr\/blog\/#\/schema\/logo\/image\/","url":"https:\/\/dicodusport.fr\/blog\/wp-content\/uploads\/2020\/06\/cropped-LOGO-DICODUSPORT-2020-SANS-FOND-SANS-TEXTE.png","contentUrl":"https:\/\/dicodusport.fr\/blog\/wp-content\/uploads\/2020\/06\/cropped-LOGO-DICODUSPORT-2020-SANS-FOND-SANS-TEXTE.png","width":512,"height":512,"caption":"Dicodusport"},"image":{"@id":"https:\/\/dicodusport.fr\/blog\/#\/schema\/logo\/image\/"},"sameAs":["https:\/\/www.facebook.com\/dicodusport","https:\/\/x.com\/dicodusport","https:\/\/www.instagram.com\/dicodusport\/","https:\/\/www.youtube.com\/channel\/UC7V2KZ5sd3htJivAbA4ZG3w"],"description":"Dicodusport est l'encyclop\u00e9die de l'actualit\u00e9 sportive.","email":"bonjour@dicodusport.fr","legalName":"DICODUSPORT","foundingDate":"2018-01-14","vatID":"FR71834470973","taxID":"83447097300043","numberOfEmployees":{"@type":"QuantitativeValue","minValue":"1","maxValue":"10"}},{"@type":"Person","@id":"https:\/\/dicodusport.fr\/blog\/#\/schema\/person\/6db4bae06b171592211be385b32876a7","name":"Emilien Descampiaux","image":{"@type":"ImageObject","inLanguage":"fr-FR","@id":"https:\/\/dicodusport.fr\/blog\/#\/schema\/person\/image\/","url":"https:\/\/dicodusport.fr\/blog\/wp-content\/uploads\/2021\/05\/Emilien-Descampiaux-150x150.jpg","contentUrl":"https:\/\/dicodusport.fr\/blog\/wp-content\/uploads\/2021\/05\/Emilien-Descampiaux-150x150.jpg","caption":"Emilien Descampiaux"},"description":"Journaliste\/r\u00e9dacteur depuis 2014 - Fan de la classe de Frank Vandenbroucke, je vis cyclisme (et de ses paysages) depuis plus de 20 ans. Je suis tr\u00e8s impliqu\u00e9 sur mes diff\u00e9rents r\u00e9seaux sociaux pour partager ma passion sur le monde et l'Histoire de la bicyclette avec ma voix sur les images en noir et blanc du succ\u00e8s de Rik Van Steenbergen lors du Ronde sur le V\u00e9lodrome de Gand.","sameAs":["https:\/\/www.facebook.com\/groups\/LesRoisDuPeloton","https:\/\/x.com\/https:\/\/twitter.com\/LRoisDuPeloton"],"url":"https:\/\/dicodusport.fr\/blog\/author\/emiliend\/"}]}},"_links":{"self":[{"href":"https:\/\/dicodusport.fr\/blog\/wp-json\/wp\/v2\/posts\/190312","targetHints":{"allow":["GET"]}}],"collection":[{"href":"https:\/\/dicodusport.fr\/blog\/wp-json\/wp\/v2\/posts"}],"about":[{"href":"https:\/\/dicodusport.fr\/blog\/wp-json\/wp\/v2\/types\/post"}],"author":[{"embeddable":true,"href":"https:\/\/dicodusport.fr\/blog\/wp-json\/wp\/v2\/users\/48"}],"replies":[{"embeddable":true,"href":"https:\/\/dicodusport.fr\/blog\/wp-json\/wp\/v2\/comments?post=190312"}],"version-history":[{"count":0,"href":"https:\/\/dicodusport.fr\/blog\/wp-json\/wp\/v2\/posts\/190312\/revisions"}],"wp:featuredmedia":[{"embeddable":true,"href":"https:\/\/dicodusport.fr\/blog\/wp-json\/wp\/v2\/media\/190800"}],"wp:attachment":[{"href":"https:\/\/dicodusport.fr\/blog\/wp-json\/wp\/v2\/media?parent=190312"}],"wp:term":[{"taxonomy":"category","embeddable":true,"href":"https:\/\/dicodusport.fr\/blog\/wp-json\/wp\/v2\/categories?post=190312"},{"taxonomy":"post_tag","embeddable":true,"href":"https:\/\/dicodusport.fr\/blog\/wp-json\/wp\/v2\/tags?post=190312"}],"curies":[{"name":"wp","href":"https:\/\/api.w.org\/{rel}","templated":true}]}}