{"id":190469,"date":"2022-01-11T12:14:33","date_gmt":"2022-01-11T11:14:33","guid":{"rendered":"https:\/\/dicodusport.fr\/blog\/?p=190469&#038;preview=true&#038;preview_id=190469"},"modified":"2022-01-11T12:32:42","modified_gmt":"2022-01-11T11:32:42","slug":"les-programmes-de-thibaut-pinot-et-david-gaudu-en-2022","status":"publish","type":"post","link":"https:\/\/dicodusport.fr\/blog\/les-programmes-de-thibaut-pinot-et-david-gaudu-en-2022\/","title":{"rendered":"Les programmes de Thibaut Pinot et David Gaudu en 2022"},"content":{"rendered":"<p style=\"text-align: justify;\"><strong><em>CYCLISME 2022 &#8211; Ce mardi, \u00e0 l&rsquo;occasion du temps accord\u00e9 \u00e0 la presse en d\u00e9but de saison, la Groupama-FDJ a d\u00e9voil\u00e9 les programmes de ses leaders, dont Thibaut Pinot et David Gaudu. Les deux larrons seront r\u00e9unis sur le Tour de France (1er au 24 juillet 2022).<\/em><\/strong><\/p>\n<p style=\"text-align: justify;\"><strong>Thibaut Pinot<\/strong> is back, et il est ambitieux ! Ce mardi, lors du point presse de d\u00e9but de saison, la Groupama-FDJ a annonc\u00e9 le programme du natif de M\u00e9lisey. Le point d&rsquo;orgue de sa saison ? Le Tour de France au mois de juillet. Troisi\u00e8me en 2014, le Franc-Comtois va viser le podium du classement g\u00e9n\u00e9ral, apr\u00e8s ses derni\u00e8res d\u00e9convenues de 2019 et 2020. Le coureur de 31 ans aura d&rsquo;abord pour ambition de retrouver son niveau d&rsquo;antan. <em>\u00ab Je veux retrouver mon niveau et gagner des courses. Je veux redevenir le coureur d\u2019avant ma chute sur le Tour 2020. Le Tour de France sera le point d\u2019orgue de ma saison avec cet objectif commun : un podium sur les Champs Elys\u00e9es. \u00bb<\/em>, a-t-il d\u00e9clar\u00e9 lors du point presse.<\/p>\n<blockquote class=\"twitter-tweet\">\n<p dir=\"ltr\" lang=\"fr\">&#x1f4ac; Thibaut Pinot : \u00ab Je veux retrouver mon niveau et gagner des courses. Je veux redevenir le coureur d\u2019avant ma chute sur le Tour 2020. Le Tour de France sera le point d\u2019orgue de ma saison avec cet objectif commun : un podium sur les Champs Elys\u00e9es. \u00bb <a href=\"https:\/\/t.co\/7Ib7GmMBXc\">pic.twitter.com\/7Ib7GmMBXc<\/a><\/p>\n<p>\u2014 \u00c9quipe Cycliste Groupama-FDJ (@GroupamaFDJ) <a href=\"https:\/\/twitter.com\/GroupamaFDJ\/status\/1480848318850904064?ref_src=twsrc%5Etfw\">January 11, 2022<\/a><\/p><\/blockquote>\n<p><script async src=\"https:\/\/platform.twitter.com\/widgets.js\" charset=\"utf-8\"><\/script><\/p>\n<h2 style=\"text-align: justify;\"><strong>Le programme de Thibaut Pinot en 2022<\/strong><\/h2>\n<p><strong>30 janvier :<\/strong> GP La Marseillaise<\/p>\n<p><strong>2-6 f\u00e9vrier :<\/strong> \u00c9toile de Bess\u00e8ges<\/p>\n<p><strong>19-21 f\u00e9vrier :<\/strong> Tour des Alpes-Maritimes et du Var<\/p>\n<p><strong>26-27 f\u00e9vrier :<\/strong> Boucles Dr\u00f4me-Ard\u00e8che<\/p>\n<p><strong>7-13 mars :<\/strong> Tirreno-Adriatico<\/p>\n<p><strong>16 avril :<\/strong> Tour du Jura<\/p>\n<p><strong>18-22 avril :<\/strong> Tour des Alpes<\/p>\n<p><strong>26 avril &#8211; 1er mai :<\/strong> Tour de Romandie<\/p>\n<p><strong>12-19 juin :<\/strong> Tour de Suisse<\/p>\n<p><strong>1-24 juillet :<\/strong> Tour de France<\/p>\n<p style=\"text-align: justify;\">Sur le Tour, Thibaut Pinot retrouvera \u00e0 ses c\u00f4t\u00e9s un certain <strong>David Gaudu<\/strong>. Le Finist\u00e9rien de 25 ans a encore franchi un cap en 2021, et ambitionne lui aussi un podium sur la Grande Boucle en juillet prochain. Gaudu, qui a termin\u00e9 11\u00e8me du g\u00e9n\u00e9ral la saison pass\u00e9e, passera par Paris-Nice en mars. Pinot et Gaudu ensemble sur le Tour, on peut se demander qui sera le vrai leader de l&rsquo;\u00e9quipe dirig\u00e9e par <strong>Marc Madiot<\/strong>. \u00ab <em>L<\/em><i>a course d\u00e9cidera \u00bb<\/i> assure le Breton. Les objectifs des grimpeurs maison sont donc \u00e9lev\u00e9s. \u00c0 leurs c\u00f4t\u00e9s, les deux comp\u00e8res pourront compter sur <strong>Stefan K\u00fcng<\/strong>, <strong>Valentin Madouas<\/strong> et la recrue phare de l&rsquo;intersaison, l&rsquo;Australien <strong>Michael Storer<\/strong>, double vainqueur d&rsquo;\u00e9tapes sur la Vuelta 2021.<\/p>\n<p style=\"text-align: justify;\">Si on sait d\u00e9j\u00e0 que <strong>David Gaudu<\/strong> reprendra la comp\u00e9tition du 16 au 20 f\u00e9vrier au Tour d&rsquo;Algarve, le Breton d\u00e9taillera le reste de son calendrier en fin de journ\u00e9e, sur sa cha\u00eene Twitch.<\/p>\n<blockquote class=\"twitter-tweet\">\n<p dir=\"ltr\" lang=\"fr\">&#x1f4ac; David Gaudu : \u00ab Je veux transformer les top 10 en top 5, les top 5 en podiums et les podiums en victoires. Le Tour de France sera l\u2019objectif majeur de ma saison, j\u2019y vais avec l\u2019\u00e9quipe pour viser le podium du classement g\u00e9n\u00e9ral. \u00bb <a href=\"https:\/\/t.co\/1MUnSTUxQ6\">pic.twitter.com\/1MUnSTUxQ6<\/a><\/p>\n<p>\u2014 \u00c9quipe Cycliste Groupama-FDJ (@GroupamaFDJ) <a href=\"https:\/\/twitter.com\/GroupamaFDJ\/status\/1480842254709399554?ref_src=twsrc%5Etfw\">January 11, 2022<\/a><\/p><\/blockquote>\n<p><script async src=\"https:\/\/platform.twitter.com\/widgets.js\" charset=\"utf-8\"><\/script><\/p>\n<h2 style=\"text-align: justify;\"><strong>D\u00e9mare sur le Giro\u00a0<\/strong><\/h2>\n<p style=\"text-align: justify;\">De son c\u00f4t\u00e9, <strong>Arnaud D\u00e9mare<\/strong> retrouvera les routes du Giro. D\u00e9cevant sur le Tour 2021, le Picard, vainqueur de Paris-Tours en fin de saison, sera au d\u00e9part du Tour d&rsquo;Italie le 6 mai prochain, \u00e0 Budapest (Hongrie). Quintuple vainqueur d&rsquo;\u00e9tapes sur les routes italiennes, le Beauvaisien b\u00e9n\u00e9ficiera de son train maison pour tenter de lever les bras sur un Grand Tour en 2022.<\/p>\n<blockquote class=\"twitter-tweet\">\n<p dir=\"ltr\" lang=\"fr\">&#x1f4ac; Arnaud D\u00e9mare : \u00ab Mes objectifs restent identiques : lever les bras dans les grandes \u00e9preuves et les Grands Tours notamment sur le Giro qui m\u2019a tant r\u00e9ussi en 2020. \u00bb <a href=\"https:\/\/t.co\/H7ycA6mFOt\">pic.twitter.com\/H7ycA6mFOt<\/a><\/p>\n<p>\u2014 \u00c9quipe Cycliste Groupama-FDJ (@GroupamaFDJ) <a href=\"https:\/\/twitter.com\/GroupamaFDJ\/status\/1480857797340377088?ref_src=twsrc%5Etfw\">January 11, 2022<\/a><\/p><\/blockquote>\n<p><script async src=\"https:\/\/platform.twitter.com\/widgets.js\" charset=\"utf-8\"><\/script><\/p>\n<h2 style=\"text-align: justify;\"><strong>\u00c0 lire aussi<\/strong><\/h2>\n<ul>\n<li style=\"text-align: justify;\"><a href=\"https:\/\/dicodusport.fr\/blog\/cyclisme-sur-route-les-nouveaux-maillots-des-equipes-en-2022\/\"><strong>Les maillots des \u00e9quipes en 2022<\/strong><\/a><\/li>\n<\/ul>\n<p><span class=\"LquBXTedPgOAR\"><\/p>\n<blockquote class=\"wp-embedded-content\" data-secret=\"XCCyoaCRCE\"><p><a href=\"https:\/\/dicodusport.fr\/blog\/pogacar-sagan-van-aert-5-plus-gros-salaires-du-peloton-en-2022\/\">Pogacar, Sagan, Van Aert&#8230; les 5 plus gros salaires du peloton en 2022<\/a><\/p><\/blockquote>\n<p><iframe loading=\"lazy\" class=\"wp-embedded-content\" sandbox=\"allow-scripts\" security=\"restricted\" style=\"position: absolute; clip: rect(1px, 1px, 1px, 1px);\" title=\"\u00ab\u00a0Pogacar, Sagan, Van Aert&#8230; les 5 plus gros salaires du peloton en 2022\u00a0\u00bb &#8212; Dicodusport\" src=\"https:\/\/dicodusport.fr\/blog\/pogacar-sagan-van-aert-5-plus-gros-salaires-du-peloton-en-2022\/embed\/#?secret=XCCyoaCRCE\" data-secret=\"XCCyoaCRCE\" width=\"600\" height=\"338\" frameborder=\"0\" marginwidth=\"0\" marginheight=\"0\" scrolling=\"no\"><\/iframe><\/span><\/p>\n<p>&nbsp;<\/p>\n","protected":false},"excerpt":{"rendered":"<p>CYCLISME 2022 &#8211; Ce mardi, \u00e0 l&rsquo;occasion du temps accord\u00e9 \u00e0 la presse en d\u00e9but de saison, la Groupama-FDJ a d\u00e9voil\u00e9 les programmes de ses leaders, dont Thibaut Pinot et David Gaudu. Les deux larrons seront r\u00e9unis sur le Tour de France (1er au 24 juillet 2022).<\/p>\n","protected":false},"author":4,"featured_media":190488,"comment_status":"open","ping_status":"closed","sticky":false,"template":"","format":"standard","meta":{"_acf_changed":false,"_daextam_enable_autolinks":"","footnotes":""},"categories":[46994],"tags":[574,3113,3279,4839],"class_list":["post-190469","post","type-post","status-publish","format-standard","has-post-thumbnail","hentry","category-cyclisme-sur-route","tag-cyclisme","tag-david-gaudu","tag-groupama-fdj","tag-thibaut-pinot"],"acf":[],"yoast_head":"<!-- This site is optimized with the Yoast SEO Premium plugin v26.7 (Yoast SEO v26.7) - https:\/\/yoast.com\/wordpress\/plugins\/seo\/ -->\n<title>Les programmes de Thibaut Pinot et David Gaudu en 2022<\/title>\n<meta name=\"description\" content=\"CYCLISME 2022 - La Groupama-FDJ a d\u00e9voil\u00e9 les programmes de ses leaders, dont Thibaut Pinot et David Gaudu.\" \/>\n<meta name=\"robots\" content=\"index, follow, max-snippet:-1, max-image-preview:large, max-video-preview:-1\" \/>\n<link rel=\"canonical\" href=\"https:\/\/dicodusport.fr\/blog\/les-programmes-de-thibaut-pinot-et-david-gaudu-en-2022\/\" \/>\n<meta property=\"og:locale\" content=\"fr_FR\" \/>\n<meta property=\"og:type\" content=\"article\" \/>\n<meta property=\"og:title\" content=\"Les programmes de Thibaut Pinot et David Gaudu en 2022\" \/>\n<meta property=\"og:description\" content=\"CYCLISME 2022 - La Groupama-FDJ a d\u00e9voil\u00e9 les programmes de ses leaders, dont Thibaut Pinot et David Gaudu.\" \/>\n<meta property=\"og:url\" content=\"https:\/\/dicodusport.fr\/blog\/les-programmes-de-thibaut-pinot-et-david-gaudu-en-2022\/\" \/>\n<meta property=\"og:site_name\" content=\"Dicodusport\" \/>\n<meta property=\"article:publisher\" content=\"https:\/\/www.facebook.com\/dicodusport\" \/>\n<meta property=\"article:author\" content=\"https:\/\/www.facebook.com\/florent.ostermann\" \/>\n<meta property=\"article:published_time\" content=\"2022-01-11T11:14:33+00:00\" \/>\n<meta property=\"article:modified_time\" content=\"2022-01-11T11:32:42+00:00\" \/>\n<meta property=\"og:image\" content=\"https:\/\/dicodusport.fr\/blog\/wp-content\/uploads\/2022\/01\/Les-programmes-de-Thibaut-Pinot-et-David-Gaudu-en-2022-1.png\" \/>\n\t<meta property=\"og:image:width\" content=\"800\" \/>\n\t<meta property=\"og:image:height\" content=\"445\" \/>\n\t<meta property=\"og:image:type\" content=\"image\/png\" \/>\n<meta name=\"author\" content=\"Flo Ostermann\" \/>\n<meta name=\"twitter:card\" content=\"summary_large_image\" \/>\n<meta name=\"twitter:title\" content=\"Les programmes de Thibaut Pinot et David Gaudu en 2022\" \/>\n<meta name=\"twitter:creator\" content=\"@https:\/\/twitter.com\/FlOstermann\" \/>\n<meta name=\"twitter:site\" content=\"@dicodusport\" \/>\n<script type=\"application\/ld+json\" class=\"yoast-schema-graph\">{\"@context\":\"https:\/\/schema.org\",\"@graph\":[{\"@type\":\"NewsArticle\",\"@id\":\"https:\/\/dicodusport.fr\/blog\/les-programmes-de-thibaut-pinot-et-david-gaudu-en-2022\/#article\",\"isPartOf\":{\"@id\":\"https:\/\/dicodusport.fr\/blog\/les-programmes-de-thibaut-pinot-et-david-gaudu-en-2022\/\"},\"author\":{\"name\":\"Flo Ostermann\",\"@id\":\"https:\/\/dicodusport.fr\/blog\/#\/schema\/person\/cb02af4c173ce4a653b55e9baf388d4a\"},\"headline\":\"Les programmes de Thibaut Pinot et David Gaudu en 2022\",\"datePublished\":\"2022-01-11T11:14:33+00:00\",\"dateModified\":\"2022-01-11T11:32:42+00:00\",\"mainEntityOfPage\":{\"@id\":\"https:\/\/dicodusport.fr\/blog\/les-programmes-de-thibaut-pinot-et-david-gaudu-en-2022\/\"},\"wordCount\":667,\"commentCount\":0,\"publisher\":{\"@id\":\"https:\/\/dicodusport.fr\/blog\/#organization\"},\"image\":{\"@id\":\"https:\/\/dicodusport.fr\/blog\/les-programmes-de-thibaut-pinot-et-david-gaudu-en-2022\/#primaryimage\"},\"thumbnailUrl\":\"https:\/\/dicodusport.fr\/blog\/wp-content\/uploads\/2022\/01\/Les-programmes-de-Thibaut-Pinot-et-David-Gaudu-en-2022-1.png\",\"keywords\":[\"Cyclisme\",\"David Gaudu\",\"Groupama FDJ\",\"Thibaut Pinot\"],\"articleSection\":[\"Cyclisme sur route\"],\"inLanguage\":\"fr-FR\",\"potentialAction\":[{\"@type\":\"CommentAction\",\"name\":\"Comment\",\"target\":[\"https:\/\/dicodusport.fr\/blog\/les-programmes-de-thibaut-pinot-et-david-gaudu-en-2022\/#respond\"]}],\"copyrightYear\":\"2022\",\"copyrightHolder\":{\"@id\":\"https:\/\/dicodusport.fr\/blog\/#organization\"}},{\"@type\":\"WebPage\",\"@id\":\"https:\/\/dicodusport.fr\/blog\/les-programmes-de-thibaut-pinot-et-david-gaudu-en-2022\/\",\"url\":\"https:\/\/dicodusport.fr\/blog\/les-programmes-de-thibaut-pinot-et-david-gaudu-en-2022\/\",\"name\":\"Les programmes de Thibaut Pinot et David Gaudu en 2022\",\"isPartOf\":{\"@id\":\"https:\/\/dicodusport.fr\/blog\/#website\"},\"primaryImageOfPage\":{\"@id\":\"https:\/\/dicodusport.fr\/blog\/les-programmes-de-thibaut-pinot-et-david-gaudu-en-2022\/#primaryimage\"},\"image\":{\"@id\":\"https:\/\/dicodusport.fr\/blog\/les-programmes-de-thibaut-pinot-et-david-gaudu-en-2022\/#primaryimage\"},\"thumbnailUrl\":\"https:\/\/dicodusport.fr\/blog\/wp-content\/uploads\/2022\/01\/Les-programmes-de-Thibaut-Pinot-et-David-Gaudu-en-2022-1.png\",\"datePublished\":\"2022-01-11T11:14:33+00:00\",\"dateModified\":\"2022-01-11T11:32:42+00:00\",\"description\":\"CYCLISME 2022 - La Groupama-FDJ a d\u00e9voil\u00e9 les programmes de ses leaders, dont Thibaut Pinot et David Gaudu.\",\"breadcrumb\":{\"@id\":\"https:\/\/dicodusport.fr\/blog\/les-programmes-de-thibaut-pinot-et-david-gaudu-en-2022\/#breadcrumb\"},\"inLanguage\":\"fr-FR\",\"potentialAction\":[{\"@type\":\"ReadAction\",\"target\":[\"https:\/\/dicodusport.fr\/blog\/les-programmes-de-thibaut-pinot-et-david-gaudu-en-2022\/\"]}]},{\"@type\":\"ImageObject\",\"inLanguage\":\"fr-FR\",\"@id\":\"https:\/\/dicodusport.fr\/blog\/les-programmes-de-thibaut-pinot-et-david-gaudu-en-2022\/#primaryimage\",\"url\":\"https:\/\/dicodusport.fr\/blog\/wp-content\/uploads\/2022\/01\/Les-programmes-de-Thibaut-Pinot-et-David-Gaudu-en-2022-1.png\",\"contentUrl\":\"https:\/\/dicodusport.fr\/blog\/wp-content\/uploads\/2022\/01\/Les-programmes-de-Thibaut-Pinot-et-David-Gaudu-en-2022-1.png\",\"width\":800,\"height\":445,\"caption\":\"Les programmes de Thibaut Pinot et David Gaudu en 2022 (1)\"},{\"@type\":\"BreadcrumbList\",\"@id\":\"https:\/\/dicodusport.fr\/blog\/les-programmes-de-thibaut-pinot-et-david-gaudu-en-2022\/#breadcrumb\",\"itemListElement\":[{\"@type\":\"ListItem\",\"position\":1,\"name\":\"Accueil\",\"item\":\"https:\/\/dicodusport.fr\/blog\/\"},{\"@type\":\"ListItem\",\"position\":2,\"name\":\"Les programmes de Thibaut Pinot et David Gaudu en 2022\"}]},{\"@type\":\"WebSite\",\"@id\":\"https:\/\/dicodusport.fr\/blog\/#website\",\"url\":\"https:\/\/dicodusport.fr\/blog\/\",\"name\":\"Dicodusport\",\"description\":\"L&#039;encyclop\u00e9die de l&#039;actualit\u00e9 sportive\",\"publisher\":{\"@id\":\"https:\/\/dicodusport.fr\/blog\/#organization\"},\"potentialAction\":[{\"@type\":\"SearchAction\",\"target\":{\"@type\":\"EntryPoint\",\"urlTemplate\":\"https:\/\/dicodusport.fr\/blog\/?s={search_term_string}\"},\"query-input\":{\"@type\":\"PropertyValueSpecification\",\"valueRequired\":true,\"valueName\":\"search_term_string\"}}],\"inLanguage\":\"fr-FR\"},{\"@type\":\"NewsMediaOrganization\",\"@id\":\"https:\/\/dicodusport.fr\/blog\/#organization\",\"name\":\"Dicodusport\",\"url\":\"https:\/\/dicodusport.fr\/blog\/\",\"logo\":{\"@type\":\"ImageObject\",\"inLanguage\":\"fr-FR\",\"@id\":\"https:\/\/dicodusport.fr\/blog\/#\/schema\/logo\/image\/\",\"url\":\"https:\/\/dicodusport.fr\/blog\/wp-content\/uploads\/2020\/06\/cropped-LOGO-DICODUSPORT-2020-SANS-FOND-SANS-TEXTE.png\",\"contentUrl\":\"https:\/\/dicodusport.fr\/blog\/wp-content\/uploads\/2020\/06\/cropped-LOGO-DICODUSPORT-2020-SANS-FOND-SANS-TEXTE.png\",\"width\":512,\"height\":512,\"caption\":\"Dicodusport\"},\"image\":{\"@id\":\"https:\/\/dicodusport.fr\/blog\/#\/schema\/logo\/image\/\"},\"sameAs\":[\"https:\/\/www.facebook.com\/dicodusport\",\"https:\/\/x.com\/dicodusport\",\"https:\/\/www.instagram.com\/dicodusport\/\",\"https:\/\/www.youtube.com\/channel\/UC7V2KZ5sd3htJivAbA4ZG3w\"],\"description\":\"Dicodusport est l'encyclop\u00e9die de l'actualit\u00e9 sportive.\",\"email\":\"bonjour@dicodusport.fr\",\"legalName\":\"DICODUSPORT\",\"foundingDate\":\"2018-01-14\",\"vatID\":\"FR71834470973\",\"taxID\":\"83447097300043\",\"numberOfEmployees\":{\"@type\":\"QuantitativeValue\",\"minValue\":\"1\",\"maxValue\":\"10\"}},{\"@type\":\"Person\",\"@id\":\"https:\/\/dicodusport.fr\/blog\/#\/schema\/person\/cb02af4c173ce4a653b55e9baf388d4a\",\"name\":\"Flo Ostermann\",\"image\":{\"@type\":\"ImageObject\",\"inLanguage\":\"fr-FR\",\"@id\":\"https:\/\/dicodusport.fr\/blog\/#\/schema\/person\/image\/\",\"url\":\"https:\/\/dicodusport.fr\/blog\/wp-content\/uploads\/2021\/05\/Flo-Ostermann-150x150.jpg\",\"contentUrl\":\"https:\/\/dicodusport.fr\/blog\/wp-content\/uploads\/2021\/05\/Flo-Ostermann-150x150.jpg\",\"caption\":\"Flo Ostermann\"},\"description\":\"Journaliste\/R\u00e9dacteur depuis septembre 2015 - Mes premiers souvenirs dans le sport ? Les envol\u00e9es du Stade Toulousain et les duels Villeneuve-Schumacher et H\u00e4kkinen-Schumacher \u00e0 la fin des ann\u00e9es 90, la Coupe du monde de football en 1998, l\u2019exploit du XV de France face aux All Blacks en 1999, mais aussi Richard C\u0153ur de Lion qui vole sur les montagnes du Tour de France. Bien parti pour devenir professeur d\u2019EPS, les \u00e9v\u00e9nements de la vie (et la flemme d\u2019animer des s\u00e9ances de 3x500 m\u00e8tres toute ma vie) m\u2019ont conduit \u00e0 revoir mes plans. Me voil\u00e0 depuis fin 2017 sur Dicodusport, m\u00e9dia gr\u00e2ce (et pour) lequel je partage ma passion : le sport dans tous ses \u00e9tats. Le tout accompagn\u00e9 par les fous furieux et folles furieuses cit\u00e9s sur cette page !\",\"sameAs\":[\"https:\/\/www.facebook.com\/florent.ostermann\",\"https:\/\/x.com\/https:\/\/twitter.com\/FlOstermann\",\"admin\"],\"url\":\"https:\/\/dicodusport.fr\/blog\/author\/flo\/\"}]}<\/script>\n<!-- \/ Yoast SEO Premium plugin. -->","yoast_head_json":{"title":"Les programmes de Thibaut Pinot et David Gaudu en 2022","description":"CYCLISME 2022 - La Groupama-FDJ a d\u00e9voil\u00e9 les programmes de ses leaders, dont Thibaut Pinot et David Gaudu.","robots":{"index":"index","follow":"follow","max-snippet":"max-snippet:-1","max-image-preview":"max-image-preview:large","max-video-preview":"max-video-preview:-1"},"canonical":"https:\/\/dicodusport.fr\/blog\/les-programmes-de-thibaut-pinot-et-david-gaudu-en-2022\/","og_locale":"fr_FR","og_type":"article","og_title":"Les programmes de Thibaut Pinot et David Gaudu en 2022","og_description":"CYCLISME 2022 - La Groupama-FDJ a d\u00e9voil\u00e9 les programmes de ses leaders, dont Thibaut Pinot et David Gaudu.","og_url":"https:\/\/dicodusport.fr\/blog\/les-programmes-de-thibaut-pinot-et-david-gaudu-en-2022\/","og_site_name":"Dicodusport","article_publisher":"https:\/\/www.facebook.com\/dicodusport","article_author":"https:\/\/www.facebook.com\/florent.ostermann","article_published_time":"2022-01-11T11:14:33+00:00","article_modified_time":"2022-01-11T11:32:42+00:00","og_image":[{"width":800,"height":445,"url":"https:\/\/dicodusport.fr\/blog\/wp-content\/uploads\/2022\/01\/Les-programmes-de-Thibaut-Pinot-et-David-Gaudu-en-2022-1.png","type":"image\/png"}],"author":"Flo Ostermann","twitter_card":"summary_large_image","twitter_title":"Les programmes de Thibaut Pinot et David Gaudu en 2022","twitter_creator":"@https:\/\/twitter.com\/FlOstermann","twitter_site":"@dicodusport","schema":{"@context":"https:\/\/schema.org","@graph":[{"@type":"NewsArticle","@id":"https:\/\/dicodusport.fr\/blog\/les-programmes-de-thibaut-pinot-et-david-gaudu-en-2022\/#article","isPartOf":{"@id":"https:\/\/dicodusport.fr\/blog\/les-programmes-de-thibaut-pinot-et-david-gaudu-en-2022\/"},"author":{"name":"Flo Ostermann","@id":"https:\/\/dicodusport.fr\/blog\/#\/schema\/person\/cb02af4c173ce4a653b55e9baf388d4a"},"headline":"Les programmes de Thibaut Pinot et David Gaudu en 2022","datePublished":"2022-01-11T11:14:33+00:00","dateModified":"2022-01-11T11:32:42+00:00","mainEntityOfPage":{"@id":"https:\/\/dicodusport.fr\/blog\/les-programmes-de-thibaut-pinot-et-david-gaudu-en-2022\/"},"wordCount":667,"commentCount":0,"publisher":{"@id":"https:\/\/dicodusport.fr\/blog\/#organization"},"image":{"@id":"https:\/\/dicodusport.fr\/blog\/les-programmes-de-thibaut-pinot-et-david-gaudu-en-2022\/#primaryimage"},"thumbnailUrl":"https:\/\/dicodusport.fr\/blog\/wp-content\/uploads\/2022\/01\/Les-programmes-de-Thibaut-Pinot-et-David-Gaudu-en-2022-1.png","keywords":["Cyclisme","David Gaudu","Groupama FDJ","Thibaut Pinot"],"articleSection":["Cyclisme sur route"],"inLanguage":"fr-FR","potentialAction":[{"@type":"CommentAction","name":"Comment","target":["https:\/\/dicodusport.fr\/blog\/les-programmes-de-thibaut-pinot-et-david-gaudu-en-2022\/#respond"]}],"copyrightYear":"2022","copyrightHolder":{"@id":"https:\/\/dicodusport.fr\/blog\/#organization"}},{"@type":"WebPage","@id":"https:\/\/dicodusport.fr\/blog\/les-programmes-de-thibaut-pinot-et-david-gaudu-en-2022\/","url":"https:\/\/dicodusport.fr\/blog\/les-programmes-de-thibaut-pinot-et-david-gaudu-en-2022\/","name":"Les programmes de Thibaut Pinot et David Gaudu en 2022","isPartOf":{"@id":"https:\/\/dicodusport.fr\/blog\/#website"},"primaryImageOfPage":{"@id":"https:\/\/dicodusport.fr\/blog\/les-programmes-de-thibaut-pinot-et-david-gaudu-en-2022\/#primaryimage"},"image":{"@id":"https:\/\/dicodusport.fr\/blog\/les-programmes-de-thibaut-pinot-et-david-gaudu-en-2022\/#primaryimage"},"thumbnailUrl":"https:\/\/dicodusport.fr\/blog\/wp-content\/uploads\/2022\/01\/Les-programmes-de-Thibaut-Pinot-et-David-Gaudu-en-2022-1.png","datePublished":"2022-01-11T11:14:33+00:00","dateModified":"2022-01-11T11:32:42+00:00","description":"CYCLISME 2022 - La Groupama-FDJ a d\u00e9voil\u00e9 les programmes de ses leaders, dont Thibaut Pinot et David Gaudu.","breadcrumb":{"@id":"https:\/\/dicodusport.fr\/blog\/les-programmes-de-thibaut-pinot-et-david-gaudu-en-2022\/#breadcrumb"},"inLanguage":"fr-FR","potentialAction":[{"@type":"ReadAction","target":["https:\/\/dicodusport.fr\/blog\/les-programmes-de-thibaut-pinot-et-david-gaudu-en-2022\/"]}]},{"@type":"ImageObject","inLanguage":"fr-FR","@id":"https:\/\/dicodusport.fr\/blog\/les-programmes-de-thibaut-pinot-et-david-gaudu-en-2022\/#primaryimage","url":"https:\/\/dicodusport.fr\/blog\/wp-content\/uploads\/2022\/01\/Les-programmes-de-Thibaut-Pinot-et-David-Gaudu-en-2022-1.png","contentUrl":"https:\/\/dicodusport.fr\/blog\/wp-content\/uploads\/2022\/01\/Les-programmes-de-Thibaut-Pinot-et-David-Gaudu-en-2022-1.png","width":800,"height":445,"caption":"Les programmes de Thibaut Pinot et David Gaudu en 2022 (1)"},{"@type":"BreadcrumbList","@id":"https:\/\/dicodusport.fr\/blog\/les-programmes-de-thibaut-pinot-et-david-gaudu-en-2022\/#breadcrumb","itemListElement":[{"@type":"ListItem","position":1,"name":"Accueil","item":"https:\/\/dicodusport.fr\/blog\/"},{"@type":"ListItem","position":2,"name":"Les programmes de Thibaut Pinot et David Gaudu en 2022"}]},{"@type":"WebSite","@id":"https:\/\/dicodusport.fr\/blog\/#website","url":"https:\/\/dicodusport.fr\/blog\/","name":"Dicodusport","description":"L&#039;encyclop\u00e9die de l&#039;actualit\u00e9 sportive","publisher":{"@id":"https:\/\/dicodusport.fr\/blog\/#organization"},"potentialAction":[{"@type":"SearchAction","target":{"@type":"EntryPoint","urlTemplate":"https:\/\/dicodusport.fr\/blog\/?s={search_term_string}"},"query-input":{"@type":"PropertyValueSpecification","valueRequired":true,"valueName":"search_term_string"}}],"inLanguage":"fr-FR"},{"@type":"NewsMediaOrganization","@id":"https:\/\/dicodusport.fr\/blog\/#organization","name":"Dicodusport","url":"https:\/\/dicodusport.fr\/blog\/","logo":{"@type":"ImageObject","inLanguage":"fr-FR","@id":"https:\/\/dicodusport.fr\/blog\/#\/schema\/logo\/image\/","url":"https:\/\/dicodusport.fr\/blog\/wp-content\/uploads\/2020\/06\/cropped-LOGO-DICODUSPORT-2020-SANS-FOND-SANS-TEXTE.png","contentUrl":"https:\/\/dicodusport.fr\/blog\/wp-content\/uploads\/2020\/06\/cropped-LOGO-DICODUSPORT-2020-SANS-FOND-SANS-TEXTE.png","width":512,"height":512,"caption":"Dicodusport"},"image":{"@id":"https:\/\/dicodusport.fr\/blog\/#\/schema\/logo\/image\/"},"sameAs":["https:\/\/www.facebook.com\/dicodusport","https:\/\/x.com\/dicodusport","https:\/\/www.instagram.com\/dicodusport\/","https:\/\/www.youtube.com\/channel\/UC7V2KZ5sd3htJivAbA4ZG3w"],"description":"Dicodusport est l'encyclop\u00e9die de l'actualit\u00e9 sportive.","email":"bonjour@dicodusport.fr","legalName":"DICODUSPORT","foundingDate":"2018-01-14","vatID":"FR71834470973","taxID":"83447097300043","numberOfEmployees":{"@type":"QuantitativeValue","minValue":"1","maxValue":"10"}},{"@type":"Person","@id":"https:\/\/dicodusport.fr\/blog\/#\/schema\/person\/cb02af4c173ce4a653b55e9baf388d4a","name":"Flo Ostermann","image":{"@type":"ImageObject","inLanguage":"fr-FR","@id":"https:\/\/dicodusport.fr\/blog\/#\/schema\/person\/image\/","url":"https:\/\/dicodusport.fr\/blog\/wp-content\/uploads\/2021\/05\/Flo-Ostermann-150x150.jpg","contentUrl":"https:\/\/dicodusport.fr\/blog\/wp-content\/uploads\/2021\/05\/Flo-Ostermann-150x150.jpg","caption":"Flo Ostermann"},"description":"Journaliste\/R\u00e9dacteur depuis septembre 2015 - Mes premiers souvenirs dans le sport ? Les envol\u00e9es du Stade Toulousain et les duels Villeneuve-Schumacher et H\u00e4kkinen-Schumacher \u00e0 la fin des ann\u00e9es 90, la Coupe du monde de football en 1998, l\u2019exploit du XV de France face aux All Blacks en 1999, mais aussi Richard C\u0153ur de Lion qui vole sur les montagnes du Tour de France. Bien parti pour devenir professeur d\u2019EPS, les \u00e9v\u00e9nements de la vie (et la flemme d\u2019animer des s\u00e9ances de 3x500 m\u00e8tres toute ma vie) m\u2019ont conduit \u00e0 revoir mes plans. Me voil\u00e0 depuis fin 2017 sur Dicodusport, m\u00e9dia gr\u00e2ce (et pour) lequel je partage ma passion : le sport dans tous ses \u00e9tats. Le tout accompagn\u00e9 par les fous furieux et folles furieuses cit\u00e9s sur cette page !","sameAs":["https:\/\/www.facebook.com\/florent.ostermann","https:\/\/x.com\/https:\/\/twitter.com\/FlOstermann","admin"],"url":"https:\/\/dicodusport.fr\/blog\/author\/flo\/"}]}},"_links":{"self":[{"href":"https:\/\/dicodusport.fr\/blog\/wp-json\/wp\/v2\/posts\/190469","targetHints":{"allow":["GET"]}}],"collection":[{"href":"https:\/\/dicodusport.fr\/blog\/wp-json\/wp\/v2\/posts"}],"about":[{"href":"https:\/\/dicodusport.fr\/blog\/wp-json\/wp\/v2\/types\/post"}],"author":[{"embeddable":true,"href":"https:\/\/dicodusport.fr\/blog\/wp-json\/wp\/v2\/users\/4"}],"replies":[{"embeddable":true,"href":"https:\/\/dicodusport.fr\/blog\/wp-json\/wp\/v2\/comments?post=190469"}],"version-history":[{"count":0,"href":"https:\/\/dicodusport.fr\/blog\/wp-json\/wp\/v2\/posts\/190469\/revisions"}],"wp:featuredmedia":[{"embeddable":true,"href":"https:\/\/dicodusport.fr\/blog\/wp-json\/wp\/v2\/media\/190488"}],"wp:attachment":[{"href":"https:\/\/dicodusport.fr\/blog\/wp-json\/wp\/v2\/media?parent=190469"}],"wp:term":[{"taxonomy":"category","embeddable":true,"href":"https:\/\/dicodusport.fr\/blog\/wp-json\/wp\/v2\/categories?post=190469"},{"taxonomy":"post_tag","embeddable":true,"href":"https:\/\/dicodusport.fr\/blog\/wp-json\/wp\/v2\/tags?post=190469"}],"curies":[{"name":"wp","href":"https:\/\/api.w.org\/{rel}","templated":true}]}}