{"id":190905,"date":"2022-01-13T13:36:07","date_gmt":"2022-01-13T12:36:07","guid":{"rendered":"https:\/\/dicodusport.fr\/blog\/?p=190905&#038;preview=true&#038;preview_id=190905"},"modified":"2022-01-13T14:52:30","modified_gmt":"2022-01-13T13:52:30","slug":"super-g-de-wengen-marco-odermatt-met-fin-a-la-domination-de-kilde","status":"publish","type":"post","link":"https:\/\/dicodusport.fr\/blog\/super-g-de-wengen-marco-odermatt-met-fin-a-la-domination-de-kilde\/","title":{"rendered":"Super-G de Wengen : Marco Odermatt met fin \u00e0 la domination de Kilde"},"content":{"rendered":"<p style=\"text-align: justify;\"><strong><em><a href=\"https:\/\/dicodusport.fr\/blog\/ski-alpin-coupe-du-monde-2021-2022-classement-general-hommes\/\">COUPE DU MONDE DE SKI ALPIN 2021\/2022<\/a> &#8211; Incroyable cette saison, le Suisse Marco Odermatt a remport\u00e9 le Super-G de Wengen et conforte son avance en t\u00eate de la Coupe du monde. Il devance Aleksander Aamodt Kilde et Matthias Mayer, dans une course o\u00f9 les Fran\u00e7ais auront fait de la figuration.<\/em><\/strong><\/p>\n<p style=\"text-align: justify;\">Pour le dernier Super-G avant les Jeux Olympiques, c&rsquo;est la piste de Wengen qui accueillait les sp\u00e9cialistes de la vitesse, avant les deux descentes de ce week-end. L&rsquo;occasion de voir si <strong>Aleksander Aamodt Kilde<\/strong> allait poursuivre sa domination, lui qui a remport\u00e9 les trois derni\u00e8res courses dans cette sp\u00e9cialit\u00e9. C\u00f4t\u00e9 Fran\u00e7ais, six skieurs \u00e9taient engag\u00e9s avec pour objectif de d\u00e9crocher leur s\u00e9lection pour P\u00e9kin.<\/p>\n<h2 style=\"text-align: justify;\">Marco Odermatt reprend la main<\/h2>\n<p style=\"text-align: justify;\">Premier des favoris \u00e0 s&rsquo;\u00e9lancer avec le dossard 3, <strong>Beat Feuz<\/strong> commet une \u00e9norme faute qui brise ses esp\u00e9rances. Imm\u00e9diatement apr\u00e8s, <strong>Max Franz<\/strong> s&rsquo;installe en t\u00eate, mais l&rsquo;Autrichien ne dispose que de 4 centi\u00e8mes d&rsquo;avance. Son compatriote <strong>Vincent Kriechmayr<\/strong>, champion du monde en titre, vient lui souffler la pole pour 7 centi\u00e8mes. Puis <strong>Dominik Paris<\/strong> prend la t\u00eate pour 5 centi\u00e8mes. La densit\u00e9 est impressionnante en ce d\u00e9but de course.<\/p>\n<p style=\"text-align: justify;\">C&rsquo;est le leader de la Coupe du monde, <strong>Marco Odermatt<\/strong>, qui frappe un grand coup en prenant quasiment 1 seconde d&rsquo;avance \u00e0 l&rsquo;issue d&rsquo;un parcours brillant. Le champion olympique en titre, <strong>Matthias Mayer<\/strong>, ne d\u00e9m\u00e9rite pas, mais termine tout de m\u00eame \u00e0 58 centi\u00e8mes. Tout le monde attend alors le passage d<strong>&lsquo;Aleksander Aamodt Kilde<\/strong>. Quelque peu chahut\u00e9 sur le parcours, le Norv\u00e9gien soutient la comparaison, mais doit s&rsquo;incliner pour 23 centi\u00e8mes.<\/p>\n<blockquote class=\"twitter-tweet\">\n<p dir=\"ltr\" lang=\"fr\">Quand tu es le meilleur skieur du monde et que tu es d\u00e9sol\u00e9 &#x1f937;&#x1f3fb;<br \/>\nMarco Odermatt fait une d\u00e9monstration sur le super G de <a href=\"https:\/\/twitter.com\/hashtag\/Wengen?src=hash&amp;ref_src=twsrc%5Etfw\">#Wengen<\/a><br \/>\n&#x27a1;&#xfe0f; <a href=\"https:\/\/twitter.com\/Eurosport_FR?ref_src=twsrc%5Etfw\">@Eurosport_FR<\/a><br \/>\n&#x1f399; <a href=\"https:\/\/twitter.com\/FX_Rallet?ref_src=twsrc%5Etfw\">@FX_Rallet<\/a> <a href=\"https:\/\/twitter.com\/hashtag\/PEDalcin?src=hash&amp;ref_src=twsrc%5Etfw\">#PEDalcin<\/a><br \/>\n&#x2744;&#xfe0f; <a href=\"https:\/\/twitter.com\/hashtag\/ChaletClub?src=hash&amp;ref_src=twsrc%5Etfw\">#ChaletClub<\/a> <a href=\"https:\/\/t.co\/DcjRVlRCuQ\">pic.twitter.com\/DcjRVlRCuQ<\/a><\/p>\n<p>\u2014 Chalet &#x2744;&#xfe0f; Club (@ChaletClub2021) <a href=\"https:\/\/twitter.com\/ChaletClub2021\/status\/1481594365722206212?ref_src=twsrc%5Etfw\">January 13, 2022<\/a><\/p><\/blockquote>\n<p style=\"text-align: justify;\"><script async src=\"https:\/\/platform.twitter.com\/widgets.js\" charset=\"utf-8\"><\/script><\/p>\n<p style=\"text-align: justify;\">D\u00e8s lors, la course semble jou\u00e9e. Quelques skieurs exp\u00e9riment\u00e9s semblent pouvoir jouer les trouble-f\u00eates, mais seul <strong>Christof Innerhofer<\/strong> y parvient en prenant la huiti\u00e8me place. La surprise, outre la quatri\u00e8me place de <strong>Roland Baumann<\/strong>, vient du Canadien <strong>James Crawford<\/strong> qui prend la cinqui\u00e8me place gr\u00e2ce \u00e0 une prise de risques maximale tout au long du parcours. <strong>Josef Ferstl<\/strong>, peu en vue cet hiver, vient lui signer une inattendue sixi\u00e8me place.<\/p>\n<blockquote class=\"twitter-tweet\">\n<p dir=\"ltr\" lang=\"fr\">&#x1f4aa; Marco Odermatt, \u00e9videmment ! Le Suisse s&rsquo;impose \u00e0 domicile en s&rsquo;adjugeant le super-G de Wengen <a href=\"https:\/\/twitter.com\/hashtag\/ChaletClub?src=hash&amp;ref_src=twsrc%5Etfw\">#ChaletClub<\/a> <a href=\"https:\/\/t.co\/PNNuptKacr\">https:\/\/t.co\/PNNuptKacr<\/a> <a href=\"https:\/\/t.co\/rfLStxvGLP\">pic.twitter.com\/rfLStxvGLP<\/a><\/p>\n<p>\u2014 Eurosport France (@Eurosport_FR) <a href=\"https:\/\/twitter.com\/Eurosport_FR\/status\/1481606395761934339?ref_src=twsrc%5Etfw\">January 13, 2022<\/a><\/p><\/blockquote>\n<p><script async src=\"https:\/\/platform.twitter.com\/widgets.js\" charset=\"utf-8\"><\/script><\/p>\n<h2 style=\"text-align: justify;\">La course des Fran\u00e7ais<\/h2>\n<p style=\"text-align: justify;\">Les Bleus ne se sont pas montr\u00e9s \u00e0 leur avantage sur le Lauberhorn. Le meilleur d&rsquo;entre eux, <strong>Johan Clarey,<\/strong> ne parvient pas \u00e0 entrer dans le top 15 (18\u00e8me). <strong>Niels All\u00e8gre <\/strong>et\u00a0<strong>Matthieu Bailet<\/strong>, qui ne r\u00e9it\u00e8re pas sa belle 6\u00e8me place obtenue \u00e0 Bormio, terminent roue dans roue au-del\u00e0 de la 20\u00e8me place. <strong>Blaise Giezendanner,<\/strong> lui aussi performant en Italie, n&rsquo;a jamais trouv\u00e9 le rythme et termine loin au classement. Pour son premier d\u00e9part en Super-G cette saison, <strong>Matthieu Faivre<\/strong> ne sera jamais dans le coup, et termine \u00e0 presque 4 secondes. Il terminera dernier de la course, juste derri\u00e8re<strong> Maxence Muzaton<\/strong>, dernier \u00e0 partir et avant-dernier \u00e0 l&rsquo;arriv\u00e9e.<\/p>\n<p style=\"text-align: justify;\">Deuxi\u00e8me succ\u00e8s en Super-G et sixi\u00e8me au total pour <strong>Marco Odermatt,<\/strong> plus que jamais leader du classement g\u00e9n\u00e9ral de la Coupe du monde. Deuxi\u00e8me, <strong>Aleksander Aamodt Kilde<\/strong> inscrit toutefois des points importants en vue du globe de cristal de la sp\u00e9cialit\u00e9. C\u00f4t\u00e9 Fran\u00e7ais, c&rsquo;est la soupe \u00e0 la grimace apr\u00e8s l&rsquo;\u00e9claircie entrevue \u00e0 Bormio, et les espoirs seront maigres dans cette discipline lors des Jeux Olympiques.<\/p>\n<h2 style=\"text-align: justify;\"><strong>\u00c0 lire aussi<\/strong><\/h2>\n<ul>\n<li><a href=\"https:\/\/dicodusport.fr\/blog\/super-g-hommes-wengen-classement\/\"><strong>Le classement du Super-G hommes de Wengen<\/strong><\/a><\/li>\n<li style=\"text-align: justify;\"><a href=\"https:\/\/dicodusport.fr\/blog\/ski-alpin-coupe-du-monde-2021-2022-classement-general-hommes\/\"><strong>Le classement g\u00e9n\u00e9ral de la Coupe du monde<\/strong><\/a><\/li>\n<\/ul>\n<p>&nbsp;<\/p>\n","protected":false},"excerpt":{"rendered":"<p>COUPE DU MONDE DE SKI ALPIN 2021\/2022 &#8211; Incroyable cette saison, le Suisse Marco Odermatt a remport\u00e9 le Super-G de Wengen et conforte son avance en t\u00eate de la Coupe du monde. Il devance Aleksander Aamodt Kilde et Matthias Mayer, dans une course o\u00f9 les Fran\u00e7ais auront fait de la figuration.<\/p>\n","protected":false},"author":59,"featured_media":190942,"comment_status":"open","ping_status":"closed","sticky":false,"template":"","format":"standard","meta":{"_acf_changed":false,"_daextam_enable_autolinks":"","footnotes":""},"categories":[47084],"tags":[7192],"class_list":["post-190905","post","type-post","status-publish","format-standard","has-post-thumbnail","hentry","category-coupe-du-monde-ski-alpin","tag-super-g"],"acf":[],"yoast_head":"<!-- This site is optimized with the Yoast SEO Premium plugin v26.7 (Yoast SEO v26.7) - https:\/\/yoast.com\/wordpress\/plugins\/seo\/ -->\n<title>Super-G de Wengen : Marco Odermatt met fin \u00e0 la domination de Kilde<\/title>\n<meta name=\"description\" content=\"COUPE DU MONDE DE SKI ALPIN 2021\/2022 - Incroyable cette saison, le Suisse Marco Odermatt a remport\u00e9 le Super-G de Wengen.\" \/>\n<meta name=\"robots\" content=\"index, follow, max-snippet:-1, max-image-preview:large, max-video-preview:-1\" \/>\n<link rel=\"canonical\" href=\"https:\/\/dicodusport.fr\/blog\/super-g-de-wengen-marco-odermatt-met-fin-a-la-domination-de-kilde\/\" \/>\n<meta property=\"og:locale\" content=\"fr_FR\" \/>\n<meta property=\"og:type\" content=\"article\" \/>\n<meta property=\"og:title\" content=\"Super-G de Wengen : Marco Odermatt met fin \u00e0 la domination de Kilde\" \/>\n<meta property=\"og:description\" content=\"COUPE DU MONDE DE SKI ALPIN 2021\/2022 - Incroyable cette saison, le Suisse Marco Odermatt a remport\u00e9 le Super-G de Wengen.\" \/>\n<meta property=\"og:url\" content=\"https:\/\/dicodusport.fr\/blog\/super-g-de-wengen-marco-odermatt-met-fin-a-la-domination-de-kilde\/\" \/>\n<meta property=\"og:site_name\" content=\"Dicodusport\" \/>\n<meta property=\"article:publisher\" content=\"https:\/\/www.facebook.com\/dicodusport\" \/>\n<meta property=\"article:author\" content=\"https:\/\/www.facebook.com\/sebastien.gente\/\" \/>\n<meta property=\"article:published_time\" content=\"2022-01-13T12:36:07+00:00\" \/>\n<meta property=\"article:modified_time\" content=\"2022-01-13T13:52:30+00:00\" \/>\n<meta property=\"og:image\" content=\"https:\/\/dicodusport.fr\/blog\/wp-content\/uploads\/2022\/01\/Super-G-de-Wengen-Marco-Odermatt-met-fin-a-la-domination-de-Kilde.png\" \/>\n\t<meta property=\"og:image:width\" content=\"800\" \/>\n\t<meta property=\"og:image:height\" content=\"445\" \/>\n\t<meta property=\"og:image:type\" content=\"image\/png\" \/>\n<meta name=\"author\" content=\"S\u00e9bastien Gente\" \/>\n<meta name=\"twitter:card\" content=\"summary_large_image\" \/>\n<meta name=\"twitter:title\" content=\"Super-G de Wengen : Marco Odermatt met fin \u00e0 la domination de Kilde\" \/>\n<meta name=\"twitter:creator\" content=\"@https:\/\/twitter.com\/globulo24\" \/>\n<meta name=\"twitter:site\" content=\"@dicodusport\" \/>\n<script type=\"application\/ld+json\" class=\"yoast-schema-graph\">{\"@context\":\"https:\/\/schema.org\",\"@graph\":[{\"@type\":\"NewsArticle\",\"@id\":\"https:\/\/dicodusport.fr\/blog\/super-g-de-wengen-marco-odermatt-met-fin-a-la-domination-de-kilde\/#article\",\"isPartOf\":{\"@id\":\"https:\/\/dicodusport.fr\/blog\/super-g-de-wengen-marco-odermatt-met-fin-a-la-domination-de-kilde\/\"},\"author\":{\"name\":\"S\u00e9bastien Gente\",\"@id\":\"https:\/\/dicodusport.fr\/blog\/#\/schema\/person\/627966a6cde45dbd8c5e36ac85d783da\"},\"headline\":\"Super-G de Wengen : Marco Odermatt met fin \u00e0 la domination de Kilde\",\"datePublished\":\"2022-01-13T12:36:07+00:00\",\"dateModified\":\"2022-01-13T13:52:30+00:00\",\"mainEntityOfPage\":{\"@id\":\"https:\/\/dicodusport.fr\/blog\/super-g-de-wengen-marco-odermatt-met-fin-a-la-domination-de-kilde\/\"},\"wordCount\":680,\"commentCount\":0,\"publisher\":{\"@id\":\"https:\/\/dicodusport.fr\/blog\/#organization\"},\"image\":{\"@id\":\"https:\/\/dicodusport.fr\/blog\/super-g-de-wengen-marco-odermatt-met-fin-a-la-domination-de-kilde\/#primaryimage\"},\"thumbnailUrl\":\"https:\/\/dicodusport.fr\/blog\/wp-content\/uploads\/2022\/01\/Super-G-de-Wengen-Marco-Odermatt-met-fin-a-la-domination-de-Kilde.png\",\"keywords\":[\"Super G\"],\"articleSection\":[\"Coupe du monde de ski alpin\"],\"inLanguage\":\"fr-FR\",\"potentialAction\":[{\"@type\":\"CommentAction\",\"name\":\"Comment\",\"target\":[\"https:\/\/dicodusport.fr\/blog\/super-g-de-wengen-marco-odermatt-met-fin-a-la-domination-de-kilde\/#respond\"]}],\"copyrightYear\":\"2022\",\"copyrightHolder\":{\"@id\":\"https:\/\/dicodusport.fr\/blog\/#organization\"}},{\"@type\":\"WebPage\",\"@id\":\"https:\/\/dicodusport.fr\/blog\/super-g-de-wengen-marco-odermatt-met-fin-a-la-domination-de-kilde\/\",\"url\":\"https:\/\/dicodusport.fr\/blog\/super-g-de-wengen-marco-odermatt-met-fin-a-la-domination-de-kilde\/\",\"name\":\"Super-G de Wengen : Marco Odermatt met fin \u00e0 la domination de Kilde\",\"isPartOf\":{\"@id\":\"https:\/\/dicodusport.fr\/blog\/#website\"},\"primaryImageOfPage\":{\"@id\":\"https:\/\/dicodusport.fr\/blog\/super-g-de-wengen-marco-odermatt-met-fin-a-la-domination-de-kilde\/#primaryimage\"},\"image\":{\"@id\":\"https:\/\/dicodusport.fr\/blog\/super-g-de-wengen-marco-odermatt-met-fin-a-la-domination-de-kilde\/#primaryimage\"},\"thumbnailUrl\":\"https:\/\/dicodusport.fr\/blog\/wp-content\/uploads\/2022\/01\/Super-G-de-Wengen-Marco-Odermatt-met-fin-a-la-domination-de-Kilde.png\",\"datePublished\":\"2022-01-13T12:36:07+00:00\",\"dateModified\":\"2022-01-13T13:52:30+00:00\",\"description\":\"COUPE DU MONDE DE SKI ALPIN 2021\/2022 - Incroyable cette saison, le Suisse Marco Odermatt a remport\u00e9 le Super-G de Wengen.\",\"breadcrumb\":{\"@id\":\"https:\/\/dicodusport.fr\/blog\/super-g-de-wengen-marco-odermatt-met-fin-a-la-domination-de-kilde\/#breadcrumb\"},\"inLanguage\":\"fr-FR\",\"potentialAction\":[{\"@type\":\"ReadAction\",\"target\":[\"https:\/\/dicodusport.fr\/blog\/super-g-de-wengen-marco-odermatt-met-fin-a-la-domination-de-kilde\/\"]}]},{\"@type\":\"ImageObject\",\"inLanguage\":\"fr-FR\",\"@id\":\"https:\/\/dicodusport.fr\/blog\/super-g-de-wengen-marco-odermatt-met-fin-a-la-domination-de-kilde\/#primaryimage\",\"url\":\"https:\/\/dicodusport.fr\/blog\/wp-content\/uploads\/2022\/01\/Super-G-de-Wengen-Marco-Odermatt-met-fin-a-la-domination-de-Kilde.png\",\"contentUrl\":\"https:\/\/dicodusport.fr\/blog\/wp-content\/uploads\/2022\/01\/Super-G-de-Wengen-Marco-Odermatt-met-fin-a-la-domination-de-Kilde.png\",\"width\":800,\"height\":445,\"caption\":\"Super-G de Wengen Marco Odermatt met fin \u00e0 la domination de Kilde\"},{\"@type\":\"BreadcrumbList\",\"@id\":\"https:\/\/dicodusport.fr\/blog\/super-g-de-wengen-marco-odermatt-met-fin-a-la-domination-de-kilde\/#breadcrumb\",\"itemListElement\":[{\"@type\":\"ListItem\",\"position\":1,\"name\":\"Accueil\",\"item\":\"https:\/\/dicodusport.fr\/blog\/\"},{\"@type\":\"ListItem\",\"position\":2,\"name\":\"Super-G de Wengen : Marco Odermatt met fin \u00e0 la domination de Kilde\"}]},{\"@type\":\"WebSite\",\"@id\":\"https:\/\/dicodusport.fr\/blog\/#website\",\"url\":\"https:\/\/dicodusport.fr\/blog\/\",\"name\":\"Dicodusport\",\"description\":\"L&#039;encyclop\u00e9die de l&#039;actualit\u00e9 sportive\",\"publisher\":{\"@id\":\"https:\/\/dicodusport.fr\/blog\/#organization\"},\"potentialAction\":[{\"@type\":\"SearchAction\",\"target\":{\"@type\":\"EntryPoint\",\"urlTemplate\":\"https:\/\/dicodusport.fr\/blog\/?s={search_term_string}\"},\"query-input\":{\"@type\":\"PropertyValueSpecification\",\"valueRequired\":true,\"valueName\":\"search_term_string\"}}],\"inLanguage\":\"fr-FR\"},{\"@type\":\"NewsMediaOrganization\",\"@id\":\"https:\/\/dicodusport.fr\/blog\/#organization\",\"name\":\"Dicodusport\",\"url\":\"https:\/\/dicodusport.fr\/blog\/\",\"logo\":{\"@type\":\"ImageObject\",\"inLanguage\":\"fr-FR\",\"@id\":\"https:\/\/dicodusport.fr\/blog\/#\/schema\/logo\/image\/\",\"url\":\"https:\/\/dicodusport.fr\/blog\/wp-content\/uploads\/2020\/06\/cropped-LOGO-DICODUSPORT-2020-SANS-FOND-SANS-TEXTE.png\",\"contentUrl\":\"https:\/\/dicodusport.fr\/blog\/wp-content\/uploads\/2020\/06\/cropped-LOGO-DICODUSPORT-2020-SANS-FOND-SANS-TEXTE.png\",\"width\":512,\"height\":512,\"caption\":\"Dicodusport\"},\"image\":{\"@id\":\"https:\/\/dicodusport.fr\/blog\/#\/schema\/logo\/image\/\"},\"sameAs\":[\"https:\/\/www.facebook.com\/dicodusport\",\"https:\/\/x.com\/dicodusport\",\"https:\/\/www.instagram.com\/dicodusport\/\",\"https:\/\/www.youtube.com\/channel\/UC7V2KZ5sd3htJivAbA4ZG3w\"],\"description\":\"Dicodusport est l'encyclop\u00e9die de l'actualit\u00e9 sportive.\",\"email\":\"bonjour@dicodusport.fr\",\"legalName\":\"DICODUSPORT\",\"foundingDate\":\"2018-01-14\",\"vatID\":\"FR71834470973\",\"taxID\":\"83447097300043\",\"numberOfEmployees\":{\"@type\":\"QuantitativeValue\",\"minValue\":\"1\",\"maxValue\":\"10\"}},{\"@type\":\"Person\",\"@id\":\"https:\/\/dicodusport.fr\/blog\/#\/schema\/person\/627966a6cde45dbd8c5e36ac85d783da\",\"name\":\"S\u00e9bastien Gente\",\"image\":{\"@type\":\"ImageObject\",\"inLanguage\":\"fr-FR\",\"@id\":\"https:\/\/dicodusport.fr\/blog\/#\/schema\/person\/image\/\",\"url\":\"https:\/\/dicodusport.fr\/blog\/wp-content\/uploads\/2021\/09\/1510990_10205810251400683_4124423575079401707_n-150x150.jpg\",\"contentUrl\":\"https:\/\/dicodusport.fr\/blog\/wp-content\/uploads\/2021\/09\/1510990_10205810251400683_4124423575079401707_n-150x150.jpg\",\"caption\":\"S\u00e9bastien Gente\"},\"description\":\"John Stockton, Gianni Bugno, Zinedine Zidane, Steffi Graf, Frode Andresen, St\u00e9phane Stoecklin, Davis Kamoga, Primoz Peterka, Werner Schlager et Aur\u00e9lien Rougerie. Point commun entre ces sportifs? Ils m'ont fait r\u00eaver et ont berc\u00e9 mon adolescence. Je suis un fondu de sports et j'essaie de retranscrire ma passion \u00e0 travers mes articles. Originaire du P\u00e9rigord, ma passion pour les Girondins, les Jaunards et les Jazzmen transpire dans mes \u00e9crits. \u00c0 Dicodusport depuis 2021, je d\u00e9niche les sports m\u00e9connus dans lesquels la France brille, et il y en a !\",\"sameAs\":[\"https:\/\/www.facebook.com\/sebastien.gente\/\",\"https:\/\/www.instagram.com\/sebgente\/\",\"https:\/\/www.linkedin.com\/in\/sbastien-gente-a29583169\/\",\"https:\/\/x.com\/https:\/\/twitter.com\/globulo24\",\"SebastienGente\"],\"worksFor\":\"S\u00e9bastien GENTE\",\"url\":\"https:\/\/dicodusport.fr\/blog\/author\/sebastiengente\/\"}]}<\/script>\n<!-- \/ Yoast SEO Premium plugin. -->","yoast_head_json":{"title":"Super-G de Wengen : Marco Odermatt met fin \u00e0 la domination de Kilde","description":"COUPE DU MONDE DE SKI ALPIN 2021\/2022 - Incroyable cette saison, le Suisse Marco Odermatt a remport\u00e9 le Super-G de Wengen.","robots":{"index":"index","follow":"follow","max-snippet":"max-snippet:-1","max-image-preview":"max-image-preview:large","max-video-preview":"max-video-preview:-1"},"canonical":"https:\/\/dicodusport.fr\/blog\/super-g-de-wengen-marco-odermatt-met-fin-a-la-domination-de-kilde\/","og_locale":"fr_FR","og_type":"article","og_title":"Super-G de Wengen : Marco Odermatt met fin \u00e0 la domination de Kilde","og_description":"COUPE DU MONDE DE SKI ALPIN 2021\/2022 - Incroyable cette saison, le Suisse Marco Odermatt a remport\u00e9 le Super-G de Wengen.","og_url":"https:\/\/dicodusport.fr\/blog\/super-g-de-wengen-marco-odermatt-met-fin-a-la-domination-de-kilde\/","og_site_name":"Dicodusport","article_publisher":"https:\/\/www.facebook.com\/dicodusport","article_author":"https:\/\/www.facebook.com\/sebastien.gente\/","article_published_time":"2022-01-13T12:36:07+00:00","article_modified_time":"2022-01-13T13:52:30+00:00","og_image":[{"width":800,"height":445,"url":"https:\/\/dicodusport.fr\/blog\/wp-content\/uploads\/2022\/01\/Super-G-de-Wengen-Marco-Odermatt-met-fin-a-la-domination-de-Kilde.png","type":"image\/png"}],"author":"S\u00e9bastien Gente","twitter_card":"summary_large_image","twitter_title":"Super-G de Wengen : Marco Odermatt met fin \u00e0 la domination de Kilde","twitter_creator":"@https:\/\/twitter.com\/globulo24","twitter_site":"@dicodusport","schema":{"@context":"https:\/\/schema.org","@graph":[{"@type":"NewsArticle","@id":"https:\/\/dicodusport.fr\/blog\/super-g-de-wengen-marco-odermatt-met-fin-a-la-domination-de-kilde\/#article","isPartOf":{"@id":"https:\/\/dicodusport.fr\/blog\/super-g-de-wengen-marco-odermatt-met-fin-a-la-domination-de-kilde\/"},"author":{"name":"S\u00e9bastien Gente","@id":"https:\/\/dicodusport.fr\/blog\/#\/schema\/person\/627966a6cde45dbd8c5e36ac85d783da"},"headline":"Super-G de Wengen : Marco Odermatt met fin \u00e0 la domination de Kilde","datePublished":"2022-01-13T12:36:07+00:00","dateModified":"2022-01-13T13:52:30+00:00","mainEntityOfPage":{"@id":"https:\/\/dicodusport.fr\/blog\/super-g-de-wengen-marco-odermatt-met-fin-a-la-domination-de-kilde\/"},"wordCount":680,"commentCount":0,"publisher":{"@id":"https:\/\/dicodusport.fr\/blog\/#organization"},"image":{"@id":"https:\/\/dicodusport.fr\/blog\/super-g-de-wengen-marco-odermatt-met-fin-a-la-domination-de-kilde\/#primaryimage"},"thumbnailUrl":"https:\/\/dicodusport.fr\/blog\/wp-content\/uploads\/2022\/01\/Super-G-de-Wengen-Marco-Odermatt-met-fin-a-la-domination-de-Kilde.png","keywords":["Super G"],"articleSection":["Coupe du monde de ski alpin"],"inLanguage":"fr-FR","potentialAction":[{"@type":"CommentAction","name":"Comment","target":["https:\/\/dicodusport.fr\/blog\/super-g-de-wengen-marco-odermatt-met-fin-a-la-domination-de-kilde\/#respond"]}],"copyrightYear":"2022","copyrightHolder":{"@id":"https:\/\/dicodusport.fr\/blog\/#organization"}},{"@type":"WebPage","@id":"https:\/\/dicodusport.fr\/blog\/super-g-de-wengen-marco-odermatt-met-fin-a-la-domination-de-kilde\/","url":"https:\/\/dicodusport.fr\/blog\/super-g-de-wengen-marco-odermatt-met-fin-a-la-domination-de-kilde\/","name":"Super-G de Wengen : Marco Odermatt met fin \u00e0 la domination de Kilde","isPartOf":{"@id":"https:\/\/dicodusport.fr\/blog\/#website"},"primaryImageOfPage":{"@id":"https:\/\/dicodusport.fr\/blog\/super-g-de-wengen-marco-odermatt-met-fin-a-la-domination-de-kilde\/#primaryimage"},"image":{"@id":"https:\/\/dicodusport.fr\/blog\/super-g-de-wengen-marco-odermatt-met-fin-a-la-domination-de-kilde\/#primaryimage"},"thumbnailUrl":"https:\/\/dicodusport.fr\/blog\/wp-content\/uploads\/2022\/01\/Super-G-de-Wengen-Marco-Odermatt-met-fin-a-la-domination-de-Kilde.png","datePublished":"2022-01-13T12:36:07+00:00","dateModified":"2022-01-13T13:52:30+00:00","description":"COUPE DU MONDE DE SKI ALPIN 2021\/2022 - Incroyable cette saison, le Suisse Marco Odermatt a remport\u00e9 le Super-G de Wengen.","breadcrumb":{"@id":"https:\/\/dicodusport.fr\/blog\/super-g-de-wengen-marco-odermatt-met-fin-a-la-domination-de-kilde\/#breadcrumb"},"inLanguage":"fr-FR","potentialAction":[{"@type":"ReadAction","target":["https:\/\/dicodusport.fr\/blog\/super-g-de-wengen-marco-odermatt-met-fin-a-la-domination-de-kilde\/"]}]},{"@type":"ImageObject","inLanguage":"fr-FR","@id":"https:\/\/dicodusport.fr\/blog\/super-g-de-wengen-marco-odermatt-met-fin-a-la-domination-de-kilde\/#primaryimage","url":"https:\/\/dicodusport.fr\/blog\/wp-content\/uploads\/2022\/01\/Super-G-de-Wengen-Marco-Odermatt-met-fin-a-la-domination-de-Kilde.png","contentUrl":"https:\/\/dicodusport.fr\/blog\/wp-content\/uploads\/2022\/01\/Super-G-de-Wengen-Marco-Odermatt-met-fin-a-la-domination-de-Kilde.png","width":800,"height":445,"caption":"Super-G de Wengen Marco Odermatt met fin \u00e0 la domination de Kilde"},{"@type":"BreadcrumbList","@id":"https:\/\/dicodusport.fr\/blog\/super-g-de-wengen-marco-odermatt-met-fin-a-la-domination-de-kilde\/#breadcrumb","itemListElement":[{"@type":"ListItem","position":1,"name":"Accueil","item":"https:\/\/dicodusport.fr\/blog\/"},{"@type":"ListItem","position":2,"name":"Super-G de Wengen : Marco Odermatt met fin \u00e0 la domination de Kilde"}]},{"@type":"WebSite","@id":"https:\/\/dicodusport.fr\/blog\/#website","url":"https:\/\/dicodusport.fr\/blog\/","name":"Dicodusport","description":"L&#039;encyclop\u00e9die de l&#039;actualit\u00e9 sportive","publisher":{"@id":"https:\/\/dicodusport.fr\/blog\/#organization"},"potentialAction":[{"@type":"SearchAction","target":{"@type":"EntryPoint","urlTemplate":"https:\/\/dicodusport.fr\/blog\/?s={search_term_string}"},"query-input":{"@type":"PropertyValueSpecification","valueRequired":true,"valueName":"search_term_string"}}],"inLanguage":"fr-FR"},{"@type":"NewsMediaOrganization","@id":"https:\/\/dicodusport.fr\/blog\/#organization","name":"Dicodusport","url":"https:\/\/dicodusport.fr\/blog\/","logo":{"@type":"ImageObject","inLanguage":"fr-FR","@id":"https:\/\/dicodusport.fr\/blog\/#\/schema\/logo\/image\/","url":"https:\/\/dicodusport.fr\/blog\/wp-content\/uploads\/2020\/06\/cropped-LOGO-DICODUSPORT-2020-SANS-FOND-SANS-TEXTE.png","contentUrl":"https:\/\/dicodusport.fr\/blog\/wp-content\/uploads\/2020\/06\/cropped-LOGO-DICODUSPORT-2020-SANS-FOND-SANS-TEXTE.png","width":512,"height":512,"caption":"Dicodusport"},"image":{"@id":"https:\/\/dicodusport.fr\/blog\/#\/schema\/logo\/image\/"},"sameAs":["https:\/\/www.facebook.com\/dicodusport","https:\/\/x.com\/dicodusport","https:\/\/www.instagram.com\/dicodusport\/","https:\/\/www.youtube.com\/channel\/UC7V2KZ5sd3htJivAbA4ZG3w"],"description":"Dicodusport est l'encyclop\u00e9die de l'actualit\u00e9 sportive.","email":"bonjour@dicodusport.fr","legalName":"DICODUSPORT","foundingDate":"2018-01-14","vatID":"FR71834470973","taxID":"83447097300043","numberOfEmployees":{"@type":"QuantitativeValue","minValue":"1","maxValue":"10"}},{"@type":"Person","@id":"https:\/\/dicodusport.fr\/blog\/#\/schema\/person\/627966a6cde45dbd8c5e36ac85d783da","name":"S\u00e9bastien Gente","image":{"@type":"ImageObject","inLanguage":"fr-FR","@id":"https:\/\/dicodusport.fr\/blog\/#\/schema\/person\/image\/","url":"https:\/\/dicodusport.fr\/blog\/wp-content\/uploads\/2021\/09\/1510990_10205810251400683_4124423575079401707_n-150x150.jpg","contentUrl":"https:\/\/dicodusport.fr\/blog\/wp-content\/uploads\/2021\/09\/1510990_10205810251400683_4124423575079401707_n-150x150.jpg","caption":"S\u00e9bastien Gente"},"description":"John Stockton, Gianni Bugno, Zinedine Zidane, Steffi Graf, Frode Andresen, St\u00e9phane Stoecklin, Davis Kamoga, Primoz Peterka, Werner Schlager et Aur\u00e9lien Rougerie. Point commun entre ces sportifs? Ils m'ont fait r\u00eaver et ont berc\u00e9 mon adolescence. Je suis un fondu de sports et j'essaie de retranscrire ma passion \u00e0 travers mes articles. Originaire du P\u00e9rigord, ma passion pour les Girondins, les Jaunards et les Jazzmen transpire dans mes \u00e9crits. \u00c0 Dicodusport depuis 2021, je d\u00e9niche les sports m\u00e9connus dans lesquels la France brille, et il y en a !","sameAs":["https:\/\/www.facebook.com\/sebastien.gente\/","https:\/\/www.instagram.com\/sebgente\/","https:\/\/www.linkedin.com\/in\/sbastien-gente-a29583169\/","https:\/\/x.com\/https:\/\/twitter.com\/globulo24","SebastienGente"],"worksFor":"S\u00e9bastien GENTE","url":"https:\/\/dicodusport.fr\/blog\/author\/sebastiengente\/"}]}},"_links":{"self":[{"href":"https:\/\/dicodusport.fr\/blog\/wp-json\/wp\/v2\/posts\/190905","targetHints":{"allow":["GET"]}}],"collection":[{"href":"https:\/\/dicodusport.fr\/blog\/wp-json\/wp\/v2\/posts"}],"about":[{"href":"https:\/\/dicodusport.fr\/blog\/wp-json\/wp\/v2\/types\/post"}],"author":[{"embeddable":true,"href":"https:\/\/dicodusport.fr\/blog\/wp-json\/wp\/v2\/users\/59"}],"replies":[{"embeddable":true,"href":"https:\/\/dicodusport.fr\/blog\/wp-json\/wp\/v2\/comments?post=190905"}],"version-history":[{"count":0,"href":"https:\/\/dicodusport.fr\/blog\/wp-json\/wp\/v2\/posts\/190905\/revisions"}],"wp:featuredmedia":[{"embeddable":true,"href":"https:\/\/dicodusport.fr\/blog\/wp-json\/wp\/v2\/media\/190942"}],"wp:attachment":[{"href":"https:\/\/dicodusport.fr\/blog\/wp-json\/wp\/v2\/media?parent=190905"}],"wp:term":[{"taxonomy":"category","embeddable":true,"href":"https:\/\/dicodusport.fr\/blog\/wp-json\/wp\/v2\/categories?post=190905"},{"taxonomy":"post_tag","embeddable":true,"href":"https:\/\/dicodusport.fr\/blog\/wp-json\/wp\/v2\/tags?post=190905"}],"curies":[{"name":"wp","href":"https:\/\/api.w.org\/{rel}","templated":true}]}}