{"id":191124,"date":"2022-01-14T08:17:33","date_gmt":"2022-01-14T07:17:33","guid":{"rendered":"https:\/\/dicodusport.fr\/blog\/?p=191124&#038;preview=true&#038;preview_id=191124"},"modified":"2022-04-20T07:48:27","modified_gmt":"2022-04-20T05:48:27","slug":"open-d-australie-le-ministre-de-l-immigration-australien-annule-le-visa-de-djokovic","status":"publish","type":"post","link":"https:\/\/dicodusport.fr\/blog\/open-d-australie-le-ministre-de-l-immigration-australien-annule-le-visa-de-djokovic\/","title":{"rendered":"Open d&rsquo;Australie : Le ministre de l&rsquo;Immigration australien annule le visa de Djokovic"},"content":{"rendered":"<p style=\"text-align: justify;\"><strong><em>OPEN D&rsquo;AUSTRALIE 2022 &#8211; Nouveau rebondissement dans dans le DjokoGate : ce vendredi, le ministre de l&rsquo;Immigration australien, Alex Hawke, a fait savoir que le visa de Novak Djokovic avait \u00e9t\u00e9 une fois de plus annul\u00e9. \u00c0 deux jours du coup d&rsquo;envoi d&rsquo;un tournoi dont il est nonuple vainqueur, le Serbe peut encore faire appel.<\/em><\/strong><\/p>\n<p style=\"text-align: justify;\">C&rsquo;est par un communiqu\u00e9 que le ministre de l&rsquo;Immigration australien, <strong>Alex Hawke<\/strong>, a annonc\u00e9 la nouvelle. Apr\u00e8s une attente de plus de 96 heures, ce dernier a annul\u00e9 une deuxi\u00e8me fois le visa de <strong>Novak Djokovic<\/strong>, nonuple vainqueur de l&rsquo;Open d&rsquo;Australie et num\u00e9ro un mondial. Alex Hawke a justifi\u00e9 sa d\u00e9cision par des raisons de <em>\u00ab<\/em> <i>sant\u00e9 publique \u00bb<\/i> et <em>\u00ab<\/em> <i>d&rsquo;int\u00e9r\u00eat g\u00e9n\u00e9ral \u00bb<\/i>.<\/p>\n<p style=\"text-align: justify;\">\u00c0 noter que cette d\u00e9cision implique \u00e9galement que le Serbe est interdit d&rsquo;entrer sur le territoire australien pendant trois ans, sauf dans certains circonstances, comme le pr\u00e9cise l&rsquo;<em>AFP<\/em>. Comme lors de la premi\u00e8re fois, le clan Djokovic peut une nouvelle fois faire appel de cette d\u00e9cision. \u00c0 deux jours du d\u00e9but de l&rsquo;Open d&rsquo;Australie, la participation de celui qui pourrait remporter \u00e0 21\u00e8me titre du Grand Chelem \u00e0 Melbourne, est fortement compromise.<\/p>\n<h2 style=\"text-align: justify;\">Obtenir son visa facilement pour se rendre \u00e0 l\u2019OPEN D\u2019AUSTRALIE 2022<\/h2>\n<p style=\"text-align: justify;\">M\u00eame si Djokovic ne participe pas \u00e0 l\u2019Open d\u2019Australie cette ann\u00e9e, cette comp\u00e9tition aura bel et bien lieu. Rafael Nadal, Daniil Medvedev et autres grands noms du tennis seront de la partie. Alors, venez supporter votre champion du 17 au 30 janvier 2022.<\/p>\n<p style=\"text-align: justify;\">Si vous \u00eates un ressortissant fran\u00e7ais, vous pouvez faire votre demande de visa en ligne pour vous rendre en Australie. Cette proc\u00e9dure ne dure que quelques instants. Pas besoin d&rsquo;exp\u00e9dition postale, car toutes les d\u00e9marches se font sur le web. En quatre jours maximum, vous allez pouvoir t\u00e9l\u00e9charger votre visa \u00e9lectronique encore connu sous le nom de eVisitor. Avec ce visa, vous pourrez vous rendre \u00e0 Melbourne pour des <a href=\"https:\/\/www.action-visas.com\/visa\/Australie-eVisitor\">s\u00e9jours de 90 jours maximum<\/a>, ce qui est largement suffisant pour assister \u00e0 l&rsquo;OPEN D\u2019AUSTRALIE.<\/p>\n<p style=\"text-align: justify;\">Cependant, afin de ne pas vivre la m\u00eame situation que Djokovic, le mieux c\u2019est de passer par une agence fiable comme Action Visa. Avec ces professionnels, vous \u00eates s\u00fbr d\u2019obtenir votre eVisitor dans les d\u00e9lais. Ceux-ci se chargent de faire toute la proc\u00e9dure \u00e0 votre place et vous d\u00e9livrent votre visa sans probl\u00e8me, ce qui vous permet de bien vous pr\u00e9parer pour votre s\u00e9jour en Australie.<\/p>\n<blockquote class=\"twitter-tweet\">\n<p dir=\"ltr\" lang=\"fr\">Elle implique que le joueur serbe, qui visait un 21e titre record du Grand Chelem \u00e0 l&rsquo;Open d&rsquo;Australie qui d\u00e9bute lundi, sera interdit d&rsquo;entr\u00e9e dans le pays pendant trois ans, sauf dans certaines circonstances <a href=\"https:\/\/twitter.com\/hashtag\/AFP?src=hash&amp;ref_src=twsrc%5Etfw\">#AFP<\/a> <a href=\"https:\/\/twitter.com\/hashtag\/AFPSports?src=hash&amp;ref_src=twsrc%5Etfw\">#AFPSports<\/a> <a href=\"https:\/\/t.co\/1PCuEmOQag\">pic.twitter.com\/1PCuEmOQag<\/a><\/p>\n<p>\u2014 Agence France-Presse (@afpfr) <a href=\"https:\/\/twitter.com\/afpfr\/status\/1481888856131747841?ref_src=twsrc%5Etfw\">January 14, 2022<\/a><\/p><\/blockquote>\n<p style=\"text-align: justify;\"><script async src=\"https:\/\/platform.twitter.com\/widgets.js\" charset=\"utf-8\"><\/script><\/p>\n<p style=\"text-align: justify;\">\n","protected":false},"excerpt":{"rendered":"<p>OPEN D&rsquo;AUSTRALIE 2022 &#8211; Nouveau rebondissement dans dans le DjokoGate : ce vendredi, le ministre de l&rsquo;Immigration australien a fait savoir que le visa de Novak Djokovic avait \u00e9t\u00e9 une fois annul\u00e9. \u00c0 deux jours du coup d&rsquo;envoi d&rsquo;un tournoi dont il est nonuple vainqueur, le Serbe peut encore faire appel.<\/p>\n","protected":false},"author":4,"featured_media":191129,"comment_status":"open","ping_status":"closed","sticky":false,"template":"","format":"standard","meta":{"_acf_changed":false,"_daextam_enable_autolinks":"","footnotes":""},"categories":[47089],"tags":[3224,3226],"class_list":["post-191124","post","type-post","status-publish","format-standard","has-post-thumbnail","hentry","category-open-d-australie","tag-novak-djokovic","tag-open-daustralie"],"acf":[],"yoast_head":"<!-- This site is optimized with the Yoast SEO Premium plugin v26.7 (Yoast SEO v26.7) - https:\/\/yoast.com\/wordpress\/plugins\/seo\/ -->\n<title>Open d&#039;Australie : Le ministre de l&#039;Immigration australien annule le visa de Djokovic<\/title>\n<meta name=\"description\" content=\"OPEN D&#039;AUSTRALIE 2022 -Le ministre de l&#039;Immigration australien, Alex Hawke, a fait savoir que le visa de Novak Djokovic avait \u00e9t\u00e9 annul\u00e9.\" \/>\n<meta name=\"robots\" content=\"index, follow, max-snippet:-1, max-image-preview:large, max-video-preview:-1\" \/>\n<link rel=\"canonical\" href=\"https:\/\/dicodusport.fr\/blog\/open-d-australie-le-ministre-de-l-immigration-australien-annule-le-visa-de-djokovic\/\" \/>\n<meta property=\"og:locale\" content=\"fr_FR\" \/>\n<meta property=\"og:type\" content=\"article\" \/>\n<meta property=\"og:title\" content=\"Open d&#039;Australie : Le ministre de l&#039;Immigration australien annule le visa de Djokovic\" \/>\n<meta property=\"og:description\" content=\"OPEN D&#039;AUSTRALIE 2022 -Le ministre de l&#039;Immigration australien, Alex Hawke, a fait savoir que le visa de Novak Djokovic avait \u00e9t\u00e9 annul\u00e9.\" \/>\n<meta property=\"og:url\" content=\"https:\/\/dicodusport.fr\/blog\/open-d-australie-le-ministre-de-l-immigration-australien-annule-le-visa-de-djokovic\/\" \/>\n<meta property=\"og:site_name\" content=\"Dicodusport\" \/>\n<meta property=\"article:publisher\" content=\"https:\/\/www.facebook.com\/dicodusport\" \/>\n<meta property=\"article:author\" content=\"https:\/\/www.facebook.com\/florent.ostermann\" \/>\n<meta property=\"article:published_time\" content=\"2022-01-14T07:17:33+00:00\" \/>\n<meta property=\"article:modified_time\" content=\"2022-04-20T05:48:27+00:00\" \/>\n<meta property=\"og:image\" content=\"https:\/\/dicodusport.fr\/blog\/wp-content\/uploads\/2022\/01\/Open-dAustralie-Le-ministre-de-lImmigration-australien-annule-le-visa-de-Djokovic.png\" \/>\n\t<meta property=\"og:image:width\" content=\"800\" \/>\n\t<meta property=\"og:image:height\" content=\"445\" \/>\n\t<meta property=\"og:image:type\" content=\"image\/png\" \/>\n<meta name=\"author\" content=\"Flo Ostermann\" \/>\n<meta name=\"twitter:card\" content=\"summary_large_image\" \/>\n<meta name=\"twitter:title\" content=\"Open d&#039;Australie : Le ministre de l&#039;Immigration australien annule le visa de Djokovic\" \/>\n<meta name=\"twitter:creator\" content=\"@https:\/\/twitter.com\/FlOstermann\" \/>\n<meta name=\"twitter:site\" content=\"@dicodusport\" \/>\n<script type=\"application\/ld+json\" class=\"yoast-schema-graph\">{\"@context\":\"https:\/\/schema.org\",\"@graph\":[{\"@type\":\"NewsArticle\",\"@id\":\"https:\/\/dicodusport.fr\/blog\/open-d-australie-le-ministre-de-l-immigration-australien-annule-le-visa-de-djokovic\/#article\",\"isPartOf\":{\"@id\":\"https:\/\/dicodusport.fr\/blog\/open-d-australie-le-ministre-de-l-immigration-australien-annule-le-visa-de-djokovic\/\"},\"author\":{\"name\":\"Flo Ostermann\",\"@id\":\"https:\/\/dicodusport.fr\/blog\/#\/schema\/person\/cb02af4c173ce4a653b55e9baf388d4a\"},\"headline\":\"Open d&rsquo;Australie : Le ministre de l&rsquo;Immigration australien annule le visa de Djokovic\",\"datePublished\":\"2022-01-14T07:17:33+00:00\",\"dateModified\":\"2022-04-20T05:48:27+00:00\",\"mainEntityOfPage\":{\"@id\":\"https:\/\/dicodusport.fr\/blog\/open-d-australie-le-ministre-de-l-immigration-australien-annule-le-visa-de-djokovic\/\"},\"wordCount\":488,\"commentCount\":0,\"publisher\":{\"@id\":\"https:\/\/dicodusport.fr\/blog\/#organization\"},\"image\":{\"@id\":\"https:\/\/dicodusport.fr\/blog\/open-d-australie-le-ministre-de-l-immigration-australien-annule-le-visa-de-djokovic\/#primaryimage\"},\"thumbnailUrl\":\"https:\/\/dicodusport.fr\/blog\/wp-content\/uploads\/2022\/01\/Open-dAustralie-Le-ministre-de-lImmigration-australien-annule-le-visa-de-Djokovic.png\",\"keywords\":[\"Novak Djokovic\",\"Open d'Australie\"],\"articleSection\":[\"Open d'Australie\"],\"inLanguage\":\"fr-FR\",\"potentialAction\":[{\"@type\":\"CommentAction\",\"name\":\"Comment\",\"target\":[\"https:\/\/dicodusport.fr\/blog\/open-d-australie-le-ministre-de-l-immigration-australien-annule-le-visa-de-djokovic\/#respond\"]}],\"copyrightYear\":\"2022\",\"copyrightHolder\":{\"@id\":\"https:\/\/dicodusport.fr\/blog\/#organization\"}},{\"@type\":\"WebPage\",\"@id\":\"https:\/\/dicodusport.fr\/blog\/open-d-australie-le-ministre-de-l-immigration-australien-annule-le-visa-de-djokovic\/\",\"url\":\"https:\/\/dicodusport.fr\/blog\/open-d-australie-le-ministre-de-l-immigration-australien-annule-le-visa-de-djokovic\/\",\"name\":\"Open d'Australie : Le ministre de l'Immigration australien annule le visa de Djokovic\",\"isPartOf\":{\"@id\":\"https:\/\/dicodusport.fr\/blog\/#website\"},\"primaryImageOfPage\":{\"@id\":\"https:\/\/dicodusport.fr\/blog\/open-d-australie-le-ministre-de-l-immigration-australien-annule-le-visa-de-djokovic\/#primaryimage\"},\"image\":{\"@id\":\"https:\/\/dicodusport.fr\/blog\/open-d-australie-le-ministre-de-l-immigration-australien-annule-le-visa-de-djokovic\/#primaryimage\"},\"thumbnailUrl\":\"https:\/\/dicodusport.fr\/blog\/wp-content\/uploads\/2022\/01\/Open-dAustralie-Le-ministre-de-lImmigration-australien-annule-le-visa-de-Djokovic.png\",\"datePublished\":\"2022-01-14T07:17:33+00:00\",\"dateModified\":\"2022-04-20T05:48:27+00:00\",\"description\":\"OPEN D'AUSTRALIE 2022 -Le ministre de l'Immigration australien, Alex Hawke, a fait savoir que le visa de Novak Djokovic avait \u00e9t\u00e9 annul\u00e9.\",\"breadcrumb\":{\"@id\":\"https:\/\/dicodusport.fr\/blog\/open-d-australie-le-ministre-de-l-immigration-australien-annule-le-visa-de-djokovic\/#breadcrumb\"},\"inLanguage\":\"fr-FR\",\"potentialAction\":[{\"@type\":\"ReadAction\",\"target\":[\"https:\/\/dicodusport.fr\/blog\/open-d-australie-le-ministre-de-l-immigration-australien-annule-le-visa-de-djokovic\/\"]}]},{\"@type\":\"ImageObject\",\"inLanguage\":\"fr-FR\",\"@id\":\"https:\/\/dicodusport.fr\/blog\/open-d-australie-le-ministre-de-l-immigration-australien-annule-le-visa-de-djokovic\/#primaryimage\",\"url\":\"https:\/\/dicodusport.fr\/blog\/wp-content\/uploads\/2022\/01\/Open-dAustralie-Le-ministre-de-lImmigration-australien-annule-le-visa-de-Djokovic.png\",\"contentUrl\":\"https:\/\/dicodusport.fr\/blog\/wp-content\/uploads\/2022\/01\/Open-dAustralie-Le-ministre-de-lImmigration-australien-annule-le-visa-de-Djokovic.png\",\"width\":800,\"height\":445,\"caption\":\"Open d'Australie Le ministre de l'Immigration australien annule le visa de Djokovic\"},{\"@type\":\"BreadcrumbList\",\"@id\":\"https:\/\/dicodusport.fr\/blog\/open-d-australie-le-ministre-de-l-immigration-australien-annule-le-visa-de-djokovic\/#breadcrumb\",\"itemListElement\":[{\"@type\":\"ListItem\",\"position\":1,\"name\":\"Accueil\",\"item\":\"https:\/\/dicodusport.fr\/blog\/\"},{\"@type\":\"ListItem\",\"position\":2,\"name\":\"Open d&rsquo;Australie : Le ministre de l&rsquo;Immigration australien annule le visa de Djokovic\"}]},{\"@type\":\"WebSite\",\"@id\":\"https:\/\/dicodusport.fr\/blog\/#website\",\"url\":\"https:\/\/dicodusport.fr\/blog\/\",\"name\":\"Dicodusport\",\"description\":\"L&#039;encyclop\u00e9die de l&#039;actualit\u00e9 sportive\",\"publisher\":{\"@id\":\"https:\/\/dicodusport.fr\/blog\/#organization\"},\"potentialAction\":[{\"@type\":\"SearchAction\",\"target\":{\"@type\":\"EntryPoint\",\"urlTemplate\":\"https:\/\/dicodusport.fr\/blog\/?s={search_term_string}\"},\"query-input\":{\"@type\":\"PropertyValueSpecification\",\"valueRequired\":true,\"valueName\":\"search_term_string\"}}],\"inLanguage\":\"fr-FR\"},{\"@type\":\"NewsMediaOrganization\",\"@id\":\"https:\/\/dicodusport.fr\/blog\/#organization\",\"name\":\"Dicodusport\",\"url\":\"https:\/\/dicodusport.fr\/blog\/\",\"logo\":{\"@type\":\"ImageObject\",\"inLanguage\":\"fr-FR\",\"@id\":\"https:\/\/dicodusport.fr\/blog\/#\/schema\/logo\/image\/\",\"url\":\"https:\/\/dicodusport.fr\/blog\/wp-content\/uploads\/2020\/06\/cropped-LOGO-DICODUSPORT-2020-SANS-FOND-SANS-TEXTE.png\",\"contentUrl\":\"https:\/\/dicodusport.fr\/blog\/wp-content\/uploads\/2020\/06\/cropped-LOGO-DICODUSPORT-2020-SANS-FOND-SANS-TEXTE.png\",\"width\":512,\"height\":512,\"caption\":\"Dicodusport\"},\"image\":{\"@id\":\"https:\/\/dicodusport.fr\/blog\/#\/schema\/logo\/image\/\"},\"sameAs\":[\"https:\/\/www.facebook.com\/dicodusport\",\"https:\/\/x.com\/dicodusport\",\"https:\/\/www.instagram.com\/dicodusport\/\",\"https:\/\/www.youtube.com\/channel\/UC7V2KZ5sd3htJivAbA4ZG3w\"],\"description\":\"Dicodusport est l'encyclop\u00e9die de l'actualit\u00e9 sportive.\",\"email\":\"bonjour@dicodusport.fr\",\"legalName\":\"DICODUSPORT\",\"foundingDate\":\"2018-01-14\",\"vatID\":\"FR71834470973\",\"taxID\":\"83447097300043\",\"numberOfEmployees\":{\"@type\":\"QuantitativeValue\",\"minValue\":\"1\",\"maxValue\":\"10\"}},{\"@type\":\"Person\",\"@id\":\"https:\/\/dicodusport.fr\/blog\/#\/schema\/person\/cb02af4c173ce4a653b55e9baf388d4a\",\"name\":\"Flo Ostermann\",\"image\":{\"@type\":\"ImageObject\",\"inLanguage\":\"fr-FR\",\"@id\":\"https:\/\/dicodusport.fr\/blog\/#\/schema\/person\/image\/\",\"url\":\"https:\/\/dicodusport.fr\/blog\/wp-content\/uploads\/2021\/05\/Flo-Ostermann-150x150.jpg\",\"contentUrl\":\"https:\/\/dicodusport.fr\/blog\/wp-content\/uploads\/2021\/05\/Flo-Ostermann-150x150.jpg\",\"caption\":\"Flo Ostermann\"},\"description\":\"Journaliste\/R\u00e9dacteur depuis septembre 2015 - Mes premiers souvenirs dans le sport ? Les envol\u00e9es du Stade Toulousain et les duels Villeneuve-Schumacher et H\u00e4kkinen-Schumacher \u00e0 la fin des ann\u00e9es 90, la Coupe du monde de football en 1998, l\u2019exploit du XV de France face aux All Blacks en 1999, mais aussi Richard C\u0153ur de Lion qui vole sur les montagnes du Tour de France. Bien parti pour devenir professeur d\u2019EPS, les \u00e9v\u00e9nements de la vie (et la flemme d\u2019animer des s\u00e9ances de 3x500 m\u00e8tres toute ma vie) m\u2019ont conduit \u00e0 revoir mes plans. Me voil\u00e0 depuis fin 2017 sur Dicodusport, m\u00e9dia gr\u00e2ce (et pour) lequel je partage ma passion : le sport dans tous ses \u00e9tats. Le tout accompagn\u00e9 par les fous furieux et folles furieuses cit\u00e9s sur cette page !\",\"sameAs\":[\"https:\/\/www.facebook.com\/florent.ostermann\",\"https:\/\/x.com\/https:\/\/twitter.com\/FlOstermann\",\"admin\"],\"url\":\"https:\/\/dicodusport.fr\/blog\/author\/flo\/\"}]}<\/script>\n<!-- \/ Yoast SEO Premium plugin. -->","yoast_head_json":{"title":"Open d'Australie : Le ministre de l'Immigration australien annule le visa de Djokovic","description":"OPEN D'AUSTRALIE 2022 -Le ministre de l'Immigration australien, Alex Hawke, a fait savoir que le visa de Novak Djokovic avait \u00e9t\u00e9 annul\u00e9.","robots":{"index":"index","follow":"follow","max-snippet":"max-snippet:-1","max-image-preview":"max-image-preview:large","max-video-preview":"max-video-preview:-1"},"canonical":"https:\/\/dicodusport.fr\/blog\/open-d-australie-le-ministre-de-l-immigration-australien-annule-le-visa-de-djokovic\/","og_locale":"fr_FR","og_type":"article","og_title":"Open d'Australie : Le ministre de l'Immigration australien annule le visa de Djokovic","og_description":"OPEN D'AUSTRALIE 2022 -Le ministre de l'Immigration australien, Alex Hawke, a fait savoir que le visa de Novak Djokovic avait \u00e9t\u00e9 annul\u00e9.","og_url":"https:\/\/dicodusport.fr\/blog\/open-d-australie-le-ministre-de-l-immigration-australien-annule-le-visa-de-djokovic\/","og_site_name":"Dicodusport","article_publisher":"https:\/\/www.facebook.com\/dicodusport","article_author":"https:\/\/www.facebook.com\/florent.ostermann","article_published_time":"2022-01-14T07:17:33+00:00","article_modified_time":"2022-04-20T05:48:27+00:00","og_image":[{"width":800,"height":445,"url":"https:\/\/dicodusport.fr\/blog\/wp-content\/uploads\/2022\/01\/Open-dAustralie-Le-ministre-de-lImmigration-australien-annule-le-visa-de-Djokovic.png","type":"image\/png"}],"author":"Flo Ostermann","twitter_card":"summary_large_image","twitter_title":"Open d'Australie : Le ministre de l'Immigration australien annule le visa de Djokovic","twitter_creator":"@https:\/\/twitter.com\/FlOstermann","twitter_site":"@dicodusport","schema":{"@context":"https:\/\/schema.org","@graph":[{"@type":"NewsArticle","@id":"https:\/\/dicodusport.fr\/blog\/open-d-australie-le-ministre-de-l-immigration-australien-annule-le-visa-de-djokovic\/#article","isPartOf":{"@id":"https:\/\/dicodusport.fr\/blog\/open-d-australie-le-ministre-de-l-immigration-australien-annule-le-visa-de-djokovic\/"},"author":{"name":"Flo Ostermann","@id":"https:\/\/dicodusport.fr\/blog\/#\/schema\/person\/cb02af4c173ce4a653b55e9baf388d4a"},"headline":"Open d&rsquo;Australie : Le ministre de l&rsquo;Immigration australien annule le visa de Djokovic","datePublished":"2022-01-14T07:17:33+00:00","dateModified":"2022-04-20T05:48:27+00:00","mainEntityOfPage":{"@id":"https:\/\/dicodusport.fr\/blog\/open-d-australie-le-ministre-de-l-immigration-australien-annule-le-visa-de-djokovic\/"},"wordCount":488,"commentCount":0,"publisher":{"@id":"https:\/\/dicodusport.fr\/blog\/#organization"},"image":{"@id":"https:\/\/dicodusport.fr\/blog\/open-d-australie-le-ministre-de-l-immigration-australien-annule-le-visa-de-djokovic\/#primaryimage"},"thumbnailUrl":"https:\/\/dicodusport.fr\/blog\/wp-content\/uploads\/2022\/01\/Open-dAustralie-Le-ministre-de-lImmigration-australien-annule-le-visa-de-Djokovic.png","keywords":["Novak Djokovic","Open d'Australie"],"articleSection":["Open d'Australie"],"inLanguage":"fr-FR","potentialAction":[{"@type":"CommentAction","name":"Comment","target":["https:\/\/dicodusport.fr\/blog\/open-d-australie-le-ministre-de-l-immigration-australien-annule-le-visa-de-djokovic\/#respond"]}],"copyrightYear":"2022","copyrightHolder":{"@id":"https:\/\/dicodusport.fr\/blog\/#organization"}},{"@type":"WebPage","@id":"https:\/\/dicodusport.fr\/blog\/open-d-australie-le-ministre-de-l-immigration-australien-annule-le-visa-de-djokovic\/","url":"https:\/\/dicodusport.fr\/blog\/open-d-australie-le-ministre-de-l-immigration-australien-annule-le-visa-de-djokovic\/","name":"Open d'Australie : Le ministre de l'Immigration australien annule le visa de Djokovic","isPartOf":{"@id":"https:\/\/dicodusport.fr\/blog\/#website"},"primaryImageOfPage":{"@id":"https:\/\/dicodusport.fr\/blog\/open-d-australie-le-ministre-de-l-immigration-australien-annule-le-visa-de-djokovic\/#primaryimage"},"image":{"@id":"https:\/\/dicodusport.fr\/blog\/open-d-australie-le-ministre-de-l-immigration-australien-annule-le-visa-de-djokovic\/#primaryimage"},"thumbnailUrl":"https:\/\/dicodusport.fr\/blog\/wp-content\/uploads\/2022\/01\/Open-dAustralie-Le-ministre-de-lImmigration-australien-annule-le-visa-de-Djokovic.png","datePublished":"2022-01-14T07:17:33+00:00","dateModified":"2022-04-20T05:48:27+00:00","description":"OPEN D'AUSTRALIE 2022 -Le ministre de l'Immigration australien, Alex Hawke, a fait savoir que le visa de Novak Djokovic avait \u00e9t\u00e9 annul\u00e9.","breadcrumb":{"@id":"https:\/\/dicodusport.fr\/blog\/open-d-australie-le-ministre-de-l-immigration-australien-annule-le-visa-de-djokovic\/#breadcrumb"},"inLanguage":"fr-FR","potentialAction":[{"@type":"ReadAction","target":["https:\/\/dicodusport.fr\/blog\/open-d-australie-le-ministre-de-l-immigration-australien-annule-le-visa-de-djokovic\/"]}]},{"@type":"ImageObject","inLanguage":"fr-FR","@id":"https:\/\/dicodusport.fr\/blog\/open-d-australie-le-ministre-de-l-immigration-australien-annule-le-visa-de-djokovic\/#primaryimage","url":"https:\/\/dicodusport.fr\/blog\/wp-content\/uploads\/2022\/01\/Open-dAustralie-Le-ministre-de-lImmigration-australien-annule-le-visa-de-Djokovic.png","contentUrl":"https:\/\/dicodusport.fr\/blog\/wp-content\/uploads\/2022\/01\/Open-dAustralie-Le-ministre-de-lImmigration-australien-annule-le-visa-de-Djokovic.png","width":800,"height":445,"caption":"Open d'Australie Le ministre de l'Immigration australien annule le visa de Djokovic"},{"@type":"BreadcrumbList","@id":"https:\/\/dicodusport.fr\/blog\/open-d-australie-le-ministre-de-l-immigration-australien-annule-le-visa-de-djokovic\/#breadcrumb","itemListElement":[{"@type":"ListItem","position":1,"name":"Accueil","item":"https:\/\/dicodusport.fr\/blog\/"},{"@type":"ListItem","position":2,"name":"Open d&rsquo;Australie : Le ministre de l&rsquo;Immigration australien annule le visa de Djokovic"}]},{"@type":"WebSite","@id":"https:\/\/dicodusport.fr\/blog\/#website","url":"https:\/\/dicodusport.fr\/blog\/","name":"Dicodusport","description":"L&#039;encyclop\u00e9die de l&#039;actualit\u00e9 sportive","publisher":{"@id":"https:\/\/dicodusport.fr\/blog\/#organization"},"potentialAction":[{"@type":"SearchAction","target":{"@type":"EntryPoint","urlTemplate":"https:\/\/dicodusport.fr\/blog\/?s={search_term_string}"},"query-input":{"@type":"PropertyValueSpecification","valueRequired":true,"valueName":"search_term_string"}}],"inLanguage":"fr-FR"},{"@type":"NewsMediaOrganization","@id":"https:\/\/dicodusport.fr\/blog\/#organization","name":"Dicodusport","url":"https:\/\/dicodusport.fr\/blog\/","logo":{"@type":"ImageObject","inLanguage":"fr-FR","@id":"https:\/\/dicodusport.fr\/blog\/#\/schema\/logo\/image\/","url":"https:\/\/dicodusport.fr\/blog\/wp-content\/uploads\/2020\/06\/cropped-LOGO-DICODUSPORT-2020-SANS-FOND-SANS-TEXTE.png","contentUrl":"https:\/\/dicodusport.fr\/blog\/wp-content\/uploads\/2020\/06\/cropped-LOGO-DICODUSPORT-2020-SANS-FOND-SANS-TEXTE.png","width":512,"height":512,"caption":"Dicodusport"},"image":{"@id":"https:\/\/dicodusport.fr\/blog\/#\/schema\/logo\/image\/"},"sameAs":["https:\/\/www.facebook.com\/dicodusport","https:\/\/x.com\/dicodusport","https:\/\/www.instagram.com\/dicodusport\/","https:\/\/www.youtube.com\/channel\/UC7V2KZ5sd3htJivAbA4ZG3w"],"description":"Dicodusport est l'encyclop\u00e9die de l'actualit\u00e9 sportive.","email":"bonjour@dicodusport.fr","legalName":"DICODUSPORT","foundingDate":"2018-01-14","vatID":"FR71834470973","taxID":"83447097300043","numberOfEmployees":{"@type":"QuantitativeValue","minValue":"1","maxValue":"10"}},{"@type":"Person","@id":"https:\/\/dicodusport.fr\/blog\/#\/schema\/person\/cb02af4c173ce4a653b55e9baf388d4a","name":"Flo Ostermann","image":{"@type":"ImageObject","inLanguage":"fr-FR","@id":"https:\/\/dicodusport.fr\/blog\/#\/schema\/person\/image\/","url":"https:\/\/dicodusport.fr\/blog\/wp-content\/uploads\/2021\/05\/Flo-Ostermann-150x150.jpg","contentUrl":"https:\/\/dicodusport.fr\/blog\/wp-content\/uploads\/2021\/05\/Flo-Ostermann-150x150.jpg","caption":"Flo Ostermann"},"description":"Journaliste\/R\u00e9dacteur depuis septembre 2015 - Mes premiers souvenirs dans le sport ? Les envol\u00e9es du Stade Toulousain et les duels Villeneuve-Schumacher et H\u00e4kkinen-Schumacher \u00e0 la fin des ann\u00e9es 90, la Coupe du monde de football en 1998, l\u2019exploit du XV de France face aux All Blacks en 1999, mais aussi Richard C\u0153ur de Lion qui vole sur les montagnes du Tour de France. Bien parti pour devenir professeur d\u2019EPS, les \u00e9v\u00e9nements de la vie (et la flemme d\u2019animer des s\u00e9ances de 3x500 m\u00e8tres toute ma vie) m\u2019ont conduit \u00e0 revoir mes plans. Me voil\u00e0 depuis fin 2017 sur Dicodusport, m\u00e9dia gr\u00e2ce (et pour) lequel je partage ma passion : le sport dans tous ses \u00e9tats. Le tout accompagn\u00e9 par les fous furieux et folles furieuses cit\u00e9s sur cette page !","sameAs":["https:\/\/www.facebook.com\/florent.ostermann","https:\/\/x.com\/https:\/\/twitter.com\/FlOstermann","admin"],"url":"https:\/\/dicodusport.fr\/blog\/author\/flo\/"}]}},"_links":{"self":[{"href":"https:\/\/dicodusport.fr\/blog\/wp-json\/wp\/v2\/posts\/191124","targetHints":{"allow":["GET"]}}],"collection":[{"href":"https:\/\/dicodusport.fr\/blog\/wp-json\/wp\/v2\/posts"}],"about":[{"href":"https:\/\/dicodusport.fr\/blog\/wp-json\/wp\/v2\/types\/post"}],"author":[{"embeddable":true,"href":"https:\/\/dicodusport.fr\/blog\/wp-json\/wp\/v2\/users\/4"}],"replies":[{"embeddable":true,"href":"https:\/\/dicodusport.fr\/blog\/wp-json\/wp\/v2\/comments?post=191124"}],"version-history":[{"count":0,"href":"https:\/\/dicodusport.fr\/blog\/wp-json\/wp\/v2\/posts\/191124\/revisions"}],"wp:featuredmedia":[{"embeddable":true,"href":"https:\/\/dicodusport.fr\/blog\/wp-json\/wp\/v2\/media\/191129"}],"wp:attachment":[{"href":"https:\/\/dicodusport.fr\/blog\/wp-json\/wp\/v2\/media?parent=191124"}],"wp:term":[{"taxonomy":"category","embeddable":true,"href":"https:\/\/dicodusport.fr\/blog\/wp-json\/wp\/v2\/categories?post=191124"},{"taxonomy":"post_tag","embeddable":true,"href":"https:\/\/dicodusport.fr\/blog\/wp-json\/wp\/v2\/tags?post=191124"}],"curies":[{"name":"wp","href":"https:\/\/api.w.org\/{rel}","templated":true}]}}