{"id":191167,"date":"2022-01-14T10:05:00","date_gmt":"2022-01-14T09:05:00","guid":{"rendered":"https:\/\/dicodusport.fr\/blog\/?p=191167&#038;preview=true&#038;preview_id=191167"},"modified":"2022-01-14T10:05:00","modified_gmt":"2022-01-14T09:05:00","slug":"la-prolongation-de-reda-wardi-va-couter-tres-cher-au-stade-rochelais","status":"publish","type":"post","link":"https:\/\/dicodusport.fr\/blog\/la-prolongation-de-reda-wardi-va-couter-tres-cher-au-stade-rochelais\/","title":{"rendered":"La prolongation de Reda Wardi va co\u00fbter tr\u00e8s cher au Stade Rochelais"},"content":{"rendered":"<p style=\"text-align: justify;\"><strong><em>RUGBY &#8211; TOP 14 &#8211; Selon nos confr\u00e8res du Midi Olympique, le Stade Rochelais va devoir d\u00e9bourser pr\u00e8s de 250 000 euros pour pouvoir prolonger Reda Wardi.<\/em><\/strong><\/p>\n<p style=\"text-align: justify;\">Le pilier gauche rochelais <strong>Reda Wardi<\/strong> s&rsquo;\u00e9tait engag\u00e9 avec le MHR, <a href=\"https:\/\/dicodusport.fr\/blog\/stade-rochelais-reda-wardi-fait-volte-face\/\">avant de faire volte-face<\/a> afin, finalement, de prolonger pour quatre saisons avec les Maritimes. Philippe Saint-Andr\u00e9 a fustig\u00e9 l&rsquo;attitude de Reda Wardi en d\u00e9but de semaine.<\/p>\n<blockquote>\n<p style=\"text-align: justify;\">Le joueur n\u2019a pas eu la d\u00e9cence d\u2019appeler le pr\u00e9sident ou moi. Seulement un SMS. En plus, il fait sa r\u00e9\u00e9ducation en ce moment \u00e0 Montpellier. Il a finalement d\u00e9cid\u00e9 de changer d\u2019avis. \u00c7a veut dire que des clubs font des offres plus importantes que nous. Moi, je n\u2019ai pas besoin de girouette dans mon effectif.<\/p>\n<\/blockquote>\n<p style=\"text-align: justify;\">Selon <em>le Midol<\/em>, le d\u00e9sengagement de <strong>Reda Wardi<\/strong> avec Montpellier va co\u00fbter la coquette somme de 250 000 euros au Stade Rochelais. La bonne nouvelle, c&rsquo;est que le pilier gauche, qui toque \u00e0 la porte du XV de France, sera li\u00e9 pour les quatre prochaines saisons au club jaune et noir.<\/p>\n<blockquote class=\"twitter-tweet\">\n<p dir=\"ltr\" lang=\"fr\">\u00ab\u00a0J\u2019ai besoin de mecs qui croient au projet et qui n\u2019ont qu\u2019une parole\u00a0\u00bb &#x1f5e3;&#xfe0f;&#x1f633;<a href=\"https:\/\/t.co\/8ztieHO9Cp\">https:\/\/t.co\/8ztieHO9Cp<\/a><\/p>\n<p>\u2014 RUGBYRAMA (@RugbyramaFR) <a href=\"https:\/\/twitter.com\/RugbyramaFR\/status\/1481238434912116736?ref_src=twsrc%5Etfw\">January 12, 2022<\/a><\/p><\/blockquote>\n<p style=\"text-align: justify;\"><script async src=\"https:\/\/platform.twitter.com\/widgets.js\" charset=\"utf-8\"><\/script><\/p>\n","protected":false},"excerpt":{"rendered":"<p>RUGBY &#8211; TOP 14 &#8211; Selon nos confr\u00e8res du Midi Olympique, le Stade Rochelais va devoir d\u00e9bourser pr\u00e8s de 250 000 euros pour pouvoir prolonger Reda Wardi.<\/p>\n","protected":false},"author":1,"featured_media":191169,"comment_status":"open","ping_status":"closed","sticky":false,"template":"","format":"standard","meta":{"_acf_changed":false,"_daextam_enable_autolinks":"","footnotes":""},"categories":[47050],"tags":[4950,2702,111],"class_list":["post-191167","post","type-post","status-publish","format-standard","has-post-thumbnail","hentry","category-top-14","tag-mhr","tag-stade-rochelais","tag-top-14"],"acf":[],"yoast_head":"<!-- This site is optimized with the Yoast SEO Premium plugin v26.7 (Yoast SEO v26.7) - https:\/\/yoast.com\/wordpress\/plugins\/seo\/ -->\n<title>La prolongation de Reda Wardi va co\u00fbter tr\u00e8s cher au Stade Rochelais<\/title>\n<meta name=\"description\" content=\"RUGBY - TOP 14 - Selon le Midi Olympique, le Stade Rochelais va devoir d\u00e9bourser pr\u00e8s de 250 000 euros pour pouvoir prolonger Reda Wardi.\" \/>\n<meta name=\"robots\" content=\"index, follow, max-snippet:-1, max-image-preview:large, max-video-preview:-1\" \/>\n<link rel=\"canonical\" href=\"https:\/\/dicodusport.fr\/blog\/la-prolongation-de-reda-wardi-va-couter-tres-cher-au-stade-rochelais\/\" \/>\n<meta property=\"og:locale\" content=\"fr_FR\" \/>\n<meta property=\"og:type\" content=\"article\" \/>\n<meta property=\"og:title\" content=\"La prolongation de Reda Wardi va co\u00fbter tr\u00e8s cher au Stade Rochelais\" \/>\n<meta property=\"og:description\" content=\"RUGBY - TOP 14 - Selon le Midi Olympique, le Stade Rochelais va devoir d\u00e9bourser pr\u00e8s de 250 000 euros pour pouvoir prolonger Reda Wardi.\" \/>\n<meta property=\"og:url\" content=\"https:\/\/dicodusport.fr\/blog\/la-prolongation-de-reda-wardi-va-couter-tres-cher-au-stade-rochelais\/\" \/>\n<meta property=\"og:site_name\" content=\"Dicodusport\" \/>\n<meta property=\"article:publisher\" content=\"https:\/\/www.facebook.com\/dicodusport\" \/>\n<meta property=\"article:author\" content=\"https:\/\/www.facebook.com\/dicodusport\" \/>\n<meta property=\"article:published_time\" content=\"2022-01-14T09:05:00+00:00\" \/>\n<meta property=\"og:image\" content=\"https:\/\/dicodusport.fr\/blog\/wp-content\/uploads\/2022\/01\/La-prolongation-de-Reda-Wardi-va-cou\u0302ter-tre\u0300s-cher-au-Stade-Rochelais.png\" \/>\n\t<meta property=\"og:image:width\" content=\"800\" \/>\n\t<meta property=\"og:image:height\" content=\"445\" \/>\n\t<meta property=\"og:image:type\" content=\"image\/png\" \/>\n<meta name=\"author\" content=\"Nicolas Jacquemard\" \/>\n<meta name=\"twitter:card\" content=\"summary_large_image\" \/>\n<meta name=\"twitter:title\" content=\"La prolongation de Reda Wardi va co\u00fbter tr\u00e8s cher au Stade Rochelais\" \/>\n<meta name=\"twitter:creator\" content=\"@https:\/\/twitter.com\/Nico_Jacquemard\" \/>\n<meta name=\"twitter:site\" content=\"@dicodusport\" \/>\n<script type=\"application\/ld+json\" class=\"yoast-schema-graph\">{\"@context\":\"https:\/\/schema.org\",\"@graph\":[{\"@type\":\"NewsArticle\",\"@id\":\"https:\/\/dicodusport.fr\/blog\/la-prolongation-de-reda-wardi-va-couter-tres-cher-au-stade-rochelais\/#article\",\"isPartOf\":{\"@id\":\"https:\/\/dicodusport.fr\/blog\/la-prolongation-de-reda-wardi-va-couter-tres-cher-au-stade-rochelais\/\"},\"author\":{\"name\":\"Nicolas Jacquemard\",\"@id\":\"https:\/\/dicodusport.fr\/blog\/#\/schema\/person\/55dcb50ad410894e431ed812bbb70191\"},\"headline\":\"La prolongation de Reda Wardi va co\u00fbter tr\u00e8s cher au Stade Rochelais\",\"datePublished\":\"2022-01-14T09:05:00+00:00\",\"mainEntityOfPage\":{\"@id\":\"https:\/\/dicodusport.fr\/blog\/la-prolongation-de-reda-wardi-va-couter-tres-cher-au-stade-rochelais\/\"},\"wordCount\":226,\"commentCount\":3,\"publisher\":{\"@id\":\"https:\/\/dicodusport.fr\/blog\/#organization\"},\"image\":{\"@id\":\"https:\/\/dicodusport.fr\/blog\/la-prolongation-de-reda-wardi-va-couter-tres-cher-au-stade-rochelais\/#primaryimage\"},\"thumbnailUrl\":\"https:\/\/dicodusport.fr\/blog\/wp-content\/uploads\/2022\/01\/La-prolongation-de-Reda-Wardi-va-cou\u0302ter-tre\u0300s-cher-au-Stade-Rochelais.png\",\"keywords\":[\"MHR\",\"Stade Rochelais\",\"Top 14\"],\"articleSection\":[\"Top 14\"],\"inLanguage\":\"fr-FR\",\"potentialAction\":[{\"@type\":\"CommentAction\",\"name\":\"Comment\",\"target\":[\"https:\/\/dicodusport.fr\/blog\/la-prolongation-de-reda-wardi-va-couter-tres-cher-au-stade-rochelais\/#respond\"]}],\"copyrightYear\":\"2022\",\"copyrightHolder\":{\"@id\":\"https:\/\/dicodusport.fr\/blog\/#organization\"}},{\"@type\":\"WebPage\",\"@id\":\"https:\/\/dicodusport.fr\/blog\/la-prolongation-de-reda-wardi-va-couter-tres-cher-au-stade-rochelais\/\",\"url\":\"https:\/\/dicodusport.fr\/blog\/la-prolongation-de-reda-wardi-va-couter-tres-cher-au-stade-rochelais\/\",\"name\":\"La prolongation de Reda Wardi va co\u00fbter tr\u00e8s cher au Stade Rochelais\",\"isPartOf\":{\"@id\":\"https:\/\/dicodusport.fr\/blog\/#website\"},\"primaryImageOfPage\":{\"@id\":\"https:\/\/dicodusport.fr\/blog\/la-prolongation-de-reda-wardi-va-couter-tres-cher-au-stade-rochelais\/#primaryimage\"},\"image\":{\"@id\":\"https:\/\/dicodusport.fr\/blog\/la-prolongation-de-reda-wardi-va-couter-tres-cher-au-stade-rochelais\/#primaryimage\"},\"thumbnailUrl\":\"https:\/\/dicodusport.fr\/blog\/wp-content\/uploads\/2022\/01\/La-prolongation-de-Reda-Wardi-va-cou\u0302ter-tre\u0300s-cher-au-Stade-Rochelais.png\",\"datePublished\":\"2022-01-14T09:05:00+00:00\",\"description\":\"RUGBY - TOP 14 - Selon le Midi Olympique, le Stade Rochelais va devoir d\u00e9bourser pr\u00e8s de 250 000 euros pour pouvoir prolonger Reda Wardi.\",\"breadcrumb\":{\"@id\":\"https:\/\/dicodusport.fr\/blog\/la-prolongation-de-reda-wardi-va-couter-tres-cher-au-stade-rochelais\/#breadcrumb\"},\"inLanguage\":\"fr-FR\",\"potentialAction\":[{\"@type\":\"ReadAction\",\"target\":[\"https:\/\/dicodusport.fr\/blog\/la-prolongation-de-reda-wardi-va-couter-tres-cher-au-stade-rochelais\/\"]}]},{\"@type\":\"ImageObject\",\"inLanguage\":\"fr-FR\",\"@id\":\"https:\/\/dicodusport.fr\/blog\/la-prolongation-de-reda-wardi-va-couter-tres-cher-au-stade-rochelais\/#primaryimage\",\"url\":\"https:\/\/dicodusport.fr\/blog\/wp-content\/uploads\/2022\/01\/La-prolongation-de-Reda-Wardi-va-cou\u0302ter-tre\u0300s-cher-au-Stade-Rochelais.png\",\"contentUrl\":\"https:\/\/dicodusport.fr\/blog\/wp-content\/uploads\/2022\/01\/La-prolongation-de-Reda-Wardi-va-cou\u0302ter-tre\u0300s-cher-au-Stade-Rochelais.png\",\"width\":800,\"height\":445},{\"@type\":\"BreadcrumbList\",\"@id\":\"https:\/\/dicodusport.fr\/blog\/la-prolongation-de-reda-wardi-va-couter-tres-cher-au-stade-rochelais\/#breadcrumb\",\"itemListElement\":[{\"@type\":\"ListItem\",\"position\":1,\"name\":\"Accueil\",\"item\":\"https:\/\/dicodusport.fr\/blog\/\"},{\"@type\":\"ListItem\",\"position\":2,\"name\":\"La prolongation de Reda Wardi va co\u00fbter tr\u00e8s cher au Stade Rochelais\"}]},{\"@type\":\"WebSite\",\"@id\":\"https:\/\/dicodusport.fr\/blog\/#website\",\"url\":\"https:\/\/dicodusport.fr\/blog\/\",\"name\":\"Dicodusport\",\"description\":\"L&#039;encyclop\u00e9die de l&#039;actualit\u00e9 sportive\",\"publisher\":{\"@id\":\"https:\/\/dicodusport.fr\/blog\/#organization\"},\"potentialAction\":[{\"@type\":\"SearchAction\",\"target\":{\"@type\":\"EntryPoint\",\"urlTemplate\":\"https:\/\/dicodusport.fr\/blog\/?s={search_term_string}\"},\"query-input\":{\"@type\":\"PropertyValueSpecification\",\"valueRequired\":true,\"valueName\":\"search_term_string\"}}],\"inLanguage\":\"fr-FR\"},{\"@type\":\"NewsMediaOrganization\",\"@id\":\"https:\/\/dicodusport.fr\/blog\/#organization\",\"name\":\"Dicodusport\",\"url\":\"https:\/\/dicodusport.fr\/blog\/\",\"logo\":{\"@type\":\"ImageObject\",\"inLanguage\":\"fr-FR\",\"@id\":\"https:\/\/dicodusport.fr\/blog\/#\/schema\/logo\/image\/\",\"url\":\"https:\/\/dicodusport.fr\/blog\/wp-content\/uploads\/2020\/06\/cropped-LOGO-DICODUSPORT-2020-SANS-FOND-SANS-TEXTE.png\",\"contentUrl\":\"https:\/\/dicodusport.fr\/blog\/wp-content\/uploads\/2020\/06\/cropped-LOGO-DICODUSPORT-2020-SANS-FOND-SANS-TEXTE.png\",\"width\":512,\"height\":512,\"caption\":\"Dicodusport\"},\"image\":{\"@id\":\"https:\/\/dicodusport.fr\/blog\/#\/schema\/logo\/image\/\"},\"sameAs\":[\"https:\/\/www.facebook.com\/dicodusport\",\"https:\/\/x.com\/dicodusport\",\"https:\/\/www.instagram.com\/dicodusport\/\",\"https:\/\/www.youtube.com\/channel\/UC7V2KZ5sd3htJivAbA4ZG3w\"],\"description\":\"Dicodusport est l'encyclop\u00e9die de l'actualit\u00e9 sportive.\",\"email\":\"bonjour@dicodusport.fr\",\"legalName\":\"DICODUSPORT\",\"foundingDate\":\"2018-01-14\",\"vatID\":\"FR71834470973\",\"taxID\":\"83447097300043\",\"numberOfEmployees\":{\"@type\":\"QuantitativeValue\",\"minValue\":\"1\",\"maxValue\":\"10\"}},{\"@type\":\"Person\",\"@id\":\"https:\/\/dicodusport.fr\/blog\/#\/schema\/person\/55dcb50ad410894e431ed812bbb70191\",\"name\":\"Nicolas Jacquemard\",\"image\":{\"@type\":\"ImageObject\",\"inLanguage\":\"fr-FR\",\"@id\":\"https:\/\/dicodusport.fr\/blog\/#\/schema\/person\/image\/\",\"url\":\"https:\/\/dicodusport.fr\/blog\/wp-content\/uploads\/2021\/05\/Nicolas-Jacquemard-150x150.jpeg\",\"contentUrl\":\"https:\/\/dicodusport.fr\/blog\/wp-content\/uploads\/2021\/05\/Nicolas-Jacquemard-150x150.jpeg\",\"caption\":\"Nicolas Jacquemard\"},\"description\":\"Passionn\u00e9 de sport et entrepreneur depuis mes 18 ans, la cr\u00e9ation de Dicodusport m'a sembl\u00e9 \u00e9vidente pour participer \u00e0 la m\u00e9diatisation d'un plus grand nombre de sports. Le chemin est long mais avec une \u00e9quipe des plus motiv\u00e9es et les Jeux Olympiques de Paris 2024 en point de mire, nous y arriverons ! Journaliste dans le monde du sport depuis plus de 5 ans, je traite aussi bien de football, de rugby, de biathlon que de cyclisme.\",\"sameAs\":[\"https:\/\/www.facebook.com\/dicodusport\",\"https:\/\/x.com\/https:\/\/twitter.com\/Nico_Jacquemard\"],\"url\":\"https:\/\/dicodusport.fr\/blog\/author\/dicodusport\/\"}]}<\/script>\n<!-- \/ Yoast SEO Premium plugin. -->","yoast_head_json":{"title":"La prolongation de Reda Wardi va co\u00fbter tr\u00e8s cher au Stade Rochelais","description":"RUGBY - TOP 14 - Selon le Midi Olympique, le Stade Rochelais va devoir d\u00e9bourser pr\u00e8s de 250 000 euros pour pouvoir prolonger Reda Wardi.","robots":{"index":"index","follow":"follow","max-snippet":"max-snippet:-1","max-image-preview":"max-image-preview:large","max-video-preview":"max-video-preview:-1"},"canonical":"https:\/\/dicodusport.fr\/blog\/la-prolongation-de-reda-wardi-va-couter-tres-cher-au-stade-rochelais\/","og_locale":"fr_FR","og_type":"article","og_title":"La prolongation de Reda Wardi va co\u00fbter tr\u00e8s cher au Stade Rochelais","og_description":"RUGBY - TOP 14 - Selon le Midi Olympique, le Stade Rochelais va devoir d\u00e9bourser pr\u00e8s de 250 000 euros pour pouvoir prolonger Reda Wardi.","og_url":"https:\/\/dicodusport.fr\/blog\/la-prolongation-de-reda-wardi-va-couter-tres-cher-au-stade-rochelais\/","og_site_name":"Dicodusport","article_publisher":"https:\/\/www.facebook.com\/dicodusport","article_author":"https:\/\/www.facebook.com\/dicodusport","article_published_time":"2022-01-14T09:05:00+00:00","og_image":[{"width":800,"height":445,"url":"https:\/\/dicodusport.fr\/blog\/wp-content\/uploads\/2022\/01\/La-prolongation-de-Reda-Wardi-va-cou\u0302ter-tre\u0300s-cher-au-Stade-Rochelais.png","type":"image\/png"}],"author":"Nicolas Jacquemard","twitter_card":"summary_large_image","twitter_title":"La prolongation de Reda Wardi va co\u00fbter tr\u00e8s cher au Stade Rochelais","twitter_creator":"@https:\/\/twitter.com\/Nico_Jacquemard","twitter_site":"@dicodusport","schema":{"@context":"https:\/\/schema.org","@graph":[{"@type":"NewsArticle","@id":"https:\/\/dicodusport.fr\/blog\/la-prolongation-de-reda-wardi-va-couter-tres-cher-au-stade-rochelais\/#article","isPartOf":{"@id":"https:\/\/dicodusport.fr\/blog\/la-prolongation-de-reda-wardi-va-couter-tres-cher-au-stade-rochelais\/"},"author":{"name":"Nicolas Jacquemard","@id":"https:\/\/dicodusport.fr\/blog\/#\/schema\/person\/55dcb50ad410894e431ed812bbb70191"},"headline":"La prolongation de Reda Wardi va co\u00fbter tr\u00e8s cher au Stade Rochelais","datePublished":"2022-01-14T09:05:00+00:00","mainEntityOfPage":{"@id":"https:\/\/dicodusport.fr\/blog\/la-prolongation-de-reda-wardi-va-couter-tres-cher-au-stade-rochelais\/"},"wordCount":226,"commentCount":3,"publisher":{"@id":"https:\/\/dicodusport.fr\/blog\/#organization"},"image":{"@id":"https:\/\/dicodusport.fr\/blog\/la-prolongation-de-reda-wardi-va-couter-tres-cher-au-stade-rochelais\/#primaryimage"},"thumbnailUrl":"https:\/\/dicodusport.fr\/blog\/wp-content\/uploads\/2022\/01\/La-prolongation-de-Reda-Wardi-va-cou\u0302ter-tre\u0300s-cher-au-Stade-Rochelais.png","keywords":["MHR","Stade Rochelais","Top 14"],"articleSection":["Top 14"],"inLanguage":"fr-FR","potentialAction":[{"@type":"CommentAction","name":"Comment","target":["https:\/\/dicodusport.fr\/blog\/la-prolongation-de-reda-wardi-va-couter-tres-cher-au-stade-rochelais\/#respond"]}],"copyrightYear":"2022","copyrightHolder":{"@id":"https:\/\/dicodusport.fr\/blog\/#organization"}},{"@type":"WebPage","@id":"https:\/\/dicodusport.fr\/blog\/la-prolongation-de-reda-wardi-va-couter-tres-cher-au-stade-rochelais\/","url":"https:\/\/dicodusport.fr\/blog\/la-prolongation-de-reda-wardi-va-couter-tres-cher-au-stade-rochelais\/","name":"La prolongation de Reda Wardi va co\u00fbter tr\u00e8s cher au Stade Rochelais","isPartOf":{"@id":"https:\/\/dicodusport.fr\/blog\/#website"},"primaryImageOfPage":{"@id":"https:\/\/dicodusport.fr\/blog\/la-prolongation-de-reda-wardi-va-couter-tres-cher-au-stade-rochelais\/#primaryimage"},"image":{"@id":"https:\/\/dicodusport.fr\/blog\/la-prolongation-de-reda-wardi-va-couter-tres-cher-au-stade-rochelais\/#primaryimage"},"thumbnailUrl":"https:\/\/dicodusport.fr\/blog\/wp-content\/uploads\/2022\/01\/La-prolongation-de-Reda-Wardi-va-cou\u0302ter-tre\u0300s-cher-au-Stade-Rochelais.png","datePublished":"2022-01-14T09:05:00+00:00","description":"RUGBY - TOP 14 - Selon le Midi Olympique, le Stade Rochelais va devoir d\u00e9bourser pr\u00e8s de 250 000 euros pour pouvoir prolonger Reda Wardi.","breadcrumb":{"@id":"https:\/\/dicodusport.fr\/blog\/la-prolongation-de-reda-wardi-va-couter-tres-cher-au-stade-rochelais\/#breadcrumb"},"inLanguage":"fr-FR","potentialAction":[{"@type":"ReadAction","target":["https:\/\/dicodusport.fr\/blog\/la-prolongation-de-reda-wardi-va-couter-tres-cher-au-stade-rochelais\/"]}]},{"@type":"ImageObject","inLanguage":"fr-FR","@id":"https:\/\/dicodusport.fr\/blog\/la-prolongation-de-reda-wardi-va-couter-tres-cher-au-stade-rochelais\/#primaryimage","url":"https:\/\/dicodusport.fr\/blog\/wp-content\/uploads\/2022\/01\/La-prolongation-de-Reda-Wardi-va-cou\u0302ter-tre\u0300s-cher-au-Stade-Rochelais.png","contentUrl":"https:\/\/dicodusport.fr\/blog\/wp-content\/uploads\/2022\/01\/La-prolongation-de-Reda-Wardi-va-cou\u0302ter-tre\u0300s-cher-au-Stade-Rochelais.png","width":800,"height":445},{"@type":"BreadcrumbList","@id":"https:\/\/dicodusport.fr\/blog\/la-prolongation-de-reda-wardi-va-couter-tres-cher-au-stade-rochelais\/#breadcrumb","itemListElement":[{"@type":"ListItem","position":1,"name":"Accueil","item":"https:\/\/dicodusport.fr\/blog\/"},{"@type":"ListItem","position":2,"name":"La prolongation de Reda Wardi va co\u00fbter tr\u00e8s cher au Stade Rochelais"}]},{"@type":"WebSite","@id":"https:\/\/dicodusport.fr\/blog\/#website","url":"https:\/\/dicodusport.fr\/blog\/","name":"Dicodusport","description":"L&#039;encyclop\u00e9die de l&#039;actualit\u00e9 sportive","publisher":{"@id":"https:\/\/dicodusport.fr\/blog\/#organization"},"potentialAction":[{"@type":"SearchAction","target":{"@type":"EntryPoint","urlTemplate":"https:\/\/dicodusport.fr\/blog\/?s={search_term_string}"},"query-input":{"@type":"PropertyValueSpecification","valueRequired":true,"valueName":"search_term_string"}}],"inLanguage":"fr-FR"},{"@type":"NewsMediaOrganization","@id":"https:\/\/dicodusport.fr\/blog\/#organization","name":"Dicodusport","url":"https:\/\/dicodusport.fr\/blog\/","logo":{"@type":"ImageObject","inLanguage":"fr-FR","@id":"https:\/\/dicodusport.fr\/blog\/#\/schema\/logo\/image\/","url":"https:\/\/dicodusport.fr\/blog\/wp-content\/uploads\/2020\/06\/cropped-LOGO-DICODUSPORT-2020-SANS-FOND-SANS-TEXTE.png","contentUrl":"https:\/\/dicodusport.fr\/blog\/wp-content\/uploads\/2020\/06\/cropped-LOGO-DICODUSPORT-2020-SANS-FOND-SANS-TEXTE.png","width":512,"height":512,"caption":"Dicodusport"},"image":{"@id":"https:\/\/dicodusport.fr\/blog\/#\/schema\/logo\/image\/"},"sameAs":["https:\/\/www.facebook.com\/dicodusport","https:\/\/x.com\/dicodusport","https:\/\/www.instagram.com\/dicodusport\/","https:\/\/www.youtube.com\/channel\/UC7V2KZ5sd3htJivAbA4ZG3w"],"description":"Dicodusport est l'encyclop\u00e9die de l'actualit\u00e9 sportive.","email":"bonjour@dicodusport.fr","legalName":"DICODUSPORT","foundingDate":"2018-01-14","vatID":"FR71834470973","taxID":"83447097300043","numberOfEmployees":{"@type":"QuantitativeValue","minValue":"1","maxValue":"10"}},{"@type":"Person","@id":"https:\/\/dicodusport.fr\/blog\/#\/schema\/person\/55dcb50ad410894e431ed812bbb70191","name":"Nicolas Jacquemard","image":{"@type":"ImageObject","inLanguage":"fr-FR","@id":"https:\/\/dicodusport.fr\/blog\/#\/schema\/person\/image\/","url":"https:\/\/dicodusport.fr\/blog\/wp-content\/uploads\/2021\/05\/Nicolas-Jacquemard-150x150.jpeg","contentUrl":"https:\/\/dicodusport.fr\/blog\/wp-content\/uploads\/2021\/05\/Nicolas-Jacquemard-150x150.jpeg","caption":"Nicolas Jacquemard"},"description":"Passionn\u00e9 de sport et entrepreneur depuis mes 18 ans, la cr\u00e9ation de Dicodusport m'a sembl\u00e9 \u00e9vidente pour participer \u00e0 la m\u00e9diatisation d'un plus grand nombre de sports. Le chemin est long mais avec une \u00e9quipe des plus motiv\u00e9es et les Jeux Olympiques de Paris 2024 en point de mire, nous y arriverons ! Journaliste dans le monde du sport depuis plus de 5 ans, je traite aussi bien de football, de rugby, de biathlon que de cyclisme.","sameAs":["https:\/\/www.facebook.com\/dicodusport","https:\/\/x.com\/https:\/\/twitter.com\/Nico_Jacquemard"],"url":"https:\/\/dicodusport.fr\/blog\/author\/dicodusport\/"}]}},"_links":{"self":[{"href":"https:\/\/dicodusport.fr\/blog\/wp-json\/wp\/v2\/posts\/191167","targetHints":{"allow":["GET"]}}],"collection":[{"href":"https:\/\/dicodusport.fr\/blog\/wp-json\/wp\/v2\/posts"}],"about":[{"href":"https:\/\/dicodusport.fr\/blog\/wp-json\/wp\/v2\/types\/post"}],"author":[{"embeddable":true,"href":"https:\/\/dicodusport.fr\/blog\/wp-json\/wp\/v2\/users\/1"}],"replies":[{"embeddable":true,"href":"https:\/\/dicodusport.fr\/blog\/wp-json\/wp\/v2\/comments?post=191167"}],"version-history":[{"count":0,"href":"https:\/\/dicodusport.fr\/blog\/wp-json\/wp\/v2\/posts\/191167\/revisions"}],"wp:featuredmedia":[{"embeddable":true,"href":"https:\/\/dicodusport.fr\/blog\/wp-json\/wp\/v2\/media\/191169"}],"wp:attachment":[{"href":"https:\/\/dicodusport.fr\/blog\/wp-json\/wp\/v2\/media?parent=191167"}],"wp:term":[{"taxonomy":"category","embeddable":true,"href":"https:\/\/dicodusport.fr\/blog\/wp-json\/wp\/v2\/categories?post=191167"},{"taxonomy":"post_tag","embeddable":true,"href":"https:\/\/dicodusport.fr\/blog\/wp-json\/wp\/v2\/tags?post=191167"}],"curies":[{"name":"wp","href":"https:\/\/api.w.org\/{rel}","templated":true}]}}