{"id":191417,"date":"2022-01-14T23:22:50","date_gmt":"2022-01-14T22:22:50","guid":{"rendered":"https:\/\/dicodusport.fr\/blog\/?p=191417&#038;preview=true&#038;preview_id=191417"},"modified":"2022-01-15T08:06:02","modified_gmt":"2022-01-15T07:06:02","slug":"ski-de-bosses-perrine-laffont-troisieme-de-la-deuxieme-etape-a-deer-valley","status":"publish","type":"post","link":"https:\/\/dicodusport.fr\/blog\/ski-de-bosses-perrine-laffont-troisieme-de-la-deuxieme-etape-a-deer-valley\/","title":{"rendered":"Ski de bosses : Perrine Laffont troisi\u00e8me de la deuxi\u00e8me \u00e9tape \u00e0 Deer Valley"},"content":{"rendered":"<p style=\"text-align: justify;\"><strong><em>SKI DE BOSSES &#8211; <a href=\"https:\/\/dicodusport.fr\/blog\/ski-de-bosses-perrine-laffont-s-impose-en-patronne-a-deer-valley\/\">Victorieuse jeudi<\/a>, Perrine Laffont a pris la troisi\u00e8me place de la seconde \u00e9tape \u00e0 Deer Valley (USA) ce vendredi. L&rsquo;Ari\u00e9geoise d\u00e9croche un 41\u00e8me podium en Coupe du monde. C&rsquo;est la Japonaise Anri Kawamura qui s&rsquo;est impos\u00e9e.<\/em><\/strong><\/p>\n<p style=\"text-align: justify;\">1. <strong>Perrine Laffont<\/strong>, 2. <strong>Anri Kawamura<\/strong>, 3. <strong>Jakara Anthony<\/strong>. C&rsquo;\u00e9tait le classement de la premi\u00e8re \u00e9tape de la Coupe du monde de ski de bosses ce jeudi. Vendredi, ces trois championnes ont une nouvelle fois trust\u00e9 le podium de la seconde manche am\u00e9ricaine. Mais cette fois, elles se sont \u00e9chang\u00e9es les places. La Japonaise (80.89 points) s&rsquo;est impos\u00e9e, devant l&rsquo;Australienne (80.38 points) et la Fran\u00e7aise (80.02 points), lors d&rsquo;une super-finale serr\u00e9e donc. La championne olympique en titre d\u00e9croche un 41\u00e8me podium sur le circuit. La Nippone en profite n\u00e9anmoins pour r\u00e9cup\u00e9rer le dossard de leader du g\u00e9n\u00e9ral de la Coupe du monde en bosses simples, avec 39 points d&rsquo;avance sur <strong>Perrine Laffont<\/strong>. \u00c0 noter \u00e9galement la tr\u00e8s belle 16\u00e8me place de Camille Cabrol, qui s&rsquo;est donc qualifi\u00e9e pour les finales ce vendredi.<\/p>\n<p style=\"text-align: justify;\">Chez les hommes, apr\u00e8s avoir d\u00e9croch\u00e9 son 100\u00e8me podium en Coupe du monde suite \u00e0 sa victoire jeudi, <strong>Mika\u00ebl Kingsbury<\/strong> a cette fois \u00e9t\u00e9 battu. Le Canadien (82.84 points) a \u00e9t\u00e9 battu par son grand rival nippon, <strong>Ikuma Horishima<\/strong> (84.04 points). Le Su\u00e9dois <strong>Walter Wallberg<\/strong> compl\u00e8te le podium. Meilleur Fran\u00e7ais, <strong>Sacha Th\u00e9ocharis<\/strong> prend la 12\u00e8me place. <strong>Ben Cavet<\/strong> n&rsquo;a pas pris le d\u00e9part.<\/p>\n<p style=\"text-align: justify;\">\n","protected":false},"excerpt":{"rendered":"<p>SKI DE BOSSES &#8211; Victorieuse jeudi, Perrine Laffont a pris la troisi\u00e8me place de la seconde \u00e9tape \u00e0 Deer Valley (USA) ce vendredi. L&rsquo;Ari\u00e9geoise d\u00e9croche un 41\u00e8me podium en Coupe du monde. C&rsquo;est la Japonaise Anri Kawamura qui s&rsquo;est impos\u00e9e.<\/p>\n","protected":false},"author":4,"featured_media":186219,"comment_status":"open","ping_status":"closed","sticky":false,"template":"","format":"standard","meta":{"_acf_changed":false,"_daextam_enable_autolinks":"","footnotes":""},"categories":[9217],"tags":[3262,3263],"class_list":["post-191417","post","type-post","status-publish","format-standard","has-post-thumbnail","hentry","category-ski","tag-perrine-laffont","tag-ski-de-bosses"],"acf":[],"yoast_head":"<!-- This site is optimized with the Yoast SEO Premium plugin v26.7 (Yoast SEO v26.7) - https:\/\/yoast.com\/wordpress\/plugins\/seo\/ -->\n<title>Ski de bosses : Perrine Laffont troisi\u00e8me de la deuxi\u00e8me \u00e9tape \u00e0 Deer Valley<\/title>\n<meta name=\"description\" content=\"SKI DE BOSSES - Victorieuse jeudi, Perrine Laffont a pris la troisi\u00e8me place de la seconde \u00e9tape \u00e0 Deer Valley (USA) ce vendredi.\" \/>\n<meta name=\"robots\" content=\"index, follow, max-snippet:-1, max-image-preview:large, max-video-preview:-1\" \/>\n<link rel=\"canonical\" href=\"https:\/\/dicodusport.fr\/blog\/ski-de-bosses-perrine-laffont-troisieme-de-la-deuxieme-etape-a-deer-valley\/\" \/>\n<meta property=\"og:locale\" content=\"fr_FR\" \/>\n<meta property=\"og:type\" content=\"article\" \/>\n<meta property=\"og:title\" content=\"Ski de bosses : Perrine Laffont troisi\u00e8me de la deuxi\u00e8me \u00e9tape \u00e0 Deer Valley\" \/>\n<meta property=\"og:description\" content=\"SKI DE BOSSES - Victorieuse jeudi, Perrine Laffont a pris la troisi\u00e8me place de la seconde \u00e9tape \u00e0 Deer Valley (USA) ce vendredi.\" \/>\n<meta property=\"og:url\" content=\"https:\/\/dicodusport.fr\/blog\/ski-de-bosses-perrine-laffont-troisieme-de-la-deuxieme-etape-a-deer-valley\/\" \/>\n<meta property=\"og:site_name\" content=\"Dicodusport\" \/>\n<meta property=\"article:publisher\" content=\"https:\/\/www.facebook.com\/dicodusport\" \/>\n<meta property=\"article:author\" content=\"https:\/\/www.facebook.com\/florent.ostermann\" \/>\n<meta property=\"article:published_time\" content=\"2022-01-14T22:22:50+00:00\" \/>\n<meta property=\"article:modified_time\" content=\"2022-01-15T07:06:02+00:00\" \/>\n<meta property=\"og:image\" content=\"https:\/\/dicodusport.fr\/blog\/wp-content\/uploads\/2021\/12\/Ski-de-bosses-Perrine-Laffont-victime-dune-lourde-chute-a-lAlpe-dHuez.png\" \/>\n\t<meta property=\"og:image:width\" content=\"800\" \/>\n\t<meta property=\"og:image:height\" content=\"445\" \/>\n\t<meta property=\"og:image:type\" content=\"image\/png\" \/>\n<meta name=\"author\" content=\"Flo Ostermann\" \/>\n<meta name=\"twitter:card\" content=\"summary_large_image\" \/>\n<meta name=\"twitter:title\" content=\"Ski de bosses : Perrine Laffont troisi\u00e8me de la deuxi\u00e8me \u00e9tape \u00e0 Deer Valley\" \/>\n<meta name=\"twitter:creator\" content=\"@https:\/\/twitter.com\/FlOstermann\" \/>\n<meta name=\"twitter:site\" content=\"@dicodusport\" \/>\n<script type=\"application\/ld+json\" class=\"yoast-schema-graph\">{\"@context\":\"https:\/\/schema.org\",\"@graph\":[{\"@type\":\"NewsArticle\",\"@id\":\"https:\/\/dicodusport.fr\/blog\/ski-de-bosses-perrine-laffont-troisieme-de-la-deuxieme-etape-a-deer-valley\/#article\",\"isPartOf\":{\"@id\":\"https:\/\/dicodusport.fr\/blog\/ski-de-bosses-perrine-laffont-troisieme-de-la-deuxieme-etape-a-deer-valley\/\"},\"author\":{\"name\":\"Flo Ostermann\",\"@id\":\"https:\/\/dicodusport.fr\/blog\/#\/schema\/person\/cb02af4c173ce4a653b55e9baf388d4a\"},\"headline\":\"Ski de bosses : Perrine Laffont troisi\u00e8me de la deuxi\u00e8me \u00e9tape \u00e0 Deer Valley\",\"datePublished\":\"2022-01-14T22:22:50+00:00\",\"dateModified\":\"2022-01-15T07:06:02+00:00\",\"mainEntityOfPage\":{\"@id\":\"https:\/\/dicodusport.fr\/blog\/ski-de-bosses-perrine-laffont-troisieme-de-la-deuxieme-etape-a-deer-valley\/\"},\"wordCount\":273,\"commentCount\":0,\"publisher\":{\"@id\":\"https:\/\/dicodusport.fr\/blog\/#organization\"},\"image\":{\"@id\":\"https:\/\/dicodusport.fr\/blog\/ski-de-bosses-perrine-laffont-troisieme-de-la-deuxieme-etape-a-deer-valley\/#primaryimage\"},\"thumbnailUrl\":\"https:\/\/dicodusport.fr\/blog\/wp-content\/uploads\/2021\/12\/Ski-de-bosses-Perrine-Laffont-victime-dune-lourde-chute-a-lAlpe-dHuez.png\",\"keywords\":[\"Perrine Laffont\",\"ski de bosses\"],\"articleSection\":[\"Ski\"],\"inLanguage\":\"fr-FR\",\"potentialAction\":[{\"@type\":\"CommentAction\",\"name\":\"Comment\",\"target\":[\"https:\/\/dicodusport.fr\/blog\/ski-de-bosses-perrine-laffont-troisieme-de-la-deuxieme-etape-a-deer-valley\/#respond\"]}],\"copyrightYear\":\"2022\",\"copyrightHolder\":{\"@id\":\"https:\/\/dicodusport.fr\/blog\/#organization\"}},{\"@type\":\"WebPage\",\"@id\":\"https:\/\/dicodusport.fr\/blog\/ski-de-bosses-perrine-laffont-troisieme-de-la-deuxieme-etape-a-deer-valley\/\",\"url\":\"https:\/\/dicodusport.fr\/blog\/ski-de-bosses-perrine-laffont-troisieme-de-la-deuxieme-etape-a-deer-valley\/\",\"name\":\"Ski de bosses : Perrine Laffont troisi\u00e8me de la deuxi\u00e8me \u00e9tape \u00e0 Deer Valley\",\"isPartOf\":{\"@id\":\"https:\/\/dicodusport.fr\/blog\/#website\"},\"primaryImageOfPage\":{\"@id\":\"https:\/\/dicodusport.fr\/blog\/ski-de-bosses-perrine-laffont-troisieme-de-la-deuxieme-etape-a-deer-valley\/#primaryimage\"},\"image\":{\"@id\":\"https:\/\/dicodusport.fr\/blog\/ski-de-bosses-perrine-laffont-troisieme-de-la-deuxieme-etape-a-deer-valley\/#primaryimage\"},\"thumbnailUrl\":\"https:\/\/dicodusport.fr\/blog\/wp-content\/uploads\/2021\/12\/Ski-de-bosses-Perrine-Laffont-victime-dune-lourde-chute-a-lAlpe-dHuez.png\",\"datePublished\":\"2022-01-14T22:22:50+00:00\",\"dateModified\":\"2022-01-15T07:06:02+00:00\",\"description\":\"SKI DE BOSSES - Victorieuse jeudi, Perrine Laffont a pris la troisi\u00e8me place de la seconde \u00e9tape \u00e0 Deer Valley (USA) ce vendredi.\",\"breadcrumb\":{\"@id\":\"https:\/\/dicodusport.fr\/blog\/ski-de-bosses-perrine-laffont-troisieme-de-la-deuxieme-etape-a-deer-valley\/#breadcrumb\"},\"inLanguage\":\"fr-FR\",\"potentialAction\":[{\"@type\":\"ReadAction\",\"target\":[\"https:\/\/dicodusport.fr\/blog\/ski-de-bosses-perrine-laffont-troisieme-de-la-deuxieme-etape-a-deer-valley\/\"]}]},{\"@type\":\"ImageObject\",\"inLanguage\":\"fr-FR\",\"@id\":\"https:\/\/dicodusport.fr\/blog\/ski-de-bosses-perrine-laffont-troisieme-de-la-deuxieme-etape-a-deer-valley\/#primaryimage\",\"url\":\"https:\/\/dicodusport.fr\/blog\/wp-content\/uploads\/2021\/12\/Ski-de-bosses-Perrine-Laffont-victime-dune-lourde-chute-a-lAlpe-dHuez.png\",\"contentUrl\":\"https:\/\/dicodusport.fr\/blog\/wp-content\/uploads\/2021\/12\/Ski-de-bosses-Perrine-Laffont-victime-dune-lourde-chute-a-lAlpe-dHuez.png\",\"width\":800,\"height\":445,\"caption\":\"Ski de bosses Perrine Laffont victime d'une lourde chute \u00e0 l'Alpe d'Huez\"},{\"@type\":\"BreadcrumbList\",\"@id\":\"https:\/\/dicodusport.fr\/blog\/ski-de-bosses-perrine-laffont-troisieme-de-la-deuxieme-etape-a-deer-valley\/#breadcrumb\",\"itemListElement\":[{\"@type\":\"ListItem\",\"position\":1,\"name\":\"Accueil\",\"item\":\"https:\/\/dicodusport.fr\/blog\/\"},{\"@type\":\"ListItem\",\"position\":2,\"name\":\"Ski de bosses : Perrine Laffont troisi\u00e8me de la deuxi\u00e8me \u00e9tape \u00e0 Deer Valley\"}]},{\"@type\":\"WebSite\",\"@id\":\"https:\/\/dicodusport.fr\/blog\/#website\",\"url\":\"https:\/\/dicodusport.fr\/blog\/\",\"name\":\"Dicodusport\",\"description\":\"L&#039;encyclop\u00e9die de l&#039;actualit\u00e9 sportive\",\"publisher\":{\"@id\":\"https:\/\/dicodusport.fr\/blog\/#organization\"},\"potentialAction\":[{\"@type\":\"SearchAction\",\"target\":{\"@type\":\"EntryPoint\",\"urlTemplate\":\"https:\/\/dicodusport.fr\/blog\/?s={search_term_string}\"},\"query-input\":{\"@type\":\"PropertyValueSpecification\",\"valueRequired\":true,\"valueName\":\"search_term_string\"}}],\"inLanguage\":\"fr-FR\"},{\"@type\":\"NewsMediaOrganization\",\"@id\":\"https:\/\/dicodusport.fr\/blog\/#organization\",\"name\":\"Dicodusport\",\"url\":\"https:\/\/dicodusport.fr\/blog\/\",\"logo\":{\"@type\":\"ImageObject\",\"inLanguage\":\"fr-FR\",\"@id\":\"https:\/\/dicodusport.fr\/blog\/#\/schema\/logo\/image\/\",\"url\":\"https:\/\/dicodusport.fr\/blog\/wp-content\/uploads\/2020\/06\/cropped-LOGO-DICODUSPORT-2020-SANS-FOND-SANS-TEXTE.png\",\"contentUrl\":\"https:\/\/dicodusport.fr\/blog\/wp-content\/uploads\/2020\/06\/cropped-LOGO-DICODUSPORT-2020-SANS-FOND-SANS-TEXTE.png\",\"width\":512,\"height\":512,\"caption\":\"Dicodusport\"},\"image\":{\"@id\":\"https:\/\/dicodusport.fr\/blog\/#\/schema\/logo\/image\/\"},\"sameAs\":[\"https:\/\/www.facebook.com\/dicodusport\",\"https:\/\/x.com\/dicodusport\",\"https:\/\/www.instagram.com\/dicodusport\/\",\"https:\/\/www.youtube.com\/channel\/UC7V2KZ5sd3htJivAbA4ZG3w\"],\"description\":\"Dicodusport est l'encyclop\u00e9die de l'actualit\u00e9 sportive.\",\"email\":\"bonjour@dicodusport.fr\",\"legalName\":\"DICODUSPORT\",\"foundingDate\":\"2018-01-14\",\"vatID\":\"FR71834470973\",\"taxID\":\"83447097300043\",\"numberOfEmployees\":{\"@type\":\"QuantitativeValue\",\"minValue\":\"1\",\"maxValue\":\"10\"}},{\"@type\":\"Person\",\"@id\":\"https:\/\/dicodusport.fr\/blog\/#\/schema\/person\/cb02af4c173ce4a653b55e9baf388d4a\",\"name\":\"Flo Ostermann\",\"image\":{\"@type\":\"ImageObject\",\"inLanguage\":\"fr-FR\",\"@id\":\"https:\/\/dicodusport.fr\/blog\/#\/schema\/person\/image\/\",\"url\":\"https:\/\/dicodusport.fr\/blog\/wp-content\/uploads\/2021\/05\/Flo-Ostermann-150x150.jpg\",\"contentUrl\":\"https:\/\/dicodusport.fr\/blog\/wp-content\/uploads\/2021\/05\/Flo-Ostermann-150x150.jpg\",\"caption\":\"Flo Ostermann\"},\"description\":\"Journaliste\/R\u00e9dacteur depuis septembre 2015 - Mes premiers souvenirs dans le sport ? Les envol\u00e9es du Stade Toulousain et les duels Villeneuve-Schumacher et H\u00e4kkinen-Schumacher \u00e0 la fin des ann\u00e9es 90, la Coupe du monde de football en 1998, l\u2019exploit du XV de France face aux All Blacks en 1999, mais aussi Richard C\u0153ur de Lion qui vole sur les montagnes du Tour de France. Bien parti pour devenir professeur d\u2019EPS, les \u00e9v\u00e9nements de la vie (et la flemme d\u2019animer des s\u00e9ances de 3x500 m\u00e8tres toute ma vie) m\u2019ont conduit \u00e0 revoir mes plans. Me voil\u00e0 depuis fin 2017 sur Dicodusport, m\u00e9dia gr\u00e2ce (et pour) lequel je partage ma passion : le sport dans tous ses \u00e9tats. Le tout accompagn\u00e9 par les fous furieux et folles furieuses cit\u00e9s sur cette page !\",\"sameAs\":[\"https:\/\/www.facebook.com\/florent.ostermann\",\"https:\/\/x.com\/https:\/\/twitter.com\/FlOstermann\",\"admin\"],\"url\":\"https:\/\/dicodusport.fr\/blog\/author\/flo\/\"}]}<\/script>\n<!-- \/ Yoast SEO Premium plugin. -->","yoast_head_json":{"title":"Ski de bosses : Perrine Laffont troisi\u00e8me de la deuxi\u00e8me \u00e9tape \u00e0 Deer Valley","description":"SKI DE BOSSES - Victorieuse jeudi, Perrine Laffont a pris la troisi\u00e8me place de la seconde \u00e9tape \u00e0 Deer Valley (USA) ce vendredi.","robots":{"index":"index","follow":"follow","max-snippet":"max-snippet:-1","max-image-preview":"max-image-preview:large","max-video-preview":"max-video-preview:-1"},"canonical":"https:\/\/dicodusport.fr\/blog\/ski-de-bosses-perrine-laffont-troisieme-de-la-deuxieme-etape-a-deer-valley\/","og_locale":"fr_FR","og_type":"article","og_title":"Ski de bosses : Perrine Laffont troisi\u00e8me de la deuxi\u00e8me \u00e9tape \u00e0 Deer Valley","og_description":"SKI DE BOSSES - Victorieuse jeudi, Perrine Laffont a pris la troisi\u00e8me place de la seconde \u00e9tape \u00e0 Deer Valley (USA) ce vendredi.","og_url":"https:\/\/dicodusport.fr\/blog\/ski-de-bosses-perrine-laffont-troisieme-de-la-deuxieme-etape-a-deer-valley\/","og_site_name":"Dicodusport","article_publisher":"https:\/\/www.facebook.com\/dicodusport","article_author":"https:\/\/www.facebook.com\/florent.ostermann","article_published_time":"2022-01-14T22:22:50+00:00","article_modified_time":"2022-01-15T07:06:02+00:00","og_image":[{"width":800,"height":445,"url":"https:\/\/dicodusport.fr\/blog\/wp-content\/uploads\/2021\/12\/Ski-de-bosses-Perrine-Laffont-victime-dune-lourde-chute-a-lAlpe-dHuez.png","type":"image\/png"}],"author":"Flo Ostermann","twitter_card":"summary_large_image","twitter_title":"Ski de bosses : Perrine Laffont troisi\u00e8me de la deuxi\u00e8me \u00e9tape \u00e0 Deer Valley","twitter_creator":"@https:\/\/twitter.com\/FlOstermann","twitter_site":"@dicodusport","schema":{"@context":"https:\/\/schema.org","@graph":[{"@type":"NewsArticle","@id":"https:\/\/dicodusport.fr\/blog\/ski-de-bosses-perrine-laffont-troisieme-de-la-deuxieme-etape-a-deer-valley\/#article","isPartOf":{"@id":"https:\/\/dicodusport.fr\/blog\/ski-de-bosses-perrine-laffont-troisieme-de-la-deuxieme-etape-a-deer-valley\/"},"author":{"name":"Flo Ostermann","@id":"https:\/\/dicodusport.fr\/blog\/#\/schema\/person\/cb02af4c173ce4a653b55e9baf388d4a"},"headline":"Ski de bosses : Perrine Laffont troisi\u00e8me de la deuxi\u00e8me \u00e9tape \u00e0 Deer Valley","datePublished":"2022-01-14T22:22:50+00:00","dateModified":"2022-01-15T07:06:02+00:00","mainEntityOfPage":{"@id":"https:\/\/dicodusport.fr\/blog\/ski-de-bosses-perrine-laffont-troisieme-de-la-deuxieme-etape-a-deer-valley\/"},"wordCount":273,"commentCount":0,"publisher":{"@id":"https:\/\/dicodusport.fr\/blog\/#organization"},"image":{"@id":"https:\/\/dicodusport.fr\/blog\/ski-de-bosses-perrine-laffont-troisieme-de-la-deuxieme-etape-a-deer-valley\/#primaryimage"},"thumbnailUrl":"https:\/\/dicodusport.fr\/blog\/wp-content\/uploads\/2021\/12\/Ski-de-bosses-Perrine-Laffont-victime-dune-lourde-chute-a-lAlpe-dHuez.png","keywords":["Perrine Laffont","ski de bosses"],"articleSection":["Ski"],"inLanguage":"fr-FR","potentialAction":[{"@type":"CommentAction","name":"Comment","target":["https:\/\/dicodusport.fr\/blog\/ski-de-bosses-perrine-laffont-troisieme-de-la-deuxieme-etape-a-deer-valley\/#respond"]}],"copyrightYear":"2022","copyrightHolder":{"@id":"https:\/\/dicodusport.fr\/blog\/#organization"}},{"@type":"WebPage","@id":"https:\/\/dicodusport.fr\/blog\/ski-de-bosses-perrine-laffont-troisieme-de-la-deuxieme-etape-a-deer-valley\/","url":"https:\/\/dicodusport.fr\/blog\/ski-de-bosses-perrine-laffont-troisieme-de-la-deuxieme-etape-a-deer-valley\/","name":"Ski de bosses : Perrine Laffont troisi\u00e8me de la deuxi\u00e8me \u00e9tape \u00e0 Deer Valley","isPartOf":{"@id":"https:\/\/dicodusport.fr\/blog\/#website"},"primaryImageOfPage":{"@id":"https:\/\/dicodusport.fr\/blog\/ski-de-bosses-perrine-laffont-troisieme-de-la-deuxieme-etape-a-deer-valley\/#primaryimage"},"image":{"@id":"https:\/\/dicodusport.fr\/blog\/ski-de-bosses-perrine-laffont-troisieme-de-la-deuxieme-etape-a-deer-valley\/#primaryimage"},"thumbnailUrl":"https:\/\/dicodusport.fr\/blog\/wp-content\/uploads\/2021\/12\/Ski-de-bosses-Perrine-Laffont-victime-dune-lourde-chute-a-lAlpe-dHuez.png","datePublished":"2022-01-14T22:22:50+00:00","dateModified":"2022-01-15T07:06:02+00:00","description":"SKI DE BOSSES - Victorieuse jeudi, Perrine Laffont a pris la troisi\u00e8me place de la seconde \u00e9tape \u00e0 Deer Valley (USA) ce vendredi.","breadcrumb":{"@id":"https:\/\/dicodusport.fr\/blog\/ski-de-bosses-perrine-laffont-troisieme-de-la-deuxieme-etape-a-deer-valley\/#breadcrumb"},"inLanguage":"fr-FR","potentialAction":[{"@type":"ReadAction","target":["https:\/\/dicodusport.fr\/blog\/ski-de-bosses-perrine-laffont-troisieme-de-la-deuxieme-etape-a-deer-valley\/"]}]},{"@type":"ImageObject","inLanguage":"fr-FR","@id":"https:\/\/dicodusport.fr\/blog\/ski-de-bosses-perrine-laffont-troisieme-de-la-deuxieme-etape-a-deer-valley\/#primaryimage","url":"https:\/\/dicodusport.fr\/blog\/wp-content\/uploads\/2021\/12\/Ski-de-bosses-Perrine-Laffont-victime-dune-lourde-chute-a-lAlpe-dHuez.png","contentUrl":"https:\/\/dicodusport.fr\/blog\/wp-content\/uploads\/2021\/12\/Ski-de-bosses-Perrine-Laffont-victime-dune-lourde-chute-a-lAlpe-dHuez.png","width":800,"height":445,"caption":"Ski de bosses Perrine Laffont victime d'une lourde chute \u00e0 l'Alpe d'Huez"},{"@type":"BreadcrumbList","@id":"https:\/\/dicodusport.fr\/blog\/ski-de-bosses-perrine-laffont-troisieme-de-la-deuxieme-etape-a-deer-valley\/#breadcrumb","itemListElement":[{"@type":"ListItem","position":1,"name":"Accueil","item":"https:\/\/dicodusport.fr\/blog\/"},{"@type":"ListItem","position":2,"name":"Ski de bosses : Perrine Laffont troisi\u00e8me de la deuxi\u00e8me \u00e9tape \u00e0 Deer Valley"}]},{"@type":"WebSite","@id":"https:\/\/dicodusport.fr\/blog\/#website","url":"https:\/\/dicodusport.fr\/blog\/","name":"Dicodusport","description":"L&#039;encyclop\u00e9die de l&#039;actualit\u00e9 sportive","publisher":{"@id":"https:\/\/dicodusport.fr\/blog\/#organization"},"potentialAction":[{"@type":"SearchAction","target":{"@type":"EntryPoint","urlTemplate":"https:\/\/dicodusport.fr\/blog\/?s={search_term_string}"},"query-input":{"@type":"PropertyValueSpecification","valueRequired":true,"valueName":"search_term_string"}}],"inLanguage":"fr-FR"},{"@type":"NewsMediaOrganization","@id":"https:\/\/dicodusport.fr\/blog\/#organization","name":"Dicodusport","url":"https:\/\/dicodusport.fr\/blog\/","logo":{"@type":"ImageObject","inLanguage":"fr-FR","@id":"https:\/\/dicodusport.fr\/blog\/#\/schema\/logo\/image\/","url":"https:\/\/dicodusport.fr\/blog\/wp-content\/uploads\/2020\/06\/cropped-LOGO-DICODUSPORT-2020-SANS-FOND-SANS-TEXTE.png","contentUrl":"https:\/\/dicodusport.fr\/blog\/wp-content\/uploads\/2020\/06\/cropped-LOGO-DICODUSPORT-2020-SANS-FOND-SANS-TEXTE.png","width":512,"height":512,"caption":"Dicodusport"},"image":{"@id":"https:\/\/dicodusport.fr\/blog\/#\/schema\/logo\/image\/"},"sameAs":["https:\/\/www.facebook.com\/dicodusport","https:\/\/x.com\/dicodusport","https:\/\/www.instagram.com\/dicodusport\/","https:\/\/www.youtube.com\/channel\/UC7V2KZ5sd3htJivAbA4ZG3w"],"description":"Dicodusport est l'encyclop\u00e9die de l'actualit\u00e9 sportive.","email":"bonjour@dicodusport.fr","legalName":"DICODUSPORT","foundingDate":"2018-01-14","vatID":"FR71834470973","taxID":"83447097300043","numberOfEmployees":{"@type":"QuantitativeValue","minValue":"1","maxValue":"10"}},{"@type":"Person","@id":"https:\/\/dicodusport.fr\/blog\/#\/schema\/person\/cb02af4c173ce4a653b55e9baf388d4a","name":"Flo Ostermann","image":{"@type":"ImageObject","inLanguage":"fr-FR","@id":"https:\/\/dicodusport.fr\/blog\/#\/schema\/person\/image\/","url":"https:\/\/dicodusport.fr\/blog\/wp-content\/uploads\/2021\/05\/Flo-Ostermann-150x150.jpg","contentUrl":"https:\/\/dicodusport.fr\/blog\/wp-content\/uploads\/2021\/05\/Flo-Ostermann-150x150.jpg","caption":"Flo Ostermann"},"description":"Journaliste\/R\u00e9dacteur depuis septembre 2015 - Mes premiers souvenirs dans le sport ? Les envol\u00e9es du Stade Toulousain et les duels Villeneuve-Schumacher et H\u00e4kkinen-Schumacher \u00e0 la fin des ann\u00e9es 90, la Coupe du monde de football en 1998, l\u2019exploit du XV de France face aux All Blacks en 1999, mais aussi Richard C\u0153ur de Lion qui vole sur les montagnes du Tour de France. Bien parti pour devenir professeur d\u2019EPS, les \u00e9v\u00e9nements de la vie (et la flemme d\u2019animer des s\u00e9ances de 3x500 m\u00e8tres toute ma vie) m\u2019ont conduit \u00e0 revoir mes plans. Me voil\u00e0 depuis fin 2017 sur Dicodusport, m\u00e9dia gr\u00e2ce (et pour) lequel je partage ma passion : le sport dans tous ses \u00e9tats. Le tout accompagn\u00e9 par les fous furieux et folles furieuses cit\u00e9s sur cette page !","sameAs":["https:\/\/www.facebook.com\/florent.ostermann","https:\/\/x.com\/https:\/\/twitter.com\/FlOstermann","admin"],"url":"https:\/\/dicodusport.fr\/blog\/author\/flo\/"}]}},"_links":{"self":[{"href":"https:\/\/dicodusport.fr\/blog\/wp-json\/wp\/v2\/posts\/191417","targetHints":{"allow":["GET"]}}],"collection":[{"href":"https:\/\/dicodusport.fr\/blog\/wp-json\/wp\/v2\/posts"}],"about":[{"href":"https:\/\/dicodusport.fr\/blog\/wp-json\/wp\/v2\/types\/post"}],"author":[{"embeddable":true,"href":"https:\/\/dicodusport.fr\/blog\/wp-json\/wp\/v2\/users\/4"}],"replies":[{"embeddable":true,"href":"https:\/\/dicodusport.fr\/blog\/wp-json\/wp\/v2\/comments?post=191417"}],"version-history":[{"count":0,"href":"https:\/\/dicodusport.fr\/blog\/wp-json\/wp\/v2\/posts\/191417\/revisions"}],"wp:featuredmedia":[{"embeddable":true,"href":"https:\/\/dicodusport.fr\/blog\/wp-json\/wp\/v2\/media\/186219"}],"wp:attachment":[{"href":"https:\/\/dicodusport.fr\/blog\/wp-json\/wp\/v2\/media?parent=191417"}],"wp:term":[{"taxonomy":"category","embeddable":true,"href":"https:\/\/dicodusport.fr\/blog\/wp-json\/wp\/v2\/categories?post=191417"},{"taxonomy":"post_tag","embeddable":true,"href":"https:\/\/dicodusport.fr\/blog\/wp-json\/wp\/v2\/tags?post=191417"}],"curies":[{"name":"wp","href":"https:\/\/api.w.org\/{rel}","templated":true}]}}