{"id":191443,"date":"2022-01-15T11:31:14","date_gmt":"2022-01-15T10:31:14","guid":{"rendered":"https:\/\/dicodusport.fr\/blog\/?p=191443&#038;preview=true&#038;preview_id=191443"},"modified":"2022-01-15T13:13:30","modified_gmt":"2022-01-15T12:13:30","slug":"atp-adelaide-2-arthur-rinderknech-cede-en-finale-apres-un-long-combat","status":"publish","type":"post","link":"https:\/\/dicodusport.fr\/blog\/atp-adelaide-2-arthur-rinderknech-cede-en-finale-apres-un-long-combat\/","title":{"rendered":"ATP Adela\u00efde 2 : Arthur Rinderknech c\u00e8de en finale apr\u00e8s un long combat"},"content":{"rendered":"<p style=\"text-align: justify;\"><strong><em>TOURNOI ATP D&rsquo;ADELA\u00cfDE &#8211; Malgr\u00e9 une belle r\u00e9sistance, Arthur Rinderknech n&rsquo;a pas r\u00e9ussi \u00e0 remporter le tournoi d&rsquo;Adela\u00efde. Il s&rsquo;est inclin\u00e9 en finale face \u00e0 Thanasi Kokkinakis 6\/7, 7\/6, 6\/3, et \u00e9choue ainsi \u00e0 d\u00e9crocher son premier troph\u00e9e sur le circuit.\u00a0<\/em><\/strong><\/p>\n<p style=\"text-align: justify;\">Pour sa premi\u00e8re finale sur le circuit ATP, apr\u00e8s son succ\u00e8s sur son compatriote <strong>Corentin Moutet<\/strong> en demie, <strong>Arthur Rinderknech<\/strong> s&rsquo;avan\u00e7ait dans le costume du favori. 58\u00e8me mondial apr\u00e8s une saison 2021 r\u00e9ussie, le Varois \u00e9tait oppos\u00e9 \u00e0 <strong>Thanasi Kokkinakis,<\/strong> 145\u00e8me au classement. Cependant, l&rsquo;Australien poss\u00e8de la r\u00e9putation d&rsquo;\u00eatre un joueur fantasque, capable de coups d&rsquo;\u00e9clats, et de plus, il avait l&rsquo;avantage d&rsquo;\u00e9voluer \u00e0 domicile. La partie n&rsquo;\u00e9tait donc pas gagn\u00e9e d&rsquo;avance pour le Tricolore.<\/p>\n<h2 style=\"text-align: justify;\">Deux joueurs qui se rendent coup pour coup<\/h2>\n<p style=\"text-align: justify;\">Loin de se montrer impressionn\u00e9, le Fran\u00e7ais d\u00e9coche deux aces d\u00e8s son premier jeu de service pour lancer id\u00e9alement sa rencontre. Les premiers jeux sont serr\u00e9s, mais le Fran\u00e7ais se montre solide au service pour faire la course en t\u00eate. <strong>Kokkinakis<\/strong> reste n\u00e9anmoins concentr\u00e9 et reste roue dans roue avec le Tricolore. C&rsquo;est donc tout naturellement que le sort du premier set se joue au <em>tie-break<\/em>. L\u00e0 encore, les deux joueurs se montrent inflexibles au service, mais c&rsquo;est <strong>Rinderknech<\/strong> qui parvient finalement \u00e0 faire flancher son adversaire sur ce qui \u00e9tait quasiment la seule seconde balle du jeu (7-6, 8 points \u00e0 6).<\/p>\n<blockquote class=\"twitter-tweet\">\n<p dir=\"ltr\" lang=\"en\">First set to Rinderknech! &#x1f1eb;&#x1f1f7;<\/p>\n<p>Disappointing, but if you think Kokkinakis is down and out, you&rsquo;ve never watched him play! &#x1f44a;<\/p>\n<p>Watch: <a href=\"https:\/\/twitter.com\/9Gem?ref_src=twsrc%5Etfw\">@9Gem<\/a><br \/>\nBlog: <a href=\"https:\/\/t.co\/fO5zTHypzy\">https:\/\/t.co\/fO5zTHypzy<\/a><br \/>\nStream: <a href=\"https:\/\/t.co\/GCVOX2ODxE\">https:\/\/t.co\/GCVOX2ODxE<\/a><a href=\"https:\/\/twitter.com\/hashtag\/9WWOS?src=hash&amp;ref_src=twsrc%5Etfw\">#9WWOS<\/a> <a href=\"https:\/\/twitter.com\/hashtag\/Tennis?src=hash&amp;ref_src=twsrc%5Etfw\">#Tennis<\/a> <a href=\"https:\/\/twitter.com\/hashtag\/AdelaideInternational?src=hash&amp;ref_src=twsrc%5Etfw\">#AdelaideInternational<\/a> <a href=\"https:\/\/t.co\/IFKAD7W3bT\">pic.twitter.com\/IFKAD7W3bT<\/a><\/p>\n<p>\u2014 Wide World of Sports (@wwos) <a href=\"https:\/\/twitter.com\/wwos\/status\/1482271739002433537?ref_src=twsrc%5Etfw\">January 15, 2022<\/a><\/p><\/blockquote>\n<p><script async src=\"https:\/\/platform.twitter.com\/widgets.js\" charset=\"utf-8\"><\/script><\/p>\n<p style=\"text-align: justify;\">Bis repetita dans le second set, \u00e0 la diff\u00e9rence que c&rsquo;est <strong>Kokkinakis<\/strong> qui servait en premier. Mais les deux joueurs se r\u00e9v\u00e8lent implacables sur leur engagement, essayant au maximum d&rsquo;exp\u00e9dier les \u00e9changes sous la chaleur australe. <strong>Kokkinakis<\/strong> semble l\u00e9g\u00e8rement touch\u00e9 physiquement mais tient le choc, tandis que <strong>Rinderknech<\/strong> est imp\u00e9rial derri\u00e8re sa mise en jeu, et les deux joueurs n&rsquo;auront conc\u00e9d\u00e9 aucune balle de break durant toute la partie. Un nouveau tie-break est in\u00e9vitable, mais alors que le Fran\u00e7ais prend vite deux points d&rsquo;avance, il craque compl\u00e8tement et se retrouve men\u00e9 6-3. Il sauve parfaitement deux balles de set sur son service mais ne peut rien sur la troisi\u00e8me. <strong>Kokkinakis<\/strong> \u00e9galise donc \u00e0 un set partout (6-7, 7 points \u00e0 5).<\/p>\n<blockquote class=\"twitter-tweet\">\n<p dir=\"ltr\" lang=\"en\">Hear them ROAR! &#x1f1e6;&#x1f1fa;<a href=\"https:\/\/twitter.com\/TKokkinakis?ref_src=twsrc%5Etfw\">@TKokkinakis<\/a> forces a third in the Adelaide final and the crowd are loving it!<a href=\"https:\/\/twitter.com\/hashtag\/AdelaideTennis?src=hash&amp;ref_src=twsrc%5Etfw\">#AdelaideTennis<\/a> <a href=\"https:\/\/t.co\/aPxGfXCOUR\">pic.twitter.com\/aPxGfXCOUR<\/a><\/p>\n<p>\u2014 Tennis TV (@TennisTV) <a href=\"https:\/\/twitter.com\/TennisTV\/status\/1482286486204653575?ref_src=twsrc%5Etfw\">January 15, 2022<\/a><\/p><\/blockquote>\n<p><script async src=\"https:\/\/platform.twitter.com\/widgets.js\" charset=\"utf-8\"><\/script><\/p>\n<h2 style=\"text-align: justify;\">Rinderknech finit par c\u00e9der<\/h2>\n<p style=\"text-align: justify;\">Le Fran\u00e7ais a pris un coup au moral et c\u00e8de pour la premi\u00e8re fois son engagement d\u00e8s le premier jeu de la derni\u00e8re manche. <strong>Kokkinakis<\/strong>, intraitable au service, en profite pour faire la course en t\u00eate. L&rsquo;Australien passe \u00e9norm\u00e9ment de premi\u00e8res balles pour se faciliter la t\u00e2che. Il ne perdra que deux points sur sa mise en jeu dans cette manche. <strong>Rinderknech<\/strong> souffre physiquement, ne parvient plus \u00e0 g\u00eaner le favori local, et finit par perdre une deuxi\u00e8me fois son service, en m\u00eame temps que le match (6\/7, 7\/6, 6\/3).<\/p>\n<blockquote class=\"twitter-tweet\">\n<p dir=\"ltr\" lang=\"en\">THANASI KOKKINAKIS YOU ARE THE ADELAIDE INTERNATIONAL CHAMPION! &#x1f3c6; YOU ARE AN INSPIRATION! &#x1f44a;&#x1f1e6;&#x1f1fa;<\/p>\n<p>Watch: <a href=\"https:\/\/twitter.com\/Channel9?ref_src=twsrc%5Etfw\">@Channel9<\/a><br \/>\nBlog: <a href=\"https:\/\/t.co\/aaz8DXBKdK\">https:\/\/t.co\/aaz8DXBKdK<\/a><br \/>\nStream: <a href=\"https:\/\/t.co\/tMxKDdHAC3\">https:\/\/t.co\/tMxKDdHAC3<\/a><a href=\"https:\/\/twitter.com\/hashtag\/9WWOS?src=hash&amp;ref_src=twsrc%5Etfw\">#9WWOS<\/a> <a href=\"https:\/\/twitter.com\/hashtag\/Tennis?src=hash&amp;ref_src=twsrc%5Etfw\">#Tennis<\/a> <a href=\"https:\/\/twitter.com\/hashtag\/AdelaideInternational?src=hash&amp;ref_src=twsrc%5Etfw\">#AdelaideInternational<\/a> <a href=\"https:\/\/t.co\/erEa9Cq3Ci\">pic.twitter.com\/erEa9Cq3Ci<\/a><\/p>\n<p>\u2014 Wide World of Sports (@wwos) <a href=\"https:\/\/twitter.com\/wwos\/status\/1482296582770941955?ref_src=twsrc%5Etfw\">January 15, 2022<\/a><\/p><\/blockquote>\n<p style=\"text-align: justify;\"><script async src=\"https:\/\/platform.twitter.com\/widgets.js\" charset=\"utf-8\"><\/script><\/p>\n<p style=\"text-align: justify;\">Malgr\u00e9 l&rsquo;amertume de cette d\u00e9faite, <strong>Arthur Rinderknech<\/strong> peut se montrer satisfait de sa semaine, puisqu&rsquo;il s&rsquo;agissait de sa premi\u00e8re finale sur le circuit. Bien que battu, il a engrang\u00e9 \u00e9norm\u00e9ment de confiance en vue de l&rsquo;Open d&rsquo;Australie, confirmant le bon d\u00e9but de saison du tennis masculin fran\u00e7ais.<\/p>\n","protected":false},"excerpt":{"rendered":"<p>TOURNOI ATP D&rsquo;ADELA\u00cfDE &#8211; Malgr\u00e9 une belle r\u00e9sistance, Arthur Rinderknech n&rsquo;a pas r\u00e9ussi \u00e0 remporter le tournoi d&rsquo;Adela\u00efde. Il s&rsquo;est inclin\u00e9 en finale face \u00e0 Thanasi Kokkinakis 6\/7, 7\/6, 6\/3, et \u00e9choue ainsi \u00e0 d\u00e9crocher son premier troph\u00e9e sur le circuit.\u00a0<\/p>\n","protected":false},"author":59,"featured_media":191480,"comment_status":"open","ping_status":"closed","sticky":false,"template":"","format":"standard","meta":{"_acf_changed":false,"_daextam_enable_autolinks":"","footnotes":""},"categories":[2302],"tags":[9674],"class_list":["post-191443","post","type-post","status-publish","format-standard","has-post-thumbnail","hentry","category-tennis","tag-arthur-rinderknech"],"acf":[],"yoast_head":"<!-- This site is optimized with the Yoast SEO Premium plugin v26.7 (Yoast SEO v26.7) - https:\/\/yoast.com\/wordpress\/plugins\/seo\/ -->\n<title>ATP Adela\u00efde 2 : Arthur Rinderknech c\u00e8de en finale apr\u00e8s un long combat<\/title>\n<meta name=\"description\" content=\"TOURNOI ATP D&#039;ADELA\u00cfDE - Malgr\u00e9 une belle r\u00e9sistance, Arthur Rinderknech n&#039;a pas r\u00e9ussi \u00e0 remporter le tournoi d&#039;Adela\u00efde.\" \/>\n<meta name=\"robots\" content=\"index, follow, max-snippet:-1, max-image-preview:large, max-video-preview:-1\" \/>\n<link rel=\"canonical\" href=\"https:\/\/dicodusport.fr\/blog\/atp-adelaide-2-arthur-rinderknech-cede-en-finale-apres-un-long-combat\/\" \/>\n<meta property=\"og:locale\" content=\"fr_FR\" \/>\n<meta property=\"og:type\" content=\"article\" \/>\n<meta property=\"og:title\" content=\"ATP Adela\u00efde 2 : Arthur Rinderknech c\u00e8de en finale apr\u00e8s un long combat\" \/>\n<meta property=\"og:description\" content=\"TOURNOI ATP D&#039;ADELA\u00cfDE - Malgr\u00e9 une belle r\u00e9sistance, Arthur Rinderknech n&#039;a pas r\u00e9ussi \u00e0 remporter le tournoi d&#039;Adela\u00efde.\" \/>\n<meta property=\"og:url\" content=\"https:\/\/dicodusport.fr\/blog\/atp-adelaide-2-arthur-rinderknech-cede-en-finale-apres-un-long-combat\/\" \/>\n<meta property=\"og:site_name\" content=\"Dicodusport\" \/>\n<meta property=\"article:publisher\" content=\"https:\/\/www.facebook.com\/dicodusport\" \/>\n<meta property=\"article:author\" content=\"https:\/\/www.facebook.com\/sebastien.gente\/\" \/>\n<meta property=\"article:published_time\" content=\"2022-01-15T10:31:14+00:00\" \/>\n<meta property=\"article:modified_time\" content=\"2022-01-15T12:13:30+00:00\" \/>\n<meta property=\"og:image\" content=\"https:\/\/dicodusport.fr\/blog\/wp-content\/uploads\/2022\/01\/ATP-Adelaide-2-Arthur-Rinderknech-cede-en-finale-apres-un-long-combat.png\" \/>\n\t<meta property=\"og:image:width\" content=\"800\" \/>\n\t<meta property=\"og:image:height\" content=\"445\" \/>\n\t<meta property=\"og:image:type\" content=\"image\/png\" \/>\n<meta name=\"author\" content=\"S\u00e9bastien Gente\" \/>\n<meta name=\"twitter:card\" content=\"summary_large_image\" \/>\n<meta name=\"twitter:title\" content=\"ATP Adela\u00efde 2 : Arthur Rinderknech c\u00e8de en finale apr\u00e8s un long combat\" \/>\n<meta name=\"twitter:creator\" content=\"@https:\/\/twitter.com\/globulo24\" \/>\n<meta name=\"twitter:site\" content=\"@dicodusport\" \/>\n<script type=\"application\/ld+json\" class=\"yoast-schema-graph\">{\"@context\":\"https:\/\/schema.org\",\"@graph\":[{\"@type\":\"NewsArticle\",\"@id\":\"https:\/\/dicodusport.fr\/blog\/atp-adelaide-2-arthur-rinderknech-cede-en-finale-apres-un-long-combat\/#article\",\"isPartOf\":{\"@id\":\"https:\/\/dicodusport.fr\/blog\/atp-adelaide-2-arthur-rinderknech-cede-en-finale-apres-un-long-combat\/\"},\"author\":{\"name\":\"S\u00e9bastien Gente\",\"@id\":\"https:\/\/dicodusport.fr\/blog\/#\/schema\/person\/627966a6cde45dbd8c5e36ac85d783da\"},\"headline\":\"ATP Adela\u00efde 2 : Arthur Rinderknech c\u00e8de en finale apr\u00e8s un long combat\",\"datePublished\":\"2022-01-15T10:31:14+00:00\",\"dateModified\":\"2022-01-15T12:13:30+00:00\",\"mainEntityOfPage\":{\"@id\":\"https:\/\/dicodusport.fr\/blog\/atp-adelaide-2-arthur-rinderknech-cede-en-finale-apres-un-long-combat\/\"},\"wordCount\":701,\"commentCount\":0,\"publisher\":{\"@id\":\"https:\/\/dicodusport.fr\/blog\/#organization\"},\"image\":{\"@id\":\"https:\/\/dicodusport.fr\/blog\/atp-adelaide-2-arthur-rinderknech-cede-en-finale-apres-un-long-combat\/#primaryimage\"},\"thumbnailUrl\":\"https:\/\/dicodusport.fr\/blog\/wp-content\/uploads\/2022\/01\/ATP-Adelaide-2-Arthur-Rinderknech-cede-en-finale-apres-un-long-combat.png\",\"keywords\":[\"Arthur Rinderknech\"],\"articleSection\":[\"Tennis\"],\"inLanguage\":\"fr-FR\",\"potentialAction\":[{\"@type\":\"CommentAction\",\"name\":\"Comment\",\"target\":[\"https:\/\/dicodusport.fr\/blog\/atp-adelaide-2-arthur-rinderknech-cede-en-finale-apres-un-long-combat\/#respond\"]}],\"copyrightYear\":\"2022\",\"copyrightHolder\":{\"@id\":\"https:\/\/dicodusport.fr\/blog\/#organization\"}},{\"@type\":\"WebPage\",\"@id\":\"https:\/\/dicodusport.fr\/blog\/atp-adelaide-2-arthur-rinderknech-cede-en-finale-apres-un-long-combat\/\",\"url\":\"https:\/\/dicodusport.fr\/blog\/atp-adelaide-2-arthur-rinderknech-cede-en-finale-apres-un-long-combat\/\",\"name\":\"ATP Adela\u00efde 2 : Arthur Rinderknech c\u00e8de en finale apr\u00e8s un long combat\",\"isPartOf\":{\"@id\":\"https:\/\/dicodusport.fr\/blog\/#website\"},\"primaryImageOfPage\":{\"@id\":\"https:\/\/dicodusport.fr\/blog\/atp-adelaide-2-arthur-rinderknech-cede-en-finale-apres-un-long-combat\/#primaryimage\"},\"image\":{\"@id\":\"https:\/\/dicodusport.fr\/blog\/atp-adelaide-2-arthur-rinderknech-cede-en-finale-apres-un-long-combat\/#primaryimage\"},\"thumbnailUrl\":\"https:\/\/dicodusport.fr\/blog\/wp-content\/uploads\/2022\/01\/ATP-Adelaide-2-Arthur-Rinderknech-cede-en-finale-apres-un-long-combat.png\",\"datePublished\":\"2022-01-15T10:31:14+00:00\",\"dateModified\":\"2022-01-15T12:13:30+00:00\",\"description\":\"TOURNOI ATP D'ADELA\u00cfDE - Malgr\u00e9 une belle r\u00e9sistance, Arthur Rinderknech n'a pas r\u00e9ussi \u00e0 remporter le tournoi d'Adela\u00efde.\",\"breadcrumb\":{\"@id\":\"https:\/\/dicodusport.fr\/blog\/atp-adelaide-2-arthur-rinderknech-cede-en-finale-apres-un-long-combat\/#breadcrumb\"},\"inLanguage\":\"fr-FR\",\"potentialAction\":[{\"@type\":\"ReadAction\",\"target\":[\"https:\/\/dicodusport.fr\/blog\/atp-adelaide-2-arthur-rinderknech-cede-en-finale-apres-un-long-combat\/\"]}]},{\"@type\":\"ImageObject\",\"inLanguage\":\"fr-FR\",\"@id\":\"https:\/\/dicodusport.fr\/blog\/atp-adelaide-2-arthur-rinderknech-cede-en-finale-apres-un-long-combat\/#primaryimage\",\"url\":\"https:\/\/dicodusport.fr\/blog\/wp-content\/uploads\/2022\/01\/ATP-Adelaide-2-Arthur-Rinderknech-cede-en-finale-apres-un-long-combat.png\",\"contentUrl\":\"https:\/\/dicodusport.fr\/blog\/wp-content\/uploads\/2022\/01\/ATP-Adelaide-2-Arthur-Rinderknech-cede-en-finale-apres-un-long-combat.png\",\"width\":800,\"height\":445,\"caption\":\"ATP Adela\u00efde 2 Arthur Rinderknech c\u00e8de en finale apr\u00e8s un long combat\"},{\"@type\":\"BreadcrumbList\",\"@id\":\"https:\/\/dicodusport.fr\/blog\/atp-adelaide-2-arthur-rinderknech-cede-en-finale-apres-un-long-combat\/#breadcrumb\",\"itemListElement\":[{\"@type\":\"ListItem\",\"position\":1,\"name\":\"Accueil\",\"item\":\"https:\/\/dicodusport.fr\/blog\/\"},{\"@type\":\"ListItem\",\"position\":2,\"name\":\"ATP Adela\u00efde 2 : Arthur Rinderknech c\u00e8de en finale apr\u00e8s un long combat\"}]},{\"@type\":\"WebSite\",\"@id\":\"https:\/\/dicodusport.fr\/blog\/#website\",\"url\":\"https:\/\/dicodusport.fr\/blog\/\",\"name\":\"Dicodusport\",\"description\":\"L&#039;encyclop\u00e9die de l&#039;actualit\u00e9 sportive\",\"publisher\":{\"@id\":\"https:\/\/dicodusport.fr\/blog\/#organization\"},\"potentialAction\":[{\"@type\":\"SearchAction\",\"target\":{\"@type\":\"EntryPoint\",\"urlTemplate\":\"https:\/\/dicodusport.fr\/blog\/?s={search_term_string}\"},\"query-input\":{\"@type\":\"PropertyValueSpecification\",\"valueRequired\":true,\"valueName\":\"search_term_string\"}}],\"inLanguage\":\"fr-FR\"},{\"@type\":\"NewsMediaOrganization\",\"@id\":\"https:\/\/dicodusport.fr\/blog\/#organization\",\"name\":\"Dicodusport\",\"url\":\"https:\/\/dicodusport.fr\/blog\/\",\"logo\":{\"@type\":\"ImageObject\",\"inLanguage\":\"fr-FR\",\"@id\":\"https:\/\/dicodusport.fr\/blog\/#\/schema\/logo\/image\/\",\"url\":\"https:\/\/dicodusport.fr\/blog\/wp-content\/uploads\/2020\/06\/cropped-LOGO-DICODUSPORT-2020-SANS-FOND-SANS-TEXTE.png\",\"contentUrl\":\"https:\/\/dicodusport.fr\/blog\/wp-content\/uploads\/2020\/06\/cropped-LOGO-DICODUSPORT-2020-SANS-FOND-SANS-TEXTE.png\",\"width\":512,\"height\":512,\"caption\":\"Dicodusport\"},\"image\":{\"@id\":\"https:\/\/dicodusport.fr\/blog\/#\/schema\/logo\/image\/\"},\"sameAs\":[\"https:\/\/www.facebook.com\/dicodusport\",\"https:\/\/x.com\/dicodusport\",\"https:\/\/www.instagram.com\/dicodusport\/\",\"https:\/\/www.youtube.com\/channel\/UC7V2KZ5sd3htJivAbA4ZG3w\"],\"description\":\"Dicodusport est l'encyclop\u00e9die de l'actualit\u00e9 sportive.\",\"email\":\"bonjour@dicodusport.fr\",\"legalName\":\"DICODUSPORT\",\"foundingDate\":\"2018-01-14\",\"vatID\":\"FR71834470973\",\"taxID\":\"83447097300043\",\"numberOfEmployees\":{\"@type\":\"QuantitativeValue\",\"minValue\":\"1\",\"maxValue\":\"10\"}},{\"@type\":\"Person\",\"@id\":\"https:\/\/dicodusport.fr\/blog\/#\/schema\/person\/627966a6cde45dbd8c5e36ac85d783da\",\"name\":\"S\u00e9bastien Gente\",\"image\":{\"@type\":\"ImageObject\",\"inLanguage\":\"fr-FR\",\"@id\":\"https:\/\/dicodusport.fr\/blog\/#\/schema\/person\/image\/\",\"url\":\"https:\/\/dicodusport.fr\/blog\/wp-content\/uploads\/2021\/09\/1510990_10205810251400683_4124423575079401707_n-150x150.jpg\",\"contentUrl\":\"https:\/\/dicodusport.fr\/blog\/wp-content\/uploads\/2021\/09\/1510990_10205810251400683_4124423575079401707_n-150x150.jpg\",\"caption\":\"S\u00e9bastien Gente\"},\"description\":\"John Stockton, Gianni Bugno, Zinedine Zidane, Steffi Graf, Frode Andresen, St\u00e9phane Stoecklin, Davis Kamoga, Primoz Peterka, Werner Schlager et Aur\u00e9lien Rougerie. Point commun entre ces sportifs? Ils m'ont fait r\u00eaver et ont berc\u00e9 mon adolescence. Je suis un fondu de sports et j'essaie de retranscrire ma passion \u00e0 travers mes articles. Originaire du P\u00e9rigord, ma passion pour les Girondins, les Jaunards et les Jazzmen transpire dans mes \u00e9crits. \u00c0 Dicodusport depuis 2021, je d\u00e9niche les sports m\u00e9connus dans lesquels la France brille, et il y en a !\",\"sameAs\":[\"https:\/\/www.facebook.com\/sebastien.gente\/\",\"https:\/\/www.instagram.com\/sebgente\/\",\"https:\/\/www.linkedin.com\/in\/sbastien-gente-a29583169\/\",\"https:\/\/x.com\/https:\/\/twitter.com\/globulo24\",\"SebastienGente\"],\"worksFor\":\"S\u00e9bastien GENTE\",\"url\":\"https:\/\/dicodusport.fr\/blog\/author\/sebastiengente\/\"}]}<\/script>\n<!-- \/ Yoast SEO Premium plugin. -->","yoast_head_json":{"title":"ATP Adela\u00efde 2 : Arthur Rinderknech c\u00e8de en finale apr\u00e8s un long combat","description":"TOURNOI ATP D'ADELA\u00cfDE - Malgr\u00e9 une belle r\u00e9sistance, Arthur Rinderknech n'a pas r\u00e9ussi \u00e0 remporter le tournoi d'Adela\u00efde.","robots":{"index":"index","follow":"follow","max-snippet":"max-snippet:-1","max-image-preview":"max-image-preview:large","max-video-preview":"max-video-preview:-1"},"canonical":"https:\/\/dicodusport.fr\/blog\/atp-adelaide-2-arthur-rinderknech-cede-en-finale-apres-un-long-combat\/","og_locale":"fr_FR","og_type":"article","og_title":"ATP Adela\u00efde 2 : Arthur Rinderknech c\u00e8de en finale apr\u00e8s un long combat","og_description":"TOURNOI ATP D'ADELA\u00cfDE - Malgr\u00e9 une belle r\u00e9sistance, Arthur Rinderknech n'a pas r\u00e9ussi \u00e0 remporter le tournoi d'Adela\u00efde.","og_url":"https:\/\/dicodusport.fr\/blog\/atp-adelaide-2-arthur-rinderknech-cede-en-finale-apres-un-long-combat\/","og_site_name":"Dicodusport","article_publisher":"https:\/\/www.facebook.com\/dicodusport","article_author":"https:\/\/www.facebook.com\/sebastien.gente\/","article_published_time":"2022-01-15T10:31:14+00:00","article_modified_time":"2022-01-15T12:13:30+00:00","og_image":[{"width":800,"height":445,"url":"https:\/\/dicodusport.fr\/blog\/wp-content\/uploads\/2022\/01\/ATP-Adelaide-2-Arthur-Rinderknech-cede-en-finale-apres-un-long-combat.png","type":"image\/png"}],"author":"S\u00e9bastien Gente","twitter_card":"summary_large_image","twitter_title":"ATP Adela\u00efde 2 : Arthur Rinderknech c\u00e8de en finale apr\u00e8s un long combat","twitter_creator":"@https:\/\/twitter.com\/globulo24","twitter_site":"@dicodusport","schema":{"@context":"https:\/\/schema.org","@graph":[{"@type":"NewsArticle","@id":"https:\/\/dicodusport.fr\/blog\/atp-adelaide-2-arthur-rinderknech-cede-en-finale-apres-un-long-combat\/#article","isPartOf":{"@id":"https:\/\/dicodusport.fr\/blog\/atp-adelaide-2-arthur-rinderknech-cede-en-finale-apres-un-long-combat\/"},"author":{"name":"S\u00e9bastien Gente","@id":"https:\/\/dicodusport.fr\/blog\/#\/schema\/person\/627966a6cde45dbd8c5e36ac85d783da"},"headline":"ATP Adela\u00efde 2 : Arthur Rinderknech c\u00e8de en finale apr\u00e8s un long combat","datePublished":"2022-01-15T10:31:14+00:00","dateModified":"2022-01-15T12:13:30+00:00","mainEntityOfPage":{"@id":"https:\/\/dicodusport.fr\/blog\/atp-adelaide-2-arthur-rinderknech-cede-en-finale-apres-un-long-combat\/"},"wordCount":701,"commentCount":0,"publisher":{"@id":"https:\/\/dicodusport.fr\/blog\/#organization"},"image":{"@id":"https:\/\/dicodusport.fr\/blog\/atp-adelaide-2-arthur-rinderknech-cede-en-finale-apres-un-long-combat\/#primaryimage"},"thumbnailUrl":"https:\/\/dicodusport.fr\/blog\/wp-content\/uploads\/2022\/01\/ATP-Adelaide-2-Arthur-Rinderknech-cede-en-finale-apres-un-long-combat.png","keywords":["Arthur Rinderknech"],"articleSection":["Tennis"],"inLanguage":"fr-FR","potentialAction":[{"@type":"CommentAction","name":"Comment","target":["https:\/\/dicodusport.fr\/blog\/atp-adelaide-2-arthur-rinderknech-cede-en-finale-apres-un-long-combat\/#respond"]}],"copyrightYear":"2022","copyrightHolder":{"@id":"https:\/\/dicodusport.fr\/blog\/#organization"}},{"@type":"WebPage","@id":"https:\/\/dicodusport.fr\/blog\/atp-adelaide-2-arthur-rinderknech-cede-en-finale-apres-un-long-combat\/","url":"https:\/\/dicodusport.fr\/blog\/atp-adelaide-2-arthur-rinderknech-cede-en-finale-apres-un-long-combat\/","name":"ATP Adela\u00efde 2 : Arthur Rinderknech c\u00e8de en finale apr\u00e8s un long combat","isPartOf":{"@id":"https:\/\/dicodusport.fr\/blog\/#website"},"primaryImageOfPage":{"@id":"https:\/\/dicodusport.fr\/blog\/atp-adelaide-2-arthur-rinderknech-cede-en-finale-apres-un-long-combat\/#primaryimage"},"image":{"@id":"https:\/\/dicodusport.fr\/blog\/atp-adelaide-2-arthur-rinderknech-cede-en-finale-apres-un-long-combat\/#primaryimage"},"thumbnailUrl":"https:\/\/dicodusport.fr\/blog\/wp-content\/uploads\/2022\/01\/ATP-Adelaide-2-Arthur-Rinderknech-cede-en-finale-apres-un-long-combat.png","datePublished":"2022-01-15T10:31:14+00:00","dateModified":"2022-01-15T12:13:30+00:00","description":"TOURNOI ATP D'ADELA\u00cfDE - Malgr\u00e9 une belle r\u00e9sistance, Arthur Rinderknech n'a pas r\u00e9ussi \u00e0 remporter le tournoi d'Adela\u00efde.","breadcrumb":{"@id":"https:\/\/dicodusport.fr\/blog\/atp-adelaide-2-arthur-rinderknech-cede-en-finale-apres-un-long-combat\/#breadcrumb"},"inLanguage":"fr-FR","potentialAction":[{"@type":"ReadAction","target":["https:\/\/dicodusport.fr\/blog\/atp-adelaide-2-arthur-rinderknech-cede-en-finale-apres-un-long-combat\/"]}]},{"@type":"ImageObject","inLanguage":"fr-FR","@id":"https:\/\/dicodusport.fr\/blog\/atp-adelaide-2-arthur-rinderknech-cede-en-finale-apres-un-long-combat\/#primaryimage","url":"https:\/\/dicodusport.fr\/blog\/wp-content\/uploads\/2022\/01\/ATP-Adelaide-2-Arthur-Rinderknech-cede-en-finale-apres-un-long-combat.png","contentUrl":"https:\/\/dicodusport.fr\/blog\/wp-content\/uploads\/2022\/01\/ATP-Adelaide-2-Arthur-Rinderknech-cede-en-finale-apres-un-long-combat.png","width":800,"height":445,"caption":"ATP Adela\u00efde 2 Arthur Rinderknech c\u00e8de en finale apr\u00e8s un long combat"},{"@type":"BreadcrumbList","@id":"https:\/\/dicodusport.fr\/blog\/atp-adelaide-2-arthur-rinderknech-cede-en-finale-apres-un-long-combat\/#breadcrumb","itemListElement":[{"@type":"ListItem","position":1,"name":"Accueil","item":"https:\/\/dicodusport.fr\/blog\/"},{"@type":"ListItem","position":2,"name":"ATP Adela\u00efde 2 : Arthur Rinderknech c\u00e8de en finale apr\u00e8s un long combat"}]},{"@type":"WebSite","@id":"https:\/\/dicodusport.fr\/blog\/#website","url":"https:\/\/dicodusport.fr\/blog\/","name":"Dicodusport","description":"L&#039;encyclop\u00e9die de l&#039;actualit\u00e9 sportive","publisher":{"@id":"https:\/\/dicodusport.fr\/blog\/#organization"},"potentialAction":[{"@type":"SearchAction","target":{"@type":"EntryPoint","urlTemplate":"https:\/\/dicodusport.fr\/blog\/?s={search_term_string}"},"query-input":{"@type":"PropertyValueSpecification","valueRequired":true,"valueName":"search_term_string"}}],"inLanguage":"fr-FR"},{"@type":"NewsMediaOrganization","@id":"https:\/\/dicodusport.fr\/blog\/#organization","name":"Dicodusport","url":"https:\/\/dicodusport.fr\/blog\/","logo":{"@type":"ImageObject","inLanguage":"fr-FR","@id":"https:\/\/dicodusport.fr\/blog\/#\/schema\/logo\/image\/","url":"https:\/\/dicodusport.fr\/blog\/wp-content\/uploads\/2020\/06\/cropped-LOGO-DICODUSPORT-2020-SANS-FOND-SANS-TEXTE.png","contentUrl":"https:\/\/dicodusport.fr\/blog\/wp-content\/uploads\/2020\/06\/cropped-LOGO-DICODUSPORT-2020-SANS-FOND-SANS-TEXTE.png","width":512,"height":512,"caption":"Dicodusport"},"image":{"@id":"https:\/\/dicodusport.fr\/blog\/#\/schema\/logo\/image\/"},"sameAs":["https:\/\/www.facebook.com\/dicodusport","https:\/\/x.com\/dicodusport","https:\/\/www.instagram.com\/dicodusport\/","https:\/\/www.youtube.com\/channel\/UC7V2KZ5sd3htJivAbA4ZG3w"],"description":"Dicodusport est l'encyclop\u00e9die de l'actualit\u00e9 sportive.","email":"bonjour@dicodusport.fr","legalName":"DICODUSPORT","foundingDate":"2018-01-14","vatID":"FR71834470973","taxID":"83447097300043","numberOfEmployees":{"@type":"QuantitativeValue","minValue":"1","maxValue":"10"}},{"@type":"Person","@id":"https:\/\/dicodusport.fr\/blog\/#\/schema\/person\/627966a6cde45dbd8c5e36ac85d783da","name":"S\u00e9bastien Gente","image":{"@type":"ImageObject","inLanguage":"fr-FR","@id":"https:\/\/dicodusport.fr\/blog\/#\/schema\/person\/image\/","url":"https:\/\/dicodusport.fr\/blog\/wp-content\/uploads\/2021\/09\/1510990_10205810251400683_4124423575079401707_n-150x150.jpg","contentUrl":"https:\/\/dicodusport.fr\/blog\/wp-content\/uploads\/2021\/09\/1510990_10205810251400683_4124423575079401707_n-150x150.jpg","caption":"S\u00e9bastien Gente"},"description":"John Stockton, Gianni Bugno, Zinedine Zidane, Steffi Graf, Frode Andresen, St\u00e9phane Stoecklin, Davis Kamoga, Primoz Peterka, Werner Schlager et Aur\u00e9lien Rougerie. Point commun entre ces sportifs? Ils m'ont fait r\u00eaver et ont berc\u00e9 mon adolescence. Je suis un fondu de sports et j'essaie de retranscrire ma passion \u00e0 travers mes articles. Originaire du P\u00e9rigord, ma passion pour les Girondins, les Jaunards et les Jazzmen transpire dans mes \u00e9crits. \u00c0 Dicodusport depuis 2021, je d\u00e9niche les sports m\u00e9connus dans lesquels la France brille, et il y en a !","sameAs":["https:\/\/www.facebook.com\/sebastien.gente\/","https:\/\/www.instagram.com\/sebgente\/","https:\/\/www.linkedin.com\/in\/sbastien-gente-a29583169\/","https:\/\/x.com\/https:\/\/twitter.com\/globulo24","SebastienGente"],"worksFor":"S\u00e9bastien GENTE","url":"https:\/\/dicodusport.fr\/blog\/author\/sebastiengente\/"}]}},"_links":{"self":[{"href":"https:\/\/dicodusport.fr\/blog\/wp-json\/wp\/v2\/posts\/191443","targetHints":{"allow":["GET"]}}],"collection":[{"href":"https:\/\/dicodusport.fr\/blog\/wp-json\/wp\/v2\/posts"}],"about":[{"href":"https:\/\/dicodusport.fr\/blog\/wp-json\/wp\/v2\/types\/post"}],"author":[{"embeddable":true,"href":"https:\/\/dicodusport.fr\/blog\/wp-json\/wp\/v2\/users\/59"}],"replies":[{"embeddable":true,"href":"https:\/\/dicodusport.fr\/blog\/wp-json\/wp\/v2\/comments?post=191443"}],"version-history":[{"count":0,"href":"https:\/\/dicodusport.fr\/blog\/wp-json\/wp\/v2\/posts\/191443\/revisions"}],"wp:featuredmedia":[{"embeddable":true,"href":"https:\/\/dicodusport.fr\/blog\/wp-json\/wp\/v2\/media\/191480"}],"wp:attachment":[{"href":"https:\/\/dicodusport.fr\/blog\/wp-json\/wp\/v2\/media?parent=191443"}],"wp:term":[{"taxonomy":"category","embeddable":true,"href":"https:\/\/dicodusport.fr\/blog\/wp-json\/wp\/v2\/categories?post=191443"},{"taxonomy":"post_tag","embeddable":true,"href":"https:\/\/dicodusport.fr\/blog\/wp-json\/wp\/v2\/tags?post=191443"}],"curies":[{"name":"wp","href":"https:\/\/api.w.org\/{rel}","templated":true}]}}