{"id":191459,"date":"2022-01-15T13:27:04","date_gmt":"2022-01-15T12:27:04","guid":{"rendered":"https:\/\/dicodusport.fr\/blog\/?p=191459"},"modified":"2022-01-15T14:50:08","modified_gmt":"2022-01-15T13:50:08","slug":"coupe-du-monde-de-ski-alpin-vincent-kriechmayr-gagne-la-deuxieme-descente-a-wengen","status":"publish","type":"post","link":"https:\/\/dicodusport.fr\/blog\/coupe-du-monde-de-ski-alpin-vincent-kriechmayr-gagne-la-deuxieme-descente-a-wengen\/","title":{"rendered":"Coupe du monde de ski alpin : Vincent Kriechmayr gagne la deuxi\u00e8me descente \u00e0 Wengen"},"content":{"rendered":"<p style=\"text-align: justify;\"><em><span class=\"tojvnm2t a6sixzi8 abs2jz4q a8s20v7p t1p8iaqh k5wvi7nf q3lfd5jv pk4s997a bipmatt0 cebpdrjk qowsmv63 owwhemhu dp1hu0rb dhp61c6y iyyx5f41\"><strong><b><i><a href=\"https:\/\/dicodusport.fr\/blog\/actualites\/sports-dhiver\/ski\/coupe-du-monde-ski-alpin-2021-2022\/\">COUPE DU MONDE DE SKI ALPIN 2021-2022<\/a><\/i><\/b><\/strong><\/span><span class=\"tojvnm2t a6sixzi8 abs2jz4q a8s20v7p t1p8iaqh k5wvi7nf q3lfd5jv pk4s997a bipmatt0 cebpdrjk qowsmv63 owwhemhu dp1hu0rb dhp61c6y iyyx5f41\"><strong>\u2013 Vincent Kriechmayr <\/strong><\/span><strong>a remport\u00e9 la seconde descente de Wengen (Suisse) ce samedi. Il a devanc\u00e9 Beat Feuz et Dominik Paris. L&rsquo;Autrichien a sign\u00e9 ainsi son dixi\u00e8me succ\u00e8s en carri\u00e8re et le quatri\u00e8me en descente.<br \/>\n<\/strong><\/em><\/p>\n<h2 style=\"text-align: justify;\">Une victoire avec un arri\u00e8re-gout de scandale<\/h2>\n<p style=\"text-align: justify;\">Sous le soleil des alpes bernoises, <strong>Vincent Kriechmayr<\/strong> s&rsquo;est impos\u00e9 en 2:26.09 en prenant un maximum de vitesse sur le Kernen-S tr\u00e8s lustr\u00e9 avec les trois jours de comp\u00e9tition, et en faisant tr\u00e8s peu de fautes notamment dans le S-Final. Apr\u00e8s un test positif au Covid-19, sa participation a provoqu\u00e9 l&rsquo;indignation et l&rsquo;incompr\u00e9hension de la part de nombreuses f\u00e9d\u00e9rations. Avec ce test, <strong>Kriechmayr<\/strong> devait \u00eatre totalement priv\u00e9 d\u2019entra\u00eenement et de course \u00e0 Wengen.<\/p>\n<p style=\"text-align: justify;\">Vainqueur \u00e0 trois reprises sur la plus longue piste de la saison du Lauberhorn, <strong>Beat Feuz<\/strong> a commis quelques fautes, notamment dans la portion de Super G. Le skieur Schangnau a tout de m\u00eame termin\u00e9 \u00e0 la deuxi\u00e8me place \u00e0 34 centi\u00e8mes devant une foule tr\u00e8s nombreuse.<\/p>\n<p style=\"text-align: justify;\">En difficult\u00e9 sur la premi\u00e8re moiti\u00e9, <strong>Dominik Paris<\/strong> a r\u00e9cup\u00e9r\u00e9 beaucoup de temps dans la seconde moiti\u00e9 pour compl\u00e9ter le podium \u00e0 44 centi\u00e8mes. L&rsquo;Italien s&rsquo;est empar\u00e9 du dossard rouge de la descente avec 316 points devant <strong>Kilde<\/strong> et <strong>Feuz<\/strong> avec 305 points.<\/p>\n<h2 style=\"text-align: justify;\">Marco Odermatt prend date avec le Lauberhorn<\/h2>\n<p style=\"text-align: justify;\">Tr\u00e8s juste techniquement et hyper engag\u00e9 dans le Kernen-S, <strong>Marco Odermatt<\/strong> a manqu\u00e9 le podium pour deux petits centi\u00e8mes (4e \u00e0 0.46). Le prodige suisse aurait pu jouer la victoire avec un dossard plus petit. Avec 1075 points, <strong>Odermatt<\/strong> a accentu\u00e9 son avance sur son rival <strong>Kilde<\/strong>, avec 390 points d&rsquo;avance. Parti avec le dossard 1, <strong>Matthias Mayer<\/strong> a termin\u00e9 en 5e position \u00e0 51 centi\u00e8mes devant le Slov\u00e8ne <strong>Martin Cater<\/strong> (6e \u00e0 0.66).<\/p>\n<p style=\"text-align: justify;\">Ensuite, le vainqueur sur la petite descente d&rsquo;hier <strong>Aleksander Aamodt Kilde<\/strong> a connu plus de difficult\u00e9s aujourd&rsquo;hui (7e \u00e0 0.98) malgr\u00e9 une tr\u00e8s bonne partie de glisse sur le haut. Un troisi\u00e8me suisse a brill\u00e9 sur ses terres avec le Grison de 27 ans <strong>Stefan Rogentin<\/strong> qui est entr\u00e9 dans son premier top 10 (8e \u00e0 1.36).<\/p>\n<p style=\"text-align: justify;\">Du c\u00f4t\u00e9 du clan fran\u00e7ais, <strong>Johan Clarey, Nils All\u00e9gre<\/strong> et <strong>Mathieu Bailet<\/strong> ont \u00e9t\u00e9 en difficult\u00e9 tout au long du trac\u00e9 en finissant \u00e0 2.35 (18e), \u00e0 2.81 (23e) et \u00e0 3.23 (27e). Les autres tricolores ne sont pas entr\u00e9s dans les points : <strong>Maxence Muzaton <\/strong>(35e \u00e0 4.05), <strong>Blaise Giezendanner <\/strong>(38e \u00e0 4.43) et <strong>Nicolas Raffort<\/strong> (45e \u00e0 5.18).\u00a0 Les Fran\u00e7ais ne sont pas mont\u00e9s sur le podium de la descente de Wengen depuis 1998 avec Jean-Luc Cr\u00e9tier.<\/p>\n<h2 style=\"text-align: justify;\"><strong>\u00c0 lire aussi<\/strong><\/h2>\n<ul>\n<li style=\"text-align: justify;\"><a href=\"https:\/\/dicodusport.fr\/blog\/descente-hommes-wengen-2-classement\/\"><strong>Le classement de la seconde descente hommes de Wengen<\/strong><\/a><\/li>\n<li style=\"text-align: justify;\"><a href=\"https:\/\/dicodusport.fr\/blog\/ski-alpin-coupe-du-monde-2021-2022-classement-general-hommes\/\"><strong>Le classement g\u00e9n\u00e9ral de la Coupe du monde<\/strong><\/a><\/li>\n<\/ul>\n","protected":false},"excerpt":{"rendered":"<p>COUPE DU MONDE DE SKI ALPIN 2021-2022\u2013 Vincent Kriechmayr a remport\u00e9 la seconde descente de Wengen (Suisse) ce samedi. Il a devanc\u00e9 Beat Feuz et Dominik Paris. L&rsquo;Autrichien a sign\u00e9 ainsi son dixi\u00e8me succ\u00e8s en carri\u00e8re et le quatri\u00e8me en descente.<\/p>\n","protected":false},"author":48,"featured_media":191543,"comment_status":"open","ping_status":"closed","sticky":false,"template":"","format":"standard","meta":{"_acf_changed":false,"_daextam_enable_autolinks":"","footnotes":""},"categories":[47084],"tags":[12586,21237],"class_list":["post-191459","post","type-post","status-publish","format-standard","has-post-thumbnail","hentry","category-coupe-du-monde-ski-alpin","tag-coupe-du-monde-de-ski-alpin","tag-descente-wengen"],"acf":[],"yoast_head":"<!-- This site is optimized with the Yoast SEO Premium plugin v26.7 (Yoast SEO v26.7) - https:\/\/yoast.com\/wordpress\/plugins\/seo\/ -->\n<title>Coupe du monde de ski alpin : Vincent Kriechmayr gagne la deuxi\u00e8me descente \u00e0 Wengen<\/title>\n<meta name=\"description\" content=\"COUPE DU MONDE DE SKI ALPIN 2021-2022\u2013 Vincent Kriechmayr a remport\u00e9 la seconde descente de Wengen ce samedi.\" \/>\n<meta name=\"robots\" content=\"index, follow, max-snippet:-1, max-image-preview:large, max-video-preview:-1\" \/>\n<link rel=\"canonical\" href=\"https:\/\/dicodusport.fr\/blog\/coupe-du-monde-de-ski-alpin-vincent-kriechmayr-gagne-la-deuxieme-descente-a-wengen\/\" \/>\n<meta property=\"og:locale\" content=\"fr_FR\" \/>\n<meta property=\"og:type\" content=\"article\" \/>\n<meta property=\"og:title\" content=\"Coupe du monde de ski alpin : Vincent Kriechmayr gagne la deuxi\u00e8me descente \u00e0 Wengen\" \/>\n<meta property=\"og:description\" content=\"COUPE DU MONDE DE SKI ALPIN 2021-2022\u2013 Vincent Kriechmayr a remport\u00e9 la seconde descente de Wengen ce samedi.\" \/>\n<meta property=\"og:url\" content=\"https:\/\/dicodusport.fr\/blog\/coupe-du-monde-de-ski-alpin-vincent-kriechmayr-gagne-la-deuxieme-descente-a-wengen\/\" \/>\n<meta property=\"og:site_name\" content=\"Dicodusport\" \/>\n<meta property=\"article:publisher\" content=\"https:\/\/www.facebook.com\/dicodusport\" \/>\n<meta property=\"article:author\" content=\"https:\/\/www.facebook.com\/groups\/LesRoisDuPeloton\" \/>\n<meta property=\"article:published_time\" content=\"2022-01-15T12:27:04+00:00\" \/>\n<meta property=\"article:modified_time\" content=\"2022-01-15T13:50:08+00:00\" \/>\n<meta property=\"og:image\" content=\"https:\/\/dicodusport.fr\/blog\/wp-content\/uploads\/2022\/01\/Coupe-du-monde-de-ski-alpin-Vincent-Kriechmayr-gagne-la-deuxieme-descente-a-Wengen.png\" \/>\n\t<meta property=\"og:image:width\" content=\"800\" \/>\n\t<meta property=\"og:image:height\" content=\"445\" \/>\n\t<meta property=\"og:image:type\" content=\"image\/png\" \/>\n<meta name=\"author\" content=\"Emilien Descampiaux\" \/>\n<meta name=\"twitter:card\" content=\"summary_large_image\" \/>\n<meta name=\"twitter:title\" content=\"Coupe du monde de ski alpin : Vincent Kriechmayr gagne la deuxi\u00e8me descente \u00e0 Wengen\" \/>\n<meta name=\"twitter:creator\" content=\"@https:\/\/twitter.com\/LRoisDuPeloton\" \/>\n<meta name=\"twitter:site\" content=\"@dicodusport\" \/>\n<script type=\"application\/ld+json\" class=\"yoast-schema-graph\">{\"@context\":\"https:\/\/schema.org\",\"@graph\":[{\"@type\":\"NewsArticle\",\"@id\":\"https:\/\/dicodusport.fr\/blog\/coupe-du-monde-de-ski-alpin-vincent-kriechmayr-gagne-la-deuxieme-descente-a-wengen\/#article\",\"isPartOf\":{\"@id\":\"https:\/\/dicodusport.fr\/blog\/coupe-du-monde-de-ski-alpin-vincent-kriechmayr-gagne-la-deuxieme-descente-a-wengen\/\"},\"author\":{\"name\":\"Emilien Descampiaux\",\"@id\":\"https:\/\/dicodusport.fr\/blog\/#\/schema\/person\/6db4bae06b171592211be385b32876a7\"},\"headline\":\"Coupe du monde de ski alpin : Vincent Kriechmayr gagne la deuxi\u00e8me descente \u00e0 Wengen\",\"datePublished\":\"2022-01-15T12:27:04+00:00\",\"dateModified\":\"2022-01-15T13:50:08+00:00\",\"mainEntityOfPage\":{\"@id\":\"https:\/\/dicodusport.fr\/blog\/coupe-du-monde-de-ski-alpin-vincent-kriechmayr-gagne-la-deuxieme-descente-a-wengen\/\"},\"wordCount\":470,\"commentCount\":0,\"publisher\":{\"@id\":\"https:\/\/dicodusport.fr\/blog\/#organization\"},\"image\":{\"@id\":\"https:\/\/dicodusport.fr\/blog\/coupe-du-monde-de-ski-alpin-vincent-kriechmayr-gagne-la-deuxieme-descente-a-wengen\/#primaryimage\"},\"thumbnailUrl\":\"https:\/\/dicodusport.fr\/blog\/wp-content\/uploads\/2022\/01\/Coupe-du-monde-de-ski-alpin-Vincent-Kriechmayr-gagne-la-deuxieme-descente-a-Wengen.png\",\"keywords\":[\"Coupe du monde de ski alpin\",\"Descente Wengen\"],\"articleSection\":[\"Coupe du monde de ski alpin\"],\"inLanguage\":\"fr-FR\",\"potentialAction\":[{\"@type\":\"CommentAction\",\"name\":\"Comment\",\"target\":[\"https:\/\/dicodusport.fr\/blog\/coupe-du-monde-de-ski-alpin-vincent-kriechmayr-gagne-la-deuxieme-descente-a-wengen\/#respond\"]}],\"copyrightYear\":\"2022\",\"copyrightHolder\":{\"@id\":\"https:\/\/dicodusport.fr\/blog\/#organization\"}},{\"@type\":\"WebPage\",\"@id\":\"https:\/\/dicodusport.fr\/blog\/coupe-du-monde-de-ski-alpin-vincent-kriechmayr-gagne-la-deuxieme-descente-a-wengen\/\",\"url\":\"https:\/\/dicodusport.fr\/blog\/coupe-du-monde-de-ski-alpin-vincent-kriechmayr-gagne-la-deuxieme-descente-a-wengen\/\",\"name\":\"Coupe du monde de ski alpin : Vincent Kriechmayr gagne la deuxi\u00e8me descente \u00e0 Wengen\",\"isPartOf\":{\"@id\":\"https:\/\/dicodusport.fr\/blog\/#website\"},\"primaryImageOfPage\":{\"@id\":\"https:\/\/dicodusport.fr\/blog\/coupe-du-monde-de-ski-alpin-vincent-kriechmayr-gagne-la-deuxieme-descente-a-wengen\/#primaryimage\"},\"image\":{\"@id\":\"https:\/\/dicodusport.fr\/blog\/coupe-du-monde-de-ski-alpin-vincent-kriechmayr-gagne-la-deuxieme-descente-a-wengen\/#primaryimage\"},\"thumbnailUrl\":\"https:\/\/dicodusport.fr\/blog\/wp-content\/uploads\/2022\/01\/Coupe-du-monde-de-ski-alpin-Vincent-Kriechmayr-gagne-la-deuxieme-descente-a-Wengen.png\",\"datePublished\":\"2022-01-15T12:27:04+00:00\",\"dateModified\":\"2022-01-15T13:50:08+00:00\",\"description\":\"COUPE DU MONDE DE SKI ALPIN 2021-2022\u2013 Vincent Kriechmayr a remport\u00e9 la seconde descente de Wengen ce samedi.\",\"breadcrumb\":{\"@id\":\"https:\/\/dicodusport.fr\/blog\/coupe-du-monde-de-ski-alpin-vincent-kriechmayr-gagne-la-deuxieme-descente-a-wengen\/#breadcrumb\"},\"inLanguage\":\"fr-FR\",\"potentialAction\":[{\"@type\":\"ReadAction\",\"target\":[\"https:\/\/dicodusport.fr\/blog\/coupe-du-monde-de-ski-alpin-vincent-kriechmayr-gagne-la-deuxieme-descente-a-wengen\/\"]}]},{\"@type\":\"ImageObject\",\"inLanguage\":\"fr-FR\",\"@id\":\"https:\/\/dicodusport.fr\/blog\/coupe-du-monde-de-ski-alpin-vincent-kriechmayr-gagne-la-deuxieme-descente-a-wengen\/#primaryimage\",\"url\":\"https:\/\/dicodusport.fr\/blog\/wp-content\/uploads\/2022\/01\/Coupe-du-monde-de-ski-alpin-Vincent-Kriechmayr-gagne-la-deuxieme-descente-a-Wengen.png\",\"contentUrl\":\"https:\/\/dicodusport.fr\/blog\/wp-content\/uploads\/2022\/01\/Coupe-du-monde-de-ski-alpin-Vincent-Kriechmayr-gagne-la-deuxieme-descente-a-Wengen.png\",\"width\":800,\"height\":445,\"caption\":\"Coupe du monde de ski alpin Vincent Kriechmayr gagne la deuxi\u00e8me descente \u00e0 Wengen\"},{\"@type\":\"BreadcrumbList\",\"@id\":\"https:\/\/dicodusport.fr\/blog\/coupe-du-monde-de-ski-alpin-vincent-kriechmayr-gagne-la-deuxieme-descente-a-wengen\/#breadcrumb\",\"itemListElement\":[{\"@type\":\"ListItem\",\"position\":1,\"name\":\"Accueil\",\"item\":\"https:\/\/dicodusport.fr\/blog\/\"},{\"@type\":\"ListItem\",\"position\":2,\"name\":\"Coupe du monde de ski alpin : Vincent Kriechmayr gagne la deuxi\u00e8me descente \u00e0 Wengen\"}]},{\"@type\":\"WebSite\",\"@id\":\"https:\/\/dicodusport.fr\/blog\/#website\",\"url\":\"https:\/\/dicodusport.fr\/blog\/\",\"name\":\"Dicodusport\",\"description\":\"L&#039;encyclop\u00e9die de l&#039;actualit\u00e9 sportive\",\"publisher\":{\"@id\":\"https:\/\/dicodusport.fr\/blog\/#organization\"},\"potentialAction\":[{\"@type\":\"SearchAction\",\"target\":{\"@type\":\"EntryPoint\",\"urlTemplate\":\"https:\/\/dicodusport.fr\/blog\/?s={search_term_string}\"},\"query-input\":{\"@type\":\"PropertyValueSpecification\",\"valueRequired\":true,\"valueName\":\"search_term_string\"}}],\"inLanguage\":\"fr-FR\"},{\"@type\":\"NewsMediaOrganization\",\"@id\":\"https:\/\/dicodusport.fr\/blog\/#organization\",\"name\":\"Dicodusport\",\"url\":\"https:\/\/dicodusport.fr\/blog\/\",\"logo\":{\"@type\":\"ImageObject\",\"inLanguage\":\"fr-FR\",\"@id\":\"https:\/\/dicodusport.fr\/blog\/#\/schema\/logo\/image\/\",\"url\":\"https:\/\/dicodusport.fr\/blog\/wp-content\/uploads\/2020\/06\/cropped-LOGO-DICODUSPORT-2020-SANS-FOND-SANS-TEXTE.png\",\"contentUrl\":\"https:\/\/dicodusport.fr\/blog\/wp-content\/uploads\/2020\/06\/cropped-LOGO-DICODUSPORT-2020-SANS-FOND-SANS-TEXTE.png\",\"width\":512,\"height\":512,\"caption\":\"Dicodusport\"},\"image\":{\"@id\":\"https:\/\/dicodusport.fr\/blog\/#\/schema\/logo\/image\/\"},\"sameAs\":[\"https:\/\/www.facebook.com\/dicodusport\",\"https:\/\/x.com\/dicodusport\",\"https:\/\/www.instagram.com\/dicodusport\/\",\"https:\/\/www.youtube.com\/channel\/UC7V2KZ5sd3htJivAbA4ZG3w\"],\"description\":\"Dicodusport est l'encyclop\u00e9die de l'actualit\u00e9 sportive.\",\"email\":\"bonjour@dicodusport.fr\",\"legalName\":\"DICODUSPORT\",\"foundingDate\":\"2018-01-14\",\"vatID\":\"FR71834470973\",\"taxID\":\"83447097300043\",\"numberOfEmployees\":{\"@type\":\"QuantitativeValue\",\"minValue\":\"1\",\"maxValue\":\"10\"}},{\"@type\":\"Person\",\"@id\":\"https:\/\/dicodusport.fr\/blog\/#\/schema\/person\/6db4bae06b171592211be385b32876a7\",\"name\":\"Emilien Descampiaux\",\"image\":{\"@type\":\"ImageObject\",\"inLanguage\":\"fr-FR\",\"@id\":\"https:\/\/dicodusport.fr\/blog\/#\/schema\/person\/image\/\",\"url\":\"https:\/\/dicodusport.fr\/blog\/wp-content\/uploads\/2021\/05\/Emilien-Descampiaux-150x150.jpg\",\"contentUrl\":\"https:\/\/dicodusport.fr\/blog\/wp-content\/uploads\/2021\/05\/Emilien-Descampiaux-150x150.jpg\",\"caption\":\"Emilien Descampiaux\"},\"description\":\"Journaliste\/r\u00e9dacteur depuis 2014 - Fan de la classe de Frank Vandenbroucke, je vis cyclisme (et de ses paysages) depuis plus de 20 ans. Je suis tr\u00e8s impliqu\u00e9 sur mes diff\u00e9rents r\u00e9seaux sociaux pour partager ma passion sur le monde et l'Histoire de la bicyclette avec ma voix sur les images en noir et blanc du succ\u00e8s de Rik Van Steenbergen lors du Ronde sur le V\u00e9lodrome de Gand.\",\"sameAs\":[\"https:\/\/www.facebook.com\/groups\/LesRoisDuPeloton\",\"https:\/\/x.com\/https:\/\/twitter.com\/LRoisDuPeloton\"],\"url\":\"https:\/\/dicodusport.fr\/blog\/author\/emiliend\/\"}]}<\/script>\n<!-- \/ Yoast SEO Premium plugin. -->","yoast_head_json":{"title":"Coupe du monde de ski alpin : Vincent Kriechmayr gagne la deuxi\u00e8me descente \u00e0 Wengen","description":"COUPE DU MONDE DE SKI ALPIN 2021-2022\u2013 Vincent Kriechmayr a remport\u00e9 la seconde descente de Wengen ce samedi.","robots":{"index":"index","follow":"follow","max-snippet":"max-snippet:-1","max-image-preview":"max-image-preview:large","max-video-preview":"max-video-preview:-1"},"canonical":"https:\/\/dicodusport.fr\/blog\/coupe-du-monde-de-ski-alpin-vincent-kriechmayr-gagne-la-deuxieme-descente-a-wengen\/","og_locale":"fr_FR","og_type":"article","og_title":"Coupe du monde de ski alpin : Vincent Kriechmayr gagne la deuxi\u00e8me descente \u00e0 Wengen","og_description":"COUPE DU MONDE DE SKI ALPIN 2021-2022\u2013 Vincent Kriechmayr a remport\u00e9 la seconde descente de Wengen ce samedi.","og_url":"https:\/\/dicodusport.fr\/blog\/coupe-du-monde-de-ski-alpin-vincent-kriechmayr-gagne-la-deuxieme-descente-a-wengen\/","og_site_name":"Dicodusport","article_publisher":"https:\/\/www.facebook.com\/dicodusport","article_author":"https:\/\/www.facebook.com\/groups\/LesRoisDuPeloton","article_published_time":"2022-01-15T12:27:04+00:00","article_modified_time":"2022-01-15T13:50:08+00:00","og_image":[{"width":800,"height":445,"url":"https:\/\/dicodusport.fr\/blog\/wp-content\/uploads\/2022\/01\/Coupe-du-monde-de-ski-alpin-Vincent-Kriechmayr-gagne-la-deuxieme-descente-a-Wengen.png","type":"image\/png"}],"author":"Emilien Descampiaux","twitter_card":"summary_large_image","twitter_title":"Coupe du monde de ski alpin : Vincent Kriechmayr gagne la deuxi\u00e8me descente \u00e0 Wengen","twitter_creator":"@https:\/\/twitter.com\/LRoisDuPeloton","twitter_site":"@dicodusport","schema":{"@context":"https:\/\/schema.org","@graph":[{"@type":"NewsArticle","@id":"https:\/\/dicodusport.fr\/blog\/coupe-du-monde-de-ski-alpin-vincent-kriechmayr-gagne-la-deuxieme-descente-a-wengen\/#article","isPartOf":{"@id":"https:\/\/dicodusport.fr\/blog\/coupe-du-monde-de-ski-alpin-vincent-kriechmayr-gagne-la-deuxieme-descente-a-wengen\/"},"author":{"name":"Emilien Descampiaux","@id":"https:\/\/dicodusport.fr\/blog\/#\/schema\/person\/6db4bae06b171592211be385b32876a7"},"headline":"Coupe du monde de ski alpin : Vincent Kriechmayr gagne la deuxi\u00e8me descente \u00e0 Wengen","datePublished":"2022-01-15T12:27:04+00:00","dateModified":"2022-01-15T13:50:08+00:00","mainEntityOfPage":{"@id":"https:\/\/dicodusport.fr\/blog\/coupe-du-monde-de-ski-alpin-vincent-kriechmayr-gagne-la-deuxieme-descente-a-wengen\/"},"wordCount":470,"commentCount":0,"publisher":{"@id":"https:\/\/dicodusport.fr\/blog\/#organization"},"image":{"@id":"https:\/\/dicodusport.fr\/blog\/coupe-du-monde-de-ski-alpin-vincent-kriechmayr-gagne-la-deuxieme-descente-a-wengen\/#primaryimage"},"thumbnailUrl":"https:\/\/dicodusport.fr\/blog\/wp-content\/uploads\/2022\/01\/Coupe-du-monde-de-ski-alpin-Vincent-Kriechmayr-gagne-la-deuxieme-descente-a-Wengen.png","keywords":["Coupe du monde de ski alpin","Descente Wengen"],"articleSection":["Coupe du monde de ski alpin"],"inLanguage":"fr-FR","potentialAction":[{"@type":"CommentAction","name":"Comment","target":["https:\/\/dicodusport.fr\/blog\/coupe-du-monde-de-ski-alpin-vincent-kriechmayr-gagne-la-deuxieme-descente-a-wengen\/#respond"]}],"copyrightYear":"2022","copyrightHolder":{"@id":"https:\/\/dicodusport.fr\/blog\/#organization"}},{"@type":"WebPage","@id":"https:\/\/dicodusport.fr\/blog\/coupe-du-monde-de-ski-alpin-vincent-kriechmayr-gagne-la-deuxieme-descente-a-wengen\/","url":"https:\/\/dicodusport.fr\/blog\/coupe-du-monde-de-ski-alpin-vincent-kriechmayr-gagne-la-deuxieme-descente-a-wengen\/","name":"Coupe du monde de ski alpin : Vincent Kriechmayr gagne la deuxi\u00e8me descente \u00e0 Wengen","isPartOf":{"@id":"https:\/\/dicodusport.fr\/blog\/#website"},"primaryImageOfPage":{"@id":"https:\/\/dicodusport.fr\/blog\/coupe-du-monde-de-ski-alpin-vincent-kriechmayr-gagne-la-deuxieme-descente-a-wengen\/#primaryimage"},"image":{"@id":"https:\/\/dicodusport.fr\/blog\/coupe-du-monde-de-ski-alpin-vincent-kriechmayr-gagne-la-deuxieme-descente-a-wengen\/#primaryimage"},"thumbnailUrl":"https:\/\/dicodusport.fr\/blog\/wp-content\/uploads\/2022\/01\/Coupe-du-monde-de-ski-alpin-Vincent-Kriechmayr-gagne-la-deuxieme-descente-a-Wengen.png","datePublished":"2022-01-15T12:27:04+00:00","dateModified":"2022-01-15T13:50:08+00:00","description":"COUPE DU MONDE DE SKI ALPIN 2021-2022\u2013 Vincent Kriechmayr a remport\u00e9 la seconde descente de Wengen ce samedi.","breadcrumb":{"@id":"https:\/\/dicodusport.fr\/blog\/coupe-du-monde-de-ski-alpin-vincent-kriechmayr-gagne-la-deuxieme-descente-a-wengen\/#breadcrumb"},"inLanguage":"fr-FR","potentialAction":[{"@type":"ReadAction","target":["https:\/\/dicodusport.fr\/blog\/coupe-du-monde-de-ski-alpin-vincent-kriechmayr-gagne-la-deuxieme-descente-a-wengen\/"]}]},{"@type":"ImageObject","inLanguage":"fr-FR","@id":"https:\/\/dicodusport.fr\/blog\/coupe-du-monde-de-ski-alpin-vincent-kriechmayr-gagne-la-deuxieme-descente-a-wengen\/#primaryimage","url":"https:\/\/dicodusport.fr\/blog\/wp-content\/uploads\/2022\/01\/Coupe-du-monde-de-ski-alpin-Vincent-Kriechmayr-gagne-la-deuxieme-descente-a-Wengen.png","contentUrl":"https:\/\/dicodusport.fr\/blog\/wp-content\/uploads\/2022\/01\/Coupe-du-monde-de-ski-alpin-Vincent-Kriechmayr-gagne-la-deuxieme-descente-a-Wengen.png","width":800,"height":445,"caption":"Coupe du monde de ski alpin Vincent Kriechmayr gagne la deuxi\u00e8me descente \u00e0 Wengen"},{"@type":"BreadcrumbList","@id":"https:\/\/dicodusport.fr\/blog\/coupe-du-monde-de-ski-alpin-vincent-kriechmayr-gagne-la-deuxieme-descente-a-wengen\/#breadcrumb","itemListElement":[{"@type":"ListItem","position":1,"name":"Accueil","item":"https:\/\/dicodusport.fr\/blog\/"},{"@type":"ListItem","position":2,"name":"Coupe du monde de ski alpin : Vincent Kriechmayr gagne la deuxi\u00e8me descente \u00e0 Wengen"}]},{"@type":"WebSite","@id":"https:\/\/dicodusport.fr\/blog\/#website","url":"https:\/\/dicodusport.fr\/blog\/","name":"Dicodusport","description":"L&#039;encyclop\u00e9die de l&#039;actualit\u00e9 sportive","publisher":{"@id":"https:\/\/dicodusport.fr\/blog\/#organization"},"potentialAction":[{"@type":"SearchAction","target":{"@type":"EntryPoint","urlTemplate":"https:\/\/dicodusport.fr\/blog\/?s={search_term_string}"},"query-input":{"@type":"PropertyValueSpecification","valueRequired":true,"valueName":"search_term_string"}}],"inLanguage":"fr-FR"},{"@type":"NewsMediaOrganization","@id":"https:\/\/dicodusport.fr\/blog\/#organization","name":"Dicodusport","url":"https:\/\/dicodusport.fr\/blog\/","logo":{"@type":"ImageObject","inLanguage":"fr-FR","@id":"https:\/\/dicodusport.fr\/blog\/#\/schema\/logo\/image\/","url":"https:\/\/dicodusport.fr\/blog\/wp-content\/uploads\/2020\/06\/cropped-LOGO-DICODUSPORT-2020-SANS-FOND-SANS-TEXTE.png","contentUrl":"https:\/\/dicodusport.fr\/blog\/wp-content\/uploads\/2020\/06\/cropped-LOGO-DICODUSPORT-2020-SANS-FOND-SANS-TEXTE.png","width":512,"height":512,"caption":"Dicodusport"},"image":{"@id":"https:\/\/dicodusport.fr\/blog\/#\/schema\/logo\/image\/"},"sameAs":["https:\/\/www.facebook.com\/dicodusport","https:\/\/x.com\/dicodusport","https:\/\/www.instagram.com\/dicodusport\/","https:\/\/www.youtube.com\/channel\/UC7V2KZ5sd3htJivAbA4ZG3w"],"description":"Dicodusport est l'encyclop\u00e9die de l'actualit\u00e9 sportive.","email":"bonjour@dicodusport.fr","legalName":"DICODUSPORT","foundingDate":"2018-01-14","vatID":"FR71834470973","taxID":"83447097300043","numberOfEmployees":{"@type":"QuantitativeValue","minValue":"1","maxValue":"10"}},{"@type":"Person","@id":"https:\/\/dicodusport.fr\/blog\/#\/schema\/person\/6db4bae06b171592211be385b32876a7","name":"Emilien Descampiaux","image":{"@type":"ImageObject","inLanguage":"fr-FR","@id":"https:\/\/dicodusport.fr\/blog\/#\/schema\/person\/image\/","url":"https:\/\/dicodusport.fr\/blog\/wp-content\/uploads\/2021\/05\/Emilien-Descampiaux-150x150.jpg","contentUrl":"https:\/\/dicodusport.fr\/blog\/wp-content\/uploads\/2021\/05\/Emilien-Descampiaux-150x150.jpg","caption":"Emilien Descampiaux"},"description":"Journaliste\/r\u00e9dacteur depuis 2014 - Fan de la classe de Frank Vandenbroucke, je vis cyclisme (et de ses paysages) depuis plus de 20 ans. Je suis tr\u00e8s impliqu\u00e9 sur mes diff\u00e9rents r\u00e9seaux sociaux pour partager ma passion sur le monde et l'Histoire de la bicyclette avec ma voix sur les images en noir et blanc du succ\u00e8s de Rik Van Steenbergen lors du Ronde sur le V\u00e9lodrome de Gand.","sameAs":["https:\/\/www.facebook.com\/groups\/LesRoisDuPeloton","https:\/\/x.com\/https:\/\/twitter.com\/LRoisDuPeloton"],"url":"https:\/\/dicodusport.fr\/blog\/author\/emiliend\/"}]}},"_links":{"self":[{"href":"https:\/\/dicodusport.fr\/blog\/wp-json\/wp\/v2\/posts\/191459","targetHints":{"allow":["GET"]}}],"collection":[{"href":"https:\/\/dicodusport.fr\/blog\/wp-json\/wp\/v2\/posts"}],"about":[{"href":"https:\/\/dicodusport.fr\/blog\/wp-json\/wp\/v2\/types\/post"}],"author":[{"embeddable":true,"href":"https:\/\/dicodusport.fr\/blog\/wp-json\/wp\/v2\/users\/48"}],"replies":[{"embeddable":true,"href":"https:\/\/dicodusport.fr\/blog\/wp-json\/wp\/v2\/comments?post=191459"}],"version-history":[{"count":0,"href":"https:\/\/dicodusport.fr\/blog\/wp-json\/wp\/v2\/posts\/191459\/revisions"}],"wp:featuredmedia":[{"embeddable":true,"href":"https:\/\/dicodusport.fr\/blog\/wp-json\/wp\/v2\/media\/191543"}],"wp:attachment":[{"href":"https:\/\/dicodusport.fr\/blog\/wp-json\/wp\/v2\/media?parent=191459"}],"wp:term":[{"taxonomy":"category","embeddable":true,"href":"https:\/\/dicodusport.fr\/blog\/wp-json\/wp\/v2\/categories?post=191459"},{"taxonomy":"post_tag","embeddable":true,"href":"https:\/\/dicodusport.fr\/blog\/wp-json\/wp\/v2\/tags?post=191459"}],"curies":[{"name":"wp","href":"https:\/\/api.w.org\/{rel}","templated":true}]}}