{"id":191824,"date":"2022-01-16T14:45:46","date_gmt":"2022-01-16T13:45:46","guid":{"rendered":"https:\/\/dicodusport.fr\/blog\/?p=191824&#038;preview=true&#038;preview_id=191824"},"modified":"2022-01-16T15:02:19","modified_gmt":"2022-01-16T14:02:19","slug":"coupe-du-monde-flamanville-fem-van-empel-s-impose-devant-puck-pieterse","status":"publish","type":"post","link":"https:\/\/dicodusport.fr\/blog\/coupe-du-monde-flamanville-fem-van-empel-s-impose-devant-puck-pieterse\/","title":{"rendered":"Coupe du monde de Flamanville : Fem van Empel s&rsquo;impose devant Puck Pieterse"},"content":{"rendered":"<p style=\"text-align: justify;\"><strong><em>COUPE DU MONDE DE CYCLO-CROSS \u00c0 FLAMANVILLE &#8211; D\u00e9j\u00e0 laur\u00e9ate de la Coupe du monde de Val di Sole (Italie), la N\u00e9erlandaise Fem van Empel (Pauwels Sauzen &#8211; Bingoal) s&rsquo;est impos\u00e9e \u00e0 Flamanville (France) ce dimanche. Au terme d&rsquo;un magnifique duel, elle devance sa compatriote Puck Pieterse (Alpecin-Fenix).<\/em><\/strong><\/p>\n<p style=\"text-align: justify;\">En l&rsquo;absence de <strong>Lucinda Brand<\/strong>, d\u00e9j\u00e0 assur\u00e9e du classement g\u00e9n\u00e9ral de la Coupe du monde apr\u00e8s le forfait de <strong>Denise Betsema<\/strong>, les jeunes pousses ont sorti les crocs. Et c&rsquo;est une nouvelle fois un duel entre N\u00e9erlandaises qui a eu lieu. \u00c0 l&rsquo;avant de la course d\u00e8s le premier des six tours, <strong>Fem van Empel<\/strong> et <strong>Puck Pieterse<\/strong> ne se sont pas quitt\u00e9es durant pr\u00e8s d&rsquo;une heure. Et \u00e0 la fin, <strong>van Empel<\/strong>, d\u00e9j\u00e0 victorieuse \u00e0 Val di Sole, a battu sa compatriote au sprint. La Hongroise <strong>Kata Blanka Vas<\/strong> compl\u00e8te le podium, \u00e0 23 secondes du duo batave. Premi\u00e8re Fran\u00e7aise, <strong>H\u00e9l\u00e8ne Clauzel<\/strong> se classe 6\u00e8me (+1.50).<\/p>\n<blockquote class=\"twitter-tweet\">\n<p dir=\"ltr\" lang=\"en\">What an epic battle between Van Empel and Pieterse! &#x1f929; But it\u2019s Van Empel who beats Pieterse in a sprint! Vas takes &#x1f949;. &#x1f4fa; Follow the action &#x1f449; <a href=\"https:\/\/t.co\/rokvgrxOoq\">https:\/\/t.co\/rokvgrxOoq<\/a> <a href=\"https:\/\/twitter.com\/hashtag\/CXWorldCup?src=hash&amp;ref_src=twsrc%5Etfw\">#CXWorldCup<\/a> <a href=\"https:\/\/t.co\/mRQFm6D1lM\">pic.twitter.com\/mRQFm6D1lM<\/a><\/p>\n<p>\u2014 UCI Cyclo-cross World Cup (@UCIcyclocrossWC) <a href=\"https:\/\/twitter.com\/UCIcyclocrossWC\/status\/1482710624824184837?ref_src=twsrc%5Etfw\">January 16, 2022<\/a><\/p><\/blockquote>\n<p><script async src=\"https:\/\/platform.twitter.com\/widgets.js\" charset=\"utf-8\"><\/script><\/p>\n<h2 style=\"text-align: justify;\"><strong>\u00c0 lire aussi<\/strong><\/h2>\n<ul>\n<li style=\"text-align: justify;\"><a href=\"https:\/\/dicodusport.fr\/blog\/cyclo-cross-flamanville-classement-course-femmes\/\"><strong>Le classement de la Coupe du monde \u00e0 Flamanville<\/strong><\/a><\/li>\n<li style=\"text-align: justify;\"><a href=\"https:\/\/dicodusport.fr\/blog\/coupe-du-monde-de-cyclo-cross-2021-2022-classement-general-femmes\/\"><strong>Le classement g\u00e9n\u00e9ral de la Coupe du monde de cyclo-cross<\/strong><\/a><\/li>\n<\/ul>\n","protected":false},"excerpt":{"rendered":"<p>COUPE DU MONDE DE CYCLO-CROSS \u00c0 FLAMANVILLE &#8211; D\u00e9j\u00e0 laur\u00e9ate de la Coupe du monde de Val di Sole (Italie), la N\u00e9erlandaise Fem van Empel (Pauwels Sauzen &#8211; Bingoal) s&rsquo;est impos\u00e9e \u00e0 Flamanville (France) ce dimanche. Au terme d&rsquo;un magnifique duel, elle devance sa compatriote Puck Pieterse (Alpecin-Fenix).<\/p>\n","protected":false},"author":4,"featured_media":191864,"comment_status":"open","ping_status":"closed","sticky":false,"template":"","format":"standard","meta":{"_acf_changed":false,"_daextam_enable_autolinks":"","footnotes":""},"categories":[9611],"tags":[6666,21260],"class_list":["post-191824","post","type-post","status-publish","format-standard","has-post-thumbnail","hentry","category-cyclo-cross","tag-cyclo-cross","tag-cyclo-cross-flamanville"],"acf":[],"yoast_head":"<!-- This site is optimized with the Yoast SEO Premium plugin v26.7 (Yoast SEO v26.7) - https:\/\/yoast.com\/wordpress\/plugins\/seo\/ -->\n<title>Coupe du monde de Flamanville : Fem van Empel s&#039;impose devant Puck Pieterse<\/title>\n<meta name=\"description\" content=\"COUPE DU MONDE DE CYCLO-CROSS \u00c0 FLAMANVILLE - Fem van Empel (Pauwels Sauzen - Bingoal) s&#039;est impos\u00e9e \u00e0 Flamanville (France) ce dimanche.\" \/>\n<meta name=\"robots\" content=\"index, follow, max-snippet:-1, max-image-preview:large, max-video-preview:-1\" \/>\n<link rel=\"canonical\" href=\"https:\/\/dicodusport.fr\/blog\/coupe-du-monde-flamanville-fem-van-empel-s-impose-devant-puck-pieterse\/\" \/>\n<meta property=\"og:locale\" content=\"fr_FR\" \/>\n<meta property=\"og:type\" content=\"article\" \/>\n<meta property=\"og:title\" content=\"Coupe du monde de Flamanville : Fem van Empel s&#039;impose devant Puck Pieterse\" \/>\n<meta property=\"og:description\" content=\"COUPE DU MONDE DE CYCLO-CROSS \u00c0 FLAMANVILLE - Fem van Empel (Pauwels Sauzen - Bingoal) s&#039;est impos\u00e9e \u00e0 Flamanville (France) ce dimanche.\" \/>\n<meta property=\"og:url\" content=\"https:\/\/dicodusport.fr\/blog\/coupe-du-monde-flamanville-fem-van-empel-s-impose-devant-puck-pieterse\/\" \/>\n<meta property=\"og:site_name\" content=\"Dicodusport\" \/>\n<meta property=\"article:publisher\" content=\"https:\/\/www.facebook.com\/dicodusport\" \/>\n<meta property=\"article:author\" content=\"https:\/\/www.facebook.com\/florent.ostermann\" \/>\n<meta property=\"article:published_time\" content=\"2022-01-16T13:45:46+00:00\" \/>\n<meta property=\"article:modified_time\" content=\"2022-01-16T14:02:19+00:00\" \/>\n<meta property=\"og:image\" content=\"https:\/\/dicodusport.fr\/blog\/wp-content\/uploads\/2022\/01\/Coupe-du-monde-de-Flamanville-Fem-van-Empel-simpose-devant-Puck-Pieterse-1.png\" \/>\n\t<meta property=\"og:image:width\" content=\"800\" \/>\n\t<meta property=\"og:image:height\" content=\"445\" \/>\n\t<meta property=\"og:image:type\" content=\"image\/png\" \/>\n<meta name=\"author\" content=\"Flo Ostermann\" \/>\n<meta name=\"twitter:card\" content=\"summary_large_image\" \/>\n<meta name=\"twitter:title\" content=\"Coupe du monde de Flamanville : Fem van Empel s&#039;impose devant Puck Pieterse\" \/>\n<meta name=\"twitter:creator\" content=\"@https:\/\/twitter.com\/FlOstermann\" \/>\n<meta name=\"twitter:site\" content=\"@dicodusport\" \/>\n<script type=\"application\/ld+json\" class=\"yoast-schema-graph\">{\"@context\":\"https:\/\/schema.org\",\"@graph\":[{\"@type\":\"NewsArticle\",\"@id\":\"https:\/\/dicodusport.fr\/blog\/coupe-du-monde-flamanville-fem-van-empel-s-impose-devant-puck-pieterse\/#article\",\"isPartOf\":{\"@id\":\"https:\/\/dicodusport.fr\/blog\/coupe-du-monde-flamanville-fem-van-empel-s-impose-devant-puck-pieterse\/\"},\"author\":{\"name\":\"Flo Ostermann\",\"@id\":\"https:\/\/dicodusport.fr\/blog\/#\/schema\/person\/cb02af4c173ce4a653b55e9baf388d4a\"},\"headline\":\"Coupe du monde de Flamanville : Fem van Empel s&rsquo;impose devant Puck Pieterse\",\"datePublished\":\"2022-01-16T13:45:46+00:00\",\"dateModified\":\"2022-01-16T14:02:19+00:00\",\"mainEntityOfPage\":{\"@id\":\"https:\/\/dicodusport.fr\/blog\/coupe-du-monde-flamanville-fem-van-empel-s-impose-devant-puck-pieterse\/\"},\"wordCount\":258,\"commentCount\":0,\"publisher\":{\"@id\":\"https:\/\/dicodusport.fr\/blog\/#organization\"},\"image\":{\"@id\":\"https:\/\/dicodusport.fr\/blog\/coupe-du-monde-flamanville-fem-van-empel-s-impose-devant-puck-pieterse\/#primaryimage\"},\"thumbnailUrl\":\"https:\/\/dicodusport.fr\/blog\/wp-content\/uploads\/2022\/01\/Coupe-du-monde-de-Flamanville-Fem-van-Empel-simpose-devant-Puck-Pieterse-1.png\",\"keywords\":[\"Cyclo-cross\",\"Cyclo-cross Flamanville\"],\"articleSection\":[\"Cyclo-cross\"],\"inLanguage\":\"fr-FR\",\"potentialAction\":[{\"@type\":\"CommentAction\",\"name\":\"Comment\",\"target\":[\"https:\/\/dicodusport.fr\/blog\/coupe-du-monde-flamanville-fem-van-empel-s-impose-devant-puck-pieterse\/#respond\"]}],\"copyrightYear\":\"2022\",\"copyrightHolder\":{\"@id\":\"https:\/\/dicodusport.fr\/blog\/#organization\"}},{\"@type\":\"WebPage\",\"@id\":\"https:\/\/dicodusport.fr\/blog\/coupe-du-monde-flamanville-fem-van-empel-s-impose-devant-puck-pieterse\/\",\"url\":\"https:\/\/dicodusport.fr\/blog\/coupe-du-monde-flamanville-fem-van-empel-s-impose-devant-puck-pieterse\/\",\"name\":\"Coupe du monde de Flamanville : Fem van Empel s'impose devant Puck Pieterse\",\"isPartOf\":{\"@id\":\"https:\/\/dicodusport.fr\/blog\/#website\"},\"primaryImageOfPage\":{\"@id\":\"https:\/\/dicodusport.fr\/blog\/coupe-du-monde-flamanville-fem-van-empel-s-impose-devant-puck-pieterse\/#primaryimage\"},\"image\":{\"@id\":\"https:\/\/dicodusport.fr\/blog\/coupe-du-monde-flamanville-fem-van-empel-s-impose-devant-puck-pieterse\/#primaryimage\"},\"thumbnailUrl\":\"https:\/\/dicodusport.fr\/blog\/wp-content\/uploads\/2022\/01\/Coupe-du-monde-de-Flamanville-Fem-van-Empel-simpose-devant-Puck-Pieterse-1.png\",\"datePublished\":\"2022-01-16T13:45:46+00:00\",\"dateModified\":\"2022-01-16T14:02:19+00:00\",\"description\":\"COUPE DU MONDE DE CYCLO-CROSS \u00c0 FLAMANVILLE - Fem van Empel (Pauwels Sauzen - Bingoal) s'est impos\u00e9e \u00e0 Flamanville (France) ce dimanche.\",\"breadcrumb\":{\"@id\":\"https:\/\/dicodusport.fr\/blog\/coupe-du-monde-flamanville-fem-van-empel-s-impose-devant-puck-pieterse\/#breadcrumb\"},\"inLanguage\":\"fr-FR\",\"potentialAction\":[{\"@type\":\"ReadAction\",\"target\":[\"https:\/\/dicodusport.fr\/blog\/coupe-du-monde-flamanville-fem-van-empel-s-impose-devant-puck-pieterse\/\"]}]},{\"@type\":\"ImageObject\",\"inLanguage\":\"fr-FR\",\"@id\":\"https:\/\/dicodusport.fr\/blog\/coupe-du-monde-flamanville-fem-van-empel-s-impose-devant-puck-pieterse\/#primaryimage\",\"url\":\"https:\/\/dicodusport.fr\/blog\/wp-content\/uploads\/2022\/01\/Coupe-du-monde-de-Flamanville-Fem-van-Empel-simpose-devant-Puck-Pieterse-1.png\",\"contentUrl\":\"https:\/\/dicodusport.fr\/blog\/wp-content\/uploads\/2022\/01\/Coupe-du-monde-de-Flamanville-Fem-van-Empel-simpose-devant-Puck-Pieterse-1.png\",\"width\":800,\"height\":445},{\"@type\":\"BreadcrumbList\",\"@id\":\"https:\/\/dicodusport.fr\/blog\/coupe-du-monde-flamanville-fem-van-empel-s-impose-devant-puck-pieterse\/#breadcrumb\",\"itemListElement\":[{\"@type\":\"ListItem\",\"position\":1,\"name\":\"Accueil\",\"item\":\"https:\/\/dicodusport.fr\/blog\/\"},{\"@type\":\"ListItem\",\"position\":2,\"name\":\"Coupe du monde de Flamanville : Fem van Empel s&rsquo;impose devant Puck Pieterse\"}]},{\"@type\":\"WebSite\",\"@id\":\"https:\/\/dicodusport.fr\/blog\/#website\",\"url\":\"https:\/\/dicodusport.fr\/blog\/\",\"name\":\"Dicodusport\",\"description\":\"L&#039;encyclop\u00e9die de l&#039;actualit\u00e9 sportive\",\"publisher\":{\"@id\":\"https:\/\/dicodusport.fr\/blog\/#organization\"},\"potentialAction\":[{\"@type\":\"SearchAction\",\"target\":{\"@type\":\"EntryPoint\",\"urlTemplate\":\"https:\/\/dicodusport.fr\/blog\/?s={search_term_string}\"},\"query-input\":{\"@type\":\"PropertyValueSpecification\",\"valueRequired\":true,\"valueName\":\"search_term_string\"}}],\"inLanguage\":\"fr-FR\"},{\"@type\":\"NewsMediaOrganization\",\"@id\":\"https:\/\/dicodusport.fr\/blog\/#organization\",\"name\":\"Dicodusport\",\"url\":\"https:\/\/dicodusport.fr\/blog\/\",\"logo\":{\"@type\":\"ImageObject\",\"inLanguage\":\"fr-FR\",\"@id\":\"https:\/\/dicodusport.fr\/blog\/#\/schema\/logo\/image\/\",\"url\":\"https:\/\/dicodusport.fr\/blog\/wp-content\/uploads\/2020\/06\/cropped-LOGO-DICODUSPORT-2020-SANS-FOND-SANS-TEXTE.png\",\"contentUrl\":\"https:\/\/dicodusport.fr\/blog\/wp-content\/uploads\/2020\/06\/cropped-LOGO-DICODUSPORT-2020-SANS-FOND-SANS-TEXTE.png\",\"width\":512,\"height\":512,\"caption\":\"Dicodusport\"},\"image\":{\"@id\":\"https:\/\/dicodusport.fr\/blog\/#\/schema\/logo\/image\/\"},\"sameAs\":[\"https:\/\/www.facebook.com\/dicodusport\",\"https:\/\/x.com\/dicodusport\",\"https:\/\/www.instagram.com\/dicodusport\/\",\"https:\/\/www.youtube.com\/channel\/UC7V2KZ5sd3htJivAbA4ZG3w\"],\"description\":\"Dicodusport est l'encyclop\u00e9die de l'actualit\u00e9 sportive.\",\"email\":\"bonjour@dicodusport.fr\",\"legalName\":\"DICODUSPORT\",\"foundingDate\":\"2018-01-14\",\"vatID\":\"FR71834470973\",\"taxID\":\"83447097300043\",\"numberOfEmployees\":{\"@type\":\"QuantitativeValue\",\"minValue\":\"1\",\"maxValue\":\"10\"}},{\"@type\":\"Person\",\"@id\":\"https:\/\/dicodusport.fr\/blog\/#\/schema\/person\/cb02af4c173ce4a653b55e9baf388d4a\",\"name\":\"Flo Ostermann\",\"image\":{\"@type\":\"ImageObject\",\"inLanguage\":\"fr-FR\",\"@id\":\"https:\/\/dicodusport.fr\/blog\/#\/schema\/person\/image\/\",\"url\":\"https:\/\/dicodusport.fr\/blog\/wp-content\/uploads\/2021\/05\/Flo-Ostermann-150x150.jpg\",\"contentUrl\":\"https:\/\/dicodusport.fr\/blog\/wp-content\/uploads\/2021\/05\/Flo-Ostermann-150x150.jpg\",\"caption\":\"Flo Ostermann\"},\"description\":\"Journaliste\/R\u00e9dacteur depuis septembre 2015 - Mes premiers souvenirs dans le sport ? Les envol\u00e9es du Stade Toulousain et les duels Villeneuve-Schumacher et H\u00e4kkinen-Schumacher \u00e0 la fin des ann\u00e9es 90, la Coupe du monde de football en 1998, l\u2019exploit du XV de France face aux All Blacks en 1999, mais aussi Richard C\u0153ur de Lion qui vole sur les montagnes du Tour de France. Bien parti pour devenir professeur d\u2019EPS, les \u00e9v\u00e9nements de la vie (et la flemme d\u2019animer des s\u00e9ances de 3x500 m\u00e8tres toute ma vie) m\u2019ont conduit \u00e0 revoir mes plans. Me voil\u00e0 depuis fin 2017 sur Dicodusport, m\u00e9dia gr\u00e2ce (et pour) lequel je partage ma passion : le sport dans tous ses \u00e9tats. Le tout accompagn\u00e9 par les fous furieux et folles furieuses cit\u00e9s sur cette page !\",\"sameAs\":[\"https:\/\/www.facebook.com\/florent.ostermann\",\"https:\/\/x.com\/https:\/\/twitter.com\/FlOstermann\",\"admin\"],\"url\":\"https:\/\/dicodusport.fr\/blog\/author\/flo\/\"}]}<\/script>\n<!-- \/ Yoast SEO Premium plugin. -->","yoast_head_json":{"title":"Coupe du monde de Flamanville : Fem van Empel s'impose devant Puck Pieterse","description":"COUPE DU MONDE DE CYCLO-CROSS \u00c0 FLAMANVILLE - Fem van Empel (Pauwels Sauzen - Bingoal) s'est impos\u00e9e \u00e0 Flamanville (France) ce dimanche.","robots":{"index":"index","follow":"follow","max-snippet":"max-snippet:-1","max-image-preview":"max-image-preview:large","max-video-preview":"max-video-preview:-1"},"canonical":"https:\/\/dicodusport.fr\/blog\/coupe-du-monde-flamanville-fem-van-empel-s-impose-devant-puck-pieterse\/","og_locale":"fr_FR","og_type":"article","og_title":"Coupe du monde de Flamanville : Fem van Empel s'impose devant Puck Pieterse","og_description":"COUPE DU MONDE DE CYCLO-CROSS \u00c0 FLAMANVILLE - Fem van Empel (Pauwels Sauzen - Bingoal) s'est impos\u00e9e \u00e0 Flamanville (France) ce dimanche.","og_url":"https:\/\/dicodusport.fr\/blog\/coupe-du-monde-flamanville-fem-van-empel-s-impose-devant-puck-pieterse\/","og_site_name":"Dicodusport","article_publisher":"https:\/\/www.facebook.com\/dicodusport","article_author":"https:\/\/www.facebook.com\/florent.ostermann","article_published_time":"2022-01-16T13:45:46+00:00","article_modified_time":"2022-01-16T14:02:19+00:00","og_image":[{"width":800,"height":445,"url":"https:\/\/dicodusport.fr\/blog\/wp-content\/uploads\/2022\/01\/Coupe-du-monde-de-Flamanville-Fem-van-Empel-simpose-devant-Puck-Pieterse-1.png","type":"image\/png"}],"author":"Flo Ostermann","twitter_card":"summary_large_image","twitter_title":"Coupe du monde de Flamanville : Fem van Empel s'impose devant Puck Pieterse","twitter_creator":"@https:\/\/twitter.com\/FlOstermann","twitter_site":"@dicodusport","schema":{"@context":"https:\/\/schema.org","@graph":[{"@type":"NewsArticle","@id":"https:\/\/dicodusport.fr\/blog\/coupe-du-monde-flamanville-fem-van-empel-s-impose-devant-puck-pieterse\/#article","isPartOf":{"@id":"https:\/\/dicodusport.fr\/blog\/coupe-du-monde-flamanville-fem-van-empel-s-impose-devant-puck-pieterse\/"},"author":{"name":"Flo Ostermann","@id":"https:\/\/dicodusport.fr\/blog\/#\/schema\/person\/cb02af4c173ce4a653b55e9baf388d4a"},"headline":"Coupe du monde de Flamanville : Fem van Empel s&rsquo;impose devant Puck Pieterse","datePublished":"2022-01-16T13:45:46+00:00","dateModified":"2022-01-16T14:02:19+00:00","mainEntityOfPage":{"@id":"https:\/\/dicodusport.fr\/blog\/coupe-du-monde-flamanville-fem-van-empel-s-impose-devant-puck-pieterse\/"},"wordCount":258,"commentCount":0,"publisher":{"@id":"https:\/\/dicodusport.fr\/blog\/#organization"},"image":{"@id":"https:\/\/dicodusport.fr\/blog\/coupe-du-monde-flamanville-fem-van-empel-s-impose-devant-puck-pieterse\/#primaryimage"},"thumbnailUrl":"https:\/\/dicodusport.fr\/blog\/wp-content\/uploads\/2022\/01\/Coupe-du-monde-de-Flamanville-Fem-van-Empel-simpose-devant-Puck-Pieterse-1.png","keywords":["Cyclo-cross","Cyclo-cross Flamanville"],"articleSection":["Cyclo-cross"],"inLanguage":"fr-FR","potentialAction":[{"@type":"CommentAction","name":"Comment","target":["https:\/\/dicodusport.fr\/blog\/coupe-du-monde-flamanville-fem-van-empel-s-impose-devant-puck-pieterse\/#respond"]}],"copyrightYear":"2022","copyrightHolder":{"@id":"https:\/\/dicodusport.fr\/blog\/#organization"}},{"@type":"WebPage","@id":"https:\/\/dicodusport.fr\/blog\/coupe-du-monde-flamanville-fem-van-empel-s-impose-devant-puck-pieterse\/","url":"https:\/\/dicodusport.fr\/blog\/coupe-du-monde-flamanville-fem-van-empel-s-impose-devant-puck-pieterse\/","name":"Coupe du monde de Flamanville : Fem van Empel s'impose devant Puck Pieterse","isPartOf":{"@id":"https:\/\/dicodusport.fr\/blog\/#website"},"primaryImageOfPage":{"@id":"https:\/\/dicodusport.fr\/blog\/coupe-du-monde-flamanville-fem-van-empel-s-impose-devant-puck-pieterse\/#primaryimage"},"image":{"@id":"https:\/\/dicodusport.fr\/blog\/coupe-du-monde-flamanville-fem-van-empel-s-impose-devant-puck-pieterse\/#primaryimage"},"thumbnailUrl":"https:\/\/dicodusport.fr\/blog\/wp-content\/uploads\/2022\/01\/Coupe-du-monde-de-Flamanville-Fem-van-Empel-simpose-devant-Puck-Pieterse-1.png","datePublished":"2022-01-16T13:45:46+00:00","dateModified":"2022-01-16T14:02:19+00:00","description":"COUPE DU MONDE DE CYCLO-CROSS \u00c0 FLAMANVILLE - Fem van Empel (Pauwels Sauzen - Bingoal) s'est impos\u00e9e \u00e0 Flamanville (France) ce dimanche.","breadcrumb":{"@id":"https:\/\/dicodusport.fr\/blog\/coupe-du-monde-flamanville-fem-van-empel-s-impose-devant-puck-pieterse\/#breadcrumb"},"inLanguage":"fr-FR","potentialAction":[{"@type":"ReadAction","target":["https:\/\/dicodusport.fr\/blog\/coupe-du-monde-flamanville-fem-van-empel-s-impose-devant-puck-pieterse\/"]}]},{"@type":"ImageObject","inLanguage":"fr-FR","@id":"https:\/\/dicodusport.fr\/blog\/coupe-du-monde-flamanville-fem-van-empel-s-impose-devant-puck-pieterse\/#primaryimage","url":"https:\/\/dicodusport.fr\/blog\/wp-content\/uploads\/2022\/01\/Coupe-du-monde-de-Flamanville-Fem-van-Empel-simpose-devant-Puck-Pieterse-1.png","contentUrl":"https:\/\/dicodusport.fr\/blog\/wp-content\/uploads\/2022\/01\/Coupe-du-monde-de-Flamanville-Fem-van-Empel-simpose-devant-Puck-Pieterse-1.png","width":800,"height":445},{"@type":"BreadcrumbList","@id":"https:\/\/dicodusport.fr\/blog\/coupe-du-monde-flamanville-fem-van-empel-s-impose-devant-puck-pieterse\/#breadcrumb","itemListElement":[{"@type":"ListItem","position":1,"name":"Accueil","item":"https:\/\/dicodusport.fr\/blog\/"},{"@type":"ListItem","position":2,"name":"Coupe du monde de Flamanville : Fem van Empel s&rsquo;impose devant Puck Pieterse"}]},{"@type":"WebSite","@id":"https:\/\/dicodusport.fr\/blog\/#website","url":"https:\/\/dicodusport.fr\/blog\/","name":"Dicodusport","description":"L&#039;encyclop\u00e9die de l&#039;actualit\u00e9 sportive","publisher":{"@id":"https:\/\/dicodusport.fr\/blog\/#organization"},"potentialAction":[{"@type":"SearchAction","target":{"@type":"EntryPoint","urlTemplate":"https:\/\/dicodusport.fr\/blog\/?s={search_term_string}"},"query-input":{"@type":"PropertyValueSpecification","valueRequired":true,"valueName":"search_term_string"}}],"inLanguage":"fr-FR"},{"@type":"NewsMediaOrganization","@id":"https:\/\/dicodusport.fr\/blog\/#organization","name":"Dicodusport","url":"https:\/\/dicodusport.fr\/blog\/","logo":{"@type":"ImageObject","inLanguage":"fr-FR","@id":"https:\/\/dicodusport.fr\/blog\/#\/schema\/logo\/image\/","url":"https:\/\/dicodusport.fr\/blog\/wp-content\/uploads\/2020\/06\/cropped-LOGO-DICODUSPORT-2020-SANS-FOND-SANS-TEXTE.png","contentUrl":"https:\/\/dicodusport.fr\/blog\/wp-content\/uploads\/2020\/06\/cropped-LOGO-DICODUSPORT-2020-SANS-FOND-SANS-TEXTE.png","width":512,"height":512,"caption":"Dicodusport"},"image":{"@id":"https:\/\/dicodusport.fr\/blog\/#\/schema\/logo\/image\/"},"sameAs":["https:\/\/www.facebook.com\/dicodusport","https:\/\/x.com\/dicodusport","https:\/\/www.instagram.com\/dicodusport\/","https:\/\/www.youtube.com\/channel\/UC7V2KZ5sd3htJivAbA4ZG3w"],"description":"Dicodusport est l'encyclop\u00e9die de l'actualit\u00e9 sportive.","email":"bonjour@dicodusport.fr","legalName":"DICODUSPORT","foundingDate":"2018-01-14","vatID":"FR71834470973","taxID":"83447097300043","numberOfEmployees":{"@type":"QuantitativeValue","minValue":"1","maxValue":"10"}},{"@type":"Person","@id":"https:\/\/dicodusport.fr\/blog\/#\/schema\/person\/cb02af4c173ce4a653b55e9baf388d4a","name":"Flo Ostermann","image":{"@type":"ImageObject","inLanguage":"fr-FR","@id":"https:\/\/dicodusport.fr\/blog\/#\/schema\/person\/image\/","url":"https:\/\/dicodusport.fr\/blog\/wp-content\/uploads\/2021\/05\/Flo-Ostermann-150x150.jpg","contentUrl":"https:\/\/dicodusport.fr\/blog\/wp-content\/uploads\/2021\/05\/Flo-Ostermann-150x150.jpg","caption":"Flo Ostermann"},"description":"Journaliste\/R\u00e9dacteur depuis septembre 2015 - Mes premiers souvenirs dans le sport ? Les envol\u00e9es du Stade Toulousain et les duels Villeneuve-Schumacher et H\u00e4kkinen-Schumacher \u00e0 la fin des ann\u00e9es 90, la Coupe du monde de football en 1998, l\u2019exploit du XV de France face aux All Blacks en 1999, mais aussi Richard C\u0153ur de Lion qui vole sur les montagnes du Tour de France. Bien parti pour devenir professeur d\u2019EPS, les \u00e9v\u00e9nements de la vie (et la flemme d\u2019animer des s\u00e9ances de 3x500 m\u00e8tres toute ma vie) m\u2019ont conduit \u00e0 revoir mes plans. Me voil\u00e0 depuis fin 2017 sur Dicodusport, m\u00e9dia gr\u00e2ce (et pour) lequel je partage ma passion : le sport dans tous ses \u00e9tats. Le tout accompagn\u00e9 par les fous furieux et folles furieuses cit\u00e9s sur cette page !","sameAs":["https:\/\/www.facebook.com\/florent.ostermann","https:\/\/x.com\/https:\/\/twitter.com\/FlOstermann","admin"],"url":"https:\/\/dicodusport.fr\/blog\/author\/flo\/"}]}},"_links":{"self":[{"href":"https:\/\/dicodusport.fr\/blog\/wp-json\/wp\/v2\/posts\/191824","targetHints":{"allow":["GET"]}}],"collection":[{"href":"https:\/\/dicodusport.fr\/blog\/wp-json\/wp\/v2\/posts"}],"about":[{"href":"https:\/\/dicodusport.fr\/blog\/wp-json\/wp\/v2\/types\/post"}],"author":[{"embeddable":true,"href":"https:\/\/dicodusport.fr\/blog\/wp-json\/wp\/v2\/users\/4"}],"replies":[{"embeddable":true,"href":"https:\/\/dicodusport.fr\/blog\/wp-json\/wp\/v2\/comments?post=191824"}],"version-history":[{"count":0,"href":"https:\/\/dicodusport.fr\/blog\/wp-json\/wp\/v2\/posts\/191824\/revisions"}],"wp:featuredmedia":[{"embeddable":true,"href":"https:\/\/dicodusport.fr\/blog\/wp-json\/wp\/v2\/media\/191864"}],"wp:attachment":[{"href":"https:\/\/dicodusport.fr\/blog\/wp-json\/wp\/v2\/media?parent=191824"}],"wp:term":[{"taxonomy":"category","embeddable":true,"href":"https:\/\/dicodusport.fr\/blog\/wp-json\/wp\/v2\/categories?post=191824"},{"taxonomy":"post_tag","embeddable":true,"href":"https:\/\/dicodusport.fr\/blog\/wp-json\/wp\/v2\/tags?post=191824"}],"curies":[{"name":"wp","href":"https:\/\/api.w.org\/{rel}","templated":true}]}}