{"id":192084,"date":"2022-01-17T19:03:36","date_gmt":"2022-01-17T18:03:36","guid":{"rendered":"https:\/\/dicodusport.fr\/blog\/?p=192084&#038;preview=true&#038;preview_id=192084"},"modified":"2022-01-18T17:09:16","modified_gmt":"2022-01-18T16:09:16","slug":"can-2022-le-cameroun-premier-de-son-groupe-apres-son-nul-face-au-cap-vert-le-burkina-faso-en-huitiemes","status":"publish","type":"post","link":"https:\/\/dicodusport.fr\/blog\/can-2022-le-cameroun-premier-de-son-groupe-apres-son-nul-face-au-cap-vert-le-burkina-faso-en-huitiemes\/","title":{"rendered":"CAN 2022 : Le Cameroun premier de son groupe apr\u00e8s son nul face au Cap-Vert, le Burkina Faso en huiti\u00e8mes"},"content":{"rendered":"<p style=\"text-align: justify;\"><strong><em><a href=\"https:\/\/dicodusport.fr\/blog\/can-2022-calendrier-et-resultats\/\" target=\"_blank\" rel=\"noopener\">CAN 2022<\/a> &#8211; Deux matchs nuls pour cl\u00f4turer ce groupe A entre le Cameroun et le Cap-Vert et le Burkina Faso et l&rsquo;\u00c9thiopie sur le score de 1-1.<br \/>\n<\/em><\/strong><\/p>\n<h2 style=\"text-align: justify;\">Aboubakar, serial buteur<\/h2>\n<p style=\"text-align: justify;\">Bouscul\u00e9 lors de ses pr\u00e9c\u00e9dents d\u00e9buts de rencontre, le <strong>Cameroun<\/strong> est cette fois bien rentr\u00e9 dans son match. Suite \u00e0 un corner repouss\u00e9 par la d\u00e9fense cap-verdienne, Ngadeu a tent\u00e9 sa chance, sans r\u00e9ussite. De mani\u00e8re g\u00e9n\u00e9rale, les Camerounais parvenaient \u00e0 presser haut mais les Cap-Verdiens, bien regroup\u00e9s, ont peu \u00e0 peu emp\u00each\u00e9 la mise en place des attaques camerounaises. Le rythme est alors retomb\u00e9.<\/p>\n<p style=\"text-align: justify;\">Mais d\u00e8s que le Cameroun trouve les espaces, les Cap-Verdiens sont en danger. A la 38e minute, suite au coup franc de Ngamaleu mal repouss\u00e9 par Diney Borges, l&rsquo;incontournable <strong>Vincent Aboubakar<\/strong> (5 buts) a ouvert le score en puissance pour le Cameroun. Le Cap-Vert n&rsquo;a pas chang\u00e9 son plan de jeu et a failli \u00e9galiser suite \u00e0 une sortie rat\u00e9e d&rsquo;Onana. Il s&rsquo;est ensuite rattrap\u00e9 sur le corner conc\u00e9d\u00e9. Suite \u00e0 une faute grossi\u00e8re, le Cap-Vert a obtenu un coup franc int\u00e9ressant aux abords de la surface dans le temps additionnel mais celui-ci n&rsquo;a rien donn\u00e9.<\/p>\n<p style=\"text-align: justify;\">Le Cameroun est rentr\u00e9 aux vestiaires avec cette avance d&rsquo;un but.<\/p>\n<h2 style=\"text-align: justify;\">Le Cap-Vert maintient l&rsquo;espoir<\/h2>\n<p style=\"text-align: justify;\">Rentr\u00e9 \u00e0 la mi-temps \u00e0 la place de Lisandro Semedo, <strong>Garry Rodrigues<\/strong> a \u00e9galis\u00e9 d&rsquo;une sublime <strong>Madjer<\/strong> ! Suite au ballon au-dessus de la d\u00e9fense camerounaise d&rsquo;Andrade, Rocha Santos a parfaitement remis\u00e9 sur Rodrigues qui arrivait lanc\u00e9. Avec ce point pr\u00e9cieux, le Cap-Vert se repla\u00e7ait dans le classement des meilleurs troisi\u00e8mes. 66e minute, face au but, Aboubakar a eu une grosse occasion suite \u00e0 un ballon repouss\u00e9 dans ses pieds par Vozinha mais il l&rsquo;a mise au-dessus. James-L\u00e9a Siliki entr\u00e9 \u00e0 la 62e, entr\u00e9e de Choupo-Moting et de Clinton Njie \u00e0 la 70e \u00e0 la place de Ngamaleu et d&rsquo;un Toko Ekambi d\u00e9\u00e7u, l&rsquo;objectif \u00e9tait clair pour le Cameroun : marquer \u00e0 nouveau et s&rsquo;imposer. Mais il n&rsquo;y est pas parvenu. Les Camerounais ont press\u00e9 et se sont procur\u00e9s des coups de pieds arr\u00eat\u00e9s mais ont \u00e9t\u00e9 en manque de r\u00e9ussite dans le dernier geste. Zambo Anguissa, peu en vue dans ce match s&rsquo;est charg\u00e9 d&rsquo;un coup franc au d\u00e9but du temps additionnel, repouss\u00e9, comme la reprise de Mbaizo. Les deux corners suivants n&rsquo;ont rien donn\u00e9.<\/p>\n<p>1-1 score final, le <strong>Cameroun<\/strong> assure ainsi la premi\u00e8re place du groupe mais devra travailler sur sa d\u00e9fense qui semble facilement perdue. De son c\u00f4t\u00e9, gr\u00e2ce \u00e0 ce match nul, le <strong>Cap-Vert<\/strong> conserve toutes ses chances de rallier les huiti\u00e8mes de finale. Il attend maintenant les matchs des autres groupes.<\/p>\n<blockquote class=\"twitter-tweet\">\n<p dir=\"ltr\" lang=\"fr\">Simplement AUDACIEUX <\/p>\n<p> La fabuleuse finition de Garry Rodrigues est notre <a href=\"https:\/\/twitter.com\/hashtag\/GoalOfTheDay?src=hash&amp;ref_src=twsrc%5Etfw\">#GoalOfTheDay<\/a><\/p>\n<p>    | <a href=\"https:\/\/twitter.com\/hashtag\/TotalEnergiesAFCON2021?src=hash&amp;ref_src=twsrc%5Etfw\">#TotalEnergiesAFCON2021<\/a> | <a href=\"https:\/\/twitter.com\/hashtag\/CAN2022?src=hash&amp;ref_src=twsrc%5Etfw\">#CAN2022<\/a> | <a href=\"https:\/\/twitter.com\/hashtag\/TeamCapeVerde?src=hash&amp;ref_src=twsrc%5Etfw\">#TeamCapeVerde<\/a> | <a href=\"https:\/\/twitter.com\/1xBet_Eng?ref_src=twsrc%5Etfw\">@1xbet_ENG<\/a> <a href=\"https:\/\/t.co\/kTOYEerA21\">pic.twitter.com\/kTOYEerA21<\/a><\/p>\n<p>\u2014 #TotalEnergiesAFCON2021  &#8211; FR (@caf_online_FR) <a href=\"https:\/\/twitter.com\/caf_online_FR\/status\/1483185153983881220?ref_src=twsrc%5Etfw\">January 17, 2022<\/a><\/p><\/blockquote>\n<p><script async src=\"https:\/\/platform.twitter.com\/widgets.js\" charset=\"utf-8\"><\/script><\/p>\n<h2 style=\"text-align: justify;\">Le Burkina Faso en huiti\u00e8mes<\/h2>\n<p style=\"text-align: justify;\">De son c\u00f4t\u00e9, Cyrille Bayala a ouvert le score pour le Burkina Faso face \u00e0 l&rsquo;\u00c9thiopie \u00e0 la 25e minutes sur un lob, bien servi par Adama Guira. Suite \u00e0 une main dans la surface, l&rsquo;\u00c9thiopie a obtenu un penalty, converti par la l\u00e9gende \u00e9thiopienne Getaneh Kebede. Avec ce match nul, le Burkina termine deuxi\u00e8me et l&rsquo;\u00c9thiopie obtient son premier point.<\/p>\n","protected":false},"excerpt":{"rendered":"<p>CAN 2022 &#8211; Deux matchs nuls pour cl\u00f4turer ce groupe A entre le Cameroun et le Cap-Vert et le Burkina Faso et l&rsquo;\u00c9thiopie sur le score de 1-1.<\/p>\n","protected":false},"author":12,"featured_media":192192,"comment_status":"open","ping_status":"closed","sticky":false,"template":"","format":"standard","meta":{"_acf_changed":false,"_daextam_enable_autolinks":"","footnotes":""},"categories":[2301],"tags":[7497,20394,75],"class_list":["post-192084","post","type-post","status-publish","format-standard","has-post-thumbnail","hentry","category-football","tag-burkina-faso","tag-cap-vert","tag-football"],"acf":[],"yoast_head":"<!-- This site is optimized with the Yoast SEO Premium plugin v26.7 (Yoast SEO v26.7) - https:\/\/yoast.com\/wordpress\/plugins\/seo\/ -->\n<title>CAN 2022 : Le Cameroun premier de son groupe apr\u00e8s son nul face au Cap-Vert, le Burkina Faso en huiti\u00e8mes<\/title>\n<meta name=\"description\" content=\"CAN 2022 - Deux matchs nuls pour cl\u00f4turer ce groupe A entre le Cameroun et le Cap-Vert et le Burkina Faso et l&#039;\u00c9thiopie sur le score de 1-1.\" \/>\n<meta name=\"robots\" content=\"index, follow, max-snippet:-1, max-image-preview:large, max-video-preview:-1\" \/>\n<link rel=\"canonical\" href=\"https:\/\/dicodusport.fr\/blog\/can-2022-le-cameroun-premier-de-son-groupe-apres-son-nul-face-au-cap-vert-le-burkina-faso-en-huitiemes\/\" \/>\n<meta property=\"og:locale\" content=\"fr_FR\" \/>\n<meta property=\"og:type\" content=\"article\" \/>\n<meta property=\"og:title\" content=\"CAN 2022 : Le Cameroun premier de son groupe apr\u00e8s son nul face au Cap-Vert, le Burkina Faso en huiti\u00e8mes\" \/>\n<meta property=\"og:description\" content=\"CAN 2022 - Deux matchs nuls pour cl\u00f4turer ce groupe A entre le Cameroun et le Cap-Vert et le Burkina Faso et l&#039;\u00c9thiopie sur le score de 1-1.\" \/>\n<meta property=\"og:url\" content=\"https:\/\/dicodusport.fr\/blog\/can-2022-le-cameroun-premier-de-son-groupe-apres-son-nul-face-au-cap-vert-le-burkina-faso-en-huitiemes\/\" \/>\n<meta property=\"og:site_name\" content=\"Dicodusport\" \/>\n<meta property=\"article:publisher\" content=\"https:\/\/www.facebook.com\/dicodusport\" \/>\n<meta property=\"article:published_time\" content=\"2022-01-17T18:03:36+00:00\" \/>\n<meta property=\"article:modified_time\" content=\"2022-01-18T16:09:16+00:00\" \/>\n<meta property=\"og:image\" content=\"https:\/\/dicodusport.fr\/blog\/wp-content\/uploads\/2022\/01\/CAN-2022-Le-Cameroun-termine-premier-de-son-groupe-apres-son-match-nul-face-au-Cap-Vert-le-Burkina-Faso-qualifie-en-huitiemes.jpg\" \/>\n\t<meta property=\"og:image:width\" content=\"800\" \/>\n\t<meta property=\"og:image:height\" content=\"445\" \/>\n\t<meta property=\"og:image:type\" content=\"image\/jpeg\" \/>\n<meta name=\"author\" content=\"Arlette Yeye\" \/>\n<meta name=\"twitter:card\" content=\"summary_large_image\" \/>\n<meta name=\"twitter:title\" content=\"CAN 2022 : Le Cameroun premier de son groupe apr\u00e8s son nul face au Cap-Vert, le Burkina Faso en huiti\u00e8mes\" \/>\n<meta name=\"twitter:creator\" content=\"@https:\/\/twitter.com\/Shiclette94\" \/>\n<meta name=\"twitter:site\" content=\"@dicodusport\" \/>\n<script type=\"application\/ld+json\" class=\"yoast-schema-graph\">{\"@context\":\"https:\/\/schema.org\",\"@graph\":[{\"@type\":\"NewsArticle\",\"@id\":\"https:\/\/dicodusport.fr\/blog\/can-2022-le-cameroun-premier-de-son-groupe-apres-son-nul-face-au-cap-vert-le-burkina-faso-en-huitiemes\/#article\",\"isPartOf\":{\"@id\":\"https:\/\/dicodusport.fr\/blog\/can-2022-le-cameroun-premier-de-son-groupe-apres-son-nul-face-au-cap-vert-le-burkina-faso-en-huitiemes\/\"},\"author\":{\"name\":\"Arlette Yeye\",\"@id\":\"https:\/\/dicodusport.fr\/blog\/#\/schema\/person\/cce96fa88785bd8573e3d43078ac8c79\"},\"headline\":\"CAN 2022 : Le Cameroun premier de son groupe apr\u00e8s son nul face au Cap-Vert, le Burkina Faso en huiti\u00e8mes\",\"datePublished\":\"2022-01-17T18:03:36+00:00\",\"dateModified\":\"2022-01-18T16:09:16+00:00\",\"mainEntityOfPage\":{\"@id\":\"https:\/\/dicodusport.fr\/blog\/can-2022-le-cameroun-premier-de-son-groupe-apres-son-nul-face-au-cap-vert-le-burkina-faso-en-huitiemes\/\"},\"wordCount\":584,\"commentCount\":0,\"publisher\":{\"@id\":\"https:\/\/dicodusport.fr\/blog\/#organization\"},\"image\":{\"@id\":\"https:\/\/dicodusport.fr\/blog\/can-2022-le-cameroun-premier-de-son-groupe-apres-son-nul-face-au-cap-vert-le-burkina-faso-en-huitiemes\/#primaryimage\"},\"thumbnailUrl\":\"https:\/\/dicodusport.fr\/blog\/wp-content\/uploads\/2022\/01\/CAN-2022-Le-Cameroun-termine-premier-de-son-groupe-apres-son-match-nul-face-au-Cap-Vert-le-Burkina-Faso-qualifie-en-huitiemes.jpg\",\"keywords\":[\"Burkina Faso\",\"Cap-Vert\",\"Football\"],\"articleSection\":[\"Football\"],\"inLanguage\":\"fr-FR\",\"potentialAction\":[{\"@type\":\"CommentAction\",\"name\":\"Comment\",\"target\":[\"https:\/\/dicodusport.fr\/blog\/can-2022-le-cameroun-premier-de-son-groupe-apres-son-nul-face-au-cap-vert-le-burkina-faso-en-huitiemes\/#respond\"]}],\"copyrightYear\":\"2022\",\"copyrightHolder\":{\"@id\":\"https:\/\/dicodusport.fr\/blog\/#organization\"}},{\"@type\":\"WebPage\",\"@id\":\"https:\/\/dicodusport.fr\/blog\/can-2022-le-cameroun-premier-de-son-groupe-apres-son-nul-face-au-cap-vert-le-burkina-faso-en-huitiemes\/\",\"url\":\"https:\/\/dicodusport.fr\/blog\/can-2022-le-cameroun-premier-de-son-groupe-apres-son-nul-face-au-cap-vert-le-burkina-faso-en-huitiemes\/\",\"name\":\"CAN 2022 : Le Cameroun premier de son groupe apr\u00e8s son nul face au Cap-Vert, le Burkina Faso en huiti\u00e8mes\",\"isPartOf\":{\"@id\":\"https:\/\/dicodusport.fr\/blog\/#website\"},\"primaryImageOfPage\":{\"@id\":\"https:\/\/dicodusport.fr\/blog\/can-2022-le-cameroun-premier-de-son-groupe-apres-son-nul-face-au-cap-vert-le-burkina-faso-en-huitiemes\/#primaryimage\"},\"image\":{\"@id\":\"https:\/\/dicodusport.fr\/blog\/can-2022-le-cameroun-premier-de-son-groupe-apres-son-nul-face-au-cap-vert-le-burkina-faso-en-huitiemes\/#primaryimage\"},\"thumbnailUrl\":\"https:\/\/dicodusport.fr\/blog\/wp-content\/uploads\/2022\/01\/CAN-2022-Le-Cameroun-termine-premier-de-son-groupe-apres-son-match-nul-face-au-Cap-Vert-le-Burkina-Faso-qualifie-en-huitiemes.jpg\",\"datePublished\":\"2022-01-17T18:03:36+00:00\",\"dateModified\":\"2022-01-18T16:09:16+00:00\",\"description\":\"CAN 2022 - Deux matchs nuls pour cl\u00f4turer ce groupe A entre le Cameroun et le Cap-Vert et le Burkina Faso et l'\u00c9thiopie sur le score de 1-1.\",\"breadcrumb\":{\"@id\":\"https:\/\/dicodusport.fr\/blog\/can-2022-le-cameroun-premier-de-son-groupe-apres-son-nul-face-au-cap-vert-le-burkina-faso-en-huitiemes\/#breadcrumb\"},\"inLanguage\":\"fr-FR\",\"potentialAction\":[{\"@type\":\"ReadAction\",\"target\":[\"https:\/\/dicodusport.fr\/blog\/can-2022-le-cameroun-premier-de-son-groupe-apres-son-nul-face-au-cap-vert-le-burkina-faso-en-huitiemes\/\"]}]},{\"@type\":\"ImageObject\",\"inLanguage\":\"fr-FR\",\"@id\":\"https:\/\/dicodusport.fr\/blog\/can-2022-le-cameroun-premier-de-son-groupe-apres-son-nul-face-au-cap-vert-le-burkina-faso-en-huitiemes\/#primaryimage\",\"url\":\"https:\/\/dicodusport.fr\/blog\/wp-content\/uploads\/2022\/01\/CAN-2022-Le-Cameroun-termine-premier-de-son-groupe-apres-son-match-nul-face-au-Cap-Vert-le-Burkina-Faso-qualifie-en-huitiemes.jpg\",\"contentUrl\":\"https:\/\/dicodusport.fr\/blog\/wp-content\/uploads\/2022\/01\/CAN-2022-Le-Cameroun-termine-premier-de-son-groupe-apres-son-match-nul-face-au-Cap-Vert-le-Burkina-Faso-qualifie-en-huitiemes.jpg\",\"width\":800,\"height\":445,\"caption\":\"CAN 2022 Le Cameroun termine premier de son groupe apr\u00e8s son match nul face au Cap-Vert, le Burkina Faso qualifi\u00e9 en huiti\u00e8mes\"},{\"@type\":\"BreadcrumbList\",\"@id\":\"https:\/\/dicodusport.fr\/blog\/can-2022-le-cameroun-premier-de-son-groupe-apres-son-nul-face-au-cap-vert-le-burkina-faso-en-huitiemes\/#breadcrumb\",\"itemListElement\":[{\"@type\":\"ListItem\",\"position\":1,\"name\":\"Accueil\",\"item\":\"https:\/\/dicodusport.fr\/blog\/\"},{\"@type\":\"ListItem\",\"position\":2,\"name\":\"CAN 2022 : Le Cameroun premier de son groupe apr\u00e8s son nul face au Cap-Vert, le Burkina Faso en huiti\u00e8mes\"}]},{\"@type\":\"WebSite\",\"@id\":\"https:\/\/dicodusport.fr\/blog\/#website\",\"url\":\"https:\/\/dicodusport.fr\/blog\/\",\"name\":\"Dicodusport\",\"description\":\"L&#039;encyclop\u00e9die de l&#039;actualit\u00e9 sportive\",\"publisher\":{\"@id\":\"https:\/\/dicodusport.fr\/blog\/#organization\"},\"potentialAction\":[{\"@type\":\"SearchAction\",\"target\":{\"@type\":\"EntryPoint\",\"urlTemplate\":\"https:\/\/dicodusport.fr\/blog\/?s={search_term_string}\"},\"query-input\":{\"@type\":\"PropertyValueSpecification\",\"valueRequired\":true,\"valueName\":\"search_term_string\"}}],\"inLanguage\":\"fr-FR\"},{\"@type\":\"NewsMediaOrganization\",\"@id\":\"https:\/\/dicodusport.fr\/blog\/#organization\",\"name\":\"Dicodusport\",\"url\":\"https:\/\/dicodusport.fr\/blog\/\",\"logo\":{\"@type\":\"ImageObject\",\"inLanguage\":\"fr-FR\",\"@id\":\"https:\/\/dicodusport.fr\/blog\/#\/schema\/logo\/image\/\",\"url\":\"https:\/\/dicodusport.fr\/blog\/wp-content\/uploads\/2020\/06\/cropped-LOGO-DICODUSPORT-2020-SANS-FOND-SANS-TEXTE.png\",\"contentUrl\":\"https:\/\/dicodusport.fr\/blog\/wp-content\/uploads\/2020\/06\/cropped-LOGO-DICODUSPORT-2020-SANS-FOND-SANS-TEXTE.png\",\"width\":512,\"height\":512,\"caption\":\"Dicodusport\"},\"image\":{\"@id\":\"https:\/\/dicodusport.fr\/blog\/#\/schema\/logo\/image\/\"},\"sameAs\":[\"https:\/\/www.facebook.com\/dicodusport\",\"https:\/\/x.com\/dicodusport\",\"https:\/\/www.instagram.com\/dicodusport\/\",\"https:\/\/www.youtube.com\/channel\/UC7V2KZ5sd3htJivAbA4ZG3w\"],\"description\":\"Dicodusport est l'encyclop\u00e9die de l'actualit\u00e9 sportive.\",\"email\":\"bonjour@dicodusport.fr\",\"legalName\":\"DICODUSPORT\",\"foundingDate\":\"2018-01-14\",\"vatID\":\"FR71834470973\",\"taxID\":\"83447097300043\",\"numberOfEmployees\":{\"@type\":\"QuantitativeValue\",\"minValue\":\"1\",\"maxValue\":\"10\"}},{\"@type\":\"Person\",\"@id\":\"https:\/\/dicodusport.fr\/blog\/#\/schema\/person\/cce96fa88785bd8573e3d43078ac8c79\",\"name\":\"Arlette Yeye\",\"image\":{\"@type\":\"ImageObject\",\"inLanguage\":\"fr-FR\",\"@id\":\"https:\/\/dicodusport.fr\/blog\/#\/schema\/person\/image\/\",\"url\":\"https:\/\/secure.gravatar.com\/avatar\/dca4a6239e6d708e46c45d60e160de6c?s=96&d=wp_user_avatar&r=g\",\"contentUrl\":\"https:\/\/secure.gravatar.com\/avatar\/dca4a6239e6d708e46c45d60e160de6c?s=96&d=wp_user_avatar&r=g\",\"caption\":\"Arlette Yeye\"},\"description\":\"Journaliste\/r\u00e9dactrice depuis septembre 2015 - Supportrice de Chelsea, j'ai pour sports de pr\u00e9dilection le handball, l'athl\u00e9tisme et le tennis. Si je tweete plus vite que mon ombre, vous pouvez aussi me retrouver les week-ends sur les playgrounds de Bruxelles pour un petit foot ou basket entre potes. Parcourir la France, l'Europe et plus si affinit\u00e9s pour suivre mes sportifs pr\u00e9f\u00e9r\u00e9s ? Mon kif ! Et c'est avec plaisir que je partage les r\u00e9sultats des sports populaires mais \u00e9galement plus confidentiels pour Dicodusport.\",\"sameAs\":[\"https:\/\/x.com\/https:\/\/twitter.com\/Shiclette94\"],\"url\":\"https:\/\/dicodusport.fr\/blog\/author\/arlette\/\"}]}<\/script>\n<!-- \/ Yoast SEO Premium plugin. -->","yoast_head_json":{"title":"CAN 2022 : Le Cameroun premier de son groupe apr\u00e8s son nul face au Cap-Vert, le Burkina Faso en huiti\u00e8mes","description":"CAN 2022 - Deux matchs nuls pour cl\u00f4turer ce groupe A entre le Cameroun et le Cap-Vert et le Burkina Faso et l'\u00c9thiopie sur le score de 1-1.","robots":{"index":"index","follow":"follow","max-snippet":"max-snippet:-1","max-image-preview":"max-image-preview:large","max-video-preview":"max-video-preview:-1"},"canonical":"https:\/\/dicodusport.fr\/blog\/can-2022-le-cameroun-premier-de-son-groupe-apres-son-nul-face-au-cap-vert-le-burkina-faso-en-huitiemes\/","og_locale":"fr_FR","og_type":"article","og_title":"CAN 2022 : Le Cameroun premier de son groupe apr\u00e8s son nul face au Cap-Vert, le Burkina Faso en huiti\u00e8mes","og_description":"CAN 2022 - Deux matchs nuls pour cl\u00f4turer ce groupe A entre le Cameroun et le Cap-Vert et le Burkina Faso et l'\u00c9thiopie sur le score de 1-1.","og_url":"https:\/\/dicodusport.fr\/blog\/can-2022-le-cameroun-premier-de-son-groupe-apres-son-nul-face-au-cap-vert-le-burkina-faso-en-huitiemes\/","og_site_name":"Dicodusport","article_publisher":"https:\/\/www.facebook.com\/dicodusport","article_published_time":"2022-01-17T18:03:36+00:00","article_modified_time":"2022-01-18T16:09:16+00:00","og_image":[{"width":800,"height":445,"url":"https:\/\/dicodusport.fr\/blog\/wp-content\/uploads\/2022\/01\/CAN-2022-Le-Cameroun-termine-premier-de-son-groupe-apres-son-match-nul-face-au-Cap-Vert-le-Burkina-Faso-qualifie-en-huitiemes.jpg","type":"image\/jpeg"}],"author":"Arlette Yeye","twitter_card":"summary_large_image","twitter_title":"CAN 2022 : Le Cameroun premier de son groupe apr\u00e8s son nul face au Cap-Vert, le Burkina Faso en huiti\u00e8mes","twitter_creator":"@https:\/\/twitter.com\/Shiclette94","twitter_site":"@dicodusport","schema":{"@context":"https:\/\/schema.org","@graph":[{"@type":"NewsArticle","@id":"https:\/\/dicodusport.fr\/blog\/can-2022-le-cameroun-premier-de-son-groupe-apres-son-nul-face-au-cap-vert-le-burkina-faso-en-huitiemes\/#article","isPartOf":{"@id":"https:\/\/dicodusport.fr\/blog\/can-2022-le-cameroun-premier-de-son-groupe-apres-son-nul-face-au-cap-vert-le-burkina-faso-en-huitiemes\/"},"author":{"name":"Arlette Yeye","@id":"https:\/\/dicodusport.fr\/blog\/#\/schema\/person\/cce96fa88785bd8573e3d43078ac8c79"},"headline":"CAN 2022 : Le Cameroun premier de son groupe apr\u00e8s son nul face au Cap-Vert, le Burkina Faso en huiti\u00e8mes","datePublished":"2022-01-17T18:03:36+00:00","dateModified":"2022-01-18T16:09:16+00:00","mainEntityOfPage":{"@id":"https:\/\/dicodusport.fr\/blog\/can-2022-le-cameroun-premier-de-son-groupe-apres-son-nul-face-au-cap-vert-le-burkina-faso-en-huitiemes\/"},"wordCount":584,"commentCount":0,"publisher":{"@id":"https:\/\/dicodusport.fr\/blog\/#organization"},"image":{"@id":"https:\/\/dicodusport.fr\/blog\/can-2022-le-cameroun-premier-de-son-groupe-apres-son-nul-face-au-cap-vert-le-burkina-faso-en-huitiemes\/#primaryimage"},"thumbnailUrl":"https:\/\/dicodusport.fr\/blog\/wp-content\/uploads\/2022\/01\/CAN-2022-Le-Cameroun-termine-premier-de-son-groupe-apres-son-match-nul-face-au-Cap-Vert-le-Burkina-Faso-qualifie-en-huitiemes.jpg","keywords":["Burkina Faso","Cap-Vert","Football"],"articleSection":["Football"],"inLanguage":"fr-FR","potentialAction":[{"@type":"CommentAction","name":"Comment","target":["https:\/\/dicodusport.fr\/blog\/can-2022-le-cameroun-premier-de-son-groupe-apres-son-nul-face-au-cap-vert-le-burkina-faso-en-huitiemes\/#respond"]}],"copyrightYear":"2022","copyrightHolder":{"@id":"https:\/\/dicodusport.fr\/blog\/#organization"}},{"@type":"WebPage","@id":"https:\/\/dicodusport.fr\/blog\/can-2022-le-cameroun-premier-de-son-groupe-apres-son-nul-face-au-cap-vert-le-burkina-faso-en-huitiemes\/","url":"https:\/\/dicodusport.fr\/blog\/can-2022-le-cameroun-premier-de-son-groupe-apres-son-nul-face-au-cap-vert-le-burkina-faso-en-huitiemes\/","name":"CAN 2022 : Le Cameroun premier de son groupe apr\u00e8s son nul face au Cap-Vert, le Burkina Faso en huiti\u00e8mes","isPartOf":{"@id":"https:\/\/dicodusport.fr\/blog\/#website"},"primaryImageOfPage":{"@id":"https:\/\/dicodusport.fr\/blog\/can-2022-le-cameroun-premier-de-son-groupe-apres-son-nul-face-au-cap-vert-le-burkina-faso-en-huitiemes\/#primaryimage"},"image":{"@id":"https:\/\/dicodusport.fr\/blog\/can-2022-le-cameroun-premier-de-son-groupe-apres-son-nul-face-au-cap-vert-le-burkina-faso-en-huitiemes\/#primaryimage"},"thumbnailUrl":"https:\/\/dicodusport.fr\/blog\/wp-content\/uploads\/2022\/01\/CAN-2022-Le-Cameroun-termine-premier-de-son-groupe-apres-son-match-nul-face-au-Cap-Vert-le-Burkina-Faso-qualifie-en-huitiemes.jpg","datePublished":"2022-01-17T18:03:36+00:00","dateModified":"2022-01-18T16:09:16+00:00","description":"CAN 2022 - Deux matchs nuls pour cl\u00f4turer ce groupe A entre le Cameroun et le Cap-Vert et le Burkina Faso et l'\u00c9thiopie sur le score de 1-1.","breadcrumb":{"@id":"https:\/\/dicodusport.fr\/blog\/can-2022-le-cameroun-premier-de-son-groupe-apres-son-nul-face-au-cap-vert-le-burkina-faso-en-huitiemes\/#breadcrumb"},"inLanguage":"fr-FR","potentialAction":[{"@type":"ReadAction","target":["https:\/\/dicodusport.fr\/blog\/can-2022-le-cameroun-premier-de-son-groupe-apres-son-nul-face-au-cap-vert-le-burkina-faso-en-huitiemes\/"]}]},{"@type":"ImageObject","inLanguage":"fr-FR","@id":"https:\/\/dicodusport.fr\/blog\/can-2022-le-cameroun-premier-de-son-groupe-apres-son-nul-face-au-cap-vert-le-burkina-faso-en-huitiemes\/#primaryimage","url":"https:\/\/dicodusport.fr\/blog\/wp-content\/uploads\/2022\/01\/CAN-2022-Le-Cameroun-termine-premier-de-son-groupe-apres-son-match-nul-face-au-Cap-Vert-le-Burkina-Faso-qualifie-en-huitiemes.jpg","contentUrl":"https:\/\/dicodusport.fr\/blog\/wp-content\/uploads\/2022\/01\/CAN-2022-Le-Cameroun-termine-premier-de-son-groupe-apres-son-match-nul-face-au-Cap-Vert-le-Burkina-Faso-qualifie-en-huitiemes.jpg","width":800,"height":445,"caption":"CAN 2022 Le Cameroun termine premier de son groupe apr\u00e8s son match nul face au Cap-Vert, le Burkina Faso qualifi\u00e9 en huiti\u00e8mes"},{"@type":"BreadcrumbList","@id":"https:\/\/dicodusport.fr\/blog\/can-2022-le-cameroun-premier-de-son-groupe-apres-son-nul-face-au-cap-vert-le-burkina-faso-en-huitiemes\/#breadcrumb","itemListElement":[{"@type":"ListItem","position":1,"name":"Accueil","item":"https:\/\/dicodusport.fr\/blog\/"},{"@type":"ListItem","position":2,"name":"CAN 2022 : Le Cameroun premier de son groupe apr\u00e8s son nul face au Cap-Vert, le Burkina Faso en huiti\u00e8mes"}]},{"@type":"WebSite","@id":"https:\/\/dicodusport.fr\/blog\/#website","url":"https:\/\/dicodusport.fr\/blog\/","name":"Dicodusport","description":"L&#039;encyclop\u00e9die de l&#039;actualit\u00e9 sportive","publisher":{"@id":"https:\/\/dicodusport.fr\/blog\/#organization"},"potentialAction":[{"@type":"SearchAction","target":{"@type":"EntryPoint","urlTemplate":"https:\/\/dicodusport.fr\/blog\/?s={search_term_string}"},"query-input":{"@type":"PropertyValueSpecification","valueRequired":true,"valueName":"search_term_string"}}],"inLanguage":"fr-FR"},{"@type":"NewsMediaOrganization","@id":"https:\/\/dicodusport.fr\/blog\/#organization","name":"Dicodusport","url":"https:\/\/dicodusport.fr\/blog\/","logo":{"@type":"ImageObject","inLanguage":"fr-FR","@id":"https:\/\/dicodusport.fr\/blog\/#\/schema\/logo\/image\/","url":"https:\/\/dicodusport.fr\/blog\/wp-content\/uploads\/2020\/06\/cropped-LOGO-DICODUSPORT-2020-SANS-FOND-SANS-TEXTE.png","contentUrl":"https:\/\/dicodusport.fr\/blog\/wp-content\/uploads\/2020\/06\/cropped-LOGO-DICODUSPORT-2020-SANS-FOND-SANS-TEXTE.png","width":512,"height":512,"caption":"Dicodusport"},"image":{"@id":"https:\/\/dicodusport.fr\/blog\/#\/schema\/logo\/image\/"},"sameAs":["https:\/\/www.facebook.com\/dicodusport","https:\/\/x.com\/dicodusport","https:\/\/www.instagram.com\/dicodusport\/","https:\/\/www.youtube.com\/channel\/UC7V2KZ5sd3htJivAbA4ZG3w"],"description":"Dicodusport est l'encyclop\u00e9die de l'actualit\u00e9 sportive.","email":"bonjour@dicodusport.fr","legalName":"DICODUSPORT","foundingDate":"2018-01-14","vatID":"FR71834470973","taxID":"83447097300043","numberOfEmployees":{"@type":"QuantitativeValue","minValue":"1","maxValue":"10"}},{"@type":"Person","@id":"https:\/\/dicodusport.fr\/blog\/#\/schema\/person\/cce96fa88785bd8573e3d43078ac8c79","name":"Arlette Yeye","image":{"@type":"ImageObject","inLanguage":"fr-FR","@id":"https:\/\/dicodusport.fr\/blog\/#\/schema\/person\/image\/","url":"https:\/\/secure.gravatar.com\/avatar\/dca4a6239e6d708e46c45d60e160de6c?s=96&d=wp_user_avatar&r=g","contentUrl":"https:\/\/secure.gravatar.com\/avatar\/dca4a6239e6d708e46c45d60e160de6c?s=96&d=wp_user_avatar&r=g","caption":"Arlette Yeye"},"description":"Journaliste\/r\u00e9dactrice depuis septembre 2015 - Supportrice de Chelsea, j'ai pour sports de pr\u00e9dilection le handball, l'athl\u00e9tisme et le tennis. Si je tweete plus vite que mon ombre, vous pouvez aussi me retrouver les week-ends sur les playgrounds de Bruxelles pour un petit foot ou basket entre potes. Parcourir la France, l'Europe et plus si affinit\u00e9s pour suivre mes sportifs pr\u00e9f\u00e9r\u00e9s ? Mon kif ! Et c'est avec plaisir que je partage les r\u00e9sultats des sports populaires mais \u00e9galement plus confidentiels pour Dicodusport.","sameAs":["https:\/\/x.com\/https:\/\/twitter.com\/Shiclette94"],"url":"https:\/\/dicodusport.fr\/blog\/author\/arlette\/"}]}},"_links":{"self":[{"href":"https:\/\/dicodusport.fr\/blog\/wp-json\/wp\/v2\/posts\/192084","targetHints":{"allow":["GET"]}}],"collection":[{"href":"https:\/\/dicodusport.fr\/blog\/wp-json\/wp\/v2\/posts"}],"about":[{"href":"https:\/\/dicodusport.fr\/blog\/wp-json\/wp\/v2\/types\/post"}],"author":[{"embeddable":true,"href":"https:\/\/dicodusport.fr\/blog\/wp-json\/wp\/v2\/users\/12"}],"replies":[{"embeddable":true,"href":"https:\/\/dicodusport.fr\/blog\/wp-json\/wp\/v2\/comments?post=192084"}],"version-history":[{"count":0,"href":"https:\/\/dicodusport.fr\/blog\/wp-json\/wp\/v2\/posts\/192084\/revisions"}],"wp:featuredmedia":[{"embeddable":true,"href":"https:\/\/dicodusport.fr\/blog\/wp-json\/wp\/v2\/media\/192192"}],"wp:attachment":[{"href":"https:\/\/dicodusport.fr\/blog\/wp-json\/wp\/v2\/media?parent=192084"}],"wp:term":[{"taxonomy":"category","embeddable":true,"href":"https:\/\/dicodusport.fr\/blog\/wp-json\/wp\/v2\/categories?post=192084"},{"taxonomy":"post_tag","embeddable":true,"href":"https:\/\/dicodusport.fr\/blog\/wp-json\/wp\/v2\/tags?post=192084"}],"curies":[{"name":"wp","href":"https:\/\/api.w.org\/{rel}","templated":true}]}}