{"id":192291,"date":"2022-01-23T13:34:44","date_gmt":"2022-01-23T12:34:44","guid":{"rendered":"https:\/\/dicodusport.fr\/blog\/?p=192291&#038;preview=true&#038;preview_id=192291"},"modified":"2022-01-23T14:01:22","modified_gmt":"2022-01-23T13:01:22","slug":"wrc-rallye-monte-carlo-2022-programme-et-resultats-complets","status":"publish","type":"post","link":"https:\/\/dicodusport.fr\/blog\/wrc-rallye-monte-carlo-2022-programme-et-resultats-complets\/","title":{"rendered":"WRC Rallye Monte-Carlo 2022 &#8211; Programme et r\u00e9sultats complets"},"content":{"rendered":"<p style=\"text-align: justify;\"><strong><em>WRC 2022 &#8211; Retrouvez le programme complet des sp\u00e9ciales et les r\u00e9sultats de la 1\u00e8re manche du championnat du monde des rallyes 2022, qui se d\u00e9roule \u00e0 Monte-Carlo du 20 au 23 janvier.<\/em><\/strong><\/p>\n<p style=\"text-align: justify;\">La 90\u00e8me \u00e9dition du Rallye de Monte-Carlo d\u00e9bute ce jeudi. Vainqueur sortant et champion du monde en titre, <strong>S\u00e9bastien Ogier<\/strong> (Toyota) tentera d&rsquo;accrocher un 9\u00e8me succ\u00e8s sur le Monte-Carlo, cette fois avec un nouveau co-pilote, <strong>Benjamin Veillas<\/strong>. De son c\u00f4t\u00e9, <strong>S\u00e9bastien Loeb<\/strong> (M-Sport Ford), aux c\u00f4t\u00e9s lui aussi d&rsquo;un(e) nouveau co-pilote, <strong>Isabelle Galmiche<\/strong>, voudra prendre un max de plaisir, pour, pourquoi pas, cr\u00e9er la surprise et glaner une 8\u00e8me victoire sur le rallye le plus mythique.<\/p>\n<p style=\"text-align: justify;\"><strong>Les sp\u00e9ciales sont retransmises en direct sur Canal+ D\u00e9cal\u00e9.<\/strong><\/p>\n<h2 style=\"text-align: justify;\"><strong>Rallye WRC Monte-Carlo : Le programme complet\u00a0<\/strong><\/h2>\n<table style=\"width: 800px; border-collapse: collapse;\">\n<tbody>\n<tr>\n<td style=\"background-color: #fc4c02; width: 800px; text-align: center; vertical-align: middle;\" colspan=\"5\"><span style=\"color: #ffffff;\"><strong>JEUDI 20 JANVIER 2022<\/strong><\/span><span style=\"color: #ffffff;\"><strong><br \/>\n<\/strong><\/span><\/td>\n<\/tr>\n<tr>\n<td style=\"text-align: center; vertical-align: middle; width: 10%; background-color: #000000;\"><span style=\"color: #ffffff; font-size: 0.9em;\"><strong>Horaire<\/strong><\/span><\/td>\n<td style=\"text-align: center; vertical-align: middle; width: 30%; background-color: #000000;\" colspan=\"2\"><span style=\"color: #ffffff;\"><span style=\"font-size: 0.9em;\"><b>Sp\u00e9ciale<\/b><\/span><\/span><\/td>\n<td style=\"text-align: center; vertical-align: middle; width: 30%; background-color: #000000;\"><span style=\"color: #ffffff; font-size: 0.9em;\"><strong>Vainqueurs<\/strong><\/span><\/td>\n<td style=\"text-align: center; vertical-align: middle; width: 30%; background-color: #000000;\"><span style=\"color: #ffffff; font-size: 0.9em;\"><strong>Leaders<\/strong><\/span><\/td>\n<\/tr>\n<tr>\n<td style=\"text-align: center; vertical-align: middle; width: 10%;\"><strong>9h30<\/strong><\/td>\n<td style=\"text-align: center; vertical-align: middle; width: 30%;\" colspan=\"2\"><strong>Shakedown<br \/>\n<a href=\"https:\/\/fr.motorsport.com\/wrc\/results\/2022\/rallye-monte-carlo-540312\/?st=SHD\" target=\"_blank\" rel=\"nofollow noopener\"><span style=\"font-size: 0.9em;\"><em><span style=\"font-size: 0.8em;\">Classement<\/span><\/em><\/span><\/a><br \/>\n<\/strong><\/td>\n<td style=\"text-align: center; vertical-align: middle; width: 30%;\"><span style=\"font-size: 0.9em;\"><strong>&#x1f1eb;&#x1f1f7; S\u00e9bastien OGIER \/ &#x1f1eb;&#x1f1f7; Benjamin VEILLAS<\/strong><br \/>\n<span style=\"font-size: 0.8em;\">TOYOTA<\/span><\/span><\/td>\n<td style=\"text-align: center; vertical-align: middle; width: 30%;\"><span style=\"font-size: 0.9em;\"><strong>&#x1f1eb;&#x1f1f7; S\u00e9bastien OGIER \/ &#x1f1eb;&#x1f1f7; Benjamin VEILLAS<\/strong><br \/>\n<span style=\"font-size: 0.8em;\">TOYOTA<\/span><\/span><\/td>\n<\/tr>\n<tr>\n<td style=\"text-align: center; vertical-align: middle; width: 10%;\"><strong>20h18<\/strong><\/td>\n<td style=\"text-align: center; vertical-align: middle; width: 30%;\" colspan=\"2\"><strong>ES1<br \/>\n<a href=\"https:\/\/fr.motorsport.com\/wrc\/results\/2022\/rallye-monte-carlo-540312\/?st=SS+1\" target=\"_blank\" rel=\"nofollow noopener\"><span style=\"font-size: 0.9em;\"><em><span style=\"font-size: 0.8em;\">Classement<\/span><\/em><\/span><\/a><br \/>\n<\/strong><\/td>\n<td style=\"text-align: center; vertical-align: middle; width: 30%;\"><span style=\"font-size: 0.9em;\"><strong>&#x1f1eb;&#x1f1f7; S\u00e9bastien OGIER \/ &#x1f1eb;&#x1f1f7; Benjamin VEILLAS<\/strong><br \/>\n<span style=\"font-size: 0.8em;\">TOYOTA<\/span><\/span><\/td>\n<td style=\"text-align: center; vertical-align: middle; width: 30%;\"><span style=\"font-size: 0.9em;\"><strong>&#x1f1eb;&#x1f1f7; S\u00e9bastien OGIER \/ &#x1f1eb;&#x1f1f7; Benjamin VEILLAS<\/strong><br \/>\n<span style=\"font-size: 0.8em;\">TOYOTA<\/span><\/span><\/td>\n<\/tr>\n<tr>\n<td style=\"text-align: center; vertical-align: middle; width: 10%;\"><strong>21h31<\/strong><\/td>\n<td style=\"text-align: center; vertical-align: middle; width: 30%;\" colspan=\"2\"><strong>ES2<br \/>\n<a href=\"https:\/\/fr.motorsport.com\/wrc\/results\/2022\/rallye-monte-carlo-540312\/?st=SS+2\" target=\"_blank\" rel=\"nofollow noopener\"><span style=\"font-size: 0.9em;\"><em><span style=\"font-size: 0.8em;\">Classement<\/span><\/em><\/span><\/a><br \/>\n<\/strong><\/td>\n<td style=\"text-align: center; vertical-align: middle; width: 30%;\"><span style=\"font-size: 0.9em;\"><strong>&#x1f1eb;&#x1f1f7; S\u00e9bastien OGIER \/ &#x1f1eb;&#x1f1f7; Benjamin VEILLAS<\/strong><br \/>\n<span style=\"font-size: 0.8em;\">TOYOTA<\/span><\/span><\/td>\n<td style=\"text-align: center; vertical-align: middle; width: 30%;\"><span style=\"font-size: 0.9em;\"><strong>&#x1f1eb;&#x1f1f7; S\u00e9bastien OGIER \/ &#x1f1eb;&#x1f1f7; Benjamin VEILLAS<\/strong><br \/>\n<span style=\"font-size: 0.8em;\">TOYOTA<\/span><\/span><\/td>\n<\/tr>\n<tr>\n<td style=\"background-color: #fc4c02; width: 100%; text-align: center; vertical-align: middle;\" colspan=\"5\"><span style=\"color: #ffffff;\"><strong>VENDREDI 21 JANVIER 2022<\/strong><\/span><\/td>\n<\/tr>\n<tr>\n<td style=\"text-align: center; vertical-align: middle; width: 10%; background-color: #000000;\"><span style=\"color: #ffffff; font-size: 0.9em;\"><strong>Horaire<\/strong><\/span><\/td>\n<td style=\"text-align: center; vertical-align: middle; width: 30%; background-color: #000000;\" colspan=\"2\"><span style=\"color: #ffffff;\"><span style=\"font-size: 0.9em;\"><b>Sp\u00e9ciale<\/b><\/span><\/span><\/td>\n<td style=\"text-align: center; vertical-align: middle; width: 30%; background-color: #000000;\"><span style=\"color: #ffffff; font-size: 0.9em;\"><strong>Vainqueurs<\/strong><\/span><\/td>\n<td style=\"text-align: center; vertical-align: middle; width: 30%; background-color: #000000;\"><span style=\"color: #ffffff; font-size: 0.9em;\"><strong>Leaders<\/strong><\/span><\/td>\n<\/tr>\n<tr>\n<td style=\"text-align: center; vertical-align: middle; width: 10%;\"><strong>9h14<\/strong><\/td>\n<td style=\"text-align: center; vertical-align: middle; width: 30%;\" colspan=\"2\"><strong>ES3<br \/>\n<a href=\"https:\/\/fr.motorsport.com\/wrc\/results\/2022\/rallye-monte-carlo-540312\/?st=SS+3\" target=\"_blank\" rel=\"nofollow noopener\"><span style=\"font-size: 0.9em;\"><em><span style=\"font-size: 0.8em;\">Classement<\/span><\/em><\/span><\/a><br \/>\n<\/strong><\/td>\n<td style=\"text-align: center; vertical-align: middle; width: 30%;\"><span style=\"font-size: 0.9em;\"><strong>&#x1f1eb;&#x1f1f7; S\u00e9bastien LOEB \/ &#x1f1eb;&#x1f1f7; Isabelle GALMICHE<\/strong><br \/>\n<span style=\"font-size: 0.8em;\">FORD<\/span><\/span><\/td>\n<td style=\"text-align: center; vertical-align: middle; width: 30%;\"><span style=\"font-size: 0.9em;\"><strong>&#x1f1eb;&#x1f1f7; S\u00e9bastien OGIER \/ &#x1f1eb;&#x1f1f7; Benjamin VEILLAS<\/strong><br \/>\n<span style=\"font-size: 0.8em;\">TOYOTA<\/span><\/span><\/td>\n<\/tr>\n<tr>\n<td style=\"text-align: center; vertical-align: middle; width: 10%;\"><strong>10h17<\/strong><\/td>\n<td style=\"text-align: center; vertical-align: middle; width: 30%;\" colspan=\"2\"><strong>ES4<br \/>\n<a href=\"https:\/\/fr.motorsport.com\/wrc\/results\/2022\/rallye-monte-carlo-540312\/?st=SS+4\"><span style=\"font-size: 0.9em;\"><em><span style=\"font-size: 0.8em;\">Classement<\/span><\/em><\/span><\/a><br \/>\n<\/strong><\/td>\n<td style=\"text-align: center; vertical-align: middle; width: 30%;\"><span style=\"font-size: 0.9em;\"><strong>&#x1f1eb;&#x1f1f7; S\u00e9bastien LOEB \/ &#x1f1eb;&#x1f1f7; Isabelle GALMICHE<\/strong><br \/>\n<span style=\"font-size: 0.8em;\">FORD<\/span><\/span><\/td>\n<td style=\"text-align: center; vertical-align: middle; width: 30%;\"><span style=\"font-size: 0.9em;\"><strong>&#x1f1eb;&#x1f1f7; S\u00e9bastien OGIER \/ &#x1f1eb;&#x1f1f7; Benjamin VEILLAS<\/strong><br \/>\n<span style=\"font-size: 0.8em;\">TOYOTA<\/span><\/span><\/td>\n<\/tr>\n<tr>\n<td style=\"text-align: center; vertical-align: middle; width: 10%;\"><strong>11h35<\/strong><\/td>\n<td style=\"text-align: center; vertical-align: middle; width: 30%;\" colspan=\"2\"><strong>ES5<br \/>\n<a href=\"https:\/\/fr.motorsport.com\/wrc\/results\/2022\/rallye-monte-carlo-540312\/?st=SS+5\" target=\"_blank\" rel=\"nofollow noopener\"><span style=\"font-size: 0.9em;\"><em><span style=\"font-size: 0.8em;\">Classement<\/span><\/em><\/span><\/a><br \/>\n<\/strong><\/td>\n<td style=\"text-align: center; vertical-align: middle; width: 30%;\"><span style=\"font-size: 0.9em;\"><strong>&#x1f1eb;&#x1f1f7; S\u00e9bastien LOEB \/ &#x1f1eb;&#x1f1f7; Isabelle GALMICHE<\/strong><br \/>\n<span style=\"font-size: 0.8em;\">FORD<\/span><\/span><\/td>\n<td style=\"text-align: center; vertical-align: middle; width: 30%;\"><span style=\"font-size: 0.9em;\"><strong>&#x1f1eb;&#x1f1f7; S\u00e9bastien LOEB \/ &#x1f1eb;&#x1f1f7; Isabelle GALMICHE<\/strong><br \/>\n<span style=\"font-size: 0.8em;\">FORD<\/span><\/span><\/td>\n<\/tr>\n<tr>\n<td style=\"text-align: center; vertical-align: middle; width: 10%;\"><strong>14h16<\/strong><\/td>\n<td style=\"text-align: center; vertical-align: middle; width: 30%;\" colspan=\"2\"><strong>ES6<br \/>\n<a href=\"https:\/\/fr.motorsport.com\/wrc\/results\/2022\/rallye-monte-carlo-540312\/?st=SS+6\" target=\"_blank\" rel=\"nofollow noopener\"><span style=\"font-size: 0.9em;\"><em><span style=\"font-size: 0.8em;\">Classement<\/span><\/em><\/span><\/a><br \/>\n<\/strong><\/td>\n<td style=\"text-align: center; vertical-align: middle; width: 30%;\"><span style=\"font-size: 0.9em;\"><strong>&#x1f1eb;&#x1f1f7; S\u00e9bastien LOEB \/ &#x1f1eb;&#x1f1f7; Isabelle GALMICHE<\/strong><br \/>\n<span style=\"font-size: 0.8em;\">FORD<\/span><\/span><\/td>\n<td style=\"text-align: center; vertical-align: middle; width: 30%;\"><span style=\"font-size: 0.9em;\"><strong>&#x1f1eb;&#x1f1f7; S\u00e9bastien LOEB \/ &#x1f1eb;&#x1f1f7; Isabelle GALMICHE<\/strong><br \/>\n<span style=\"font-size: 0.8em;\">FORD<\/span><\/span><\/td>\n<\/tr>\n<tr>\n<td style=\"text-align: center; vertical-align: middle; width: 10%;\"><strong>15h19<\/strong><\/td>\n<td style=\"text-align: center; vertical-align: middle; width: 30%;\" colspan=\"2\"><strong>ES7<br \/>\n<a href=\"https:\/\/fr.motorsport.com\/wrc\/results\/2022\/rallye-monte-carlo-540312\/?st=SS+7\" target=\"_blank\" rel=\"nofollow noopener\"><span style=\"font-size: 0.9em;\"><em><span style=\"font-size: 0.8em;\">Classement<\/span><\/em><\/span><\/a><br \/>\n<\/strong><\/td>\n<td style=\"text-align: center; vertical-align: middle; width: 30%;\"><span style=\"font-size: 0.9em;\"><strong>&#x1f1ec;&#x1f1e7; Gus GREENSMITH \/ <strong style=\"font-size: 14.4px;\">&#x1f1f8;&#x1f1ea;<\/strong> Jonas ANDERSSON<\/strong><br \/>\n<span style=\"font-size: 0.8em;\">FORD<\/span><\/span><\/td>\n<td style=\"text-align: center; vertical-align: middle; width: 30%;\"><span style=\"font-size: 0.9em;\"><strong>&#x1f1eb;&#x1f1f7; S\u00e9bastien LOEB \/ &#x1f1eb;&#x1f1f7; Isabelle GALMICHE<\/strong><br \/>\n<span style=\"font-size: 0.8em;\">FORD<\/span><\/span><\/td>\n<\/tr>\n<tr>\n<td style=\"text-align: center; vertical-align: middle; width: 10%;\"><strong>16h37<\/strong><\/td>\n<td style=\"text-align: center; vertical-align: middle; width: 30%;\" colspan=\"2\"><strong>ES8<br \/>\n<a href=\"https:\/\/fr.motorsport.com\/wrc\/results\/2022\/rallye-monte-carlo-540312\/?st=SS+8\" target=\"_blank\" rel=\"nofollow noopener\"><span style=\"font-size: 0.9em;\"><em><span style=\"font-size: 0.8em;\">Classement<\/span><\/em><\/span><\/a><br \/>\n<\/strong><\/td>\n<td style=\"text-align: center; vertical-align: middle; width: 30%;\"><span style=\"font-size: 0.9em;\"><strong>&#x1f1eb;&#x1f1f7; S\u00e9bastien OGIER \/ &#x1f1eb;&#x1f1f7; Benjamin VEILLAS<\/strong><br \/>\n<span style=\"font-size: 0.8em;\">TOYOTA<\/span><\/span><\/td>\n<td style=\"text-align: center; vertical-align: middle; width: 30%;\"><span style=\"font-size: 0.9em;\"><strong>&#x1f1eb;&#x1f1f7; S\u00e9bastien LOEB \/ &#x1f1eb;&#x1f1f7; Isabelle GALMICHE<\/strong><br \/>\n<span style=\"font-size: 0.8em;\">FORD<\/span><\/span><\/td>\n<\/tr>\n<tr>\n<td style=\"background-color: #fc4c02; width: 100%; text-align: center; vertical-align: middle;\" colspan=\"5\"><span style=\"color: #ffffff;\"><strong>SAMEDI 22 JANVIER 2022<\/strong><\/span><span style=\"color: #ffffff;\"><strong><br \/>\n<\/strong><\/span><\/td>\n<\/tr>\n<tr>\n<td style=\"text-align: center; vertical-align: middle; width: 10%; background-color: #000000;\"><span style=\"color: #ffffff; font-size: 0.9em;\"><strong>Horaire<\/strong><\/span><\/td>\n<td style=\"text-align: center; vertical-align: middle; width: 30%; background-color: #000000;\" colspan=\"2\"><span style=\"color: #ffffff;\"><span style=\"font-size: 0.9em;\"><b>Sp\u00e9ciale<\/b><\/span><\/span><\/td>\n<td style=\"text-align: center; vertical-align: middle; width: 30%; background-color: #000000;\"><span style=\"color: #ffffff; font-size: 0.9em;\"><strong>Vainqueurs<\/strong><\/span><\/td>\n<td style=\"text-align: center; vertical-align: middle; width: 30%; background-color: #000000;\"><span style=\"color: #ffffff; font-size: 0.9em;\"><strong>Leaders<\/strong><\/span><\/td>\n<\/tr>\n<tr>\n<td style=\"text-align: center; vertical-align: middle; width: 10%;\"><strong>8h17<\/strong><\/td>\n<td style=\"text-align: center; vertical-align: middle; width: 30%;\" colspan=\"2\"><strong>ES9<br \/>\n<a href=\"https:\/\/fr.motorsport.com\/wrc\/results\/2022\/rallye-monte-carlo-540312\/?st=SS+9\" target=\"_blank\" rel=\"nofollow noopener\"><span style=\"font-size: 0.9em;\"><em><span style=\"font-size: 0.8em;\">Classement<\/span><\/em><\/span><\/a><br \/>\n<\/strong><\/td>\n<td style=\"text-align: center; vertical-align: middle; width: 30%;\"><span style=\"font-size: 0.9em;\"><strong>&#x1f1ec;&#x1f1e7; Elfyn EVANS \/ &#x1f1ec;&#x1f1e7; Scott MARTIN<\/strong><br \/>\n<span style=\"font-size: 0.8em;\">TOYOTA<\/span><\/span><\/td>\n<td style=\"text-align: center; vertical-align: middle; width: 30%;\"><span style=\"font-size: 0.9em;\"><strong>&#x1f1eb;&#x1f1f7; S\u00e9bastien LOEB \/ &#x1f1eb;&#x1f1f7; Isabelle GALMICHE<\/strong><br \/>\n<span style=\"font-size: 0.8em;\">FORD<\/span><\/span><\/td>\n<\/tr>\n<tr>\n<td style=\"text-align: center; vertical-align: middle; width: 10%;\"><strong>10h08<\/strong><\/td>\n<td style=\"text-align: center; vertical-align: middle; width: 30%;\" colspan=\"2\"><strong>ES10<br \/>\n<a href=\"https:\/\/fr.motorsport.com\/wrc\/results\/2022\/rallye-monte-carlo-540312\/?st=SS+10\" target=\"_blank\" rel=\"nofollow noopener\"><span style=\"font-size: 0.9em;\"><em><span style=\"font-size: 0.8em;\">Classement<\/span><\/em><\/span><\/a><br \/>\n<\/strong><\/td>\n<td style=\"text-align: center; vertical-align: middle; width: 30%;\"><span style=\"font-size: 0.9em;\"><strong>&#x1f1eb;&#x1f1f7; S\u00e9bastien OGIER \/ &#x1f1eb;&#x1f1f7; Benjamin VEILLAS<\/strong><br \/>\n<span style=\"font-size: 0.8em;\">TOYOTA<\/span><\/span><\/td>\n<td style=\"text-align: center; vertical-align: middle; width: 30%;\"><span style=\"font-size: 0.9em;\"><strong>&#x1f1eb;&#x1f1f7; S\u00e9bastien OGIER \/ &#x1f1eb;&#x1f1f7; Benjamin VEILLAS<\/strong><br \/>\n<span style=\"font-size: 0.8em;\">TOYOTA<\/span><\/span><br \/>\n<span style=\"font-size: 0.9em;\"><strong>&#x1f1eb;&#x1f1f7; S\u00e9bastien LOEB \/ &#x1f1eb;&#x1f1f7; Isabelle GALMICHE<\/strong><br \/>\n<span style=\"font-size: 0.8em;\">FORD<\/span><\/span><\/td>\n<\/tr>\n<tr>\n<td style=\"text-align: center; vertical-align: middle; width: 10%;\"><strong>11h16<\/strong><\/td>\n<td style=\"text-align: center; vertical-align: middle; width: 30%;\" colspan=\"2\"><strong>ES11<br \/>\n<a href=\"https:\/\/fr.motorsport.com\/wrc\/results\/2022\/rallye-monte-carlo-540312\/?st=SS+11\" target=\"_blank\" rel=\"nofollow noopener\"><span style=\"font-size: 0.9em;\"><em><span style=\"font-size: 0.8em;\">Classement<\/span><\/em><\/span><\/a><br \/>\n<\/strong><\/td>\n<td style=\"text-align: center; vertical-align: middle; width: 30%;\"><span style=\"font-size: 0.9em;\"><strong>&#x1f1eb;&#x1f1f7; S\u00e9bastien OGIER \/ &#x1f1eb;&#x1f1f7; Benjamin VEILLAS<\/strong><br \/>\n<span style=\"font-size: 0.8em;\">TOYOTA<\/span><\/span><\/td>\n<td style=\"text-align: center; vertical-align: middle; width: 30%;\"><span style=\"font-size: 0.9em;\"><strong>&#x1f1eb;&#x1f1f7; S\u00e9bastien OGIER \/ &#x1f1eb;&#x1f1f7; Benjamin VEILLAS<\/strong><br \/>\n<span style=\"font-size: 0.8em;\">TOYOTA<\/span><\/span><\/td>\n<\/tr>\n<tr>\n<td style=\"text-align: center; vertical-align: middle; width: 10%;\"><strong>14h08<\/strong><\/td>\n<td style=\"text-align: center; vertical-align: middle; width: 30%;\" colspan=\"2\"><strong>ES12<br \/>\n<a href=\"https:\/\/fr.motorsport.com\/wrc\/results\/2022\/rallye-monte-carlo-540312\/?st=SS+12\" target=\"_blank\" rel=\"nofollow noopener\"><span style=\"font-size: 0.9em;\"><em><span style=\"font-size: 0.8em;\">Classement<\/span><\/em><\/span><\/a><br \/>\n<\/strong><\/td>\n<td style=\"text-align: center; vertical-align: middle; width: 30%;\"><span style=\"font-size: 0.9em;\"><strong>&#x1f1eb;&#x1f1ee; Kalle ROVANPER\u00c4 \/ &#x1f1eb;&#x1f1ee; Jonne HALTTUNEN<\/strong><br \/>\n<span style=\"font-size: 0.8em;\">TOYOTA<\/span><\/span><\/td>\n<td style=\"text-align: center; vertical-align: middle; width: 30%;\"><span style=\"font-size: 0.9em;\"><strong>&#x1f1eb;&#x1f1f7; S\u00e9bastien OGIER \/ &#x1f1eb;&#x1f1f7; Benjamin VEILLAS<\/strong><br \/>\n<span style=\"font-size: 0.8em;\">TOYOTA<\/span><\/span><\/td>\n<\/tr>\n<tr>\n<td style=\"text-align: center; vertical-align: middle; width: 10%;\"><strong>15h16<\/strong><\/td>\n<td style=\"text-align: center; vertical-align: middle; width: 30%;\" colspan=\"2\"><strong>ES13<br \/>\n<a href=\"https:\/\/fr.motorsport.com\/wrc\/results\/2022\/rallye-monte-carlo-540312\/?st=SS+13\" target=\"_blank\" rel=\"nofollow noopener\"><span style=\"font-size: 0.9em;\"><em><span style=\"font-size: 0.8em;\">Classement<\/span><\/em><\/span><\/a><br \/>\n<\/strong><\/td>\n<td style=\"text-align: center; vertical-align: middle; width: 30%;\"><span style=\"font-size: 0.9em;\"><strong>&#x1f1eb;&#x1f1ee; Kalle ROVANPER\u00c4 \/ &#x1f1eb;&#x1f1ee; Jonne HALTTUNEN<\/strong><br \/>\n<span style=\"font-size: 0.8em;\">TOYOTA<\/span><\/span><\/td>\n<td style=\"text-align: center; vertical-align: middle; width: 30%;\"><span style=\"font-size: 0.9em;\"><strong>&#x1f1eb;&#x1f1f7; S\u00e9bastien OGIER \/ &#x1f1eb;&#x1f1f7; Benjamin VEILLAS<\/strong><br \/>\n<span style=\"font-size: 0.8em;\">TOYOTA<\/span><\/span><\/td>\n<\/tr>\n<tr>\n<td style=\"background-color: #fc4c02; width: 100%; text-align: center; vertical-align: middle;\" colspan=\"5\"><span style=\"color: #ffffff;\"><strong>DIMANCHE 23 JANVIER 2022<\/strong><\/span><\/td>\n<\/tr>\n<tr>\n<td style=\"text-align: center; vertical-align: middle; width: 10%; background-color: #000000;\"><span style=\"color: #ffffff; font-size: 0.9em;\"><strong>Horaire<\/strong><\/span><\/td>\n<td style=\"text-align: center; vertical-align: middle; width: 30%; background-color: #000000;\" colspan=\"2\"><span style=\"color: #ffffff;\"><span style=\"font-size: 0.9em;\"><b>Sp\u00e9ciale<\/b><\/span><\/span><\/td>\n<td style=\"text-align: center; vertical-align: middle; width: 30%; background-color: #000000;\"><span style=\"color: #ffffff; font-size: 0.9em;\"><strong>Vainqueurs<\/strong><\/span><\/td>\n<td style=\"text-align: center; vertical-align: middle; width: 30%; background-color: #000000;\"><span style=\"color: #ffffff; font-size: 0.9em;\"><strong>Leaders<\/strong><\/span><\/td>\n<\/tr>\n<tr>\n<td style=\"text-align: center; vertical-align: middle; width: 10%;\"><strong>8h45<\/strong><\/td>\n<td style=\"text-align: center; vertical-align: middle; width: 30%;\" colspan=\"2\"><strong>ES14<br \/>\n<a href=\"https:\/\/fr.motorsport.com\/wrc\/results\/2022\/rallye-monte-carlo-540312\/?st=SS+14\" target=\"_blank\" rel=\"nofollow noopener\"><span style=\"font-size: 0.9em;\"><em><span style=\"font-size: 0.8em;\">Classement<\/span><\/em><\/span><\/a><br \/>\n<\/strong><\/td>\n<td style=\"text-align: center; vertical-align: middle; width: 30%;\"><span style=\"font-size: 0.9em;\"><strong>&#x1f1eb;&#x1f1f7; S\u00e9bastien LOEB \/ &#x1f1eb;&#x1f1f7; Isabelle GALMICHE<\/strong><br \/>\n<span style=\"font-size: 0.8em;\">FORD<\/span><\/span><\/td>\n<td style=\"text-align: center; vertical-align: middle; width: 30%;\"><span style=\"font-size: 0.9em;\"><strong>&#x1f1eb;&#x1f1f7; S\u00e9bastien OGIER \/ &#x1f1eb;&#x1f1f7; Benjamin VEILLAS<\/strong><br \/>\n<span style=\"font-size: 0.8em;\">TOYOTA<\/span><\/span><\/td>\n<\/tr>\n<tr>\n<td style=\"text-align: center; vertical-align: middle; width: 10%;\"><strong>10h08<\/strong><\/td>\n<td style=\"text-align: center; vertical-align: middle; width: 30%;\" colspan=\"2\"><strong>ES15<br \/>\n<a href=\"https:\/\/fr.motorsport.com\/wrc\/results\/2022\/rallye-monte-carlo-540312\/?st=SS+15\" target=\"_blank\" rel=\"nofollow noopener\"><span style=\"font-size: 0.9em;\"><em><span style=\"font-size: 0.8em;\">Classement<\/span><\/em><\/span><\/a><br \/>\n<\/strong><\/td>\n<td style=\"text-align: center; vertical-align: middle; width: 30%;\"><span style=\"font-size: 0.9em;\"><strong>&#x1f1e7;&#x1f1ea; Thierry NEUVILLE \/ &#x1f1e7;&#x1f1ea; Martijn WYDAEGHE<\/strong><br \/>\n<span style=\"font-size: 0.8em;\">HYUNDAI<\/span><\/span><\/td>\n<td style=\"text-align: center; vertical-align: middle; width: 30%;\"><span style=\"font-size: 0.9em;\"><strong>&#x1f1eb;&#x1f1f7; S\u00e9bastien OGIER \/ &#x1f1eb;&#x1f1f7; Benjamin VEILLAS<\/strong><br \/>\n<span style=\"font-size: 0.8em;\">TOYOTA<\/span><\/span><\/td>\n<\/tr>\n<tr>\n<td style=\"text-align: center; vertical-align: middle; width: 10%;\"><strong>10h53<\/strong><\/td>\n<td style=\"text-align: center; vertical-align: middle; width: 30%;\" colspan=\"2\"><strong>ES16<br \/>\n<a href=\"https:\/\/fr.motorsport.com\/wrc\/results\/2022\/rallye-monte-carlo-540312\/?st=SS+16\" target=\"_blank\" rel=\"nofollow noopener\"><span style=\"font-size: 0.9em;\"><em><span style=\"font-size: 0.8em;\">Classement<\/span><\/em><\/span><\/a><br \/>\n<\/strong><\/td>\n<td style=\"text-align: center; vertical-align: middle; width: 30%;\"><span style=\"font-size: 0.9em;\"><strong>&#x1f1eb;&#x1f1f7; S\u00e9bastien LOEB \/ &#x1f1eb;&#x1f1f7; Isabelle GALMICHE<\/strong><br \/>\n<span style=\"font-size: 0.8em;\">FORD<\/span><\/span><\/td>\n<td style=\"text-align: center; vertical-align: middle; width: 30%;\"><span style=\"font-size: 0.9em;\"><strong>&#x1f1eb;&#x1f1f7; S\u00e9bastien LOEB \/ &#x1f1eb;&#x1f1f7; Isabelle GALMICHE<\/strong><br \/>\n<span style=\"font-size: 0.8em;\">FORD<\/span><\/span><\/td>\n<\/tr>\n<tr>\n<td style=\"text-align: center; vertical-align: middle; width: 10%;\"><strong>12h18<\/strong><\/td>\n<td style=\"text-align: center; vertical-align: middle; width: 30%;\" colspan=\"2\"><strong>ES17 &#8211; Power Stage<br \/>\n<a href=\"https:\/\/fr.motorsport.com\/wrc\/results\/2022\/rallye-monte-carlo-540312\/?st=SS+17\" target=\"_blank\" rel=\"nofollow noopener\"><span style=\"font-size: 0.9em;\"><em><span style=\"font-size: 0.8em;\">Classement<\/span><\/em><\/span><\/a><\/strong><\/td>\n<td style=\"text-align: center; vertical-align: middle; width: 30%;\"><span style=\"font-size: 0.9em;\"><strong>&#x1f1eb;&#x1f1ee; Kalle ROVANPER\u00c4 \/ &#x1f1eb;&#x1f1ee; Jonne HALTTUNEN<\/strong><br \/>\n<span style=\"font-size: 0.8em;\">TOYOTA<\/span><\/span><\/td>\n<td style=\"text-align: center; vertical-align: middle; width: 30%;\"><span style=\"font-size: 0.9em;\"><strong>&#x1f1eb;&#x1f1f7; S\u00e9bastien LOEB \/ &#x1f1eb;&#x1f1f7; Isabelle GALMICHE<\/strong><br \/>\n<span style=\"font-size: 0.8em;\">FORD<\/span><\/span><\/td>\n<\/tr>\n<\/tbody>\n<\/table>\n<h2 style=\"text-align: justify;\">Le classement g\u00e9n\u00e9ral du Rallye de Monte-Carlo<\/h2>\n<p><span class=\"9xxBXWw5G4mXKtA1EuhkeoLWBH68F25Ijs7HjgKfrAdNJ7PoZv8ciVSF4Qq39a3mkbZUvVaPM\"><\/p>\n<blockquote class=\"wp-embedded-content\" data-secret=\"AfgUsn5fY3\"><p><a href=\"https:\/\/dicodusport.fr\/blog\/wrc-rallye-de-monte-carlo-le-classement-general\/\">WRC Rallye de Monte-Carlo &#8211; Le classement g\u00e9n\u00e9ral<\/a><\/p><\/blockquote>\n<p><iframe loading=\"lazy\" class=\"wp-embedded-content\" sandbox=\"allow-scripts\" security=\"restricted\" style=\"position: absolute; clip: rect(1px, 1px, 1px, 1px);\" title=\"\u00ab\u00a0WRC Rallye de Monte-Carlo &#8211; Le classement g\u00e9n\u00e9ral\u00a0\u00bb &#8212; Dicodusport\" src=\"https:\/\/dicodusport.fr\/blog\/wrc-rallye-de-monte-carlo-le-classement-general\/embed\/#?secret=AfgUsn5fY3\" data-secret=\"AfgUsn5fY3\" width=\"600\" height=\"338\" frameborder=\"0\" marginwidth=\"0\" marginheight=\"0\" scrolling=\"no\"><\/iframe><\/span><\/p>\n<h2 style=\"text-align: justify;\"><strong>\u00c0 lire aussi<\/strong><\/h2>\n<ul>\n<li style=\"text-align: justify;\"><a href=\"https:\/\/dicodusport.fr\/blog\/rallye-wrc-2022-calendrier-complet-et-resultats\/\"><strong>WRC 2022 &#8211; Calendrier complet et r\u00e9sultats<\/strong><\/a><\/li>\n<\/ul>\n","protected":false},"excerpt":{"rendered":"<p>WRC 2022 &#8211; Retrouvez le programme complet des sp\u00e9ciales et les r\u00e9sultats de la 1\u00e8re manche du championnat du monde des rallyes 2022, qui se d\u00e9roule \u00e0 Monte-Carlo du 20 au 23 janvier.<\/p>\n","protected":false},"author":4,"featured_media":192336,"comment_status":"open","ping_status":"closed","sticky":false,"template":"","format":"standard","meta":{"_acf_changed":false,"_daextam_enable_autolinks":"","footnotes":""},"categories":[47088],"tags":[7142,13750],"class_list":["post-192291","post","type-post","status-publish","format-standard","has-post-thumbnail","hentry","category-rallye-wrc","tag-rallye-monte-carlo","tag-wrc-monte-carlo"],"acf":[],"yoast_head":"<!-- This site is optimized with the Yoast SEO Premium plugin v26.7 (Yoast SEO v26.7) - https:\/\/yoast.com\/wordpress\/plugins\/seo\/ -->\n<title>WRC 2022 - Programme et r\u00e9sultats<\/title>\n<meta name=\"description\" content=\"RALLYE WRC 2022 - Retrouvez le programme des sp\u00e9ciales et les r\u00e9sultats de la 1\u00e8re manche du championnat du monde \u00e0 Monte-Carlo.\" \/>\n<meta name=\"robots\" content=\"index, follow, max-snippet:-1, max-image-preview:large, max-video-preview:-1\" \/>\n<link rel=\"canonical\" href=\"https:\/\/dicodusport.fr\/blog\/wrc-rallye-monte-carlo-2022-programme-et-resultats-complets\/\" \/>\n<meta property=\"og:locale\" content=\"fr_FR\" \/>\n<meta property=\"og:type\" content=\"article\" \/>\n<meta property=\"og:title\" content=\"WRC Rallye Monte-Carlo 2022 - Programme et r\u00e9sultats complets\" \/>\n<meta property=\"og:description\" content=\"RALLYE WRC 2022 - Retrouvez le programme des sp\u00e9ciales et les r\u00e9sultats de la 1\u00e8re manche du championnat du monde \u00e0 Monte-Carlo.\" \/>\n<meta property=\"og:url\" content=\"https:\/\/dicodusport.fr\/blog\/wrc-rallye-monte-carlo-2022-programme-et-resultats-complets\/\" \/>\n<meta property=\"og:site_name\" content=\"Dicodusport\" \/>\n<meta property=\"article:publisher\" content=\"https:\/\/www.facebook.com\/dicodusport\" \/>\n<meta property=\"article:author\" content=\"https:\/\/www.facebook.com\/florent.ostermann\" \/>\n<meta property=\"article:published_time\" content=\"2022-01-23T12:34:44+00:00\" \/>\n<meta property=\"article:modified_time\" content=\"2022-01-23T13:01:22+00:00\" \/>\n<meta property=\"og:image\" content=\"https:\/\/dicodusport.fr\/blog\/wp-content\/uploads\/2022\/01\/WRC-Rallye-Monte-Carlo-2022-Programme-et-resultats-complets.png\" \/>\n\t<meta property=\"og:image:width\" content=\"800\" \/>\n\t<meta property=\"og:image:height\" content=\"445\" \/>\n\t<meta property=\"og:image:type\" content=\"image\/png\" \/>\n<meta name=\"author\" content=\"Flo Ostermann\" \/>\n<meta name=\"twitter:card\" content=\"summary_large_image\" \/>\n<meta name=\"twitter:title\" content=\"WRC Rallye Monte-Carlo 2022 - Programme et r\u00e9sultats complets\" \/>\n<meta name=\"twitter:creator\" content=\"@https:\/\/twitter.com\/FlOstermann\" \/>\n<meta name=\"twitter:site\" content=\"@dicodusport\" \/>\n<script type=\"application\/ld+json\" class=\"yoast-schema-graph\">{\"@context\":\"https:\/\/schema.org\",\"@graph\":[{\"@type\":\"NewsArticle\",\"@id\":\"https:\/\/dicodusport.fr\/blog\/wrc-rallye-monte-carlo-2022-programme-et-resultats-complets\/#article\",\"isPartOf\":{\"@id\":\"https:\/\/dicodusport.fr\/blog\/wrc-rallye-monte-carlo-2022-programme-et-resultats-complets\/\"},\"author\":{\"name\":\"Flo Ostermann\",\"@id\":\"https:\/\/dicodusport.fr\/blog\/#\/schema\/person\/cb02af4c173ce4a653b55e9baf388d4a\"},\"headline\":\"WRC Rallye Monte-Carlo 2022 &#8211; Programme et r\u00e9sultats complets\",\"datePublished\":\"2022-01-23T12:34:44+00:00\",\"dateModified\":\"2022-01-23T13:01:22+00:00\",\"mainEntityOfPage\":{\"@id\":\"https:\/\/dicodusport.fr\/blog\/wrc-rallye-monte-carlo-2022-programme-et-resultats-complets\/\"},\"wordCount\":914,\"commentCount\":0,\"publisher\":{\"@id\":\"https:\/\/dicodusport.fr\/blog\/#organization\"},\"image\":{\"@id\":\"https:\/\/dicodusport.fr\/blog\/wrc-rallye-monte-carlo-2022-programme-et-resultats-complets\/#primaryimage\"},\"thumbnailUrl\":\"https:\/\/dicodusport.fr\/blog\/wp-content\/uploads\/2022\/01\/WRC-Rallye-Monte-Carlo-2022-Programme-et-resultats-complets.png\",\"keywords\":[\"Rallye Monte-Carlo\",\"WRC Monte-Carlo\"],\"articleSection\":[\"Rallye WRC\"],\"inLanguage\":\"fr-FR\",\"potentialAction\":[{\"@type\":\"CommentAction\",\"name\":\"Comment\",\"target\":[\"https:\/\/dicodusport.fr\/blog\/wrc-rallye-monte-carlo-2022-programme-et-resultats-complets\/#respond\"]}],\"copyrightYear\":\"2022\",\"copyrightHolder\":{\"@id\":\"https:\/\/dicodusport.fr\/blog\/#organization\"}},{\"@type\":\"WebPage\",\"@id\":\"https:\/\/dicodusport.fr\/blog\/wrc-rallye-monte-carlo-2022-programme-et-resultats-complets\/\",\"url\":\"https:\/\/dicodusport.fr\/blog\/wrc-rallye-monte-carlo-2022-programme-et-resultats-complets\/\",\"name\":\"WRC 2022 - Programme et r\u00e9sultats\",\"isPartOf\":{\"@id\":\"https:\/\/dicodusport.fr\/blog\/#website\"},\"primaryImageOfPage\":{\"@id\":\"https:\/\/dicodusport.fr\/blog\/wrc-rallye-monte-carlo-2022-programme-et-resultats-complets\/#primaryimage\"},\"image\":{\"@id\":\"https:\/\/dicodusport.fr\/blog\/wrc-rallye-monte-carlo-2022-programme-et-resultats-complets\/#primaryimage\"},\"thumbnailUrl\":\"https:\/\/dicodusport.fr\/blog\/wp-content\/uploads\/2022\/01\/WRC-Rallye-Monte-Carlo-2022-Programme-et-resultats-complets.png\",\"datePublished\":\"2022-01-23T12:34:44+00:00\",\"dateModified\":\"2022-01-23T13:01:22+00:00\",\"description\":\"RALLYE WRC 2022 - Retrouvez le programme des sp\u00e9ciales et les r\u00e9sultats de la 1\u00e8re manche du championnat du monde \u00e0 Monte-Carlo.\",\"breadcrumb\":{\"@id\":\"https:\/\/dicodusport.fr\/blog\/wrc-rallye-monte-carlo-2022-programme-et-resultats-complets\/#breadcrumb\"},\"inLanguage\":\"fr-FR\",\"potentialAction\":[{\"@type\":\"ReadAction\",\"target\":[\"https:\/\/dicodusport.fr\/blog\/wrc-rallye-monte-carlo-2022-programme-et-resultats-complets\/\"]}]},{\"@type\":\"ImageObject\",\"inLanguage\":\"fr-FR\",\"@id\":\"https:\/\/dicodusport.fr\/blog\/wrc-rallye-monte-carlo-2022-programme-et-resultats-complets\/#primaryimage\",\"url\":\"https:\/\/dicodusport.fr\/blog\/wp-content\/uploads\/2022\/01\/WRC-Rallye-Monte-Carlo-2022-Programme-et-resultats-complets.png\",\"contentUrl\":\"https:\/\/dicodusport.fr\/blog\/wp-content\/uploads\/2022\/01\/WRC-Rallye-Monte-Carlo-2022-Programme-et-resultats-complets.png\",\"width\":800,\"height\":445,\"caption\":\"WRC Rallye Monte-Carlo 2022 - Programme et r\u00e9sultats complets\"},{\"@type\":\"BreadcrumbList\",\"@id\":\"https:\/\/dicodusport.fr\/blog\/wrc-rallye-monte-carlo-2022-programme-et-resultats-complets\/#breadcrumb\",\"itemListElement\":[{\"@type\":\"ListItem\",\"position\":1,\"name\":\"Accueil\",\"item\":\"https:\/\/dicodusport.fr\/blog\/\"},{\"@type\":\"ListItem\",\"position\":2,\"name\":\"WRC Rallye Monte-Carlo 2022 &#8211; Programme et r\u00e9sultats complets\"}]},{\"@type\":\"WebSite\",\"@id\":\"https:\/\/dicodusport.fr\/blog\/#website\",\"url\":\"https:\/\/dicodusport.fr\/blog\/\",\"name\":\"Dicodusport\",\"description\":\"L&#039;encyclop\u00e9die de l&#039;actualit\u00e9 sportive\",\"publisher\":{\"@id\":\"https:\/\/dicodusport.fr\/blog\/#organization\"},\"potentialAction\":[{\"@type\":\"SearchAction\",\"target\":{\"@type\":\"EntryPoint\",\"urlTemplate\":\"https:\/\/dicodusport.fr\/blog\/?s={search_term_string}\"},\"query-input\":{\"@type\":\"PropertyValueSpecification\",\"valueRequired\":true,\"valueName\":\"search_term_string\"}}],\"inLanguage\":\"fr-FR\"},{\"@type\":\"NewsMediaOrganization\",\"@id\":\"https:\/\/dicodusport.fr\/blog\/#organization\",\"name\":\"Dicodusport\",\"url\":\"https:\/\/dicodusport.fr\/blog\/\",\"logo\":{\"@type\":\"ImageObject\",\"inLanguage\":\"fr-FR\",\"@id\":\"https:\/\/dicodusport.fr\/blog\/#\/schema\/logo\/image\/\",\"url\":\"https:\/\/dicodusport.fr\/blog\/wp-content\/uploads\/2020\/06\/cropped-LOGO-DICODUSPORT-2020-SANS-FOND-SANS-TEXTE.png\",\"contentUrl\":\"https:\/\/dicodusport.fr\/blog\/wp-content\/uploads\/2020\/06\/cropped-LOGO-DICODUSPORT-2020-SANS-FOND-SANS-TEXTE.png\",\"width\":512,\"height\":512,\"caption\":\"Dicodusport\"},\"image\":{\"@id\":\"https:\/\/dicodusport.fr\/blog\/#\/schema\/logo\/image\/\"},\"sameAs\":[\"https:\/\/www.facebook.com\/dicodusport\",\"https:\/\/x.com\/dicodusport\",\"https:\/\/www.instagram.com\/dicodusport\/\",\"https:\/\/www.youtube.com\/channel\/UC7V2KZ5sd3htJivAbA4ZG3w\"],\"description\":\"Dicodusport est l'encyclop\u00e9die de l'actualit\u00e9 sportive.\",\"email\":\"bonjour@dicodusport.fr\",\"legalName\":\"DICODUSPORT\",\"foundingDate\":\"2018-01-14\",\"vatID\":\"FR71834470973\",\"taxID\":\"83447097300043\",\"numberOfEmployees\":{\"@type\":\"QuantitativeValue\",\"minValue\":\"1\",\"maxValue\":\"10\"}},{\"@type\":\"Person\",\"@id\":\"https:\/\/dicodusport.fr\/blog\/#\/schema\/person\/cb02af4c173ce4a653b55e9baf388d4a\",\"name\":\"Flo Ostermann\",\"image\":{\"@type\":\"ImageObject\",\"inLanguage\":\"fr-FR\",\"@id\":\"https:\/\/dicodusport.fr\/blog\/#\/schema\/person\/image\/\",\"url\":\"https:\/\/dicodusport.fr\/blog\/wp-content\/uploads\/2021\/05\/Flo-Ostermann-150x150.jpg\",\"contentUrl\":\"https:\/\/dicodusport.fr\/blog\/wp-content\/uploads\/2021\/05\/Flo-Ostermann-150x150.jpg\",\"caption\":\"Flo Ostermann\"},\"description\":\"Journaliste\/R\u00e9dacteur depuis septembre 2015 - Mes premiers souvenirs dans le sport ? Les envol\u00e9es du Stade Toulousain et les duels Villeneuve-Schumacher et H\u00e4kkinen-Schumacher \u00e0 la fin des ann\u00e9es 90, la Coupe du monde de football en 1998, l\u2019exploit du XV de France face aux All Blacks en 1999, mais aussi Richard C\u0153ur de Lion qui vole sur les montagnes du Tour de France. Bien parti pour devenir professeur d\u2019EPS, les \u00e9v\u00e9nements de la vie (et la flemme d\u2019animer des s\u00e9ances de 3x500 m\u00e8tres toute ma vie) m\u2019ont conduit \u00e0 revoir mes plans. Me voil\u00e0 depuis fin 2017 sur Dicodusport, m\u00e9dia gr\u00e2ce (et pour) lequel je partage ma passion : le sport dans tous ses \u00e9tats. Le tout accompagn\u00e9 par les fous furieux et folles furieuses cit\u00e9s sur cette page !\",\"sameAs\":[\"https:\/\/www.facebook.com\/florent.ostermann\",\"https:\/\/x.com\/https:\/\/twitter.com\/FlOstermann\",\"admin\"],\"url\":\"https:\/\/dicodusport.fr\/blog\/author\/flo\/\"}]}<\/script>\n<!-- \/ Yoast SEO Premium plugin. -->","yoast_head_json":{"title":"WRC 2022 - Programme et r\u00e9sultats","description":"RALLYE WRC 2022 - Retrouvez le programme des sp\u00e9ciales et les r\u00e9sultats de la 1\u00e8re manche du championnat du monde \u00e0 Monte-Carlo.","robots":{"index":"index","follow":"follow","max-snippet":"max-snippet:-1","max-image-preview":"max-image-preview:large","max-video-preview":"max-video-preview:-1"},"canonical":"https:\/\/dicodusport.fr\/blog\/wrc-rallye-monte-carlo-2022-programme-et-resultats-complets\/","og_locale":"fr_FR","og_type":"article","og_title":"WRC Rallye Monte-Carlo 2022 - Programme et r\u00e9sultats complets","og_description":"RALLYE WRC 2022 - Retrouvez le programme des sp\u00e9ciales et les r\u00e9sultats de la 1\u00e8re manche du championnat du monde \u00e0 Monte-Carlo.","og_url":"https:\/\/dicodusport.fr\/blog\/wrc-rallye-monte-carlo-2022-programme-et-resultats-complets\/","og_site_name":"Dicodusport","article_publisher":"https:\/\/www.facebook.com\/dicodusport","article_author":"https:\/\/www.facebook.com\/florent.ostermann","article_published_time":"2022-01-23T12:34:44+00:00","article_modified_time":"2022-01-23T13:01:22+00:00","og_image":[{"width":800,"height":445,"url":"https:\/\/dicodusport.fr\/blog\/wp-content\/uploads\/2022\/01\/WRC-Rallye-Monte-Carlo-2022-Programme-et-resultats-complets.png","type":"image\/png"}],"author":"Flo Ostermann","twitter_card":"summary_large_image","twitter_title":"WRC Rallye Monte-Carlo 2022 - Programme et r\u00e9sultats complets","twitter_creator":"@https:\/\/twitter.com\/FlOstermann","twitter_site":"@dicodusport","schema":{"@context":"https:\/\/schema.org","@graph":[{"@type":"NewsArticle","@id":"https:\/\/dicodusport.fr\/blog\/wrc-rallye-monte-carlo-2022-programme-et-resultats-complets\/#article","isPartOf":{"@id":"https:\/\/dicodusport.fr\/blog\/wrc-rallye-monte-carlo-2022-programme-et-resultats-complets\/"},"author":{"name":"Flo Ostermann","@id":"https:\/\/dicodusport.fr\/blog\/#\/schema\/person\/cb02af4c173ce4a653b55e9baf388d4a"},"headline":"WRC Rallye Monte-Carlo 2022 &#8211; Programme et r\u00e9sultats complets","datePublished":"2022-01-23T12:34:44+00:00","dateModified":"2022-01-23T13:01:22+00:00","mainEntityOfPage":{"@id":"https:\/\/dicodusport.fr\/blog\/wrc-rallye-monte-carlo-2022-programme-et-resultats-complets\/"},"wordCount":914,"commentCount":0,"publisher":{"@id":"https:\/\/dicodusport.fr\/blog\/#organization"},"image":{"@id":"https:\/\/dicodusport.fr\/blog\/wrc-rallye-monte-carlo-2022-programme-et-resultats-complets\/#primaryimage"},"thumbnailUrl":"https:\/\/dicodusport.fr\/blog\/wp-content\/uploads\/2022\/01\/WRC-Rallye-Monte-Carlo-2022-Programme-et-resultats-complets.png","keywords":["Rallye Monte-Carlo","WRC Monte-Carlo"],"articleSection":["Rallye WRC"],"inLanguage":"fr-FR","potentialAction":[{"@type":"CommentAction","name":"Comment","target":["https:\/\/dicodusport.fr\/blog\/wrc-rallye-monte-carlo-2022-programme-et-resultats-complets\/#respond"]}],"copyrightYear":"2022","copyrightHolder":{"@id":"https:\/\/dicodusport.fr\/blog\/#organization"}},{"@type":"WebPage","@id":"https:\/\/dicodusport.fr\/blog\/wrc-rallye-monte-carlo-2022-programme-et-resultats-complets\/","url":"https:\/\/dicodusport.fr\/blog\/wrc-rallye-monte-carlo-2022-programme-et-resultats-complets\/","name":"WRC 2022 - Programme et r\u00e9sultats","isPartOf":{"@id":"https:\/\/dicodusport.fr\/blog\/#website"},"primaryImageOfPage":{"@id":"https:\/\/dicodusport.fr\/blog\/wrc-rallye-monte-carlo-2022-programme-et-resultats-complets\/#primaryimage"},"image":{"@id":"https:\/\/dicodusport.fr\/blog\/wrc-rallye-monte-carlo-2022-programme-et-resultats-complets\/#primaryimage"},"thumbnailUrl":"https:\/\/dicodusport.fr\/blog\/wp-content\/uploads\/2022\/01\/WRC-Rallye-Monte-Carlo-2022-Programme-et-resultats-complets.png","datePublished":"2022-01-23T12:34:44+00:00","dateModified":"2022-01-23T13:01:22+00:00","description":"RALLYE WRC 2022 - Retrouvez le programme des sp\u00e9ciales et les r\u00e9sultats de la 1\u00e8re manche du championnat du monde \u00e0 Monte-Carlo.","breadcrumb":{"@id":"https:\/\/dicodusport.fr\/blog\/wrc-rallye-monte-carlo-2022-programme-et-resultats-complets\/#breadcrumb"},"inLanguage":"fr-FR","potentialAction":[{"@type":"ReadAction","target":["https:\/\/dicodusport.fr\/blog\/wrc-rallye-monte-carlo-2022-programme-et-resultats-complets\/"]}]},{"@type":"ImageObject","inLanguage":"fr-FR","@id":"https:\/\/dicodusport.fr\/blog\/wrc-rallye-monte-carlo-2022-programme-et-resultats-complets\/#primaryimage","url":"https:\/\/dicodusport.fr\/blog\/wp-content\/uploads\/2022\/01\/WRC-Rallye-Monte-Carlo-2022-Programme-et-resultats-complets.png","contentUrl":"https:\/\/dicodusport.fr\/blog\/wp-content\/uploads\/2022\/01\/WRC-Rallye-Monte-Carlo-2022-Programme-et-resultats-complets.png","width":800,"height":445,"caption":"WRC Rallye Monte-Carlo 2022 - Programme et r\u00e9sultats complets"},{"@type":"BreadcrumbList","@id":"https:\/\/dicodusport.fr\/blog\/wrc-rallye-monte-carlo-2022-programme-et-resultats-complets\/#breadcrumb","itemListElement":[{"@type":"ListItem","position":1,"name":"Accueil","item":"https:\/\/dicodusport.fr\/blog\/"},{"@type":"ListItem","position":2,"name":"WRC Rallye Monte-Carlo 2022 &#8211; Programme et r\u00e9sultats complets"}]},{"@type":"WebSite","@id":"https:\/\/dicodusport.fr\/blog\/#website","url":"https:\/\/dicodusport.fr\/blog\/","name":"Dicodusport","description":"L&#039;encyclop\u00e9die de l&#039;actualit\u00e9 sportive","publisher":{"@id":"https:\/\/dicodusport.fr\/blog\/#organization"},"potentialAction":[{"@type":"SearchAction","target":{"@type":"EntryPoint","urlTemplate":"https:\/\/dicodusport.fr\/blog\/?s={search_term_string}"},"query-input":{"@type":"PropertyValueSpecification","valueRequired":true,"valueName":"search_term_string"}}],"inLanguage":"fr-FR"},{"@type":"NewsMediaOrganization","@id":"https:\/\/dicodusport.fr\/blog\/#organization","name":"Dicodusport","url":"https:\/\/dicodusport.fr\/blog\/","logo":{"@type":"ImageObject","inLanguage":"fr-FR","@id":"https:\/\/dicodusport.fr\/blog\/#\/schema\/logo\/image\/","url":"https:\/\/dicodusport.fr\/blog\/wp-content\/uploads\/2020\/06\/cropped-LOGO-DICODUSPORT-2020-SANS-FOND-SANS-TEXTE.png","contentUrl":"https:\/\/dicodusport.fr\/blog\/wp-content\/uploads\/2020\/06\/cropped-LOGO-DICODUSPORT-2020-SANS-FOND-SANS-TEXTE.png","width":512,"height":512,"caption":"Dicodusport"},"image":{"@id":"https:\/\/dicodusport.fr\/blog\/#\/schema\/logo\/image\/"},"sameAs":["https:\/\/www.facebook.com\/dicodusport","https:\/\/x.com\/dicodusport","https:\/\/www.instagram.com\/dicodusport\/","https:\/\/www.youtube.com\/channel\/UC7V2KZ5sd3htJivAbA4ZG3w"],"description":"Dicodusport est l'encyclop\u00e9die de l'actualit\u00e9 sportive.","email":"bonjour@dicodusport.fr","legalName":"DICODUSPORT","foundingDate":"2018-01-14","vatID":"FR71834470973","taxID":"83447097300043","numberOfEmployees":{"@type":"QuantitativeValue","minValue":"1","maxValue":"10"}},{"@type":"Person","@id":"https:\/\/dicodusport.fr\/blog\/#\/schema\/person\/cb02af4c173ce4a653b55e9baf388d4a","name":"Flo Ostermann","image":{"@type":"ImageObject","inLanguage":"fr-FR","@id":"https:\/\/dicodusport.fr\/blog\/#\/schema\/person\/image\/","url":"https:\/\/dicodusport.fr\/blog\/wp-content\/uploads\/2021\/05\/Flo-Ostermann-150x150.jpg","contentUrl":"https:\/\/dicodusport.fr\/blog\/wp-content\/uploads\/2021\/05\/Flo-Ostermann-150x150.jpg","caption":"Flo Ostermann"},"description":"Journaliste\/R\u00e9dacteur depuis septembre 2015 - Mes premiers souvenirs dans le sport ? Les envol\u00e9es du Stade Toulousain et les duels Villeneuve-Schumacher et H\u00e4kkinen-Schumacher \u00e0 la fin des ann\u00e9es 90, la Coupe du monde de football en 1998, l\u2019exploit du XV de France face aux All Blacks en 1999, mais aussi Richard C\u0153ur de Lion qui vole sur les montagnes du Tour de France. Bien parti pour devenir professeur d\u2019EPS, les \u00e9v\u00e9nements de la vie (et la flemme d\u2019animer des s\u00e9ances de 3x500 m\u00e8tres toute ma vie) m\u2019ont conduit \u00e0 revoir mes plans. Me voil\u00e0 depuis fin 2017 sur Dicodusport, m\u00e9dia gr\u00e2ce (et pour) lequel je partage ma passion : le sport dans tous ses \u00e9tats. Le tout accompagn\u00e9 par les fous furieux et folles furieuses cit\u00e9s sur cette page !","sameAs":["https:\/\/www.facebook.com\/florent.ostermann","https:\/\/x.com\/https:\/\/twitter.com\/FlOstermann","admin"],"url":"https:\/\/dicodusport.fr\/blog\/author\/flo\/"}]}},"_links":{"self":[{"href":"https:\/\/dicodusport.fr\/blog\/wp-json\/wp\/v2\/posts\/192291","targetHints":{"allow":["GET"]}}],"collection":[{"href":"https:\/\/dicodusport.fr\/blog\/wp-json\/wp\/v2\/posts"}],"about":[{"href":"https:\/\/dicodusport.fr\/blog\/wp-json\/wp\/v2\/types\/post"}],"author":[{"embeddable":true,"href":"https:\/\/dicodusport.fr\/blog\/wp-json\/wp\/v2\/users\/4"}],"replies":[{"embeddable":true,"href":"https:\/\/dicodusport.fr\/blog\/wp-json\/wp\/v2\/comments?post=192291"}],"version-history":[{"count":0,"href":"https:\/\/dicodusport.fr\/blog\/wp-json\/wp\/v2\/posts\/192291\/revisions"}],"wp:featuredmedia":[{"embeddable":true,"href":"https:\/\/dicodusport.fr\/blog\/wp-json\/wp\/v2\/media\/192336"}],"wp:attachment":[{"href":"https:\/\/dicodusport.fr\/blog\/wp-json\/wp\/v2\/media?parent=192291"}],"wp:term":[{"taxonomy":"category","embeddable":true,"href":"https:\/\/dicodusport.fr\/blog\/wp-json\/wp\/v2\/categories?post=192291"},{"taxonomy":"post_tag","embeddable":true,"href":"https:\/\/dicodusport.fr\/blog\/wp-json\/wp\/v2\/tags?post=192291"}],"curies":[{"name":"wp","href":"https:\/\/api.w.org\/{rel}","templated":true}]}}