{"id":192468,"date":"2022-01-19T12:24:27","date_gmt":"2022-01-19T11:24:27","guid":{"rendered":"https:\/\/dicodusport.fr\/blog\/?p=192468&#038;preview=true&#038;preview_id=192468"},"modified":"2022-01-19T15:26:48","modified_gmt":"2022-01-19T14:26:48","slug":"championnat-d-europe-juniors-de-biathlon-camille-coupe-en-or-jeanne-richard-en-argent","status":"publish","type":"post","link":"https:\/\/dicodusport.fr\/blog\/championnat-d-europe-juniors-de-biathlon-camille-coupe-en-or-jeanne-richard-en-argent\/","title":{"rendered":"Championnat d&rsquo;Europe juniors de biathlon : Camille Coup\u00e9 en or, Jeanne Richard en argent"},"content":{"rendered":"<p style=\"text-align: justify;\"><strong><em>CHAMPIONNATS D&rsquo;EUROPE JUNIORS DE BIATHLON &#8211; Premi\u00e8re \u00e9preuve, et d\u00e9j\u00e0 deux m\u00e9dailles pour l&rsquo;\u00e9quipe de France juniors : Camille Coup\u00e9 s&rsquo;est empar\u00e9e du titre europ\u00e9en sur l&rsquo;individuel 12,5 km, devant sa compatriote, Jeanne Richard.<\/em><\/strong><\/p>\n<p style=\"text-align: justify;\">L&rsquo;\u00e9quipe de France juniors de biathlon d\u00e9bute tr\u00e8s fort \u00e0 Pokljuka (Slov\u00e9nie) ! Ce mercredi, la Savoyarde <strong>Camille Coup\u00e9<\/strong> est devenue championne d&rsquo;Europe juniors de l&rsquo;individuel 12,5 km. Au prix d&rsquo;un sans-faute face aux cibles et d&rsquo;un gros dernier tour sur les skis, Coup\u00e9 a devanc\u00e9 sa compatriote <strong>Jeanne Richard <\/strong>(+4.6 secondes), \u00e9galement impeccable derri\u00e8re la carabine (20\/20), et <a href=\"https:\/\/dicodusport.fr\/blog\/mondiaux-jeunes-biathlon-jeanne-richard-se-pare-d-or-sur-individuel\/\">championne du monde jeunes en titre<\/a> sur cette m\u00eame \u00e9preuve de l&rsquo;individuel. La Russe <strong>Anastasia Grishina<\/strong> (20\/20) compl\u00e8te le podium, \u00e0 seulement deux dixi\u00e8mes de Jeanne Richard.<\/p>\n<p style=\"text-align: justify;\">\u00c0 noter que quatre autres Fran\u00e7aises ont trust\u00e9 le top 20 ce mercredi : <strong>Fany Bertrand<\/strong> (13\u00e8me, 18\/20), <strong>Coralie Langel<\/strong> (14\u00e8me,\u00a0 18\/20), <strong>No\u00e9mie Remonnay<\/strong> (15\u00e8me, 19\/20) et <strong>Margot Chichignoud<\/strong> (18\u00e8me, 18\/20).<\/p>\n<blockquote class=\"twitter-tweet\">\n<p dir=\"ltr\" lang=\"en\">Top 6 ladies getting ready for the ceremony. &#x1f490;&#x1f973; <a href=\"https:\/\/t.co\/49cJ92mtto\">pic.twitter.com\/49cJ92mtto<\/a><\/p>\n<p>\u2014 IBU Junior Cup (@IBU_Junior) <a href=\"https:\/\/twitter.com\/IBU_Junior\/status\/1483758864868810752?ref_src=twsrc%5Etfw\">January 19, 2022<\/a><\/p><\/blockquote>\n<p><script async src=\"https:\/\/platform.twitter.com\/widgets.js\" charset=\"utf-8\"><\/script><\/p>\n<h2 style=\"text-align: justify;\"><strong>Les r\u00e9sultats complets<\/strong><\/h2>\n<a href=\"https:\/\/dicodusport.fr\/blog\/wp-content\/uploads\/2022\/01\/Resultats-individuel-femmes-championnats-dEurope-juniors-biathlon.pdf\" class=\"pdfemb-viewer\" style=\"\" data-width=\"max\" data-height=\"max\"  data-toolbar=\"both\" data-toolbar-fixed=\"on\">R\u00e9sultats individuel femmes championnats d&#039;Europe juniors biathlon<br\/><\/a>\n<p>&nbsp;<\/p>\n","protected":false},"excerpt":{"rendered":"<p>CHAMPIONNATS D&rsquo;EUROPE JUNIORS DE BIATHLON &#8211; Premi\u00e8re \u00e9preuve, et d\u00e9j\u00e0 deux m\u00e9dailles pour l&rsquo;\u00e9quipe de France juniors : Camille Coup\u00e9 s&rsquo;est empar\u00e9e du titre europ\u00e9en sur l&rsquo;individuel 12,5 km, devant sa compatriote, Jeanne Richard.<\/p>\n","protected":false},"author":4,"featured_media":192479,"comment_status":"open","ping_status":"closed","sticky":false,"template":"","format":"standard","meta":{"_acf_changed":false,"_daextam_enable_autolinks":"","footnotes":""},"categories":[2426],"tags":[2427,21319,14786,24],"class_list":["post-192468","post","type-post","status-publish","format-standard","has-post-thumbnail","hentry","category-biathlon","tag-biathlon","tag-championnats-du-monde-juniors-de-biathlon","tag-jeanne-richard","tag-sport"],"acf":[],"yoast_head":"<!-- This site is optimized with the Yoast SEO Premium plugin v26.7 (Yoast SEO v26.7) - https:\/\/yoast.com\/wordpress\/plugins\/seo\/ -->\n<title>Championnat d&#039;Europe juniors de biathlon : Camille Coup\u00e9 en or, Jeanne Richard en argent<\/title>\n<meta name=\"description\" content=\"CHAMPIONNATS D&#039;EUROPE JUNIORS DE BIATHLON - Camille Coup\u00e9 s&#039;est empar\u00e9e du titre europ\u00e9en sur l&#039;individuel 12,5 km, devant Jeanne Richard.\" \/>\n<meta name=\"robots\" content=\"index, follow, max-snippet:-1, max-image-preview:large, max-video-preview:-1\" \/>\n<link rel=\"canonical\" href=\"https:\/\/dicodusport.fr\/blog\/championnat-d-europe-juniors-de-biathlon-camille-coupe-en-or-jeanne-richard-en-argent\/\" \/>\n<meta property=\"og:locale\" content=\"fr_FR\" \/>\n<meta property=\"og:type\" content=\"article\" \/>\n<meta property=\"og:title\" content=\"Championnat d&#039;Europe juniors de biathlon : Camille Coup\u00e9 en or, Jeanne Richard en argent\" \/>\n<meta property=\"og:description\" content=\"CHAMPIONNATS D&#039;EUROPE JUNIORS DE BIATHLON - Camille Coup\u00e9 s&#039;est empar\u00e9e du titre europ\u00e9en sur l&#039;individuel 12,5 km, devant Jeanne Richard.\" \/>\n<meta property=\"og:url\" content=\"https:\/\/dicodusport.fr\/blog\/championnat-d-europe-juniors-de-biathlon-camille-coupe-en-or-jeanne-richard-en-argent\/\" \/>\n<meta property=\"og:site_name\" content=\"Dicodusport\" \/>\n<meta property=\"article:publisher\" content=\"https:\/\/www.facebook.com\/dicodusport\" \/>\n<meta property=\"article:author\" content=\"https:\/\/www.facebook.com\/florent.ostermann\" \/>\n<meta property=\"article:published_time\" content=\"2022-01-19T11:24:27+00:00\" \/>\n<meta property=\"article:modified_time\" content=\"2022-01-19T14:26:48+00:00\" \/>\n<meta property=\"og:image\" content=\"https:\/\/dicodusport.fr\/blog\/wp-content\/uploads\/2022\/01\/Pokljuka-Championnat-dEurope-juniors-de-biathlon-Camille-Coupe-en-or-Jeanne-Richard-en-argent.png\" \/>\n\t<meta property=\"og:image:width\" content=\"800\" \/>\n\t<meta property=\"og:image:height\" content=\"445\" \/>\n\t<meta property=\"og:image:type\" content=\"image\/png\" \/>\n<meta name=\"author\" content=\"Flo Ostermann\" \/>\n<meta name=\"twitter:card\" content=\"summary_large_image\" \/>\n<meta name=\"twitter:title\" content=\"Championnat d&#039;Europe juniors de biathlon : Camille Coup\u00e9 en or, Jeanne Richard en argent\" \/>\n<meta name=\"twitter:creator\" content=\"@https:\/\/twitter.com\/FlOstermann\" \/>\n<meta name=\"twitter:site\" content=\"@dicodusport\" \/>\n<script type=\"application\/ld+json\" class=\"yoast-schema-graph\">{\"@context\":\"https:\/\/schema.org\",\"@graph\":[{\"@type\":\"NewsArticle\",\"@id\":\"https:\/\/dicodusport.fr\/blog\/championnat-d-europe-juniors-de-biathlon-camille-coupe-en-or-jeanne-richard-en-argent\/#article\",\"isPartOf\":{\"@id\":\"https:\/\/dicodusport.fr\/blog\/championnat-d-europe-juniors-de-biathlon-camille-coupe-en-or-jeanne-richard-en-argent\/\"},\"author\":{\"name\":\"Flo Ostermann\",\"@id\":\"https:\/\/dicodusport.fr\/blog\/#\/schema\/person\/cb02af4c173ce4a653b55e9baf388d4a\"},\"headline\":\"Championnat d&rsquo;Europe juniors de biathlon : Camille Coup\u00e9 en or, Jeanne Richard en argent\",\"datePublished\":\"2022-01-19T11:24:27+00:00\",\"dateModified\":\"2022-01-19T14:26:48+00:00\",\"mainEntityOfPage\":{\"@id\":\"https:\/\/dicodusport.fr\/blog\/championnat-d-europe-juniors-de-biathlon-camille-coupe-en-or-jeanne-richard-en-argent\/\"},\"wordCount\":220,\"commentCount\":0,\"publisher\":{\"@id\":\"https:\/\/dicodusport.fr\/blog\/#organization\"},\"image\":{\"@id\":\"https:\/\/dicodusport.fr\/blog\/championnat-d-europe-juniors-de-biathlon-camille-coupe-en-or-jeanne-richard-en-argent\/#primaryimage\"},\"thumbnailUrl\":\"https:\/\/dicodusport.fr\/blog\/wp-content\/uploads\/2022\/01\/Pokljuka-Championnat-dEurope-juniors-de-biathlon-Camille-Coupe-en-or-Jeanne-Richard-en-argent.png\",\"keywords\":[\"Biathlon\",\"Championnats du monde juniors de biathlon\",\"Jeanne Richard\",\"sport\"],\"articleSection\":[\"Biathlon\"],\"inLanguage\":\"fr-FR\",\"potentialAction\":[{\"@type\":\"CommentAction\",\"name\":\"Comment\",\"target\":[\"https:\/\/dicodusport.fr\/blog\/championnat-d-europe-juniors-de-biathlon-camille-coupe-en-or-jeanne-richard-en-argent\/#respond\"]}],\"copyrightYear\":\"2022\",\"copyrightHolder\":{\"@id\":\"https:\/\/dicodusport.fr\/blog\/#organization\"}},{\"@type\":\"WebPage\",\"@id\":\"https:\/\/dicodusport.fr\/blog\/championnat-d-europe-juniors-de-biathlon-camille-coupe-en-or-jeanne-richard-en-argent\/\",\"url\":\"https:\/\/dicodusport.fr\/blog\/championnat-d-europe-juniors-de-biathlon-camille-coupe-en-or-jeanne-richard-en-argent\/\",\"name\":\"Championnat d'Europe juniors de biathlon : Camille Coup\u00e9 en or, Jeanne Richard en argent\",\"isPartOf\":{\"@id\":\"https:\/\/dicodusport.fr\/blog\/#website\"},\"primaryImageOfPage\":{\"@id\":\"https:\/\/dicodusport.fr\/blog\/championnat-d-europe-juniors-de-biathlon-camille-coupe-en-or-jeanne-richard-en-argent\/#primaryimage\"},\"image\":{\"@id\":\"https:\/\/dicodusport.fr\/blog\/championnat-d-europe-juniors-de-biathlon-camille-coupe-en-or-jeanne-richard-en-argent\/#primaryimage\"},\"thumbnailUrl\":\"https:\/\/dicodusport.fr\/blog\/wp-content\/uploads\/2022\/01\/Pokljuka-Championnat-dEurope-juniors-de-biathlon-Camille-Coupe-en-or-Jeanne-Richard-en-argent.png\",\"datePublished\":\"2022-01-19T11:24:27+00:00\",\"dateModified\":\"2022-01-19T14:26:48+00:00\",\"description\":\"CHAMPIONNATS D'EUROPE JUNIORS DE BIATHLON - Camille Coup\u00e9 s'est empar\u00e9e du titre europ\u00e9en sur l'individuel 12,5 km, devant Jeanne Richard.\",\"breadcrumb\":{\"@id\":\"https:\/\/dicodusport.fr\/blog\/championnat-d-europe-juniors-de-biathlon-camille-coupe-en-or-jeanne-richard-en-argent\/#breadcrumb\"},\"inLanguage\":\"fr-FR\",\"potentialAction\":[{\"@type\":\"ReadAction\",\"target\":[\"https:\/\/dicodusport.fr\/blog\/championnat-d-europe-juniors-de-biathlon-camille-coupe-en-or-jeanne-richard-en-argent\/\"]}]},{\"@type\":\"ImageObject\",\"inLanguage\":\"fr-FR\",\"@id\":\"https:\/\/dicodusport.fr\/blog\/championnat-d-europe-juniors-de-biathlon-camille-coupe-en-or-jeanne-richard-en-argent\/#primaryimage\",\"url\":\"https:\/\/dicodusport.fr\/blog\/wp-content\/uploads\/2022\/01\/Pokljuka-Championnat-dEurope-juniors-de-biathlon-Camille-Coupe-en-or-Jeanne-Richard-en-argent.png\",\"contentUrl\":\"https:\/\/dicodusport.fr\/blog\/wp-content\/uploads\/2022\/01\/Pokljuka-Championnat-dEurope-juniors-de-biathlon-Camille-Coupe-en-or-Jeanne-Richard-en-argent.png\",\"width\":800,\"height\":445,\"caption\":\"Pokljuka - Championnat d'Europe juniors de biathlon Camille Coup\u00e9 en or, Jeanne Richard en argent\"},{\"@type\":\"BreadcrumbList\",\"@id\":\"https:\/\/dicodusport.fr\/blog\/championnat-d-europe-juniors-de-biathlon-camille-coupe-en-or-jeanne-richard-en-argent\/#breadcrumb\",\"itemListElement\":[{\"@type\":\"ListItem\",\"position\":1,\"name\":\"Accueil\",\"item\":\"https:\/\/dicodusport.fr\/blog\/\"},{\"@type\":\"ListItem\",\"position\":2,\"name\":\"Championnat d&rsquo;Europe juniors de biathlon : Camille Coup\u00e9 en or, Jeanne Richard en argent\"}]},{\"@type\":\"WebSite\",\"@id\":\"https:\/\/dicodusport.fr\/blog\/#website\",\"url\":\"https:\/\/dicodusport.fr\/blog\/\",\"name\":\"Dicodusport\",\"description\":\"L&#039;encyclop\u00e9die de l&#039;actualit\u00e9 sportive\",\"publisher\":{\"@id\":\"https:\/\/dicodusport.fr\/blog\/#organization\"},\"potentialAction\":[{\"@type\":\"SearchAction\",\"target\":{\"@type\":\"EntryPoint\",\"urlTemplate\":\"https:\/\/dicodusport.fr\/blog\/?s={search_term_string}\"},\"query-input\":{\"@type\":\"PropertyValueSpecification\",\"valueRequired\":true,\"valueName\":\"search_term_string\"}}],\"inLanguage\":\"fr-FR\"},{\"@type\":\"NewsMediaOrganization\",\"@id\":\"https:\/\/dicodusport.fr\/blog\/#organization\",\"name\":\"Dicodusport\",\"url\":\"https:\/\/dicodusport.fr\/blog\/\",\"logo\":{\"@type\":\"ImageObject\",\"inLanguage\":\"fr-FR\",\"@id\":\"https:\/\/dicodusport.fr\/blog\/#\/schema\/logo\/image\/\",\"url\":\"https:\/\/dicodusport.fr\/blog\/wp-content\/uploads\/2020\/06\/cropped-LOGO-DICODUSPORT-2020-SANS-FOND-SANS-TEXTE.png\",\"contentUrl\":\"https:\/\/dicodusport.fr\/blog\/wp-content\/uploads\/2020\/06\/cropped-LOGO-DICODUSPORT-2020-SANS-FOND-SANS-TEXTE.png\",\"width\":512,\"height\":512,\"caption\":\"Dicodusport\"},\"image\":{\"@id\":\"https:\/\/dicodusport.fr\/blog\/#\/schema\/logo\/image\/\"},\"sameAs\":[\"https:\/\/www.facebook.com\/dicodusport\",\"https:\/\/x.com\/dicodusport\",\"https:\/\/www.instagram.com\/dicodusport\/\",\"https:\/\/www.youtube.com\/channel\/UC7V2KZ5sd3htJivAbA4ZG3w\"],\"description\":\"Dicodusport est l'encyclop\u00e9die de l'actualit\u00e9 sportive.\",\"email\":\"bonjour@dicodusport.fr\",\"legalName\":\"DICODUSPORT\",\"foundingDate\":\"2018-01-14\",\"vatID\":\"FR71834470973\",\"taxID\":\"83447097300043\",\"numberOfEmployees\":{\"@type\":\"QuantitativeValue\",\"minValue\":\"1\",\"maxValue\":\"10\"}},{\"@type\":\"Person\",\"@id\":\"https:\/\/dicodusport.fr\/blog\/#\/schema\/person\/cb02af4c173ce4a653b55e9baf388d4a\",\"name\":\"Flo Ostermann\",\"image\":{\"@type\":\"ImageObject\",\"inLanguage\":\"fr-FR\",\"@id\":\"https:\/\/dicodusport.fr\/blog\/#\/schema\/person\/image\/\",\"url\":\"https:\/\/dicodusport.fr\/blog\/wp-content\/uploads\/2021\/05\/Flo-Ostermann-150x150.jpg\",\"contentUrl\":\"https:\/\/dicodusport.fr\/blog\/wp-content\/uploads\/2021\/05\/Flo-Ostermann-150x150.jpg\",\"caption\":\"Flo Ostermann\"},\"description\":\"Journaliste\/R\u00e9dacteur depuis septembre 2015 - Mes premiers souvenirs dans le sport ? Les envol\u00e9es du Stade Toulousain et les duels Villeneuve-Schumacher et H\u00e4kkinen-Schumacher \u00e0 la fin des ann\u00e9es 90, la Coupe du monde de football en 1998, l\u2019exploit du XV de France face aux All Blacks en 1999, mais aussi Richard C\u0153ur de Lion qui vole sur les montagnes du Tour de France. Bien parti pour devenir professeur d\u2019EPS, les \u00e9v\u00e9nements de la vie (et la flemme d\u2019animer des s\u00e9ances de 3x500 m\u00e8tres toute ma vie) m\u2019ont conduit \u00e0 revoir mes plans. Me voil\u00e0 depuis fin 2017 sur Dicodusport, m\u00e9dia gr\u00e2ce (et pour) lequel je partage ma passion : le sport dans tous ses \u00e9tats. Le tout accompagn\u00e9 par les fous furieux et folles furieuses cit\u00e9s sur cette page !\",\"sameAs\":[\"https:\/\/www.facebook.com\/florent.ostermann\",\"https:\/\/x.com\/https:\/\/twitter.com\/FlOstermann\",\"admin\"],\"url\":\"https:\/\/dicodusport.fr\/blog\/author\/flo\/\"}]}<\/script>\n<!-- \/ Yoast SEO Premium plugin. -->","yoast_head_json":{"title":"Championnat d'Europe juniors de biathlon : Camille Coup\u00e9 en or, Jeanne Richard en argent","description":"CHAMPIONNATS D'EUROPE JUNIORS DE BIATHLON - Camille Coup\u00e9 s'est empar\u00e9e du titre europ\u00e9en sur l'individuel 12,5 km, devant Jeanne Richard.","robots":{"index":"index","follow":"follow","max-snippet":"max-snippet:-1","max-image-preview":"max-image-preview:large","max-video-preview":"max-video-preview:-1"},"canonical":"https:\/\/dicodusport.fr\/blog\/championnat-d-europe-juniors-de-biathlon-camille-coupe-en-or-jeanne-richard-en-argent\/","og_locale":"fr_FR","og_type":"article","og_title":"Championnat d'Europe juniors de biathlon : Camille Coup\u00e9 en or, Jeanne Richard en argent","og_description":"CHAMPIONNATS D'EUROPE JUNIORS DE BIATHLON - Camille Coup\u00e9 s'est empar\u00e9e du titre europ\u00e9en sur l'individuel 12,5 km, devant Jeanne Richard.","og_url":"https:\/\/dicodusport.fr\/blog\/championnat-d-europe-juniors-de-biathlon-camille-coupe-en-or-jeanne-richard-en-argent\/","og_site_name":"Dicodusport","article_publisher":"https:\/\/www.facebook.com\/dicodusport","article_author":"https:\/\/www.facebook.com\/florent.ostermann","article_published_time":"2022-01-19T11:24:27+00:00","article_modified_time":"2022-01-19T14:26:48+00:00","og_image":[{"width":800,"height":445,"url":"https:\/\/dicodusport.fr\/blog\/wp-content\/uploads\/2022\/01\/Pokljuka-Championnat-dEurope-juniors-de-biathlon-Camille-Coupe-en-or-Jeanne-Richard-en-argent.png","type":"image\/png"}],"author":"Flo Ostermann","twitter_card":"summary_large_image","twitter_title":"Championnat d'Europe juniors de biathlon : Camille Coup\u00e9 en or, Jeanne Richard en argent","twitter_creator":"@https:\/\/twitter.com\/FlOstermann","twitter_site":"@dicodusport","schema":{"@context":"https:\/\/schema.org","@graph":[{"@type":"NewsArticle","@id":"https:\/\/dicodusport.fr\/blog\/championnat-d-europe-juniors-de-biathlon-camille-coupe-en-or-jeanne-richard-en-argent\/#article","isPartOf":{"@id":"https:\/\/dicodusport.fr\/blog\/championnat-d-europe-juniors-de-biathlon-camille-coupe-en-or-jeanne-richard-en-argent\/"},"author":{"name":"Flo Ostermann","@id":"https:\/\/dicodusport.fr\/blog\/#\/schema\/person\/cb02af4c173ce4a653b55e9baf388d4a"},"headline":"Championnat d&rsquo;Europe juniors de biathlon : Camille Coup\u00e9 en or, Jeanne Richard en argent","datePublished":"2022-01-19T11:24:27+00:00","dateModified":"2022-01-19T14:26:48+00:00","mainEntityOfPage":{"@id":"https:\/\/dicodusport.fr\/blog\/championnat-d-europe-juniors-de-biathlon-camille-coupe-en-or-jeanne-richard-en-argent\/"},"wordCount":220,"commentCount":0,"publisher":{"@id":"https:\/\/dicodusport.fr\/blog\/#organization"},"image":{"@id":"https:\/\/dicodusport.fr\/blog\/championnat-d-europe-juniors-de-biathlon-camille-coupe-en-or-jeanne-richard-en-argent\/#primaryimage"},"thumbnailUrl":"https:\/\/dicodusport.fr\/blog\/wp-content\/uploads\/2022\/01\/Pokljuka-Championnat-dEurope-juniors-de-biathlon-Camille-Coupe-en-or-Jeanne-Richard-en-argent.png","keywords":["Biathlon","Championnats du monde juniors de biathlon","Jeanne Richard","sport"],"articleSection":["Biathlon"],"inLanguage":"fr-FR","potentialAction":[{"@type":"CommentAction","name":"Comment","target":["https:\/\/dicodusport.fr\/blog\/championnat-d-europe-juniors-de-biathlon-camille-coupe-en-or-jeanne-richard-en-argent\/#respond"]}],"copyrightYear":"2022","copyrightHolder":{"@id":"https:\/\/dicodusport.fr\/blog\/#organization"}},{"@type":"WebPage","@id":"https:\/\/dicodusport.fr\/blog\/championnat-d-europe-juniors-de-biathlon-camille-coupe-en-or-jeanne-richard-en-argent\/","url":"https:\/\/dicodusport.fr\/blog\/championnat-d-europe-juniors-de-biathlon-camille-coupe-en-or-jeanne-richard-en-argent\/","name":"Championnat d'Europe juniors de biathlon : Camille Coup\u00e9 en or, Jeanne Richard en argent","isPartOf":{"@id":"https:\/\/dicodusport.fr\/blog\/#website"},"primaryImageOfPage":{"@id":"https:\/\/dicodusport.fr\/blog\/championnat-d-europe-juniors-de-biathlon-camille-coupe-en-or-jeanne-richard-en-argent\/#primaryimage"},"image":{"@id":"https:\/\/dicodusport.fr\/blog\/championnat-d-europe-juniors-de-biathlon-camille-coupe-en-or-jeanne-richard-en-argent\/#primaryimage"},"thumbnailUrl":"https:\/\/dicodusport.fr\/blog\/wp-content\/uploads\/2022\/01\/Pokljuka-Championnat-dEurope-juniors-de-biathlon-Camille-Coupe-en-or-Jeanne-Richard-en-argent.png","datePublished":"2022-01-19T11:24:27+00:00","dateModified":"2022-01-19T14:26:48+00:00","description":"CHAMPIONNATS D'EUROPE JUNIORS DE BIATHLON - Camille Coup\u00e9 s'est empar\u00e9e du titre europ\u00e9en sur l'individuel 12,5 km, devant Jeanne Richard.","breadcrumb":{"@id":"https:\/\/dicodusport.fr\/blog\/championnat-d-europe-juniors-de-biathlon-camille-coupe-en-or-jeanne-richard-en-argent\/#breadcrumb"},"inLanguage":"fr-FR","potentialAction":[{"@type":"ReadAction","target":["https:\/\/dicodusport.fr\/blog\/championnat-d-europe-juniors-de-biathlon-camille-coupe-en-or-jeanne-richard-en-argent\/"]}]},{"@type":"ImageObject","inLanguage":"fr-FR","@id":"https:\/\/dicodusport.fr\/blog\/championnat-d-europe-juniors-de-biathlon-camille-coupe-en-or-jeanne-richard-en-argent\/#primaryimage","url":"https:\/\/dicodusport.fr\/blog\/wp-content\/uploads\/2022\/01\/Pokljuka-Championnat-dEurope-juniors-de-biathlon-Camille-Coupe-en-or-Jeanne-Richard-en-argent.png","contentUrl":"https:\/\/dicodusport.fr\/blog\/wp-content\/uploads\/2022\/01\/Pokljuka-Championnat-dEurope-juniors-de-biathlon-Camille-Coupe-en-or-Jeanne-Richard-en-argent.png","width":800,"height":445,"caption":"Pokljuka - Championnat d'Europe juniors de biathlon Camille Coup\u00e9 en or, Jeanne Richard en argent"},{"@type":"BreadcrumbList","@id":"https:\/\/dicodusport.fr\/blog\/championnat-d-europe-juniors-de-biathlon-camille-coupe-en-or-jeanne-richard-en-argent\/#breadcrumb","itemListElement":[{"@type":"ListItem","position":1,"name":"Accueil","item":"https:\/\/dicodusport.fr\/blog\/"},{"@type":"ListItem","position":2,"name":"Championnat d&rsquo;Europe juniors de biathlon : Camille Coup\u00e9 en or, Jeanne Richard en argent"}]},{"@type":"WebSite","@id":"https:\/\/dicodusport.fr\/blog\/#website","url":"https:\/\/dicodusport.fr\/blog\/","name":"Dicodusport","description":"L&#039;encyclop\u00e9die de l&#039;actualit\u00e9 sportive","publisher":{"@id":"https:\/\/dicodusport.fr\/blog\/#organization"},"potentialAction":[{"@type":"SearchAction","target":{"@type":"EntryPoint","urlTemplate":"https:\/\/dicodusport.fr\/blog\/?s={search_term_string}"},"query-input":{"@type":"PropertyValueSpecification","valueRequired":true,"valueName":"search_term_string"}}],"inLanguage":"fr-FR"},{"@type":"NewsMediaOrganization","@id":"https:\/\/dicodusport.fr\/blog\/#organization","name":"Dicodusport","url":"https:\/\/dicodusport.fr\/blog\/","logo":{"@type":"ImageObject","inLanguage":"fr-FR","@id":"https:\/\/dicodusport.fr\/blog\/#\/schema\/logo\/image\/","url":"https:\/\/dicodusport.fr\/blog\/wp-content\/uploads\/2020\/06\/cropped-LOGO-DICODUSPORT-2020-SANS-FOND-SANS-TEXTE.png","contentUrl":"https:\/\/dicodusport.fr\/blog\/wp-content\/uploads\/2020\/06\/cropped-LOGO-DICODUSPORT-2020-SANS-FOND-SANS-TEXTE.png","width":512,"height":512,"caption":"Dicodusport"},"image":{"@id":"https:\/\/dicodusport.fr\/blog\/#\/schema\/logo\/image\/"},"sameAs":["https:\/\/www.facebook.com\/dicodusport","https:\/\/x.com\/dicodusport","https:\/\/www.instagram.com\/dicodusport\/","https:\/\/www.youtube.com\/channel\/UC7V2KZ5sd3htJivAbA4ZG3w"],"description":"Dicodusport est l'encyclop\u00e9die de l'actualit\u00e9 sportive.","email":"bonjour@dicodusport.fr","legalName":"DICODUSPORT","foundingDate":"2018-01-14","vatID":"FR71834470973","taxID":"83447097300043","numberOfEmployees":{"@type":"QuantitativeValue","minValue":"1","maxValue":"10"}},{"@type":"Person","@id":"https:\/\/dicodusport.fr\/blog\/#\/schema\/person\/cb02af4c173ce4a653b55e9baf388d4a","name":"Flo Ostermann","image":{"@type":"ImageObject","inLanguage":"fr-FR","@id":"https:\/\/dicodusport.fr\/blog\/#\/schema\/person\/image\/","url":"https:\/\/dicodusport.fr\/blog\/wp-content\/uploads\/2021\/05\/Flo-Ostermann-150x150.jpg","contentUrl":"https:\/\/dicodusport.fr\/blog\/wp-content\/uploads\/2021\/05\/Flo-Ostermann-150x150.jpg","caption":"Flo Ostermann"},"description":"Journaliste\/R\u00e9dacteur depuis septembre 2015 - Mes premiers souvenirs dans le sport ? Les envol\u00e9es du Stade Toulousain et les duels Villeneuve-Schumacher et H\u00e4kkinen-Schumacher \u00e0 la fin des ann\u00e9es 90, la Coupe du monde de football en 1998, l\u2019exploit du XV de France face aux All Blacks en 1999, mais aussi Richard C\u0153ur de Lion qui vole sur les montagnes du Tour de France. Bien parti pour devenir professeur d\u2019EPS, les \u00e9v\u00e9nements de la vie (et la flemme d\u2019animer des s\u00e9ances de 3x500 m\u00e8tres toute ma vie) m\u2019ont conduit \u00e0 revoir mes plans. Me voil\u00e0 depuis fin 2017 sur Dicodusport, m\u00e9dia gr\u00e2ce (et pour) lequel je partage ma passion : le sport dans tous ses \u00e9tats. Le tout accompagn\u00e9 par les fous furieux et folles furieuses cit\u00e9s sur cette page !","sameAs":["https:\/\/www.facebook.com\/florent.ostermann","https:\/\/x.com\/https:\/\/twitter.com\/FlOstermann","admin"],"url":"https:\/\/dicodusport.fr\/blog\/author\/flo\/"}]}},"_links":{"self":[{"href":"https:\/\/dicodusport.fr\/blog\/wp-json\/wp\/v2\/posts\/192468","targetHints":{"allow":["GET"]}}],"collection":[{"href":"https:\/\/dicodusport.fr\/blog\/wp-json\/wp\/v2\/posts"}],"about":[{"href":"https:\/\/dicodusport.fr\/blog\/wp-json\/wp\/v2\/types\/post"}],"author":[{"embeddable":true,"href":"https:\/\/dicodusport.fr\/blog\/wp-json\/wp\/v2\/users\/4"}],"replies":[{"embeddable":true,"href":"https:\/\/dicodusport.fr\/blog\/wp-json\/wp\/v2\/comments?post=192468"}],"version-history":[{"count":0,"href":"https:\/\/dicodusport.fr\/blog\/wp-json\/wp\/v2\/posts\/192468\/revisions"}],"wp:featuredmedia":[{"embeddable":true,"href":"https:\/\/dicodusport.fr\/blog\/wp-json\/wp\/v2\/media\/192479"}],"wp:attachment":[{"href":"https:\/\/dicodusport.fr\/blog\/wp-json\/wp\/v2\/media?parent=192468"}],"wp:term":[{"taxonomy":"category","embeddable":true,"href":"https:\/\/dicodusport.fr\/blog\/wp-json\/wp\/v2\/categories?post=192468"},{"taxonomy":"post_tag","embeddable":true,"href":"https:\/\/dicodusport.fr\/blog\/wp-json\/wp\/v2\/tags?post=192468"}],"curies":[{"name":"wp","href":"https:\/\/api.w.org\/{rel}","templated":true}]}}