{"id":192547,"date":"2022-01-19T19:25:47","date_gmt":"2022-01-19T18:25:47","guid":{"rendered":"https:\/\/dicodusport.fr\/blog\/?p=192547&#038;preview=true&#038;preview_id=192547"},"modified":"2022-01-31T12:06:06","modified_gmt":"2022-01-31T11:06:06","slug":"jo-hiver-2022-a-pekin-selection-francaise-ski-acrobatique","status":"publish","type":"post","link":"https:\/\/dicodusport.fr\/blog\/jo-hiver-2022-a-pekin-selection-francaise-ski-acrobatique\/","title":{"rendered":"JO d\u2019hiver 2022 \u00e0 P\u00e9kin : la s\u00e9lection fran\u00e7aise en ski acrobatique"},"content":{"rendered":"<p style=\"text-align: justify;\"><strong><em>SKI ACROBATIQUE &#8211; JO DE P\u00c9KIN &#8211; La F\u00e9d\u00e9ration Fran\u00e7aise de Ski a d\u00e9voil\u00e9 la s\u00e9lection fran\u00e7aise en ski acrobatique pour les Jeux Olympiques de P\u00e9kin. Avec d&rsquo;immenses chances de m\u00e9dailles.<\/em><\/strong><\/p>\n<p style=\"text-align: justify;\">L&rsquo;\u00e9quipe de France de ski acrobatique aborde les JO avec ambition. Ils seront 13 athl\u00e8tes \u00e0 suivre, avec des chances de m\u00e9dailles \u00e0 tous les \u00e9tages. Chez les dames <strong>Perrine Laffont<\/strong> tentera de conserver son titre olympique, tandis que <strong>Tess Ledeux<\/strong> fait figure d&rsquo;\u00e9pouvantail en Big Air et slopestyle. Du c\u00f4t\u00e9 des gar\u00e7ons, <strong>Ben Cavet<\/strong> (bosses), <strong>Antoine Ad\u00e9lisse<\/strong> (slopestyle et Big Air) ainsi que <strong>Bastien Midol<\/strong> et <strong>T\u00e9rence Tchiknavorian<\/strong> (skicross) seront \u00e0 suivre de pr\u00e8s.<\/p>\n<h2 style=\"text-align: justify;\">Femmes<\/h2>\n<h3 style=\"text-align: justify;\">Ski de bosses<\/h3>\n<p style=\"text-align: justify;\">Camille Cabrol<br \/>\nPerrine Laffont<\/p>\n<h3 style=\"text-align: justify;\">Skicross<\/h3>\n<p style=\"text-align: justify;\">Aliz\u00e9e Baron<br \/>\nJade Grillet-Aubert<\/p>\n<h3 style=\"text-align: justify;\">Slopestyle\/Big Air<\/h3>\n<p style=\"text-align: justify;\">Tess Ledeux<\/p>\n<hr \/>\n<h2 style=\"text-align: justify;\">Hommes<\/h2>\n<h3 style=\"text-align: justify;\">Ski de bosses<\/h3>\n<p style=\"text-align: justify;\">Ben Cavet<br \/>\nSacha Th\u00e9ocharis<\/p>\n<h3 style=\"text-align: justify;\">Skicross<\/h3>\n<p style=\"text-align: justify;\">Jean-Fr\u00e9d\u00e9ric Chapuis<br \/>\nFran\u00e7ois Place<br \/>\nBastien Midol<br \/>\nT\u00e9rence Tchiknavorian<\/p>\n<h3 style=\"text-align: justify;\">Halfpipe<\/h3>\n<p style=\"text-align: justify;\">K\u00e9vin Rolland<\/p>\n<h3 style=\"text-align: justify;\">Slopestyle\/Big Air<\/h3>\n<p style=\"text-align: justify;\">Antoine Ad\u00e9lisse<\/p>\n<p><span class=\"K1rW9WaQpYfhFRzPSsYMCGi0X3vsBLFqUfIgrEEiZ47K8SncNA4eMvZ5b9Iynbdut7kHJoTmqJApNOalwDeGm8XUVk02O5z\"><\/p>\n<blockquote class=\"wp-embedded-content\" data-secret=\"XxLd4DsByZ\"><p><a href=\"https:\/\/dicodusport.fr\/blog\/jeux-olympiques-hiver-pekin-2022-le-programme-complet-et-detaille\/\">Jeux Olympiques d&rsquo;hiver de P\u00e9kin 2022 : Programme complet et d\u00e9taill\u00e9<\/a><\/p><\/blockquote>\n<p><iframe loading=\"lazy\" class=\"wp-embedded-content\" sandbox=\"allow-scripts\" security=\"restricted\" style=\"position: absolute; clip: rect(1px, 1px, 1px, 1px);\" title=\"\u00ab\u00a0Jeux Olympiques d&rsquo;hiver de P\u00e9kin 2022 : Programme complet et d\u00e9taill\u00e9\u00a0\u00bb &#8212; Dicodusport\" src=\"https:\/\/dicodusport.fr\/blog\/jeux-olympiques-hiver-pekin-2022-le-programme-complet-et-detaille\/embed\/#?secret=XxLd4DsByZ\" data-secret=\"XxLd4DsByZ\" width=\"600\" height=\"338\" frameborder=\"0\" marginwidth=\"0\" marginheight=\"0\" scrolling=\"no\"><\/iframe><\/span><\/p>\n<p>&nbsp;<\/p>\n","protected":false},"excerpt":{"rendered":"<p>SKI ACROBATIQUE &#8211; JO DE P\u00c9KIN &#8211; La F\u00e9d\u00e9ration Fran\u00e7aise de Ski a d\u00e9voil\u00e9 la s\u00e9lection fran\u00e7aise en ski acrobatique pour les Jeux Olympiques de P\u00e9kin. Avec d&rsquo;immenses chances de m\u00e9dailles.<\/p>\n","protected":false},"author":4,"featured_media":192554,"comment_status":"open","ping_status":"closed","sticky":false,"template":"","format":"standard","meta":{"_acf_changed":false,"_daextam_enable_autolinks":"","footnotes":""},"categories":[20104,9217],"tags":[2688],"class_list":["post-192547","post","type-post","status-publish","format-standard","has-post-thumbnail","hentry","category-jo-hiver-pekin-2022","category-ski","tag-ski-acrobatique"],"acf":[],"yoast_head":"<!-- This site is optimized with the Yoast SEO Premium plugin v26.7 (Yoast SEO v26.7) - https:\/\/yoast.com\/wordpress\/plugins\/seo\/ -->\n<title>JO d\u2019hiver 2022 \u00e0 P\u00e9kin : la s\u00e9lection fran\u00e7aise en ski acrobatique<\/title>\n<meta name=\"description\" content=\"SKI ACROBATIQUE - JO DE P\u00c9KIN - La F\u00e9d\u00e9ration Fran\u00e7aise de Ski a d\u00e9voil\u00e9 la s\u00e9lection fran\u00e7aise en ski acrobatique pour les Jeux Olympiques de P\u00e9kin.\" \/>\n<meta name=\"robots\" content=\"index, follow, max-snippet:-1, max-image-preview:large, max-video-preview:-1\" \/>\n<link rel=\"canonical\" href=\"https:\/\/dicodusport.fr\/blog\/jo-hiver-2022-a-pekin-selection-francaise-ski-acrobatique\/\" \/>\n<meta property=\"og:locale\" content=\"fr_FR\" \/>\n<meta property=\"og:type\" content=\"article\" \/>\n<meta property=\"og:title\" content=\"JO d\u2019hiver 2022 \u00e0 P\u00e9kin : la s\u00e9lection fran\u00e7aise en ski acrobatique\" \/>\n<meta property=\"og:description\" content=\"SKI ACROBATIQUE - JO DE P\u00c9KIN - La F\u00e9d\u00e9ration Fran\u00e7aise de Ski a d\u00e9voil\u00e9 la s\u00e9lection fran\u00e7aise en ski acrobatique pour les Jeux Olympiques de P\u00e9kin.\" \/>\n<meta property=\"og:url\" content=\"https:\/\/dicodusport.fr\/blog\/jo-hiver-2022-a-pekin-selection-francaise-ski-acrobatique\/\" \/>\n<meta property=\"og:site_name\" content=\"Dicodusport\" \/>\n<meta property=\"article:publisher\" content=\"https:\/\/www.facebook.com\/dicodusport\" \/>\n<meta property=\"article:author\" content=\"https:\/\/www.facebook.com\/florent.ostermann\" \/>\n<meta property=\"article:published_time\" content=\"2022-01-19T18:25:47+00:00\" \/>\n<meta property=\"article:modified_time\" content=\"2022-01-31T11:06:06+00:00\" \/>\n<meta property=\"og:image\" content=\"https:\/\/dicodusport.fr\/blog\/wp-content\/uploads\/2022\/01\/JO-dhiver-2022-a\u0300-Pe\u0301kin-la-se\u0301lection-franc\u0327aise-en-ski-acrobatique.png\" \/>\n\t<meta property=\"og:image:width\" content=\"800\" \/>\n\t<meta property=\"og:image:height\" content=\"445\" \/>\n\t<meta property=\"og:image:type\" content=\"image\/png\" \/>\n<meta name=\"author\" content=\"Flo Ostermann\" \/>\n<meta name=\"twitter:card\" content=\"summary_large_image\" \/>\n<meta name=\"twitter:title\" content=\"JO d\u2019hiver 2022 \u00e0 P\u00e9kin : la s\u00e9lection fran\u00e7aise en ski acrobatique\" \/>\n<meta name=\"twitter:creator\" content=\"@https:\/\/twitter.com\/FlOstermann\" \/>\n<meta name=\"twitter:site\" content=\"@dicodusport\" \/>\n<script type=\"application\/ld+json\" class=\"yoast-schema-graph\">{\"@context\":\"https:\/\/schema.org\",\"@graph\":[{\"@type\":\"NewsArticle\",\"@id\":\"https:\/\/dicodusport.fr\/blog\/jo-hiver-2022-a-pekin-selection-francaise-ski-acrobatique\/#article\",\"isPartOf\":{\"@id\":\"https:\/\/dicodusport.fr\/blog\/jo-hiver-2022-a-pekin-selection-francaise-ski-acrobatique\/\"},\"author\":{\"name\":\"Flo Ostermann\",\"@id\":\"https:\/\/dicodusport.fr\/blog\/#\/schema\/person\/cb02af4c173ce4a653b55e9baf388d4a\"},\"headline\":\"JO d\u2019hiver 2022 \u00e0 P\u00e9kin : la s\u00e9lection fran\u00e7aise en ski acrobatique\",\"datePublished\":\"2022-01-19T18:25:47+00:00\",\"dateModified\":\"2022-01-31T11:06:06+00:00\",\"mainEntityOfPage\":{\"@id\":\"https:\/\/dicodusport.fr\/blog\/jo-hiver-2022-a-pekin-selection-francaise-ski-acrobatique\/\"},\"wordCount\":194,\"commentCount\":0,\"publisher\":{\"@id\":\"https:\/\/dicodusport.fr\/blog\/#organization\"},\"image\":{\"@id\":\"https:\/\/dicodusport.fr\/blog\/jo-hiver-2022-a-pekin-selection-francaise-ski-acrobatique\/#primaryimage\"},\"thumbnailUrl\":\"https:\/\/dicodusport.fr\/blog\/wp-content\/uploads\/2022\/01\/JO-dhiver-2022-a\u0300-Pe\u0301kin-la-se\u0301lection-franc\u0327aise-en-ski-acrobatique.png\",\"keywords\":[\"ski acrobatique\"],\"articleSection\":[\"JO d'hiver P\u00e9kin 2022\",\"Ski\"],\"inLanguage\":\"fr-FR\",\"potentialAction\":[{\"@type\":\"CommentAction\",\"name\":\"Comment\",\"target\":[\"https:\/\/dicodusport.fr\/blog\/jo-hiver-2022-a-pekin-selection-francaise-ski-acrobatique\/#respond\"]}],\"copyrightYear\":\"2022\",\"copyrightHolder\":{\"@id\":\"https:\/\/dicodusport.fr\/blog\/#organization\"}},{\"@type\":\"WebPage\",\"@id\":\"https:\/\/dicodusport.fr\/blog\/jo-hiver-2022-a-pekin-selection-francaise-ski-acrobatique\/\",\"url\":\"https:\/\/dicodusport.fr\/blog\/jo-hiver-2022-a-pekin-selection-francaise-ski-acrobatique\/\",\"name\":\"JO d\u2019hiver 2022 \u00e0 P\u00e9kin : la s\u00e9lection fran\u00e7aise en ski acrobatique\",\"isPartOf\":{\"@id\":\"https:\/\/dicodusport.fr\/blog\/#website\"},\"primaryImageOfPage\":{\"@id\":\"https:\/\/dicodusport.fr\/blog\/jo-hiver-2022-a-pekin-selection-francaise-ski-acrobatique\/#primaryimage\"},\"image\":{\"@id\":\"https:\/\/dicodusport.fr\/blog\/jo-hiver-2022-a-pekin-selection-francaise-ski-acrobatique\/#primaryimage\"},\"thumbnailUrl\":\"https:\/\/dicodusport.fr\/blog\/wp-content\/uploads\/2022\/01\/JO-dhiver-2022-a\u0300-Pe\u0301kin-la-se\u0301lection-franc\u0327aise-en-ski-acrobatique.png\",\"datePublished\":\"2022-01-19T18:25:47+00:00\",\"dateModified\":\"2022-01-31T11:06:06+00:00\",\"description\":\"SKI ACROBATIQUE - JO DE P\u00c9KIN - La F\u00e9d\u00e9ration Fran\u00e7aise de Ski a d\u00e9voil\u00e9 la s\u00e9lection fran\u00e7aise en ski acrobatique pour les Jeux Olympiques de P\u00e9kin.\",\"breadcrumb\":{\"@id\":\"https:\/\/dicodusport.fr\/blog\/jo-hiver-2022-a-pekin-selection-francaise-ski-acrobatique\/#breadcrumb\"},\"inLanguage\":\"fr-FR\",\"potentialAction\":[{\"@type\":\"ReadAction\",\"target\":[\"https:\/\/dicodusport.fr\/blog\/jo-hiver-2022-a-pekin-selection-francaise-ski-acrobatique\/\"]}]},{\"@type\":\"ImageObject\",\"inLanguage\":\"fr-FR\",\"@id\":\"https:\/\/dicodusport.fr\/blog\/jo-hiver-2022-a-pekin-selection-francaise-ski-acrobatique\/#primaryimage\",\"url\":\"https:\/\/dicodusport.fr\/blog\/wp-content\/uploads\/2022\/01\/JO-dhiver-2022-a\u0300-Pe\u0301kin-la-se\u0301lection-franc\u0327aise-en-ski-acrobatique.png\",\"contentUrl\":\"https:\/\/dicodusport.fr\/blog\/wp-content\/uploads\/2022\/01\/JO-dhiver-2022-a\u0300-Pe\u0301kin-la-se\u0301lection-franc\u0327aise-en-ski-acrobatique.png\",\"width\":800,\"height\":445,\"caption\":\"JO d\u2019hiver 2022 a\u0300 Pe\u0301kin la se\u0301lection franc\u0327aise en ski acrobatique\"},{\"@type\":\"BreadcrumbList\",\"@id\":\"https:\/\/dicodusport.fr\/blog\/jo-hiver-2022-a-pekin-selection-francaise-ski-acrobatique\/#breadcrumb\",\"itemListElement\":[{\"@type\":\"ListItem\",\"position\":1,\"name\":\"Accueil\",\"item\":\"https:\/\/dicodusport.fr\/blog\/\"},{\"@type\":\"ListItem\",\"position\":2,\"name\":\"JO d\u2019hiver 2022 \u00e0 P\u00e9kin : la s\u00e9lection fran\u00e7aise en ski acrobatique\"}]},{\"@type\":\"WebSite\",\"@id\":\"https:\/\/dicodusport.fr\/blog\/#website\",\"url\":\"https:\/\/dicodusport.fr\/blog\/\",\"name\":\"Dicodusport\",\"description\":\"L&#039;encyclop\u00e9die de l&#039;actualit\u00e9 sportive\",\"publisher\":{\"@id\":\"https:\/\/dicodusport.fr\/blog\/#organization\"},\"potentialAction\":[{\"@type\":\"SearchAction\",\"target\":{\"@type\":\"EntryPoint\",\"urlTemplate\":\"https:\/\/dicodusport.fr\/blog\/?s={search_term_string}\"},\"query-input\":{\"@type\":\"PropertyValueSpecification\",\"valueRequired\":true,\"valueName\":\"search_term_string\"}}],\"inLanguage\":\"fr-FR\"},{\"@type\":\"NewsMediaOrganization\",\"@id\":\"https:\/\/dicodusport.fr\/blog\/#organization\",\"name\":\"Dicodusport\",\"url\":\"https:\/\/dicodusport.fr\/blog\/\",\"logo\":{\"@type\":\"ImageObject\",\"inLanguage\":\"fr-FR\",\"@id\":\"https:\/\/dicodusport.fr\/blog\/#\/schema\/logo\/image\/\",\"url\":\"https:\/\/dicodusport.fr\/blog\/wp-content\/uploads\/2020\/06\/cropped-LOGO-DICODUSPORT-2020-SANS-FOND-SANS-TEXTE.png\",\"contentUrl\":\"https:\/\/dicodusport.fr\/blog\/wp-content\/uploads\/2020\/06\/cropped-LOGO-DICODUSPORT-2020-SANS-FOND-SANS-TEXTE.png\",\"width\":512,\"height\":512,\"caption\":\"Dicodusport\"},\"image\":{\"@id\":\"https:\/\/dicodusport.fr\/blog\/#\/schema\/logo\/image\/\"},\"sameAs\":[\"https:\/\/www.facebook.com\/dicodusport\",\"https:\/\/x.com\/dicodusport\",\"https:\/\/www.instagram.com\/dicodusport\/\",\"https:\/\/www.youtube.com\/channel\/UC7V2KZ5sd3htJivAbA4ZG3w\"],\"description\":\"Dicodusport est l'encyclop\u00e9die de l'actualit\u00e9 sportive.\",\"email\":\"bonjour@dicodusport.fr\",\"legalName\":\"DICODUSPORT\",\"foundingDate\":\"2018-01-14\",\"vatID\":\"FR71834470973\",\"taxID\":\"83447097300043\",\"numberOfEmployees\":{\"@type\":\"QuantitativeValue\",\"minValue\":\"1\",\"maxValue\":\"10\"}},{\"@type\":\"Person\",\"@id\":\"https:\/\/dicodusport.fr\/blog\/#\/schema\/person\/cb02af4c173ce4a653b55e9baf388d4a\",\"name\":\"Flo Ostermann\",\"image\":{\"@type\":\"ImageObject\",\"inLanguage\":\"fr-FR\",\"@id\":\"https:\/\/dicodusport.fr\/blog\/#\/schema\/person\/image\/\",\"url\":\"https:\/\/dicodusport.fr\/blog\/wp-content\/uploads\/2021\/05\/Flo-Ostermann-150x150.jpg\",\"contentUrl\":\"https:\/\/dicodusport.fr\/blog\/wp-content\/uploads\/2021\/05\/Flo-Ostermann-150x150.jpg\",\"caption\":\"Flo Ostermann\"},\"description\":\"Journaliste\/R\u00e9dacteur depuis septembre 2015 - Mes premiers souvenirs dans le sport ? Les envol\u00e9es du Stade Toulousain et les duels Villeneuve-Schumacher et H\u00e4kkinen-Schumacher \u00e0 la fin des ann\u00e9es 90, la Coupe du monde de football en 1998, l\u2019exploit du XV de France face aux All Blacks en 1999, mais aussi Richard C\u0153ur de Lion qui vole sur les montagnes du Tour de France. Bien parti pour devenir professeur d\u2019EPS, les \u00e9v\u00e9nements de la vie (et la flemme d\u2019animer des s\u00e9ances de 3x500 m\u00e8tres toute ma vie) m\u2019ont conduit \u00e0 revoir mes plans. Me voil\u00e0 depuis fin 2017 sur Dicodusport, m\u00e9dia gr\u00e2ce (et pour) lequel je partage ma passion : le sport dans tous ses \u00e9tats. Le tout accompagn\u00e9 par les fous furieux et folles furieuses cit\u00e9s sur cette page !\",\"sameAs\":[\"https:\/\/www.facebook.com\/florent.ostermann\",\"https:\/\/x.com\/https:\/\/twitter.com\/FlOstermann\",\"admin\"],\"url\":\"https:\/\/dicodusport.fr\/blog\/author\/flo\/\"}]}<\/script>\n<!-- \/ Yoast SEO Premium plugin. -->","yoast_head_json":{"title":"JO d\u2019hiver 2022 \u00e0 P\u00e9kin : la s\u00e9lection fran\u00e7aise en ski acrobatique","description":"SKI ACROBATIQUE - JO DE P\u00c9KIN - La F\u00e9d\u00e9ration Fran\u00e7aise de Ski a d\u00e9voil\u00e9 la s\u00e9lection fran\u00e7aise en ski acrobatique pour les Jeux Olympiques de P\u00e9kin.","robots":{"index":"index","follow":"follow","max-snippet":"max-snippet:-1","max-image-preview":"max-image-preview:large","max-video-preview":"max-video-preview:-1"},"canonical":"https:\/\/dicodusport.fr\/blog\/jo-hiver-2022-a-pekin-selection-francaise-ski-acrobatique\/","og_locale":"fr_FR","og_type":"article","og_title":"JO d\u2019hiver 2022 \u00e0 P\u00e9kin : la s\u00e9lection fran\u00e7aise en ski acrobatique","og_description":"SKI ACROBATIQUE - JO DE P\u00c9KIN - La F\u00e9d\u00e9ration Fran\u00e7aise de Ski a d\u00e9voil\u00e9 la s\u00e9lection fran\u00e7aise en ski acrobatique pour les Jeux Olympiques de P\u00e9kin.","og_url":"https:\/\/dicodusport.fr\/blog\/jo-hiver-2022-a-pekin-selection-francaise-ski-acrobatique\/","og_site_name":"Dicodusport","article_publisher":"https:\/\/www.facebook.com\/dicodusport","article_author":"https:\/\/www.facebook.com\/florent.ostermann","article_published_time":"2022-01-19T18:25:47+00:00","article_modified_time":"2022-01-31T11:06:06+00:00","og_image":[{"width":800,"height":445,"url":"https:\/\/dicodusport.fr\/blog\/wp-content\/uploads\/2022\/01\/JO-dhiver-2022-a\u0300-Pe\u0301kin-la-se\u0301lection-franc\u0327aise-en-ski-acrobatique.png","type":"image\/png"}],"author":"Flo Ostermann","twitter_card":"summary_large_image","twitter_title":"JO d\u2019hiver 2022 \u00e0 P\u00e9kin : la s\u00e9lection fran\u00e7aise en ski acrobatique","twitter_creator":"@https:\/\/twitter.com\/FlOstermann","twitter_site":"@dicodusport","schema":{"@context":"https:\/\/schema.org","@graph":[{"@type":"NewsArticle","@id":"https:\/\/dicodusport.fr\/blog\/jo-hiver-2022-a-pekin-selection-francaise-ski-acrobatique\/#article","isPartOf":{"@id":"https:\/\/dicodusport.fr\/blog\/jo-hiver-2022-a-pekin-selection-francaise-ski-acrobatique\/"},"author":{"name":"Flo Ostermann","@id":"https:\/\/dicodusport.fr\/blog\/#\/schema\/person\/cb02af4c173ce4a653b55e9baf388d4a"},"headline":"JO d\u2019hiver 2022 \u00e0 P\u00e9kin : la s\u00e9lection fran\u00e7aise en ski acrobatique","datePublished":"2022-01-19T18:25:47+00:00","dateModified":"2022-01-31T11:06:06+00:00","mainEntityOfPage":{"@id":"https:\/\/dicodusport.fr\/blog\/jo-hiver-2022-a-pekin-selection-francaise-ski-acrobatique\/"},"wordCount":194,"commentCount":0,"publisher":{"@id":"https:\/\/dicodusport.fr\/blog\/#organization"},"image":{"@id":"https:\/\/dicodusport.fr\/blog\/jo-hiver-2022-a-pekin-selection-francaise-ski-acrobatique\/#primaryimage"},"thumbnailUrl":"https:\/\/dicodusport.fr\/blog\/wp-content\/uploads\/2022\/01\/JO-dhiver-2022-a\u0300-Pe\u0301kin-la-se\u0301lection-franc\u0327aise-en-ski-acrobatique.png","keywords":["ski acrobatique"],"articleSection":["JO d'hiver P\u00e9kin 2022","Ski"],"inLanguage":"fr-FR","potentialAction":[{"@type":"CommentAction","name":"Comment","target":["https:\/\/dicodusport.fr\/blog\/jo-hiver-2022-a-pekin-selection-francaise-ski-acrobatique\/#respond"]}],"copyrightYear":"2022","copyrightHolder":{"@id":"https:\/\/dicodusport.fr\/blog\/#organization"}},{"@type":"WebPage","@id":"https:\/\/dicodusport.fr\/blog\/jo-hiver-2022-a-pekin-selection-francaise-ski-acrobatique\/","url":"https:\/\/dicodusport.fr\/blog\/jo-hiver-2022-a-pekin-selection-francaise-ski-acrobatique\/","name":"JO d\u2019hiver 2022 \u00e0 P\u00e9kin : la s\u00e9lection fran\u00e7aise en ski acrobatique","isPartOf":{"@id":"https:\/\/dicodusport.fr\/blog\/#website"},"primaryImageOfPage":{"@id":"https:\/\/dicodusport.fr\/blog\/jo-hiver-2022-a-pekin-selection-francaise-ski-acrobatique\/#primaryimage"},"image":{"@id":"https:\/\/dicodusport.fr\/blog\/jo-hiver-2022-a-pekin-selection-francaise-ski-acrobatique\/#primaryimage"},"thumbnailUrl":"https:\/\/dicodusport.fr\/blog\/wp-content\/uploads\/2022\/01\/JO-dhiver-2022-a\u0300-Pe\u0301kin-la-se\u0301lection-franc\u0327aise-en-ski-acrobatique.png","datePublished":"2022-01-19T18:25:47+00:00","dateModified":"2022-01-31T11:06:06+00:00","description":"SKI ACROBATIQUE - JO DE P\u00c9KIN - La F\u00e9d\u00e9ration Fran\u00e7aise de Ski a d\u00e9voil\u00e9 la s\u00e9lection fran\u00e7aise en ski acrobatique pour les Jeux Olympiques de P\u00e9kin.","breadcrumb":{"@id":"https:\/\/dicodusport.fr\/blog\/jo-hiver-2022-a-pekin-selection-francaise-ski-acrobatique\/#breadcrumb"},"inLanguage":"fr-FR","potentialAction":[{"@type":"ReadAction","target":["https:\/\/dicodusport.fr\/blog\/jo-hiver-2022-a-pekin-selection-francaise-ski-acrobatique\/"]}]},{"@type":"ImageObject","inLanguage":"fr-FR","@id":"https:\/\/dicodusport.fr\/blog\/jo-hiver-2022-a-pekin-selection-francaise-ski-acrobatique\/#primaryimage","url":"https:\/\/dicodusport.fr\/blog\/wp-content\/uploads\/2022\/01\/JO-dhiver-2022-a\u0300-Pe\u0301kin-la-se\u0301lection-franc\u0327aise-en-ski-acrobatique.png","contentUrl":"https:\/\/dicodusport.fr\/blog\/wp-content\/uploads\/2022\/01\/JO-dhiver-2022-a\u0300-Pe\u0301kin-la-se\u0301lection-franc\u0327aise-en-ski-acrobatique.png","width":800,"height":445,"caption":"JO d\u2019hiver 2022 a\u0300 Pe\u0301kin la se\u0301lection franc\u0327aise en ski acrobatique"},{"@type":"BreadcrumbList","@id":"https:\/\/dicodusport.fr\/blog\/jo-hiver-2022-a-pekin-selection-francaise-ski-acrobatique\/#breadcrumb","itemListElement":[{"@type":"ListItem","position":1,"name":"Accueil","item":"https:\/\/dicodusport.fr\/blog\/"},{"@type":"ListItem","position":2,"name":"JO d\u2019hiver 2022 \u00e0 P\u00e9kin : la s\u00e9lection fran\u00e7aise en ski acrobatique"}]},{"@type":"WebSite","@id":"https:\/\/dicodusport.fr\/blog\/#website","url":"https:\/\/dicodusport.fr\/blog\/","name":"Dicodusport","description":"L&#039;encyclop\u00e9die de l&#039;actualit\u00e9 sportive","publisher":{"@id":"https:\/\/dicodusport.fr\/blog\/#organization"},"potentialAction":[{"@type":"SearchAction","target":{"@type":"EntryPoint","urlTemplate":"https:\/\/dicodusport.fr\/blog\/?s={search_term_string}"},"query-input":{"@type":"PropertyValueSpecification","valueRequired":true,"valueName":"search_term_string"}}],"inLanguage":"fr-FR"},{"@type":"NewsMediaOrganization","@id":"https:\/\/dicodusport.fr\/blog\/#organization","name":"Dicodusport","url":"https:\/\/dicodusport.fr\/blog\/","logo":{"@type":"ImageObject","inLanguage":"fr-FR","@id":"https:\/\/dicodusport.fr\/blog\/#\/schema\/logo\/image\/","url":"https:\/\/dicodusport.fr\/blog\/wp-content\/uploads\/2020\/06\/cropped-LOGO-DICODUSPORT-2020-SANS-FOND-SANS-TEXTE.png","contentUrl":"https:\/\/dicodusport.fr\/blog\/wp-content\/uploads\/2020\/06\/cropped-LOGO-DICODUSPORT-2020-SANS-FOND-SANS-TEXTE.png","width":512,"height":512,"caption":"Dicodusport"},"image":{"@id":"https:\/\/dicodusport.fr\/blog\/#\/schema\/logo\/image\/"},"sameAs":["https:\/\/www.facebook.com\/dicodusport","https:\/\/x.com\/dicodusport","https:\/\/www.instagram.com\/dicodusport\/","https:\/\/www.youtube.com\/channel\/UC7V2KZ5sd3htJivAbA4ZG3w"],"description":"Dicodusport est l'encyclop\u00e9die de l'actualit\u00e9 sportive.","email":"bonjour@dicodusport.fr","legalName":"DICODUSPORT","foundingDate":"2018-01-14","vatID":"FR71834470973","taxID":"83447097300043","numberOfEmployees":{"@type":"QuantitativeValue","minValue":"1","maxValue":"10"}},{"@type":"Person","@id":"https:\/\/dicodusport.fr\/blog\/#\/schema\/person\/cb02af4c173ce4a653b55e9baf388d4a","name":"Flo Ostermann","image":{"@type":"ImageObject","inLanguage":"fr-FR","@id":"https:\/\/dicodusport.fr\/blog\/#\/schema\/person\/image\/","url":"https:\/\/dicodusport.fr\/blog\/wp-content\/uploads\/2021\/05\/Flo-Ostermann-150x150.jpg","contentUrl":"https:\/\/dicodusport.fr\/blog\/wp-content\/uploads\/2021\/05\/Flo-Ostermann-150x150.jpg","caption":"Flo Ostermann"},"description":"Journaliste\/R\u00e9dacteur depuis septembre 2015 - Mes premiers souvenirs dans le sport ? Les envol\u00e9es du Stade Toulousain et les duels Villeneuve-Schumacher et H\u00e4kkinen-Schumacher \u00e0 la fin des ann\u00e9es 90, la Coupe du monde de football en 1998, l\u2019exploit du XV de France face aux All Blacks en 1999, mais aussi Richard C\u0153ur de Lion qui vole sur les montagnes du Tour de France. Bien parti pour devenir professeur d\u2019EPS, les \u00e9v\u00e9nements de la vie (et la flemme d\u2019animer des s\u00e9ances de 3x500 m\u00e8tres toute ma vie) m\u2019ont conduit \u00e0 revoir mes plans. Me voil\u00e0 depuis fin 2017 sur Dicodusport, m\u00e9dia gr\u00e2ce (et pour) lequel je partage ma passion : le sport dans tous ses \u00e9tats. Le tout accompagn\u00e9 par les fous furieux et folles furieuses cit\u00e9s sur cette page !","sameAs":["https:\/\/www.facebook.com\/florent.ostermann","https:\/\/x.com\/https:\/\/twitter.com\/FlOstermann","admin"],"url":"https:\/\/dicodusport.fr\/blog\/author\/flo\/"}]}},"_links":{"self":[{"href":"https:\/\/dicodusport.fr\/blog\/wp-json\/wp\/v2\/posts\/192547","targetHints":{"allow":["GET"]}}],"collection":[{"href":"https:\/\/dicodusport.fr\/blog\/wp-json\/wp\/v2\/posts"}],"about":[{"href":"https:\/\/dicodusport.fr\/blog\/wp-json\/wp\/v2\/types\/post"}],"author":[{"embeddable":true,"href":"https:\/\/dicodusport.fr\/blog\/wp-json\/wp\/v2\/users\/4"}],"replies":[{"embeddable":true,"href":"https:\/\/dicodusport.fr\/blog\/wp-json\/wp\/v2\/comments?post=192547"}],"version-history":[{"count":0,"href":"https:\/\/dicodusport.fr\/blog\/wp-json\/wp\/v2\/posts\/192547\/revisions"}],"wp:featuredmedia":[{"embeddable":true,"href":"https:\/\/dicodusport.fr\/blog\/wp-json\/wp\/v2\/media\/192554"}],"wp:attachment":[{"href":"https:\/\/dicodusport.fr\/blog\/wp-json\/wp\/v2\/media?parent=192547"}],"wp:term":[{"taxonomy":"category","embeddable":true,"href":"https:\/\/dicodusport.fr\/blog\/wp-json\/wp\/v2\/categories?post=192547"},{"taxonomy":"post_tag","embeddable":true,"href":"https:\/\/dicodusport.fr\/blog\/wp-json\/wp\/v2\/tags?post=192547"}],"curies":[{"name":"wp","href":"https:\/\/api.w.org\/{rel}","templated":true}]}}