{"id":192682,"date":"2022-01-20T11:57:46","date_gmt":"2022-01-20T10:57:46","guid":{"rendered":"https:\/\/dicodusport.fr\/blog\/?p=192682&#038;preview=true&#038;preview_id=192682"},"modified":"2022-01-20T12:13:45","modified_gmt":"2022-01-20T11:13:45","slug":"championnat-europe-juniors-de-biathlon-france-en-bronze-sur-relais-mixte-simple","status":"publish","type":"post","link":"https:\/\/dicodusport.fr\/blog\/championnat-europe-juniors-de-biathlon-france-en-bronze-sur-relais-mixte-simple\/","title":{"rendered":"Championnat d&rsquo;Europe juniors de biathlon : La France en bronze sur le relais mixte simple"},"content":{"rendered":"<p style=\"text-align: justify;\"><strong><em>CHAMPIONNATS D&rsquo;EUROPE JUNIORS DE BIATHLON &#8211; Apr\u00e8s les trois premi\u00e8res m\u00e9dailles obtenues mercredi, Fany Bertrand et Paul Fontaine ont pris le bronze sur le relais mixte simple des Europe juniors \u00e0 Pokljuka (Slov\u00e9nie).<\/em><\/strong><\/p>\n<p style=\"text-align: justify;\">Troisi\u00e8me course, et quatri\u00e8me m\u00e9daille pour l&rsquo;\u00e9quipe de France juniors de biathlon aux championnats d&rsquo;Europe. Ce jeudi, <strong>Fany Bertrand<\/strong> et <strong>Paul Fontaine<\/strong> ont fait le job pour remporter la m\u00e9daille de bronze sur le relais mixte simple. \u00c0 la lutte pour le titre lors du dernier tir face \u00e0 l&rsquo;Allemand <strong>Darius Lodl<\/strong>, <strong>Paul Fontaine<\/strong> devait piocher \u00e0 trois reprises et laissait donc l&rsquo;Allemagne de Lodl et <strong>Johanna Puff<\/strong> s&rsquo;envoler vers la m\u00e9daille d&rsquo;or. La Russie de <strong>Evgenii Emerkhonov<\/strong> et <strong>Anastasiia Grishina\u00a0<\/strong>passera \u00e9galement devant les Tricolores sur ce dernier tir. Peu importe, la France (6 pioches au total) d\u00e9croche une belle m\u00e9daille de bronze. L&rsquo;Italie termine quant \u00e0 elle au pied du podium.<\/p>\n<blockquote class=\"twitter-tweet\">\n<p dir=\"ltr\" lang=\"en\">While Germany &#x1f1e9;&#x1f1ea; leaves the last shooting, France &#x1f1eb;&#x1f1f7; in trouble needing all three spare rounds, leaving third. Russia &#x1f1f7;&#x1f1fa; gets in second position. <a href=\"https:\/\/t.co\/n4MNTIFJk7\">pic.twitter.com\/n4MNTIFJk7<\/a><\/p>\n<p>\u2014 IBU Junior Cup (@IBU_Junior) <a href=\"https:\/\/twitter.com\/IBU_Junior\/status\/1484105558080864258?ref_src=twsrc%5Etfw\">January 20, 2022<\/a><\/p><\/blockquote>\n<p><script async src=\"https:\/\/platform.twitter.com\/widgets.js\" charset=\"utf-8\"><\/script><\/p>\n<p style=\"text-align: justify;\">Ce jeudi apr\u00e8s-midi, place au relais mixte (14h). L&rsquo;\u00e9quipe de France dispose d&rsquo;une belle chance de glaner une cinqui\u00e8me m\u00e9daille avec au d\u00e9part, les m\u00e9daill\u00e9es sur l&rsquo;individuel f\u00e9minin mercredi, <strong>Camille Coup\u00e9<\/strong> et <strong>Jeanne Richard<\/strong>, ainsi que <strong>Damien Levet<\/strong> et <strong>Jacques Jefferies<\/strong>.<\/p>\n<h2 style=\"text-align: justify;\"><strong>Les r\u00e9sultats complets du relais mixte simple<\/strong><\/h2>\n<a href=\"https:\/\/dicodusport.fr\/blog\/wp-content\/uploads\/2022\/01\/Resultats-relais-mixte-simple-championnats-dEurope-juniors-de-biathlon.pdf\" class=\"pdfemb-viewer\" style=\"\" data-width=\"max\" data-height=\"max\"  data-toolbar=\"both\" data-toolbar-fixed=\"on\">R\u00e9sultats relais mixte simple championnats d&#039;Europe juniors de biathlon<br\/><\/a>\n","protected":false},"excerpt":{"rendered":"<p>CHAMPIONNATS D&rsquo;EUROPE JUNIORS DE BIATHLON &#8211; Ce mercredi, le Fran\u00e7ais Ga\u00ebtan Paturel a d\u00e9croch\u00e9 la m\u00e9daille de bronze de l&rsquo;individuel 15 km, lors des championnats d&rsquo;Europe juniors \u00e0 Pokljuka (Slov\u00e9nie). C&rsquo;est le Bulgare Blagoy Todev qui a rafl\u00e9 la m\u00e9daille d&rsquo;or.<\/p>\n","protected":false},"author":4,"featured_media":192683,"comment_status":"open","ping_status":"closed","sticky":false,"template":"","format":"standard","meta":{"_acf_changed":false,"_daextam_enable_autolinks":"","footnotes":""},"categories":[2426],"tags":[2427,21319],"class_list":["post-192682","post","type-post","status-publish","format-standard","has-post-thumbnail","hentry","category-biathlon","tag-biathlon","tag-championnats-du-monde-juniors-de-biathlon"],"acf":[],"yoast_head":"<!-- This site is optimized with the Yoast SEO Premium plugin v26.7 (Yoast SEO v26.7) - https:\/\/yoast.com\/wordpress\/plugins\/seo\/ -->\n<title>Championnat d&#039;Europe juniors de biathlon : La France en bronze sur le relais mixte simple<\/title>\n<meta name=\"description\" content=\"CHAMPIONNATS D&#039;EUROPE JUNIORS DE BIATHLON - Fany Bertrand et Paul Fontaine ont pris le bronze sur le relais mixte simple \u00e0 Pokljuka.\" \/>\n<meta name=\"robots\" content=\"index, follow, max-snippet:-1, max-image-preview:large, max-video-preview:-1\" \/>\n<link rel=\"canonical\" href=\"https:\/\/dicodusport.fr\/blog\/championnat-europe-juniors-de-biathlon-france-en-bronze-sur-relais-mixte-simple\/\" \/>\n<meta property=\"og:locale\" content=\"fr_FR\" \/>\n<meta property=\"og:type\" content=\"article\" \/>\n<meta property=\"og:title\" content=\"Championnat d&#039;Europe juniors de biathlon : La France en bronze sur le relais mixte simple\" \/>\n<meta property=\"og:description\" content=\"CHAMPIONNATS D&#039;EUROPE JUNIORS DE BIATHLON - Fany Bertrand et Paul Fontaine ont pris le bronze sur le relais mixte simple \u00e0 Pokljuka.\" \/>\n<meta property=\"og:url\" content=\"https:\/\/dicodusport.fr\/blog\/championnat-europe-juniors-de-biathlon-france-en-bronze-sur-relais-mixte-simple\/\" \/>\n<meta property=\"og:site_name\" content=\"Dicodusport\" \/>\n<meta property=\"article:publisher\" content=\"https:\/\/www.facebook.com\/dicodusport\" \/>\n<meta property=\"article:author\" content=\"https:\/\/www.facebook.com\/florent.ostermann\" \/>\n<meta property=\"article:published_time\" content=\"2022-01-20T10:57:46+00:00\" \/>\n<meta property=\"article:modified_time\" content=\"2022-01-20T11:13:45+00:00\" \/>\n<meta property=\"og:image\" content=\"https:\/\/dicodusport.fr\/blog\/wp-content\/uploads\/2022\/01\/Championnat-dEurope-juniors-de-biathlon-La-France-en-bronze-sur-le-relais-mixte-simple.png\" \/>\n\t<meta property=\"og:image:width\" content=\"800\" \/>\n\t<meta property=\"og:image:height\" content=\"445\" \/>\n\t<meta property=\"og:image:type\" content=\"image\/png\" \/>\n<meta name=\"author\" content=\"Flo Ostermann\" \/>\n<meta name=\"twitter:card\" content=\"summary_large_image\" \/>\n<meta name=\"twitter:title\" content=\"Championnat d&#039;Europe juniors de biathlon : La France en bronze sur le relais mixte simple\" \/>\n<meta name=\"twitter:creator\" content=\"@https:\/\/twitter.com\/FlOstermann\" \/>\n<meta name=\"twitter:site\" content=\"@dicodusport\" \/>\n<script type=\"application\/ld+json\" class=\"yoast-schema-graph\">{\"@context\":\"https:\/\/schema.org\",\"@graph\":[{\"@type\":\"NewsArticle\",\"@id\":\"https:\/\/dicodusport.fr\/blog\/championnat-europe-juniors-de-biathlon-france-en-bronze-sur-relais-mixte-simple\/#article\",\"isPartOf\":{\"@id\":\"https:\/\/dicodusport.fr\/blog\/championnat-europe-juniors-de-biathlon-france-en-bronze-sur-relais-mixte-simple\/\"},\"author\":{\"name\":\"Flo Ostermann\",\"@id\":\"https:\/\/dicodusport.fr\/blog\/#\/schema\/person\/cb02af4c173ce4a653b55e9baf388d4a\"},\"headline\":\"Championnat d&rsquo;Europe juniors de biathlon : La France en bronze sur le relais mixte simple\",\"datePublished\":\"2022-01-20T10:57:46+00:00\",\"dateModified\":\"2022-01-20T11:13:45+00:00\",\"mainEntityOfPage\":{\"@id\":\"https:\/\/dicodusport.fr\/blog\/championnat-europe-juniors-de-biathlon-france-en-bronze-sur-relais-mixte-simple\/\"},\"wordCount\":305,\"commentCount\":0,\"publisher\":{\"@id\":\"https:\/\/dicodusport.fr\/blog\/#organization\"},\"image\":{\"@id\":\"https:\/\/dicodusport.fr\/blog\/championnat-europe-juniors-de-biathlon-france-en-bronze-sur-relais-mixte-simple\/#primaryimage\"},\"thumbnailUrl\":\"https:\/\/dicodusport.fr\/blog\/wp-content\/uploads\/2022\/01\/Championnat-dEurope-juniors-de-biathlon-La-France-en-bronze-sur-le-relais-mixte-simple.png\",\"keywords\":[\"Biathlon\",\"Championnats du monde juniors de biathlon\"],\"articleSection\":[\"Biathlon\"],\"inLanguage\":\"fr-FR\",\"potentialAction\":[{\"@type\":\"CommentAction\",\"name\":\"Comment\",\"target\":[\"https:\/\/dicodusport.fr\/blog\/championnat-europe-juniors-de-biathlon-france-en-bronze-sur-relais-mixte-simple\/#respond\"]}],\"copyrightYear\":\"2022\",\"copyrightHolder\":{\"@id\":\"https:\/\/dicodusport.fr\/blog\/#organization\"}},{\"@type\":\"WebPage\",\"@id\":\"https:\/\/dicodusport.fr\/blog\/championnat-europe-juniors-de-biathlon-france-en-bronze-sur-relais-mixte-simple\/\",\"url\":\"https:\/\/dicodusport.fr\/blog\/championnat-europe-juniors-de-biathlon-france-en-bronze-sur-relais-mixte-simple\/\",\"name\":\"Championnat d'Europe juniors de biathlon : La France en bronze sur le relais mixte simple\",\"isPartOf\":{\"@id\":\"https:\/\/dicodusport.fr\/blog\/#website\"},\"primaryImageOfPage\":{\"@id\":\"https:\/\/dicodusport.fr\/blog\/championnat-europe-juniors-de-biathlon-france-en-bronze-sur-relais-mixte-simple\/#primaryimage\"},\"image\":{\"@id\":\"https:\/\/dicodusport.fr\/blog\/championnat-europe-juniors-de-biathlon-france-en-bronze-sur-relais-mixte-simple\/#primaryimage\"},\"thumbnailUrl\":\"https:\/\/dicodusport.fr\/blog\/wp-content\/uploads\/2022\/01\/Championnat-dEurope-juniors-de-biathlon-La-France-en-bronze-sur-le-relais-mixte-simple.png\",\"datePublished\":\"2022-01-20T10:57:46+00:00\",\"dateModified\":\"2022-01-20T11:13:45+00:00\",\"description\":\"CHAMPIONNATS D'EUROPE JUNIORS DE BIATHLON - Fany Bertrand et Paul Fontaine ont pris le bronze sur le relais mixte simple \u00e0 Pokljuka.\",\"breadcrumb\":{\"@id\":\"https:\/\/dicodusport.fr\/blog\/championnat-europe-juniors-de-biathlon-france-en-bronze-sur-relais-mixte-simple\/#breadcrumb\"},\"inLanguage\":\"fr-FR\",\"potentialAction\":[{\"@type\":\"ReadAction\",\"target\":[\"https:\/\/dicodusport.fr\/blog\/championnat-europe-juniors-de-biathlon-france-en-bronze-sur-relais-mixte-simple\/\"]}]},{\"@type\":\"ImageObject\",\"inLanguage\":\"fr-FR\",\"@id\":\"https:\/\/dicodusport.fr\/blog\/championnat-europe-juniors-de-biathlon-france-en-bronze-sur-relais-mixte-simple\/#primaryimage\",\"url\":\"https:\/\/dicodusport.fr\/blog\/wp-content\/uploads\/2022\/01\/Championnat-dEurope-juniors-de-biathlon-La-France-en-bronze-sur-le-relais-mixte-simple.png\",\"contentUrl\":\"https:\/\/dicodusport.fr\/blog\/wp-content\/uploads\/2022\/01\/Championnat-dEurope-juniors-de-biathlon-La-France-en-bronze-sur-le-relais-mixte-simple.png\",\"width\":800,\"height\":445,\"caption\":\"Championnat d'Europe juniors de biathlon La France en bronze sur le relais mixte simple\"},{\"@type\":\"BreadcrumbList\",\"@id\":\"https:\/\/dicodusport.fr\/blog\/championnat-europe-juniors-de-biathlon-france-en-bronze-sur-relais-mixte-simple\/#breadcrumb\",\"itemListElement\":[{\"@type\":\"ListItem\",\"position\":1,\"name\":\"Accueil\",\"item\":\"https:\/\/dicodusport.fr\/blog\/\"},{\"@type\":\"ListItem\",\"position\":2,\"name\":\"Championnat d&rsquo;Europe juniors de biathlon : La France en bronze sur le relais mixte simple\"}]},{\"@type\":\"WebSite\",\"@id\":\"https:\/\/dicodusport.fr\/blog\/#website\",\"url\":\"https:\/\/dicodusport.fr\/blog\/\",\"name\":\"Dicodusport\",\"description\":\"L&#039;encyclop\u00e9die de l&#039;actualit\u00e9 sportive\",\"publisher\":{\"@id\":\"https:\/\/dicodusport.fr\/blog\/#organization\"},\"potentialAction\":[{\"@type\":\"SearchAction\",\"target\":{\"@type\":\"EntryPoint\",\"urlTemplate\":\"https:\/\/dicodusport.fr\/blog\/?s={search_term_string}\"},\"query-input\":{\"@type\":\"PropertyValueSpecification\",\"valueRequired\":true,\"valueName\":\"search_term_string\"}}],\"inLanguage\":\"fr-FR\"},{\"@type\":\"NewsMediaOrganization\",\"@id\":\"https:\/\/dicodusport.fr\/blog\/#organization\",\"name\":\"Dicodusport\",\"url\":\"https:\/\/dicodusport.fr\/blog\/\",\"logo\":{\"@type\":\"ImageObject\",\"inLanguage\":\"fr-FR\",\"@id\":\"https:\/\/dicodusport.fr\/blog\/#\/schema\/logo\/image\/\",\"url\":\"https:\/\/dicodusport.fr\/blog\/wp-content\/uploads\/2020\/06\/cropped-LOGO-DICODUSPORT-2020-SANS-FOND-SANS-TEXTE.png\",\"contentUrl\":\"https:\/\/dicodusport.fr\/blog\/wp-content\/uploads\/2020\/06\/cropped-LOGO-DICODUSPORT-2020-SANS-FOND-SANS-TEXTE.png\",\"width\":512,\"height\":512,\"caption\":\"Dicodusport\"},\"image\":{\"@id\":\"https:\/\/dicodusport.fr\/blog\/#\/schema\/logo\/image\/\"},\"sameAs\":[\"https:\/\/www.facebook.com\/dicodusport\",\"https:\/\/x.com\/dicodusport\",\"https:\/\/www.instagram.com\/dicodusport\/\",\"https:\/\/www.youtube.com\/channel\/UC7V2KZ5sd3htJivAbA4ZG3w\"],\"description\":\"Dicodusport est l'encyclop\u00e9die de l'actualit\u00e9 sportive.\",\"email\":\"bonjour@dicodusport.fr\",\"legalName\":\"DICODUSPORT\",\"foundingDate\":\"2018-01-14\",\"vatID\":\"FR71834470973\",\"taxID\":\"83447097300043\",\"numberOfEmployees\":{\"@type\":\"QuantitativeValue\",\"minValue\":\"1\",\"maxValue\":\"10\"}},{\"@type\":\"Person\",\"@id\":\"https:\/\/dicodusport.fr\/blog\/#\/schema\/person\/cb02af4c173ce4a653b55e9baf388d4a\",\"name\":\"Flo Ostermann\",\"image\":{\"@type\":\"ImageObject\",\"inLanguage\":\"fr-FR\",\"@id\":\"https:\/\/dicodusport.fr\/blog\/#\/schema\/person\/image\/\",\"url\":\"https:\/\/dicodusport.fr\/blog\/wp-content\/uploads\/2021\/05\/Flo-Ostermann-150x150.jpg\",\"contentUrl\":\"https:\/\/dicodusport.fr\/blog\/wp-content\/uploads\/2021\/05\/Flo-Ostermann-150x150.jpg\",\"caption\":\"Flo Ostermann\"},\"description\":\"Journaliste\/R\u00e9dacteur depuis septembre 2015 - Mes premiers souvenirs dans le sport ? Les envol\u00e9es du Stade Toulousain et les duels Villeneuve-Schumacher et H\u00e4kkinen-Schumacher \u00e0 la fin des ann\u00e9es 90, la Coupe du monde de football en 1998, l\u2019exploit du XV de France face aux All Blacks en 1999, mais aussi Richard C\u0153ur de Lion qui vole sur les montagnes du Tour de France. Bien parti pour devenir professeur d\u2019EPS, les \u00e9v\u00e9nements de la vie (et la flemme d\u2019animer des s\u00e9ances de 3x500 m\u00e8tres toute ma vie) m\u2019ont conduit \u00e0 revoir mes plans. Me voil\u00e0 depuis fin 2017 sur Dicodusport, m\u00e9dia gr\u00e2ce (et pour) lequel je partage ma passion : le sport dans tous ses \u00e9tats. Le tout accompagn\u00e9 par les fous furieux et folles furieuses cit\u00e9s sur cette page !\",\"sameAs\":[\"https:\/\/www.facebook.com\/florent.ostermann\",\"https:\/\/x.com\/https:\/\/twitter.com\/FlOstermann\",\"admin\"],\"url\":\"https:\/\/dicodusport.fr\/blog\/author\/flo\/\"}]}<\/script>\n<!-- \/ Yoast SEO Premium plugin. -->","yoast_head_json":{"title":"Championnat d'Europe juniors de biathlon : La France en bronze sur le relais mixte simple","description":"CHAMPIONNATS D'EUROPE JUNIORS DE BIATHLON - Fany Bertrand et Paul Fontaine ont pris le bronze sur le relais mixte simple \u00e0 Pokljuka.","robots":{"index":"index","follow":"follow","max-snippet":"max-snippet:-1","max-image-preview":"max-image-preview:large","max-video-preview":"max-video-preview:-1"},"canonical":"https:\/\/dicodusport.fr\/blog\/championnat-europe-juniors-de-biathlon-france-en-bronze-sur-relais-mixte-simple\/","og_locale":"fr_FR","og_type":"article","og_title":"Championnat d'Europe juniors de biathlon : La France en bronze sur le relais mixte simple","og_description":"CHAMPIONNATS D'EUROPE JUNIORS DE BIATHLON - Fany Bertrand et Paul Fontaine ont pris le bronze sur le relais mixte simple \u00e0 Pokljuka.","og_url":"https:\/\/dicodusport.fr\/blog\/championnat-europe-juniors-de-biathlon-france-en-bronze-sur-relais-mixte-simple\/","og_site_name":"Dicodusport","article_publisher":"https:\/\/www.facebook.com\/dicodusport","article_author":"https:\/\/www.facebook.com\/florent.ostermann","article_published_time":"2022-01-20T10:57:46+00:00","article_modified_time":"2022-01-20T11:13:45+00:00","og_image":[{"width":800,"height":445,"url":"https:\/\/dicodusport.fr\/blog\/wp-content\/uploads\/2022\/01\/Championnat-dEurope-juniors-de-biathlon-La-France-en-bronze-sur-le-relais-mixte-simple.png","type":"image\/png"}],"author":"Flo Ostermann","twitter_card":"summary_large_image","twitter_title":"Championnat d'Europe juniors de biathlon : La France en bronze sur le relais mixte simple","twitter_creator":"@https:\/\/twitter.com\/FlOstermann","twitter_site":"@dicodusport","schema":{"@context":"https:\/\/schema.org","@graph":[{"@type":"NewsArticle","@id":"https:\/\/dicodusport.fr\/blog\/championnat-europe-juniors-de-biathlon-france-en-bronze-sur-relais-mixte-simple\/#article","isPartOf":{"@id":"https:\/\/dicodusport.fr\/blog\/championnat-europe-juniors-de-biathlon-france-en-bronze-sur-relais-mixte-simple\/"},"author":{"name":"Flo Ostermann","@id":"https:\/\/dicodusport.fr\/blog\/#\/schema\/person\/cb02af4c173ce4a653b55e9baf388d4a"},"headline":"Championnat d&rsquo;Europe juniors de biathlon : La France en bronze sur le relais mixte simple","datePublished":"2022-01-20T10:57:46+00:00","dateModified":"2022-01-20T11:13:45+00:00","mainEntityOfPage":{"@id":"https:\/\/dicodusport.fr\/blog\/championnat-europe-juniors-de-biathlon-france-en-bronze-sur-relais-mixte-simple\/"},"wordCount":305,"commentCount":0,"publisher":{"@id":"https:\/\/dicodusport.fr\/blog\/#organization"},"image":{"@id":"https:\/\/dicodusport.fr\/blog\/championnat-europe-juniors-de-biathlon-france-en-bronze-sur-relais-mixte-simple\/#primaryimage"},"thumbnailUrl":"https:\/\/dicodusport.fr\/blog\/wp-content\/uploads\/2022\/01\/Championnat-dEurope-juniors-de-biathlon-La-France-en-bronze-sur-le-relais-mixte-simple.png","keywords":["Biathlon","Championnats du monde juniors de biathlon"],"articleSection":["Biathlon"],"inLanguage":"fr-FR","potentialAction":[{"@type":"CommentAction","name":"Comment","target":["https:\/\/dicodusport.fr\/blog\/championnat-europe-juniors-de-biathlon-france-en-bronze-sur-relais-mixte-simple\/#respond"]}],"copyrightYear":"2022","copyrightHolder":{"@id":"https:\/\/dicodusport.fr\/blog\/#organization"}},{"@type":"WebPage","@id":"https:\/\/dicodusport.fr\/blog\/championnat-europe-juniors-de-biathlon-france-en-bronze-sur-relais-mixte-simple\/","url":"https:\/\/dicodusport.fr\/blog\/championnat-europe-juniors-de-biathlon-france-en-bronze-sur-relais-mixte-simple\/","name":"Championnat d'Europe juniors de biathlon : La France en bronze sur le relais mixte simple","isPartOf":{"@id":"https:\/\/dicodusport.fr\/blog\/#website"},"primaryImageOfPage":{"@id":"https:\/\/dicodusport.fr\/blog\/championnat-europe-juniors-de-biathlon-france-en-bronze-sur-relais-mixte-simple\/#primaryimage"},"image":{"@id":"https:\/\/dicodusport.fr\/blog\/championnat-europe-juniors-de-biathlon-france-en-bronze-sur-relais-mixte-simple\/#primaryimage"},"thumbnailUrl":"https:\/\/dicodusport.fr\/blog\/wp-content\/uploads\/2022\/01\/Championnat-dEurope-juniors-de-biathlon-La-France-en-bronze-sur-le-relais-mixte-simple.png","datePublished":"2022-01-20T10:57:46+00:00","dateModified":"2022-01-20T11:13:45+00:00","description":"CHAMPIONNATS D'EUROPE JUNIORS DE BIATHLON - Fany Bertrand et Paul Fontaine ont pris le bronze sur le relais mixte simple \u00e0 Pokljuka.","breadcrumb":{"@id":"https:\/\/dicodusport.fr\/blog\/championnat-europe-juniors-de-biathlon-france-en-bronze-sur-relais-mixte-simple\/#breadcrumb"},"inLanguage":"fr-FR","potentialAction":[{"@type":"ReadAction","target":["https:\/\/dicodusport.fr\/blog\/championnat-europe-juniors-de-biathlon-france-en-bronze-sur-relais-mixte-simple\/"]}]},{"@type":"ImageObject","inLanguage":"fr-FR","@id":"https:\/\/dicodusport.fr\/blog\/championnat-europe-juniors-de-biathlon-france-en-bronze-sur-relais-mixte-simple\/#primaryimage","url":"https:\/\/dicodusport.fr\/blog\/wp-content\/uploads\/2022\/01\/Championnat-dEurope-juniors-de-biathlon-La-France-en-bronze-sur-le-relais-mixte-simple.png","contentUrl":"https:\/\/dicodusport.fr\/blog\/wp-content\/uploads\/2022\/01\/Championnat-dEurope-juniors-de-biathlon-La-France-en-bronze-sur-le-relais-mixte-simple.png","width":800,"height":445,"caption":"Championnat d'Europe juniors de biathlon La France en bronze sur le relais mixte simple"},{"@type":"BreadcrumbList","@id":"https:\/\/dicodusport.fr\/blog\/championnat-europe-juniors-de-biathlon-france-en-bronze-sur-relais-mixte-simple\/#breadcrumb","itemListElement":[{"@type":"ListItem","position":1,"name":"Accueil","item":"https:\/\/dicodusport.fr\/blog\/"},{"@type":"ListItem","position":2,"name":"Championnat d&rsquo;Europe juniors de biathlon : La France en bronze sur le relais mixte simple"}]},{"@type":"WebSite","@id":"https:\/\/dicodusport.fr\/blog\/#website","url":"https:\/\/dicodusport.fr\/blog\/","name":"Dicodusport","description":"L&#039;encyclop\u00e9die de l&#039;actualit\u00e9 sportive","publisher":{"@id":"https:\/\/dicodusport.fr\/blog\/#organization"},"potentialAction":[{"@type":"SearchAction","target":{"@type":"EntryPoint","urlTemplate":"https:\/\/dicodusport.fr\/blog\/?s={search_term_string}"},"query-input":{"@type":"PropertyValueSpecification","valueRequired":true,"valueName":"search_term_string"}}],"inLanguage":"fr-FR"},{"@type":"NewsMediaOrganization","@id":"https:\/\/dicodusport.fr\/blog\/#organization","name":"Dicodusport","url":"https:\/\/dicodusport.fr\/blog\/","logo":{"@type":"ImageObject","inLanguage":"fr-FR","@id":"https:\/\/dicodusport.fr\/blog\/#\/schema\/logo\/image\/","url":"https:\/\/dicodusport.fr\/blog\/wp-content\/uploads\/2020\/06\/cropped-LOGO-DICODUSPORT-2020-SANS-FOND-SANS-TEXTE.png","contentUrl":"https:\/\/dicodusport.fr\/blog\/wp-content\/uploads\/2020\/06\/cropped-LOGO-DICODUSPORT-2020-SANS-FOND-SANS-TEXTE.png","width":512,"height":512,"caption":"Dicodusport"},"image":{"@id":"https:\/\/dicodusport.fr\/blog\/#\/schema\/logo\/image\/"},"sameAs":["https:\/\/www.facebook.com\/dicodusport","https:\/\/x.com\/dicodusport","https:\/\/www.instagram.com\/dicodusport\/","https:\/\/www.youtube.com\/channel\/UC7V2KZ5sd3htJivAbA4ZG3w"],"description":"Dicodusport est l'encyclop\u00e9die de l'actualit\u00e9 sportive.","email":"bonjour@dicodusport.fr","legalName":"DICODUSPORT","foundingDate":"2018-01-14","vatID":"FR71834470973","taxID":"83447097300043","numberOfEmployees":{"@type":"QuantitativeValue","minValue":"1","maxValue":"10"}},{"@type":"Person","@id":"https:\/\/dicodusport.fr\/blog\/#\/schema\/person\/cb02af4c173ce4a653b55e9baf388d4a","name":"Flo Ostermann","image":{"@type":"ImageObject","inLanguage":"fr-FR","@id":"https:\/\/dicodusport.fr\/blog\/#\/schema\/person\/image\/","url":"https:\/\/dicodusport.fr\/blog\/wp-content\/uploads\/2021\/05\/Flo-Ostermann-150x150.jpg","contentUrl":"https:\/\/dicodusport.fr\/blog\/wp-content\/uploads\/2021\/05\/Flo-Ostermann-150x150.jpg","caption":"Flo Ostermann"},"description":"Journaliste\/R\u00e9dacteur depuis septembre 2015 - Mes premiers souvenirs dans le sport ? Les envol\u00e9es du Stade Toulousain et les duels Villeneuve-Schumacher et H\u00e4kkinen-Schumacher \u00e0 la fin des ann\u00e9es 90, la Coupe du monde de football en 1998, l\u2019exploit du XV de France face aux All Blacks en 1999, mais aussi Richard C\u0153ur de Lion qui vole sur les montagnes du Tour de France. Bien parti pour devenir professeur d\u2019EPS, les \u00e9v\u00e9nements de la vie (et la flemme d\u2019animer des s\u00e9ances de 3x500 m\u00e8tres toute ma vie) m\u2019ont conduit \u00e0 revoir mes plans. Me voil\u00e0 depuis fin 2017 sur Dicodusport, m\u00e9dia gr\u00e2ce (et pour) lequel je partage ma passion : le sport dans tous ses \u00e9tats. Le tout accompagn\u00e9 par les fous furieux et folles furieuses cit\u00e9s sur cette page !","sameAs":["https:\/\/www.facebook.com\/florent.ostermann","https:\/\/x.com\/https:\/\/twitter.com\/FlOstermann","admin"],"url":"https:\/\/dicodusport.fr\/blog\/author\/flo\/"}]}},"_links":{"self":[{"href":"https:\/\/dicodusport.fr\/blog\/wp-json\/wp\/v2\/posts\/192682","targetHints":{"allow":["GET"]}}],"collection":[{"href":"https:\/\/dicodusport.fr\/blog\/wp-json\/wp\/v2\/posts"}],"about":[{"href":"https:\/\/dicodusport.fr\/blog\/wp-json\/wp\/v2\/types\/post"}],"author":[{"embeddable":true,"href":"https:\/\/dicodusport.fr\/blog\/wp-json\/wp\/v2\/users\/4"}],"replies":[{"embeddable":true,"href":"https:\/\/dicodusport.fr\/blog\/wp-json\/wp\/v2\/comments?post=192682"}],"version-history":[{"count":0,"href":"https:\/\/dicodusport.fr\/blog\/wp-json\/wp\/v2\/posts\/192682\/revisions"}],"wp:featuredmedia":[{"embeddable":true,"href":"https:\/\/dicodusport.fr\/blog\/wp-json\/wp\/v2\/media\/192683"}],"wp:attachment":[{"href":"https:\/\/dicodusport.fr\/blog\/wp-json\/wp\/v2\/media?parent=192682"}],"wp:term":[{"taxonomy":"category","embeddable":true,"href":"https:\/\/dicodusport.fr\/blog\/wp-json\/wp\/v2\/categories?post=192682"},{"taxonomy":"post_tag","embeddable":true,"href":"https:\/\/dicodusport.fr\/blog\/wp-json\/wp\/v2\/tags?post=192682"}],"curies":[{"name":"wp","href":"https:\/\/api.w.org\/{rel}","templated":true}]}}