{"id":192999,"date":"2022-03-06T19:39:21","date_gmt":"2022-03-06T18:39:21","guid":{"rendered":"https:\/\/dicodusport.fr\/blog\/?p=192999"},"modified":"2022-03-06T19:44:12","modified_gmt":"2022-03-06T18:44:12","slug":"tirreno-adriatico-2022-le-parcours-en-detail","status":"publish","type":"post","link":"https:\/\/dicodusport.fr\/blog\/tirreno-adriatico-2022-le-parcours-en-detail\/","title":{"rendered":"Tirreno-Adriatico 2022 : Le parcours en d\u00e9tail"},"content":{"rendered":"<p style=\"text-align: justify;\"><em><strong><a href=\"https:\/\/dicodusport.fr\/blog\/actualites\/cyclisme\/cyclisme-sur-route-2022\/\">CYCLISME SUR ROUTE 2022<\/a> &#8211; La 57\u00e8me \u00e9dition du Tirreno-Adriatico d\u00e9butera le lundi 7 mars 2022 et se terminera le dimanche 13 mars 2022. L&rsquo;\u00e9preuve italienne sera compos\u00e9e de 7 \u00e9tapes avec de nombreux changements par rapport aux autres \u00e9ditions. Le contre-la-montre a \u00e9t\u00e9 d\u00e9plac\u00e9 de la derni\u00e8re \u00e0 la premi\u00e8re journ\u00e9e et l&rsquo;\u00e9preuve s&rsquo;ach\u00e8vera un dimanche.<\/strong> <\/em><\/p>\n<h2 style=\"text-align: justify;\">La course des deux mers bouscule ses habitudes<\/h2>\n<p style=\"text-align: justify;\">D&rsquo;abord, la premi\u00e8re \u00e9tape sera un contre-la-montre individuel \u00e0 <strong>Lido di Camaiore<\/strong> de 13,9 km sur un profil tout plat le long de la c\u00f4te tyrrh\u00e9nienne. Le chrono interm\u00e9diaire sera plac\u00e9 un peu avant la mi-course.<\/p>\n<p style=\"text-align: justify;\">Ensuite, la deuxi\u00e8me \u00e9tape se tiendra entre <strong>Camaiore<\/strong> et <strong>Sovicille<\/strong> sur 219 km. Le parcours proposera dans un premier temps 92 kilom\u00e8tres plats. Apr\u00e8s Prato d&rsquo;Era, les coureurs feront face aux petits reliefs jusqu&rsquo;\u00e0 San Lorenzo a Merse. Les 70 derniers kilom\u00e8tres proposeront un parcours plus vallonn\u00e9 avec la c\u00f4te \u00e0 La Pineta et une mont\u00e9e, notamment sur Chiusdino avec le sprint interm\u00e9diaire.<\/p>\n<p style=\"text-align: justify;\">Puis, les coureurs traverseront l&rsquo;Ombrie pour la troisi\u00e8me \u00e9tape en direction de <strong>Terni<\/strong>. Contrairement \u00e0 la veille, peu de relief pour contrecarrer les plans des sprinteurs avec 15 derniers kilom\u00e8tres sur du plat apr\u00e8s une petite descente.<\/p>\n<h2 style=\"text-align: justify;\">Pas de haute montagne mais de belles difficult\u00e9s<\/h2>\n<p style=\"text-align: justify;\">Par la suite, la 4e \u00e9tape proposera un menu cors\u00e9 vers <strong>Bellante<\/strong> avec 202 kilom\u00e8tres de course. Apr\u00e8s une premi\u00e8re moiti\u00e9 d&rsquo;\u00e9tape accident\u00e9e dans les Apennins, l&rsquo;arriv\u00e9e sera plac\u00e9e au sommet d&rsquo;une c\u00f4te (3,8 km \u00e0 7% de moyenne et un passage \u00e0 11%) sur un circuit final \u00e0 faire trois fois. Afin d&rsquo;atteindre la bosse finale, la route sera large et rectiligne en faux-plat descendant.<\/p>\n<p style=\"text-align: justify;\">Comme l&rsquo;\u00e9tape de la veille, une nouvelle journ\u00e9e accident\u00e9e sera propos\u00e9e aux coureurs vers <strong>Fermo<\/strong>. La premi\u00e8re partie de l&rsquo;\u00e9tape traversera notamment Castelraimondo, San Severino Marche et le Valico di Pietra Rossa. Il va falloir grimper une multitude de petites ascensions dans les 60 derniers kilom\u00e8tres, dont les deux derni\u00e8res avec des rampes s\u00e9v\u00e8res. Apr\u00e8s une petite c\u00f4te avec des rampes \u00e0 20 % sur la Strada Calderari, l&rsquo;arriv\u00e9e sera jug\u00e9e au sommet d&rsquo;une bosse sur des rues \u00e9troites avec des pav\u00e9e par moment, avec des pentes allant jusqu&rsquo;\u00e0 10 %.<\/p>\n<p style=\"text-align: justify;\">L&rsquo;\u00e9tape reine se tiendra l&rsquo;avant-dernier jour. Apr\u00e8s 168 premiers kilom\u00e8tres un peu accident\u00e9s, les concurrents grimperont deux fois dans le final le Monte <strong>Carpegna<\/strong>. Cette mont\u00e9e de 6 km \u00e0 10 % de moyenne (avec un passage \u00e0 14%) \u00e9tait le lieu d&rsquo;entra\u00eenement de Marco Pantani.<\/p>\n<p style=\"text-align: justify;\">Enfin, la derni\u00e8re \u00e9tape aura lieu autour de <strong>San Benedetto del Trento<\/strong>. Apr\u00e8s une premi\u00e8re section un peu vallonn\u00e9e dans l&rsquo;arri\u00e8re-pays, un circuit final tout plat sera \u00e0 faire 5 fois sur le bord de mer pour le succ\u00e8s d&rsquo;un sprinteur.<\/p>\n<div id=\"attachment_205753\" style=\"width: 1290px\" class=\"wp-caption aligncenter\"><a href=\"https:\/\/dicodusport.fr\/blog\/wp-content\/uploads\/2022\/01\/La-carte-du-parcours-de-Tirreno-Adriatico-2022.jpg\"><img loading=\"lazy\" decoding=\"async\" aria-describedby=\"caption-attachment-205753\" class=\"size-full wp-image-205753\" src=\"https:\/\/dicodusport.fr\/blog\/wp-content\/uploads\/2022\/01\/La-carte-du-parcours-de-Tirreno-Adriatico-2022.jpg\" alt=\"La carte du parcours de Tirreno-Adriatico 2022\" width=\"1280\" height=\"640\" srcset=\"https:\/\/dicodusport.fr\/blog\/wp-content\/uploads\/2022\/01\/La-carte-du-parcours-de-Tirreno-Adriatico-2022.jpg 1280w, https:\/\/dicodusport.fr\/blog\/wp-content\/uploads\/2022\/01\/La-carte-du-parcours-de-Tirreno-Adriatico-2022-300x150.jpg 300w, https:\/\/dicodusport.fr\/blog\/wp-content\/uploads\/2022\/01\/La-carte-du-parcours-de-Tirreno-Adriatico-2022-1024x512.jpg 1024w, https:\/\/dicodusport.fr\/blog\/wp-content\/uploads\/2022\/01\/La-carte-du-parcours-de-Tirreno-Adriatico-2022-768x384.jpg 768w\" sizes=\"auto, (max-width: 1280px) 100vw, 1280px\" \/><\/a><p id=\"caption-attachment-205753\" class=\"wp-caption-text\">La carte du parcours de Tirreno-Adriatico 2022 &#8211; Via RCS<\/p><\/div>\n<hr \/>\n<h2 style=\"text-align: justify;\">\u00c0 lire aussi<\/h2>\n<ul>\n<li style=\"text-align: justify;\"><a href=\"https:\/\/dicodusport.fr\/blog\/tirreno-adriatico-2022-profil-des-etapes\/\"><strong>Le profil des \u00e9tapes<\/strong><\/a><\/li>\n<li><a href=\"https:\/\/dicodusport.fr\/blog\/les-engages-de-tirreno-adriatico-2022\/\" target=\"_blank\" rel=\"noopener\"><strong>Les engag\u00e9s<\/strong><\/a><\/li>\n<\/ul>\n<hr \/>\n<h2 style=\"text-align: justify;\">Palmar\u00e8s<\/h2>\n<p style=\"text-align: justify;\">2021 &#8211; POGA\u010cAR Tadej<br \/>\n2020 &#8211; YATES Simon<br \/>\n2019 &#8211; ROGLI\u010c Primo\u017e<br \/>\n2018 &#8211; KWIATKOWSKI Micha\u0142<br \/>\n2017 &#8211; QUINTANA Nairo<br \/>\n2016 &#8211; VAN AVERMAET Greg<br \/>\n2015 &#8211; QUINTANA Nairo<br \/>\n2014 &#8211; CONTADOR Alberto<br \/>\n2013 &#8211; NIBALI Vincenzo<br \/>\n2012 &#8211; NIBALI Vincenzo<\/p>\n","protected":false},"excerpt":{"rendered":"<p>CYCLISME SUR ROUTE 2022 &#8211; La 57\u00e8me \u00e9dition du Tirreno-Adriatico d\u00e9butera le lundi 7 mars 2022 et se terminera le dimanche 13 mars 2022. L&rsquo;\u00e9preuve italienne sera compos\u00e9e de 7 \u00e9tapes avec de nombreux changements par rapport aux autres \u00e9ditions. Le contre-la-montre a \u00e9t\u00e9 d\u00e9plac\u00e9 de la derni\u00e8re \u00e0 la premi\u00e8re journ\u00e9e et l&rsquo;\u00e9preuve s&rsquo;ach\u00e8vera un dimanche.<\/p>\n","protected":false},"author":48,"featured_media":205752,"comment_status":"open","ping_status":"closed","sticky":false,"template":"","format":"standard","meta":{"_acf_changed":false,"_daextam_enable_autolinks":"","footnotes":""},"categories":[46994],"tags":[3119,7435],"class_list":["post-192999","post","type-post","status-publish","format-standard","has-post-thumbnail","hentry","category-cyclisme-sur-route","tag-actualite-cyclisme","tag-tirreno-adriatico"],"acf":[],"yoast_head":"<!-- This site is optimized with the Yoast SEO Premium plugin v26.7 (Yoast SEO v26.7) - https:\/\/yoast.com\/wordpress\/plugins\/seo\/ -->\n<title>Tirreno-Adriatico 2022 : Le parcours en d\u00e9tail<\/title>\n<meta name=\"description\" content=\"CYCLISME - La 57e \u00e9dition du Tirreno-Adriatico d\u00e9butera le lundi 7 mars 2022 et se terminera le dimanche 13 mars 2022. Le parcours en d\u00e9tail.\" \/>\n<meta name=\"robots\" content=\"index, follow, max-snippet:-1, max-image-preview:large, max-video-preview:-1\" \/>\n<link rel=\"canonical\" href=\"https:\/\/dicodusport.fr\/blog\/tirreno-adriatico-2022-le-parcours-en-detail\/\" \/>\n<meta property=\"og:locale\" content=\"fr_FR\" \/>\n<meta property=\"og:type\" content=\"article\" \/>\n<meta property=\"og:title\" content=\"Tirreno-Adriatico 2022 : Le parcours en d\u00e9tail\" \/>\n<meta property=\"og:description\" content=\"CYCLISME - La 57e \u00e9dition du Tirreno-Adriatico d\u00e9butera le lundi 7 mars 2022 et se terminera le dimanche 13 mars 2022. Le parcours en d\u00e9tail.\" \/>\n<meta property=\"og:url\" content=\"https:\/\/dicodusport.fr\/blog\/tirreno-adriatico-2022-le-parcours-en-detail\/\" \/>\n<meta property=\"og:site_name\" content=\"Dicodusport\" \/>\n<meta property=\"article:publisher\" content=\"https:\/\/www.facebook.com\/dicodusport\" \/>\n<meta property=\"article:author\" content=\"https:\/\/www.facebook.com\/groups\/LesRoisDuPeloton\" \/>\n<meta property=\"article:published_time\" content=\"2022-03-06T18:39:21+00:00\" \/>\n<meta property=\"article:modified_time\" content=\"2022-03-06T18:44:12+00:00\" \/>\n<meta property=\"og:image\" content=\"https:\/\/dicodusport.fr\/blog\/wp-content\/uploads\/2022\/01\/Tirreno-Adriatico-2022-Le-parcours-en-detail.png\" \/>\n\t<meta property=\"og:image:width\" content=\"800\" \/>\n\t<meta property=\"og:image:height\" content=\"445\" \/>\n\t<meta property=\"og:image:type\" content=\"image\/png\" \/>\n<meta name=\"author\" content=\"Emilien Descampiaux\" \/>\n<meta name=\"twitter:card\" content=\"summary_large_image\" \/>\n<meta name=\"twitter:title\" content=\"Tirreno-Adriatico 2022 : Le parcours en d\u00e9tail\" \/>\n<meta name=\"twitter:creator\" content=\"@https:\/\/twitter.com\/LRoisDuPeloton\" \/>\n<meta name=\"twitter:site\" content=\"@dicodusport\" \/>\n<script type=\"application\/ld+json\" class=\"yoast-schema-graph\">{\"@context\":\"https:\/\/schema.org\",\"@graph\":[{\"@type\":\"NewsArticle\",\"@id\":\"https:\/\/dicodusport.fr\/blog\/tirreno-adriatico-2022-le-parcours-en-detail\/#article\",\"isPartOf\":{\"@id\":\"https:\/\/dicodusport.fr\/blog\/tirreno-adriatico-2022-le-parcours-en-detail\/\"},\"author\":{\"name\":\"Emilien Descampiaux\",\"@id\":\"https:\/\/dicodusport.fr\/blog\/#\/schema\/person\/6db4bae06b171592211be385b32876a7\"},\"headline\":\"Tirreno-Adriatico 2022 : Le parcours en d\u00e9tail\",\"datePublished\":\"2022-03-06T18:39:21+00:00\",\"dateModified\":\"2022-03-06T18:44:12+00:00\",\"mainEntityOfPage\":{\"@id\":\"https:\/\/dicodusport.fr\/blog\/tirreno-adriatico-2022-le-parcours-en-detail\/\"},\"wordCount\":553,\"commentCount\":0,\"publisher\":{\"@id\":\"https:\/\/dicodusport.fr\/blog\/#organization\"},\"image\":{\"@id\":\"https:\/\/dicodusport.fr\/blog\/tirreno-adriatico-2022-le-parcours-en-detail\/#primaryimage\"},\"thumbnailUrl\":\"https:\/\/dicodusport.fr\/blog\/wp-content\/uploads\/2022\/01\/Tirreno-Adriatico-2022-Le-parcours-en-detail.png\",\"keywords\":[\"Actualit\u00e9 Cyclisme\",\"Tirreno-Adriatico\"],\"articleSection\":[\"Cyclisme sur route\"],\"inLanguage\":\"fr-FR\",\"potentialAction\":[{\"@type\":\"CommentAction\",\"name\":\"Comment\",\"target\":[\"https:\/\/dicodusport.fr\/blog\/tirreno-adriatico-2022-le-parcours-en-detail\/#respond\"]}],\"copyrightYear\":\"2022\",\"copyrightHolder\":{\"@id\":\"https:\/\/dicodusport.fr\/blog\/#organization\"}},{\"@type\":\"WebPage\",\"@id\":\"https:\/\/dicodusport.fr\/blog\/tirreno-adriatico-2022-le-parcours-en-detail\/\",\"url\":\"https:\/\/dicodusport.fr\/blog\/tirreno-adriatico-2022-le-parcours-en-detail\/\",\"name\":\"Tirreno-Adriatico 2022 : Le parcours en d\u00e9tail\",\"isPartOf\":{\"@id\":\"https:\/\/dicodusport.fr\/blog\/#website\"},\"primaryImageOfPage\":{\"@id\":\"https:\/\/dicodusport.fr\/blog\/tirreno-adriatico-2022-le-parcours-en-detail\/#primaryimage\"},\"image\":{\"@id\":\"https:\/\/dicodusport.fr\/blog\/tirreno-adriatico-2022-le-parcours-en-detail\/#primaryimage\"},\"thumbnailUrl\":\"https:\/\/dicodusport.fr\/blog\/wp-content\/uploads\/2022\/01\/Tirreno-Adriatico-2022-Le-parcours-en-detail.png\",\"datePublished\":\"2022-03-06T18:39:21+00:00\",\"dateModified\":\"2022-03-06T18:44:12+00:00\",\"description\":\"CYCLISME - La 57e \u00e9dition du Tirreno-Adriatico d\u00e9butera le lundi 7 mars 2022 et se terminera le dimanche 13 mars 2022. Le parcours en d\u00e9tail.\",\"breadcrumb\":{\"@id\":\"https:\/\/dicodusport.fr\/blog\/tirreno-adriatico-2022-le-parcours-en-detail\/#breadcrumb\"},\"inLanguage\":\"fr-FR\",\"potentialAction\":[{\"@type\":\"ReadAction\",\"target\":[\"https:\/\/dicodusport.fr\/blog\/tirreno-adriatico-2022-le-parcours-en-detail\/\"]}]},{\"@type\":\"ImageObject\",\"inLanguage\":\"fr-FR\",\"@id\":\"https:\/\/dicodusport.fr\/blog\/tirreno-adriatico-2022-le-parcours-en-detail\/#primaryimage\",\"url\":\"https:\/\/dicodusport.fr\/blog\/wp-content\/uploads\/2022\/01\/Tirreno-Adriatico-2022-Le-parcours-en-detail.png\",\"contentUrl\":\"https:\/\/dicodusport.fr\/blog\/wp-content\/uploads\/2022\/01\/Tirreno-Adriatico-2022-Le-parcours-en-detail.png\",\"width\":800,\"height\":445,\"caption\":\"Tirreno-Adriatico 2022 Le parcours en d\u00e9tail\"},{\"@type\":\"BreadcrumbList\",\"@id\":\"https:\/\/dicodusport.fr\/blog\/tirreno-adriatico-2022-le-parcours-en-detail\/#breadcrumb\",\"itemListElement\":[{\"@type\":\"ListItem\",\"position\":1,\"name\":\"Accueil\",\"item\":\"https:\/\/dicodusport.fr\/blog\/\"},{\"@type\":\"ListItem\",\"position\":2,\"name\":\"Tirreno-Adriatico 2022 : Le parcours en d\u00e9tail\"}]},{\"@type\":\"WebSite\",\"@id\":\"https:\/\/dicodusport.fr\/blog\/#website\",\"url\":\"https:\/\/dicodusport.fr\/blog\/\",\"name\":\"Dicodusport\",\"description\":\"L&#039;encyclop\u00e9die de l&#039;actualit\u00e9 sportive\",\"publisher\":{\"@id\":\"https:\/\/dicodusport.fr\/blog\/#organization\"},\"potentialAction\":[{\"@type\":\"SearchAction\",\"target\":{\"@type\":\"EntryPoint\",\"urlTemplate\":\"https:\/\/dicodusport.fr\/blog\/?s={search_term_string}\"},\"query-input\":{\"@type\":\"PropertyValueSpecification\",\"valueRequired\":true,\"valueName\":\"search_term_string\"}}],\"inLanguage\":\"fr-FR\"},{\"@type\":\"NewsMediaOrganization\",\"@id\":\"https:\/\/dicodusport.fr\/blog\/#organization\",\"name\":\"Dicodusport\",\"url\":\"https:\/\/dicodusport.fr\/blog\/\",\"logo\":{\"@type\":\"ImageObject\",\"inLanguage\":\"fr-FR\",\"@id\":\"https:\/\/dicodusport.fr\/blog\/#\/schema\/logo\/image\/\",\"url\":\"https:\/\/dicodusport.fr\/blog\/wp-content\/uploads\/2020\/06\/cropped-LOGO-DICODUSPORT-2020-SANS-FOND-SANS-TEXTE.png\",\"contentUrl\":\"https:\/\/dicodusport.fr\/blog\/wp-content\/uploads\/2020\/06\/cropped-LOGO-DICODUSPORT-2020-SANS-FOND-SANS-TEXTE.png\",\"width\":512,\"height\":512,\"caption\":\"Dicodusport\"},\"image\":{\"@id\":\"https:\/\/dicodusport.fr\/blog\/#\/schema\/logo\/image\/\"},\"sameAs\":[\"https:\/\/www.facebook.com\/dicodusport\",\"https:\/\/x.com\/dicodusport\",\"https:\/\/www.instagram.com\/dicodusport\/\",\"https:\/\/www.youtube.com\/channel\/UC7V2KZ5sd3htJivAbA4ZG3w\"],\"description\":\"Dicodusport est l'encyclop\u00e9die de l'actualit\u00e9 sportive.\",\"email\":\"bonjour@dicodusport.fr\",\"legalName\":\"DICODUSPORT\",\"foundingDate\":\"2018-01-14\",\"vatID\":\"FR71834470973\",\"taxID\":\"83447097300043\",\"numberOfEmployees\":{\"@type\":\"QuantitativeValue\",\"minValue\":\"1\",\"maxValue\":\"10\"}},{\"@type\":\"Person\",\"@id\":\"https:\/\/dicodusport.fr\/blog\/#\/schema\/person\/6db4bae06b171592211be385b32876a7\",\"name\":\"Emilien Descampiaux\",\"image\":{\"@type\":\"ImageObject\",\"inLanguage\":\"fr-FR\",\"@id\":\"https:\/\/dicodusport.fr\/blog\/#\/schema\/person\/image\/\",\"url\":\"https:\/\/dicodusport.fr\/blog\/wp-content\/uploads\/2021\/05\/Emilien-Descampiaux-150x150.jpg\",\"contentUrl\":\"https:\/\/dicodusport.fr\/blog\/wp-content\/uploads\/2021\/05\/Emilien-Descampiaux-150x150.jpg\",\"caption\":\"Emilien Descampiaux\"},\"description\":\"Journaliste\/r\u00e9dacteur depuis 2014 - Fan de la classe de Frank Vandenbroucke, je vis cyclisme (et de ses paysages) depuis plus de 20 ans. Je suis tr\u00e8s impliqu\u00e9 sur mes diff\u00e9rents r\u00e9seaux sociaux pour partager ma passion sur le monde et l'Histoire de la bicyclette avec ma voix sur les images en noir et blanc du succ\u00e8s de Rik Van Steenbergen lors du Ronde sur le V\u00e9lodrome de Gand.\",\"sameAs\":[\"https:\/\/www.facebook.com\/groups\/LesRoisDuPeloton\",\"https:\/\/x.com\/https:\/\/twitter.com\/LRoisDuPeloton\"],\"url\":\"https:\/\/dicodusport.fr\/blog\/author\/emiliend\/\"}]}<\/script>\n<!-- \/ Yoast SEO Premium plugin. -->","yoast_head_json":{"title":"Tirreno-Adriatico 2022 : Le parcours en d\u00e9tail","description":"CYCLISME - La 57e \u00e9dition du Tirreno-Adriatico d\u00e9butera le lundi 7 mars 2022 et se terminera le dimanche 13 mars 2022. Le parcours en d\u00e9tail.","robots":{"index":"index","follow":"follow","max-snippet":"max-snippet:-1","max-image-preview":"max-image-preview:large","max-video-preview":"max-video-preview:-1"},"canonical":"https:\/\/dicodusport.fr\/blog\/tirreno-adriatico-2022-le-parcours-en-detail\/","og_locale":"fr_FR","og_type":"article","og_title":"Tirreno-Adriatico 2022 : Le parcours en d\u00e9tail","og_description":"CYCLISME - La 57e \u00e9dition du Tirreno-Adriatico d\u00e9butera le lundi 7 mars 2022 et se terminera le dimanche 13 mars 2022. Le parcours en d\u00e9tail.","og_url":"https:\/\/dicodusport.fr\/blog\/tirreno-adriatico-2022-le-parcours-en-detail\/","og_site_name":"Dicodusport","article_publisher":"https:\/\/www.facebook.com\/dicodusport","article_author":"https:\/\/www.facebook.com\/groups\/LesRoisDuPeloton","article_published_time":"2022-03-06T18:39:21+00:00","article_modified_time":"2022-03-06T18:44:12+00:00","og_image":[{"width":800,"height":445,"url":"https:\/\/dicodusport.fr\/blog\/wp-content\/uploads\/2022\/01\/Tirreno-Adriatico-2022-Le-parcours-en-detail.png","type":"image\/png"}],"author":"Emilien Descampiaux","twitter_card":"summary_large_image","twitter_title":"Tirreno-Adriatico 2022 : Le parcours en d\u00e9tail","twitter_creator":"@https:\/\/twitter.com\/LRoisDuPeloton","twitter_site":"@dicodusport","schema":{"@context":"https:\/\/schema.org","@graph":[{"@type":"NewsArticle","@id":"https:\/\/dicodusport.fr\/blog\/tirreno-adriatico-2022-le-parcours-en-detail\/#article","isPartOf":{"@id":"https:\/\/dicodusport.fr\/blog\/tirreno-adriatico-2022-le-parcours-en-detail\/"},"author":{"name":"Emilien Descampiaux","@id":"https:\/\/dicodusport.fr\/blog\/#\/schema\/person\/6db4bae06b171592211be385b32876a7"},"headline":"Tirreno-Adriatico 2022 : Le parcours en d\u00e9tail","datePublished":"2022-03-06T18:39:21+00:00","dateModified":"2022-03-06T18:44:12+00:00","mainEntityOfPage":{"@id":"https:\/\/dicodusport.fr\/blog\/tirreno-adriatico-2022-le-parcours-en-detail\/"},"wordCount":553,"commentCount":0,"publisher":{"@id":"https:\/\/dicodusport.fr\/blog\/#organization"},"image":{"@id":"https:\/\/dicodusport.fr\/blog\/tirreno-adriatico-2022-le-parcours-en-detail\/#primaryimage"},"thumbnailUrl":"https:\/\/dicodusport.fr\/blog\/wp-content\/uploads\/2022\/01\/Tirreno-Adriatico-2022-Le-parcours-en-detail.png","keywords":["Actualit\u00e9 Cyclisme","Tirreno-Adriatico"],"articleSection":["Cyclisme sur route"],"inLanguage":"fr-FR","potentialAction":[{"@type":"CommentAction","name":"Comment","target":["https:\/\/dicodusport.fr\/blog\/tirreno-adriatico-2022-le-parcours-en-detail\/#respond"]}],"copyrightYear":"2022","copyrightHolder":{"@id":"https:\/\/dicodusport.fr\/blog\/#organization"}},{"@type":"WebPage","@id":"https:\/\/dicodusport.fr\/blog\/tirreno-adriatico-2022-le-parcours-en-detail\/","url":"https:\/\/dicodusport.fr\/blog\/tirreno-adriatico-2022-le-parcours-en-detail\/","name":"Tirreno-Adriatico 2022 : Le parcours en d\u00e9tail","isPartOf":{"@id":"https:\/\/dicodusport.fr\/blog\/#website"},"primaryImageOfPage":{"@id":"https:\/\/dicodusport.fr\/blog\/tirreno-adriatico-2022-le-parcours-en-detail\/#primaryimage"},"image":{"@id":"https:\/\/dicodusport.fr\/blog\/tirreno-adriatico-2022-le-parcours-en-detail\/#primaryimage"},"thumbnailUrl":"https:\/\/dicodusport.fr\/blog\/wp-content\/uploads\/2022\/01\/Tirreno-Adriatico-2022-Le-parcours-en-detail.png","datePublished":"2022-03-06T18:39:21+00:00","dateModified":"2022-03-06T18:44:12+00:00","description":"CYCLISME - La 57e \u00e9dition du Tirreno-Adriatico d\u00e9butera le lundi 7 mars 2022 et se terminera le dimanche 13 mars 2022. Le parcours en d\u00e9tail.","breadcrumb":{"@id":"https:\/\/dicodusport.fr\/blog\/tirreno-adriatico-2022-le-parcours-en-detail\/#breadcrumb"},"inLanguage":"fr-FR","potentialAction":[{"@type":"ReadAction","target":["https:\/\/dicodusport.fr\/blog\/tirreno-adriatico-2022-le-parcours-en-detail\/"]}]},{"@type":"ImageObject","inLanguage":"fr-FR","@id":"https:\/\/dicodusport.fr\/blog\/tirreno-adriatico-2022-le-parcours-en-detail\/#primaryimage","url":"https:\/\/dicodusport.fr\/blog\/wp-content\/uploads\/2022\/01\/Tirreno-Adriatico-2022-Le-parcours-en-detail.png","contentUrl":"https:\/\/dicodusport.fr\/blog\/wp-content\/uploads\/2022\/01\/Tirreno-Adriatico-2022-Le-parcours-en-detail.png","width":800,"height":445,"caption":"Tirreno-Adriatico 2022 Le parcours en d\u00e9tail"},{"@type":"BreadcrumbList","@id":"https:\/\/dicodusport.fr\/blog\/tirreno-adriatico-2022-le-parcours-en-detail\/#breadcrumb","itemListElement":[{"@type":"ListItem","position":1,"name":"Accueil","item":"https:\/\/dicodusport.fr\/blog\/"},{"@type":"ListItem","position":2,"name":"Tirreno-Adriatico 2022 : Le parcours en d\u00e9tail"}]},{"@type":"WebSite","@id":"https:\/\/dicodusport.fr\/blog\/#website","url":"https:\/\/dicodusport.fr\/blog\/","name":"Dicodusport","description":"L&#039;encyclop\u00e9die de l&#039;actualit\u00e9 sportive","publisher":{"@id":"https:\/\/dicodusport.fr\/blog\/#organization"},"potentialAction":[{"@type":"SearchAction","target":{"@type":"EntryPoint","urlTemplate":"https:\/\/dicodusport.fr\/blog\/?s={search_term_string}"},"query-input":{"@type":"PropertyValueSpecification","valueRequired":true,"valueName":"search_term_string"}}],"inLanguage":"fr-FR"},{"@type":"NewsMediaOrganization","@id":"https:\/\/dicodusport.fr\/blog\/#organization","name":"Dicodusport","url":"https:\/\/dicodusport.fr\/blog\/","logo":{"@type":"ImageObject","inLanguage":"fr-FR","@id":"https:\/\/dicodusport.fr\/blog\/#\/schema\/logo\/image\/","url":"https:\/\/dicodusport.fr\/blog\/wp-content\/uploads\/2020\/06\/cropped-LOGO-DICODUSPORT-2020-SANS-FOND-SANS-TEXTE.png","contentUrl":"https:\/\/dicodusport.fr\/blog\/wp-content\/uploads\/2020\/06\/cropped-LOGO-DICODUSPORT-2020-SANS-FOND-SANS-TEXTE.png","width":512,"height":512,"caption":"Dicodusport"},"image":{"@id":"https:\/\/dicodusport.fr\/blog\/#\/schema\/logo\/image\/"},"sameAs":["https:\/\/www.facebook.com\/dicodusport","https:\/\/x.com\/dicodusport","https:\/\/www.instagram.com\/dicodusport\/","https:\/\/www.youtube.com\/channel\/UC7V2KZ5sd3htJivAbA4ZG3w"],"description":"Dicodusport est l'encyclop\u00e9die de l'actualit\u00e9 sportive.","email":"bonjour@dicodusport.fr","legalName":"DICODUSPORT","foundingDate":"2018-01-14","vatID":"FR71834470973","taxID":"83447097300043","numberOfEmployees":{"@type":"QuantitativeValue","minValue":"1","maxValue":"10"}},{"@type":"Person","@id":"https:\/\/dicodusport.fr\/blog\/#\/schema\/person\/6db4bae06b171592211be385b32876a7","name":"Emilien Descampiaux","image":{"@type":"ImageObject","inLanguage":"fr-FR","@id":"https:\/\/dicodusport.fr\/blog\/#\/schema\/person\/image\/","url":"https:\/\/dicodusport.fr\/blog\/wp-content\/uploads\/2021\/05\/Emilien-Descampiaux-150x150.jpg","contentUrl":"https:\/\/dicodusport.fr\/blog\/wp-content\/uploads\/2021\/05\/Emilien-Descampiaux-150x150.jpg","caption":"Emilien Descampiaux"},"description":"Journaliste\/r\u00e9dacteur depuis 2014 - Fan de la classe de Frank Vandenbroucke, je vis cyclisme (et de ses paysages) depuis plus de 20 ans. Je suis tr\u00e8s impliqu\u00e9 sur mes diff\u00e9rents r\u00e9seaux sociaux pour partager ma passion sur le monde et l'Histoire de la bicyclette avec ma voix sur les images en noir et blanc du succ\u00e8s de Rik Van Steenbergen lors du Ronde sur le V\u00e9lodrome de Gand.","sameAs":["https:\/\/www.facebook.com\/groups\/LesRoisDuPeloton","https:\/\/x.com\/https:\/\/twitter.com\/LRoisDuPeloton"],"url":"https:\/\/dicodusport.fr\/blog\/author\/emiliend\/"}]}},"_links":{"self":[{"href":"https:\/\/dicodusport.fr\/blog\/wp-json\/wp\/v2\/posts\/192999","targetHints":{"allow":["GET"]}}],"collection":[{"href":"https:\/\/dicodusport.fr\/blog\/wp-json\/wp\/v2\/posts"}],"about":[{"href":"https:\/\/dicodusport.fr\/blog\/wp-json\/wp\/v2\/types\/post"}],"author":[{"embeddable":true,"href":"https:\/\/dicodusport.fr\/blog\/wp-json\/wp\/v2\/users\/48"}],"replies":[{"embeddable":true,"href":"https:\/\/dicodusport.fr\/blog\/wp-json\/wp\/v2\/comments?post=192999"}],"version-history":[{"count":0,"href":"https:\/\/dicodusport.fr\/blog\/wp-json\/wp\/v2\/posts\/192999\/revisions"}],"wp:featuredmedia":[{"embeddable":true,"href":"https:\/\/dicodusport.fr\/blog\/wp-json\/wp\/v2\/media\/205752"}],"wp:attachment":[{"href":"https:\/\/dicodusport.fr\/blog\/wp-json\/wp\/v2\/media?parent=192999"}],"wp:term":[{"taxonomy":"category","embeddable":true,"href":"https:\/\/dicodusport.fr\/blog\/wp-json\/wp\/v2\/categories?post=192999"},{"taxonomy":"post_tag","embeddable":true,"href":"https:\/\/dicodusport.fr\/blog\/wp-json\/wp\/v2\/tags?post=192999"}],"curies":[{"name":"wp","href":"https:\/\/api.w.org\/{rel}","templated":true}]}}