{"id":19302,"date":"2018-05-30T10:54:07","date_gmt":"2018-05-30T08:54:07","guid":{"rendered":"http:\/\/dicodusport.fr\/blog\/?p=19302"},"modified":"2018-05-31T01:13:09","modified_gmt":"2018-05-30T23:13:09","slug":"rodez-aveyron-football-olympique-lyonnais-tempete-fenotte-en-terre-rafette","status":"publish","type":"post","link":"https:\/\/dicodusport.fr\/blog\/rodez-aveyron-football-olympique-lyonnais-tempete-fenotte-en-terre-rafette\/","title":{"rendered":"Rodez Aveyron Football &#8211; Olympique Lyonnais : temp\u00eate fenotte en terre rafette"},"content":{"rendered":"<p style=\"text-align: justify;\"><strong><em>La derni\u00e8re journ\u00e9e de championnat a livr\u00e9 son verdict. L\u2019ASPTT Albi et l\u2019Olympique de Marseille s\u2019en vont main dans la main en D2. Le Paris Saint-Germain aura droit \u00e0 son \u00e9pop\u00e9e europ\u00e9enne. Et le ventre mou du classement, ces \u00e9quipes dans un mouchoir de poche, de Soyaux, 5<sup>\u00e8me<\/sup> avec 24 points \u00e0 Guingamp, 10<sup>\u00e8me<\/sup> avec 22 points, regardent avec soulagement le couperet de la D2 passer sur la nuque de quelqu\u2019un d\u2019autre. Ainsi en est-il de Rodez, 9<sup>\u00e8me<\/sup>, \u00e0 22 points, malgr\u00e9 la gifle 6 buts \u00e0 rien inflig\u00e9e par un Olympique Lyonnais, invaincu. <\/em><\/strong><\/p>\n<p style=\"text-align: justify;\">Rodez est le chef lieu de l\u2019Aveyron. L\u2019Aveyron est un d\u00e9partement qui se niche entre les C\u00e9vennes et la Dordogne, et qu\u2019il ne faut surtout pas confondre avec la Loz\u00e8re sous peine de vous attirer les foudres des Aveyronnais du Sud comme du Nord (qu\u2019il ne faut \u00e9galement pas confondre).<\/p>\n<p style=\"text-align: justify;\">Pour les pieux et les p\u00e8lerins, Rodez se r\u00e9sume \u00e0 sa cath\u00e9drale gothique du XIII\u00e8me si\u00e8cle, autour de laquelle s\u2019organise la vieille ville. Pour les gourmets, Rodez rime avec aligot, tripou et far\u00e7ou. Pour les fous de ballon rond, Rodez est une \u00e9quipe de foot, qui se maintient dans l\u2019\u00e9lite depuis 2010 et qui, au soir du 27 mai, rempile pour une saison suppl\u00e9mentaire au pays des grandes, celui des Lyonnaises, Parisiennes et Montpelli\u00e9raines. Une saison de plus en D1, malgr\u00e9 la gifle re\u00e7ue \u00e0 domicile face \u00e0 la bande \u00e0 Renard, qui depuis leur victoire \u00e0 Kiev le 24 mai, marchent litt\u00e9ralement sur l\u2019eau.<\/p>\n<h4 style=\"text-align: justify;\"><strong>Les frissons de bas de classement<\/strong><\/h4>\n<p style=\"text-align: justify;\">Dans cette ultime rencontre de championnat o\u00f9 tous les frissons \u00e9taient concentr\u00e9s sur le bas du classement, les Rafettes (petit nom des joueuses de Rodez) maudissaient sans doute le sort. Affronter les championnes de France en titre (depuis trois journ\u00e9es de championnat), championnes d\u2019Europe en titre (depuis trois jours) alors que l\u2019on joue son maintien, c\u2019est courir un cent m\u00e8tres en partant 150 m\u00e8tres derri\u00e8re.<\/p>\n<p style=\"text-align: justify;\">Finalement, l\u2019histoire tout est bien qui finit bien pour les Rafettes. Le 6-0 encaiss\u00e9 n\u2019a pas chang\u00e9 leur destin, Albi s\u2019est sacrifi\u00e9 pour accompagner Marseille dans la descente en D2.<\/p>\n<p style=\"text-align: justify;\">Pourtant, sur le papier, elles auraient pu croire en leur chance, ces Rafettes. Un onze lyonnais sans Le Sommer, sans Renard, ni Bronze, ni Henry, et surtout sans notre hyperloop pr\u00e9f\u00e9r\u00e9, Shanice Van de Sanden, il y avait sans doute une carte \u00e0 jouer.<\/p>\n<p style=\"text-align: justify;\">Pour leur der des ders en championnat, Pedros avait align\u00e9 Camille Abily, brassard de capitaine au bras et Corinne Petit, en d\u00e9fense. Le reste, des tauli\u00e8res, Hegerberg, Marozsan. Des toutes jeunes, Bacha, Laurent. Des revenantes, Houara d\u2019Hommeaux, Peyraud-Magnin, en remplacement d\u2019une Bouhaddi bless\u00e9e, bient\u00f4t op\u00e9r\u00e9e.<\/p>\n<h4 style=\"text-align: justify;\"><strong>Une ann\u00e9e lyonnaise<\/strong><\/h4>\n<p style=\"text-align: justify;\">Mais contre ce groupe-l\u00e0, cette saison, il n\u2019y a rien \u00e0 faire. Abily joue au poste de Le Sommer\u00a0? Buchanan remplace Renard\u00a0? Cascarino remplace Majri\u00a0? Demandez aux Rafettes, c\u2019est du pareil au m\u00eame. Fluidit\u00e9 du jeu, pressing, rouleau compresseur. Avalanche de buts. Contrairement \u00e0 Marseille, Albi, Lille ou m\u00eame le Fleury FC qui avaient r\u00e9sist\u00e9 une mi-temps, cette fois, le gros \u0153uvre s\u2019est achev\u00e9 dans les 45 premi\u00e8res minutes.<\/p>\n<p style=\"text-align: justify;\">D\u2019abord Emeline Laurent, de la t\u00eate (0-1, 8\u2019), puis Hegerberg soucieuse de ses stats, marque le deuxi\u00e8me but de la rencontre, son 31<sup>\u00e8me<\/sup> but en championnat (0-2, 21\u2019). Capitaine Camille ensuite, pour son ultime doubl\u00e9, notamment gr\u00e2ce \u00e0 une frappe somptueuse qui se fiche dans la lucarne de la gardienne ruth\u00e9noise Niphon (33\u2019 et 41\u2019) pour le 0-4. Enfin, comme pour continuer la f\u00eate commenc\u00e9e \u00e0 Kiev, Le Sommer, entr\u00e9e en cours de match en remplacement d\u2019Ada Hegerberg, marque \u00e0 deux reprises, et \u00e0 trois minutes d\u2019intervalle (66\u2019 et 69\u2019).<\/p>\n<p style=\"text-align: justify;\">A 20 minutes de la fin, la messe \u00e9tait dite, les cloches de la cath\u00e9drale peuvent sonner pour c\u00e9l\u00e9brer la saison de feu des Fenottes et le maintien dans l\u2019\u00e9lite des filles du pays. Mani\u00e8re de prendre date aussi pour le prochaine affrontement Rafettes \/ Fenottes, version cru 2019.<\/p>\n<p style=\"text-align: justify;\">Seul tourment dans ces riches heures lyonnaises, la nouvelle blessure de Jessica Houara, sur le m\u00eame genou, synonyme de nouvelle op\u00e9ration. C\u2019est ainsi qu\u2019elle aura termin\u00e9 sa carri\u00e8re lyonnaise, et on a h\u00e2te de la revoir sous d\u2019autres couleurs, plus en forme, encore plus.<\/p>\n<p style=\"text-align: justify;\">Pour que le triomphe des Lyonnaises soit complet cette saison, un ultime obstacle. Toujours ce m\u00eame poil \u00e0 gratter, qui commence par Paris, se termine par Saint-Germain. Finale de la coupe de France, jeudi 31 mai, Strasbourg. La belle affiche. Les Parisiennes ne veulent pas se contenter des miettes. Et les Lyonnaises ont ceci d\u2019extraordinaire qu\u2019elles jouent chaque match comme une finale de Women\u2019s Champions League.<\/p>\n<p><strong><em>Camille Cordouan<\/em><\/strong><br \/>\n<a href=\"https:\/\/twitter.com\/CCordouan\"><img loading=\"lazy\" decoding=\"async\" class=\"alignnone size-full wp-image-2908\" src=\"http:\/\/dicodusport.fr\/blog\/wp-content\/uploads\/2017\/07\/logo-twitter-e1516110106986.png\" alt=\"\" width=\"39\" height=\"39\" \/><\/a><\/p>\n","protected":false},"excerpt":{"rendered":"<p>La derni\u00e8re journ\u00e9e de championnat a livr\u00e9 son verdict. L\u2019ASPTT Albi et l\u2019Olympique de Marseille s\u2019en vont main dans la main en D2. Le Paris Saint-Germain aura droit \u00e0 son \u00e9pop\u00e9e europ\u00e9enne.<\/p>\n","protected":false},"author":1,"featured_media":19304,"comment_status":"open","ping_status":"closed","sticky":false,"template":"","format":"standard","meta":{"_acf_changed":false,"_daextam_enable_autolinks":"","footnotes":""},"categories":[2,2301],"tags":[2734,1355,75,1145,2069],"class_list":["post-19302","post","type-post","status-publish","format-standard","has-post-thumbnail","hentry","category-actualites","category-football","tag-aulas","tag-foot-feminin","tag-football","tag-ol","tag-ol-feminin"],"acf":[],"yoast_head":"<!-- This site is optimized with the Yoast SEO Premium plugin v26.7 (Yoast SEO v26.7) - https:\/\/yoast.com\/wordpress\/plugins\/seo\/ -->\n<title>Rodez Aveyron Football - Olympique Lyonnais : temp\u00eate fenotte en terre rafette<\/title>\n<meta name=\"description\" content=\"La derni\u00e8re journ\u00e9e de championnat a livr\u00e9 son verdict. L\u2019ASPTT Albi et l\u2019Olympique de Marseille s\u2019en vont main dans la main en D2. Le Paris Saint-Germain aura droit \u00e0 son \u00e9pop\u00e9e europ\u00e9enne.\" \/>\n<meta name=\"robots\" content=\"index, follow, max-snippet:-1, max-image-preview:large, max-video-preview:-1\" \/>\n<link rel=\"canonical\" href=\"https:\/\/dicodusport.fr\/blog\/rodez-aveyron-football-olympique-lyonnais-tempete-fenotte-en-terre-rafette\/\" \/>\n<meta property=\"og:locale\" content=\"fr_FR\" \/>\n<meta property=\"og:type\" content=\"article\" \/>\n<meta property=\"og:title\" content=\"Rodez Aveyron Football - Olympique Lyonnais : temp\u00eate fenotte en terre rafette\" \/>\n<meta property=\"og:description\" content=\"La derni\u00e8re journ\u00e9e de championnat a livr\u00e9 son verdict. L\u2019ASPTT Albi et l\u2019Olympique de Marseille s\u2019en vont main dans la main en D2. Le Paris Saint-Germain aura droit \u00e0 son \u00e9pop\u00e9e europ\u00e9enne.\" \/>\n<meta property=\"og:url\" content=\"https:\/\/dicodusport.fr\/blog\/rodez-aveyron-football-olympique-lyonnais-tempete-fenotte-en-terre-rafette\/\" \/>\n<meta property=\"og:site_name\" content=\"Dicodusport\" \/>\n<meta property=\"article:publisher\" content=\"https:\/\/www.facebook.com\/dicodusport\" \/>\n<meta property=\"article:author\" content=\"https:\/\/www.facebook.com\/dicodusport\" \/>\n<meta property=\"article:published_time\" content=\"2018-05-30T08:54:07+00:00\" \/>\n<meta property=\"article:modified_time\" content=\"2018-05-30T23:13:09+00:00\" \/>\n<meta property=\"og:image\" content=\"https:\/\/dicodusport.fr\/blog\/wp-content\/uploads\/2018\/05\/Rodez-OL-Fe\u0301minin.png\" \/>\n\t<meta property=\"og:image:width\" content=\"1200\" \/>\n\t<meta property=\"og:image:height\" content=\"670\" \/>\n\t<meta property=\"og:image:type\" content=\"image\/png\" \/>\n<meta name=\"author\" content=\"Nicolas Jacquemard\" \/>\n<meta name=\"twitter:card\" content=\"summary_large_image\" \/>\n<meta name=\"twitter:creator\" content=\"@https:\/\/twitter.com\/Nico_Jacquemard\" \/>\n<meta name=\"twitter:site\" content=\"@dicodusport\" \/>\n<script type=\"application\/ld+json\" class=\"yoast-schema-graph\">{\"@context\":\"https:\/\/schema.org\",\"@graph\":[{\"@type\":\"NewsArticle\",\"@id\":\"https:\/\/dicodusport.fr\/blog\/rodez-aveyron-football-olympique-lyonnais-tempete-fenotte-en-terre-rafette\/#article\",\"isPartOf\":{\"@id\":\"https:\/\/dicodusport.fr\/blog\/rodez-aveyron-football-olympique-lyonnais-tempete-fenotte-en-terre-rafette\/\"},\"author\":{\"name\":\"Nicolas Jacquemard\",\"@id\":\"https:\/\/dicodusport.fr\/blog\/#\/schema\/person\/55dcb50ad410894e431ed812bbb70191\"},\"headline\":\"Rodez Aveyron Football &#8211; Olympique Lyonnais : temp\u00eate fenotte en terre rafette\",\"datePublished\":\"2018-05-30T08:54:07+00:00\",\"dateModified\":\"2018-05-30T23:13:09+00:00\",\"mainEntityOfPage\":{\"@id\":\"https:\/\/dicodusport.fr\/blog\/rodez-aveyron-football-olympique-lyonnais-tempete-fenotte-en-terre-rafette\/\"},\"wordCount\":823,\"commentCount\":0,\"publisher\":{\"@id\":\"https:\/\/dicodusport.fr\/blog\/#organization\"},\"image\":{\"@id\":\"https:\/\/dicodusport.fr\/blog\/rodez-aveyron-football-olympique-lyonnais-tempete-fenotte-en-terre-rafette\/#primaryimage\"},\"thumbnailUrl\":\"https:\/\/dicodusport.fr\/blog\/wp-content\/uploads\/2018\/05\/Rodez-OL-Fe\u0301minin.png\",\"keywords\":[\"Aulas\",\"foot f\u00e9minin\",\"Football\",\"OL\",\"OL f\u00e9minin\"],\"articleSection\":[\"Actualit\u00e9s\",\"Football\"],\"inLanguage\":\"fr-FR\",\"potentialAction\":[{\"@type\":\"CommentAction\",\"name\":\"Comment\",\"target\":[\"https:\/\/dicodusport.fr\/blog\/rodez-aveyron-football-olympique-lyonnais-tempete-fenotte-en-terre-rafette\/#respond\"]}],\"copyrightYear\":\"2018\",\"copyrightHolder\":{\"@id\":\"https:\/\/dicodusport.fr\/blog\/#organization\"}},{\"@type\":\"WebPage\",\"@id\":\"https:\/\/dicodusport.fr\/blog\/rodez-aveyron-football-olympique-lyonnais-tempete-fenotte-en-terre-rafette\/\",\"url\":\"https:\/\/dicodusport.fr\/blog\/rodez-aveyron-football-olympique-lyonnais-tempete-fenotte-en-terre-rafette\/\",\"name\":\"Rodez Aveyron Football - Olympique Lyonnais : temp\u00eate fenotte en terre rafette\",\"isPartOf\":{\"@id\":\"https:\/\/dicodusport.fr\/blog\/#website\"},\"primaryImageOfPage\":{\"@id\":\"https:\/\/dicodusport.fr\/blog\/rodez-aveyron-football-olympique-lyonnais-tempete-fenotte-en-terre-rafette\/#primaryimage\"},\"image\":{\"@id\":\"https:\/\/dicodusport.fr\/blog\/rodez-aveyron-football-olympique-lyonnais-tempete-fenotte-en-terre-rafette\/#primaryimage\"},\"thumbnailUrl\":\"https:\/\/dicodusport.fr\/blog\/wp-content\/uploads\/2018\/05\/Rodez-OL-Fe\u0301minin.png\",\"datePublished\":\"2018-05-30T08:54:07+00:00\",\"dateModified\":\"2018-05-30T23:13:09+00:00\",\"description\":\"La derni\u00e8re journ\u00e9e de championnat a livr\u00e9 son verdict. L\u2019ASPTT Albi et l\u2019Olympique de Marseille s\u2019en vont main dans la main en D2. Le Paris Saint-Germain aura droit \u00e0 son \u00e9pop\u00e9e europ\u00e9enne.\",\"breadcrumb\":{\"@id\":\"https:\/\/dicodusport.fr\/blog\/rodez-aveyron-football-olympique-lyonnais-tempete-fenotte-en-terre-rafette\/#breadcrumb\"},\"inLanguage\":\"fr-FR\",\"potentialAction\":[{\"@type\":\"ReadAction\",\"target\":[\"https:\/\/dicodusport.fr\/blog\/rodez-aveyron-football-olympique-lyonnais-tempete-fenotte-en-terre-rafette\/\"]}]},{\"@type\":\"ImageObject\",\"inLanguage\":\"fr-FR\",\"@id\":\"https:\/\/dicodusport.fr\/blog\/rodez-aveyron-football-olympique-lyonnais-tempete-fenotte-en-terre-rafette\/#primaryimage\",\"url\":\"https:\/\/dicodusport.fr\/blog\/wp-content\/uploads\/2018\/05\/Rodez-OL-Fe\u0301minin.png\",\"contentUrl\":\"https:\/\/dicodusport.fr\/blog\/wp-content\/uploads\/2018\/05\/Rodez-OL-Fe\u0301minin.png\",\"width\":1200,\"height\":670,\"caption\":\"Rodez OL Fe\u0301minin\"},{\"@type\":\"BreadcrumbList\",\"@id\":\"https:\/\/dicodusport.fr\/blog\/rodez-aveyron-football-olympique-lyonnais-tempete-fenotte-en-terre-rafette\/#breadcrumb\",\"itemListElement\":[{\"@type\":\"ListItem\",\"position\":1,\"name\":\"Accueil\",\"item\":\"https:\/\/dicodusport.fr\/blog\/\"},{\"@type\":\"ListItem\",\"position\":2,\"name\":\"Rodez Aveyron Football &#8211; Olympique Lyonnais : temp\u00eate fenotte en terre rafette\"}]},{\"@type\":\"WebSite\",\"@id\":\"https:\/\/dicodusport.fr\/blog\/#website\",\"url\":\"https:\/\/dicodusport.fr\/blog\/\",\"name\":\"Dicodusport\",\"description\":\"L&#039;encyclop\u00e9die de l&#039;actualit\u00e9 sportive\",\"publisher\":{\"@id\":\"https:\/\/dicodusport.fr\/blog\/#organization\"},\"potentialAction\":[{\"@type\":\"SearchAction\",\"target\":{\"@type\":\"EntryPoint\",\"urlTemplate\":\"https:\/\/dicodusport.fr\/blog\/?s={search_term_string}\"},\"query-input\":{\"@type\":\"PropertyValueSpecification\",\"valueRequired\":true,\"valueName\":\"search_term_string\"}}],\"inLanguage\":\"fr-FR\"},{\"@type\":\"NewsMediaOrganization\",\"@id\":\"https:\/\/dicodusport.fr\/blog\/#organization\",\"name\":\"Dicodusport\",\"url\":\"https:\/\/dicodusport.fr\/blog\/\",\"logo\":{\"@type\":\"ImageObject\",\"inLanguage\":\"fr-FR\",\"@id\":\"https:\/\/dicodusport.fr\/blog\/#\/schema\/logo\/image\/\",\"url\":\"https:\/\/dicodusport.fr\/blog\/wp-content\/uploads\/2020\/06\/cropped-LOGO-DICODUSPORT-2020-SANS-FOND-SANS-TEXTE.png\",\"contentUrl\":\"https:\/\/dicodusport.fr\/blog\/wp-content\/uploads\/2020\/06\/cropped-LOGO-DICODUSPORT-2020-SANS-FOND-SANS-TEXTE.png\",\"width\":512,\"height\":512,\"caption\":\"Dicodusport\"},\"image\":{\"@id\":\"https:\/\/dicodusport.fr\/blog\/#\/schema\/logo\/image\/\"},\"sameAs\":[\"https:\/\/www.facebook.com\/dicodusport\",\"https:\/\/x.com\/dicodusport\",\"https:\/\/www.instagram.com\/dicodusport\/\",\"https:\/\/www.youtube.com\/channel\/UC7V2KZ5sd3htJivAbA4ZG3w\"],\"description\":\"Dicodusport est l'encyclop\u00e9die de l'actualit\u00e9 sportive.\",\"email\":\"bonjour@dicodusport.fr\",\"legalName\":\"DICODUSPORT\",\"foundingDate\":\"2018-01-14\",\"vatID\":\"FR71834470973\",\"taxID\":\"83447097300043\",\"numberOfEmployees\":{\"@type\":\"QuantitativeValue\",\"minValue\":\"1\",\"maxValue\":\"10\"}},{\"@type\":\"Person\",\"@id\":\"https:\/\/dicodusport.fr\/blog\/#\/schema\/person\/55dcb50ad410894e431ed812bbb70191\",\"name\":\"Nicolas Jacquemard\",\"image\":{\"@type\":\"ImageObject\",\"inLanguage\":\"fr-FR\",\"@id\":\"https:\/\/dicodusport.fr\/blog\/#\/schema\/person\/image\/\",\"url\":\"https:\/\/dicodusport.fr\/blog\/wp-content\/uploads\/2021\/05\/Nicolas-Jacquemard-150x150.jpeg\",\"contentUrl\":\"https:\/\/dicodusport.fr\/blog\/wp-content\/uploads\/2021\/05\/Nicolas-Jacquemard-150x150.jpeg\",\"caption\":\"Nicolas Jacquemard\"},\"description\":\"Passionn\u00e9 de sport et entrepreneur depuis mes 18 ans, la cr\u00e9ation de Dicodusport m'a sembl\u00e9 \u00e9vidente pour participer \u00e0 la m\u00e9diatisation d'un plus grand nombre de sports. Le chemin est long mais avec une \u00e9quipe des plus motiv\u00e9es et les Jeux Olympiques de Paris 2024 en point de mire, nous y arriverons ! Journaliste dans le monde du sport depuis plus de 5 ans, je traite aussi bien de football, de rugby, de biathlon que de cyclisme.\",\"sameAs\":[\"https:\/\/www.facebook.com\/dicodusport\",\"https:\/\/x.com\/https:\/\/twitter.com\/Nico_Jacquemard\"],\"url\":\"https:\/\/dicodusport.fr\/blog\/author\/dicodusport\/\"}]}<\/script>\n<!-- \/ Yoast SEO Premium plugin. -->","yoast_head_json":{"title":"Rodez Aveyron Football - Olympique Lyonnais : temp\u00eate fenotte en terre rafette","description":"La derni\u00e8re journ\u00e9e de championnat a livr\u00e9 son verdict. L\u2019ASPTT Albi et l\u2019Olympique de Marseille s\u2019en vont main dans la main en D2. Le Paris Saint-Germain aura droit \u00e0 son \u00e9pop\u00e9e europ\u00e9enne.","robots":{"index":"index","follow":"follow","max-snippet":"max-snippet:-1","max-image-preview":"max-image-preview:large","max-video-preview":"max-video-preview:-1"},"canonical":"https:\/\/dicodusport.fr\/blog\/rodez-aveyron-football-olympique-lyonnais-tempete-fenotte-en-terre-rafette\/","og_locale":"fr_FR","og_type":"article","og_title":"Rodez Aveyron Football - Olympique Lyonnais : temp\u00eate fenotte en terre rafette","og_description":"La derni\u00e8re journ\u00e9e de championnat a livr\u00e9 son verdict. L\u2019ASPTT Albi et l\u2019Olympique de Marseille s\u2019en vont main dans la main en D2. Le Paris Saint-Germain aura droit \u00e0 son \u00e9pop\u00e9e europ\u00e9enne.","og_url":"https:\/\/dicodusport.fr\/blog\/rodez-aveyron-football-olympique-lyonnais-tempete-fenotte-en-terre-rafette\/","og_site_name":"Dicodusport","article_publisher":"https:\/\/www.facebook.com\/dicodusport","article_author":"https:\/\/www.facebook.com\/dicodusport","article_published_time":"2018-05-30T08:54:07+00:00","article_modified_time":"2018-05-30T23:13:09+00:00","og_image":[{"width":1200,"height":670,"url":"https:\/\/dicodusport.fr\/blog\/wp-content\/uploads\/2018\/05\/Rodez-OL-Fe\u0301minin.png","type":"image\/png"}],"author":"Nicolas Jacquemard","twitter_card":"summary_large_image","twitter_creator":"@https:\/\/twitter.com\/Nico_Jacquemard","twitter_site":"@dicodusport","schema":{"@context":"https:\/\/schema.org","@graph":[{"@type":"NewsArticle","@id":"https:\/\/dicodusport.fr\/blog\/rodez-aveyron-football-olympique-lyonnais-tempete-fenotte-en-terre-rafette\/#article","isPartOf":{"@id":"https:\/\/dicodusport.fr\/blog\/rodez-aveyron-football-olympique-lyonnais-tempete-fenotte-en-terre-rafette\/"},"author":{"name":"Nicolas Jacquemard","@id":"https:\/\/dicodusport.fr\/blog\/#\/schema\/person\/55dcb50ad410894e431ed812bbb70191"},"headline":"Rodez Aveyron Football &#8211; Olympique Lyonnais : temp\u00eate fenotte en terre rafette","datePublished":"2018-05-30T08:54:07+00:00","dateModified":"2018-05-30T23:13:09+00:00","mainEntityOfPage":{"@id":"https:\/\/dicodusport.fr\/blog\/rodez-aveyron-football-olympique-lyonnais-tempete-fenotte-en-terre-rafette\/"},"wordCount":823,"commentCount":0,"publisher":{"@id":"https:\/\/dicodusport.fr\/blog\/#organization"},"image":{"@id":"https:\/\/dicodusport.fr\/blog\/rodez-aveyron-football-olympique-lyonnais-tempete-fenotte-en-terre-rafette\/#primaryimage"},"thumbnailUrl":"https:\/\/dicodusport.fr\/blog\/wp-content\/uploads\/2018\/05\/Rodez-OL-Fe\u0301minin.png","keywords":["Aulas","foot f\u00e9minin","Football","OL","OL f\u00e9minin"],"articleSection":["Actualit\u00e9s","Football"],"inLanguage":"fr-FR","potentialAction":[{"@type":"CommentAction","name":"Comment","target":["https:\/\/dicodusport.fr\/blog\/rodez-aveyron-football-olympique-lyonnais-tempete-fenotte-en-terre-rafette\/#respond"]}],"copyrightYear":"2018","copyrightHolder":{"@id":"https:\/\/dicodusport.fr\/blog\/#organization"}},{"@type":"WebPage","@id":"https:\/\/dicodusport.fr\/blog\/rodez-aveyron-football-olympique-lyonnais-tempete-fenotte-en-terre-rafette\/","url":"https:\/\/dicodusport.fr\/blog\/rodez-aveyron-football-olympique-lyonnais-tempete-fenotte-en-terre-rafette\/","name":"Rodez Aveyron Football - Olympique Lyonnais : temp\u00eate fenotte en terre rafette","isPartOf":{"@id":"https:\/\/dicodusport.fr\/blog\/#website"},"primaryImageOfPage":{"@id":"https:\/\/dicodusport.fr\/blog\/rodez-aveyron-football-olympique-lyonnais-tempete-fenotte-en-terre-rafette\/#primaryimage"},"image":{"@id":"https:\/\/dicodusport.fr\/blog\/rodez-aveyron-football-olympique-lyonnais-tempete-fenotte-en-terre-rafette\/#primaryimage"},"thumbnailUrl":"https:\/\/dicodusport.fr\/blog\/wp-content\/uploads\/2018\/05\/Rodez-OL-Fe\u0301minin.png","datePublished":"2018-05-30T08:54:07+00:00","dateModified":"2018-05-30T23:13:09+00:00","description":"La derni\u00e8re journ\u00e9e de championnat a livr\u00e9 son verdict. L\u2019ASPTT Albi et l\u2019Olympique de Marseille s\u2019en vont main dans la main en D2. Le Paris Saint-Germain aura droit \u00e0 son \u00e9pop\u00e9e europ\u00e9enne.","breadcrumb":{"@id":"https:\/\/dicodusport.fr\/blog\/rodez-aveyron-football-olympique-lyonnais-tempete-fenotte-en-terre-rafette\/#breadcrumb"},"inLanguage":"fr-FR","potentialAction":[{"@type":"ReadAction","target":["https:\/\/dicodusport.fr\/blog\/rodez-aveyron-football-olympique-lyonnais-tempete-fenotte-en-terre-rafette\/"]}]},{"@type":"ImageObject","inLanguage":"fr-FR","@id":"https:\/\/dicodusport.fr\/blog\/rodez-aveyron-football-olympique-lyonnais-tempete-fenotte-en-terre-rafette\/#primaryimage","url":"https:\/\/dicodusport.fr\/blog\/wp-content\/uploads\/2018\/05\/Rodez-OL-Fe\u0301minin.png","contentUrl":"https:\/\/dicodusport.fr\/blog\/wp-content\/uploads\/2018\/05\/Rodez-OL-Fe\u0301minin.png","width":1200,"height":670,"caption":"Rodez OL Fe\u0301minin"},{"@type":"BreadcrumbList","@id":"https:\/\/dicodusport.fr\/blog\/rodez-aveyron-football-olympique-lyonnais-tempete-fenotte-en-terre-rafette\/#breadcrumb","itemListElement":[{"@type":"ListItem","position":1,"name":"Accueil","item":"https:\/\/dicodusport.fr\/blog\/"},{"@type":"ListItem","position":2,"name":"Rodez Aveyron Football &#8211; Olympique Lyonnais : temp\u00eate fenotte en terre rafette"}]},{"@type":"WebSite","@id":"https:\/\/dicodusport.fr\/blog\/#website","url":"https:\/\/dicodusport.fr\/blog\/","name":"Dicodusport","description":"L&#039;encyclop\u00e9die de l&#039;actualit\u00e9 sportive","publisher":{"@id":"https:\/\/dicodusport.fr\/blog\/#organization"},"potentialAction":[{"@type":"SearchAction","target":{"@type":"EntryPoint","urlTemplate":"https:\/\/dicodusport.fr\/blog\/?s={search_term_string}"},"query-input":{"@type":"PropertyValueSpecification","valueRequired":true,"valueName":"search_term_string"}}],"inLanguage":"fr-FR"},{"@type":"NewsMediaOrganization","@id":"https:\/\/dicodusport.fr\/blog\/#organization","name":"Dicodusport","url":"https:\/\/dicodusport.fr\/blog\/","logo":{"@type":"ImageObject","inLanguage":"fr-FR","@id":"https:\/\/dicodusport.fr\/blog\/#\/schema\/logo\/image\/","url":"https:\/\/dicodusport.fr\/blog\/wp-content\/uploads\/2020\/06\/cropped-LOGO-DICODUSPORT-2020-SANS-FOND-SANS-TEXTE.png","contentUrl":"https:\/\/dicodusport.fr\/blog\/wp-content\/uploads\/2020\/06\/cropped-LOGO-DICODUSPORT-2020-SANS-FOND-SANS-TEXTE.png","width":512,"height":512,"caption":"Dicodusport"},"image":{"@id":"https:\/\/dicodusport.fr\/blog\/#\/schema\/logo\/image\/"},"sameAs":["https:\/\/www.facebook.com\/dicodusport","https:\/\/x.com\/dicodusport","https:\/\/www.instagram.com\/dicodusport\/","https:\/\/www.youtube.com\/channel\/UC7V2KZ5sd3htJivAbA4ZG3w"],"description":"Dicodusport est l'encyclop\u00e9die de l'actualit\u00e9 sportive.","email":"bonjour@dicodusport.fr","legalName":"DICODUSPORT","foundingDate":"2018-01-14","vatID":"FR71834470973","taxID":"83447097300043","numberOfEmployees":{"@type":"QuantitativeValue","minValue":"1","maxValue":"10"}},{"@type":"Person","@id":"https:\/\/dicodusport.fr\/blog\/#\/schema\/person\/55dcb50ad410894e431ed812bbb70191","name":"Nicolas Jacquemard","image":{"@type":"ImageObject","inLanguage":"fr-FR","@id":"https:\/\/dicodusport.fr\/blog\/#\/schema\/person\/image\/","url":"https:\/\/dicodusport.fr\/blog\/wp-content\/uploads\/2021\/05\/Nicolas-Jacquemard-150x150.jpeg","contentUrl":"https:\/\/dicodusport.fr\/blog\/wp-content\/uploads\/2021\/05\/Nicolas-Jacquemard-150x150.jpeg","caption":"Nicolas Jacquemard"},"description":"Passionn\u00e9 de sport et entrepreneur depuis mes 18 ans, la cr\u00e9ation de Dicodusport m'a sembl\u00e9 \u00e9vidente pour participer \u00e0 la m\u00e9diatisation d'un plus grand nombre de sports. Le chemin est long mais avec une \u00e9quipe des plus motiv\u00e9es et les Jeux Olympiques de Paris 2024 en point de mire, nous y arriverons ! Journaliste dans le monde du sport depuis plus de 5 ans, je traite aussi bien de football, de rugby, de biathlon que de cyclisme.","sameAs":["https:\/\/www.facebook.com\/dicodusport","https:\/\/x.com\/https:\/\/twitter.com\/Nico_Jacquemard"],"url":"https:\/\/dicodusport.fr\/blog\/author\/dicodusport\/"}]}},"_links":{"self":[{"href":"https:\/\/dicodusport.fr\/blog\/wp-json\/wp\/v2\/posts\/19302","targetHints":{"allow":["GET"]}}],"collection":[{"href":"https:\/\/dicodusport.fr\/blog\/wp-json\/wp\/v2\/posts"}],"about":[{"href":"https:\/\/dicodusport.fr\/blog\/wp-json\/wp\/v2\/types\/post"}],"author":[{"embeddable":true,"href":"https:\/\/dicodusport.fr\/blog\/wp-json\/wp\/v2\/users\/1"}],"replies":[{"embeddable":true,"href":"https:\/\/dicodusport.fr\/blog\/wp-json\/wp\/v2\/comments?post=19302"}],"version-history":[{"count":0,"href":"https:\/\/dicodusport.fr\/blog\/wp-json\/wp\/v2\/posts\/19302\/revisions"}],"wp:featuredmedia":[{"embeddable":true,"href":"https:\/\/dicodusport.fr\/blog\/wp-json\/wp\/v2\/media\/19304"}],"wp:attachment":[{"href":"https:\/\/dicodusport.fr\/blog\/wp-json\/wp\/v2\/media?parent=19302"}],"wp:term":[{"taxonomy":"category","embeddable":true,"href":"https:\/\/dicodusport.fr\/blog\/wp-json\/wp\/v2\/categories?post=19302"},{"taxonomy":"post_tag","embeddable":true,"href":"https:\/\/dicodusport.fr\/blog\/wp-json\/wp\/v2\/tags?post=19302"}],"curies":[{"name":"wp","href":"https:\/\/api.w.org\/{rel}","templated":true}]}}