{"id":193260,"date":"2022-01-22T16:31:18","date_gmt":"2022-01-22T15:31:18","guid":{"rendered":"https:\/\/dicodusport.fr\/blog\/?p=193260&#038;preview=true&#038;preview_id=193260"},"modified":"2022-01-22T16:57:38","modified_gmt":"2022-01-22T15:57:38","slug":"antholz-relais-hommes-la-composition-du-relais-francais","status":"publish","type":"post","link":"https:\/\/dicodusport.fr\/blog\/antholz-relais-hommes-la-composition-du-relais-francais\/","title":{"rendered":"Antholz &#8211; Relais hommes : la composition du relais fran\u00e7ais"},"content":{"rendered":"<p style=\"text-align: justify;\"><em><b><strong><a href=\"https:\/\/dicodusport.fr\/blog\/biathlon-antholz-programme-et-resultats-complets\/\" target=\"_blank\" rel=\"noopener\">COUPE DU MONDE DE BIATHLON &#8211; ANTHOLZ<\/a> <\/strong> \u2013 Le staff de l&rsquo;\u00e9quipe de France a d\u00e9voil\u00e9 la composition de l&rsquo;\u00e9quipe de France pour le quatri\u00e8me relais hommes de la saison, le dernier avant les JO.\u00a0<\/b><\/em><\/p>\n<p style=\"text-align: justify;\"><strong>Quentin Fillon Maillet<\/strong> est laiss\u00e9 au repos en vue des Jeux Olympiques et ne participera pas au relais. <strong>\u00c9ric Perrot<\/strong> sera en derni\u00e8re position alors que <strong>Fabien Claude<\/strong> aura la lourde t\u00e2che de lancer les Bleus.<\/p>\n<h2 style=\"text-align: justify;\">La composition du relais tricolore<\/h2>\n<ol style=\"text-align: justify;\">\n<li>Fabien Claude<\/li>\n<li>Antonin Guigonnat<\/li>\n<li>Simon Desthieux<\/li>\n<li>Eric Perrot<\/li>\n<\/ol>\n<blockquote class=\"twitter-tweet\">\n<p dir=\"ltr\" lang=\"fr\">Voici la composition du relais biathlon messieurs pr\u00e9vu ce dimanche, 12h10, \u00e0 <a href=\"https:\/\/twitter.com\/biathlonantholz?ref_src=twsrc%5Etfw\">@biathlonantholz<\/a> :<br \/>\n&#x27a1;&#xfe0f; <a href=\"https:\/\/twitter.com\/fabien_claude1?ref_src=twsrc%5Etfw\">@fabien_claude1<\/a><br \/>\n&#x27a1;&#xfe0f; <a href=\"https:\/\/twitter.com\/antoguigo?ref_src=twsrc%5Etfw\">@antoguigo<\/a><br \/>\n&#x27a1;&#xfe0f; <a href=\"https:\/\/twitter.com\/simondstx?ref_src=twsrc%5Etfw\">@simondstx<\/a><br \/>\n&#x27a1;&#xfe0f; Eric Perrot<br \/>\n&#x1f4f7; Nordic Focus <a href=\"https:\/\/t.co\/xmGPxKYO13\">pic.twitter.com\/xmGPxKYO13<\/a><\/p>\n<p>\u2014 FFS &#8211; F\u00e9d\u00e9ration Fran\u00e7aise de Ski (@FedFranceSki) <a href=\"https:\/\/twitter.com\/FedFranceSki\/status\/1484909799145979904?ref_src=twsrc%5Etfw\">January 22, 2022<\/a><\/p><\/blockquote>\n<p style=\"text-align: justify;\"><script async src=\"https:\/\/platform.twitter.com\/widgets.js\" charset=\"utf-8\"><\/script><\/p>\n<ul style=\"text-align: justify;\">\n<li style=\"text-align: justify;\"><strong>\u00c0 lire aussi &#8211; <a href=\"https:\/\/dicodusport.fr\/blog\/biathlon-antholz-la-startlist-du-relais-hommes\/\">La startlist de relais hommes d&rsquo;Antholz<\/a><\/strong><\/li>\n<\/ul>\n<p style=\"text-align: justify;\">\n","protected":false},"excerpt":{"rendered":"<p>COUPE DU MONDE DE BIATHLON &#8211; ANTHOLZ \u2013 Le staff de l&rsquo;\u00e9quipe de France a d\u00e9voil\u00e9 la composition de l&rsquo;\u00e9quipe de France pour le quatri\u00e8me relais hommes de la saison, le dernier avant les JO.\u00a0<\/p>\n","protected":false},"author":1,"featured_media":193261,"comment_status":"open","ping_status":"closed","sticky":false,"template":"","format":"standard","meta":{"_acf_changed":false,"_daextam_enable_autolinks":"","footnotes":""},"categories":[47040],"tags":[13778],"class_list":["post-193260","post","type-post","status-publish","format-standard","has-post-thumbnail","hentry","category-coupe-du-monde-de-biathlon","tag-relais-antholz"],"acf":[],"yoast_head":"<!-- This site is optimized with the Yoast SEO Premium plugin v26.7 (Yoast SEO v26.7) - https:\/\/yoast.com\/wordpress\/plugins\/seo\/ -->\n<title>Antholz - Relais hommes : la composition du relais fran\u00e7ais<\/title>\n<meta name=\"description\" content=\"COUPE DU MONDE DE BIATHLON - ANTHOLZ \u2013 Le staff de l&#039;\u00e9quipe de France a d\u00e9voil\u00e9 la composition de l&#039;\u00e9quipe de France pour le relais hommes.\" \/>\n<meta name=\"robots\" content=\"index, follow, max-snippet:-1, max-image-preview:large, max-video-preview:-1\" \/>\n<link rel=\"canonical\" href=\"https:\/\/dicodusport.fr\/blog\/antholz-relais-hommes-la-composition-du-relais-francais\/\" \/>\n<meta property=\"og:locale\" content=\"fr_FR\" \/>\n<meta property=\"og:type\" content=\"article\" \/>\n<meta property=\"og:title\" content=\"Antholz - Relais hommes : la composition du relais fran\u00e7ais\" \/>\n<meta property=\"og:description\" content=\"COUPE DU MONDE DE BIATHLON - ANTHOLZ \u2013 Le staff de l&#039;\u00e9quipe de France a d\u00e9voil\u00e9 la composition de l&#039;\u00e9quipe de France pour le relais hommes.\" \/>\n<meta property=\"og:url\" content=\"https:\/\/dicodusport.fr\/blog\/antholz-relais-hommes-la-composition-du-relais-francais\/\" \/>\n<meta property=\"og:site_name\" content=\"Dicodusport\" \/>\n<meta property=\"article:publisher\" content=\"https:\/\/www.facebook.com\/dicodusport\" \/>\n<meta property=\"article:author\" content=\"https:\/\/www.facebook.com\/dicodusport\" \/>\n<meta property=\"article:published_time\" content=\"2022-01-22T15:31:18+00:00\" \/>\n<meta property=\"article:modified_time\" content=\"2022-01-22T15:57:38+00:00\" \/>\n<meta property=\"og:image\" content=\"https:\/\/dicodusport.fr\/blog\/wp-content\/uploads\/2022\/01\/Antholz-Relais-hommes-la-composition-du-relais-franc\u0327ais.png\" \/>\n\t<meta property=\"og:image:width\" content=\"800\" \/>\n\t<meta property=\"og:image:height\" content=\"445\" \/>\n\t<meta property=\"og:image:type\" content=\"image\/png\" \/>\n<meta name=\"author\" content=\"Nicolas Jacquemard\" \/>\n<meta name=\"twitter:card\" content=\"summary_large_image\" \/>\n<meta name=\"twitter:title\" content=\"Antholz - Relais hommes : la composition du relais fran\u00e7ais\" \/>\n<meta name=\"twitter:creator\" content=\"@https:\/\/twitter.com\/Nico_Jacquemard\" \/>\n<meta name=\"twitter:site\" content=\"@dicodusport\" \/>\n<script type=\"application\/ld+json\" class=\"yoast-schema-graph\">{\"@context\":\"https:\/\/schema.org\",\"@graph\":[{\"@type\":\"NewsArticle\",\"@id\":\"https:\/\/dicodusport.fr\/blog\/antholz-relais-hommes-la-composition-du-relais-francais\/#article\",\"isPartOf\":{\"@id\":\"https:\/\/dicodusport.fr\/blog\/antholz-relais-hommes-la-composition-du-relais-francais\/\"},\"author\":{\"name\":\"Nicolas Jacquemard\",\"@id\":\"https:\/\/dicodusport.fr\/blog\/#\/schema\/person\/55dcb50ad410894e431ed812bbb70191\"},\"headline\":\"Antholz &#8211; Relais hommes : la composition du relais fran\u00e7ais\",\"datePublished\":\"2022-01-22T15:31:18+00:00\",\"dateModified\":\"2022-01-22T15:57:38+00:00\",\"mainEntityOfPage\":{\"@id\":\"https:\/\/dicodusport.fr\/blog\/antholz-relais-hommes-la-composition-du-relais-francais\/\"},\"wordCount\":164,\"commentCount\":0,\"publisher\":{\"@id\":\"https:\/\/dicodusport.fr\/blog\/#organization\"},\"image\":{\"@id\":\"https:\/\/dicodusport.fr\/blog\/antholz-relais-hommes-la-composition-du-relais-francais\/#primaryimage\"},\"thumbnailUrl\":\"https:\/\/dicodusport.fr\/blog\/wp-content\/uploads\/2022\/01\/Antholz-Relais-hommes-la-composition-du-relais-franc\u0327ais.png\",\"keywords\":[\"Relais Antholz\"],\"articleSection\":[\"Coupe du monde de biathlon\"],\"inLanguage\":\"fr-FR\",\"potentialAction\":[{\"@type\":\"CommentAction\",\"name\":\"Comment\",\"target\":[\"https:\/\/dicodusport.fr\/blog\/antholz-relais-hommes-la-composition-du-relais-francais\/#respond\"]}],\"copyrightYear\":\"2022\",\"copyrightHolder\":{\"@id\":\"https:\/\/dicodusport.fr\/blog\/#organization\"}},{\"@type\":\"WebPage\",\"@id\":\"https:\/\/dicodusport.fr\/blog\/antholz-relais-hommes-la-composition-du-relais-francais\/\",\"url\":\"https:\/\/dicodusport.fr\/blog\/antholz-relais-hommes-la-composition-du-relais-francais\/\",\"name\":\"Antholz - Relais hommes : la composition du relais fran\u00e7ais\",\"isPartOf\":{\"@id\":\"https:\/\/dicodusport.fr\/blog\/#website\"},\"primaryImageOfPage\":{\"@id\":\"https:\/\/dicodusport.fr\/blog\/antholz-relais-hommes-la-composition-du-relais-francais\/#primaryimage\"},\"image\":{\"@id\":\"https:\/\/dicodusport.fr\/blog\/antholz-relais-hommes-la-composition-du-relais-francais\/#primaryimage\"},\"thumbnailUrl\":\"https:\/\/dicodusport.fr\/blog\/wp-content\/uploads\/2022\/01\/Antholz-Relais-hommes-la-composition-du-relais-franc\u0327ais.png\",\"datePublished\":\"2022-01-22T15:31:18+00:00\",\"dateModified\":\"2022-01-22T15:57:38+00:00\",\"description\":\"COUPE DU MONDE DE BIATHLON - ANTHOLZ \u2013 Le staff de l'\u00e9quipe de France a d\u00e9voil\u00e9 la composition de l'\u00e9quipe de France pour le relais hommes.\",\"breadcrumb\":{\"@id\":\"https:\/\/dicodusport.fr\/blog\/antholz-relais-hommes-la-composition-du-relais-francais\/#breadcrumb\"},\"inLanguage\":\"fr-FR\",\"potentialAction\":[{\"@type\":\"ReadAction\",\"target\":[\"https:\/\/dicodusport.fr\/blog\/antholz-relais-hommes-la-composition-du-relais-francais\/\"]}]},{\"@type\":\"ImageObject\",\"inLanguage\":\"fr-FR\",\"@id\":\"https:\/\/dicodusport.fr\/blog\/antholz-relais-hommes-la-composition-du-relais-francais\/#primaryimage\",\"url\":\"https:\/\/dicodusport.fr\/blog\/wp-content\/uploads\/2022\/01\/Antholz-Relais-hommes-la-composition-du-relais-franc\u0327ais.png\",\"contentUrl\":\"https:\/\/dicodusport.fr\/blog\/wp-content\/uploads\/2022\/01\/Antholz-Relais-hommes-la-composition-du-relais-franc\u0327ais.png\",\"width\":800,\"height\":445},{\"@type\":\"BreadcrumbList\",\"@id\":\"https:\/\/dicodusport.fr\/blog\/antholz-relais-hommes-la-composition-du-relais-francais\/#breadcrumb\",\"itemListElement\":[{\"@type\":\"ListItem\",\"position\":1,\"name\":\"Accueil\",\"item\":\"https:\/\/dicodusport.fr\/blog\/\"},{\"@type\":\"ListItem\",\"position\":2,\"name\":\"Antholz &#8211; Relais hommes : la composition du relais fran\u00e7ais\"}]},{\"@type\":\"WebSite\",\"@id\":\"https:\/\/dicodusport.fr\/blog\/#website\",\"url\":\"https:\/\/dicodusport.fr\/blog\/\",\"name\":\"Dicodusport\",\"description\":\"L&#039;encyclop\u00e9die de l&#039;actualit\u00e9 sportive\",\"publisher\":{\"@id\":\"https:\/\/dicodusport.fr\/blog\/#organization\"},\"potentialAction\":[{\"@type\":\"SearchAction\",\"target\":{\"@type\":\"EntryPoint\",\"urlTemplate\":\"https:\/\/dicodusport.fr\/blog\/?s={search_term_string}\"},\"query-input\":{\"@type\":\"PropertyValueSpecification\",\"valueRequired\":true,\"valueName\":\"search_term_string\"}}],\"inLanguage\":\"fr-FR\"},{\"@type\":\"NewsMediaOrganization\",\"@id\":\"https:\/\/dicodusport.fr\/blog\/#organization\",\"name\":\"Dicodusport\",\"url\":\"https:\/\/dicodusport.fr\/blog\/\",\"logo\":{\"@type\":\"ImageObject\",\"inLanguage\":\"fr-FR\",\"@id\":\"https:\/\/dicodusport.fr\/blog\/#\/schema\/logo\/image\/\",\"url\":\"https:\/\/dicodusport.fr\/blog\/wp-content\/uploads\/2020\/06\/cropped-LOGO-DICODUSPORT-2020-SANS-FOND-SANS-TEXTE.png\",\"contentUrl\":\"https:\/\/dicodusport.fr\/blog\/wp-content\/uploads\/2020\/06\/cropped-LOGO-DICODUSPORT-2020-SANS-FOND-SANS-TEXTE.png\",\"width\":512,\"height\":512,\"caption\":\"Dicodusport\"},\"image\":{\"@id\":\"https:\/\/dicodusport.fr\/blog\/#\/schema\/logo\/image\/\"},\"sameAs\":[\"https:\/\/www.facebook.com\/dicodusport\",\"https:\/\/x.com\/dicodusport\",\"https:\/\/www.instagram.com\/dicodusport\/\",\"https:\/\/www.youtube.com\/channel\/UC7V2KZ5sd3htJivAbA4ZG3w\"],\"description\":\"Dicodusport est l'encyclop\u00e9die de l'actualit\u00e9 sportive.\",\"email\":\"bonjour@dicodusport.fr\",\"legalName\":\"DICODUSPORT\",\"foundingDate\":\"2018-01-14\",\"vatID\":\"FR71834470973\",\"taxID\":\"83447097300043\",\"numberOfEmployees\":{\"@type\":\"QuantitativeValue\",\"minValue\":\"1\",\"maxValue\":\"10\"}},{\"@type\":\"Person\",\"@id\":\"https:\/\/dicodusport.fr\/blog\/#\/schema\/person\/55dcb50ad410894e431ed812bbb70191\",\"name\":\"Nicolas Jacquemard\",\"image\":{\"@type\":\"ImageObject\",\"inLanguage\":\"fr-FR\",\"@id\":\"https:\/\/dicodusport.fr\/blog\/#\/schema\/person\/image\/\",\"url\":\"https:\/\/dicodusport.fr\/blog\/wp-content\/uploads\/2021\/05\/Nicolas-Jacquemard-150x150.jpeg\",\"contentUrl\":\"https:\/\/dicodusport.fr\/blog\/wp-content\/uploads\/2021\/05\/Nicolas-Jacquemard-150x150.jpeg\",\"caption\":\"Nicolas Jacquemard\"},\"description\":\"Passionn\u00e9 de sport et entrepreneur depuis mes 18 ans, la cr\u00e9ation de Dicodusport m'a sembl\u00e9 \u00e9vidente pour participer \u00e0 la m\u00e9diatisation d'un plus grand nombre de sports. Le chemin est long mais avec une \u00e9quipe des plus motiv\u00e9es et les Jeux Olympiques de Paris 2024 en point de mire, nous y arriverons ! Journaliste dans le monde du sport depuis plus de 5 ans, je traite aussi bien de football, de rugby, de biathlon que de cyclisme.\",\"sameAs\":[\"https:\/\/www.facebook.com\/dicodusport\",\"https:\/\/x.com\/https:\/\/twitter.com\/Nico_Jacquemard\"],\"url\":\"https:\/\/dicodusport.fr\/blog\/author\/dicodusport\/\"}]}<\/script>\n<!-- \/ Yoast SEO Premium plugin. -->","yoast_head_json":{"title":"Antholz - Relais hommes : la composition du relais fran\u00e7ais","description":"COUPE DU MONDE DE BIATHLON - ANTHOLZ \u2013 Le staff de l'\u00e9quipe de France a d\u00e9voil\u00e9 la composition de l'\u00e9quipe de France pour le relais hommes.","robots":{"index":"index","follow":"follow","max-snippet":"max-snippet:-1","max-image-preview":"max-image-preview:large","max-video-preview":"max-video-preview:-1"},"canonical":"https:\/\/dicodusport.fr\/blog\/antholz-relais-hommes-la-composition-du-relais-francais\/","og_locale":"fr_FR","og_type":"article","og_title":"Antholz - Relais hommes : la composition du relais fran\u00e7ais","og_description":"COUPE DU MONDE DE BIATHLON - ANTHOLZ \u2013 Le staff de l'\u00e9quipe de France a d\u00e9voil\u00e9 la composition de l'\u00e9quipe de France pour le relais hommes.","og_url":"https:\/\/dicodusport.fr\/blog\/antholz-relais-hommes-la-composition-du-relais-francais\/","og_site_name":"Dicodusport","article_publisher":"https:\/\/www.facebook.com\/dicodusport","article_author":"https:\/\/www.facebook.com\/dicodusport","article_published_time":"2022-01-22T15:31:18+00:00","article_modified_time":"2022-01-22T15:57:38+00:00","og_image":[{"width":800,"height":445,"url":"https:\/\/dicodusport.fr\/blog\/wp-content\/uploads\/2022\/01\/Antholz-Relais-hommes-la-composition-du-relais-franc\u0327ais.png","type":"image\/png"}],"author":"Nicolas Jacquemard","twitter_card":"summary_large_image","twitter_title":"Antholz - Relais hommes : la composition du relais fran\u00e7ais","twitter_creator":"@https:\/\/twitter.com\/Nico_Jacquemard","twitter_site":"@dicodusport","schema":{"@context":"https:\/\/schema.org","@graph":[{"@type":"NewsArticle","@id":"https:\/\/dicodusport.fr\/blog\/antholz-relais-hommes-la-composition-du-relais-francais\/#article","isPartOf":{"@id":"https:\/\/dicodusport.fr\/blog\/antholz-relais-hommes-la-composition-du-relais-francais\/"},"author":{"name":"Nicolas Jacquemard","@id":"https:\/\/dicodusport.fr\/blog\/#\/schema\/person\/55dcb50ad410894e431ed812bbb70191"},"headline":"Antholz &#8211; Relais hommes : la composition du relais fran\u00e7ais","datePublished":"2022-01-22T15:31:18+00:00","dateModified":"2022-01-22T15:57:38+00:00","mainEntityOfPage":{"@id":"https:\/\/dicodusport.fr\/blog\/antholz-relais-hommes-la-composition-du-relais-francais\/"},"wordCount":164,"commentCount":0,"publisher":{"@id":"https:\/\/dicodusport.fr\/blog\/#organization"},"image":{"@id":"https:\/\/dicodusport.fr\/blog\/antholz-relais-hommes-la-composition-du-relais-francais\/#primaryimage"},"thumbnailUrl":"https:\/\/dicodusport.fr\/blog\/wp-content\/uploads\/2022\/01\/Antholz-Relais-hommes-la-composition-du-relais-franc\u0327ais.png","keywords":["Relais Antholz"],"articleSection":["Coupe du monde de biathlon"],"inLanguage":"fr-FR","potentialAction":[{"@type":"CommentAction","name":"Comment","target":["https:\/\/dicodusport.fr\/blog\/antholz-relais-hommes-la-composition-du-relais-francais\/#respond"]}],"copyrightYear":"2022","copyrightHolder":{"@id":"https:\/\/dicodusport.fr\/blog\/#organization"}},{"@type":"WebPage","@id":"https:\/\/dicodusport.fr\/blog\/antholz-relais-hommes-la-composition-du-relais-francais\/","url":"https:\/\/dicodusport.fr\/blog\/antholz-relais-hommes-la-composition-du-relais-francais\/","name":"Antholz - Relais hommes : la composition du relais fran\u00e7ais","isPartOf":{"@id":"https:\/\/dicodusport.fr\/blog\/#website"},"primaryImageOfPage":{"@id":"https:\/\/dicodusport.fr\/blog\/antholz-relais-hommes-la-composition-du-relais-francais\/#primaryimage"},"image":{"@id":"https:\/\/dicodusport.fr\/blog\/antholz-relais-hommes-la-composition-du-relais-francais\/#primaryimage"},"thumbnailUrl":"https:\/\/dicodusport.fr\/blog\/wp-content\/uploads\/2022\/01\/Antholz-Relais-hommes-la-composition-du-relais-franc\u0327ais.png","datePublished":"2022-01-22T15:31:18+00:00","dateModified":"2022-01-22T15:57:38+00:00","description":"COUPE DU MONDE DE BIATHLON - ANTHOLZ \u2013 Le staff de l'\u00e9quipe de France a d\u00e9voil\u00e9 la composition de l'\u00e9quipe de France pour le relais hommes.","breadcrumb":{"@id":"https:\/\/dicodusport.fr\/blog\/antholz-relais-hommes-la-composition-du-relais-francais\/#breadcrumb"},"inLanguage":"fr-FR","potentialAction":[{"@type":"ReadAction","target":["https:\/\/dicodusport.fr\/blog\/antholz-relais-hommes-la-composition-du-relais-francais\/"]}]},{"@type":"ImageObject","inLanguage":"fr-FR","@id":"https:\/\/dicodusport.fr\/blog\/antholz-relais-hommes-la-composition-du-relais-francais\/#primaryimage","url":"https:\/\/dicodusport.fr\/blog\/wp-content\/uploads\/2022\/01\/Antholz-Relais-hommes-la-composition-du-relais-franc\u0327ais.png","contentUrl":"https:\/\/dicodusport.fr\/blog\/wp-content\/uploads\/2022\/01\/Antholz-Relais-hommes-la-composition-du-relais-franc\u0327ais.png","width":800,"height":445},{"@type":"BreadcrumbList","@id":"https:\/\/dicodusport.fr\/blog\/antholz-relais-hommes-la-composition-du-relais-francais\/#breadcrumb","itemListElement":[{"@type":"ListItem","position":1,"name":"Accueil","item":"https:\/\/dicodusport.fr\/blog\/"},{"@type":"ListItem","position":2,"name":"Antholz &#8211; Relais hommes : la composition du relais fran\u00e7ais"}]},{"@type":"WebSite","@id":"https:\/\/dicodusport.fr\/blog\/#website","url":"https:\/\/dicodusport.fr\/blog\/","name":"Dicodusport","description":"L&#039;encyclop\u00e9die de l&#039;actualit\u00e9 sportive","publisher":{"@id":"https:\/\/dicodusport.fr\/blog\/#organization"},"potentialAction":[{"@type":"SearchAction","target":{"@type":"EntryPoint","urlTemplate":"https:\/\/dicodusport.fr\/blog\/?s={search_term_string}"},"query-input":{"@type":"PropertyValueSpecification","valueRequired":true,"valueName":"search_term_string"}}],"inLanguage":"fr-FR"},{"@type":"NewsMediaOrganization","@id":"https:\/\/dicodusport.fr\/blog\/#organization","name":"Dicodusport","url":"https:\/\/dicodusport.fr\/blog\/","logo":{"@type":"ImageObject","inLanguage":"fr-FR","@id":"https:\/\/dicodusport.fr\/blog\/#\/schema\/logo\/image\/","url":"https:\/\/dicodusport.fr\/blog\/wp-content\/uploads\/2020\/06\/cropped-LOGO-DICODUSPORT-2020-SANS-FOND-SANS-TEXTE.png","contentUrl":"https:\/\/dicodusport.fr\/blog\/wp-content\/uploads\/2020\/06\/cropped-LOGO-DICODUSPORT-2020-SANS-FOND-SANS-TEXTE.png","width":512,"height":512,"caption":"Dicodusport"},"image":{"@id":"https:\/\/dicodusport.fr\/blog\/#\/schema\/logo\/image\/"},"sameAs":["https:\/\/www.facebook.com\/dicodusport","https:\/\/x.com\/dicodusport","https:\/\/www.instagram.com\/dicodusport\/","https:\/\/www.youtube.com\/channel\/UC7V2KZ5sd3htJivAbA4ZG3w"],"description":"Dicodusport est l'encyclop\u00e9die de l'actualit\u00e9 sportive.","email":"bonjour@dicodusport.fr","legalName":"DICODUSPORT","foundingDate":"2018-01-14","vatID":"FR71834470973","taxID":"83447097300043","numberOfEmployees":{"@type":"QuantitativeValue","minValue":"1","maxValue":"10"}},{"@type":"Person","@id":"https:\/\/dicodusport.fr\/blog\/#\/schema\/person\/55dcb50ad410894e431ed812bbb70191","name":"Nicolas Jacquemard","image":{"@type":"ImageObject","inLanguage":"fr-FR","@id":"https:\/\/dicodusport.fr\/blog\/#\/schema\/person\/image\/","url":"https:\/\/dicodusport.fr\/blog\/wp-content\/uploads\/2021\/05\/Nicolas-Jacquemard-150x150.jpeg","contentUrl":"https:\/\/dicodusport.fr\/blog\/wp-content\/uploads\/2021\/05\/Nicolas-Jacquemard-150x150.jpeg","caption":"Nicolas Jacquemard"},"description":"Passionn\u00e9 de sport et entrepreneur depuis mes 18 ans, la cr\u00e9ation de Dicodusport m'a sembl\u00e9 \u00e9vidente pour participer \u00e0 la m\u00e9diatisation d'un plus grand nombre de sports. Le chemin est long mais avec une \u00e9quipe des plus motiv\u00e9es et les Jeux Olympiques de Paris 2024 en point de mire, nous y arriverons ! Journaliste dans le monde du sport depuis plus de 5 ans, je traite aussi bien de football, de rugby, de biathlon que de cyclisme.","sameAs":["https:\/\/www.facebook.com\/dicodusport","https:\/\/x.com\/https:\/\/twitter.com\/Nico_Jacquemard"],"url":"https:\/\/dicodusport.fr\/blog\/author\/dicodusport\/"}]}},"_links":{"self":[{"href":"https:\/\/dicodusport.fr\/blog\/wp-json\/wp\/v2\/posts\/193260","targetHints":{"allow":["GET"]}}],"collection":[{"href":"https:\/\/dicodusport.fr\/blog\/wp-json\/wp\/v2\/posts"}],"about":[{"href":"https:\/\/dicodusport.fr\/blog\/wp-json\/wp\/v2\/types\/post"}],"author":[{"embeddable":true,"href":"https:\/\/dicodusport.fr\/blog\/wp-json\/wp\/v2\/users\/1"}],"replies":[{"embeddable":true,"href":"https:\/\/dicodusport.fr\/blog\/wp-json\/wp\/v2\/comments?post=193260"}],"version-history":[{"count":0,"href":"https:\/\/dicodusport.fr\/blog\/wp-json\/wp\/v2\/posts\/193260\/revisions"}],"wp:featuredmedia":[{"embeddable":true,"href":"https:\/\/dicodusport.fr\/blog\/wp-json\/wp\/v2\/media\/193261"}],"wp:attachment":[{"href":"https:\/\/dicodusport.fr\/blog\/wp-json\/wp\/v2\/media?parent=193260"}],"wp:term":[{"taxonomy":"category","embeddable":true,"href":"https:\/\/dicodusport.fr\/blog\/wp-json\/wp\/v2\/categories?post=193260"},{"taxonomy":"post_tag","embeddable":true,"href":"https:\/\/dicodusport.fr\/blog\/wp-json\/wp\/v2\/tags?post=193260"}],"curies":[{"name":"wp","href":"https:\/\/api.w.org\/{rel}","templated":true}]}}