{"id":193408,"date":"2022-01-22T15:54:00","date_gmt":"2022-01-22T14:54:00","guid":{"rendered":"https:\/\/dicodusport.fr\/blog\/?p=193408&#038;preview=true&#038;preview_id=193408"},"modified":"2022-01-22T16:53:23","modified_gmt":"2022-01-22T15:53:23","slug":"wrc-monte-carlo-ogier-et-loeb-font-toujours-la-loi-apres-13-speciales","status":"publish","type":"post","link":"https:\/\/dicodusport.fr\/blog\/wrc-monte-carlo-ogier-et-loeb-font-toujours-la-loi-apres-13-speciales\/","title":{"rendered":"WRC Monte-Carlo : Ogier et Loeb font toujours la loi apr\u00e8s 13 sp\u00e9ciales"},"content":{"rendered":"<p style=\"text-align: justify;\"><strong><em>WRC 2022 &#8211; Alors qu&rsquo;Elfyn Evans (Toyota) est partie \u00e0 la faute ce samedi matin, S\u00e9bastien Ogier (Toyota) termine la troisi\u00e8me journ\u00e9e du rallye Monte-Carlo avec 21 secondes d&rsquo;avance sur S\u00e9bastien Loeb (Ford).\u00a0<\/em><\/strong><\/p>\n<p style=\"text-align: justify;\">Si <strong>S\u00e9bastien Loeb<\/strong> a d\u00e9marr\u00e9 la journ\u00e9e en t\u00eate, la tendance s&rsquo;est rapidement invers\u00e9e \u00e0 cause notamment d&rsquo;un mauvais choix de pneus, mais aussi du forcing de <strong>S\u00e9bastien Ogier<\/strong>. \u00c0 seulement cinq secondes du leader avant la derni\u00e8re sp\u00e9ciale du jour, le nonuple champion du monde conc\u00e8de un peu plus de 15 secondes sur la derni\u00e8re partie chronom\u00e9tr\u00e9e du jour.<\/p>\n<p style=\"text-align: justify;\"><strong>S\u00e9bastien Ogier<\/strong>, qui a remport\u00e9 deux sp\u00e9ciales aujourd&rsquo;hui, est donc id\u00e9alement plac\u00e9 au <a href=\"https:\/\/dicodusport.fr\/blog\/wrc-rallye-de-monte-carlo-le-classement-general\/\">classement g\u00e9n\u00e9ral du Monte-Carlo<\/a> avant les derni\u00e8res sp\u00e9ciales dimanche, pour s&rsquo;imposer une nouvelle fois. <strong>Elfyn Evans<\/strong> a lui perdu tout espoir suite \u00e0 une sortie de piste qui a oblig\u00e9 \u00e0 la neutralisation de la onzi\u00e8me sp\u00e9ciale. <strong>Craig Breen<\/strong> (Ford) est troisi\u00e8me alors que <strong>Thierry Neuville<\/strong> (Hyundai), sixi\u00e8me au g\u00e9n\u00e9ral, a lui perdu beaucoup de temps ce samedi.<\/p>\n<blockquote class=\"twitter-tweet\">\n<p dir=\"ltr\" lang=\"en\">On the second run over the snowy Sisteron stage it&rsquo;s another stage win for <a href=\"https:\/\/twitter.com\/KalleRovanpera?ref_src=twsrc%5Etfw\">@KalleRovanpera<\/a> as <a href=\"https:\/\/twitter.com\/SebOgier?ref_src=twsrc%5Etfw\">@SebOgier<\/a> increases his <a href=\"https:\/\/twitter.com\/hashtag\/RallyeMonteCarlo?src=hash&amp;ref_src=twsrc%5Etfw\">#RallyeMonteCarlo<\/a> lead to 21.1s at the end of the day! &#x1f947;&#x1f64c;<a href=\"https:\/\/twitter.com\/hashtag\/ToyotaGAZOORacing?src=hash&amp;ref_src=twsrc%5Etfw\">#ToyotaGAZOORacing<\/a> <a href=\"https:\/\/twitter.com\/hashtag\/GRYaris?src=hash&amp;ref_src=twsrc%5Etfw\">#GRYaris<\/a> <a href=\"https:\/\/twitter.com\/hashtag\/Rally1?src=hash&amp;ref_src=twsrc%5Etfw\">#Rally1<\/a> <a href=\"https:\/\/twitter.com\/hashtag\/WRC?src=hash&amp;ref_src=twsrc%5Etfw\">#WRC<\/a> <a href=\"https:\/\/t.co\/PDzmmbxzjr\">pic.twitter.com\/PDzmmbxzjr<\/a><\/p>\n<p>\u2014 TOYOTA GAZOO Racing WRT (@TGR_WRC) <a href=\"https:\/\/twitter.com\/TGR_WRC\/status\/1484903293423951873?ref_src=twsrc%5Etfw\">January 22, 2022<\/a><\/p><\/blockquote>\n<p><script async src=\"https:\/\/platform.twitter.com\/widgets.js\" charset=\"utf-8\"><\/script><\/p>\n<ul>\n<li style=\"text-align: justify;\"><strong>\u00c0 lire aussi &#8211; <a href=\"https:\/\/dicodusport.fr\/blog\/wrc-rallye-monte-carlo-2022-programme-et-resultats-complets\/\">Programme et r\u00e9sultats du Rallye de Monte-Carlo<\/a><\/strong><\/li>\n<\/ul>\n<p style=\"text-align: justify;\">\n","protected":false},"excerpt":{"rendered":"<p>WRC 2022 &#8211; Alors qu&rsquo;Elfyn Evans (Toyota) est partie \u00e0 la faute ce samedi matin, S\u00e9bastien Ogier (Toyota) termine la troisi\u00e8me journ\u00e9e du rallye Monte-Carlo avec 21 secondes d&rsquo;avance sur S\u00e9bastien Loeb (Ford).\u00a0<\/p>\n","protected":false},"author":1,"featured_media":193412,"comment_status":"open","ping_status":"closed","sticky":false,"template":"","format":"standard","meta":{"_acf_changed":false,"_daextam_enable_autolinks":"","footnotes":""},"categories":[47088],"tags":[7001,3282,2234,2235],"class_list":["post-193408","post","type-post","status-publish","format-standard","has-post-thumbnail","hentry","category-rallye-wrc","tag-loeb","tag-sebastien-loeb","tag-sebastien-ogier","tag-wrc"],"acf":[],"yoast_head":"<!-- This site is optimized with the Yoast SEO Premium plugin v26.7 (Yoast SEO v26.7) - https:\/\/yoast.com\/wordpress\/plugins\/seo\/ -->\n<title>WRC Monte-Carlo : Ogier et Loeb font toujours la loi apr\u00e8s 13 sp\u00e9ciales<\/title>\n<meta name=\"description\" content=\"WRC 2022 - Alors qu&#039;Elfyn Evans est partie \u00e0 la faute, S\u00e9bastien Ogier (Toyota) termine la troisi\u00e8me journ\u00e9e du rallye Monte-Carlo en t\u00eate.\" \/>\n<meta name=\"robots\" content=\"index, follow, max-snippet:-1, max-image-preview:large, max-video-preview:-1\" \/>\n<link rel=\"canonical\" href=\"https:\/\/dicodusport.fr\/blog\/wrc-monte-carlo-ogier-et-loeb-font-toujours-la-loi-apres-13-speciales\/\" \/>\n<meta property=\"og:locale\" content=\"fr_FR\" \/>\n<meta property=\"og:type\" content=\"article\" \/>\n<meta property=\"og:title\" content=\"WRC Monte-Carlo : Ogier et Loeb font toujours la loi apr\u00e8s 13 sp\u00e9ciales\" \/>\n<meta property=\"og:description\" content=\"WRC 2022 - Alors qu&#039;Elfyn Evans est partie \u00e0 la faute, S\u00e9bastien Ogier (Toyota) termine la troisi\u00e8me journ\u00e9e du rallye Monte-Carlo en t\u00eate.\" \/>\n<meta property=\"og:url\" content=\"https:\/\/dicodusport.fr\/blog\/wrc-monte-carlo-ogier-et-loeb-font-toujours-la-loi-apres-13-speciales\/\" \/>\n<meta property=\"og:site_name\" content=\"Dicodusport\" \/>\n<meta property=\"article:publisher\" content=\"https:\/\/www.facebook.com\/dicodusport\" \/>\n<meta property=\"article:author\" content=\"https:\/\/www.facebook.com\/dicodusport\" \/>\n<meta property=\"article:published_time\" content=\"2022-01-22T14:54:00+00:00\" \/>\n<meta property=\"article:modified_time\" content=\"2022-01-22T15:53:23+00:00\" \/>\n<meta property=\"og:image\" content=\"https:\/\/dicodusport.fr\/blog\/wp-content\/uploads\/2022\/01\/WRC-Monte-Carlo-Ogier-et-Loeb-font-toujours-la-loi-apre\u0300s-13-spe\u0301ciales.png\" \/>\n\t<meta property=\"og:image:width\" content=\"800\" \/>\n\t<meta property=\"og:image:height\" content=\"445\" \/>\n\t<meta property=\"og:image:type\" content=\"image\/png\" \/>\n<meta name=\"author\" content=\"Nicolas Jacquemard\" \/>\n<meta name=\"twitter:card\" content=\"summary_large_image\" \/>\n<meta name=\"twitter:title\" content=\"WRC Monte-Carlo : Ogier et Loeb font toujours la loi apr\u00e8s 13 sp\u00e9ciales\" \/>\n<meta name=\"twitter:creator\" content=\"@https:\/\/twitter.com\/Nico_Jacquemard\" \/>\n<meta name=\"twitter:site\" content=\"@dicodusport\" \/>\n<script type=\"application\/ld+json\" class=\"yoast-schema-graph\">{\"@context\":\"https:\/\/schema.org\",\"@graph\":[{\"@type\":\"NewsArticle\",\"@id\":\"https:\/\/dicodusport.fr\/blog\/wrc-monte-carlo-ogier-et-loeb-font-toujours-la-loi-apres-13-speciales\/#article\",\"isPartOf\":{\"@id\":\"https:\/\/dicodusport.fr\/blog\/wrc-monte-carlo-ogier-et-loeb-font-toujours-la-loi-apres-13-speciales\/\"},\"author\":{\"name\":\"Nicolas Jacquemard\",\"@id\":\"https:\/\/dicodusport.fr\/blog\/#\/schema\/person\/55dcb50ad410894e431ed812bbb70191\"},\"headline\":\"WRC Monte-Carlo : Ogier et Loeb font toujours la loi apr\u00e8s 13 sp\u00e9ciales\",\"datePublished\":\"2022-01-22T14:54:00+00:00\",\"dateModified\":\"2022-01-22T15:53:23+00:00\",\"mainEntityOfPage\":{\"@id\":\"https:\/\/dicodusport.fr\/blog\/wrc-monte-carlo-ogier-et-loeb-font-toujours-la-loi-apres-13-speciales\/\"},\"wordCount\":265,\"commentCount\":0,\"publisher\":{\"@id\":\"https:\/\/dicodusport.fr\/blog\/#organization\"},\"image\":{\"@id\":\"https:\/\/dicodusport.fr\/blog\/wrc-monte-carlo-ogier-et-loeb-font-toujours-la-loi-apres-13-speciales\/#primaryimage\"},\"thumbnailUrl\":\"https:\/\/dicodusport.fr\/blog\/wp-content\/uploads\/2022\/01\/WRC-Monte-Carlo-Ogier-et-Loeb-font-toujours-la-loi-apre\u0300s-13-spe\u0301ciales.png\",\"keywords\":[\"Loeb\",\"s\u00e9bastien loeb\",\"S\u00e9bastien Ogier\",\"WRC\"],\"articleSection\":[\"Rallye WRC\"],\"inLanguage\":\"fr-FR\",\"potentialAction\":[{\"@type\":\"CommentAction\",\"name\":\"Comment\",\"target\":[\"https:\/\/dicodusport.fr\/blog\/wrc-monte-carlo-ogier-et-loeb-font-toujours-la-loi-apres-13-speciales\/#respond\"]}],\"copyrightYear\":\"2022\",\"copyrightHolder\":{\"@id\":\"https:\/\/dicodusport.fr\/blog\/#organization\"}},{\"@type\":\"WebPage\",\"@id\":\"https:\/\/dicodusport.fr\/blog\/wrc-monte-carlo-ogier-et-loeb-font-toujours-la-loi-apres-13-speciales\/\",\"url\":\"https:\/\/dicodusport.fr\/blog\/wrc-monte-carlo-ogier-et-loeb-font-toujours-la-loi-apres-13-speciales\/\",\"name\":\"WRC Monte-Carlo : Ogier et Loeb font toujours la loi apr\u00e8s 13 sp\u00e9ciales\",\"isPartOf\":{\"@id\":\"https:\/\/dicodusport.fr\/blog\/#website\"},\"primaryImageOfPage\":{\"@id\":\"https:\/\/dicodusport.fr\/blog\/wrc-monte-carlo-ogier-et-loeb-font-toujours-la-loi-apres-13-speciales\/#primaryimage\"},\"image\":{\"@id\":\"https:\/\/dicodusport.fr\/blog\/wrc-monte-carlo-ogier-et-loeb-font-toujours-la-loi-apres-13-speciales\/#primaryimage\"},\"thumbnailUrl\":\"https:\/\/dicodusport.fr\/blog\/wp-content\/uploads\/2022\/01\/WRC-Monte-Carlo-Ogier-et-Loeb-font-toujours-la-loi-apre\u0300s-13-spe\u0301ciales.png\",\"datePublished\":\"2022-01-22T14:54:00+00:00\",\"dateModified\":\"2022-01-22T15:53:23+00:00\",\"description\":\"WRC 2022 - Alors qu'Elfyn Evans est partie \u00e0 la faute, S\u00e9bastien Ogier (Toyota) termine la troisi\u00e8me journ\u00e9e du rallye Monte-Carlo en t\u00eate.\",\"breadcrumb\":{\"@id\":\"https:\/\/dicodusport.fr\/blog\/wrc-monte-carlo-ogier-et-loeb-font-toujours-la-loi-apres-13-speciales\/#breadcrumb\"},\"inLanguage\":\"fr-FR\",\"potentialAction\":[{\"@type\":\"ReadAction\",\"target\":[\"https:\/\/dicodusport.fr\/blog\/wrc-monte-carlo-ogier-et-loeb-font-toujours-la-loi-apres-13-speciales\/\"]}]},{\"@type\":\"ImageObject\",\"inLanguage\":\"fr-FR\",\"@id\":\"https:\/\/dicodusport.fr\/blog\/wrc-monte-carlo-ogier-et-loeb-font-toujours-la-loi-apres-13-speciales\/#primaryimage\",\"url\":\"https:\/\/dicodusport.fr\/blog\/wp-content\/uploads\/2022\/01\/WRC-Monte-Carlo-Ogier-et-Loeb-font-toujours-la-loi-apre\u0300s-13-spe\u0301ciales.png\",\"contentUrl\":\"https:\/\/dicodusport.fr\/blog\/wp-content\/uploads\/2022\/01\/WRC-Monte-Carlo-Ogier-et-Loeb-font-toujours-la-loi-apre\u0300s-13-spe\u0301ciales.png\",\"width\":800,\"height\":445},{\"@type\":\"BreadcrumbList\",\"@id\":\"https:\/\/dicodusport.fr\/blog\/wrc-monte-carlo-ogier-et-loeb-font-toujours-la-loi-apres-13-speciales\/#breadcrumb\",\"itemListElement\":[{\"@type\":\"ListItem\",\"position\":1,\"name\":\"Accueil\",\"item\":\"https:\/\/dicodusport.fr\/blog\/\"},{\"@type\":\"ListItem\",\"position\":2,\"name\":\"WRC Monte-Carlo : Ogier et Loeb font toujours la loi apr\u00e8s 13 sp\u00e9ciales\"}]},{\"@type\":\"WebSite\",\"@id\":\"https:\/\/dicodusport.fr\/blog\/#website\",\"url\":\"https:\/\/dicodusport.fr\/blog\/\",\"name\":\"Dicodusport\",\"description\":\"L&#039;encyclop\u00e9die de l&#039;actualit\u00e9 sportive\",\"publisher\":{\"@id\":\"https:\/\/dicodusport.fr\/blog\/#organization\"},\"potentialAction\":[{\"@type\":\"SearchAction\",\"target\":{\"@type\":\"EntryPoint\",\"urlTemplate\":\"https:\/\/dicodusport.fr\/blog\/?s={search_term_string}\"},\"query-input\":{\"@type\":\"PropertyValueSpecification\",\"valueRequired\":true,\"valueName\":\"search_term_string\"}}],\"inLanguage\":\"fr-FR\"},{\"@type\":\"NewsMediaOrganization\",\"@id\":\"https:\/\/dicodusport.fr\/blog\/#organization\",\"name\":\"Dicodusport\",\"url\":\"https:\/\/dicodusport.fr\/blog\/\",\"logo\":{\"@type\":\"ImageObject\",\"inLanguage\":\"fr-FR\",\"@id\":\"https:\/\/dicodusport.fr\/blog\/#\/schema\/logo\/image\/\",\"url\":\"https:\/\/dicodusport.fr\/blog\/wp-content\/uploads\/2020\/06\/cropped-LOGO-DICODUSPORT-2020-SANS-FOND-SANS-TEXTE.png\",\"contentUrl\":\"https:\/\/dicodusport.fr\/blog\/wp-content\/uploads\/2020\/06\/cropped-LOGO-DICODUSPORT-2020-SANS-FOND-SANS-TEXTE.png\",\"width\":512,\"height\":512,\"caption\":\"Dicodusport\"},\"image\":{\"@id\":\"https:\/\/dicodusport.fr\/blog\/#\/schema\/logo\/image\/\"},\"sameAs\":[\"https:\/\/www.facebook.com\/dicodusport\",\"https:\/\/x.com\/dicodusport\",\"https:\/\/www.instagram.com\/dicodusport\/\",\"https:\/\/www.youtube.com\/channel\/UC7V2KZ5sd3htJivAbA4ZG3w\"],\"description\":\"Dicodusport est l'encyclop\u00e9die de l'actualit\u00e9 sportive.\",\"email\":\"bonjour@dicodusport.fr\",\"legalName\":\"DICODUSPORT\",\"foundingDate\":\"2018-01-14\",\"vatID\":\"FR71834470973\",\"taxID\":\"83447097300043\",\"numberOfEmployees\":{\"@type\":\"QuantitativeValue\",\"minValue\":\"1\",\"maxValue\":\"10\"}},{\"@type\":\"Person\",\"@id\":\"https:\/\/dicodusport.fr\/blog\/#\/schema\/person\/55dcb50ad410894e431ed812bbb70191\",\"name\":\"Nicolas Jacquemard\",\"image\":{\"@type\":\"ImageObject\",\"inLanguage\":\"fr-FR\",\"@id\":\"https:\/\/dicodusport.fr\/blog\/#\/schema\/person\/image\/\",\"url\":\"https:\/\/dicodusport.fr\/blog\/wp-content\/uploads\/2021\/05\/Nicolas-Jacquemard-150x150.jpeg\",\"contentUrl\":\"https:\/\/dicodusport.fr\/blog\/wp-content\/uploads\/2021\/05\/Nicolas-Jacquemard-150x150.jpeg\",\"caption\":\"Nicolas Jacquemard\"},\"description\":\"Passionn\u00e9 de sport et entrepreneur depuis mes 18 ans, la cr\u00e9ation de Dicodusport m'a sembl\u00e9 \u00e9vidente pour participer \u00e0 la m\u00e9diatisation d'un plus grand nombre de sports. Le chemin est long mais avec une \u00e9quipe des plus motiv\u00e9es et les Jeux Olympiques de Paris 2024 en point de mire, nous y arriverons ! Journaliste dans le monde du sport depuis plus de 5 ans, je traite aussi bien de football, de rugby, de biathlon que de cyclisme.\",\"sameAs\":[\"https:\/\/www.facebook.com\/dicodusport\",\"https:\/\/x.com\/https:\/\/twitter.com\/Nico_Jacquemard\"],\"url\":\"https:\/\/dicodusport.fr\/blog\/author\/dicodusport\/\"}]}<\/script>\n<!-- \/ Yoast SEO Premium plugin. -->","yoast_head_json":{"title":"WRC Monte-Carlo : Ogier et Loeb font toujours la loi apr\u00e8s 13 sp\u00e9ciales","description":"WRC 2022 - Alors qu'Elfyn Evans est partie \u00e0 la faute, S\u00e9bastien Ogier (Toyota) termine la troisi\u00e8me journ\u00e9e du rallye Monte-Carlo en t\u00eate.","robots":{"index":"index","follow":"follow","max-snippet":"max-snippet:-1","max-image-preview":"max-image-preview:large","max-video-preview":"max-video-preview:-1"},"canonical":"https:\/\/dicodusport.fr\/blog\/wrc-monte-carlo-ogier-et-loeb-font-toujours-la-loi-apres-13-speciales\/","og_locale":"fr_FR","og_type":"article","og_title":"WRC Monte-Carlo : Ogier et Loeb font toujours la loi apr\u00e8s 13 sp\u00e9ciales","og_description":"WRC 2022 - Alors qu'Elfyn Evans est partie \u00e0 la faute, S\u00e9bastien Ogier (Toyota) termine la troisi\u00e8me journ\u00e9e du rallye Monte-Carlo en t\u00eate.","og_url":"https:\/\/dicodusport.fr\/blog\/wrc-monte-carlo-ogier-et-loeb-font-toujours-la-loi-apres-13-speciales\/","og_site_name":"Dicodusport","article_publisher":"https:\/\/www.facebook.com\/dicodusport","article_author":"https:\/\/www.facebook.com\/dicodusport","article_published_time":"2022-01-22T14:54:00+00:00","article_modified_time":"2022-01-22T15:53:23+00:00","og_image":[{"width":800,"height":445,"url":"https:\/\/dicodusport.fr\/blog\/wp-content\/uploads\/2022\/01\/WRC-Monte-Carlo-Ogier-et-Loeb-font-toujours-la-loi-apre\u0300s-13-spe\u0301ciales.png","type":"image\/png"}],"author":"Nicolas Jacquemard","twitter_card":"summary_large_image","twitter_title":"WRC Monte-Carlo : Ogier et Loeb font toujours la loi apr\u00e8s 13 sp\u00e9ciales","twitter_creator":"@https:\/\/twitter.com\/Nico_Jacquemard","twitter_site":"@dicodusport","schema":{"@context":"https:\/\/schema.org","@graph":[{"@type":"NewsArticle","@id":"https:\/\/dicodusport.fr\/blog\/wrc-monte-carlo-ogier-et-loeb-font-toujours-la-loi-apres-13-speciales\/#article","isPartOf":{"@id":"https:\/\/dicodusport.fr\/blog\/wrc-monte-carlo-ogier-et-loeb-font-toujours-la-loi-apres-13-speciales\/"},"author":{"name":"Nicolas Jacquemard","@id":"https:\/\/dicodusport.fr\/blog\/#\/schema\/person\/55dcb50ad410894e431ed812bbb70191"},"headline":"WRC Monte-Carlo : Ogier et Loeb font toujours la loi apr\u00e8s 13 sp\u00e9ciales","datePublished":"2022-01-22T14:54:00+00:00","dateModified":"2022-01-22T15:53:23+00:00","mainEntityOfPage":{"@id":"https:\/\/dicodusport.fr\/blog\/wrc-monte-carlo-ogier-et-loeb-font-toujours-la-loi-apres-13-speciales\/"},"wordCount":265,"commentCount":0,"publisher":{"@id":"https:\/\/dicodusport.fr\/blog\/#organization"},"image":{"@id":"https:\/\/dicodusport.fr\/blog\/wrc-monte-carlo-ogier-et-loeb-font-toujours-la-loi-apres-13-speciales\/#primaryimage"},"thumbnailUrl":"https:\/\/dicodusport.fr\/blog\/wp-content\/uploads\/2022\/01\/WRC-Monte-Carlo-Ogier-et-Loeb-font-toujours-la-loi-apre\u0300s-13-spe\u0301ciales.png","keywords":["Loeb","s\u00e9bastien loeb","S\u00e9bastien Ogier","WRC"],"articleSection":["Rallye WRC"],"inLanguage":"fr-FR","potentialAction":[{"@type":"CommentAction","name":"Comment","target":["https:\/\/dicodusport.fr\/blog\/wrc-monte-carlo-ogier-et-loeb-font-toujours-la-loi-apres-13-speciales\/#respond"]}],"copyrightYear":"2022","copyrightHolder":{"@id":"https:\/\/dicodusport.fr\/blog\/#organization"}},{"@type":"WebPage","@id":"https:\/\/dicodusport.fr\/blog\/wrc-monte-carlo-ogier-et-loeb-font-toujours-la-loi-apres-13-speciales\/","url":"https:\/\/dicodusport.fr\/blog\/wrc-monte-carlo-ogier-et-loeb-font-toujours-la-loi-apres-13-speciales\/","name":"WRC Monte-Carlo : Ogier et Loeb font toujours la loi apr\u00e8s 13 sp\u00e9ciales","isPartOf":{"@id":"https:\/\/dicodusport.fr\/blog\/#website"},"primaryImageOfPage":{"@id":"https:\/\/dicodusport.fr\/blog\/wrc-monte-carlo-ogier-et-loeb-font-toujours-la-loi-apres-13-speciales\/#primaryimage"},"image":{"@id":"https:\/\/dicodusport.fr\/blog\/wrc-monte-carlo-ogier-et-loeb-font-toujours-la-loi-apres-13-speciales\/#primaryimage"},"thumbnailUrl":"https:\/\/dicodusport.fr\/blog\/wp-content\/uploads\/2022\/01\/WRC-Monte-Carlo-Ogier-et-Loeb-font-toujours-la-loi-apre\u0300s-13-spe\u0301ciales.png","datePublished":"2022-01-22T14:54:00+00:00","dateModified":"2022-01-22T15:53:23+00:00","description":"WRC 2022 - Alors qu'Elfyn Evans est partie \u00e0 la faute, S\u00e9bastien Ogier (Toyota) termine la troisi\u00e8me journ\u00e9e du rallye Monte-Carlo en t\u00eate.","breadcrumb":{"@id":"https:\/\/dicodusport.fr\/blog\/wrc-monte-carlo-ogier-et-loeb-font-toujours-la-loi-apres-13-speciales\/#breadcrumb"},"inLanguage":"fr-FR","potentialAction":[{"@type":"ReadAction","target":["https:\/\/dicodusport.fr\/blog\/wrc-monte-carlo-ogier-et-loeb-font-toujours-la-loi-apres-13-speciales\/"]}]},{"@type":"ImageObject","inLanguage":"fr-FR","@id":"https:\/\/dicodusport.fr\/blog\/wrc-monte-carlo-ogier-et-loeb-font-toujours-la-loi-apres-13-speciales\/#primaryimage","url":"https:\/\/dicodusport.fr\/blog\/wp-content\/uploads\/2022\/01\/WRC-Monte-Carlo-Ogier-et-Loeb-font-toujours-la-loi-apre\u0300s-13-spe\u0301ciales.png","contentUrl":"https:\/\/dicodusport.fr\/blog\/wp-content\/uploads\/2022\/01\/WRC-Monte-Carlo-Ogier-et-Loeb-font-toujours-la-loi-apre\u0300s-13-spe\u0301ciales.png","width":800,"height":445},{"@type":"BreadcrumbList","@id":"https:\/\/dicodusport.fr\/blog\/wrc-monte-carlo-ogier-et-loeb-font-toujours-la-loi-apres-13-speciales\/#breadcrumb","itemListElement":[{"@type":"ListItem","position":1,"name":"Accueil","item":"https:\/\/dicodusport.fr\/blog\/"},{"@type":"ListItem","position":2,"name":"WRC Monte-Carlo : Ogier et Loeb font toujours la loi apr\u00e8s 13 sp\u00e9ciales"}]},{"@type":"WebSite","@id":"https:\/\/dicodusport.fr\/blog\/#website","url":"https:\/\/dicodusport.fr\/blog\/","name":"Dicodusport","description":"L&#039;encyclop\u00e9die de l&#039;actualit\u00e9 sportive","publisher":{"@id":"https:\/\/dicodusport.fr\/blog\/#organization"},"potentialAction":[{"@type":"SearchAction","target":{"@type":"EntryPoint","urlTemplate":"https:\/\/dicodusport.fr\/blog\/?s={search_term_string}"},"query-input":{"@type":"PropertyValueSpecification","valueRequired":true,"valueName":"search_term_string"}}],"inLanguage":"fr-FR"},{"@type":"NewsMediaOrganization","@id":"https:\/\/dicodusport.fr\/blog\/#organization","name":"Dicodusport","url":"https:\/\/dicodusport.fr\/blog\/","logo":{"@type":"ImageObject","inLanguage":"fr-FR","@id":"https:\/\/dicodusport.fr\/blog\/#\/schema\/logo\/image\/","url":"https:\/\/dicodusport.fr\/blog\/wp-content\/uploads\/2020\/06\/cropped-LOGO-DICODUSPORT-2020-SANS-FOND-SANS-TEXTE.png","contentUrl":"https:\/\/dicodusport.fr\/blog\/wp-content\/uploads\/2020\/06\/cropped-LOGO-DICODUSPORT-2020-SANS-FOND-SANS-TEXTE.png","width":512,"height":512,"caption":"Dicodusport"},"image":{"@id":"https:\/\/dicodusport.fr\/blog\/#\/schema\/logo\/image\/"},"sameAs":["https:\/\/www.facebook.com\/dicodusport","https:\/\/x.com\/dicodusport","https:\/\/www.instagram.com\/dicodusport\/","https:\/\/www.youtube.com\/channel\/UC7V2KZ5sd3htJivAbA4ZG3w"],"description":"Dicodusport est l'encyclop\u00e9die de l'actualit\u00e9 sportive.","email":"bonjour@dicodusport.fr","legalName":"DICODUSPORT","foundingDate":"2018-01-14","vatID":"FR71834470973","taxID":"83447097300043","numberOfEmployees":{"@type":"QuantitativeValue","minValue":"1","maxValue":"10"}},{"@type":"Person","@id":"https:\/\/dicodusport.fr\/blog\/#\/schema\/person\/55dcb50ad410894e431ed812bbb70191","name":"Nicolas Jacquemard","image":{"@type":"ImageObject","inLanguage":"fr-FR","@id":"https:\/\/dicodusport.fr\/blog\/#\/schema\/person\/image\/","url":"https:\/\/dicodusport.fr\/blog\/wp-content\/uploads\/2021\/05\/Nicolas-Jacquemard-150x150.jpeg","contentUrl":"https:\/\/dicodusport.fr\/blog\/wp-content\/uploads\/2021\/05\/Nicolas-Jacquemard-150x150.jpeg","caption":"Nicolas Jacquemard"},"description":"Passionn\u00e9 de sport et entrepreneur depuis mes 18 ans, la cr\u00e9ation de Dicodusport m'a sembl\u00e9 \u00e9vidente pour participer \u00e0 la m\u00e9diatisation d'un plus grand nombre de sports. Le chemin est long mais avec une \u00e9quipe des plus motiv\u00e9es et les Jeux Olympiques de Paris 2024 en point de mire, nous y arriverons ! Journaliste dans le monde du sport depuis plus de 5 ans, je traite aussi bien de football, de rugby, de biathlon que de cyclisme.","sameAs":["https:\/\/www.facebook.com\/dicodusport","https:\/\/x.com\/https:\/\/twitter.com\/Nico_Jacquemard"],"url":"https:\/\/dicodusport.fr\/blog\/author\/dicodusport\/"}]}},"_links":{"self":[{"href":"https:\/\/dicodusport.fr\/blog\/wp-json\/wp\/v2\/posts\/193408","targetHints":{"allow":["GET"]}}],"collection":[{"href":"https:\/\/dicodusport.fr\/blog\/wp-json\/wp\/v2\/posts"}],"about":[{"href":"https:\/\/dicodusport.fr\/blog\/wp-json\/wp\/v2\/types\/post"}],"author":[{"embeddable":true,"href":"https:\/\/dicodusport.fr\/blog\/wp-json\/wp\/v2\/users\/1"}],"replies":[{"embeddable":true,"href":"https:\/\/dicodusport.fr\/blog\/wp-json\/wp\/v2\/comments?post=193408"}],"version-history":[{"count":0,"href":"https:\/\/dicodusport.fr\/blog\/wp-json\/wp\/v2\/posts\/193408\/revisions"}],"wp:featuredmedia":[{"embeddable":true,"href":"https:\/\/dicodusport.fr\/blog\/wp-json\/wp\/v2\/media\/193412"}],"wp:attachment":[{"href":"https:\/\/dicodusport.fr\/blog\/wp-json\/wp\/v2\/media?parent=193408"}],"wp:term":[{"taxonomy":"category","embeddable":true,"href":"https:\/\/dicodusport.fr\/blog\/wp-json\/wp\/v2\/categories?post=193408"},{"taxonomy":"post_tag","embeddable":true,"href":"https:\/\/dicodusport.fr\/blog\/wp-json\/wp\/v2\/tags?post=193408"}],"curies":[{"name":"wp","href":"https:\/\/api.w.org\/{rel}","templated":true}]}}