{"id":193660,"date":"2022-01-23T14:12:27","date_gmt":"2022-01-23T13:12:27","guid":{"rendered":"https:\/\/dicodusport.fr\/blog\/?p=193660"},"modified":"2022-01-23T17:37:18","modified_gmt":"2022-01-23T16:37:18","slug":"mondiaux-handisport-ski-de-fond-daviet-chalencon-en-argent-sur-relais-open","status":"publish","type":"post","link":"https:\/\/dicodusport.fr\/blog\/mondiaux-handisport-ski-de-fond-daviet-chalencon-en-argent-sur-relais-open\/","title":{"rendered":"Mondiaux handisport de ski de fond : Daviet et Chalen\u00e7on en argent sur le relais open"},"content":{"rendered":"<p style=\"text-align: justify;\"><strong><em>CHAMPIONNATS DU MONDE DE SPORTS D&rsquo;HIVER &#8211; HANDISPORT &#8211; Vice-champion du monde et champion paralympique en titre, le relais fran\u00e7ais d\u00e9croche une nouvelle m\u00e9daille. Gr\u00e2ce \u00e0 Benjamin Daviet et Anthony Chalen\u00e7on, la France remporte la m\u00e9daille d&rsquo;argent.<\/em><\/strong><\/p>\n<h2 style=\"text-align: justify;\">Quatre \u00e0 la suite<\/h2>\n<p style=\"text-align: justify;\">Apr\u00e8s 2015, 2017 et 2019, le relais open fran\u00e7ais monte sur le podium des championnats du monde pour la quatri\u00e8me fois de suite. Si au premier abord la France para\u00eet d\u00e9savantag\u00e9e en n&rsquo;ayant que deux athl\u00e8tes \u00e9tant oblig\u00e9s de faire deux tours chacun, c&rsquo;est finalement la force de ceux-ci qui a fait la diff\u00e9rence. Premier\u00a0 partant, <strong>Benjamin Daviet<\/strong> a de suite fait un petit \u00e9cart en compagnie de la Bi\u00e9lorussie dans le premier tour. Au premier passage de relais \u00e0 <strong>Anthony Chalen\u00e7on<\/strong>, la France passait deuxi\u00e8me avec 12 secondes d&rsquo;avance sur ses principaux concurrents. Moins rapide puisque d\u00e9ficient visuel, Chalen\u00e7on est, entre autres, d\u00e9pass\u00e9 par les favoris russes, mais gardant quand m\u00eame le podium provisoire \u00e0 la troisi\u00e8me place.<\/p>\n<p style=\"text-align: justify;\">Parti avec 35 secondes de retard, Daviet a tout donn\u00e9 pour son deuxi\u00e8me et dernier tour. En feu sur les skis, il rattrape puis d\u00e9pose la Russie pour donner l&rsquo;ultime relais \u00e0 Chalen\u00e7on en t\u00eate avec 16 secondes d&rsquo;avance. Oui mais voil\u00e0, le dernier relayeur russe n&rsquo;est autre que <strong>Vladislav Lekomtsev<\/strong>, sextuple champion du monde \u00e0 Lillehammer. Bien plus rapide, il n&rsquo;aura eu aucun mal \u00e0 d\u00e9passer l&rsquo;\u00e9quipe de France pour d\u00e9crocher une 7\u00e8me m\u00e9daille d&rsquo;or. Si l&rsquo;or s&rsquo;est d\u00e9sormais envol\u00e9, l&rsquo;argent est cependant bien autour du cou de nos Fran\u00e7ais. La Norv\u00e8ge, troisi\u00e8me, pointe \u00e0 pr\u00e8s d&rsquo;une minute. Le classement \u00e0 l&rsquo;arriv\u00e9e ne changera pas, la Russie l&#8217;emporte devant les champions paralympiques fran\u00e7ais et les champions du monde en titre norv\u00e9giens. Les guides d&rsquo;<strong>Anthony Chalen\u00e7on<\/strong>, <strong>Alexandre Pouy\u00e9<\/strong> et <strong>Brice Ottonello<\/strong>, montent \u00e9galement sur la bo\u00eete.<\/p>\n<blockquote class=\"twitter-tweet\">\n<p dir=\"ltr\" lang=\"fr\">&#x1f970;&#x1f970;&#x1f970; <a href=\"https:\/\/twitter.com\/hashtag\/Paraskidefond?src=hash&amp;ref_src=twsrc%5Etfw\">#Paraskidefond<\/a> Fantastique performance de Benjamin Daviet et d&rsquo;Anthony Chalen\u00e7on, vice champions du monde du relais open \u00e0 Lillehammer ! &#x1f53d;<a href=\"https:\/\/t.co\/ErYnlQAJyX\">https:\/\/t.co\/ErYnlQAJyX<\/a><br \/>\n&#x1f4f8; Gilse Johnsen <a href=\"https:\/\/t.co\/t0JZ8Jz7ps\">pic.twitter.com\/t0JZ8Jz7ps<\/a><\/p>\n<p>\u2014 Nordic Magazine (@NordicMag) <a href=\"https:\/\/twitter.com\/NordicMag\/status\/1485213002639020037?ref_src=twsrc%5Etfw\">January 23, 2022<\/a><\/p><\/blockquote>\n<p><script async src=\"https:\/\/platform.twitter.com\/widgets.js\" charset=\"utf-8\"><\/script><\/p>\n","protected":false},"excerpt":{"rendered":"<p>CHAMPIONNATS DU MONDE DE SPORTS D&rsquo;HIVER &#8211; HANDISPORT &#8211; Vice-champion du monde et champion paralympique en titre, le relais fran\u00e7ais d\u00e9croche une nouvelle m\u00e9daille. Gr\u00e2ce \u00e0 Benjamin Daviet et Anthony Chalen\u00e7on, la France remporte la m\u00e9daille d&rsquo;argent.<\/p>\n","protected":false},"author":43,"featured_media":192703,"comment_status":"open","ping_status":"closed","sticky":false,"template":"","format":"standard","meta":{"_acf_changed":false,"_daextam_enable_autolinks":"","footnotes":""},"categories":[5753,9217],"tags":[4187,2958,1265,7128],"class_list":["post-193660","post","type-post","status-publish","format-standard","has-post-thumbnail","hentry","category-handisport","category-ski","tag-anthony-chalencon","tag-benjamin-daviet","tag-handisport","tag-mondiaux-ski-handisport"],"acf":[],"yoast_head":"<!-- This site is optimized with the Yoast SEO Premium plugin v26.7 (Yoast SEO v26.7) - https:\/\/yoast.com\/wordpress\/plugins\/seo\/ -->\n<title>Mondiaux handisport de ski de fond : Daviet et Chalen\u00e7on en argent sur le relais open<\/title>\n<meta name=\"description\" content=\"CHAMPIONNATS DU MONDE DE SPORTS D&#039;HIVER - HANDISPORT - Vice-champion du monde et champion paralympique en titre, le relais fran\u00e7ais d\u00e9croche une nouvelle m\u00e9daille.\" \/>\n<meta name=\"robots\" content=\"index, follow, max-snippet:-1, max-image-preview:large, max-video-preview:-1\" \/>\n<link rel=\"canonical\" href=\"https:\/\/dicodusport.fr\/blog\/mondiaux-handisport-ski-de-fond-daviet-chalencon-en-argent-sur-relais-open\/\" \/>\n<meta property=\"og:locale\" content=\"fr_FR\" \/>\n<meta property=\"og:type\" content=\"article\" \/>\n<meta property=\"og:title\" content=\"Mondiaux handisport de ski de fond : Daviet et Chalen\u00e7on en argent sur le relais open\" \/>\n<meta property=\"og:description\" content=\"CHAMPIONNATS DU MONDE DE SPORTS D&#039;HIVER - HANDISPORT - Vice-champion du monde et champion paralympique en titre, le relais fran\u00e7ais d\u00e9croche une nouvelle m\u00e9daille.\" \/>\n<meta property=\"og:url\" content=\"https:\/\/dicodusport.fr\/blog\/mondiaux-handisport-ski-de-fond-daviet-chalencon-en-argent-sur-relais-open\/\" \/>\n<meta property=\"og:site_name\" content=\"Dicodusport\" \/>\n<meta property=\"article:publisher\" content=\"https:\/\/www.facebook.com\/dicodusport\" \/>\n<meta property=\"article:author\" content=\"https:\/\/www.facebook.com\/Max.Bld2\/\" \/>\n<meta property=\"article:published_time\" content=\"2022-01-23T13:12:27+00:00\" \/>\n<meta property=\"article:modified_time\" content=\"2022-01-23T16:37:18+00:00\" \/>\n<meta property=\"og:image\" content=\"https:\/\/dicodusport.fr\/blog\/wp-content\/uploads\/2022\/01\/Mondiaux-handisport-de-biathlon-Benjamin-Daviet-en-bronze-sur-lindividuel.png\" \/>\n\t<meta property=\"og:image:width\" content=\"800\" \/>\n\t<meta property=\"og:image:height\" content=\"445\" \/>\n\t<meta property=\"og:image:type\" content=\"image\/png\" \/>\n<meta name=\"author\" content=\"Maxime Boulard\" \/>\n<meta name=\"twitter:card\" content=\"summary_large_image\" \/>\n<meta name=\"twitter:title\" content=\"Mondiaux handisport de ski de fond : Daviet et Chalen\u00e7on en argent sur le relais open\" \/>\n<meta name=\"twitter:creator\" content=\"@https:\/\/twitter.com\/MaximeB_2\" \/>\n<meta name=\"twitter:site\" content=\"@dicodusport\" \/>\n<script type=\"application\/ld+json\" class=\"yoast-schema-graph\">{\"@context\":\"https:\/\/schema.org\",\"@graph\":[{\"@type\":\"NewsArticle\",\"@id\":\"https:\/\/dicodusport.fr\/blog\/mondiaux-handisport-ski-de-fond-daviet-chalencon-en-argent-sur-relais-open\/#article\",\"isPartOf\":{\"@id\":\"https:\/\/dicodusport.fr\/blog\/mondiaux-handisport-ski-de-fond-daviet-chalencon-en-argent-sur-relais-open\/\"},\"author\":{\"name\":\"Maxime Boulard\",\"@id\":\"https:\/\/dicodusport.fr\/blog\/#\/schema\/person\/5aab10ee856e86ac63e9819a9da34784\"},\"headline\":\"Mondiaux handisport de ski de fond : Daviet et Chalen\u00e7on en argent sur le relais open\",\"datePublished\":\"2022-01-23T13:12:27+00:00\",\"dateModified\":\"2022-01-23T16:37:18+00:00\",\"mainEntityOfPage\":{\"@id\":\"https:\/\/dicodusport.fr\/blog\/mondiaux-handisport-ski-de-fond-daviet-chalencon-en-argent-sur-relais-open\/\"},\"wordCount\":403,\"commentCount\":0,\"publisher\":{\"@id\":\"https:\/\/dicodusport.fr\/blog\/#organization\"},\"image\":{\"@id\":\"https:\/\/dicodusport.fr\/blog\/mondiaux-handisport-ski-de-fond-daviet-chalencon-en-argent-sur-relais-open\/#primaryimage\"},\"thumbnailUrl\":\"https:\/\/dicodusport.fr\/blog\/wp-content\/uploads\/2022\/01\/Mondiaux-handisport-de-biathlon-Benjamin-Daviet-en-bronze-sur-lindividuel.png\",\"keywords\":[\"Anthony Chalen\u00e7on\",\"Benjamin Daviet\",\"handisport\",\"Mondiaux Ski handisport\"],\"articleSection\":[\"Handisport\",\"Ski\"],\"inLanguage\":\"fr-FR\",\"potentialAction\":[{\"@type\":\"CommentAction\",\"name\":\"Comment\",\"target\":[\"https:\/\/dicodusport.fr\/blog\/mondiaux-handisport-ski-de-fond-daviet-chalencon-en-argent-sur-relais-open\/#respond\"]}],\"copyrightYear\":\"2022\",\"copyrightHolder\":{\"@id\":\"https:\/\/dicodusport.fr\/blog\/#organization\"}},{\"@type\":\"WebPage\",\"@id\":\"https:\/\/dicodusport.fr\/blog\/mondiaux-handisport-ski-de-fond-daviet-chalencon-en-argent-sur-relais-open\/\",\"url\":\"https:\/\/dicodusport.fr\/blog\/mondiaux-handisport-ski-de-fond-daviet-chalencon-en-argent-sur-relais-open\/\",\"name\":\"Mondiaux handisport de ski de fond : Daviet et Chalen\u00e7on en argent sur le relais open\",\"isPartOf\":{\"@id\":\"https:\/\/dicodusport.fr\/blog\/#website\"},\"primaryImageOfPage\":{\"@id\":\"https:\/\/dicodusport.fr\/blog\/mondiaux-handisport-ski-de-fond-daviet-chalencon-en-argent-sur-relais-open\/#primaryimage\"},\"image\":{\"@id\":\"https:\/\/dicodusport.fr\/blog\/mondiaux-handisport-ski-de-fond-daviet-chalencon-en-argent-sur-relais-open\/#primaryimage\"},\"thumbnailUrl\":\"https:\/\/dicodusport.fr\/blog\/wp-content\/uploads\/2022\/01\/Mondiaux-handisport-de-biathlon-Benjamin-Daviet-en-bronze-sur-lindividuel.png\",\"datePublished\":\"2022-01-23T13:12:27+00:00\",\"dateModified\":\"2022-01-23T16:37:18+00:00\",\"description\":\"CHAMPIONNATS DU MONDE DE SPORTS D'HIVER - HANDISPORT - Vice-champion du monde et champion paralympique en titre, le relais fran\u00e7ais d\u00e9croche une nouvelle m\u00e9daille.\",\"breadcrumb\":{\"@id\":\"https:\/\/dicodusport.fr\/blog\/mondiaux-handisport-ski-de-fond-daviet-chalencon-en-argent-sur-relais-open\/#breadcrumb\"},\"inLanguage\":\"fr-FR\",\"potentialAction\":[{\"@type\":\"ReadAction\",\"target\":[\"https:\/\/dicodusport.fr\/blog\/mondiaux-handisport-ski-de-fond-daviet-chalencon-en-argent-sur-relais-open\/\"]}]},{\"@type\":\"ImageObject\",\"inLanguage\":\"fr-FR\",\"@id\":\"https:\/\/dicodusport.fr\/blog\/mondiaux-handisport-ski-de-fond-daviet-chalencon-en-argent-sur-relais-open\/#primaryimage\",\"url\":\"https:\/\/dicodusport.fr\/blog\/wp-content\/uploads\/2022\/01\/Mondiaux-handisport-de-biathlon-Benjamin-Daviet-en-bronze-sur-lindividuel.png\",\"contentUrl\":\"https:\/\/dicodusport.fr\/blog\/wp-content\/uploads\/2022\/01\/Mondiaux-handisport-de-biathlon-Benjamin-Daviet-en-bronze-sur-lindividuel.png\",\"width\":800,\"height\":445,\"caption\":\"Mondiaux handisport de biathlon Benjamin Daviet en bronze sur l'individuel\"},{\"@type\":\"BreadcrumbList\",\"@id\":\"https:\/\/dicodusport.fr\/blog\/mondiaux-handisport-ski-de-fond-daviet-chalencon-en-argent-sur-relais-open\/#breadcrumb\",\"itemListElement\":[{\"@type\":\"ListItem\",\"position\":1,\"name\":\"Accueil\",\"item\":\"https:\/\/dicodusport.fr\/blog\/\"},{\"@type\":\"ListItem\",\"position\":2,\"name\":\"Mondiaux handisport de ski de fond : Daviet et Chalen\u00e7on en argent sur le relais open\"}]},{\"@type\":\"WebSite\",\"@id\":\"https:\/\/dicodusport.fr\/blog\/#website\",\"url\":\"https:\/\/dicodusport.fr\/blog\/\",\"name\":\"Dicodusport\",\"description\":\"L&#039;encyclop\u00e9die de l&#039;actualit\u00e9 sportive\",\"publisher\":{\"@id\":\"https:\/\/dicodusport.fr\/blog\/#organization\"},\"potentialAction\":[{\"@type\":\"SearchAction\",\"target\":{\"@type\":\"EntryPoint\",\"urlTemplate\":\"https:\/\/dicodusport.fr\/blog\/?s={search_term_string}\"},\"query-input\":{\"@type\":\"PropertyValueSpecification\",\"valueRequired\":true,\"valueName\":\"search_term_string\"}}],\"inLanguage\":\"fr-FR\"},{\"@type\":\"NewsMediaOrganization\",\"@id\":\"https:\/\/dicodusport.fr\/blog\/#organization\",\"name\":\"Dicodusport\",\"url\":\"https:\/\/dicodusport.fr\/blog\/\",\"logo\":{\"@type\":\"ImageObject\",\"inLanguage\":\"fr-FR\",\"@id\":\"https:\/\/dicodusport.fr\/blog\/#\/schema\/logo\/image\/\",\"url\":\"https:\/\/dicodusport.fr\/blog\/wp-content\/uploads\/2020\/06\/cropped-LOGO-DICODUSPORT-2020-SANS-FOND-SANS-TEXTE.png\",\"contentUrl\":\"https:\/\/dicodusport.fr\/blog\/wp-content\/uploads\/2020\/06\/cropped-LOGO-DICODUSPORT-2020-SANS-FOND-SANS-TEXTE.png\",\"width\":512,\"height\":512,\"caption\":\"Dicodusport\"},\"image\":{\"@id\":\"https:\/\/dicodusport.fr\/blog\/#\/schema\/logo\/image\/\"},\"sameAs\":[\"https:\/\/www.facebook.com\/dicodusport\",\"https:\/\/x.com\/dicodusport\",\"https:\/\/www.instagram.com\/dicodusport\/\",\"https:\/\/www.youtube.com\/channel\/UC7V2KZ5sd3htJivAbA4ZG3w\"],\"description\":\"Dicodusport est l'encyclop\u00e9die de l'actualit\u00e9 sportive.\",\"email\":\"bonjour@dicodusport.fr\",\"legalName\":\"DICODUSPORT\",\"foundingDate\":\"2018-01-14\",\"vatID\":\"FR71834470973\",\"taxID\":\"83447097300043\",\"numberOfEmployees\":{\"@type\":\"QuantitativeValue\",\"minValue\":\"1\",\"maxValue\":\"10\"}},{\"@type\":\"Person\",\"@id\":\"https:\/\/dicodusport.fr\/blog\/#\/schema\/person\/5aab10ee856e86ac63e9819a9da34784\",\"name\":\"Maxime Boulard\",\"image\":{\"@type\":\"ImageObject\",\"inLanguage\":\"fr-FR\",\"@id\":\"https:\/\/dicodusport.fr\/blog\/#\/schema\/person\/image\/\",\"url\":\"https:\/\/dicodusport.fr\/blog\/wp-content\/uploads\/2021\/05\/Maxime-Boulard-150x150.jpg\",\"contentUrl\":\"https:\/\/dicodusport.fr\/blog\/wp-content\/uploads\/2021\/05\/Maxime-Boulard-150x150.jpg\",\"caption\":\"Maxime Boulard\"},\"description\":\"Journaliste\/r\u00e9dacteur depuis octobre 2020 - Si mon plus vieux souvenir de sport aurait pu m'en d\u00e9go\u00fbter, la finale de la Coupe du monde 2006 a \u00e9t\u00e9 tout le contraire. V\u00e9ritable d\u00e9clencheur d'une passion qui aujourd'hui ne fait que grandir avec le temps, mon leitmotiv est la France qui brille ! Je relate les exploits pass\u00e9s et pr\u00e9sents du sport bleu-blanc-rouge sans m\u00e9nagement depuis octobre 2020. Sport valide ou handisport, aucune diff\u00e9rence, il n'y a que du sport et plusieurs fa\u00e7ons de le pratiquer.\",\"sameAs\":[\"https:\/\/www.facebook.com\/Max.Bld2\/\",\"https:\/\/x.com\/https:\/\/twitter.com\/MaximeB_2\"],\"url\":\"https:\/\/dicodusport.fr\/blog\/author\/maxime-b\/\"}]}<\/script>\n<!-- \/ Yoast SEO Premium plugin. -->","yoast_head_json":{"title":"Mondiaux handisport de ski de fond : Daviet et Chalen\u00e7on en argent sur le relais open","description":"CHAMPIONNATS DU MONDE DE SPORTS D'HIVER - HANDISPORT - Vice-champion du monde et champion paralympique en titre, le relais fran\u00e7ais d\u00e9croche une nouvelle m\u00e9daille.","robots":{"index":"index","follow":"follow","max-snippet":"max-snippet:-1","max-image-preview":"max-image-preview:large","max-video-preview":"max-video-preview:-1"},"canonical":"https:\/\/dicodusport.fr\/blog\/mondiaux-handisport-ski-de-fond-daviet-chalencon-en-argent-sur-relais-open\/","og_locale":"fr_FR","og_type":"article","og_title":"Mondiaux handisport de ski de fond : Daviet et Chalen\u00e7on en argent sur le relais open","og_description":"CHAMPIONNATS DU MONDE DE SPORTS D'HIVER - HANDISPORT - Vice-champion du monde et champion paralympique en titre, le relais fran\u00e7ais d\u00e9croche une nouvelle m\u00e9daille.","og_url":"https:\/\/dicodusport.fr\/blog\/mondiaux-handisport-ski-de-fond-daviet-chalencon-en-argent-sur-relais-open\/","og_site_name":"Dicodusport","article_publisher":"https:\/\/www.facebook.com\/dicodusport","article_author":"https:\/\/www.facebook.com\/Max.Bld2\/","article_published_time":"2022-01-23T13:12:27+00:00","article_modified_time":"2022-01-23T16:37:18+00:00","og_image":[{"width":800,"height":445,"url":"https:\/\/dicodusport.fr\/blog\/wp-content\/uploads\/2022\/01\/Mondiaux-handisport-de-biathlon-Benjamin-Daviet-en-bronze-sur-lindividuel.png","type":"image\/png"}],"author":"Maxime Boulard","twitter_card":"summary_large_image","twitter_title":"Mondiaux handisport de ski de fond : Daviet et Chalen\u00e7on en argent sur le relais open","twitter_creator":"@https:\/\/twitter.com\/MaximeB_2","twitter_site":"@dicodusport","schema":{"@context":"https:\/\/schema.org","@graph":[{"@type":"NewsArticle","@id":"https:\/\/dicodusport.fr\/blog\/mondiaux-handisport-ski-de-fond-daviet-chalencon-en-argent-sur-relais-open\/#article","isPartOf":{"@id":"https:\/\/dicodusport.fr\/blog\/mondiaux-handisport-ski-de-fond-daviet-chalencon-en-argent-sur-relais-open\/"},"author":{"name":"Maxime Boulard","@id":"https:\/\/dicodusport.fr\/blog\/#\/schema\/person\/5aab10ee856e86ac63e9819a9da34784"},"headline":"Mondiaux handisport de ski de fond : Daviet et Chalen\u00e7on en argent sur le relais open","datePublished":"2022-01-23T13:12:27+00:00","dateModified":"2022-01-23T16:37:18+00:00","mainEntityOfPage":{"@id":"https:\/\/dicodusport.fr\/blog\/mondiaux-handisport-ski-de-fond-daviet-chalencon-en-argent-sur-relais-open\/"},"wordCount":403,"commentCount":0,"publisher":{"@id":"https:\/\/dicodusport.fr\/blog\/#organization"},"image":{"@id":"https:\/\/dicodusport.fr\/blog\/mondiaux-handisport-ski-de-fond-daviet-chalencon-en-argent-sur-relais-open\/#primaryimage"},"thumbnailUrl":"https:\/\/dicodusport.fr\/blog\/wp-content\/uploads\/2022\/01\/Mondiaux-handisport-de-biathlon-Benjamin-Daviet-en-bronze-sur-lindividuel.png","keywords":["Anthony Chalen\u00e7on","Benjamin Daviet","handisport","Mondiaux Ski handisport"],"articleSection":["Handisport","Ski"],"inLanguage":"fr-FR","potentialAction":[{"@type":"CommentAction","name":"Comment","target":["https:\/\/dicodusport.fr\/blog\/mondiaux-handisport-ski-de-fond-daviet-chalencon-en-argent-sur-relais-open\/#respond"]}],"copyrightYear":"2022","copyrightHolder":{"@id":"https:\/\/dicodusport.fr\/blog\/#organization"}},{"@type":"WebPage","@id":"https:\/\/dicodusport.fr\/blog\/mondiaux-handisport-ski-de-fond-daviet-chalencon-en-argent-sur-relais-open\/","url":"https:\/\/dicodusport.fr\/blog\/mondiaux-handisport-ski-de-fond-daviet-chalencon-en-argent-sur-relais-open\/","name":"Mondiaux handisport de ski de fond : Daviet et Chalen\u00e7on en argent sur le relais open","isPartOf":{"@id":"https:\/\/dicodusport.fr\/blog\/#website"},"primaryImageOfPage":{"@id":"https:\/\/dicodusport.fr\/blog\/mondiaux-handisport-ski-de-fond-daviet-chalencon-en-argent-sur-relais-open\/#primaryimage"},"image":{"@id":"https:\/\/dicodusport.fr\/blog\/mondiaux-handisport-ski-de-fond-daviet-chalencon-en-argent-sur-relais-open\/#primaryimage"},"thumbnailUrl":"https:\/\/dicodusport.fr\/blog\/wp-content\/uploads\/2022\/01\/Mondiaux-handisport-de-biathlon-Benjamin-Daviet-en-bronze-sur-lindividuel.png","datePublished":"2022-01-23T13:12:27+00:00","dateModified":"2022-01-23T16:37:18+00:00","description":"CHAMPIONNATS DU MONDE DE SPORTS D'HIVER - HANDISPORT - Vice-champion du monde et champion paralympique en titre, le relais fran\u00e7ais d\u00e9croche une nouvelle m\u00e9daille.","breadcrumb":{"@id":"https:\/\/dicodusport.fr\/blog\/mondiaux-handisport-ski-de-fond-daviet-chalencon-en-argent-sur-relais-open\/#breadcrumb"},"inLanguage":"fr-FR","potentialAction":[{"@type":"ReadAction","target":["https:\/\/dicodusport.fr\/blog\/mondiaux-handisport-ski-de-fond-daviet-chalencon-en-argent-sur-relais-open\/"]}]},{"@type":"ImageObject","inLanguage":"fr-FR","@id":"https:\/\/dicodusport.fr\/blog\/mondiaux-handisport-ski-de-fond-daviet-chalencon-en-argent-sur-relais-open\/#primaryimage","url":"https:\/\/dicodusport.fr\/blog\/wp-content\/uploads\/2022\/01\/Mondiaux-handisport-de-biathlon-Benjamin-Daviet-en-bronze-sur-lindividuel.png","contentUrl":"https:\/\/dicodusport.fr\/blog\/wp-content\/uploads\/2022\/01\/Mondiaux-handisport-de-biathlon-Benjamin-Daviet-en-bronze-sur-lindividuel.png","width":800,"height":445,"caption":"Mondiaux handisport de biathlon Benjamin Daviet en bronze sur l'individuel"},{"@type":"BreadcrumbList","@id":"https:\/\/dicodusport.fr\/blog\/mondiaux-handisport-ski-de-fond-daviet-chalencon-en-argent-sur-relais-open\/#breadcrumb","itemListElement":[{"@type":"ListItem","position":1,"name":"Accueil","item":"https:\/\/dicodusport.fr\/blog\/"},{"@type":"ListItem","position":2,"name":"Mondiaux handisport de ski de fond : Daviet et Chalen\u00e7on en argent sur le relais open"}]},{"@type":"WebSite","@id":"https:\/\/dicodusport.fr\/blog\/#website","url":"https:\/\/dicodusport.fr\/blog\/","name":"Dicodusport","description":"L&#039;encyclop\u00e9die de l&#039;actualit\u00e9 sportive","publisher":{"@id":"https:\/\/dicodusport.fr\/blog\/#organization"},"potentialAction":[{"@type":"SearchAction","target":{"@type":"EntryPoint","urlTemplate":"https:\/\/dicodusport.fr\/blog\/?s={search_term_string}"},"query-input":{"@type":"PropertyValueSpecification","valueRequired":true,"valueName":"search_term_string"}}],"inLanguage":"fr-FR"},{"@type":"NewsMediaOrganization","@id":"https:\/\/dicodusport.fr\/blog\/#organization","name":"Dicodusport","url":"https:\/\/dicodusport.fr\/blog\/","logo":{"@type":"ImageObject","inLanguage":"fr-FR","@id":"https:\/\/dicodusport.fr\/blog\/#\/schema\/logo\/image\/","url":"https:\/\/dicodusport.fr\/blog\/wp-content\/uploads\/2020\/06\/cropped-LOGO-DICODUSPORT-2020-SANS-FOND-SANS-TEXTE.png","contentUrl":"https:\/\/dicodusport.fr\/blog\/wp-content\/uploads\/2020\/06\/cropped-LOGO-DICODUSPORT-2020-SANS-FOND-SANS-TEXTE.png","width":512,"height":512,"caption":"Dicodusport"},"image":{"@id":"https:\/\/dicodusport.fr\/blog\/#\/schema\/logo\/image\/"},"sameAs":["https:\/\/www.facebook.com\/dicodusport","https:\/\/x.com\/dicodusport","https:\/\/www.instagram.com\/dicodusport\/","https:\/\/www.youtube.com\/channel\/UC7V2KZ5sd3htJivAbA4ZG3w"],"description":"Dicodusport est l'encyclop\u00e9die de l'actualit\u00e9 sportive.","email":"bonjour@dicodusport.fr","legalName":"DICODUSPORT","foundingDate":"2018-01-14","vatID":"FR71834470973","taxID":"83447097300043","numberOfEmployees":{"@type":"QuantitativeValue","minValue":"1","maxValue":"10"}},{"@type":"Person","@id":"https:\/\/dicodusport.fr\/blog\/#\/schema\/person\/5aab10ee856e86ac63e9819a9da34784","name":"Maxime Boulard","image":{"@type":"ImageObject","inLanguage":"fr-FR","@id":"https:\/\/dicodusport.fr\/blog\/#\/schema\/person\/image\/","url":"https:\/\/dicodusport.fr\/blog\/wp-content\/uploads\/2021\/05\/Maxime-Boulard-150x150.jpg","contentUrl":"https:\/\/dicodusport.fr\/blog\/wp-content\/uploads\/2021\/05\/Maxime-Boulard-150x150.jpg","caption":"Maxime Boulard"},"description":"Journaliste\/r\u00e9dacteur depuis octobre 2020 - Si mon plus vieux souvenir de sport aurait pu m'en d\u00e9go\u00fbter, la finale de la Coupe du monde 2006 a \u00e9t\u00e9 tout le contraire. V\u00e9ritable d\u00e9clencheur d'une passion qui aujourd'hui ne fait que grandir avec le temps, mon leitmotiv est la France qui brille ! Je relate les exploits pass\u00e9s et pr\u00e9sents du sport bleu-blanc-rouge sans m\u00e9nagement depuis octobre 2020. Sport valide ou handisport, aucune diff\u00e9rence, il n'y a que du sport et plusieurs fa\u00e7ons de le pratiquer.","sameAs":["https:\/\/www.facebook.com\/Max.Bld2\/","https:\/\/x.com\/https:\/\/twitter.com\/MaximeB_2"],"url":"https:\/\/dicodusport.fr\/blog\/author\/maxime-b\/"}]}},"_links":{"self":[{"href":"https:\/\/dicodusport.fr\/blog\/wp-json\/wp\/v2\/posts\/193660","targetHints":{"allow":["GET"]}}],"collection":[{"href":"https:\/\/dicodusport.fr\/blog\/wp-json\/wp\/v2\/posts"}],"about":[{"href":"https:\/\/dicodusport.fr\/blog\/wp-json\/wp\/v2\/types\/post"}],"author":[{"embeddable":true,"href":"https:\/\/dicodusport.fr\/blog\/wp-json\/wp\/v2\/users\/43"}],"replies":[{"embeddable":true,"href":"https:\/\/dicodusport.fr\/blog\/wp-json\/wp\/v2\/comments?post=193660"}],"version-history":[{"count":0,"href":"https:\/\/dicodusport.fr\/blog\/wp-json\/wp\/v2\/posts\/193660\/revisions"}],"wp:featuredmedia":[{"embeddable":true,"href":"https:\/\/dicodusport.fr\/blog\/wp-json\/wp\/v2\/media\/192703"}],"wp:attachment":[{"href":"https:\/\/dicodusport.fr\/blog\/wp-json\/wp\/v2\/media?parent=193660"}],"wp:term":[{"taxonomy":"category","embeddable":true,"href":"https:\/\/dicodusport.fr\/blog\/wp-json\/wp\/v2\/categories?post=193660"},{"taxonomy":"post_tag","embeddable":true,"href":"https:\/\/dicodusport.fr\/blog\/wp-json\/wp\/v2\/tags?post=193660"}],"curies":[{"name":"wp","href":"https:\/\/api.w.org\/{rel}","templated":true}]}}